{"id":19915,"date":"2026-04-21T14:02:11","date_gmt":"2026-04-21T12:02:11","guid":{"rendered":"https:\/\/riberasalud.com\/virgen-de-la-caridad\/?p=19915"},"modified":"2026-04-21T14:02:11","modified_gmt":"2026-04-21T12:02:11","slug":"cerca-de-100-profesionales-de-ribera-cartagena-participan-en-una-jornada-de-voluntariado-corporativo-medioambiental","status":"publish","type":"post","link":"https:\/\/riberasalud.com\/virgen-de-la-caridad\/noticias\/cerca-de-100-profesionales-de-ribera-cartagena-participan-en-una-jornada-de-voluntariado-corporativo-medioambiental\/","title":{"rendered":"Cerca de 100 profesionales de Ribera Cartagena participan en una jornada de voluntariado corporativo medioambiental"},"content":{"rendered":"<ul class=\"ul1\">\n<li class=\"li1\">La familia Ribera se pone en marcha con su proyecto Basuraleza, para cuidar Cartagena<\/li>\n<li class=\"li1\">La iniciativa, desarrollada junto al Ayuntamiento de Cartagena y la Infanter\u00eda de Marina, permiti\u00f3 retirar cerca de 500 litros de residuos en la subida al Fajardo<\/li>\n<\/ul>\n<p class=\"p1\">La familia <a href=\"https:\/\/www.riberasalud.com\/\"><span class=\"s1\">Ribera<\/span><\/a> celebr\u00f3 ayer su primera jornada conjunta de voluntariado corporativo dentro del proyecto Basuraleza, una iniciativa que une sostenibilidad, salud y compromiso con el entorno. Cerca de 100 personas entre profesionales del Grupo Ribera, familiares, amigos y colaboradores participaron en esta acci\u00f3n medioambiental desarrollada en la subida al Fajardo de Cartagena, uno de los espacios naturales e hist\u00f3ricos m\u00e1s representativos del municipio.<\/p>\n<p class=\"p1\">La actividad se llev\u00f3 a cabo en colaboraci\u00f3n con el Ayuntamiento de Cartagena y con personal de la Infanter\u00eda de Marina, bajo el mando del teniente coronel Daniel Castillejo, jefe de la prueba de la XV <a href=\"https:\/\/rutadelasfortalezas.es\/\"><span class=\"s2\">Ruta de las Fortalezas<\/span><\/a>. Su implicaci\u00f3n result\u00f3 especialmente significativa, ya que, tras coordinar el d\u00eda anterior una prueba con 6.300 participantes, se sumaron desde primera hora de la ma\u00f1ana a esta iniciativa de limpieza y concienciaci\u00f3n ambiental.<\/p>\n<p class=\"p1\">La convocatoria tuvo lugar a las 9:00 horas y, tras la llegada escalonada de los asistentes, la actividad comenz\u00f3 a las 9:30, destacando la puntualidad y alta implicaci\u00f3n de todos los participantes desde el inicio de la jornada.<\/p>\n<p class=\"p1\">El <a href=\"https:\/\/www.cartagena.es\/\"><span class=\"s2\">Ayuntamiento de Cartagena<\/span><\/a> facilit\u00f3 los contenedores necesarios para realizar una correcta separaci\u00f3n de residuos: uno de org\u00e1nico, uno de resto, uno azul para papel y cart\u00f3n y uno amarillo para envases.<\/p>\n<p class=\"p1\">Antes del inicio de la recogida, representantes municipales ofrecieron una breve charla informativa sobre la correcta segregaci\u00f3n de residuos y el uso adecuado de los distintos contenedores, reforzando as\u00ed el car\u00e1cter educativo de la jornada.<\/p>\n<p class=\"p1\">Durante esta explicaci\u00f3n tambi\u00e9n se avanz\u00f3 la pr\u00f3xima implantaci\u00f3n de contenedores org\u00e1nicos en Cartagena y se resolvieron dudas frecuentes, recordando que el contenedor amarillo est\u00e1 destinado exclusivamente a envases, el azul a papel y cart\u00f3n, el vidrio al igl\u00fa verde y el cristal al contenedor de resto.<\/p>\n<p class=\"p1\">Posteriormente, el teniente coronel Castillejo agradeci\u00f3 la colaboraci\u00f3n de los asistentes e incidi\u00f3 en la importancia de la concienciaci\u00f3n ambiental, recordando que lo m\u00e1s importante no es solo recoger residuos, sino evitar generarlos y abandonarlos en la naturaleza.<\/p>\n<p class=\"p1\">Durante la actividad se retiraron aproximadamente 500 litros de residuos, entre restos org\u00e1nicos, envases y otros materiales abandonados en la zona.<\/p>\n<p class=\"p1\">Aunque la cantidad recogida fue moderada debido al buen estado general del entorno y a la limpieza previa realizada por la Infanter\u00eda de Marina la noche anterior, desde la organizaci\u00f3n se destac\u00f3 que cualquier peque\u00f1a aportaci\u00f3n suma y resulta valiosa.<\/p>\n<p class=\"p1\">La jornada cont\u00f3 adem\u00e1s con una importante participaci\u00f3n familiar, especialmente de ni\u00f1os, que recibieron explicaciones adaptadas sobre reciclaje, biodiversidad y respeto por la naturaleza. Su entusiasmo convirti\u00f3 la acci\u00f3n en una experiencia especialmente enriquecedora, demostrando que la educaci\u00f3n ambiental desde edades tempranas es clave para construir h\u00e1bitos responsables en el futuro.<\/p>\n<p class=\"p1\">Esta primera edici\u00f3n de Basuraleza nace con vocaci\u00f3n de continuidad dentro del calendario de voluntariado corporativo del grupo. Desde Ribera se agradece la implicaci\u00f3n de todas las personas y entidades que han hecho posible esta acci\u00f3n, reafirmando as\u00ed su compromiso con la salud de las personas y tambi\u00e9n con la salud del planeta.<\/p>\n<p>Ver \u00e1lbum de fotos <a href=\"https:\/\/riberasalud.com\/virgen-de-la-caridad\/galeria-proyecto-basuraleza\/\">aqu\u00ed<\/a><\/p>\n","protected":false},"excerpt":{"rendered":"<p>La familia Ribera se pone en marcha con su proyecto Basuraleza, para cuidar Cartagena La iniciativa, desarrollada junto al Ayuntamiento de Cartagena y la Infanter\u00eda de Marina, permiti\u00f3 retirar cerca de 500 litros de residuos en la subida al Fajardo La familia Ribera celebr\u00f3 ayer su primera jornada conjunta de voluntariado corporativo dentro del proyecto [&hellip;]<\/p>\n","protected":false},"author":7,"featured_media":19942,"comment_status":"closed","ping_status":"closed","sticky":false,"template":"elementor_theme","format":"standard","meta":{"footnotes":""},"categories":[183],"tags":[],"yoast_head":"<!-- This site is optimized with the Yoast SEO plugin v22.1 - https:\/\/yoast.com\/wordpress\/plugins\/seo\/ -->\n<title>Cerca de 100 profesionales de Ribera Cartagena participan en una jornada de voluntariado corporativo medioambiental - CMVCaridad<\/title>\n<meta name=\"description\" content=\"La iniciativa, desarrollada junto al Ayuntamiento de Cartagena y la Infanter\u00eda de Marina, permiti\u00f3 retirar cerca de 500 litros de residuos en la subida al Fajardo\" \/>\n<meta name=\"robots\" content=\"index, follow, max-snippet:-1, max-image-preview:large, max-video-preview:-1\" \/>\n<link rel=\"canonical\" href=\"https:\/\/riberasalud.com\/virgen-de-la-caridad\/noticias\/cerca-de-100-profesionales-de-ribera-cartagena-participan-en-una-jornada-de-voluntariado-corporativo-medioambiental\/\" \/>\n<meta property=\"og:locale\" content=\"es_ES\" \/>\n<meta property=\"og:type\" content=\"article\" \/>\n<meta property=\"og:title\" content=\"Cerca de 100 profesionales de Ribera Cartagena participan en una jornada de voluntariado corporativo medioambiental - CMVCaridad\" \/>\n<meta property=\"og:description\" content=\"La iniciativa, desarrollada junto al Ayuntamiento de Cartagena y la Infanter\u00eda de Marina, permiti\u00f3 retirar cerca de 500 litros de residuos en la subida al Fajardo\" \/>\n<meta property=\"og:url\" content=\"https:\/\/riberasalud.com\/virgen-de-la-caridad\/noticias\/cerca-de-100-profesionales-de-ribera-cartagena-participan-en-una-jornada-de-voluntariado-corporativo-medioambiental\/\" \/>\n<meta property=\"og:site_name\" content=\"CMVCaridad\" \/>\n<meta property=\"article:publisher\" content=\"https:\/\/www.facebook.com\/cmvcaridad\" \/>\n<meta property=\"article:published_time\" content=\"2026-04-21T12:02:11+00:00\" \/>\n<meta property=\"og:image\" content=\"https:\/\/riberasalud.com\/virgen-de-la-caridad\/wp-content\/uploads\/Recogida-Basureleza-camino.jpeg\" \/>\n\t<meta property=\"og:image:width\" content=\"800\" \/>\n\t<meta property=\"og:image:height\" content=\"533\" \/>\n\t<meta property=\"og:image:type\" content=\"image\/jpeg\" \/>\n<meta name=\"author\" content=\"Mar\" \/>\n<meta name=\"twitter:card\" content=\"summary_large_image\" \/>\n<meta name=\"twitter:creator\" content=\"@cmvcaridad\" \/>\n<meta name=\"twitter:site\" content=\"@cmvcaridad\" \/>\n<meta name=\"twitter:label1\" content=\"Escrito por\" \/>\n\t<meta name=\"twitter:data1\" content=\"Mar\" \/>\n\t<meta name=\"twitter:label2\" content=\"Tiempo de lectura\" \/>\n\t<meta name=\"twitter:data2\" content=\"3 minutos\" \/>\n<script type=\"application\/ld+json\" class=\"yoast-schema-graph\">{\"@context\":\"https:\/\/schema.org\",\"@graph\":[{\"@type\":\"Article\",\"@id\":\"https:\/\/riberasalud.com\/virgen-de-la-caridad\/noticias\/cerca-de-100-profesionales-de-ribera-cartagena-participan-en-una-jornada-de-voluntariado-corporativo-medioambiental\/#article\",\"isPartOf\":{\"@id\":\"https:\/\/riberasalud.com\/virgen-de-la-caridad\/noticias\/cerca-de-100-profesionales-de-ribera-cartagena-participan-en-una-jornada-de-voluntariado-corporativo-medioambiental\/\"},\"author\":{\"name\":\"Mar\",\"@id\":\"https:\/\/riberasalud.com\/virgen-de-la-caridad\/#\/schema\/person\/a8a18514819193a92ab57443e7edcec1\"},\"headline\":\"Cerca de 100 profesionales de Ribera Cartagena participan en una jornada de voluntariado corporativo medioambiental\",\"datePublished\":\"2026-04-21T12:02:11+00:00\",\"dateModified\":\"2026-04-21T12:02:11+00:00\",\"mainEntityOfPage\":{\"@id\":\"https:\/\/riberasalud.com\/virgen-de-la-caridad\/noticias\/cerca-de-100-profesionales-de-ribera-cartagena-participan-en-una-jornada-de-voluntariado-corporativo-medioambiental\/\"},\"wordCount\":586,\"publisher\":{\"@id\":\"https:\/\/riberasalud.com\/virgen-de-la-caridad\/#organization\"},\"articleSection\":[\"Noticias Ribera\"],\"inLanguage\":\"es\"},{\"@type\":\"WebPage\",\"@id\":\"https:\/\/riberasalud.com\/virgen-de-la-caridad\/noticias\/cerca-de-100-profesionales-de-ribera-cartagena-participan-en-una-jornada-de-voluntariado-corporativo-medioambiental\/\",\"url\":\"https:\/\/riberasalud.com\/virgen-de-la-caridad\/noticias\/cerca-de-100-profesionales-de-ribera-cartagena-participan-en-una-jornada-de-voluntariado-corporativo-medioambiental\/\",\"name\":\"Cerca de 100 profesionales de Ribera Cartagena participan en una jornada de voluntariado corporativo medioambiental - CMVCaridad\",\"isPartOf\":{\"@id\":\"https:\/\/riberasalud.com\/virgen-de-la-caridad\/#website\"},\"datePublished\":\"2026-04-21T12:02:11+00:00\",\"dateModified\":\"2026-04-21T12:02:11+00:00\",\"description\":\"La iniciativa, desarrollada junto al Ayuntamiento de Cartagena y la Infanter\u00eda de Marina, permiti\u00f3 retirar cerca de 500 litros de residuos en la subida al Fajardo\",\"breadcrumb\":{\"@id\":\"https:\/\/riberasalud.com\/virgen-de-la-caridad\/noticias\/cerca-de-100-profesionales-de-ribera-cartagena-participan-en-una-jornada-de-voluntariado-corporativo-medioambiental\/#breadcrumb\"},\"inLanguage\":\"es\",\"potentialAction\":[{\"@type\":\"ReadAction\",\"target\":[\"https:\/\/riberasalud.com\/virgen-de-la-caridad\/noticias\/cerca-de-100-profesionales-de-ribera-cartagena-participan-en-una-jornada-de-voluntariado-corporativo-medioambiental\/\"]}]},{\"@type\":\"BreadcrumbList\",\"@id\":\"https:\/\/riberasalud.com\/virgen-de-la-caridad\/noticias\/cerca-de-100-profesionales-de-ribera-cartagena-participan-en-una-jornada-de-voluntariado-corporativo-medioambiental\/#breadcrumb\",\"itemListElement\":[{\"@type\":\"ListItem\",\"position\":1,\"name\":\"Inicio\",\"item\":\"https:\/\/riberasalud.com\/virgen-de-la-caridad\/\"},{\"@type\":\"ListItem\",\"position\":2,\"name\":\"Cerca de 100 profesionales de Ribera Cartagena participan en una jornada de voluntariado corporativo medioambiental\"}]},{\"@type\":\"WebSite\",\"@id\":\"https:\/\/riberasalud.com\/virgen-de-la-caridad\/#website\",\"url\":\"https:\/\/riberasalud.com\/virgen-de-la-caridad\/\",\"name\":\"CMVCaridad\",\"description\":\"Centro M\u00e9dico Virgen de la Caridad\",\"publisher\":{\"@id\":\"https:\/\/riberasalud.com\/virgen-de-la-caridad\/#organization\"},\"potentialAction\":[{\"@type\":\"SearchAction\",\"target\":{\"@type\":\"EntryPoint\",\"urlTemplate\":\"https:\/\/riberasalud.com\/virgen-de-la-caridad\/?s={search_term_string}\"},\"query-input\":\"required name=search_term_string\"}],\"inLanguage\":\"es\"},{\"@type\":\"Organization\",\"@id\":\"https:\/\/riberasalud.com\/virgen-de-la-caridad\/#organization\",\"name\":\"Centro M\u00e9dico Virgen de la Caridad\",\"url\":\"https:\/\/riberasalud.com\/virgen-de-la-caridad\/\",\"logo\":{\"@type\":\"ImageObject\",\"inLanguage\":\"es\",\"@id\":\"https:\/\/riberasalud.com\/virgen-de-la-caridad\/#\/schema\/logo\/image\/\",\"url\":\"https:\/\/www.riberasalud.com\/virgen-de-la-caridad\/wp-content\/uploads\/Logotipo.jpg\",\"contentUrl\":\"https:\/\/www.riberasalud.com\/virgen-de-la-caridad\/wp-content\/uploads\/Logotipo.jpg\",\"width\":1075,\"height\":830,\"caption\":\"Centro M\u00e9dico Virgen de la Caridad\"},\"image\":{\"@id\":\"https:\/\/riberasalud.com\/virgen-de-la-caridad\/#\/schema\/logo\/image\/\"},\"sameAs\":[\"https:\/\/www.facebook.com\/cmvcaridad\",\"https:\/\/twitter.com\/cmvcaridad\",\"https:\/\/www.instagram.com\/cmvcaridad\/\",\"https:\/\/www.linkedin.com\/in\/hospital-cmvcaridad-cartagena-26324a167\/\",\"https:\/\/www.youtube.com\/channel\/UCgs0wtljxjQU7dStwObgDiw\"]},{\"@type\":\"Person\",\"@id\":\"https:\/\/riberasalud.com\/virgen-de-la-caridad\/#\/schema\/person\/a8a18514819193a92ab57443e7edcec1\",\"name\":\"Mar\",\"image\":{\"@type\":\"ImageObject\",\"inLanguage\":\"es\",\"@id\":\"https:\/\/riberasalud.com\/virgen-de-la-caridad\/#\/schema\/person\/image\/\",\"url\":\"https:\/\/secure.gravatar.com\/avatar\/fa920c56185e5f0f99b9898bbad7ff09?s=96&d=mm&r=g\",\"contentUrl\":\"https:\/\/secure.gravatar.com\/avatar\/fa920c56185e5f0f99b9898bbad7ff09?s=96&d=mm&r=g\",\"caption\":\"Mar\"},\"url\":\"https:\/\/riberasalud.com\/virgen-de-la-caridad\/noticias\/author\/mar\/\"}]}<\/script>\n<!-- \/ Yoast SEO plugin. -->","yoast_head_json":{"title":"Cerca de 100 profesionales de Ribera Cartagena participan en una jornada de voluntariado corporativo medioambiental - CMVCaridad","description":"La iniciativa, desarrollada junto al Ayuntamiento de Cartagena y la Infanter\u00eda de Marina, permiti\u00f3 retirar cerca de 500 litros de residuos en la subida al Fajardo","robots":{"index":"index","follow":"follow","max-snippet":"max-snippet:-1","max-image-preview":"max-image-preview:large","max-video-preview":"max-video-preview:-1"},"canonical":"https:\/\/riberasalud.com\/virgen-de-la-caridad\/noticias\/cerca-de-100-profesionales-de-ribera-cartagena-participan-en-una-jornada-de-voluntariado-corporativo-medioambiental\/","og_locale":"es_ES","og_type":"article","og_title":"Cerca de 100 profesionales de Ribera Cartagena participan en una jornada de voluntariado corporativo medioambiental - CMVCaridad","og_description":"La iniciativa, desarrollada junto al Ayuntamiento de Cartagena y la Infanter\u00eda de Marina, permiti\u00f3 retirar cerca de 500 litros de residuos en la subida al Fajardo","og_url":"https:\/\/riberasalud.com\/virgen-de-la-caridad\/noticias\/cerca-de-100-profesionales-de-ribera-cartagena-participan-en-una-jornada-de-voluntariado-corporativo-medioambiental\/","og_site_name":"CMVCaridad","article_publisher":"https:\/\/www.facebook.com\/cmvcaridad","article_published_time":"2026-04-21T12:02:11+00:00","og_image":[{"width":800,"height":533,"url":"https:\/\/riberasalud.com\/virgen-de-la-caridad\/wp-content\/uploads\/Recogida-Basureleza-camino.jpeg","type":"image\/jpeg"}],"author":"Mar","twitter_card":"summary_large_image","twitter_creator":"@cmvcaridad","twitter_site":"@cmvcaridad","twitter_misc":{"Escrito por":"Mar","Tiempo de lectura":"3 minutos"},"schema":{"@context":"https:\/\/schema.org","@graph":[{"@type":"Article","@id":"https:\/\/riberasalud.com\/virgen-de-la-caridad\/noticias\/cerca-de-100-profesionales-de-ribera-cartagena-participan-en-una-jornada-de-voluntariado-corporativo-medioambiental\/#article","isPartOf":{"@id":"https:\/\/riberasalud.com\/virgen-de-la-caridad\/noticias\/cerca-de-100-profesionales-de-ribera-cartagena-participan-en-una-jornada-de-voluntariado-corporativo-medioambiental\/"},"author":{"name":"Mar","@id":"https:\/\/riberasalud.com\/virgen-de-la-caridad\/#\/schema\/person\/a8a18514819193a92ab57443e7edcec1"},"headline":"Cerca de 100 profesionales de Ribera Cartagena participan en una jornada de voluntariado corporativo medioambiental","datePublished":"2026-04-21T12:02:11+00:00","dateModified":"2026-04-21T12:02:11+00:00","mainEntityOfPage":{"@id":"https:\/\/riberasalud.com\/virgen-de-la-caridad\/noticias\/cerca-de-100-profesionales-de-ribera-cartagena-participan-en-una-jornada-de-voluntariado-corporativo-medioambiental\/"},"wordCount":586,"publisher":{"@id":"https:\/\/riberasalud.com\/virgen-de-la-caridad\/#organization"},"articleSection":["Noticias Ribera"],"inLanguage":"es"},{"@type":"WebPage","@id":"https:\/\/riberasalud.com\/virgen-de-la-caridad\/noticias\/cerca-de-100-profesionales-de-ribera-cartagena-participan-en-una-jornada-de-voluntariado-corporativo-medioambiental\/","url":"https:\/\/riberasalud.com\/virgen-de-la-caridad\/noticias\/cerca-de-100-profesionales-de-ribera-cartagena-participan-en-una-jornada-de-voluntariado-corporativo-medioambiental\/","name":"Cerca de 100 profesionales de Ribera Cartagena participan en una jornada de voluntariado corporativo medioambiental - CMVCaridad","isPartOf":{"@id":"https:\/\/riberasalud.com\/virgen-de-la-caridad\/#website"},"datePublished":"2026-04-21T12:02:11+00:00","dateModified":"2026-04-21T12:02:11+00:00","description":"La iniciativa, desarrollada junto al Ayuntamiento de Cartagena y la Infanter\u00eda de Marina, permiti\u00f3 retirar cerca de 500 litros de residuos en la subida al Fajardo","breadcrumb":{"@id":"https:\/\/riberasalud.com\/virgen-de-la-caridad\/noticias\/cerca-de-100-profesionales-de-ribera-cartagena-participan-en-una-jornada-de-voluntariado-corporativo-medioambiental\/#breadcrumb"},"inLanguage":"es","potentialAction":[{"@type":"ReadAction","target":["https:\/\/riberasalud.com\/virgen-de-la-caridad\/noticias\/cerca-de-100-profesionales-de-ribera-cartagena-participan-en-una-jornada-de-voluntariado-corporativo-medioambiental\/"]}]},{"@type":"BreadcrumbList","@id":"https:\/\/riberasalud.com\/virgen-de-la-caridad\/noticias\/cerca-de-100-profesionales-de-ribera-cartagena-participan-en-una-jornada-de-voluntariado-corporativo-medioambiental\/#breadcrumb","itemListElement":[{"@type":"ListItem","position":1,"name":"Inicio","item":"https:\/\/riberasalud.com\/virgen-de-la-caridad\/"},{"@type":"ListItem","position":2,"name":"Cerca de 100 profesionales de Ribera Cartagena participan en una jornada de voluntariado corporativo medioambiental"}]},{"@type":"WebSite","@id":"https:\/\/riberasalud.com\/virgen-de-la-caridad\/#website","url":"https:\/\/riberasalud.com\/virgen-de-la-caridad\/","name":"CMVCaridad","description":"Centro M\u00e9dico Virgen de la Caridad","publisher":{"@id":"https:\/\/riberasalud.com\/virgen-de-la-caridad\/#organization"},"potentialAction":[{"@type":"SearchAction","target":{"@type":"EntryPoint","urlTemplate":"https:\/\/riberasalud.com\/virgen-de-la-caridad\/?s={search_term_string}"},"query-input":"required name=search_term_string"}],"inLanguage":"es"},{"@type":"Organization","@id":"https:\/\/riberasalud.com\/virgen-de-la-caridad\/#organization","name":"Centro M\u00e9dico Virgen de la Caridad","url":"https:\/\/riberasalud.com\/virgen-de-la-caridad\/","logo":{"@type":"ImageObject","inLanguage":"es","@id":"https:\/\/riberasalud.com\/virgen-de-la-caridad\/#\/schema\/logo\/image\/","url":"https:\/\/www.riberasalud.com\/virgen-de-la-caridad\/wp-content\/uploads\/Logotipo.jpg","contentUrl":"https:\/\/www.riberasalud.com\/virgen-de-la-caridad\/wp-content\/uploads\/Logotipo.jpg","width":1075,"height":830,"caption":"Centro M\u00e9dico Virgen de la Caridad"},"image":{"@id":"https:\/\/riberasalud.com\/virgen-de-la-caridad\/#\/schema\/logo\/image\/"},"sameAs":["https:\/\/www.facebook.com\/cmvcaridad","https:\/\/twitter.com\/cmvcaridad","https:\/\/www.instagram.com\/cmvcaridad\/","https:\/\/www.linkedin.com\/in\/hospital-cmvcaridad-cartagena-26324a167\/","https:\/\/www.youtube.com\/channel\/UCgs0wtljxjQU7dStwObgDiw"]},{"@type":"Person","@id":"https:\/\/riberasalud.com\/virgen-de-la-caridad\/#\/schema\/person\/a8a18514819193a92ab57443e7edcec1","name":"Mar","image":{"@type":"ImageObject","inLanguage":"es","@id":"https:\/\/riberasalud.com\/virgen-de-la-caridad\/#\/schema\/person\/image\/","url":"https:\/\/secure.gravatar.com\/avatar\/fa920c56185e5f0f99b9898bbad7ff09?s=96&d=mm&r=g","contentUrl":"https:\/\/secure.gravatar.com\/avatar\/fa920c56185e5f0f99b9898bbad7ff09?s=96&d=mm&r=g","caption":"Mar"},"url":"https:\/\/riberasalud.com\/virgen-de-la-caridad\/noticias\/author\/mar\/"}]}},"_links":{"self":[{"href":"https:\/\/riberasalud.com\/virgen-de-la-caridad\/wp-json\/wp\/v2\/posts\/19915"}],"collection":[{"href":"https:\/\/riberasalud.com\/virgen-de-la-caridad\/wp-json\/wp\/v2\/posts"}],"about":[{"href":"https:\/\/riberasalud.com\/virgen-de-la-caridad\/wp-json\/wp\/v2\/types\/post"}],"author":[{"embeddable":true,"href":"https:\/\/riberasalud.com\/virgen-de-la-caridad\/wp-json\/wp\/v2\/users\/7"}],"replies":[{"embeddable":true,"href":"https:\/\/riberasalud.com\/virgen-de-la-caridad\/wp-json\/wp\/v2\/comments?post=19915"}],"version-history":[{"count":1,"href":"https:\/\/riberasalud.com\/virgen-de-la-caridad\/wp-json\/wp\/v2\/posts\/19915\/revisions"}],"predecessor-version":[{"id":19946,"href":"https:\/\/riberasalud.com\/virgen-de-la-caridad\/wp-json\/wp\/v2\/posts\/19915\/revisions\/19946"}],"wp:featuredmedia":[{"embeddable":true,"href":"https:\/\/riberasalud.com\/virgen-de-la-caridad\/wp-json\/wp\/v2\/media\/19942"}],"wp:attachment":[{"href":"https:\/\/riberasalud.com\/virgen-de-la-caridad\/wp-json\/wp\/v2\/media?parent=19915"}],"wp:term":[{"taxonomy":"category","embeddable":true,"href":"https:\/\/riberasalud.com\/virgen-de-la-caridad\/wp-json\/wp\/v2\/categories?post=19915"},{"taxonomy":"post_tag","embeddable":true,"href":"https:\/\/riberasalud.com\/virgen-de-la-caridad\/wp-json\/wp\/v2\/tags?post=19915"}],"curies":[{"name":"wp","href":"https:\/\/api.w.org\/{rel}","templated":true}]}}