{"id":11147,"date":"2022-05-13T14:04:15","date_gmt":"2022-05-13T12:04:15","guid":{"rendered":"https:\/\/www.riberasalud.com\/virgen-de-la-caridad\/?p=11147"},"modified":"2022-06-01T10:15:55","modified_gmt":"2022-06-01T08:15:55","slug":"grupo-cmvcaridad-abre-en-su-clinica-de-murcia-sus-nuevos-servicios-de-optometria-y-oftalmologia-infantil","status":"publish","type":"post","link":"https:\/\/riberasalud.com\/virgen-de-la-caridad\/noticias\/grupo-cmvcaridad-abre-en-su-clinica-de-murcia-sus-nuevos-servicios-de-optometria-y-oftalmologia-infantil\/","title":{"rendered":"Grupo CMVCaridad abre en su cl\u00ednica de Murcia sus nuevos servicios de Optometr\u00eda y Oftalmolog\u00eda Infantil"},"content":{"rendered":"<p>Grupo CMVCaridad | Nota de Prensa | Nuevos Servicios Oftalmol\u00f3gicos en Murcia<\/p>\n<p>&nbsp;<\/p>\n<p style=\"text-align: center;\"><strong>La Unidad de Visi\u00f3n Infantil incorpora nuevas tecnolog\u00edas como son los software de Terapia Visual y el \u2018Eye Tracker\u2019, un moderno sistema de monitorizaci\u00f3n de la mirada para detectar anomal\u00edas del movimiento ocular<\/strong><\/p>\n<p>&nbsp;<\/p>\n<p><strong>Murcia, 13 de mayo.- <\/strong>El Centro M\u00e9dico Virgen de la Caridad ha abierto en sus instalaciones de la ciudad de Murcia las nuevas unidades de Optometr\u00eda y Visi\u00f3n Binocular, adem\u00e1s de la Unidad de Visi\u00f3n Infantil para cubrir la demanda creciente de servicios especializados.\u00a0 Las nuevas unidades, que est\u00e1n ubicadas en el <a href=\"https:\/\/www.riberasalud.com\/virgen-de-la-caridad\/centro\/policlinico-cmvcaridad-murcia\/\">Centro Policl\u00ednico de la calle Olof Palme<\/a>, est\u00e1n pensadas para reforzar la atenci\u00f3n que ya prestan otros especialistas como el equipo de pediatras y los m\u00e9dicos de atenci\u00f3n primaria.<\/p>\n<p>La Unidad de Optometr\u00eda y Visi\u00f3n Binocular ofrece atenci\u00f3n en materia de graduaci\u00f3n de la vista, detecci\u00f3n y manejo de disfunciones visuales, as\u00ed como los servicios de Terapia Visual. Por su parte, la Unidad de Visi\u00f3n Infantil atender\u00e1 los problemas de visi\u00f3n en la infancia como el estrabismo, el ojo vago (ambliop\u00eda), el control de la miop\u00eda, y la patolog\u00eda ocular entre otros, tal y como han explicado Carlos Hern\u00e1ndez, optometrista, y la doctora Patricia Ferrer, especialista en oftalmolog\u00eda.<\/p>\n<p>&nbsp;<\/p>\n<figure id=\"attachment_11151\" aria-describedby=\"caption-attachment-11151\" style=\"width: 668px\" class=\"wp-caption aligncenter\"><img fetchpriority=\"high\" decoding=\"async\" class=\"wp-image-11151\" src=\"https:\/\/www.riberasalud.com\/virgen-de-la-caridad\/wp-content\/uploads\/DR.-Patricia-Ferrer-Oftalmologa-Carlos-Hernandez-optometrista-300x169.jpg\" alt=\"DR. Patricia Ferrer (Oftalm\u00f3loga) y Carlos Hern\u00e1ndez (Optometrista)\" width=\"668\" height=\"376\" srcset=\"https:\/\/riberasalud.com\/virgen-de-la-caridad\/wp-content\/uploads\/DR.-Patricia-Ferrer-Oftalmologa-Carlos-Hernandez-optometrista-300x169.jpg 300w, https:\/\/riberasalud.com\/virgen-de-la-caridad\/wp-content\/uploads\/DR.-Patricia-Ferrer-Oftalmologa-Carlos-Hernandez-optometrista-1024x576.jpg 1024w, https:\/\/riberasalud.com\/virgen-de-la-caridad\/wp-content\/uploads\/DR.-Patricia-Ferrer-Oftalmologa-Carlos-Hernandez-optometrista-768x432.jpg 768w, https:\/\/riberasalud.com\/virgen-de-la-caridad\/wp-content\/uploads\/DR.-Patricia-Ferrer-Oftalmologa-Carlos-Hernandez-optometrista-1536x864.jpg 1536w, https:\/\/riberasalud.com\/virgen-de-la-caridad\/wp-content\/uploads\/DR.-Patricia-Ferrer-Oftalmologa-Carlos-Hernandez-optometrista-150x85.jpg 150w, https:\/\/riberasalud.com\/virgen-de-la-caridad\/wp-content\/uploads\/DR.-Patricia-Ferrer-Oftalmologa-Carlos-Hernandez-optometrista.jpg 1920w, https:\/\/riberasalud.com\/virgen-de-la-caridad\/wp-content\/uploads\/DR.-Patricia-Ferrer-Oftalmologa-Carlos-Hernandez-optometrista-600x338.jpg 600w\" sizes=\"(max-width: 668px) 100vw, 668px\" \/><figcaption id=\"caption-attachment-11151\" class=\"wp-caption-text\">DR. Patricia Ferrer (Oftalm\u00f3loga) y Carlos Hern\u00e1ndez (Optometrista)<\/figcaption><\/figure>\n<p><strong>Eye Tracker y Terapia Visual<\/strong><\/p>\n<p>Los nuevos servicios de CMVCaridad ofrecen nuevas terapias y tecnolog\u00eda punta en la atenci\u00f3n de la salud visual. Desde la Policl\u00ednica de Murcia se pone a disposici\u00f3n del paciente prestaciones innovadoras en Terapia Visual, gracias a la utilizaci\u00f3n de software validados por la ciencia para la rehabilitaci\u00f3n de la visi\u00f3n a trav\u00e9s de videojuegos, lo que facilita el cumplimiento del tratamiento por parte de los ni\u00f1os.<\/p>\n<p>Adem\u00e1s, los servicios que se prestan en Murcia incluyen los nuevos sistemas \u2018Eye tracker\u2019, que permite la monitorizaci\u00f3n de la mirada de los pacientes durante tareas visuales para detectar anomal\u00edas en el movimiento de los ojos.<\/p>\n<p>Los responsables de estas unidades advierten del incremento de las disfunciones visuales como consecuencia de los nuevos h\u00e1bitos, vinculadas al uso intensivo de dispositivos electr\u00f3nicos y pantallas, especialmente entre los m\u00e1s j\u00f3venes. Un incremento de la incidencia que se ha intensificado en los \u00faltimos meses desde la situaci\u00f3n de confinamiento y limitaci\u00f3n de movimiento como consecuencia de la pandemia.<\/p>\n<p>Para Carlos Hern\u00e1ndez, los principales motivos de consulta en Murcia son la detecci\u00f3n y correcci\u00f3n de la miop\u00eda, hipermetrop\u00eda y astigmatismo. \u201cAdem\u00e1s, son comunes los s\u00edntomas asociados a problemas del rendimiento de la visi\u00f3n como son el dolor de cabeza, la visi\u00f3n borrosa o doble, la fatiga visual o las dificultades en la realizaci\u00f3n de tareas en visi\u00f3n pr\u00f3xima durante un tiempo prolongado\u201d, ha comentado.<\/p>\n<p>&nbsp;<\/p>\n<div class=\"mceTemp\"><\/div>\n<figure id=\"attachment_11153\" aria-describedby=\"caption-attachment-11153\" style=\"width: 668px\" class=\"wp-caption aligncenter\"><img decoding=\"async\" class=\"wp-image-11153\" src=\"https:\/\/www.riberasalud.com\/virgen-de-la-caridad\/wp-content\/uploads\/Terapia-Visual-1024x576.jpg\" alt=\"Disfunciones Binoculares y Terapia Visual \" width=\"668\" height=\"376\" srcset=\"https:\/\/riberasalud.com\/virgen-de-la-caridad\/wp-content\/uploads\/Terapia-Visual-1024x576.jpg 1024w, https:\/\/riberasalud.com\/virgen-de-la-caridad\/wp-content\/uploads\/Terapia-Visual-300x169.jpg 300w, https:\/\/riberasalud.com\/virgen-de-la-caridad\/wp-content\/uploads\/Terapia-Visual-768x432.jpg 768w, https:\/\/riberasalud.com\/virgen-de-la-caridad\/wp-content\/uploads\/Terapia-Visual-1536x864.jpg 1536w, https:\/\/riberasalud.com\/virgen-de-la-caridad\/wp-content\/uploads\/Terapia-Visual-150x85.jpg 150w, https:\/\/riberasalud.com\/virgen-de-la-caridad\/wp-content\/uploads\/Terapia-Visual.jpg 1920w, https:\/\/riberasalud.com\/virgen-de-la-caridad\/wp-content\/uploads\/Terapia-Visual-600x338.jpg 600w\" sizes=\"(max-width: 668px) 100vw, 668px\" \/><figcaption id=\"caption-attachment-11153\" class=\"wp-caption-text\">Disfunciones Binoculares y Terapia Visual<\/figcaption><\/figure>\n<p>Con la apertura de este nuevo servicio en Murcia, los pacientes tambi\u00e9n tendr\u00e1n acceso a los servicios de control de la miop\u00eda a trav\u00e9s de tratamientos oftalmol\u00f3gicos y optom\u00e9tricos; y a la atenci\u00f3n a problemas de ambliop\u00eda (ojo vago) y estrabismo, mediante los tratamientos m\u00e1s actuales, ha explicado la Dra. Patricia Ferrer.<\/p>\n<p>Hern\u00e1ndez y Ferrer han explicado que la ventaja del nuevo servicio que ofrece CMVCaridad parte del concepto de consulta conjunta entre optometr\u00eda y oftalmolog\u00eda.<\/p>\n<p>\u201cNuestros pacientes de la Unidad Infantil ser\u00e1n atendidos por ambos profesionales al mismo tiempo para poder llevar a cabo protocolos de actuaci\u00f3n conjuntos que engloban tanto los tratamientos optom\u00e9tricos como oftalmol\u00f3gicos. Adem\u00e1s de poder dedicarles el tiempo necesario a cada paciente para una mejor atenci\u00f3n\u201d, han a\u00f1adido.<\/p>\n<p>CMVCaridad ya dispone de los servicios de Optometr\u00eda y Visi\u00f3n Binocular, como de la Unidad de Visi\u00f3n Infantil en la <a href=\"https:\/\/www.riberasalud.com\/virgen-de-la-caridad\/centro\/clinica-oftalmologia-cmvcaridad-cartagena\/\">Cl\u00ednica Oftalmol\u00f3gica de Cartagena<\/a>, que ahora se incorpora en el policl\u00ednico de la ciudad de Murcia con el objetivo de ofrecer al conjunto de la Regi\u00f3n servicios especializados en salud visual en diferentes puntos territoriales. El centro de Murcia empieza a ofrecer los servicios de Optometr\u00eda y \u00a0oftalmolog\u00eda infantil, que se ir\u00e1n ampliando en un futuro.<\/p>\n<p><strong>#grupocmvcaridad #cmvcaridadmurcia #oftlamolog\u00eda #oftalmolog\u00edamurcia #terapiavisual #tratamientosoftalmologicos\u00a0<\/strong><\/p>\n","protected":false},"excerpt":{"rendered":"<p>Grupo CMVCaridad | Nota de Prensa | Nuevos Servicios Oftalmol\u00f3gicos en Murcia &nbsp; La Unidad de Visi\u00f3n Infantil incorpora nuevas tecnolog\u00edas como son los software de Terapia Visual y el \u2018Eye Tracker\u2019, un moderno sistema de monitorizaci\u00f3n de la mirada para detectar anomal\u00edas del movimiento ocular &nbsp; Murcia, 13 de mayo.- El Centro M\u00e9dico Virgen [&hellip;]<\/p>\n","protected":false},"author":4,"featured_media":11150,"comment_status":"closed","ping_status":"closed","sticky":false,"template":"elementor_theme","format":"standard","meta":{"footnotes":""},"categories":[25,40],"tags":[122,123,124],"yoast_head":"<!-- This site is optimized with the Yoast SEO plugin v22.1 - https:\/\/yoast.com\/wordpress\/plugins\/seo\/ -->\n<title>Grupo CMVCaridad abre en su cl\u00ednica de Murcia sus nuevos servicios<\/title>\n<meta name=\"description\" content=\"La Unidad de Visi\u00f3n Infantil suma nuevas tecnolog\u00edas como los software de Terapia Visual y el \u2018Eye Tracker\u2019, detecci\u00f3n de anomal\u00edas del movimiento ocular.\" \/>\n<meta name=\"robots\" content=\"index, follow, max-snippet:-1, max-image-preview:large, max-video-preview:-1\" \/>\n<link rel=\"canonical\" href=\"https:\/\/riberasalud.com\/virgen-de-la-caridad\/noticias\/grupo-cmvcaridad-abre-en-su-clinica-de-murcia-sus-nuevos-servicios-de-optometria-y-oftalmologia-infantil\/\" \/>\n<meta property=\"og:locale\" content=\"es_ES\" \/>\n<meta property=\"og:type\" content=\"article\" \/>\n<meta property=\"og:title\" content=\"Grupo CMVCaridad abre en su cl\u00ednica de Murcia sus nuevos servicios\" \/>\n<meta property=\"og:description\" content=\"La Unidad de Visi\u00f3n Infantil suma nuevas tecnolog\u00edas como los software de Terapia Visual y el \u2018Eye Tracker\u2019, detecci\u00f3n de anomal\u00edas del movimiento ocular.\" \/>\n<meta property=\"og:url\" content=\"https:\/\/riberasalud.com\/virgen-de-la-caridad\/noticias\/grupo-cmvcaridad-abre-en-su-clinica-de-murcia-sus-nuevos-servicios-de-optometria-y-oftalmologia-infantil\/\" \/>\n<meta property=\"og:site_name\" content=\"CMVCaridad\" \/>\n<meta property=\"article:publisher\" content=\"https:\/\/www.facebook.com\/cmvcaridad\" \/>\n<meta property=\"article:published_time\" content=\"2022-05-13T12:04:15+00:00\" \/>\n<meta property=\"article:modified_time\" content=\"2022-06-01T08:15:55+00:00\" \/>\n<meta property=\"og:image\" content=\"https:\/\/riberasalud.com\/virgen-de-la-caridad\/wp-content\/uploads\/Ojo-Vago.jpg\" \/>\n\t<meta property=\"og:image:width\" content=\"1920\" \/>\n\t<meta property=\"og:image:height\" content=\"1080\" \/>\n\t<meta property=\"og:image:type\" content=\"image\/jpeg\" \/>\n<meta name=\"author\" content=\"Marta\" \/>\n<meta name=\"twitter:card\" content=\"summary_large_image\" \/>\n<meta name=\"twitter:creator\" content=\"@cmvcaridad\" \/>\n<meta name=\"twitter:site\" content=\"@cmvcaridad\" \/>\n<meta name=\"twitter:label1\" content=\"Escrito por\" \/>\n\t<meta name=\"twitter:data1\" content=\"Marta\" \/>\n\t<meta name=\"twitter:label2\" content=\"Tiempo de lectura\" \/>\n\t<meta name=\"twitter:data2\" content=\"4 minutos\" \/>\n<script type=\"application\/ld+json\" class=\"yoast-schema-graph\">{\"@context\":\"https:\/\/schema.org\",\"@graph\":[{\"@type\":\"Article\",\"@id\":\"https:\/\/riberasalud.com\/virgen-de-la-caridad\/noticias\/grupo-cmvcaridad-abre-en-su-clinica-de-murcia-sus-nuevos-servicios-de-optometria-y-oftalmologia-infantil\/#article\",\"isPartOf\":{\"@id\":\"https:\/\/riberasalud.com\/virgen-de-la-caridad\/noticias\/grupo-cmvcaridad-abre-en-su-clinica-de-murcia-sus-nuevos-servicios-de-optometria-y-oftalmologia-infantil\/\"},\"author\":{\"name\":\"Marta\",\"@id\":\"https:\/\/riberasalud.com\/virgen-de-la-caridad\/#\/schema\/person\/42c6d6c1ada7a014b8d89691bd7467bc\"},\"headline\":\"Grupo CMVCaridad abre en su cl\u00ednica de Murcia sus nuevos servicios de Optometr\u00eda y Oftalmolog\u00eda Infantil\",\"datePublished\":\"2022-05-13T12:04:15+00:00\",\"dateModified\":\"2022-06-01T08:15:55+00:00\",\"mainEntityOfPage\":{\"@id\":\"https:\/\/riberasalud.com\/virgen-de-la-caridad\/noticias\/grupo-cmvcaridad-abre-en-su-clinica-de-murcia-sus-nuevos-servicios-de-optometria-y-oftalmologia-infantil\/\"},\"wordCount\":780,\"publisher\":{\"@id\":\"https:\/\/riberasalud.com\/virgen-de-la-caridad\/#organization\"},\"keywords\":[\"Nuevos Servicios\",\"Oftalmolog\u00eda Murcia\",\"Optometr\u00eda\"],\"articleSection\":[\"Noticias CMVC\",\"Salud\"],\"inLanguage\":\"es\"},{\"@type\":\"WebPage\",\"@id\":\"https:\/\/riberasalud.com\/virgen-de-la-caridad\/noticias\/grupo-cmvcaridad-abre-en-su-clinica-de-murcia-sus-nuevos-servicios-de-optometria-y-oftalmologia-infantil\/\",\"url\":\"https:\/\/riberasalud.com\/virgen-de-la-caridad\/noticias\/grupo-cmvcaridad-abre-en-su-clinica-de-murcia-sus-nuevos-servicios-de-optometria-y-oftalmologia-infantil\/\",\"name\":\"Grupo CMVCaridad abre en su cl\u00ednica de Murcia sus nuevos servicios\",\"isPartOf\":{\"@id\":\"https:\/\/riberasalud.com\/virgen-de-la-caridad\/#website\"},\"datePublished\":\"2022-05-13T12:04:15+00:00\",\"dateModified\":\"2022-06-01T08:15:55+00:00\",\"description\":\"La Unidad de Visi\u00f3n Infantil suma nuevas tecnolog\u00edas como los software de Terapia Visual y el \u2018Eye Tracker\u2019, detecci\u00f3n de anomal\u00edas del movimiento ocular.\",\"breadcrumb\":{\"@id\":\"https:\/\/riberasalud.com\/virgen-de-la-caridad\/noticias\/grupo-cmvcaridad-abre-en-su-clinica-de-murcia-sus-nuevos-servicios-de-optometria-y-oftalmologia-infantil\/#breadcrumb\"},\"inLanguage\":\"es\",\"potentialAction\":[{\"@type\":\"ReadAction\",\"target\":[\"https:\/\/riberasalud.com\/virgen-de-la-caridad\/noticias\/grupo-cmvcaridad-abre-en-su-clinica-de-murcia-sus-nuevos-servicios-de-optometria-y-oftalmologia-infantil\/\"]}]},{\"@type\":\"BreadcrumbList\",\"@id\":\"https:\/\/riberasalud.com\/virgen-de-la-caridad\/noticias\/grupo-cmvcaridad-abre-en-su-clinica-de-murcia-sus-nuevos-servicios-de-optometria-y-oftalmologia-infantil\/#breadcrumb\",\"itemListElement\":[{\"@type\":\"ListItem\",\"position\":1,\"name\":\"Inicio\",\"item\":\"https:\/\/riberasalud.com\/virgen-de-la-caridad\/\"},{\"@type\":\"ListItem\",\"position\":2,\"name\":\"Grupo CMVCaridad abre en su cl\u00ednica de Murcia sus nuevos servicios de Optometr\u00eda y Oftalmolog\u00eda Infantil\"}]},{\"@type\":\"WebSite\",\"@id\":\"https:\/\/riberasalud.com\/virgen-de-la-caridad\/#website\",\"url\":\"https:\/\/riberasalud.com\/virgen-de-la-caridad\/\",\"name\":\"CMVCaridad\",\"description\":\"Centro M\u00e9dico Virgen de la Caridad\",\"publisher\":{\"@id\":\"https:\/\/riberasalud.com\/virgen-de-la-caridad\/#organization\"},\"potentialAction\":[{\"@type\":\"SearchAction\",\"target\":{\"@type\":\"EntryPoint\",\"urlTemplate\":\"https:\/\/riberasalud.com\/virgen-de-la-caridad\/?s={search_term_string}\"},\"query-input\":\"required name=search_term_string\"}],\"inLanguage\":\"es\"},{\"@type\":\"Organization\",\"@id\":\"https:\/\/riberasalud.com\/virgen-de-la-caridad\/#organization\",\"name\":\"Centro M\u00e9dico Virgen de la Caridad\",\"url\":\"https:\/\/riberasalud.com\/virgen-de-la-caridad\/\",\"logo\":{\"@type\":\"ImageObject\",\"inLanguage\":\"es\",\"@id\":\"https:\/\/riberasalud.com\/virgen-de-la-caridad\/#\/schema\/logo\/image\/\",\"url\":\"https:\/\/www.riberasalud.com\/virgen-de-la-caridad\/wp-content\/uploads\/Logotipo.jpg\",\"contentUrl\":\"https:\/\/www.riberasalud.com\/virgen-de-la-caridad\/wp-content\/uploads\/Logotipo.jpg\",\"width\":1075,\"height\":830,\"caption\":\"Centro M\u00e9dico Virgen de la Caridad\"},\"image\":{\"@id\":\"https:\/\/riberasalud.com\/virgen-de-la-caridad\/#\/schema\/logo\/image\/\"},\"sameAs\":[\"https:\/\/www.facebook.com\/cmvcaridad\",\"https:\/\/twitter.com\/cmvcaridad\",\"https:\/\/www.instagram.com\/cmvcaridad\/\",\"https:\/\/www.linkedin.com\/in\/hospital-cmvcaridad-cartagena-26324a167\/\",\"https:\/\/www.youtube.com\/channel\/UCgs0wtljxjQU7dStwObgDiw\"]},{\"@type\":\"Person\",\"@id\":\"https:\/\/riberasalud.com\/virgen-de-la-caridad\/#\/schema\/person\/42c6d6c1ada7a014b8d89691bd7467bc\",\"name\":\"Marta\",\"image\":{\"@type\":\"ImageObject\",\"inLanguage\":\"es\",\"@id\":\"https:\/\/riberasalud.com\/virgen-de-la-caridad\/#\/schema\/person\/image\/\",\"url\":\"https:\/\/secure.gravatar.com\/avatar\/a966926b06540ef089eac82216abcdb9?s=96&d=mm&r=g\",\"contentUrl\":\"https:\/\/secure.gravatar.com\/avatar\/a966926b06540ef089eac82216abcdb9?s=96&d=mm&r=g\",\"caption\":\"Marta\"},\"url\":\"https:\/\/riberasalud.com\/virgen-de-la-caridad\/noticias\/author\/martacmvc\/\"}]}<\/script>\n<!-- \/ Yoast SEO plugin. -->","yoast_head_json":{"title":"Grupo CMVCaridad abre en su cl\u00ednica de Murcia sus nuevos servicios","description":"La Unidad de Visi\u00f3n Infantil suma nuevas tecnolog\u00edas como los software de Terapia Visual y el \u2018Eye Tracker\u2019, detecci\u00f3n de anomal\u00edas del movimiento ocular.","robots":{"index":"index","follow":"follow","max-snippet":"max-snippet:-1","max-image-preview":"max-image-preview:large","max-video-preview":"max-video-preview:-1"},"canonical":"https:\/\/riberasalud.com\/virgen-de-la-caridad\/noticias\/grupo-cmvcaridad-abre-en-su-clinica-de-murcia-sus-nuevos-servicios-de-optometria-y-oftalmologia-infantil\/","og_locale":"es_ES","og_type":"article","og_title":"Grupo CMVCaridad abre en su cl\u00ednica de Murcia sus nuevos servicios","og_description":"La Unidad de Visi\u00f3n Infantil suma nuevas tecnolog\u00edas como los software de Terapia Visual y el \u2018Eye Tracker\u2019, detecci\u00f3n de anomal\u00edas del movimiento ocular.","og_url":"https:\/\/riberasalud.com\/virgen-de-la-caridad\/noticias\/grupo-cmvcaridad-abre-en-su-clinica-de-murcia-sus-nuevos-servicios-de-optometria-y-oftalmologia-infantil\/","og_site_name":"CMVCaridad","article_publisher":"https:\/\/www.facebook.com\/cmvcaridad","article_published_time":"2022-05-13T12:04:15+00:00","article_modified_time":"2022-06-01T08:15:55+00:00","og_image":[{"width":1920,"height":1080,"url":"https:\/\/riberasalud.com\/virgen-de-la-caridad\/wp-content\/uploads\/Ojo-Vago.jpg","type":"image\/jpeg"}],"author":"Marta","twitter_card":"summary_large_image","twitter_creator":"@cmvcaridad","twitter_site":"@cmvcaridad","twitter_misc":{"Escrito por":"Marta","Tiempo de lectura":"4 minutos"},"schema":{"@context":"https:\/\/schema.org","@graph":[{"@type":"Article","@id":"https:\/\/riberasalud.com\/virgen-de-la-caridad\/noticias\/grupo-cmvcaridad-abre-en-su-clinica-de-murcia-sus-nuevos-servicios-de-optometria-y-oftalmologia-infantil\/#article","isPartOf":{"@id":"https:\/\/riberasalud.com\/virgen-de-la-caridad\/noticias\/grupo-cmvcaridad-abre-en-su-clinica-de-murcia-sus-nuevos-servicios-de-optometria-y-oftalmologia-infantil\/"},"author":{"name":"Marta","@id":"https:\/\/riberasalud.com\/virgen-de-la-caridad\/#\/schema\/person\/42c6d6c1ada7a014b8d89691bd7467bc"},"headline":"Grupo CMVCaridad abre en su cl\u00ednica de Murcia sus nuevos servicios de Optometr\u00eda y Oftalmolog\u00eda Infantil","datePublished":"2022-05-13T12:04:15+00:00","dateModified":"2022-06-01T08:15:55+00:00","mainEntityOfPage":{"@id":"https:\/\/riberasalud.com\/virgen-de-la-caridad\/noticias\/grupo-cmvcaridad-abre-en-su-clinica-de-murcia-sus-nuevos-servicios-de-optometria-y-oftalmologia-infantil\/"},"wordCount":780,"publisher":{"@id":"https:\/\/riberasalud.com\/virgen-de-la-caridad\/#organization"},"keywords":["Nuevos Servicios","Oftalmolog\u00eda Murcia","Optometr\u00eda"],"articleSection":["Noticias CMVC","Salud"],"inLanguage":"es"},{"@type":"WebPage","@id":"https:\/\/riberasalud.com\/virgen-de-la-caridad\/noticias\/grupo-cmvcaridad-abre-en-su-clinica-de-murcia-sus-nuevos-servicios-de-optometria-y-oftalmologia-infantil\/","url":"https:\/\/riberasalud.com\/virgen-de-la-caridad\/noticias\/grupo-cmvcaridad-abre-en-su-clinica-de-murcia-sus-nuevos-servicios-de-optometria-y-oftalmologia-infantil\/","name":"Grupo CMVCaridad abre en su cl\u00ednica de Murcia sus nuevos servicios","isPartOf":{"@id":"https:\/\/riberasalud.com\/virgen-de-la-caridad\/#website"},"datePublished":"2022-05-13T12:04:15+00:00","dateModified":"2022-06-01T08:15:55+00:00","description":"La Unidad de Visi\u00f3n Infantil suma nuevas tecnolog\u00edas como los software de Terapia Visual y el \u2018Eye Tracker\u2019, detecci\u00f3n de anomal\u00edas del movimiento ocular.","breadcrumb":{"@id":"https:\/\/riberasalud.com\/virgen-de-la-caridad\/noticias\/grupo-cmvcaridad-abre-en-su-clinica-de-murcia-sus-nuevos-servicios-de-optometria-y-oftalmologia-infantil\/#breadcrumb"},"inLanguage":"es","potentialAction":[{"@type":"ReadAction","target":["https:\/\/riberasalud.com\/virgen-de-la-caridad\/noticias\/grupo-cmvcaridad-abre-en-su-clinica-de-murcia-sus-nuevos-servicios-de-optometria-y-oftalmologia-infantil\/"]}]},{"@type":"BreadcrumbList","@id":"https:\/\/riberasalud.com\/virgen-de-la-caridad\/noticias\/grupo-cmvcaridad-abre-en-su-clinica-de-murcia-sus-nuevos-servicios-de-optometria-y-oftalmologia-infantil\/#breadcrumb","itemListElement":[{"@type":"ListItem","position":1,"name":"Inicio","item":"https:\/\/riberasalud.com\/virgen-de-la-caridad\/"},{"@type":"ListItem","position":2,"name":"Grupo CMVCaridad abre en su cl\u00ednica de Murcia sus nuevos servicios de Optometr\u00eda y Oftalmolog\u00eda Infantil"}]},{"@type":"WebSite","@id":"https:\/\/riberasalud.com\/virgen-de-la-caridad\/#website","url":"https:\/\/riberasalud.com\/virgen-de-la-caridad\/","name":"CMVCaridad","description":"Centro M\u00e9dico Virgen de la Caridad","publisher":{"@id":"https:\/\/riberasalud.com\/virgen-de-la-caridad\/#organization"},"potentialAction":[{"@type":"SearchAction","target":{"@type":"EntryPoint","urlTemplate":"https:\/\/riberasalud.com\/virgen-de-la-caridad\/?s={search_term_string}"},"query-input":"required name=search_term_string"}],"inLanguage":"es"},{"@type":"Organization","@id":"https:\/\/riberasalud.com\/virgen-de-la-caridad\/#organization","name":"Centro M\u00e9dico Virgen de la Caridad","url":"https:\/\/riberasalud.com\/virgen-de-la-caridad\/","logo":{"@type":"ImageObject","inLanguage":"es","@id":"https:\/\/riberasalud.com\/virgen-de-la-caridad\/#\/schema\/logo\/image\/","url":"https:\/\/www.riberasalud.com\/virgen-de-la-caridad\/wp-content\/uploads\/Logotipo.jpg","contentUrl":"https:\/\/www.riberasalud.com\/virgen-de-la-caridad\/wp-content\/uploads\/Logotipo.jpg","width":1075,"height":830,"caption":"Centro M\u00e9dico Virgen de la Caridad"},"image":{"@id":"https:\/\/riberasalud.com\/virgen-de-la-caridad\/#\/schema\/logo\/image\/"},"sameAs":["https:\/\/www.facebook.com\/cmvcaridad","https:\/\/twitter.com\/cmvcaridad","https:\/\/www.instagram.com\/cmvcaridad\/","https:\/\/www.linkedin.com\/in\/hospital-cmvcaridad-cartagena-26324a167\/","https:\/\/www.youtube.com\/channel\/UCgs0wtljxjQU7dStwObgDiw"]},{"@type":"Person","@id":"https:\/\/riberasalud.com\/virgen-de-la-caridad\/#\/schema\/person\/42c6d6c1ada7a014b8d89691bd7467bc","name":"Marta","image":{"@type":"ImageObject","inLanguage":"es","@id":"https:\/\/riberasalud.com\/virgen-de-la-caridad\/#\/schema\/person\/image\/","url":"https:\/\/secure.gravatar.com\/avatar\/a966926b06540ef089eac82216abcdb9?s=96&d=mm&r=g","contentUrl":"https:\/\/secure.gravatar.com\/avatar\/a966926b06540ef089eac82216abcdb9?s=96&d=mm&r=g","caption":"Marta"},"url":"https:\/\/riberasalud.com\/virgen-de-la-caridad\/noticias\/author\/martacmvc\/"}]}},"_links":{"self":[{"href":"https:\/\/riberasalud.com\/virgen-de-la-caridad\/wp-json\/wp\/v2\/posts\/11147"}],"collection":[{"href":"https:\/\/riberasalud.com\/virgen-de-la-caridad\/wp-json\/wp\/v2\/posts"}],"about":[{"href":"https:\/\/riberasalud.com\/virgen-de-la-caridad\/wp-json\/wp\/v2\/types\/post"}],"author":[{"embeddable":true,"href":"https:\/\/riberasalud.com\/virgen-de-la-caridad\/wp-json\/wp\/v2\/users\/4"}],"replies":[{"embeddable":true,"href":"https:\/\/riberasalud.com\/virgen-de-la-caridad\/wp-json\/wp\/v2\/comments?post=11147"}],"version-history":[{"count":8,"href":"https:\/\/riberasalud.com\/virgen-de-la-caridad\/wp-json\/wp\/v2\/posts\/11147\/revisions"}],"predecessor-version":[{"id":11213,"href":"https:\/\/riberasalud.com\/virgen-de-la-caridad\/wp-json\/wp\/v2\/posts\/11147\/revisions\/11213"}],"wp:featuredmedia":[{"embeddable":true,"href":"https:\/\/riberasalud.com\/virgen-de-la-caridad\/wp-json\/wp\/v2\/media\/11150"}],"wp:attachment":[{"href":"https:\/\/riberasalud.com\/virgen-de-la-caridad\/wp-json\/wp\/v2\/media?parent=11147"}],"wp:term":[{"taxonomy":"category","embeddable":true,"href":"https:\/\/riberasalud.com\/virgen-de-la-caridad\/wp-json\/wp\/v2\/categories?post=11147"},{"taxonomy":"post_tag","embeddable":true,"href":"https:\/\/riberasalud.com\/virgen-de-la-caridad\/wp-json\/wp\/v2\/tags?post=11147"}],"curies":[{"name":"wp","href":"https:\/\/api.w.org\/{rel}","templated":true}]}}