{"id":915,"date":"2022-05-06T09:45:07","date_gmt":"2022-05-06T09:45:07","guid":{"rendered":"https:\/\/riberasalud.com\/santa-justa\/?p=915"},"modified":"2022-05-06T09:45:08","modified_gmt":"2022-05-06T09:45:08","slug":"los-hombres-con-antecedentes-familiares-de-cancer-de-prostata-deben-hacerse-chequeos-anuales-desde-los-40","status":"publish","type":"post","link":"https:\/\/riberasalud.com\/santa-justa\/2022\/05\/06\/los-hombres-con-antecedentes-familiares-de-cancer-de-prostata-deben-hacerse-chequeos-anuales-desde-los-40\/","title":{"rendered":"\u201cLos hombres con antecedentes familiares de c\u00e1ncer de pr\u00f3stata deben hacerse chequeos anuales desde los 40\u201d"},"content":{"rendered":"\n<ul class=\"wp-block-list\"><li>El ur\u00f3logo del hospital Ribera Santa Justa, el doctor Julio Fern\u00e1ndez del \u00c1lamo, explica que, aunque la mayor\u00eda de los diagn\u00f3sticos no son hereditarios, un familiar de primer grado con esta enfermedad aumenta de 2 a 3 veces el riesgo de padecerla<\/li><li>Es el c\u00e1ncer m\u00e1s frecuente en el var\u00f3n, pero el tercero en mortalidad, generalmente por la detecci\u00f3n precoz.&nbsp;En m\u00e1s del 80% de los casos se diagnostica en fases iniciales y por tanto potencialmente curables<\/li><\/ul>\n\n\n\n<p>El ur\u00f3logo del&nbsp;<a href=\"https:\/\/riberasalud.com\/santa-justa\/\">Hospital Ribera Santa Justa<\/a>, el doctor Julio Fern\u00e1ndez del \u00c1lamo, recomienda que los hombres con antecedentes familiares de c\u00e1ncer de pr\u00f3stata se hagan un chequeo anual a partir de los 40. \u201cLa mayor parte de los c\u00e1nceres de pr\u00f3stata diagnosticados no son hereditarios, pero si un paciente tiene antecedentes familiares de primer grado con c\u00e1ncer de pr\u00f3stata tiene un riesgo de 2 a 3 veces mayor que la poblaci\u00f3n general de padecer la misma enfermedad\u201d, explica.<\/p>\n\n\n\n<p>La pr\u00f3stata es una gl\u00e1ndula que se sit\u00faa debajo de la vejiga de los hombres y rodea la uretra. Aporta componentes al l\u00edquido seminal y est\u00e1 demostrado que, a medida que los varones cumplen a\u00f1os, puede ser el origen de problemas que van desde una prostatitis (inflamaci\u00f3n de la pr\u00f3stata) producida generalmente por una infecci\u00f3n bacteriana, hasta un c\u00e1ncer de pr\u00f3stata. Por eso, sin antecedentes familiares de c\u00e1ncer de pr\u00f3stata ni problemas en la micci\u00f3n, la edad recomendada para iniciar las revisiones anuales es 50 a\u00f1os. \u201cLa mejor forma de prevenir complicaciones derivadas de un crecimiento benigno o un c\u00e1ncer de pr\u00f3stata es la detecci\u00f3n precoz\u201d, asegura el doctor Fern\u00e1ndez del \u00c1lamo.&nbsp;<\/p>\n\n\n\n<p>Adem\u00e1s, para una buena salud genitourinaria, recomienda una dieta saludable, evitar el sobrepeso, las grasas, el alcohol y el exceso de prote\u00ednas animales, realizar ejercicio f\u00edsico, no fumar y una buena hidrataci\u00f3n.<\/p>\n\n\n\n<p>El hospital Ribera Santa Justa, gestionado por el&nbsp;<a href=\"https:\/\/www.riberasalud.com\/\">grupo sanitario Ribera<\/a>, cuenta con una consulta de Urolog\u00eda, que dirige el doctor Fern\u00e1ndez del \u00c1lamo, y que est\u00e1 especializada en la detecci\u00f3n precoz de las patolog\u00edas asociadas a la pr\u00f3stata, como la prostatitis, la hiperplasia benigna de pr\u00f3stata o el c\u00e1ncer de pr\u00f3stata, pero tambi\u00e9n en cualquier problema del aparato urinario, tanto en hombres como en mujeres.<\/p>\n","protected":false},"excerpt":{"rendered":"<p>El ur\u00f3logo del hospital Ribera Santa Justa, el doctor Julio Fern\u00e1ndez del \u00c1lamo, explica que, aunque la mayor\u00eda de los diagn\u00f3sticos no son hereditarios, un familiar de primer grado con esta enfermedad aumenta de 2 a 3 veces el riesgo de padecerla Es el c\u00e1ncer m\u00e1s frecuente en el var\u00f3n, pero el tercero en mortalidad, &#8230; <a title=\"\u201cLos hombres con antecedentes familiares de c\u00e1ncer de pr\u00f3stata deben hacerse chequeos anuales desde los 40\u201d\" class=\"read-more\" href=\"https:\/\/riberasalud.com\/santa-justa\/2022\/05\/06\/los-hombres-con-antecedentes-familiares-de-cancer-de-prostata-deben-hacerse-chequeos-anuales-desde-los-40\/\" aria-label=\"Leer m\u00e1s sobre \u201cLos hombres con antecedentes familiares de c\u00e1ncer de pr\u00f3stata deben hacerse chequeos anuales desde los 40\u201d\">Leer m\u00e1s<\/a><\/p>\n","protected":false},"author":2,"featured_media":916,"comment_status":"closed","ping_status":"open","sticky":false,"template":"","format":"standard","meta":{"_coblocks_attr":"","_coblocks_dimensions":"","_coblocks_responsive_height":"","_coblocks_accordion_ie_support":"","_uag_custom_page_level_css":"","advgb_blocks_editor_width":"","advgb_blocks_columns_visual_guide":"","_monsterinsights_skip_tracking":false,"_monsterinsights_sitenote_active":false,"_monsterinsights_sitenote_note":"","_monsterinsights_sitenote_category":0,"footnotes":""},"categories":[3],"tags":[60,63,62,61],"class_list":["post-915","post","type-post","status-publish","format-standard","has-post-thumbnail","hentry","category-santa-justa","tag-cancer","tag-deteccion","tag-enfermedad","tag-prostata"],"featured_image_urls_v2":{"full":["https:\/\/riberasalud.com\/santa-justa\/wp-content\/uploads\/2022\/05\/Dr-Julio-Fdez-del-A\u0301lamo-uro\u0301logo-en-Ribera-Santa-Justa.jpg",800,533,false],"thumbnail":["https:\/\/riberasalud.com\/santa-justa\/wp-content\/uploads\/2022\/05\/Dr-Julio-Fdez-del-A\u0301lamo-uro\u0301logo-en-Ribera-Santa-Justa-150x150.jpg",150,150,true],"medium":["https:\/\/riberasalud.com\/santa-justa\/wp-content\/uploads\/2022\/05\/Dr-Julio-Fdez-del-A\u0301lamo-uro\u0301logo-en-Ribera-Santa-Justa-300x200.jpg",300,200,true],"medium_large":["https:\/\/riberasalud.com\/santa-justa\/wp-content\/uploads\/2022\/05\/Dr-Julio-Fdez-del-A\u0301lamo-uro\u0301logo-en-Ribera-Santa-Justa-768x512.jpg",768,512,true],"large":["https:\/\/riberasalud.com\/santa-justa\/wp-content\/uploads\/2022\/05\/Dr-Julio-Fdez-del-A\u0301lamo-uro\u0301logo-en-Ribera-Santa-Justa.jpg",800,533,false],"xl":["https:\/\/riberasalud.com\/santa-justa\/wp-content\/uploads\/2022\/05\/Dr-Julio-Fdez-del-A\u0301lamo-uro\u0301logo-en-Ribera-Santa-Justa.jpg",800,533,false],"xxl":["https:\/\/riberasalud.com\/santa-justa\/wp-content\/uploads\/2022\/05\/Dr-Julio-Fdez-del-A\u0301lamo-uro\u0301logo-en-Ribera-Santa-Justa.jpg",800,533,false],"xxxl":["https:\/\/riberasalud.com\/santa-justa\/wp-content\/uploads\/2022\/05\/Dr-Julio-Fdez-del-A\u0301lamo-uro\u0301logo-en-Ribera-Santa-Justa.jpg",800,533,false],"xxxxl":["https:\/\/riberasalud.com\/santa-justa\/wp-content\/uploads\/2022\/05\/Dr-Julio-Fdez-del-A\u0301lamo-uro\u0301logo-en-Ribera-Santa-Justa.jpg",800,533,false],"xxxxxl":["https:\/\/riberasalud.com\/santa-justa\/wp-content\/uploads\/2022\/05\/Dr-Julio-Fdez-del-A\u0301lamo-uro\u0301logo-en-Ribera-Santa-Justa.jpg",800,533,false],"1536x1536":["https:\/\/riberasalud.com\/santa-justa\/wp-content\/uploads\/2022\/05\/Dr-Julio-Fdez-del-A\u0301lamo-uro\u0301logo-en-Ribera-Santa-Justa.jpg",800,533,false],"2048x2048":["https:\/\/riberasalud.com\/santa-justa\/wp-content\/uploads\/2022\/05\/Dr-Julio-Fdez-del-A\u0301lamo-uro\u0301logo-en-Ribera-Santa-Justa.jpg",800,533,false]},"post_excerpt_stackable_v2":"<p>El ur\u00f3logo del hospital Ribera Santa Justa, el doctor Julio Fern\u00e1ndez del \u00c1lamo, explica que, aunque la mayor\u00eda de los diagn\u00f3sticos no son hereditarios, un familiar de primer grado con esta enfermedad aumenta de 2 a 3 veces el riesgo de padecerlaEs el c\u00e1ncer m\u00e1s frecuente en el var\u00f3n, pero el tercero en mortalidad, generalmente por la detecci\u00f3n precoz.&nbsp;En m\u00e1s del 80% de los casos se diagnostica en fases iniciales y por tanto potencialmente curables El ur\u00f3logo del&nbsp;Hospital Ribera Santa Justa, el doctor Julio Fern\u00e1ndez del \u00c1lamo, recomienda que los hombres con antecedentes familiares de c\u00e1ncer de pr\u00f3stata se hagan&hellip;<\/p>\n","category_list_v2":"<a href=\"https:\/\/riberasalud.com\/santa-justa\/category\/santa-justa\/\" rel=\"category tag\">Santa Justa<\/a>","author_info_v2":{"name":"marsanchez","url":"https:\/\/riberasalud.com\/santa-justa\/author\/marsanchez\/"},"comments_num_v2":"0 comentarios","yoast_head":"<!-- This site is optimized with the Yoast SEO plugin v26.6 - https:\/\/yoast.com\/wordpress\/plugins\/seo\/ -->\n<title>\u25b7 \u201cLos hombres con antecedentes familiares de c\u00e1ncer de pr\u00f3stata deben hacerse chequeos anuales desde los 40\u201d | Hospital Ribera Santa Justa<\/title>\n<meta name=\"description\" content=\"lll\u1405 Es el c\u00e1ncer m\u00e1s frecuente en el var\u00f3n, pero el tercero en mortalidad, generalmente por la detecci\u00f3n precoz. \u2705\" \/>\n<meta name=\"robots\" content=\"index, follow, max-snippet:-1, max-image-preview:large, max-video-preview:-1\" \/>\n<link rel=\"canonical\" href=\"https:\/\/riberasalud.com\/santa-justa\/2022\/05\/06\/los-hombres-con-antecedentes-familiares-de-cancer-de-prostata-deben-hacerse-chequeos-anuales-desde-los-40\/\" \/>\n<meta property=\"og:locale\" content=\"es_ES\" \/>\n<meta property=\"og:type\" content=\"article\" \/>\n<meta property=\"og:title\" content=\"\u25b7 \u201cLos hombres con antecedentes familiares de c\u00e1ncer de pr\u00f3stata deben hacerse chequeos anuales desde los 40\u201d | Hospital Ribera Santa Justa\" \/>\n<meta property=\"og:description\" content=\"lll\u1405 Es el c\u00e1ncer m\u00e1s frecuente en el var\u00f3n, pero el tercero en mortalidad, generalmente por la detecci\u00f3n precoz. \u2705\" \/>\n<meta property=\"og:url\" content=\"https:\/\/riberasalud.com\/santa-justa\/2022\/05\/06\/los-hombres-con-antecedentes-familiares-de-cancer-de-prostata-deben-hacerse-chequeos-anuales-desde-los-40\/\" \/>\n<meta property=\"og:site_name\" content=\"Hospital Ribera Santa Justa\" \/>\n<meta property=\"article:published_time\" content=\"2022-05-06T09:45:07+00:00\" \/>\n<meta property=\"article:modified_time\" content=\"2022-05-06T09:45:08+00:00\" \/>\n<meta property=\"og:image\" content=\"https:\/\/riberasalud.com\/santa-justa\/wp-content\/uploads\/2022\/05\/Dr-Julio-Fdez-del-A\u0301lamo-uro\u0301logo-en-Ribera-Santa-Justa.jpg\" \/>\n\t<meta property=\"og:image:width\" content=\"800\" \/>\n\t<meta property=\"og:image:height\" content=\"533\" \/>\n\t<meta property=\"og:image:type\" content=\"image\/jpeg\" \/>\n<meta name=\"author\" content=\"marsanchez\" \/>\n<meta name=\"twitter:card\" content=\"summary_large_image\" \/>\n<meta name=\"twitter:label1\" content=\"Escrito por\" \/>\n\t<meta name=\"twitter:data1\" content=\"marsanchez\" \/>\n\t<meta name=\"twitter:label2\" content=\"Tiempo de lectura\" \/>\n\t<meta name=\"twitter:data2\" content=\"2 minutos\" \/>\n<script type=\"application\/ld+json\" class=\"yoast-schema-graph\">{\"@context\":\"https:\/\/schema.org\",\"@graph\":[{\"@type\":\"Article\",\"@id\":\"https:\/\/riberasalud.com\/santa-justa\/2022\/05\/06\/los-hombres-con-antecedentes-familiares-de-cancer-de-prostata-deben-hacerse-chequeos-anuales-desde-los-40\/#article\",\"isPartOf\":{\"@id\":\"https:\/\/riberasalud.com\/santa-justa\/2022\/05\/06\/los-hombres-con-antecedentes-familiares-de-cancer-de-prostata-deben-hacerse-chequeos-anuales-desde-los-40\/\"},\"author\":{\"name\":\"marsanchez\",\"@id\":\"https:\/\/riberasalud.com\/santa-justa\/#\/schema\/person\/729be83f6f8901b8db87df3afeaf466f\"},\"headline\":\"\u201cLos hombres con antecedentes familiares de c\u00e1ncer de pr\u00f3stata deben hacerse chequeos anuales desde los 40\u201d\",\"datePublished\":\"2022-05-06T09:45:07+00:00\",\"dateModified\":\"2022-05-06T09:45:08+00:00\",\"mainEntityOfPage\":{\"@id\":\"https:\/\/riberasalud.com\/santa-justa\/2022\/05\/06\/los-hombres-con-antecedentes-familiares-de-cancer-de-prostata-deben-hacerse-chequeos-anuales-desde-los-40\/\"},\"wordCount\":429,\"publisher\":{\"@id\":\"https:\/\/riberasalud.com\/santa-justa\/#organization\"},\"image\":{\"@id\":\"https:\/\/riberasalud.com\/santa-justa\/2022\/05\/06\/los-hombres-con-antecedentes-familiares-de-cancer-de-prostata-deben-hacerse-chequeos-anuales-desde-los-40\/#primaryimage\"},\"thumbnailUrl\":\"https:\/\/riberasalud.com\/santa-justa\/wp-content\/uploads\/2022\/05\/Dr-Julio-Fdez-del-A\u0301lamo-uro\u0301logo-en-Ribera-Santa-Justa.jpg\",\"keywords\":[\"c\u00e1ncer\",\"detecci\u00f3n\",\"enfermedad\",\"pr\u00f3stata\"],\"articleSection\":[\"Santa Justa\"],\"inLanguage\":\"es\"},{\"@type\":\"WebPage\",\"@id\":\"https:\/\/riberasalud.com\/santa-justa\/2022\/05\/06\/los-hombres-con-antecedentes-familiares-de-cancer-de-prostata-deben-hacerse-chequeos-anuales-desde-los-40\/\",\"url\":\"https:\/\/riberasalud.com\/santa-justa\/2022\/05\/06\/los-hombres-con-antecedentes-familiares-de-cancer-de-prostata-deben-hacerse-chequeos-anuales-desde-los-40\/\",\"name\":\"\u25b7 \u201cLos hombres con antecedentes familiares de c\u00e1ncer de pr\u00f3stata deben hacerse chequeos anuales desde los 40\u201d | Hospital Ribera Santa Justa\",\"isPartOf\":{\"@id\":\"https:\/\/riberasalud.com\/santa-justa\/#website\"},\"primaryImageOfPage\":{\"@id\":\"https:\/\/riberasalud.com\/santa-justa\/2022\/05\/06\/los-hombres-con-antecedentes-familiares-de-cancer-de-prostata-deben-hacerse-chequeos-anuales-desde-los-40\/#primaryimage\"},\"image\":{\"@id\":\"https:\/\/riberasalud.com\/santa-justa\/2022\/05\/06\/los-hombres-con-antecedentes-familiares-de-cancer-de-prostata-deben-hacerse-chequeos-anuales-desde-los-40\/#primaryimage\"},\"thumbnailUrl\":\"https:\/\/riberasalud.com\/santa-justa\/wp-content\/uploads\/2022\/05\/Dr-Julio-Fdez-del-A\u0301lamo-uro\u0301logo-en-Ribera-Santa-Justa.jpg\",\"datePublished\":\"2022-05-06T09:45:07+00:00\",\"dateModified\":\"2022-05-06T09:45:08+00:00\",\"description\":\"lll\u1405 Es el c\u00e1ncer m\u00e1s frecuente en el var\u00f3n, pero el tercero en mortalidad, generalmente por la detecci\u00f3n precoz. \u2705\",\"breadcrumb\":{\"@id\":\"https:\/\/riberasalud.com\/santa-justa\/2022\/05\/06\/los-hombres-con-antecedentes-familiares-de-cancer-de-prostata-deben-hacerse-chequeos-anuales-desde-los-40\/#breadcrumb\"},\"inLanguage\":\"es\",\"potentialAction\":[{\"@type\":\"ReadAction\",\"target\":[\"https:\/\/riberasalud.com\/santa-justa\/2022\/05\/06\/los-hombres-con-antecedentes-familiares-de-cancer-de-prostata-deben-hacerse-chequeos-anuales-desde-los-40\/\"]}]},{\"@type\":\"ImageObject\",\"inLanguage\":\"es\",\"@id\":\"https:\/\/riberasalud.com\/santa-justa\/2022\/05\/06\/los-hombres-con-antecedentes-familiares-de-cancer-de-prostata-deben-hacerse-chequeos-anuales-desde-los-40\/#primaryimage\",\"url\":\"https:\/\/riberasalud.com\/santa-justa\/wp-content\/uploads\/2022\/05\/Dr-Julio-Fdez-del-A\u0301lamo-uro\u0301logo-en-Ribera-Santa-Justa.jpg\",\"contentUrl\":\"https:\/\/riberasalud.com\/santa-justa\/wp-content\/uploads\/2022\/05\/Dr-Julio-Fdez-del-A\u0301lamo-uro\u0301logo-en-Ribera-Santa-Justa.jpg\",\"width\":800,\"height\":533,\"caption\":\"ur\u00f3logo julio fernandez\"},{\"@type\":\"BreadcrumbList\",\"@id\":\"https:\/\/riberasalud.com\/santa-justa\/2022\/05\/06\/los-hombres-con-antecedentes-familiares-de-cancer-de-prostata-deben-hacerse-chequeos-anuales-desde-los-40\/#breadcrumb\",\"itemListElement\":[{\"@type\":\"ListItem\",\"position\":1,\"name\":\"Portada\",\"item\":\"https:\/\/riberasalud.com\/santa-justa\/\"},{\"@type\":\"ListItem\",\"position\":2,\"name\":\"\u201cLos hombres con antecedentes familiares de c\u00e1ncer de pr\u00f3stata deben hacerse chequeos anuales desde los 40\u201d\"}]},{\"@type\":\"WebSite\",\"@id\":\"https:\/\/riberasalud.com\/santa-justa\/#website\",\"url\":\"https:\/\/riberasalud.com\/santa-justa\/\",\"name\":\"Hospital Ribera Santa Justa\",\"description\":\"\",\"publisher\":{\"@id\":\"https:\/\/riberasalud.com\/santa-justa\/#organization\"},\"potentialAction\":[{\"@type\":\"SearchAction\",\"target\":{\"@type\":\"EntryPoint\",\"urlTemplate\":\"https:\/\/riberasalud.com\/santa-justa\/?s={search_term_string}\"},\"query-input\":{\"@type\":\"PropertyValueSpecification\",\"valueRequired\":true,\"valueName\":\"search_term_string\"}}],\"inLanguage\":\"es\"},{\"@type\":\"Organization\",\"@id\":\"https:\/\/riberasalud.com\/santa-justa\/#organization\",\"name\":\"Hospital Ribera Santa Justa\",\"url\":\"https:\/\/riberasalud.com\/santa-justa\/\",\"logo\":{\"@type\":\"ImageObject\",\"inLanguage\":\"es\",\"@id\":\"https:\/\/riberasalud.com\/santa-justa\/#\/schema\/logo\/image\/\",\"url\":\"https:\/\/riberasalud.com\/santa-justa\/wp-content\/uploads\/2021\/04\/cropped-Logo-Red-SantaJusta.png\",\"contentUrl\":\"https:\/\/riberasalud.com\/santa-justa\/wp-content\/uploads\/2021\/04\/cropped-Logo-Red-SantaJusta.png\",\"width\":2158,\"height\":493,\"caption\":\"Hospital Ribera Santa Justa\"},\"image\":{\"@id\":\"https:\/\/riberasalud.com\/santa-justa\/#\/schema\/logo\/image\/\"}},{\"@type\":\"Person\",\"@id\":\"https:\/\/riberasalud.com\/santa-justa\/#\/schema\/person\/729be83f6f8901b8db87df3afeaf466f\",\"name\":\"marsanchez\",\"image\":{\"@type\":\"ImageObject\",\"inLanguage\":\"es\",\"@id\":\"https:\/\/riberasalud.com\/santa-justa\/#\/schema\/person\/image\/\",\"url\":\"https:\/\/secure.gravatar.com\/avatar\/0e2ddfa6ca50f038a905865f19439697542e5743a0628f67c9fac9c893b311be?s=96&d=mm&r=g\",\"contentUrl\":\"https:\/\/secure.gravatar.com\/avatar\/0e2ddfa6ca50f038a905865f19439697542e5743a0628f67c9fac9c893b311be?s=96&d=mm&r=g\",\"caption\":\"marsanchez\"},\"url\":\"https:\/\/riberasalud.com\/santa-justa\/author\/marsanchez\/\"}]}<\/script>\n<!-- \/ Yoast SEO plugin. -->","yoast_head_json":{"title":"\u25b7 \u201cLos hombres con antecedentes familiares de c\u00e1ncer de pr\u00f3stata deben hacerse chequeos anuales desde los 40\u201d | Hospital Ribera Santa Justa","description":"lll\u1405 Es el c\u00e1ncer m\u00e1s frecuente en el var\u00f3n, pero el tercero en mortalidad, generalmente por la detecci\u00f3n precoz. \u2705","robots":{"index":"index","follow":"follow","max-snippet":"max-snippet:-1","max-image-preview":"max-image-preview:large","max-video-preview":"max-video-preview:-1"},"canonical":"https:\/\/riberasalud.com\/santa-justa\/2022\/05\/06\/los-hombres-con-antecedentes-familiares-de-cancer-de-prostata-deben-hacerse-chequeos-anuales-desde-los-40\/","og_locale":"es_ES","og_type":"article","og_title":"\u25b7 \u201cLos hombres con antecedentes familiares de c\u00e1ncer de pr\u00f3stata deben hacerse chequeos anuales desde los 40\u201d | Hospital Ribera Santa Justa","og_description":"lll\u1405 Es el c\u00e1ncer m\u00e1s frecuente en el var\u00f3n, pero el tercero en mortalidad, generalmente por la detecci\u00f3n precoz. \u2705","og_url":"https:\/\/riberasalud.com\/santa-justa\/2022\/05\/06\/los-hombres-con-antecedentes-familiares-de-cancer-de-prostata-deben-hacerse-chequeos-anuales-desde-los-40\/","og_site_name":"Hospital Ribera Santa Justa","article_published_time":"2022-05-06T09:45:07+00:00","article_modified_time":"2022-05-06T09:45:08+00:00","og_image":[{"width":800,"height":533,"url":"https:\/\/riberasalud.com\/santa-justa\/wp-content\/uploads\/2022\/05\/Dr-Julio-Fdez-del-A\u0301lamo-uro\u0301logo-en-Ribera-Santa-Justa.jpg","type":"image\/jpeg"}],"author":"marsanchez","twitter_card":"summary_large_image","twitter_misc":{"Escrito por":"marsanchez","Tiempo de lectura":"2 minutos"},"schema":{"@context":"https:\/\/schema.org","@graph":[{"@type":"Article","@id":"https:\/\/riberasalud.com\/santa-justa\/2022\/05\/06\/los-hombres-con-antecedentes-familiares-de-cancer-de-prostata-deben-hacerse-chequeos-anuales-desde-los-40\/#article","isPartOf":{"@id":"https:\/\/riberasalud.com\/santa-justa\/2022\/05\/06\/los-hombres-con-antecedentes-familiares-de-cancer-de-prostata-deben-hacerse-chequeos-anuales-desde-los-40\/"},"author":{"name":"marsanchez","@id":"https:\/\/riberasalud.com\/santa-justa\/#\/schema\/person\/729be83f6f8901b8db87df3afeaf466f"},"headline":"\u201cLos hombres con antecedentes familiares de c\u00e1ncer de pr\u00f3stata deben hacerse chequeos anuales desde los 40\u201d","datePublished":"2022-05-06T09:45:07+00:00","dateModified":"2022-05-06T09:45:08+00:00","mainEntityOfPage":{"@id":"https:\/\/riberasalud.com\/santa-justa\/2022\/05\/06\/los-hombres-con-antecedentes-familiares-de-cancer-de-prostata-deben-hacerse-chequeos-anuales-desde-los-40\/"},"wordCount":429,"publisher":{"@id":"https:\/\/riberasalud.com\/santa-justa\/#organization"},"image":{"@id":"https:\/\/riberasalud.com\/santa-justa\/2022\/05\/06\/los-hombres-con-antecedentes-familiares-de-cancer-de-prostata-deben-hacerse-chequeos-anuales-desde-los-40\/#primaryimage"},"thumbnailUrl":"https:\/\/riberasalud.com\/santa-justa\/wp-content\/uploads\/2022\/05\/Dr-Julio-Fdez-del-A\u0301lamo-uro\u0301logo-en-Ribera-Santa-Justa.jpg","keywords":["c\u00e1ncer","detecci\u00f3n","enfermedad","pr\u00f3stata"],"articleSection":["Santa Justa"],"inLanguage":"es"},{"@type":"WebPage","@id":"https:\/\/riberasalud.com\/santa-justa\/2022\/05\/06\/los-hombres-con-antecedentes-familiares-de-cancer-de-prostata-deben-hacerse-chequeos-anuales-desde-los-40\/","url":"https:\/\/riberasalud.com\/santa-justa\/2022\/05\/06\/los-hombres-con-antecedentes-familiares-de-cancer-de-prostata-deben-hacerse-chequeos-anuales-desde-los-40\/","name":"\u25b7 \u201cLos hombres con antecedentes familiares de c\u00e1ncer de pr\u00f3stata deben hacerse chequeos anuales desde los 40\u201d | Hospital Ribera Santa Justa","isPartOf":{"@id":"https:\/\/riberasalud.com\/santa-justa\/#website"},"primaryImageOfPage":{"@id":"https:\/\/riberasalud.com\/santa-justa\/2022\/05\/06\/los-hombres-con-antecedentes-familiares-de-cancer-de-prostata-deben-hacerse-chequeos-anuales-desde-los-40\/#primaryimage"},"image":{"@id":"https:\/\/riberasalud.com\/santa-justa\/2022\/05\/06\/los-hombres-con-antecedentes-familiares-de-cancer-de-prostata-deben-hacerse-chequeos-anuales-desde-los-40\/#primaryimage"},"thumbnailUrl":"https:\/\/riberasalud.com\/santa-justa\/wp-content\/uploads\/2022\/05\/Dr-Julio-Fdez-del-A\u0301lamo-uro\u0301logo-en-Ribera-Santa-Justa.jpg","datePublished":"2022-05-06T09:45:07+00:00","dateModified":"2022-05-06T09:45:08+00:00","description":"lll\u1405 Es el c\u00e1ncer m\u00e1s frecuente en el var\u00f3n, pero el tercero en mortalidad, generalmente por la detecci\u00f3n precoz. \u2705","breadcrumb":{"@id":"https:\/\/riberasalud.com\/santa-justa\/2022\/05\/06\/los-hombres-con-antecedentes-familiares-de-cancer-de-prostata-deben-hacerse-chequeos-anuales-desde-los-40\/#breadcrumb"},"inLanguage":"es","potentialAction":[{"@type":"ReadAction","target":["https:\/\/riberasalud.com\/santa-justa\/2022\/05\/06\/los-hombres-con-antecedentes-familiares-de-cancer-de-prostata-deben-hacerse-chequeos-anuales-desde-los-40\/"]}]},{"@type":"ImageObject","inLanguage":"es","@id":"https:\/\/riberasalud.com\/santa-justa\/2022\/05\/06\/los-hombres-con-antecedentes-familiares-de-cancer-de-prostata-deben-hacerse-chequeos-anuales-desde-los-40\/#primaryimage","url":"https:\/\/riberasalud.com\/santa-justa\/wp-content\/uploads\/2022\/05\/Dr-Julio-Fdez-del-A\u0301lamo-uro\u0301logo-en-Ribera-Santa-Justa.jpg","contentUrl":"https:\/\/riberasalud.com\/santa-justa\/wp-content\/uploads\/2022\/05\/Dr-Julio-Fdez-del-A\u0301lamo-uro\u0301logo-en-Ribera-Santa-Justa.jpg","width":800,"height":533,"caption":"ur\u00f3logo julio fernandez"},{"@type":"BreadcrumbList","@id":"https:\/\/riberasalud.com\/santa-justa\/2022\/05\/06\/los-hombres-con-antecedentes-familiares-de-cancer-de-prostata-deben-hacerse-chequeos-anuales-desde-los-40\/#breadcrumb","itemListElement":[{"@type":"ListItem","position":1,"name":"Portada","item":"https:\/\/riberasalud.com\/santa-justa\/"},{"@type":"ListItem","position":2,"name":"\u201cLos hombres con antecedentes familiares de c\u00e1ncer de pr\u00f3stata deben hacerse chequeos anuales desde los 40\u201d"}]},{"@type":"WebSite","@id":"https:\/\/riberasalud.com\/santa-justa\/#website","url":"https:\/\/riberasalud.com\/santa-justa\/","name":"Hospital Ribera Santa Justa","description":"","publisher":{"@id":"https:\/\/riberasalud.com\/santa-justa\/#organization"},"potentialAction":[{"@type":"SearchAction","target":{"@type":"EntryPoint","urlTemplate":"https:\/\/riberasalud.com\/santa-justa\/?s={search_term_string}"},"query-input":{"@type":"PropertyValueSpecification","valueRequired":true,"valueName":"search_term_string"}}],"inLanguage":"es"},{"@type":"Organization","@id":"https:\/\/riberasalud.com\/santa-justa\/#organization","name":"Hospital Ribera Santa Justa","url":"https:\/\/riberasalud.com\/santa-justa\/","logo":{"@type":"ImageObject","inLanguage":"es","@id":"https:\/\/riberasalud.com\/santa-justa\/#\/schema\/logo\/image\/","url":"https:\/\/riberasalud.com\/santa-justa\/wp-content\/uploads\/2021\/04\/cropped-Logo-Red-SantaJusta.png","contentUrl":"https:\/\/riberasalud.com\/santa-justa\/wp-content\/uploads\/2021\/04\/cropped-Logo-Red-SantaJusta.png","width":2158,"height":493,"caption":"Hospital Ribera Santa Justa"},"image":{"@id":"https:\/\/riberasalud.com\/santa-justa\/#\/schema\/logo\/image\/"}},{"@type":"Person","@id":"https:\/\/riberasalud.com\/santa-justa\/#\/schema\/person\/729be83f6f8901b8db87df3afeaf466f","name":"marsanchez","image":{"@type":"ImageObject","inLanguage":"es","@id":"https:\/\/riberasalud.com\/santa-justa\/#\/schema\/person\/image\/","url":"https:\/\/secure.gravatar.com\/avatar\/0e2ddfa6ca50f038a905865f19439697542e5743a0628f67c9fac9c893b311be?s=96&d=mm&r=g","contentUrl":"https:\/\/secure.gravatar.com\/avatar\/0e2ddfa6ca50f038a905865f19439697542e5743a0628f67c9fac9c893b311be?s=96&d=mm&r=g","caption":"marsanchez"},"url":"https:\/\/riberasalud.com\/santa-justa\/author\/marsanchez\/"}]}},"author_meta":{"display_name":"marsanchez","author_link":"https:\/\/riberasalud.com\/santa-justa\/author\/marsanchez\/"},"featured_img":"https:\/\/riberasalud.com\/santa-justa\/wp-content\/uploads\/2022\/05\/Dr-Julio-Fdez-del-A\u0301lamo-uro\u0301logo-en-Ribera-Santa-Justa-300x200.jpg","pbg_featured_image_src":{"full":["https:\/\/riberasalud.com\/santa-justa\/wp-content\/uploads\/2022\/05\/Dr-Julio-Fdez-del-A\u0301lamo-uro\u0301logo-en-Ribera-Santa-Justa.jpg",800,533,false],"thumbnail":["https:\/\/riberasalud.com\/santa-justa\/wp-content\/uploads\/2022\/05\/Dr-Julio-Fdez-del-A\u0301lamo-uro\u0301logo-en-Ribera-Santa-Justa-150x150.jpg",150,150,true],"medium":["https:\/\/riberasalud.com\/santa-justa\/wp-content\/uploads\/2022\/05\/Dr-Julio-Fdez-del-A\u0301lamo-uro\u0301logo-en-Ribera-Santa-Justa-300x200.jpg",300,200,true],"medium_large":["https:\/\/riberasalud.com\/santa-justa\/wp-content\/uploads\/2022\/05\/Dr-Julio-Fdez-del-A\u0301lamo-uro\u0301logo-en-Ribera-Santa-Justa-768x512.jpg",768,512,true],"large":["https:\/\/riberasalud.com\/santa-justa\/wp-content\/uploads\/2022\/05\/Dr-Julio-Fdez-del-A\u0301lamo-uro\u0301logo-en-Ribera-Santa-Justa.jpg",800,533,false],"xl":["https:\/\/riberasalud.com\/santa-justa\/wp-content\/uploads\/2022\/05\/Dr-Julio-Fdez-del-A\u0301lamo-uro\u0301logo-en-Ribera-Santa-Justa.jpg",800,533,false],"xxl":["https:\/\/riberasalud.com\/santa-justa\/wp-content\/uploads\/2022\/05\/Dr-Julio-Fdez-del-A\u0301lamo-uro\u0301logo-en-Ribera-Santa-Justa.jpg",800,533,false],"xxxl":["https:\/\/riberasalud.com\/santa-justa\/wp-content\/uploads\/2022\/05\/Dr-Julio-Fdez-del-A\u0301lamo-uro\u0301logo-en-Ribera-Santa-Justa.jpg",800,533,false],"xxxxl":["https:\/\/riberasalud.com\/santa-justa\/wp-content\/uploads\/2022\/05\/Dr-Julio-Fdez-del-A\u0301lamo-uro\u0301logo-en-Ribera-Santa-Justa.jpg",800,533,false],"xxxxxl":["https:\/\/riberasalud.com\/santa-justa\/wp-content\/uploads\/2022\/05\/Dr-Julio-Fdez-del-A\u0301lamo-uro\u0301logo-en-Ribera-Santa-Justa.jpg",800,533,false],"1536x1536":["https:\/\/riberasalud.com\/santa-justa\/wp-content\/uploads\/2022\/05\/Dr-Julio-Fdez-del-A\u0301lamo-uro\u0301logo-en-Ribera-Santa-Justa.jpg",800,533,false],"2048x2048":["https:\/\/riberasalud.com\/santa-justa\/wp-content\/uploads\/2022\/05\/Dr-Julio-Fdez-del-A\u0301lamo-uro\u0301logo-en-Ribera-Santa-Justa.jpg",800,533,false]},"pbg_author_info":{"display_name":"marsanchez","author_link":"https:\/\/riberasalud.com\/santa-justa\/author\/marsanchez\/","author_img":"<img alt='marsanchez' src='https:\/\/secure.gravatar.com\/avatar\/0e2ddfa6ca50f038a905865f19439697542e5743a0628f67c9fac9c893b311be?s=128&#038;d=mm&#038;r=g' srcset='https:\/\/secure.gravatar.com\/avatar\/0e2ddfa6ca50f038a905865f19439697542e5743a0628f67c9fac9c893b311be?s=256&#038;d=mm&#038;r=g 2x' class='avatar avatar-128 photo' height='128' width='128' loading='lazy' decoding='async'\/>"},"pbg_comment_info":" No Comments","pbg_excerpt":"El ur\u00f3logo del hospital Ribera Santa Justa, el doctor Julio Fern\u00e1ndez del \u00c1lamo, explica que, aunque la mayor\u00eda de los diagn\u00f3sticos no son hereditarios, un familiar de primer grado con esta enfermedad aumenta de 2 a 3 veces el riesgo de padecerla Es el c\u00e1ncer m\u00e1s frecuente en el var\u00f3n, pero el tercero en mortalidad,&hellip;","uagb_featured_image_src":{"full":["https:\/\/riberasalud.com\/santa-justa\/wp-content\/uploads\/2022\/05\/Dr-Julio-Fdez-del-A\u0301lamo-uro\u0301logo-en-Ribera-Santa-Justa.jpg",800,533,false],"thumbnail":["https:\/\/riberasalud.com\/santa-justa\/wp-content\/uploads\/2022\/05\/Dr-Julio-Fdez-del-A\u0301lamo-uro\u0301logo-en-Ribera-Santa-Justa-150x150.jpg",150,150,true],"medium":["https:\/\/riberasalud.com\/santa-justa\/wp-content\/uploads\/2022\/05\/Dr-Julio-Fdez-del-A\u0301lamo-uro\u0301logo-en-Ribera-Santa-Justa-300x200.jpg",300,200,true],"medium_large":["https:\/\/riberasalud.com\/santa-justa\/wp-content\/uploads\/2022\/05\/Dr-Julio-Fdez-del-A\u0301lamo-uro\u0301logo-en-Ribera-Santa-Justa-768x512.jpg",768,512,true],"large":["https:\/\/riberasalud.com\/santa-justa\/wp-content\/uploads\/2022\/05\/Dr-Julio-Fdez-del-A\u0301lamo-uro\u0301logo-en-Ribera-Santa-Justa.jpg",800,533,false],"xl":["https:\/\/riberasalud.com\/santa-justa\/wp-content\/uploads\/2022\/05\/Dr-Julio-Fdez-del-A\u0301lamo-uro\u0301logo-en-Ribera-Santa-Justa.jpg",800,533,false],"xxl":["https:\/\/riberasalud.com\/santa-justa\/wp-content\/uploads\/2022\/05\/Dr-Julio-Fdez-del-A\u0301lamo-uro\u0301logo-en-Ribera-Santa-Justa.jpg",800,533,false],"xxxl":["https:\/\/riberasalud.com\/santa-justa\/wp-content\/uploads\/2022\/05\/Dr-Julio-Fdez-del-A\u0301lamo-uro\u0301logo-en-Ribera-Santa-Justa.jpg",800,533,false],"xxxxl":["https:\/\/riberasalud.com\/santa-justa\/wp-content\/uploads\/2022\/05\/Dr-Julio-Fdez-del-A\u0301lamo-uro\u0301logo-en-Ribera-Santa-Justa.jpg",800,533,false],"xxxxxl":["https:\/\/riberasalud.com\/santa-justa\/wp-content\/uploads\/2022\/05\/Dr-Julio-Fdez-del-A\u0301lamo-uro\u0301logo-en-Ribera-Santa-Justa.jpg",800,533,false],"1536x1536":["https:\/\/riberasalud.com\/santa-justa\/wp-content\/uploads\/2022\/05\/Dr-Julio-Fdez-del-A\u0301lamo-uro\u0301logo-en-Ribera-Santa-Justa.jpg",800,533,false],"2048x2048":["https:\/\/riberasalud.com\/santa-justa\/wp-content\/uploads\/2022\/05\/Dr-Julio-Fdez-del-A\u0301lamo-uro\u0301logo-en-Ribera-Santa-Justa.jpg",800,533,false]},"uagb_author_info":{"display_name":"marsanchez","author_link":"https:\/\/riberasalud.com\/santa-justa\/author\/marsanchez\/"},"uagb_comment_info":0,"uagb_excerpt":"El ur\u00f3logo del hospital Ribera Santa Justa, el doctor Julio Fern\u00e1ndez del \u00c1lamo, explica que, aunque la mayor\u00eda de los diagn\u00f3sticos no son hereditarios, un familiar de primer grado con esta enfermedad aumenta de 2 a 3 veces el riesgo de padecerla Es el c\u00e1ncer m\u00e1s frecuente en el var\u00f3n, pero el tercero en mortalidad,&hellip;","coauthors":[],"tax_additional":{"categories":{"linked":["<a href=\"https:\/\/riberasalud.com\/santa-justa\/category\/santa-justa\/\" class=\"advgb-post-tax-term\">Santa Justa<\/a>"],"unlinked":["<span class=\"advgb-post-tax-term\">Santa Justa<\/span>"]},"tags":{"linked":["<a href=\"https:\/\/riberasalud.com\/santa-justa\/category\/santa-justa\/\" class=\"advgb-post-tax-term\">c\u00e1ncer<\/a>","<a href=\"https:\/\/riberasalud.com\/santa-justa\/category\/santa-justa\/\" class=\"advgb-post-tax-term\">detecci\u00f3n<\/a>","<a href=\"https:\/\/riberasalud.com\/santa-justa\/category\/santa-justa\/\" class=\"advgb-post-tax-term\">enfermedad<\/a>","<a href=\"https:\/\/riberasalud.com\/santa-justa\/category\/santa-justa\/\" class=\"advgb-post-tax-term\">pr\u00f3stata<\/a>"],"unlinked":["<span class=\"advgb-post-tax-term\">c\u00e1ncer<\/span>","<span class=\"advgb-post-tax-term\">detecci\u00f3n<\/span>","<span class=\"advgb-post-tax-term\">enfermedad<\/span>","<span class=\"advgb-post-tax-term\">pr\u00f3stata<\/span>"]}},"comment_count":"0","relative_dates":{"created":"Publicado 4 a\u00f1os hace","modified":"Actualizado 4 a\u00f1os hace"},"absolute_dates":{"created":"Publicado el 6 de mayo de 2022","modified":"Actualizado el 6 de mayo de 2022"},"absolute_dates_time":{"created":"Publicado el 6 de mayo de 2022 09:45","modified":"Actualizado el 6 de mayo de 2022 09:45"},"featured_img_caption":"","series_order":"","_links":{"self":[{"href":"https:\/\/riberasalud.com\/santa-justa\/wp-json\/wp\/v2\/posts\/915","targetHints":{"allow":["GET"]}}],"collection":[{"href":"https:\/\/riberasalud.com\/santa-justa\/wp-json\/wp\/v2\/posts"}],"about":[{"href":"https:\/\/riberasalud.com\/santa-justa\/wp-json\/wp\/v2\/types\/post"}],"author":[{"embeddable":true,"href":"https:\/\/riberasalud.com\/santa-justa\/wp-json\/wp\/v2\/users\/2"}],"replies":[{"embeddable":true,"href":"https:\/\/riberasalud.com\/santa-justa\/wp-json\/wp\/v2\/comments?post=915"}],"version-history":[{"count":1,"href":"https:\/\/riberasalud.com\/santa-justa\/wp-json\/wp\/v2\/posts\/915\/revisions"}],"predecessor-version":[{"id":917,"href":"https:\/\/riberasalud.com\/santa-justa\/wp-json\/wp\/v2\/posts\/915\/revisions\/917"}],"wp:featuredmedia":[{"embeddable":true,"href":"https:\/\/riberasalud.com\/santa-justa\/wp-json\/wp\/v2\/media\/916"}],"wp:attachment":[{"href":"https:\/\/riberasalud.com\/santa-justa\/wp-json\/wp\/v2\/media?parent=915"}],"wp:term":[{"taxonomy":"category","embeddable":true,"href":"https:\/\/riberasalud.com\/santa-justa\/wp-json\/wp\/v2\/categories?post=915"},{"taxonomy":"post_tag","embeddable":true,"href":"https:\/\/riberasalud.com\/santa-justa\/wp-json\/wp\/v2\/tags?post=915"}],"curies":[{"name":"wp","href":"https:\/\/api.w.org\/{rel}","templated":true}]}}