{"id":141,"date":"2021-01-21T09:33:00","date_gmt":"2021-01-21T09:33:00","guid":{"rendered":"https:\/\/riberasalud.com\/santa-justa\/2021\/04\/26\/ribera-santa-justa-se-consolida-como-referente-sanitario-en-badajoz-en-un-ano-marcado-por-el-covid\/"},"modified":"2021-04-26T09:55:34","modified_gmt":"2021-04-26T09:55:34","slug":"ribera-santa-justa-se-consolida-como-referente-sanitario-en-badajoz-en-un-ano-marcado-por-el-covid","status":"publish","type":"post","link":"https:\/\/riberasalud.com\/santa-justa\/2021\/01\/21\/ribera-santa-justa-se-consolida-como-referente-sanitario-en-badajoz-en-un-ano-marcado-por-el-covid\/","title":{"rendered":"Ribera Santa Justa se consolida como referente sanitario en Badajoz en un a\u00f1o marcado por el COVID"},"content":{"rendered":"\n<p>&nbsp;El centro sanitario cumple un a\u00f1o de su integraci\u00f3n en el grupo Ribera, acaba de abrir una consulta de implante capilar y prev\u00e9 la puesta en marcha inminente de nuevas unidades como la de accidentados de tr\u00e1fico o la unidad de reconocimientos m\u00e9dicos<\/p>\n\n\n\n<p>\u00b7&nbsp;&nbsp;&nbsp;&nbsp;&nbsp;&nbsp;&nbsp;&nbsp;&nbsp;Durante el primer a\u00f1o de la nueva gesti\u00f3n se han atendido 8.000 consultas y m\u00e1s de 5.000 urgencias, se han realizado m\u00e1s de 2.500 pruebas diagn\u00f3sticas y 200 endoscopias y se han disparado las pruebas COVID, con m\u00e1s de un millar realizadas<\/p>\n\n\n\n<p><strong>Villanueva de la Serena, 21 de enero<\/strong>&nbsp;<strong>de 2021<\/strong>.&nbsp;El&nbsp;<a href=\"https:\/\/santa-justasalud.com\/\">Hospital Ribera Santa Justa<\/a>&nbsp;ha cumplido un a\u00f1o desde su reapertura, tras la integraci\u00f3n en el grupo sanitario&nbsp;<a href=\"https:\/\/www.riberasalud.com\/\">Ribera<\/a>&nbsp;en enero de 2020, consolid\u00e1ndose como un referente en la provincia de Badajoz y toda Extremadura. En un a\u00f1o marcado por la pandemia mundial por el COVID, Ribera Santa Justa ha sabido adaptarse a las circunstancias, adaptar r\u00e1pidamente sus instalaciones para garantizar la asistencia sanitaria y la seguridad de pacientes y profesionales y, adem\u00e1s, contribuir a la detecci\u00f3n precoz del virus, con la puesta en marcha de un&nbsp;<a href=\"https:\/\/santa-justasalud.com\/pruebas-covid\/\">servicio de pruebas COVID<\/a>, que se ha reforzado en el \u00faltimo mes ante la avalancha de casos en esta regi\u00f3n.<\/p>\n\n\n\n<p>Este centro sanitario, ubicado en Villanueva de la Serena (Badajoz), ha ampliado el n\u00famero de <a href=\"https:\/\/santa-justasalud.com\/servicios-y-especialidades\/\">especialidades m\u00e9dicas<\/a>&nbsp;hasta un total de 16 y prev\u00e9 la puesta en marcha de nuevas unidades y consultas en las pr\u00f3ximas semanas, entre las que destaca la Unidad de accidentados de tr\u00e1fico, que permitir\u00e1 atender a v\u00edctimas de accidentes de tr\u00e1fico a los que cubre la p\u00f3liza a terceros de cualquier conductor; la unidad de reconocimientos m\u00e9dicos, para conductores y cazadores; y la unidad de implante capilar, con consultas que han comenzado esta misma semana.<\/p>\n\n\n\n<p>Durante los doce primeros meses de gesti\u00f3n Ribera Santa Justa por el grupo sanitario Ribera, se han atendido m\u00e1s de 8.000 consultas y 5.000 urgencias, se han realizado 2.500 pruebas diagn\u00f3sticas y 200 endoscopias, medio centenar de intervenciones quir\u00fargicas y, como se avanzaba anteriormente, se han triplicado en el \u00faltimo mes las pruebas COVID, y hasta la fecha se han realizado m\u00e1s de un millar. En este centro sanitario se realizan test serol\u00f3gicos r\u00e1pidos, test Elisa, PCR y test de ant\u00edgenos de lunes a s\u00e1bado. Se puede pedir cita previa o acudir al centro por Urgencias.<\/p>\n\n\n\n<p>Adem\u00e1s, en este primer a\u00f1o se han invertido m\u00e1s de 300.000 euros en sus&nbsp;<a href=\"https:\/\/santa-justasalud.com\/instalaciones\/\">instalaciones<\/a>&nbsp;con la renovaci\u00f3n de infraestructuras y mobiliario, el reacondicionamiento del acceso principal al centro por la calle San Francisco, el servicio de Admisi\u00f3n, la nueva sala de Fisioterapia y Rehabilitaci\u00f3n, mejoras en la accesibilidad, la remodelaci\u00f3n de los quir\u00f3fanos y la sala de reanimaci\u00f3n, con nuevas mesas de anestesia y monitores de \u00faltima generaci\u00f3n, y una climatizaci\u00f3n que incluye equipos sostenibles de producci\u00f3n de fr\u00edo para todo el hospital.<\/p>\n\n\n\n<p>Ribera Santa Justa ofrece asistencia sanitaria especializada y de urgencias a pacientes particulares, a aquellos que tienen un seguro privado de salud y tambi\u00e9n a los derivados por el Servicio Extreme\u00f1o de Salud (SES). En este sentido, y dada la tensi\u00f3n asistencial que se est\u00e1 produciendo en muchos hospitales p\u00fablicos de la red del SES, el director asistencial del grupo Ribera, Carlos Catal\u00e1n, ha reiterado la voluntad del grupo Ribera de poner sus recursos a disposici\u00f3n de la administraci\u00f3n para atender a los pacientes COVID y tambi\u00e9n a los no COVID, cuyas intervenciones o pruebas diagn\u00f3sticas se hayan pospuesto por la situaci\u00f3n actual. \u201cRibera Santa Justa est\u00e1 a la disposici\u00f3n de los ciudadanos de Villanueva y de toda la provincia de Badajoz, con profesionales especializados e instalaciones adaptadas para abordar la mayor\u00eda de las patolog\u00edas\u201d, ha a\u00f1adido.<\/p>\n\n\n\n<pre class=\"wp-block-preformatted\"><iframe loading=\"lazy\" src=\"https:\/\/www.youtube.com\/embed\/tpGOGN3uxE0\" allow=\"accelerometer; autoplay; clipboard-write; encrypted-media; gyroscope; picture-in-picture\" allowfullscreen=\"\" width=\"560\" height=\"315\" frameborder=\"0\"><\/iframe><\/pre>\n\n\n\n<p>V\u00eddeo con las nuevas instalaciones de Ribera Santa Justa y sus profesionales.<\/p>\n","protected":false},"excerpt":{"rendered":"<p>&nbsp;El centro sanitario cumple un a\u00f1o de su integraci\u00f3n en el grupo Ribera, acaba de abrir una consulta de implante capilar y prev\u00e9 la puesta en marcha inminente de nuevas unidades como la de accidentados de tr\u00e1fico o la unidad de reconocimientos m\u00e9dicos \u00b7&nbsp;&nbsp;&nbsp;&nbsp;&nbsp;&nbsp;&nbsp;&nbsp;&nbsp;Durante el primer a\u00f1o de la nueva gesti\u00f3n se han atendido 8.000 &#8230; <a title=\"Ribera Santa Justa se consolida como referente sanitario en Badajoz en un a\u00f1o marcado por el COVID\" class=\"read-more\" href=\"https:\/\/riberasalud.com\/santa-justa\/2021\/01\/21\/ribera-santa-justa-se-consolida-como-referente-sanitario-en-badajoz-en-un-ano-marcado-por-el-covid\/\" aria-label=\"Leer m\u00e1s sobre Ribera Santa Justa se consolida como referente sanitario en Badajoz en un a\u00f1o marcado por el COVID\">Leer m\u00e1s<\/a><\/p>\n","protected":false},"author":1,"featured_media":145,"comment_status":"open","ping_status":"open","sticky":false,"template":"","format":"standard","meta":{"_coblocks_attr":"","_coblocks_dimensions":"","_coblocks_responsive_height":"","_coblocks_accordion_ie_support":"","_uag_custom_page_level_css":"","advgb_blocks_editor_width":"","advgb_blocks_columns_visual_guide":"","_monsterinsights_skip_tracking":false,"_monsterinsights_sitenote_active":false,"_monsterinsights_sitenote_note":"","_monsterinsights_sitenote_category":0,"footnotes":""},"categories":[1],"tags":[],"class_list":["post-141","post","type-post","status-publish","format-standard","has-post-thumbnail","hentry","category-sin-categoria"],"featured_image_urls_v2":{"full":["https:\/\/riberasalud.com\/santa-justa\/wp-content\/uploads\/2021\/04\/Profesional-Ribera-Santa-Justa-400x250-1.jpg",400,250,false],"thumbnail":["https:\/\/riberasalud.com\/santa-justa\/wp-content\/uploads\/2021\/04\/Profesional-Ribera-Santa-Justa-400x250-1-150x150.jpg",150,150,true],"medium":["https:\/\/riberasalud.com\/santa-justa\/wp-content\/uploads\/2021\/04\/Profesional-Ribera-Santa-Justa-400x250-1-300x188.jpg",300,188,true],"medium_large":["https:\/\/riberasalud.com\/santa-justa\/wp-content\/uploads\/2021\/04\/Profesional-Ribera-Santa-Justa-400x250-1.jpg",400,250,false],"large":["https:\/\/riberasalud.com\/santa-justa\/wp-content\/uploads\/2021\/04\/Profesional-Ribera-Santa-Justa-400x250-1.jpg",400,250,false],"xl":["https:\/\/riberasalud.com\/santa-justa\/wp-content\/uploads\/2021\/04\/Profesional-Ribera-Santa-Justa-400x250-1.jpg",400,250,false],"xxl":["https:\/\/riberasalud.com\/santa-justa\/wp-content\/uploads\/2021\/04\/Profesional-Ribera-Santa-Justa-400x250-1.jpg",400,250,false],"xxxl":["https:\/\/riberasalud.com\/santa-justa\/wp-content\/uploads\/2021\/04\/Profesional-Ribera-Santa-Justa-400x250-1.jpg",400,250,false],"xxxxl":["https:\/\/riberasalud.com\/santa-justa\/wp-content\/uploads\/2021\/04\/Profesional-Ribera-Santa-Justa-400x250-1.jpg",400,250,false],"xxxxxl":["https:\/\/riberasalud.com\/santa-justa\/wp-content\/uploads\/2021\/04\/Profesional-Ribera-Santa-Justa-400x250-1.jpg",400,250,false],"1536x1536":["https:\/\/riberasalud.com\/santa-justa\/wp-content\/uploads\/2021\/04\/Profesional-Ribera-Santa-Justa-400x250-1.jpg",400,250,false],"2048x2048":["https:\/\/riberasalud.com\/santa-justa\/wp-content\/uploads\/2021\/04\/Profesional-Ribera-Santa-Justa-400x250-1.jpg",400,250,false]},"post_excerpt_stackable_v2":"<p>&nbsp;El centro sanitario cumple un a\u00f1o de su integraci\u00f3n en el grupo Ribera, acaba de abrir una consulta de implante capilar y prev\u00e9 la puesta en marcha inminente de nuevas unidades como la de accidentados de tr\u00e1fico o la unidad de reconocimientos m\u00e9dicos \u00b7&nbsp;&nbsp;&nbsp;&nbsp;&nbsp;&nbsp;&nbsp;&nbsp;&nbsp;Durante el primer a\u00f1o de la nueva gesti\u00f3n se han atendido 8.000 consultas y m\u00e1s de 5.000 urgencias, se han realizado m\u00e1s de 2.500 pruebas diagn\u00f3sticas y 200 endoscopias y se han disparado las pruebas COVID, con m\u00e1s de un millar realizadas Villanueva de la Serena, 21 de enero&nbsp;de 2021.&nbsp;El&nbsp;Hospital Ribera Santa Justa&nbsp;ha cumplido un a\u00f1o desde&hellip;<\/p>\n","category_list_v2":"<a href=\"https:\/\/riberasalud.com\/santa-justa\/category\/sin-categoria\/\" rel=\"category tag\">Sin categor\u00eda<\/a>","author_info_v2":{"name":"jorge@quois.com","url":"https:\/\/riberasalud.com\/santa-justa\/author\/jorgequois-com\/"},"comments_num_v2":"0 comentarios","yoast_head":"<!-- This site is optimized with the Yoast SEO plugin v26.6 - https:\/\/yoast.com\/wordpress\/plugins\/seo\/ -->\n<title>\u25b7 Ribera Santa Justa se consolida como referente sanitario en Badajoz en un a\u00f1o marcado por el COVID | Hospital Ribera Santa Justa<\/title>\n<meta name=\"description\" content=\"lll\u1405 &nbsp;El centro sanitario cumple un a\u00f1o de su integraci\u00f3n en el grupo Ribera, acaba de abrir una consulta de implante capilar y prev\u00e9 la puesta en marcha \u2705\" \/>\n<meta name=\"robots\" content=\"index, follow, max-snippet:-1, max-image-preview:large, max-video-preview:-1\" \/>\n<link rel=\"canonical\" href=\"https:\/\/riberasalud.com\/santa-justa\/2021\/01\/21\/ribera-santa-justa-se-consolida-como-referente-sanitario-en-badajoz-en-un-ano-marcado-por-el-covid\/\" \/>\n<meta property=\"og:locale\" content=\"es_ES\" \/>\n<meta property=\"og:type\" content=\"article\" \/>\n<meta property=\"og:title\" content=\"\u25b7 Ribera Santa Justa se consolida como referente sanitario en Badajoz en un a\u00f1o marcado por el COVID | Hospital Ribera Santa Justa\" \/>\n<meta property=\"og:description\" content=\"lll\u1405 &nbsp;El centro sanitario cumple un a\u00f1o de su integraci\u00f3n en el grupo Ribera, acaba de abrir una consulta de implante capilar y prev\u00e9 la puesta en marcha \u2705\" \/>\n<meta property=\"og:url\" content=\"https:\/\/riberasalud.com\/santa-justa\/2021\/01\/21\/ribera-santa-justa-se-consolida-como-referente-sanitario-en-badajoz-en-un-ano-marcado-por-el-covid\/\" \/>\n<meta property=\"og:site_name\" content=\"Hospital Ribera Santa Justa\" \/>\n<meta property=\"article:published_time\" content=\"2021-01-21T09:33:00+00:00\" \/>\n<meta property=\"article:modified_time\" content=\"2021-04-26T09:55:34+00:00\" \/>\n<meta property=\"og:image\" content=\"https:\/\/riberasalud.com\/santa-justa\/wp-content\/uploads\/2021\/04\/Profesional-Ribera-Santa-Justa-400x250-1.jpg\" \/>\n\t<meta property=\"og:image:width\" content=\"400\" \/>\n\t<meta property=\"og:image:height\" content=\"250\" \/>\n\t<meta property=\"og:image:type\" content=\"image\/jpeg\" \/>\n<meta name=\"author\" content=\"jorge@quois.com\" \/>\n<meta name=\"twitter:card\" content=\"summary_large_image\" \/>\n<meta name=\"twitter:label1\" content=\"Escrito por\" \/>\n\t<meta name=\"twitter:data1\" content=\"jorge@quois.com\" \/>\n\t<meta name=\"twitter:label2\" content=\"Tiempo de lectura\" \/>\n\t<meta name=\"twitter:data2\" content=\"3 minutos\" \/>\n<script type=\"application\/ld+json\" class=\"yoast-schema-graph\">{\"@context\":\"https:\/\/schema.org\",\"@graph\":[{\"@type\":\"Article\",\"@id\":\"https:\/\/riberasalud.com\/santa-justa\/2021\/01\/21\/ribera-santa-justa-se-consolida-como-referente-sanitario-en-badajoz-en-un-ano-marcado-por-el-covid\/#article\",\"isPartOf\":{\"@id\":\"https:\/\/riberasalud.com\/santa-justa\/2021\/01\/21\/ribera-santa-justa-se-consolida-como-referente-sanitario-en-badajoz-en-un-ano-marcado-por-el-covid\/\"},\"author\":{\"name\":\"jorge@quois.com\",\"@id\":\"https:\/\/riberasalud.com\/santa-justa\/#\/schema\/person\/42b1f8555ae0e05d88b5af95c6ec9121\"},\"headline\":\"Ribera Santa Justa se consolida como referente sanitario en Badajoz en un a\u00f1o marcado por el COVID\",\"datePublished\":\"2021-01-21T09:33:00+00:00\",\"dateModified\":\"2021-04-26T09:55:34+00:00\",\"mainEntityOfPage\":{\"@id\":\"https:\/\/riberasalud.com\/santa-justa\/2021\/01\/21\/ribera-santa-justa-se-consolida-como-referente-sanitario-en-badajoz-en-un-ano-marcado-por-el-covid\/\"},\"wordCount\":709,\"commentCount\":0,\"publisher\":{\"@id\":\"https:\/\/riberasalud.com\/santa-justa\/#organization\"},\"image\":{\"@id\":\"https:\/\/riberasalud.com\/santa-justa\/2021\/01\/21\/ribera-santa-justa-se-consolida-como-referente-sanitario-en-badajoz-en-un-ano-marcado-por-el-covid\/#primaryimage\"},\"thumbnailUrl\":\"https:\/\/riberasalud.com\/santa-justa\/wp-content\/uploads\/2021\/04\/Profesional-Ribera-Santa-Justa-400x250-1.jpg\",\"inLanguage\":\"es\",\"potentialAction\":[{\"@type\":\"CommentAction\",\"name\":\"Comment\",\"target\":[\"https:\/\/riberasalud.com\/santa-justa\/2021\/01\/21\/ribera-santa-justa-se-consolida-como-referente-sanitario-en-badajoz-en-un-ano-marcado-por-el-covid\/#respond\"]}]},{\"@type\":\"WebPage\",\"@id\":\"https:\/\/riberasalud.com\/santa-justa\/2021\/01\/21\/ribera-santa-justa-se-consolida-como-referente-sanitario-en-badajoz-en-un-ano-marcado-por-el-covid\/\",\"url\":\"https:\/\/riberasalud.com\/santa-justa\/2021\/01\/21\/ribera-santa-justa-se-consolida-como-referente-sanitario-en-badajoz-en-un-ano-marcado-por-el-covid\/\",\"name\":\"\u25b7 Ribera Santa Justa se consolida como referente sanitario en Badajoz en un a\u00f1o marcado por el COVID | Hospital Ribera Santa Justa\",\"isPartOf\":{\"@id\":\"https:\/\/riberasalud.com\/santa-justa\/#website\"},\"primaryImageOfPage\":{\"@id\":\"https:\/\/riberasalud.com\/santa-justa\/2021\/01\/21\/ribera-santa-justa-se-consolida-como-referente-sanitario-en-badajoz-en-un-ano-marcado-por-el-covid\/#primaryimage\"},\"image\":{\"@id\":\"https:\/\/riberasalud.com\/santa-justa\/2021\/01\/21\/ribera-santa-justa-se-consolida-como-referente-sanitario-en-badajoz-en-un-ano-marcado-por-el-covid\/#primaryimage\"},\"thumbnailUrl\":\"https:\/\/riberasalud.com\/santa-justa\/wp-content\/uploads\/2021\/04\/Profesional-Ribera-Santa-Justa-400x250-1.jpg\",\"datePublished\":\"2021-01-21T09:33:00+00:00\",\"dateModified\":\"2021-04-26T09:55:34+00:00\",\"description\":\"lll\u1405 &nbsp;El centro sanitario cumple un a\u00f1o de su integraci\u00f3n en el grupo Ribera, acaba de abrir una consulta de implante capilar y prev\u00e9 la puesta en marcha \u2705\",\"breadcrumb\":{\"@id\":\"https:\/\/riberasalud.com\/santa-justa\/2021\/01\/21\/ribera-santa-justa-se-consolida-como-referente-sanitario-en-badajoz-en-un-ano-marcado-por-el-covid\/#breadcrumb\"},\"inLanguage\":\"es\",\"potentialAction\":[{\"@type\":\"ReadAction\",\"target\":[\"https:\/\/riberasalud.com\/santa-justa\/2021\/01\/21\/ribera-santa-justa-se-consolida-como-referente-sanitario-en-badajoz-en-un-ano-marcado-por-el-covid\/\"]}]},{\"@type\":\"ImageObject\",\"inLanguage\":\"es\",\"@id\":\"https:\/\/riberasalud.com\/santa-justa\/2021\/01\/21\/ribera-santa-justa-se-consolida-como-referente-sanitario-en-badajoz-en-un-ano-marcado-por-el-covid\/#primaryimage\",\"url\":\"https:\/\/riberasalud.com\/santa-justa\/wp-content\/uploads\/2021\/04\/Profesional-Ribera-Santa-Justa-400x250-1.jpg\",\"contentUrl\":\"https:\/\/riberasalud.com\/santa-justa\/wp-content\/uploads\/2021\/04\/Profesional-Ribera-Santa-Justa-400x250-1.jpg\",\"width\":400,\"height\":250},{\"@type\":\"BreadcrumbList\",\"@id\":\"https:\/\/riberasalud.com\/santa-justa\/2021\/01\/21\/ribera-santa-justa-se-consolida-como-referente-sanitario-en-badajoz-en-un-ano-marcado-por-el-covid\/#breadcrumb\",\"itemListElement\":[{\"@type\":\"ListItem\",\"position\":1,\"name\":\"Portada\",\"item\":\"https:\/\/riberasalud.com\/santa-justa\/\"},{\"@type\":\"ListItem\",\"position\":2,\"name\":\"Ribera Santa Justa se consolida como referente sanitario en Badajoz en un a\u00f1o marcado por el COVID\"}]},{\"@type\":\"WebSite\",\"@id\":\"https:\/\/riberasalud.com\/santa-justa\/#website\",\"url\":\"https:\/\/riberasalud.com\/santa-justa\/\",\"name\":\"Hospital Ribera Santa Justa\",\"description\":\"\",\"publisher\":{\"@id\":\"https:\/\/riberasalud.com\/santa-justa\/#organization\"},\"potentialAction\":[{\"@type\":\"SearchAction\",\"target\":{\"@type\":\"EntryPoint\",\"urlTemplate\":\"https:\/\/riberasalud.com\/santa-justa\/?s={search_term_string}\"},\"query-input\":{\"@type\":\"PropertyValueSpecification\",\"valueRequired\":true,\"valueName\":\"search_term_string\"}}],\"inLanguage\":\"es\"},{\"@type\":\"Organization\",\"@id\":\"https:\/\/riberasalud.com\/santa-justa\/#organization\",\"name\":\"Hospital Ribera Santa Justa\",\"url\":\"https:\/\/riberasalud.com\/santa-justa\/\",\"logo\":{\"@type\":\"ImageObject\",\"inLanguage\":\"es\",\"@id\":\"https:\/\/riberasalud.com\/santa-justa\/#\/schema\/logo\/image\/\",\"url\":\"https:\/\/riberasalud.com\/santa-justa\/wp-content\/uploads\/2021\/04\/cropped-Logo-Red-SantaJusta.png\",\"contentUrl\":\"https:\/\/riberasalud.com\/santa-justa\/wp-content\/uploads\/2021\/04\/cropped-Logo-Red-SantaJusta.png\",\"width\":2158,\"height\":493,\"caption\":\"Hospital Ribera Santa Justa\"},\"image\":{\"@id\":\"https:\/\/riberasalud.com\/santa-justa\/#\/schema\/logo\/image\/\"}},{\"@type\":\"Person\",\"@id\":\"https:\/\/riberasalud.com\/santa-justa\/#\/schema\/person\/42b1f8555ae0e05d88b5af95c6ec9121\",\"name\":\"jorge@quois.com\",\"image\":{\"@type\":\"ImageObject\",\"inLanguage\":\"es\",\"@id\":\"https:\/\/riberasalud.com\/santa-justa\/#\/schema\/person\/image\/\",\"url\":\"https:\/\/secure.gravatar.com\/avatar\/bca8cccf11ce6757dcdec6ce293d120c16d33c83aeb423357cce3f49f3abae94?s=96&d=mm&r=g\",\"contentUrl\":\"https:\/\/secure.gravatar.com\/avatar\/bca8cccf11ce6757dcdec6ce293d120c16d33c83aeb423357cce3f49f3abae94?s=96&d=mm&r=g\",\"caption\":\"jorge@quois.com\"},\"sameAs\":[\"http:\/\/riberasalud.com\/santa-justa\"],\"url\":\"https:\/\/riberasalud.com\/santa-justa\/author\/jorgequois-com\/\"}]}<\/script>\n<!-- \/ Yoast SEO plugin. -->","yoast_head_json":{"title":"\u25b7 Ribera Santa Justa se consolida como referente sanitario en Badajoz en un a\u00f1o marcado por el COVID | Hospital Ribera Santa Justa","description":"lll\u1405 &nbsp;El centro sanitario cumple un a\u00f1o de su integraci\u00f3n en el grupo Ribera, acaba de abrir una consulta de implante capilar y prev\u00e9 la puesta en marcha \u2705","robots":{"index":"index","follow":"follow","max-snippet":"max-snippet:-1","max-image-preview":"max-image-preview:large","max-video-preview":"max-video-preview:-1"},"canonical":"https:\/\/riberasalud.com\/santa-justa\/2021\/01\/21\/ribera-santa-justa-se-consolida-como-referente-sanitario-en-badajoz-en-un-ano-marcado-por-el-covid\/","og_locale":"es_ES","og_type":"article","og_title":"\u25b7 Ribera Santa Justa se consolida como referente sanitario en Badajoz en un a\u00f1o marcado por el COVID | Hospital Ribera Santa Justa","og_description":"lll\u1405 &nbsp;El centro sanitario cumple un a\u00f1o de su integraci\u00f3n en el grupo Ribera, acaba de abrir una consulta de implante capilar y prev\u00e9 la puesta en marcha \u2705","og_url":"https:\/\/riberasalud.com\/santa-justa\/2021\/01\/21\/ribera-santa-justa-se-consolida-como-referente-sanitario-en-badajoz-en-un-ano-marcado-por-el-covid\/","og_site_name":"Hospital Ribera Santa Justa","article_published_time":"2021-01-21T09:33:00+00:00","article_modified_time":"2021-04-26T09:55:34+00:00","og_image":[{"width":400,"height":250,"url":"https:\/\/riberasalud.com\/santa-justa\/wp-content\/uploads\/2021\/04\/Profesional-Ribera-Santa-Justa-400x250-1.jpg","type":"image\/jpeg"}],"author":"jorge@quois.com","twitter_card":"summary_large_image","twitter_misc":{"Escrito por":"jorge@quois.com","Tiempo de lectura":"3 minutos"},"schema":{"@context":"https:\/\/schema.org","@graph":[{"@type":"Article","@id":"https:\/\/riberasalud.com\/santa-justa\/2021\/01\/21\/ribera-santa-justa-se-consolida-como-referente-sanitario-en-badajoz-en-un-ano-marcado-por-el-covid\/#article","isPartOf":{"@id":"https:\/\/riberasalud.com\/santa-justa\/2021\/01\/21\/ribera-santa-justa-se-consolida-como-referente-sanitario-en-badajoz-en-un-ano-marcado-por-el-covid\/"},"author":{"name":"jorge@quois.com","@id":"https:\/\/riberasalud.com\/santa-justa\/#\/schema\/person\/42b1f8555ae0e05d88b5af95c6ec9121"},"headline":"Ribera Santa Justa se consolida como referente sanitario en Badajoz en un a\u00f1o marcado por el COVID","datePublished":"2021-01-21T09:33:00+00:00","dateModified":"2021-04-26T09:55:34+00:00","mainEntityOfPage":{"@id":"https:\/\/riberasalud.com\/santa-justa\/2021\/01\/21\/ribera-santa-justa-se-consolida-como-referente-sanitario-en-badajoz-en-un-ano-marcado-por-el-covid\/"},"wordCount":709,"commentCount":0,"publisher":{"@id":"https:\/\/riberasalud.com\/santa-justa\/#organization"},"image":{"@id":"https:\/\/riberasalud.com\/santa-justa\/2021\/01\/21\/ribera-santa-justa-se-consolida-como-referente-sanitario-en-badajoz-en-un-ano-marcado-por-el-covid\/#primaryimage"},"thumbnailUrl":"https:\/\/riberasalud.com\/santa-justa\/wp-content\/uploads\/2021\/04\/Profesional-Ribera-Santa-Justa-400x250-1.jpg","inLanguage":"es","potentialAction":[{"@type":"CommentAction","name":"Comment","target":["https:\/\/riberasalud.com\/santa-justa\/2021\/01\/21\/ribera-santa-justa-se-consolida-como-referente-sanitario-en-badajoz-en-un-ano-marcado-por-el-covid\/#respond"]}]},{"@type":"WebPage","@id":"https:\/\/riberasalud.com\/santa-justa\/2021\/01\/21\/ribera-santa-justa-se-consolida-como-referente-sanitario-en-badajoz-en-un-ano-marcado-por-el-covid\/","url":"https:\/\/riberasalud.com\/santa-justa\/2021\/01\/21\/ribera-santa-justa-se-consolida-como-referente-sanitario-en-badajoz-en-un-ano-marcado-por-el-covid\/","name":"\u25b7 Ribera Santa Justa se consolida como referente sanitario en Badajoz en un a\u00f1o marcado por el COVID | Hospital Ribera Santa Justa","isPartOf":{"@id":"https:\/\/riberasalud.com\/santa-justa\/#website"},"primaryImageOfPage":{"@id":"https:\/\/riberasalud.com\/santa-justa\/2021\/01\/21\/ribera-santa-justa-se-consolida-como-referente-sanitario-en-badajoz-en-un-ano-marcado-por-el-covid\/#primaryimage"},"image":{"@id":"https:\/\/riberasalud.com\/santa-justa\/2021\/01\/21\/ribera-santa-justa-se-consolida-como-referente-sanitario-en-badajoz-en-un-ano-marcado-por-el-covid\/#primaryimage"},"thumbnailUrl":"https:\/\/riberasalud.com\/santa-justa\/wp-content\/uploads\/2021\/04\/Profesional-Ribera-Santa-Justa-400x250-1.jpg","datePublished":"2021-01-21T09:33:00+00:00","dateModified":"2021-04-26T09:55:34+00:00","description":"lll\u1405 &nbsp;El centro sanitario cumple un a\u00f1o de su integraci\u00f3n en el grupo Ribera, acaba de abrir una consulta de implante capilar y prev\u00e9 la puesta en marcha \u2705","breadcrumb":{"@id":"https:\/\/riberasalud.com\/santa-justa\/2021\/01\/21\/ribera-santa-justa-se-consolida-como-referente-sanitario-en-badajoz-en-un-ano-marcado-por-el-covid\/#breadcrumb"},"inLanguage":"es","potentialAction":[{"@type":"ReadAction","target":["https:\/\/riberasalud.com\/santa-justa\/2021\/01\/21\/ribera-santa-justa-se-consolida-como-referente-sanitario-en-badajoz-en-un-ano-marcado-por-el-covid\/"]}]},{"@type":"ImageObject","inLanguage":"es","@id":"https:\/\/riberasalud.com\/santa-justa\/2021\/01\/21\/ribera-santa-justa-se-consolida-como-referente-sanitario-en-badajoz-en-un-ano-marcado-por-el-covid\/#primaryimage","url":"https:\/\/riberasalud.com\/santa-justa\/wp-content\/uploads\/2021\/04\/Profesional-Ribera-Santa-Justa-400x250-1.jpg","contentUrl":"https:\/\/riberasalud.com\/santa-justa\/wp-content\/uploads\/2021\/04\/Profesional-Ribera-Santa-Justa-400x250-1.jpg","width":400,"height":250},{"@type":"BreadcrumbList","@id":"https:\/\/riberasalud.com\/santa-justa\/2021\/01\/21\/ribera-santa-justa-se-consolida-como-referente-sanitario-en-badajoz-en-un-ano-marcado-por-el-covid\/#breadcrumb","itemListElement":[{"@type":"ListItem","position":1,"name":"Portada","item":"https:\/\/riberasalud.com\/santa-justa\/"},{"@type":"ListItem","position":2,"name":"Ribera Santa Justa se consolida como referente sanitario en Badajoz en un a\u00f1o marcado por el COVID"}]},{"@type":"WebSite","@id":"https:\/\/riberasalud.com\/santa-justa\/#website","url":"https:\/\/riberasalud.com\/santa-justa\/","name":"Hospital Ribera Santa Justa","description":"","publisher":{"@id":"https:\/\/riberasalud.com\/santa-justa\/#organization"},"potentialAction":[{"@type":"SearchAction","target":{"@type":"EntryPoint","urlTemplate":"https:\/\/riberasalud.com\/santa-justa\/?s={search_term_string}"},"query-input":{"@type":"PropertyValueSpecification","valueRequired":true,"valueName":"search_term_string"}}],"inLanguage":"es"},{"@type":"Organization","@id":"https:\/\/riberasalud.com\/santa-justa\/#organization","name":"Hospital Ribera Santa Justa","url":"https:\/\/riberasalud.com\/santa-justa\/","logo":{"@type":"ImageObject","inLanguage":"es","@id":"https:\/\/riberasalud.com\/santa-justa\/#\/schema\/logo\/image\/","url":"https:\/\/riberasalud.com\/santa-justa\/wp-content\/uploads\/2021\/04\/cropped-Logo-Red-SantaJusta.png","contentUrl":"https:\/\/riberasalud.com\/santa-justa\/wp-content\/uploads\/2021\/04\/cropped-Logo-Red-SantaJusta.png","width":2158,"height":493,"caption":"Hospital Ribera Santa Justa"},"image":{"@id":"https:\/\/riberasalud.com\/santa-justa\/#\/schema\/logo\/image\/"}},{"@type":"Person","@id":"https:\/\/riberasalud.com\/santa-justa\/#\/schema\/person\/42b1f8555ae0e05d88b5af95c6ec9121","name":"jorge@quois.com","image":{"@type":"ImageObject","inLanguage":"es","@id":"https:\/\/riberasalud.com\/santa-justa\/#\/schema\/person\/image\/","url":"https:\/\/secure.gravatar.com\/avatar\/bca8cccf11ce6757dcdec6ce293d120c16d33c83aeb423357cce3f49f3abae94?s=96&d=mm&r=g","contentUrl":"https:\/\/secure.gravatar.com\/avatar\/bca8cccf11ce6757dcdec6ce293d120c16d33c83aeb423357cce3f49f3abae94?s=96&d=mm&r=g","caption":"jorge@quois.com"},"sameAs":["http:\/\/riberasalud.com\/santa-justa"],"url":"https:\/\/riberasalud.com\/santa-justa\/author\/jorgequois-com\/"}]}},"author_meta":{"display_name":"jorge@quois.com","author_link":"https:\/\/riberasalud.com\/santa-justa\/author\/jorgequois-com\/"},"featured_img":"https:\/\/riberasalud.com\/santa-justa\/wp-content\/uploads\/2021\/04\/Profesional-Ribera-Santa-Justa-400x250-1-300x188.jpg","pbg_featured_image_src":{"full":["https:\/\/riberasalud.com\/santa-justa\/wp-content\/uploads\/2021\/04\/Profesional-Ribera-Santa-Justa-400x250-1.jpg",400,250,false],"thumbnail":["https:\/\/riberasalud.com\/santa-justa\/wp-content\/uploads\/2021\/04\/Profesional-Ribera-Santa-Justa-400x250-1-150x150.jpg",150,150,true],"medium":["https:\/\/riberasalud.com\/santa-justa\/wp-content\/uploads\/2021\/04\/Profesional-Ribera-Santa-Justa-400x250-1-300x188.jpg",300,188,true],"medium_large":["https:\/\/riberasalud.com\/santa-justa\/wp-content\/uploads\/2021\/04\/Profesional-Ribera-Santa-Justa-400x250-1.jpg",400,250,false],"large":["https:\/\/riberasalud.com\/santa-justa\/wp-content\/uploads\/2021\/04\/Profesional-Ribera-Santa-Justa-400x250-1.jpg",400,250,false],"xl":["https:\/\/riberasalud.com\/santa-justa\/wp-content\/uploads\/2021\/04\/Profesional-Ribera-Santa-Justa-400x250-1.jpg",400,250,false],"xxl":["https:\/\/riberasalud.com\/santa-justa\/wp-content\/uploads\/2021\/04\/Profesional-Ribera-Santa-Justa-400x250-1.jpg",400,250,false],"xxxl":["https:\/\/riberasalud.com\/santa-justa\/wp-content\/uploads\/2021\/04\/Profesional-Ribera-Santa-Justa-400x250-1.jpg",400,250,false],"xxxxl":["https:\/\/riberasalud.com\/santa-justa\/wp-content\/uploads\/2021\/04\/Profesional-Ribera-Santa-Justa-400x250-1.jpg",400,250,false],"xxxxxl":["https:\/\/riberasalud.com\/santa-justa\/wp-content\/uploads\/2021\/04\/Profesional-Ribera-Santa-Justa-400x250-1.jpg",400,250,false],"1536x1536":["https:\/\/riberasalud.com\/santa-justa\/wp-content\/uploads\/2021\/04\/Profesional-Ribera-Santa-Justa-400x250-1.jpg",400,250,false],"2048x2048":["https:\/\/riberasalud.com\/santa-justa\/wp-content\/uploads\/2021\/04\/Profesional-Ribera-Santa-Justa-400x250-1.jpg",400,250,false]},"pbg_author_info":{"display_name":"jorge@quois.com","author_link":"https:\/\/riberasalud.com\/santa-justa\/author\/jorgequois-com\/","author_img":"<img alt='jorge@quois.com' src='https:\/\/secure.gravatar.com\/avatar\/bca8cccf11ce6757dcdec6ce293d120c16d33c83aeb423357cce3f49f3abae94?s=128&#038;d=mm&#038;r=g' srcset='https:\/\/secure.gravatar.com\/avatar\/bca8cccf11ce6757dcdec6ce293d120c16d33c83aeb423357cce3f49f3abae94?s=256&#038;d=mm&#038;r=g 2x' class='avatar avatar-128 photo' height='128' width='128' loading='lazy' decoding='async'\/>"},"pbg_comment_info":" No Comments","pbg_excerpt":"&nbsp;El centro sanitario cumple un a\u00f1o de su integraci\u00f3n en el grupo Ribera, acaba de abrir una consulta de implante capilar y prev\u00e9 la puesta en marcha inminente de nuevas unidades como la de accidentados de tr\u00e1fico o la unidad de reconocimientos m\u00e9dicos \u00b7&nbsp;&nbsp;&nbsp;&nbsp;&nbsp;&nbsp;&nbsp;&nbsp;&nbsp;Durante el primer a\u00f1o de la nueva gesti\u00f3n se han atendido 8.000&hellip;","uagb_featured_image_src":{"full":["https:\/\/riberasalud.com\/santa-justa\/wp-content\/uploads\/2021\/04\/Profesional-Ribera-Santa-Justa-400x250-1.jpg",400,250,false],"thumbnail":["https:\/\/riberasalud.com\/santa-justa\/wp-content\/uploads\/2021\/04\/Profesional-Ribera-Santa-Justa-400x250-1-150x150.jpg",150,150,true],"medium":["https:\/\/riberasalud.com\/santa-justa\/wp-content\/uploads\/2021\/04\/Profesional-Ribera-Santa-Justa-400x250-1-300x188.jpg",300,188,true],"medium_large":["https:\/\/riberasalud.com\/santa-justa\/wp-content\/uploads\/2021\/04\/Profesional-Ribera-Santa-Justa-400x250-1.jpg",400,250,false],"large":["https:\/\/riberasalud.com\/santa-justa\/wp-content\/uploads\/2021\/04\/Profesional-Ribera-Santa-Justa-400x250-1.jpg",400,250,false],"xl":["https:\/\/riberasalud.com\/santa-justa\/wp-content\/uploads\/2021\/04\/Profesional-Ribera-Santa-Justa-400x250-1.jpg",400,250,false],"xxl":["https:\/\/riberasalud.com\/santa-justa\/wp-content\/uploads\/2021\/04\/Profesional-Ribera-Santa-Justa-400x250-1.jpg",400,250,false],"xxxl":["https:\/\/riberasalud.com\/santa-justa\/wp-content\/uploads\/2021\/04\/Profesional-Ribera-Santa-Justa-400x250-1.jpg",400,250,false],"xxxxl":["https:\/\/riberasalud.com\/santa-justa\/wp-content\/uploads\/2021\/04\/Profesional-Ribera-Santa-Justa-400x250-1.jpg",400,250,false],"xxxxxl":["https:\/\/riberasalud.com\/santa-justa\/wp-content\/uploads\/2021\/04\/Profesional-Ribera-Santa-Justa-400x250-1.jpg",400,250,false],"1536x1536":["https:\/\/riberasalud.com\/santa-justa\/wp-content\/uploads\/2021\/04\/Profesional-Ribera-Santa-Justa-400x250-1.jpg",400,250,false],"2048x2048":["https:\/\/riberasalud.com\/santa-justa\/wp-content\/uploads\/2021\/04\/Profesional-Ribera-Santa-Justa-400x250-1.jpg",400,250,false]},"uagb_author_info":{"display_name":"jorge@quois.com","author_link":"https:\/\/riberasalud.com\/santa-justa\/author\/jorgequois-com\/"},"uagb_comment_info":0,"uagb_excerpt":"&nbsp;El centro sanitario cumple un a\u00f1o de su integraci\u00f3n en el grupo Ribera, acaba de abrir una consulta de implante capilar y prev\u00e9 la puesta en marcha inminente de nuevas unidades como la de accidentados de tr\u00e1fico o la unidad de reconocimientos m\u00e9dicos \u00b7&nbsp;&nbsp;&nbsp;&nbsp;&nbsp;&nbsp;&nbsp;&nbsp;&nbsp;Durante el primer a\u00f1o de la nueva gesti\u00f3n se han atendido 8.000&hellip;","coauthors":[],"tax_additional":{"categories":{"linked":["<a href=\"https:\/\/riberasalud.com\/santa-justa\/category\/sin-categoria\/\" class=\"advgb-post-tax-term\">Sin categor\u00eda<\/a>"],"unlinked":["<span class=\"advgb-post-tax-term\">Sin categor\u00eda<\/span>"]}},"comment_count":"0","relative_dates":{"created":"Publicado 5 a\u00f1os hace","modified":"Actualizado 5 a\u00f1os hace"},"absolute_dates":{"created":"Publicado el 21 de enero de 2021","modified":"Actualizado el 26 de abril de 2021"},"absolute_dates_time":{"created":"Publicado el 21 de enero de 2021 09:33","modified":"Actualizado el 26 de abril de 2021 09:55"},"featured_img_caption":"","series_order":"","_links":{"self":[{"href":"https:\/\/riberasalud.com\/santa-justa\/wp-json\/wp\/v2\/posts\/141","targetHints":{"allow":["GET"]}}],"collection":[{"href":"https:\/\/riberasalud.com\/santa-justa\/wp-json\/wp\/v2\/posts"}],"about":[{"href":"https:\/\/riberasalud.com\/santa-justa\/wp-json\/wp\/v2\/types\/post"}],"author":[{"embeddable":true,"href":"https:\/\/riberasalud.com\/santa-justa\/wp-json\/wp\/v2\/users\/1"}],"replies":[{"embeddable":true,"href":"https:\/\/riberasalud.com\/santa-justa\/wp-json\/wp\/v2\/comments?post=141"}],"version-history":[{"count":1,"href":"https:\/\/riberasalud.com\/santa-justa\/wp-json\/wp\/v2\/posts\/141\/revisions"}],"predecessor-version":[{"id":154,"href":"https:\/\/riberasalud.com\/santa-justa\/wp-json\/wp\/v2\/posts\/141\/revisions\/154"}],"wp:featuredmedia":[{"embeddable":true,"href":"https:\/\/riberasalud.com\/santa-justa\/wp-json\/wp\/v2\/media\/145"}],"wp:attachment":[{"href":"https:\/\/riberasalud.com\/santa-justa\/wp-json\/wp\/v2\/media?parent=141"}],"wp:term":[{"taxonomy":"category","embeddable":true,"href":"https:\/\/riberasalud.com\/santa-justa\/wp-json\/wp\/v2\/categories?post=141"},{"taxonomy":"post_tag","embeddable":true,"href":"https:\/\/riberasalud.com\/santa-justa\/wp-json\/wp\/v2\/tags?post=141"}],"curies":[{"name":"wp","href":"https:\/\/api.w.org\/{rel}","templated":true}]}}