{"id":136,"date":"2020-10-29T09:33:00","date_gmt":"2020-10-29T09:33:00","guid":{"rendered":"https:\/\/riberasalud.com\/santa-justa\/2021\/04\/26\/ribera-santa-justa-crea-una-nueva-entrada-y-un-area-de-recepcion-accesibles-y-remodela-la-fachada\/"},"modified":"2021-04-26T09:57:09","modified_gmt":"2021-04-26T09:57:09","slug":"ribera-santa-justa-crea-una-nueva-entrada-y-un-area-de-recepcion-accesibles-y-remodela-la-fachada","status":"publish","type":"post","link":"https:\/\/riberasalud.com\/santa-justa\/2020\/10\/29\/ribera-santa-justa-crea-una-nueva-entrada-y-un-area-de-recepcion-accesibles-y-remodela-la-fachada\/","title":{"rendered":"Ribera Santa Justa crea una nueva entrada y un \u00e1rea de Recepci\u00f3n accesibles y remodela la fachada"},"content":{"rendered":"\n<ul class=\"wp-block-list\"><li>El presidente extreme\u00f1o, Guillermo Fern\u00e1ndez Vara, inaugura las obras junto al alcalde de Villanueva de la Serena, Miguel \u00c1ngel Gallardo Miranda, el director ejecutivo para Europa de Centene, Alberto de Rosa, y la consejera delegada de Ribera, Elisa Tarazona<\/li><li>El grupo Ribera integra materiales sostenibles y modernos en el edificio hist\u00f3rico que acoge el hospital, respetando el gran valor patrimonial del conjunto para Villanueva de la Serena y su entorno<\/li><li>La inversi\u00f3n, que ronda los 200.000 euros, permite habilitar la entrada por la calle San Francisco, hacerla 100% accesible, instalar iluminaci\u00f3n eficiente y nuevo mobiliario urbano, con bancos y maceteros<\/li><\/ul>\n\n\n\n<p>El presidente de la Junta de Extremadura, Guillermo Fern\u00e1ndez Vara, ha inaugurado hoy la remodelaci\u00f3n de la fachada y la creaci\u00f3n de un nuevo acceso principal en el <a href=\"https:\/\/santa-justasalud.com\/\">hospital Ribera Santa Justa<\/a>, junto al alcalde de Villanueva de la Serena, Miguel \u00c1ngel Gallardo, el director ejecutivo de Centene Corporation para Europa, Alberto de Rosa, y la consejera delegada de Ribera, Elisa Tarazona. Fern\u00e1ndez Vara ha asegurado, de manera contundente que \u00e9l es \u201cel presidente de la Sanidad p\u00fablica y la Sanidad privada, porque yo gobierno para todos los extreme\u00f1os\u201d. Adem\u00e1s, ha a\u00f1adido que \u201ces una oportunidad muy buena para el sistema p\u00fablico colaborar con un hospital como Ribera Santa Justa, porque somos complementarios. La Sanidad p\u00fablica y la privada pueden trabajar de la mano al servicio del ciudadano\u201d.<\/p>\n\n\n\n<p>El alcalde de Villanueva de la Serena ha reiterado la importancia de la colaboraci\u00f3n p\u00fablico privada y ha destacado la apuesta de Ribera por el hospital Ribera Santa Justa y el compromiso con el municipio y con las 40 familias que viven del trabajo en este centro. \u201cVilllanueva de la Serena se siente agradecida por el esfuerzo e implicaci\u00f3n de esta empresa\u201d, ha se\u00f1alado, al tiempo que ha pedido al presidente de la Junta su implicaci\u00f3n con el proyecto, \u201cpor cuanto supone de garant\u00edas para la salud y el bienestar de todos los ciudadanos de la comarca\u201d.<\/p>\n\n\n\n<p>Por su parte, el director ejecutivo de Centene Corporation para Europa, Alberto de Rosa, ha celebrado la inauguraci\u00f3n oficial de la remodelaci\u00f3n de Ribera Santa Justa y la posibilidad de \u201cponerlo a disposici\u00f3n de todos los ciudadanos, de las instituciones p\u00fablicas y privadas, porque es nuestra obligaci\u00f3n y tambi\u00e9n nuestro deseo\u201d. \u201cNuestro compromiso es dar respuestas eficaces, conjuntas y de la mano de las instituciones, porque es lo que los ciudadanos esperan de nosotros. No esperan etiquetas, esperan consensuar, sumar tecnolog\u00eda, recursos humanos y que trabajemos por su bienestar y entre todos conseguir que esta pandemia sea algo del pasado\u201d.<\/p>\n\n\n\n<figure class=\"wp-block-image size-large\"><img decoding=\"async\" src=\"https:\/\/riberasalud.com\/santa-justa\/wp-content\/uploads\/2021\/04\/Visita-inaugural-Ribera-Santa-Justa-2.jpg\" alt=\"\" class=\"wp-image-2304\"\/><\/figure>\n\n\n\n<p>Con una inversi\u00f3n que ronda los 200.000 euros, <a href=\"https:\/\/santa-justasalud.com\/\">Ribera Santa Justa <\/a>ha integrado materiales sostenibles y modernos en la primera fase de remodelaci\u00f3n del edificio hist\u00f3rico que acoge el hospital, respetando el gran valor patrimonial del conjunto para Villanueva de la Serena y su entorno. De esta forma, el <a href=\"https:\/\/www.riberasalud.com\/\">grupo Ribera<\/a> recupera para este centro sanitario la entrada principal por la calle San Francisco y habilita un \u00e1rea de Recepci\u00f3n en esta zona, con criterios de accesibilidad universal, con el fin de facilitar y garantizar la atenci\u00f3n sanitaria al conjunto de la poblaci\u00f3n extreme\u00f1a.<\/p>\n\n\n\n<p>Esta intervenci\u00f3n ha permitido crear un patio m\u00e1s amplio en este acceso, sin barreras arquitect\u00f3nicas al centro sanitario, y que adem\u00e1s cuenta con iluminaci\u00f3n eficiente y nuevo mobiliario urbano, bancos y maceteros, para facilitar la entrada al hospital y contribuir a la regeneraci\u00f3n urbana del municipio.<\/p>\n\n\n\n<p>Desde que el grupo sanitario Ribera asumi\u00f3 la gesti\u00f3n de Ribera Santa Justa, ha recuperado para la poblaci\u00f3n m\u00e1s de 20 especialidades m\u00e9dicas, as\u00ed como el servicio de Urgencias 24 horas. Adem\u00e1s, facilita a la poblaci\u00f3n en general, las instituciones y las empresas de la zona la realizaci\u00f3n de todas las modalidades de test para la detectar el COVID-19: test serol\u00f3gicos r\u00e1pidos y convencionales, test de ant\u00edgenos y PCR.<\/p>\n\n\n\n<p>S\u00f3lo en los primeros seis meses de gesti\u00f3n de Ribera Santa Justa por parte del <a href=\"https:\/\/www.riberasalud.com\/\">grupo Ribera<\/a> se han llevado a cabo importantes obras de adecuaci\u00f3n en el interior del centro sanitario y su patio interior ajardinado, que incluyen la reforma de sus tres quir\u00f3fanos y la sala de reanimaci\u00f3n, el refuerzo de la iluminaci\u00f3n, el cambio de las mesas de operaci\u00f3n y la instalaci\u00f3n de monitores de \u00faltima generaci\u00f3n, el cambio de la climatizaci\u00f3n del complejo, as\u00ed como la renovaci\u00f3n de gran parte del equipamiento e instrumental de la sala de Fisioterapia y rehabilitaci\u00f3n, as\u00ed como de las habitaciones de hospitalizaci\u00f3n.&nbsp;<\/p>\n\n\n\n<p>Este hospital recibe pacientes particulares y procedentes de aseguradoras. Adem\u00e1s, el centro se ha preparado para colaborar con el Servicio Extreme\u00f1o de Salud (SES) y ayudarle a reducir las listas de espera en cualquiera de las 20 especialidades que se tratan en Ribera Santa Justa.<\/p>\n","protected":false},"excerpt":{"rendered":"<p>El presidente extreme\u00f1o, Guillermo Fern\u00e1ndez Vara, inaugura las obras junto al alcalde de Villanueva de la Serena, Miguel \u00c1ngel Gallardo Miranda, el director ejecutivo para Europa de Centene, Alberto de Rosa, y la consejera delegada de Ribera, Elisa Tarazona El grupo Ribera integra materiales sostenibles y modernos en el edificio hist\u00f3rico que acoge el hospital, &#8230; <a title=\"Ribera Santa Justa crea una nueva entrada y un \u00e1rea de Recepci\u00f3n accesibles y remodela la fachada\" class=\"read-more\" href=\"https:\/\/riberasalud.com\/santa-justa\/2020\/10\/29\/ribera-santa-justa-crea-una-nueva-entrada-y-un-area-de-recepcion-accesibles-y-remodela-la-fachada\/\" aria-label=\"Leer m\u00e1s sobre Ribera Santa Justa crea una nueva entrada y un \u00e1rea de Recepci\u00f3n accesibles y remodela la fachada\">Leer m\u00e1s<\/a><\/p>\n","protected":false},"author":1,"featured_media":193,"comment_status":"open","ping_status":"open","sticky":false,"template":"","format":"standard","meta":{"_coblocks_attr":"","_coblocks_dimensions":"","_coblocks_responsive_height":"","_coblocks_accordion_ie_support":"","_uag_custom_page_level_css":"","advgb_blocks_editor_width":"","advgb_blocks_columns_visual_guide":"","_monsterinsights_skip_tracking":false,"_monsterinsights_sitenote_active":false,"_monsterinsights_sitenote_note":"","_monsterinsights_sitenote_category":0,"footnotes":""},"categories":[1],"tags":[],"class_list":["post-136","post","type-post","status-publish","format-standard","has-post-thumbnail","hentry","category-sin-categoria"],"featured_image_urls_v2":{"full":["https:\/\/riberasalud.com\/santa-justa\/wp-content\/uploads\/2021\/04\/Visita-inaugural-Ribera-Santa-Justa-400x250-1.jpg",400,250,false],"thumbnail":["https:\/\/riberasalud.com\/santa-justa\/wp-content\/uploads\/2021\/04\/Visita-inaugural-Ribera-Santa-Justa-400x250-1-150x150.jpg",150,150,true],"medium":["https:\/\/riberasalud.com\/santa-justa\/wp-content\/uploads\/2021\/04\/Visita-inaugural-Ribera-Santa-Justa-400x250-1-300x188.jpg",300,188,true],"medium_large":["https:\/\/riberasalud.com\/santa-justa\/wp-content\/uploads\/2021\/04\/Visita-inaugural-Ribera-Santa-Justa-400x250-1.jpg",400,250,false],"large":["https:\/\/riberasalud.com\/santa-justa\/wp-content\/uploads\/2021\/04\/Visita-inaugural-Ribera-Santa-Justa-400x250-1.jpg",400,250,false],"xl":["https:\/\/riberasalud.com\/santa-justa\/wp-content\/uploads\/2021\/04\/Visita-inaugural-Ribera-Santa-Justa-400x250-1.jpg",400,250,false],"xxl":["https:\/\/riberasalud.com\/santa-justa\/wp-content\/uploads\/2021\/04\/Visita-inaugural-Ribera-Santa-Justa-400x250-1.jpg",400,250,false],"xxxl":["https:\/\/riberasalud.com\/santa-justa\/wp-content\/uploads\/2021\/04\/Visita-inaugural-Ribera-Santa-Justa-400x250-1.jpg",400,250,false],"xxxxl":["https:\/\/riberasalud.com\/santa-justa\/wp-content\/uploads\/2021\/04\/Visita-inaugural-Ribera-Santa-Justa-400x250-1.jpg",400,250,false],"xxxxxl":["https:\/\/riberasalud.com\/santa-justa\/wp-content\/uploads\/2021\/04\/Visita-inaugural-Ribera-Santa-Justa-400x250-1.jpg",400,250,false],"1536x1536":["https:\/\/riberasalud.com\/santa-justa\/wp-content\/uploads\/2021\/04\/Visita-inaugural-Ribera-Santa-Justa-400x250-1.jpg",400,250,false],"2048x2048":["https:\/\/riberasalud.com\/santa-justa\/wp-content\/uploads\/2021\/04\/Visita-inaugural-Ribera-Santa-Justa-400x250-1.jpg",400,250,false]},"post_excerpt_stackable_v2":"<p>El presidente extreme\u00f1o, Guillermo Fern\u00e1ndez Vara, inaugura las obras junto al alcalde de Villanueva de la Serena, Miguel \u00c1ngel Gallardo Miranda, el director ejecutivo para Europa de Centene, Alberto de Rosa, y la consejera delegada de Ribera, Elisa TarazonaEl grupo Ribera integra materiales sostenibles y modernos en el edificio hist\u00f3rico que acoge el hospital, respetando el gran valor patrimonial del conjunto para Villanueva de la Serena y su entornoLa inversi\u00f3n, que ronda los 200.000 euros, permite habilitar la entrada por la calle San Francisco, hacerla 100% accesible, instalar iluminaci\u00f3n eficiente y nuevo mobiliario urbano, con bancos y maceteros El presidente&hellip;<\/p>\n","category_list_v2":"<a href=\"https:\/\/riberasalud.com\/santa-justa\/category\/sin-categoria\/\" rel=\"category tag\">Sin categor\u00eda<\/a>","author_info_v2":{"name":"jorge@quois.com","url":"https:\/\/riberasalud.com\/santa-justa\/author\/jorgequois-com\/"},"comments_num_v2":"0 comentarios","yoast_head":"<!-- This site is optimized with the Yoast SEO plugin v26.6 - https:\/\/yoast.com\/wordpress\/plugins\/seo\/ -->\n<title>\u25b7 Ribera Santa Justa crea una nueva entrada y un \u00e1rea de Recepci\u00f3n accesibles y remodela la fachada | Hospital Ribera Santa Justa<\/title>\n<meta name=\"description\" content=\"lll\u1405 El presidente extreme\u00f1o, Guillermo Fern\u00e1ndez Vara, inaugura las obras junto al alcalde de Villanueva de la Serena, Miguel \u00c1ngel Gallardo Miranda, el \u2705\" \/>\n<meta name=\"robots\" content=\"index, follow, max-snippet:-1, max-image-preview:large, max-video-preview:-1\" \/>\n<link rel=\"canonical\" href=\"https:\/\/riberasalud.com\/santa-justa\/2020\/10\/29\/ribera-santa-justa-crea-una-nueva-entrada-y-un-area-de-recepcion-accesibles-y-remodela-la-fachada\/\" \/>\n<meta property=\"og:locale\" content=\"es_ES\" \/>\n<meta property=\"og:type\" content=\"article\" \/>\n<meta property=\"og:title\" content=\"\u25b7 Ribera Santa Justa crea una nueva entrada y un \u00e1rea de Recepci\u00f3n accesibles y remodela la fachada | Hospital Ribera Santa Justa\" \/>\n<meta property=\"og:description\" content=\"lll\u1405 El presidente extreme\u00f1o, Guillermo Fern\u00e1ndez Vara, inaugura las obras junto al alcalde de Villanueva de la Serena, Miguel \u00c1ngel Gallardo Miranda, el \u2705\" \/>\n<meta property=\"og:url\" content=\"https:\/\/riberasalud.com\/santa-justa\/2020\/10\/29\/ribera-santa-justa-crea-una-nueva-entrada-y-un-area-de-recepcion-accesibles-y-remodela-la-fachada\/\" \/>\n<meta property=\"og:site_name\" content=\"Hospital Ribera Santa Justa\" \/>\n<meta property=\"article:published_time\" content=\"2020-10-29T09:33:00+00:00\" \/>\n<meta property=\"article:modified_time\" content=\"2021-04-26T09:57:09+00:00\" \/>\n<meta property=\"og:image\" content=\"https:\/\/riberasalud.com\/santa-justa\/wp-content\/uploads\/2021\/04\/Visita-inaugural-Ribera-Santa-Justa-400x250-1.jpg\" \/>\n\t<meta property=\"og:image:width\" content=\"400\" \/>\n\t<meta property=\"og:image:height\" content=\"250\" \/>\n\t<meta property=\"og:image:type\" content=\"image\/jpeg\" \/>\n<meta name=\"author\" content=\"jorge@quois.com\" \/>\n<meta name=\"twitter:card\" content=\"summary_large_image\" \/>\n<meta name=\"twitter:label1\" content=\"Escrito por\" \/>\n\t<meta name=\"twitter:data1\" content=\"jorge@quois.com\" \/>\n\t<meta name=\"twitter:label2\" content=\"Tiempo de lectura\" \/>\n\t<meta name=\"twitter:data2\" content=\"4 minutos\" \/>\n<script type=\"application\/ld+json\" class=\"yoast-schema-graph\">{\"@context\":\"https:\/\/schema.org\",\"@graph\":[{\"@type\":\"Article\",\"@id\":\"https:\/\/riberasalud.com\/santa-justa\/2020\/10\/29\/ribera-santa-justa-crea-una-nueva-entrada-y-un-area-de-recepcion-accesibles-y-remodela-la-fachada\/#article\",\"isPartOf\":{\"@id\":\"https:\/\/riberasalud.com\/santa-justa\/2020\/10\/29\/ribera-santa-justa-crea-una-nueva-entrada-y-un-area-de-recepcion-accesibles-y-remodela-la-fachada\/\"},\"author\":{\"name\":\"jorge@quois.com\",\"@id\":\"https:\/\/riberasalud.com\/santa-justa\/#\/schema\/person\/42b1f8555ae0e05d88b5af95c6ec9121\"},\"headline\":\"Ribera Santa Justa crea una nueva entrada y un \u00e1rea de Recepci\u00f3n accesibles y remodela la fachada\",\"datePublished\":\"2020-10-29T09:33:00+00:00\",\"dateModified\":\"2021-04-26T09:57:09+00:00\",\"mainEntityOfPage\":{\"@id\":\"https:\/\/riberasalud.com\/santa-justa\/2020\/10\/29\/ribera-santa-justa-crea-una-nueva-entrada-y-un-area-de-recepcion-accesibles-y-remodela-la-fachada\/\"},\"wordCount\":859,\"commentCount\":0,\"publisher\":{\"@id\":\"https:\/\/riberasalud.com\/santa-justa\/#organization\"},\"image\":{\"@id\":\"https:\/\/riberasalud.com\/santa-justa\/2020\/10\/29\/ribera-santa-justa-crea-una-nueva-entrada-y-un-area-de-recepcion-accesibles-y-remodela-la-fachada\/#primaryimage\"},\"thumbnailUrl\":\"https:\/\/riberasalud.com\/santa-justa\/wp-content\/uploads\/2021\/04\/Visita-inaugural-Ribera-Santa-Justa-400x250-1.jpg\",\"inLanguage\":\"es\",\"potentialAction\":[{\"@type\":\"CommentAction\",\"name\":\"Comment\",\"target\":[\"https:\/\/riberasalud.com\/santa-justa\/2020\/10\/29\/ribera-santa-justa-crea-una-nueva-entrada-y-un-area-de-recepcion-accesibles-y-remodela-la-fachada\/#respond\"]}]},{\"@type\":\"WebPage\",\"@id\":\"https:\/\/riberasalud.com\/santa-justa\/2020\/10\/29\/ribera-santa-justa-crea-una-nueva-entrada-y-un-area-de-recepcion-accesibles-y-remodela-la-fachada\/\",\"url\":\"https:\/\/riberasalud.com\/santa-justa\/2020\/10\/29\/ribera-santa-justa-crea-una-nueva-entrada-y-un-area-de-recepcion-accesibles-y-remodela-la-fachada\/\",\"name\":\"\u25b7 Ribera Santa Justa crea una nueva entrada y un \u00e1rea de Recepci\u00f3n accesibles y remodela la fachada | Hospital Ribera Santa Justa\",\"isPartOf\":{\"@id\":\"https:\/\/riberasalud.com\/santa-justa\/#website\"},\"primaryImageOfPage\":{\"@id\":\"https:\/\/riberasalud.com\/santa-justa\/2020\/10\/29\/ribera-santa-justa-crea-una-nueva-entrada-y-un-area-de-recepcion-accesibles-y-remodela-la-fachada\/#primaryimage\"},\"image\":{\"@id\":\"https:\/\/riberasalud.com\/santa-justa\/2020\/10\/29\/ribera-santa-justa-crea-una-nueva-entrada-y-un-area-de-recepcion-accesibles-y-remodela-la-fachada\/#primaryimage\"},\"thumbnailUrl\":\"https:\/\/riberasalud.com\/santa-justa\/wp-content\/uploads\/2021\/04\/Visita-inaugural-Ribera-Santa-Justa-400x250-1.jpg\",\"datePublished\":\"2020-10-29T09:33:00+00:00\",\"dateModified\":\"2021-04-26T09:57:09+00:00\",\"description\":\"lll\u1405 El presidente extreme\u00f1o, Guillermo Fern\u00e1ndez Vara, inaugura las obras junto al alcalde de Villanueva de la Serena, Miguel \u00c1ngel Gallardo Miranda, el \u2705\",\"breadcrumb\":{\"@id\":\"https:\/\/riberasalud.com\/santa-justa\/2020\/10\/29\/ribera-santa-justa-crea-una-nueva-entrada-y-un-area-de-recepcion-accesibles-y-remodela-la-fachada\/#breadcrumb\"},\"inLanguage\":\"es\",\"potentialAction\":[{\"@type\":\"ReadAction\",\"target\":[\"https:\/\/riberasalud.com\/santa-justa\/2020\/10\/29\/ribera-santa-justa-crea-una-nueva-entrada-y-un-area-de-recepcion-accesibles-y-remodela-la-fachada\/\"]}]},{\"@type\":\"ImageObject\",\"inLanguage\":\"es\",\"@id\":\"https:\/\/riberasalud.com\/santa-justa\/2020\/10\/29\/ribera-santa-justa-crea-una-nueva-entrada-y-un-area-de-recepcion-accesibles-y-remodela-la-fachada\/#primaryimage\",\"url\":\"https:\/\/riberasalud.com\/santa-justa\/wp-content\/uploads\/2021\/04\/Visita-inaugural-Ribera-Santa-Justa-400x250-1.jpg\",\"contentUrl\":\"https:\/\/riberasalud.com\/santa-justa\/wp-content\/uploads\/2021\/04\/Visita-inaugural-Ribera-Santa-Justa-400x250-1.jpg\",\"width\":400,\"height\":250},{\"@type\":\"BreadcrumbList\",\"@id\":\"https:\/\/riberasalud.com\/santa-justa\/2020\/10\/29\/ribera-santa-justa-crea-una-nueva-entrada-y-un-area-de-recepcion-accesibles-y-remodela-la-fachada\/#breadcrumb\",\"itemListElement\":[{\"@type\":\"ListItem\",\"position\":1,\"name\":\"Portada\",\"item\":\"https:\/\/riberasalud.com\/santa-justa\/\"},{\"@type\":\"ListItem\",\"position\":2,\"name\":\"Ribera Santa Justa crea una nueva entrada y un \u00e1rea de Recepci\u00f3n accesibles y remodela la fachada\"}]},{\"@type\":\"WebSite\",\"@id\":\"https:\/\/riberasalud.com\/santa-justa\/#website\",\"url\":\"https:\/\/riberasalud.com\/santa-justa\/\",\"name\":\"Hospital Ribera Santa Justa\",\"description\":\"\",\"publisher\":{\"@id\":\"https:\/\/riberasalud.com\/santa-justa\/#organization\"},\"potentialAction\":[{\"@type\":\"SearchAction\",\"target\":{\"@type\":\"EntryPoint\",\"urlTemplate\":\"https:\/\/riberasalud.com\/santa-justa\/?s={search_term_string}\"},\"query-input\":{\"@type\":\"PropertyValueSpecification\",\"valueRequired\":true,\"valueName\":\"search_term_string\"}}],\"inLanguage\":\"es\"},{\"@type\":\"Organization\",\"@id\":\"https:\/\/riberasalud.com\/santa-justa\/#organization\",\"name\":\"Hospital Ribera Santa Justa\",\"url\":\"https:\/\/riberasalud.com\/santa-justa\/\",\"logo\":{\"@type\":\"ImageObject\",\"inLanguage\":\"es\",\"@id\":\"https:\/\/riberasalud.com\/santa-justa\/#\/schema\/logo\/image\/\",\"url\":\"https:\/\/riberasalud.com\/santa-justa\/wp-content\/uploads\/2021\/04\/cropped-Logo-Red-SantaJusta.png\",\"contentUrl\":\"https:\/\/riberasalud.com\/santa-justa\/wp-content\/uploads\/2021\/04\/cropped-Logo-Red-SantaJusta.png\",\"width\":2158,\"height\":493,\"caption\":\"Hospital Ribera Santa Justa\"},\"image\":{\"@id\":\"https:\/\/riberasalud.com\/santa-justa\/#\/schema\/logo\/image\/\"}},{\"@type\":\"Person\",\"@id\":\"https:\/\/riberasalud.com\/santa-justa\/#\/schema\/person\/42b1f8555ae0e05d88b5af95c6ec9121\",\"name\":\"jorge@quois.com\",\"image\":{\"@type\":\"ImageObject\",\"inLanguage\":\"es\",\"@id\":\"https:\/\/riberasalud.com\/santa-justa\/#\/schema\/person\/image\/\",\"url\":\"https:\/\/secure.gravatar.com\/avatar\/bca8cccf11ce6757dcdec6ce293d120c16d33c83aeb423357cce3f49f3abae94?s=96&d=mm&r=g\",\"contentUrl\":\"https:\/\/secure.gravatar.com\/avatar\/bca8cccf11ce6757dcdec6ce293d120c16d33c83aeb423357cce3f49f3abae94?s=96&d=mm&r=g\",\"caption\":\"jorge@quois.com\"},\"sameAs\":[\"http:\/\/riberasalud.com\/santa-justa\"],\"url\":\"https:\/\/riberasalud.com\/santa-justa\/author\/jorgequois-com\/\"}]}<\/script>\n<!-- \/ Yoast SEO plugin. -->","yoast_head_json":{"title":"\u25b7 Ribera Santa Justa crea una nueva entrada y un \u00e1rea de Recepci\u00f3n accesibles y remodela la fachada | Hospital Ribera Santa Justa","description":"lll\u1405 El presidente extreme\u00f1o, Guillermo Fern\u00e1ndez Vara, inaugura las obras junto al alcalde de Villanueva de la Serena, Miguel \u00c1ngel Gallardo Miranda, el \u2705","robots":{"index":"index","follow":"follow","max-snippet":"max-snippet:-1","max-image-preview":"max-image-preview:large","max-video-preview":"max-video-preview:-1"},"canonical":"https:\/\/riberasalud.com\/santa-justa\/2020\/10\/29\/ribera-santa-justa-crea-una-nueva-entrada-y-un-area-de-recepcion-accesibles-y-remodela-la-fachada\/","og_locale":"es_ES","og_type":"article","og_title":"\u25b7 Ribera Santa Justa crea una nueva entrada y un \u00e1rea de Recepci\u00f3n accesibles y remodela la fachada | Hospital Ribera Santa Justa","og_description":"lll\u1405 El presidente extreme\u00f1o, Guillermo Fern\u00e1ndez Vara, inaugura las obras junto al alcalde de Villanueva de la Serena, Miguel \u00c1ngel Gallardo Miranda, el \u2705","og_url":"https:\/\/riberasalud.com\/santa-justa\/2020\/10\/29\/ribera-santa-justa-crea-una-nueva-entrada-y-un-area-de-recepcion-accesibles-y-remodela-la-fachada\/","og_site_name":"Hospital Ribera Santa Justa","article_published_time":"2020-10-29T09:33:00+00:00","article_modified_time":"2021-04-26T09:57:09+00:00","og_image":[{"width":400,"height":250,"url":"https:\/\/riberasalud.com\/santa-justa\/wp-content\/uploads\/2021\/04\/Visita-inaugural-Ribera-Santa-Justa-400x250-1.jpg","type":"image\/jpeg"}],"author":"jorge@quois.com","twitter_card":"summary_large_image","twitter_misc":{"Escrito por":"jorge@quois.com","Tiempo de lectura":"4 minutos"},"schema":{"@context":"https:\/\/schema.org","@graph":[{"@type":"Article","@id":"https:\/\/riberasalud.com\/santa-justa\/2020\/10\/29\/ribera-santa-justa-crea-una-nueva-entrada-y-un-area-de-recepcion-accesibles-y-remodela-la-fachada\/#article","isPartOf":{"@id":"https:\/\/riberasalud.com\/santa-justa\/2020\/10\/29\/ribera-santa-justa-crea-una-nueva-entrada-y-un-area-de-recepcion-accesibles-y-remodela-la-fachada\/"},"author":{"name":"jorge@quois.com","@id":"https:\/\/riberasalud.com\/santa-justa\/#\/schema\/person\/42b1f8555ae0e05d88b5af95c6ec9121"},"headline":"Ribera Santa Justa crea una nueva entrada y un \u00e1rea de Recepci\u00f3n accesibles y remodela la fachada","datePublished":"2020-10-29T09:33:00+00:00","dateModified":"2021-04-26T09:57:09+00:00","mainEntityOfPage":{"@id":"https:\/\/riberasalud.com\/santa-justa\/2020\/10\/29\/ribera-santa-justa-crea-una-nueva-entrada-y-un-area-de-recepcion-accesibles-y-remodela-la-fachada\/"},"wordCount":859,"commentCount":0,"publisher":{"@id":"https:\/\/riberasalud.com\/santa-justa\/#organization"},"image":{"@id":"https:\/\/riberasalud.com\/santa-justa\/2020\/10\/29\/ribera-santa-justa-crea-una-nueva-entrada-y-un-area-de-recepcion-accesibles-y-remodela-la-fachada\/#primaryimage"},"thumbnailUrl":"https:\/\/riberasalud.com\/santa-justa\/wp-content\/uploads\/2021\/04\/Visita-inaugural-Ribera-Santa-Justa-400x250-1.jpg","inLanguage":"es","potentialAction":[{"@type":"CommentAction","name":"Comment","target":["https:\/\/riberasalud.com\/santa-justa\/2020\/10\/29\/ribera-santa-justa-crea-una-nueva-entrada-y-un-area-de-recepcion-accesibles-y-remodela-la-fachada\/#respond"]}]},{"@type":"WebPage","@id":"https:\/\/riberasalud.com\/santa-justa\/2020\/10\/29\/ribera-santa-justa-crea-una-nueva-entrada-y-un-area-de-recepcion-accesibles-y-remodela-la-fachada\/","url":"https:\/\/riberasalud.com\/santa-justa\/2020\/10\/29\/ribera-santa-justa-crea-una-nueva-entrada-y-un-area-de-recepcion-accesibles-y-remodela-la-fachada\/","name":"\u25b7 Ribera Santa Justa crea una nueva entrada y un \u00e1rea de Recepci\u00f3n accesibles y remodela la fachada | Hospital Ribera Santa Justa","isPartOf":{"@id":"https:\/\/riberasalud.com\/santa-justa\/#website"},"primaryImageOfPage":{"@id":"https:\/\/riberasalud.com\/santa-justa\/2020\/10\/29\/ribera-santa-justa-crea-una-nueva-entrada-y-un-area-de-recepcion-accesibles-y-remodela-la-fachada\/#primaryimage"},"image":{"@id":"https:\/\/riberasalud.com\/santa-justa\/2020\/10\/29\/ribera-santa-justa-crea-una-nueva-entrada-y-un-area-de-recepcion-accesibles-y-remodela-la-fachada\/#primaryimage"},"thumbnailUrl":"https:\/\/riberasalud.com\/santa-justa\/wp-content\/uploads\/2021\/04\/Visita-inaugural-Ribera-Santa-Justa-400x250-1.jpg","datePublished":"2020-10-29T09:33:00+00:00","dateModified":"2021-04-26T09:57:09+00:00","description":"lll\u1405 El presidente extreme\u00f1o, Guillermo Fern\u00e1ndez Vara, inaugura las obras junto al alcalde de Villanueva de la Serena, Miguel \u00c1ngel Gallardo Miranda, el \u2705","breadcrumb":{"@id":"https:\/\/riberasalud.com\/santa-justa\/2020\/10\/29\/ribera-santa-justa-crea-una-nueva-entrada-y-un-area-de-recepcion-accesibles-y-remodela-la-fachada\/#breadcrumb"},"inLanguage":"es","potentialAction":[{"@type":"ReadAction","target":["https:\/\/riberasalud.com\/santa-justa\/2020\/10\/29\/ribera-santa-justa-crea-una-nueva-entrada-y-un-area-de-recepcion-accesibles-y-remodela-la-fachada\/"]}]},{"@type":"ImageObject","inLanguage":"es","@id":"https:\/\/riberasalud.com\/santa-justa\/2020\/10\/29\/ribera-santa-justa-crea-una-nueva-entrada-y-un-area-de-recepcion-accesibles-y-remodela-la-fachada\/#primaryimage","url":"https:\/\/riberasalud.com\/santa-justa\/wp-content\/uploads\/2021\/04\/Visita-inaugural-Ribera-Santa-Justa-400x250-1.jpg","contentUrl":"https:\/\/riberasalud.com\/santa-justa\/wp-content\/uploads\/2021\/04\/Visita-inaugural-Ribera-Santa-Justa-400x250-1.jpg","width":400,"height":250},{"@type":"BreadcrumbList","@id":"https:\/\/riberasalud.com\/santa-justa\/2020\/10\/29\/ribera-santa-justa-crea-una-nueva-entrada-y-un-area-de-recepcion-accesibles-y-remodela-la-fachada\/#breadcrumb","itemListElement":[{"@type":"ListItem","position":1,"name":"Portada","item":"https:\/\/riberasalud.com\/santa-justa\/"},{"@type":"ListItem","position":2,"name":"Ribera Santa Justa crea una nueva entrada y un \u00e1rea de Recepci\u00f3n accesibles y remodela la fachada"}]},{"@type":"WebSite","@id":"https:\/\/riberasalud.com\/santa-justa\/#website","url":"https:\/\/riberasalud.com\/santa-justa\/","name":"Hospital Ribera Santa Justa","description":"","publisher":{"@id":"https:\/\/riberasalud.com\/santa-justa\/#organization"},"potentialAction":[{"@type":"SearchAction","target":{"@type":"EntryPoint","urlTemplate":"https:\/\/riberasalud.com\/santa-justa\/?s={search_term_string}"},"query-input":{"@type":"PropertyValueSpecification","valueRequired":true,"valueName":"search_term_string"}}],"inLanguage":"es"},{"@type":"Organization","@id":"https:\/\/riberasalud.com\/santa-justa\/#organization","name":"Hospital Ribera Santa Justa","url":"https:\/\/riberasalud.com\/santa-justa\/","logo":{"@type":"ImageObject","inLanguage":"es","@id":"https:\/\/riberasalud.com\/santa-justa\/#\/schema\/logo\/image\/","url":"https:\/\/riberasalud.com\/santa-justa\/wp-content\/uploads\/2021\/04\/cropped-Logo-Red-SantaJusta.png","contentUrl":"https:\/\/riberasalud.com\/santa-justa\/wp-content\/uploads\/2021\/04\/cropped-Logo-Red-SantaJusta.png","width":2158,"height":493,"caption":"Hospital Ribera Santa Justa"},"image":{"@id":"https:\/\/riberasalud.com\/santa-justa\/#\/schema\/logo\/image\/"}},{"@type":"Person","@id":"https:\/\/riberasalud.com\/santa-justa\/#\/schema\/person\/42b1f8555ae0e05d88b5af95c6ec9121","name":"jorge@quois.com","image":{"@type":"ImageObject","inLanguage":"es","@id":"https:\/\/riberasalud.com\/santa-justa\/#\/schema\/person\/image\/","url":"https:\/\/secure.gravatar.com\/avatar\/bca8cccf11ce6757dcdec6ce293d120c16d33c83aeb423357cce3f49f3abae94?s=96&d=mm&r=g","contentUrl":"https:\/\/secure.gravatar.com\/avatar\/bca8cccf11ce6757dcdec6ce293d120c16d33c83aeb423357cce3f49f3abae94?s=96&d=mm&r=g","caption":"jorge@quois.com"},"sameAs":["http:\/\/riberasalud.com\/santa-justa"],"url":"https:\/\/riberasalud.com\/santa-justa\/author\/jorgequois-com\/"}]}},"author_meta":{"display_name":"jorge@quois.com","author_link":"https:\/\/riberasalud.com\/santa-justa\/author\/jorgequois-com\/"},"featured_img":"https:\/\/riberasalud.com\/santa-justa\/wp-content\/uploads\/2021\/04\/Visita-inaugural-Ribera-Santa-Justa-400x250-1-300x188.jpg","pbg_featured_image_src":{"full":["https:\/\/riberasalud.com\/santa-justa\/wp-content\/uploads\/2021\/04\/Visita-inaugural-Ribera-Santa-Justa-400x250-1.jpg",400,250,false],"thumbnail":["https:\/\/riberasalud.com\/santa-justa\/wp-content\/uploads\/2021\/04\/Visita-inaugural-Ribera-Santa-Justa-400x250-1-150x150.jpg",150,150,true],"medium":["https:\/\/riberasalud.com\/santa-justa\/wp-content\/uploads\/2021\/04\/Visita-inaugural-Ribera-Santa-Justa-400x250-1-300x188.jpg",300,188,true],"medium_large":["https:\/\/riberasalud.com\/santa-justa\/wp-content\/uploads\/2021\/04\/Visita-inaugural-Ribera-Santa-Justa-400x250-1.jpg",400,250,false],"large":["https:\/\/riberasalud.com\/santa-justa\/wp-content\/uploads\/2021\/04\/Visita-inaugural-Ribera-Santa-Justa-400x250-1.jpg",400,250,false],"xl":["https:\/\/riberasalud.com\/santa-justa\/wp-content\/uploads\/2021\/04\/Visita-inaugural-Ribera-Santa-Justa-400x250-1.jpg",400,250,false],"xxl":["https:\/\/riberasalud.com\/santa-justa\/wp-content\/uploads\/2021\/04\/Visita-inaugural-Ribera-Santa-Justa-400x250-1.jpg",400,250,false],"xxxl":["https:\/\/riberasalud.com\/santa-justa\/wp-content\/uploads\/2021\/04\/Visita-inaugural-Ribera-Santa-Justa-400x250-1.jpg",400,250,false],"xxxxl":["https:\/\/riberasalud.com\/santa-justa\/wp-content\/uploads\/2021\/04\/Visita-inaugural-Ribera-Santa-Justa-400x250-1.jpg",400,250,false],"xxxxxl":["https:\/\/riberasalud.com\/santa-justa\/wp-content\/uploads\/2021\/04\/Visita-inaugural-Ribera-Santa-Justa-400x250-1.jpg",400,250,false],"1536x1536":["https:\/\/riberasalud.com\/santa-justa\/wp-content\/uploads\/2021\/04\/Visita-inaugural-Ribera-Santa-Justa-400x250-1.jpg",400,250,false],"2048x2048":["https:\/\/riberasalud.com\/santa-justa\/wp-content\/uploads\/2021\/04\/Visita-inaugural-Ribera-Santa-Justa-400x250-1.jpg",400,250,false]},"pbg_author_info":{"display_name":"jorge@quois.com","author_link":"https:\/\/riberasalud.com\/santa-justa\/author\/jorgequois-com\/","author_img":"<img alt='jorge@quois.com' src='https:\/\/secure.gravatar.com\/avatar\/bca8cccf11ce6757dcdec6ce293d120c16d33c83aeb423357cce3f49f3abae94?s=128&#038;d=mm&#038;r=g' srcset='https:\/\/secure.gravatar.com\/avatar\/bca8cccf11ce6757dcdec6ce293d120c16d33c83aeb423357cce3f49f3abae94?s=256&#038;d=mm&#038;r=g 2x' class='avatar avatar-128 photo' height='128' width='128' loading='lazy' decoding='async'\/>"},"pbg_comment_info":" No Comments","pbg_excerpt":"El presidente extreme\u00f1o, Guillermo Fern\u00e1ndez Vara, inaugura las obras junto al alcalde de Villanueva de la Serena, Miguel \u00c1ngel Gallardo Miranda, el director ejecutivo para Europa de Centene, Alberto de Rosa, y la consejera delegada de Ribera, Elisa Tarazona El grupo Ribera integra materiales sostenibles y modernos en el edificio hist\u00f3rico que acoge el hospital,&hellip;","uagb_featured_image_src":{"full":["https:\/\/riberasalud.com\/santa-justa\/wp-content\/uploads\/2021\/04\/Visita-inaugural-Ribera-Santa-Justa-400x250-1.jpg",400,250,false],"thumbnail":["https:\/\/riberasalud.com\/santa-justa\/wp-content\/uploads\/2021\/04\/Visita-inaugural-Ribera-Santa-Justa-400x250-1-150x150.jpg",150,150,true],"medium":["https:\/\/riberasalud.com\/santa-justa\/wp-content\/uploads\/2021\/04\/Visita-inaugural-Ribera-Santa-Justa-400x250-1-300x188.jpg",300,188,true],"medium_large":["https:\/\/riberasalud.com\/santa-justa\/wp-content\/uploads\/2021\/04\/Visita-inaugural-Ribera-Santa-Justa-400x250-1.jpg",400,250,false],"large":["https:\/\/riberasalud.com\/santa-justa\/wp-content\/uploads\/2021\/04\/Visita-inaugural-Ribera-Santa-Justa-400x250-1.jpg",400,250,false],"xl":["https:\/\/riberasalud.com\/santa-justa\/wp-content\/uploads\/2021\/04\/Visita-inaugural-Ribera-Santa-Justa-400x250-1.jpg",400,250,false],"xxl":["https:\/\/riberasalud.com\/santa-justa\/wp-content\/uploads\/2021\/04\/Visita-inaugural-Ribera-Santa-Justa-400x250-1.jpg",400,250,false],"xxxl":["https:\/\/riberasalud.com\/santa-justa\/wp-content\/uploads\/2021\/04\/Visita-inaugural-Ribera-Santa-Justa-400x250-1.jpg",400,250,false],"xxxxl":["https:\/\/riberasalud.com\/santa-justa\/wp-content\/uploads\/2021\/04\/Visita-inaugural-Ribera-Santa-Justa-400x250-1.jpg",400,250,false],"xxxxxl":["https:\/\/riberasalud.com\/santa-justa\/wp-content\/uploads\/2021\/04\/Visita-inaugural-Ribera-Santa-Justa-400x250-1.jpg",400,250,false],"1536x1536":["https:\/\/riberasalud.com\/santa-justa\/wp-content\/uploads\/2021\/04\/Visita-inaugural-Ribera-Santa-Justa-400x250-1.jpg",400,250,false],"2048x2048":["https:\/\/riberasalud.com\/santa-justa\/wp-content\/uploads\/2021\/04\/Visita-inaugural-Ribera-Santa-Justa-400x250-1.jpg",400,250,false]},"uagb_author_info":{"display_name":"jorge@quois.com","author_link":"https:\/\/riberasalud.com\/santa-justa\/author\/jorgequois-com\/"},"uagb_comment_info":0,"uagb_excerpt":"El presidente extreme\u00f1o, Guillermo Fern\u00e1ndez Vara, inaugura las obras junto al alcalde de Villanueva de la Serena, Miguel \u00c1ngel Gallardo Miranda, el director ejecutivo para Europa de Centene, Alberto de Rosa, y la consejera delegada de Ribera, Elisa Tarazona El grupo Ribera integra materiales sostenibles y modernos en el edificio hist\u00f3rico que acoge el hospital,&hellip;","coauthors":[],"tax_additional":{"categories":{"linked":["<a href=\"https:\/\/riberasalud.com\/santa-justa\/category\/sin-categoria\/\" class=\"advgb-post-tax-term\">Sin categor\u00eda<\/a>"],"unlinked":["<span class=\"advgb-post-tax-term\">Sin categor\u00eda<\/span>"]}},"comment_count":"0","relative_dates":{"created":"Publicado 5 a\u00f1os hace","modified":"Actualizado 5 a\u00f1os hace"},"absolute_dates":{"created":"Publicado el 29 de octubre de 2020","modified":"Actualizado el 26 de abril de 2021"},"absolute_dates_time":{"created":"Publicado el 29 de octubre de 2020 09:33","modified":"Actualizado el 26 de abril de 2021 09:57"},"featured_img_caption":"","series_order":"","_links":{"self":[{"href":"https:\/\/riberasalud.com\/santa-justa\/wp-json\/wp\/v2\/posts\/136","targetHints":{"allow":["GET"]}}],"collection":[{"href":"https:\/\/riberasalud.com\/santa-justa\/wp-json\/wp\/v2\/posts"}],"about":[{"href":"https:\/\/riberasalud.com\/santa-justa\/wp-json\/wp\/v2\/types\/post"}],"author":[{"embeddable":true,"href":"https:\/\/riberasalud.com\/santa-justa\/wp-json\/wp\/v2\/users\/1"}],"replies":[{"embeddable":true,"href":"https:\/\/riberasalud.com\/santa-justa\/wp-json\/wp\/v2\/comments?post=136"}],"version-history":[{"count":1,"href":"https:\/\/riberasalud.com\/santa-justa\/wp-json\/wp\/v2\/posts\/136\/revisions"}],"predecessor-version":[{"id":148,"href":"https:\/\/riberasalud.com\/santa-justa\/wp-json\/wp\/v2\/posts\/136\/revisions\/148"}],"wp:featuredmedia":[{"embeddable":true,"href":"https:\/\/riberasalud.com\/santa-justa\/wp-json\/wp\/v2\/media\/193"}],"wp:attachment":[{"href":"https:\/\/riberasalud.com\/santa-justa\/wp-json\/wp\/v2\/media?parent=136"}],"wp:term":[{"taxonomy":"category","embeddable":true,"href":"https:\/\/riberasalud.com\/santa-justa\/wp-json\/wp\/v2\/categories?post=136"},{"taxonomy":"post_tag","embeddable":true,"href":"https:\/\/riberasalud.com\/santa-justa\/wp-json\/wp\/v2\/tags?post=136"}],"curies":[{"name":"wp","href":"https:\/\/api.w.org\/{rel}","templated":true}]}}