{"id":126,"date":"2020-07-24T09:33:55","date_gmt":"2020-07-24T09:33:55","guid":{"rendered":"https:\/\/riberasalud.com\/santa-justa\/2021\/04\/26\/ribera-santa-justa-advierte-de-lesiones-en-los-ojos-por-el-sol-y-el-cloro-y-recomienda-un-examen-exhaustivo-de-salud-ocular\/"},"modified":"2021-05-06T07:20:51","modified_gmt":"2021-05-06T07:20:51","slug":"ribera-santa-justa-advierte-de-lesiones-en-los-ojos-por-el-sol-y-el-cloro-y-recomienda-un-examen-exhaustivo-de-salud-ocular","status":"publish","type":"post","link":"https:\/\/riberasalud.com\/santa-justa\/2020\/07\/24\/ribera-santa-justa-advierte-de-lesiones-en-los-ojos-por-el-sol-y-el-cloro-y-recomienda-un-examen-exhaustivo-de-salud-ocular\/","title":{"rendered":"Ribera Santa Justa advierte de lesiones en los ojos por el sol y el cloro y recomienda un examen exhaustivo de salud ocular"},"content":{"rendered":"\n<ul class=\"wp-block-list\"><li><strong>La oftalm\u00f3loga de este hospital, Naira Huertas, asegura que la alta radiaci\u00f3n solar en verano y el cloro de las piscinas pueden provocar queratitis act\u00ednica tras una exposici\u00f3n prolongada y sin protecci\u00f3n, queratitis infecciosa, as\u00ed como degeneraciones conjuntivales, afecciones en la retina y conjuntivitis irritativa.<\/strong><\/li><\/ul>\n\n\n\n<p>El verano ha llegado este a\u00f1o casi de repente, despu\u00e9s de al menos dos meses de confinamiento y con una parte de la poblaci\u00f3n temerosa de contagiarse por el coronavirus, que sigue provocando lo que de momento son peque\u00f1os rebrotes pero que nadie es capaz de aventurar hasta d\u00f3nde llegar\u00e1n. Sin embargo, son cada vez m\u00e1s los especialistas que alertan sobre las consecuencias que este miedo puede provocar en otros aspectos de la salud, como en la salud ocular, si los ciudadanos no retoman los chequeos y revisiones peri\u00f3dicas. En este sentido, en el <a href=\"https:\/\/santa-justasalud.com\/\">hospital Ribera Santa Justa<\/a>, perteneciente al <a href=\"https:\/\/www.riberasalud.com\/\">grupo Ribera Salud<\/a>, se han tomado todas las medidas de seguridad y protecci\u00f3n, con protocolos espec\u00edficos anti-COVID19, que garantizan la seguridad de profesionales y pacientes.<\/p>\n\n\n\n<p>Es en este contexto en el que la oftalm\u00f3loga <strong>Naira Huertas<\/strong>, recomienda un examen exhaustivo de salud ocular para valorar posibles afecciones oculares post-confinamiento, para prevenir lesiones ocasionadas por el sol y el cloro y especialmente, para controlar a la poblaci\u00f3n \u201cde riesgo\u201d. Porque \u201c<em>si en general no est\u00e1 de m\u00e1s que de vez en cuando realicemos alguna revisi\u00f3n, lo que es seguro es que deber\u00edan hacerlo de manera peri\u00f3dica personas con degeneraci\u00f3n macular asociada a la edad, glaucoma (tanto el paciente con sus familiares de primer grado), pacientes con defectos de refracci\u00f3n como la miop\u00eda y la hipermetrop\u00eda, diab\u00e9ticos, hipertensos, aquellos con patolog\u00edas corneales (como el queratocono) y con problemas de superficie ocular como los que presentan sequedad, queratitis o conjuntivitis<\/em>\u201d, asegura la especialista de Ribera Santa Justa, que pasa consulta en este centro sanitario todos los lunes y jueves.<\/p>\n\n\n\n<p>Y es que en verano la alta radiaci\u00f3n solar y el cloro de las piscinas pueden provocar lesiones importantes en los ojos, que debe controlar un especialista. La queratitis act\u00ednica es una de las lesiones m\u00e1s habituales en esta \u00e9poca del a\u00f1o \u201c<em>y se produce tras una exposici\u00f3n prolongada y sin protecci\u00f3n al sol, provocando dolor, ojos rojos, lagrimeo y fotofobia, aunque los efectos suelen desaparecer en uno o dos d\u00edas<\/em>\u201d, seg\u00fan explica la doctora Huertas. Son habituales tambi\u00e9n las degeneraciones conjuntivales como el pterigium (com\u00fanmente conocido como \u201cu\u00f1a\u201d) o la ping\u00faecula. \u201cSe trata de un crecimiento anormal no maligno de la conjuntiva sobre la c\u00f3rnea (en el caso del pterigium) o s\u00f3lo una zona de elevaci\u00f3n conjuntival (en el caso de la ping\u00faecula) y se produce sobre todo por la exposici\u00f3n solar y en personas que realizan actividades al aire libre\u201d, seg\u00fan explica la oftalm\u00f3loga de Ribera Santa Justa y que puede producir sequedad ocular con producci\u00f3n de \u00falceras corneales, sensaci\u00f3n de cuerpo extra\u00f1o y problemas de refracci\u00f3n.<\/p>\n\n\n\n<p>La doctora Huertas advierte tambi\u00e9n de\nafecciones en la retina, especialmente en el \u00e1rea macular y en el cristalino\ncomo consecuencia de la exposici\u00f3n prolongada a los rayos solares sin\nprotecci\u00f3n, acelerando por ejemplo el proceso de formaci\u00f3n de cataratas. Por\nello, advierte, \u201ces fundamental durante el verano el uso de gafas de sol con filtro\nde radiaci\u00f3n ultravioletas homologados, y conjuntamente o en su defecto, el uso\nde gorros o gorras con visera\u201d.<\/p>\n\n\n\n<p><strong>Cuidado con el cloro y el aire acondicionado<\/strong><\/p>\n\n\n\n<p>Y advierte sobre el peligro del cloro de las piscinas si no se utiliza la protecci\u00f3n adecuada para los ojos. \u201c<em>El cloro se utiliza como agente desinfectante en las piscinas y el exceso de \u00e9ste o simplemente su presencia en el agua, puede producir en algunas personas irritaci\u00f3n conjuntival tras 30-40 min del ba\u00f1o, provocando una conjuntivitis irritativa<\/em>\u201d, explica la oftalm\u00f3loga de Ribera Santa Justa. Menci\u00f3n destacada hace esta profesional del grupo Ribera Salud sobre el riesgo que tienen las personas que usan lentes de contacto de contraer una queratitis infecciosa. \u201c<em>El agente causal m\u00e1s grave es la Acanthamoeba por la facilidad con la que prolifera en el agua de las piscinas<\/em>\u201d, asegura.<\/p>\n\n\n\n<p>Adem\u00e1s, la especialista de Ribera Santa Justa advierte sobre el efecto en nuestros ojos del aire acondicionado que, aunque imprescindible durante los meses de verano, \u201c<em>produce sequedad ocular que se traduce en molestias diarias continuas, empeorando nuestra calidad de vida<\/em>\u201d. Para evitarlo recomienda usar l\u00e1grimas artificiales con \u00e1cido hialur\u00f3nico y vitaminas que ayuden a nuestra pel\u00edcula lagrimal a permanecer en la c\u00f3rnea durante m\u00e1s tiempo, minimizando los efectos indeseables de la sequedad ocular o incluso haci\u00e9ndolos desaparecer.<\/p>\n\n\n\n<p>As\u00ed lo han recogido los medios: <a href=\"https:\/\/www.enteratextremadura.es\/23-actualidad\/1657-ribera-santa-justa-advierte-de-lesiones-en-los-ojos-por-el-sol-y-el-cloro-y-recomienda-un-examen-exhaustivo-de-salud-ocular.html\">Ent\u00e9rate Extremadura<\/a> y <a href=\"https:\/\/www.nuestracomarca.com\/villanueva-de-la-serena\/9409-ribera-santa-justa-recomienda-un-examen-exhaustivo-de-los-ojos-tras-el-confinamiento-para-prevenir-lesiones.html\">Nuestra Comarca<\/a><\/p>\n","protected":false},"excerpt":{"rendered":"<p>La oftalm\u00f3loga de este hospital, Naira Huertas, asegura que la alta radiaci\u00f3n solar en verano y el cloro de las piscinas pueden provocar queratitis act\u00ednica tras una exposici\u00f3n prolongada y sin protecci\u00f3n, queratitis infecciosa, as\u00ed como degeneraciones conjuntivales, afecciones en la retina y conjuntivitis irritativa. El verano ha llegado este a\u00f1o casi de repente, despu\u00e9s &#8230; <a title=\"Ribera Santa Justa advierte de lesiones en los ojos por el sol y el cloro y recomienda un examen exhaustivo de salud ocular\" class=\"read-more\" href=\"https:\/\/riberasalud.com\/santa-justa\/2020\/07\/24\/ribera-santa-justa-advierte-de-lesiones-en-los-ojos-por-el-sol-y-el-cloro-y-recomienda-un-examen-exhaustivo-de-salud-ocular\/\" aria-label=\"Leer m\u00e1s sobre Ribera Santa Justa advierte de lesiones en los ojos por el sol y el cloro y recomienda un examen exhaustivo de salud ocular\">Leer m\u00e1s<\/a><\/p>\n","protected":false},"author":1,"featured_media":174,"comment_status":"open","ping_status":"open","sticky":false,"template":"","format":"standard","meta":{"_coblocks_attr":"","_coblocks_dimensions":"","_coblocks_responsive_height":"","_coblocks_accordion_ie_support":"","_uag_custom_page_level_css":"","advgb_blocks_editor_width":"","advgb_blocks_columns_visual_guide":"","_monsterinsights_skip_tracking":false,"_monsterinsights_sitenote_active":false,"_monsterinsights_sitenote_note":"","_monsterinsights_sitenote_category":0,"footnotes":""},"categories":[1],"tags":[],"class_list":["post-126","post","type-post","status-publish","format-standard","has-post-thumbnail","hentry","category-sin-categoria"],"featured_image_urls_v2":{"full":["https:\/\/riberasalud.com\/santa-justa\/wp-content\/uploads\/2021\/04\/santa-justa-021-400x250-1.jpg",400,250,false],"thumbnail":["https:\/\/riberasalud.com\/santa-justa\/wp-content\/uploads\/2021\/04\/santa-justa-021-400x250-1-150x150.jpg",150,150,true],"medium":["https:\/\/riberasalud.com\/santa-justa\/wp-content\/uploads\/2021\/04\/santa-justa-021-400x250-1-300x188.jpg",300,188,true],"medium_large":["https:\/\/riberasalud.com\/santa-justa\/wp-content\/uploads\/2021\/04\/santa-justa-021-400x250-1.jpg",400,250,false],"large":["https:\/\/riberasalud.com\/santa-justa\/wp-content\/uploads\/2021\/04\/santa-justa-021-400x250-1.jpg",400,250,false],"xl":["https:\/\/riberasalud.com\/santa-justa\/wp-content\/uploads\/2021\/04\/santa-justa-021-400x250-1.jpg",400,250,false],"xxl":["https:\/\/riberasalud.com\/santa-justa\/wp-content\/uploads\/2021\/04\/santa-justa-021-400x250-1.jpg",400,250,false],"xxxl":["https:\/\/riberasalud.com\/santa-justa\/wp-content\/uploads\/2021\/04\/santa-justa-021-400x250-1.jpg",400,250,false],"xxxxl":["https:\/\/riberasalud.com\/santa-justa\/wp-content\/uploads\/2021\/04\/santa-justa-021-400x250-1.jpg",400,250,false],"xxxxxl":["https:\/\/riberasalud.com\/santa-justa\/wp-content\/uploads\/2021\/04\/santa-justa-021-400x250-1.jpg",400,250,false],"1536x1536":["https:\/\/riberasalud.com\/santa-justa\/wp-content\/uploads\/2021\/04\/santa-justa-021-400x250-1.jpg",400,250,false],"2048x2048":["https:\/\/riberasalud.com\/santa-justa\/wp-content\/uploads\/2021\/04\/santa-justa-021-400x250-1.jpg",400,250,false]},"post_excerpt_stackable_v2":"<p>La oftalm\u00f3loga de este hospital, Naira Huertas, asegura que la alta radiaci\u00f3n solar en verano y el cloro de las piscinas pueden provocar queratitis act\u00ednica tras una exposici\u00f3n prolongada y sin protecci\u00f3n, queratitis infecciosa, as\u00ed como degeneraciones conjuntivales, afecciones en la retina y conjuntivitis irritativa. El verano ha llegado este a\u00f1o casi de repente, despu\u00e9s de al menos dos meses de confinamiento y con una parte de la poblaci\u00f3n temerosa de contagiarse por el coronavirus, que sigue provocando lo que de momento son peque\u00f1os rebrotes pero que nadie es capaz de aventurar hasta d\u00f3nde llegar\u00e1n. Sin embargo, son cada vez&hellip;<\/p>\n","category_list_v2":"<a href=\"https:\/\/riberasalud.com\/santa-justa\/category\/sin-categoria\/\" rel=\"category tag\">Sin categor\u00eda<\/a>","author_info_v2":{"name":"jorge@quois.com","url":"https:\/\/riberasalud.com\/santa-justa\/author\/jorgequois-com\/"},"comments_num_v2":"0 comentarios","yoast_head":"<!-- This site is optimized with the Yoast SEO plugin v26.6 - https:\/\/yoast.com\/wordpress\/plugins\/seo\/ -->\n<title>\u25b7 Ribera Santa Justa advierte de lesiones en los ojos por el sol y el cloro y recomienda un examen exhaustivo de salud ocular | Hospital Ribera Santa Justa<\/title>\n<meta name=\"description\" content=\"lll\u1405 La oftalm\u00f3loga de este hospital, Naira Huertas, asegura que la alta radiaci\u00f3n solar en verano y el cloro de las piscinas pueden provocar queratitis \u2705\" \/>\n<meta name=\"robots\" content=\"index, follow, max-snippet:-1, max-image-preview:large, max-video-preview:-1\" \/>\n<link rel=\"canonical\" href=\"https:\/\/riberasalud.com\/santa-justa\/2020\/07\/24\/ribera-santa-justa-advierte-de-lesiones-en-los-ojos-por-el-sol-y-el-cloro-y-recomienda-un-examen-exhaustivo-de-salud-ocular\/\" \/>\n<meta property=\"og:locale\" content=\"es_ES\" \/>\n<meta property=\"og:type\" content=\"article\" \/>\n<meta property=\"og:title\" content=\"\u25b7 Ribera Santa Justa advierte de lesiones en los ojos por el sol y el cloro y recomienda un examen exhaustivo de salud ocular | Hospital Ribera Santa Justa\" \/>\n<meta property=\"og:description\" content=\"lll\u1405 La oftalm\u00f3loga de este hospital, Naira Huertas, asegura que la alta radiaci\u00f3n solar en verano y el cloro de las piscinas pueden provocar queratitis \u2705\" \/>\n<meta property=\"og:url\" content=\"https:\/\/riberasalud.com\/santa-justa\/2020\/07\/24\/ribera-santa-justa-advierte-de-lesiones-en-los-ojos-por-el-sol-y-el-cloro-y-recomienda-un-examen-exhaustivo-de-salud-ocular\/\" \/>\n<meta property=\"og:site_name\" content=\"Hospital Ribera Santa Justa\" \/>\n<meta property=\"article:published_time\" content=\"2020-07-24T09:33:55+00:00\" \/>\n<meta property=\"article:modified_time\" content=\"2021-05-06T07:20:51+00:00\" \/>\n<meta property=\"og:image\" content=\"https:\/\/riberasalud.com\/santa-justa\/wp-content\/uploads\/2021\/04\/santa-justa-021-400x250-1.jpg\" \/>\n\t<meta property=\"og:image:width\" content=\"400\" \/>\n\t<meta property=\"og:image:height\" content=\"250\" \/>\n\t<meta property=\"og:image:type\" content=\"image\/jpeg\" \/>\n<meta name=\"author\" content=\"jorge@quois.com\" \/>\n<meta name=\"twitter:card\" content=\"summary_large_image\" \/>\n<meta name=\"twitter:label1\" content=\"Escrito por\" \/>\n\t<meta name=\"twitter:data1\" content=\"jorge@quois.com\" \/>\n\t<meta name=\"twitter:label2\" content=\"Tiempo de lectura\" \/>\n\t<meta name=\"twitter:data2\" content=\"4 minutos\" \/>\n<script type=\"application\/ld+json\" class=\"yoast-schema-graph\">{\"@context\":\"https:\/\/schema.org\",\"@graph\":[{\"@type\":\"Article\",\"@id\":\"https:\/\/riberasalud.com\/santa-justa\/2020\/07\/24\/ribera-santa-justa-advierte-de-lesiones-en-los-ojos-por-el-sol-y-el-cloro-y-recomienda-un-examen-exhaustivo-de-salud-ocular\/#article\",\"isPartOf\":{\"@id\":\"https:\/\/riberasalud.com\/santa-justa\/2020\/07\/24\/ribera-santa-justa-advierte-de-lesiones-en-los-ojos-por-el-sol-y-el-cloro-y-recomienda-un-examen-exhaustivo-de-salud-ocular\/\"},\"author\":{\"name\":\"jorge@quois.com\",\"@id\":\"https:\/\/riberasalud.com\/santa-justa\/#\/schema\/person\/42b1f8555ae0e05d88b5af95c6ec9121\"},\"headline\":\"Ribera Santa Justa advierte de lesiones en los ojos por el sol y el cloro y recomienda un examen exhaustivo de salud ocular\",\"datePublished\":\"2020-07-24T09:33:55+00:00\",\"dateModified\":\"2021-05-06T07:20:51+00:00\",\"mainEntityOfPage\":{\"@id\":\"https:\/\/riberasalud.com\/santa-justa\/2020\/07\/24\/ribera-santa-justa-advierte-de-lesiones-en-los-ojos-por-el-sol-y-el-cloro-y-recomienda-un-examen-exhaustivo-de-salud-ocular\/\"},\"wordCount\":855,\"commentCount\":0,\"publisher\":{\"@id\":\"https:\/\/riberasalud.com\/santa-justa\/#organization\"},\"image\":{\"@id\":\"https:\/\/riberasalud.com\/santa-justa\/2020\/07\/24\/ribera-santa-justa-advierte-de-lesiones-en-los-ojos-por-el-sol-y-el-cloro-y-recomienda-un-examen-exhaustivo-de-salud-ocular\/#primaryimage\"},\"thumbnailUrl\":\"https:\/\/riberasalud.com\/santa-justa\/wp-content\/uploads\/2021\/04\/santa-justa-021-400x250-1.jpg\",\"inLanguage\":\"es\",\"potentialAction\":[{\"@type\":\"CommentAction\",\"name\":\"Comment\",\"target\":[\"https:\/\/riberasalud.com\/santa-justa\/2020\/07\/24\/ribera-santa-justa-advierte-de-lesiones-en-los-ojos-por-el-sol-y-el-cloro-y-recomienda-un-examen-exhaustivo-de-salud-ocular\/#respond\"]}]},{\"@type\":\"WebPage\",\"@id\":\"https:\/\/riberasalud.com\/santa-justa\/2020\/07\/24\/ribera-santa-justa-advierte-de-lesiones-en-los-ojos-por-el-sol-y-el-cloro-y-recomienda-un-examen-exhaustivo-de-salud-ocular\/\",\"url\":\"https:\/\/riberasalud.com\/santa-justa\/2020\/07\/24\/ribera-santa-justa-advierte-de-lesiones-en-los-ojos-por-el-sol-y-el-cloro-y-recomienda-un-examen-exhaustivo-de-salud-ocular\/\",\"name\":\"\u25b7 Ribera Santa Justa advierte de lesiones en los ojos por el sol y el cloro y recomienda un examen exhaustivo de salud ocular | Hospital Ribera Santa Justa\",\"isPartOf\":{\"@id\":\"https:\/\/riberasalud.com\/santa-justa\/#website\"},\"primaryImageOfPage\":{\"@id\":\"https:\/\/riberasalud.com\/santa-justa\/2020\/07\/24\/ribera-santa-justa-advierte-de-lesiones-en-los-ojos-por-el-sol-y-el-cloro-y-recomienda-un-examen-exhaustivo-de-salud-ocular\/#primaryimage\"},\"image\":{\"@id\":\"https:\/\/riberasalud.com\/santa-justa\/2020\/07\/24\/ribera-santa-justa-advierte-de-lesiones-en-los-ojos-por-el-sol-y-el-cloro-y-recomienda-un-examen-exhaustivo-de-salud-ocular\/#primaryimage\"},\"thumbnailUrl\":\"https:\/\/riberasalud.com\/santa-justa\/wp-content\/uploads\/2021\/04\/santa-justa-021-400x250-1.jpg\",\"datePublished\":\"2020-07-24T09:33:55+00:00\",\"dateModified\":\"2021-05-06T07:20:51+00:00\",\"description\":\"lll\u1405 La oftalm\u00f3loga de este hospital, Naira Huertas, asegura que la alta radiaci\u00f3n solar en verano y el cloro de las piscinas pueden provocar queratitis \u2705\",\"breadcrumb\":{\"@id\":\"https:\/\/riberasalud.com\/santa-justa\/2020\/07\/24\/ribera-santa-justa-advierte-de-lesiones-en-los-ojos-por-el-sol-y-el-cloro-y-recomienda-un-examen-exhaustivo-de-salud-ocular\/#breadcrumb\"},\"inLanguage\":\"es\",\"potentialAction\":[{\"@type\":\"ReadAction\",\"target\":[\"https:\/\/riberasalud.com\/santa-justa\/2020\/07\/24\/ribera-santa-justa-advierte-de-lesiones-en-los-ojos-por-el-sol-y-el-cloro-y-recomienda-un-examen-exhaustivo-de-salud-ocular\/\"]}]},{\"@type\":\"ImageObject\",\"inLanguage\":\"es\",\"@id\":\"https:\/\/riberasalud.com\/santa-justa\/2020\/07\/24\/ribera-santa-justa-advierte-de-lesiones-en-los-ojos-por-el-sol-y-el-cloro-y-recomienda-un-examen-exhaustivo-de-salud-ocular\/#primaryimage\",\"url\":\"https:\/\/riberasalud.com\/santa-justa\/wp-content\/uploads\/2021\/04\/santa-justa-021-400x250-1.jpg\",\"contentUrl\":\"https:\/\/riberasalud.com\/santa-justa\/wp-content\/uploads\/2021\/04\/santa-justa-021-400x250-1.jpg\",\"width\":400,\"height\":250},{\"@type\":\"BreadcrumbList\",\"@id\":\"https:\/\/riberasalud.com\/santa-justa\/2020\/07\/24\/ribera-santa-justa-advierte-de-lesiones-en-los-ojos-por-el-sol-y-el-cloro-y-recomienda-un-examen-exhaustivo-de-salud-ocular\/#breadcrumb\",\"itemListElement\":[{\"@type\":\"ListItem\",\"position\":1,\"name\":\"Portada\",\"item\":\"https:\/\/riberasalud.com\/santa-justa\/\"},{\"@type\":\"ListItem\",\"position\":2,\"name\":\"Ribera Santa Justa advierte de lesiones en los ojos por el sol y el cloro y recomienda un examen exhaustivo de salud ocular\"}]},{\"@type\":\"WebSite\",\"@id\":\"https:\/\/riberasalud.com\/santa-justa\/#website\",\"url\":\"https:\/\/riberasalud.com\/santa-justa\/\",\"name\":\"Hospital Ribera Santa Justa\",\"description\":\"\",\"publisher\":{\"@id\":\"https:\/\/riberasalud.com\/santa-justa\/#organization\"},\"potentialAction\":[{\"@type\":\"SearchAction\",\"target\":{\"@type\":\"EntryPoint\",\"urlTemplate\":\"https:\/\/riberasalud.com\/santa-justa\/?s={search_term_string}\"},\"query-input\":{\"@type\":\"PropertyValueSpecification\",\"valueRequired\":true,\"valueName\":\"search_term_string\"}}],\"inLanguage\":\"es\"},{\"@type\":\"Organization\",\"@id\":\"https:\/\/riberasalud.com\/santa-justa\/#organization\",\"name\":\"Hospital Ribera Santa Justa\",\"url\":\"https:\/\/riberasalud.com\/santa-justa\/\",\"logo\":{\"@type\":\"ImageObject\",\"inLanguage\":\"es\",\"@id\":\"https:\/\/riberasalud.com\/santa-justa\/#\/schema\/logo\/image\/\",\"url\":\"https:\/\/riberasalud.com\/santa-justa\/wp-content\/uploads\/2021\/04\/cropped-Logo-Red-SantaJusta.png\",\"contentUrl\":\"https:\/\/riberasalud.com\/santa-justa\/wp-content\/uploads\/2021\/04\/cropped-Logo-Red-SantaJusta.png\",\"width\":2158,\"height\":493,\"caption\":\"Hospital Ribera Santa Justa\"},\"image\":{\"@id\":\"https:\/\/riberasalud.com\/santa-justa\/#\/schema\/logo\/image\/\"}},{\"@type\":\"Person\",\"@id\":\"https:\/\/riberasalud.com\/santa-justa\/#\/schema\/person\/42b1f8555ae0e05d88b5af95c6ec9121\",\"name\":\"jorge@quois.com\",\"image\":{\"@type\":\"ImageObject\",\"inLanguage\":\"es\",\"@id\":\"https:\/\/riberasalud.com\/santa-justa\/#\/schema\/person\/image\/\",\"url\":\"https:\/\/secure.gravatar.com\/avatar\/bca8cccf11ce6757dcdec6ce293d120c16d33c83aeb423357cce3f49f3abae94?s=96&d=mm&r=g\",\"contentUrl\":\"https:\/\/secure.gravatar.com\/avatar\/bca8cccf11ce6757dcdec6ce293d120c16d33c83aeb423357cce3f49f3abae94?s=96&d=mm&r=g\",\"caption\":\"jorge@quois.com\"},\"sameAs\":[\"http:\/\/riberasalud.com\/santa-justa\"],\"url\":\"https:\/\/riberasalud.com\/santa-justa\/author\/jorgequois-com\/\"}]}<\/script>\n<!-- \/ Yoast SEO plugin. -->","yoast_head_json":{"title":"\u25b7 Ribera Santa Justa advierte de lesiones en los ojos por el sol y el cloro y recomienda un examen exhaustivo de salud ocular | Hospital Ribera Santa Justa","description":"lll\u1405 La oftalm\u00f3loga de este hospital, Naira Huertas, asegura que la alta radiaci\u00f3n solar en verano y el cloro de las piscinas pueden provocar queratitis \u2705","robots":{"index":"index","follow":"follow","max-snippet":"max-snippet:-1","max-image-preview":"max-image-preview:large","max-video-preview":"max-video-preview:-1"},"canonical":"https:\/\/riberasalud.com\/santa-justa\/2020\/07\/24\/ribera-santa-justa-advierte-de-lesiones-en-los-ojos-por-el-sol-y-el-cloro-y-recomienda-un-examen-exhaustivo-de-salud-ocular\/","og_locale":"es_ES","og_type":"article","og_title":"\u25b7 Ribera Santa Justa advierte de lesiones en los ojos por el sol y el cloro y recomienda un examen exhaustivo de salud ocular | Hospital Ribera Santa Justa","og_description":"lll\u1405 La oftalm\u00f3loga de este hospital, Naira Huertas, asegura que la alta radiaci\u00f3n solar en verano y el cloro de las piscinas pueden provocar queratitis \u2705","og_url":"https:\/\/riberasalud.com\/santa-justa\/2020\/07\/24\/ribera-santa-justa-advierte-de-lesiones-en-los-ojos-por-el-sol-y-el-cloro-y-recomienda-un-examen-exhaustivo-de-salud-ocular\/","og_site_name":"Hospital Ribera Santa Justa","article_published_time":"2020-07-24T09:33:55+00:00","article_modified_time":"2021-05-06T07:20:51+00:00","og_image":[{"width":400,"height":250,"url":"https:\/\/riberasalud.com\/santa-justa\/wp-content\/uploads\/2021\/04\/santa-justa-021-400x250-1.jpg","type":"image\/jpeg"}],"author":"jorge@quois.com","twitter_card":"summary_large_image","twitter_misc":{"Escrito por":"jorge@quois.com","Tiempo de lectura":"4 minutos"},"schema":{"@context":"https:\/\/schema.org","@graph":[{"@type":"Article","@id":"https:\/\/riberasalud.com\/santa-justa\/2020\/07\/24\/ribera-santa-justa-advierte-de-lesiones-en-los-ojos-por-el-sol-y-el-cloro-y-recomienda-un-examen-exhaustivo-de-salud-ocular\/#article","isPartOf":{"@id":"https:\/\/riberasalud.com\/santa-justa\/2020\/07\/24\/ribera-santa-justa-advierte-de-lesiones-en-los-ojos-por-el-sol-y-el-cloro-y-recomienda-un-examen-exhaustivo-de-salud-ocular\/"},"author":{"name":"jorge@quois.com","@id":"https:\/\/riberasalud.com\/santa-justa\/#\/schema\/person\/42b1f8555ae0e05d88b5af95c6ec9121"},"headline":"Ribera Santa Justa advierte de lesiones en los ojos por el sol y el cloro y recomienda un examen exhaustivo de salud ocular","datePublished":"2020-07-24T09:33:55+00:00","dateModified":"2021-05-06T07:20:51+00:00","mainEntityOfPage":{"@id":"https:\/\/riberasalud.com\/santa-justa\/2020\/07\/24\/ribera-santa-justa-advierte-de-lesiones-en-los-ojos-por-el-sol-y-el-cloro-y-recomienda-un-examen-exhaustivo-de-salud-ocular\/"},"wordCount":855,"commentCount":0,"publisher":{"@id":"https:\/\/riberasalud.com\/santa-justa\/#organization"},"image":{"@id":"https:\/\/riberasalud.com\/santa-justa\/2020\/07\/24\/ribera-santa-justa-advierte-de-lesiones-en-los-ojos-por-el-sol-y-el-cloro-y-recomienda-un-examen-exhaustivo-de-salud-ocular\/#primaryimage"},"thumbnailUrl":"https:\/\/riberasalud.com\/santa-justa\/wp-content\/uploads\/2021\/04\/santa-justa-021-400x250-1.jpg","inLanguage":"es","potentialAction":[{"@type":"CommentAction","name":"Comment","target":["https:\/\/riberasalud.com\/santa-justa\/2020\/07\/24\/ribera-santa-justa-advierte-de-lesiones-en-los-ojos-por-el-sol-y-el-cloro-y-recomienda-un-examen-exhaustivo-de-salud-ocular\/#respond"]}]},{"@type":"WebPage","@id":"https:\/\/riberasalud.com\/santa-justa\/2020\/07\/24\/ribera-santa-justa-advierte-de-lesiones-en-los-ojos-por-el-sol-y-el-cloro-y-recomienda-un-examen-exhaustivo-de-salud-ocular\/","url":"https:\/\/riberasalud.com\/santa-justa\/2020\/07\/24\/ribera-santa-justa-advierte-de-lesiones-en-los-ojos-por-el-sol-y-el-cloro-y-recomienda-un-examen-exhaustivo-de-salud-ocular\/","name":"\u25b7 Ribera Santa Justa advierte de lesiones en los ojos por el sol y el cloro y recomienda un examen exhaustivo de salud ocular | Hospital Ribera Santa Justa","isPartOf":{"@id":"https:\/\/riberasalud.com\/santa-justa\/#website"},"primaryImageOfPage":{"@id":"https:\/\/riberasalud.com\/santa-justa\/2020\/07\/24\/ribera-santa-justa-advierte-de-lesiones-en-los-ojos-por-el-sol-y-el-cloro-y-recomienda-un-examen-exhaustivo-de-salud-ocular\/#primaryimage"},"image":{"@id":"https:\/\/riberasalud.com\/santa-justa\/2020\/07\/24\/ribera-santa-justa-advierte-de-lesiones-en-los-ojos-por-el-sol-y-el-cloro-y-recomienda-un-examen-exhaustivo-de-salud-ocular\/#primaryimage"},"thumbnailUrl":"https:\/\/riberasalud.com\/santa-justa\/wp-content\/uploads\/2021\/04\/santa-justa-021-400x250-1.jpg","datePublished":"2020-07-24T09:33:55+00:00","dateModified":"2021-05-06T07:20:51+00:00","description":"lll\u1405 La oftalm\u00f3loga de este hospital, Naira Huertas, asegura que la alta radiaci\u00f3n solar en verano y el cloro de las piscinas pueden provocar queratitis \u2705","breadcrumb":{"@id":"https:\/\/riberasalud.com\/santa-justa\/2020\/07\/24\/ribera-santa-justa-advierte-de-lesiones-en-los-ojos-por-el-sol-y-el-cloro-y-recomienda-un-examen-exhaustivo-de-salud-ocular\/#breadcrumb"},"inLanguage":"es","potentialAction":[{"@type":"ReadAction","target":["https:\/\/riberasalud.com\/santa-justa\/2020\/07\/24\/ribera-santa-justa-advierte-de-lesiones-en-los-ojos-por-el-sol-y-el-cloro-y-recomienda-un-examen-exhaustivo-de-salud-ocular\/"]}]},{"@type":"ImageObject","inLanguage":"es","@id":"https:\/\/riberasalud.com\/santa-justa\/2020\/07\/24\/ribera-santa-justa-advierte-de-lesiones-en-los-ojos-por-el-sol-y-el-cloro-y-recomienda-un-examen-exhaustivo-de-salud-ocular\/#primaryimage","url":"https:\/\/riberasalud.com\/santa-justa\/wp-content\/uploads\/2021\/04\/santa-justa-021-400x250-1.jpg","contentUrl":"https:\/\/riberasalud.com\/santa-justa\/wp-content\/uploads\/2021\/04\/santa-justa-021-400x250-1.jpg","width":400,"height":250},{"@type":"BreadcrumbList","@id":"https:\/\/riberasalud.com\/santa-justa\/2020\/07\/24\/ribera-santa-justa-advierte-de-lesiones-en-los-ojos-por-el-sol-y-el-cloro-y-recomienda-un-examen-exhaustivo-de-salud-ocular\/#breadcrumb","itemListElement":[{"@type":"ListItem","position":1,"name":"Portada","item":"https:\/\/riberasalud.com\/santa-justa\/"},{"@type":"ListItem","position":2,"name":"Ribera Santa Justa advierte de lesiones en los ojos por el sol y el cloro y recomienda un examen exhaustivo de salud ocular"}]},{"@type":"WebSite","@id":"https:\/\/riberasalud.com\/santa-justa\/#website","url":"https:\/\/riberasalud.com\/santa-justa\/","name":"Hospital Ribera Santa Justa","description":"","publisher":{"@id":"https:\/\/riberasalud.com\/santa-justa\/#organization"},"potentialAction":[{"@type":"SearchAction","target":{"@type":"EntryPoint","urlTemplate":"https:\/\/riberasalud.com\/santa-justa\/?s={search_term_string}"},"query-input":{"@type":"PropertyValueSpecification","valueRequired":true,"valueName":"search_term_string"}}],"inLanguage":"es"},{"@type":"Organization","@id":"https:\/\/riberasalud.com\/santa-justa\/#organization","name":"Hospital Ribera Santa Justa","url":"https:\/\/riberasalud.com\/santa-justa\/","logo":{"@type":"ImageObject","inLanguage":"es","@id":"https:\/\/riberasalud.com\/santa-justa\/#\/schema\/logo\/image\/","url":"https:\/\/riberasalud.com\/santa-justa\/wp-content\/uploads\/2021\/04\/cropped-Logo-Red-SantaJusta.png","contentUrl":"https:\/\/riberasalud.com\/santa-justa\/wp-content\/uploads\/2021\/04\/cropped-Logo-Red-SantaJusta.png","width":2158,"height":493,"caption":"Hospital Ribera Santa Justa"},"image":{"@id":"https:\/\/riberasalud.com\/santa-justa\/#\/schema\/logo\/image\/"}},{"@type":"Person","@id":"https:\/\/riberasalud.com\/santa-justa\/#\/schema\/person\/42b1f8555ae0e05d88b5af95c6ec9121","name":"jorge@quois.com","image":{"@type":"ImageObject","inLanguage":"es","@id":"https:\/\/riberasalud.com\/santa-justa\/#\/schema\/person\/image\/","url":"https:\/\/secure.gravatar.com\/avatar\/bca8cccf11ce6757dcdec6ce293d120c16d33c83aeb423357cce3f49f3abae94?s=96&d=mm&r=g","contentUrl":"https:\/\/secure.gravatar.com\/avatar\/bca8cccf11ce6757dcdec6ce293d120c16d33c83aeb423357cce3f49f3abae94?s=96&d=mm&r=g","caption":"jorge@quois.com"},"sameAs":["http:\/\/riberasalud.com\/santa-justa"],"url":"https:\/\/riberasalud.com\/santa-justa\/author\/jorgequois-com\/"}]}},"author_meta":{"display_name":"jorge@quois.com","author_link":"https:\/\/riberasalud.com\/santa-justa\/author\/jorgequois-com\/"},"featured_img":"https:\/\/riberasalud.com\/santa-justa\/wp-content\/uploads\/2021\/04\/santa-justa-021-400x250-1-300x188.jpg","pbg_featured_image_src":{"full":["https:\/\/riberasalud.com\/santa-justa\/wp-content\/uploads\/2021\/04\/santa-justa-021-400x250-1.jpg",400,250,false],"thumbnail":["https:\/\/riberasalud.com\/santa-justa\/wp-content\/uploads\/2021\/04\/santa-justa-021-400x250-1-150x150.jpg",150,150,true],"medium":["https:\/\/riberasalud.com\/santa-justa\/wp-content\/uploads\/2021\/04\/santa-justa-021-400x250-1-300x188.jpg",300,188,true],"medium_large":["https:\/\/riberasalud.com\/santa-justa\/wp-content\/uploads\/2021\/04\/santa-justa-021-400x250-1.jpg",400,250,false],"large":["https:\/\/riberasalud.com\/santa-justa\/wp-content\/uploads\/2021\/04\/santa-justa-021-400x250-1.jpg",400,250,false],"xl":["https:\/\/riberasalud.com\/santa-justa\/wp-content\/uploads\/2021\/04\/santa-justa-021-400x250-1.jpg",400,250,false],"xxl":["https:\/\/riberasalud.com\/santa-justa\/wp-content\/uploads\/2021\/04\/santa-justa-021-400x250-1.jpg",400,250,false],"xxxl":["https:\/\/riberasalud.com\/santa-justa\/wp-content\/uploads\/2021\/04\/santa-justa-021-400x250-1.jpg",400,250,false],"xxxxl":["https:\/\/riberasalud.com\/santa-justa\/wp-content\/uploads\/2021\/04\/santa-justa-021-400x250-1.jpg",400,250,false],"xxxxxl":["https:\/\/riberasalud.com\/santa-justa\/wp-content\/uploads\/2021\/04\/santa-justa-021-400x250-1.jpg",400,250,false],"1536x1536":["https:\/\/riberasalud.com\/santa-justa\/wp-content\/uploads\/2021\/04\/santa-justa-021-400x250-1.jpg",400,250,false],"2048x2048":["https:\/\/riberasalud.com\/santa-justa\/wp-content\/uploads\/2021\/04\/santa-justa-021-400x250-1.jpg",400,250,false]},"pbg_author_info":{"display_name":"jorge@quois.com","author_link":"https:\/\/riberasalud.com\/santa-justa\/author\/jorgequois-com\/","author_img":"<img alt='jorge@quois.com' src='https:\/\/secure.gravatar.com\/avatar\/bca8cccf11ce6757dcdec6ce293d120c16d33c83aeb423357cce3f49f3abae94?s=128&#038;d=mm&#038;r=g' srcset='https:\/\/secure.gravatar.com\/avatar\/bca8cccf11ce6757dcdec6ce293d120c16d33c83aeb423357cce3f49f3abae94?s=256&#038;d=mm&#038;r=g 2x' class='avatar avatar-128 photo' height='128' width='128' loading='lazy' decoding='async'\/>"},"pbg_comment_info":" No Comments","pbg_excerpt":"La oftalm\u00f3loga de este hospital, Naira Huertas, asegura que la alta radiaci\u00f3n solar en verano y el cloro de las piscinas pueden provocar queratitis act\u00ednica tras una exposici\u00f3n prolongada y sin protecci\u00f3n, queratitis infecciosa, as\u00ed como degeneraciones conjuntivales, afecciones en la retina y conjuntivitis irritativa. El verano ha llegado este a\u00f1o casi de repente, despu\u00e9s&hellip;","uagb_featured_image_src":{"full":["https:\/\/riberasalud.com\/santa-justa\/wp-content\/uploads\/2021\/04\/santa-justa-021-400x250-1.jpg",400,250,false],"thumbnail":["https:\/\/riberasalud.com\/santa-justa\/wp-content\/uploads\/2021\/04\/santa-justa-021-400x250-1-150x150.jpg",150,150,true],"medium":["https:\/\/riberasalud.com\/santa-justa\/wp-content\/uploads\/2021\/04\/santa-justa-021-400x250-1-300x188.jpg",300,188,true],"medium_large":["https:\/\/riberasalud.com\/santa-justa\/wp-content\/uploads\/2021\/04\/santa-justa-021-400x250-1.jpg",400,250,false],"large":["https:\/\/riberasalud.com\/santa-justa\/wp-content\/uploads\/2021\/04\/santa-justa-021-400x250-1.jpg",400,250,false],"xl":["https:\/\/riberasalud.com\/santa-justa\/wp-content\/uploads\/2021\/04\/santa-justa-021-400x250-1.jpg",400,250,false],"xxl":["https:\/\/riberasalud.com\/santa-justa\/wp-content\/uploads\/2021\/04\/santa-justa-021-400x250-1.jpg",400,250,false],"xxxl":["https:\/\/riberasalud.com\/santa-justa\/wp-content\/uploads\/2021\/04\/santa-justa-021-400x250-1.jpg",400,250,false],"xxxxl":["https:\/\/riberasalud.com\/santa-justa\/wp-content\/uploads\/2021\/04\/santa-justa-021-400x250-1.jpg",400,250,false],"xxxxxl":["https:\/\/riberasalud.com\/santa-justa\/wp-content\/uploads\/2021\/04\/santa-justa-021-400x250-1.jpg",400,250,false],"1536x1536":["https:\/\/riberasalud.com\/santa-justa\/wp-content\/uploads\/2021\/04\/santa-justa-021-400x250-1.jpg",400,250,false],"2048x2048":["https:\/\/riberasalud.com\/santa-justa\/wp-content\/uploads\/2021\/04\/santa-justa-021-400x250-1.jpg",400,250,false]},"uagb_author_info":{"display_name":"jorge@quois.com","author_link":"https:\/\/riberasalud.com\/santa-justa\/author\/jorgequois-com\/"},"uagb_comment_info":0,"uagb_excerpt":"La oftalm\u00f3loga de este hospital, Naira Huertas, asegura que la alta radiaci\u00f3n solar en verano y el cloro de las piscinas pueden provocar queratitis act\u00ednica tras una exposici\u00f3n prolongada y sin protecci\u00f3n, queratitis infecciosa, as\u00ed como degeneraciones conjuntivales, afecciones en la retina y conjuntivitis irritativa. El verano ha llegado este a\u00f1o casi de repente, despu\u00e9s&hellip;","coauthors":[],"tax_additional":{"categories":{"linked":["<a href=\"https:\/\/riberasalud.com\/santa-justa\/category\/sin-categoria\/\" class=\"advgb-post-tax-term\">Sin categor\u00eda<\/a>"],"unlinked":["<span class=\"advgb-post-tax-term\">Sin categor\u00eda<\/span>"]}},"comment_count":"0","relative_dates":{"created":"Publicado 6 a\u00f1os hace","modified":"Actualizado 5 a\u00f1os hace"},"absolute_dates":{"created":"Publicado el 24 de julio de 2020","modified":"Actualizado el 6 de mayo de 2021"},"absolute_dates_time":{"created":"Publicado el 24 de julio de 2020 09:33","modified":"Actualizado el 6 de mayo de 2021 07:20"},"featured_img_caption":"","series_order":"","_links":{"self":[{"href":"https:\/\/riberasalud.com\/santa-justa\/wp-json\/wp\/v2\/posts\/126","targetHints":{"allow":["GET"]}}],"collection":[{"href":"https:\/\/riberasalud.com\/santa-justa\/wp-json\/wp\/v2\/posts"}],"about":[{"href":"https:\/\/riberasalud.com\/santa-justa\/wp-json\/wp\/v2\/types\/post"}],"author":[{"embeddable":true,"href":"https:\/\/riberasalud.com\/santa-justa\/wp-json\/wp\/v2\/users\/1"}],"replies":[{"embeddable":true,"href":"https:\/\/riberasalud.com\/santa-justa\/wp-json\/wp\/v2\/comments?post=126"}],"version-history":[{"count":1,"href":"https:\/\/riberasalud.com\/santa-justa\/wp-json\/wp\/v2\/posts\/126\/revisions"}],"predecessor-version":[{"id":188,"href":"https:\/\/riberasalud.com\/santa-justa\/wp-json\/wp\/v2\/posts\/126\/revisions\/188"}],"wp:featuredmedia":[{"embeddable":true,"href":"https:\/\/riberasalud.com\/santa-justa\/wp-json\/wp\/v2\/media\/174"}],"wp:attachment":[{"href":"https:\/\/riberasalud.com\/santa-justa\/wp-json\/wp\/v2\/media?parent=126"}],"wp:term":[{"taxonomy":"category","embeddable":true,"href":"https:\/\/riberasalud.com\/santa-justa\/wp-json\/wp\/v2\/categories?post=126"},{"taxonomy":"post_tag","embeddable":true,"href":"https:\/\/riberasalud.com\/santa-justa\/wp-json\/wp\/v2\/tags?post=126"}],"curies":[{"name":"wp","href":"https:\/\/api.w.org\/{rel}","templated":true}]}}