{"id":617,"date":"2021-11-17T11:37:25","date_gmt":"2021-11-17T11:37:25","guid":{"rendered":"https:\/\/riberasalud.com\/rsc\/?p=617"},"modified":"2021-11-17T11:38:16","modified_gmt":"2021-11-17T11:38:16","slug":"ribera-hospital-de-molina-recibe-un-reconocimiento-de-plena-inclusion","status":"publish","type":"post","link":"https:\/\/riberasalud.com\/rsc\/2021\/11\/17\/ribera-hospital-de-molina-recibe-un-reconocimiento-de-plena-inclusion\/","title":{"rendered":"Ribera Hospital de Molina recibe un reconocimiento de Plena Inclusi\u00f3n por su compromiso con la integraci\u00f3n laboral de personas con discapacidad intelectual o del desarrollo"},"content":{"rendered":"\n<ul class=\"wp-block-list\"><li>El centro hospitalario firm\u00f3 el pasado marzo un convenio con ASTRADE para la formaci\u00f3n pr\u00e1ctica de una persona diagnosticada de trastorno del espectro autista (TEA) en su servicio de Farmacia.&nbsp;<\/li><li>La capacitaci\u00f3n y la integraci\u00f3n laboral de personas con discapacidad constituye una de las l\u00edneas estrat\u00e9gicas de la dimensi\u00f3n social de Ribera Hospital de Molina en el \u00e1mbito de su responsabilidad social corporativa.&nbsp;<\/li><\/ul>\n\n\n\n<p>&nbsp;Ribera Hospital de Molina, gestionado por el grupo sanitario Ribera, ha recibido un reconocimiento de Plena Inclusi\u00f3n Regi\u00f3n de Murcia, a propuesta de ASTRADE, por su compromiso con la integraci\u00f3n laboral de personas con discapacidad intelectual o del desarrollo.&nbsp;<\/p>\n\n\n\n<p>Un compromiso que se concretaba el pasado mes de marzo cuando el centro hospitalario y la Asociaci\u00f3n para la Atenci\u00f3n de Personas con Trastornos del Desarrollo de la Regi\u00f3n de Murcia \u2013 ASTRADE firmaban un convenio de colaboraci\u00f3n, con el fin de proporcionar forma-ci\u00f3n pr\u00e1ctica a una persona diagnosticada de trastorno del especto autista (TEA). Enmarcada en el programa de Empleo con Apoyo concedido por el SEF (Servicio Regional de Empleo y Formaci\u00f3n) y cofinanciado por el Fondo Social Europeo, esta formaci\u00f3n se desarroll\u00f3 durante cuatro meses, centr\u00e1ndose en tareas propias de auxiliar de farmacia, tutorizada por un pre-parador laboral de ASTRADE y con el apoyo de un profesional del Servicio de Farmacia de Ribera Hospital de Molina.&nbsp;<\/p>\n\n\n\n<p>El director-gerente de Ribera Hospital de Molina, Pedro Hern\u00e1ndez Jim\u00e9nez, ha agradecido este reconocimiento: \u201cQueremos contribuir a la sensibilizaci\u00f3n de la sociedad acerca del po-tencial que presentan las personas adultas diagnosticadas de trastorno del espectro autista y favorecer la igualdad de oportunidades. Por eso, este convenio se suma a las distintas acciones que tenemos en marcha en nuestro hospital en el \u00e1mbito de la integraci\u00f3n laboral de personas con discapacidad. Es uno de nuestros compromisos materializados en nuestro Misi\u00f3n, Visi\u00f3n y Valores y una de las l\u00edneas estrat\u00e9gicas de nuestro desempe\u00f1o social en el \u00e1mbito de nuestra responsabilidad social corporativa\u201d.&nbsp;<\/p>\n\n\n\n<p>Hern\u00e1ndez Jim\u00e9nez ha recibido de manos de Enrique Aguilar Garc\u00eda, usuario de ASTRADE que realiz\u00f3 sus pr\u00e1cticas laborales en el centro hospitalario, este reconocimiento de Plena Inclusi\u00f3n, la federaci\u00f3n de organizaciones sin \u00e1nimo de lucro impulsadas por familias y des-tinadas a mejorar la calidad de vida de las personas con discapacidad intelectual o del desa-rrollo.&nbsp;<\/p>\n\n\n\n<p>En el acto tambi\u00e9n han estado presentes la directora general de ASTRADE, M\u00aa Teresa Jim\u00e9nez L\u00f3pez, y el responsable del servicio de empleo de ASTRADE, V\u00edctor Mart\u00ednez Soriano.&nbsp;<\/p>\n\n\n\n<div class=\"wp-block-image\"><figure class=\"aligncenter size-full\"><img loading=\"lazy\" decoding=\"async\" width=\"800\" height=\"600\" src=\"https:\/\/riberasalud.com\/rsc\/wp-content\/uploads\/2021\/11\/21-11-17-RHM-Reconocimiento-Plena-Inclusion-Foto3.jpg\" alt=\"\" class=\"wp-image-619\" srcset=\"https:\/\/riberasalud.com\/rsc\/wp-content\/uploads\/2021\/11\/21-11-17-RHM-Reconocimiento-Plena-Inclusion-Foto3.jpg 800w, https:\/\/riberasalud.com\/rsc\/wp-content\/uploads\/2021\/11\/21-11-17-RHM-Reconocimiento-Plena-Inclusion-Foto3-300x225.jpg 300w, https:\/\/riberasalud.com\/rsc\/wp-content\/uploads\/2021\/11\/21-11-17-RHM-Reconocimiento-Plena-Inclusion-Foto3-768x576.jpg 768w\" sizes=\"auto, (max-width: 800px) 100vw, 800px\" \/><\/figure><\/div>\n","protected":false},"excerpt":{"rendered":"<p>El centro hospitalario firm\u00f3 el pasado marzo un convenio con ASTRADE para la formaci\u00f3n pr\u00e1ctica de una persona diagnosticada de trastorno del espectro autista (TEA) en su servicio de Farmacia.&nbsp; La capacitaci\u00f3n y la integraci\u00f3n laboral de personas con discapacidad constituye una de las l\u00edneas estrat\u00e9gicas de la dimensi\u00f3n social de Ribera Hospital de Molina &#8230; <a title=\"Ribera Hospital de Molina recibe un reconocimiento de Plena Inclusi\u00f3n por su compromiso con la integraci\u00f3n laboral de personas con discapacidad intelectual o del desarrollo\" class=\"read-more\" href=\"https:\/\/riberasalud.com\/rsc\/2021\/11\/17\/ribera-hospital-de-molina-recibe-un-reconocimiento-de-plena-inclusion\/\" aria-label=\"Leer m\u00e1s sobre Ribera Hospital de Molina recibe un reconocimiento de Plena Inclusi\u00f3n por su compromiso con la integraci\u00f3n laboral de personas con discapacidad intelectual o del desarrollo\">Leer m\u00e1s<\/a><\/p>\n","protected":false},"author":2,"featured_media":618,"comment_status":"closed","ping_status":"closed","sticky":false,"template":"","format":"standard","meta":{"_editorskit_title_hidden":false,"_editorskit_reading_time":0,"_editorskit_is_block_options_detached":false,"_editorskit_block_options_position":"{}","_coblocks_attr":"","_coblocks_dimensions":"","_coblocks_responsive_height":"","_coblocks_accordion_ie_support":"","_uag_custom_page_level_css":"","advgb_blocks_editor_width":"","advgb_blocks_columns_visual_guide":"","_monsterinsights_skip_tracking":false,"_monsterinsights_sitenote_active":false,"_monsterinsights_sitenote_note":"","_monsterinsights_sitenote_category":0,"footnotes":""},"categories":[1],"tags":[15,16,14],"class_list":["post-617","post","type-post","status-publish","format-standard","has-post-thumbnail","hentry","category-sin-categoria","tag-integracion","tag-profesionales","tag-reconocimiento"],"featured_image_urls_v2":{"full":["https:\/\/riberasalud.com\/rsc\/wp-content\/uploads\/2021\/11\/21-11-17-RHM-Reconocimiento-Plena-Inclusion-Foto1.jpg",800,600,false],"thumbnail":["https:\/\/riberasalud.com\/rsc\/wp-content\/uploads\/2021\/11\/21-11-17-RHM-Reconocimiento-Plena-Inclusion-Foto1-150x150.jpg",150,150,true],"medium":["https:\/\/riberasalud.com\/rsc\/wp-content\/uploads\/2021\/11\/21-11-17-RHM-Reconocimiento-Plena-Inclusion-Foto1-300x225.jpg",300,225,true],"medium_large":["https:\/\/riberasalud.com\/rsc\/wp-content\/uploads\/2021\/11\/21-11-17-RHM-Reconocimiento-Plena-Inclusion-Foto1-768x576.jpg",768,576,true],"large":["https:\/\/riberasalud.com\/rsc\/wp-content\/uploads\/2021\/11\/21-11-17-RHM-Reconocimiento-Plena-Inclusion-Foto1.jpg",800,600,false],"xl":["https:\/\/riberasalud.com\/rsc\/wp-content\/uploads\/2021\/11\/21-11-17-RHM-Reconocimiento-Plena-Inclusion-Foto1.jpg",800,600,false],"xxl":["https:\/\/riberasalud.com\/rsc\/wp-content\/uploads\/2021\/11\/21-11-17-RHM-Reconocimiento-Plena-Inclusion-Foto1.jpg",800,600,false],"xxxl":["https:\/\/riberasalud.com\/rsc\/wp-content\/uploads\/2021\/11\/21-11-17-RHM-Reconocimiento-Plena-Inclusion-Foto1.jpg",800,600,false],"xxxxl":["https:\/\/riberasalud.com\/rsc\/wp-content\/uploads\/2021\/11\/21-11-17-RHM-Reconocimiento-Plena-Inclusion-Foto1.jpg",800,600,false],"xxxxxl":["https:\/\/riberasalud.com\/rsc\/wp-content\/uploads\/2021\/11\/21-11-17-RHM-Reconocimiento-Plena-Inclusion-Foto1.jpg",800,600,false],"1536x1536":["https:\/\/riberasalud.com\/rsc\/wp-content\/uploads\/2021\/11\/21-11-17-RHM-Reconocimiento-Plena-Inclusion-Foto1.jpg",800,600,false],"2048x2048":["https:\/\/riberasalud.com\/rsc\/wp-content\/uploads\/2021\/11\/21-11-17-RHM-Reconocimiento-Plena-Inclusion-Foto1.jpg",800,600,false]},"post_excerpt_stackable_v2":"<p>El centro hospitalario firm\u00f3 el pasado marzo un convenio con ASTRADE para la formaci\u00f3n pr\u00e1ctica de una persona diagnosticada de trastorno del espectro autista (TEA) en su servicio de Farmacia.&nbsp;La capacitaci\u00f3n y la integraci\u00f3n laboral de personas con discapacidad constituye una de las l\u00edneas estrat\u00e9gicas de la dimensi\u00f3n social de Ribera Hospital de Molina en el \u00e1mbito de su responsabilidad social corporativa.&nbsp; &nbsp;Ribera Hospital de Molina, gestionado por el grupo sanitario Ribera, ha recibido un reconocimiento de Plena Inclusi\u00f3n Regi\u00f3n de Murcia, a propuesta de ASTRADE, por su compromiso con la integraci\u00f3n laboral de personas con discapacidad intelectual o del&hellip;<\/p>\n","category_list_v2":"<a href=\"https:\/\/riberasalud.com\/rsc\/category\/sin-categoria\/\" rel=\"category tag\">Sin categor\u00eda<\/a>","author_info_v2":{"name":"Mar Sanchez","url":"https:\/\/riberasalud.com\/rsc\/author\/msotoriberasalud-es\/"},"comments_num_v2":"0 comentarios","yoast_head":"<!-- This site is optimized with the Yoast SEO plugin v26.6 - https:\/\/yoast.com\/wordpress\/plugins\/seo\/ -->\n<title>Ribera Hospital de Molina recibe un reconocimiento de Plena Inclusi\u00f3n por su compromiso con la integraci\u00f3n laboral de personas con discapacidad intelectual o del desarrollo - RSC Grupo sanitario Ribera<\/title>\n<meta name=\"robots\" content=\"index, follow, max-snippet:-1, max-image-preview:large, max-video-preview:-1\" \/>\n<link rel=\"canonical\" href=\"https:\/\/riberasalud.com\/rsc\/2021\/11\/17\/ribera-hospital-de-molina-recibe-un-reconocimiento-de-plena-inclusion\/\" \/>\n<meta property=\"og:locale\" content=\"es_ES\" \/>\n<meta property=\"og:type\" content=\"article\" \/>\n<meta property=\"og:title\" content=\"Ribera Hospital de Molina recibe un reconocimiento de Plena Inclusi\u00f3n por su compromiso con la integraci\u00f3n laboral de personas con discapacidad intelectual o del desarrollo - RSC Grupo sanitario Ribera\" \/>\n<meta property=\"og:description\" content=\"El centro hospitalario firm\u00f3 el pasado marzo un convenio con ASTRADE para la formaci\u00f3n pr\u00e1ctica de una persona diagnosticada de trastorno del espectro autista (TEA) en su servicio de Farmacia.&nbsp; La capacitaci\u00f3n y la integraci\u00f3n laboral de personas con discapacidad constituye una de las l\u00edneas estrat\u00e9gicas de la dimensi\u00f3n social de Ribera Hospital de Molina ... Leer m\u00e1s\" \/>\n<meta property=\"og:url\" content=\"https:\/\/riberasalud.com\/rsc\/2021\/11\/17\/ribera-hospital-de-molina-recibe-un-reconocimiento-de-plena-inclusion\/\" \/>\n<meta property=\"og:site_name\" content=\"RSC Grupo sanitario Ribera\" \/>\n<meta property=\"article:published_time\" content=\"2021-11-17T11:37:25+00:00\" \/>\n<meta property=\"article:modified_time\" content=\"2021-11-17T11:38:16+00:00\" \/>\n<meta property=\"og:image\" content=\"https:\/\/riberasalud.com\/rsc\/wp-content\/uploads\/2021\/11\/21-11-17-RHM-Reconocimiento-Plena-Inclusion-Foto1.jpg\" \/>\n\t<meta property=\"og:image:width\" content=\"800\" \/>\n\t<meta property=\"og:image:height\" content=\"600\" \/>\n\t<meta property=\"og:image:type\" content=\"image\/jpeg\" \/>\n<meta name=\"author\" content=\"Mar Sanchez\" \/>\n<meta name=\"twitter:card\" content=\"summary_large_image\" \/>\n<meta name=\"twitter:label1\" content=\"Escrito por\" \/>\n\t<meta name=\"twitter:data1\" content=\"Mar Sanchez\" \/>\n\t<meta name=\"twitter:label2\" content=\"Tiempo de lectura\" \/>\n\t<meta name=\"twitter:data2\" content=\"2 minutos\" \/>\n<script type=\"application\/ld+json\" class=\"yoast-schema-graph\">{\"@context\":\"https:\/\/schema.org\",\"@graph\":[{\"@type\":\"Article\",\"@id\":\"https:\/\/riberasalud.com\/rsc\/2021\/11\/17\/ribera-hospital-de-molina-recibe-un-reconocimiento-de-plena-inclusion\/#article\",\"isPartOf\":{\"@id\":\"https:\/\/riberasalud.com\/rsc\/2021\/11\/17\/ribera-hospital-de-molina-recibe-un-reconocimiento-de-plena-inclusion\/\"},\"author\":{\"name\":\"Mar Sanchez\",\"@id\":\"https:\/\/riberasalud.com\/rsc\/#\/schema\/person\/11c4e77d56d084661ced188afcae969f\"},\"headline\":\"Ribera Hospital de Molina recibe un reconocimiento de Plena Inclusi\u00f3n por su compromiso con la integraci\u00f3n laboral de personas con discapacidad intelectual o del desarrollo\",\"datePublished\":\"2021-11-17T11:37:25+00:00\",\"dateModified\":\"2021-11-17T11:38:16+00:00\",\"mainEntityOfPage\":{\"@id\":\"https:\/\/riberasalud.com\/rsc\/2021\/11\/17\/ribera-hospital-de-molina-recibe-un-reconocimiento-de-plena-inclusion\/\"},\"wordCount\":476,\"publisher\":{\"@id\":\"https:\/\/riberasalud.com\/rsc\/#organization\"},\"image\":{\"@id\":\"https:\/\/riberasalud.com\/rsc\/2021\/11\/17\/ribera-hospital-de-molina-recibe-un-reconocimiento-de-plena-inclusion\/#primaryimage\"},\"thumbnailUrl\":\"https:\/\/riberasalud.com\/rsc\/wp-content\/uploads\/2021\/11\/21-11-17-RHM-Reconocimiento-Plena-Inclusion-Foto1.jpg\",\"keywords\":[\"integraci\u00f3n\",\"profesionales\",\"reconocimiento\"],\"inLanguage\":\"es\"},{\"@type\":\"WebPage\",\"@id\":\"https:\/\/riberasalud.com\/rsc\/2021\/11\/17\/ribera-hospital-de-molina-recibe-un-reconocimiento-de-plena-inclusion\/\",\"url\":\"https:\/\/riberasalud.com\/rsc\/2021\/11\/17\/ribera-hospital-de-molina-recibe-un-reconocimiento-de-plena-inclusion\/\",\"name\":\"Ribera Hospital de Molina recibe un reconocimiento de Plena Inclusi\u00f3n por su compromiso con la integraci\u00f3n laboral de personas con discapacidad intelectual o del desarrollo - RSC Grupo sanitario Ribera\",\"isPartOf\":{\"@id\":\"https:\/\/riberasalud.com\/rsc\/#website\"},\"primaryImageOfPage\":{\"@id\":\"https:\/\/riberasalud.com\/rsc\/2021\/11\/17\/ribera-hospital-de-molina-recibe-un-reconocimiento-de-plena-inclusion\/#primaryimage\"},\"image\":{\"@id\":\"https:\/\/riberasalud.com\/rsc\/2021\/11\/17\/ribera-hospital-de-molina-recibe-un-reconocimiento-de-plena-inclusion\/#primaryimage\"},\"thumbnailUrl\":\"https:\/\/riberasalud.com\/rsc\/wp-content\/uploads\/2021\/11\/21-11-17-RHM-Reconocimiento-Plena-Inclusion-Foto1.jpg\",\"datePublished\":\"2021-11-17T11:37:25+00:00\",\"dateModified\":\"2021-11-17T11:38:16+00:00\",\"breadcrumb\":{\"@id\":\"https:\/\/riberasalud.com\/rsc\/2021\/11\/17\/ribera-hospital-de-molina-recibe-un-reconocimiento-de-plena-inclusion\/#breadcrumb\"},\"inLanguage\":\"es\",\"potentialAction\":[{\"@type\":\"ReadAction\",\"target\":[\"https:\/\/riberasalud.com\/rsc\/2021\/11\/17\/ribera-hospital-de-molina-recibe-un-reconocimiento-de-plena-inclusion\/\"]}]},{\"@type\":\"ImageObject\",\"inLanguage\":\"es\",\"@id\":\"https:\/\/riberasalud.com\/rsc\/2021\/11\/17\/ribera-hospital-de-molina-recibe-un-reconocimiento-de-plena-inclusion\/#primaryimage\",\"url\":\"https:\/\/riberasalud.com\/rsc\/wp-content\/uploads\/2021\/11\/21-11-17-RHM-Reconocimiento-Plena-Inclusion-Foto1.jpg\",\"contentUrl\":\"https:\/\/riberasalud.com\/rsc\/wp-content\/uploads\/2021\/11\/21-11-17-RHM-Reconocimiento-Plena-Inclusion-Foto1.jpg\",\"width\":800,\"height\":600,\"caption\":\"reconocimiento\"},{\"@type\":\"BreadcrumbList\",\"@id\":\"https:\/\/riberasalud.com\/rsc\/2021\/11\/17\/ribera-hospital-de-molina-recibe-un-reconocimiento-de-plena-inclusion\/#breadcrumb\",\"itemListElement\":[{\"@type\":\"ListItem\",\"position\":1,\"name\":\"Portada\",\"item\":\"https:\/\/riberasalud.com\/rsc\/\"},{\"@type\":\"ListItem\",\"position\":2,\"name\":\"Ribera Hospital de Molina recibe un reconocimiento de Plena Inclusi\u00f3n por su compromiso con la integraci\u00f3n laboral de personas con discapacidad intelectual o del desarrollo\"}]},{\"@type\":\"WebSite\",\"@id\":\"https:\/\/riberasalud.com\/rsc\/#website\",\"url\":\"https:\/\/riberasalud.com\/rsc\/\",\"name\":\"RSC Grupo sanitario Ribera\",\"description\":\"\",\"publisher\":{\"@id\":\"https:\/\/riberasalud.com\/rsc\/#organization\"},\"potentialAction\":[{\"@type\":\"SearchAction\",\"target\":{\"@type\":\"EntryPoint\",\"urlTemplate\":\"https:\/\/riberasalud.com\/rsc\/?s={search_term_string}\"},\"query-input\":{\"@type\":\"PropertyValueSpecification\",\"valueRequired\":true,\"valueName\":\"search_term_string\"}}],\"inLanguage\":\"es\"},{\"@type\":\"Organization\",\"@id\":\"https:\/\/riberasalud.com\/rsc\/#organization\",\"name\":\"RSC Grupo sanitario Ribera\",\"url\":\"https:\/\/riberasalud.com\/rsc\/\",\"logo\":{\"@type\":\"ImageObject\",\"inLanguage\":\"es\",\"@id\":\"https:\/\/riberasalud.com\/rsc\/#\/schema\/logo\/image\/\",\"url\":\"https:\/\/riberasalud.com\/rsc\/wp-content\/uploads\/2021\/05\/cropped-Logotipo-Red.png\",\"contentUrl\":\"https:\/\/riberasalud.com\/rsc\/wp-content\/uploads\/2021\/05\/cropped-Logotipo-Red.png\",\"width\":500,\"height\":198,\"caption\":\"RSC Grupo sanitario Ribera\"},\"image\":{\"@id\":\"https:\/\/riberasalud.com\/rsc\/#\/schema\/logo\/image\/\"}},{\"@type\":\"Person\",\"@id\":\"https:\/\/riberasalud.com\/rsc\/#\/schema\/person\/11c4e77d56d084661ced188afcae969f\",\"name\":\"Mar Sanchez\",\"image\":{\"@type\":\"ImageObject\",\"inLanguage\":\"es\",\"@id\":\"https:\/\/riberasalud.com\/rsc\/#\/schema\/person\/image\/\",\"url\":\"https:\/\/secure.gravatar.com\/avatar\/5fc005413aafe0a1f7d81747fac73740246ee36e4fad7f56eb325711b6c9f209?s=96&d=mm&r=g\",\"contentUrl\":\"https:\/\/secure.gravatar.com\/avatar\/5fc005413aafe0a1f7d81747fac73740246ee36e4fad7f56eb325711b6c9f209?s=96&d=mm&r=g\",\"caption\":\"Mar Sanchez\"},\"url\":\"https:\/\/riberasalud.com\/rsc\/author\/msotoriberasalud-es\/\"}]}<\/script>\n<!-- \/ Yoast SEO plugin. -->","yoast_head_json":{"title":"Ribera Hospital de Molina recibe un reconocimiento de Plena Inclusi\u00f3n por su compromiso con la integraci\u00f3n laboral de personas con discapacidad intelectual o del desarrollo - RSC Grupo sanitario Ribera","robots":{"index":"index","follow":"follow","max-snippet":"max-snippet:-1","max-image-preview":"max-image-preview:large","max-video-preview":"max-video-preview:-1"},"canonical":"https:\/\/riberasalud.com\/rsc\/2021\/11\/17\/ribera-hospital-de-molina-recibe-un-reconocimiento-de-plena-inclusion\/","og_locale":"es_ES","og_type":"article","og_title":"Ribera Hospital de Molina recibe un reconocimiento de Plena Inclusi\u00f3n por su compromiso con la integraci\u00f3n laboral de personas con discapacidad intelectual o del desarrollo - RSC Grupo sanitario Ribera","og_description":"El centro hospitalario firm\u00f3 el pasado marzo un convenio con ASTRADE para la formaci\u00f3n pr\u00e1ctica de una persona diagnosticada de trastorno del espectro autista (TEA) en su servicio de Farmacia.&nbsp; La capacitaci\u00f3n y la integraci\u00f3n laboral de personas con discapacidad constituye una de las l\u00edneas estrat\u00e9gicas de la dimensi\u00f3n social de Ribera Hospital de Molina ... Leer m\u00e1s","og_url":"https:\/\/riberasalud.com\/rsc\/2021\/11\/17\/ribera-hospital-de-molina-recibe-un-reconocimiento-de-plena-inclusion\/","og_site_name":"RSC Grupo sanitario Ribera","article_published_time":"2021-11-17T11:37:25+00:00","article_modified_time":"2021-11-17T11:38:16+00:00","og_image":[{"width":800,"height":600,"url":"https:\/\/riberasalud.com\/rsc\/wp-content\/uploads\/2021\/11\/21-11-17-RHM-Reconocimiento-Plena-Inclusion-Foto1.jpg","type":"image\/jpeg"}],"author":"Mar Sanchez","twitter_card":"summary_large_image","twitter_misc":{"Escrito por":"Mar Sanchez","Tiempo de lectura":"2 minutos"},"schema":{"@context":"https:\/\/schema.org","@graph":[{"@type":"Article","@id":"https:\/\/riberasalud.com\/rsc\/2021\/11\/17\/ribera-hospital-de-molina-recibe-un-reconocimiento-de-plena-inclusion\/#article","isPartOf":{"@id":"https:\/\/riberasalud.com\/rsc\/2021\/11\/17\/ribera-hospital-de-molina-recibe-un-reconocimiento-de-plena-inclusion\/"},"author":{"name":"Mar Sanchez","@id":"https:\/\/riberasalud.com\/rsc\/#\/schema\/person\/11c4e77d56d084661ced188afcae969f"},"headline":"Ribera Hospital de Molina recibe un reconocimiento de Plena Inclusi\u00f3n por su compromiso con la integraci\u00f3n laboral de personas con discapacidad intelectual o del desarrollo","datePublished":"2021-11-17T11:37:25+00:00","dateModified":"2021-11-17T11:38:16+00:00","mainEntityOfPage":{"@id":"https:\/\/riberasalud.com\/rsc\/2021\/11\/17\/ribera-hospital-de-molina-recibe-un-reconocimiento-de-plena-inclusion\/"},"wordCount":476,"publisher":{"@id":"https:\/\/riberasalud.com\/rsc\/#organization"},"image":{"@id":"https:\/\/riberasalud.com\/rsc\/2021\/11\/17\/ribera-hospital-de-molina-recibe-un-reconocimiento-de-plena-inclusion\/#primaryimage"},"thumbnailUrl":"https:\/\/riberasalud.com\/rsc\/wp-content\/uploads\/2021\/11\/21-11-17-RHM-Reconocimiento-Plena-Inclusion-Foto1.jpg","keywords":["integraci\u00f3n","profesionales","reconocimiento"],"inLanguage":"es"},{"@type":"WebPage","@id":"https:\/\/riberasalud.com\/rsc\/2021\/11\/17\/ribera-hospital-de-molina-recibe-un-reconocimiento-de-plena-inclusion\/","url":"https:\/\/riberasalud.com\/rsc\/2021\/11\/17\/ribera-hospital-de-molina-recibe-un-reconocimiento-de-plena-inclusion\/","name":"Ribera Hospital de Molina recibe un reconocimiento de Plena Inclusi\u00f3n por su compromiso con la integraci\u00f3n laboral de personas con discapacidad intelectual o del desarrollo - RSC Grupo sanitario Ribera","isPartOf":{"@id":"https:\/\/riberasalud.com\/rsc\/#website"},"primaryImageOfPage":{"@id":"https:\/\/riberasalud.com\/rsc\/2021\/11\/17\/ribera-hospital-de-molina-recibe-un-reconocimiento-de-plena-inclusion\/#primaryimage"},"image":{"@id":"https:\/\/riberasalud.com\/rsc\/2021\/11\/17\/ribera-hospital-de-molina-recibe-un-reconocimiento-de-plena-inclusion\/#primaryimage"},"thumbnailUrl":"https:\/\/riberasalud.com\/rsc\/wp-content\/uploads\/2021\/11\/21-11-17-RHM-Reconocimiento-Plena-Inclusion-Foto1.jpg","datePublished":"2021-11-17T11:37:25+00:00","dateModified":"2021-11-17T11:38:16+00:00","breadcrumb":{"@id":"https:\/\/riberasalud.com\/rsc\/2021\/11\/17\/ribera-hospital-de-molina-recibe-un-reconocimiento-de-plena-inclusion\/#breadcrumb"},"inLanguage":"es","potentialAction":[{"@type":"ReadAction","target":["https:\/\/riberasalud.com\/rsc\/2021\/11\/17\/ribera-hospital-de-molina-recibe-un-reconocimiento-de-plena-inclusion\/"]}]},{"@type":"ImageObject","inLanguage":"es","@id":"https:\/\/riberasalud.com\/rsc\/2021\/11\/17\/ribera-hospital-de-molina-recibe-un-reconocimiento-de-plena-inclusion\/#primaryimage","url":"https:\/\/riberasalud.com\/rsc\/wp-content\/uploads\/2021\/11\/21-11-17-RHM-Reconocimiento-Plena-Inclusion-Foto1.jpg","contentUrl":"https:\/\/riberasalud.com\/rsc\/wp-content\/uploads\/2021\/11\/21-11-17-RHM-Reconocimiento-Plena-Inclusion-Foto1.jpg","width":800,"height":600,"caption":"reconocimiento"},{"@type":"BreadcrumbList","@id":"https:\/\/riberasalud.com\/rsc\/2021\/11\/17\/ribera-hospital-de-molina-recibe-un-reconocimiento-de-plena-inclusion\/#breadcrumb","itemListElement":[{"@type":"ListItem","position":1,"name":"Portada","item":"https:\/\/riberasalud.com\/rsc\/"},{"@type":"ListItem","position":2,"name":"Ribera Hospital de Molina recibe un reconocimiento de Plena Inclusi\u00f3n por su compromiso con la integraci\u00f3n laboral de personas con discapacidad intelectual o del desarrollo"}]},{"@type":"WebSite","@id":"https:\/\/riberasalud.com\/rsc\/#website","url":"https:\/\/riberasalud.com\/rsc\/","name":"RSC Grupo sanitario Ribera","description":"","publisher":{"@id":"https:\/\/riberasalud.com\/rsc\/#organization"},"potentialAction":[{"@type":"SearchAction","target":{"@type":"EntryPoint","urlTemplate":"https:\/\/riberasalud.com\/rsc\/?s={search_term_string}"},"query-input":{"@type":"PropertyValueSpecification","valueRequired":true,"valueName":"search_term_string"}}],"inLanguage":"es"},{"@type":"Organization","@id":"https:\/\/riberasalud.com\/rsc\/#organization","name":"RSC Grupo sanitario Ribera","url":"https:\/\/riberasalud.com\/rsc\/","logo":{"@type":"ImageObject","inLanguage":"es","@id":"https:\/\/riberasalud.com\/rsc\/#\/schema\/logo\/image\/","url":"https:\/\/riberasalud.com\/rsc\/wp-content\/uploads\/2021\/05\/cropped-Logotipo-Red.png","contentUrl":"https:\/\/riberasalud.com\/rsc\/wp-content\/uploads\/2021\/05\/cropped-Logotipo-Red.png","width":500,"height":198,"caption":"RSC Grupo sanitario Ribera"},"image":{"@id":"https:\/\/riberasalud.com\/rsc\/#\/schema\/logo\/image\/"}},{"@type":"Person","@id":"https:\/\/riberasalud.com\/rsc\/#\/schema\/person\/11c4e77d56d084661ced188afcae969f","name":"Mar Sanchez","image":{"@type":"ImageObject","inLanguage":"es","@id":"https:\/\/riberasalud.com\/rsc\/#\/schema\/person\/image\/","url":"https:\/\/secure.gravatar.com\/avatar\/5fc005413aafe0a1f7d81747fac73740246ee36e4fad7f56eb325711b6c9f209?s=96&d=mm&r=g","contentUrl":"https:\/\/secure.gravatar.com\/avatar\/5fc005413aafe0a1f7d81747fac73740246ee36e4fad7f56eb325711b6c9f209?s=96&d=mm&r=g","caption":"Mar Sanchez"},"url":"https:\/\/riberasalud.com\/rsc\/author\/msotoriberasalud-es\/"}]}},"author_meta":{"display_name":"Mar Sanchez","author_link":"https:\/\/riberasalud.com\/rsc\/author\/msotoriberasalud-es\/"},"featured_img":"https:\/\/riberasalud.com\/rsc\/wp-content\/uploads\/2021\/11\/21-11-17-RHM-Reconocimiento-Plena-Inclusion-Foto1-300x225.jpg","pbg_featured_image_src":{"full":["https:\/\/riberasalud.com\/rsc\/wp-content\/uploads\/2021\/11\/21-11-17-RHM-Reconocimiento-Plena-Inclusion-Foto1.jpg",800,600,false],"thumbnail":["https:\/\/riberasalud.com\/rsc\/wp-content\/uploads\/2021\/11\/21-11-17-RHM-Reconocimiento-Plena-Inclusion-Foto1-150x150.jpg",150,150,true],"medium":["https:\/\/riberasalud.com\/rsc\/wp-content\/uploads\/2021\/11\/21-11-17-RHM-Reconocimiento-Plena-Inclusion-Foto1-300x225.jpg",300,225,true],"medium_large":["https:\/\/riberasalud.com\/rsc\/wp-content\/uploads\/2021\/11\/21-11-17-RHM-Reconocimiento-Plena-Inclusion-Foto1-768x576.jpg",768,576,true],"large":["https:\/\/riberasalud.com\/rsc\/wp-content\/uploads\/2021\/11\/21-11-17-RHM-Reconocimiento-Plena-Inclusion-Foto1.jpg",800,600,false],"xl":["https:\/\/riberasalud.com\/rsc\/wp-content\/uploads\/2021\/11\/21-11-17-RHM-Reconocimiento-Plena-Inclusion-Foto1.jpg",800,600,false],"xxl":["https:\/\/riberasalud.com\/rsc\/wp-content\/uploads\/2021\/11\/21-11-17-RHM-Reconocimiento-Plena-Inclusion-Foto1.jpg",800,600,false],"xxxl":["https:\/\/riberasalud.com\/rsc\/wp-content\/uploads\/2021\/11\/21-11-17-RHM-Reconocimiento-Plena-Inclusion-Foto1.jpg",800,600,false],"xxxxl":["https:\/\/riberasalud.com\/rsc\/wp-content\/uploads\/2021\/11\/21-11-17-RHM-Reconocimiento-Plena-Inclusion-Foto1.jpg",800,600,false],"xxxxxl":["https:\/\/riberasalud.com\/rsc\/wp-content\/uploads\/2021\/11\/21-11-17-RHM-Reconocimiento-Plena-Inclusion-Foto1.jpg",800,600,false],"1536x1536":["https:\/\/riberasalud.com\/rsc\/wp-content\/uploads\/2021\/11\/21-11-17-RHM-Reconocimiento-Plena-Inclusion-Foto1.jpg",800,600,false],"2048x2048":["https:\/\/riberasalud.com\/rsc\/wp-content\/uploads\/2021\/11\/21-11-17-RHM-Reconocimiento-Plena-Inclusion-Foto1.jpg",800,600,false]},"pbg_author_info":{"display_name":"Mar Sanchez","author_link":"https:\/\/riberasalud.com\/rsc\/author\/msotoriberasalud-es\/","author_img":"<img alt='Mar Sanchez' src='https:\/\/secure.gravatar.com\/avatar\/5fc005413aafe0a1f7d81747fac73740246ee36e4fad7f56eb325711b6c9f209?s=128&#038;d=mm&#038;r=g' srcset='https:\/\/secure.gravatar.com\/avatar\/5fc005413aafe0a1f7d81747fac73740246ee36e4fad7f56eb325711b6c9f209?s=256&#038;d=mm&#038;r=g 2x' class='avatar avatar-128 photo' height='128' width='128' loading='lazy' decoding='async'\/>"},"pbg_comment_info":" No Comments","pbg_excerpt":"El centro hospitalario firm\u00f3 el pasado marzo un convenio con ASTRADE para la formaci\u00f3n pr\u00e1ctica de una persona diagnosticada de trastorno del espectro autista (TEA) en su servicio de Farmacia.&nbsp; La capacitaci\u00f3n y la integraci\u00f3n laboral de personas con discapacidad constituye una de las l\u00edneas estrat\u00e9gicas de la dimensi\u00f3n social de Ribera Hospital de Molina&hellip;","uagb_featured_image_src":{"full":["https:\/\/riberasalud.com\/rsc\/wp-content\/uploads\/2021\/11\/21-11-17-RHM-Reconocimiento-Plena-Inclusion-Foto1.jpg",800,600,false],"thumbnail":["https:\/\/riberasalud.com\/rsc\/wp-content\/uploads\/2021\/11\/21-11-17-RHM-Reconocimiento-Plena-Inclusion-Foto1-150x150.jpg",150,150,true],"medium":["https:\/\/riberasalud.com\/rsc\/wp-content\/uploads\/2021\/11\/21-11-17-RHM-Reconocimiento-Plena-Inclusion-Foto1-300x225.jpg",300,225,true],"medium_large":["https:\/\/riberasalud.com\/rsc\/wp-content\/uploads\/2021\/11\/21-11-17-RHM-Reconocimiento-Plena-Inclusion-Foto1-768x576.jpg",768,576,true],"large":["https:\/\/riberasalud.com\/rsc\/wp-content\/uploads\/2021\/11\/21-11-17-RHM-Reconocimiento-Plena-Inclusion-Foto1.jpg",800,600,false],"xl":["https:\/\/riberasalud.com\/rsc\/wp-content\/uploads\/2021\/11\/21-11-17-RHM-Reconocimiento-Plena-Inclusion-Foto1.jpg",800,600,false],"xxl":["https:\/\/riberasalud.com\/rsc\/wp-content\/uploads\/2021\/11\/21-11-17-RHM-Reconocimiento-Plena-Inclusion-Foto1.jpg",800,600,false],"xxxl":["https:\/\/riberasalud.com\/rsc\/wp-content\/uploads\/2021\/11\/21-11-17-RHM-Reconocimiento-Plena-Inclusion-Foto1.jpg",800,600,false],"xxxxl":["https:\/\/riberasalud.com\/rsc\/wp-content\/uploads\/2021\/11\/21-11-17-RHM-Reconocimiento-Plena-Inclusion-Foto1.jpg",800,600,false],"xxxxxl":["https:\/\/riberasalud.com\/rsc\/wp-content\/uploads\/2021\/11\/21-11-17-RHM-Reconocimiento-Plena-Inclusion-Foto1.jpg",800,600,false],"1536x1536":["https:\/\/riberasalud.com\/rsc\/wp-content\/uploads\/2021\/11\/21-11-17-RHM-Reconocimiento-Plena-Inclusion-Foto1.jpg",800,600,false],"2048x2048":["https:\/\/riberasalud.com\/rsc\/wp-content\/uploads\/2021\/11\/21-11-17-RHM-Reconocimiento-Plena-Inclusion-Foto1.jpg",800,600,false]},"uagb_author_info":{"display_name":"Mar Sanchez","author_link":"https:\/\/riberasalud.com\/rsc\/author\/msotoriberasalud-es\/"},"uagb_comment_info":0,"uagb_excerpt":"El centro hospitalario firm\u00f3 el pasado marzo un convenio con ASTRADE para la formaci\u00f3n pr\u00e1ctica de una persona diagnosticada de trastorno del espectro autista (TEA) en su servicio de Farmacia.&nbsp; La capacitaci\u00f3n y la integraci\u00f3n laboral de personas con discapacidad constituye una de las l\u00edneas estrat\u00e9gicas de la dimensi\u00f3n social de Ribera Hospital de Molina&hellip;","coauthors":[],"tax_additional":{"categories":{"linked":["<a href=\"https:\/\/riberasalud.com\/rsc\/category\/sin-categoria\/\" class=\"advgb-post-tax-term\">Sin categor\u00eda<\/a>"],"unlinked":["<span class=\"advgb-post-tax-term\">Sin categor\u00eda<\/span>"]},"tags":{"linked":["<a href=\"https:\/\/riberasalud.com\/rsc\/category\/sin-categoria\/\" class=\"advgb-post-tax-term\">integraci\u00f3n<\/a>","<a href=\"https:\/\/riberasalud.com\/rsc\/category\/sin-categoria\/\" class=\"advgb-post-tax-term\">profesionales<\/a>","<a href=\"https:\/\/riberasalud.com\/rsc\/category\/sin-categoria\/\" class=\"advgb-post-tax-term\">reconocimiento<\/a>"],"unlinked":["<span class=\"advgb-post-tax-term\">integraci\u00f3n<\/span>","<span class=\"advgb-post-tax-term\">profesionales<\/span>","<span class=\"advgb-post-tax-term\">reconocimiento<\/span>"]}},"comment_count":"0","relative_dates":{"created":"Publicado 4 a\u00f1os hace","modified":"Actualizado 4 a\u00f1os hace"},"absolute_dates":{"created":"Publicado el 17 de noviembre de 2021","modified":"Actualizado el 17 de noviembre de 2021"},"absolute_dates_time":{"created":"Publicado el 17 de noviembre de 2021 11:37","modified":"Actualizado el 17 de noviembre de 2021 11:38"},"featured_img_caption":"","series_order":"","_links":{"self":[{"href":"https:\/\/riberasalud.com\/rsc\/wp-json\/wp\/v2\/posts\/617","targetHints":{"allow":["GET"]}}],"collection":[{"href":"https:\/\/riberasalud.com\/rsc\/wp-json\/wp\/v2\/posts"}],"about":[{"href":"https:\/\/riberasalud.com\/rsc\/wp-json\/wp\/v2\/types\/post"}],"author":[{"embeddable":true,"href":"https:\/\/riberasalud.com\/rsc\/wp-json\/wp\/v2\/users\/2"}],"replies":[{"embeddable":true,"href":"https:\/\/riberasalud.com\/rsc\/wp-json\/wp\/v2\/comments?post=617"}],"version-history":[{"count":2,"href":"https:\/\/riberasalud.com\/rsc\/wp-json\/wp\/v2\/posts\/617\/revisions"}],"predecessor-version":[{"id":621,"href":"https:\/\/riberasalud.com\/rsc\/wp-json\/wp\/v2\/posts\/617\/revisions\/621"}],"wp:featuredmedia":[{"embeddable":true,"href":"https:\/\/riberasalud.com\/rsc\/wp-json\/wp\/v2\/media\/618"}],"wp:attachment":[{"href":"https:\/\/riberasalud.com\/rsc\/wp-json\/wp\/v2\/media?parent=617"}],"wp:term":[{"taxonomy":"category","embeddable":true,"href":"https:\/\/riberasalud.com\/rsc\/wp-json\/wp\/v2\/categories?post=617"},{"taxonomy":"post_tag","embeddable":true,"href":"https:\/\/riberasalud.com\/rsc\/wp-json\/wp\/v2\/tags?post=617"}],"curies":[{"name":"wp","href":"https:\/\/api.w.org\/{rel}","templated":true}]}}