{"id":4899,"date":"2026-04-21T12:01:29","date_gmt":"2026-04-21T12:01:29","guid":{"rendered":"https:\/\/riberasalud.com\/rsc\/?p=4899"},"modified":"2026-04-21T12:01:30","modified_gmt":"2026-04-21T12:01:30","slug":"cerca-de-100-profesionales-de-ribera-cartagena-participan-en-una-jornada-de-voluntariado-corporativo-medioambiental","status":"publish","type":"post","link":"https:\/\/riberasalud.com\/rsc\/2026\/04\/21\/cerca-de-100-profesionales-de-ribera-cartagena-participan-en-una-jornada-de-voluntariado-corporativo-medioambiental\/","title":{"rendered":"Cerca de 100 profesionales de Ribera Cartagena participan en una jornada de voluntariado corporativo medioambiental"},"content":{"rendered":"\n<ul class=\"wp-block-list\">\n<li>La familia Ribera se pone en marcha con su proyecto Basuraleza, para cuidar Cartagena<\/li>\n\n\n\n<li>La iniciativa, desarrollada junto al Ayuntamiento de Cartagena y la Infanter\u00eda de Marina, permiti\u00f3 retirar cerca de 500 litros de residuos en la subida al Fajardo<\/li>\n<\/ul>\n\n\n\n<p>La familia <a href=\"https:\/\/www.riberasalud.com\/\">Ribera<\/a> celebr\u00f3 ayer su primera jornada conjunta de voluntariado corporativo dentro del proyecto Basuraleza, una iniciativa que une sostenibilidad, salud y compromiso con el entorno. Cerca de 100 personas entre profesionales del Grupo Ribera, familiares, amigos y colaboradores participaron en esta acci\u00f3n medioambiental desarrollada en la subida al Fajardo de Cartagena, uno de los espacios naturales e hist\u00f3ricos m\u00e1s representativos del municipio.<\/p>\n\n\n\n<p>La actividad se llev\u00f3 a cabo en colaboraci\u00f3n con el Ayuntamiento de Cartagena y con personal de la Infanter\u00eda de Marina, bajo el mando del teniente coronel Daniel Castillejo, jefe de la prueba de la XV <a href=\"https:\/\/rutadelasfortalezas.es\/\">Ruta de las Fortalezas<\/a>. Su implicaci\u00f3n result\u00f3 especialmente significativa, ya que, tras coordinar el d\u00eda anterior una prueba con 6.300 participantes, se sumaron desde primera hora de la ma\u00f1ana a esta iniciativa de limpieza y concienciaci\u00f3n ambiental.<\/p>\n\n\n\n<p>La convocatoria tuvo lugar a las 9:00 horas y, tras la llegada escalonada de los asistentes, la actividad comenz\u00f3 a las 9:30, destacando la puntualidad y alta implicaci\u00f3n de todos los participantes desde el inicio de la jornada.<\/p>\n\n\n\n<p>El <a href=\"https:\/\/www.cartagena.es\/\">Ayuntamiento de Cartagena<\/a> facilit\u00f3 los contenedores necesarios para realizar una correcta separaci\u00f3n de residuos: uno de org\u00e1nico, uno de resto, uno azul para papel y cart\u00f3n y uno amarillo para envases.<\/p>\n\n\n\n<p>Antes del inicio de la recogida, representantes municipales ofrecieron una breve charla informativa sobre la correcta segregaci\u00f3n de residuos y el uso adecuado de los distintos contenedores, reforzando as\u00ed el car\u00e1cter educativo de la jornada.&nbsp;<\/p>\n\n\n\n<p>Durante esta explicaci\u00f3n tambi\u00e9n se avanz\u00f3 la pr\u00f3xima implantaci\u00f3n de contenedores org\u00e1nicos en Cartagena y se resolvieron dudas frecuentes, recordando que el contenedor amarillo est\u00e1 destinado exclusivamente a envases, el azul a papel y cart\u00f3n, el vidrio al igl\u00fa verde y el cristal al contenedor de resto.<\/p>\n\n\n\n<p>Posteriormente, el teniente coronel Castillejo agradeci\u00f3 la colaboraci\u00f3n de los asistentes e incidi\u00f3 en la importancia de la concienciaci\u00f3n ambiental, recordando que lo m\u00e1s importante no es solo recoger residuos, sino evitar generarlos y abandonarlos en la naturaleza.<\/p>\n\n\n\n<p>Durante la actividad se retiraron aproximadamente 500 litros de residuos, entre restos org\u00e1nicos, envases y otros materiales abandonados en la zona.<\/p>\n\n\n\n<p>Aunque la cantidad recogida fue moderada debido al buen estado general del entorno y a la limpieza previa realizada por la Infanter\u00eda de Marina la noche anterior, desde la organizaci\u00f3n se destac\u00f3 que cualquier peque\u00f1a aportaci\u00f3n suma y resulta valiosa.<\/p>\n\n\n\n<p>La jornada cont\u00f3 adem\u00e1s con una importante participaci\u00f3n familiar, especialmente de ni\u00f1os, que recibieron explicaciones adaptadas sobre reciclaje, biodiversidad y respeto por la naturaleza. Su entusiasmo convirti\u00f3 la acci\u00f3n en una experiencia especialmente enriquecedora, demostrando que la educaci\u00f3n ambiental desde edades tempranas es clave para construir h\u00e1bitos responsables en el futuro.<\/p>\n\n\n\n<p>Esta primera edici\u00f3n de Basuraleza nace con vocaci\u00f3n de continuidad dentro del calendario de voluntariado corporativo del grupo. Desde Ribera se agradece la implicaci\u00f3n de todas las personas y entidades que han hecho posible esta acci\u00f3n, reafirmando as\u00ed su compromiso con la salud de las personas y tambi\u00e9n con la salud del planeta.<\/p>\n\n\n\n<p>Ver \u00e1lbum de fotos <a href=\"https:\/\/riberasalud.com\/virgen-de-la-caridad\/galeria-proyecto-basuraleza\/\">aqu\u00ed<\/a><\/p>\n","protected":false},"excerpt":{"rendered":"<p>La familia Ribera celebr\u00f3 ayer su primera jornada conjunta de voluntariado corporativo dentro del proyecto Basuraleza, una iniciativa que une sostenibilidad, salud y compromiso con el entorno. Cerca de 100 personas entre profesionales del Grupo Ribera, familiares, amigos y colaboradores participaron en esta acci\u00f3n medioambiental desarrollada en la subida al Fajardo de Cartagena, uno de &#8230; <a title=\"Cerca de 100 profesionales de Ribera Cartagena participan en una jornada de voluntariado corporativo medioambiental\" class=\"read-more\" href=\"https:\/\/riberasalud.com\/rsc\/2026\/04\/21\/cerca-de-100-profesionales-de-ribera-cartagena-participan-en-una-jornada-de-voluntariado-corporativo-medioambiental\/\" aria-label=\"Leer m\u00e1s sobre Cerca de 100 profesionales de Ribera Cartagena participan en una jornada de voluntariado corporativo medioambiental\">Leer m\u00e1s<\/a><\/p>\n","protected":false},"author":2,"featured_media":4900,"comment_status":"open","ping_status":"open","sticky":false,"template":"","format":"standard","meta":{"_editorskit_title_hidden":false,"_editorskit_reading_time":0,"_editorskit_is_block_options_detached":false,"_editorskit_block_options_position":"{}","_coblocks_attr":"","_coblocks_dimensions":"","_coblocks_responsive_height":"","_coblocks_accordion_ie_support":"","_uag_custom_page_level_css":"","advgb_blocks_editor_width":"","advgb_blocks_columns_visual_guide":"","_monsterinsights_skip_tracking":false,"_monsterinsights_sitenote_active":false,"_monsterinsights_sitenote_note":"","_monsterinsights_sitenote_category":0,"footnotes":""},"categories":[242,209],"tags":[241,252],"class_list":["post-4899","post","type-post","status-publish","format-standard","has-post-thumbnail","hentry","category-medio-ambiente","category-voluntariado","tag-medio-ambiente","tag-voluntariado"],"featured_image_urls_v2":{"full":["https:\/\/riberasalud.com\/rsc\/wp-content\/uploads\/2026\/04\/Recogida-Basureleza-camino.jpeg",800,533,false],"thumbnail":["https:\/\/riberasalud.com\/rsc\/wp-content\/uploads\/2026\/04\/Recogida-Basureleza-camino-150x150.jpeg",150,150,true],"medium":["https:\/\/riberasalud.com\/rsc\/wp-content\/uploads\/2026\/04\/Recogida-Basureleza-camino-300x200.jpeg",300,200,true],"medium_large":["https:\/\/riberasalud.com\/rsc\/wp-content\/uploads\/2026\/04\/Recogida-Basureleza-camino-768x512.jpeg",768,512,true],"large":["https:\/\/riberasalud.com\/rsc\/wp-content\/uploads\/2026\/04\/Recogida-Basureleza-camino.jpeg",800,533,false],"xl":["https:\/\/riberasalud.com\/rsc\/wp-content\/uploads\/2026\/04\/Recogida-Basureleza-camino.jpeg",800,533,false],"xxl":["https:\/\/riberasalud.com\/rsc\/wp-content\/uploads\/2026\/04\/Recogida-Basureleza-camino.jpeg",800,533,false],"xxxl":["https:\/\/riberasalud.com\/rsc\/wp-content\/uploads\/2026\/04\/Recogida-Basureleza-camino.jpeg",800,533,false],"xxxxl":["https:\/\/riberasalud.com\/rsc\/wp-content\/uploads\/2026\/04\/Recogida-Basureleza-camino.jpeg",800,533,false],"xxxxxl":["https:\/\/riberasalud.com\/rsc\/wp-content\/uploads\/2026\/04\/Recogida-Basureleza-camino.jpeg",800,533,false],"1536x1536":["https:\/\/riberasalud.com\/rsc\/wp-content\/uploads\/2026\/04\/Recogida-Basureleza-camino.jpeg",800,533,false],"2048x2048":["https:\/\/riberasalud.com\/rsc\/wp-content\/uploads\/2026\/04\/Recogida-Basureleza-camino.jpeg",800,533,false]},"post_excerpt_stackable_v2":"<p>La familia Ribera se pone en marcha con su proyecto Basuraleza, para cuidar Cartagena La iniciativa, desarrollada junto al Ayuntamiento de Cartagena y la Infanter\u00eda de Marina, permiti\u00f3 retirar cerca de 500 litros de residuos en la subida al Fajardo La familia Ribera celebr\u00f3 ayer su primera jornada conjunta de voluntariado corporativo dentro del proyecto Basuraleza, una iniciativa que une sostenibilidad, salud y compromiso con el entorno. Cerca de 100 personas entre profesionales del Grupo Ribera, familiares, amigos y colaboradores participaron en esta acci\u00f3n medioambiental desarrollada en la subida al Fajardo de Cartagena, uno de los espacios naturales e hist\u00f3ricos&hellip;<\/p>\n","category_list_v2":"<a href=\"https:\/\/riberasalud.com\/rsc\/category\/medio-ambiente\/\" rel=\"category tag\">Medio Ambiente<\/a>, <a href=\"https:\/\/riberasalud.com\/rsc\/category\/voluntariado\/\" rel=\"category tag\">Voluntariado<\/a>","author_info_v2":{"name":"Mar Sanchez","url":"https:\/\/riberasalud.com\/rsc\/author\/msotoriberasalud-es\/"},"comments_num_v2":"0 comentarios","yoast_head":"<!-- This site is optimized with the Yoast SEO plugin v26.6 - https:\/\/yoast.com\/wordpress\/plugins\/seo\/ -->\n<title>Cerca de 100 profesionales de Ribera Cartagena participan en una jornada de voluntariado corporativo medioambiental - RSC Grupo sanitario Ribera<\/title>\n<meta name=\"description\" content=\"La iniciativa, desarrollada junto al Ayuntamiento de Cartagena y la Infanter\u00eda de Marina, permiti\u00f3 retirar cerca de 500 litros de residuos en la subida al Fajardo\" \/>\n<meta name=\"robots\" content=\"index, follow, max-snippet:-1, max-image-preview:large, max-video-preview:-1\" \/>\n<link rel=\"canonical\" href=\"https:\/\/riberasalud.com\/rsc\/2026\/04\/21\/cerca-de-100-profesionales-de-ribera-cartagena-participan-en-una-jornada-de-voluntariado-corporativo-medioambiental\/\" \/>\n<meta property=\"og:locale\" content=\"es_ES\" \/>\n<meta property=\"og:type\" content=\"article\" \/>\n<meta property=\"og:title\" content=\"Cerca de 100 profesionales de Ribera Cartagena participan en una jornada de voluntariado corporativo medioambiental - RSC Grupo sanitario Ribera\" \/>\n<meta property=\"og:description\" content=\"La iniciativa, desarrollada junto al Ayuntamiento de Cartagena y la Infanter\u00eda de Marina, permiti\u00f3 retirar cerca de 500 litros de residuos en la subida al Fajardo\" \/>\n<meta property=\"og:url\" content=\"https:\/\/riberasalud.com\/rsc\/2026\/04\/21\/cerca-de-100-profesionales-de-ribera-cartagena-participan-en-una-jornada-de-voluntariado-corporativo-medioambiental\/\" \/>\n<meta property=\"og:site_name\" content=\"RSC Grupo sanitario Ribera\" \/>\n<meta property=\"article:published_time\" content=\"2026-04-21T12:01:29+00:00\" \/>\n<meta property=\"article:modified_time\" content=\"2026-04-21T12:01:30+00:00\" \/>\n<meta property=\"og:image\" content=\"https:\/\/riberasalud.com\/rsc\/wp-content\/uploads\/2026\/04\/Recogida-Basureleza-camino.jpeg\" \/>\n\t<meta property=\"og:image:width\" content=\"800\" \/>\n\t<meta property=\"og:image:height\" content=\"533\" \/>\n\t<meta property=\"og:image:type\" content=\"image\/jpeg\" \/>\n<meta name=\"author\" content=\"Mar Sanchez\" \/>\n<meta name=\"twitter:card\" content=\"summary_large_image\" \/>\n<meta name=\"twitter:label1\" content=\"Escrito por\" \/>\n\t<meta name=\"twitter:data1\" content=\"Mar Sanchez\" \/>\n\t<meta name=\"twitter:label2\" content=\"Tiempo de lectura\" \/>\n\t<meta name=\"twitter:data2\" content=\"3 minutos\" \/>\n<script type=\"application\/ld+json\" class=\"yoast-schema-graph\">{\"@context\":\"https:\/\/schema.org\",\"@graph\":[{\"@type\":\"Article\",\"@id\":\"https:\/\/riberasalud.com\/rsc\/2026\/04\/21\/cerca-de-100-profesionales-de-ribera-cartagena-participan-en-una-jornada-de-voluntariado-corporativo-medioambiental\/#article\",\"isPartOf\":{\"@id\":\"https:\/\/riberasalud.com\/rsc\/2026\/04\/21\/cerca-de-100-profesionales-de-ribera-cartagena-participan-en-una-jornada-de-voluntariado-corporativo-medioambiental\/\"},\"author\":{\"name\":\"Mar Sanchez\",\"@id\":\"https:\/\/riberasalud.com\/rsc\/#\/schema\/person\/11c4e77d56d084661ced188afcae969f\"},\"headline\":\"Cerca de 100 profesionales de Ribera Cartagena participan en una jornada de voluntariado corporativo medioambiental\",\"datePublished\":\"2026-04-21T12:01:29+00:00\",\"dateModified\":\"2026-04-21T12:01:30+00:00\",\"mainEntityOfPage\":{\"@id\":\"https:\/\/riberasalud.com\/rsc\/2026\/04\/21\/cerca-de-100-profesionales-de-ribera-cartagena-participan-en-una-jornada-de-voluntariado-corporativo-medioambiental\/\"},\"wordCount\":587,\"commentCount\":0,\"publisher\":{\"@id\":\"https:\/\/riberasalud.com\/rsc\/#organization\"},\"image\":{\"@id\":\"https:\/\/riberasalud.com\/rsc\/2026\/04\/21\/cerca-de-100-profesionales-de-ribera-cartagena-participan-en-una-jornada-de-voluntariado-corporativo-medioambiental\/#primaryimage\"},\"thumbnailUrl\":\"https:\/\/riberasalud.com\/rsc\/wp-content\/uploads\/2026\/04\/Recogida-Basureleza-camino.jpeg\",\"keywords\":[\"Medio Ambiente\",\"voluntariado\"],\"articleSection\":[\"Medio Ambiente\",\"Voluntariado\"],\"inLanguage\":\"es\",\"potentialAction\":[{\"@type\":\"CommentAction\",\"name\":\"Comment\",\"target\":[\"https:\/\/riberasalud.com\/rsc\/2026\/04\/21\/cerca-de-100-profesionales-de-ribera-cartagena-participan-en-una-jornada-de-voluntariado-corporativo-medioambiental\/#respond\"]}]},{\"@type\":\"WebPage\",\"@id\":\"https:\/\/riberasalud.com\/rsc\/2026\/04\/21\/cerca-de-100-profesionales-de-ribera-cartagena-participan-en-una-jornada-de-voluntariado-corporativo-medioambiental\/\",\"url\":\"https:\/\/riberasalud.com\/rsc\/2026\/04\/21\/cerca-de-100-profesionales-de-ribera-cartagena-participan-en-una-jornada-de-voluntariado-corporativo-medioambiental\/\",\"name\":\"Cerca de 100 profesionales de Ribera Cartagena participan en una jornada de voluntariado corporativo medioambiental - RSC Grupo sanitario Ribera\",\"isPartOf\":{\"@id\":\"https:\/\/riberasalud.com\/rsc\/#website\"},\"primaryImageOfPage\":{\"@id\":\"https:\/\/riberasalud.com\/rsc\/2026\/04\/21\/cerca-de-100-profesionales-de-ribera-cartagena-participan-en-una-jornada-de-voluntariado-corporativo-medioambiental\/#primaryimage\"},\"image\":{\"@id\":\"https:\/\/riberasalud.com\/rsc\/2026\/04\/21\/cerca-de-100-profesionales-de-ribera-cartagena-participan-en-una-jornada-de-voluntariado-corporativo-medioambiental\/#primaryimage\"},\"thumbnailUrl\":\"https:\/\/riberasalud.com\/rsc\/wp-content\/uploads\/2026\/04\/Recogida-Basureleza-camino.jpeg\",\"datePublished\":\"2026-04-21T12:01:29+00:00\",\"dateModified\":\"2026-04-21T12:01:30+00:00\",\"description\":\"La iniciativa, desarrollada junto al Ayuntamiento de Cartagena y la Infanter\u00eda de Marina, permiti\u00f3 retirar cerca de 500 litros de residuos en la subida al Fajardo\",\"breadcrumb\":{\"@id\":\"https:\/\/riberasalud.com\/rsc\/2026\/04\/21\/cerca-de-100-profesionales-de-ribera-cartagena-participan-en-una-jornada-de-voluntariado-corporativo-medioambiental\/#breadcrumb\"},\"inLanguage\":\"es\",\"potentialAction\":[{\"@type\":\"ReadAction\",\"target\":[\"https:\/\/riberasalud.com\/rsc\/2026\/04\/21\/cerca-de-100-profesionales-de-ribera-cartagena-participan-en-una-jornada-de-voluntariado-corporativo-medioambiental\/\"]}]},{\"@type\":\"ImageObject\",\"inLanguage\":\"es\",\"@id\":\"https:\/\/riberasalud.com\/rsc\/2026\/04\/21\/cerca-de-100-profesionales-de-ribera-cartagena-participan-en-una-jornada-de-voluntariado-corporativo-medioambiental\/#primaryimage\",\"url\":\"https:\/\/riberasalud.com\/rsc\/wp-content\/uploads\/2026\/04\/Recogida-Basureleza-camino.jpeg\",\"contentUrl\":\"https:\/\/riberasalud.com\/rsc\/wp-content\/uploads\/2026\/04\/Recogida-Basureleza-camino.jpeg\",\"width\":800,\"height\":533,\"caption\":\"Recogida Basureleza camino\"},{\"@type\":\"BreadcrumbList\",\"@id\":\"https:\/\/riberasalud.com\/rsc\/2026\/04\/21\/cerca-de-100-profesionales-de-ribera-cartagena-participan-en-una-jornada-de-voluntariado-corporativo-medioambiental\/#breadcrumb\",\"itemListElement\":[{\"@type\":\"ListItem\",\"position\":1,\"name\":\"Portada\",\"item\":\"https:\/\/riberasalud.com\/rsc\/\"},{\"@type\":\"ListItem\",\"position\":2,\"name\":\"Cerca de 100 profesionales de Ribera Cartagena participan en una jornada de voluntariado corporativo medioambiental\"}]},{\"@type\":\"WebSite\",\"@id\":\"https:\/\/riberasalud.com\/rsc\/#website\",\"url\":\"https:\/\/riberasalud.com\/rsc\/\",\"name\":\"RSC Grupo sanitario Ribera\",\"description\":\"\",\"publisher\":{\"@id\":\"https:\/\/riberasalud.com\/rsc\/#organization\"},\"potentialAction\":[{\"@type\":\"SearchAction\",\"target\":{\"@type\":\"EntryPoint\",\"urlTemplate\":\"https:\/\/riberasalud.com\/rsc\/?s={search_term_string}\"},\"query-input\":{\"@type\":\"PropertyValueSpecification\",\"valueRequired\":true,\"valueName\":\"search_term_string\"}}],\"inLanguage\":\"es\"},{\"@type\":\"Organization\",\"@id\":\"https:\/\/riberasalud.com\/rsc\/#organization\",\"name\":\"RSC Grupo sanitario Ribera\",\"url\":\"https:\/\/riberasalud.com\/rsc\/\",\"logo\":{\"@type\":\"ImageObject\",\"inLanguage\":\"es\",\"@id\":\"https:\/\/riberasalud.com\/rsc\/#\/schema\/logo\/image\/\",\"url\":\"https:\/\/riberasalud.com\/rsc\/wp-content\/uploads\/2021\/05\/cropped-Logotipo-Red.png\",\"contentUrl\":\"https:\/\/riberasalud.com\/rsc\/wp-content\/uploads\/2021\/05\/cropped-Logotipo-Red.png\",\"width\":500,\"height\":198,\"caption\":\"RSC Grupo sanitario Ribera\"},\"image\":{\"@id\":\"https:\/\/riberasalud.com\/rsc\/#\/schema\/logo\/image\/\"}},{\"@type\":\"Person\",\"@id\":\"https:\/\/riberasalud.com\/rsc\/#\/schema\/person\/11c4e77d56d084661ced188afcae969f\",\"name\":\"Mar Sanchez\",\"image\":{\"@type\":\"ImageObject\",\"inLanguage\":\"es\",\"@id\":\"https:\/\/riberasalud.com\/rsc\/#\/schema\/person\/image\/\",\"url\":\"https:\/\/secure.gravatar.com\/avatar\/5fc005413aafe0a1f7d81747fac73740246ee36e4fad7f56eb325711b6c9f209?s=96&d=mm&r=g\",\"contentUrl\":\"https:\/\/secure.gravatar.com\/avatar\/5fc005413aafe0a1f7d81747fac73740246ee36e4fad7f56eb325711b6c9f209?s=96&d=mm&r=g\",\"caption\":\"Mar Sanchez\"},\"url\":\"https:\/\/riberasalud.com\/rsc\/author\/msotoriberasalud-es\/\"}]}<\/script>\n<!-- \/ Yoast SEO plugin. -->","yoast_head_json":{"title":"Cerca de 100 profesionales de Ribera Cartagena participan en una jornada de voluntariado corporativo medioambiental - RSC Grupo sanitario Ribera","description":"La iniciativa, desarrollada junto al Ayuntamiento de Cartagena y la Infanter\u00eda de Marina, permiti\u00f3 retirar cerca de 500 litros de residuos en la subida al Fajardo","robots":{"index":"index","follow":"follow","max-snippet":"max-snippet:-1","max-image-preview":"max-image-preview:large","max-video-preview":"max-video-preview:-1"},"canonical":"https:\/\/riberasalud.com\/rsc\/2026\/04\/21\/cerca-de-100-profesionales-de-ribera-cartagena-participan-en-una-jornada-de-voluntariado-corporativo-medioambiental\/","og_locale":"es_ES","og_type":"article","og_title":"Cerca de 100 profesionales de Ribera Cartagena participan en una jornada de voluntariado corporativo medioambiental - RSC Grupo sanitario Ribera","og_description":"La iniciativa, desarrollada junto al Ayuntamiento de Cartagena y la Infanter\u00eda de Marina, permiti\u00f3 retirar cerca de 500 litros de residuos en la subida al Fajardo","og_url":"https:\/\/riberasalud.com\/rsc\/2026\/04\/21\/cerca-de-100-profesionales-de-ribera-cartagena-participan-en-una-jornada-de-voluntariado-corporativo-medioambiental\/","og_site_name":"RSC Grupo sanitario Ribera","article_published_time":"2026-04-21T12:01:29+00:00","article_modified_time":"2026-04-21T12:01:30+00:00","og_image":[{"width":800,"height":533,"url":"https:\/\/riberasalud.com\/rsc\/wp-content\/uploads\/2026\/04\/Recogida-Basureleza-camino.jpeg","type":"image\/jpeg"}],"author":"Mar Sanchez","twitter_card":"summary_large_image","twitter_misc":{"Escrito por":"Mar Sanchez","Tiempo de lectura":"3 minutos"},"schema":{"@context":"https:\/\/schema.org","@graph":[{"@type":"Article","@id":"https:\/\/riberasalud.com\/rsc\/2026\/04\/21\/cerca-de-100-profesionales-de-ribera-cartagena-participan-en-una-jornada-de-voluntariado-corporativo-medioambiental\/#article","isPartOf":{"@id":"https:\/\/riberasalud.com\/rsc\/2026\/04\/21\/cerca-de-100-profesionales-de-ribera-cartagena-participan-en-una-jornada-de-voluntariado-corporativo-medioambiental\/"},"author":{"name":"Mar Sanchez","@id":"https:\/\/riberasalud.com\/rsc\/#\/schema\/person\/11c4e77d56d084661ced188afcae969f"},"headline":"Cerca de 100 profesionales de Ribera Cartagena participan en una jornada de voluntariado corporativo medioambiental","datePublished":"2026-04-21T12:01:29+00:00","dateModified":"2026-04-21T12:01:30+00:00","mainEntityOfPage":{"@id":"https:\/\/riberasalud.com\/rsc\/2026\/04\/21\/cerca-de-100-profesionales-de-ribera-cartagena-participan-en-una-jornada-de-voluntariado-corporativo-medioambiental\/"},"wordCount":587,"commentCount":0,"publisher":{"@id":"https:\/\/riberasalud.com\/rsc\/#organization"},"image":{"@id":"https:\/\/riberasalud.com\/rsc\/2026\/04\/21\/cerca-de-100-profesionales-de-ribera-cartagena-participan-en-una-jornada-de-voluntariado-corporativo-medioambiental\/#primaryimage"},"thumbnailUrl":"https:\/\/riberasalud.com\/rsc\/wp-content\/uploads\/2026\/04\/Recogida-Basureleza-camino.jpeg","keywords":["Medio Ambiente","voluntariado"],"articleSection":["Medio Ambiente","Voluntariado"],"inLanguage":"es","potentialAction":[{"@type":"CommentAction","name":"Comment","target":["https:\/\/riberasalud.com\/rsc\/2026\/04\/21\/cerca-de-100-profesionales-de-ribera-cartagena-participan-en-una-jornada-de-voluntariado-corporativo-medioambiental\/#respond"]}]},{"@type":"WebPage","@id":"https:\/\/riberasalud.com\/rsc\/2026\/04\/21\/cerca-de-100-profesionales-de-ribera-cartagena-participan-en-una-jornada-de-voluntariado-corporativo-medioambiental\/","url":"https:\/\/riberasalud.com\/rsc\/2026\/04\/21\/cerca-de-100-profesionales-de-ribera-cartagena-participan-en-una-jornada-de-voluntariado-corporativo-medioambiental\/","name":"Cerca de 100 profesionales de Ribera Cartagena participan en una jornada de voluntariado corporativo medioambiental - RSC Grupo sanitario Ribera","isPartOf":{"@id":"https:\/\/riberasalud.com\/rsc\/#website"},"primaryImageOfPage":{"@id":"https:\/\/riberasalud.com\/rsc\/2026\/04\/21\/cerca-de-100-profesionales-de-ribera-cartagena-participan-en-una-jornada-de-voluntariado-corporativo-medioambiental\/#primaryimage"},"image":{"@id":"https:\/\/riberasalud.com\/rsc\/2026\/04\/21\/cerca-de-100-profesionales-de-ribera-cartagena-participan-en-una-jornada-de-voluntariado-corporativo-medioambiental\/#primaryimage"},"thumbnailUrl":"https:\/\/riberasalud.com\/rsc\/wp-content\/uploads\/2026\/04\/Recogida-Basureleza-camino.jpeg","datePublished":"2026-04-21T12:01:29+00:00","dateModified":"2026-04-21T12:01:30+00:00","description":"La iniciativa, desarrollada junto al Ayuntamiento de Cartagena y la Infanter\u00eda de Marina, permiti\u00f3 retirar cerca de 500 litros de residuos en la subida al Fajardo","breadcrumb":{"@id":"https:\/\/riberasalud.com\/rsc\/2026\/04\/21\/cerca-de-100-profesionales-de-ribera-cartagena-participan-en-una-jornada-de-voluntariado-corporativo-medioambiental\/#breadcrumb"},"inLanguage":"es","potentialAction":[{"@type":"ReadAction","target":["https:\/\/riberasalud.com\/rsc\/2026\/04\/21\/cerca-de-100-profesionales-de-ribera-cartagena-participan-en-una-jornada-de-voluntariado-corporativo-medioambiental\/"]}]},{"@type":"ImageObject","inLanguage":"es","@id":"https:\/\/riberasalud.com\/rsc\/2026\/04\/21\/cerca-de-100-profesionales-de-ribera-cartagena-participan-en-una-jornada-de-voluntariado-corporativo-medioambiental\/#primaryimage","url":"https:\/\/riberasalud.com\/rsc\/wp-content\/uploads\/2026\/04\/Recogida-Basureleza-camino.jpeg","contentUrl":"https:\/\/riberasalud.com\/rsc\/wp-content\/uploads\/2026\/04\/Recogida-Basureleza-camino.jpeg","width":800,"height":533,"caption":"Recogida Basureleza camino"},{"@type":"BreadcrumbList","@id":"https:\/\/riberasalud.com\/rsc\/2026\/04\/21\/cerca-de-100-profesionales-de-ribera-cartagena-participan-en-una-jornada-de-voluntariado-corporativo-medioambiental\/#breadcrumb","itemListElement":[{"@type":"ListItem","position":1,"name":"Portada","item":"https:\/\/riberasalud.com\/rsc\/"},{"@type":"ListItem","position":2,"name":"Cerca de 100 profesionales de Ribera Cartagena participan en una jornada de voluntariado corporativo medioambiental"}]},{"@type":"WebSite","@id":"https:\/\/riberasalud.com\/rsc\/#website","url":"https:\/\/riberasalud.com\/rsc\/","name":"RSC Grupo sanitario Ribera","description":"","publisher":{"@id":"https:\/\/riberasalud.com\/rsc\/#organization"},"potentialAction":[{"@type":"SearchAction","target":{"@type":"EntryPoint","urlTemplate":"https:\/\/riberasalud.com\/rsc\/?s={search_term_string}"},"query-input":{"@type":"PropertyValueSpecification","valueRequired":true,"valueName":"search_term_string"}}],"inLanguage":"es"},{"@type":"Organization","@id":"https:\/\/riberasalud.com\/rsc\/#organization","name":"RSC Grupo sanitario Ribera","url":"https:\/\/riberasalud.com\/rsc\/","logo":{"@type":"ImageObject","inLanguage":"es","@id":"https:\/\/riberasalud.com\/rsc\/#\/schema\/logo\/image\/","url":"https:\/\/riberasalud.com\/rsc\/wp-content\/uploads\/2021\/05\/cropped-Logotipo-Red.png","contentUrl":"https:\/\/riberasalud.com\/rsc\/wp-content\/uploads\/2021\/05\/cropped-Logotipo-Red.png","width":500,"height":198,"caption":"RSC Grupo sanitario Ribera"},"image":{"@id":"https:\/\/riberasalud.com\/rsc\/#\/schema\/logo\/image\/"}},{"@type":"Person","@id":"https:\/\/riberasalud.com\/rsc\/#\/schema\/person\/11c4e77d56d084661ced188afcae969f","name":"Mar Sanchez","image":{"@type":"ImageObject","inLanguage":"es","@id":"https:\/\/riberasalud.com\/rsc\/#\/schema\/person\/image\/","url":"https:\/\/secure.gravatar.com\/avatar\/5fc005413aafe0a1f7d81747fac73740246ee36e4fad7f56eb325711b6c9f209?s=96&d=mm&r=g","contentUrl":"https:\/\/secure.gravatar.com\/avatar\/5fc005413aafe0a1f7d81747fac73740246ee36e4fad7f56eb325711b6c9f209?s=96&d=mm&r=g","caption":"Mar Sanchez"},"url":"https:\/\/riberasalud.com\/rsc\/author\/msotoriberasalud-es\/"}]}},"author_meta":{"display_name":"Mar Sanchez","author_link":"https:\/\/riberasalud.com\/rsc\/author\/msotoriberasalud-es\/"},"featured_img":"https:\/\/riberasalud.com\/rsc\/wp-content\/uploads\/2026\/04\/Recogida-Basureleza-camino-300x200.jpeg","pbg_featured_image_src":{"full":["https:\/\/riberasalud.com\/rsc\/wp-content\/uploads\/2026\/04\/Recogida-Basureleza-camino.jpeg",800,533,false],"thumbnail":["https:\/\/riberasalud.com\/rsc\/wp-content\/uploads\/2026\/04\/Recogida-Basureleza-camino-150x150.jpeg",150,150,true],"medium":["https:\/\/riberasalud.com\/rsc\/wp-content\/uploads\/2026\/04\/Recogida-Basureleza-camino-300x200.jpeg",300,200,true],"medium_large":["https:\/\/riberasalud.com\/rsc\/wp-content\/uploads\/2026\/04\/Recogida-Basureleza-camino-768x512.jpeg",768,512,true],"large":["https:\/\/riberasalud.com\/rsc\/wp-content\/uploads\/2026\/04\/Recogida-Basureleza-camino.jpeg",800,533,false],"xl":["https:\/\/riberasalud.com\/rsc\/wp-content\/uploads\/2026\/04\/Recogida-Basureleza-camino.jpeg",800,533,false],"xxl":["https:\/\/riberasalud.com\/rsc\/wp-content\/uploads\/2026\/04\/Recogida-Basureleza-camino.jpeg",800,533,false],"xxxl":["https:\/\/riberasalud.com\/rsc\/wp-content\/uploads\/2026\/04\/Recogida-Basureleza-camino.jpeg",800,533,false],"xxxxl":["https:\/\/riberasalud.com\/rsc\/wp-content\/uploads\/2026\/04\/Recogida-Basureleza-camino.jpeg",800,533,false],"xxxxxl":["https:\/\/riberasalud.com\/rsc\/wp-content\/uploads\/2026\/04\/Recogida-Basureleza-camino.jpeg",800,533,false],"1536x1536":["https:\/\/riberasalud.com\/rsc\/wp-content\/uploads\/2026\/04\/Recogida-Basureleza-camino.jpeg",800,533,false],"2048x2048":["https:\/\/riberasalud.com\/rsc\/wp-content\/uploads\/2026\/04\/Recogida-Basureleza-camino.jpeg",800,533,false]},"pbg_author_info":{"display_name":"Mar Sanchez","author_link":"https:\/\/riberasalud.com\/rsc\/author\/msotoriberasalud-es\/","author_img":"<img alt='Mar Sanchez' src='https:\/\/secure.gravatar.com\/avatar\/5fc005413aafe0a1f7d81747fac73740246ee36e4fad7f56eb325711b6c9f209?s=128&#038;d=mm&#038;r=g' srcset='https:\/\/secure.gravatar.com\/avatar\/5fc005413aafe0a1f7d81747fac73740246ee36e4fad7f56eb325711b6c9f209?s=256&#038;d=mm&#038;r=g 2x' class='avatar avatar-128 photo' height='128' width='128' loading='lazy' decoding='async'\/>"},"pbg_comment_info":" No Comments","pbg_excerpt":"La familia Ribera celebr\u00f3 ayer su primera jornada conjunta de voluntariado corporativo dentro del proyecto Basuraleza, una iniciativa que une sostenibilidad, salud y compromiso con el entorno. Cerca de 100 personas entre profesionales del Grupo Ribera, familiares, amigos y colaboradores participaron en esta acci\u00f3n medioambiental desarrollada en la subida al Fajardo de Cartagena, uno de&hellip;","uagb_featured_image_src":{"full":["https:\/\/riberasalud.com\/rsc\/wp-content\/uploads\/2026\/04\/Recogida-Basureleza-camino.jpeg",800,533,false],"thumbnail":["https:\/\/riberasalud.com\/rsc\/wp-content\/uploads\/2026\/04\/Recogida-Basureleza-camino-150x150.jpeg",150,150,true],"medium":["https:\/\/riberasalud.com\/rsc\/wp-content\/uploads\/2026\/04\/Recogida-Basureleza-camino-300x200.jpeg",300,200,true],"medium_large":["https:\/\/riberasalud.com\/rsc\/wp-content\/uploads\/2026\/04\/Recogida-Basureleza-camino-768x512.jpeg",768,512,true],"large":["https:\/\/riberasalud.com\/rsc\/wp-content\/uploads\/2026\/04\/Recogida-Basureleza-camino.jpeg",800,533,false],"xl":["https:\/\/riberasalud.com\/rsc\/wp-content\/uploads\/2026\/04\/Recogida-Basureleza-camino.jpeg",800,533,false],"xxl":["https:\/\/riberasalud.com\/rsc\/wp-content\/uploads\/2026\/04\/Recogida-Basureleza-camino.jpeg",800,533,false],"xxxl":["https:\/\/riberasalud.com\/rsc\/wp-content\/uploads\/2026\/04\/Recogida-Basureleza-camino.jpeg",800,533,false],"xxxxl":["https:\/\/riberasalud.com\/rsc\/wp-content\/uploads\/2026\/04\/Recogida-Basureleza-camino.jpeg",800,533,false],"xxxxxl":["https:\/\/riberasalud.com\/rsc\/wp-content\/uploads\/2026\/04\/Recogida-Basureleza-camino.jpeg",800,533,false],"1536x1536":["https:\/\/riberasalud.com\/rsc\/wp-content\/uploads\/2026\/04\/Recogida-Basureleza-camino.jpeg",800,533,false],"2048x2048":["https:\/\/riberasalud.com\/rsc\/wp-content\/uploads\/2026\/04\/Recogida-Basureleza-camino.jpeg",800,533,false]},"uagb_author_info":{"display_name":"Mar Sanchez","author_link":"https:\/\/riberasalud.com\/rsc\/author\/msotoriberasalud-es\/"},"uagb_comment_info":0,"uagb_excerpt":"La familia Ribera celebr\u00f3 ayer su primera jornada conjunta de voluntariado corporativo dentro del proyecto Basuraleza, una iniciativa que une sostenibilidad, salud y compromiso con el entorno. Cerca de 100 personas entre profesionales del Grupo Ribera, familiares, amigos y colaboradores participaron en esta acci\u00f3n medioambiental desarrollada en la subida al Fajardo de Cartagena, uno de&hellip;","coauthors":[],"tax_additional":{"categories":{"linked":["<a href=\"https:\/\/riberasalud.com\/rsc\/category\/medio-ambiente\/\" class=\"advgb-post-tax-term\">Medio Ambiente<\/a>","<a href=\"https:\/\/riberasalud.com\/rsc\/category\/voluntariado\/\" class=\"advgb-post-tax-term\">Voluntariado<\/a>"],"unlinked":["<span class=\"advgb-post-tax-term\">Medio Ambiente<\/span>","<span class=\"advgb-post-tax-term\">Voluntariado<\/span>"]},"tags":{"linked":["<a href=\"https:\/\/riberasalud.com\/rsc\/category\/voluntariado\/\" class=\"advgb-post-tax-term\">Medio Ambiente<\/a>","<a href=\"https:\/\/riberasalud.com\/rsc\/category\/voluntariado\/\" class=\"advgb-post-tax-term\">voluntariado<\/a>"],"unlinked":["<span class=\"advgb-post-tax-term\">Medio Ambiente<\/span>","<span class=\"advgb-post-tax-term\">voluntariado<\/span>"]}},"comment_count":"0","relative_dates":{"created":"Publicado 1 semana hace","modified":"Actualizado 1 semana hace"},"absolute_dates":{"created":"Publicado el 21 de abril de 2026","modified":"Actualizado el 21 de abril de 2026"},"absolute_dates_time":{"created":"Publicado el 21 de abril de 2026 12:01","modified":"Actualizado el 21 de abril de 2026 12:01"},"featured_img_caption":"","series_order":"","_links":{"self":[{"href":"https:\/\/riberasalud.com\/rsc\/wp-json\/wp\/v2\/posts\/4899","targetHints":{"allow":["GET"]}}],"collection":[{"href":"https:\/\/riberasalud.com\/rsc\/wp-json\/wp\/v2\/posts"}],"about":[{"href":"https:\/\/riberasalud.com\/rsc\/wp-json\/wp\/v2\/types\/post"}],"author":[{"embeddable":true,"href":"https:\/\/riberasalud.com\/rsc\/wp-json\/wp\/v2\/users\/2"}],"replies":[{"embeddable":true,"href":"https:\/\/riberasalud.com\/rsc\/wp-json\/wp\/v2\/comments?post=4899"}],"version-history":[{"count":1,"href":"https:\/\/riberasalud.com\/rsc\/wp-json\/wp\/v2\/posts\/4899\/revisions"}],"predecessor-version":[{"id":4901,"href":"https:\/\/riberasalud.com\/rsc\/wp-json\/wp\/v2\/posts\/4899\/revisions\/4901"}],"wp:featuredmedia":[{"embeddable":true,"href":"https:\/\/riberasalud.com\/rsc\/wp-json\/wp\/v2\/media\/4900"}],"wp:attachment":[{"href":"https:\/\/riberasalud.com\/rsc\/wp-json\/wp\/v2\/media?parent=4899"}],"wp:term":[{"taxonomy":"category","embeddable":true,"href":"https:\/\/riberasalud.com\/rsc\/wp-json\/wp\/v2\/categories?post=4899"},{"taxonomy":"post_tag","embeddable":true,"href":"https:\/\/riberasalud.com\/rsc\/wp-json\/wp\/v2\/tags?post=4899"}],"curies":[{"name":"wp","href":"https:\/\/api.w.org\/{rel}","templated":true}]}}