{"id":4867,"date":"2026-04-02T10:58:07","date_gmt":"2026-04-02T10:58:07","guid":{"rendered":"https:\/\/riberasalud.com\/rsc\/?p=4867"},"modified":"2026-04-02T10:58:09","modified_gmt":"2026-04-02T10:58:09","slug":"primeros-auxilios-y-alimentacion-complementaria-blw-las-claves-para-cuidar-con-seguridad-a-ninos-de-0-a-3-anos","status":"publish","type":"post","link":"https:\/\/riberasalud.com\/rsc\/2026\/04\/02\/primeros-auxilios-y-alimentacion-complementaria-blw-las-claves-para-cuidar-con-seguridad-a-ninos-de-0-a-3-anos\/","title":{"rendered":"Primeros auxilios y alimentaci\u00f3n complementaria BLW: las claves para cuidar con seguridad a ni\u00f1os de 0 a 3 a\u00f1os"},"content":{"rendered":"\n<ul class=\"wp-block-list\">\n<li>El hospital Ribera Imske ofrece talleres pr\u00e1cticos para familias y cuidadores centrados en la prevenci\u00f3n de accidentes y una alimentaci\u00f3n autorregulada y segura<\/li>\n\n\n\n<li>\u201cLa informaci\u00f3n reduce el miedo y aumenta la sensaci\u00f3n de competencia\u201d, explica la matrona Elena Pajuelo, responsable de los talleres<\/li>\n<\/ul>\n\n\n\n<p>Actuar con rapidez ante un atragantamiento, saber realizar una reanimaci\u00f3n cardiopulmonar b\u00e1sica o iniciar la alimentaci\u00f3n complementaria sin miedo son algunas de las principales inquietudes de madres, padres y cuidadores en los primeros a\u00f1os de vida del ni\u00f1o. Para dar respuesta a estas necesidades, el hospital <a href=\"https:\/\/www.imske.com\/\">Ribera Imske<\/a> acoge talleres mensuales de primeros auxilios y alimentaci\u00f3n complementaria (BLW), dirigidos a familias y cuidadores de ni\u00f1os de 0 a 3 a\u00f1os.<\/p>\n\n\n\n<p>La formaci\u00f3n est\u00e1 impartida por la matrona Elena Pajuelo, que destaca las ventajas de estos talleres y por qu\u00e9 la clave est\u00e1 en anticiparse: \u201cFormarse antes o en los primeros meses de vida del beb\u00e9 reduce el miedo, aumenta la confianza y permite tomar decisiones m\u00e1s conscientes y alineadas con los valores y objetivos de cada familia\u201d.<\/p>\n\n\n\n<p><strong>Primeros auxilios pedi\u00e1tricos: saber actuar marca la diferencia<\/strong><\/p>\n\n\n\n<p>El taller de primeros auxilios est\u00e1 dise\u00f1ado como una formaci\u00f3n muy pr\u00e1ctica, en grupos reducidos de entre 12 y 14 personas, para garantizar la participaci\u00f3n activa de todos los asistentes durante sus tres horas de duraci\u00f3n. En \u00e9l se abordan situaciones reales como accidentes dom\u00e9sticos, p\u00e9rdida de conciencia, atragantamientos y reanimaci\u00f3n cardiopulmonar b\u00e1sica, tanto en ni\u00f1os conscientes como inconscientes. El objetivo es que los cuidadores sepan c\u00f3mo actuar de forma r\u00e1pida y eficaz para evitar secuelas graves. \u201cMuchas familias viven con un miedo constante a no saber reaccionar\u201d, explica Pajuelo, pero a\u00f1ade que \u201ccuando adquieren herramientas claras y las practican, ese miedo se transforma en seguridad\u201d.<\/p>\n\n\n\n<p><strong>Alimentaci\u00f3n complementaria y BLW: confianza y autonom\u00eda<\/strong><\/p>\n\n\n\n<p>El taller de alimentaci\u00f3n complementaria profundiza en el enfoque de alimentaci\u00f3n autorregulada por el beb\u00e9 (BLW, Baby Led Weaning), explicando de forma clara cu\u00e1ndo iniciar la alimentaci\u00f3n complementaria, con qu\u00e9 alimentos, c\u00f3mo ofrecerlos y en qu\u00e9 cantidades, siempre desde la seguridad y el respeto al ritmo del ni\u00f1o.<\/p>\n\n\n\n<p>Durante la sesi\u00f3n se detallan las ventajas de este tipo de alimentaci\u00f3n, tanto para el beb\u00e9 -mayor autonom\u00eda, desarrollo de la masticaci\u00f3n y relaci\u00f3n positiva con la comida- como para la familia, que aprende a integrar al ni\u00f1o en la din\u00e1mica familiar, sin estr\u00e9s ni luchas. \u201cPerder el miedo es fundamental\u201d, se\u00f1ala la matrona. \u201cCuando las familias entienden c\u00f3mo hacerlo de manera segura, disfrutan mucho m\u00e1s del proceso y conf\u00edan en las capacidades de su beb\u00e9\u201d.<\/p>\n\n\n\n<p>Ambos talleres se realizan mensualmente en el \u00e1tico del hospital Ribera Imske, tienen una duraci\u00f3n aproximada de tres horas y est\u00e1n dirigidos tanto a padres como a otros cuidadores habituales. La demanda creciente confirma, seg\u00fan Pajuelo, que \u201cla confianza nace del conocimiento y del acompa\u00f1amiento adecuado desde el principio\u201d. Las fechas de los talleres se actualizan en esta <a href=\"https:\/\/elenapajuelo.com\/\">web<\/a> y en el propio hospital Ribera Imske.<\/p>\n","protected":false},"excerpt":{"rendered":"<p>Actuar con rapidez ante un atragantamiento, saber realizar una reanimaci\u00f3n cardiopulmonar b\u00e1sica o iniciar la alimentaci\u00f3n complementaria sin miedo son algunas de las principales inquietudes de madres, padres y cuidadores en los primeros a\u00f1os de vida del ni\u00f1o. Para dar respuesta a estas necesidades, el hospital Ribera Imske acoge talleres mensuales de primeros auxilios y &#8230; <a title=\"Primeros auxilios y alimentaci\u00f3n complementaria BLW: las claves para cuidar con seguridad a ni\u00f1os de 0 a 3 a\u00f1os\" class=\"read-more\" href=\"https:\/\/riberasalud.com\/rsc\/2026\/04\/02\/primeros-auxilios-y-alimentacion-complementaria-blw-las-claves-para-cuidar-con-seguridad-a-ninos-de-0-a-3-anos\/\" aria-label=\"Leer m\u00e1s sobre Primeros auxilios y alimentaci\u00f3n complementaria BLW: las claves para cuidar con seguridad a ni\u00f1os de 0 a 3 a\u00f1os\">Leer m\u00e1s<\/a><\/p>\n","protected":false},"author":2,"featured_media":4868,"comment_status":"open","ping_status":"open","sticky":false,"template":"","format":"standard","meta":{"_editorskit_title_hidden":false,"_editorskit_reading_time":0,"_editorskit_is_block_options_detached":false,"_editorskit_block_options_position":"{}","_coblocks_attr":"","_coblocks_dimensions":"","_coblocks_responsive_height":"","_coblocks_accordion_ie_support":"","_uag_custom_page_level_css":"","advgb_blocks_editor_width":"","advgb_blocks_columns_visual_guide":"","_monsterinsights_skip_tracking":false,"_monsterinsights_sitenote_active":false,"_monsterinsights_sitenote_note":"","_monsterinsights_sitenote_category":0,"footnotes":""},"categories":[203,204],"tags":[55,847,133],"class_list":["post-4867","post","type-post","status-publish","format-standard","has-post-thumbnail","hentry","category-educacion-para-la-salud","category-promocion-de-la-salud","tag-alimentacion","tag-blw","tag-primeros-auxilios"],"featured_image_urls_v2":{"full":["https:\/\/riberasalud.com\/rsc\/wp-content\/uploads\/2026\/04\/Elena-Pajuelo_-taller-primeros-auxilios.jpg",720,435,false],"thumbnail":["https:\/\/riberasalud.com\/rsc\/wp-content\/uploads\/2026\/04\/Elena-Pajuelo_-taller-primeros-auxilios-150x150.jpg",150,150,true],"medium":["https:\/\/riberasalud.com\/rsc\/wp-content\/uploads\/2026\/04\/Elena-Pajuelo_-taller-primeros-auxilios-300x181.jpg",300,181,true],"medium_large":["https:\/\/riberasalud.com\/rsc\/wp-content\/uploads\/2026\/04\/Elena-Pajuelo_-taller-primeros-auxilios.jpg",720,435,false],"large":["https:\/\/riberasalud.com\/rsc\/wp-content\/uploads\/2026\/04\/Elena-Pajuelo_-taller-primeros-auxilios.jpg",720,435,false],"xl":["https:\/\/riberasalud.com\/rsc\/wp-content\/uploads\/2026\/04\/Elena-Pajuelo_-taller-primeros-auxilios.jpg",720,435,false],"xxl":["https:\/\/riberasalud.com\/rsc\/wp-content\/uploads\/2026\/04\/Elena-Pajuelo_-taller-primeros-auxilios.jpg",720,435,false],"xxxl":["https:\/\/riberasalud.com\/rsc\/wp-content\/uploads\/2026\/04\/Elena-Pajuelo_-taller-primeros-auxilios.jpg",720,435,false],"xxxxl":["https:\/\/riberasalud.com\/rsc\/wp-content\/uploads\/2026\/04\/Elena-Pajuelo_-taller-primeros-auxilios.jpg",720,435,false],"xxxxxl":["https:\/\/riberasalud.com\/rsc\/wp-content\/uploads\/2026\/04\/Elena-Pajuelo_-taller-primeros-auxilios.jpg",720,435,false],"1536x1536":["https:\/\/riberasalud.com\/rsc\/wp-content\/uploads\/2026\/04\/Elena-Pajuelo_-taller-primeros-auxilios.jpg",720,435,false],"2048x2048":["https:\/\/riberasalud.com\/rsc\/wp-content\/uploads\/2026\/04\/Elena-Pajuelo_-taller-primeros-auxilios.jpg",720,435,false]},"post_excerpt_stackable_v2":"<p>El hospital Ribera Imske ofrece talleres pr\u00e1cticos para familias y cuidadores centrados en la prevenci\u00f3n de accidentes y una alimentaci\u00f3n autorregulada y segura \u201cLa informaci\u00f3n reduce el miedo y aumenta la sensaci\u00f3n de competencia\u201d, explica la matrona Elena Pajuelo, responsable de los talleres Actuar con rapidez ante un atragantamiento, saber realizar una reanimaci\u00f3n cardiopulmonar b\u00e1sica o iniciar la alimentaci\u00f3n complementaria sin miedo son algunas de las principales inquietudes de madres, padres y cuidadores en los primeros a\u00f1os de vida del ni\u00f1o. Para dar respuesta a estas necesidades, el hospital Ribera Imske acoge talleres mensuales de primeros auxilios y alimentaci\u00f3n complementaria&hellip;<\/p>\n","category_list_v2":"<a href=\"https:\/\/riberasalud.com\/rsc\/category\/educacion-para-la-salud\/\" rel=\"category tag\">Educaci\u00f3n para la salud<\/a>, <a href=\"https:\/\/riberasalud.com\/rsc\/category\/promocion-de-la-salud\/\" rel=\"category tag\">Promoci\u00f3n de la salud<\/a>","author_info_v2":{"name":"Mar Sanchez","url":"https:\/\/riberasalud.com\/rsc\/author\/msotoriberasalud-es\/"},"comments_num_v2":"0 comentarios","yoast_head":"<!-- This site is optimized with the Yoast SEO plugin v26.6 - https:\/\/yoast.com\/wordpress\/plugins\/seo\/ -->\n<title>Primeros auxilios y alimentaci\u00f3n complementaria BLW: las claves para cuidar con seguridad a ni\u00f1os de 0 a 3 a\u00f1os - RSC Grupo sanitario Ribera<\/title>\n<meta name=\"description\" content=\"\u201cLa informaci\u00f3n reduce el miedo y aumenta la sensaci\u00f3n de competencia\u201d, explica la matrona Elena Pajuelo, responsable de los talleres\" \/>\n<meta name=\"robots\" content=\"index, follow, max-snippet:-1, max-image-preview:large, max-video-preview:-1\" \/>\n<link rel=\"canonical\" href=\"https:\/\/riberasalud.com\/rsc\/2026\/04\/02\/primeros-auxilios-y-alimentacion-complementaria-blw-las-claves-para-cuidar-con-seguridad-a-ninos-de-0-a-3-anos\/\" \/>\n<meta property=\"og:locale\" content=\"es_ES\" \/>\n<meta property=\"og:type\" content=\"article\" \/>\n<meta property=\"og:title\" content=\"Primeros auxilios y alimentaci\u00f3n complementaria BLW: las claves para cuidar con seguridad a ni\u00f1os de 0 a 3 a\u00f1os - RSC Grupo sanitario Ribera\" \/>\n<meta property=\"og:description\" content=\"\u201cLa informaci\u00f3n reduce el miedo y aumenta la sensaci\u00f3n de competencia\u201d, explica la matrona Elena Pajuelo, responsable de los talleres\" \/>\n<meta property=\"og:url\" content=\"https:\/\/riberasalud.com\/rsc\/2026\/04\/02\/primeros-auxilios-y-alimentacion-complementaria-blw-las-claves-para-cuidar-con-seguridad-a-ninos-de-0-a-3-anos\/\" \/>\n<meta property=\"og:site_name\" content=\"RSC Grupo sanitario Ribera\" \/>\n<meta property=\"article:published_time\" content=\"2026-04-02T10:58:07+00:00\" \/>\n<meta property=\"article:modified_time\" content=\"2026-04-02T10:58:09+00:00\" \/>\n<meta property=\"og:image\" content=\"https:\/\/riberasalud.com\/rsc\/wp-content\/uploads\/2026\/04\/Elena-Pajuelo_-taller-primeros-auxilios.jpg\" \/>\n\t<meta property=\"og:image:width\" content=\"720\" \/>\n\t<meta property=\"og:image:height\" content=\"435\" \/>\n\t<meta property=\"og:image:type\" content=\"image\/jpeg\" \/>\n<meta name=\"author\" content=\"Mar Sanchez\" \/>\n<meta name=\"twitter:card\" content=\"summary_large_image\" \/>\n<meta name=\"twitter:label1\" content=\"Escrito por\" \/>\n\t<meta name=\"twitter:data1\" content=\"Mar Sanchez\" \/>\n\t<meta name=\"twitter:label2\" content=\"Tiempo de lectura\" \/>\n\t<meta name=\"twitter:data2\" content=\"3 minutos\" \/>\n<script type=\"application\/ld+json\" class=\"yoast-schema-graph\">{\"@context\":\"https:\/\/schema.org\",\"@graph\":[{\"@type\":\"Article\",\"@id\":\"https:\/\/riberasalud.com\/rsc\/2026\/04\/02\/primeros-auxilios-y-alimentacion-complementaria-blw-las-claves-para-cuidar-con-seguridad-a-ninos-de-0-a-3-anos\/#article\",\"isPartOf\":{\"@id\":\"https:\/\/riberasalud.com\/rsc\/2026\/04\/02\/primeros-auxilios-y-alimentacion-complementaria-blw-las-claves-para-cuidar-con-seguridad-a-ninos-de-0-a-3-anos\/\"},\"author\":{\"name\":\"Mar Sanchez\",\"@id\":\"https:\/\/riberasalud.com\/rsc\/#\/schema\/person\/11c4e77d56d084661ced188afcae969f\"},\"headline\":\"Primeros auxilios y alimentaci\u00f3n complementaria BLW: las claves para cuidar con seguridad a ni\u00f1os de 0 a 3 a\u00f1os\",\"datePublished\":\"2026-04-02T10:58:07+00:00\",\"dateModified\":\"2026-04-02T10:58:09+00:00\",\"mainEntityOfPage\":{\"@id\":\"https:\/\/riberasalud.com\/rsc\/2026\/04\/02\/primeros-auxilios-y-alimentacion-complementaria-blw-las-claves-para-cuidar-con-seguridad-a-ninos-de-0-a-3-anos\/\"},\"wordCount\":550,\"commentCount\":0,\"publisher\":{\"@id\":\"https:\/\/riberasalud.com\/rsc\/#organization\"},\"image\":{\"@id\":\"https:\/\/riberasalud.com\/rsc\/2026\/04\/02\/primeros-auxilios-y-alimentacion-complementaria-blw-las-claves-para-cuidar-con-seguridad-a-ninos-de-0-a-3-anos\/#primaryimage\"},\"thumbnailUrl\":\"https:\/\/riberasalud.com\/rsc\/wp-content\/uploads\/2026\/04\/Elena-Pajuelo_-taller-primeros-auxilios.jpg\",\"keywords\":[\"alimentaci\u00f3n\",\"BLW\",\"primeros auxilios\"],\"articleSection\":[\"Educaci\u00f3n para la salud\",\"Promoci\u00f3n de la salud\"],\"inLanguage\":\"es\",\"potentialAction\":[{\"@type\":\"CommentAction\",\"name\":\"Comment\",\"target\":[\"https:\/\/riberasalud.com\/rsc\/2026\/04\/02\/primeros-auxilios-y-alimentacion-complementaria-blw-las-claves-para-cuidar-con-seguridad-a-ninos-de-0-a-3-anos\/#respond\"]}]},{\"@type\":\"WebPage\",\"@id\":\"https:\/\/riberasalud.com\/rsc\/2026\/04\/02\/primeros-auxilios-y-alimentacion-complementaria-blw-las-claves-para-cuidar-con-seguridad-a-ninos-de-0-a-3-anos\/\",\"url\":\"https:\/\/riberasalud.com\/rsc\/2026\/04\/02\/primeros-auxilios-y-alimentacion-complementaria-blw-las-claves-para-cuidar-con-seguridad-a-ninos-de-0-a-3-anos\/\",\"name\":\"Primeros auxilios y alimentaci\u00f3n complementaria BLW: las claves para cuidar con seguridad a ni\u00f1os de 0 a 3 a\u00f1os - RSC Grupo sanitario Ribera\",\"isPartOf\":{\"@id\":\"https:\/\/riberasalud.com\/rsc\/#website\"},\"primaryImageOfPage\":{\"@id\":\"https:\/\/riberasalud.com\/rsc\/2026\/04\/02\/primeros-auxilios-y-alimentacion-complementaria-blw-las-claves-para-cuidar-con-seguridad-a-ninos-de-0-a-3-anos\/#primaryimage\"},\"image\":{\"@id\":\"https:\/\/riberasalud.com\/rsc\/2026\/04\/02\/primeros-auxilios-y-alimentacion-complementaria-blw-las-claves-para-cuidar-con-seguridad-a-ninos-de-0-a-3-anos\/#primaryimage\"},\"thumbnailUrl\":\"https:\/\/riberasalud.com\/rsc\/wp-content\/uploads\/2026\/04\/Elena-Pajuelo_-taller-primeros-auxilios.jpg\",\"datePublished\":\"2026-04-02T10:58:07+00:00\",\"dateModified\":\"2026-04-02T10:58:09+00:00\",\"description\":\"\u201cLa informaci\u00f3n reduce el miedo y aumenta la sensaci\u00f3n de competencia\u201d, explica la matrona Elena Pajuelo, responsable de los talleres\",\"breadcrumb\":{\"@id\":\"https:\/\/riberasalud.com\/rsc\/2026\/04\/02\/primeros-auxilios-y-alimentacion-complementaria-blw-las-claves-para-cuidar-con-seguridad-a-ninos-de-0-a-3-anos\/#breadcrumb\"},\"inLanguage\":\"es\",\"potentialAction\":[{\"@type\":\"ReadAction\",\"target\":[\"https:\/\/riberasalud.com\/rsc\/2026\/04\/02\/primeros-auxilios-y-alimentacion-complementaria-blw-las-claves-para-cuidar-con-seguridad-a-ninos-de-0-a-3-anos\/\"]}]},{\"@type\":\"ImageObject\",\"inLanguage\":\"es\",\"@id\":\"https:\/\/riberasalud.com\/rsc\/2026\/04\/02\/primeros-auxilios-y-alimentacion-complementaria-blw-las-claves-para-cuidar-con-seguridad-a-ninos-de-0-a-3-anos\/#primaryimage\",\"url\":\"https:\/\/riberasalud.com\/rsc\/wp-content\/uploads\/2026\/04\/Elena-Pajuelo_-taller-primeros-auxilios.jpg\",\"contentUrl\":\"https:\/\/riberasalud.com\/rsc\/wp-content\/uploads\/2026\/04\/Elena-Pajuelo_-taller-primeros-auxilios.jpg\",\"width\":720,\"height\":435,\"caption\":\"Elena Pajuelo_ taller primeros auxilios\"},{\"@type\":\"BreadcrumbList\",\"@id\":\"https:\/\/riberasalud.com\/rsc\/2026\/04\/02\/primeros-auxilios-y-alimentacion-complementaria-blw-las-claves-para-cuidar-con-seguridad-a-ninos-de-0-a-3-anos\/#breadcrumb\",\"itemListElement\":[{\"@type\":\"ListItem\",\"position\":1,\"name\":\"Portada\",\"item\":\"https:\/\/riberasalud.com\/rsc\/\"},{\"@type\":\"ListItem\",\"position\":2,\"name\":\"Primeros auxilios y alimentaci\u00f3n complementaria BLW: las claves para cuidar con seguridad a ni\u00f1os de 0 a 3 a\u00f1os\"}]},{\"@type\":\"WebSite\",\"@id\":\"https:\/\/riberasalud.com\/rsc\/#website\",\"url\":\"https:\/\/riberasalud.com\/rsc\/\",\"name\":\"RSC Grupo sanitario Ribera\",\"description\":\"\",\"publisher\":{\"@id\":\"https:\/\/riberasalud.com\/rsc\/#organization\"},\"potentialAction\":[{\"@type\":\"SearchAction\",\"target\":{\"@type\":\"EntryPoint\",\"urlTemplate\":\"https:\/\/riberasalud.com\/rsc\/?s={search_term_string}\"},\"query-input\":{\"@type\":\"PropertyValueSpecification\",\"valueRequired\":true,\"valueName\":\"search_term_string\"}}],\"inLanguage\":\"es\"},{\"@type\":\"Organization\",\"@id\":\"https:\/\/riberasalud.com\/rsc\/#organization\",\"name\":\"RSC Grupo sanitario Ribera\",\"url\":\"https:\/\/riberasalud.com\/rsc\/\",\"logo\":{\"@type\":\"ImageObject\",\"inLanguage\":\"es\",\"@id\":\"https:\/\/riberasalud.com\/rsc\/#\/schema\/logo\/image\/\",\"url\":\"https:\/\/riberasalud.com\/rsc\/wp-content\/uploads\/2021\/05\/cropped-Logotipo-Red.png\",\"contentUrl\":\"https:\/\/riberasalud.com\/rsc\/wp-content\/uploads\/2021\/05\/cropped-Logotipo-Red.png\",\"width\":500,\"height\":198,\"caption\":\"RSC Grupo sanitario Ribera\"},\"image\":{\"@id\":\"https:\/\/riberasalud.com\/rsc\/#\/schema\/logo\/image\/\"}},{\"@type\":\"Person\",\"@id\":\"https:\/\/riberasalud.com\/rsc\/#\/schema\/person\/11c4e77d56d084661ced188afcae969f\",\"name\":\"Mar Sanchez\",\"image\":{\"@type\":\"ImageObject\",\"inLanguage\":\"es\",\"@id\":\"https:\/\/riberasalud.com\/rsc\/#\/schema\/person\/image\/\",\"url\":\"https:\/\/secure.gravatar.com\/avatar\/5fc005413aafe0a1f7d81747fac73740246ee36e4fad7f56eb325711b6c9f209?s=96&d=mm&r=g\",\"contentUrl\":\"https:\/\/secure.gravatar.com\/avatar\/5fc005413aafe0a1f7d81747fac73740246ee36e4fad7f56eb325711b6c9f209?s=96&d=mm&r=g\",\"caption\":\"Mar Sanchez\"},\"url\":\"https:\/\/riberasalud.com\/rsc\/author\/msotoriberasalud-es\/\"}]}<\/script>\n<!-- \/ Yoast SEO plugin. -->","yoast_head_json":{"title":"Primeros auxilios y alimentaci\u00f3n complementaria BLW: las claves para cuidar con seguridad a ni\u00f1os de 0 a 3 a\u00f1os - RSC Grupo sanitario Ribera","description":"\u201cLa informaci\u00f3n reduce el miedo y aumenta la sensaci\u00f3n de competencia\u201d, explica la matrona Elena Pajuelo, responsable de los talleres","robots":{"index":"index","follow":"follow","max-snippet":"max-snippet:-1","max-image-preview":"max-image-preview:large","max-video-preview":"max-video-preview:-1"},"canonical":"https:\/\/riberasalud.com\/rsc\/2026\/04\/02\/primeros-auxilios-y-alimentacion-complementaria-blw-las-claves-para-cuidar-con-seguridad-a-ninos-de-0-a-3-anos\/","og_locale":"es_ES","og_type":"article","og_title":"Primeros auxilios y alimentaci\u00f3n complementaria BLW: las claves para cuidar con seguridad a ni\u00f1os de 0 a 3 a\u00f1os - RSC Grupo sanitario Ribera","og_description":"\u201cLa informaci\u00f3n reduce el miedo y aumenta la sensaci\u00f3n de competencia\u201d, explica la matrona Elena Pajuelo, responsable de los talleres","og_url":"https:\/\/riberasalud.com\/rsc\/2026\/04\/02\/primeros-auxilios-y-alimentacion-complementaria-blw-las-claves-para-cuidar-con-seguridad-a-ninos-de-0-a-3-anos\/","og_site_name":"RSC Grupo sanitario Ribera","article_published_time":"2026-04-02T10:58:07+00:00","article_modified_time":"2026-04-02T10:58:09+00:00","og_image":[{"width":720,"height":435,"url":"https:\/\/riberasalud.com\/rsc\/wp-content\/uploads\/2026\/04\/Elena-Pajuelo_-taller-primeros-auxilios.jpg","type":"image\/jpeg"}],"author":"Mar Sanchez","twitter_card":"summary_large_image","twitter_misc":{"Escrito por":"Mar Sanchez","Tiempo de lectura":"3 minutos"},"schema":{"@context":"https:\/\/schema.org","@graph":[{"@type":"Article","@id":"https:\/\/riberasalud.com\/rsc\/2026\/04\/02\/primeros-auxilios-y-alimentacion-complementaria-blw-las-claves-para-cuidar-con-seguridad-a-ninos-de-0-a-3-anos\/#article","isPartOf":{"@id":"https:\/\/riberasalud.com\/rsc\/2026\/04\/02\/primeros-auxilios-y-alimentacion-complementaria-blw-las-claves-para-cuidar-con-seguridad-a-ninos-de-0-a-3-anos\/"},"author":{"name":"Mar Sanchez","@id":"https:\/\/riberasalud.com\/rsc\/#\/schema\/person\/11c4e77d56d084661ced188afcae969f"},"headline":"Primeros auxilios y alimentaci\u00f3n complementaria BLW: las claves para cuidar con seguridad a ni\u00f1os de 0 a 3 a\u00f1os","datePublished":"2026-04-02T10:58:07+00:00","dateModified":"2026-04-02T10:58:09+00:00","mainEntityOfPage":{"@id":"https:\/\/riberasalud.com\/rsc\/2026\/04\/02\/primeros-auxilios-y-alimentacion-complementaria-blw-las-claves-para-cuidar-con-seguridad-a-ninos-de-0-a-3-anos\/"},"wordCount":550,"commentCount":0,"publisher":{"@id":"https:\/\/riberasalud.com\/rsc\/#organization"},"image":{"@id":"https:\/\/riberasalud.com\/rsc\/2026\/04\/02\/primeros-auxilios-y-alimentacion-complementaria-blw-las-claves-para-cuidar-con-seguridad-a-ninos-de-0-a-3-anos\/#primaryimage"},"thumbnailUrl":"https:\/\/riberasalud.com\/rsc\/wp-content\/uploads\/2026\/04\/Elena-Pajuelo_-taller-primeros-auxilios.jpg","keywords":["alimentaci\u00f3n","BLW","primeros auxilios"],"articleSection":["Educaci\u00f3n para la salud","Promoci\u00f3n de la salud"],"inLanguage":"es","potentialAction":[{"@type":"CommentAction","name":"Comment","target":["https:\/\/riberasalud.com\/rsc\/2026\/04\/02\/primeros-auxilios-y-alimentacion-complementaria-blw-las-claves-para-cuidar-con-seguridad-a-ninos-de-0-a-3-anos\/#respond"]}]},{"@type":"WebPage","@id":"https:\/\/riberasalud.com\/rsc\/2026\/04\/02\/primeros-auxilios-y-alimentacion-complementaria-blw-las-claves-para-cuidar-con-seguridad-a-ninos-de-0-a-3-anos\/","url":"https:\/\/riberasalud.com\/rsc\/2026\/04\/02\/primeros-auxilios-y-alimentacion-complementaria-blw-las-claves-para-cuidar-con-seguridad-a-ninos-de-0-a-3-anos\/","name":"Primeros auxilios y alimentaci\u00f3n complementaria BLW: las claves para cuidar con seguridad a ni\u00f1os de 0 a 3 a\u00f1os - RSC Grupo sanitario Ribera","isPartOf":{"@id":"https:\/\/riberasalud.com\/rsc\/#website"},"primaryImageOfPage":{"@id":"https:\/\/riberasalud.com\/rsc\/2026\/04\/02\/primeros-auxilios-y-alimentacion-complementaria-blw-las-claves-para-cuidar-con-seguridad-a-ninos-de-0-a-3-anos\/#primaryimage"},"image":{"@id":"https:\/\/riberasalud.com\/rsc\/2026\/04\/02\/primeros-auxilios-y-alimentacion-complementaria-blw-las-claves-para-cuidar-con-seguridad-a-ninos-de-0-a-3-anos\/#primaryimage"},"thumbnailUrl":"https:\/\/riberasalud.com\/rsc\/wp-content\/uploads\/2026\/04\/Elena-Pajuelo_-taller-primeros-auxilios.jpg","datePublished":"2026-04-02T10:58:07+00:00","dateModified":"2026-04-02T10:58:09+00:00","description":"\u201cLa informaci\u00f3n reduce el miedo y aumenta la sensaci\u00f3n de competencia\u201d, explica la matrona Elena Pajuelo, responsable de los talleres","breadcrumb":{"@id":"https:\/\/riberasalud.com\/rsc\/2026\/04\/02\/primeros-auxilios-y-alimentacion-complementaria-blw-las-claves-para-cuidar-con-seguridad-a-ninos-de-0-a-3-anos\/#breadcrumb"},"inLanguage":"es","potentialAction":[{"@type":"ReadAction","target":["https:\/\/riberasalud.com\/rsc\/2026\/04\/02\/primeros-auxilios-y-alimentacion-complementaria-blw-las-claves-para-cuidar-con-seguridad-a-ninos-de-0-a-3-anos\/"]}]},{"@type":"ImageObject","inLanguage":"es","@id":"https:\/\/riberasalud.com\/rsc\/2026\/04\/02\/primeros-auxilios-y-alimentacion-complementaria-blw-las-claves-para-cuidar-con-seguridad-a-ninos-de-0-a-3-anos\/#primaryimage","url":"https:\/\/riberasalud.com\/rsc\/wp-content\/uploads\/2026\/04\/Elena-Pajuelo_-taller-primeros-auxilios.jpg","contentUrl":"https:\/\/riberasalud.com\/rsc\/wp-content\/uploads\/2026\/04\/Elena-Pajuelo_-taller-primeros-auxilios.jpg","width":720,"height":435,"caption":"Elena Pajuelo_ taller primeros auxilios"},{"@type":"BreadcrumbList","@id":"https:\/\/riberasalud.com\/rsc\/2026\/04\/02\/primeros-auxilios-y-alimentacion-complementaria-blw-las-claves-para-cuidar-con-seguridad-a-ninos-de-0-a-3-anos\/#breadcrumb","itemListElement":[{"@type":"ListItem","position":1,"name":"Portada","item":"https:\/\/riberasalud.com\/rsc\/"},{"@type":"ListItem","position":2,"name":"Primeros auxilios y alimentaci\u00f3n complementaria BLW: las claves para cuidar con seguridad a ni\u00f1os de 0 a 3 a\u00f1os"}]},{"@type":"WebSite","@id":"https:\/\/riberasalud.com\/rsc\/#website","url":"https:\/\/riberasalud.com\/rsc\/","name":"RSC Grupo sanitario Ribera","description":"","publisher":{"@id":"https:\/\/riberasalud.com\/rsc\/#organization"},"potentialAction":[{"@type":"SearchAction","target":{"@type":"EntryPoint","urlTemplate":"https:\/\/riberasalud.com\/rsc\/?s={search_term_string}"},"query-input":{"@type":"PropertyValueSpecification","valueRequired":true,"valueName":"search_term_string"}}],"inLanguage":"es"},{"@type":"Organization","@id":"https:\/\/riberasalud.com\/rsc\/#organization","name":"RSC Grupo sanitario Ribera","url":"https:\/\/riberasalud.com\/rsc\/","logo":{"@type":"ImageObject","inLanguage":"es","@id":"https:\/\/riberasalud.com\/rsc\/#\/schema\/logo\/image\/","url":"https:\/\/riberasalud.com\/rsc\/wp-content\/uploads\/2021\/05\/cropped-Logotipo-Red.png","contentUrl":"https:\/\/riberasalud.com\/rsc\/wp-content\/uploads\/2021\/05\/cropped-Logotipo-Red.png","width":500,"height":198,"caption":"RSC Grupo sanitario Ribera"},"image":{"@id":"https:\/\/riberasalud.com\/rsc\/#\/schema\/logo\/image\/"}},{"@type":"Person","@id":"https:\/\/riberasalud.com\/rsc\/#\/schema\/person\/11c4e77d56d084661ced188afcae969f","name":"Mar Sanchez","image":{"@type":"ImageObject","inLanguage":"es","@id":"https:\/\/riberasalud.com\/rsc\/#\/schema\/person\/image\/","url":"https:\/\/secure.gravatar.com\/avatar\/5fc005413aafe0a1f7d81747fac73740246ee36e4fad7f56eb325711b6c9f209?s=96&d=mm&r=g","contentUrl":"https:\/\/secure.gravatar.com\/avatar\/5fc005413aafe0a1f7d81747fac73740246ee36e4fad7f56eb325711b6c9f209?s=96&d=mm&r=g","caption":"Mar Sanchez"},"url":"https:\/\/riberasalud.com\/rsc\/author\/msotoriberasalud-es\/"}]}},"author_meta":{"display_name":"Mar Sanchez","author_link":"https:\/\/riberasalud.com\/rsc\/author\/msotoriberasalud-es\/"},"featured_img":"https:\/\/riberasalud.com\/rsc\/wp-content\/uploads\/2026\/04\/Elena-Pajuelo_-taller-primeros-auxilios-300x181.jpg","pbg_featured_image_src":{"full":["https:\/\/riberasalud.com\/rsc\/wp-content\/uploads\/2026\/04\/Elena-Pajuelo_-taller-primeros-auxilios.jpg",720,435,false],"thumbnail":["https:\/\/riberasalud.com\/rsc\/wp-content\/uploads\/2026\/04\/Elena-Pajuelo_-taller-primeros-auxilios-150x150.jpg",150,150,true],"medium":["https:\/\/riberasalud.com\/rsc\/wp-content\/uploads\/2026\/04\/Elena-Pajuelo_-taller-primeros-auxilios-300x181.jpg",300,181,true],"medium_large":["https:\/\/riberasalud.com\/rsc\/wp-content\/uploads\/2026\/04\/Elena-Pajuelo_-taller-primeros-auxilios.jpg",720,435,false],"large":["https:\/\/riberasalud.com\/rsc\/wp-content\/uploads\/2026\/04\/Elena-Pajuelo_-taller-primeros-auxilios.jpg",720,435,false],"xl":["https:\/\/riberasalud.com\/rsc\/wp-content\/uploads\/2026\/04\/Elena-Pajuelo_-taller-primeros-auxilios.jpg",720,435,false],"xxl":["https:\/\/riberasalud.com\/rsc\/wp-content\/uploads\/2026\/04\/Elena-Pajuelo_-taller-primeros-auxilios.jpg",720,435,false],"xxxl":["https:\/\/riberasalud.com\/rsc\/wp-content\/uploads\/2026\/04\/Elena-Pajuelo_-taller-primeros-auxilios.jpg",720,435,false],"xxxxl":["https:\/\/riberasalud.com\/rsc\/wp-content\/uploads\/2026\/04\/Elena-Pajuelo_-taller-primeros-auxilios.jpg",720,435,false],"xxxxxl":["https:\/\/riberasalud.com\/rsc\/wp-content\/uploads\/2026\/04\/Elena-Pajuelo_-taller-primeros-auxilios.jpg",720,435,false],"1536x1536":["https:\/\/riberasalud.com\/rsc\/wp-content\/uploads\/2026\/04\/Elena-Pajuelo_-taller-primeros-auxilios.jpg",720,435,false],"2048x2048":["https:\/\/riberasalud.com\/rsc\/wp-content\/uploads\/2026\/04\/Elena-Pajuelo_-taller-primeros-auxilios.jpg",720,435,false]},"pbg_author_info":{"display_name":"Mar Sanchez","author_link":"https:\/\/riberasalud.com\/rsc\/author\/msotoriberasalud-es\/","author_img":"<img alt='Mar Sanchez' src='https:\/\/secure.gravatar.com\/avatar\/5fc005413aafe0a1f7d81747fac73740246ee36e4fad7f56eb325711b6c9f209?s=128&#038;d=mm&#038;r=g' srcset='https:\/\/secure.gravatar.com\/avatar\/5fc005413aafe0a1f7d81747fac73740246ee36e4fad7f56eb325711b6c9f209?s=256&#038;d=mm&#038;r=g 2x' class='avatar avatar-128 photo' height='128' width='128' loading='lazy' decoding='async'\/>"},"pbg_comment_info":" No Comments","pbg_excerpt":"Actuar con rapidez ante un atragantamiento, saber realizar una reanimaci\u00f3n cardiopulmonar b\u00e1sica o iniciar la alimentaci\u00f3n complementaria sin miedo son algunas de las principales inquietudes de madres, padres y cuidadores en los primeros a\u00f1os de vida del ni\u00f1o. Para dar respuesta a estas necesidades, el hospital Ribera Imske acoge talleres mensuales de primeros auxilios y&hellip;","uagb_featured_image_src":{"full":["https:\/\/riberasalud.com\/rsc\/wp-content\/uploads\/2026\/04\/Elena-Pajuelo_-taller-primeros-auxilios.jpg",720,435,false],"thumbnail":["https:\/\/riberasalud.com\/rsc\/wp-content\/uploads\/2026\/04\/Elena-Pajuelo_-taller-primeros-auxilios-150x150.jpg",150,150,true],"medium":["https:\/\/riberasalud.com\/rsc\/wp-content\/uploads\/2026\/04\/Elena-Pajuelo_-taller-primeros-auxilios-300x181.jpg",300,181,true],"medium_large":["https:\/\/riberasalud.com\/rsc\/wp-content\/uploads\/2026\/04\/Elena-Pajuelo_-taller-primeros-auxilios.jpg",720,435,false],"large":["https:\/\/riberasalud.com\/rsc\/wp-content\/uploads\/2026\/04\/Elena-Pajuelo_-taller-primeros-auxilios.jpg",720,435,false],"xl":["https:\/\/riberasalud.com\/rsc\/wp-content\/uploads\/2026\/04\/Elena-Pajuelo_-taller-primeros-auxilios.jpg",720,435,false],"xxl":["https:\/\/riberasalud.com\/rsc\/wp-content\/uploads\/2026\/04\/Elena-Pajuelo_-taller-primeros-auxilios.jpg",720,435,false],"xxxl":["https:\/\/riberasalud.com\/rsc\/wp-content\/uploads\/2026\/04\/Elena-Pajuelo_-taller-primeros-auxilios.jpg",720,435,false],"xxxxl":["https:\/\/riberasalud.com\/rsc\/wp-content\/uploads\/2026\/04\/Elena-Pajuelo_-taller-primeros-auxilios.jpg",720,435,false],"xxxxxl":["https:\/\/riberasalud.com\/rsc\/wp-content\/uploads\/2026\/04\/Elena-Pajuelo_-taller-primeros-auxilios.jpg",720,435,false],"1536x1536":["https:\/\/riberasalud.com\/rsc\/wp-content\/uploads\/2026\/04\/Elena-Pajuelo_-taller-primeros-auxilios.jpg",720,435,false],"2048x2048":["https:\/\/riberasalud.com\/rsc\/wp-content\/uploads\/2026\/04\/Elena-Pajuelo_-taller-primeros-auxilios.jpg",720,435,false]},"uagb_author_info":{"display_name":"Mar Sanchez","author_link":"https:\/\/riberasalud.com\/rsc\/author\/msotoriberasalud-es\/"},"uagb_comment_info":0,"uagb_excerpt":"Actuar con rapidez ante un atragantamiento, saber realizar una reanimaci\u00f3n cardiopulmonar b\u00e1sica o iniciar la alimentaci\u00f3n complementaria sin miedo son algunas de las principales inquietudes de madres, padres y cuidadores en los primeros a\u00f1os de vida del ni\u00f1o. Para dar respuesta a estas necesidades, el hospital Ribera Imske acoge talleres mensuales de primeros auxilios y&hellip;","coauthors":[],"tax_additional":{"categories":{"linked":["<a href=\"https:\/\/riberasalud.com\/rsc\/category\/educacion-para-la-salud\/\" class=\"advgb-post-tax-term\">Educaci\u00f3n para la salud<\/a>","<a href=\"https:\/\/riberasalud.com\/rsc\/category\/promocion-de-la-salud\/\" class=\"advgb-post-tax-term\">Promoci\u00f3n de la salud<\/a>"],"unlinked":["<span class=\"advgb-post-tax-term\">Educaci\u00f3n para la salud<\/span>","<span class=\"advgb-post-tax-term\">Promoci\u00f3n de la salud<\/span>"]},"tags":{"linked":["<a href=\"https:\/\/riberasalud.com\/rsc\/category\/promocion-de-la-salud\/\" class=\"advgb-post-tax-term\">alimentaci\u00f3n<\/a>","<a href=\"https:\/\/riberasalud.com\/rsc\/category\/promocion-de-la-salud\/\" class=\"advgb-post-tax-term\">BLW<\/a>","<a href=\"https:\/\/riberasalud.com\/rsc\/category\/promocion-de-la-salud\/\" class=\"advgb-post-tax-term\">primeros auxilios<\/a>"],"unlinked":["<span class=\"advgb-post-tax-term\">alimentaci\u00f3n<\/span>","<span class=\"advgb-post-tax-term\">BLW<\/span>","<span class=\"advgb-post-tax-term\">primeros auxilios<\/span>"]}},"comment_count":"0","relative_dates":{"created":"Publicado 3 semanas hace","modified":"Actualizado 3 semanas hace"},"absolute_dates":{"created":"Publicado el 2 de abril de 2026","modified":"Actualizado el 2 de abril de 2026"},"absolute_dates_time":{"created":"Publicado el 2 de abril de 2026 10:58","modified":"Actualizado el 2 de abril de 2026 10:58"},"featured_img_caption":"","series_order":"","_links":{"self":[{"href":"https:\/\/riberasalud.com\/rsc\/wp-json\/wp\/v2\/posts\/4867","targetHints":{"allow":["GET"]}}],"collection":[{"href":"https:\/\/riberasalud.com\/rsc\/wp-json\/wp\/v2\/posts"}],"about":[{"href":"https:\/\/riberasalud.com\/rsc\/wp-json\/wp\/v2\/types\/post"}],"author":[{"embeddable":true,"href":"https:\/\/riberasalud.com\/rsc\/wp-json\/wp\/v2\/users\/2"}],"replies":[{"embeddable":true,"href":"https:\/\/riberasalud.com\/rsc\/wp-json\/wp\/v2\/comments?post=4867"}],"version-history":[{"count":1,"href":"https:\/\/riberasalud.com\/rsc\/wp-json\/wp\/v2\/posts\/4867\/revisions"}],"predecessor-version":[{"id":4869,"href":"https:\/\/riberasalud.com\/rsc\/wp-json\/wp\/v2\/posts\/4867\/revisions\/4869"}],"wp:featuredmedia":[{"embeddable":true,"href":"https:\/\/riberasalud.com\/rsc\/wp-json\/wp\/v2\/media\/4868"}],"wp:attachment":[{"href":"https:\/\/riberasalud.com\/rsc\/wp-json\/wp\/v2\/media?parent=4867"}],"wp:term":[{"taxonomy":"category","embeddable":true,"href":"https:\/\/riberasalud.com\/rsc\/wp-json\/wp\/v2\/categories?post=4867"},{"taxonomy":"post_tag","embeddable":true,"href":"https:\/\/riberasalud.com\/rsc\/wp-json\/wp\/v2\/tags?post=4867"}],"curies":[{"name":"wp","href":"https:\/\/api.w.org\/{rel}","templated":true}]}}