{"id":4856,"date":"2026-04-01T14:22:35","date_gmt":"2026-04-01T14:22:35","guid":{"rendered":"https:\/\/riberasalud.com\/rsc\/?p=4856"},"modified":"2026-04-01T14:22:37","modified_gmt":"2026-04-01T14:22:37","slug":"el-hospital-universitario-del-vinalopo-acoge-el-i-congreso-de-autismo-a-autista-organizado-por-la-asociacion-mentes-divergentes","status":"publish","type":"post","link":"https:\/\/riberasalud.com\/rsc\/2026\/04\/01\/el-hospital-universitario-del-vinalopo-acoge-el-i-congreso-de-autismo-a-autista-organizado-por-la-asociacion-mentes-divergentes\/","title":{"rendered":"El Hospital Universitario del Vinalop\u00f3 acoge el I Congreso \u201cDe Autismo a Autista\u201d organizado por la Asociaci\u00f3n Mentes Divergentes"},"content":{"rendered":"\n<ul class=\"wp-block-list\">\n<li>La iniciativa promueve la actualizaci\u00f3n de conocimientos y el intercambio de experiencias en torno al trastorno del espectro autista (TEA)<\/li>\n<\/ul>\n\n\n\n<p>El <a href=\"http:\/\/www.vinaloposalud.com\" target=\"_blank\" rel=\"noreferrer noopener\">Hospital Universitario del Vinalop\u00f3<\/a>, ha acogido la celebraci\u00f3n del I Congreso \u201cDe Autismo a Autista\u201d \u00a0impulsado por la Asociaci\u00f3n Mentes Divergentes de Elche, una iniciativa pionera que busca generar un espacio de encuentro, aprendizaje y reflexi\u00f3n en torno al trastorno del espectro autista (TEA). En este marco, el departamento de salud del Vinalop\u00f3 y la asociaci\u00f3n han invitado a estudiantes y profesionales de los \u00e1mbitos sanitario, educativo y social a participar en este evento, que nace con el prop\u00f3sito de dar voz a las propias personas autistas y promover una visi\u00f3n m\u00e1s inclusiva, actual y basada en la experiencia vivida dentro del espectro.<\/p>\n\n\n\n<p>Este congreso ha reunido a expertos de referencia, as\u00ed como a personas con autismo, familias y profesionales, generando un espacio de aprendizaje, reflexi\u00f3n y actualizaci\u00f3n cient\u00edfica. A lo largo de la jornada, el programa ha incluido ponencias, mesas redondas, sesiones formativas interactivas y espacios de di\u00e1logo en los que se abordar\u00e1n distintos enfoques sobre la comprensi\u00f3n, intervenci\u00f3n y acompa\u00f1amiento de las personas con TEA, incorporando tambi\u00e9n perspectivas innovadoras sobre neurodiversidad e inclusi\u00f3n social.<\/p>\n\n\n\n<p>En este contexto, la doctora Mar\u00eda Jos\u00e9 Miralles, directora de Continuidad Asistencial del Departamento de Salud del Vinalop\u00f3, ha se\u00f1alado que \u201cla presencia de profesionales, personas con autismo, familias y entidades, reunidos en torno a un mismo prop\u00f3sito, refleja un firme compromiso compartido: seguir avanzando en el conocimiento, profundizar en la comprensi\u00f3n y, sobre todo, reconocer y acompa\u00f1ar la diversidad de realidades que existen dentro del espectro\u201d.<\/p>\n\n\n\n<p>Asimismo, ha subrayado la importancia de impulsar espacios como este congreso, que fomentan el intercambio de experiencias, integran la voz de las propias personas autistas y contribuyen a seguir construyendo una atenci\u00f3n m\u00e1s humana, inclusiva y centrada en la calidad de vida.<\/p>\n\n\n\n<p>Desde el Hospital Universitario del Vinalop\u00f3 se subraya la relevancia de este tipo de iniciativas para reforzar la formaci\u00f3n de futuros profesionales y favorecer la actualizaci\u00f3n de quienes ya desarrollan su labor en este \u00e1mbito. Asimismo, destacan la importancia de avanzar hacia modelos de atenci\u00f3n m\u00e1s personalizados, respetuosos con la diversidad y centrados en la calidad de vida de las personas con autismo. El departamento de salud anima especialmente a estudiantes y profesionales interesados en el \u00e1mbito del TEA a participar en este congreso, que aspira a consolidarse como un punto de encuentro de referencia para el aprendizaje, la sensibilizaci\u00f3n social y la mejora continua en la atenci\u00f3n a la diversidad.<\/p>\n","protected":false},"excerpt":{"rendered":"<p>El Hospital Universitario del Vinalop\u00f3, ha acogido la celebraci\u00f3n del I Congreso \u201cDe Autismo a Autista\u201d \u00a0impulsado por la Asociaci\u00f3n Mentes Divergentes de Elche, una iniciativa pionera que busca generar un espacio de encuentro, aprendizaje y reflexi\u00f3n en torno al trastorno del espectro autista (TEA). En este marco, el departamento de salud del Vinalop\u00f3 y &#8230; <a title=\"El Hospital Universitario del Vinalop\u00f3 acoge el I Congreso \u201cDe Autismo a Autista\u201d organizado por la Asociaci\u00f3n Mentes Divergentes\" class=\"read-more\" href=\"https:\/\/riberasalud.com\/rsc\/2026\/04\/01\/el-hospital-universitario-del-vinalopo-acoge-el-i-congreso-de-autismo-a-autista-organizado-por-la-asociacion-mentes-divergentes\/\" aria-label=\"Leer m\u00e1s sobre El Hospital Universitario del Vinalop\u00f3 acoge el I Congreso \u201cDe Autismo a Autista\u201d organizado por la Asociaci\u00f3n Mentes Divergentes\">Leer m\u00e1s<\/a><\/p>\n","protected":false},"author":4,"featured_media":4858,"comment_status":"open","ping_status":"open","sticky":false,"template":"","format":"standard","meta":{"_editorskit_title_hidden":false,"_editorskit_reading_time":0,"_editorskit_is_block_options_detached":false,"_editorskit_block_options_position":"{}","_coblocks_attr":"","_coblocks_dimensions":"","_coblocks_responsive_height":"","_coblocks_accordion_ie_support":"","_uag_custom_page_level_css":"","advgb_blocks_editor_width":"","advgb_blocks_columns_visual_guide":"","_monsterinsights_skip_tracking":false,"_monsterinsights_sitenote_active":false,"_monsterinsights_sitenote_note":"","_monsterinsights_sitenote_category":0,"footnotes":""},"categories":[207,243],"tags":[630,841,441,100,843],"class_list":["post-4856","post","type-post","status-publish","format-standard","has-post-thumbnail","hentry","category-alianzas-con-el-entorno","category-rsc","tag-asociacion-mentes-divergentes","tag-congreso-de-autismo-a-autista","tag-espectro-autista","tag-hospital-universitario-del-vinalopo","tag-tea"],"featured_image_urls_v2":{"full":["https:\/\/riberasalud.com\/rsc\/wp-content\/uploads\/2026\/04\/El-Hospital-Universitario-del-Vinalopo-acoge-el-I-Congreso-De-Autismo-a-Autista-organizado-por-la-Asociacion-Mentes-Divergentes-.jpg",800,533,false],"thumbnail":["https:\/\/riberasalud.com\/rsc\/wp-content\/uploads\/2026\/04\/El-Hospital-Universitario-del-Vinalopo-acoge-el-I-Congreso-De-Autismo-a-Autista-organizado-por-la-Asociacion-Mentes-Divergentes--150x150.jpg",150,150,true],"medium":["https:\/\/riberasalud.com\/rsc\/wp-content\/uploads\/2026\/04\/El-Hospital-Universitario-del-Vinalopo-acoge-el-I-Congreso-De-Autismo-a-Autista-organizado-por-la-Asociacion-Mentes-Divergentes--300x200.jpg",300,200,true],"medium_large":["https:\/\/riberasalud.com\/rsc\/wp-content\/uploads\/2026\/04\/El-Hospital-Universitario-del-Vinalopo-acoge-el-I-Congreso-De-Autismo-a-Autista-organizado-por-la-Asociacion-Mentes-Divergentes--768x512.jpg",768,512,true],"large":["https:\/\/riberasalud.com\/rsc\/wp-content\/uploads\/2026\/04\/El-Hospital-Universitario-del-Vinalopo-acoge-el-I-Congreso-De-Autismo-a-Autista-organizado-por-la-Asociacion-Mentes-Divergentes-.jpg",800,533,false],"xl":["https:\/\/riberasalud.com\/rsc\/wp-content\/uploads\/2026\/04\/El-Hospital-Universitario-del-Vinalopo-acoge-el-I-Congreso-De-Autismo-a-Autista-organizado-por-la-Asociacion-Mentes-Divergentes-.jpg",800,533,false],"xxl":["https:\/\/riberasalud.com\/rsc\/wp-content\/uploads\/2026\/04\/El-Hospital-Universitario-del-Vinalopo-acoge-el-I-Congreso-De-Autismo-a-Autista-organizado-por-la-Asociacion-Mentes-Divergentes-.jpg",800,533,false],"xxxl":["https:\/\/riberasalud.com\/rsc\/wp-content\/uploads\/2026\/04\/El-Hospital-Universitario-del-Vinalopo-acoge-el-I-Congreso-De-Autismo-a-Autista-organizado-por-la-Asociacion-Mentes-Divergentes-.jpg",800,533,false],"xxxxl":["https:\/\/riberasalud.com\/rsc\/wp-content\/uploads\/2026\/04\/El-Hospital-Universitario-del-Vinalopo-acoge-el-I-Congreso-De-Autismo-a-Autista-organizado-por-la-Asociacion-Mentes-Divergentes-.jpg",800,533,false],"xxxxxl":["https:\/\/riberasalud.com\/rsc\/wp-content\/uploads\/2026\/04\/El-Hospital-Universitario-del-Vinalopo-acoge-el-I-Congreso-De-Autismo-a-Autista-organizado-por-la-Asociacion-Mentes-Divergentes-.jpg",800,533,false],"1536x1536":["https:\/\/riberasalud.com\/rsc\/wp-content\/uploads\/2026\/04\/El-Hospital-Universitario-del-Vinalopo-acoge-el-I-Congreso-De-Autismo-a-Autista-organizado-por-la-Asociacion-Mentes-Divergentes-.jpg",800,533,false],"2048x2048":["https:\/\/riberasalud.com\/rsc\/wp-content\/uploads\/2026\/04\/El-Hospital-Universitario-del-Vinalopo-acoge-el-I-Congreso-De-Autismo-a-Autista-organizado-por-la-Asociacion-Mentes-Divergentes-.jpg",800,533,false]},"post_excerpt_stackable_v2":"<p>La iniciativa promueve la actualizaci\u00f3n de conocimientos y el intercambio de experiencias en torno al trastorno del espectro autista (TEA) El Hospital Universitario del Vinalop\u00f3, ha acogido la celebraci\u00f3n del I Congreso \u201cDe Autismo a Autista\u201d \u00a0impulsado por la Asociaci\u00f3n Mentes Divergentes de Elche, una iniciativa pionera que busca generar un espacio de encuentro, aprendizaje y reflexi\u00f3n en torno al trastorno del espectro autista (TEA). En este marco, el departamento de salud del Vinalop\u00f3 y la asociaci\u00f3n han invitado a estudiantes y profesionales de los \u00e1mbitos sanitario, educativo y social a participar en este evento, que nace con el prop\u00f3sito&hellip;<\/p>\n","category_list_v2":"<a href=\"https:\/\/riberasalud.com\/rsc\/category\/alianzas-con-el-entorno\/\" rel=\"category tag\">Alianzas con el entorno<\/a>, <a href=\"https:\/\/riberasalud.com\/rsc\/category\/rsc\/\" rel=\"category tag\">RSC<\/a>","author_info_v2":{"name":"estefania","url":"https:\/\/riberasalud.com\/rsc\/author\/estefania\/"},"comments_num_v2":"0 comentarios","yoast_head":"<!-- This site is optimized with the Yoast SEO plugin v26.6 - https:\/\/yoast.com\/wordpress\/plugins\/seo\/ -->\n<title>El Hospital Universitario del Vinalop\u00f3 acoge el I Congreso \u201cDe Autismo a Autista\u201d organizado por la Asociaci\u00f3n Mentes Divergentes - RSC Grupo sanitario Ribera<\/title>\n<meta name=\"description\" content=\"La iniciativa promueve la actualizaci\u00f3n de conocimientos y el intercambio de experiencias en torno al trastorno del espectro autista (TEA).\" \/>\n<meta name=\"robots\" content=\"index, follow, max-snippet:-1, max-image-preview:large, max-video-preview:-1\" \/>\n<link rel=\"canonical\" href=\"https:\/\/riberasalud.com\/rsc\/2026\/04\/01\/el-hospital-universitario-del-vinalopo-acoge-el-i-congreso-de-autismo-a-autista-organizado-por-la-asociacion-mentes-divergentes\/\" \/>\n<meta property=\"og:locale\" content=\"es_ES\" \/>\n<meta property=\"og:type\" content=\"article\" \/>\n<meta property=\"og:title\" content=\"El Hospital Universitario del Vinalop\u00f3 acoge el I Congreso \u201cDe Autismo a Autista\u201d organizado por la Asociaci\u00f3n Mentes Divergentes - RSC Grupo sanitario Ribera\" \/>\n<meta property=\"og:description\" content=\"La iniciativa promueve la actualizaci\u00f3n de conocimientos y el intercambio de experiencias en torno al trastorno del espectro autista (TEA).\" \/>\n<meta property=\"og:url\" content=\"https:\/\/riberasalud.com\/rsc\/2026\/04\/01\/el-hospital-universitario-del-vinalopo-acoge-el-i-congreso-de-autismo-a-autista-organizado-por-la-asociacion-mentes-divergentes\/\" \/>\n<meta property=\"og:site_name\" content=\"RSC Grupo sanitario Ribera\" \/>\n<meta property=\"article:published_time\" content=\"2026-04-01T14:22:35+00:00\" \/>\n<meta property=\"article:modified_time\" content=\"2026-04-01T14:22:37+00:00\" \/>\n<meta property=\"og:image\" content=\"https:\/\/riberasalud.com\/rsc\/wp-content\/uploads\/2026\/04\/El-Hospital-Universitario-del-Vinalopo-acoge-el-I-Congreso-De-Autismo-a-Autista-organizado-por-la-Asociacion-Mentes-Divergentes-.jpg\" \/>\n\t<meta property=\"og:image:width\" content=\"800\" \/>\n\t<meta property=\"og:image:height\" content=\"533\" \/>\n\t<meta property=\"og:image:type\" content=\"image\/jpeg\" \/>\n<meta name=\"author\" content=\"estefania\" \/>\n<meta name=\"twitter:card\" content=\"summary_large_image\" \/>\n<meta name=\"twitter:label1\" content=\"Escrito por\" \/>\n\t<meta name=\"twitter:data1\" content=\"estefania\" \/>\n\t<meta name=\"twitter:label2\" content=\"Tiempo de lectura\" \/>\n\t<meta name=\"twitter:data2\" content=\"3 minutos\" \/>\n<script type=\"application\/ld+json\" class=\"yoast-schema-graph\">{\"@context\":\"https:\/\/schema.org\",\"@graph\":[{\"@type\":\"Article\",\"@id\":\"https:\/\/riberasalud.com\/rsc\/2026\/04\/01\/el-hospital-universitario-del-vinalopo-acoge-el-i-congreso-de-autismo-a-autista-organizado-por-la-asociacion-mentes-divergentes\/#article\",\"isPartOf\":{\"@id\":\"https:\/\/riberasalud.com\/rsc\/2026\/04\/01\/el-hospital-universitario-del-vinalopo-acoge-el-i-congreso-de-autismo-a-autista-organizado-por-la-asociacion-mentes-divergentes\/\"},\"author\":{\"name\":\"estefania\",\"@id\":\"https:\/\/riberasalud.com\/rsc\/#\/schema\/person\/92f3d0085f274db9e077c8b17bb987e2\"},\"headline\":\"El Hospital Universitario del Vinalop\u00f3 acoge el I Congreso \u201cDe Autismo a Autista\u201d organizado por la Asociaci\u00f3n Mentes Divergentes\",\"datePublished\":\"2026-04-01T14:22:35+00:00\",\"dateModified\":\"2026-04-01T14:22:37+00:00\",\"mainEntityOfPage\":{\"@id\":\"https:\/\/riberasalud.com\/rsc\/2026\/04\/01\/el-hospital-universitario-del-vinalopo-acoge-el-i-congreso-de-autismo-a-autista-organizado-por-la-asociacion-mentes-divergentes\/\"},\"wordCount\":468,\"commentCount\":0,\"publisher\":{\"@id\":\"https:\/\/riberasalud.com\/rsc\/#organization\"},\"image\":{\"@id\":\"https:\/\/riberasalud.com\/rsc\/2026\/04\/01\/el-hospital-universitario-del-vinalopo-acoge-el-i-congreso-de-autismo-a-autista-organizado-por-la-asociacion-mentes-divergentes\/#primaryimage\"},\"thumbnailUrl\":\"https:\/\/riberasalud.com\/rsc\/wp-content\/uploads\/2026\/04\/El-Hospital-Universitario-del-Vinalopo-acoge-el-I-Congreso-De-Autismo-a-Autista-organizado-por-la-Asociacion-Mentes-Divergentes-.jpg\",\"keywords\":[\"Asociaci\u00f3n Mentes Divergentes\",\"Congreso De Autismo a Autista\",\"espectro autista\",\"Hospital Universitario del Vinalop\u00f3\",\"TEA\"],\"articleSection\":[\"Alianzas con el entorno\",\"RSC\"],\"inLanguage\":\"es\",\"potentialAction\":[{\"@type\":\"CommentAction\",\"name\":\"Comment\",\"target\":[\"https:\/\/riberasalud.com\/rsc\/2026\/04\/01\/el-hospital-universitario-del-vinalopo-acoge-el-i-congreso-de-autismo-a-autista-organizado-por-la-asociacion-mentes-divergentes\/#respond\"]}]},{\"@type\":\"WebPage\",\"@id\":\"https:\/\/riberasalud.com\/rsc\/2026\/04\/01\/el-hospital-universitario-del-vinalopo-acoge-el-i-congreso-de-autismo-a-autista-organizado-por-la-asociacion-mentes-divergentes\/\",\"url\":\"https:\/\/riberasalud.com\/rsc\/2026\/04\/01\/el-hospital-universitario-del-vinalopo-acoge-el-i-congreso-de-autismo-a-autista-organizado-por-la-asociacion-mentes-divergentes\/\",\"name\":\"El Hospital Universitario del Vinalop\u00f3 acoge el I Congreso \u201cDe Autismo a Autista\u201d organizado por la Asociaci\u00f3n Mentes Divergentes - RSC Grupo sanitario Ribera\",\"isPartOf\":{\"@id\":\"https:\/\/riberasalud.com\/rsc\/#website\"},\"primaryImageOfPage\":{\"@id\":\"https:\/\/riberasalud.com\/rsc\/2026\/04\/01\/el-hospital-universitario-del-vinalopo-acoge-el-i-congreso-de-autismo-a-autista-organizado-por-la-asociacion-mentes-divergentes\/#primaryimage\"},\"image\":{\"@id\":\"https:\/\/riberasalud.com\/rsc\/2026\/04\/01\/el-hospital-universitario-del-vinalopo-acoge-el-i-congreso-de-autismo-a-autista-organizado-por-la-asociacion-mentes-divergentes\/#primaryimage\"},\"thumbnailUrl\":\"https:\/\/riberasalud.com\/rsc\/wp-content\/uploads\/2026\/04\/El-Hospital-Universitario-del-Vinalopo-acoge-el-I-Congreso-De-Autismo-a-Autista-organizado-por-la-Asociacion-Mentes-Divergentes-.jpg\",\"datePublished\":\"2026-04-01T14:22:35+00:00\",\"dateModified\":\"2026-04-01T14:22:37+00:00\",\"description\":\"La iniciativa promueve la actualizaci\u00f3n de conocimientos y el intercambio de experiencias en torno al trastorno del espectro autista (TEA).\",\"breadcrumb\":{\"@id\":\"https:\/\/riberasalud.com\/rsc\/2026\/04\/01\/el-hospital-universitario-del-vinalopo-acoge-el-i-congreso-de-autismo-a-autista-organizado-por-la-asociacion-mentes-divergentes\/#breadcrumb\"},\"inLanguage\":\"es\",\"potentialAction\":[{\"@type\":\"ReadAction\",\"target\":[\"https:\/\/riberasalud.com\/rsc\/2026\/04\/01\/el-hospital-universitario-del-vinalopo-acoge-el-i-congreso-de-autismo-a-autista-organizado-por-la-asociacion-mentes-divergentes\/\"]}]},{\"@type\":\"ImageObject\",\"inLanguage\":\"es\",\"@id\":\"https:\/\/riberasalud.com\/rsc\/2026\/04\/01\/el-hospital-universitario-del-vinalopo-acoge-el-i-congreso-de-autismo-a-autista-organizado-por-la-asociacion-mentes-divergentes\/#primaryimage\",\"url\":\"https:\/\/riberasalud.com\/rsc\/wp-content\/uploads\/2026\/04\/El-Hospital-Universitario-del-Vinalopo-acoge-el-I-Congreso-De-Autismo-a-Autista-organizado-por-la-Asociacion-Mentes-Divergentes-.jpg\",\"contentUrl\":\"https:\/\/riberasalud.com\/rsc\/wp-content\/uploads\/2026\/04\/El-Hospital-Universitario-del-Vinalopo-acoge-el-I-Congreso-De-Autismo-a-Autista-organizado-por-la-Asociacion-Mentes-Divergentes-.jpg\",\"width\":800,\"height\":533,\"caption\":\"El Hospital Universitario del Vinalop\u00f3 acoge el I Congreso \u201cDe Autismo a Autista\u201d organizado por la Asociaci\u00f3n Mentes Divergentes\"},{\"@type\":\"BreadcrumbList\",\"@id\":\"https:\/\/riberasalud.com\/rsc\/2026\/04\/01\/el-hospital-universitario-del-vinalopo-acoge-el-i-congreso-de-autismo-a-autista-organizado-por-la-asociacion-mentes-divergentes\/#breadcrumb\",\"itemListElement\":[{\"@type\":\"ListItem\",\"position\":1,\"name\":\"Portada\",\"item\":\"https:\/\/riberasalud.com\/rsc\/\"},{\"@type\":\"ListItem\",\"position\":2,\"name\":\"El Hospital Universitario del Vinalop\u00f3 acoge el I Congreso \u201cDe Autismo a Autista\u201d organizado por la Asociaci\u00f3n Mentes Divergentes\"}]},{\"@type\":\"WebSite\",\"@id\":\"https:\/\/riberasalud.com\/rsc\/#website\",\"url\":\"https:\/\/riberasalud.com\/rsc\/\",\"name\":\"RSC Grupo sanitario Ribera\",\"description\":\"\",\"publisher\":{\"@id\":\"https:\/\/riberasalud.com\/rsc\/#organization\"},\"potentialAction\":[{\"@type\":\"SearchAction\",\"target\":{\"@type\":\"EntryPoint\",\"urlTemplate\":\"https:\/\/riberasalud.com\/rsc\/?s={search_term_string}\"},\"query-input\":{\"@type\":\"PropertyValueSpecification\",\"valueRequired\":true,\"valueName\":\"search_term_string\"}}],\"inLanguage\":\"es\"},{\"@type\":\"Organization\",\"@id\":\"https:\/\/riberasalud.com\/rsc\/#organization\",\"name\":\"RSC Grupo sanitario Ribera\",\"url\":\"https:\/\/riberasalud.com\/rsc\/\",\"logo\":{\"@type\":\"ImageObject\",\"inLanguage\":\"es\",\"@id\":\"https:\/\/riberasalud.com\/rsc\/#\/schema\/logo\/image\/\",\"url\":\"https:\/\/riberasalud.com\/rsc\/wp-content\/uploads\/2021\/05\/cropped-Logotipo-Red.png\",\"contentUrl\":\"https:\/\/riberasalud.com\/rsc\/wp-content\/uploads\/2021\/05\/cropped-Logotipo-Red.png\",\"width\":500,\"height\":198,\"caption\":\"RSC Grupo sanitario Ribera\"},\"image\":{\"@id\":\"https:\/\/riberasalud.com\/rsc\/#\/schema\/logo\/image\/\"}},{\"@type\":\"Person\",\"@id\":\"https:\/\/riberasalud.com\/rsc\/#\/schema\/person\/92f3d0085f274db9e077c8b17bb987e2\",\"name\":\"estefania\",\"image\":{\"@type\":\"ImageObject\",\"inLanguage\":\"es\",\"@id\":\"https:\/\/riberasalud.com\/rsc\/#\/schema\/person\/image\/\",\"url\":\"https:\/\/secure.gravatar.com\/avatar\/a85fae620a4b55e357435afcf1564a9b71ea2bace4d4b822ae94121112160aa4?s=96&d=mm&r=g\",\"contentUrl\":\"https:\/\/secure.gravatar.com\/avatar\/a85fae620a4b55e357435afcf1564a9b71ea2bace4d4b822ae94121112160aa4?s=96&d=mm&r=g\",\"caption\":\"estefania\"},\"url\":\"https:\/\/riberasalud.com\/rsc\/author\/estefania\/\"}]}<\/script>\n<!-- \/ Yoast SEO plugin. -->","yoast_head_json":{"title":"El Hospital Universitario del Vinalop\u00f3 acoge el I Congreso \u201cDe Autismo a Autista\u201d organizado por la Asociaci\u00f3n Mentes Divergentes - RSC Grupo sanitario Ribera","description":"La iniciativa promueve la actualizaci\u00f3n de conocimientos y el intercambio de experiencias en torno al trastorno del espectro autista (TEA).","robots":{"index":"index","follow":"follow","max-snippet":"max-snippet:-1","max-image-preview":"max-image-preview:large","max-video-preview":"max-video-preview:-1"},"canonical":"https:\/\/riberasalud.com\/rsc\/2026\/04\/01\/el-hospital-universitario-del-vinalopo-acoge-el-i-congreso-de-autismo-a-autista-organizado-por-la-asociacion-mentes-divergentes\/","og_locale":"es_ES","og_type":"article","og_title":"El Hospital Universitario del Vinalop\u00f3 acoge el I Congreso \u201cDe Autismo a Autista\u201d organizado por la Asociaci\u00f3n Mentes Divergentes - RSC Grupo sanitario Ribera","og_description":"La iniciativa promueve la actualizaci\u00f3n de conocimientos y el intercambio de experiencias en torno al trastorno del espectro autista (TEA).","og_url":"https:\/\/riberasalud.com\/rsc\/2026\/04\/01\/el-hospital-universitario-del-vinalopo-acoge-el-i-congreso-de-autismo-a-autista-organizado-por-la-asociacion-mentes-divergentes\/","og_site_name":"RSC Grupo sanitario Ribera","article_published_time":"2026-04-01T14:22:35+00:00","article_modified_time":"2026-04-01T14:22:37+00:00","og_image":[{"width":800,"height":533,"url":"https:\/\/riberasalud.com\/rsc\/wp-content\/uploads\/2026\/04\/El-Hospital-Universitario-del-Vinalopo-acoge-el-I-Congreso-De-Autismo-a-Autista-organizado-por-la-Asociacion-Mentes-Divergentes-.jpg","type":"image\/jpeg"}],"author":"estefania","twitter_card":"summary_large_image","twitter_misc":{"Escrito por":"estefania","Tiempo de lectura":"3 minutos"},"schema":{"@context":"https:\/\/schema.org","@graph":[{"@type":"Article","@id":"https:\/\/riberasalud.com\/rsc\/2026\/04\/01\/el-hospital-universitario-del-vinalopo-acoge-el-i-congreso-de-autismo-a-autista-organizado-por-la-asociacion-mentes-divergentes\/#article","isPartOf":{"@id":"https:\/\/riberasalud.com\/rsc\/2026\/04\/01\/el-hospital-universitario-del-vinalopo-acoge-el-i-congreso-de-autismo-a-autista-organizado-por-la-asociacion-mentes-divergentes\/"},"author":{"name":"estefania","@id":"https:\/\/riberasalud.com\/rsc\/#\/schema\/person\/92f3d0085f274db9e077c8b17bb987e2"},"headline":"El Hospital Universitario del Vinalop\u00f3 acoge el I Congreso \u201cDe Autismo a Autista\u201d organizado por la Asociaci\u00f3n Mentes Divergentes","datePublished":"2026-04-01T14:22:35+00:00","dateModified":"2026-04-01T14:22:37+00:00","mainEntityOfPage":{"@id":"https:\/\/riberasalud.com\/rsc\/2026\/04\/01\/el-hospital-universitario-del-vinalopo-acoge-el-i-congreso-de-autismo-a-autista-organizado-por-la-asociacion-mentes-divergentes\/"},"wordCount":468,"commentCount":0,"publisher":{"@id":"https:\/\/riberasalud.com\/rsc\/#organization"},"image":{"@id":"https:\/\/riberasalud.com\/rsc\/2026\/04\/01\/el-hospital-universitario-del-vinalopo-acoge-el-i-congreso-de-autismo-a-autista-organizado-por-la-asociacion-mentes-divergentes\/#primaryimage"},"thumbnailUrl":"https:\/\/riberasalud.com\/rsc\/wp-content\/uploads\/2026\/04\/El-Hospital-Universitario-del-Vinalopo-acoge-el-I-Congreso-De-Autismo-a-Autista-organizado-por-la-Asociacion-Mentes-Divergentes-.jpg","keywords":["Asociaci\u00f3n Mentes Divergentes","Congreso De Autismo a Autista","espectro autista","Hospital Universitario del Vinalop\u00f3","TEA"],"articleSection":["Alianzas con el entorno","RSC"],"inLanguage":"es","potentialAction":[{"@type":"CommentAction","name":"Comment","target":["https:\/\/riberasalud.com\/rsc\/2026\/04\/01\/el-hospital-universitario-del-vinalopo-acoge-el-i-congreso-de-autismo-a-autista-organizado-por-la-asociacion-mentes-divergentes\/#respond"]}]},{"@type":"WebPage","@id":"https:\/\/riberasalud.com\/rsc\/2026\/04\/01\/el-hospital-universitario-del-vinalopo-acoge-el-i-congreso-de-autismo-a-autista-organizado-por-la-asociacion-mentes-divergentes\/","url":"https:\/\/riberasalud.com\/rsc\/2026\/04\/01\/el-hospital-universitario-del-vinalopo-acoge-el-i-congreso-de-autismo-a-autista-organizado-por-la-asociacion-mentes-divergentes\/","name":"El Hospital Universitario del Vinalop\u00f3 acoge el I Congreso \u201cDe Autismo a Autista\u201d organizado por la Asociaci\u00f3n Mentes Divergentes - RSC Grupo sanitario Ribera","isPartOf":{"@id":"https:\/\/riberasalud.com\/rsc\/#website"},"primaryImageOfPage":{"@id":"https:\/\/riberasalud.com\/rsc\/2026\/04\/01\/el-hospital-universitario-del-vinalopo-acoge-el-i-congreso-de-autismo-a-autista-organizado-por-la-asociacion-mentes-divergentes\/#primaryimage"},"image":{"@id":"https:\/\/riberasalud.com\/rsc\/2026\/04\/01\/el-hospital-universitario-del-vinalopo-acoge-el-i-congreso-de-autismo-a-autista-organizado-por-la-asociacion-mentes-divergentes\/#primaryimage"},"thumbnailUrl":"https:\/\/riberasalud.com\/rsc\/wp-content\/uploads\/2026\/04\/El-Hospital-Universitario-del-Vinalopo-acoge-el-I-Congreso-De-Autismo-a-Autista-organizado-por-la-Asociacion-Mentes-Divergentes-.jpg","datePublished":"2026-04-01T14:22:35+00:00","dateModified":"2026-04-01T14:22:37+00:00","description":"La iniciativa promueve la actualizaci\u00f3n de conocimientos y el intercambio de experiencias en torno al trastorno del espectro autista (TEA).","breadcrumb":{"@id":"https:\/\/riberasalud.com\/rsc\/2026\/04\/01\/el-hospital-universitario-del-vinalopo-acoge-el-i-congreso-de-autismo-a-autista-organizado-por-la-asociacion-mentes-divergentes\/#breadcrumb"},"inLanguage":"es","potentialAction":[{"@type":"ReadAction","target":["https:\/\/riberasalud.com\/rsc\/2026\/04\/01\/el-hospital-universitario-del-vinalopo-acoge-el-i-congreso-de-autismo-a-autista-organizado-por-la-asociacion-mentes-divergentes\/"]}]},{"@type":"ImageObject","inLanguage":"es","@id":"https:\/\/riberasalud.com\/rsc\/2026\/04\/01\/el-hospital-universitario-del-vinalopo-acoge-el-i-congreso-de-autismo-a-autista-organizado-por-la-asociacion-mentes-divergentes\/#primaryimage","url":"https:\/\/riberasalud.com\/rsc\/wp-content\/uploads\/2026\/04\/El-Hospital-Universitario-del-Vinalopo-acoge-el-I-Congreso-De-Autismo-a-Autista-organizado-por-la-Asociacion-Mentes-Divergentes-.jpg","contentUrl":"https:\/\/riberasalud.com\/rsc\/wp-content\/uploads\/2026\/04\/El-Hospital-Universitario-del-Vinalopo-acoge-el-I-Congreso-De-Autismo-a-Autista-organizado-por-la-Asociacion-Mentes-Divergentes-.jpg","width":800,"height":533,"caption":"El Hospital Universitario del Vinalop\u00f3 acoge el I Congreso \u201cDe Autismo a Autista\u201d organizado por la Asociaci\u00f3n Mentes Divergentes"},{"@type":"BreadcrumbList","@id":"https:\/\/riberasalud.com\/rsc\/2026\/04\/01\/el-hospital-universitario-del-vinalopo-acoge-el-i-congreso-de-autismo-a-autista-organizado-por-la-asociacion-mentes-divergentes\/#breadcrumb","itemListElement":[{"@type":"ListItem","position":1,"name":"Portada","item":"https:\/\/riberasalud.com\/rsc\/"},{"@type":"ListItem","position":2,"name":"El Hospital Universitario del Vinalop\u00f3 acoge el I Congreso \u201cDe Autismo a Autista\u201d organizado por la Asociaci\u00f3n Mentes Divergentes"}]},{"@type":"WebSite","@id":"https:\/\/riberasalud.com\/rsc\/#website","url":"https:\/\/riberasalud.com\/rsc\/","name":"RSC Grupo sanitario Ribera","description":"","publisher":{"@id":"https:\/\/riberasalud.com\/rsc\/#organization"},"potentialAction":[{"@type":"SearchAction","target":{"@type":"EntryPoint","urlTemplate":"https:\/\/riberasalud.com\/rsc\/?s={search_term_string}"},"query-input":{"@type":"PropertyValueSpecification","valueRequired":true,"valueName":"search_term_string"}}],"inLanguage":"es"},{"@type":"Organization","@id":"https:\/\/riberasalud.com\/rsc\/#organization","name":"RSC Grupo sanitario Ribera","url":"https:\/\/riberasalud.com\/rsc\/","logo":{"@type":"ImageObject","inLanguage":"es","@id":"https:\/\/riberasalud.com\/rsc\/#\/schema\/logo\/image\/","url":"https:\/\/riberasalud.com\/rsc\/wp-content\/uploads\/2021\/05\/cropped-Logotipo-Red.png","contentUrl":"https:\/\/riberasalud.com\/rsc\/wp-content\/uploads\/2021\/05\/cropped-Logotipo-Red.png","width":500,"height":198,"caption":"RSC Grupo sanitario Ribera"},"image":{"@id":"https:\/\/riberasalud.com\/rsc\/#\/schema\/logo\/image\/"}},{"@type":"Person","@id":"https:\/\/riberasalud.com\/rsc\/#\/schema\/person\/92f3d0085f274db9e077c8b17bb987e2","name":"estefania","image":{"@type":"ImageObject","inLanguage":"es","@id":"https:\/\/riberasalud.com\/rsc\/#\/schema\/person\/image\/","url":"https:\/\/secure.gravatar.com\/avatar\/a85fae620a4b55e357435afcf1564a9b71ea2bace4d4b822ae94121112160aa4?s=96&d=mm&r=g","contentUrl":"https:\/\/secure.gravatar.com\/avatar\/a85fae620a4b55e357435afcf1564a9b71ea2bace4d4b822ae94121112160aa4?s=96&d=mm&r=g","caption":"estefania"},"url":"https:\/\/riberasalud.com\/rsc\/author\/estefania\/"}]}},"author_meta":{"display_name":"estefania","author_link":"https:\/\/riberasalud.com\/rsc\/author\/estefania\/"},"featured_img":"https:\/\/riberasalud.com\/rsc\/wp-content\/uploads\/2026\/04\/El-Hospital-Universitario-del-Vinalopo-acoge-el-I-Congreso-De-Autismo-a-Autista-organizado-por-la-Asociacion-Mentes-Divergentes--300x200.jpg","pbg_featured_image_src":{"full":["https:\/\/riberasalud.com\/rsc\/wp-content\/uploads\/2026\/04\/El-Hospital-Universitario-del-Vinalopo-acoge-el-I-Congreso-De-Autismo-a-Autista-organizado-por-la-Asociacion-Mentes-Divergentes-.jpg",800,533,false],"thumbnail":["https:\/\/riberasalud.com\/rsc\/wp-content\/uploads\/2026\/04\/El-Hospital-Universitario-del-Vinalopo-acoge-el-I-Congreso-De-Autismo-a-Autista-organizado-por-la-Asociacion-Mentes-Divergentes--150x150.jpg",150,150,true],"medium":["https:\/\/riberasalud.com\/rsc\/wp-content\/uploads\/2026\/04\/El-Hospital-Universitario-del-Vinalopo-acoge-el-I-Congreso-De-Autismo-a-Autista-organizado-por-la-Asociacion-Mentes-Divergentes--300x200.jpg",300,200,true],"medium_large":["https:\/\/riberasalud.com\/rsc\/wp-content\/uploads\/2026\/04\/El-Hospital-Universitario-del-Vinalopo-acoge-el-I-Congreso-De-Autismo-a-Autista-organizado-por-la-Asociacion-Mentes-Divergentes--768x512.jpg",768,512,true],"large":["https:\/\/riberasalud.com\/rsc\/wp-content\/uploads\/2026\/04\/El-Hospital-Universitario-del-Vinalopo-acoge-el-I-Congreso-De-Autismo-a-Autista-organizado-por-la-Asociacion-Mentes-Divergentes-.jpg",800,533,false],"xl":["https:\/\/riberasalud.com\/rsc\/wp-content\/uploads\/2026\/04\/El-Hospital-Universitario-del-Vinalopo-acoge-el-I-Congreso-De-Autismo-a-Autista-organizado-por-la-Asociacion-Mentes-Divergentes-.jpg",800,533,false],"xxl":["https:\/\/riberasalud.com\/rsc\/wp-content\/uploads\/2026\/04\/El-Hospital-Universitario-del-Vinalopo-acoge-el-I-Congreso-De-Autismo-a-Autista-organizado-por-la-Asociacion-Mentes-Divergentes-.jpg",800,533,false],"xxxl":["https:\/\/riberasalud.com\/rsc\/wp-content\/uploads\/2026\/04\/El-Hospital-Universitario-del-Vinalopo-acoge-el-I-Congreso-De-Autismo-a-Autista-organizado-por-la-Asociacion-Mentes-Divergentes-.jpg",800,533,false],"xxxxl":["https:\/\/riberasalud.com\/rsc\/wp-content\/uploads\/2026\/04\/El-Hospital-Universitario-del-Vinalopo-acoge-el-I-Congreso-De-Autismo-a-Autista-organizado-por-la-Asociacion-Mentes-Divergentes-.jpg",800,533,false],"xxxxxl":["https:\/\/riberasalud.com\/rsc\/wp-content\/uploads\/2026\/04\/El-Hospital-Universitario-del-Vinalopo-acoge-el-I-Congreso-De-Autismo-a-Autista-organizado-por-la-Asociacion-Mentes-Divergentes-.jpg",800,533,false],"1536x1536":["https:\/\/riberasalud.com\/rsc\/wp-content\/uploads\/2026\/04\/El-Hospital-Universitario-del-Vinalopo-acoge-el-I-Congreso-De-Autismo-a-Autista-organizado-por-la-Asociacion-Mentes-Divergentes-.jpg",800,533,false],"2048x2048":["https:\/\/riberasalud.com\/rsc\/wp-content\/uploads\/2026\/04\/El-Hospital-Universitario-del-Vinalopo-acoge-el-I-Congreso-De-Autismo-a-Autista-organizado-por-la-Asociacion-Mentes-Divergentes-.jpg",800,533,false]},"pbg_author_info":{"display_name":"estefania","author_link":"https:\/\/riberasalud.com\/rsc\/author\/estefania\/","author_img":"<img alt='estefania' src='https:\/\/secure.gravatar.com\/avatar\/a85fae620a4b55e357435afcf1564a9b71ea2bace4d4b822ae94121112160aa4?s=128&#038;d=mm&#038;r=g' srcset='https:\/\/secure.gravatar.com\/avatar\/a85fae620a4b55e357435afcf1564a9b71ea2bace4d4b822ae94121112160aa4?s=256&#038;d=mm&#038;r=g 2x' class='avatar avatar-128 photo' height='128' width='128' loading='lazy' decoding='async'\/>"},"pbg_comment_info":" No Comments","pbg_excerpt":"El Hospital Universitario del Vinalop\u00f3, ha acogido la celebraci\u00f3n del I Congreso \u201cDe Autismo a Autista\u201d \u00a0impulsado por la Asociaci\u00f3n Mentes Divergentes de Elche, una iniciativa pionera que busca generar un espacio de encuentro, aprendizaje y reflexi\u00f3n en torno al trastorno del espectro autista (TEA). En este marco, el departamento de salud del Vinalop\u00f3 y&hellip;","uagb_featured_image_src":{"full":["https:\/\/riberasalud.com\/rsc\/wp-content\/uploads\/2026\/04\/El-Hospital-Universitario-del-Vinalopo-acoge-el-I-Congreso-De-Autismo-a-Autista-organizado-por-la-Asociacion-Mentes-Divergentes-.jpg",800,533,false],"thumbnail":["https:\/\/riberasalud.com\/rsc\/wp-content\/uploads\/2026\/04\/El-Hospital-Universitario-del-Vinalopo-acoge-el-I-Congreso-De-Autismo-a-Autista-organizado-por-la-Asociacion-Mentes-Divergentes--150x150.jpg",150,150,true],"medium":["https:\/\/riberasalud.com\/rsc\/wp-content\/uploads\/2026\/04\/El-Hospital-Universitario-del-Vinalopo-acoge-el-I-Congreso-De-Autismo-a-Autista-organizado-por-la-Asociacion-Mentes-Divergentes--300x200.jpg",300,200,true],"medium_large":["https:\/\/riberasalud.com\/rsc\/wp-content\/uploads\/2026\/04\/El-Hospital-Universitario-del-Vinalopo-acoge-el-I-Congreso-De-Autismo-a-Autista-organizado-por-la-Asociacion-Mentes-Divergentes--768x512.jpg",768,512,true],"large":["https:\/\/riberasalud.com\/rsc\/wp-content\/uploads\/2026\/04\/El-Hospital-Universitario-del-Vinalopo-acoge-el-I-Congreso-De-Autismo-a-Autista-organizado-por-la-Asociacion-Mentes-Divergentes-.jpg",800,533,false],"xl":["https:\/\/riberasalud.com\/rsc\/wp-content\/uploads\/2026\/04\/El-Hospital-Universitario-del-Vinalopo-acoge-el-I-Congreso-De-Autismo-a-Autista-organizado-por-la-Asociacion-Mentes-Divergentes-.jpg",800,533,false],"xxl":["https:\/\/riberasalud.com\/rsc\/wp-content\/uploads\/2026\/04\/El-Hospital-Universitario-del-Vinalopo-acoge-el-I-Congreso-De-Autismo-a-Autista-organizado-por-la-Asociacion-Mentes-Divergentes-.jpg",800,533,false],"xxxl":["https:\/\/riberasalud.com\/rsc\/wp-content\/uploads\/2026\/04\/El-Hospital-Universitario-del-Vinalopo-acoge-el-I-Congreso-De-Autismo-a-Autista-organizado-por-la-Asociacion-Mentes-Divergentes-.jpg",800,533,false],"xxxxl":["https:\/\/riberasalud.com\/rsc\/wp-content\/uploads\/2026\/04\/El-Hospital-Universitario-del-Vinalopo-acoge-el-I-Congreso-De-Autismo-a-Autista-organizado-por-la-Asociacion-Mentes-Divergentes-.jpg",800,533,false],"xxxxxl":["https:\/\/riberasalud.com\/rsc\/wp-content\/uploads\/2026\/04\/El-Hospital-Universitario-del-Vinalopo-acoge-el-I-Congreso-De-Autismo-a-Autista-organizado-por-la-Asociacion-Mentes-Divergentes-.jpg",800,533,false],"1536x1536":["https:\/\/riberasalud.com\/rsc\/wp-content\/uploads\/2026\/04\/El-Hospital-Universitario-del-Vinalopo-acoge-el-I-Congreso-De-Autismo-a-Autista-organizado-por-la-Asociacion-Mentes-Divergentes-.jpg",800,533,false],"2048x2048":["https:\/\/riberasalud.com\/rsc\/wp-content\/uploads\/2026\/04\/El-Hospital-Universitario-del-Vinalopo-acoge-el-I-Congreso-De-Autismo-a-Autista-organizado-por-la-Asociacion-Mentes-Divergentes-.jpg",800,533,false]},"uagb_author_info":{"display_name":"estefania","author_link":"https:\/\/riberasalud.com\/rsc\/author\/estefania\/"},"uagb_comment_info":0,"uagb_excerpt":"El Hospital Universitario del Vinalop\u00f3, ha acogido la celebraci\u00f3n del I Congreso \u201cDe Autismo a Autista\u201d \u00a0impulsado por la Asociaci\u00f3n Mentes Divergentes de Elche, una iniciativa pionera que busca generar un espacio de encuentro, aprendizaje y reflexi\u00f3n en torno al trastorno del espectro autista (TEA). En este marco, el departamento de salud del Vinalop\u00f3 y&hellip;","coauthors":[],"tax_additional":{"categories":{"linked":["<a href=\"https:\/\/riberasalud.com\/rsc\/category\/alianzas-con-el-entorno\/\" class=\"advgb-post-tax-term\">Alianzas con el entorno<\/a>","<a href=\"https:\/\/riberasalud.com\/rsc\/category\/rsc\/\" class=\"advgb-post-tax-term\">RSC<\/a>"],"unlinked":["<span class=\"advgb-post-tax-term\">Alianzas con el entorno<\/span>","<span class=\"advgb-post-tax-term\">RSC<\/span>"]},"tags":{"linked":["<a href=\"https:\/\/riberasalud.com\/rsc\/category\/rsc\/\" class=\"advgb-post-tax-term\">Asociaci\u00f3n Mentes Divergentes<\/a>","<a href=\"https:\/\/riberasalud.com\/rsc\/category\/rsc\/\" class=\"advgb-post-tax-term\">Congreso De Autismo a Autista<\/a>","<a href=\"https:\/\/riberasalud.com\/rsc\/category\/rsc\/\" class=\"advgb-post-tax-term\">espectro autista<\/a>","<a href=\"https:\/\/riberasalud.com\/rsc\/category\/rsc\/\" class=\"advgb-post-tax-term\">Hospital Universitario del Vinalop\u00f3<\/a>","<a href=\"https:\/\/riberasalud.com\/rsc\/category\/rsc\/\" class=\"advgb-post-tax-term\">TEA<\/a>"],"unlinked":["<span class=\"advgb-post-tax-term\">Asociaci\u00f3n Mentes Divergentes<\/span>","<span class=\"advgb-post-tax-term\">Congreso De Autismo a Autista<\/span>","<span class=\"advgb-post-tax-term\">espectro autista<\/span>","<span class=\"advgb-post-tax-term\">Hospital Universitario del Vinalop\u00f3<\/span>","<span class=\"advgb-post-tax-term\">TEA<\/span>"]}},"comment_count":"0","relative_dates":{"created":"Publicado 4 semanas hace","modified":"Actualizado 4 semanas hace"},"absolute_dates":{"created":"Publicado el 1 de abril de 2026","modified":"Actualizado el 1 de abril de 2026"},"absolute_dates_time":{"created":"Publicado el 1 de abril de 2026 14:22","modified":"Actualizado el 1 de abril de 2026 14:22"},"featured_img_caption":"","series_order":"","_links":{"self":[{"href":"https:\/\/riberasalud.com\/rsc\/wp-json\/wp\/v2\/posts\/4856","targetHints":{"allow":["GET"]}}],"collection":[{"href":"https:\/\/riberasalud.com\/rsc\/wp-json\/wp\/v2\/posts"}],"about":[{"href":"https:\/\/riberasalud.com\/rsc\/wp-json\/wp\/v2\/types\/post"}],"author":[{"embeddable":true,"href":"https:\/\/riberasalud.com\/rsc\/wp-json\/wp\/v2\/users\/4"}],"replies":[{"embeddable":true,"href":"https:\/\/riberasalud.com\/rsc\/wp-json\/wp\/v2\/comments?post=4856"}],"version-history":[{"count":2,"href":"https:\/\/riberasalud.com\/rsc\/wp-json\/wp\/v2\/posts\/4856\/revisions"}],"predecessor-version":[{"id":4859,"href":"https:\/\/riberasalud.com\/rsc\/wp-json\/wp\/v2\/posts\/4856\/revisions\/4859"}],"wp:featuredmedia":[{"embeddable":true,"href":"https:\/\/riberasalud.com\/rsc\/wp-json\/wp\/v2\/media\/4858"}],"wp:attachment":[{"href":"https:\/\/riberasalud.com\/rsc\/wp-json\/wp\/v2\/media?parent=4856"}],"wp:term":[{"taxonomy":"category","embeddable":true,"href":"https:\/\/riberasalud.com\/rsc\/wp-json\/wp\/v2\/categories?post=4856"},{"taxonomy":"post_tag","embeddable":true,"href":"https:\/\/riberasalud.com\/rsc\/wp-json\/wp\/v2\/tags?post=4856"}],"curies":[{"name":"wp","href":"https:\/\/api.w.org\/{rel}","templated":true}]}}