{"id":4536,"date":"2025-07-15T11:34:01","date_gmt":"2025-07-15T11:34:01","guid":{"rendered":"https:\/\/riberasalud.com\/rsc\/?p=4536"},"modified":"2025-07-15T11:40:10","modified_gmt":"2025-07-15T11:40:10","slug":"el-ii-consejo-de-pacientes-del-hospital-universitario-de-torrejon-identifica-las-prioridades-de-pacientes-y-asociaciones-para-2025","status":"publish","type":"post","link":"https:\/\/riberasalud.com\/rsc\/2025\/07\/15\/el-ii-consejo-de-pacientes-del-hospital-universitario-de-torrejon-identifica-las-prioridades-de-pacientes-y-asociaciones-para-2025\/","title":{"rendered":"El II Consejo de Pacientes del Hospital Universitario de Torrej\u00f3n identifica las prioridades de pacientes y asociaciones para 2025"},"content":{"rendered":"\n<ul class=\"wp-block-list\"><li><em>Un total de 12 asociaciones participaron en la segunda sesi\u00f3n anual del Consejo de Pacientes, con la asistencia de m\u00e1s de 30 personas.<\/em><\/li><li><em>La Asociaci\u00f3n Nacional S\u00edndromes Ehlers-Danlos e Hiperlaxitud (ANSEDH) se incorpor\u00f3 al Consejo y present\u00f3 su \u00e1mbito de actuaci\u00f3n.<\/em><\/li><\/ul>\n\n\n\n<p>El Hospital p\u00fablico Universitario de Torrej\u00f3n, perteneciente a la red p\u00fablica de la Comunidad de Madrid, ha celebrado la segunda reuni\u00f3n del a\u00f1o de su Consejo de Pacientes con la participaci\u00f3n de una docena de asociaciones del Corredor del Henares. A pesar del periodo estival, el encuentro ha reunido a m\u00e1s de 30 personas entre representantes de asociaciones, pacientes y profesionales del centro.<\/p>\n\n\n\n<p>El Consejo de Pacientes se ha consolidado como un espacio de di\u00e1logo entre el hospital y los colectivos de pacientes y familiares, con el objetivo de recoger sus inquietudes y avanzar hacia una atenci\u00f3n cada vez m\u00e1s centrada en la persona. Durante la sesi\u00f3n, se han compartido algunas de las principales iniciativas desarrolladas en el centro torrejonero durante el segundo trimestre de 2025, como la clausura del VIII Camino de Cervantes -que finaliz\u00f3 con m\u00e1s de 600 participantes en la \u00faltima ruta-, o el reconocimiento recibido por el proyecto \u2018Ronda de experiencia del paciente en hospitalizaci\u00f3n\u2019, finalista en la XI Jornada de los Comit\u00e9s de Calidad Percibida organizada por la Consejer\u00eda de Sanidad.<\/p>\n\n\n\n<p>Tambi\u00e9n se ha presentado el funcionamiento de &#8216;Lola&#8217;, la asistente virtual por voz basada en inteligencia artificial que el hospital utiliza para el seguimiento domiciliario de pacientes cr\u00f3nicos mediante llamadas telef\u00f3nicas automatizadas. Esta herramienta permite recoger datos estructurados sobre su estado de salud, que son revisados por el equipo cl\u00ednico y suponen un apoyo para cuidar mejor de cada paciente.<\/p>\n\n\n\n<p>El encuentro ha contado con la participaci\u00f3n del equipo directivo y asistencial del centro, entre ellos el doctor Alberto Giron\u00e9s, director m\u00e9dico; Magdalena Castro, directora de Enfermer\u00eda; la doctora Xulia Garc\u00eda Fern\u00e1ndez, jefa del servicio de Urgencias; as\u00ed como la jefa del servicio de Admisi\u00f3n, Claudia Pensalva y supervisoras del \u00e1rea enfermer\u00eda.<\/p>\n\n\n\n<p>Durante el mismo, la Asociaci\u00f3n Nacional S\u00edndromes Ehlers-Danlos e Hiperlaxitud (ANSEDH) se ha incorporado al Consejo y ha presentado su labor centrada en la atenci\u00f3n a personas con trastornos del tejido conectivo de origen gen\u00e9tico y hereditario. Asimismo, la Asociaci\u00f3n Salud Mental Madrid Este (ASME) ha retomado su participaci\u00f3n en este espacio, compartiendo su trabajo con personas con trastornos mentales graves y sus familias. Por su parte, la Asociaci\u00f3n de Afectados por Da\u00f1o Cerebral Adquirido (AFADACS) ha explicado las l\u00edneas de actuaci\u00f3n que desarrolla en el \u00e1mbito comarcal.<\/p>\n\n\n\n<p>Y como colof\u00f3n, el Departamento de Experiencia del Paciente ha organizado la din\u00e1mica grupal titulada \u2018La caja de las prioridades\u2019, que se ha convertido en el eje central de esta cita. Y es que la actividad ha permitido recoger de forma directa la voz de los pacientes y asociaciones, quienes han identificado los cinco aspectos que consideran m\u00e1s relevantes en su experiencia asistencial. Entre los temas m\u00e1s destacados han figurado la necesidad de una escucha activa por parte de los profesionales, la accesibilidad al centro y la movilidad interna. Estas aportaciones ser\u00e1n valoradas por el hospital de cara a su posible incorporaci\u00f3n en futuras mejoras.<\/p>\n","protected":false},"excerpt":{"rendered":"<p>Un total de 12 asociaciones participaron en la segunda sesi\u00f3n anual del Consejo de Pacientes, con la asistencia de m\u00e1s de 30 personas. La Asociaci\u00f3n Nacional S\u00edndromes Ehlers-Danlos e Hiperlaxitud (ANSEDH) se incorpor\u00f3 al Consejo y present\u00f3 su \u00e1mbito de actuaci\u00f3n. El Hospital p\u00fablico Universitario de Torrej\u00f3n, perteneciente a la red p\u00fablica de la Comunidad &#8230; <a title=\"El II Consejo de Pacientes del Hospital Universitario de Torrej\u00f3n identifica las prioridades de pacientes y asociaciones para 2025\" class=\"read-more\" href=\"https:\/\/riberasalud.com\/rsc\/2025\/07\/15\/el-ii-consejo-de-pacientes-del-hospital-universitario-de-torrejon-identifica-las-prioridades-de-pacientes-y-asociaciones-para-2025\/\" aria-label=\"Leer m\u00e1s sobre El II Consejo de Pacientes del Hospital Universitario de Torrej\u00f3n identifica las prioridades de pacientes y asociaciones para 2025\">Leer m\u00e1s<\/a><\/p>\n","protected":false},"author":2,"featured_media":4537,"comment_status":"open","ping_status":"open","sticky":false,"template":"","format":"standard","meta":{"_editorskit_title_hidden":false,"_editorskit_reading_time":2,"_editorskit_is_block_options_detached":false,"_editorskit_block_options_position":"{}","_coblocks_attr":"","_coblocks_dimensions":"","_coblocks_responsive_height":"","_coblocks_accordion_ie_support":"","_uag_custom_page_level_css":"","advgb_blocks_editor_width":"","advgb_blocks_columns_visual_guide":"","_monsterinsights_skip_tracking":false,"_monsterinsights_sitenote_active":false,"_monsterinsights_sitenote_note":"","_monsterinsights_sitenote_category":0,"footnotes":""},"categories":[206],"tags":[661,47,118],"class_list":["post-4536","post","type-post","status-publish","format-standard","has-post-thumbnail","hentry","category-consejos-de-pacientes","tag-ansedh","tag-asociaciones","tag-consejo-de-pacientes"],"featured_image_urls_v2":{"full":["https:\/\/riberasalud.com\/rsc\/wp-content\/uploads\/2025\/07\/Consejo-I.jpg",800,533,false],"thumbnail":["https:\/\/riberasalud.com\/rsc\/wp-content\/uploads\/2025\/07\/Consejo-I-150x150.jpg",150,150,true],"medium":["https:\/\/riberasalud.com\/rsc\/wp-content\/uploads\/2025\/07\/Consejo-I-300x200.jpg",300,200,true],"medium_large":["https:\/\/riberasalud.com\/rsc\/wp-content\/uploads\/2025\/07\/Consejo-I-768x512.jpg",768,512,true],"large":["https:\/\/riberasalud.com\/rsc\/wp-content\/uploads\/2025\/07\/Consejo-I.jpg",800,533,false],"xl":["https:\/\/riberasalud.com\/rsc\/wp-content\/uploads\/2025\/07\/Consejo-I.jpg",800,533,false],"xxl":["https:\/\/riberasalud.com\/rsc\/wp-content\/uploads\/2025\/07\/Consejo-I.jpg",800,533,false],"xxxl":["https:\/\/riberasalud.com\/rsc\/wp-content\/uploads\/2025\/07\/Consejo-I.jpg",800,533,false],"xxxxl":["https:\/\/riberasalud.com\/rsc\/wp-content\/uploads\/2025\/07\/Consejo-I.jpg",800,533,false],"xxxxxl":["https:\/\/riberasalud.com\/rsc\/wp-content\/uploads\/2025\/07\/Consejo-I.jpg",800,533,false],"1536x1536":["https:\/\/riberasalud.com\/rsc\/wp-content\/uploads\/2025\/07\/Consejo-I.jpg",800,533,false],"2048x2048":["https:\/\/riberasalud.com\/rsc\/wp-content\/uploads\/2025\/07\/Consejo-I.jpg",800,533,false]},"post_excerpt_stackable_v2":"<p>Un total de 12 asociaciones participaron en la segunda sesi\u00f3n anual del Consejo de Pacientes, con la asistencia de m\u00e1s de 30 personas.La Asociaci\u00f3n Nacional S\u00edndromes Ehlers-Danlos e Hiperlaxitud (ANSEDH) se incorpor\u00f3 al Consejo y present\u00f3 su \u00e1mbito de actuaci\u00f3n. El Hospital p\u00fablico Universitario de Torrej\u00f3n, perteneciente a la red p\u00fablica de la Comunidad de Madrid, ha celebrado la segunda reuni\u00f3n del a\u00f1o de su Consejo de Pacientes con la participaci\u00f3n de una docena de asociaciones del Corredor del Henares. A pesar del periodo estival, el encuentro ha reunido a m\u00e1s de 30 personas entre representantes de asociaciones, pacientes y&hellip;<\/p>\n","category_list_v2":"<a href=\"https:\/\/riberasalud.com\/rsc\/category\/consejos-de-pacientes\/\" rel=\"category tag\">Consejos de pacientes<\/a>","author_info_v2":{"name":"Mar Sanchez","url":"https:\/\/riberasalud.com\/rsc\/author\/msotoriberasalud-es\/"},"comments_num_v2":"0 comentarios","yoast_head":"<!-- This site is optimized with the Yoast SEO plugin v26.6 - https:\/\/yoast.com\/wordpress\/plugins\/seo\/ -->\n<title>El II Consejo de Pacientes del Hospital Universitario de Torrej\u00f3n identifica las prioridades de pacientes y asociaciones para 2025 - RSC Grupo sanitario Ribera<\/title>\n<meta name=\"description\" content=\"Un total de 12 asociaciones participaron en la segunda sesi\u00f3n anual del Consejo de Pacientes, con la asistencia de m\u00e1s de 30 personas.\" \/>\n<meta name=\"robots\" content=\"index, follow, max-snippet:-1, max-image-preview:large, max-video-preview:-1\" \/>\n<link rel=\"canonical\" href=\"https:\/\/riberasalud.com\/rsc\/2025\/07\/15\/el-ii-consejo-de-pacientes-del-hospital-universitario-de-torrejon-identifica-las-prioridades-de-pacientes-y-asociaciones-para-2025\/\" \/>\n<meta property=\"og:locale\" content=\"es_ES\" \/>\n<meta property=\"og:type\" content=\"article\" \/>\n<meta property=\"og:title\" content=\"El II Consejo de Pacientes del Hospital Universitario de Torrej\u00f3n identifica las prioridades de pacientes y asociaciones para 2025 - RSC Grupo sanitario Ribera\" \/>\n<meta property=\"og:description\" content=\"Un total de 12 asociaciones participaron en la segunda sesi\u00f3n anual del Consejo de Pacientes, con la asistencia de m\u00e1s de 30 personas.\" \/>\n<meta property=\"og:url\" content=\"https:\/\/riberasalud.com\/rsc\/2025\/07\/15\/el-ii-consejo-de-pacientes-del-hospital-universitario-de-torrejon-identifica-las-prioridades-de-pacientes-y-asociaciones-para-2025\/\" \/>\n<meta property=\"og:site_name\" content=\"RSC Grupo sanitario Ribera\" \/>\n<meta property=\"article:published_time\" content=\"2025-07-15T11:34:01+00:00\" \/>\n<meta property=\"article:modified_time\" content=\"2025-07-15T11:40:10+00:00\" \/>\n<meta property=\"og:image\" content=\"https:\/\/riberasalud.com\/rsc\/wp-content\/uploads\/2025\/07\/Consejo-I.jpg\" \/>\n\t<meta property=\"og:image:width\" content=\"800\" \/>\n\t<meta property=\"og:image:height\" content=\"533\" \/>\n\t<meta property=\"og:image:type\" content=\"image\/jpeg\" \/>\n<meta name=\"author\" content=\"Mar Sanchez\" \/>\n<meta name=\"twitter:card\" content=\"summary_large_image\" \/>\n<meta name=\"twitter:label1\" content=\"Escrito por\" \/>\n\t<meta name=\"twitter:data1\" content=\"Mar Sanchez\" \/>\n\t<meta name=\"twitter:label2\" content=\"Tiempo de lectura\" \/>\n\t<meta name=\"twitter:data2\" content=\"3 minutos\" \/>\n<script type=\"application\/ld+json\" class=\"yoast-schema-graph\">{\"@context\":\"https:\/\/schema.org\",\"@graph\":[{\"@type\":\"Article\",\"@id\":\"https:\/\/riberasalud.com\/rsc\/2025\/07\/15\/el-ii-consejo-de-pacientes-del-hospital-universitario-de-torrejon-identifica-las-prioridades-de-pacientes-y-asociaciones-para-2025\/#article\",\"isPartOf\":{\"@id\":\"https:\/\/riberasalud.com\/rsc\/2025\/07\/15\/el-ii-consejo-de-pacientes-del-hospital-universitario-de-torrejon-identifica-las-prioridades-de-pacientes-y-asociaciones-para-2025\/\"},\"author\":{\"name\":\"Mar Sanchez\",\"@id\":\"https:\/\/riberasalud.com\/rsc\/#\/schema\/person\/11c4e77d56d084661ced188afcae969f\"},\"headline\":\"El II Consejo de Pacientes del Hospital Universitario de Torrej\u00f3n identifica las prioridades de pacientes y asociaciones para 2025\",\"datePublished\":\"2025-07-15T11:34:01+00:00\",\"dateModified\":\"2025-07-15T11:40:10+00:00\",\"mainEntityOfPage\":{\"@id\":\"https:\/\/riberasalud.com\/rsc\/2025\/07\/15\/el-ii-consejo-de-pacientes-del-hospital-universitario-de-torrejon-identifica-las-prioridades-de-pacientes-y-asociaciones-para-2025\/\"},\"wordCount\":584,\"commentCount\":0,\"publisher\":{\"@id\":\"https:\/\/riberasalud.com\/rsc\/#organization\"},\"image\":{\"@id\":\"https:\/\/riberasalud.com\/rsc\/2025\/07\/15\/el-ii-consejo-de-pacientes-del-hospital-universitario-de-torrejon-identifica-las-prioridades-de-pacientes-y-asociaciones-para-2025\/#primaryimage\"},\"thumbnailUrl\":\"https:\/\/riberasalud.com\/rsc\/wp-content\/uploads\/2025\/07\/Consejo-I.jpg\",\"keywords\":[\"ANSEDH\",\"asociaciones\",\"consejo de pacientes\"],\"articleSection\":[\"Consejos de pacientes\"],\"inLanguage\":\"es\",\"potentialAction\":[{\"@type\":\"CommentAction\",\"name\":\"Comment\",\"target\":[\"https:\/\/riberasalud.com\/rsc\/2025\/07\/15\/el-ii-consejo-de-pacientes-del-hospital-universitario-de-torrejon-identifica-las-prioridades-de-pacientes-y-asociaciones-para-2025\/#respond\"]}]},{\"@type\":\"WebPage\",\"@id\":\"https:\/\/riberasalud.com\/rsc\/2025\/07\/15\/el-ii-consejo-de-pacientes-del-hospital-universitario-de-torrejon-identifica-las-prioridades-de-pacientes-y-asociaciones-para-2025\/\",\"url\":\"https:\/\/riberasalud.com\/rsc\/2025\/07\/15\/el-ii-consejo-de-pacientes-del-hospital-universitario-de-torrejon-identifica-las-prioridades-de-pacientes-y-asociaciones-para-2025\/\",\"name\":\"El II Consejo de Pacientes del Hospital Universitario de Torrej\u00f3n identifica las prioridades de pacientes y asociaciones para 2025 - RSC Grupo sanitario Ribera\",\"isPartOf\":{\"@id\":\"https:\/\/riberasalud.com\/rsc\/#website\"},\"primaryImageOfPage\":{\"@id\":\"https:\/\/riberasalud.com\/rsc\/2025\/07\/15\/el-ii-consejo-de-pacientes-del-hospital-universitario-de-torrejon-identifica-las-prioridades-de-pacientes-y-asociaciones-para-2025\/#primaryimage\"},\"image\":{\"@id\":\"https:\/\/riberasalud.com\/rsc\/2025\/07\/15\/el-ii-consejo-de-pacientes-del-hospital-universitario-de-torrejon-identifica-las-prioridades-de-pacientes-y-asociaciones-para-2025\/#primaryimage\"},\"thumbnailUrl\":\"https:\/\/riberasalud.com\/rsc\/wp-content\/uploads\/2025\/07\/Consejo-I.jpg\",\"datePublished\":\"2025-07-15T11:34:01+00:00\",\"dateModified\":\"2025-07-15T11:40:10+00:00\",\"description\":\"Un total de 12 asociaciones participaron en la segunda sesi\u00f3n anual del Consejo de Pacientes, con la asistencia de m\u00e1s de 30 personas.\",\"breadcrumb\":{\"@id\":\"https:\/\/riberasalud.com\/rsc\/2025\/07\/15\/el-ii-consejo-de-pacientes-del-hospital-universitario-de-torrejon-identifica-las-prioridades-de-pacientes-y-asociaciones-para-2025\/#breadcrumb\"},\"inLanguage\":\"es\",\"potentialAction\":[{\"@type\":\"ReadAction\",\"target\":[\"https:\/\/riberasalud.com\/rsc\/2025\/07\/15\/el-ii-consejo-de-pacientes-del-hospital-universitario-de-torrejon-identifica-las-prioridades-de-pacientes-y-asociaciones-para-2025\/\"]}]},{\"@type\":\"ImageObject\",\"inLanguage\":\"es\",\"@id\":\"https:\/\/riberasalud.com\/rsc\/2025\/07\/15\/el-ii-consejo-de-pacientes-del-hospital-universitario-de-torrejon-identifica-las-prioridades-de-pacientes-y-asociaciones-para-2025\/#primaryimage\",\"url\":\"https:\/\/riberasalud.com\/rsc\/wp-content\/uploads\/2025\/07\/Consejo-I.jpg\",\"contentUrl\":\"https:\/\/riberasalud.com\/rsc\/wp-content\/uploads\/2025\/07\/Consejo-I.jpg\",\"width\":800,\"height\":533,\"caption\":\"Consejo de pacientes\"},{\"@type\":\"BreadcrumbList\",\"@id\":\"https:\/\/riberasalud.com\/rsc\/2025\/07\/15\/el-ii-consejo-de-pacientes-del-hospital-universitario-de-torrejon-identifica-las-prioridades-de-pacientes-y-asociaciones-para-2025\/#breadcrumb\",\"itemListElement\":[{\"@type\":\"ListItem\",\"position\":1,\"name\":\"Portada\",\"item\":\"https:\/\/riberasalud.com\/rsc\/\"},{\"@type\":\"ListItem\",\"position\":2,\"name\":\"El II Consejo de Pacientes del Hospital Universitario de Torrej\u00f3n identifica las prioridades de pacientes y asociaciones para 2025\"}]},{\"@type\":\"WebSite\",\"@id\":\"https:\/\/riberasalud.com\/rsc\/#website\",\"url\":\"https:\/\/riberasalud.com\/rsc\/\",\"name\":\"RSC Grupo sanitario Ribera\",\"description\":\"\",\"publisher\":{\"@id\":\"https:\/\/riberasalud.com\/rsc\/#organization\"},\"potentialAction\":[{\"@type\":\"SearchAction\",\"target\":{\"@type\":\"EntryPoint\",\"urlTemplate\":\"https:\/\/riberasalud.com\/rsc\/?s={search_term_string}\"},\"query-input\":{\"@type\":\"PropertyValueSpecification\",\"valueRequired\":true,\"valueName\":\"search_term_string\"}}],\"inLanguage\":\"es\"},{\"@type\":\"Organization\",\"@id\":\"https:\/\/riberasalud.com\/rsc\/#organization\",\"name\":\"RSC Grupo sanitario Ribera\",\"url\":\"https:\/\/riberasalud.com\/rsc\/\",\"logo\":{\"@type\":\"ImageObject\",\"inLanguage\":\"es\",\"@id\":\"https:\/\/riberasalud.com\/rsc\/#\/schema\/logo\/image\/\",\"url\":\"https:\/\/riberasalud.com\/rsc\/wp-content\/uploads\/2021\/05\/cropped-Logotipo-Red.png\",\"contentUrl\":\"https:\/\/riberasalud.com\/rsc\/wp-content\/uploads\/2021\/05\/cropped-Logotipo-Red.png\",\"width\":500,\"height\":198,\"caption\":\"RSC Grupo sanitario Ribera\"},\"image\":{\"@id\":\"https:\/\/riberasalud.com\/rsc\/#\/schema\/logo\/image\/\"}},{\"@type\":\"Person\",\"@id\":\"https:\/\/riberasalud.com\/rsc\/#\/schema\/person\/11c4e77d56d084661ced188afcae969f\",\"name\":\"Mar Sanchez\",\"image\":{\"@type\":\"ImageObject\",\"inLanguage\":\"es\",\"@id\":\"https:\/\/riberasalud.com\/rsc\/#\/schema\/person\/image\/\",\"url\":\"https:\/\/secure.gravatar.com\/avatar\/5fc005413aafe0a1f7d81747fac73740246ee36e4fad7f56eb325711b6c9f209?s=96&d=mm&r=g\",\"contentUrl\":\"https:\/\/secure.gravatar.com\/avatar\/5fc005413aafe0a1f7d81747fac73740246ee36e4fad7f56eb325711b6c9f209?s=96&d=mm&r=g\",\"caption\":\"Mar Sanchez\"},\"url\":\"https:\/\/riberasalud.com\/rsc\/author\/msotoriberasalud-es\/\"}]}<\/script>\n<!-- \/ Yoast SEO plugin. -->","yoast_head_json":{"title":"El II Consejo de Pacientes del Hospital Universitario de Torrej\u00f3n identifica las prioridades de pacientes y asociaciones para 2025 - RSC Grupo sanitario Ribera","description":"Un total de 12 asociaciones participaron en la segunda sesi\u00f3n anual del Consejo de Pacientes, con la asistencia de m\u00e1s de 30 personas.","robots":{"index":"index","follow":"follow","max-snippet":"max-snippet:-1","max-image-preview":"max-image-preview:large","max-video-preview":"max-video-preview:-1"},"canonical":"https:\/\/riberasalud.com\/rsc\/2025\/07\/15\/el-ii-consejo-de-pacientes-del-hospital-universitario-de-torrejon-identifica-las-prioridades-de-pacientes-y-asociaciones-para-2025\/","og_locale":"es_ES","og_type":"article","og_title":"El II Consejo de Pacientes del Hospital Universitario de Torrej\u00f3n identifica las prioridades de pacientes y asociaciones para 2025 - RSC Grupo sanitario Ribera","og_description":"Un total de 12 asociaciones participaron en la segunda sesi\u00f3n anual del Consejo de Pacientes, con la asistencia de m\u00e1s de 30 personas.","og_url":"https:\/\/riberasalud.com\/rsc\/2025\/07\/15\/el-ii-consejo-de-pacientes-del-hospital-universitario-de-torrejon-identifica-las-prioridades-de-pacientes-y-asociaciones-para-2025\/","og_site_name":"RSC Grupo sanitario Ribera","article_published_time":"2025-07-15T11:34:01+00:00","article_modified_time":"2025-07-15T11:40:10+00:00","og_image":[{"width":800,"height":533,"url":"https:\/\/riberasalud.com\/rsc\/wp-content\/uploads\/2025\/07\/Consejo-I.jpg","type":"image\/jpeg"}],"author":"Mar Sanchez","twitter_card":"summary_large_image","twitter_misc":{"Escrito por":"Mar Sanchez","Tiempo de lectura":"3 minutos"},"schema":{"@context":"https:\/\/schema.org","@graph":[{"@type":"Article","@id":"https:\/\/riberasalud.com\/rsc\/2025\/07\/15\/el-ii-consejo-de-pacientes-del-hospital-universitario-de-torrejon-identifica-las-prioridades-de-pacientes-y-asociaciones-para-2025\/#article","isPartOf":{"@id":"https:\/\/riberasalud.com\/rsc\/2025\/07\/15\/el-ii-consejo-de-pacientes-del-hospital-universitario-de-torrejon-identifica-las-prioridades-de-pacientes-y-asociaciones-para-2025\/"},"author":{"name":"Mar Sanchez","@id":"https:\/\/riberasalud.com\/rsc\/#\/schema\/person\/11c4e77d56d084661ced188afcae969f"},"headline":"El II Consejo de Pacientes del Hospital Universitario de Torrej\u00f3n identifica las prioridades de pacientes y asociaciones para 2025","datePublished":"2025-07-15T11:34:01+00:00","dateModified":"2025-07-15T11:40:10+00:00","mainEntityOfPage":{"@id":"https:\/\/riberasalud.com\/rsc\/2025\/07\/15\/el-ii-consejo-de-pacientes-del-hospital-universitario-de-torrejon-identifica-las-prioridades-de-pacientes-y-asociaciones-para-2025\/"},"wordCount":584,"commentCount":0,"publisher":{"@id":"https:\/\/riberasalud.com\/rsc\/#organization"},"image":{"@id":"https:\/\/riberasalud.com\/rsc\/2025\/07\/15\/el-ii-consejo-de-pacientes-del-hospital-universitario-de-torrejon-identifica-las-prioridades-de-pacientes-y-asociaciones-para-2025\/#primaryimage"},"thumbnailUrl":"https:\/\/riberasalud.com\/rsc\/wp-content\/uploads\/2025\/07\/Consejo-I.jpg","keywords":["ANSEDH","asociaciones","consejo de pacientes"],"articleSection":["Consejos de pacientes"],"inLanguage":"es","potentialAction":[{"@type":"CommentAction","name":"Comment","target":["https:\/\/riberasalud.com\/rsc\/2025\/07\/15\/el-ii-consejo-de-pacientes-del-hospital-universitario-de-torrejon-identifica-las-prioridades-de-pacientes-y-asociaciones-para-2025\/#respond"]}]},{"@type":"WebPage","@id":"https:\/\/riberasalud.com\/rsc\/2025\/07\/15\/el-ii-consejo-de-pacientes-del-hospital-universitario-de-torrejon-identifica-las-prioridades-de-pacientes-y-asociaciones-para-2025\/","url":"https:\/\/riberasalud.com\/rsc\/2025\/07\/15\/el-ii-consejo-de-pacientes-del-hospital-universitario-de-torrejon-identifica-las-prioridades-de-pacientes-y-asociaciones-para-2025\/","name":"El II Consejo de Pacientes del Hospital Universitario de Torrej\u00f3n identifica las prioridades de pacientes y asociaciones para 2025 - RSC Grupo sanitario Ribera","isPartOf":{"@id":"https:\/\/riberasalud.com\/rsc\/#website"},"primaryImageOfPage":{"@id":"https:\/\/riberasalud.com\/rsc\/2025\/07\/15\/el-ii-consejo-de-pacientes-del-hospital-universitario-de-torrejon-identifica-las-prioridades-de-pacientes-y-asociaciones-para-2025\/#primaryimage"},"image":{"@id":"https:\/\/riberasalud.com\/rsc\/2025\/07\/15\/el-ii-consejo-de-pacientes-del-hospital-universitario-de-torrejon-identifica-las-prioridades-de-pacientes-y-asociaciones-para-2025\/#primaryimage"},"thumbnailUrl":"https:\/\/riberasalud.com\/rsc\/wp-content\/uploads\/2025\/07\/Consejo-I.jpg","datePublished":"2025-07-15T11:34:01+00:00","dateModified":"2025-07-15T11:40:10+00:00","description":"Un total de 12 asociaciones participaron en la segunda sesi\u00f3n anual del Consejo de Pacientes, con la asistencia de m\u00e1s de 30 personas.","breadcrumb":{"@id":"https:\/\/riberasalud.com\/rsc\/2025\/07\/15\/el-ii-consejo-de-pacientes-del-hospital-universitario-de-torrejon-identifica-las-prioridades-de-pacientes-y-asociaciones-para-2025\/#breadcrumb"},"inLanguage":"es","potentialAction":[{"@type":"ReadAction","target":["https:\/\/riberasalud.com\/rsc\/2025\/07\/15\/el-ii-consejo-de-pacientes-del-hospital-universitario-de-torrejon-identifica-las-prioridades-de-pacientes-y-asociaciones-para-2025\/"]}]},{"@type":"ImageObject","inLanguage":"es","@id":"https:\/\/riberasalud.com\/rsc\/2025\/07\/15\/el-ii-consejo-de-pacientes-del-hospital-universitario-de-torrejon-identifica-las-prioridades-de-pacientes-y-asociaciones-para-2025\/#primaryimage","url":"https:\/\/riberasalud.com\/rsc\/wp-content\/uploads\/2025\/07\/Consejo-I.jpg","contentUrl":"https:\/\/riberasalud.com\/rsc\/wp-content\/uploads\/2025\/07\/Consejo-I.jpg","width":800,"height":533,"caption":"Consejo de pacientes"},{"@type":"BreadcrumbList","@id":"https:\/\/riberasalud.com\/rsc\/2025\/07\/15\/el-ii-consejo-de-pacientes-del-hospital-universitario-de-torrejon-identifica-las-prioridades-de-pacientes-y-asociaciones-para-2025\/#breadcrumb","itemListElement":[{"@type":"ListItem","position":1,"name":"Portada","item":"https:\/\/riberasalud.com\/rsc\/"},{"@type":"ListItem","position":2,"name":"El II Consejo de Pacientes del Hospital Universitario de Torrej\u00f3n identifica las prioridades de pacientes y asociaciones para 2025"}]},{"@type":"WebSite","@id":"https:\/\/riberasalud.com\/rsc\/#website","url":"https:\/\/riberasalud.com\/rsc\/","name":"RSC Grupo sanitario Ribera","description":"","publisher":{"@id":"https:\/\/riberasalud.com\/rsc\/#organization"},"potentialAction":[{"@type":"SearchAction","target":{"@type":"EntryPoint","urlTemplate":"https:\/\/riberasalud.com\/rsc\/?s={search_term_string}"},"query-input":{"@type":"PropertyValueSpecification","valueRequired":true,"valueName":"search_term_string"}}],"inLanguage":"es"},{"@type":"Organization","@id":"https:\/\/riberasalud.com\/rsc\/#organization","name":"RSC Grupo sanitario Ribera","url":"https:\/\/riberasalud.com\/rsc\/","logo":{"@type":"ImageObject","inLanguage":"es","@id":"https:\/\/riberasalud.com\/rsc\/#\/schema\/logo\/image\/","url":"https:\/\/riberasalud.com\/rsc\/wp-content\/uploads\/2021\/05\/cropped-Logotipo-Red.png","contentUrl":"https:\/\/riberasalud.com\/rsc\/wp-content\/uploads\/2021\/05\/cropped-Logotipo-Red.png","width":500,"height":198,"caption":"RSC Grupo sanitario Ribera"},"image":{"@id":"https:\/\/riberasalud.com\/rsc\/#\/schema\/logo\/image\/"}},{"@type":"Person","@id":"https:\/\/riberasalud.com\/rsc\/#\/schema\/person\/11c4e77d56d084661ced188afcae969f","name":"Mar Sanchez","image":{"@type":"ImageObject","inLanguage":"es","@id":"https:\/\/riberasalud.com\/rsc\/#\/schema\/person\/image\/","url":"https:\/\/secure.gravatar.com\/avatar\/5fc005413aafe0a1f7d81747fac73740246ee36e4fad7f56eb325711b6c9f209?s=96&d=mm&r=g","contentUrl":"https:\/\/secure.gravatar.com\/avatar\/5fc005413aafe0a1f7d81747fac73740246ee36e4fad7f56eb325711b6c9f209?s=96&d=mm&r=g","caption":"Mar Sanchez"},"url":"https:\/\/riberasalud.com\/rsc\/author\/msotoriberasalud-es\/"}]}},"author_meta":{"display_name":"Mar Sanchez","author_link":"https:\/\/riberasalud.com\/rsc\/author\/msotoriberasalud-es\/"},"featured_img":"https:\/\/riberasalud.com\/rsc\/wp-content\/uploads\/2025\/07\/Consejo-I-300x200.jpg","pbg_featured_image_src":{"full":["https:\/\/riberasalud.com\/rsc\/wp-content\/uploads\/2025\/07\/Consejo-I.jpg",800,533,false],"thumbnail":["https:\/\/riberasalud.com\/rsc\/wp-content\/uploads\/2025\/07\/Consejo-I-150x150.jpg",150,150,true],"medium":["https:\/\/riberasalud.com\/rsc\/wp-content\/uploads\/2025\/07\/Consejo-I-300x200.jpg",300,200,true],"medium_large":["https:\/\/riberasalud.com\/rsc\/wp-content\/uploads\/2025\/07\/Consejo-I-768x512.jpg",768,512,true],"large":["https:\/\/riberasalud.com\/rsc\/wp-content\/uploads\/2025\/07\/Consejo-I.jpg",800,533,false],"xl":["https:\/\/riberasalud.com\/rsc\/wp-content\/uploads\/2025\/07\/Consejo-I.jpg",800,533,false],"xxl":["https:\/\/riberasalud.com\/rsc\/wp-content\/uploads\/2025\/07\/Consejo-I.jpg",800,533,false],"xxxl":["https:\/\/riberasalud.com\/rsc\/wp-content\/uploads\/2025\/07\/Consejo-I.jpg",800,533,false],"xxxxl":["https:\/\/riberasalud.com\/rsc\/wp-content\/uploads\/2025\/07\/Consejo-I.jpg",800,533,false],"xxxxxl":["https:\/\/riberasalud.com\/rsc\/wp-content\/uploads\/2025\/07\/Consejo-I.jpg",800,533,false],"1536x1536":["https:\/\/riberasalud.com\/rsc\/wp-content\/uploads\/2025\/07\/Consejo-I.jpg",800,533,false],"2048x2048":["https:\/\/riberasalud.com\/rsc\/wp-content\/uploads\/2025\/07\/Consejo-I.jpg",800,533,false]},"pbg_author_info":{"display_name":"Mar Sanchez","author_link":"https:\/\/riberasalud.com\/rsc\/author\/msotoriberasalud-es\/","author_img":"<img alt='Mar Sanchez' src='https:\/\/secure.gravatar.com\/avatar\/5fc005413aafe0a1f7d81747fac73740246ee36e4fad7f56eb325711b6c9f209?s=128&#038;d=mm&#038;r=g' srcset='https:\/\/secure.gravatar.com\/avatar\/5fc005413aafe0a1f7d81747fac73740246ee36e4fad7f56eb325711b6c9f209?s=256&#038;d=mm&#038;r=g 2x' class='avatar avatar-128 photo' height='128' width='128' loading='lazy' decoding='async'\/>"},"pbg_comment_info":" No Comments","pbg_excerpt":"Un total de 12 asociaciones participaron en la segunda sesi\u00f3n anual del Consejo de Pacientes, con la asistencia de m\u00e1s de 30 personas. La Asociaci\u00f3n Nacional S\u00edndromes Ehlers-Danlos e Hiperlaxitud (ANSEDH) se incorpor\u00f3 al Consejo y present\u00f3 su \u00e1mbito de actuaci\u00f3n. El Hospital p\u00fablico Universitario de Torrej\u00f3n, perteneciente a la red p\u00fablica de la Comunidad&hellip;","uagb_featured_image_src":{"full":["https:\/\/riberasalud.com\/rsc\/wp-content\/uploads\/2025\/07\/Consejo-I.jpg",800,533,false],"thumbnail":["https:\/\/riberasalud.com\/rsc\/wp-content\/uploads\/2025\/07\/Consejo-I-150x150.jpg",150,150,true],"medium":["https:\/\/riberasalud.com\/rsc\/wp-content\/uploads\/2025\/07\/Consejo-I-300x200.jpg",300,200,true],"medium_large":["https:\/\/riberasalud.com\/rsc\/wp-content\/uploads\/2025\/07\/Consejo-I-768x512.jpg",768,512,true],"large":["https:\/\/riberasalud.com\/rsc\/wp-content\/uploads\/2025\/07\/Consejo-I.jpg",800,533,false],"xl":["https:\/\/riberasalud.com\/rsc\/wp-content\/uploads\/2025\/07\/Consejo-I.jpg",800,533,false],"xxl":["https:\/\/riberasalud.com\/rsc\/wp-content\/uploads\/2025\/07\/Consejo-I.jpg",800,533,false],"xxxl":["https:\/\/riberasalud.com\/rsc\/wp-content\/uploads\/2025\/07\/Consejo-I.jpg",800,533,false],"xxxxl":["https:\/\/riberasalud.com\/rsc\/wp-content\/uploads\/2025\/07\/Consejo-I.jpg",800,533,false],"xxxxxl":["https:\/\/riberasalud.com\/rsc\/wp-content\/uploads\/2025\/07\/Consejo-I.jpg",800,533,false],"1536x1536":["https:\/\/riberasalud.com\/rsc\/wp-content\/uploads\/2025\/07\/Consejo-I.jpg",800,533,false],"2048x2048":["https:\/\/riberasalud.com\/rsc\/wp-content\/uploads\/2025\/07\/Consejo-I.jpg",800,533,false]},"uagb_author_info":{"display_name":"Mar Sanchez","author_link":"https:\/\/riberasalud.com\/rsc\/author\/msotoriberasalud-es\/"},"uagb_comment_info":0,"uagb_excerpt":"Un total de 12 asociaciones participaron en la segunda sesi\u00f3n anual del Consejo de Pacientes, con la asistencia de m\u00e1s de 30 personas. La Asociaci\u00f3n Nacional S\u00edndromes Ehlers-Danlos e Hiperlaxitud (ANSEDH) se incorpor\u00f3 al Consejo y present\u00f3 su \u00e1mbito de actuaci\u00f3n. El Hospital p\u00fablico Universitario de Torrej\u00f3n, perteneciente a la red p\u00fablica de la Comunidad&hellip;","coauthors":[],"tax_additional":{"categories":{"linked":["<a href=\"https:\/\/riberasalud.com\/rsc\/category\/consejos-de-pacientes\/\" class=\"advgb-post-tax-term\">Consejos de pacientes<\/a>"],"unlinked":["<span class=\"advgb-post-tax-term\">Consejos de pacientes<\/span>"]},"tags":{"linked":["<a href=\"https:\/\/riberasalud.com\/rsc\/category\/consejos-de-pacientes\/\" class=\"advgb-post-tax-term\">ANSEDH<\/a>","<a href=\"https:\/\/riberasalud.com\/rsc\/category\/consejos-de-pacientes\/\" class=\"advgb-post-tax-term\">asociaciones<\/a>","<a href=\"https:\/\/riberasalud.com\/rsc\/category\/consejos-de-pacientes\/\" class=\"advgb-post-tax-term\">consejo de pacientes<\/a>"],"unlinked":["<span class=\"advgb-post-tax-term\">ANSEDH<\/span>","<span class=\"advgb-post-tax-term\">asociaciones<\/span>","<span class=\"advgb-post-tax-term\">consejo de pacientes<\/span>"]}},"comment_count":"0","relative_dates":{"created":"Publicado 10 meses hace","modified":"Actualizado 10 meses hace"},"absolute_dates":{"created":"Publicado el 15 de julio de 2025","modified":"Actualizado el 15 de julio de 2025"},"absolute_dates_time":{"created":"Publicado el 15 de julio de 2025 11:34","modified":"Actualizado el 15 de julio de 2025 11:40"},"featured_img_caption":"","series_order":"","_links":{"self":[{"href":"https:\/\/riberasalud.com\/rsc\/wp-json\/wp\/v2\/posts\/4536","targetHints":{"allow":["GET"]}}],"collection":[{"href":"https:\/\/riberasalud.com\/rsc\/wp-json\/wp\/v2\/posts"}],"about":[{"href":"https:\/\/riberasalud.com\/rsc\/wp-json\/wp\/v2\/types\/post"}],"author":[{"embeddable":true,"href":"https:\/\/riberasalud.com\/rsc\/wp-json\/wp\/v2\/users\/2"}],"replies":[{"embeddable":true,"href":"https:\/\/riberasalud.com\/rsc\/wp-json\/wp\/v2\/comments?post=4536"}],"version-history":[{"count":1,"href":"https:\/\/riberasalud.com\/rsc\/wp-json\/wp\/v2\/posts\/4536\/revisions"}],"predecessor-version":[{"id":4538,"href":"https:\/\/riberasalud.com\/rsc\/wp-json\/wp\/v2\/posts\/4536\/revisions\/4538"}],"wp:featuredmedia":[{"embeddable":true,"href":"https:\/\/riberasalud.com\/rsc\/wp-json\/wp\/v2\/media\/4537"}],"wp:attachment":[{"href":"https:\/\/riberasalud.com\/rsc\/wp-json\/wp\/v2\/media?parent=4536"}],"wp:term":[{"taxonomy":"category","embeddable":true,"href":"https:\/\/riberasalud.com\/rsc\/wp-json\/wp\/v2\/categories?post=4536"},{"taxonomy":"post_tag","embeddable":true,"href":"https:\/\/riberasalud.com\/rsc\/wp-json\/wp\/v2\/tags?post=4536"}],"curies":[{"name":"wp","href":"https:\/\/api.w.org\/{rel}","templated":true}]}}