{"id":4460,"date":"2025-04-15T15:25:48","date_gmt":"2025-04-15T15:25:48","guid":{"rendered":"https:\/\/riberasalud.com\/rsc\/?p=4460"},"modified":"2025-04-15T15:25:49","modified_gmt":"2025-04-15T15:25:49","slug":"el-hospital-universitario-del-vinalopo-se-une-al-dia-mundial-de-la-voz-para-promover-el-cuidado-vocal","status":"publish","type":"post","link":"https:\/\/riberasalud.com\/rsc\/2025\/04\/15\/el-hospital-universitario-del-vinalopo-se-une-al-dia-mundial-de-la-voz-para-promover-el-cuidado-vocal\/","title":{"rendered":"El Hospital Universitario del Vinalop\u00f3 se une al D\u00eda Mundial de la Voz para promover el cuidado vocal"},"content":{"rendered":"\n<ul class=\"wp-block-list\"><li>El 16 de abril se conmemora el D\u00eda Mundial de la Voz, una fecha que invita a tomar conciencia sobre la importancia de cuidar este valioso recurso de comunicaci\u00f3n<\/li><li>Una buena hidrataci\u00f3n, ejercicios de respiraci\u00f3n, evitar ciertas bebidas, no fumar, favorecer el descanso, la pr\u00e1ctica de ejercicio y evitar gritar o susurrar son algunas de los principales consejos\u00a0<\/li><\/ul>\n\n\n\n<p>El 16 de abril se celebra el D\u00eda Mundial de la Voz, y el Departamento de Salud del Vinalop\u00f3 comparte consejos para mantener voz fuerte y clara a lo largo del tiempo. Una fecha que invita a sensibilizar sobre la importancia de cuidar nuestra voz, un instrumento esencial para la comunicaci\u00f3n y el bienestar.&nbsp;<\/p>\n\n\n\n<p>Uno de las principales recomendaciones para cuidar la voz, est\u00e1 relacionada con la hidrataci\u00f3n. Beber suficiente agua es fundamental, especialmente cuando se practica actividad f\u00edsica o se consumen bebidas como el alcohol o la cafe\u00edna, que pueden resecar la garganta. El uso de un humidificador en ambientes secos tambi\u00e9n contribuye a mantener la humedad adecuada para las cuerdas vocales. Adem\u00e1s, se debe evitar el consumo excesivo de medicamentos que, en muchos casos, no favorecen la hidrataci\u00f3n. &nbsp;<\/p>\n\n\n\n<p>Un estilo de vida saludable tiene un impacto directo en la voz. Evitar el tabaco y los alimentos picantes, que pueden generar reflujo, es clave para prevenir problemas vocales. Asimismo, una dieta rica en frutas, verduras y cereales integrales fortalece las membranas mucosas que protegen la garganta. El descanso adecuado y la pr\u00e1ctica regular de ejercicio tambi\u00e9n son esenciales para mantener la voz en buen estado.<\/p>\n\n\n\n<p>Utilizar la voz de forma adecuada es otro aspecto fundamental. Hablar o cantar cuando la voz est\u00e1 cansada o ronca puede causar da\u00f1o a largo plazo. Adem\u00e1s, evitar gritar o susurrar, y practicar respiraci\u00f3n adecuada al hablar, ayuda a reducir el estr\u00e9s sobre las cuerdas vocales. En entornos ruidosos, el uso de un micr\u00f3fono es recomendable para evitar forzar la voz.<\/p>\n\n\n\n<p>Ante cualquier duda, ronquera o fatiga vocal persistente, lo mejor es consultar con un especialista en voz. Un pat\u00f3logo del habla puede ense\u00f1ar t\u00e9cnicas de cuidado vocal que te permitir\u00e1n mantener una voz sana durante mucho tiempo.<\/p>\n","protected":false},"excerpt":{"rendered":"<p>El 16 de abril se conmemora el D\u00eda Mundial de la Voz, una fecha que invita a tomar conciencia sobre la importancia de cuidar este valioso recurso de comunicaci\u00f3n Una buena hidrataci\u00f3n, ejercicios de respiraci\u00f3n, evitar ciertas bebidas, no fumar, favorecer el descanso, la pr\u00e1ctica de ejercicio y evitar gritar o susurrar son algunas de &#8230; <a title=\"El Hospital Universitario del Vinalop\u00f3 se une al D\u00eda Mundial de la Voz para promover el cuidado vocal\" class=\"read-more\" href=\"https:\/\/riberasalud.com\/rsc\/2025\/04\/15\/el-hospital-universitario-del-vinalopo-se-une-al-dia-mundial-de-la-voz-para-promover-el-cuidado-vocal\/\" aria-label=\"Leer m\u00e1s sobre El Hospital Universitario del Vinalop\u00f3 se une al D\u00eda Mundial de la Voz para promover el cuidado vocal\">Leer m\u00e1s<\/a><\/p>\n","protected":false},"author":2,"featured_media":4461,"comment_status":"open","ping_status":"open","sticky":false,"template":"","format":"standard","meta":{"_editorskit_title_hidden":false,"_editorskit_reading_time":0,"_editorskit_is_block_options_detached":false,"_editorskit_block_options_position":"{}","_coblocks_attr":"","_coblocks_dimensions":"","_coblocks_responsive_height":"","_coblocks_accordion_ie_support":"","_uag_custom_page_level_css":"","advgb_blocks_editor_width":"","advgb_blocks_columns_visual_guide":"","_monsterinsights_skip_tracking":false,"_monsterinsights_sitenote_active":false,"_monsterinsights_sitenote_note":"","_monsterinsights_sitenote_category":0,"footnotes":""},"categories":[243],"tags":[642,641,640],"class_list":["post-4460","post","type-post","status-publish","format-standard","has-post-thumbnail","hentry","category-rsc","tag-consejos","tag-cuidado-vocal","tag-dia-mundial-de-la-voz"],"featured_image_urls_v2":{"full":["https:\/\/riberasalud.com\/rsc\/wp-content\/uploads\/2025\/04\/Dr.-Enrique-Monerris-Jefe-ORL-con-paciente-en-consulta.jpg",800,533,false],"thumbnail":["https:\/\/riberasalud.com\/rsc\/wp-content\/uploads\/2025\/04\/Dr.-Enrique-Monerris-Jefe-ORL-con-paciente-en-consulta-150x150.jpg",150,150,true],"medium":["https:\/\/riberasalud.com\/rsc\/wp-content\/uploads\/2025\/04\/Dr.-Enrique-Monerris-Jefe-ORL-con-paciente-en-consulta-300x200.jpg",300,200,true],"medium_large":["https:\/\/riberasalud.com\/rsc\/wp-content\/uploads\/2025\/04\/Dr.-Enrique-Monerris-Jefe-ORL-con-paciente-en-consulta-768x512.jpg",768,512,true],"large":["https:\/\/riberasalud.com\/rsc\/wp-content\/uploads\/2025\/04\/Dr.-Enrique-Monerris-Jefe-ORL-con-paciente-en-consulta.jpg",800,533,false],"xl":["https:\/\/riberasalud.com\/rsc\/wp-content\/uploads\/2025\/04\/Dr.-Enrique-Monerris-Jefe-ORL-con-paciente-en-consulta.jpg",800,533,false],"xxl":["https:\/\/riberasalud.com\/rsc\/wp-content\/uploads\/2025\/04\/Dr.-Enrique-Monerris-Jefe-ORL-con-paciente-en-consulta.jpg",800,533,false],"xxxl":["https:\/\/riberasalud.com\/rsc\/wp-content\/uploads\/2025\/04\/Dr.-Enrique-Monerris-Jefe-ORL-con-paciente-en-consulta.jpg",800,533,false],"xxxxl":["https:\/\/riberasalud.com\/rsc\/wp-content\/uploads\/2025\/04\/Dr.-Enrique-Monerris-Jefe-ORL-con-paciente-en-consulta.jpg",800,533,false],"xxxxxl":["https:\/\/riberasalud.com\/rsc\/wp-content\/uploads\/2025\/04\/Dr.-Enrique-Monerris-Jefe-ORL-con-paciente-en-consulta.jpg",800,533,false],"1536x1536":["https:\/\/riberasalud.com\/rsc\/wp-content\/uploads\/2025\/04\/Dr.-Enrique-Monerris-Jefe-ORL-con-paciente-en-consulta.jpg",800,533,false],"2048x2048":["https:\/\/riberasalud.com\/rsc\/wp-content\/uploads\/2025\/04\/Dr.-Enrique-Monerris-Jefe-ORL-con-paciente-en-consulta.jpg",800,533,false]},"post_excerpt_stackable_v2":"<p>El 16 de abril se conmemora el D\u00eda Mundial de la Voz, una fecha que invita a tomar conciencia sobre la importancia de cuidar este valioso recurso de comunicaci\u00f3nUna buena hidrataci\u00f3n, ejercicios de respiraci\u00f3n, evitar ciertas bebidas, no fumar, favorecer el descanso, la pr\u00e1ctica de ejercicio y evitar gritar o susurrar son algunas de los principales consejos\u00a0 El 16 de abril se celebra el D\u00eda Mundial de la Voz, y el Departamento de Salud del Vinalop\u00f3 comparte consejos para mantener voz fuerte y clara a lo largo del tiempo. Una fecha que invita a sensibilizar sobre la importancia de cuidar&hellip;<\/p>\n","category_list_v2":"<a href=\"https:\/\/riberasalud.com\/rsc\/category\/rsc\/\" rel=\"category tag\">RSC<\/a>","author_info_v2":{"name":"Mar Sanchez","url":"https:\/\/riberasalud.com\/rsc\/author\/msotoriberasalud-es\/"},"comments_num_v2":"0 comentarios","yoast_head":"<!-- This site is optimized with the Yoast SEO plugin v26.6 - https:\/\/yoast.com\/wordpress\/plugins\/seo\/ -->\n<title>El Hospital Universitario del Vinalop\u00f3 se une al D\u00eda Mundial de la Voz para promover el cuidado vocal - RSC Grupo sanitario Ribera<\/title>\n<meta name=\"description\" content=\"El 16 de abril se conmemora el D\u00eda Mundial de la Voz, una fecha que invita a tomar conciencia sobre la importancia de cuidar este valioso recurso de comunicaci\u00f3n\" \/>\n<meta name=\"robots\" content=\"index, follow, max-snippet:-1, max-image-preview:large, max-video-preview:-1\" \/>\n<link rel=\"canonical\" href=\"https:\/\/riberasalud.com\/rsc\/2025\/04\/15\/el-hospital-universitario-del-vinalopo-se-une-al-dia-mundial-de-la-voz-para-promover-el-cuidado-vocal\/\" \/>\n<meta property=\"og:locale\" content=\"es_ES\" \/>\n<meta property=\"og:type\" content=\"article\" \/>\n<meta property=\"og:title\" content=\"El Hospital Universitario del Vinalop\u00f3 se une al D\u00eda Mundial de la Voz para promover el cuidado vocal - RSC Grupo sanitario Ribera\" \/>\n<meta property=\"og:description\" content=\"El 16 de abril se conmemora el D\u00eda Mundial de la Voz, una fecha que invita a tomar conciencia sobre la importancia de cuidar este valioso recurso de comunicaci\u00f3n\" \/>\n<meta property=\"og:url\" content=\"https:\/\/riberasalud.com\/rsc\/2025\/04\/15\/el-hospital-universitario-del-vinalopo-se-une-al-dia-mundial-de-la-voz-para-promover-el-cuidado-vocal\/\" \/>\n<meta property=\"og:site_name\" content=\"RSC Grupo sanitario Ribera\" \/>\n<meta property=\"article:published_time\" content=\"2025-04-15T15:25:48+00:00\" \/>\n<meta property=\"article:modified_time\" content=\"2025-04-15T15:25:49+00:00\" \/>\n<meta property=\"og:image\" content=\"https:\/\/riberasalud.com\/rsc\/wp-content\/uploads\/2025\/04\/Dr.-Enrique-Monerris-Jefe-ORL-con-paciente-en-consulta.jpg\" \/>\n\t<meta property=\"og:image:width\" content=\"800\" \/>\n\t<meta property=\"og:image:height\" content=\"533\" \/>\n\t<meta property=\"og:image:type\" content=\"image\/jpeg\" \/>\n<meta name=\"author\" content=\"Mar Sanchez\" \/>\n<meta name=\"twitter:card\" content=\"summary_large_image\" \/>\n<meta name=\"twitter:label1\" content=\"Escrito por\" \/>\n\t<meta name=\"twitter:data1\" content=\"Mar Sanchez\" \/>\n\t<meta name=\"twitter:label2\" content=\"Tiempo de lectura\" \/>\n\t<meta name=\"twitter:data2\" content=\"2 minutos\" \/>\n<script type=\"application\/ld+json\" class=\"yoast-schema-graph\">{\"@context\":\"https:\/\/schema.org\",\"@graph\":[{\"@type\":\"Article\",\"@id\":\"https:\/\/riberasalud.com\/rsc\/2025\/04\/15\/el-hospital-universitario-del-vinalopo-se-une-al-dia-mundial-de-la-voz-para-promover-el-cuidado-vocal\/#article\",\"isPartOf\":{\"@id\":\"https:\/\/riberasalud.com\/rsc\/2025\/04\/15\/el-hospital-universitario-del-vinalopo-se-une-al-dia-mundial-de-la-voz-para-promover-el-cuidado-vocal\/\"},\"author\":{\"name\":\"Mar Sanchez\",\"@id\":\"https:\/\/riberasalud.com\/rsc\/#\/schema\/person\/11c4e77d56d084661ced188afcae969f\"},\"headline\":\"El Hospital Universitario del Vinalop\u00f3 se une al D\u00eda Mundial de la Voz para promover el cuidado vocal\",\"datePublished\":\"2025-04-15T15:25:48+00:00\",\"dateModified\":\"2025-04-15T15:25:49+00:00\",\"mainEntityOfPage\":{\"@id\":\"https:\/\/riberasalud.com\/rsc\/2025\/04\/15\/el-hospital-universitario-del-vinalopo-se-une-al-dia-mundial-de-la-voz-para-promover-el-cuidado-vocal\/\"},\"wordCount\":395,\"commentCount\":0,\"publisher\":{\"@id\":\"https:\/\/riberasalud.com\/rsc\/#organization\"},\"image\":{\"@id\":\"https:\/\/riberasalud.com\/rsc\/2025\/04\/15\/el-hospital-universitario-del-vinalopo-se-une-al-dia-mundial-de-la-voz-para-promover-el-cuidado-vocal\/#primaryimage\"},\"thumbnailUrl\":\"https:\/\/riberasalud.com\/rsc\/wp-content\/uploads\/2025\/04\/Dr.-Enrique-Monerris-Jefe-ORL-con-paciente-en-consulta.jpg\",\"keywords\":[\"consejos\",\"cuidado vocal\",\"d\u00eda mundial de la voz\"],\"articleSection\":[\"RSC\"],\"inLanguage\":\"es\",\"potentialAction\":[{\"@type\":\"CommentAction\",\"name\":\"Comment\",\"target\":[\"https:\/\/riberasalud.com\/rsc\/2025\/04\/15\/el-hospital-universitario-del-vinalopo-se-une-al-dia-mundial-de-la-voz-para-promover-el-cuidado-vocal\/#respond\"]}]},{\"@type\":\"WebPage\",\"@id\":\"https:\/\/riberasalud.com\/rsc\/2025\/04\/15\/el-hospital-universitario-del-vinalopo-se-une-al-dia-mundial-de-la-voz-para-promover-el-cuidado-vocal\/\",\"url\":\"https:\/\/riberasalud.com\/rsc\/2025\/04\/15\/el-hospital-universitario-del-vinalopo-se-une-al-dia-mundial-de-la-voz-para-promover-el-cuidado-vocal\/\",\"name\":\"El Hospital Universitario del Vinalop\u00f3 se une al D\u00eda Mundial de la Voz para promover el cuidado vocal - RSC Grupo sanitario Ribera\",\"isPartOf\":{\"@id\":\"https:\/\/riberasalud.com\/rsc\/#website\"},\"primaryImageOfPage\":{\"@id\":\"https:\/\/riberasalud.com\/rsc\/2025\/04\/15\/el-hospital-universitario-del-vinalopo-se-une-al-dia-mundial-de-la-voz-para-promover-el-cuidado-vocal\/#primaryimage\"},\"image\":{\"@id\":\"https:\/\/riberasalud.com\/rsc\/2025\/04\/15\/el-hospital-universitario-del-vinalopo-se-une-al-dia-mundial-de-la-voz-para-promover-el-cuidado-vocal\/#primaryimage\"},\"thumbnailUrl\":\"https:\/\/riberasalud.com\/rsc\/wp-content\/uploads\/2025\/04\/Dr.-Enrique-Monerris-Jefe-ORL-con-paciente-en-consulta.jpg\",\"datePublished\":\"2025-04-15T15:25:48+00:00\",\"dateModified\":\"2025-04-15T15:25:49+00:00\",\"description\":\"El 16 de abril se conmemora el D\u00eda Mundial de la Voz, una fecha que invita a tomar conciencia sobre la importancia de cuidar este valioso recurso de comunicaci\u00f3n\",\"breadcrumb\":{\"@id\":\"https:\/\/riberasalud.com\/rsc\/2025\/04\/15\/el-hospital-universitario-del-vinalopo-se-une-al-dia-mundial-de-la-voz-para-promover-el-cuidado-vocal\/#breadcrumb\"},\"inLanguage\":\"es\",\"potentialAction\":[{\"@type\":\"ReadAction\",\"target\":[\"https:\/\/riberasalud.com\/rsc\/2025\/04\/15\/el-hospital-universitario-del-vinalopo-se-une-al-dia-mundial-de-la-voz-para-promover-el-cuidado-vocal\/\"]}]},{\"@type\":\"ImageObject\",\"inLanguage\":\"es\",\"@id\":\"https:\/\/riberasalud.com\/rsc\/2025\/04\/15\/el-hospital-universitario-del-vinalopo-se-une-al-dia-mundial-de-la-voz-para-promover-el-cuidado-vocal\/#primaryimage\",\"url\":\"https:\/\/riberasalud.com\/rsc\/wp-content\/uploads\/2025\/04\/Dr.-Enrique-Monerris-Jefe-ORL-con-paciente-en-consulta.jpg\",\"contentUrl\":\"https:\/\/riberasalud.com\/rsc\/wp-content\/uploads\/2025\/04\/Dr.-Enrique-Monerris-Jefe-ORL-con-paciente-en-consulta.jpg\",\"width\":800,\"height\":533,\"caption\":\"Dr. Enrique Monerris (Jefe ORL) con paciente en consulta\"},{\"@type\":\"BreadcrumbList\",\"@id\":\"https:\/\/riberasalud.com\/rsc\/2025\/04\/15\/el-hospital-universitario-del-vinalopo-se-une-al-dia-mundial-de-la-voz-para-promover-el-cuidado-vocal\/#breadcrumb\",\"itemListElement\":[{\"@type\":\"ListItem\",\"position\":1,\"name\":\"Portada\",\"item\":\"https:\/\/riberasalud.com\/rsc\/\"},{\"@type\":\"ListItem\",\"position\":2,\"name\":\"El Hospital Universitario del Vinalop\u00f3 se une al D\u00eda Mundial de la Voz para promover el cuidado vocal\"}]},{\"@type\":\"WebSite\",\"@id\":\"https:\/\/riberasalud.com\/rsc\/#website\",\"url\":\"https:\/\/riberasalud.com\/rsc\/\",\"name\":\"RSC Grupo sanitario Ribera\",\"description\":\"\",\"publisher\":{\"@id\":\"https:\/\/riberasalud.com\/rsc\/#organization\"},\"potentialAction\":[{\"@type\":\"SearchAction\",\"target\":{\"@type\":\"EntryPoint\",\"urlTemplate\":\"https:\/\/riberasalud.com\/rsc\/?s={search_term_string}\"},\"query-input\":{\"@type\":\"PropertyValueSpecification\",\"valueRequired\":true,\"valueName\":\"search_term_string\"}}],\"inLanguage\":\"es\"},{\"@type\":\"Organization\",\"@id\":\"https:\/\/riberasalud.com\/rsc\/#organization\",\"name\":\"RSC Grupo sanitario Ribera\",\"url\":\"https:\/\/riberasalud.com\/rsc\/\",\"logo\":{\"@type\":\"ImageObject\",\"inLanguage\":\"es\",\"@id\":\"https:\/\/riberasalud.com\/rsc\/#\/schema\/logo\/image\/\",\"url\":\"https:\/\/riberasalud.com\/rsc\/wp-content\/uploads\/2021\/05\/cropped-Logotipo-Red.png\",\"contentUrl\":\"https:\/\/riberasalud.com\/rsc\/wp-content\/uploads\/2021\/05\/cropped-Logotipo-Red.png\",\"width\":500,\"height\":198,\"caption\":\"RSC Grupo sanitario Ribera\"},\"image\":{\"@id\":\"https:\/\/riberasalud.com\/rsc\/#\/schema\/logo\/image\/\"}},{\"@type\":\"Person\",\"@id\":\"https:\/\/riberasalud.com\/rsc\/#\/schema\/person\/11c4e77d56d084661ced188afcae969f\",\"name\":\"Mar Sanchez\",\"image\":{\"@type\":\"ImageObject\",\"inLanguage\":\"es\",\"@id\":\"https:\/\/riberasalud.com\/rsc\/#\/schema\/person\/image\/\",\"url\":\"https:\/\/secure.gravatar.com\/avatar\/5fc005413aafe0a1f7d81747fac73740246ee36e4fad7f56eb325711b6c9f209?s=96&d=mm&r=g\",\"contentUrl\":\"https:\/\/secure.gravatar.com\/avatar\/5fc005413aafe0a1f7d81747fac73740246ee36e4fad7f56eb325711b6c9f209?s=96&d=mm&r=g\",\"caption\":\"Mar Sanchez\"},\"url\":\"https:\/\/riberasalud.com\/rsc\/author\/msotoriberasalud-es\/\"}]}<\/script>\n<!-- \/ Yoast SEO plugin. -->","yoast_head_json":{"title":"El Hospital Universitario del Vinalop\u00f3 se une al D\u00eda Mundial de la Voz para promover el cuidado vocal - RSC Grupo sanitario Ribera","description":"El 16 de abril se conmemora el D\u00eda Mundial de la Voz, una fecha que invita a tomar conciencia sobre la importancia de cuidar este valioso recurso de comunicaci\u00f3n","robots":{"index":"index","follow":"follow","max-snippet":"max-snippet:-1","max-image-preview":"max-image-preview:large","max-video-preview":"max-video-preview:-1"},"canonical":"https:\/\/riberasalud.com\/rsc\/2025\/04\/15\/el-hospital-universitario-del-vinalopo-se-une-al-dia-mundial-de-la-voz-para-promover-el-cuidado-vocal\/","og_locale":"es_ES","og_type":"article","og_title":"El Hospital Universitario del Vinalop\u00f3 se une al D\u00eda Mundial de la Voz para promover el cuidado vocal - RSC Grupo sanitario Ribera","og_description":"El 16 de abril se conmemora el D\u00eda Mundial de la Voz, una fecha que invita a tomar conciencia sobre la importancia de cuidar este valioso recurso de comunicaci\u00f3n","og_url":"https:\/\/riberasalud.com\/rsc\/2025\/04\/15\/el-hospital-universitario-del-vinalopo-se-une-al-dia-mundial-de-la-voz-para-promover-el-cuidado-vocal\/","og_site_name":"RSC Grupo sanitario Ribera","article_published_time":"2025-04-15T15:25:48+00:00","article_modified_time":"2025-04-15T15:25:49+00:00","og_image":[{"width":800,"height":533,"url":"https:\/\/riberasalud.com\/rsc\/wp-content\/uploads\/2025\/04\/Dr.-Enrique-Monerris-Jefe-ORL-con-paciente-en-consulta.jpg","type":"image\/jpeg"}],"author":"Mar Sanchez","twitter_card":"summary_large_image","twitter_misc":{"Escrito por":"Mar Sanchez","Tiempo de lectura":"2 minutos"},"schema":{"@context":"https:\/\/schema.org","@graph":[{"@type":"Article","@id":"https:\/\/riberasalud.com\/rsc\/2025\/04\/15\/el-hospital-universitario-del-vinalopo-se-une-al-dia-mundial-de-la-voz-para-promover-el-cuidado-vocal\/#article","isPartOf":{"@id":"https:\/\/riberasalud.com\/rsc\/2025\/04\/15\/el-hospital-universitario-del-vinalopo-se-une-al-dia-mundial-de-la-voz-para-promover-el-cuidado-vocal\/"},"author":{"name":"Mar Sanchez","@id":"https:\/\/riberasalud.com\/rsc\/#\/schema\/person\/11c4e77d56d084661ced188afcae969f"},"headline":"El Hospital Universitario del Vinalop\u00f3 se une al D\u00eda Mundial de la Voz para promover el cuidado vocal","datePublished":"2025-04-15T15:25:48+00:00","dateModified":"2025-04-15T15:25:49+00:00","mainEntityOfPage":{"@id":"https:\/\/riberasalud.com\/rsc\/2025\/04\/15\/el-hospital-universitario-del-vinalopo-se-une-al-dia-mundial-de-la-voz-para-promover-el-cuidado-vocal\/"},"wordCount":395,"commentCount":0,"publisher":{"@id":"https:\/\/riberasalud.com\/rsc\/#organization"},"image":{"@id":"https:\/\/riberasalud.com\/rsc\/2025\/04\/15\/el-hospital-universitario-del-vinalopo-se-une-al-dia-mundial-de-la-voz-para-promover-el-cuidado-vocal\/#primaryimage"},"thumbnailUrl":"https:\/\/riberasalud.com\/rsc\/wp-content\/uploads\/2025\/04\/Dr.-Enrique-Monerris-Jefe-ORL-con-paciente-en-consulta.jpg","keywords":["consejos","cuidado vocal","d\u00eda mundial de la voz"],"articleSection":["RSC"],"inLanguage":"es","potentialAction":[{"@type":"CommentAction","name":"Comment","target":["https:\/\/riberasalud.com\/rsc\/2025\/04\/15\/el-hospital-universitario-del-vinalopo-se-une-al-dia-mundial-de-la-voz-para-promover-el-cuidado-vocal\/#respond"]}]},{"@type":"WebPage","@id":"https:\/\/riberasalud.com\/rsc\/2025\/04\/15\/el-hospital-universitario-del-vinalopo-se-une-al-dia-mundial-de-la-voz-para-promover-el-cuidado-vocal\/","url":"https:\/\/riberasalud.com\/rsc\/2025\/04\/15\/el-hospital-universitario-del-vinalopo-se-une-al-dia-mundial-de-la-voz-para-promover-el-cuidado-vocal\/","name":"El Hospital Universitario del Vinalop\u00f3 se une al D\u00eda Mundial de la Voz para promover el cuidado vocal - RSC Grupo sanitario Ribera","isPartOf":{"@id":"https:\/\/riberasalud.com\/rsc\/#website"},"primaryImageOfPage":{"@id":"https:\/\/riberasalud.com\/rsc\/2025\/04\/15\/el-hospital-universitario-del-vinalopo-se-une-al-dia-mundial-de-la-voz-para-promover-el-cuidado-vocal\/#primaryimage"},"image":{"@id":"https:\/\/riberasalud.com\/rsc\/2025\/04\/15\/el-hospital-universitario-del-vinalopo-se-une-al-dia-mundial-de-la-voz-para-promover-el-cuidado-vocal\/#primaryimage"},"thumbnailUrl":"https:\/\/riberasalud.com\/rsc\/wp-content\/uploads\/2025\/04\/Dr.-Enrique-Monerris-Jefe-ORL-con-paciente-en-consulta.jpg","datePublished":"2025-04-15T15:25:48+00:00","dateModified":"2025-04-15T15:25:49+00:00","description":"El 16 de abril se conmemora el D\u00eda Mundial de la Voz, una fecha que invita a tomar conciencia sobre la importancia de cuidar este valioso recurso de comunicaci\u00f3n","breadcrumb":{"@id":"https:\/\/riberasalud.com\/rsc\/2025\/04\/15\/el-hospital-universitario-del-vinalopo-se-une-al-dia-mundial-de-la-voz-para-promover-el-cuidado-vocal\/#breadcrumb"},"inLanguage":"es","potentialAction":[{"@type":"ReadAction","target":["https:\/\/riberasalud.com\/rsc\/2025\/04\/15\/el-hospital-universitario-del-vinalopo-se-une-al-dia-mundial-de-la-voz-para-promover-el-cuidado-vocal\/"]}]},{"@type":"ImageObject","inLanguage":"es","@id":"https:\/\/riberasalud.com\/rsc\/2025\/04\/15\/el-hospital-universitario-del-vinalopo-se-une-al-dia-mundial-de-la-voz-para-promover-el-cuidado-vocal\/#primaryimage","url":"https:\/\/riberasalud.com\/rsc\/wp-content\/uploads\/2025\/04\/Dr.-Enrique-Monerris-Jefe-ORL-con-paciente-en-consulta.jpg","contentUrl":"https:\/\/riberasalud.com\/rsc\/wp-content\/uploads\/2025\/04\/Dr.-Enrique-Monerris-Jefe-ORL-con-paciente-en-consulta.jpg","width":800,"height":533,"caption":"Dr. Enrique Monerris (Jefe ORL) con paciente en consulta"},{"@type":"BreadcrumbList","@id":"https:\/\/riberasalud.com\/rsc\/2025\/04\/15\/el-hospital-universitario-del-vinalopo-se-une-al-dia-mundial-de-la-voz-para-promover-el-cuidado-vocal\/#breadcrumb","itemListElement":[{"@type":"ListItem","position":1,"name":"Portada","item":"https:\/\/riberasalud.com\/rsc\/"},{"@type":"ListItem","position":2,"name":"El Hospital Universitario del Vinalop\u00f3 se une al D\u00eda Mundial de la Voz para promover el cuidado vocal"}]},{"@type":"WebSite","@id":"https:\/\/riberasalud.com\/rsc\/#website","url":"https:\/\/riberasalud.com\/rsc\/","name":"RSC Grupo sanitario Ribera","description":"","publisher":{"@id":"https:\/\/riberasalud.com\/rsc\/#organization"},"potentialAction":[{"@type":"SearchAction","target":{"@type":"EntryPoint","urlTemplate":"https:\/\/riberasalud.com\/rsc\/?s={search_term_string}"},"query-input":{"@type":"PropertyValueSpecification","valueRequired":true,"valueName":"search_term_string"}}],"inLanguage":"es"},{"@type":"Organization","@id":"https:\/\/riberasalud.com\/rsc\/#organization","name":"RSC Grupo sanitario Ribera","url":"https:\/\/riberasalud.com\/rsc\/","logo":{"@type":"ImageObject","inLanguage":"es","@id":"https:\/\/riberasalud.com\/rsc\/#\/schema\/logo\/image\/","url":"https:\/\/riberasalud.com\/rsc\/wp-content\/uploads\/2021\/05\/cropped-Logotipo-Red.png","contentUrl":"https:\/\/riberasalud.com\/rsc\/wp-content\/uploads\/2021\/05\/cropped-Logotipo-Red.png","width":500,"height":198,"caption":"RSC Grupo sanitario Ribera"},"image":{"@id":"https:\/\/riberasalud.com\/rsc\/#\/schema\/logo\/image\/"}},{"@type":"Person","@id":"https:\/\/riberasalud.com\/rsc\/#\/schema\/person\/11c4e77d56d084661ced188afcae969f","name":"Mar Sanchez","image":{"@type":"ImageObject","inLanguage":"es","@id":"https:\/\/riberasalud.com\/rsc\/#\/schema\/person\/image\/","url":"https:\/\/secure.gravatar.com\/avatar\/5fc005413aafe0a1f7d81747fac73740246ee36e4fad7f56eb325711b6c9f209?s=96&d=mm&r=g","contentUrl":"https:\/\/secure.gravatar.com\/avatar\/5fc005413aafe0a1f7d81747fac73740246ee36e4fad7f56eb325711b6c9f209?s=96&d=mm&r=g","caption":"Mar Sanchez"},"url":"https:\/\/riberasalud.com\/rsc\/author\/msotoriberasalud-es\/"}]}},"author_meta":{"display_name":"Mar Sanchez","author_link":"https:\/\/riberasalud.com\/rsc\/author\/msotoriberasalud-es\/"},"featured_img":"https:\/\/riberasalud.com\/rsc\/wp-content\/uploads\/2025\/04\/Dr.-Enrique-Monerris-Jefe-ORL-con-paciente-en-consulta-300x200.jpg","pbg_featured_image_src":{"full":["https:\/\/riberasalud.com\/rsc\/wp-content\/uploads\/2025\/04\/Dr.-Enrique-Monerris-Jefe-ORL-con-paciente-en-consulta.jpg",800,533,false],"thumbnail":["https:\/\/riberasalud.com\/rsc\/wp-content\/uploads\/2025\/04\/Dr.-Enrique-Monerris-Jefe-ORL-con-paciente-en-consulta-150x150.jpg",150,150,true],"medium":["https:\/\/riberasalud.com\/rsc\/wp-content\/uploads\/2025\/04\/Dr.-Enrique-Monerris-Jefe-ORL-con-paciente-en-consulta-300x200.jpg",300,200,true],"medium_large":["https:\/\/riberasalud.com\/rsc\/wp-content\/uploads\/2025\/04\/Dr.-Enrique-Monerris-Jefe-ORL-con-paciente-en-consulta-768x512.jpg",768,512,true],"large":["https:\/\/riberasalud.com\/rsc\/wp-content\/uploads\/2025\/04\/Dr.-Enrique-Monerris-Jefe-ORL-con-paciente-en-consulta.jpg",800,533,false],"xl":["https:\/\/riberasalud.com\/rsc\/wp-content\/uploads\/2025\/04\/Dr.-Enrique-Monerris-Jefe-ORL-con-paciente-en-consulta.jpg",800,533,false],"xxl":["https:\/\/riberasalud.com\/rsc\/wp-content\/uploads\/2025\/04\/Dr.-Enrique-Monerris-Jefe-ORL-con-paciente-en-consulta.jpg",800,533,false],"xxxl":["https:\/\/riberasalud.com\/rsc\/wp-content\/uploads\/2025\/04\/Dr.-Enrique-Monerris-Jefe-ORL-con-paciente-en-consulta.jpg",800,533,false],"xxxxl":["https:\/\/riberasalud.com\/rsc\/wp-content\/uploads\/2025\/04\/Dr.-Enrique-Monerris-Jefe-ORL-con-paciente-en-consulta.jpg",800,533,false],"xxxxxl":["https:\/\/riberasalud.com\/rsc\/wp-content\/uploads\/2025\/04\/Dr.-Enrique-Monerris-Jefe-ORL-con-paciente-en-consulta.jpg",800,533,false],"1536x1536":["https:\/\/riberasalud.com\/rsc\/wp-content\/uploads\/2025\/04\/Dr.-Enrique-Monerris-Jefe-ORL-con-paciente-en-consulta.jpg",800,533,false],"2048x2048":["https:\/\/riberasalud.com\/rsc\/wp-content\/uploads\/2025\/04\/Dr.-Enrique-Monerris-Jefe-ORL-con-paciente-en-consulta.jpg",800,533,false]},"pbg_author_info":{"display_name":"Mar Sanchez","author_link":"https:\/\/riberasalud.com\/rsc\/author\/msotoriberasalud-es\/","author_img":"<img alt='Mar Sanchez' src='https:\/\/secure.gravatar.com\/avatar\/5fc005413aafe0a1f7d81747fac73740246ee36e4fad7f56eb325711b6c9f209?s=128&#038;d=mm&#038;r=g' srcset='https:\/\/secure.gravatar.com\/avatar\/5fc005413aafe0a1f7d81747fac73740246ee36e4fad7f56eb325711b6c9f209?s=256&#038;d=mm&#038;r=g 2x' class='avatar avatar-128 photo' height='128' width='128' loading='lazy' decoding='async'\/>"},"pbg_comment_info":" No Comments","pbg_excerpt":"El 16 de abril se conmemora el D\u00eda Mundial de la Voz, una fecha que invita a tomar conciencia sobre la importancia de cuidar este valioso recurso de comunicaci\u00f3n Una buena hidrataci\u00f3n, ejercicios de respiraci\u00f3n, evitar ciertas bebidas, no fumar, favorecer el descanso, la pr\u00e1ctica de ejercicio y evitar gritar o susurrar son algunas de&hellip;","uagb_featured_image_src":{"full":["https:\/\/riberasalud.com\/rsc\/wp-content\/uploads\/2025\/04\/Dr.-Enrique-Monerris-Jefe-ORL-con-paciente-en-consulta.jpg",800,533,false],"thumbnail":["https:\/\/riberasalud.com\/rsc\/wp-content\/uploads\/2025\/04\/Dr.-Enrique-Monerris-Jefe-ORL-con-paciente-en-consulta-150x150.jpg",150,150,true],"medium":["https:\/\/riberasalud.com\/rsc\/wp-content\/uploads\/2025\/04\/Dr.-Enrique-Monerris-Jefe-ORL-con-paciente-en-consulta-300x200.jpg",300,200,true],"medium_large":["https:\/\/riberasalud.com\/rsc\/wp-content\/uploads\/2025\/04\/Dr.-Enrique-Monerris-Jefe-ORL-con-paciente-en-consulta-768x512.jpg",768,512,true],"large":["https:\/\/riberasalud.com\/rsc\/wp-content\/uploads\/2025\/04\/Dr.-Enrique-Monerris-Jefe-ORL-con-paciente-en-consulta.jpg",800,533,false],"xl":["https:\/\/riberasalud.com\/rsc\/wp-content\/uploads\/2025\/04\/Dr.-Enrique-Monerris-Jefe-ORL-con-paciente-en-consulta.jpg",800,533,false],"xxl":["https:\/\/riberasalud.com\/rsc\/wp-content\/uploads\/2025\/04\/Dr.-Enrique-Monerris-Jefe-ORL-con-paciente-en-consulta.jpg",800,533,false],"xxxl":["https:\/\/riberasalud.com\/rsc\/wp-content\/uploads\/2025\/04\/Dr.-Enrique-Monerris-Jefe-ORL-con-paciente-en-consulta.jpg",800,533,false],"xxxxl":["https:\/\/riberasalud.com\/rsc\/wp-content\/uploads\/2025\/04\/Dr.-Enrique-Monerris-Jefe-ORL-con-paciente-en-consulta.jpg",800,533,false],"xxxxxl":["https:\/\/riberasalud.com\/rsc\/wp-content\/uploads\/2025\/04\/Dr.-Enrique-Monerris-Jefe-ORL-con-paciente-en-consulta.jpg",800,533,false],"1536x1536":["https:\/\/riberasalud.com\/rsc\/wp-content\/uploads\/2025\/04\/Dr.-Enrique-Monerris-Jefe-ORL-con-paciente-en-consulta.jpg",800,533,false],"2048x2048":["https:\/\/riberasalud.com\/rsc\/wp-content\/uploads\/2025\/04\/Dr.-Enrique-Monerris-Jefe-ORL-con-paciente-en-consulta.jpg",800,533,false]},"uagb_author_info":{"display_name":"Mar Sanchez","author_link":"https:\/\/riberasalud.com\/rsc\/author\/msotoriberasalud-es\/"},"uagb_comment_info":0,"uagb_excerpt":"El 16 de abril se conmemora el D\u00eda Mundial de la Voz, una fecha que invita a tomar conciencia sobre la importancia de cuidar este valioso recurso de comunicaci\u00f3n Una buena hidrataci\u00f3n, ejercicios de respiraci\u00f3n, evitar ciertas bebidas, no fumar, favorecer el descanso, la pr\u00e1ctica de ejercicio y evitar gritar o susurrar son algunas de&hellip;","coauthors":[],"tax_additional":{"categories":{"linked":["<a href=\"https:\/\/riberasalud.com\/rsc\/category\/rsc\/\" class=\"advgb-post-tax-term\">RSC<\/a>"],"unlinked":["<span class=\"advgb-post-tax-term\">RSC<\/span>"]},"tags":{"linked":["<a href=\"https:\/\/riberasalud.com\/rsc\/category\/rsc\/\" class=\"advgb-post-tax-term\">consejos<\/a>","<a href=\"https:\/\/riberasalud.com\/rsc\/category\/rsc\/\" class=\"advgb-post-tax-term\">cuidado vocal<\/a>","<a href=\"https:\/\/riberasalud.com\/rsc\/category\/rsc\/\" class=\"advgb-post-tax-term\">d\u00eda mundial de la voz<\/a>"],"unlinked":["<span class=\"advgb-post-tax-term\">consejos<\/span>","<span class=\"advgb-post-tax-term\">cuidado vocal<\/span>","<span class=\"advgb-post-tax-term\">d\u00eda mundial de la voz<\/span>"]}},"comment_count":"0","relative_dates":{"created":"Publicado 1 a\u00f1o hace","modified":"Actualizado 1 a\u00f1o hace"},"absolute_dates":{"created":"Publicado el 15 de abril de 2025","modified":"Actualizado el 15 de abril de 2025"},"absolute_dates_time":{"created":"Publicado el 15 de abril de 2025 15:25","modified":"Actualizado el 15 de abril de 2025 15:25"},"featured_img_caption":"","series_order":"","_links":{"self":[{"href":"https:\/\/riberasalud.com\/rsc\/wp-json\/wp\/v2\/posts\/4460","targetHints":{"allow":["GET"]}}],"collection":[{"href":"https:\/\/riberasalud.com\/rsc\/wp-json\/wp\/v2\/posts"}],"about":[{"href":"https:\/\/riberasalud.com\/rsc\/wp-json\/wp\/v2\/types\/post"}],"author":[{"embeddable":true,"href":"https:\/\/riberasalud.com\/rsc\/wp-json\/wp\/v2\/users\/2"}],"replies":[{"embeddable":true,"href":"https:\/\/riberasalud.com\/rsc\/wp-json\/wp\/v2\/comments?post=4460"}],"version-history":[{"count":1,"href":"https:\/\/riberasalud.com\/rsc\/wp-json\/wp\/v2\/posts\/4460\/revisions"}],"predecessor-version":[{"id":4462,"href":"https:\/\/riberasalud.com\/rsc\/wp-json\/wp\/v2\/posts\/4460\/revisions\/4462"}],"wp:featuredmedia":[{"embeddable":true,"href":"https:\/\/riberasalud.com\/rsc\/wp-json\/wp\/v2\/media\/4461"}],"wp:attachment":[{"href":"https:\/\/riberasalud.com\/rsc\/wp-json\/wp\/v2\/media?parent=4460"}],"wp:term":[{"taxonomy":"category","embeddable":true,"href":"https:\/\/riberasalud.com\/rsc\/wp-json\/wp\/v2\/categories?post=4460"},{"taxonomy":"post_tag","embeddable":true,"href":"https:\/\/riberasalud.com\/rsc\/wp-json\/wp\/v2\/tags?post=4460"}],"curies":[{"name":"wp","href":"https:\/\/api.w.org\/{rel}","templated":true}]}}