{"id":4387,"date":"2025-02-25T11:44:55","date_gmt":"2025-02-25T11:44:55","guid":{"rendered":"https:\/\/riberasalud.com\/rsc\/?p=4387"},"modified":"2025-02-25T12:06:31","modified_gmt":"2025-02-25T12:06:31","slug":"ribera-hospital-de-molina-y-astrapace-firman-un-convenio-para-fomentar-la-inclusion-social","status":"publish","type":"post","link":"https:\/\/riberasalud.com\/rsc\/2025\/02\/25\/ribera-hospital-de-molina-y-astrapace-firman-un-convenio-para-fomentar-la-inclusion-social\/","title":{"rendered":"Ribera Hospital de Molina y Astrapace firman un convenio para fomentar la inclusi\u00f3n social"},"content":{"rendered":"\n<ul class=\"wp-block-list\"><li>Ribera Hospital de Molina firma un convenio con Astrapace para facilitar la formaci\u00f3n pr\u00e1ctica de personas con discapacidad intelectual, con el fin de favorecer sus futuras incorporaciones al mundo profesional.<\/li><li>La iniciativa se enmarca en el Plan de Diversidad Funcional y la pol\u00edtica Responsabilidad Social Corporativa (RSC) del grupo sanitario Ribera, que favorece el empleo inclusivo y la colaboraci\u00f3n con entidades del \u00e1rea de sus hospitales.<\/li><\/ul>\n\n\n\n<p><a href=\"https:\/\/riberasalud.com\/hospital-de-molina\/\" class=\"ek-link\">Ribera Hospital de Molina<\/a>, del grupo sanitario&nbsp;<a href=\"https:\/\/www.riberasalud.com\/\" class=\"ek-link\">Ribera<\/a>, ha firmado un convenio de colaboraci\u00f3n con Astrapace, Asociaci\u00f3n para el Tratamiento de Personas con Par\u00e1lisis Cerebral y Patolog\u00edas Afines, con el objetivo de impulsar la inclusi\u00f3n social y mejorar la calidad de vida de las personas con discapacidad.<\/p>\n\n\n\n<p>El objetivo es facilitar la formaci\u00f3n pr\u00e1ctica de personas con discapacidad intelectual, permiti\u00e9ndoles combinar los conocimientos te\u00f3ricos y pr\u00e1cticos adquiridos en el Centro de D\u00eda con la experiencia laboral ofrecida por el hospital, para favorecer su futura incorporaci\u00f3n al mundo profesional.<\/p>\n\n\n\n<figure class=\"wp-block-image size-full\"><img loading=\"lazy\" decoding=\"async\" width=\"800\" height=\"533\" src=\"https:\/\/riberasalud.com\/rsc\/wp-content\/uploads\/2025\/02\/Firma-convenio-Ribera-Hospital-de-Molina-y-Astrapace.jpg\" alt=\"Firma convenio Ribera Hospital de Molina y Astrapace\" class=\"wp-image-4389\" srcset=\"https:\/\/riberasalud.com\/rsc\/wp-content\/uploads\/2025\/02\/Firma-convenio-Ribera-Hospital-de-Molina-y-Astrapace.jpg 800w, https:\/\/riberasalud.com\/rsc\/wp-content\/uploads\/2025\/02\/Firma-convenio-Ribera-Hospital-de-Molina-y-Astrapace-300x200.jpg 300w, https:\/\/riberasalud.com\/rsc\/wp-content\/uploads\/2025\/02\/Firma-convenio-Ribera-Hospital-de-Molina-y-Astrapace-768x512.jpg 768w\" sizes=\"auto, (max-width: 800px) 100vw, 800px\" \/><\/figure>\n\n\n\n<p>El convenio ha sido firmado por el gerente de hospital, Pedro Hern\u00e1ndez y por la gerente de Astrapace, Rosa Garc\u00eda Iniesta, en las instalaciones del Hospital. Pedro Hern\u00e1ndez ha destacado la apuesta de Ribera por el empleo local e inclusivo, as\u00ed como la responsabilidad que ha demostrado el grupo con las entidades y colectivos del entorno.<\/p>\n\n\n\n<p><em>\u201cEstamos comprometidos con el cuidado de la salud y bienestar de los ciudadanos del \u00e1rea de nuestro hospital. Por ello, nos gusta implicarnos en iniciativas que favorecen el desarrollo, el empleo y la igualdad de oportunidades y la educaci\u00f3n para la salud. Para nosotros, poder dar la oportunidad de acceder al \u00e1mbito laboral, a personas con determinadas discapacidades, es algo gratificante que seguramente les ayudar\u00e1 a mejorar su salud.\u201d<\/em><\/p>\n\n\n\n<p>Por su parte, Rosa Garc\u00eda Iniesta, ha subrayado la importancia de esta colaboraci\u00f3n, afirmando que \u00abalianzas como esta nos ayudan a seguir avanzando en la inclusi\u00f3n social y laboral de las personas con discapacidad, ofreciendo oportunidades reales para su desarrollo y autonom\u00eda\u00bb.<\/p>\n\n\n\n<p>Con este convenio, Ribera Hospital de Molina reafirma su apuesta por una sanidad humanizada e integradora, contribuyendo activamente a la construcci\u00f3n de una sociedad m\u00e1s inclusiva y solidaria.<\/p>\n","protected":false},"excerpt":{"rendered":"<p>Ribera Hospital de Molina firma un convenio con Astrapace para facilitar la formaci\u00f3n pr\u00e1ctica de personas con discapacidad intelectual, con el fin de favorecer sus futuras incorporaciones al mundo profesional. La iniciativa se enmarca en el Plan de Diversidad Funcional y la pol\u00edtica Responsabilidad Social Corporativa (RSC) del grupo sanitario Ribera, que favorece el empleo &#8230; <a title=\"Ribera Hospital de Molina y Astrapace firman un convenio para fomentar la inclusi\u00f3n social\" class=\"read-more\" href=\"https:\/\/riberasalud.com\/rsc\/2025\/02\/25\/ribera-hospital-de-molina-y-astrapace-firman-un-convenio-para-fomentar-la-inclusion-social\/\" aria-label=\"Leer m\u00e1s sobre Ribera Hospital de Molina y Astrapace firman un convenio para fomentar la inclusi\u00f3n social\">Leer m\u00e1s<\/a><\/p>\n","protected":false},"author":4,"featured_media":4390,"comment_status":"open","ping_status":"open","sticky":false,"template":"","format":"standard","meta":{"_editorskit_title_hidden":false,"_editorskit_reading_time":1,"_editorskit_is_block_options_detached":false,"_editorskit_block_options_position":"{}","_coblocks_attr":"","_coblocks_dimensions":"","_coblocks_responsive_height":"","_coblocks_accordion_ie_support":"","_uag_custom_page_level_css":"","advgb_blocks_editor_width":"","advgb_blocks_columns_visual_guide":"","_monsterinsights_skip_tracking":false,"_monsterinsights_sitenote_active":false,"_monsterinsights_sitenote_note":"","_monsterinsights_sitenote_category":0,"footnotes":""},"categories":[207,243],"tags":[609,246,611,30,610,95],"class_list":["post-4387","post","type-post","status-publish","format-standard","has-post-thumbnail","hentry","category-alianzas-con-el-entorno","category-rsc","tag-astrapace","tag-convenio","tag-discapacidad-intelectual","tag-hospital-ribera-molina","tag-inclusion-social","tag-practicas"],"featured_image_urls_v2":{"full":["https:\/\/riberasalud.com\/rsc\/wp-content\/uploads\/2025\/02\/Firma-convenio-Ribera-Hospital-de-Molina-y-Astrapace-2025.jpg",800,533,false],"thumbnail":["https:\/\/riberasalud.com\/rsc\/wp-content\/uploads\/2025\/02\/Firma-convenio-Ribera-Hospital-de-Molina-y-Astrapace-2025-150x150.jpg",150,150,true],"medium":["https:\/\/riberasalud.com\/rsc\/wp-content\/uploads\/2025\/02\/Firma-convenio-Ribera-Hospital-de-Molina-y-Astrapace-2025-300x200.jpg",300,200,true],"medium_large":["https:\/\/riberasalud.com\/rsc\/wp-content\/uploads\/2025\/02\/Firma-convenio-Ribera-Hospital-de-Molina-y-Astrapace-2025-768x512.jpg",768,512,true],"large":["https:\/\/riberasalud.com\/rsc\/wp-content\/uploads\/2025\/02\/Firma-convenio-Ribera-Hospital-de-Molina-y-Astrapace-2025.jpg",800,533,false],"xl":["https:\/\/riberasalud.com\/rsc\/wp-content\/uploads\/2025\/02\/Firma-convenio-Ribera-Hospital-de-Molina-y-Astrapace-2025.jpg",800,533,false],"xxl":["https:\/\/riberasalud.com\/rsc\/wp-content\/uploads\/2025\/02\/Firma-convenio-Ribera-Hospital-de-Molina-y-Astrapace-2025.jpg",800,533,false],"xxxl":["https:\/\/riberasalud.com\/rsc\/wp-content\/uploads\/2025\/02\/Firma-convenio-Ribera-Hospital-de-Molina-y-Astrapace-2025.jpg",800,533,false],"xxxxl":["https:\/\/riberasalud.com\/rsc\/wp-content\/uploads\/2025\/02\/Firma-convenio-Ribera-Hospital-de-Molina-y-Astrapace-2025.jpg",800,533,false],"xxxxxl":["https:\/\/riberasalud.com\/rsc\/wp-content\/uploads\/2025\/02\/Firma-convenio-Ribera-Hospital-de-Molina-y-Astrapace-2025.jpg",800,533,false],"1536x1536":["https:\/\/riberasalud.com\/rsc\/wp-content\/uploads\/2025\/02\/Firma-convenio-Ribera-Hospital-de-Molina-y-Astrapace-2025.jpg",800,533,false],"2048x2048":["https:\/\/riberasalud.com\/rsc\/wp-content\/uploads\/2025\/02\/Firma-convenio-Ribera-Hospital-de-Molina-y-Astrapace-2025.jpg",800,533,false]},"post_excerpt_stackable_v2":"<p>Ribera Hospital de Molina firma un convenio con Astrapace para facilitar la formaci\u00f3n pr\u00e1ctica de personas con discapacidad intelectual, con el fin de favorecer sus futuras incorporaciones al mundo profesional.La iniciativa se enmarca en el Plan de Diversidad Funcional y la pol\u00edtica Responsabilidad Social Corporativa (RSC) del grupo sanitario Ribera, que favorece el empleo inclusivo y la colaboraci\u00f3n con entidades del \u00e1rea de sus hospitales. Ribera Hospital de Molina, del grupo sanitario&nbsp;Ribera, ha firmado un convenio de colaboraci\u00f3n con Astrapace, Asociaci\u00f3n para el Tratamiento de Personas con Par\u00e1lisis Cerebral y Patolog\u00edas Afines, con el objetivo de impulsar la inclusi\u00f3n social&hellip;<\/p>\n","category_list_v2":"<a href=\"https:\/\/riberasalud.com\/rsc\/category\/alianzas-con-el-entorno\/\" rel=\"category tag\">Alianzas con el entorno<\/a>, <a href=\"https:\/\/riberasalud.com\/rsc\/category\/rsc\/\" rel=\"category tag\">RSC<\/a>","author_info_v2":{"name":"estefania","url":"https:\/\/riberasalud.com\/rsc\/author\/estefania\/"},"comments_num_v2":"0 comentarios","yoast_head":"<!-- This site is optimized with the Yoast SEO plugin v26.6 - https:\/\/yoast.com\/wordpress\/plugins\/seo\/ -->\n<title>Ribera Hospital de Molina y Astrapace firman un convenio para fomentar la inclusi\u00f3n social - RSC Grupo sanitario Ribera<\/title>\n<meta name=\"description\" content=\"Ribera Hospital de Molina firma un convenio con Astrapace para facilitar la formaci\u00f3n pr\u00e1ctica de personas con discapacidad intelectual.\" \/>\n<meta name=\"robots\" content=\"index, follow, max-snippet:-1, max-image-preview:large, max-video-preview:-1\" \/>\n<link rel=\"canonical\" href=\"https:\/\/riberasalud.com\/rsc\/2025\/02\/25\/ribera-hospital-de-molina-y-astrapace-firman-un-convenio-para-fomentar-la-inclusion-social\/\" \/>\n<meta property=\"og:locale\" content=\"es_ES\" \/>\n<meta property=\"og:type\" content=\"article\" \/>\n<meta property=\"og:title\" content=\"Ribera Hospital de Molina y Astrapace firman un convenio para fomentar la inclusi\u00f3n social - RSC Grupo sanitario Ribera\" \/>\n<meta property=\"og:description\" content=\"Ribera Hospital de Molina firma un convenio con Astrapace para facilitar la formaci\u00f3n pr\u00e1ctica de personas con discapacidad intelectual.\" \/>\n<meta property=\"og:url\" content=\"https:\/\/riberasalud.com\/rsc\/2025\/02\/25\/ribera-hospital-de-molina-y-astrapace-firman-un-convenio-para-fomentar-la-inclusion-social\/\" \/>\n<meta property=\"og:site_name\" content=\"RSC Grupo sanitario Ribera\" \/>\n<meta property=\"article:published_time\" content=\"2025-02-25T11:44:55+00:00\" \/>\n<meta property=\"article:modified_time\" content=\"2025-02-25T12:06:31+00:00\" \/>\n<meta property=\"og:image\" content=\"https:\/\/riberasalud.com\/rsc\/wp-content\/uploads\/2025\/02\/Firma-convenio-Ribera-Hospital-de-Molina-y-Astrapace-2025.jpg\" \/>\n\t<meta property=\"og:image:width\" content=\"800\" \/>\n\t<meta property=\"og:image:height\" content=\"533\" \/>\n\t<meta property=\"og:image:type\" content=\"image\/jpeg\" \/>\n<meta name=\"author\" content=\"estefania\" \/>\n<meta name=\"twitter:card\" content=\"summary_large_image\" \/>\n<meta name=\"twitter:label1\" content=\"Escrito por\" \/>\n\t<meta name=\"twitter:data1\" content=\"estefania\" \/>\n\t<meta name=\"twitter:label2\" content=\"Tiempo de lectura\" \/>\n\t<meta name=\"twitter:data2\" content=\"2 minutos\" \/>\n<script type=\"application\/ld+json\" class=\"yoast-schema-graph\">{\"@context\":\"https:\/\/schema.org\",\"@graph\":[{\"@type\":\"Article\",\"@id\":\"https:\/\/riberasalud.com\/rsc\/2025\/02\/25\/ribera-hospital-de-molina-y-astrapace-firman-un-convenio-para-fomentar-la-inclusion-social\/#article\",\"isPartOf\":{\"@id\":\"https:\/\/riberasalud.com\/rsc\/2025\/02\/25\/ribera-hospital-de-molina-y-astrapace-firman-un-convenio-para-fomentar-la-inclusion-social\/\"},\"author\":{\"name\":\"estefania\",\"@id\":\"https:\/\/riberasalud.com\/rsc\/#\/schema\/person\/92f3d0085f274db9e077c8b17bb987e2\"},\"headline\":\"Ribera Hospital de Molina y Astrapace firman un convenio para fomentar la inclusi\u00f3n social\",\"datePublished\":\"2025-02-25T11:44:55+00:00\",\"dateModified\":\"2025-02-25T12:06:31+00:00\",\"mainEntityOfPage\":{\"@id\":\"https:\/\/riberasalud.com\/rsc\/2025\/02\/25\/ribera-hospital-de-molina-y-astrapace-firman-un-convenio-para-fomentar-la-inclusion-social\/\"},\"wordCount\":391,\"commentCount\":0,\"publisher\":{\"@id\":\"https:\/\/riberasalud.com\/rsc\/#organization\"},\"image\":{\"@id\":\"https:\/\/riberasalud.com\/rsc\/2025\/02\/25\/ribera-hospital-de-molina-y-astrapace-firman-un-convenio-para-fomentar-la-inclusion-social\/#primaryimage\"},\"thumbnailUrl\":\"https:\/\/riberasalud.com\/rsc\/wp-content\/uploads\/2025\/02\/Firma-convenio-Ribera-Hospital-de-Molina-y-Astrapace-2025.jpg\",\"keywords\":[\"Astrapace\",\"convenio\",\"Discapacidad intelectual\",\"Hospital Ribera Molina\",\"inclusi\u00f3n social\",\"pr\u00e1cticas\"],\"articleSection\":[\"Alianzas con el entorno\",\"RSC\"],\"inLanguage\":\"es\",\"potentialAction\":[{\"@type\":\"CommentAction\",\"name\":\"Comment\",\"target\":[\"https:\/\/riberasalud.com\/rsc\/2025\/02\/25\/ribera-hospital-de-molina-y-astrapace-firman-un-convenio-para-fomentar-la-inclusion-social\/#respond\"]}]},{\"@type\":\"WebPage\",\"@id\":\"https:\/\/riberasalud.com\/rsc\/2025\/02\/25\/ribera-hospital-de-molina-y-astrapace-firman-un-convenio-para-fomentar-la-inclusion-social\/\",\"url\":\"https:\/\/riberasalud.com\/rsc\/2025\/02\/25\/ribera-hospital-de-molina-y-astrapace-firman-un-convenio-para-fomentar-la-inclusion-social\/\",\"name\":\"Ribera Hospital de Molina y Astrapace firman un convenio para fomentar la inclusi\u00f3n social - RSC Grupo sanitario Ribera\",\"isPartOf\":{\"@id\":\"https:\/\/riberasalud.com\/rsc\/#website\"},\"primaryImageOfPage\":{\"@id\":\"https:\/\/riberasalud.com\/rsc\/2025\/02\/25\/ribera-hospital-de-molina-y-astrapace-firman-un-convenio-para-fomentar-la-inclusion-social\/#primaryimage\"},\"image\":{\"@id\":\"https:\/\/riberasalud.com\/rsc\/2025\/02\/25\/ribera-hospital-de-molina-y-astrapace-firman-un-convenio-para-fomentar-la-inclusion-social\/#primaryimage\"},\"thumbnailUrl\":\"https:\/\/riberasalud.com\/rsc\/wp-content\/uploads\/2025\/02\/Firma-convenio-Ribera-Hospital-de-Molina-y-Astrapace-2025.jpg\",\"datePublished\":\"2025-02-25T11:44:55+00:00\",\"dateModified\":\"2025-02-25T12:06:31+00:00\",\"description\":\"Ribera Hospital de Molina firma un convenio con Astrapace para facilitar la formaci\u00f3n pr\u00e1ctica de personas con discapacidad intelectual.\",\"breadcrumb\":{\"@id\":\"https:\/\/riberasalud.com\/rsc\/2025\/02\/25\/ribera-hospital-de-molina-y-astrapace-firman-un-convenio-para-fomentar-la-inclusion-social\/#breadcrumb\"},\"inLanguage\":\"es\",\"potentialAction\":[{\"@type\":\"ReadAction\",\"target\":[\"https:\/\/riberasalud.com\/rsc\/2025\/02\/25\/ribera-hospital-de-molina-y-astrapace-firman-un-convenio-para-fomentar-la-inclusion-social\/\"]}]},{\"@type\":\"ImageObject\",\"inLanguage\":\"es\",\"@id\":\"https:\/\/riberasalud.com\/rsc\/2025\/02\/25\/ribera-hospital-de-molina-y-astrapace-firman-un-convenio-para-fomentar-la-inclusion-social\/#primaryimage\",\"url\":\"https:\/\/riberasalud.com\/rsc\/wp-content\/uploads\/2025\/02\/Firma-convenio-Ribera-Hospital-de-Molina-y-Astrapace-2025.jpg\",\"contentUrl\":\"https:\/\/riberasalud.com\/rsc\/wp-content\/uploads\/2025\/02\/Firma-convenio-Ribera-Hospital-de-Molina-y-Astrapace-2025.jpg\",\"width\":800,\"height\":533},{\"@type\":\"BreadcrumbList\",\"@id\":\"https:\/\/riberasalud.com\/rsc\/2025\/02\/25\/ribera-hospital-de-molina-y-astrapace-firman-un-convenio-para-fomentar-la-inclusion-social\/#breadcrumb\",\"itemListElement\":[{\"@type\":\"ListItem\",\"position\":1,\"name\":\"Portada\",\"item\":\"https:\/\/riberasalud.com\/rsc\/\"},{\"@type\":\"ListItem\",\"position\":2,\"name\":\"Ribera Hospital de Molina y Astrapace firman un convenio para fomentar la inclusi\u00f3n social\"}]},{\"@type\":\"WebSite\",\"@id\":\"https:\/\/riberasalud.com\/rsc\/#website\",\"url\":\"https:\/\/riberasalud.com\/rsc\/\",\"name\":\"RSC Grupo sanitario Ribera\",\"description\":\"\",\"publisher\":{\"@id\":\"https:\/\/riberasalud.com\/rsc\/#organization\"},\"potentialAction\":[{\"@type\":\"SearchAction\",\"target\":{\"@type\":\"EntryPoint\",\"urlTemplate\":\"https:\/\/riberasalud.com\/rsc\/?s={search_term_string}\"},\"query-input\":{\"@type\":\"PropertyValueSpecification\",\"valueRequired\":true,\"valueName\":\"search_term_string\"}}],\"inLanguage\":\"es\"},{\"@type\":\"Organization\",\"@id\":\"https:\/\/riberasalud.com\/rsc\/#organization\",\"name\":\"RSC Grupo sanitario Ribera\",\"url\":\"https:\/\/riberasalud.com\/rsc\/\",\"logo\":{\"@type\":\"ImageObject\",\"inLanguage\":\"es\",\"@id\":\"https:\/\/riberasalud.com\/rsc\/#\/schema\/logo\/image\/\",\"url\":\"https:\/\/riberasalud.com\/rsc\/wp-content\/uploads\/2021\/05\/cropped-Logotipo-Red.png\",\"contentUrl\":\"https:\/\/riberasalud.com\/rsc\/wp-content\/uploads\/2021\/05\/cropped-Logotipo-Red.png\",\"width\":500,\"height\":198,\"caption\":\"RSC Grupo sanitario Ribera\"},\"image\":{\"@id\":\"https:\/\/riberasalud.com\/rsc\/#\/schema\/logo\/image\/\"}},{\"@type\":\"Person\",\"@id\":\"https:\/\/riberasalud.com\/rsc\/#\/schema\/person\/92f3d0085f274db9e077c8b17bb987e2\",\"name\":\"estefania\",\"image\":{\"@type\":\"ImageObject\",\"inLanguage\":\"es\",\"@id\":\"https:\/\/riberasalud.com\/rsc\/#\/schema\/person\/image\/\",\"url\":\"https:\/\/secure.gravatar.com\/avatar\/a85fae620a4b55e357435afcf1564a9b71ea2bace4d4b822ae94121112160aa4?s=96&d=mm&r=g\",\"contentUrl\":\"https:\/\/secure.gravatar.com\/avatar\/a85fae620a4b55e357435afcf1564a9b71ea2bace4d4b822ae94121112160aa4?s=96&d=mm&r=g\",\"caption\":\"estefania\"},\"url\":\"https:\/\/riberasalud.com\/rsc\/author\/estefania\/\"}]}<\/script>\n<!-- \/ Yoast SEO plugin. -->","yoast_head_json":{"title":"Ribera Hospital de Molina y Astrapace firman un convenio para fomentar la inclusi\u00f3n social - RSC Grupo sanitario Ribera","description":"Ribera Hospital de Molina firma un convenio con Astrapace para facilitar la formaci\u00f3n pr\u00e1ctica de personas con discapacidad intelectual.","robots":{"index":"index","follow":"follow","max-snippet":"max-snippet:-1","max-image-preview":"max-image-preview:large","max-video-preview":"max-video-preview:-1"},"canonical":"https:\/\/riberasalud.com\/rsc\/2025\/02\/25\/ribera-hospital-de-molina-y-astrapace-firman-un-convenio-para-fomentar-la-inclusion-social\/","og_locale":"es_ES","og_type":"article","og_title":"Ribera Hospital de Molina y Astrapace firman un convenio para fomentar la inclusi\u00f3n social - RSC Grupo sanitario Ribera","og_description":"Ribera Hospital de Molina firma un convenio con Astrapace para facilitar la formaci\u00f3n pr\u00e1ctica de personas con discapacidad intelectual.","og_url":"https:\/\/riberasalud.com\/rsc\/2025\/02\/25\/ribera-hospital-de-molina-y-astrapace-firman-un-convenio-para-fomentar-la-inclusion-social\/","og_site_name":"RSC Grupo sanitario Ribera","article_published_time":"2025-02-25T11:44:55+00:00","article_modified_time":"2025-02-25T12:06:31+00:00","og_image":[{"width":800,"height":533,"url":"https:\/\/riberasalud.com\/rsc\/wp-content\/uploads\/2025\/02\/Firma-convenio-Ribera-Hospital-de-Molina-y-Astrapace-2025.jpg","type":"image\/jpeg"}],"author":"estefania","twitter_card":"summary_large_image","twitter_misc":{"Escrito por":"estefania","Tiempo de lectura":"2 minutos"},"schema":{"@context":"https:\/\/schema.org","@graph":[{"@type":"Article","@id":"https:\/\/riberasalud.com\/rsc\/2025\/02\/25\/ribera-hospital-de-molina-y-astrapace-firman-un-convenio-para-fomentar-la-inclusion-social\/#article","isPartOf":{"@id":"https:\/\/riberasalud.com\/rsc\/2025\/02\/25\/ribera-hospital-de-molina-y-astrapace-firman-un-convenio-para-fomentar-la-inclusion-social\/"},"author":{"name":"estefania","@id":"https:\/\/riberasalud.com\/rsc\/#\/schema\/person\/92f3d0085f274db9e077c8b17bb987e2"},"headline":"Ribera Hospital de Molina y Astrapace firman un convenio para fomentar la inclusi\u00f3n social","datePublished":"2025-02-25T11:44:55+00:00","dateModified":"2025-02-25T12:06:31+00:00","mainEntityOfPage":{"@id":"https:\/\/riberasalud.com\/rsc\/2025\/02\/25\/ribera-hospital-de-molina-y-astrapace-firman-un-convenio-para-fomentar-la-inclusion-social\/"},"wordCount":391,"commentCount":0,"publisher":{"@id":"https:\/\/riberasalud.com\/rsc\/#organization"},"image":{"@id":"https:\/\/riberasalud.com\/rsc\/2025\/02\/25\/ribera-hospital-de-molina-y-astrapace-firman-un-convenio-para-fomentar-la-inclusion-social\/#primaryimage"},"thumbnailUrl":"https:\/\/riberasalud.com\/rsc\/wp-content\/uploads\/2025\/02\/Firma-convenio-Ribera-Hospital-de-Molina-y-Astrapace-2025.jpg","keywords":["Astrapace","convenio","Discapacidad intelectual","Hospital Ribera Molina","inclusi\u00f3n social","pr\u00e1cticas"],"articleSection":["Alianzas con el entorno","RSC"],"inLanguage":"es","potentialAction":[{"@type":"CommentAction","name":"Comment","target":["https:\/\/riberasalud.com\/rsc\/2025\/02\/25\/ribera-hospital-de-molina-y-astrapace-firman-un-convenio-para-fomentar-la-inclusion-social\/#respond"]}]},{"@type":"WebPage","@id":"https:\/\/riberasalud.com\/rsc\/2025\/02\/25\/ribera-hospital-de-molina-y-astrapace-firman-un-convenio-para-fomentar-la-inclusion-social\/","url":"https:\/\/riberasalud.com\/rsc\/2025\/02\/25\/ribera-hospital-de-molina-y-astrapace-firman-un-convenio-para-fomentar-la-inclusion-social\/","name":"Ribera Hospital de Molina y Astrapace firman un convenio para fomentar la inclusi\u00f3n social - RSC Grupo sanitario Ribera","isPartOf":{"@id":"https:\/\/riberasalud.com\/rsc\/#website"},"primaryImageOfPage":{"@id":"https:\/\/riberasalud.com\/rsc\/2025\/02\/25\/ribera-hospital-de-molina-y-astrapace-firman-un-convenio-para-fomentar-la-inclusion-social\/#primaryimage"},"image":{"@id":"https:\/\/riberasalud.com\/rsc\/2025\/02\/25\/ribera-hospital-de-molina-y-astrapace-firman-un-convenio-para-fomentar-la-inclusion-social\/#primaryimage"},"thumbnailUrl":"https:\/\/riberasalud.com\/rsc\/wp-content\/uploads\/2025\/02\/Firma-convenio-Ribera-Hospital-de-Molina-y-Astrapace-2025.jpg","datePublished":"2025-02-25T11:44:55+00:00","dateModified":"2025-02-25T12:06:31+00:00","description":"Ribera Hospital de Molina firma un convenio con Astrapace para facilitar la formaci\u00f3n pr\u00e1ctica de personas con discapacidad intelectual.","breadcrumb":{"@id":"https:\/\/riberasalud.com\/rsc\/2025\/02\/25\/ribera-hospital-de-molina-y-astrapace-firman-un-convenio-para-fomentar-la-inclusion-social\/#breadcrumb"},"inLanguage":"es","potentialAction":[{"@type":"ReadAction","target":["https:\/\/riberasalud.com\/rsc\/2025\/02\/25\/ribera-hospital-de-molina-y-astrapace-firman-un-convenio-para-fomentar-la-inclusion-social\/"]}]},{"@type":"ImageObject","inLanguage":"es","@id":"https:\/\/riberasalud.com\/rsc\/2025\/02\/25\/ribera-hospital-de-molina-y-astrapace-firman-un-convenio-para-fomentar-la-inclusion-social\/#primaryimage","url":"https:\/\/riberasalud.com\/rsc\/wp-content\/uploads\/2025\/02\/Firma-convenio-Ribera-Hospital-de-Molina-y-Astrapace-2025.jpg","contentUrl":"https:\/\/riberasalud.com\/rsc\/wp-content\/uploads\/2025\/02\/Firma-convenio-Ribera-Hospital-de-Molina-y-Astrapace-2025.jpg","width":800,"height":533},{"@type":"BreadcrumbList","@id":"https:\/\/riberasalud.com\/rsc\/2025\/02\/25\/ribera-hospital-de-molina-y-astrapace-firman-un-convenio-para-fomentar-la-inclusion-social\/#breadcrumb","itemListElement":[{"@type":"ListItem","position":1,"name":"Portada","item":"https:\/\/riberasalud.com\/rsc\/"},{"@type":"ListItem","position":2,"name":"Ribera Hospital de Molina y Astrapace firman un convenio para fomentar la inclusi\u00f3n social"}]},{"@type":"WebSite","@id":"https:\/\/riberasalud.com\/rsc\/#website","url":"https:\/\/riberasalud.com\/rsc\/","name":"RSC Grupo sanitario Ribera","description":"","publisher":{"@id":"https:\/\/riberasalud.com\/rsc\/#organization"},"potentialAction":[{"@type":"SearchAction","target":{"@type":"EntryPoint","urlTemplate":"https:\/\/riberasalud.com\/rsc\/?s={search_term_string}"},"query-input":{"@type":"PropertyValueSpecification","valueRequired":true,"valueName":"search_term_string"}}],"inLanguage":"es"},{"@type":"Organization","@id":"https:\/\/riberasalud.com\/rsc\/#organization","name":"RSC Grupo sanitario Ribera","url":"https:\/\/riberasalud.com\/rsc\/","logo":{"@type":"ImageObject","inLanguage":"es","@id":"https:\/\/riberasalud.com\/rsc\/#\/schema\/logo\/image\/","url":"https:\/\/riberasalud.com\/rsc\/wp-content\/uploads\/2021\/05\/cropped-Logotipo-Red.png","contentUrl":"https:\/\/riberasalud.com\/rsc\/wp-content\/uploads\/2021\/05\/cropped-Logotipo-Red.png","width":500,"height":198,"caption":"RSC Grupo sanitario Ribera"},"image":{"@id":"https:\/\/riberasalud.com\/rsc\/#\/schema\/logo\/image\/"}},{"@type":"Person","@id":"https:\/\/riberasalud.com\/rsc\/#\/schema\/person\/92f3d0085f274db9e077c8b17bb987e2","name":"estefania","image":{"@type":"ImageObject","inLanguage":"es","@id":"https:\/\/riberasalud.com\/rsc\/#\/schema\/person\/image\/","url":"https:\/\/secure.gravatar.com\/avatar\/a85fae620a4b55e357435afcf1564a9b71ea2bace4d4b822ae94121112160aa4?s=96&d=mm&r=g","contentUrl":"https:\/\/secure.gravatar.com\/avatar\/a85fae620a4b55e357435afcf1564a9b71ea2bace4d4b822ae94121112160aa4?s=96&d=mm&r=g","caption":"estefania"},"url":"https:\/\/riberasalud.com\/rsc\/author\/estefania\/"}]}},"author_meta":{"display_name":"estefania","author_link":"https:\/\/riberasalud.com\/rsc\/author\/estefania\/"},"featured_img":"https:\/\/riberasalud.com\/rsc\/wp-content\/uploads\/2025\/02\/Firma-convenio-Ribera-Hospital-de-Molina-y-Astrapace-2025-300x200.jpg","pbg_featured_image_src":{"full":["https:\/\/riberasalud.com\/rsc\/wp-content\/uploads\/2025\/02\/Firma-convenio-Ribera-Hospital-de-Molina-y-Astrapace-2025.jpg",800,533,false],"thumbnail":["https:\/\/riberasalud.com\/rsc\/wp-content\/uploads\/2025\/02\/Firma-convenio-Ribera-Hospital-de-Molina-y-Astrapace-2025-150x150.jpg",150,150,true],"medium":["https:\/\/riberasalud.com\/rsc\/wp-content\/uploads\/2025\/02\/Firma-convenio-Ribera-Hospital-de-Molina-y-Astrapace-2025-300x200.jpg",300,200,true],"medium_large":["https:\/\/riberasalud.com\/rsc\/wp-content\/uploads\/2025\/02\/Firma-convenio-Ribera-Hospital-de-Molina-y-Astrapace-2025-768x512.jpg",768,512,true],"large":["https:\/\/riberasalud.com\/rsc\/wp-content\/uploads\/2025\/02\/Firma-convenio-Ribera-Hospital-de-Molina-y-Astrapace-2025.jpg",800,533,false],"xl":["https:\/\/riberasalud.com\/rsc\/wp-content\/uploads\/2025\/02\/Firma-convenio-Ribera-Hospital-de-Molina-y-Astrapace-2025.jpg",800,533,false],"xxl":["https:\/\/riberasalud.com\/rsc\/wp-content\/uploads\/2025\/02\/Firma-convenio-Ribera-Hospital-de-Molina-y-Astrapace-2025.jpg",800,533,false],"xxxl":["https:\/\/riberasalud.com\/rsc\/wp-content\/uploads\/2025\/02\/Firma-convenio-Ribera-Hospital-de-Molina-y-Astrapace-2025.jpg",800,533,false],"xxxxl":["https:\/\/riberasalud.com\/rsc\/wp-content\/uploads\/2025\/02\/Firma-convenio-Ribera-Hospital-de-Molina-y-Astrapace-2025.jpg",800,533,false],"xxxxxl":["https:\/\/riberasalud.com\/rsc\/wp-content\/uploads\/2025\/02\/Firma-convenio-Ribera-Hospital-de-Molina-y-Astrapace-2025.jpg",800,533,false],"1536x1536":["https:\/\/riberasalud.com\/rsc\/wp-content\/uploads\/2025\/02\/Firma-convenio-Ribera-Hospital-de-Molina-y-Astrapace-2025.jpg",800,533,false],"2048x2048":["https:\/\/riberasalud.com\/rsc\/wp-content\/uploads\/2025\/02\/Firma-convenio-Ribera-Hospital-de-Molina-y-Astrapace-2025.jpg",800,533,false]},"pbg_author_info":{"display_name":"estefania","author_link":"https:\/\/riberasalud.com\/rsc\/author\/estefania\/","author_img":"<img alt='estefania' src='https:\/\/secure.gravatar.com\/avatar\/a85fae620a4b55e357435afcf1564a9b71ea2bace4d4b822ae94121112160aa4?s=128&#038;d=mm&#038;r=g' srcset='https:\/\/secure.gravatar.com\/avatar\/a85fae620a4b55e357435afcf1564a9b71ea2bace4d4b822ae94121112160aa4?s=256&#038;d=mm&#038;r=g 2x' class='avatar avatar-128 photo' height='128' width='128' loading='lazy' decoding='async'\/>"},"pbg_comment_info":" No Comments","pbg_excerpt":"Ribera Hospital de Molina firma un convenio con Astrapace para facilitar la formaci\u00f3n pr\u00e1ctica de personas con discapacidad intelectual, con el fin de favorecer sus futuras incorporaciones al mundo profesional. La iniciativa se enmarca en el Plan de Diversidad Funcional y la pol\u00edtica Responsabilidad Social Corporativa (RSC) del grupo sanitario Ribera, que favorece el empleo&hellip;","uagb_featured_image_src":{"full":["https:\/\/riberasalud.com\/rsc\/wp-content\/uploads\/2025\/02\/Firma-convenio-Ribera-Hospital-de-Molina-y-Astrapace-2025.jpg",800,533,false],"thumbnail":["https:\/\/riberasalud.com\/rsc\/wp-content\/uploads\/2025\/02\/Firma-convenio-Ribera-Hospital-de-Molina-y-Astrapace-2025-150x150.jpg",150,150,true],"medium":["https:\/\/riberasalud.com\/rsc\/wp-content\/uploads\/2025\/02\/Firma-convenio-Ribera-Hospital-de-Molina-y-Astrapace-2025-300x200.jpg",300,200,true],"medium_large":["https:\/\/riberasalud.com\/rsc\/wp-content\/uploads\/2025\/02\/Firma-convenio-Ribera-Hospital-de-Molina-y-Astrapace-2025-768x512.jpg",768,512,true],"large":["https:\/\/riberasalud.com\/rsc\/wp-content\/uploads\/2025\/02\/Firma-convenio-Ribera-Hospital-de-Molina-y-Astrapace-2025.jpg",800,533,false],"xl":["https:\/\/riberasalud.com\/rsc\/wp-content\/uploads\/2025\/02\/Firma-convenio-Ribera-Hospital-de-Molina-y-Astrapace-2025.jpg",800,533,false],"xxl":["https:\/\/riberasalud.com\/rsc\/wp-content\/uploads\/2025\/02\/Firma-convenio-Ribera-Hospital-de-Molina-y-Astrapace-2025.jpg",800,533,false],"xxxl":["https:\/\/riberasalud.com\/rsc\/wp-content\/uploads\/2025\/02\/Firma-convenio-Ribera-Hospital-de-Molina-y-Astrapace-2025.jpg",800,533,false],"xxxxl":["https:\/\/riberasalud.com\/rsc\/wp-content\/uploads\/2025\/02\/Firma-convenio-Ribera-Hospital-de-Molina-y-Astrapace-2025.jpg",800,533,false],"xxxxxl":["https:\/\/riberasalud.com\/rsc\/wp-content\/uploads\/2025\/02\/Firma-convenio-Ribera-Hospital-de-Molina-y-Astrapace-2025.jpg",800,533,false],"1536x1536":["https:\/\/riberasalud.com\/rsc\/wp-content\/uploads\/2025\/02\/Firma-convenio-Ribera-Hospital-de-Molina-y-Astrapace-2025.jpg",800,533,false],"2048x2048":["https:\/\/riberasalud.com\/rsc\/wp-content\/uploads\/2025\/02\/Firma-convenio-Ribera-Hospital-de-Molina-y-Astrapace-2025.jpg",800,533,false]},"uagb_author_info":{"display_name":"estefania","author_link":"https:\/\/riberasalud.com\/rsc\/author\/estefania\/"},"uagb_comment_info":0,"uagb_excerpt":"Ribera Hospital de Molina firma un convenio con Astrapace para facilitar la formaci\u00f3n pr\u00e1ctica de personas con discapacidad intelectual, con el fin de favorecer sus futuras incorporaciones al mundo profesional. La iniciativa se enmarca en el Plan de Diversidad Funcional y la pol\u00edtica Responsabilidad Social Corporativa (RSC) del grupo sanitario Ribera, que favorece el empleo&hellip;","coauthors":[],"tax_additional":{"categories":{"linked":["<a href=\"https:\/\/riberasalud.com\/rsc\/category\/alianzas-con-el-entorno\/\" class=\"advgb-post-tax-term\">Alianzas con el entorno<\/a>","<a href=\"https:\/\/riberasalud.com\/rsc\/category\/rsc\/\" class=\"advgb-post-tax-term\">RSC<\/a>"],"unlinked":["<span class=\"advgb-post-tax-term\">Alianzas con el entorno<\/span>","<span class=\"advgb-post-tax-term\">RSC<\/span>"]},"tags":{"linked":["<a href=\"https:\/\/riberasalud.com\/rsc\/category\/rsc\/\" class=\"advgb-post-tax-term\">Astrapace<\/a>","<a href=\"https:\/\/riberasalud.com\/rsc\/category\/rsc\/\" class=\"advgb-post-tax-term\">convenio<\/a>","<a href=\"https:\/\/riberasalud.com\/rsc\/category\/rsc\/\" class=\"advgb-post-tax-term\">Discapacidad intelectual<\/a>","<a href=\"https:\/\/riberasalud.com\/rsc\/category\/rsc\/\" class=\"advgb-post-tax-term\">Hospital Ribera Molina<\/a>","<a href=\"https:\/\/riberasalud.com\/rsc\/category\/rsc\/\" class=\"advgb-post-tax-term\">inclusi\u00f3n social<\/a>","<a href=\"https:\/\/riberasalud.com\/rsc\/category\/rsc\/\" class=\"advgb-post-tax-term\">pr\u00e1cticas<\/a>"],"unlinked":["<span class=\"advgb-post-tax-term\">Astrapace<\/span>","<span class=\"advgb-post-tax-term\">convenio<\/span>","<span class=\"advgb-post-tax-term\">Discapacidad intelectual<\/span>","<span class=\"advgb-post-tax-term\">Hospital Ribera Molina<\/span>","<span class=\"advgb-post-tax-term\">inclusi\u00f3n social<\/span>","<span class=\"advgb-post-tax-term\">pr\u00e1cticas<\/span>"]}},"comment_count":"0","relative_dates":{"created":"Publicado 1 a\u00f1o hace","modified":"Actualizado 1 a\u00f1o hace"},"absolute_dates":{"created":"Publicado el 25 de febrero de 2025","modified":"Actualizado el 25 de febrero de 2025"},"absolute_dates_time":{"created":"Publicado el 25 de febrero de 2025 11:44","modified":"Actualizado el 25 de febrero de 2025 12:06"},"featured_img_caption":"","series_order":"","_links":{"self":[{"href":"https:\/\/riberasalud.com\/rsc\/wp-json\/wp\/v2\/posts\/4387","targetHints":{"allow":["GET"]}}],"collection":[{"href":"https:\/\/riberasalud.com\/rsc\/wp-json\/wp\/v2\/posts"}],"about":[{"href":"https:\/\/riberasalud.com\/rsc\/wp-json\/wp\/v2\/types\/post"}],"author":[{"embeddable":true,"href":"https:\/\/riberasalud.com\/rsc\/wp-json\/wp\/v2\/users\/4"}],"replies":[{"embeddable":true,"href":"https:\/\/riberasalud.com\/rsc\/wp-json\/wp\/v2\/comments?post=4387"}],"version-history":[{"count":3,"href":"https:\/\/riberasalud.com\/rsc\/wp-json\/wp\/v2\/posts\/4387\/revisions"}],"predecessor-version":[{"id":4393,"href":"https:\/\/riberasalud.com\/rsc\/wp-json\/wp\/v2\/posts\/4387\/revisions\/4393"}],"wp:featuredmedia":[{"embeddable":true,"href":"https:\/\/riberasalud.com\/rsc\/wp-json\/wp\/v2\/media\/4390"}],"wp:attachment":[{"href":"https:\/\/riberasalud.com\/rsc\/wp-json\/wp\/v2\/media?parent=4387"}],"wp:term":[{"taxonomy":"category","embeddable":true,"href":"https:\/\/riberasalud.com\/rsc\/wp-json\/wp\/v2\/categories?post=4387"},{"taxonomy":"post_tag","embeddable":true,"href":"https:\/\/riberasalud.com\/rsc\/wp-json\/wp\/v2\/tags?post=4387"}],"curies":[{"name":"wp","href":"https:\/\/api.w.org\/{rel}","templated":true}]}}