{"id":4360,"date":"2025-01-31T12:16:11","date_gmt":"2025-01-31T12:16:11","guid":{"rendered":"https:\/\/riberasalud.com\/rsc\/?p=4360"},"modified":"2025-01-31T12:17:47","modified_gmt":"2025-01-31T12:17:47","slug":"ribera-primer-grupo-sanitario-de-espana-que-adapta-sus-centros-sanitarios-para-hacerlos-accesibles-a-daltonicos","status":"publish","type":"post","link":"https:\/\/riberasalud.com\/rsc\/2025\/01\/31\/ribera-primer-grupo-sanitario-de-espana-que-adapta-sus-centros-sanitarios-para-hacerlos-accesibles-a-daltonicos\/","title":{"rendered":"Ribera, primer grupo sanitario de Espa\u00f1a que adapta sus centros sanitarios para hacerlos accesibles a dalt\u00f3nicos"},"content":{"rendered":"\n<ul class=\"wp-block-list\"><li>Implanta en sus hospitales universitarios de Torrej\u00f3n y Vinalop\u00f3 y en Ribera Povisa el sistema de identificaci\u00f3n del Color ColorADD, un lenguaje \u00fanico, universal e inclusivo, que extender\u00e1 al resto de sus centros sanitarios en 2025<\/li><li>En\u00a0Espa\u00f1a\u00a0hay\u00a02,5\u00a0millones\u00a0de\u00a0personas\u00a0dalt\u00f3nicas\u00a0y\u00a0350\u00a0millones\u00a0en\u00a0el\u00a0mundo. Es\u00a0una alteraci\u00f3n\u00a0de\u00a0origen\u00a0gen\u00e9tico\u00a0que\u00a0afecta\u00a0al\u00a010%\u00a0de\u00a0los\u00a0hombres\u00a0y\u00a0el\u00a01% de las mujeres, y que afecta a la capacidad de distinguir colores<\/li><\/ul>\n\n\n\n<p><a href=\"https:\/\/www.riberasalud.com\/\">Ribera<\/a>\u00a0es ya el primer grupo sanitario de Espa\u00f1a que ha adaptado la informaci\u00f3n y carteler\u00eda de sus hospitales para ser totalmente accesible a personas dalt\u00f3nicas. En la actualidad, sus hospitales universitarios de\u00a0<a href=\"https:\/\/www.hospitaldetorrejon.es\/\">Torrej\u00f3n<\/a>\u00a0(Madrid) y <a href=\"https:\/\/www.vinaloposalud.com\/\">Vinalop\u00f3<\/a>\u00a0(Elche) y el hospital\u00a0<a href=\"https:\/\/riberasalud.com\/povisa\/\">Ribera Povisa<\/a>\u00a0(Vigo) han implantado ya el sistema de identificaci\u00f3n del color\u00a0<a href=\"https:\/\/www.coloradd.net\/es\">ColorADD<\/a>, un lenguaje \u00fanico, universal e inclusivo que tiene intenci\u00f3n de extender al resto de sus centros sanitarios a lo largo de 2025, en el contexto de su Plan de Diversidad\u00a0Funcional.<\/p>\n\n\n\n<p>Tambi\u00e9n conocido como el \u201calfabeto del color\u201d, el c\u00f3digo ColorADD aporta un vocabulario visual a las personas dalt\u00f3nicas, que permite la identificaci\u00f3n de los colores, al tiempo que ayuda a la sociedad a ser m\u00e1s consciente de los matices asociados a condiciones como el daltonismmo, que no son visibles sino puramente sensoriales.&nbsp;En&nbsp;este&nbsp;sentido,&nbsp;desde&nbsp;el&nbsp;grupoRibera&nbsp;hemos&nbsp;apostado&nbsp;por&nbsp;una&nbsp;plantilla adaptada para comunicar esta nueva acci\u00f3n enmarcada en nuestro Plan de Diversidad Funcional, que nos permite dar un paso adelante en la accesibilidad universal a la que aspiramos para todos los pacientes de los hospitales del grupo.<\/p>\n\n\n\n<p>El&nbsp;color&nbsp;se&nbsp;ha&nbsp;convertido&nbsp;en&nbsp;un&nbsp;elemento&nbsp;importante&nbsp;a&nbsp;la&nbsp;hora&nbsp;de&nbsp;comunicar&nbsp;y&nbsp;transmitir informaci\u00f3n. En el caso de los hospitales, por ejemplo, la se\u00f1al\u00e9tica, los itinerarios para los pacientes y otras herramientas utilizan el lenguaje del color para facilitar la estancia y atenci\u00f3n a los usuarios. Ahora, todos esos elementos ser\u00e1n accesibles tambi\u00e9n para las personas dalt\u00f3nicas.<\/p>\n\n\n\n<p>Hasta la adaptaci\u00f3n de los tres primeros hospitales del grupo Ribera, el \u00fanico centro sanitario totalmente accesible a personas dalt\u00f3nicas en Espa\u00f1a era el Sant Pau i Santa Creu (Barcelona). La implantaci\u00f3n de ColorADD en todos sus centros sanitarios confirma el compromiso del grupo sanitario Ribera con la inclusi\u00f3n de todos colectivos con diversidad funcional cognitiva, sensorial, f\u00edsica o psicol\u00f3gica.<\/p>\n\n\n\n<p>Con un lenguaje sencillo e integrable en los m\u00e1s diversos \u00e1mbitos y sectores, ColorADD est\u00e1 presente en 90 pa\u00edses de todo el mundo. Desde la sanidad a los juegos de sociedad, pasando por el transporte p\u00fablico, los estadios de f\u00fatbol, la ropa o las banderas de playa. En Espa\u00f1a, colegios, institutos, juegos sociales, playas y ayuntamientos ya han implantado este c\u00f3digo, que el grupo sanitario Ribera ha implantado ya en cuatro de sus hospitales y que extender\u00e1 al resto de sus centros sanitarios a lo largo de 2025.<\/p>\n","protected":false},"excerpt":{"rendered":"<p>Implanta en sus hospitales universitarios de Torrej\u00f3n y Vinalop\u00f3 y en Ribera Povisa el sistema de identificaci\u00f3n del Color ColorADD, un lenguaje \u00fanico, universal e inclusivo, que extender\u00e1 al resto de sus centros sanitarios en 2025 En\u00a0Espa\u00f1a\u00a0hay\u00a02,5\u00a0millones\u00a0de\u00a0personas\u00a0dalt\u00f3nicas\u00a0y\u00a0350\u00a0millones\u00a0en\u00a0el\u00a0mundo. Es\u00a0una alteraci\u00f3n\u00a0de\u00a0origen\u00a0gen\u00e9tico\u00a0que\u00a0afecta\u00a0al\u00a010%\u00a0de\u00a0los\u00a0hombres\u00a0y\u00a0el\u00a01% de las mujeres, y que afecta a la capacidad de distinguir colores Ribera\u00a0es ya el primer &#8230; <a title=\"Ribera, primer grupo sanitario de Espa\u00f1a que adapta sus centros sanitarios para hacerlos accesibles a dalt\u00f3nicos\" class=\"read-more\" href=\"https:\/\/riberasalud.com\/rsc\/2025\/01\/31\/ribera-primer-grupo-sanitario-de-espana-que-adapta-sus-centros-sanitarios-para-hacerlos-accesibles-a-daltonicos\/\" aria-label=\"Leer m\u00e1s sobre Ribera, primer grupo sanitario de Espa\u00f1a que adapta sus centros sanitarios para hacerlos accesibles a dalt\u00f3nicos\">Leer m\u00e1s<\/a><\/p>\n","protected":false},"author":2,"featured_media":4361,"comment_status":"open","ping_status":"open","sticky":false,"template":"","format":"standard","meta":{"_editorskit_title_hidden":false,"_editorskit_reading_time":2,"_editorskit_is_block_options_detached":false,"_editorskit_block_options_position":"{}","_coblocks_attr":"","_coblocks_dimensions":"","_coblocks_responsive_height":"","_coblocks_accordion_ie_support":"","_uag_custom_page_level_css":"","advgb_blocks_editor_width":"","advgb_blocks_columns_visual_guide":"","_monsterinsights_skip_tracking":false,"_monsterinsights_sitenote_active":false,"_monsterinsights_sitenote_note":"","_monsterinsights_sitenote_category":0,"footnotes":""},"categories":[207,205],"tags":[603,604,605],"class_list":["post-4360","post","type-post","status-publish","format-standard","has-post-thumbnail","hentry","category-alianzas-con-el-entorno","category-humanizacion","tag-accesible","tag-centros","tag-daltonismo"],"featured_image_urls_v2":{"full":["https:\/\/riberasalud.com\/rsc\/wp-content\/uploads\/2025\/01\/ColorADD_Ribera-Povisa_1.jpg",800,533,false],"thumbnail":["https:\/\/riberasalud.com\/rsc\/wp-content\/uploads\/2025\/01\/ColorADD_Ribera-Povisa_1-150x150.jpg",150,150,true],"medium":["https:\/\/riberasalud.com\/rsc\/wp-content\/uploads\/2025\/01\/ColorADD_Ribera-Povisa_1-300x200.jpg",300,200,true],"medium_large":["https:\/\/riberasalud.com\/rsc\/wp-content\/uploads\/2025\/01\/ColorADD_Ribera-Povisa_1-768x512.jpg",768,512,true],"large":["https:\/\/riberasalud.com\/rsc\/wp-content\/uploads\/2025\/01\/ColorADD_Ribera-Povisa_1.jpg",800,533,false],"xl":["https:\/\/riberasalud.com\/rsc\/wp-content\/uploads\/2025\/01\/ColorADD_Ribera-Povisa_1.jpg",800,533,false],"xxl":["https:\/\/riberasalud.com\/rsc\/wp-content\/uploads\/2025\/01\/ColorADD_Ribera-Povisa_1.jpg",800,533,false],"xxxl":["https:\/\/riberasalud.com\/rsc\/wp-content\/uploads\/2025\/01\/ColorADD_Ribera-Povisa_1.jpg",800,533,false],"xxxxl":["https:\/\/riberasalud.com\/rsc\/wp-content\/uploads\/2025\/01\/ColorADD_Ribera-Povisa_1.jpg",800,533,false],"xxxxxl":["https:\/\/riberasalud.com\/rsc\/wp-content\/uploads\/2025\/01\/ColorADD_Ribera-Povisa_1.jpg",800,533,false],"1536x1536":["https:\/\/riberasalud.com\/rsc\/wp-content\/uploads\/2025\/01\/ColorADD_Ribera-Povisa_1.jpg",800,533,false],"2048x2048":["https:\/\/riberasalud.com\/rsc\/wp-content\/uploads\/2025\/01\/ColorADD_Ribera-Povisa_1.jpg",800,533,false]},"post_excerpt_stackable_v2":"<p>Implanta en sus hospitales universitarios de Torrej\u00f3n y Vinalop\u00f3 y en Ribera Povisa el sistema de identificaci\u00f3n del Color ColorADD, un lenguaje \u00fanico, universal e inclusivo, que extender\u00e1 al resto de sus centros sanitarios en 2025En\u00a0Espa\u00f1a\u00a0hay\u00a02,5\u00a0millones\u00a0de\u00a0personas\u00a0dalt\u00f3nicas\u00a0y\u00a0350\u00a0millones\u00a0en\u00a0el\u00a0mundo. Es\u00a0una alteraci\u00f3n\u00a0de\u00a0origen\u00a0gen\u00e9tico\u00a0que\u00a0afecta\u00a0al\u00a010%\u00a0de\u00a0los\u00a0hombres\u00a0y\u00a0el\u00a01% de las mujeres, y que afecta a la capacidad de distinguir colores Ribera\u00a0es ya el primer grupo sanitario de Espa\u00f1a que ha adaptado la informaci\u00f3n y carteler\u00eda de sus hospitales para ser totalmente accesible a personas dalt\u00f3nicas. En la actualidad, sus hospitales universitarios de\u00a0Torrej\u00f3n\u00a0(Madrid) y Vinalop\u00f3\u00a0(Elche) y el hospital\u00a0Ribera Povisa\u00a0(Vigo) han implantado ya el sistema de identificaci\u00f3n del color\u00a0ColorADD, un lenguaje \u00fanico,&hellip;<\/p>\n","category_list_v2":"<a href=\"https:\/\/riberasalud.com\/rsc\/category\/alianzas-con-el-entorno\/\" rel=\"category tag\">Alianzas con el entorno<\/a>, <a href=\"https:\/\/riberasalud.com\/rsc\/category\/humanizacion\/\" rel=\"category tag\">Humanizaci\u00f3n<\/a>","author_info_v2":{"name":"Mar Sanchez","url":"https:\/\/riberasalud.com\/rsc\/author\/msotoriberasalud-es\/"},"comments_num_v2":"0 comentarios","yoast_head":"<!-- This site is optimized with the Yoast SEO plugin v26.6 - https:\/\/yoast.com\/wordpress\/plugins\/seo\/ -->\n<title>Ribera, primer grupo sanitario de Espa\u00f1a que adapta sus centros sanitarios para hacerlos accesibles a dalt\u00f3nicos - RSC Grupo sanitario Ribera<\/title>\n<meta name=\"description\" content=\"Implanta en sus hospitales universitarios de Torrej\u00f3n y Vinalop\u00f3 y en Ribera Povisa el sistema de identificaci\u00f3n del Color ColorADD, un lenguaje \u00fanico, universal e inclusivo, que extender\u00e1 al resto de sus centros sanitarios en 2025\" \/>\n<meta name=\"robots\" content=\"index, follow, max-snippet:-1, max-image-preview:large, max-video-preview:-1\" \/>\n<link rel=\"canonical\" href=\"https:\/\/riberasalud.com\/rsc\/2025\/01\/31\/ribera-primer-grupo-sanitario-de-espana-que-adapta-sus-centros-sanitarios-para-hacerlos-accesibles-a-daltonicos\/\" \/>\n<meta property=\"og:locale\" content=\"es_ES\" \/>\n<meta property=\"og:type\" content=\"article\" \/>\n<meta property=\"og:title\" content=\"Ribera, primer grupo sanitario de Espa\u00f1a que adapta sus centros sanitarios para hacerlos accesibles a dalt\u00f3nicos - RSC Grupo sanitario Ribera\" \/>\n<meta property=\"og:description\" content=\"Implanta en sus hospitales universitarios de Torrej\u00f3n y Vinalop\u00f3 y en Ribera Povisa el sistema de identificaci\u00f3n del Color ColorADD, un lenguaje \u00fanico, universal e inclusivo, que extender\u00e1 al resto de sus centros sanitarios en 2025\" \/>\n<meta property=\"og:url\" content=\"https:\/\/riberasalud.com\/rsc\/2025\/01\/31\/ribera-primer-grupo-sanitario-de-espana-que-adapta-sus-centros-sanitarios-para-hacerlos-accesibles-a-daltonicos\/\" \/>\n<meta property=\"og:site_name\" content=\"RSC Grupo sanitario Ribera\" \/>\n<meta property=\"article:published_time\" content=\"2025-01-31T12:16:11+00:00\" \/>\n<meta property=\"article:modified_time\" content=\"2025-01-31T12:17:47+00:00\" \/>\n<meta property=\"og:image\" content=\"https:\/\/riberasalud.com\/rsc\/wp-content\/uploads\/2025\/01\/ColorADD_Ribera-Povisa_1.jpg\" \/>\n\t<meta property=\"og:image:width\" content=\"800\" \/>\n\t<meta property=\"og:image:height\" content=\"533\" \/>\n\t<meta property=\"og:image:type\" content=\"image\/jpeg\" \/>\n<meta name=\"author\" content=\"Mar Sanchez\" \/>\n<meta name=\"twitter:card\" content=\"summary_large_image\" \/>\n<meta name=\"twitter:label1\" content=\"Escrito por\" \/>\n\t<meta name=\"twitter:data1\" content=\"Mar Sanchez\" \/>\n\t<meta name=\"twitter:label2\" content=\"Tiempo de lectura\" \/>\n\t<meta name=\"twitter:data2\" content=\"3 minutos\" \/>\n<script type=\"application\/ld+json\" class=\"yoast-schema-graph\">{\"@context\":\"https:\/\/schema.org\",\"@graph\":[{\"@type\":\"Article\",\"@id\":\"https:\/\/riberasalud.com\/rsc\/2025\/01\/31\/ribera-primer-grupo-sanitario-de-espana-que-adapta-sus-centros-sanitarios-para-hacerlos-accesibles-a-daltonicos\/#article\",\"isPartOf\":{\"@id\":\"https:\/\/riberasalud.com\/rsc\/2025\/01\/31\/ribera-primer-grupo-sanitario-de-espana-que-adapta-sus-centros-sanitarios-para-hacerlos-accesibles-a-daltonicos\/\"},\"author\":{\"name\":\"Mar Sanchez\",\"@id\":\"https:\/\/riberasalud.com\/rsc\/#\/schema\/person\/11c4e77d56d084661ced188afcae969f\"},\"headline\":\"Ribera, primer grupo sanitario de Espa\u00f1a que adapta sus centros sanitarios para hacerlos accesibles a dalt\u00f3nicos\",\"datePublished\":\"2025-01-31T12:16:11+00:00\",\"dateModified\":\"2025-01-31T12:17:47+00:00\",\"mainEntityOfPage\":{\"@id\":\"https:\/\/riberasalud.com\/rsc\/2025\/01\/31\/ribera-primer-grupo-sanitario-de-espana-que-adapta-sus-centros-sanitarios-para-hacerlos-accesibles-a-daltonicos\/\"},\"wordCount\":546,\"commentCount\":0,\"publisher\":{\"@id\":\"https:\/\/riberasalud.com\/rsc\/#organization\"},\"image\":{\"@id\":\"https:\/\/riberasalud.com\/rsc\/2025\/01\/31\/ribera-primer-grupo-sanitario-de-espana-que-adapta-sus-centros-sanitarios-para-hacerlos-accesibles-a-daltonicos\/#primaryimage\"},\"thumbnailUrl\":\"https:\/\/riberasalud.com\/rsc\/wp-content\/uploads\/2025\/01\/ColorADD_Ribera-Povisa_1.jpg\",\"keywords\":[\"accesible\",\"centros\",\"daltonismo\"],\"articleSection\":[\"Alianzas con el entorno\",\"Humanizaci\u00f3n\"],\"inLanguage\":\"es\",\"potentialAction\":[{\"@type\":\"CommentAction\",\"name\":\"Comment\",\"target\":[\"https:\/\/riberasalud.com\/rsc\/2025\/01\/31\/ribera-primer-grupo-sanitario-de-espana-que-adapta-sus-centros-sanitarios-para-hacerlos-accesibles-a-daltonicos\/#respond\"]}]},{\"@type\":\"WebPage\",\"@id\":\"https:\/\/riberasalud.com\/rsc\/2025\/01\/31\/ribera-primer-grupo-sanitario-de-espana-que-adapta-sus-centros-sanitarios-para-hacerlos-accesibles-a-daltonicos\/\",\"url\":\"https:\/\/riberasalud.com\/rsc\/2025\/01\/31\/ribera-primer-grupo-sanitario-de-espana-que-adapta-sus-centros-sanitarios-para-hacerlos-accesibles-a-daltonicos\/\",\"name\":\"Ribera, primer grupo sanitario de Espa\u00f1a que adapta sus centros sanitarios para hacerlos accesibles a dalt\u00f3nicos - RSC Grupo sanitario Ribera\",\"isPartOf\":{\"@id\":\"https:\/\/riberasalud.com\/rsc\/#website\"},\"primaryImageOfPage\":{\"@id\":\"https:\/\/riberasalud.com\/rsc\/2025\/01\/31\/ribera-primer-grupo-sanitario-de-espana-que-adapta-sus-centros-sanitarios-para-hacerlos-accesibles-a-daltonicos\/#primaryimage\"},\"image\":{\"@id\":\"https:\/\/riberasalud.com\/rsc\/2025\/01\/31\/ribera-primer-grupo-sanitario-de-espana-que-adapta-sus-centros-sanitarios-para-hacerlos-accesibles-a-daltonicos\/#primaryimage\"},\"thumbnailUrl\":\"https:\/\/riberasalud.com\/rsc\/wp-content\/uploads\/2025\/01\/ColorADD_Ribera-Povisa_1.jpg\",\"datePublished\":\"2025-01-31T12:16:11+00:00\",\"dateModified\":\"2025-01-31T12:17:47+00:00\",\"description\":\"Implanta en sus hospitales universitarios de Torrej\u00f3n y Vinalop\u00f3 y en Ribera Povisa el sistema de identificaci\u00f3n del Color ColorADD, un lenguaje \u00fanico, universal e inclusivo, que extender\u00e1 al resto de sus centros sanitarios en 2025\",\"breadcrumb\":{\"@id\":\"https:\/\/riberasalud.com\/rsc\/2025\/01\/31\/ribera-primer-grupo-sanitario-de-espana-que-adapta-sus-centros-sanitarios-para-hacerlos-accesibles-a-daltonicos\/#breadcrumb\"},\"inLanguage\":\"es\",\"potentialAction\":[{\"@type\":\"ReadAction\",\"target\":[\"https:\/\/riberasalud.com\/rsc\/2025\/01\/31\/ribera-primer-grupo-sanitario-de-espana-que-adapta-sus-centros-sanitarios-para-hacerlos-accesibles-a-daltonicos\/\"]}]},{\"@type\":\"ImageObject\",\"inLanguage\":\"es\",\"@id\":\"https:\/\/riberasalud.com\/rsc\/2025\/01\/31\/ribera-primer-grupo-sanitario-de-espana-que-adapta-sus-centros-sanitarios-para-hacerlos-accesibles-a-daltonicos\/#primaryimage\",\"url\":\"https:\/\/riberasalud.com\/rsc\/wp-content\/uploads\/2025\/01\/ColorADD_Ribera-Povisa_1.jpg\",\"contentUrl\":\"https:\/\/riberasalud.com\/rsc\/wp-content\/uploads\/2025\/01\/ColorADD_Ribera-Povisa_1.jpg\",\"width\":800,\"height\":533,\"caption\":\"Color ADD\"},{\"@type\":\"BreadcrumbList\",\"@id\":\"https:\/\/riberasalud.com\/rsc\/2025\/01\/31\/ribera-primer-grupo-sanitario-de-espana-que-adapta-sus-centros-sanitarios-para-hacerlos-accesibles-a-daltonicos\/#breadcrumb\",\"itemListElement\":[{\"@type\":\"ListItem\",\"position\":1,\"name\":\"Portada\",\"item\":\"https:\/\/riberasalud.com\/rsc\/\"},{\"@type\":\"ListItem\",\"position\":2,\"name\":\"Ribera, primer grupo sanitario de Espa\u00f1a que adapta sus centros sanitarios para hacerlos accesibles a dalt\u00f3nicos\"}]},{\"@type\":\"WebSite\",\"@id\":\"https:\/\/riberasalud.com\/rsc\/#website\",\"url\":\"https:\/\/riberasalud.com\/rsc\/\",\"name\":\"RSC Grupo sanitario Ribera\",\"description\":\"\",\"publisher\":{\"@id\":\"https:\/\/riberasalud.com\/rsc\/#organization\"},\"potentialAction\":[{\"@type\":\"SearchAction\",\"target\":{\"@type\":\"EntryPoint\",\"urlTemplate\":\"https:\/\/riberasalud.com\/rsc\/?s={search_term_string}\"},\"query-input\":{\"@type\":\"PropertyValueSpecification\",\"valueRequired\":true,\"valueName\":\"search_term_string\"}}],\"inLanguage\":\"es\"},{\"@type\":\"Organization\",\"@id\":\"https:\/\/riberasalud.com\/rsc\/#organization\",\"name\":\"RSC Grupo sanitario Ribera\",\"url\":\"https:\/\/riberasalud.com\/rsc\/\",\"logo\":{\"@type\":\"ImageObject\",\"inLanguage\":\"es\",\"@id\":\"https:\/\/riberasalud.com\/rsc\/#\/schema\/logo\/image\/\",\"url\":\"https:\/\/riberasalud.com\/rsc\/wp-content\/uploads\/2021\/05\/cropped-Logotipo-Red.png\",\"contentUrl\":\"https:\/\/riberasalud.com\/rsc\/wp-content\/uploads\/2021\/05\/cropped-Logotipo-Red.png\",\"width\":500,\"height\":198,\"caption\":\"RSC Grupo sanitario Ribera\"},\"image\":{\"@id\":\"https:\/\/riberasalud.com\/rsc\/#\/schema\/logo\/image\/\"}},{\"@type\":\"Person\",\"@id\":\"https:\/\/riberasalud.com\/rsc\/#\/schema\/person\/11c4e77d56d084661ced188afcae969f\",\"name\":\"Mar Sanchez\",\"image\":{\"@type\":\"ImageObject\",\"inLanguage\":\"es\",\"@id\":\"https:\/\/riberasalud.com\/rsc\/#\/schema\/person\/image\/\",\"url\":\"https:\/\/secure.gravatar.com\/avatar\/5fc005413aafe0a1f7d81747fac73740246ee36e4fad7f56eb325711b6c9f209?s=96&d=mm&r=g\",\"contentUrl\":\"https:\/\/secure.gravatar.com\/avatar\/5fc005413aafe0a1f7d81747fac73740246ee36e4fad7f56eb325711b6c9f209?s=96&d=mm&r=g\",\"caption\":\"Mar Sanchez\"},\"url\":\"https:\/\/riberasalud.com\/rsc\/author\/msotoriberasalud-es\/\"}]}<\/script>\n<!-- \/ Yoast SEO plugin. -->","yoast_head_json":{"title":"Ribera, primer grupo sanitario de Espa\u00f1a que adapta sus centros sanitarios para hacerlos accesibles a dalt\u00f3nicos - RSC Grupo sanitario Ribera","description":"Implanta en sus hospitales universitarios de Torrej\u00f3n y Vinalop\u00f3 y en Ribera Povisa el sistema de identificaci\u00f3n del Color ColorADD, un lenguaje \u00fanico, universal e inclusivo, que extender\u00e1 al resto de sus centros sanitarios en 2025","robots":{"index":"index","follow":"follow","max-snippet":"max-snippet:-1","max-image-preview":"max-image-preview:large","max-video-preview":"max-video-preview:-1"},"canonical":"https:\/\/riberasalud.com\/rsc\/2025\/01\/31\/ribera-primer-grupo-sanitario-de-espana-que-adapta-sus-centros-sanitarios-para-hacerlos-accesibles-a-daltonicos\/","og_locale":"es_ES","og_type":"article","og_title":"Ribera, primer grupo sanitario de Espa\u00f1a que adapta sus centros sanitarios para hacerlos accesibles a dalt\u00f3nicos - RSC Grupo sanitario Ribera","og_description":"Implanta en sus hospitales universitarios de Torrej\u00f3n y Vinalop\u00f3 y en Ribera Povisa el sistema de identificaci\u00f3n del Color ColorADD, un lenguaje \u00fanico, universal e inclusivo, que extender\u00e1 al resto de sus centros sanitarios en 2025","og_url":"https:\/\/riberasalud.com\/rsc\/2025\/01\/31\/ribera-primer-grupo-sanitario-de-espana-que-adapta-sus-centros-sanitarios-para-hacerlos-accesibles-a-daltonicos\/","og_site_name":"RSC Grupo sanitario Ribera","article_published_time":"2025-01-31T12:16:11+00:00","article_modified_time":"2025-01-31T12:17:47+00:00","og_image":[{"width":800,"height":533,"url":"https:\/\/riberasalud.com\/rsc\/wp-content\/uploads\/2025\/01\/ColorADD_Ribera-Povisa_1.jpg","type":"image\/jpeg"}],"author":"Mar Sanchez","twitter_card":"summary_large_image","twitter_misc":{"Escrito por":"Mar Sanchez","Tiempo de lectura":"3 minutos"},"schema":{"@context":"https:\/\/schema.org","@graph":[{"@type":"Article","@id":"https:\/\/riberasalud.com\/rsc\/2025\/01\/31\/ribera-primer-grupo-sanitario-de-espana-que-adapta-sus-centros-sanitarios-para-hacerlos-accesibles-a-daltonicos\/#article","isPartOf":{"@id":"https:\/\/riberasalud.com\/rsc\/2025\/01\/31\/ribera-primer-grupo-sanitario-de-espana-que-adapta-sus-centros-sanitarios-para-hacerlos-accesibles-a-daltonicos\/"},"author":{"name":"Mar Sanchez","@id":"https:\/\/riberasalud.com\/rsc\/#\/schema\/person\/11c4e77d56d084661ced188afcae969f"},"headline":"Ribera, primer grupo sanitario de Espa\u00f1a que adapta sus centros sanitarios para hacerlos accesibles a dalt\u00f3nicos","datePublished":"2025-01-31T12:16:11+00:00","dateModified":"2025-01-31T12:17:47+00:00","mainEntityOfPage":{"@id":"https:\/\/riberasalud.com\/rsc\/2025\/01\/31\/ribera-primer-grupo-sanitario-de-espana-que-adapta-sus-centros-sanitarios-para-hacerlos-accesibles-a-daltonicos\/"},"wordCount":546,"commentCount":0,"publisher":{"@id":"https:\/\/riberasalud.com\/rsc\/#organization"},"image":{"@id":"https:\/\/riberasalud.com\/rsc\/2025\/01\/31\/ribera-primer-grupo-sanitario-de-espana-que-adapta-sus-centros-sanitarios-para-hacerlos-accesibles-a-daltonicos\/#primaryimage"},"thumbnailUrl":"https:\/\/riberasalud.com\/rsc\/wp-content\/uploads\/2025\/01\/ColorADD_Ribera-Povisa_1.jpg","keywords":["accesible","centros","daltonismo"],"articleSection":["Alianzas con el entorno","Humanizaci\u00f3n"],"inLanguage":"es","potentialAction":[{"@type":"CommentAction","name":"Comment","target":["https:\/\/riberasalud.com\/rsc\/2025\/01\/31\/ribera-primer-grupo-sanitario-de-espana-que-adapta-sus-centros-sanitarios-para-hacerlos-accesibles-a-daltonicos\/#respond"]}]},{"@type":"WebPage","@id":"https:\/\/riberasalud.com\/rsc\/2025\/01\/31\/ribera-primer-grupo-sanitario-de-espana-que-adapta-sus-centros-sanitarios-para-hacerlos-accesibles-a-daltonicos\/","url":"https:\/\/riberasalud.com\/rsc\/2025\/01\/31\/ribera-primer-grupo-sanitario-de-espana-que-adapta-sus-centros-sanitarios-para-hacerlos-accesibles-a-daltonicos\/","name":"Ribera, primer grupo sanitario de Espa\u00f1a que adapta sus centros sanitarios para hacerlos accesibles a dalt\u00f3nicos - RSC Grupo sanitario Ribera","isPartOf":{"@id":"https:\/\/riberasalud.com\/rsc\/#website"},"primaryImageOfPage":{"@id":"https:\/\/riberasalud.com\/rsc\/2025\/01\/31\/ribera-primer-grupo-sanitario-de-espana-que-adapta-sus-centros-sanitarios-para-hacerlos-accesibles-a-daltonicos\/#primaryimage"},"image":{"@id":"https:\/\/riberasalud.com\/rsc\/2025\/01\/31\/ribera-primer-grupo-sanitario-de-espana-que-adapta-sus-centros-sanitarios-para-hacerlos-accesibles-a-daltonicos\/#primaryimage"},"thumbnailUrl":"https:\/\/riberasalud.com\/rsc\/wp-content\/uploads\/2025\/01\/ColorADD_Ribera-Povisa_1.jpg","datePublished":"2025-01-31T12:16:11+00:00","dateModified":"2025-01-31T12:17:47+00:00","description":"Implanta en sus hospitales universitarios de Torrej\u00f3n y Vinalop\u00f3 y en Ribera Povisa el sistema de identificaci\u00f3n del Color ColorADD, un lenguaje \u00fanico, universal e inclusivo, que extender\u00e1 al resto de sus centros sanitarios en 2025","breadcrumb":{"@id":"https:\/\/riberasalud.com\/rsc\/2025\/01\/31\/ribera-primer-grupo-sanitario-de-espana-que-adapta-sus-centros-sanitarios-para-hacerlos-accesibles-a-daltonicos\/#breadcrumb"},"inLanguage":"es","potentialAction":[{"@type":"ReadAction","target":["https:\/\/riberasalud.com\/rsc\/2025\/01\/31\/ribera-primer-grupo-sanitario-de-espana-que-adapta-sus-centros-sanitarios-para-hacerlos-accesibles-a-daltonicos\/"]}]},{"@type":"ImageObject","inLanguage":"es","@id":"https:\/\/riberasalud.com\/rsc\/2025\/01\/31\/ribera-primer-grupo-sanitario-de-espana-que-adapta-sus-centros-sanitarios-para-hacerlos-accesibles-a-daltonicos\/#primaryimage","url":"https:\/\/riberasalud.com\/rsc\/wp-content\/uploads\/2025\/01\/ColorADD_Ribera-Povisa_1.jpg","contentUrl":"https:\/\/riberasalud.com\/rsc\/wp-content\/uploads\/2025\/01\/ColorADD_Ribera-Povisa_1.jpg","width":800,"height":533,"caption":"Color ADD"},{"@type":"BreadcrumbList","@id":"https:\/\/riberasalud.com\/rsc\/2025\/01\/31\/ribera-primer-grupo-sanitario-de-espana-que-adapta-sus-centros-sanitarios-para-hacerlos-accesibles-a-daltonicos\/#breadcrumb","itemListElement":[{"@type":"ListItem","position":1,"name":"Portada","item":"https:\/\/riberasalud.com\/rsc\/"},{"@type":"ListItem","position":2,"name":"Ribera, primer grupo sanitario de Espa\u00f1a que adapta sus centros sanitarios para hacerlos accesibles a dalt\u00f3nicos"}]},{"@type":"WebSite","@id":"https:\/\/riberasalud.com\/rsc\/#website","url":"https:\/\/riberasalud.com\/rsc\/","name":"RSC Grupo sanitario Ribera","description":"","publisher":{"@id":"https:\/\/riberasalud.com\/rsc\/#organization"},"potentialAction":[{"@type":"SearchAction","target":{"@type":"EntryPoint","urlTemplate":"https:\/\/riberasalud.com\/rsc\/?s={search_term_string}"},"query-input":{"@type":"PropertyValueSpecification","valueRequired":true,"valueName":"search_term_string"}}],"inLanguage":"es"},{"@type":"Organization","@id":"https:\/\/riberasalud.com\/rsc\/#organization","name":"RSC Grupo sanitario Ribera","url":"https:\/\/riberasalud.com\/rsc\/","logo":{"@type":"ImageObject","inLanguage":"es","@id":"https:\/\/riberasalud.com\/rsc\/#\/schema\/logo\/image\/","url":"https:\/\/riberasalud.com\/rsc\/wp-content\/uploads\/2021\/05\/cropped-Logotipo-Red.png","contentUrl":"https:\/\/riberasalud.com\/rsc\/wp-content\/uploads\/2021\/05\/cropped-Logotipo-Red.png","width":500,"height":198,"caption":"RSC Grupo sanitario Ribera"},"image":{"@id":"https:\/\/riberasalud.com\/rsc\/#\/schema\/logo\/image\/"}},{"@type":"Person","@id":"https:\/\/riberasalud.com\/rsc\/#\/schema\/person\/11c4e77d56d084661ced188afcae969f","name":"Mar Sanchez","image":{"@type":"ImageObject","inLanguage":"es","@id":"https:\/\/riberasalud.com\/rsc\/#\/schema\/person\/image\/","url":"https:\/\/secure.gravatar.com\/avatar\/5fc005413aafe0a1f7d81747fac73740246ee36e4fad7f56eb325711b6c9f209?s=96&d=mm&r=g","contentUrl":"https:\/\/secure.gravatar.com\/avatar\/5fc005413aafe0a1f7d81747fac73740246ee36e4fad7f56eb325711b6c9f209?s=96&d=mm&r=g","caption":"Mar Sanchez"},"url":"https:\/\/riberasalud.com\/rsc\/author\/msotoriberasalud-es\/"}]}},"author_meta":{"display_name":"Mar Sanchez","author_link":"https:\/\/riberasalud.com\/rsc\/author\/msotoriberasalud-es\/"},"featured_img":"https:\/\/riberasalud.com\/rsc\/wp-content\/uploads\/2025\/01\/ColorADD_Ribera-Povisa_1-300x200.jpg","pbg_featured_image_src":{"full":["https:\/\/riberasalud.com\/rsc\/wp-content\/uploads\/2025\/01\/ColorADD_Ribera-Povisa_1.jpg",800,533,false],"thumbnail":["https:\/\/riberasalud.com\/rsc\/wp-content\/uploads\/2025\/01\/ColorADD_Ribera-Povisa_1-150x150.jpg",150,150,true],"medium":["https:\/\/riberasalud.com\/rsc\/wp-content\/uploads\/2025\/01\/ColorADD_Ribera-Povisa_1-300x200.jpg",300,200,true],"medium_large":["https:\/\/riberasalud.com\/rsc\/wp-content\/uploads\/2025\/01\/ColorADD_Ribera-Povisa_1-768x512.jpg",768,512,true],"large":["https:\/\/riberasalud.com\/rsc\/wp-content\/uploads\/2025\/01\/ColorADD_Ribera-Povisa_1.jpg",800,533,false],"xl":["https:\/\/riberasalud.com\/rsc\/wp-content\/uploads\/2025\/01\/ColorADD_Ribera-Povisa_1.jpg",800,533,false],"xxl":["https:\/\/riberasalud.com\/rsc\/wp-content\/uploads\/2025\/01\/ColorADD_Ribera-Povisa_1.jpg",800,533,false],"xxxl":["https:\/\/riberasalud.com\/rsc\/wp-content\/uploads\/2025\/01\/ColorADD_Ribera-Povisa_1.jpg",800,533,false],"xxxxl":["https:\/\/riberasalud.com\/rsc\/wp-content\/uploads\/2025\/01\/ColorADD_Ribera-Povisa_1.jpg",800,533,false],"xxxxxl":["https:\/\/riberasalud.com\/rsc\/wp-content\/uploads\/2025\/01\/ColorADD_Ribera-Povisa_1.jpg",800,533,false],"1536x1536":["https:\/\/riberasalud.com\/rsc\/wp-content\/uploads\/2025\/01\/ColorADD_Ribera-Povisa_1.jpg",800,533,false],"2048x2048":["https:\/\/riberasalud.com\/rsc\/wp-content\/uploads\/2025\/01\/ColorADD_Ribera-Povisa_1.jpg",800,533,false]},"pbg_author_info":{"display_name":"Mar Sanchez","author_link":"https:\/\/riberasalud.com\/rsc\/author\/msotoriberasalud-es\/","author_img":"<img alt='Mar Sanchez' src='https:\/\/secure.gravatar.com\/avatar\/5fc005413aafe0a1f7d81747fac73740246ee36e4fad7f56eb325711b6c9f209?s=128&#038;d=mm&#038;r=g' srcset='https:\/\/secure.gravatar.com\/avatar\/5fc005413aafe0a1f7d81747fac73740246ee36e4fad7f56eb325711b6c9f209?s=256&#038;d=mm&#038;r=g 2x' class='avatar avatar-128 photo' height='128' width='128' loading='lazy' decoding='async'\/>"},"pbg_comment_info":" No Comments","pbg_excerpt":"Implanta en sus hospitales universitarios de Torrej\u00f3n y Vinalop\u00f3 y en Ribera Povisa el sistema de identificaci\u00f3n del Color ColorADD, un lenguaje \u00fanico, universal e inclusivo, que extender\u00e1 al resto de sus centros sanitarios en 2025 En\u00a0Espa\u00f1a\u00a0hay\u00a02,5\u00a0millones\u00a0de\u00a0personas\u00a0dalt\u00f3nicas\u00a0y\u00a0350\u00a0millones\u00a0en\u00a0el\u00a0mundo. Es\u00a0una alteraci\u00f3n\u00a0de\u00a0origen\u00a0gen\u00e9tico\u00a0que\u00a0afecta\u00a0al\u00a010%\u00a0de\u00a0los\u00a0hombres\u00a0y\u00a0el\u00a01% de las mujeres, y que afecta a la capacidad de distinguir colores Ribera\u00a0es ya el primer&hellip;","uagb_featured_image_src":{"full":["https:\/\/riberasalud.com\/rsc\/wp-content\/uploads\/2025\/01\/ColorADD_Ribera-Povisa_1.jpg",800,533,false],"thumbnail":["https:\/\/riberasalud.com\/rsc\/wp-content\/uploads\/2025\/01\/ColorADD_Ribera-Povisa_1-150x150.jpg",150,150,true],"medium":["https:\/\/riberasalud.com\/rsc\/wp-content\/uploads\/2025\/01\/ColorADD_Ribera-Povisa_1-300x200.jpg",300,200,true],"medium_large":["https:\/\/riberasalud.com\/rsc\/wp-content\/uploads\/2025\/01\/ColorADD_Ribera-Povisa_1-768x512.jpg",768,512,true],"large":["https:\/\/riberasalud.com\/rsc\/wp-content\/uploads\/2025\/01\/ColorADD_Ribera-Povisa_1.jpg",800,533,false],"xl":["https:\/\/riberasalud.com\/rsc\/wp-content\/uploads\/2025\/01\/ColorADD_Ribera-Povisa_1.jpg",800,533,false],"xxl":["https:\/\/riberasalud.com\/rsc\/wp-content\/uploads\/2025\/01\/ColorADD_Ribera-Povisa_1.jpg",800,533,false],"xxxl":["https:\/\/riberasalud.com\/rsc\/wp-content\/uploads\/2025\/01\/ColorADD_Ribera-Povisa_1.jpg",800,533,false],"xxxxl":["https:\/\/riberasalud.com\/rsc\/wp-content\/uploads\/2025\/01\/ColorADD_Ribera-Povisa_1.jpg",800,533,false],"xxxxxl":["https:\/\/riberasalud.com\/rsc\/wp-content\/uploads\/2025\/01\/ColorADD_Ribera-Povisa_1.jpg",800,533,false],"1536x1536":["https:\/\/riberasalud.com\/rsc\/wp-content\/uploads\/2025\/01\/ColorADD_Ribera-Povisa_1.jpg",800,533,false],"2048x2048":["https:\/\/riberasalud.com\/rsc\/wp-content\/uploads\/2025\/01\/ColorADD_Ribera-Povisa_1.jpg",800,533,false]},"uagb_author_info":{"display_name":"Mar Sanchez","author_link":"https:\/\/riberasalud.com\/rsc\/author\/msotoriberasalud-es\/"},"uagb_comment_info":0,"uagb_excerpt":"Implanta en sus hospitales universitarios de Torrej\u00f3n y Vinalop\u00f3 y en Ribera Povisa el sistema de identificaci\u00f3n del Color ColorADD, un lenguaje \u00fanico, universal e inclusivo, que extender\u00e1 al resto de sus centros sanitarios en 2025 En\u00a0Espa\u00f1a\u00a0hay\u00a02,5\u00a0millones\u00a0de\u00a0personas\u00a0dalt\u00f3nicas\u00a0y\u00a0350\u00a0millones\u00a0en\u00a0el\u00a0mundo. Es\u00a0una alteraci\u00f3n\u00a0de\u00a0origen\u00a0gen\u00e9tico\u00a0que\u00a0afecta\u00a0al\u00a010%\u00a0de\u00a0los\u00a0hombres\u00a0y\u00a0el\u00a01% de las mujeres, y que afecta a la capacidad de distinguir colores Ribera\u00a0es ya el primer&hellip;","coauthors":[],"tax_additional":{"categories":{"linked":["<a href=\"https:\/\/riberasalud.com\/rsc\/category\/alianzas-con-el-entorno\/\" class=\"advgb-post-tax-term\">Alianzas con el entorno<\/a>","<a href=\"https:\/\/riberasalud.com\/rsc\/category\/humanizacion\/\" class=\"advgb-post-tax-term\">Humanizaci\u00f3n<\/a>"],"unlinked":["<span class=\"advgb-post-tax-term\">Alianzas con el entorno<\/span>","<span class=\"advgb-post-tax-term\">Humanizaci\u00f3n<\/span>"]},"tags":{"linked":["<a href=\"https:\/\/riberasalud.com\/rsc\/category\/humanizacion\/\" class=\"advgb-post-tax-term\">accesible<\/a>","<a href=\"https:\/\/riberasalud.com\/rsc\/category\/humanizacion\/\" class=\"advgb-post-tax-term\">centros<\/a>","<a href=\"https:\/\/riberasalud.com\/rsc\/category\/humanizacion\/\" class=\"advgb-post-tax-term\">daltonismo<\/a>"],"unlinked":["<span class=\"advgb-post-tax-term\">accesible<\/span>","<span class=\"advgb-post-tax-term\">centros<\/span>","<span class=\"advgb-post-tax-term\">daltonismo<\/span>"]}},"comment_count":"0","relative_dates":{"created":"Publicado 1 a\u00f1o hace","modified":"Actualizado 1 a\u00f1o hace"},"absolute_dates":{"created":"Publicado el 31 de enero de 2025","modified":"Actualizado el 31 de enero de 2025"},"absolute_dates_time":{"created":"Publicado el 31 de enero de 2025 12:16","modified":"Actualizado el 31 de enero de 2025 12:17"},"featured_img_caption":"","series_order":"","_links":{"self":[{"href":"https:\/\/riberasalud.com\/rsc\/wp-json\/wp\/v2\/posts\/4360","targetHints":{"allow":["GET"]}}],"collection":[{"href":"https:\/\/riberasalud.com\/rsc\/wp-json\/wp\/v2\/posts"}],"about":[{"href":"https:\/\/riberasalud.com\/rsc\/wp-json\/wp\/v2\/types\/post"}],"author":[{"embeddable":true,"href":"https:\/\/riberasalud.com\/rsc\/wp-json\/wp\/v2\/users\/2"}],"replies":[{"embeddable":true,"href":"https:\/\/riberasalud.com\/rsc\/wp-json\/wp\/v2\/comments?post=4360"}],"version-history":[{"count":2,"href":"https:\/\/riberasalud.com\/rsc\/wp-json\/wp\/v2\/posts\/4360\/revisions"}],"predecessor-version":[{"id":4364,"href":"https:\/\/riberasalud.com\/rsc\/wp-json\/wp\/v2\/posts\/4360\/revisions\/4364"}],"wp:featuredmedia":[{"embeddable":true,"href":"https:\/\/riberasalud.com\/rsc\/wp-json\/wp\/v2\/media\/4361"}],"wp:attachment":[{"href":"https:\/\/riberasalud.com\/rsc\/wp-json\/wp\/v2\/media?parent=4360"}],"wp:term":[{"taxonomy":"category","embeddable":true,"href":"https:\/\/riberasalud.com\/rsc\/wp-json\/wp\/v2\/categories?post=4360"},{"taxonomy":"post_tag","embeddable":true,"href":"https:\/\/riberasalud.com\/rsc\/wp-json\/wp\/v2\/tags?post=4360"}],"curies":[{"name":"wp","href":"https:\/\/api.w.org\/{rel}","templated":true}]}}