{"id":4120,"date":"2024-10-09T07:50:00","date_gmt":"2024-10-09T07:50:00","guid":{"rendered":"https:\/\/riberasalud.com\/rsc\/?p=4120"},"modified":"2024-10-10T08:13:56","modified_gmt":"2024-10-10T08:13:56","slug":"el-hospital-publico-universitario-de-torrejon-celebra-el-dia-mundial-de-la-salud-mental-con-una-jornada-sobre-los-beneficios-del-trabajo-en-la-enfermedad-mental","status":"publish","type":"post","link":"https:\/\/riberasalud.com\/rsc\/2024\/10\/09\/el-hospital-publico-universitario-de-torrejon-celebra-el-dia-mundial-de-la-salud-mental-con-una-jornada-sobre-los-beneficios-del-trabajo-en-la-enfermedad-mental\/","title":{"rendered":"El Hospital p\u00fablico Universitario de Torrej\u00f3n celebra el D\u00eda Mundial de la Salud Mental con una jornada sobre los beneficios del trabajo en la enfermedad mental"},"content":{"rendered":"\n<ul class=\"wp-block-list\"><li><em>El servicio de Salud Mental del centro torrejonero liderar\u00e1 una jornada sobre la aportaci\u00f3n en positivo del trabajo en la enfermedad mental<\/em><\/li><li><em>Diferentes especialistas explicar\u00e1n y analizar\u00e1n c\u00f3mo la integraci\u00f3n laboral puede jugar un papel fundamental en la salud y bienestar de la poblaci\u00f3n<\/em><\/li><\/ul>\n\n\n\n<p>El <a href=\"https:\/\/www.hospitaldetorrejon.es\/\">Hospital Universitario de Torrej\u00f3n<\/a>, perteneciente a la red p\u00fablica de la Comunidad de Madrid, celebra el D\u00eda Mundial de la Salud Mental el pr\u00f3ximo jueves 10 de octubre a las 16:30 con una jornada sobre la relaci\u00f3n entre el \u00e1mbito laboral y la salud mental, con motivo del lema de la Organizaci\u00f3n Mundial de la Salud: <em>\u201cLa salud mental en el trabajo\u201d.<\/em> Durante el evento, expertos en la materia abordar\u00e1n c\u00f3mo la integraci\u00f3n laboral, la estabilidad y un entorno profesional positivo son pilares fundamentales para el bienestar f\u00edsico y emocional.<\/p>\n\n\n\n<p>El evento se llevar\u00e1 a cabo en el Sal\u00f3n de Actos del Hospital Universitario de Torrej\u00f3n y est\u00e1 abierto para cualquier profesional, paciente o ciudadano que quiera asistir, sin necesidad de inscripci\u00f3n previa. Esta iniciativa busca fomentar la accesibilidad y la participaci\u00f3n de todos los sectores de la sociedad, con el objetivo de generar un espacio inclusivo y de di\u00e1logo sobre la importancia de la salud mental en el \u00e1mbito laboral, y viceversa. La jornada tambi\u00e9n contar\u00e1 con la actuaci\u00f3n de <strong>Laura Honrubia, cantautora torrejonera,<\/strong> que pondr\u00e1 el hilo musical para unir m\u00fasica y salud bajo el programa <a href=\"https:\/\/ritmosdevida.com\/\">Ritmos de Vida<\/a>.<\/p>\n\n\n\n<p>El <a href=\"https:\/\/www.hospitaldetorrejon.es\/unidad-de-salud-mental\/\">servicio de Salud Mental y Psiquiatr\u00eda del Hospital Universitario de Torrej\u00f3n<\/a>, en colaboraci\u00f3n con pacientes y profesionales externos, analizar\u00e1n en una tertulia las numerosas formas en las que el empleo, la estabilidad laboral y el desarrollo profesional pueden convertirse en un sentido de prop\u00f3sito, autonom\u00eda y satisfacci\u00f3n personal, contribuyendo al bienestar emocional de los individuos. Entre los efectos positivos, desde el hospital recalcan que <em>\u201cla integraci\u00f3n laboral es un factor crucial para la inclusi\u00f3n social y el sentido de pertenencia\u201d.<\/em> <em>\u201cEntornos profesionales en los que se promueven la cooperaci\u00f3n, el respeto y el crecimiento pueden reducir los sentimientos de soledad y ansiedad, y hacer sentir m\u00e1s digna a la persona\u201d, <\/em>a\u00f1aden.<\/p>\n\n\n\n<p>Del mismo modo, <em>\u201csituaciones de sobrecarga laboral, precariedad en el trabajo, falta de claridad en las indicaciones, comunicaci\u00f3n escasa o confusa y la falta de participaci\u00f3n en las decisiones que afectan directamente al trabajador y al clima laboral pueden contribuir al deterioro de la salud mental de los empleados\u201d, <\/em>explica la <strong>doctora Helena D\u00edaz, jefa del servicio de Salud Mental y Psiquiatr\u00eda del Hospital Universitario de Torrej\u00f3n. <\/strong>Entre las se\u00f1ales de alerta tempranas que pueden ayudar a detectar un empeoramiento de la salud mental por motivos laborales destaca <em>\u201cel agotamiento mental y f\u00edsico, el desapego afectivo y deshumanizaci\u00f3n con aquello que rodea al trabajo, la irritabilidad, el enfado sin causa directa, desmotivaci\u00f3n y desinter\u00e9s por el desempe\u00f1o laboral y signos de alarma como tristeza y culpa\u201d.<\/em><\/p>\n","protected":false},"excerpt":{"rendered":"<p>El servicio de Salud Mental del centro torrejonero liderar\u00e1 una jornada sobre la aportaci\u00f3n en positivo del trabajo en la enfermedad mental Diferentes especialistas explicar\u00e1n y analizar\u00e1n c\u00f3mo la integraci\u00f3n laboral puede jugar un papel fundamental en la salud y bienestar de la poblaci\u00f3n El Hospital Universitario de Torrej\u00f3n, perteneciente a la red p\u00fablica de &#8230; <a title=\"El Hospital p\u00fablico Universitario de Torrej\u00f3n celebra el D\u00eda Mundial de la Salud Mental con una jornada sobre los beneficios del trabajo en la enfermedad mental\" class=\"read-more\" href=\"https:\/\/riberasalud.com\/rsc\/2024\/10\/09\/el-hospital-publico-universitario-de-torrejon-celebra-el-dia-mundial-de-la-salud-mental-con-una-jornada-sobre-los-beneficios-del-trabajo-en-la-enfermedad-mental\/\" aria-label=\"Leer m\u00e1s sobre El Hospital p\u00fablico Universitario de Torrej\u00f3n celebra el D\u00eda Mundial de la Salud Mental con una jornada sobre los beneficios del trabajo en la enfermedad mental\">Leer m\u00e1s<\/a><\/p>\n","protected":false},"author":5,"featured_media":4123,"comment_status":"open","ping_status":"open","sticky":false,"template":"","format":"standard","meta":{"_editorskit_title_hidden":false,"_editorskit_reading_time":2,"_editorskit_is_block_options_detached":false,"_editorskit_block_options_position":"{}","_coblocks_attr":"","_coblocks_dimensions":"","_coblocks_responsive_height":"","_coblocks_accordion_ie_support":"","_uag_custom_page_level_css":"","advgb_blocks_editor_width":"","advgb_blocks_columns_visual_guide":"","_monsterinsights_skip_tracking":false,"_monsterinsights_sitenote_active":false,"_monsterinsights_sitenote_note":"","_monsterinsights_sitenote_category":0,"footnotes":""},"categories":[203,204],"tags":[545,543,41,339,164,544],"class_list":["post-4120","post","type-post","status-publish","format-standard","has-post-thumbnail","hentry","category-educacion-para-la-salud","category-promocion-de-la-salud","tag-bienestar","tag-dia-mundial-de-la-salud-mental","tag-hospital-universitario-de-torrejon","tag-jornada","tag-salud-mental","tag-trabajo"],"featured_image_urls_v2":{"full":["https:\/\/riberasalud.com\/rsc\/wp-content\/uploads\/2024\/10\/HUT-DM-SALUD-MENTAL-2.jpg",800,533,false],"thumbnail":["https:\/\/riberasalud.com\/rsc\/wp-content\/uploads\/2024\/10\/HUT-DM-SALUD-MENTAL-2-150x150.jpg",150,150,true],"medium":["https:\/\/riberasalud.com\/rsc\/wp-content\/uploads\/2024\/10\/HUT-DM-SALUD-MENTAL-2-300x200.jpg",300,200,true],"medium_large":["https:\/\/riberasalud.com\/rsc\/wp-content\/uploads\/2024\/10\/HUT-DM-SALUD-MENTAL-2-768x512.jpg",768,512,true],"large":["https:\/\/riberasalud.com\/rsc\/wp-content\/uploads\/2024\/10\/HUT-DM-SALUD-MENTAL-2.jpg",800,533,false],"xl":["https:\/\/riberasalud.com\/rsc\/wp-content\/uploads\/2024\/10\/HUT-DM-SALUD-MENTAL-2.jpg",800,533,false],"xxl":["https:\/\/riberasalud.com\/rsc\/wp-content\/uploads\/2024\/10\/HUT-DM-SALUD-MENTAL-2.jpg",800,533,false],"xxxl":["https:\/\/riberasalud.com\/rsc\/wp-content\/uploads\/2024\/10\/HUT-DM-SALUD-MENTAL-2.jpg",800,533,false],"xxxxl":["https:\/\/riberasalud.com\/rsc\/wp-content\/uploads\/2024\/10\/HUT-DM-SALUD-MENTAL-2.jpg",800,533,false],"xxxxxl":["https:\/\/riberasalud.com\/rsc\/wp-content\/uploads\/2024\/10\/HUT-DM-SALUD-MENTAL-2.jpg",800,533,false],"1536x1536":["https:\/\/riberasalud.com\/rsc\/wp-content\/uploads\/2024\/10\/HUT-DM-SALUD-MENTAL-2.jpg",800,533,false],"2048x2048":["https:\/\/riberasalud.com\/rsc\/wp-content\/uploads\/2024\/10\/HUT-DM-SALUD-MENTAL-2.jpg",800,533,false]},"post_excerpt_stackable_v2":"<p>El servicio de Salud Mental del centro torrejonero liderar\u00e1 una jornada sobre la aportaci\u00f3n en positivo del trabajo en la enfermedad mentalDiferentes especialistas explicar\u00e1n y analizar\u00e1n c\u00f3mo la integraci\u00f3n laboral puede jugar un papel fundamental en la salud y bienestar de la poblaci\u00f3n El Hospital Universitario de Torrej\u00f3n, perteneciente a la red p\u00fablica de la Comunidad de Madrid, celebra el D\u00eda Mundial de la Salud Mental el pr\u00f3ximo jueves 10 de octubre a las 16:30 con una jornada sobre la relaci\u00f3n entre el \u00e1mbito laboral y la salud mental, con motivo del lema de la Organizaci\u00f3n Mundial de la Salud:&hellip;<\/p>\n","category_list_v2":"<a href=\"https:\/\/riberasalud.com\/rsc\/category\/educacion-para-la-salud\/\" rel=\"category tag\">Educaci\u00f3n para la salud<\/a>, <a href=\"https:\/\/riberasalud.com\/rsc\/category\/promocion-de-la-salud\/\" rel=\"category tag\">Promoci\u00f3n de la salud<\/a>","author_info_v2":{"name":"mgisbert","url":"https:\/\/riberasalud.com\/rsc\/author\/mgisbert\/"},"comments_num_v2":"0 comentarios","yoast_head":"<!-- This site is optimized with the Yoast SEO plugin v26.6 - https:\/\/yoast.com\/wordpress\/plugins\/seo\/ -->\n<title>El Hospital p\u00fablico Universitario de Torrej\u00f3n celebra el D\u00eda Mundial de la Salud Mental con una jornada sobre los beneficios del trabajo en la enfermedad mental - RSC Grupo sanitario Ribera<\/title>\n<meta name=\"description\" content=\"El Hospital Universitario de Torrej\u00f3n, celebra el D\u00eda Mundial de la Salud Mental con una jornada sobre la salud mental en el \u00e1mbito laboral.\" \/>\n<meta name=\"robots\" content=\"index, follow, max-snippet:-1, max-image-preview:large, max-video-preview:-1\" \/>\n<link rel=\"canonical\" href=\"https:\/\/riberasalud.com\/rsc\/2024\/10\/09\/el-hospital-publico-universitario-de-torrejon-celebra-el-dia-mundial-de-la-salud-mental-con-una-jornada-sobre-los-beneficios-del-trabajo-en-la-enfermedad-mental\/\" \/>\n<meta property=\"og:locale\" content=\"es_ES\" \/>\n<meta property=\"og:type\" content=\"article\" \/>\n<meta property=\"og:title\" content=\"El Hospital p\u00fablico Universitario de Torrej\u00f3n celebra el D\u00eda Mundial de la Salud Mental con una jornada sobre los beneficios del trabajo en la enfermedad mental - RSC Grupo sanitario Ribera\" \/>\n<meta property=\"og:description\" content=\"El Hospital Universitario de Torrej\u00f3n, celebra el D\u00eda Mundial de la Salud Mental con una jornada sobre la salud mental en el \u00e1mbito laboral.\" \/>\n<meta property=\"og:url\" content=\"https:\/\/riberasalud.com\/rsc\/2024\/10\/09\/el-hospital-publico-universitario-de-torrejon-celebra-el-dia-mundial-de-la-salud-mental-con-una-jornada-sobre-los-beneficios-del-trabajo-en-la-enfermedad-mental\/\" \/>\n<meta property=\"og:site_name\" content=\"RSC Grupo sanitario Ribera\" \/>\n<meta property=\"article:published_time\" content=\"2024-10-09T07:50:00+00:00\" \/>\n<meta property=\"article:modified_time\" content=\"2024-10-10T08:13:56+00:00\" \/>\n<meta property=\"og:image\" content=\"https:\/\/riberasalud.com\/rsc\/wp-content\/uploads\/2024\/10\/HUT-DM-SALUD-MENTAL-2.jpg\" \/>\n\t<meta property=\"og:image:width\" content=\"800\" \/>\n\t<meta property=\"og:image:height\" content=\"533\" \/>\n\t<meta property=\"og:image:type\" content=\"image\/jpeg\" \/>\n<meta name=\"author\" content=\"mgisbert\" \/>\n<meta name=\"twitter:card\" content=\"summary_large_image\" \/>\n<meta name=\"twitter:label1\" content=\"Escrito por\" \/>\n\t<meta name=\"twitter:data1\" content=\"mgisbert\" \/>\n\t<meta name=\"twitter:label2\" content=\"Tiempo de lectura\" \/>\n\t<meta name=\"twitter:data2\" content=\"3 minutos\" \/>\n<script type=\"application\/ld+json\" class=\"yoast-schema-graph\">{\"@context\":\"https:\/\/schema.org\",\"@graph\":[{\"@type\":\"Article\",\"@id\":\"https:\/\/riberasalud.com\/rsc\/2024\/10\/09\/el-hospital-publico-universitario-de-torrejon-celebra-el-dia-mundial-de-la-salud-mental-con-una-jornada-sobre-los-beneficios-del-trabajo-en-la-enfermedad-mental\/#article\",\"isPartOf\":{\"@id\":\"https:\/\/riberasalud.com\/rsc\/2024\/10\/09\/el-hospital-publico-universitario-de-torrejon-celebra-el-dia-mundial-de-la-salud-mental-con-una-jornada-sobre-los-beneficios-del-trabajo-en-la-enfermedad-mental\/\"},\"author\":{\"name\":\"mgisbert\",\"@id\":\"https:\/\/riberasalud.com\/rsc\/#\/schema\/person\/9fd1aa6494dbcd8ed96ae8834fbba154\"},\"headline\":\"El Hospital p\u00fablico Universitario de Torrej\u00f3n celebra el D\u00eda Mundial de la Salud Mental con una jornada sobre los beneficios del trabajo en la enfermedad mental\",\"datePublished\":\"2024-10-09T07:50:00+00:00\",\"dateModified\":\"2024-10-10T08:13:56+00:00\",\"mainEntityOfPage\":{\"@id\":\"https:\/\/riberasalud.com\/rsc\/2024\/10\/09\/el-hospital-publico-universitario-de-torrejon-celebra-el-dia-mundial-de-la-salud-mental-con-una-jornada-sobre-los-beneficios-del-trabajo-en-la-enfermedad-mental\/\"},\"wordCount\":548,\"commentCount\":0,\"publisher\":{\"@id\":\"https:\/\/riberasalud.com\/rsc\/#organization\"},\"image\":{\"@id\":\"https:\/\/riberasalud.com\/rsc\/2024\/10\/09\/el-hospital-publico-universitario-de-torrejon-celebra-el-dia-mundial-de-la-salud-mental-con-una-jornada-sobre-los-beneficios-del-trabajo-en-la-enfermedad-mental\/#primaryimage\"},\"thumbnailUrl\":\"https:\/\/riberasalud.com\/rsc\/wp-content\/uploads\/2024\/10\/HUT-DM-SALUD-MENTAL-2.jpg\",\"keywords\":[\"bienestar\",\"D\u00eda Mundial de la Salud Mental\",\"Hospital Universitario de Torrej\u00f3n\",\"jornada\",\"salud mental\",\"trabajo\"],\"articleSection\":[\"Educaci\u00f3n para la salud\",\"Promoci\u00f3n de la salud\"],\"inLanguage\":\"es\",\"potentialAction\":[{\"@type\":\"CommentAction\",\"name\":\"Comment\",\"target\":[\"https:\/\/riberasalud.com\/rsc\/2024\/10\/09\/el-hospital-publico-universitario-de-torrejon-celebra-el-dia-mundial-de-la-salud-mental-con-una-jornada-sobre-los-beneficios-del-trabajo-en-la-enfermedad-mental\/#respond\"]}]},{\"@type\":\"WebPage\",\"@id\":\"https:\/\/riberasalud.com\/rsc\/2024\/10\/09\/el-hospital-publico-universitario-de-torrejon-celebra-el-dia-mundial-de-la-salud-mental-con-una-jornada-sobre-los-beneficios-del-trabajo-en-la-enfermedad-mental\/\",\"url\":\"https:\/\/riberasalud.com\/rsc\/2024\/10\/09\/el-hospital-publico-universitario-de-torrejon-celebra-el-dia-mundial-de-la-salud-mental-con-una-jornada-sobre-los-beneficios-del-trabajo-en-la-enfermedad-mental\/\",\"name\":\"El Hospital p\u00fablico Universitario de Torrej\u00f3n celebra el D\u00eda Mundial de la Salud Mental con una jornada sobre los beneficios del trabajo en la enfermedad mental - RSC Grupo sanitario Ribera\",\"isPartOf\":{\"@id\":\"https:\/\/riberasalud.com\/rsc\/#website\"},\"primaryImageOfPage\":{\"@id\":\"https:\/\/riberasalud.com\/rsc\/2024\/10\/09\/el-hospital-publico-universitario-de-torrejon-celebra-el-dia-mundial-de-la-salud-mental-con-una-jornada-sobre-los-beneficios-del-trabajo-en-la-enfermedad-mental\/#primaryimage\"},\"image\":{\"@id\":\"https:\/\/riberasalud.com\/rsc\/2024\/10\/09\/el-hospital-publico-universitario-de-torrejon-celebra-el-dia-mundial-de-la-salud-mental-con-una-jornada-sobre-los-beneficios-del-trabajo-en-la-enfermedad-mental\/#primaryimage\"},\"thumbnailUrl\":\"https:\/\/riberasalud.com\/rsc\/wp-content\/uploads\/2024\/10\/HUT-DM-SALUD-MENTAL-2.jpg\",\"datePublished\":\"2024-10-09T07:50:00+00:00\",\"dateModified\":\"2024-10-10T08:13:56+00:00\",\"description\":\"El Hospital Universitario de Torrej\u00f3n, celebra el D\u00eda Mundial de la Salud Mental con una jornada sobre la salud mental en el \u00e1mbito laboral.\",\"breadcrumb\":{\"@id\":\"https:\/\/riberasalud.com\/rsc\/2024\/10\/09\/el-hospital-publico-universitario-de-torrejon-celebra-el-dia-mundial-de-la-salud-mental-con-una-jornada-sobre-los-beneficios-del-trabajo-en-la-enfermedad-mental\/#breadcrumb\"},\"inLanguage\":\"es\",\"potentialAction\":[{\"@type\":\"ReadAction\",\"target\":[\"https:\/\/riberasalud.com\/rsc\/2024\/10\/09\/el-hospital-publico-universitario-de-torrejon-celebra-el-dia-mundial-de-la-salud-mental-con-una-jornada-sobre-los-beneficios-del-trabajo-en-la-enfermedad-mental\/\"]}]},{\"@type\":\"ImageObject\",\"inLanguage\":\"es\",\"@id\":\"https:\/\/riberasalud.com\/rsc\/2024\/10\/09\/el-hospital-publico-universitario-de-torrejon-celebra-el-dia-mundial-de-la-salud-mental-con-una-jornada-sobre-los-beneficios-del-trabajo-en-la-enfermedad-mental\/#primaryimage\",\"url\":\"https:\/\/riberasalud.com\/rsc\/wp-content\/uploads\/2024\/10\/HUT-DM-SALUD-MENTAL-2.jpg\",\"contentUrl\":\"https:\/\/riberasalud.com\/rsc\/wp-content\/uploads\/2024\/10\/HUT-DM-SALUD-MENTAL-2.jpg\",\"width\":800,\"height\":533},{\"@type\":\"BreadcrumbList\",\"@id\":\"https:\/\/riberasalud.com\/rsc\/2024\/10\/09\/el-hospital-publico-universitario-de-torrejon-celebra-el-dia-mundial-de-la-salud-mental-con-una-jornada-sobre-los-beneficios-del-trabajo-en-la-enfermedad-mental\/#breadcrumb\",\"itemListElement\":[{\"@type\":\"ListItem\",\"position\":1,\"name\":\"Portada\",\"item\":\"https:\/\/riberasalud.com\/rsc\/\"},{\"@type\":\"ListItem\",\"position\":2,\"name\":\"El Hospital p\u00fablico Universitario de Torrej\u00f3n celebra el D\u00eda Mundial de la Salud Mental con una jornada sobre los beneficios del trabajo en la enfermedad mental\"}]},{\"@type\":\"WebSite\",\"@id\":\"https:\/\/riberasalud.com\/rsc\/#website\",\"url\":\"https:\/\/riberasalud.com\/rsc\/\",\"name\":\"RSC Grupo sanitario Ribera\",\"description\":\"\",\"publisher\":{\"@id\":\"https:\/\/riberasalud.com\/rsc\/#organization\"},\"potentialAction\":[{\"@type\":\"SearchAction\",\"target\":{\"@type\":\"EntryPoint\",\"urlTemplate\":\"https:\/\/riberasalud.com\/rsc\/?s={search_term_string}\"},\"query-input\":{\"@type\":\"PropertyValueSpecification\",\"valueRequired\":true,\"valueName\":\"search_term_string\"}}],\"inLanguage\":\"es\"},{\"@type\":\"Organization\",\"@id\":\"https:\/\/riberasalud.com\/rsc\/#organization\",\"name\":\"RSC Grupo sanitario Ribera\",\"url\":\"https:\/\/riberasalud.com\/rsc\/\",\"logo\":{\"@type\":\"ImageObject\",\"inLanguage\":\"es\",\"@id\":\"https:\/\/riberasalud.com\/rsc\/#\/schema\/logo\/image\/\",\"url\":\"https:\/\/riberasalud.com\/rsc\/wp-content\/uploads\/2021\/05\/cropped-Logotipo-Red.png\",\"contentUrl\":\"https:\/\/riberasalud.com\/rsc\/wp-content\/uploads\/2021\/05\/cropped-Logotipo-Red.png\",\"width\":500,\"height\":198,\"caption\":\"RSC Grupo sanitario Ribera\"},\"image\":{\"@id\":\"https:\/\/riberasalud.com\/rsc\/#\/schema\/logo\/image\/\"}},{\"@type\":\"Person\",\"@id\":\"https:\/\/riberasalud.com\/rsc\/#\/schema\/person\/9fd1aa6494dbcd8ed96ae8834fbba154\",\"name\":\"mgisbert\",\"image\":{\"@type\":\"ImageObject\",\"inLanguage\":\"es\",\"@id\":\"https:\/\/riberasalud.com\/rsc\/#\/schema\/person\/image\/\",\"url\":\"https:\/\/secure.gravatar.com\/avatar\/c6ea6b4565349d6805f473ae19ae5bac4a1d79f67166bb8197a599cdc8f997a0?s=96&d=mm&r=g\",\"contentUrl\":\"https:\/\/secure.gravatar.com\/avatar\/c6ea6b4565349d6805f473ae19ae5bac4a1d79f67166bb8197a599cdc8f997a0?s=96&d=mm&r=g\",\"caption\":\"mgisbert\"},\"url\":\"https:\/\/riberasalud.com\/rsc\/author\/mgisbert\/\"}]}<\/script>\n<!-- \/ Yoast SEO plugin. -->","yoast_head_json":{"title":"El Hospital p\u00fablico Universitario de Torrej\u00f3n celebra el D\u00eda Mundial de la Salud Mental con una jornada sobre los beneficios del trabajo en la enfermedad mental - RSC Grupo sanitario Ribera","description":"El Hospital Universitario de Torrej\u00f3n, celebra el D\u00eda Mundial de la Salud Mental con una jornada sobre la salud mental en el \u00e1mbito laboral.","robots":{"index":"index","follow":"follow","max-snippet":"max-snippet:-1","max-image-preview":"max-image-preview:large","max-video-preview":"max-video-preview:-1"},"canonical":"https:\/\/riberasalud.com\/rsc\/2024\/10\/09\/el-hospital-publico-universitario-de-torrejon-celebra-el-dia-mundial-de-la-salud-mental-con-una-jornada-sobre-los-beneficios-del-trabajo-en-la-enfermedad-mental\/","og_locale":"es_ES","og_type":"article","og_title":"El Hospital p\u00fablico Universitario de Torrej\u00f3n celebra el D\u00eda Mundial de la Salud Mental con una jornada sobre los beneficios del trabajo en la enfermedad mental - RSC Grupo sanitario Ribera","og_description":"El Hospital Universitario de Torrej\u00f3n, celebra el D\u00eda Mundial de la Salud Mental con una jornada sobre la salud mental en el \u00e1mbito laboral.","og_url":"https:\/\/riberasalud.com\/rsc\/2024\/10\/09\/el-hospital-publico-universitario-de-torrejon-celebra-el-dia-mundial-de-la-salud-mental-con-una-jornada-sobre-los-beneficios-del-trabajo-en-la-enfermedad-mental\/","og_site_name":"RSC Grupo sanitario Ribera","article_published_time":"2024-10-09T07:50:00+00:00","article_modified_time":"2024-10-10T08:13:56+00:00","og_image":[{"width":800,"height":533,"url":"https:\/\/riberasalud.com\/rsc\/wp-content\/uploads\/2024\/10\/HUT-DM-SALUD-MENTAL-2.jpg","type":"image\/jpeg"}],"author":"mgisbert","twitter_card":"summary_large_image","twitter_misc":{"Escrito por":"mgisbert","Tiempo de lectura":"3 minutos"},"schema":{"@context":"https:\/\/schema.org","@graph":[{"@type":"Article","@id":"https:\/\/riberasalud.com\/rsc\/2024\/10\/09\/el-hospital-publico-universitario-de-torrejon-celebra-el-dia-mundial-de-la-salud-mental-con-una-jornada-sobre-los-beneficios-del-trabajo-en-la-enfermedad-mental\/#article","isPartOf":{"@id":"https:\/\/riberasalud.com\/rsc\/2024\/10\/09\/el-hospital-publico-universitario-de-torrejon-celebra-el-dia-mundial-de-la-salud-mental-con-una-jornada-sobre-los-beneficios-del-trabajo-en-la-enfermedad-mental\/"},"author":{"name":"mgisbert","@id":"https:\/\/riberasalud.com\/rsc\/#\/schema\/person\/9fd1aa6494dbcd8ed96ae8834fbba154"},"headline":"El Hospital p\u00fablico Universitario de Torrej\u00f3n celebra el D\u00eda Mundial de la Salud Mental con una jornada sobre los beneficios del trabajo en la enfermedad mental","datePublished":"2024-10-09T07:50:00+00:00","dateModified":"2024-10-10T08:13:56+00:00","mainEntityOfPage":{"@id":"https:\/\/riberasalud.com\/rsc\/2024\/10\/09\/el-hospital-publico-universitario-de-torrejon-celebra-el-dia-mundial-de-la-salud-mental-con-una-jornada-sobre-los-beneficios-del-trabajo-en-la-enfermedad-mental\/"},"wordCount":548,"commentCount":0,"publisher":{"@id":"https:\/\/riberasalud.com\/rsc\/#organization"},"image":{"@id":"https:\/\/riberasalud.com\/rsc\/2024\/10\/09\/el-hospital-publico-universitario-de-torrejon-celebra-el-dia-mundial-de-la-salud-mental-con-una-jornada-sobre-los-beneficios-del-trabajo-en-la-enfermedad-mental\/#primaryimage"},"thumbnailUrl":"https:\/\/riberasalud.com\/rsc\/wp-content\/uploads\/2024\/10\/HUT-DM-SALUD-MENTAL-2.jpg","keywords":["bienestar","D\u00eda Mundial de la Salud Mental","Hospital Universitario de Torrej\u00f3n","jornada","salud mental","trabajo"],"articleSection":["Educaci\u00f3n para la salud","Promoci\u00f3n de la salud"],"inLanguage":"es","potentialAction":[{"@type":"CommentAction","name":"Comment","target":["https:\/\/riberasalud.com\/rsc\/2024\/10\/09\/el-hospital-publico-universitario-de-torrejon-celebra-el-dia-mundial-de-la-salud-mental-con-una-jornada-sobre-los-beneficios-del-trabajo-en-la-enfermedad-mental\/#respond"]}]},{"@type":"WebPage","@id":"https:\/\/riberasalud.com\/rsc\/2024\/10\/09\/el-hospital-publico-universitario-de-torrejon-celebra-el-dia-mundial-de-la-salud-mental-con-una-jornada-sobre-los-beneficios-del-trabajo-en-la-enfermedad-mental\/","url":"https:\/\/riberasalud.com\/rsc\/2024\/10\/09\/el-hospital-publico-universitario-de-torrejon-celebra-el-dia-mundial-de-la-salud-mental-con-una-jornada-sobre-los-beneficios-del-trabajo-en-la-enfermedad-mental\/","name":"El Hospital p\u00fablico Universitario de Torrej\u00f3n celebra el D\u00eda Mundial de la Salud Mental con una jornada sobre los beneficios del trabajo en la enfermedad mental - RSC Grupo sanitario Ribera","isPartOf":{"@id":"https:\/\/riberasalud.com\/rsc\/#website"},"primaryImageOfPage":{"@id":"https:\/\/riberasalud.com\/rsc\/2024\/10\/09\/el-hospital-publico-universitario-de-torrejon-celebra-el-dia-mundial-de-la-salud-mental-con-una-jornada-sobre-los-beneficios-del-trabajo-en-la-enfermedad-mental\/#primaryimage"},"image":{"@id":"https:\/\/riberasalud.com\/rsc\/2024\/10\/09\/el-hospital-publico-universitario-de-torrejon-celebra-el-dia-mundial-de-la-salud-mental-con-una-jornada-sobre-los-beneficios-del-trabajo-en-la-enfermedad-mental\/#primaryimage"},"thumbnailUrl":"https:\/\/riberasalud.com\/rsc\/wp-content\/uploads\/2024\/10\/HUT-DM-SALUD-MENTAL-2.jpg","datePublished":"2024-10-09T07:50:00+00:00","dateModified":"2024-10-10T08:13:56+00:00","description":"El Hospital Universitario de Torrej\u00f3n, celebra el D\u00eda Mundial de la Salud Mental con una jornada sobre la salud mental en el \u00e1mbito laboral.","breadcrumb":{"@id":"https:\/\/riberasalud.com\/rsc\/2024\/10\/09\/el-hospital-publico-universitario-de-torrejon-celebra-el-dia-mundial-de-la-salud-mental-con-una-jornada-sobre-los-beneficios-del-trabajo-en-la-enfermedad-mental\/#breadcrumb"},"inLanguage":"es","potentialAction":[{"@type":"ReadAction","target":["https:\/\/riberasalud.com\/rsc\/2024\/10\/09\/el-hospital-publico-universitario-de-torrejon-celebra-el-dia-mundial-de-la-salud-mental-con-una-jornada-sobre-los-beneficios-del-trabajo-en-la-enfermedad-mental\/"]}]},{"@type":"ImageObject","inLanguage":"es","@id":"https:\/\/riberasalud.com\/rsc\/2024\/10\/09\/el-hospital-publico-universitario-de-torrejon-celebra-el-dia-mundial-de-la-salud-mental-con-una-jornada-sobre-los-beneficios-del-trabajo-en-la-enfermedad-mental\/#primaryimage","url":"https:\/\/riberasalud.com\/rsc\/wp-content\/uploads\/2024\/10\/HUT-DM-SALUD-MENTAL-2.jpg","contentUrl":"https:\/\/riberasalud.com\/rsc\/wp-content\/uploads\/2024\/10\/HUT-DM-SALUD-MENTAL-2.jpg","width":800,"height":533},{"@type":"BreadcrumbList","@id":"https:\/\/riberasalud.com\/rsc\/2024\/10\/09\/el-hospital-publico-universitario-de-torrejon-celebra-el-dia-mundial-de-la-salud-mental-con-una-jornada-sobre-los-beneficios-del-trabajo-en-la-enfermedad-mental\/#breadcrumb","itemListElement":[{"@type":"ListItem","position":1,"name":"Portada","item":"https:\/\/riberasalud.com\/rsc\/"},{"@type":"ListItem","position":2,"name":"El Hospital p\u00fablico Universitario de Torrej\u00f3n celebra el D\u00eda Mundial de la Salud Mental con una jornada sobre los beneficios del trabajo en la enfermedad mental"}]},{"@type":"WebSite","@id":"https:\/\/riberasalud.com\/rsc\/#website","url":"https:\/\/riberasalud.com\/rsc\/","name":"RSC Grupo sanitario Ribera","description":"","publisher":{"@id":"https:\/\/riberasalud.com\/rsc\/#organization"},"potentialAction":[{"@type":"SearchAction","target":{"@type":"EntryPoint","urlTemplate":"https:\/\/riberasalud.com\/rsc\/?s={search_term_string}"},"query-input":{"@type":"PropertyValueSpecification","valueRequired":true,"valueName":"search_term_string"}}],"inLanguage":"es"},{"@type":"Organization","@id":"https:\/\/riberasalud.com\/rsc\/#organization","name":"RSC Grupo sanitario Ribera","url":"https:\/\/riberasalud.com\/rsc\/","logo":{"@type":"ImageObject","inLanguage":"es","@id":"https:\/\/riberasalud.com\/rsc\/#\/schema\/logo\/image\/","url":"https:\/\/riberasalud.com\/rsc\/wp-content\/uploads\/2021\/05\/cropped-Logotipo-Red.png","contentUrl":"https:\/\/riberasalud.com\/rsc\/wp-content\/uploads\/2021\/05\/cropped-Logotipo-Red.png","width":500,"height":198,"caption":"RSC Grupo sanitario Ribera"},"image":{"@id":"https:\/\/riberasalud.com\/rsc\/#\/schema\/logo\/image\/"}},{"@type":"Person","@id":"https:\/\/riberasalud.com\/rsc\/#\/schema\/person\/9fd1aa6494dbcd8ed96ae8834fbba154","name":"mgisbert","image":{"@type":"ImageObject","inLanguage":"es","@id":"https:\/\/riberasalud.com\/rsc\/#\/schema\/person\/image\/","url":"https:\/\/secure.gravatar.com\/avatar\/c6ea6b4565349d6805f473ae19ae5bac4a1d79f67166bb8197a599cdc8f997a0?s=96&d=mm&r=g","contentUrl":"https:\/\/secure.gravatar.com\/avatar\/c6ea6b4565349d6805f473ae19ae5bac4a1d79f67166bb8197a599cdc8f997a0?s=96&d=mm&r=g","caption":"mgisbert"},"url":"https:\/\/riberasalud.com\/rsc\/author\/mgisbert\/"}]}},"author_meta":{"display_name":"mgisbert","author_link":"https:\/\/riberasalud.com\/rsc\/author\/mgisbert\/"},"featured_img":"https:\/\/riberasalud.com\/rsc\/wp-content\/uploads\/2024\/10\/HUT-DM-SALUD-MENTAL-2-300x200.jpg","pbg_featured_image_src":{"full":["https:\/\/riberasalud.com\/rsc\/wp-content\/uploads\/2024\/10\/HUT-DM-SALUD-MENTAL-2.jpg",800,533,false],"thumbnail":["https:\/\/riberasalud.com\/rsc\/wp-content\/uploads\/2024\/10\/HUT-DM-SALUD-MENTAL-2-150x150.jpg",150,150,true],"medium":["https:\/\/riberasalud.com\/rsc\/wp-content\/uploads\/2024\/10\/HUT-DM-SALUD-MENTAL-2-300x200.jpg",300,200,true],"medium_large":["https:\/\/riberasalud.com\/rsc\/wp-content\/uploads\/2024\/10\/HUT-DM-SALUD-MENTAL-2-768x512.jpg",768,512,true],"large":["https:\/\/riberasalud.com\/rsc\/wp-content\/uploads\/2024\/10\/HUT-DM-SALUD-MENTAL-2.jpg",800,533,false],"xl":["https:\/\/riberasalud.com\/rsc\/wp-content\/uploads\/2024\/10\/HUT-DM-SALUD-MENTAL-2.jpg",800,533,false],"xxl":["https:\/\/riberasalud.com\/rsc\/wp-content\/uploads\/2024\/10\/HUT-DM-SALUD-MENTAL-2.jpg",800,533,false],"xxxl":["https:\/\/riberasalud.com\/rsc\/wp-content\/uploads\/2024\/10\/HUT-DM-SALUD-MENTAL-2.jpg",800,533,false],"xxxxl":["https:\/\/riberasalud.com\/rsc\/wp-content\/uploads\/2024\/10\/HUT-DM-SALUD-MENTAL-2.jpg",800,533,false],"xxxxxl":["https:\/\/riberasalud.com\/rsc\/wp-content\/uploads\/2024\/10\/HUT-DM-SALUD-MENTAL-2.jpg",800,533,false],"1536x1536":["https:\/\/riberasalud.com\/rsc\/wp-content\/uploads\/2024\/10\/HUT-DM-SALUD-MENTAL-2.jpg",800,533,false],"2048x2048":["https:\/\/riberasalud.com\/rsc\/wp-content\/uploads\/2024\/10\/HUT-DM-SALUD-MENTAL-2.jpg",800,533,false]},"pbg_author_info":{"display_name":"mgisbert","author_link":"https:\/\/riberasalud.com\/rsc\/author\/mgisbert\/","author_img":"<img alt='mgisbert' src='https:\/\/secure.gravatar.com\/avatar\/c6ea6b4565349d6805f473ae19ae5bac4a1d79f67166bb8197a599cdc8f997a0?s=128&#038;d=mm&#038;r=g' srcset='https:\/\/secure.gravatar.com\/avatar\/c6ea6b4565349d6805f473ae19ae5bac4a1d79f67166bb8197a599cdc8f997a0?s=256&#038;d=mm&#038;r=g 2x' class='avatar avatar-128 photo' height='128' width='128' loading='lazy' decoding='async'\/>"},"pbg_comment_info":" No Comments","pbg_excerpt":"El servicio de Salud Mental del centro torrejonero liderar\u00e1 una jornada sobre la aportaci\u00f3n en positivo del trabajo en la enfermedad mental Diferentes especialistas explicar\u00e1n y analizar\u00e1n c\u00f3mo la integraci\u00f3n laboral puede jugar un papel fundamental en la salud y bienestar de la poblaci\u00f3n El Hospital Universitario de Torrej\u00f3n, perteneciente a la red p\u00fablica de&hellip;","uagb_featured_image_src":{"full":["https:\/\/riberasalud.com\/rsc\/wp-content\/uploads\/2024\/10\/HUT-DM-SALUD-MENTAL-2.jpg",800,533,false],"thumbnail":["https:\/\/riberasalud.com\/rsc\/wp-content\/uploads\/2024\/10\/HUT-DM-SALUD-MENTAL-2-150x150.jpg",150,150,true],"medium":["https:\/\/riberasalud.com\/rsc\/wp-content\/uploads\/2024\/10\/HUT-DM-SALUD-MENTAL-2-300x200.jpg",300,200,true],"medium_large":["https:\/\/riberasalud.com\/rsc\/wp-content\/uploads\/2024\/10\/HUT-DM-SALUD-MENTAL-2-768x512.jpg",768,512,true],"large":["https:\/\/riberasalud.com\/rsc\/wp-content\/uploads\/2024\/10\/HUT-DM-SALUD-MENTAL-2.jpg",800,533,false],"xl":["https:\/\/riberasalud.com\/rsc\/wp-content\/uploads\/2024\/10\/HUT-DM-SALUD-MENTAL-2.jpg",800,533,false],"xxl":["https:\/\/riberasalud.com\/rsc\/wp-content\/uploads\/2024\/10\/HUT-DM-SALUD-MENTAL-2.jpg",800,533,false],"xxxl":["https:\/\/riberasalud.com\/rsc\/wp-content\/uploads\/2024\/10\/HUT-DM-SALUD-MENTAL-2.jpg",800,533,false],"xxxxl":["https:\/\/riberasalud.com\/rsc\/wp-content\/uploads\/2024\/10\/HUT-DM-SALUD-MENTAL-2.jpg",800,533,false],"xxxxxl":["https:\/\/riberasalud.com\/rsc\/wp-content\/uploads\/2024\/10\/HUT-DM-SALUD-MENTAL-2.jpg",800,533,false],"1536x1536":["https:\/\/riberasalud.com\/rsc\/wp-content\/uploads\/2024\/10\/HUT-DM-SALUD-MENTAL-2.jpg",800,533,false],"2048x2048":["https:\/\/riberasalud.com\/rsc\/wp-content\/uploads\/2024\/10\/HUT-DM-SALUD-MENTAL-2.jpg",800,533,false]},"uagb_author_info":{"display_name":"mgisbert","author_link":"https:\/\/riberasalud.com\/rsc\/author\/mgisbert\/"},"uagb_comment_info":0,"uagb_excerpt":"El servicio de Salud Mental del centro torrejonero liderar\u00e1 una jornada sobre la aportaci\u00f3n en positivo del trabajo en la enfermedad mental Diferentes especialistas explicar\u00e1n y analizar\u00e1n c\u00f3mo la integraci\u00f3n laboral puede jugar un papel fundamental en la salud y bienestar de la poblaci\u00f3n El Hospital Universitario de Torrej\u00f3n, perteneciente a la red p\u00fablica de&hellip;","coauthors":[],"tax_additional":{"categories":{"linked":["<a href=\"https:\/\/riberasalud.com\/rsc\/category\/educacion-para-la-salud\/\" class=\"advgb-post-tax-term\">Educaci\u00f3n para la salud<\/a>","<a href=\"https:\/\/riberasalud.com\/rsc\/category\/promocion-de-la-salud\/\" class=\"advgb-post-tax-term\">Promoci\u00f3n de la salud<\/a>"],"unlinked":["<span class=\"advgb-post-tax-term\">Educaci\u00f3n para la salud<\/span>","<span class=\"advgb-post-tax-term\">Promoci\u00f3n de la salud<\/span>"]},"tags":{"linked":["<a href=\"https:\/\/riberasalud.com\/rsc\/category\/promocion-de-la-salud\/\" class=\"advgb-post-tax-term\">bienestar<\/a>","<a href=\"https:\/\/riberasalud.com\/rsc\/category\/promocion-de-la-salud\/\" class=\"advgb-post-tax-term\">D\u00eda Mundial de la Salud Mental<\/a>","<a href=\"https:\/\/riberasalud.com\/rsc\/category\/promocion-de-la-salud\/\" class=\"advgb-post-tax-term\">Hospital Universitario de Torrej\u00f3n<\/a>","<a href=\"https:\/\/riberasalud.com\/rsc\/category\/promocion-de-la-salud\/\" class=\"advgb-post-tax-term\">jornada<\/a>","<a href=\"https:\/\/riberasalud.com\/rsc\/category\/promocion-de-la-salud\/\" class=\"advgb-post-tax-term\">salud mental<\/a>","<a href=\"https:\/\/riberasalud.com\/rsc\/category\/promocion-de-la-salud\/\" class=\"advgb-post-tax-term\">trabajo<\/a>"],"unlinked":["<span class=\"advgb-post-tax-term\">bienestar<\/span>","<span class=\"advgb-post-tax-term\">D\u00eda Mundial de la Salud Mental<\/span>","<span class=\"advgb-post-tax-term\">Hospital Universitario de Torrej\u00f3n<\/span>","<span class=\"advgb-post-tax-term\">jornada<\/span>","<span class=\"advgb-post-tax-term\">salud mental<\/span>","<span class=\"advgb-post-tax-term\">trabajo<\/span>"]}},"comment_count":"0","relative_dates":{"created":"Publicado 2 a\u00f1os hace","modified":"Actualizado 2 a\u00f1os hace"},"absolute_dates":{"created":"Publicado el 9 de octubre de 2024","modified":"Actualizado el 10 de octubre de 2024"},"absolute_dates_time":{"created":"Publicado el 9 de octubre de 2024 07:50","modified":"Actualizado el 10 de octubre de 2024 08:13"},"featured_img_caption":"","series_order":"","_links":{"self":[{"href":"https:\/\/riberasalud.com\/rsc\/wp-json\/wp\/v2\/posts\/4120","targetHints":{"allow":["GET"]}}],"collection":[{"href":"https:\/\/riberasalud.com\/rsc\/wp-json\/wp\/v2\/posts"}],"about":[{"href":"https:\/\/riberasalud.com\/rsc\/wp-json\/wp\/v2\/types\/post"}],"author":[{"embeddable":true,"href":"https:\/\/riberasalud.com\/rsc\/wp-json\/wp\/v2\/users\/5"}],"replies":[{"embeddable":true,"href":"https:\/\/riberasalud.com\/rsc\/wp-json\/wp\/v2\/comments?post=4120"}],"version-history":[{"count":1,"href":"https:\/\/riberasalud.com\/rsc\/wp-json\/wp\/v2\/posts\/4120\/revisions"}],"predecessor-version":[{"id":4122,"href":"https:\/\/riberasalud.com\/rsc\/wp-json\/wp\/v2\/posts\/4120\/revisions\/4122"}],"wp:featuredmedia":[{"embeddable":true,"href":"https:\/\/riberasalud.com\/rsc\/wp-json\/wp\/v2\/media\/4123"}],"wp:attachment":[{"href":"https:\/\/riberasalud.com\/rsc\/wp-json\/wp\/v2\/media?parent=4120"}],"wp:term":[{"taxonomy":"category","embeddable":true,"href":"https:\/\/riberasalud.com\/rsc\/wp-json\/wp\/v2\/categories?post=4120"},{"taxonomy":"post_tag","embeddable":true,"href":"https:\/\/riberasalud.com\/rsc\/wp-json\/wp\/v2\/tags?post=4120"}],"curies":[{"name":"wp","href":"https:\/\/api.w.org\/{rel}","templated":true}]}}