{"id":3785,"date":"2024-04-15T15:28:24","date_gmt":"2024-04-15T15:28:24","guid":{"rendered":"https:\/\/riberasalud.com\/rsc\/?p=3785"},"modified":"2024-04-15T15:28:31","modified_gmt":"2024-04-15T15:28:31","slug":"el-camino-de-cervantes-conmemora-el-dia-mundial-del-parkinson-en-nuevo-baztan","status":"publish","type":"post","link":"https:\/\/riberasalud.com\/rsc\/2024\/04\/15\/el-camino-de-cervantes-conmemora-el-dia-mundial-del-parkinson-en-nuevo-baztan\/","title":{"rendered":"El Camino de Cervantes conmemora el D\u00eda Mundial del Parkinson en Nuevo Bazt\u00e1n"},"content":{"rendered":"\n<ul class=\"wp-block-list\"><li><em>El Servicio de Neurolog\u00eda del centro abord\u00f3 todo lo relativo a la prevenci\u00f3n, tratamiento y concienciaci\u00f3n de esta patolog\u00eda degenerativa<\/em><\/li><li><em>El evento cont\u00f3 con la colaboraci\u00f3n y el apoyo de la Asociaci\u00f3n de Parkinson de Torrej\u00f3n, que ofreci\u00f3 su atenci\u00f3n y recursos a todos los caminantes<\/em><\/li><\/ul>\n\n\n\n<p>El\u00a0<a href=\"https:\/\/protect2.fireeye.com\/v1\/url?k=31323334-501d5122-3135aa27-454445555731-46fa6fe96dc91fd8&amp;q=1&amp;e=700dbbe5-eaf1-4787-bd7c-c931c2043dcf&amp;u=https%3A%2F%2Fwww.hospitaldetorrejon.es%2F\">Hospital Universitario de Torrej\u00f3n<\/a>, perteneciente a la red p\u00fablica de la Comunidad de Madrid, dedic\u00f3 la decimocuarta ruta del\u00a0<a href=\"https:\/\/protect2.fireeye.com\/v1\/url?k=31323334-501d5122-3135aa27-454445555731-dc5e148b1cd16460&amp;q=1&amp;e=700dbbe5-eaf1-4787-bd7c-c931c2043dcf&amp;u=https%3A%2F%2Fwww.hospitaldetorrejon.es%2Fcamino-de-cervantes%2F\" class=\"ek-link\">Camino de Cervantes<\/a>, su proyecto de senderismo, a la prevenci\u00f3n, concienciaci\u00f3n y tratamiento del Parkinson. M\u00e1s de 400 caminantes se reunieron en el municipio de Nuevo Bazt\u00e1n para participar en esta iniciativa, centrada en promover los h\u00e1bitos de vida saludables entre la poblaci\u00f3n a trav\u00e9s de la promoci\u00f3n de la salud y prevenci\u00f3n de la enfermedad, en busca de un estilo de vida activo y saludable.<\/p>\n\n\n\n<p>Enmarcada en el D\u00eda Mundial del Parkinson, la ruta recorri\u00f3 unos 6 kil\u00f3metros aproximadamente de los bellos parajes del municipio de Nuevo Bazt\u00e1n, atravesando el casco antiguo y alternando prados verdes y amarillos con senderos monta\u00f1osos entre encinas, jaras, romeros y olivares. Los c\u00f3modos tramos llanos pronto dieron paso a un descenso pedregoso y a una exigente subida que permiti\u00f3 subir pulsaciones para trabajar la salud cardiovascular. La actividad permiti\u00f3 disfrutar de la naturaleza con un clima inmejorable en el que una leve brisa acompa\u00f1aba los rayos de sol.<\/p>\n\n\n\n<p>Adem\u00e1s de la actividad f\u00edsica, a la conclusi\u00f3n de la etapa se ofreci\u00f3 una charla sobre la prevenci\u00f3n, tratamiento y concienciaci\u00f3n del Parkinson.&nbsp;<strong>Marta Gonz\u00e1lez, Jefa del Servicio de Neurolog\u00eda del Hospital Universitario de Torrej\u00f3n,&nbsp;<\/strong>junto con la&nbsp;<strong>Asociaci\u00f3n del Parkinson<\/strong>&nbsp;de Torrej\u00f3n, se encarg\u00f3 de ofrecer la mejor informaci\u00f3n y recursos sobre esta patolog\u00eda degenerativa. Cerca de 50 caminantes asistieron a la habitual charla de promoci\u00f3n de la salud y prevenci\u00f3n de la enfermedad.<\/p>\n\n\n\n<p>El evento tambi\u00e9n cont\u00f3 con la colaboraci\u00f3n y el apoyo del Ayuntamiento de Nuevo Bazt\u00e1n, representados por <strong>Mercedes Pic\u00f3n, Concejala de Sanidad,\u00a0<\/strong>e\u00a0<strong>Isabel Gonz\u00e1lez, de Servicios de Desarrollo<\/strong>. Ambas agradecieron la presencia de todos los caminantes y dieron la salida junto a\u00a0<strong>Pablo Agull\u00f3, Responsable de Comunicaci\u00f3n del Hospital Universitario de Torrej\u00f3n,<\/strong>\u00a0que destac\u00f3 el compromiso del Ayuntamiento y de Protecci\u00f3n Civil de Nuevo Bazt\u00e1n para hacer posible una nueva etapa del Camino de Cervantes.<\/p>\n\n\n\n<p>La pr\u00f3xima caminata tendr\u00e1 lugar el domingo 21 de abril en Pozuelo del Rey. Para obtener m\u00e1s informaci\u00f3n se puede consultar&nbsp;el&nbsp;<a href=\"https:\/\/protect2.fireeye.com\/v1\/url?k=31323334-501d5122-3135aa27-454445555731-9457e8c4eb698019&amp;q=1&amp;e=700dbbe5-eaf1-4787-bd7c-c931c2043dcf&amp;u=https%3A%2F%2Fwww.facebook.com%2Fcaminodecervantes\">Facebook del Camino de Cervantes<\/a>&nbsp;o la aplicaci\u00f3n&nbsp;<a href=\"https:\/\/qr.riberasalud.com\/riberacamina\">Ribera Camina<\/a>.<\/p>\n","protected":false},"excerpt":{"rendered":"<p>El Servicio de Neurolog\u00eda del centro abord\u00f3 todo lo relativo a la prevenci\u00f3n, tratamiento y concienciaci\u00f3n de esta patolog\u00eda degenerativa El evento cont\u00f3 con la colaboraci\u00f3n y el apoyo de la Asociaci\u00f3n de Parkinson de Torrej\u00f3n, que ofreci\u00f3 su atenci\u00f3n y recursos a todos los caminantes El\u00a0Hospital Universitario de Torrej\u00f3n, perteneciente a la red p\u00fablica &#8230; <a title=\"El Camino de Cervantes conmemora el D\u00eda Mundial del Parkinson en Nuevo Bazt\u00e1n\" class=\"read-more\" href=\"https:\/\/riberasalud.com\/rsc\/2024\/04\/15\/el-camino-de-cervantes-conmemora-el-dia-mundial-del-parkinson-en-nuevo-baztan\/\" aria-label=\"Leer m\u00e1s sobre El Camino de Cervantes conmemora el D\u00eda Mundial del Parkinson en Nuevo Bazt\u00e1n\">Leer m\u00e1s<\/a><\/p>\n","protected":false},"author":2,"featured_media":3786,"comment_status":"open","ping_status":"open","sticky":false,"template":"","format":"standard","meta":{"_editorskit_title_hidden":false,"_editorskit_reading_time":1,"_editorskit_is_block_options_detached":false,"_editorskit_block_options_position":"{}","_coblocks_attr":"","_coblocks_dimensions":"","_coblocks_responsive_height":"","_coblocks_accordion_ie_support":"","_uag_custom_page_level_css":"","advgb_blocks_editor_width":"","advgb_blocks_columns_visual_guide":"","_monsterinsights_skip_tracking":false,"_monsterinsights_sitenote_active":false,"_monsterinsights_sitenote_note":"","_monsterinsights_sitenote_category":0,"footnotes":""},"categories":[207,203],"tags":[110,450,182,112],"class_list":["post-3785","post","type-post","status-publish","format-standard","has-post-thumbnail","hentry","category-alianzas-con-el-entorno","category-educacion-para-la-salud","tag-camino-de-cervantes","tag-dia-mundial-del-parkinson","tag-neurologia","tag-ribera-camina"],"featured_image_urls_v2":{"full":["https:\/\/riberasalud.com\/rsc\/wp-content\/uploads\/2024\/04\/HUT_CAMINO-DE-CERVANTES-NUEVO-BAZTA\u0301N-3.jpg",800,533,false],"thumbnail":["https:\/\/riberasalud.com\/rsc\/wp-content\/uploads\/2024\/04\/HUT_CAMINO-DE-CERVANTES-NUEVO-BAZTA\u0301N-3-150x150.jpg",150,150,true],"medium":["https:\/\/riberasalud.com\/rsc\/wp-content\/uploads\/2024\/04\/HUT_CAMINO-DE-CERVANTES-NUEVO-BAZTA\u0301N-3-300x200.jpg",300,200,true],"medium_large":["https:\/\/riberasalud.com\/rsc\/wp-content\/uploads\/2024\/04\/HUT_CAMINO-DE-CERVANTES-NUEVO-BAZTA\u0301N-3-768x512.jpg",768,512,true],"large":["https:\/\/riberasalud.com\/rsc\/wp-content\/uploads\/2024\/04\/HUT_CAMINO-DE-CERVANTES-NUEVO-BAZTA\u0301N-3.jpg",800,533,false],"xl":["https:\/\/riberasalud.com\/rsc\/wp-content\/uploads\/2024\/04\/HUT_CAMINO-DE-CERVANTES-NUEVO-BAZTA\u0301N-3.jpg",800,533,false],"xxl":["https:\/\/riberasalud.com\/rsc\/wp-content\/uploads\/2024\/04\/HUT_CAMINO-DE-CERVANTES-NUEVO-BAZTA\u0301N-3.jpg",800,533,false],"xxxl":["https:\/\/riberasalud.com\/rsc\/wp-content\/uploads\/2024\/04\/HUT_CAMINO-DE-CERVANTES-NUEVO-BAZTA\u0301N-3.jpg",800,533,false],"xxxxl":["https:\/\/riberasalud.com\/rsc\/wp-content\/uploads\/2024\/04\/HUT_CAMINO-DE-CERVANTES-NUEVO-BAZTA\u0301N-3.jpg",800,533,false],"xxxxxl":["https:\/\/riberasalud.com\/rsc\/wp-content\/uploads\/2024\/04\/HUT_CAMINO-DE-CERVANTES-NUEVO-BAZTA\u0301N-3.jpg",800,533,false],"1536x1536":["https:\/\/riberasalud.com\/rsc\/wp-content\/uploads\/2024\/04\/HUT_CAMINO-DE-CERVANTES-NUEVO-BAZTA\u0301N-3.jpg",800,533,false],"2048x2048":["https:\/\/riberasalud.com\/rsc\/wp-content\/uploads\/2024\/04\/HUT_CAMINO-DE-CERVANTES-NUEVO-BAZTA\u0301N-3.jpg",800,533,false]},"post_excerpt_stackable_v2":"<p>El Servicio de Neurolog\u00eda del centro abord\u00f3 todo lo relativo a la prevenci\u00f3n, tratamiento y concienciaci\u00f3n de esta patolog\u00eda degenerativaEl evento cont\u00f3 con la colaboraci\u00f3n y el apoyo de la Asociaci\u00f3n de Parkinson de Torrej\u00f3n, que ofreci\u00f3 su atenci\u00f3n y recursos a todos los caminantes El\u00a0Hospital Universitario de Torrej\u00f3n, perteneciente a la red p\u00fablica de la Comunidad de Madrid, dedic\u00f3 la decimocuarta ruta del\u00a0Camino de Cervantes, su proyecto de senderismo, a la prevenci\u00f3n, concienciaci\u00f3n y tratamiento del Parkinson. M\u00e1s de 400 caminantes se reunieron en el municipio de Nuevo Bazt\u00e1n para participar en esta iniciativa, centrada en promover los h\u00e1bitos&hellip;<\/p>\n","category_list_v2":"<a href=\"https:\/\/riberasalud.com\/rsc\/category\/alianzas-con-el-entorno\/\" rel=\"category tag\">Alianzas con el entorno<\/a>, <a href=\"https:\/\/riberasalud.com\/rsc\/category\/educacion-para-la-salud\/\" rel=\"category tag\">Educaci\u00f3n para la salud<\/a>","author_info_v2":{"name":"Mar Sanchez","url":"https:\/\/riberasalud.com\/rsc\/author\/msotoriberasalud-es\/"},"comments_num_v2":"0 comentarios","yoast_head":"<!-- This site is optimized with the Yoast SEO plugin v26.6 - https:\/\/yoast.com\/wordpress\/plugins\/seo\/ -->\n<title>El Camino de Cervantes conmemora el D\u00eda Mundial del Parkinson en Nuevo Bazt\u00e1n - RSC Grupo sanitario Ribera<\/title>\n<meta name=\"description\" content=\"El Servicio de Neurolog\u00eda del centro abord\u00f3 todo lo relativo a la prevenci\u00f3n, tratamiento y concienciaci\u00f3n de esta patolog\u00eda degenerativa\" \/>\n<meta name=\"robots\" content=\"index, follow, max-snippet:-1, max-image-preview:large, max-video-preview:-1\" \/>\n<link rel=\"canonical\" href=\"https:\/\/riberasalud.com\/rsc\/2024\/04\/15\/el-camino-de-cervantes-conmemora-el-dia-mundial-del-parkinson-en-nuevo-baztan\/\" \/>\n<meta property=\"og:locale\" content=\"es_ES\" \/>\n<meta property=\"og:type\" content=\"article\" \/>\n<meta property=\"og:title\" content=\"El Camino de Cervantes conmemora el D\u00eda Mundial del Parkinson en Nuevo Bazt\u00e1n - RSC Grupo sanitario Ribera\" \/>\n<meta property=\"og:description\" content=\"El Servicio de Neurolog\u00eda del centro abord\u00f3 todo lo relativo a la prevenci\u00f3n, tratamiento y concienciaci\u00f3n de esta patolog\u00eda degenerativa\" \/>\n<meta property=\"og:url\" content=\"https:\/\/riberasalud.com\/rsc\/2024\/04\/15\/el-camino-de-cervantes-conmemora-el-dia-mundial-del-parkinson-en-nuevo-baztan\/\" \/>\n<meta property=\"og:site_name\" content=\"RSC Grupo sanitario Ribera\" \/>\n<meta property=\"article:published_time\" content=\"2024-04-15T15:28:24+00:00\" \/>\n<meta property=\"article:modified_time\" content=\"2024-04-15T15:28:31+00:00\" \/>\n<meta property=\"og:image\" content=\"https:\/\/riberasalud.com\/rsc\/wp-content\/uploads\/2024\/04\/HUT_CAMINO-DE-CERVANTES-NUEVO-BAZTA\u0301N-3.jpg\" \/>\n\t<meta property=\"og:image:width\" content=\"800\" \/>\n\t<meta property=\"og:image:height\" content=\"533\" \/>\n\t<meta property=\"og:image:type\" content=\"image\/jpeg\" \/>\n<meta name=\"author\" content=\"Mar Sanchez\" \/>\n<meta name=\"twitter:card\" content=\"summary_large_image\" \/>\n<meta name=\"twitter:label1\" content=\"Escrito por\" \/>\n\t<meta name=\"twitter:data1\" content=\"Mar Sanchez\" \/>\n\t<meta name=\"twitter:label2\" content=\"Tiempo de lectura\" \/>\n\t<meta name=\"twitter:data2\" content=\"2 minutos\" \/>\n<script type=\"application\/ld+json\" class=\"yoast-schema-graph\">{\"@context\":\"https:\/\/schema.org\",\"@graph\":[{\"@type\":\"Article\",\"@id\":\"https:\/\/riberasalud.com\/rsc\/2024\/04\/15\/el-camino-de-cervantes-conmemora-el-dia-mundial-del-parkinson-en-nuevo-baztan\/#article\",\"isPartOf\":{\"@id\":\"https:\/\/riberasalud.com\/rsc\/2024\/04\/15\/el-camino-de-cervantes-conmemora-el-dia-mundial-del-parkinson-en-nuevo-baztan\/\"},\"author\":{\"name\":\"Mar Sanchez\",\"@id\":\"https:\/\/riberasalud.com\/rsc\/#\/schema\/person\/11c4e77d56d084661ced188afcae969f\"},\"headline\":\"El Camino de Cervantes conmemora el D\u00eda Mundial del Parkinson en Nuevo Bazt\u00e1n\",\"datePublished\":\"2024-04-15T15:28:24+00:00\",\"dateModified\":\"2024-04-15T15:28:31+00:00\",\"mainEntityOfPage\":{\"@id\":\"https:\/\/riberasalud.com\/rsc\/2024\/04\/15\/el-camino-de-cervantes-conmemora-el-dia-mundial-del-parkinson-en-nuevo-baztan\/\"},\"wordCount\":475,\"commentCount\":0,\"publisher\":{\"@id\":\"https:\/\/riberasalud.com\/rsc\/#organization\"},\"image\":{\"@id\":\"https:\/\/riberasalud.com\/rsc\/2024\/04\/15\/el-camino-de-cervantes-conmemora-el-dia-mundial-del-parkinson-en-nuevo-baztan\/#primaryimage\"},\"thumbnailUrl\":\"https:\/\/riberasalud.com\/rsc\/wp-content\/uploads\/2024\/04\/HUT_CAMINO-DE-CERVANTES-NUEVO-BAZTA\u0301N-3.jpg\",\"keywords\":[\"camino de cervantes\",\"D\u00eda Mundial del Parkinson\",\"neurolog\u00eda\",\"Ribera camina\"],\"articleSection\":[\"Alianzas con el entorno\",\"Educaci\u00f3n para la salud\"],\"inLanguage\":\"es\",\"potentialAction\":[{\"@type\":\"CommentAction\",\"name\":\"Comment\",\"target\":[\"https:\/\/riberasalud.com\/rsc\/2024\/04\/15\/el-camino-de-cervantes-conmemora-el-dia-mundial-del-parkinson-en-nuevo-baztan\/#respond\"]}]},{\"@type\":\"WebPage\",\"@id\":\"https:\/\/riberasalud.com\/rsc\/2024\/04\/15\/el-camino-de-cervantes-conmemora-el-dia-mundial-del-parkinson-en-nuevo-baztan\/\",\"url\":\"https:\/\/riberasalud.com\/rsc\/2024\/04\/15\/el-camino-de-cervantes-conmemora-el-dia-mundial-del-parkinson-en-nuevo-baztan\/\",\"name\":\"El Camino de Cervantes conmemora el D\u00eda Mundial del Parkinson en Nuevo Bazt\u00e1n - RSC Grupo sanitario Ribera\",\"isPartOf\":{\"@id\":\"https:\/\/riberasalud.com\/rsc\/#website\"},\"primaryImageOfPage\":{\"@id\":\"https:\/\/riberasalud.com\/rsc\/2024\/04\/15\/el-camino-de-cervantes-conmemora-el-dia-mundial-del-parkinson-en-nuevo-baztan\/#primaryimage\"},\"image\":{\"@id\":\"https:\/\/riberasalud.com\/rsc\/2024\/04\/15\/el-camino-de-cervantes-conmemora-el-dia-mundial-del-parkinson-en-nuevo-baztan\/#primaryimage\"},\"thumbnailUrl\":\"https:\/\/riberasalud.com\/rsc\/wp-content\/uploads\/2024\/04\/HUT_CAMINO-DE-CERVANTES-NUEVO-BAZTA\u0301N-3.jpg\",\"datePublished\":\"2024-04-15T15:28:24+00:00\",\"dateModified\":\"2024-04-15T15:28:31+00:00\",\"description\":\"El Servicio de Neurolog\u00eda del centro abord\u00f3 todo lo relativo a la prevenci\u00f3n, tratamiento y concienciaci\u00f3n de esta patolog\u00eda degenerativa\",\"breadcrumb\":{\"@id\":\"https:\/\/riberasalud.com\/rsc\/2024\/04\/15\/el-camino-de-cervantes-conmemora-el-dia-mundial-del-parkinson-en-nuevo-baztan\/#breadcrumb\"},\"inLanguage\":\"es\",\"potentialAction\":[{\"@type\":\"ReadAction\",\"target\":[\"https:\/\/riberasalud.com\/rsc\/2024\/04\/15\/el-camino-de-cervantes-conmemora-el-dia-mundial-del-parkinson-en-nuevo-baztan\/\"]}]},{\"@type\":\"ImageObject\",\"inLanguage\":\"es\",\"@id\":\"https:\/\/riberasalud.com\/rsc\/2024\/04\/15\/el-camino-de-cervantes-conmemora-el-dia-mundial-del-parkinson-en-nuevo-baztan\/#primaryimage\",\"url\":\"https:\/\/riberasalud.com\/rsc\/wp-content\/uploads\/2024\/04\/HUT_CAMINO-DE-CERVANTES-NUEVO-BAZTA\u0301N-3.jpg\",\"contentUrl\":\"https:\/\/riberasalud.com\/rsc\/wp-content\/uploads\/2024\/04\/HUT_CAMINO-DE-CERVANTES-NUEVO-BAZTA\u0301N-3.jpg\",\"width\":800,\"height\":533,\"caption\":\"camino de cervantres\"},{\"@type\":\"BreadcrumbList\",\"@id\":\"https:\/\/riberasalud.com\/rsc\/2024\/04\/15\/el-camino-de-cervantes-conmemora-el-dia-mundial-del-parkinson-en-nuevo-baztan\/#breadcrumb\",\"itemListElement\":[{\"@type\":\"ListItem\",\"position\":1,\"name\":\"Portada\",\"item\":\"https:\/\/riberasalud.com\/rsc\/\"},{\"@type\":\"ListItem\",\"position\":2,\"name\":\"El Camino de Cervantes conmemora el D\u00eda Mundial del Parkinson en Nuevo Bazt\u00e1n\"}]},{\"@type\":\"WebSite\",\"@id\":\"https:\/\/riberasalud.com\/rsc\/#website\",\"url\":\"https:\/\/riberasalud.com\/rsc\/\",\"name\":\"RSC Grupo sanitario Ribera\",\"description\":\"\",\"publisher\":{\"@id\":\"https:\/\/riberasalud.com\/rsc\/#organization\"},\"potentialAction\":[{\"@type\":\"SearchAction\",\"target\":{\"@type\":\"EntryPoint\",\"urlTemplate\":\"https:\/\/riberasalud.com\/rsc\/?s={search_term_string}\"},\"query-input\":{\"@type\":\"PropertyValueSpecification\",\"valueRequired\":true,\"valueName\":\"search_term_string\"}}],\"inLanguage\":\"es\"},{\"@type\":\"Organization\",\"@id\":\"https:\/\/riberasalud.com\/rsc\/#organization\",\"name\":\"RSC Grupo sanitario Ribera\",\"url\":\"https:\/\/riberasalud.com\/rsc\/\",\"logo\":{\"@type\":\"ImageObject\",\"inLanguage\":\"es\",\"@id\":\"https:\/\/riberasalud.com\/rsc\/#\/schema\/logo\/image\/\",\"url\":\"https:\/\/riberasalud.com\/rsc\/wp-content\/uploads\/2021\/05\/cropped-Logotipo-Red.png\",\"contentUrl\":\"https:\/\/riberasalud.com\/rsc\/wp-content\/uploads\/2021\/05\/cropped-Logotipo-Red.png\",\"width\":500,\"height\":198,\"caption\":\"RSC Grupo sanitario Ribera\"},\"image\":{\"@id\":\"https:\/\/riberasalud.com\/rsc\/#\/schema\/logo\/image\/\"}},{\"@type\":\"Person\",\"@id\":\"https:\/\/riberasalud.com\/rsc\/#\/schema\/person\/11c4e77d56d084661ced188afcae969f\",\"name\":\"Mar Sanchez\",\"image\":{\"@type\":\"ImageObject\",\"inLanguage\":\"es\",\"@id\":\"https:\/\/riberasalud.com\/rsc\/#\/schema\/person\/image\/\",\"url\":\"https:\/\/secure.gravatar.com\/avatar\/5fc005413aafe0a1f7d81747fac73740246ee36e4fad7f56eb325711b6c9f209?s=96&d=mm&r=g\",\"contentUrl\":\"https:\/\/secure.gravatar.com\/avatar\/5fc005413aafe0a1f7d81747fac73740246ee36e4fad7f56eb325711b6c9f209?s=96&d=mm&r=g\",\"caption\":\"Mar Sanchez\"},\"url\":\"https:\/\/riberasalud.com\/rsc\/author\/msotoriberasalud-es\/\"}]}<\/script>\n<!-- \/ Yoast SEO plugin. -->","yoast_head_json":{"title":"El Camino de Cervantes conmemora el D\u00eda Mundial del Parkinson en Nuevo Bazt\u00e1n - RSC Grupo sanitario Ribera","description":"El Servicio de Neurolog\u00eda del centro abord\u00f3 todo lo relativo a la prevenci\u00f3n, tratamiento y concienciaci\u00f3n de esta patolog\u00eda degenerativa","robots":{"index":"index","follow":"follow","max-snippet":"max-snippet:-1","max-image-preview":"max-image-preview:large","max-video-preview":"max-video-preview:-1"},"canonical":"https:\/\/riberasalud.com\/rsc\/2024\/04\/15\/el-camino-de-cervantes-conmemora-el-dia-mundial-del-parkinson-en-nuevo-baztan\/","og_locale":"es_ES","og_type":"article","og_title":"El Camino de Cervantes conmemora el D\u00eda Mundial del Parkinson en Nuevo Bazt\u00e1n - RSC Grupo sanitario Ribera","og_description":"El Servicio de Neurolog\u00eda del centro abord\u00f3 todo lo relativo a la prevenci\u00f3n, tratamiento y concienciaci\u00f3n de esta patolog\u00eda degenerativa","og_url":"https:\/\/riberasalud.com\/rsc\/2024\/04\/15\/el-camino-de-cervantes-conmemora-el-dia-mundial-del-parkinson-en-nuevo-baztan\/","og_site_name":"RSC Grupo sanitario Ribera","article_published_time":"2024-04-15T15:28:24+00:00","article_modified_time":"2024-04-15T15:28:31+00:00","og_image":[{"width":800,"height":533,"url":"https:\/\/riberasalud.com\/rsc\/wp-content\/uploads\/2024\/04\/HUT_CAMINO-DE-CERVANTES-NUEVO-BAZTA\u0301N-3.jpg","type":"image\/jpeg"}],"author":"Mar Sanchez","twitter_card":"summary_large_image","twitter_misc":{"Escrito por":"Mar Sanchez","Tiempo de lectura":"2 minutos"},"schema":{"@context":"https:\/\/schema.org","@graph":[{"@type":"Article","@id":"https:\/\/riberasalud.com\/rsc\/2024\/04\/15\/el-camino-de-cervantes-conmemora-el-dia-mundial-del-parkinson-en-nuevo-baztan\/#article","isPartOf":{"@id":"https:\/\/riberasalud.com\/rsc\/2024\/04\/15\/el-camino-de-cervantes-conmemora-el-dia-mundial-del-parkinson-en-nuevo-baztan\/"},"author":{"name":"Mar Sanchez","@id":"https:\/\/riberasalud.com\/rsc\/#\/schema\/person\/11c4e77d56d084661ced188afcae969f"},"headline":"El Camino de Cervantes conmemora el D\u00eda Mundial del Parkinson en Nuevo Bazt\u00e1n","datePublished":"2024-04-15T15:28:24+00:00","dateModified":"2024-04-15T15:28:31+00:00","mainEntityOfPage":{"@id":"https:\/\/riberasalud.com\/rsc\/2024\/04\/15\/el-camino-de-cervantes-conmemora-el-dia-mundial-del-parkinson-en-nuevo-baztan\/"},"wordCount":475,"commentCount":0,"publisher":{"@id":"https:\/\/riberasalud.com\/rsc\/#organization"},"image":{"@id":"https:\/\/riberasalud.com\/rsc\/2024\/04\/15\/el-camino-de-cervantes-conmemora-el-dia-mundial-del-parkinson-en-nuevo-baztan\/#primaryimage"},"thumbnailUrl":"https:\/\/riberasalud.com\/rsc\/wp-content\/uploads\/2024\/04\/HUT_CAMINO-DE-CERVANTES-NUEVO-BAZTA\u0301N-3.jpg","keywords":["camino de cervantes","D\u00eda Mundial del Parkinson","neurolog\u00eda","Ribera camina"],"articleSection":["Alianzas con el entorno","Educaci\u00f3n para la salud"],"inLanguage":"es","potentialAction":[{"@type":"CommentAction","name":"Comment","target":["https:\/\/riberasalud.com\/rsc\/2024\/04\/15\/el-camino-de-cervantes-conmemora-el-dia-mundial-del-parkinson-en-nuevo-baztan\/#respond"]}]},{"@type":"WebPage","@id":"https:\/\/riberasalud.com\/rsc\/2024\/04\/15\/el-camino-de-cervantes-conmemora-el-dia-mundial-del-parkinson-en-nuevo-baztan\/","url":"https:\/\/riberasalud.com\/rsc\/2024\/04\/15\/el-camino-de-cervantes-conmemora-el-dia-mundial-del-parkinson-en-nuevo-baztan\/","name":"El Camino de Cervantes conmemora el D\u00eda Mundial del Parkinson en Nuevo Bazt\u00e1n - RSC Grupo sanitario Ribera","isPartOf":{"@id":"https:\/\/riberasalud.com\/rsc\/#website"},"primaryImageOfPage":{"@id":"https:\/\/riberasalud.com\/rsc\/2024\/04\/15\/el-camino-de-cervantes-conmemora-el-dia-mundial-del-parkinson-en-nuevo-baztan\/#primaryimage"},"image":{"@id":"https:\/\/riberasalud.com\/rsc\/2024\/04\/15\/el-camino-de-cervantes-conmemora-el-dia-mundial-del-parkinson-en-nuevo-baztan\/#primaryimage"},"thumbnailUrl":"https:\/\/riberasalud.com\/rsc\/wp-content\/uploads\/2024\/04\/HUT_CAMINO-DE-CERVANTES-NUEVO-BAZTA\u0301N-3.jpg","datePublished":"2024-04-15T15:28:24+00:00","dateModified":"2024-04-15T15:28:31+00:00","description":"El Servicio de Neurolog\u00eda del centro abord\u00f3 todo lo relativo a la prevenci\u00f3n, tratamiento y concienciaci\u00f3n de esta patolog\u00eda degenerativa","breadcrumb":{"@id":"https:\/\/riberasalud.com\/rsc\/2024\/04\/15\/el-camino-de-cervantes-conmemora-el-dia-mundial-del-parkinson-en-nuevo-baztan\/#breadcrumb"},"inLanguage":"es","potentialAction":[{"@type":"ReadAction","target":["https:\/\/riberasalud.com\/rsc\/2024\/04\/15\/el-camino-de-cervantes-conmemora-el-dia-mundial-del-parkinson-en-nuevo-baztan\/"]}]},{"@type":"ImageObject","inLanguage":"es","@id":"https:\/\/riberasalud.com\/rsc\/2024\/04\/15\/el-camino-de-cervantes-conmemora-el-dia-mundial-del-parkinson-en-nuevo-baztan\/#primaryimage","url":"https:\/\/riberasalud.com\/rsc\/wp-content\/uploads\/2024\/04\/HUT_CAMINO-DE-CERVANTES-NUEVO-BAZTA\u0301N-3.jpg","contentUrl":"https:\/\/riberasalud.com\/rsc\/wp-content\/uploads\/2024\/04\/HUT_CAMINO-DE-CERVANTES-NUEVO-BAZTA\u0301N-3.jpg","width":800,"height":533,"caption":"camino de cervantres"},{"@type":"BreadcrumbList","@id":"https:\/\/riberasalud.com\/rsc\/2024\/04\/15\/el-camino-de-cervantes-conmemora-el-dia-mundial-del-parkinson-en-nuevo-baztan\/#breadcrumb","itemListElement":[{"@type":"ListItem","position":1,"name":"Portada","item":"https:\/\/riberasalud.com\/rsc\/"},{"@type":"ListItem","position":2,"name":"El Camino de Cervantes conmemora el D\u00eda Mundial del Parkinson en Nuevo Bazt\u00e1n"}]},{"@type":"WebSite","@id":"https:\/\/riberasalud.com\/rsc\/#website","url":"https:\/\/riberasalud.com\/rsc\/","name":"RSC Grupo sanitario Ribera","description":"","publisher":{"@id":"https:\/\/riberasalud.com\/rsc\/#organization"},"potentialAction":[{"@type":"SearchAction","target":{"@type":"EntryPoint","urlTemplate":"https:\/\/riberasalud.com\/rsc\/?s={search_term_string}"},"query-input":{"@type":"PropertyValueSpecification","valueRequired":true,"valueName":"search_term_string"}}],"inLanguage":"es"},{"@type":"Organization","@id":"https:\/\/riberasalud.com\/rsc\/#organization","name":"RSC Grupo sanitario Ribera","url":"https:\/\/riberasalud.com\/rsc\/","logo":{"@type":"ImageObject","inLanguage":"es","@id":"https:\/\/riberasalud.com\/rsc\/#\/schema\/logo\/image\/","url":"https:\/\/riberasalud.com\/rsc\/wp-content\/uploads\/2021\/05\/cropped-Logotipo-Red.png","contentUrl":"https:\/\/riberasalud.com\/rsc\/wp-content\/uploads\/2021\/05\/cropped-Logotipo-Red.png","width":500,"height":198,"caption":"RSC Grupo sanitario Ribera"},"image":{"@id":"https:\/\/riberasalud.com\/rsc\/#\/schema\/logo\/image\/"}},{"@type":"Person","@id":"https:\/\/riberasalud.com\/rsc\/#\/schema\/person\/11c4e77d56d084661ced188afcae969f","name":"Mar Sanchez","image":{"@type":"ImageObject","inLanguage":"es","@id":"https:\/\/riberasalud.com\/rsc\/#\/schema\/person\/image\/","url":"https:\/\/secure.gravatar.com\/avatar\/5fc005413aafe0a1f7d81747fac73740246ee36e4fad7f56eb325711b6c9f209?s=96&d=mm&r=g","contentUrl":"https:\/\/secure.gravatar.com\/avatar\/5fc005413aafe0a1f7d81747fac73740246ee36e4fad7f56eb325711b6c9f209?s=96&d=mm&r=g","caption":"Mar Sanchez"},"url":"https:\/\/riberasalud.com\/rsc\/author\/msotoriberasalud-es\/"}]}},"author_meta":{"display_name":"Mar Sanchez","author_link":"https:\/\/riberasalud.com\/rsc\/author\/msotoriberasalud-es\/"},"featured_img":"https:\/\/riberasalud.com\/rsc\/wp-content\/uploads\/2024\/04\/HUT_CAMINO-DE-CERVANTES-NUEVO-BAZTA\u0301N-3-300x200.jpg","pbg_featured_image_src":{"full":["https:\/\/riberasalud.com\/rsc\/wp-content\/uploads\/2024\/04\/HUT_CAMINO-DE-CERVANTES-NUEVO-BAZTA\u0301N-3.jpg",800,533,false],"thumbnail":["https:\/\/riberasalud.com\/rsc\/wp-content\/uploads\/2024\/04\/HUT_CAMINO-DE-CERVANTES-NUEVO-BAZTA\u0301N-3-150x150.jpg",150,150,true],"medium":["https:\/\/riberasalud.com\/rsc\/wp-content\/uploads\/2024\/04\/HUT_CAMINO-DE-CERVANTES-NUEVO-BAZTA\u0301N-3-300x200.jpg",300,200,true],"medium_large":["https:\/\/riberasalud.com\/rsc\/wp-content\/uploads\/2024\/04\/HUT_CAMINO-DE-CERVANTES-NUEVO-BAZTA\u0301N-3-768x512.jpg",768,512,true],"large":["https:\/\/riberasalud.com\/rsc\/wp-content\/uploads\/2024\/04\/HUT_CAMINO-DE-CERVANTES-NUEVO-BAZTA\u0301N-3.jpg",800,533,false],"xl":["https:\/\/riberasalud.com\/rsc\/wp-content\/uploads\/2024\/04\/HUT_CAMINO-DE-CERVANTES-NUEVO-BAZTA\u0301N-3.jpg",800,533,false],"xxl":["https:\/\/riberasalud.com\/rsc\/wp-content\/uploads\/2024\/04\/HUT_CAMINO-DE-CERVANTES-NUEVO-BAZTA\u0301N-3.jpg",800,533,false],"xxxl":["https:\/\/riberasalud.com\/rsc\/wp-content\/uploads\/2024\/04\/HUT_CAMINO-DE-CERVANTES-NUEVO-BAZTA\u0301N-3.jpg",800,533,false],"xxxxl":["https:\/\/riberasalud.com\/rsc\/wp-content\/uploads\/2024\/04\/HUT_CAMINO-DE-CERVANTES-NUEVO-BAZTA\u0301N-3.jpg",800,533,false],"xxxxxl":["https:\/\/riberasalud.com\/rsc\/wp-content\/uploads\/2024\/04\/HUT_CAMINO-DE-CERVANTES-NUEVO-BAZTA\u0301N-3.jpg",800,533,false],"1536x1536":["https:\/\/riberasalud.com\/rsc\/wp-content\/uploads\/2024\/04\/HUT_CAMINO-DE-CERVANTES-NUEVO-BAZTA\u0301N-3.jpg",800,533,false],"2048x2048":["https:\/\/riberasalud.com\/rsc\/wp-content\/uploads\/2024\/04\/HUT_CAMINO-DE-CERVANTES-NUEVO-BAZTA\u0301N-3.jpg",800,533,false]},"pbg_author_info":{"display_name":"Mar Sanchez","author_link":"https:\/\/riberasalud.com\/rsc\/author\/msotoriberasalud-es\/","author_img":"<img alt='Mar Sanchez' src='https:\/\/secure.gravatar.com\/avatar\/5fc005413aafe0a1f7d81747fac73740246ee36e4fad7f56eb325711b6c9f209?s=128&#038;d=mm&#038;r=g' srcset='https:\/\/secure.gravatar.com\/avatar\/5fc005413aafe0a1f7d81747fac73740246ee36e4fad7f56eb325711b6c9f209?s=256&#038;d=mm&#038;r=g 2x' class='avatar avatar-128 photo' height='128' width='128' loading='lazy' decoding='async'\/>"},"pbg_comment_info":" No Comments","pbg_excerpt":"El Servicio de Neurolog\u00eda del centro abord\u00f3 todo lo relativo a la prevenci\u00f3n, tratamiento y concienciaci\u00f3n de esta patolog\u00eda degenerativa El evento cont\u00f3 con la colaboraci\u00f3n y el apoyo de la Asociaci\u00f3n de Parkinson de Torrej\u00f3n, que ofreci\u00f3 su atenci\u00f3n y recursos a todos los caminantes El\u00a0Hospital Universitario de Torrej\u00f3n, perteneciente a la red p\u00fablica&hellip;","uagb_featured_image_src":{"full":["https:\/\/riberasalud.com\/rsc\/wp-content\/uploads\/2024\/04\/HUT_CAMINO-DE-CERVANTES-NUEVO-BAZTA\u0301N-3.jpg",800,533,false],"thumbnail":["https:\/\/riberasalud.com\/rsc\/wp-content\/uploads\/2024\/04\/HUT_CAMINO-DE-CERVANTES-NUEVO-BAZTA\u0301N-3-150x150.jpg",150,150,true],"medium":["https:\/\/riberasalud.com\/rsc\/wp-content\/uploads\/2024\/04\/HUT_CAMINO-DE-CERVANTES-NUEVO-BAZTA\u0301N-3-300x200.jpg",300,200,true],"medium_large":["https:\/\/riberasalud.com\/rsc\/wp-content\/uploads\/2024\/04\/HUT_CAMINO-DE-CERVANTES-NUEVO-BAZTA\u0301N-3-768x512.jpg",768,512,true],"large":["https:\/\/riberasalud.com\/rsc\/wp-content\/uploads\/2024\/04\/HUT_CAMINO-DE-CERVANTES-NUEVO-BAZTA\u0301N-3.jpg",800,533,false],"xl":["https:\/\/riberasalud.com\/rsc\/wp-content\/uploads\/2024\/04\/HUT_CAMINO-DE-CERVANTES-NUEVO-BAZTA\u0301N-3.jpg",800,533,false],"xxl":["https:\/\/riberasalud.com\/rsc\/wp-content\/uploads\/2024\/04\/HUT_CAMINO-DE-CERVANTES-NUEVO-BAZTA\u0301N-3.jpg",800,533,false],"xxxl":["https:\/\/riberasalud.com\/rsc\/wp-content\/uploads\/2024\/04\/HUT_CAMINO-DE-CERVANTES-NUEVO-BAZTA\u0301N-3.jpg",800,533,false],"xxxxl":["https:\/\/riberasalud.com\/rsc\/wp-content\/uploads\/2024\/04\/HUT_CAMINO-DE-CERVANTES-NUEVO-BAZTA\u0301N-3.jpg",800,533,false],"xxxxxl":["https:\/\/riberasalud.com\/rsc\/wp-content\/uploads\/2024\/04\/HUT_CAMINO-DE-CERVANTES-NUEVO-BAZTA\u0301N-3.jpg",800,533,false],"1536x1536":["https:\/\/riberasalud.com\/rsc\/wp-content\/uploads\/2024\/04\/HUT_CAMINO-DE-CERVANTES-NUEVO-BAZTA\u0301N-3.jpg",800,533,false],"2048x2048":["https:\/\/riberasalud.com\/rsc\/wp-content\/uploads\/2024\/04\/HUT_CAMINO-DE-CERVANTES-NUEVO-BAZTA\u0301N-3.jpg",800,533,false]},"uagb_author_info":{"display_name":"Mar Sanchez","author_link":"https:\/\/riberasalud.com\/rsc\/author\/msotoriberasalud-es\/"},"uagb_comment_info":0,"uagb_excerpt":"El Servicio de Neurolog\u00eda del centro abord\u00f3 todo lo relativo a la prevenci\u00f3n, tratamiento y concienciaci\u00f3n de esta patolog\u00eda degenerativa El evento cont\u00f3 con la colaboraci\u00f3n y el apoyo de la Asociaci\u00f3n de Parkinson de Torrej\u00f3n, que ofreci\u00f3 su atenci\u00f3n y recursos a todos los caminantes El\u00a0Hospital Universitario de Torrej\u00f3n, perteneciente a la red p\u00fablica&hellip;","coauthors":[],"tax_additional":{"categories":{"linked":["<a href=\"https:\/\/riberasalud.com\/rsc\/category\/alianzas-con-el-entorno\/\" class=\"advgb-post-tax-term\">Alianzas con el entorno<\/a>","<a href=\"https:\/\/riberasalud.com\/rsc\/category\/educacion-para-la-salud\/\" class=\"advgb-post-tax-term\">Educaci\u00f3n para la salud<\/a>"],"unlinked":["<span class=\"advgb-post-tax-term\">Alianzas con el entorno<\/span>","<span class=\"advgb-post-tax-term\">Educaci\u00f3n para la salud<\/span>"]},"tags":{"linked":["<a href=\"https:\/\/riberasalud.com\/rsc\/category\/educacion-para-la-salud\/\" class=\"advgb-post-tax-term\">camino de cervantes<\/a>","<a href=\"https:\/\/riberasalud.com\/rsc\/category\/educacion-para-la-salud\/\" class=\"advgb-post-tax-term\">D\u00eda Mundial del Parkinson<\/a>","<a href=\"https:\/\/riberasalud.com\/rsc\/category\/educacion-para-la-salud\/\" class=\"advgb-post-tax-term\">neurolog\u00eda<\/a>","<a href=\"https:\/\/riberasalud.com\/rsc\/category\/educacion-para-la-salud\/\" class=\"advgb-post-tax-term\">Ribera camina<\/a>"],"unlinked":["<span class=\"advgb-post-tax-term\">camino de cervantes<\/span>","<span class=\"advgb-post-tax-term\">D\u00eda Mundial del Parkinson<\/span>","<span class=\"advgb-post-tax-term\">neurolog\u00eda<\/span>","<span class=\"advgb-post-tax-term\">Ribera camina<\/span>"]}},"comment_count":"0","relative_dates":{"created":"Publicado 2 a\u00f1os hace","modified":"Actualizado 2 a\u00f1os hace"},"absolute_dates":{"created":"Publicado el 15 de abril de 2024","modified":"Actualizado el 15 de abril de 2024"},"absolute_dates_time":{"created":"Publicado el 15 de abril de 2024 15:28","modified":"Actualizado el 15 de abril de 2024 15:28"},"featured_img_caption":"","series_order":"","_links":{"self":[{"href":"https:\/\/riberasalud.com\/rsc\/wp-json\/wp\/v2\/posts\/3785","targetHints":{"allow":["GET"]}}],"collection":[{"href":"https:\/\/riberasalud.com\/rsc\/wp-json\/wp\/v2\/posts"}],"about":[{"href":"https:\/\/riberasalud.com\/rsc\/wp-json\/wp\/v2\/types\/post"}],"author":[{"embeddable":true,"href":"https:\/\/riberasalud.com\/rsc\/wp-json\/wp\/v2\/users\/2"}],"replies":[{"embeddable":true,"href":"https:\/\/riberasalud.com\/rsc\/wp-json\/wp\/v2\/comments?post=3785"}],"version-history":[{"count":1,"href":"https:\/\/riberasalud.com\/rsc\/wp-json\/wp\/v2\/posts\/3785\/revisions"}],"predecessor-version":[{"id":3787,"href":"https:\/\/riberasalud.com\/rsc\/wp-json\/wp\/v2\/posts\/3785\/revisions\/3787"}],"wp:featuredmedia":[{"embeddable":true,"href":"https:\/\/riberasalud.com\/rsc\/wp-json\/wp\/v2\/media\/3786"}],"wp:attachment":[{"href":"https:\/\/riberasalud.com\/rsc\/wp-json\/wp\/v2\/media?parent=3785"}],"wp:term":[{"taxonomy":"category","embeddable":true,"href":"https:\/\/riberasalud.com\/rsc\/wp-json\/wp\/v2\/categories?post=3785"},{"taxonomy":"post_tag","embeddable":true,"href":"https:\/\/riberasalud.com\/rsc\/wp-json\/wp\/v2\/tags?post=3785"}],"curies":[{"name":"wp","href":"https:\/\/api.w.org\/{rel}","templated":true}]}}