{"id":3757,"date":"2024-04-09T13:21:58","date_gmt":"2024-04-09T13:21:58","guid":{"rendered":"https:\/\/riberasalud.com\/rsc\/?p=3757"},"modified":"2024-04-09T13:22:05","modified_gmt":"2024-04-09T13:22:05","slug":"ribera-colabora-con-el-ilustrador-72-kilos-en-el-dia-mundial-de-la-salud-para-dar-forma-y-color-al-cuidado-responsable","status":"publish","type":"post","link":"https:\/\/riberasalud.com\/rsc\/2024\/04\/09\/ribera-colabora-con-el-ilustrador-72-kilos-en-el-dia-mundial-de-la-salud-para-dar-forma-y-color-al-cuidado-responsable\/","title":{"rendered":"Ribera colabora con el ilustrador 72 kilos en el D\u00eda Mundial de la Salud para \u201cdar forma y color al cuidado responsable\u201d"},"content":{"rendered":"\n<ul class=\"wp-block-list\"><li>El grupo sanitario y \u00d3scar Alonso reflejan en seis vi\u00f1etas caracter\u00edsticas del artista el valor de apostar por la profesionalidad, prevenci\u00f3n, humanizaci\u00f3n y tecnolog\u00eda para mejorar el bienestar de los ciudadanos<\/li><li>Adem\u00e1s de la publicaci\u00f3n en redes sociales, los hospitales Ribera decorar\u00e1n algunas estancias con los dibujos que 72 kilos ha realizado en exclusiva para el grupo<\/li><\/ul>\n\n\n\n<p>El grupo sanitario&nbsp;<a href=\"https:\/\/www.riberasalud.com\/\">Ribera<\/a>&nbsp;y el ilustrador \u00d3scar Alonso, m\u00e1s conocido como&nbsp;<a href=\"http:\/\/www.72kilos.com\/\">72 kilos<\/a>, han llevado a cabo una colaboraci\u00f3n especial con motivo del D\u00eda Mundial de la Salud, que ha supuesto el dise\u00f1o de seis vi\u00f1etas caracter\u00edsticas del artista sobre el cuidado de la salud y el bienestar. El objetivo de esta colaboraci\u00f3n es \u201cdar forma y color\u201d al modelo de salud responsable que promueve el grupo sanitario para la atenci\u00f3n de sus pacientes, con algunos de sus valores m\u00e1s caracter\u00edsticos: la profesionalidad, la humanizaci\u00f3n, la prevenci\u00f3n y la tecnolog\u00eda.<\/p>\n\n\n\n<p>Las&nbsp;<a href=\"https:\/\/www.instagram.com\/p\/C5c--QoMqxB\/?igsh=NmNkY211Z3A1cnRh\">vi\u00f1etas<\/a>&nbsp;realizadas ex profeso por 72 kilos para el grupo sanitario Ribera, con motivo del D\u00eda Mundial de Salud, se publicaron el domingo en las redes sociales de ambos y en los pr\u00f3ximos meses se utilizar\u00e1n en diferentes acciones relacionadas con la promoci\u00f3n de la salud con los pacientes. \u201cTu salud es una gran responsabilidad\u201d: \u201cCu\u00eddala en todas las etapas de la vida\u201d; \u201cbusca el camino para prevenir enfermedades\u201d; \u201cpara cuidar de tu salud, rod\u00e9ate de buenas manos y la mejor tecnolog\u00eda\u201d; \u201cd\u00e9jate acompa\u00f1ar con cari\u00f1o y humanidad\u201d; \u201cte cuido y me cuidas\u201d son algunas de las frases utilizadas, que van acompa\u00f1adas de dibujos y vi\u00f1etas, con el sello de identidad del conocido ilustrador, con m\u00e1s de 2,4 millones de seguidores solo en Instagram.<\/p>\n\n\n\n<p>Esta colaboraci\u00f3n con 72 kilos confirma la apuesta del grupo Ribera por la creatividad para aportar valor y notoriedad a su marca, pero sobre todo para dar un enfoque m\u00e1s original a los consejos de salud y as\u00ed llegar a un mayor n\u00famero de personas, incluidos los j\u00f3venes, y la importancia de que estos\u00a0<em>tips<\/em>\u00a0de salud est\u00e9n avalados por profesionales sanitarios. Antes de esta colaboraci\u00f3n, Ribera ha recibido varios premios y reconocimientos por la campa\u00f1a\u00a0<a href=\"https:\/\/ritmosdevida.com\/\">Ritmos de Vida<\/a>, que une m\u00fasica y salud cardiovascular, y por <a href=\"https:\/\/youtu.be\/ExsqK59rkAQ?si=_GaZePCb9JTLRpNs\">Hablemos del suicidio<\/a>\u00a0y su campa\u00f1a \u201cen blanco\u201d, para concienciar sobre la importancia de hablar de este problema.<\/p>\n\n\n\n<figure class=\"wp-block-gallery columns-2 is-cropped wp-block-gallery-1\"><ul class=\"blocks-gallery-grid\"><li class=\"blocks-gallery-item\"><figure><img loading=\"lazy\" decoding=\"async\" width=\"800\" height=\"800\" src=\"https:\/\/riberasalud.com\/rsc\/wp-content\/uploads\/2024\/04\/Colaboracio\u0301n-Ribera-72-kilos.jpg\" alt=\"D\u00eda Mundial de la Salud 72 kilos\" data-id=\"3759\" data-full-url=\"https:\/\/riberasalud.com\/rsc\/wp-content\/uploads\/2024\/04\/Colaboracio\u0301n-Ribera-72-kilos.jpg\" data-link=\"https:\/\/riberasalud.com\/rsc\/?attachment_id=3759#main\" class=\"wp-image-3759\" srcset=\"https:\/\/riberasalud.com\/rsc\/wp-content\/uploads\/2024\/04\/Colaboracio\u0301n-Ribera-72-kilos.jpg 800w, https:\/\/riberasalud.com\/rsc\/wp-content\/uploads\/2024\/04\/Colaboracio\u0301n-Ribera-72-kilos-300x300.jpg 300w, https:\/\/riberasalud.com\/rsc\/wp-content\/uploads\/2024\/04\/Colaboracio\u0301n-Ribera-72-kilos-150x150.jpg 150w, https:\/\/riberasalud.com\/rsc\/wp-content\/uploads\/2024\/04\/Colaboracio\u0301n-Ribera-72-kilos-768x768.jpg 768w\" sizes=\"auto, (max-width: 800px) 100vw, 800px\" \/><\/figure><\/li><li class=\"blocks-gallery-item\"><figure><img loading=\"lazy\" decoding=\"async\" width=\"800\" height=\"800\" src=\"https:\/\/riberasalud.com\/rsc\/wp-content\/uploads\/2024\/04\/Colaboracio\u0301n-Ribera-72-kilos2.jpg\" alt=\"D\u00eda Mundial de la Salud 72 kilos\" data-id=\"3758\" data-full-url=\"https:\/\/riberasalud.com\/rsc\/wp-content\/uploads\/2024\/04\/Colaboracio\u0301n-Ribera-72-kilos2.jpg\" data-link=\"https:\/\/riberasalud.com\/rsc\/?attachment_id=3758#main\" class=\"wp-image-3758 is-layout-flex wp-block-gallery-is-layout-flex\" srcset=\"https:\/\/riberasalud.com\/rsc\/wp-content\/uploads\/2024\/04\/Colaboracio\u0301n-Ribera-72-kilos2.jpg 800w, https:\/\/riberasalud.com\/rsc\/wp-content\/uploads\/2024\/04\/Colaboracio\u0301n-Ribera-72-kilos2-300x300.jpg 300w, https:\/\/riberasalud.com\/rsc\/wp-content\/uploads\/2024\/04\/Colaboracio\u0301n-Ribera-72-kilos2-150x150.jpg 150w, https:\/\/riberasalud.com\/rsc\/wp-content\/uploads\/2024\/04\/Colaboracio\u0301n-Ribera-72-kilos2-768x768.jpg 768w\" sizes=\"auto, (max-width: 800px) 100vw, 800px\" \/><\/figure><\/li><\/ul><\/figure>\n","protected":false},"excerpt":{"rendered":"<p>El grupo sanitario y \u00d3scar Alonso reflejan en seis vi\u00f1etas caracter\u00edsticas del artista el valor de apostar por la profesionalidad, prevenci\u00f3n, humanizaci\u00f3n y tecnolog\u00eda para mejorar el bienestar de los ciudadanos Adem\u00e1s de la publicaci\u00f3n en redes sociales, los hospitales Ribera decorar\u00e1n algunas estancias con los dibujos que 72 kilos ha realizado en exclusiva para &#8230; <a title=\"Ribera colabora con el ilustrador 72 kilos en el D\u00eda Mundial de la Salud para \u201cdar forma y color al cuidado responsable\u201d\" class=\"read-more\" href=\"https:\/\/riberasalud.com\/rsc\/2024\/04\/09\/ribera-colabora-con-el-ilustrador-72-kilos-en-el-dia-mundial-de-la-salud-para-dar-forma-y-color-al-cuidado-responsable\/\" aria-label=\"Leer m\u00e1s sobre Ribera colabora con el ilustrador 72 kilos en el D\u00eda Mundial de la Salud para \u201cdar forma y color al cuidado responsable\u201d\">Leer m\u00e1s<\/a><\/p>\n","protected":false},"author":2,"featured_media":3759,"comment_status":"open","ping_status":"open","sticky":false,"template":"","format":"standard","meta":{"_editorskit_title_hidden":false,"_editorskit_reading_time":2,"_editorskit_is_block_options_detached":false,"_editorskit_block_options_position":"{}","_coblocks_attr":"","_coblocks_dimensions":"","_coblocks_responsive_height":"","_coblocks_accordion_ie_support":"","_uag_custom_page_level_css":"","advgb_blocks_editor_width":"","advgb_blocks_columns_visual_guide":"","_monsterinsights_skip_tracking":false,"_monsterinsights_sitenote_active":false,"_monsterinsights_sitenote_note":"","_monsterinsights_sitenote_category":0,"footnotes":""},"categories":[204],"tags":[445,447,446,240],"class_list":["post-3757","post","type-post","status-publish","format-standard","has-post-thumbnail","hentry","category-promocion-de-la-salud","tag-72-kilos","tag-cuidado-responsable","tag-dia-mundial-de-la-salud","tag-prevencion"],"featured_image_urls_v2":{"full":["https:\/\/riberasalud.com\/rsc\/wp-content\/uploads\/2024\/04\/Colaboracio\u0301n-Ribera-72-kilos.jpg",800,800,false],"thumbnail":["https:\/\/riberasalud.com\/rsc\/wp-content\/uploads\/2024\/04\/Colaboracio\u0301n-Ribera-72-kilos-150x150.jpg",150,150,true],"medium":["https:\/\/riberasalud.com\/rsc\/wp-content\/uploads\/2024\/04\/Colaboracio\u0301n-Ribera-72-kilos-300x300.jpg",300,300,true],"medium_large":["https:\/\/riberasalud.com\/rsc\/wp-content\/uploads\/2024\/04\/Colaboracio\u0301n-Ribera-72-kilos-768x768.jpg",768,768,true],"large":["https:\/\/riberasalud.com\/rsc\/wp-content\/uploads\/2024\/04\/Colaboracio\u0301n-Ribera-72-kilos.jpg",800,800,false],"xl":["https:\/\/riberasalud.com\/rsc\/wp-content\/uploads\/2024\/04\/Colaboracio\u0301n-Ribera-72-kilos.jpg",800,800,false],"xxl":["https:\/\/riberasalud.com\/rsc\/wp-content\/uploads\/2024\/04\/Colaboracio\u0301n-Ribera-72-kilos.jpg",800,800,false],"xxxl":["https:\/\/riberasalud.com\/rsc\/wp-content\/uploads\/2024\/04\/Colaboracio\u0301n-Ribera-72-kilos.jpg",800,800,false],"xxxxl":["https:\/\/riberasalud.com\/rsc\/wp-content\/uploads\/2024\/04\/Colaboracio\u0301n-Ribera-72-kilos.jpg",800,800,false],"xxxxxl":["https:\/\/riberasalud.com\/rsc\/wp-content\/uploads\/2024\/04\/Colaboracio\u0301n-Ribera-72-kilos.jpg",800,800,false],"1536x1536":["https:\/\/riberasalud.com\/rsc\/wp-content\/uploads\/2024\/04\/Colaboracio\u0301n-Ribera-72-kilos.jpg",800,800,false],"2048x2048":["https:\/\/riberasalud.com\/rsc\/wp-content\/uploads\/2024\/04\/Colaboracio\u0301n-Ribera-72-kilos.jpg",800,800,false]},"post_excerpt_stackable_v2":"<p>El grupo sanitario y \u00d3scar Alonso reflejan en seis vi\u00f1etas caracter\u00edsticas del artista el valor de apostar por la profesionalidad, prevenci\u00f3n, humanizaci\u00f3n y tecnolog\u00eda para mejorar el bienestar de los ciudadanosAdem\u00e1s de la publicaci\u00f3n en redes sociales, los hospitales Ribera decorar\u00e1n algunas estancias con los dibujos que 72 kilos ha realizado en exclusiva para el grupo El grupo sanitario&nbsp;Ribera&nbsp;y el ilustrador \u00d3scar Alonso, m\u00e1s conocido como&nbsp;72 kilos, han llevado a cabo una colaboraci\u00f3n especial con motivo del D\u00eda Mundial de la Salud, que ha supuesto el dise\u00f1o de seis vi\u00f1etas caracter\u00edsticas del artista sobre el cuidado de la salud y&hellip;<\/p>\n","category_list_v2":"<a href=\"https:\/\/riberasalud.com\/rsc\/category\/promocion-de-la-salud\/\" rel=\"category tag\">Promoci\u00f3n de la salud<\/a>","author_info_v2":{"name":"Mar Sanchez","url":"https:\/\/riberasalud.com\/rsc\/author\/msotoriberasalud-es\/"},"comments_num_v2":"0 comentarios","yoast_head":"<!-- This site is optimized with the Yoast SEO plugin v26.6 - https:\/\/yoast.com\/wordpress\/plugins\/seo\/ -->\n<title>Ribera colabora con el ilustrador 72 kilos en el D\u00eda Mundial de la Salud para \u201cdar forma y color al cuidado responsable\u201d - RSC Grupo sanitario Ribera<\/title>\n<meta name=\"description\" content=\"El grupo sanitario y \u00d3scar Alonso reflejan en seis vi\u00f1etas caracter\u00edsticas del artista el valor de apostar por la profesionalidad, prevenci\u00f3n, humanizaci\u00f3n y tecnolog\u00eda para mejorar el bienestar de los ciudadanos\" \/>\n<meta name=\"robots\" content=\"index, follow, max-snippet:-1, max-image-preview:large, max-video-preview:-1\" \/>\n<link rel=\"canonical\" href=\"https:\/\/riberasalud.com\/rsc\/2024\/04\/09\/ribera-colabora-con-el-ilustrador-72-kilos-en-el-dia-mundial-de-la-salud-para-dar-forma-y-color-al-cuidado-responsable\/\" \/>\n<meta property=\"og:locale\" content=\"es_ES\" \/>\n<meta property=\"og:type\" content=\"article\" \/>\n<meta property=\"og:title\" content=\"Ribera colabora con el ilustrador 72 kilos en el D\u00eda Mundial de la Salud para \u201cdar forma y color al cuidado responsable\u201d - RSC Grupo sanitario Ribera\" \/>\n<meta property=\"og:description\" content=\"El grupo sanitario y \u00d3scar Alonso reflejan en seis vi\u00f1etas caracter\u00edsticas del artista el valor de apostar por la profesionalidad, prevenci\u00f3n, humanizaci\u00f3n y tecnolog\u00eda para mejorar el bienestar de los ciudadanos\" \/>\n<meta property=\"og:url\" content=\"https:\/\/riberasalud.com\/rsc\/2024\/04\/09\/ribera-colabora-con-el-ilustrador-72-kilos-en-el-dia-mundial-de-la-salud-para-dar-forma-y-color-al-cuidado-responsable\/\" \/>\n<meta property=\"og:site_name\" content=\"RSC Grupo sanitario Ribera\" \/>\n<meta property=\"article:published_time\" content=\"2024-04-09T13:21:58+00:00\" \/>\n<meta property=\"article:modified_time\" content=\"2024-04-09T13:22:05+00:00\" \/>\n<meta property=\"og:image\" content=\"https:\/\/riberasalud.com\/rsc\/wp-content\/uploads\/2024\/04\/Colaboracio\u0301n-Ribera-72-kilos.jpg\" \/>\n\t<meta property=\"og:image:width\" content=\"800\" \/>\n\t<meta property=\"og:image:height\" content=\"800\" \/>\n\t<meta property=\"og:image:type\" content=\"image\/jpeg\" \/>\n<meta name=\"author\" content=\"Mar Sanchez\" \/>\n<meta name=\"twitter:card\" content=\"summary_large_image\" \/>\n<meta name=\"twitter:label1\" content=\"Escrito por\" \/>\n\t<meta name=\"twitter:data1\" content=\"Mar Sanchez\" \/>\n\t<meta name=\"twitter:label2\" content=\"Tiempo de lectura\" \/>\n\t<meta name=\"twitter:data2\" content=\"3 minutos\" \/>\n<script type=\"application\/ld+json\" class=\"yoast-schema-graph\">{\"@context\":\"https:\/\/schema.org\",\"@graph\":[{\"@type\":\"Article\",\"@id\":\"https:\/\/riberasalud.com\/rsc\/2024\/04\/09\/ribera-colabora-con-el-ilustrador-72-kilos-en-el-dia-mundial-de-la-salud-para-dar-forma-y-color-al-cuidado-responsable\/#article\",\"isPartOf\":{\"@id\":\"https:\/\/riberasalud.com\/rsc\/2024\/04\/09\/ribera-colabora-con-el-ilustrador-72-kilos-en-el-dia-mundial-de-la-salud-para-dar-forma-y-color-al-cuidado-responsable\/\"},\"author\":{\"name\":\"Mar Sanchez\",\"@id\":\"https:\/\/riberasalud.com\/rsc\/#\/schema\/person\/11c4e77d56d084661ced188afcae969f\"},\"headline\":\"Ribera colabora con el ilustrador 72 kilos en el D\u00eda Mundial de la Salud para \u201cdar forma y color al cuidado responsable\u201d\",\"datePublished\":\"2024-04-09T13:21:58+00:00\",\"dateModified\":\"2024-04-09T13:22:05+00:00\",\"mainEntityOfPage\":{\"@id\":\"https:\/\/riberasalud.com\/rsc\/2024\/04\/09\/ribera-colabora-con-el-ilustrador-72-kilos-en-el-dia-mundial-de-la-salud-para-dar-forma-y-color-al-cuidado-responsable\/\"},\"wordCount\":444,\"commentCount\":0,\"publisher\":{\"@id\":\"https:\/\/riberasalud.com\/rsc\/#organization\"},\"image\":{\"@id\":\"https:\/\/riberasalud.com\/rsc\/2024\/04\/09\/ribera-colabora-con-el-ilustrador-72-kilos-en-el-dia-mundial-de-la-salud-para-dar-forma-y-color-al-cuidado-responsable\/#primaryimage\"},\"thumbnailUrl\":\"https:\/\/riberasalud.com\/rsc\/wp-content\/uploads\/2024\/04\/Colaboracio\u0301n-Ribera-72-kilos.jpg\",\"keywords\":[\"72 kilos\",\"cuidado responsable\",\"D\u00eda Mundial de la Salud\",\"prevenci\u00f3n\"],\"articleSection\":[\"Promoci\u00f3n de la salud\"],\"inLanguage\":\"es\",\"potentialAction\":[{\"@type\":\"CommentAction\",\"name\":\"Comment\",\"target\":[\"https:\/\/riberasalud.com\/rsc\/2024\/04\/09\/ribera-colabora-con-el-ilustrador-72-kilos-en-el-dia-mundial-de-la-salud-para-dar-forma-y-color-al-cuidado-responsable\/#respond\"]}]},{\"@type\":\"WebPage\",\"@id\":\"https:\/\/riberasalud.com\/rsc\/2024\/04\/09\/ribera-colabora-con-el-ilustrador-72-kilos-en-el-dia-mundial-de-la-salud-para-dar-forma-y-color-al-cuidado-responsable\/\",\"url\":\"https:\/\/riberasalud.com\/rsc\/2024\/04\/09\/ribera-colabora-con-el-ilustrador-72-kilos-en-el-dia-mundial-de-la-salud-para-dar-forma-y-color-al-cuidado-responsable\/\",\"name\":\"Ribera colabora con el ilustrador 72 kilos en el D\u00eda Mundial de la Salud para \u201cdar forma y color al cuidado responsable\u201d - RSC Grupo sanitario Ribera\",\"isPartOf\":{\"@id\":\"https:\/\/riberasalud.com\/rsc\/#website\"},\"primaryImageOfPage\":{\"@id\":\"https:\/\/riberasalud.com\/rsc\/2024\/04\/09\/ribera-colabora-con-el-ilustrador-72-kilos-en-el-dia-mundial-de-la-salud-para-dar-forma-y-color-al-cuidado-responsable\/#primaryimage\"},\"image\":{\"@id\":\"https:\/\/riberasalud.com\/rsc\/2024\/04\/09\/ribera-colabora-con-el-ilustrador-72-kilos-en-el-dia-mundial-de-la-salud-para-dar-forma-y-color-al-cuidado-responsable\/#primaryimage\"},\"thumbnailUrl\":\"https:\/\/riberasalud.com\/rsc\/wp-content\/uploads\/2024\/04\/Colaboracio\u0301n-Ribera-72-kilos.jpg\",\"datePublished\":\"2024-04-09T13:21:58+00:00\",\"dateModified\":\"2024-04-09T13:22:05+00:00\",\"description\":\"El grupo sanitario y \u00d3scar Alonso reflejan en seis vi\u00f1etas caracter\u00edsticas del artista el valor de apostar por la profesionalidad, prevenci\u00f3n, humanizaci\u00f3n y tecnolog\u00eda para mejorar el bienestar de los ciudadanos\",\"breadcrumb\":{\"@id\":\"https:\/\/riberasalud.com\/rsc\/2024\/04\/09\/ribera-colabora-con-el-ilustrador-72-kilos-en-el-dia-mundial-de-la-salud-para-dar-forma-y-color-al-cuidado-responsable\/#breadcrumb\"},\"inLanguage\":\"es\",\"potentialAction\":[{\"@type\":\"ReadAction\",\"target\":[\"https:\/\/riberasalud.com\/rsc\/2024\/04\/09\/ribera-colabora-con-el-ilustrador-72-kilos-en-el-dia-mundial-de-la-salud-para-dar-forma-y-color-al-cuidado-responsable\/\"]}]},{\"@type\":\"ImageObject\",\"inLanguage\":\"es\",\"@id\":\"https:\/\/riberasalud.com\/rsc\/2024\/04\/09\/ribera-colabora-con-el-ilustrador-72-kilos-en-el-dia-mundial-de-la-salud-para-dar-forma-y-color-al-cuidado-responsable\/#primaryimage\",\"url\":\"https:\/\/riberasalud.com\/rsc\/wp-content\/uploads\/2024\/04\/Colaboracio\u0301n-Ribera-72-kilos.jpg\",\"contentUrl\":\"https:\/\/riberasalud.com\/rsc\/wp-content\/uploads\/2024\/04\/Colaboracio\u0301n-Ribera-72-kilos.jpg\",\"width\":800,\"height\":800,\"caption\":\"D\u00eda Mundial de la Salud 72 kilos\"},{\"@type\":\"BreadcrumbList\",\"@id\":\"https:\/\/riberasalud.com\/rsc\/2024\/04\/09\/ribera-colabora-con-el-ilustrador-72-kilos-en-el-dia-mundial-de-la-salud-para-dar-forma-y-color-al-cuidado-responsable\/#breadcrumb\",\"itemListElement\":[{\"@type\":\"ListItem\",\"position\":1,\"name\":\"Portada\",\"item\":\"https:\/\/riberasalud.com\/rsc\/\"},{\"@type\":\"ListItem\",\"position\":2,\"name\":\"Ribera colabora con el ilustrador 72 kilos en el D\u00eda Mundial de la Salud para \u201cdar forma y color al cuidado responsable\u201d\"}]},{\"@type\":\"WebSite\",\"@id\":\"https:\/\/riberasalud.com\/rsc\/#website\",\"url\":\"https:\/\/riberasalud.com\/rsc\/\",\"name\":\"RSC Grupo sanitario Ribera\",\"description\":\"\",\"publisher\":{\"@id\":\"https:\/\/riberasalud.com\/rsc\/#organization\"},\"potentialAction\":[{\"@type\":\"SearchAction\",\"target\":{\"@type\":\"EntryPoint\",\"urlTemplate\":\"https:\/\/riberasalud.com\/rsc\/?s={search_term_string}\"},\"query-input\":{\"@type\":\"PropertyValueSpecification\",\"valueRequired\":true,\"valueName\":\"search_term_string\"}}],\"inLanguage\":\"es\"},{\"@type\":\"Organization\",\"@id\":\"https:\/\/riberasalud.com\/rsc\/#organization\",\"name\":\"RSC Grupo sanitario Ribera\",\"url\":\"https:\/\/riberasalud.com\/rsc\/\",\"logo\":{\"@type\":\"ImageObject\",\"inLanguage\":\"es\",\"@id\":\"https:\/\/riberasalud.com\/rsc\/#\/schema\/logo\/image\/\",\"url\":\"https:\/\/riberasalud.com\/rsc\/wp-content\/uploads\/2021\/05\/cropped-Logotipo-Red.png\",\"contentUrl\":\"https:\/\/riberasalud.com\/rsc\/wp-content\/uploads\/2021\/05\/cropped-Logotipo-Red.png\",\"width\":500,\"height\":198,\"caption\":\"RSC Grupo sanitario Ribera\"},\"image\":{\"@id\":\"https:\/\/riberasalud.com\/rsc\/#\/schema\/logo\/image\/\"}},{\"@type\":\"Person\",\"@id\":\"https:\/\/riberasalud.com\/rsc\/#\/schema\/person\/11c4e77d56d084661ced188afcae969f\",\"name\":\"Mar Sanchez\",\"image\":{\"@type\":\"ImageObject\",\"inLanguage\":\"es\",\"@id\":\"https:\/\/riberasalud.com\/rsc\/#\/schema\/person\/image\/\",\"url\":\"https:\/\/secure.gravatar.com\/avatar\/5fc005413aafe0a1f7d81747fac73740246ee36e4fad7f56eb325711b6c9f209?s=96&d=mm&r=g\",\"contentUrl\":\"https:\/\/secure.gravatar.com\/avatar\/5fc005413aafe0a1f7d81747fac73740246ee36e4fad7f56eb325711b6c9f209?s=96&d=mm&r=g\",\"caption\":\"Mar Sanchez\"},\"url\":\"https:\/\/riberasalud.com\/rsc\/author\/msotoriberasalud-es\/\"}]}<\/script>\n<!-- \/ Yoast SEO plugin. -->","yoast_head_json":{"title":"Ribera colabora con el ilustrador 72 kilos en el D\u00eda Mundial de la Salud para \u201cdar forma y color al cuidado responsable\u201d - RSC Grupo sanitario Ribera","description":"El grupo sanitario y \u00d3scar Alonso reflejan en seis vi\u00f1etas caracter\u00edsticas del artista el valor de apostar por la profesionalidad, prevenci\u00f3n, humanizaci\u00f3n y tecnolog\u00eda para mejorar el bienestar de los ciudadanos","robots":{"index":"index","follow":"follow","max-snippet":"max-snippet:-1","max-image-preview":"max-image-preview:large","max-video-preview":"max-video-preview:-1"},"canonical":"https:\/\/riberasalud.com\/rsc\/2024\/04\/09\/ribera-colabora-con-el-ilustrador-72-kilos-en-el-dia-mundial-de-la-salud-para-dar-forma-y-color-al-cuidado-responsable\/","og_locale":"es_ES","og_type":"article","og_title":"Ribera colabora con el ilustrador 72 kilos en el D\u00eda Mundial de la Salud para \u201cdar forma y color al cuidado responsable\u201d - RSC Grupo sanitario Ribera","og_description":"El grupo sanitario y \u00d3scar Alonso reflejan en seis vi\u00f1etas caracter\u00edsticas del artista el valor de apostar por la profesionalidad, prevenci\u00f3n, humanizaci\u00f3n y tecnolog\u00eda para mejorar el bienestar de los ciudadanos","og_url":"https:\/\/riberasalud.com\/rsc\/2024\/04\/09\/ribera-colabora-con-el-ilustrador-72-kilos-en-el-dia-mundial-de-la-salud-para-dar-forma-y-color-al-cuidado-responsable\/","og_site_name":"RSC Grupo sanitario Ribera","article_published_time":"2024-04-09T13:21:58+00:00","article_modified_time":"2024-04-09T13:22:05+00:00","og_image":[{"width":800,"height":800,"url":"https:\/\/riberasalud.com\/rsc\/wp-content\/uploads\/2024\/04\/Colaboracio\u0301n-Ribera-72-kilos.jpg","type":"image\/jpeg"}],"author":"Mar Sanchez","twitter_card":"summary_large_image","twitter_misc":{"Escrito por":"Mar Sanchez","Tiempo de lectura":"3 minutos"},"schema":{"@context":"https:\/\/schema.org","@graph":[{"@type":"Article","@id":"https:\/\/riberasalud.com\/rsc\/2024\/04\/09\/ribera-colabora-con-el-ilustrador-72-kilos-en-el-dia-mundial-de-la-salud-para-dar-forma-y-color-al-cuidado-responsable\/#article","isPartOf":{"@id":"https:\/\/riberasalud.com\/rsc\/2024\/04\/09\/ribera-colabora-con-el-ilustrador-72-kilos-en-el-dia-mundial-de-la-salud-para-dar-forma-y-color-al-cuidado-responsable\/"},"author":{"name":"Mar Sanchez","@id":"https:\/\/riberasalud.com\/rsc\/#\/schema\/person\/11c4e77d56d084661ced188afcae969f"},"headline":"Ribera colabora con el ilustrador 72 kilos en el D\u00eda Mundial de la Salud para \u201cdar forma y color al cuidado responsable\u201d","datePublished":"2024-04-09T13:21:58+00:00","dateModified":"2024-04-09T13:22:05+00:00","mainEntityOfPage":{"@id":"https:\/\/riberasalud.com\/rsc\/2024\/04\/09\/ribera-colabora-con-el-ilustrador-72-kilos-en-el-dia-mundial-de-la-salud-para-dar-forma-y-color-al-cuidado-responsable\/"},"wordCount":444,"commentCount":0,"publisher":{"@id":"https:\/\/riberasalud.com\/rsc\/#organization"},"image":{"@id":"https:\/\/riberasalud.com\/rsc\/2024\/04\/09\/ribera-colabora-con-el-ilustrador-72-kilos-en-el-dia-mundial-de-la-salud-para-dar-forma-y-color-al-cuidado-responsable\/#primaryimage"},"thumbnailUrl":"https:\/\/riberasalud.com\/rsc\/wp-content\/uploads\/2024\/04\/Colaboracio\u0301n-Ribera-72-kilos.jpg","keywords":["72 kilos","cuidado responsable","D\u00eda Mundial de la Salud","prevenci\u00f3n"],"articleSection":["Promoci\u00f3n de la salud"],"inLanguage":"es","potentialAction":[{"@type":"CommentAction","name":"Comment","target":["https:\/\/riberasalud.com\/rsc\/2024\/04\/09\/ribera-colabora-con-el-ilustrador-72-kilos-en-el-dia-mundial-de-la-salud-para-dar-forma-y-color-al-cuidado-responsable\/#respond"]}]},{"@type":"WebPage","@id":"https:\/\/riberasalud.com\/rsc\/2024\/04\/09\/ribera-colabora-con-el-ilustrador-72-kilos-en-el-dia-mundial-de-la-salud-para-dar-forma-y-color-al-cuidado-responsable\/","url":"https:\/\/riberasalud.com\/rsc\/2024\/04\/09\/ribera-colabora-con-el-ilustrador-72-kilos-en-el-dia-mundial-de-la-salud-para-dar-forma-y-color-al-cuidado-responsable\/","name":"Ribera colabora con el ilustrador 72 kilos en el D\u00eda Mundial de la Salud para \u201cdar forma y color al cuidado responsable\u201d - RSC Grupo sanitario Ribera","isPartOf":{"@id":"https:\/\/riberasalud.com\/rsc\/#website"},"primaryImageOfPage":{"@id":"https:\/\/riberasalud.com\/rsc\/2024\/04\/09\/ribera-colabora-con-el-ilustrador-72-kilos-en-el-dia-mundial-de-la-salud-para-dar-forma-y-color-al-cuidado-responsable\/#primaryimage"},"image":{"@id":"https:\/\/riberasalud.com\/rsc\/2024\/04\/09\/ribera-colabora-con-el-ilustrador-72-kilos-en-el-dia-mundial-de-la-salud-para-dar-forma-y-color-al-cuidado-responsable\/#primaryimage"},"thumbnailUrl":"https:\/\/riberasalud.com\/rsc\/wp-content\/uploads\/2024\/04\/Colaboracio\u0301n-Ribera-72-kilos.jpg","datePublished":"2024-04-09T13:21:58+00:00","dateModified":"2024-04-09T13:22:05+00:00","description":"El grupo sanitario y \u00d3scar Alonso reflejan en seis vi\u00f1etas caracter\u00edsticas del artista el valor de apostar por la profesionalidad, prevenci\u00f3n, humanizaci\u00f3n y tecnolog\u00eda para mejorar el bienestar de los ciudadanos","breadcrumb":{"@id":"https:\/\/riberasalud.com\/rsc\/2024\/04\/09\/ribera-colabora-con-el-ilustrador-72-kilos-en-el-dia-mundial-de-la-salud-para-dar-forma-y-color-al-cuidado-responsable\/#breadcrumb"},"inLanguage":"es","potentialAction":[{"@type":"ReadAction","target":["https:\/\/riberasalud.com\/rsc\/2024\/04\/09\/ribera-colabora-con-el-ilustrador-72-kilos-en-el-dia-mundial-de-la-salud-para-dar-forma-y-color-al-cuidado-responsable\/"]}]},{"@type":"ImageObject","inLanguage":"es","@id":"https:\/\/riberasalud.com\/rsc\/2024\/04\/09\/ribera-colabora-con-el-ilustrador-72-kilos-en-el-dia-mundial-de-la-salud-para-dar-forma-y-color-al-cuidado-responsable\/#primaryimage","url":"https:\/\/riberasalud.com\/rsc\/wp-content\/uploads\/2024\/04\/Colaboracio\u0301n-Ribera-72-kilos.jpg","contentUrl":"https:\/\/riberasalud.com\/rsc\/wp-content\/uploads\/2024\/04\/Colaboracio\u0301n-Ribera-72-kilos.jpg","width":800,"height":800,"caption":"D\u00eda Mundial de la Salud 72 kilos"},{"@type":"BreadcrumbList","@id":"https:\/\/riberasalud.com\/rsc\/2024\/04\/09\/ribera-colabora-con-el-ilustrador-72-kilos-en-el-dia-mundial-de-la-salud-para-dar-forma-y-color-al-cuidado-responsable\/#breadcrumb","itemListElement":[{"@type":"ListItem","position":1,"name":"Portada","item":"https:\/\/riberasalud.com\/rsc\/"},{"@type":"ListItem","position":2,"name":"Ribera colabora con el ilustrador 72 kilos en el D\u00eda Mundial de la Salud para \u201cdar forma y color al cuidado responsable\u201d"}]},{"@type":"WebSite","@id":"https:\/\/riberasalud.com\/rsc\/#website","url":"https:\/\/riberasalud.com\/rsc\/","name":"RSC Grupo sanitario Ribera","description":"","publisher":{"@id":"https:\/\/riberasalud.com\/rsc\/#organization"},"potentialAction":[{"@type":"SearchAction","target":{"@type":"EntryPoint","urlTemplate":"https:\/\/riberasalud.com\/rsc\/?s={search_term_string}"},"query-input":{"@type":"PropertyValueSpecification","valueRequired":true,"valueName":"search_term_string"}}],"inLanguage":"es"},{"@type":"Organization","@id":"https:\/\/riberasalud.com\/rsc\/#organization","name":"RSC Grupo sanitario Ribera","url":"https:\/\/riberasalud.com\/rsc\/","logo":{"@type":"ImageObject","inLanguage":"es","@id":"https:\/\/riberasalud.com\/rsc\/#\/schema\/logo\/image\/","url":"https:\/\/riberasalud.com\/rsc\/wp-content\/uploads\/2021\/05\/cropped-Logotipo-Red.png","contentUrl":"https:\/\/riberasalud.com\/rsc\/wp-content\/uploads\/2021\/05\/cropped-Logotipo-Red.png","width":500,"height":198,"caption":"RSC Grupo sanitario Ribera"},"image":{"@id":"https:\/\/riberasalud.com\/rsc\/#\/schema\/logo\/image\/"}},{"@type":"Person","@id":"https:\/\/riberasalud.com\/rsc\/#\/schema\/person\/11c4e77d56d084661ced188afcae969f","name":"Mar Sanchez","image":{"@type":"ImageObject","inLanguage":"es","@id":"https:\/\/riberasalud.com\/rsc\/#\/schema\/person\/image\/","url":"https:\/\/secure.gravatar.com\/avatar\/5fc005413aafe0a1f7d81747fac73740246ee36e4fad7f56eb325711b6c9f209?s=96&d=mm&r=g","contentUrl":"https:\/\/secure.gravatar.com\/avatar\/5fc005413aafe0a1f7d81747fac73740246ee36e4fad7f56eb325711b6c9f209?s=96&d=mm&r=g","caption":"Mar Sanchez"},"url":"https:\/\/riberasalud.com\/rsc\/author\/msotoriberasalud-es\/"}]}},"author_meta":{"display_name":"Mar Sanchez","author_link":"https:\/\/riberasalud.com\/rsc\/author\/msotoriberasalud-es\/"},"featured_img":"https:\/\/riberasalud.com\/rsc\/wp-content\/uploads\/2024\/04\/Colaboracio\u0301n-Ribera-72-kilos-300x300.jpg","pbg_featured_image_src":{"full":["https:\/\/riberasalud.com\/rsc\/wp-content\/uploads\/2024\/04\/Colaboracio\u0301n-Ribera-72-kilos.jpg",800,800,false],"thumbnail":["https:\/\/riberasalud.com\/rsc\/wp-content\/uploads\/2024\/04\/Colaboracio\u0301n-Ribera-72-kilos-150x150.jpg",150,150,true],"medium":["https:\/\/riberasalud.com\/rsc\/wp-content\/uploads\/2024\/04\/Colaboracio\u0301n-Ribera-72-kilos-300x300.jpg",300,300,true],"medium_large":["https:\/\/riberasalud.com\/rsc\/wp-content\/uploads\/2024\/04\/Colaboracio\u0301n-Ribera-72-kilos-768x768.jpg",768,768,true],"large":["https:\/\/riberasalud.com\/rsc\/wp-content\/uploads\/2024\/04\/Colaboracio\u0301n-Ribera-72-kilos.jpg",800,800,false],"xl":["https:\/\/riberasalud.com\/rsc\/wp-content\/uploads\/2024\/04\/Colaboracio\u0301n-Ribera-72-kilos.jpg",800,800,false],"xxl":["https:\/\/riberasalud.com\/rsc\/wp-content\/uploads\/2024\/04\/Colaboracio\u0301n-Ribera-72-kilos.jpg",800,800,false],"xxxl":["https:\/\/riberasalud.com\/rsc\/wp-content\/uploads\/2024\/04\/Colaboracio\u0301n-Ribera-72-kilos.jpg",800,800,false],"xxxxl":["https:\/\/riberasalud.com\/rsc\/wp-content\/uploads\/2024\/04\/Colaboracio\u0301n-Ribera-72-kilos.jpg",800,800,false],"xxxxxl":["https:\/\/riberasalud.com\/rsc\/wp-content\/uploads\/2024\/04\/Colaboracio\u0301n-Ribera-72-kilos.jpg",800,800,false],"1536x1536":["https:\/\/riberasalud.com\/rsc\/wp-content\/uploads\/2024\/04\/Colaboracio\u0301n-Ribera-72-kilos.jpg",800,800,false],"2048x2048":["https:\/\/riberasalud.com\/rsc\/wp-content\/uploads\/2024\/04\/Colaboracio\u0301n-Ribera-72-kilos.jpg",800,800,false]},"pbg_author_info":{"display_name":"Mar Sanchez","author_link":"https:\/\/riberasalud.com\/rsc\/author\/msotoriberasalud-es\/","author_img":"<img alt='Mar Sanchez' src='https:\/\/secure.gravatar.com\/avatar\/5fc005413aafe0a1f7d81747fac73740246ee36e4fad7f56eb325711b6c9f209?s=128&#038;d=mm&#038;r=g' srcset='https:\/\/secure.gravatar.com\/avatar\/5fc005413aafe0a1f7d81747fac73740246ee36e4fad7f56eb325711b6c9f209?s=256&#038;d=mm&#038;r=g 2x' class='avatar avatar-128 photo' height='128' width='128' loading='lazy' decoding='async'\/>"},"pbg_comment_info":"1 comment","pbg_excerpt":"El grupo sanitario y \u00d3scar Alonso reflejan en seis vi\u00f1etas caracter\u00edsticas del artista el valor de apostar por la profesionalidad, prevenci\u00f3n, humanizaci\u00f3n y tecnolog\u00eda para mejorar el bienestar de los ciudadanos Adem\u00e1s de la publicaci\u00f3n en redes sociales, los hospitales Ribera decorar\u00e1n algunas estancias con los dibujos que 72 kilos ha realizado en exclusiva para&hellip;","uagb_featured_image_src":{"full":["https:\/\/riberasalud.com\/rsc\/wp-content\/uploads\/2024\/04\/Colaboracio\u0301n-Ribera-72-kilos.jpg",800,800,false],"thumbnail":["https:\/\/riberasalud.com\/rsc\/wp-content\/uploads\/2024\/04\/Colaboracio\u0301n-Ribera-72-kilos-150x150.jpg",150,150,true],"medium":["https:\/\/riberasalud.com\/rsc\/wp-content\/uploads\/2024\/04\/Colaboracio\u0301n-Ribera-72-kilos-300x300.jpg",300,300,true],"medium_large":["https:\/\/riberasalud.com\/rsc\/wp-content\/uploads\/2024\/04\/Colaboracio\u0301n-Ribera-72-kilos-768x768.jpg",768,768,true],"large":["https:\/\/riberasalud.com\/rsc\/wp-content\/uploads\/2024\/04\/Colaboracio\u0301n-Ribera-72-kilos.jpg",800,800,false],"xl":["https:\/\/riberasalud.com\/rsc\/wp-content\/uploads\/2024\/04\/Colaboracio\u0301n-Ribera-72-kilos.jpg",800,800,false],"xxl":["https:\/\/riberasalud.com\/rsc\/wp-content\/uploads\/2024\/04\/Colaboracio\u0301n-Ribera-72-kilos.jpg",800,800,false],"xxxl":["https:\/\/riberasalud.com\/rsc\/wp-content\/uploads\/2024\/04\/Colaboracio\u0301n-Ribera-72-kilos.jpg",800,800,false],"xxxxl":["https:\/\/riberasalud.com\/rsc\/wp-content\/uploads\/2024\/04\/Colaboracio\u0301n-Ribera-72-kilos.jpg",800,800,false],"xxxxxl":["https:\/\/riberasalud.com\/rsc\/wp-content\/uploads\/2024\/04\/Colaboracio\u0301n-Ribera-72-kilos.jpg",800,800,false],"1536x1536":["https:\/\/riberasalud.com\/rsc\/wp-content\/uploads\/2024\/04\/Colaboracio\u0301n-Ribera-72-kilos.jpg",800,800,false],"2048x2048":["https:\/\/riberasalud.com\/rsc\/wp-content\/uploads\/2024\/04\/Colaboracio\u0301n-Ribera-72-kilos.jpg",800,800,false]},"uagb_author_info":{"display_name":"Mar Sanchez","author_link":"https:\/\/riberasalud.com\/rsc\/author\/msotoriberasalud-es\/"},"uagb_comment_info":1,"uagb_excerpt":"El grupo sanitario y \u00d3scar Alonso reflejan en seis vi\u00f1etas caracter\u00edsticas del artista el valor de apostar por la profesionalidad, prevenci\u00f3n, humanizaci\u00f3n y tecnolog\u00eda para mejorar el bienestar de los ciudadanos Adem\u00e1s de la publicaci\u00f3n en redes sociales, los hospitales Ribera decorar\u00e1n algunas estancias con los dibujos que 72 kilos ha realizado en exclusiva para&hellip;","coauthors":[],"tax_additional":{"categories":{"linked":["<a href=\"https:\/\/riberasalud.com\/rsc\/category\/promocion-de-la-salud\/\" class=\"advgb-post-tax-term\">Promoci\u00f3n de la salud<\/a>"],"unlinked":["<span class=\"advgb-post-tax-term\">Promoci\u00f3n de la salud<\/span>"]},"tags":{"linked":["<a href=\"https:\/\/riberasalud.com\/rsc\/category\/promocion-de-la-salud\/\" class=\"advgb-post-tax-term\">72 kilos<\/a>","<a href=\"https:\/\/riberasalud.com\/rsc\/category\/promocion-de-la-salud\/\" class=\"advgb-post-tax-term\">cuidado responsable<\/a>","<a href=\"https:\/\/riberasalud.com\/rsc\/category\/promocion-de-la-salud\/\" class=\"advgb-post-tax-term\">D\u00eda Mundial de la Salud<\/a>","<a href=\"https:\/\/riberasalud.com\/rsc\/category\/promocion-de-la-salud\/\" class=\"advgb-post-tax-term\">prevenci\u00f3n<\/a>"],"unlinked":["<span class=\"advgb-post-tax-term\">72 kilos<\/span>","<span class=\"advgb-post-tax-term\">cuidado responsable<\/span>","<span class=\"advgb-post-tax-term\">D\u00eda Mundial de la Salud<\/span>","<span class=\"advgb-post-tax-term\">prevenci\u00f3n<\/span>"]}},"comment_count":"0","relative_dates":{"created":"Publicado 2 a\u00f1os hace","modified":"Actualizado 2 a\u00f1os hace"},"absolute_dates":{"created":"Publicado el 9 de abril de 2024","modified":"Actualizado el 9 de abril de 2024"},"absolute_dates_time":{"created":"Publicado el 9 de abril de 2024 13:21","modified":"Actualizado el 9 de abril de 2024 13:22"},"featured_img_caption":"","series_order":"","_links":{"self":[{"href":"https:\/\/riberasalud.com\/rsc\/wp-json\/wp\/v2\/posts\/3757","targetHints":{"allow":["GET"]}}],"collection":[{"href":"https:\/\/riberasalud.com\/rsc\/wp-json\/wp\/v2\/posts"}],"about":[{"href":"https:\/\/riberasalud.com\/rsc\/wp-json\/wp\/v2\/types\/post"}],"author":[{"embeddable":true,"href":"https:\/\/riberasalud.com\/rsc\/wp-json\/wp\/v2\/users\/2"}],"replies":[{"embeddable":true,"href":"https:\/\/riberasalud.com\/rsc\/wp-json\/wp\/v2\/comments?post=3757"}],"version-history":[{"count":1,"href":"https:\/\/riberasalud.com\/rsc\/wp-json\/wp\/v2\/posts\/3757\/revisions"}],"predecessor-version":[{"id":3760,"href":"https:\/\/riberasalud.com\/rsc\/wp-json\/wp\/v2\/posts\/3757\/revisions\/3760"}],"wp:featuredmedia":[{"embeddable":true,"href":"https:\/\/riberasalud.com\/rsc\/wp-json\/wp\/v2\/media\/3759"}],"wp:attachment":[{"href":"https:\/\/riberasalud.com\/rsc\/wp-json\/wp\/v2\/media?parent=3757"}],"wp:term":[{"taxonomy":"category","embeddable":true,"href":"https:\/\/riberasalud.com\/rsc\/wp-json\/wp\/v2\/categories?post=3757"},{"taxonomy":"post_tag","embeddable":true,"href":"https:\/\/riberasalud.com\/rsc\/wp-json\/wp\/v2\/tags?post=3757"}],"curies":[{"name":"wp","href":"https:\/\/api.w.org\/{rel}","templated":true}]}}