{"id":3334,"date":"2023-12-05T14:34:51","date_gmt":"2023-12-05T14:34:51","guid":{"rendered":"https:\/\/riberasalud.com\/rsc\/?p=3334"},"modified":"2023-12-05T14:34:57","modified_gmt":"2023-12-05T14:34:57","slug":"los-alumnos-del-colegio-raquel-paya-de-denia-decoran-el-arbol-de-navidad-del-hospital","status":"publish","type":"post","link":"https:\/\/riberasalud.com\/rsc\/2023\/12\/05\/los-alumnos-del-colegio-raquel-paya-de-denia-decoran-el-arbol-de-navidad-del-hospital\/","title":{"rendered":"Los alumnos del Colegio Raquel Pay\u00e0 de D\u00e9nia decoran el \u00e1rbol de Navidad del hospital"},"content":{"rendered":"\n<p>Una\u00a0veintena de alumnos del Colegio de Educaci\u00f3n Especial,\u00a0<a href=\"https:\/\/ceice.gva.es\/es\/web\/centros-docentes\/ficha-centro?codi=03012013\" class=\"ek-link\">Raquel Pay\u00e0 de D\u00e9nia, se han dado cita hoy en el Hospital de D\u00e9nia para adornar el \u00e1rbol de Navidad, ubicado en la entrada principal del centro sanitario<\/a>. La iniciativa, coordinada por la Direcci\u00f3n de Enfermer\u00eda del Departamento de Salud de D\u00e9nia \u2013DSD-, se suma a la colaboraci\u00f3n continua entre el Hospital de D\u00e9nia y el centro educativo, que cuenta con un apoyo permanente de Enfermer\u00eda.\u00a0<\/p>\n\n\n\n<p>Los alumnos, que han llegado hacia el mediod\u00eda en autob\u00fas con la colaboraci\u00f3n del veh\u00edculo adaptado de Cruz Roja D\u00e9nia, han engalanado el \u00e1rbol con los trabajos que han estado realizando en el colegio a lo largo de las \u00faltimas semanas.<\/p>\n\n\n\n<p>El evento ha sido acogido con mucho entusiasmo tanto por los profesionales sanitarios como por los propios estudiantes, que se han mostrado satisfechos por contribuir a la creaci\u00f3n de un entorno festivo y acogedor para aquellas personas que pasan tiempo en el hospital durante las fiestas navide\u00f1as.<\/p>\n\n\n\n<p>Adem\u00e1s la direcci\u00f3n del Colegio Raquel Pay\u00e0 ha hecho entrega a la Direcci\u00f3n de Enfermer\u00eda de un video \u201cmaking off\u201d con todo el proceso creativo de los alumnos. Por su parte, la responsable del Aula Hospitalaria ha regalado a los alumnos del colegio de Educaci\u00f3n Especial los trabajos que los pacientes pedi\u00e1tricos han ido elaborando en los \u00faltimos meses durante su ingreso hospitalario.<\/p>\n\n\n\n<p>Para la Directora de Cuidados y Servicios del DSD, Natalia Casado, \u201cla acci\u00f3n tiene lugar a escasas fechas de la reciente celebraci\u00f3n del D\u00eda Internacional de las personas con Diversidad Funcional y refuerza el compromiso de nuestra Organizaci\u00f3n con la inclusi\u00f3n y la colaboraci\u00f3n comunitaria\u201d.<\/p>\n\n\n\n<p>Recordemos que el call center del Hospital, de la&nbsp;<a href=\"https:\/\/protect2.fireeye.com\/v1\/url?k=31323334-501d5122-3135aa27-454445555731-076648cbbdee3a65&amp;q=1&amp;e=de4eada4-794b-483d-9177-8a3f795918cc&amp;u=https%3A%2F%2Fdkv.es%2Fcorporativo%2Ffundacion-integralia-dkv\">Fundaci\u00f3n DKV Integralia<\/a>, est\u00e1 atendido \u00edntegramente por profesionales con distintas discapacidades y personas con enfermedades cr\u00f3nicas degenerativas.<\/p>\n\n\n\n<h2 class=\"wp-block-heading\"><strong>Plan de Diversidad Funcional<\/strong><\/h2>\n\n\n\n<p>El Departamento de Salud de D\u00e9nia puso en marcha en 2022 un ambicioso Plan de Atenci\u00f3n a la Diversidad Funcional grave con la finalidad de mejorar la experiencia de estos pacientes.&nbsp;<\/p>\n\n\n\n<p>Entre sus objetivos destaca la disminuci\u00f3n del&nbsp;tiempo de espera entre la llegada del paciente al centro y el momento de la visita con el personal sanitario, facilitar el acompa\u00f1amiento del paciente por el cuidador principal, siempre y cuando la situaci\u00f3n cl\u00ednica lo permita; as\u00ed como salvar barreras de comunicaci\u00f3n.<\/p>\n\n\n\n<p>Para su puesta en marcha, se adquirieron diferentes elementos facilitadores para pacientes con diversidad funcional visual, auditiva, motora y cognitiva, entre los que destacan: un sistema de amplificaci\u00f3n de sonido, disponible en los mostradores principales del centro sanitario y un sistema de video-interpretaci\u00f3n, que traduce el lenguaje sordomudo.<\/p>\n\n\n\n<p>Adem\u00e1s, el centro hospitalario dispone de habitaciones adaptadas para pacientes con obesidad m\u00f3rbida, cambiadores adaptados, ascensores con pulsadores en lenguaje braille, plazas de parking reservadas cerca de las entradas principales, mesas en la cafeter\u00eda adaptadas a usuarios en silla de ruedas y la posibilidad de hacer el check-in desde el m\u00f3vil con la APP del Mostrador Virtual MS.<\/p>\n","protected":false},"excerpt":{"rendered":"<p>Una\u00a0veintena de alumnos del Colegio de Educaci\u00f3n Especial,\u00a0Raquel Pay\u00e0 de D\u00e9nia, se han dado cita hoy en el Hospital de D\u00e9nia para adornar el \u00e1rbol de Navidad, ubicado en la entrada principal del centro sanitario. La iniciativa, coordinada por la Direcci\u00f3n de Enfermer\u00eda del Departamento de Salud de D\u00e9nia \u2013DSD-, se suma a la colaboraci\u00f3n &#8230; <a title=\"Los alumnos del Colegio Raquel Pay\u00e0 de D\u00e9nia decoran el \u00e1rbol de Navidad del hospital\" class=\"read-more\" href=\"https:\/\/riberasalud.com\/rsc\/2023\/12\/05\/los-alumnos-del-colegio-raquel-paya-de-denia-decoran-el-arbol-de-navidad-del-hospital\/\" aria-label=\"Leer m\u00e1s sobre Los alumnos del Colegio Raquel Pay\u00e0 de D\u00e9nia decoran el \u00e1rbol de Navidad del hospital\">Leer m\u00e1s<\/a><\/p>\n","protected":false},"author":2,"featured_media":3335,"comment_status":"open","ping_status":"open","sticky":false,"template":"","format":"standard","meta":{"_editorskit_title_hidden":false,"_editorskit_reading_time":2,"_editorskit_is_block_options_detached":false,"_editorskit_block_options_position":"{}","_coblocks_attr":"","_coblocks_dimensions":"","_coblocks_responsive_height":"","_coblocks_accordion_ie_support":"","_uag_custom_page_level_css":"","advgb_blocks_editor_width":"","advgb_blocks_columns_visual_guide":"","_monsterinsights_skip_tracking":false,"_monsterinsights_sitenote_active":false,"_monsterinsights_sitenote_note":"","_monsterinsights_sitenote_category":0,"footnotes":""},"categories":[207,205],"tags":[247,397,398,399],"class_list":["post-3334","post","type-post","status-publish","format-standard","has-post-thumbnail","hentry","category-alianzas-con-el-entorno","category-humanizacion","tag-alumnos","tag-arbol","tag-colegio","tag-navidad"],"featured_image_urls_v2":{"full":["https:\/\/riberasalud.com\/rsc\/wp-content\/uploads\/2023\/12\/Hospital_Denia_MS_Ribera_NAVIDAD_CEE_R_Paya_30_11_2023_05.jpg",800,533,false],"thumbnail":["https:\/\/riberasalud.com\/rsc\/wp-content\/uploads\/2023\/12\/Hospital_Denia_MS_Ribera_NAVIDAD_CEE_R_Paya_30_11_2023_05-150x150.jpg",150,150,true],"medium":["https:\/\/riberasalud.com\/rsc\/wp-content\/uploads\/2023\/12\/Hospital_Denia_MS_Ribera_NAVIDAD_CEE_R_Paya_30_11_2023_05-300x200.jpg",300,200,true],"medium_large":["https:\/\/riberasalud.com\/rsc\/wp-content\/uploads\/2023\/12\/Hospital_Denia_MS_Ribera_NAVIDAD_CEE_R_Paya_30_11_2023_05-768x512.jpg",768,512,true],"large":["https:\/\/riberasalud.com\/rsc\/wp-content\/uploads\/2023\/12\/Hospital_Denia_MS_Ribera_NAVIDAD_CEE_R_Paya_30_11_2023_05.jpg",800,533,false],"xl":["https:\/\/riberasalud.com\/rsc\/wp-content\/uploads\/2023\/12\/Hospital_Denia_MS_Ribera_NAVIDAD_CEE_R_Paya_30_11_2023_05.jpg",800,533,false],"xxl":["https:\/\/riberasalud.com\/rsc\/wp-content\/uploads\/2023\/12\/Hospital_Denia_MS_Ribera_NAVIDAD_CEE_R_Paya_30_11_2023_05.jpg",800,533,false],"xxxl":["https:\/\/riberasalud.com\/rsc\/wp-content\/uploads\/2023\/12\/Hospital_Denia_MS_Ribera_NAVIDAD_CEE_R_Paya_30_11_2023_05.jpg",800,533,false],"xxxxl":["https:\/\/riberasalud.com\/rsc\/wp-content\/uploads\/2023\/12\/Hospital_Denia_MS_Ribera_NAVIDAD_CEE_R_Paya_30_11_2023_05.jpg",800,533,false],"xxxxxl":["https:\/\/riberasalud.com\/rsc\/wp-content\/uploads\/2023\/12\/Hospital_Denia_MS_Ribera_NAVIDAD_CEE_R_Paya_30_11_2023_05.jpg",800,533,false],"1536x1536":["https:\/\/riberasalud.com\/rsc\/wp-content\/uploads\/2023\/12\/Hospital_Denia_MS_Ribera_NAVIDAD_CEE_R_Paya_30_11_2023_05.jpg",800,533,false],"2048x2048":["https:\/\/riberasalud.com\/rsc\/wp-content\/uploads\/2023\/12\/Hospital_Denia_MS_Ribera_NAVIDAD_CEE_R_Paya_30_11_2023_05.jpg",800,533,false]},"post_excerpt_stackable_v2":"<p>Una\u00a0veintena de alumnos del Colegio de Educaci\u00f3n Especial,\u00a0Raquel Pay\u00e0 de D\u00e9nia, se han dado cita hoy en el Hospital de D\u00e9nia para adornar el \u00e1rbol de Navidad, ubicado en la entrada principal del centro sanitario. La iniciativa, coordinada por la Direcci\u00f3n de Enfermer\u00eda del Departamento de Salud de D\u00e9nia \u2013DSD-, se suma a la colaboraci\u00f3n continua entre el Hospital de D\u00e9nia y el centro educativo, que cuenta con un apoyo permanente de Enfermer\u00eda.\u00a0 Los alumnos, que han llegado hacia el mediod\u00eda en autob\u00fas con la colaboraci\u00f3n del veh\u00edculo adaptado de Cruz Roja D\u00e9nia, han engalanado el \u00e1rbol con los trabajos&hellip;<\/p>\n","category_list_v2":"<a href=\"https:\/\/riberasalud.com\/rsc\/category\/alianzas-con-el-entorno\/\" rel=\"category tag\">Alianzas con el entorno<\/a>, <a href=\"https:\/\/riberasalud.com\/rsc\/category\/humanizacion\/\" rel=\"category tag\">Humanizaci\u00f3n<\/a>","author_info_v2":{"name":"Mar Sanchez","url":"https:\/\/riberasalud.com\/rsc\/author\/msotoriberasalud-es\/"},"comments_num_v2":"0 comentarios","yoast_head":"<!-- This site is optimized with the Yoast SEO plugin v26.6 - https:\/\/yoast.com\/wordpress\/plugins\/seo\/ -->\n<title>Los alumnos del Colegio Raquel Pay\u00e0 de D\u00e9nia decoran el \u00e1rbol de Navidad del hospital - RSC Grupo sanitario Ribera<\/title>\n<meta name=\"description\" content=\"Una\u00a0veintena de alumnos del Colegio de Educaci\u00f3n Especial,\u00a0Raquel Pay\u00e0 de D\u00e9nia, se han dado cita hoy para adornar el \u00e1rbol de Navidad\" \/>\n<meta name=\"robots\" content=\"index, follow, max-snippet:-1, max-image-preview:large, max-video-preview:-1\" \/>\n<link rel=\"canonical\" href=\"https:\/\/riberasalud.com\/rsc\/2023\/12\/05\/los-alumnos-del-colegio-raquel-paya-de-denia-decoran-el-arbol-de-navidad-del-hospital\/\" \/>\n<meta property=\"og:locale\" content=\"es_ES\" \/>\n<meta property=\"og:type\" content=\"article\" \/>\n<meta property=\"og:title\" content=\"Los alumnos del Colegio Raquel Pay\u00e0 de D\u00e9nia decoran el \u00e1rbol de Navidad del hospital - RSC Grupo sanitario Ribera\" \/>\n<meta property=\"og:description\" content=\"Una\u00a0veintena de alumnos del Colegio de Educaci\u00f3n Especial,\u00a0Raquel Pay\u00e0 de D\u00e9nia, se han dado cita hoy para adornar el \u00e1rbol de Navidad\" \/>\n<meta property=\"og:url\" content=\"https:\/\/riberasalud.com\/rsc\/2023\/12\/05\/los-alumnos-del-colegio-raquel-paya-de-denia-decoran-el-arbol-de-navidad-del-hospital\/\" \/>\n<meta property=\"og:site_name\" content=\"RSC Grupo sanitario Ribera\" \/>\n<meta property=\"article:published_time\" content=\"2023-12-05T14:34:51+00:00\" \/>\n<meta property=\"article:modified_time\" content=\"2023-12-05T14:34:57+00:00\" \/>\n<meta property=\"og:image\" content=\"https:\/\/riberasalud.com\/rsc\/wp-content\/uploads\/2023\/12\/Hospital_Denia_MS_Ribera_NAVIDAD_CEE_R_Paya_30_11_2023_05.jpg\" \/>\n\t<meta property=\"og:image:width\" content=\"800\" \/>\n\t<meta property=\"og:image:height\" content=\"533\" \/>\n\t<meta property=\"og:image:type\" content=\"image\/jpeg\" \/>\n<meta name=\"author\" content=\"Mar Sanchez\" \/>\n<meta name=\"twitter:card\" content=\"summary_large_image\" \/>\n<meta name=\"twitter:label1\" content=\"Escrito por\" \/>\n\t<meta name=\"twitter:data1\" content=\"Mar Sanchez\" \/>\n\t<meta name=\"twitter:label2\" content=\"Tiempo de lectura\" \/>\n\t<meta name=\"twitter:data2\" content=\"3 minutos\" \/>\n<script type=\"application\/ld+json\" class=\"yoast-schema-graph\">{\"@context\":\"https:\/\/schema.org\",\"@graph\":[{\"@type\":\"Article\",\"@id\":\"https:\/\/riberasalud.com\/rsc\/2023\/12\/05\/los-alumnos-del-colegio-raquel-paya-de-denia-decoran-el-arbol-de-navidad-del-hospital\/#article\",\"isPartOf\":{\"@id\":\"https:\/\/riberasalud.com\/rsc\/2023\/12\/05\/los-alumnos-del-colegio-raquel-paya-de-denia-decoran-el-arbol-de-navidad-del-hospital\/\"},\"author\":{\"name\":\"Mar Sanchez\",\"@id\":\"https:\/\/riberasalud.com\/rsc\/#\/schema\/person\/11c4e77d56d084661ced188afcae969f\"},\"headline\":\"Los alumnos del Colegio Raquel Pay\u00e0 de D\u00e9nia decoran el \u00e1rbol de Navidad del hospital\",\"datePublished\":\"2023-12-05T14:34:51+00:00\",\"dateModified\":\"2023-12-05T14:34:57+00:00\",\"mainEntityOfPage\":{\"@id\":\"https:\/\/riberasalud.com\/rsc\/2023\/12\/05\/los-alumnos-del-colegio-raquel-paya-de-denia-decoran-el-arbol-de-navidad-del-hospital\/\"},\"wordCount\":549,\"commentCount\":0,\"publisher\":{\"@id\":\"https:\/\/riberasalud.com\/rsc\/#organization\"},\"image\":{\"@id\":\"https:\/\/riberasalud.com\/rsc\/2023\/12\/05\/los-alumnos-del-colegio-raquel-paya-de-denia-decoran-el-arbol-de-navidad-del-hospital\/#primaryimage\"},\"thumbnailUrl\":\"https:\/\/riberasalud.com\/rsc\/wp-content\/uploads\/2023\/12\/Hospital_Denia_MS_Ribera_NAVIDAD_CEE_R_Paya_30_11_2023_05.jpg\",\"keywords\":[\"alumnos\",\"\u00e1rbol\",\"colegio\",\"navidad\"],\"articleSection\":[\"Alianzas con el entorno\",\"Humanizaci\u00f3n\"],\"inLanguage\":\"es\",\"potentialAction\":[{\"@type\":\"CommentAction\",\"name\":\"Comment\",\"target\":[\"https:\/\/riberasalud.com\/rsc\/2023\/12\/05\/los-alumnos-del-colegio-raquel-paya-de-denia-decoran-el-arbol-de-navidad-del-hospital\/#respond\"]}]},{\"@type\":\"WebPage\",\"@id\":\"https:\/\/riberasalud.com\/rsc\/2023\/12\/05\/los-alumnos-del-colegio-raquel-paya-de-denia-decoran-el-arbol-de-navidad-del-hospital\/\",\"url\":\"https:\/\/riberasalud.com\/rsc\/2023\/12\/05\/los-alumnos-del-colegio-raquel-paya-de-denia-decoran-el-arbol-de-navidad-del-hospital\/\",\"name\":\"Los alumnos del Colegio Raquel Pay\u00e0 de D\u00e9nia decoran el \u00e1rbol de Navidad del hospital - RSC Grupo sanitario Ribera\",\"isPartOf\":{\"@id\":\"https:\/\/riberasalud.com\/rsc\/#website\"},\"primaryImageOfPage\":{\"@id\":\"https:\/\/riberasalud.com\/rsc\/2023\/12\/05\/los-alumnos-del-colegio-raquel-paya-de-denia-decoran-el-arbol-de-navidad-del-hospital\/#primaryimage\"},\"image\":{\"@id\":\"https:\/\/riberasalud.com\/rsc\/2023\/12\/05\/los-alumnos-del-colegio-raquel-paya-de-denia-decoran-el-arbol-de-navidad-del-hospital\/#primaryimage\"},\"thumbnailUrl\":\"https:\/\/riberasalud.com\/rsc\/wp-content\/uploads\/2023\/12\/Hospital_Denia_MS_Ribera_NAVIDAD_CEE_R_Paya_30_11_2023_05.jpg\",\"datePublished\":\"2023-12-05T14:34:51+00:00\",\"dateModified\":\"2023-12-05T14:34:57+00:00\",\"description\":\"Una\u00a0veintena de alumnos del Colegio de Educaci\u00f3n Especial,\u00a0Raquel Pay\u00e0 de D\u00e9nia, se han dado cita hoy para adornar el \u00e1rbol de Navidad\",\"breadcrumb\":{\"@id\":\"https:\/\/riberasalud.com\/rsc\/2023\/12\/05\/los-alumnos-del-colegio-raquel-paya-de-denia-decoran-el-arbol-de-navidad-del-hospital\/#breadcrumb\"},\"inLanguage\":\"es\",\"potentialAction\":[{\"@type\":\"ReadAction\",\"target\":[\"https:\/\/riberasalud.com\/rsc\/2023\/12\/05\/los-alumnos-del-colegio-raquel-paya-de-denia-decoran-el-arbol-de-navidad-del-hospital\/\"]}]},{\"@type\":\"ImageObject\",\"inLanguage\":\"es\",\"@id\":\"https:\/\/riberasalud.com\/rsc\/2023\/12\/05\/los-alumnos-del-colegio-raquel-paya-de-denia-decoran-el-arbol-de-navidad-del-hospital\/#primaryimage\",\"url\":\"https:\/\/riberasalud.com\/rsc\/wp-content\/uploads\/2023\/12\/Hospital_Denia_MS_Ribera_NAVIDAD_CEE_R_Paya_30_11_2023_05.jpg\",\"contentUrl\":\"https:\/\/riberasalud.com\/rsc\/wp-content\/uploads\/2023\/12\/Hospital_Denia_MS_Ribera_NAVIDAD_CEE_R_Paya_30_11_2023_05.jpg\",\"width\":800,\"height\":533,\"caption\":\"navidad\"},{\"@type\":\"BreadcrumbList\",\"@id\":\"https:\/\/riberasalud.com\/rsc\/2023\/12\/05\/los-alumnos-del-colegio-raquel-paya-de-denia-decoran-el-arbol-de-navidad-del-hospital\/#breadcrumb\",\"itemListElement\":[{\"@type\":\"ListItem\",\"position\":1,\"name\":\"Portada\",\"item\":\"https:\/\/riberasalud.com\/rsc\/\"},{\"@type\":\"ListItem\",\"position\":2,\"name\":\"Los alumnos del Colegio Raquel Pay\u00e0 de D\u00e9nia decoran el \u00e1rbol de Navidad del hospital\"}]},{\"@type\":\"WebSite\",\"@id\":\"https:\/\/riberasalud.com\/rsc\/#website\",\"url\":\"https:\/\/riberasalud.com\/rsc\/\",\"name\":\"RSC Grupo sanitario Ribera\",\"description\":\"\",\"publisher\":{\"@id\":\"https:\/\/riberasalud.com\/rsc\/#organization\"},\"potentialAction\":[{\"@type\":\"SearchAction\",\"target\":{\"@type\":\"EntryPoint\",\"urlTemplate\":\"https:\/\/riberasalud.com\/rsc\/?s={search_term_string}\"},\"query-input\":{\"@type\":\"PropertyValueSpecification\",\"valueRequired\":true,\"valueName\":\"search_term_string\"}}],\"inLanguage\":\"es\"},{\"@type\":\"Organization\",\"@id\":\"https:\/\/riberasalud.com\/rsc\/#organization\",\"name\":\"RSC Grupo sanitario Ribera\",\"url\":\"https:\/\/riberasalud.com\/rsc\/\",\"logo\":{\"@type\":\"ImageObject\",\"inLanguage\":\"es\",\"@id\":\"https:\/\/riberasalud.com\/rsc\/#\/schema\/logo\/image\/\",\"url\":\"https:\/\/riberasalud.com\/rsc\/wp-content\/uploads\/2021\/05\/cropped-Logotipo-Red.png\",\"contentUrl\":\"https:\/\/riberasalud.com\/rsc\/wp-content\/uploads\/2021\/05\/cropped-Logotipo-Red.png\",\"width\":500,\"height\":198,\"caption\":\"RSC Grupo sanitario Ribera\"},\"image\":{\"@id\":\"https:\/\/riberasalud.com\/rsc\/#\/schema\/logo\/image\/\"}},{\"@type\":\"Person\",\"@id\":\"https:\/\/riberasalud.com\/rsc\/#\/schema\/person\/11c4e77d56d084661ced188afcae969f\",\"name\":\"Mar Sanchez\",\"image\":{\"@type\":\"ImageObject\",\"inLanguage\":\"es\",\"@id\":\"https:\/\/riberasalud.com\/rsc\/#\/schema\/person\/image\/\",\"url\":\"https:\/\/secure.gravatar.com\/avatar\/5fc005413aafe0a1f7d81747fac73740246ee36e4fad7f56eb325711b6c9f209?s=96&d=mm&r=g\",\"contentUrl\":\"https:\/\/secure.gravatar.com\/avatar\/5fc005413aafe0a1f7d81747fac73740246ee36e4fad7f56eb325711b6c9f209?s=96&d=mm&r=g\",\"caption\":\"Mar Sanchez\"},\"url\":\"https:\/\/riberasalud.com\/rsc\/author\/msotoriberasalud-es\/\"}]}<\/script>\n<!-- \/ Yoast SEO plugin. -->","yoast_head_json":{"title":"Los alumnos del Colegio Raquel Pay\u00e0 de D\u00e9nia decoran el \u00e1rbol de Navidad del hospital - RSC Grupo sanitario Ribera","description":"Una\u00a0veintena de alumnos del Colegio de Educaci\u00f3n Especial,\u00a0Raquel Pay\u00e0 de D\u00e9nia, se han dado cita hoy para adornar el \u00e1rbol de Navidad","robots":{"index":"index","follow":"follow","max-snippet":"max-snippet:-1","max-image-preview":"max-image-preview:large","max-video-preview":"max-video-preview:-1"},"canonical":"https:\/\/riberasalud.com\/rsc\/2023\/12\/05\/los-alumnos-del-colegio-raquel-paya-de-denia-decoran-el-arbol-de-navidad-del-hospital\/","og_locale":"es_ES","og_type":"article","og_title":"Los alumnos del Colegio Raquel Pay\u00e0 de D\u00e9nia decoran el \u00e1rbol de Navidad del hospital - RSC Grupo sanitario Ribera","og_description":"Una\u00a0veintena de alumnos del Colegio de Educaci\u00f3n Especial,\u00a0Raquel Pay\u00e0 de D\u00e9nia, se han dado cita hoy para adornar el \u00e1rbol de Navidad","og_url":"https:\/\/riberasalud.com\/rsc\/2023\/12\/05\/los-alumnos-del-colegio-raquel-paya-de-denia-decoran-el-arbol-de-navidad-del-hospital\/","og_site_name":"RSC Grupo sanitario Ribera","article_published_time":"2023-12-05T14:34:51+00:00","article_modified_time":"2023-12-05T14:34:57+00:00","og_image":[{"width":800,"height":533,"url":"https:\/\/riberasalud.com\/rsc\/wp-content\/uploads\/2023\/12\/Hospital_Denia_MS_Ribera_NAVIDAD_CEE_R_Paya_30_11_2023_05.jpg","type":"image\/jpeg"}],"author":"Mar Sanchez","twitter_card":"summary_large_image","twitter_misc":{"Escrito por":"Mar Sanchez","Tiempo de lectura":"3 minutos"},"schema":{"@context":"https:\/\/schema.org","@graph":[{"@type":"Article","@id":"https:\/\/riberasalud.com\/rsc\/2023\/12\/05\/los-alumnos-del-colegio-raquel-paya-de-denia-decoran-el-arbol-de-navidad-del-hospital\/#article","isPartOf":{"@id":"https:\/\/riberasalud.com\/rsc\/2023\/12\/05\/los-alumnos-del-colegio-raquel-paya-de-denia-decoran-el-arbol-de-navidad-del-hospital\/"},"author":{"name":"Mar Sanchez","@id":"https:\/\/riberasalud.com\/rsc\/#\/schema\/person\/11c4e77d56d084661ced188afcae969f"},"headline":"Los alumnos del Colegio Raquel Pay\u00e0 de D\u00e9nia decoran el \u00e1rbol de Navidad del hospital","datePublished":"2023-12-05T14:34:51+00:00","dateModified":"2023-12-05T14:34:57+00:00","mainEntityOfPage":{"@id":"https:\/\/riberasalud.com\/rsc\/2023\/12\/05\/los-alumnos-del-colegio-raquel-paya-de-denia-decoran-el-arbol-de-navidad-del-hospital\/"},"wordCount":549,"commentCount":0,"publisher":{"@id":"https:\/\/riberasalud.com\/rsc\/#organization"},"image":{"@id":"https:\/\/riberasalud.com\/rsc\/2023\/12\/05\/los-alumnos-del-colegio-raquel-paya-de-denia-decoran-el-arbol-de-navidad-del-hospital\/#primaryimage"},"thumbnailUrl":"https:\/\/riberasalud.com\/rsc\/wp-content\/uploads\/2023\/12\/Hospital_Denia_MS_Ribera_NAVIDAD_CEE_R_Paya_30_11_2023_05.jpg","keywords":["alumnos","\u00e1rbol","colegio","navidad"],"articleSection":["Alianzas con el entorno","Humanizaci\u00f3n"],"inLanguage":"es","potentialAction":[{"@type":"CommentAction","name":"Comment","target":["https:\/\/riberasalud.com\/rsc\/2023\/12\/05\/los-alumnos-del-colegio-raquel-paya-de-denia-decoran-el-arbol-de-navidad-del-hospital\/#respond"]}]},{"@type":"WebPage","@id":"https:\/\/riberasalud.com\/rsc\/2023\/12\/05\/los-alumnos-del-colegio-raquel-paya-de-denia-decoran-el-arbol-de-navidad-del-hospital\/","url":"https:\/\/riberasalud.com\/rsc\/2023\/12\/05\/los-alumnos-del-colegio-raquel-paya-de-denia-decoran-el-arbol-de-navidad-del-hospital\/","name":"Los alumnos del Colegio Raquel Pay\u00e0 de D\u00e9nia decoran el \u00e1rbol de Navidad del hospital - RSC Grupo sanitario Ribera","isPartOf":{"@id":"https:\/\/riberasalud.com\/rsc\/#website"},"primaryImageOfPage":{"@id":"https:\/\/riberasalud.com\/rsc\/2023\/12\/05\/los-alumnos-del-colegio-raquel-paya-de-denia-decoran-el-arbol-de-navidad-del-hospital\/#primaryimage"},"image":{"@id":"https:\/\/riberasalud.com\/rsc\/2023\/12\/05\/los-alumnos-del-colegio-raquel-paya-de-denia-decoran-el-arbol-de-navidad-del-hospital\/#primaryimage"},"thumbnailUrl":"https:\/\/riberasalud.com\/rsc\/wp-content\/uploads\/2023\/12\/Hospital_Denia_MS_Ribera_NAVIDAD_CEE_R_Paya_30_11_2023_05.jpg","datePublished":"2023-12-05T14:34:51+00:00","dateModified":"2023-12-05T14:34:57+00:00","description":"Una\u00a0veintena de alumnos del Colegio de Educaci\u00f3n Especial,\u00a0Raquel Pay\u00e0 de D\u00e9nia, se han dado cita hoy para adornar el \u00e1rbol de Navidad","breadcrumb":{"@id":"https:\/\/riberasalud.com\/rsc\/2023\/12\/05\/los-alumnos-del-colegio-raquel-paya-de-denia-decoran-el-arbol-de-navidad-del-hospital\/#breadcrumb"},"inLanguage":"es","potentialAction":[{"@type":"ReadAction","target":["https:\/\/riberasalud.com\/rsc\/2023\/12\/05\/los-alumnos-del-colegio-raquel-paya-de-denia-decoran-el-arbol-de-navidad-del-hospital\/"]}]},{"@type":"ImageObject","inLanguage":"es","@id":"https:\/\/riberasalud.com\/rsc\/2023\/12\/05\/los-alumnos-del-colegio-raquel-paya-de-denia-decoran-el-arbol-de-navidad-del-hospital\/#primaryimage","url":"https:\/\/riberasalud.com\/rsc\/wp-content\/uploads\/2023\/12\/Hospital_Denia_MS_Ribera_NAVIDAD_CEE_R_Paya_30_11_2023_05.jpg","contentUrl":"https:\/\/riberasalud.com\/rsc\/wp-content\/uploads\/2023\/12\/Hospital_Denia_MS_Ribera_NAVIDAD_CEE_R_Paya_30_11_2023_05.jpg","width":800,"height":533,"caption":"navidad"},{"@type":"BreadcrumbList","@id":"https:\/\/riberasalud.com\/rsc\/2023\/12\/05\/los-alumnos-del-colegio-raquel-paya-de-denia-decoran-el-arbol-de-navidad-del-hospital\/#breadcrumb","itemListElement":[{"@type":"ListItem","position":1,"name":"Portada","item":"https:\/\/riberasalud.com\/rsc\/"},{"@type":"ListItem","position":2,"name":"Los alumnos del Colegio Raquel Pay\u00e0 de D\u00e9nia decoran el \u00e1rbol de Navidad del hospital"}]},{"@type":"WebSite","@id":"https:\/\/riberasalud.com\/rsc\/#website","url":"https:\/\/riberasalud.com\/rsc\/","name":"RSC Grupo sanitario Ribera","description":"","publisher":{"@id":"https:\/\/riberasalud.com\/rsc\/#organization"},"potentialAction":[{"@type":"SearchAction","target":{"@type":"EntryPoint","urlTemplate":"https:\/\/riberasalud.com\/rsc\/?s={search_term_string}"},"query-input":{"@type":"PropertyValueSpecification","valueRequired":true,"valueName":"search_term_string"}}],"inLanguage":"es"},{"@type":"Organization","@id":"https:\/\/riberasalud.com\/rsc\/#organization","name":"RSC Grupo sanitario Ribera","url":"https:\/\/riberasalud.com\/rsc\/","logo":{"@type":"ImageObject","inLanguage":"es","@id":"https:\/\/riberasalud.com\/rsc\/#\/schema\/logo\/image\/","url":"https:\/\/riberasalud.com\/rsc\/wp-content\/uploads\/2021\/05\/cropped-Logotipo-Red.png","contentUrl":"https:\/\/riberasalud.com\/rsc\/wp-content\/uploads\/2021\/05\/cropped-Logotipo-Red.png","width":500,"height":198,"caption":"RSC Grupo sanitario Ribera"},"image":{"@id":"https:\/\/riberasalud.com\/rsc\/#\/schema\/logo\/image\/"}},{"@type":"Person","@id":"https:\/\/riberasalud.com\/rsc\/#\/schema\/person\/11c4e77d56d084661ced188afcae969f","name":"Mar Sanchez","image":{"@type":"ImageObject","inLanguage":"es","@id":"https:\/\/riberasalud.com\/rsc\/#\/schema\/person\/image\/","url":"https:\/\/secure.gravatar.com\/avatar\/5fc005413aafe0a1f7d81747fac73740246ee36e4fad7f56eb325711b6c9f209?s=96&d=mm&r=g","contentUrl":"https:\/\/secure.gravatar.com\/avatar\/5fc005413aafe0a1f7d81747fac73740246ee36e4fad7f56eb325711b6c9f209?s=96&d=mm&r=g","caption":"Mar Sanchez"},"url":"https:\/\/riberasalud.com\/rsc\/author\/msotoriberasalud-es\/"}]}},"author_meta":{"display_name":"Mar Sanchez","author_link":"https:\/\/riberasalud.com\/rsc\/author\/msotoriberasalud-es\/"},"featured_img":"https:\/\/riberasalud.com\/rsc\/wp-content\/uploads\/2023\/12\/Hospital_Denia_MS_Ribera_NAVIDAD_CEE_R_Paya_30_11_2023_05-300x200.jpg","pbg_featured_image_src":{"full":["https:\/\/riberasalud.com\/rsc\/wp-content\/uploads\/2023\/12\/Hospital_Denia_MS_Ribera_NAVIDAD_CEE_R_Paya_30_11_2023_05.jpg",800,533,false],"thumbnail":["https:\/\/riberasalud.com\/rsc\/wp-content\/uploads\/2023\/12\/Hospital_Denia_MS_Ribera_NAVIDAD_CEE_R_Paya_30_11_2023_05-150x150.jpg",150,150,true],"medium":["https:\/\/riberasalud.com\/rsc\/wp-content\/uploads\/2023\/12\/Hospital_Denia_MS_Ribera_NAVIDAD_CEE_R_Paya_30_11_2023_05-300x200.jpg",300,200,true],"medium_large":["https:\/\/riberasalud.com\/rsc\/wp-content\/uploads\/2023\/12\/Hospital_Denia_MS_Ribera_NAVIDAD_CEE_R_Paya_30_11_2023_05-768x512.jpg",768,512,true],"large":["https:\/\/riberasalud.com\/rsc\/wp-content\/uploads\/2023\/12\/Hospital_Denia_MS_Ribera_NAVIDAD_CEE_R_Paya_30_11_2023_05.jpg",800,533,false],"xl":["https:\/\/riberasalud.com\/rsc\/wp-content\/uploads\/2023\/12\/Hospital_Denia_MS_Ribera_NAVIDAD_CEE_R_Paya_30_11_2023_05.jpg",800,533,false],"xxl":["https:\/\/riberasalud.com\/rsc\/wp-content\/uploads\/2023\/12\/Hospital_Denia_MS_Ribera_NAVIDAD_CEE_R_Paya_30_11_2023_05.jpg",800,533,false],"xxxl":["https:\/\/riberasalud.com\/rsc\/wp-content\/uploads\/2023\/12\/Hospital_Denia_MS_Ribera_NAVIDAD_CEE_R_Paya_30_11_2023_05.jpg",800,533,false],"xxxxl":["https:\/\/riberasalud.com\/rsc\/wp-content\/uploads\/2023\/12\/Hospital_Denia_MS_Ribera_NAVIDAD_CEE_R_Paya_30_11_2023_05.jpg",800,533,false],"xxxxxl":["https:\/\/riberasalud.com\/rsc\/wp-content\/uploads\/2023\/12\/Hospital_Denia_MS_Ribera_NAVIDAD_CEE_R_Paya_30_11_2023_05.jpg",800,533,false],"1536x1536":["https:\/\/riberasalud.com\/rsc\/wp-content\/uploads\/2023\/12\/Hospital_Denia_MS_Ribera_NAVIDAD_CEE_R_Paya_30_11_2023_05.jpg",800,533,false],"2048x2048":["https:\/\/riberasalud.com\/rsc\/wp-content\/uploads\/2023\/12\/Hospital_Denia_MS_Ribera_NAVIDAD_CEE_R_Paya_30_11_2023_05.jpg",800,533,false]},"pbg_author_info":{"display_name":"Mar Sanchez","author_link":"https:\/\/riberasalud.com\/rsc\/author\/msotoriberasalud-es\/","author_img":"<img alt='Mar Sanchez' src='https:\/\/secure.gravatar.com\/avatar\/5fc005413aafe0a1f7d81747fac73740246ee36e4fad7f56eb325711b6c9f209?s=128&#038;d=mm&#038;r=g' srcset='https:\/\/secure.gravatar.com\/avatar\/5fc005413aafe0a1f7d81747fac73740246ee36e4fad7f56eb325711b6c9f209?s=256&#038;d=mm&#038;r=g 2x' class='avatar avatar-128 photo' height='128' width='128' loading='lazy' decoding='async'\/>"},"pbg_comment_info":" No Comments","pbg_excerpt":"Una\u00a0veintena de alumnos del Colegio de Educaci\u00f3n Especial,\u00a0Raquel Pay\u00e0 de D\u00e9nia, se han dado cita hoy en el Hospital de D\u00e9nia para adornar el \u00e1rbol de Navidad, ubicado en la entrada principal del centro sanitario. La iniciativa, coordinada por la Direcci\u00f3n de Enfermer\u00eda del Departamento de Salud de D\u00e9nia \u2013DSD-, se suma a la colaboraci\u00f3n&hellip;","uagb_featured_image_src":{"full":["https:\/\/riberasalud.com\/rsc\/wp-content\/uploads\/2023\/12\/Hospital_Denia_MS_Ribera_NAVIDAD_CEE_R_Paya_30_11_2023_05.jpg",800,533,false],"thumbnail":["https:\/\/riberasalud.com\/rsc\/wp-content\/uploads\/2023\/12\/Hospital_Denia_MS_Ribera_NAVIDAD_CEE_R_Paya_30_11_2023_05-150x150.jpg",150,150,true],"medium":["https:\/\/riberasalud.com\/rsc\/wp-content\/uploads\/2023\/12\/Hospital_Denia_MS_Ribera_NAVIDAD_CEE_R_Paya_30_11_2023_05-300x200.jpg",300,200,true],"medium_large":["https:\/\/riberasalud.com\/rsc\/wp-content\/uploads\/2023\/12\/Hospital_Denia_MS_Ribera_NAVIDAD_CEE_R_Paya_30_11_2023_05-768x512.jpg",768,512,true],"large":["https:\/\/riberasalud.com\/rsc\/wp-content\/uploads\/2023\/12\/Hospital_Denia_MS_Ribera_NAVIDAD_CEE_R_Paya_30_11_2023_05.jpg",800,533,false],"xl":["https:\/\/riberasalud.com\/rsc\/wp-content\/uploads\/2023\/12\/Hospital_Denia_MS_Ribera_NAVIDAD_CEE_R_Paya_30_11_2023_05.jpg",800,533,false],"xxl":["https:\/\/riberasalud.com\/rsc\/wp-content\/uploads\/2023\/12\/Hospital_Denia_MS_Ribera_NAVIDAD_CEE_R_Paya_30_11_2023_05.jpg",800,533,false],"xxxl":["https:\/\/riberasalud.com\/rsc\/wp-content\/uploads\/2023\/12\/Hospital_Denia_MS_Ribera_NAVIDAD_CEE_R_Paya_30_11_2023_05.jpg",800,533,false],"xxxxl":["https:\/\/riberasalud.com\/rsc\/wp-content\/uploads\/2023\/12\/Hospital_Denia_MS_Ribera_NAVIDAD_CEE_R_Paya_30_11_2023_05.jpg",800,533,false],"xxxxxl":["https:\/\/riberasalud.com\/rsc\/wp-content\/uploads\/2023\/12\/Hospital_Denia_MS_Ribera_NAVIDAD_CEE_R_Paya_30_11_2023_05.jpg",800,533,false],"1536x1536":["https:\/\/riberasalud.com\/rsc\/wp-content\/uploads\/2023\/12\/Hospital_Denia_MS_Ribera_NAVIDAD_CEE_R_Paya_30_11_2023_05.jpg",800,533,false],"2048x2048":["https:\/\/riberasalud.com\/rsc\/wp-content\/uploads\/2023\/12\/Hospital_Denia_MS_Ribera_NAVIDAD_CEE_R_Paya_30_11_2023_05.jpg",800,533,false]},"uagb_author_info":{"display_name":"Mar Sanchez","author_link":"https:\/\/riberasalud.com\/rsc\/author\/msotoriberasalud-es\/"},"uagb_comment_info":0,"uagb_excerpt":"Una\u00a0veintena de alumnos del Colegio de Educaci\u00f3n Especial,\u00a0Raquel Pay\u00e0 de D\u00e9nia, se han dado cita hoy en el Hospital de D\u00e9nia para adornar el \u00e1rbol de Navidad, ubicado en la entrada principal del centro sanitario. La iniciativa, coordinada por la Direcci\u00f3n de Enfermer\u00eda del Departamento de Salud de D\u00e9nia \u2013DSD-, se suma a la colaboraci\u00f3n&hellip;","coauthors":[],"tax_additional":{"categories":{"linked":["<a href=\"https:\/\/riberasalud.com\/rsc\/category\/alianzas-con-el-entorno\/\" class=\"advgb-post-tax-term\">Alianzas con el entorno<\/a>","<a href=\"https:\/\/riberasalud.com\/rsc\/category\/humanizacion\/\" class=\"advgb-post-tax-term\">Humanizaci\u00f3n<\/a>"],"unlinked":["<span class=\"advgb-post-tax-term\">Alianzas con el entorno<\/span>","<span class=\"advgb-post-tax-term\">Humanizaci\u00f3n<\/span>"]},"tags":{"linked":["<a href=\"https:\/\/riberasalud.com\/rsc\/category\/humanizacion\/\" class=\"advgb-post-tax-term\">alumnos<\/a>","<a href=\"https:\/\/riberasalud.com\/rsc\/category\/humanizacion\/\" class=\"advgb-post-tax-term\">\u00e1rbol<\/a>","<a href=\"https:\/\/riberasalud.com\/rsc\/category\/humanizacion\/\" class=\"advgb-post-tax-term\">colegio<\/a>","<a href=\"https:\/\/riberasalud.com\/rsc\/category\/humanizacion\/\" class=\"advgb-post-tax-term\">navidad<\/a>"],"unlinked":["<span class=\"advgb-post-tax-term\">alumnos<\/span>","<span class=\"advgb-post-tax-term\">\u00e1rbol<\/span>","<span class=\"advgb-post-tax-term\">colegio<\/span>","<span class=\"advgb-post-tax-term\">navidad<\/span>"]}},"comment_count":"0","relative_dates":{"created":"Publicado 2 a\u00f1os hace","modified":"Actualizado 2 a\u00f1os hace"},"absolute_dates":{"created":"Publicado el 5 de diciembre de 2023","modified":"Actualizado el 5 de diciembre de 2023"},"absolute_dates_time":{"created":"Publicado el 5 de diciembre de 2023 14:34","modified":"Actualizado el 5 de diciembre de 2023 14:34"},"featured_img_caption":"","series_order":"","_links":{"self":[{"href":"https:\/\/riberasalud.com\/rsc\/wp-json\/wp\/v2\/posts\/3334","targetHints":{"allow":["GET"]}}],"collection":[{"href":"https:\/\/riberasalud.com\/rsc\/wp-json\/wp\/v2\/posts"}],"about":[{"href":"https:\/\/riberasalud.com\/rsc\/wp-json\/wp\/v2\/types\/post"}],"author":[{"embeddable":true,"href":"https:\/\/riberasalud.com\/rsc\/wp-json\/wp\/v2\/users\/2"}],"replies":[{"embeddable":true,"href":"https:\/\/riberasalud.com\/rsc\/wp-json\/wp\/v2\/comments?post=3334"}],"version-history":[{"count":1,"href":"https:\/\/riberasalud.com\/rsc\/wp-json\/wp\/v2\/posts\/3334\/revisions"}],"predecessor-version":[{"id":3336,"href":"https:\/\/riberasalud.com\/rsc\/wp-json\/wp\/v2\/posts\/3334\/revisions\/3336"}],"wp:featuredmedia":[{"embeddable":true,"href":"https:\/\/riberasalud.com\/rsc\/wp-json\/wp\/v2\/media\/3335"}],"wp:attachment":[{"href":"https:\/\/riberasalud.com\/rsc\/wp-json\/wp\/v2\/media?parent=3334"}],"wp:term":[{"taxonomy":"category","embeddable":true,"href":"https:\/\/riberasalud.com\/rsc\/wp-json\/wp\/v2\/categories?post=3334"},{"taxonomy":"post_tag","embeddable":true,"href":"https:\/\/riberasalud.com\/rsc\/wp-json\/wp\/v2\/tags?post=3334"}],"curies":[{"name":"wp","href":"https:\/\/api.w.org\/{rel}","templated":true}]}}