{"id":2842,"date":"2023-07-12T11:29:02","date_gmt":"2023-07-12T11:29:02","guid":{"rendered":"https:\/\/riberasalud.com\/rsc\/?p=2842"},"modified":"2023-07-12T11:29:08","modified_gmt":"2023-07-12T11:29:08","slug":"el-hospital-virgen-de-la-caridad-de-cartagena-y-el-fc-cartagena-juntos-una-temporada-mas","status":"publish","type":"post","link":"https:\/\/riberasalud.com\/rsc\/2023\/07\/12\/el-hospital-virgen-de-la-caridad-de-cartagena-y-el-fc-cartagena-juntos-una-temporada-mas\/","title":{"rendered":"El Hospital Virgen de la Caridad de Cartagena y el FC Cartagena, juntos una temporada m\u00e1s"},"content":{"rendered":"\n<p>FC Cartagena SAD y Hospital Virgen de la Caridad continuar\u00e1n juntos una temporada m\u00e1s tras el acuerdo anunciado esta ma\u00f1ana en el centro sanitario de la ciudad portuaria. El club albinegro seguir\u00e1 contando con el apoyo de del hospital y del grupo sanitario Ribera, que gestiona el centro, como uno de los patrocinadores principales de la entidad a lo largo de la temporada 2023\/24, en un convenio rubricado en las instalaciones del centro m\u00e9dico.&nbsp;<\/p>\n\n\n\n<p>Para Bego\u00f1a Calzada, gerente del&nbsp;<a href=\"https:\/\/protect2.fireeye.com\/v1\/url?k=31323334-501d5122-3135aa27-454445555731-d906090b1598d4c7&amp;q=1&amp;e=3b5e58ae-e720-42a3-8f6a-caf564fa4539&amp;u=https%3A%2F%2Fcmvcaridad.com%2Fcentro%2Fhospital-cmvcaridad-cartagena%2F\">Hospital Virgen de la Caridad<\/a>&nbsp;y directora corporativa en el grupo sanitario&nbsp;<a href=\"https:\/\/protect2.fireeye.com\/v1\/url?k=31323334-501d5122-3135aa27-454445555731-92a01602bb034bf5&amp;q=1&amp;e=3b5e58ae-e720-42a3-8f6a-caf564fa4539&amp;u=https%3A%2F%2Fwww.riberasalud.com%2F\">Ribera<\/a>, \u201cla renovaci\u00f3n de este convenio responde a nuestro compromiso por la Regi\u00f3n de Murcia, por el&nbsp;<a href=\"https:\/\/protect2.fireeye.com\/v1\/url?k=31323334-501d5122-3135aa27-454445555731-35028084a0ab6b89&amp;q=1&amp;e=3b5e58ae-e720-42a3-8f6a-caf564fa4539&amp;u=https%3A%2F%2Fwww.cartagenaefese.es%2F\">F.C. Cartagena<\/a>&nbsp;y por la promoci\u00f3n de h\u00e1bitos de vida saludable a trav\u00e9s del deporte\u201d.<\/p>\n\n\n\n<p>Seg\u00fan el presidente del club albinegro, Paco Belmonte, \u201cpara nosotros es important\u00edsimo seguir contando con el respaldo de una empresa del calado de Hospital Virgen de la Caridad, por la seguridad que nos transmite y la calidad de sus servicios sanitarios, algo de lo que lleva benefici\u00e1ndose nuestra entidad desde hace muchos a\u00f1os y que ha convertido al centro en mucho m\u00e1s que un patrocinador para nosotros y para nuestros aficionados\u201d.<\/p>\n\n\n\n<figure class=\"wp-block-image size-full\"><img loading=\"lazy\" decoding=\"async\" width=\"800\" height=\"533\" src=\"https:\/\/riberasalud.com\/rsc\/wp-content\/uploads\/2023\/07\/Firma_Convenio_FCCartagena.jpg\" alt=\"firma convenio\" class=\"wp-image-2843\" srcset=\"https:\/\/riberasalud.com\/rsc\/wp-content\/uploads\/2023\/07\/Firma_Convenio_FCCartagena.jpg 800w, https:\/\/riberasalud.com\/rsc\/wp-content\/uploads\/2023\/07\/Firma_Convenio_FCCartagena-300x200.jpg 300w, https:\/\/riberasalud.com\/rsc\/wp-content\/uploads\/2023\/07\/Firma_Convenio_FCCartagena-768x512.jpg 768w\" sizes=\"auto, (max-width: 800px) 100vw, 800px\" \/><\/figure>\n\n\n\n<p>Gracias a este acuerdo, el club contar\u00e1 con una asistencia sanitaria de primer nivel que garantizar\u00e1 el mejor estado de salud de los jugadores. Por su parte, el centro sanitario, como servicio m\u00e9dico oficial, tendr\u00e1 presencia en diferentes soportes publicitarios que servir\u00e1n para hacer llegar a deportistas y afici\u00f3n los valores de la entidad e informar acerca de diferentes acciones relacionadas con salud y deporte.<\/p>\n\n\n\n<p>El convenio contempla la&nbsp;realizaci\u00f3n&nbsp;exhaustivos reconocimientos m\u00e9dicos a la plantilla&nbsp;y nuevas incorporaciones que se llevan a cabo durante los periodos de mercado.&nbsp; En este sentido, durante estos d\u00edas, el Hospital Virgen de la Caridad ha acogido a los futbolistas del primer equipo para la realizaci\u00f3n de las pruebas m\u00e9dicas de pretemporada. Estos reconocimientos incluyen un estudio cardiol\u00f3gico y respiratorio a manos del Dr. Esteban Ortiz, adem\u00e1s de una evaluaci\u00f3n articular por el traumat\u00f3logo especialista, el Dr. Pedro Antonio Mart\u00ednez Victorio. Tambi\u00e9n se les realiza una anal\u00edtica, un electrocardiograma y una espirometr\u00eda.<\/p>\n\n\n\n<p>Desde el FC Cartagena queremos agradecer una temporada m\u00e1s el apoyo tanto del centro sanitario como de su gerente Bego\u00f1a Calzada, a la hora de seguir apostando por el proyecto del FC Cartagena y por el deporte cartagenero.<\/p>\n","protected":false},"excerpt":{"rendered":"<p>FC Cartagena SAD y Hospital Virgen de la Caridad continuar\u00e1n juntos una temporada m\u00e1s tras el acuerdo anunciado esta ma\u00f1ana en el centro sanitario de la ciudad portuaria. El club albinegro seguir\u00e1 contando con el apoyo de del hospital y del grupo sanitario Ribera, que gestiona el centro, como uno de los patrocinadores principales de &#8230; <a title=\"El Hospital Virgen de la Caridad de Cartagena y el FC Cartagena, juntos una temporada m\u00e1s\" class=\"read-more\" href=\"https:\/\/riberasalud.com\/rsc\/2023\/07\/12\/el-hospital-virgen-de-la-caridad-de-cartagena-y-el-fc-cartagena-juntos-una-temporada-mas\/\" aria-label=\"Leer m\u00e1s sobre El Hospital Virgen de la Caridad de Cartagena y el FC Cartagena, juntos una temporada m\u00e1s\">Leer m\u00e1s<\/a><\/p>\n","protected":false},"author":2,"featured_media":2844,"comment_status":"open","ping_status":"open","sticky":false,"template":"","format":"standard","meta":{"_editorskit_title_hidden":false,"_editorskit_reading_time":2,"_editorskit_is_block_options_detached":false,"_editorskit_block_options_position":"{}","_coblocks_attr":"","_coblocks_dimensions":"","_coblocks_responsive_height":"","_coblocks_accordion_ie_support":"","_uag_custom_page_level_css":"","advgb_blocks_editor_width":"","advgb_blocks_columns_visual_guide":"","_monsterinsights_skip_tracking":false,"_monsterinsights_sitenote_active":false,"_monsterinsights_sitenote_note":"","_monsterinsights_sitenote_category":0,"footnotes":""},"categories":[207,204],"tags":[178,167,326],"class_list":["post-2842","post","type-post","status-publish","format-standard","has-post-thumbnail","hentry","category-alianzas-con-el-entorno","category-promocion-de-la-salud","tag-deporte","tag-reconocimiento-medico","tag-salud"],"featured_image_urls_v2":{"full":["https:\/\/riberasalud.com\/rsc\/wp-content\/uploads\/2023\/07\/Firma_Convenio_FCCartagena_2.jpg",800,533,false],"thumbnail":["https:\/\/riberasalud.com\/rsc\/wp-content\/uploads\/2023\/07\/Firma_Convenio_FCCartagena_2-150x150.jpg",150,150,true],"medium":["https:\/\/riberasalud.com\/rsc\/wp-content\/uploads\/2023\/07\/Firma_Convenio_FCCartagena_2-300x200.jpg",300,200,true],"medium_large":["https:\/\/riberasalud.com\/rsc\/wp-content\/uploads\/2023\/07\/Firma_Convenio_FCCartagena_2-768x512.jpg",768,512,true],"large":["https:\/\/riberasalud.com\/rsc\/wp-content\/uploads\/2023\/07\/Firma_Convenio_FCCartagena_2.jpg",800,533,false],"xl":["https:\/\/riberasalud.com\/rsc\/wp-content\/uploads\/2023\/07\/Firma_Convenio_FCCartagena_2.jpg",800,533,false],"xxl":["https:\/\/riberasalud.com\/rsc\/wp-content\/uploads\/2023\/07\/Firma_Convenio_FCCartagena_2.jpg",800,533,false],"xxxl":["https:\/\/riberasalud.com\/rsc\/wp-content\/uploads\/2023\/07\/Firma_Convenio_FCCartagena_2.jpg",800,533,false],"xxxxl":["https:\/\/riberasalud.com\/rsc\/wp-content\/uploads\/2023\/07\/Firma_Convenio_FCCartagena_2.jpg",800,533,false],"xxxxxl":["https:\/\/riberasalud.com\/rsc\/wp-content\/uploads\/2023\/07\/Firma_Convenio_FCCartagena_2.jpg",800,533,false],"1536x1536":["https:\/\/riberasalud.com\/rsc\/wp-content\/uploads\/2023\/07\/Firma_Convenio_FCCartagena_2.jpg",800,533,false],"2048x2048":["https:\/\/riberasalud.com\/rsc\/wp-content\/uploads\/2023\/07\/Firma_Convenio_FCCartagena_2.jpg",800,533,false]},"post_excerpt_stackable_v2":"<p>FC Cartagena SAD y Hospital Virgen de la Caridad continuar\u00e1n juntos una temporada m\u00e1s tras el acuerdo anunciado esta ma\u00f1ana en el centro sanitario de la ciudad portuaria. El club albinegro seguir\u00e1 contando con el apoyo de del hospital y del grupo sanitario Ribera, que gestiona el centro, como uno de los patrocinadores principales de la entidad a lo largo de la temporada 2023\/24, en un convenio rubricado en las instalaciones del centro m\u00e9dico.&nbsp; Para Bego\u00f1a Calzada, gerente del&nbsp;Hospital Virgen de la Caridad&nbsp;y directora corporativa en el grupo sanitario&nbsp;Ribera, \u201cla renovaci\u00f3n de este convenio responde a nuestro compromiso por la&hellip;<\/p>\n","category_list_v2":"<a href=\"https:\/\/riberasalud.com\/rsc\/category\/alianzas-con-el-entorno\/\" rel=\"category tag\">Alianzas con el entorno<\/a>, <a href=\"https:\/\/riberasalud.com\/rsc\/category\/promocion-de-la-salud\/\" rel=\"category tag\">Promoci\u00f3n de la salud<\/a>","author_info_v2":{"name":"Mar Sanchez","url":"https:\/\/riberasalud.com\/rsc\/author\/msotoriberasalud-es\/"},"comments_num_v2":"0 comentarios","yoast_head":"<!-- This site is optimized with the Yoast SEO plugin v26.6 - https:\/\/yoast.com\/wordpress\/plugins\/seo\/ -->\n<title>El Hospital Virgen de la Caridad de Cartagena y el FC Cartagena, juntos una temporada m\u00e1s - RSC Grupo sanitario Ribera<\/title>\n<meta name=\"description\" content=\"FC Cartagena SAD y Hospital Virgen de la Caridad continuar\u00e1n juntos una temporada m\u00e1s tras el acuerdo en el centro sanitario\" \/>\n<meta name=\"robots\" content=\"index, follow, max-snippet:-1, max-image-preview:large, max-video-preview:-1\" \/>\n<link rel=\"canonical\" href=\"https:\/\/riberasalud.com\/rsc\/2023\/07\/12\/el-hospital-virgen-de-la-caridad-de-cartagena-y-el-fc-cartagena-juntos-una-temporada-mas\/\" \/>\n<meta property=\"og:locale\" content=\"es_ES\" \/>\n<meta property=\"og:type\" content=\"article\" \/>\n<meta property=\"og:title\" content=\"El Hospital Virgen de la Caridad de Cartagena y el FC Cartagena, juntos una temporada m\u00e1s - RSC Grupo sanitario Ribera\" \/>\n<meta property=\"og:description\" content=\"FC Cartagena SAD y Hospital Virgen de la Caridad continuar\u00e1n juntos una temporada m\u00e1s tras el acuerdo en el centro sanitario\" \/>\n<meta property=\"og:url\" content=\"https:\/\/riberasalud.com\/rsc\/2023\/07\/12\/el-hospital-virgen-de-la-caridad-de-cartagena-y-el-fc-cartagena-juntos-una-temporada-mas\/\" \/>\n<meta property=\"og:site_name\" content=\"RSC Grupo sanitario Ribera\" \/>\n<meta property=\"article:published_time\" content=\"2023-07-12T11:29:02+00:00\" \/>\n<meta property=\"article:modified_time\" content=\"2023-07-12T11:29:08+00:00\" \/>\n<meta property=\"og:image\" content=\"https:\/\/riberasalud.com\/rsc\/wp-content\/uploads\/2023\/07\/Firma_Convenio_FCCartagena_2.jpg\" \/>\n\t<meta property=\"og:image:width\" content=\"800\" \/>\n\t<meta property=\"og:image:height\" content=\"533\" \/>\n\t<meta property=\"og:image:type\" content=\"image\/jpeg\" \/>\n<meta name=\"author\" content=\"Mar Sanchez\" \/>\n<meta name=\"twitter:card\" content=\"summary_large_image\" \/>\n<meta name=\"twitter:label1\" content=\"Escrito por\" \/>\n\t<meta name=\"twitter:data1\" content=\"Mar Sanchez\" \/>\n\t<meta name=\"twitter:label2\" content=\"Tiempo de lectura\" \/>\n\t<meta name=\"twitter:data2\" content=\"2 minutos\" \/>\n<script type=\"application\/ld+json\" class=\"yoast-schema-graph\">{\"@context\":\"https:\/\/schema.org\",\"@graph\":[{\"@type\":\"Article\",\"@id\":\"https:\/\/riberasalud.com\/rsc\/2023\/07\/12\/el-hospital-virgen-de-la-caridad-de-cartagena-y-el-fc-cartagena-juntos-una-temporada-mas\/#article\",\"isPartOf\":{\"@id\":\"https:\/\/riberasalud.com\/rsc\/2023\/07\/12\/el-hospital-virgen-de-la-caridad-de-cartagena-y-el-fc-cartagena-juntos-una-temporada-mas\/\"},\"author\":{\"name\":\"Mar Sanchez\",\"@id\":\"https:\/\/riberasalud.com\/rsc\/#\/schema\/person\/11c4e77d56d084661ced188afcae969f\"},\"headline\":\"El Hospital Virgen de la Caridad de Cartagena y el FC Cartagena, juntos una temporada m\u00e1s\",\"datePublished\":\"2023-07-12T11:29:02+00:00\",\"dateModified\":\"2023-07-12T11:29:08+00:00\",\"mainEntityOfPage\":{\"@id\":\"https:\/\/riberasalud.com\/rsc\/2023\/07\/12\/el-hospital-virgen-de-la-caridad-de-cartagena-y-el-fc-cartagena-juntos-una-temporada-mas\/\"},\"wordCount\":450,\"commentCount\":0,\"publisher\":{\"@id\":\"https:\/\/riberasalud.com\/rsc\/#organization\"},\"image\":{\"@id\":\"https:\/\/riberasalud.com\/rsc\/2023\/07\/12\/el-hospital-virgen-de-la-caridad-de-cartagena-y-el-fc-cartagena-juntos-una-temporada-mas\/#primaryimage\"},\"thumbnailUrl\":\"https:\/\/riberasalud.com\/rsc\/wp-content\/uploads\/2023\/07\/Firma_Convenio_FCCartagena_2.jpg\",\"keywords\":[\"deporte\",\"reconocimiento m\u00e9dico\",\"salud\"],\"articleSection\":[\"Alianzas con el entorno\",\"Promoci\u00f3n de la salud\"],\"inLanguage\":\"es\",\"potentialAction\":[{\"@type\":\"CommentAction\",\"name\":\"Comment\",\"target\":[\"https:\/\/riberasalud.com\/rsc\/2023\/07\/12\/el-hospital-virgen-de-la-caridad-de-cartagena-y-el-fc-cartagena-juntos-una-temporada-mas\/#respond\"]}]},{\"@type\":\"WebPage\",\"@id\":\"https:\/\/riberasalud.com\/rsc\/2023\/07\/12\/el-hospital-virgen-de-la-caridad-de-cartagena-y-el-fc-cartagena-juntos-una-temporada-mas\/\",\"url\":\"https:\/\/riberasalud.com\/rsc\/2023\/07\/12\/el-hospital-virgen-de-la-caridad-de-cartagena-y-el-fc-cartagena-juntos-una-temporada-mas\/\",\"name\":\"El Hospital Virgen de la Caridad de Cartagena y el FC Cartagena, juntos una temporada m\u00e1s - RSC Grupo sanitario Ribera\",\"isPartOf\":{\"@id\":\"https:\/\/riberasalud.com\/rsc\/#website\"},\"primaryImageOfPage\":{\"@id\":\"https:\/\/riberasalud.com\/rsc\/2023\/07\/12\/el-hospital-virgen-de-la-caridad-de-cartagena-y-el-fc-cartagena-juntos-una-temporada-mas\/#primaryimage\"},\"image\":{\"@id\":\"https:\/\/riberasalud.com\/rsc\/2023\/07\/12\/el-hospital-virgen-de-la-caridad-de-cartagena-y-el-fc-cartagena-juntos-una-temporada-mas\/#primaryimage\"},\"thumbnailUrl\":\"https:\/\/riberasalud.com\/rsc\/wp-content\/uploads\/2023\/07\/Firma_Convenio_FCCartagena_2.jpg\",\"datePublished\":\"2023-07-12T11:29:02+00:00\",\"dateModified\":\"2023-07-12T11:29:08+00:00\",\"description\":\"FC Cartagena SAD y Hospital Virgen de la Caridad continuar\u00e1n juntos una temporada m\u00e1s tras el acuerdo en el centro sanitario\",\"breadcrumb\":{\"@id\":\"https:\/\/riberasalud.com\/rsc\/2023\/07\/12\/el-hospital-virgen-de-la-caridad-de-cartagena-y-el-fc-cartagena-juntos-una-temporada-mas\/#breadcrumb\"},\"inLanguage\":\"es\",\"potentialAction\":[{\"@type\":\"ReadAction\",\"target\":[\"https:\/\/riberasalud.com\/rsc\/2023\/07\/12\/el-hospital-virgen-de-la-caridad-de-cartagena-y-el-fc-cartagena-juntos-una-temporada-mas\/\"]}]},{\"@type\":\"ImageObject\",\"inLanguage\":\"es\",\"@id\":\"https:\/\/riberasalud.com\/rsc\/2023\/07\/12\/el-hospital-virgen-de-la-caridad-de-cartagena-y-el-fc-cartagena-juntos-una-temporada-mas\/#primaryimage\",\"url\":\"https:\/\/riberasalud.com\/rsc\/wp-content\/uploads\/2023\/07\/Firma_Convenio_FCCartagena_2.jpg\",\"contentUrl\":\"https:\/\/riberasalud.com\/rsc\/wp-content\/uploads\/2023\/07\/Firma_Convenio_FCCartagena_2.jpg\",\"width\":800,\"height\":533,\"caption\":\"firma convenio\"},{\"@type\":\"BreadcrumbList\",\"@id\":\"https:\/\/riberasalud.com\/rsc\/2023\/07\/12\/el-hospital-virgen-de-la-caridad-de-cartagena-y-el-fc-cartagena-juntos-una-temporada-mas\/#breadcrumb\",\"itemListElement\":[{\"@type\":\"ListItem\",\"position\":1,\"name\":\"Portada\",\"item\":\"https:\/\/riberasalud.com\/rsc\/\"},{\"@type\":\"ListItem\",\"position\":2,\"name\":\"El Hospital Virgen de la Caridad de Cartagena y el FC Cartagena, juntos una temporada m\u00e1s\"}]},{\"@type\":\"WebSite\",\"@id\":\"https:\/\/riberasalud.com\/rsc\/#website\",\"url\":\"https:\/\/riberasalud.com\/rsc\/\",\"name\":\"RSC Grupo sanitario Ribera\",\"description\":\"\",\"publisher\":{\"@id\":\"https:\/\/riberasalud.com\/rsc\/#organization\"},\"potentialAction\":[{\"@type\":\"SearchAction\",\"target\":{\"@type\":\"EntryPoint\",\"urlTemplate\":\"https:\/\/riberasalud.com\/rsc\/?s={search_term_string}\"},\"query-input\":{\"@type\":\"PropertyValueSpecification\",\"valueRequired\":true,\"valueName\":\"search_term_string\"}}],\"inLanguage\":\"es\"},{\"@type\":\"Organization\",\"@id\":\"https:\/\/riberasalud.com\/rsc\/#organization\",\"name\":\"RSC Grupo sanitario Ribera\",\"url\":\"https:\/\/riberasalud.com\/rsc\/\",\"logo\":{\"@type\":\"ImageObject\",\"inLanguage\":\"es\",\"@id\":\"https:\/\/riberasalud.com\/rsc\/#\/schema\/logo\/image\/\",\"url\":\"https:\/\/riberasalud.com\/rsc\/wp-content\/uploads\/2021\/05\/cropped-Logotipo-Red.png\",\"contentUrl\":\"https:\/\/riberasalud.com\/rsc\/wp-content\/uploads\/2021\/05\/cropped-Logotipo-Red.png\",\"width\":500,\"height\":198,\"caption\":\"RSC Grupo sanitario Ribera\"},\"image\":{\"@id\":\"https:\/\/riberasalud.com\/rsc\/#\/schema\/logo\/image\/\"}},{\"@type\":\"Person\",\"@id\":\"https:\/\/riberasalud.com\/rsc\/#\/schema\/person\/11c4e77d56d084661ced188afcae969f\",\"name\":\"Mar Sanchez\",\"image\":{\"@type\":\"ImageObject\",\"inLanguage\":\"es\",\"@id\":\"https:\/\/riberasalud.com\/rsc\/#\/schema\/person\/image\/\",\"url\":\"https:\/\/secure.gravatar.com\/avatar\/5fc005413aafe0a1f7d81747fac73740246ee36e4fad7f56eb325711b6c9f209?s=96&d=mm&r=g\",\"contentUrl\":\"https:\/\/secure.gravatar.com\/avatar\/5fc005413aafe0a1f7d81747fac73740246ee36e4fad7f56eb325711b6c9f209?s=96&d=mm&r=g\",\"caption\":\"Mar Sanchez\"},\"url\":\"https:\/\/riberasalud.com\/rsc\/author\/msotoriberasalud-es\/\"}]}<\/script>\n<!-- \/ Yoast SEO plugin. -->","yoast_head_json":{"title":"El Hospital Virgen de la Caridad de Cartagena y el FC Cartagena, juntos una temporada m\u00e1s - RSC Grupo sanitario Ribera","description":"FC Cartagena SAD y Hospital Virgen de la Caridad continuar\u00e1n juntos una temporada m\u00e1s tras el acuerdo en el centro sanitario","robots":{"index":"index","follow":"follow","max-snippet":"max-snippet:-1","max-image-preview":"max-image-preview:large","max-video-preview":"max-video-preview:-1"},"canonical":"https:\/\/riberasalud.com\/rsc\/2023\/07\/12\/el-hospital-virgen-de-la-caridad-de-cartagena-y-el-fc-cartagena-juntos-una-temporada-mas\/","og_locale":"es_ES","og_type":"article","og_title":"El Hospital Virgen de la Caridad de Cartagena y el FC Cartagena, juntos una temporada m\u00e1s - RSC Grupo sanitario Ribera","og_description":"FC Cartagena SAD y Hospital Virgen de la Caridad continuar\u00e1n juntos una temporada m\u00e1s tras el acuerdo en el centro sanitario","og_url":"https:\/\/riberasalud.com\/rsc\/2023\/07\/12\/el-hospital-virgen-de-la-caridad-de-cartagena-y-el-fc-cartagena-juntos-una-temporada-mas\/","og_site_name":"RSC Grupo sanitario Ribera","article_published_time":"2023-07-12T11:29:02+00:00","article_modified_time":"2023-07-12T11:29:08+00:00","og_image":[{"width":800,"height":533,"url":"https:\/\/riberasalud.com\/rsc\/wp-content\/uploads\/2023\/07\/Firma_Convenio_FCCartagena_2.jpg","type":"image\/jpeg"}],"author":"Mar Sanchez","twitter_card":"summary_large_image","twitter_misc":{"Escrito por":"Mar Sanchez","Tiempo de lectura":"2 minutos"},"schema":{"@context":"https:\/\/schema.org","@graph":[{"@type":"Article","@id":"https:\/\/riberasalud.com\/rsc\/2023\/07\/12\/el-hospital-virgen-de-la-caridad-de-cartagena-y-el-fc-cartagena-juntos-una-temporada-mas\/#article","isPartOf":{"@id":"https:\/\/riberasalud.com\/rsc\/2023\/07\/12\/el-hospital-virgen-de-la-caridad-de-cartagena-y-el-fc-cartagena-juntos-una-temporada-mas\/"},"author":{"name":"Mar Sanchez","@id":"https:\/\/riberasalud.com\/rsc\/#\/schema\/person\/11c4e77d56d084661ced188afcae969f"},"headline":"El Hospital Virgen de la Caridad de Cartagena y el FC Cartagena, juntos una temporada m\u00e1s","datePublished":"2023-07-12T11:29:02+00:00","dateModified":"2023-07-12T11:29:08+00:00","mainEntityOfPage":{"@id":"https:\/\/riberasalud.com\/rsc\/2023\/07\/12\/el-hospital-virgen-de-la-caridad-de-cartagena-y-el-fc-cartagena-juntos-una-temporada-mas\/"},"wordCount":450,"commentCount":0,"publisher":{"@id":"https:\/\/riberasalud.com\/rsc\/#organization"},"image":{"@id":"https:\/\/riberasalud.com\/rsc\/2023\/07\/12\/el-hospital-virgen-de-la-caridad-de-cartagena-y-el-fc-cartagena-juntos-una-temporada-mas\/#primaryimage"},"thumbnailUrl":"https:\/\/riberasalud.com\/rsc\/wp-content\/uploads\/2023\/07\/Firma_Convenio_FCCartagena_2.jpg","keywords":["deporte","reconocimiento m\u00e9dico","salud"],"articleSection":["Alianzas con el entorno","Promoci\u00f3n de la salud"],"inLanguage":"es","potentialAction":[{"@type":"CommentAction","name":"Comment","target":["https:\/\/riberasalud.com\/rsc\/2023\/07\/12\/el-hospital-virgen-de-la-caridad-de-cartagena-y-el-fc-cartagena-juntos-una-temporada-mas\/#respond"]}]},{"@type":"WebPage","@id":"https:\/\/riberasalud.com\/rsc\/2023\/07\/12\/el-hospital-virgen-de-la-caridad-de-cartagena-y-el-fc-cartagena-juntos-una-temporada-mas\/","url":"https:\/\/riberasalud.com\/rsc\/2023\/07\/12\/el-hospital-virgen-de-la-caridad-de-cartagena-y-el-fc-cartagena-juntos-una-temporada-mas\/","name":"El Hospital Virgen de la Caridad de Cartagena y el FC Cartagena, juntos una temporada m\u00e1s - RSC Grupo sanitario Ribera","isPartOf":{"@id":"https:\/\/riberasalud.com\/rsc\/#website"},"primaryImageOfPage":{"@id":"https:\/\/riberasalud.com\/rsc\/2023\/07\/12\/el-hospital-virgen-de-la-caridad-de-cartagena-y-el-fc-cartagena-juntos-una-temporada-mas\/#primaryimage"},"image":{"@id":"https:\/\/riberasalud.com\/rsc\/2023\/07\/12\/el-hospital-virgen-de-la-caridad-de-cartagena-y-el-fc-cartagena-juntos-una-temporada-mas\/#primaryimage"},"thumbnailUrl":"https:\/\/riberasalud.com\/rsc\/wp-content\/uploads\/2023\/07\/Firma_Convenio_FCCartagena_2.jpg","datePublished":"2023-07-12T11:29:02+00:00","dateModified":"2023-07-12T11:29:08+00:00","description":"FC Cartagena SAD y Hospital Virgen de la Caridad continuar\u00e1n juntos una temporada m\u00e1s tras el acuerdo en el centro sanitario","breadcrumb":{"@id":"https:\/\/riberasalud.com\/rsc\/2023\/07\/12\/el-hospital-virgen-de-la-caridad-de-cartagena-y-el-fc-cartagena-juntos-una-temporada-mas\/#breadcrumb"},"inLanguage":"es","potentialAction":[{"@type":"ReadAction","target":["https:\/\/riberasalud.com\/rsc\/2023\/07\/12\/el-hospital-virgen-de-la-caridad-de-cartagena-y-el-fc-cartagena-juntos-una-temporada-mas\/"]}]},{"@type":"ImageObject","inLanguage":"es","@id":"https:\/\/riberasalud.com\/rsc\/2023\/07\/12\/el-hospital-virgen-de-la-caridad-de-cartagena-y-el-fc-cartagena-juntos-una-temporada-mas\/#primaryimage","url":"https:\/\/riberasalud.com\/rsc\/wp-content\/uploads\/2023\/07\/Firma_Convenio_FCCartagena_2.jpg","contentUrl":"https:\/\/riberasalud.com\/rsc\/wp-content\/uploads\/2023\/07\/Firma_Convenio_FCCartagena_2.jpg","width":800,"height":533,"caption":"firma convenio"},{"@type":"BreadcrumbList","@id":"https:\/\/riberasalud.com\/rsc\/2023\/07\/12\/el-hospital-virgen-de-la-caridad-de-cartagena-y-el-fc-cartagena-juntos-una-temporada-mas\/#breadcrumb","itemListElement":[{"@type":"ListItem","position":1,"name":"Portada","item":"https:\/\/riberasalud.com\/rsc\/"},{"@type":"ListItem","position":2,"name":"El Hospital Virgen de la Caridad de Cartagena y el FC Cartagena, juntos una temporada m\u00e1s"}]},{"@type":"WebSite","@id":"https:\/\/riberasalud.com\/rsc\/#website","url":"https:\/\/riberasalud.com\/rsc\/","name":"RSC Grupo sanitario Ribera","description":"","publisher":{"@id":"https:\/\/riberasalud.com\/rsc\/#organization"},"potentialAction":[{"@type":"SearchAction","target":{"@type":"EntryPoint","urlTemplate":"https:\/\/riberasalud.com\/rsc\/?s={search_term_string}"},"query-input":{"@type":"PropertyValueSpecification","valueRequired":true,"valueName":"search_term_string"}}],"inLanguage":"es"},{"@type":"Organization","@id":"https:\/\/riberasalud.com\/rsc\/#organization","name":"RSC Grupo sanitario Ribera","url":"https:\/\/riberasalud.com\/rsc\/","logo":{"@type":"ImageObject","inLanguage":"es","@id":"https:\/\/riberasalud.com\/rsc\/#\/schema\/logo\/image\/","url":"https:\/\/riberasalud.com\/rsc\/wp-content\/uploads\/2021\/05\/cropped-Logotipo-Red.png","contentUrl":"https:\/\/riberasalud.com\/rsc\/wp-content\/uploads\/2021\/05\/cropped-Logotipo-Red.png","width":500,"height":198,"caption":"RSC Grupo sanitario Ribera"},"image":{"@id":"https:\/\/riberasalud.com\/rsc\/#\/schema\/logo\/image\/"}},{"@type":"Person","@id":"https:\/\/riberasalud.com\/rsc\/#\/schema\/person\/11c4e77d56d084661ced188afcae969f","name":"Mar Sanchez","image":{"@type":"ImageObject","inLanguage":"es","@id":"https:\/\/riberasalud.com\/rsc\/#\/schema\/person\/image\/","url":"https:\/\/secure.gravatar.com\/avatar\/5fc005413aafe0a1f7d81747fac73740246ee36e4fad7f56eb325711b6c9f209?s=96&d=mm&r=g","contentUrl":"https:\/\/secure.gravatar.com\/avatar\/5fc005413aafe0a1f7d81747fac73740246ee36e4fad7f56eb325711b6c9f209?s=96&d=mm&r=g","caption":"Mar Sanchez"},"url":"https:\/\/riberasalud.com\/rsc\/author\/msotoriberasalud-es\/"}]}},"author_meta":{"display_name":"Mar Sanchez","author_link":"https:\/\/riberasalud.com\/rsc\/author\/msotoriberasalud-es\/"},"featured_img":"https:\/\/riberasalud.com\/rsc\/wp-content\/uploads\/2023\/07\/Firma_Convenio_FCCartagena_2-300x200.jpg","pbg_featured_image_src":{"full":["https:\/\/riberasalud.com\/rsc\/wp-content\/uploads\/2023\/07\/Firma_Convenio_FCCartagena_2.jpg",800,533,false],"thumbnail":["https:\/\/riberasalud.com\/rsc\/wp-content\/uploads\/2023\/07\/Firma_Convenio_FCCartagena_2-150x150.jpg",150,150,true],"medium":["https:\/\/riberasalud.com\/rsc\/wp-content\/uploads\/2023\/07\/Firma_Convenio_FCCartagena_2-300x200.jpg",300,200,true],"medium_large":["https:\/\/riberasalud.com\/rsc\/wp-content\/uploads\/2023\/07\/Firma_Convenio_FCCartagena_2-768x512.jpg",768,512,true],"large":["https:\/\/riberasalud.com\/rsc\/wp-content\/uploads\/2023\/07\/Firma_Convenio_FCCartagena_2.jpg",800,533,false],"xl":["https:\/\/riberasalud.com\/rsc\/wp-content\/uploads\/2023\/07\/Firma_Convenio_FCCartagena_2.jpg",800,533,false],"xxl":["https:\/\/riberasalud.com\/rsc\/wp-content\/uploads\/2023\/07\/Firma_Convenio_FCCartagena_2.jpg",800,533,false],"xxxl":["https:\/\/riberasalud.com\/rsc\/wp-content\/uploads\/2023\/07\/Firma_Convenio_FCCartagena_2.jpg",800,533,false],"xxxxl":["https:\/\/riberasalud.com\/rsc\/wp-content\/uploads\/2023\/07\/Firma_Convenio_FCCartagena_2.jpg",800,533,false],"xxxxxl":["https:\/\/riberasalud.com\/rsc\/wp-content\/uploads\/2023\/07\/Firma_Convenio_FCCartagena_2.jpg",800,533,false],"1536x1536":["https:\/\/riberasalud.com\/rsc\/wp-content\/uploads\/2023\/07\/Firma_Convenio_FCCartagena_2.jpg",800,533,false],"2048x2048":["https:\/\/riberasalud.com\/rsc\/wp-content\/uploads\/2023\/07\/Firma_Convenio_FCCartagena_2.jpg",800,533,false]},"pbg_author_info":{"display_name":"Mar Sanchez","author_link":"https:\/\/riberasalud.com\/rsc\/author\/msotoriberasalud-es\/","author_img":"<img alt='Mar Sanchez' src='https:\/\/secure.gravatar.com\/avatar\/5fc005413aafe0a1f7d81747fac73740246ee36e4fad7f56eb325711b6c9f209?s=128&#038;d=mm&#038;r=g' srcset='https:\/\/secure.gravatar.com\/avatar\/5fc005413aafe0a1f7d81747fac73740246ee36e4fad7f56eb325711b6c9f209?s=256&#038;d=mm&#038;r=g 2x' class='avatar avatar-128 photo' height='128' width='128' loading='lazy' decoding='async'\/>"},"pbg_comment_info":" No Comments","pbg_excerpt":"FC Cartagena SAD y Hospital Virgen de la Caridad continuar\u00e1n juntos una temporada m\u00e1s tras el acuerdo anunciado esta ma\u00f1ana en el centro sanitario de la ciudad portuaria. El club albinegro seguir\u00e1 contando con el apoyo de del hospital y del grupo sanitario Ribera, que gestiona el centro, como uno de los patrocinadores principales de&hellip;","uagb_featured_image_src":{"full":["https:\/\/riberasalud.com\/rsc\/wp-content\/uploads\/2023\/07\/Firma_Convenio_FCCartagena_2.jpg",800,533,false],"thumbnail":["https:\/\/riberasalud.com\/rsc\/wp-content\/uploads\/2023\/07\/Firma_Convenio_FCCartagena_2-150x150.jpg",150,150,true],"medium":["https:\/\/riberasalud.com\/rsc\/wp-content\/uploads\/2023\/07\/Firma_Convenio_FCCartagena_2-300x200.jpg",300,200,true],"medium_large":["https:\/\/riberasalud.com\/rsc\/wp-content\/uploads\/2023\/07\/Firma_Convenio_FCCartagena_2-768x512.jpg",768,512,true],"large":["https:\/\/riberasalud.com\/rsc\/wp-content\/uploads\/2023\/07\/Firma_Convenio_FCCartagena_2.jpg",800,533,false],"xl":["https:\/\/riberasalud.com\/rsc\/wp-content\/uploads\/2023\/07\/Firma_Convenio_FCCartagena_2.jpg",800,533,false],"xxl":["https:\/\/riberasalud.com\/rsc\/wp-content\/uploads\/2023\/07\/Firma_Convenio_FCCartagena_2.jpg",800,533,false],"xxxl":["https:\/\/riberasalud.com\/rsc\/wp-content\/uploads\/2023\/07\/Firma_Convenio_FCCartagena_2.jpg",800,533,false],"xxxxl":["https:\/\/riberasalud.com\/rsc\/wp-content\/uploads\/2023\/07\/Firma_Convenio_FCCartagena_2.jpg",800,533,false],"xxxxxl":["https:\/\/riberasalud.com\/rsc\/wp-content\/uploads\/2023\/07\/Firma_Convenio_FCCartagena_2.jpg",800,533,false],"1536x1536":["https:\/\/riberasalud.com\/rsc\/wp-content\/uploads\/2023\/07\/Firma_Convenio_FCCartagena_2.jpg",800,533,false],"2048x2048":["https:\/\/riberasalud.com\/rsc\/wp-content\/uploads\/2023\/07\/Firma_Convenio_FCCartagena_2.jpg",800,533,false]},"uagb_author_info":{"display_name":"Mar Sanchez","author_link":"https:\/\/riberasalud.com\/rsc\/author\/msotoriberasalud-es\/"},"uagb_comment_info":0,"uagb_excerpt":"FC Cartagena SAD y Hospital Virgen de la Caridad continuar\u00e1n juntos una temporada m\u00e1s tras el acuerdo anunciado esta ma\u00f1ana en el centro sanitario de la ciudad portuaria. El club albinegro seguir\u00e1 contando con el apoyo de del hospital y del grupo sanitario Ribera, que gestiona el centro, como uno de los patrocinadores principales de&hellip;","coauthors":[],"tax_additional":{"categories":{"linked":["<a href=\"https:\/\/riberasalud.com\/rsc\/category\/alianzas-con-el-entorno\/\" class=\"advgb-post-tax-term\">Alianzas con el entorno<\/a>","<a href=\"https:\/\/riberasalud.com\/rsc\/category\/promocion-de-la-salud\/\" class=\"advgb-post-tax-term\">Promoci\u00f3n de la salud<\/a>"],"unlinked":["<span class=\"advgb-post-tax-term\">Alianzas con el entorno<\/span>","<span class=\"advgb-post-tax-term\">Promoci\u00f3n de la salud<\/span>"]},"tags":{"linked":["<a href=\"https:\/\/riberasalud.com\/rsc\/category\/promocion-de-la-salud\/\" class=\"advgb-post-tax-term\">deporte<\/a>","<a href=\"https:\/\/riberasalud.com\/rsc\/category\/promocion-de-la-salud\/\" class=\"advgb-post-tax-term\">reconocimiento m\u00e9dico<\/a>","<a href=\"https:\/\/riberasalud.com\/rsc\/category\/promocion-de-la-salud\/\" class=\"advgb-post-tax-term\">salud<\/a>"],"unlinked":["<span class=\"advgb-post-tax-term\">deporte<\/span>","<span class=\"advgb-post-tax-term\">reconocimiento m\u00e9dico<\/span>","<span class=\"advgb-post-tax-term\">salud<\/span>"]}},"comment_count":"0","relative_dates":{"created":"Publicado 3 a\u00f1os hace","modified":"Actualizado 3 a\u00f1os hace"},"absolute_dates":{"created":"Publicado el 12 de julio de 2023","modified":"Actualizado el 12 de julio de 2023"},"absolute_dates_time":{"created":"Publicado el 12 de julio de 2023 11:29","modified":"Actualizado el 12 de julio de 2023 11:29"},"featured_img_caption":"","series_order":"","_links":{"self":[{"href":"https:\/\/riberasalud.com\/rsc\/wp-json\/wp\/v2\/posts\/2842","targetHints":{"allow":["GET"]}}],"collection":[{"href":"https:\/\/riberasalud.com\/rsc\/wp-json\/wp\/v2\/posts"}],"about":[{"href":"https:\/\/riberasalud.com\/rsc\/wp-json\/wp\/v2\/types\/post"}],"author":[{"embeddable":true,"href":"https:\/\/riberasalud.com\/rsc\/wp-json\/wp\/v2\/users\/2"}],"replies":[{"embeddable":true,"href":"https:\/\/riberasalud.com\/rsc\/wp-json\/wp\/v2\/comments?post=2842"}],"version-history":[{"count":1,"href":"https:\/\/riberasalud.com\/rsc\/wp-json\/wp\/v2\/posts\/2842\/revisions"}],"predecessor-version":[{"id":2845,"href":"https:\/\/riberasalud.com\/rsc\/wp-json\/wp\/v2\/posts\/2842\/revisions\/2845"}],"wp:featuredmedia":[{"embeddable":true,"href":"https:\/\/riberasalud.com\/rsc\/wp-json\/wp\/v2\/media\/2844"}],"wp:attachment":[{"href":"https:\/\/riberasalud.com\/rsc\/wp-json\/wp\/v2\/media?parent=2842"}],"wp:term":[{"taxonomy":"category","embeddable":true,"href":"https:\/\/riberasalud.com\/rsc\/wp-json\/wp\/v2\/categories?post=2842"},{"taxonomy":"post_tag","embeddable":true,"href":"https:\/\/riberasalud.com\/rsc\/wp-json\/wp\/v2\/tags?post=2842"}],"curies":[{"name":"wp","href":"https:\/\/api.w.org\/{rel}","templated":true}]}}