{"id":1724,"date":"2023-06-09T10:08:59","date_gmt":"2023-06-09T10:08:59","guid":{"rendered":"https:\/\/riberasalud.com\/rsc\/?p=1724"},"modified":"2023-06-09T10:43:30","modified_gmt":"2023-06-09T10:43:30","slug":"el-camino-de-cervantes-celebra-este-domingo-en-torrejon-de-ardoz-la-ultima-ruta-de-su-vi-edicion","status":"publish","type":"post","link":"https:\/\/riberasalud.com\/rsc\/2023\/06\/09\/el-camino-de-cervantes-celebra-este-domingo-en-torrejon-de-ardoz-la-ultima-ruta-de-su-vi-edicion\/","title":{"rendered":"El Camino de Cervantes celebra este domingo en Torrej\u00f3n de Ardoz la \u00faltima ruta de su VI edici\u00f3n"},"content":{"rendered":"\n<ul class=\"wp-block-list\"><li><em>El punto de partida ser\u00e1 la entrada principal del Hospital Universitario de Torrej\u00f3n y la meta estar\u00e1 ubicada en la Plaza Mayor de Torrej\u00f3n de Ardoz<\/em><\/li><li><em>El acto de clausura incluir\u00e1 actividades l\u00fadicas como un concierto musical, sorteos, premios y una paella; adem\u00e1s, de acciones de promoci\u00f3n de la salud y chequeos m\u00e9dicos<\/em><\/li><\/ul>\n\n\n\n<p>El Camino de Cervantes cierra su VI edici\u00f3n este domingo 11 de junio con su vig\u00e9sima ruta, que arrancar\u00e1 a las 10:00 desde la entrada principal del Hospital Universitario de Torrej\u00f3n. La caminata, de unos siete kil\u00f3metros de recorrido, concluir\u00e1 en la Plaza Mayor de Torrej\u00f3n de Ardoz, donde tendr\u00e1 lugar el acto de clausura de esta edici\u00f3n del proyecto, enmarcado en Ribera Camina y organizado por el centro torrejonero.<\/p>\n\n\n\n<p>En colaboraci\u00f3n con el Ayuntamiento de Torrej\u00f3n de Ardoz, el Camino de Cervantes celebrar\u00e1 la clausura de su VI edici\u00f3n con diferentes actividades l\u00fadicas, como un concierto musical, sorteos, entrega de premios y una paella popular para todos los participantes en la ruta. Adem\u00e1s, el programa de Salud Responsable del Hospital Universitario de Torrej\u00f3n volver\u00e1 a estar presente mediante puestos de promoci\u00f3n de la salud y prevenci\u00f3n de la enfermedad, en los que los asistentes podr\u00e1n realizarse diferentes chequeos y ex\u00e1menes m\u00e9dicos con los profesionales sanitarios: controles de tensi\u00f3n, an\u00e1lisis de az\u00facar en sangre y estudios del \u00cdndice de Masa Corporal.<\/p>\n\n\n\n<p>En la Plaza Mayor de Torrej\u00f3n de Ardoz, los asistentes tambi\u00e9n podr\u00e1n consultar informaci\u00f3n sobre c\u00f3mo recibir asistencia m\u00e9dica en el Hospital Universitario de Torrej\u00f3n y podr\u00e1n conocer a las asociaciones, fundaciones y organizaciones que forman parte de su Consejo de Pacientes, as\u00ed como sus proyectos y su labor. Una jornada festiva en torno a la salud que se convertir\u00e1 en el punto y final de esta VI edici\u00f3n del Camino de Cervantes.<\/p>\n\n\n\n<\/br>\n\n\n\n\n\n<div class=\"wp-block-image\"><figure class=\"aligncenter size-full\"><img loading=\"lazy\" decoding=\"async\" width=\"600\" height=\"400\" src=\"https:\/\/riberasalud.com\/rsc\/wp-content\/uploads\/2023\/06\/HUT_CAMINO-DE-CERVANTES-2022-2023.jpg\" alt=\"\" class=\"wp-image-1727\" srcset=\"https:\/\/riberasalud.com\/rsc\/wp-content\/uploads\/2023\/06\/HUT_CAMINO-DE-CERVANTES-2022-2023.jpg 600w, https:\/\/riberasalud.com\/rsc\/wp-content\/uploads\/2023\/06\/HUT_CAMINO-DE-CERVANTES-2022-2023-300x200.jpg 300w\" sizes=\"auto, (max-width: 600px) 100vw, 600px\" \/><\/figure><\/div>\n\n\n\n<\/br><\/br>\n\n\n\n<p><strong><span style=\"text-decoration: underline;\" class=\"ek-underline\">Para m\u00e1s informaci\u00f3n<\/span><\/strong><\/p>\n\n\n\n<p><strong>Departamento de Comunicaci\u00f3n del Hospital Universitario de Torrej\u00f3n<\/strong><\/p>\n\n\n\n<p>Tel.: 91 626 26 00 ext. 6834 \/ Email: <a href=\"mailto:comunicacion@torrejonsalud.com\">comunicacion@torrejonsalud.com<\/a><\/p>\n","protected":false},"excerpt":{"rendered":"<p>El punto de partida ser\u00e1 la entrada principal del Hospital Universitario de Torrej\u00f3n y la meta estar\u00e1 ubicada en la Plaza Mayor de Torrej\u00f3n de Ardoz El acto de clausura incluir\u00e1 actividades l\u00fadicas como un concierto musical, sorteos, premios y una paella; adem\u00e1s, de acciones de promoci\u00f3n de la salud y chequeos m\u00e9dicos El Camino &#8230; <a title=\"El Camino de Cervantes celebra este domingo en Torrej\u00f3n de Ardoz la \u00faltima ruta de su VI edici\u00f3n\" class=\"read-more\" href=\"https:\/\/riberasalud.com\/rsc\/2023\/06\/09\/el-camino-de-cervantes-celebra-este-domingo-en-torrejon-de-ardoz-la-ultima-ruta-de-su-vi-edicion\/\" aria-label=\"Leer m\u00e1s sobre El Camino de Cervantes celebra este domingo en Torrej\u00f3n de Ardoz la \u00faltima ruta de su VI edici\u00f3n\">Leer m\u00e1s<\/a><\/p>\n","protected":false},"author":2,"featured_media":1726,"comment_status":"open","ping_status":"open","sticky":false,"template":"","format":"standard","meta":{"_editorskit_title_hidden":false,"_editorskit_reading_time":1,"_editorskit_is_block_options_detached":false,"_editorskit_block_options_position":"{}","_coblocks_attr":"","_coblocks_dimensions":"","_coblocks_responsive_height":"","_coblocks_accordion_ie_support":"","_uag_custom_page_level_css":"","advgb_blocks_editor_width":"","advgb_blocks_columns_visual_guide":"","_monsterinsights_skip_tracking":false,"_monsterinsights_sitenote_active":false,"_monsterinsights_sitenote_note":"","_monsterinsights_sitenote_category":0,"footnotes":""},"categories":[206,203,204],"tags":[47,110,118,34,112],"class_list":["post-1724","post","type-post","status-publish","format-standard","has-post-thumbnail","hentry","category-consejos-de-pacientes","category-educacion-para-la-salud","category-promocion-de-la-salud","tag-asociaciones","tag-camino-de-cervantes","tag-consejo-de-pacientes","tag-pacientes","tag-ribera-camina"],"featured_image_urls_v2":{"full":["https:\/\/riberasalud.com\/rsc\/wp-content\/uploads\/2023\/06\/HUT_CAMINO-DE-CERVANTES.jpg",600,400,false],"thumbnail":["https:\/\/riberasalud.com\/rsc\/wp-content\/uploads\/2023\/06\/HUT_CAMINO-DE-CERVANTES-150x150.jpg",150,150,true],"medium":["https:\/\/riberasalud.com\/rsc\/wp-content\/uploads\/2023\/06\/HUT_CAMINO-DE-CERVANTES-300x200.jpg",300,200,true],"medium_large":["https:\/\/riberasalud.com\/rsc\/wp-content\/uploads\/2023\/06\/HUT_CAMINO-DE-CERVANTES.jpg",600,400,false],"large":["https:\/\/riberasalud.com\/rsc\/wp-content\/uploads\/2023\/06\/HUT_CAMINO-DE-CERVANTES.jpg",600,400,false],"xl":["https:\/\/riberasalud.com\/rsc\/wp-content\/uploads\/2023\/06\/HUT_CAMINO-DE-CERVANTES.jpg",600,400,false],"xxl":["https:\/\/riberasalud.com\/rsc\/wp-content\/uploads\/2023\/06\/HUT_CAMINO-DE-CERVANTES.jpg",600,400,false],"xxxl":["https:\/\/riberasalud.com\/rsc\/wp-content\/uploads\/2023\/06\/HUT_CAMINO-DE-CERVANTES.jpg",600,400,false],"xxxxl":["https:\/\/riberasalud.com\/rsc\/wp-content\/uploads\/2023\/06\/HUT_CAMINO-DE-CERVANTES.jpg",600,400,false],"xxxxxl":["https:\/\/riberasalud.com\/rsc\/wp-content\/uploads\/2023\/06\/HUT_CAMINO-DE-CERVANTES.jpg",600,400,false],"1536x1536":["https:\/\/riberasalud.com\/rsc\/wp-content\/uploads\/2023\/06\/HUT_CAMINO-DE-CERVANTES.jpg",600,400,false],"2048x2048":["https:\/\/riberasalud.com\/rsc\/wp-content\/uploads\/2023\/06\/HUT_CAMINO-DE-CERVANTES.jpg",600,400,false]},"post_excerpt_stackable_v2":"<p>El punto de partida ser\u00e1 la entrada principal del Hospital Universitario de Torrej\u00f3n y la meta estar\u00e1 ubicada en la Plaza Mayor de Torrej\u00f3n de ArdozEl acto de clausura incluir\u00e1 actividades l\u00fadicas como un concierto musical, sorteos, premios y una paella; adem\u00e1s, de acciones de promoci\u00f3n de la salud y chequeos m\u00e9dicos El Camino de Cervantes cierra su VI edici\u00f3n este domingo 11 de junio con su vig\u00e9sima ruta, que arrancar\u00e1 a las 10:00 desde la entrada principal del Hospital Universitario de Torrej\u00f3n. La caminata, de unos siete kil\u00f3metros de recorrido, concluir\u00e1 en la Plaza Mayor de Torrej\u00f3n de Ardoz,&hellip;<\/p>\n","category_list_v2":"<a href=\"https:\/\/riberasalud.com\/rsc\/category\/consejos-de-pacientes\/\" rel=\"category tag\">Consejos de pacientes<\/a>, <a href=\"https:\/\/riberasalud.com\/rsc\/category\/educacion-para-la-salud\/\" rel=\"category tag\">Educaci\u00f3n para la salud<\/a>, <a href=\"https:\/\/riberasalud.com\/rsc\/category\/promocion-de-la-salud\/\" rel=\"category tag\">Promoci\u00f3n de la salud<\/a>","author_info_v2":{"name":"Mar Sanchez","url":"https:\/\/riberasalud.com\/rsc\/author\/msotoriberasalud-es\/"},"comments_num_v2":"0 comentarios","yoast_head":"<!-- This site is optimized with the Yoast SEO plugin v26.6 - https:\/\/yoast.com\/wordpress\/plugins\/seo\/ -->\n<title>El Camino de Cervantes celebra este domingo en Torrej\u00f3n de Ardoz la \u00faltima ruta de su VI edici\u00f3n - RSC Grupo sanitario Ribera<\/title>\n<meta name=\"description\" content=\"El Camino de Cervantes cierra su VI edici\u00f3n este domingo 11 de junio con su vig\u00e9sima ruta, que arrancar\u00e1 a las 10:00\" \/>\n<meta name=\"robots\" content=\"index, follow, max-snippet:-1, max-image-preview:large, max-video-preview:-1\" \/>\n<link rel=\"canonical\" href=\"https:\/\/riberasalud.com\/rsc\/2023\/06\/09\/el-camino-de-cervantes-celebra-este-domingo-en-torrejon-de-ardoz-la-ultima-ruta-de-su-vi-edicion\/\" \/>\n<meta property=\"og:locale\" content=\"es_ES\" \/>\n<meta property=\"og:type\" content=\"article\" \/>\n<meta property=\"og:title\" content=\"El Camino de Cervantes celebra este domingo en Torrej\u00f3n de Ardoz la \u00faltima ruta de su VI edici\u00f3n - RSC Grupo sanitario Ribera\" \/>\n<meta property=\"og:description\" content=\"El Camino de Cervantes cierra su VI edici\u00f3n este domingo 11 de junio con su vig\u00e9sima ruta, que arrancar\u00e1 a las 10:00\" \/>\n<meta property=\"og:url\" content=\"https:\/\/riberasalud.com\/rsc\/2023\/06\/09\/el-camino-de-cervantes-celebra-este-domingo-en-torrejon-de-ardoz-la-ultima-ruta-de-su-vi-edicion\/\" \/>\n<meta property=\"og:site_name\" content=\"RSC Grupo sanitario Ribera\" \/>\n<meta property=\"article:published_time\" content=\"2023-06-09T10:08:59+00:00\" \/>\n<meta property=\"article:modified_time\" content=\"2023-06-09T10:43:30+00:00\" \/>\n<meta property=\"og:image\" content=\"https:\/\/riberasalud.com\/rsc\/wp-content\/uploads\/2023\/06\/HUT_CAMINO-DE-CERVANTES.jpg\" \/>\n\t<meta property=\"og:image:width\" content=\"600\" \/>\n\t<meta property=\"og:image:height\" content=\"400\" \/>\n\t<meta property=\"og:image:type\" content=\"image\/jpeg\" \/>\n<meta name=\"author\" content=\"Mar Sanchez\" \/>\n<meta name=\"twitter:card\" content=\"summary_large_image\" \/>\n<meta name=\"twitter:label1\" content=\"Escrito por\" \/>\n\t<meta name=\"twitter:data1\" content=\"Mar Sanchez\" \/>\n\t<meta name=\"twitter:label2\" content=\"Tiempo de lectura\" \/>\n\t<meta name=\"twitter:data2\" content=\"2 minutos\" \/>\n<script type=\"application\/ld+json\" class=\"yoast-schema-graph\">{\"@context\":\"https:\/\/schema.org\",\"@graph\":[{\"@type\":\"Article\",\"@id\":\"https:\/\/riberasalud.com\/rsc\/2023\/06\/09\/el-camino-de-cervantes-celebra-este-domingo-en-torrejon-de-ardoz-la-ultima-ruta-de-su-vi-edicion\/#article\",\"isPartOf\":{\"@id\":\"https:\/\/riberasalud.com\/rsc\/2023\/06\/09\/el-camino-de-cervantes-celebra-este-domingo-en-torrejon-de-ardoz-la-ultima-ruta-de-su-vi-edicion\/\"},\"author\":{\"name\":\"Mar Sanchez\",\"@id\":\"https:\/\/riberasalud.com\/rsc\/#\/schema\/person\/11c4e77d56d084661ced188afcae969f\"},\"headline\":\"El Camino de Cervantes celebra este domingo en Torrej\u00f3n de Ardoz la \u00faltima ruta de su VI edici\u00f3n\",\"datePublished\":\"2023-06-09T10:08:59+00:00\",\"dateModified\":\"2023-06-09T10:43:30+00:00\",\"mainEntityOfPage\":{\"@id\":\"https:\/\/riberasalud.com\/rsc\/2023\/06\/09\/el-camino-de-cervantes-celebra-este-domingo-en-torrejon-de-ardoz-la-ultima-ruta-de-su-vi-edicion\/\"},\"wordCount\":371,\"commentCount\":0,\"publisher\":{\"@id\":\"https:\/\/riberasalud.com\/rsc\/#organization\"},\"image\":{\"@id\":\"https:\/\/riberasalud.com\/rsc\/2023\/06\/09\/el-camino-de-cervantes-celebra-este-domingo-en-torrejon-de-ardoz-la-ultima-ruta-de-su-vi-edicion\/#primaryimage\"},\"thumbnailUrl\":\"https:\/\/riberasalud.com\/rsc\/wp-content\/uploads\/2023\/06\/HUT_CAMINO-DE-CERVANTES.jpg\",\"keywords\":[\"asociaciones\",\"camino de cervantes\",\"consejo de pacientes\",\"pacientes\",\"Ribera camina\"],\"articleSection\":[\"Consejos de pacientes\",\"Educaci\u00f3n para la salud\",\"Promoci\u00f3n de la salud\"],\"inLanguage\":\"es\",\"potentialAction\":[{\"@type\":\"CommentAction\",\"name\":\"Comment\",\"target\":[\"https:\/\/riberasalud.com\/rsc\/2023\/06\/09\/el-camino-de-cervantes-celebra-este-domingo-en-torrejon-de-ardoz-la-ultima-ruta-de-su-vi-edicion\/#respond\"]}]},{\"@type\":\"WebPage\",\"@id\":\"https:\/\/riberasalud.com\/rsc\/2023\/06\/09\/el-camino-de-cervantes-celebra-este-domingo-en-torrejon-de-ardoz-la-ultima-ruta-de-su-vi-edicion\/\",\"url\":\"https:\/\/riberasalud.com\/rsc\/2023\/06\/09\/el-camino-de-cervantes-celebra-este-domingo-en-torrejon-de-ardoz-la-ultima-ruta-de-su-vi-edicion\/\",\"name\":\"El Camino de Cervantes celebra este domingo en Torrej\u00f3n de Ardoz la \u00faltima ruta de su VI edici\u00f3n - RSC Grupo sanitario Ribera\",\"isPartOf\":{\"@id\":\"https:\/\/riberasalud.com\/rsc\/#website\"},\"primaryImageOfPage\":{\"@id\":\"https:\/\/riberasalud.com\/rsc\/2023\/06\/09\/el-camino-de-cervantes-celebra-este-domingo-en-torrejon-de-ardoz-la-ultima-ruta-de-su-vi-edicion\/#primaryimage\"},\"image\":{\"@id\":\"https:\/\/riberasalud.com\/rsc\/2023\/06\/09\/el-camino-de-cervantes-celebra-este-domingo-en-torrejon-de-ardoz-la-ultima-ruta-de-su-vi-edicion\/#primaryimage\"},\"thumbnailUrl\":\"https:\/\/riberasalud.com\/rsc\/wp-content\/uploads\/2023\/06\/HUT_CAMINO-DE-CERVANTES.jpg\",\"datePublished\":\"2023-06-09T10:08:59+00:00\",\"dateModified\":\"2023-06-09T10:43:30+00:00\",\"description\":\"El Camino de Cervantes cierra su VI edici\u00f3n este domingo 11 de junio con su vig\u00e9sima ruta, que arrancar\u00e1 a las 10:00\",\"breadcrumb\":{\"@id\":\"https:\/\/riberasalud.com\/rsc\/2023\/06\/09\/el-camino-de-cervantes-celebra-este-domingo-en-torrejon-de-ardoz-la-ultima-ruta-de-su-vi-edicion\/#breadcrumb\"},\"inLanguage\":\"es\",\"potentialAction\":[{\"@type\":\"ReadAction\",\"target\":[\"https:\/\/riberasalud.com\/rsc\/2023\/06\/09\/el-camino-de-cervantes-celebra-este-domingo-en-torrejon-de-ardoz-la-ultima-ruta-de-su-vi-edicion\/\"]}]},{\"@type\":\"ImageObject\",\"inLanguage\":\"es\",\"@id\":\"https:\/\/riberasalud.com\/rsc\/2023\/06\/09\/el-camino-de-cervantes-celebra-este-domingo-en-torrejon-de-ardoz-la-ultima-ruta-de-su-vi-edicion\/#primaryimage\",\"url\":\"https:\/\/riberasalud.com\/rsc\/wp-content\/uploads\/2023\/06\/HUT_CAMINO-DE-CERVANTES.jpg\",\"contentUrl\":\"https:\/\/riberasalud.com\/rsc\/wp-content\/uploads\/2023\/06\/HUT_CAMINO-DE-CERVANTES.jpg\",\"width\":600,\"height\":400,\"caption\":\"ruta del camino cervantes\"},{\"@type\":\"BreadcrumbList\",\"@id\":\"https:\/\/riberasalud.com\/rsc\/2023\/06\/09\/el-camino-de-cervantes-celebra-este-domingo-en-torrejon-de-ardoz-la-ultima-ruta-de-su-vi-edicion\/#breadcrumb\",\"itemListElement\":[{\"@type\":\"ListItem\",\"position\":1,\"name\":\"Portada\",\"item\":\"https:\/\/riberasalud.com\/rsc\/\"},{\"@type\":\"ListItem\",\"position\":2,\"name\":\"El Camino de Cervantes celebra este domingo en Torrej\u00f3n de Ardoz la \u00faltima ruta de su VI edici\u00f3n\"}]},{\"@type\":\"WebSite\",\"@id\":\"https:\/\/riberasalud.com\/rsc\/#website\",\"url\":\"https:\/\/riberasalud.com\/rsc\/\",\"name\":\"RSC Grupo sanitario Ribera\",\"description\":\"\",\"publisher\":{\"@id\":\"https:\/\/riberasalud.com\/rsc\/#organization\"},\"potentialAction\":[{\"@type\":\"SearchAction\",\"target\":{\"@type\":\"EntryPoint\",\"urlTemplate\":\"https:\/\/riberasalud.com\/rsc\/?s={search_term_string}\"},\"query-input\":{\"@type\":\"PropertyValueSpecification\",\"valueRequired\":true,\"valueName\":\"search_term_string\"}}],\"inLanguage\":\"es\"},{\"@type\":\"Organization\",\"@id\":\"https:\/\/riberasalud.com\/rsc\/#organization\",\"name\":\"RSC Grupo sanitario Ribera\",\"url\":\"https:\/\/riberasalud.com\/rsc\/\",\"logo\":{\"@type\":\"ImageObject\",\"inLanguage\":\"es\",\"@id\":\"https:\/\/riberasalud.com\/rsc\/#\/schema\/logo\/image\/\",\"url\":\"https:\/\/riberasalud.com\/rsc\/wp-content\/uploads\/2021\/05\/cropped-Logotipo-Red.png\",\"contentUrl\":\"https:\/\/riberasalud.com\/rsc\/wp-content\/uploads\/2021\/05\/cropped-Logotipo-Red.png\",\"width\":500,\"height\":198,\"caption\":\"RSC Grupo sanitario Ribera\"},\"image\":{\"@id\":\"https:\/\/riberasalud.com\/rsc\/#\/schema\/logo\/image\/\"}},{\"@type\":\"Person\",\"@id\":\"https:\/\/riberasalud.com\/rsc\/#\/schema\/person\/11c4e77d56d084661ced188afcae969f\",\"name\":\"Mar Sanchez\",\"image\":{\"@type\":\"ImageObject\",\"inLanguage\":\"es\",\"@id\":\"https:\/\/riberasalud.com\/rsc\/#\/schema\/person\/image\/\",\"url\":\"https:\/\/secure.gravatar.com\/avatar\/5fc005413aafe0a1f7d81747fac73740246ee36e4fad7f56eb325711b6c9f209?s=96&d=mm&r=g\",\"contentUrl\":\"https:\/\/secure.gravatar.com\/avatar\/5fc005413aafe0a1f7d81747fac73740246ee36e4fad7f56eb325711b6c9f209?s=96&d=mm&r=g\",\"caption\":\"Mar Sanchez\"},\"url\":\"https:\/\/riberasalud.com\/rsc\/author\/msotoriberasalud-es\/\"}]}<\/script>\n<!-- \/ Yoast SEO plugin. -->","yoast_head_json":{"title":"El Camino de Cervantes celebra este domingo en Torrej\u00f3n de Ardoz la \u00faltima ruta de su VI edici\u00f3n - RSC Grupo sanitario Ribera","description":"El Camino de Cervantes cierra su VI edici\u00f3n este domingo 11 de junio con su vig\u00e9sima ruta, que arrancar\u00e1 a las 10:00","robots":{"index":"index","follow":"follow","max-snippet":"max-snippet:-1","max-image-preview":"max-image-preview:large","max-video-preview":"max-video-preview:-1"},"canonical":"https:\/\/riberasalud.com\/rsc\/2023\/06\/09\/el-camino-de-cervantes-celebra-este-domingo-en-torrejon-de-ardoz-la-ultima-ruta-de-su-vi-edicion\/","og_locale":"es_ES","og_type":"article","og_title":"El Camino de Cervantes celebra este domingo en Torrej\u00f3n de Ardoz la \u00faltima ruta de su VI edici\u00f3n - RSC Grupo sanitario Ribera","og_description":"El Camino de Cervantes cierra su VI edici\u00f3n este domingo 11 de junio con su vig\u00e9sima ruta, que arrancar\u00e1 a las 10:00","og_url":"https:\/\/riberasalud.com\/rsc\/2023\/06\/09\/el-camino-de-cervantes-celebra-este-domingo-en-torrejon-de-ardoz-la-ultima-ruta-de-su-vi-edicion\/","og_site_name":"RSC Grupo sanitario Ribera","article_published_time":"2023-06-09T10:08:59+00:00","article_modified_time":"2023-06-09T10:43:30+00:00","og_image":[{"width":600,"height":400,"url":"https:\/\/riberasalud.com\/rsc\/wp-content\/uploads\/2023\/06\/HUT_CAMINO-DE-CERVANTES.jpg","type":"image\/jpeg"}],"author":"Mar Sanchez","twitter_card":"summary_large_image","twitter_misc":{"Escrito por":"Mar Sanchez","Tiempo de lectura":"2 minutos"},"schema":{"@context":"https:\/\/schema.org","@graph":[{"@type":"Article","@id":"https:\/\/riberasalud.com\/rsc\/2023\/06\/09\/el-camino-de-cervantes-celebra-este-domingo-en-torrejon-de-ardoz-la-ultima-ruta-de-su-vi-edicion\/#article","isPartOf":{"@id":"https:\/\/riberasalud.com\/rsc\/2023\/06\/09\/el-camino-de-cervantes-celebra-este-domingo-en-torrejon-de-ardoz-la-ultima-ruta-de-su-vi-edicion\/"},"author":{"name":"Mar Sanchez","@id":"https:\/\/riberasalud.com\/rsc\/#\/schema\/person\/11c4e77d56d084661ced188afcae969f"},"headline":"El Camino de Cervantes celebra este domingo en Torrej\u00f3n de Ardoz la \u00faltima ruta de su VI edici\u00f3n","datePublished":"2023-06-09T10:08:59+00:00","dateModified":"2023-06-09T10:43:30+00:00","mainEntityOfPage":{"@id":"https:\/\/riberasalud.com\/rsc\/2023\/06\/09\/el-camino-de-cervantes-celebra-este-domingo-en-torrejon-de-ardoz-la-ultima-ruta-de-su-vi-edicion\/"},"wordCount":371,"commentCount":0,"publisher":{"@id":"https:\/\/riberasalud.com\/rsc\/#organization"},"image":{"@id":"https:\/\/riberasalud.com\/rsc\/2023\/06\/09\/el-camino-de-cervantes-celebra-este-domingo-en-torrejon-de-ardoz-la-ultima-ruta-de-su-vi-edicion\/#primaryimage"},"thumbnailUrl":"https:\/\/riberasalud.com\/rsc\/wp-content\/uploads\/2023\/06\/HUT_CAMINO-DE-CERVANTES.jpg","keywords":["asociaciones","camino de cervantes","consejo de pacientes","pacientes","Ribera camina"],"articleSection":["Consejos de pacientes","Educaci\u00f3n para la salud","Promoci\u00f3n de la salud"],"inLanguage":"es","potentialAction":[{"@type":"CommentAction","name":"Comment","target":["https:\/\/riberasalud.com\/rsc\/2023\/06\/09\/el-camino-de-cervantes-celebra-este-domingo-en-torrejon-de-ardoz-la-ultima-ruta-de-su-vi-edicion\/#respond"]}]},{"@type":"WebPage","@id":"https:\/\/riberasalud.com\/rsc\/2023\/06\/09\/el-camino-de-cervantes-celebra-este-domingo-en-torrejon-de-ardoz-la-ultima-ruta-de-su-vi-edicion\/","url":"https:\/\/riberasalud.com\/rsc\/2023\/06\/09\/el-camino-de-cervantes-celebra-este-domingo-en-torrejon-de-ardoz-la-ultima-ruta-de-su-vi-edicion\/","name":"El Camino de Cervantes celebra este domingo en Torrej\u00f3n de Ardoz la \u00faltima ruta de su VI edici\u00f3n - RSC Grupo sanitario Ribera","isPartOf":{"@id":"https:\/\/riberasalud.com\/rsc\/#website"},"primaryImageOfPage":{"@id":"https:\/\/riberasalud.com\/rsc\/2023\/06\/09\/el-camino-de-cervantes-celebra-este-domingo-en-torrejon-de-ardoz-la-ultima-ruta-de-su-vi-edicion\/#primaryimage"},"image":{"@id":"https:\/\/riberasalud.com\/rsc\/2023\/06\/09\/el-camino-de-cervantes-celebra-este-domingo-en-torrejon-de-ardoz-la-ultima-ruta-de-su-vi-edicion\/#primaryimage"},"thumbnailUrl":"https:\/\/riberasalud.com\/rsc\/wp-content\/uploads\/2023\/06\/HUT_CAMINO-DE-CERVANTES.jpg","datePublished":"2023-06-09T10:08:59+00:00","dateModified":"2023-06-09T10:43:30+00:00","description":"El Camino de Cervantes cierra su VI edici\u00f3n este domingo 11 de junio con su vig\u00e9sima ruta, que arrancar\u00e1 a las 10:00","breadcrumb":{"@id":"https:\/\/riberasalud.com\/rsc\/2023\/06\/09\/el-camino-de-cervantes-celebra-este-domingo-en-torrejon-de-ardoz-la-ultima-ruta-de-su-vi-edicion\/#breadcrumb"},"inLanguage":"es","potentialAction":[{"@type":"ReadAction","target":["https:\/\/riberasalud.com\/rsc\/2023\/06\/09\/el-camino-de-cervantes-celebra-este-domingo-en-torrejon-de-ardoz-la-ultima-ruta-de-su-vi-edicion\/"]}]},{"@type":"ImageObject","inLanguage":"es","@id":"https:\/\/riberasalud.com\/rsc\/2023\/06\/09\/el-camino-de-cervantes-celebra-este-domingo-en-torrejon-de-ardoz-la-ultima-ruta-de-su-vi-edicion\/#primaryimage","url":"https:\/\/riberasalud.com\/rsc\/wp-content\/uploads\/2023\/06\/HUT_CAMINO-DE-CERVANTES.jpg","contentUrl":"https:\/\/riberasalud.com\/rsc\/wp-content\/uploads\/2023\/06\/HUT_CAMINO-DE-CERVANTES.jpg","width":600,"height":400,"caption":"ruta del camino cervantes"},{"@type":"BreadcrumbList","@id":"https:\/\/riberasalud.com\/rsc\/2023\/06\/09\/el-camino-de-cervantes-celebra-este-domingo-en-torrejon-de-ardoz-la-ultima-ruta-de-su-vi-edicion\/#breadcrumb","itemListElement":[{"@type":"ListItem","position":1,"name":"Portada","item":"https:\/\/riberasalud.com\/rsc\/"},{"@type":"ListItem","position":2,"name":"El Camino de Cervantes celebra este domingo en Torrej\u00f3n de Ardoz la \u00faltima ruta de su VI edici\u00f3n"}]},{"@type":"WebSite","@id":"https:\/\/riberasalud.com\/rsc\/#website","url":"https:\/\/riberasalud.com\/rsc\/","name":"RSC Grupo sanitario Ribera","description":"","publisher":{"@id":"https:\/\/riberasalud.com\/rsc\/#organization"},"potentialAction":[{"@type":"SearchAction","target":{"@type":"EntryPoint","urlTemplate":"https:\/\/riberasalud.com\/rsc\/?s={search_term_string}"},"query-input":{"@type":"PropertyValueSpecification","valueRequired":true,"valueName":"search_term_string"}}],"inLanguage":"es"},{"@type":"Organization","@id":"https:\/\/riberasalud.com\/rsc\/#organization","name":"RSC Grupo sanitario Ribera","url":"https:\/\/riberasalud.com\/rsc\/","logo":{"@type":"ImageObject","inLanguage":"es","@id":"https:\/\/riberasalud.com\/rsc\/#\/schema\/logo\/image\/","url":"https:\/\/riberasalud.com\/rsc\/wp-content\/uploads\/2021\/05\/cropped-Logotipo-Red.png","contentUrl":"https:\/\/riberasalud.com\/rsc\/wp-content\/uploads\/2021\/05\/cropped-Logotipo-Red.png","width":500,"height":198,"caption":"RSC Grupo sanitario Ribera"},"image":{"@id":"https:\/\/riberasalud.com\/rsc\/#\/schema\/logo\/image\/"}},{"@type":"Person","@id":"https:\/\/riberasalud.com\/rsc\/#\/schema\/person\/11c4e77d56d084661ced188afcae969f","name":"Mar Sanchez","image":{"@type":"ImageObject","inLanguage":"es","@id":"https:\/\/riberasalud.com\/rsc\/#\/schema\/person\/image\/","url":"https:\/\/secure.gravatar.com\/avatar\/5fc005413aafe0a1f7d81747fac73740246ee36e4fad7f56eb325711b6c9f209?s=96&d=mm&r=g","contentUrl":"https:\/\/secure.gravatar.com\/avatar\/5fc005413aafe0a1f7d81747fac73740246ee36e4fad7f56eb325711b6c9f209?s=96&d=mm&r=g","caption":"Mar Sanchez"},"url":"https:\/\/riberasalud.com\/rsc\/author\/msotoriberasalud-es\/"}]}},"author_meta":{"display_name":"Mar Sanchez","author_link":"https:\/\/riberasalud.com\/rsc\/author\/msotoriberasalud-es\/"},"featured_img":"https:\/\/riberasalud.com\/rsc\/wp-content\/uploads\/2023\/06\/HUT_CAMINO-DE-CERVANTES-300x200.jpg","pbg_featured_image_src":{"full":["https:\/\/riberasalud.com\/rsc\/wp-content\/uploads\/2023\/06\/HUT_CAMINO-DE-CERVANTES.jpg",600,400,false],"thumbnail":["https:\/\/riberasalud.com\/rsc\/wp-content\/uploads\/2023\/06\/HUT_CAMINO-DE-CERVANTES-150x150.jpg",150,150,true],"medium":["https:\/\/riberasalud.com\/rsc\/wp-content\/uploads\/2023\/06\/HUT_CAMINO-DE-CERVANTES-300x200.jpg",300,200,true],"medium_large":["https:\/\/riberasalud.com\/rsc\/wp-content\/uploads\/2023\/06\/HUT_CAMINO-DE-CERVANTES.jpg",600,400,false],"large":["https:\/\/riberasalud.com\/rsc\/wp-content\/uploads\/2023\/06\/HUT_CAMINO-DE-CERVANTES.jpg",600,400,false],"xl":["https:\/\/riberasalud.com\/rsc\/wp-content\/uploads\/2023\/06\/HUT_CAMINO-DE-CERVANTES.jpg",600,400,false],"xxl":["https:\/\/riberasalud.com\/rsc\/wp-content\/uploads\/2023\/06\/HUT_CAMINO-DE-CERVANTES.jpg",600,400,false],"xxxl":["https:\/\/riberasalud.com\/rsc\/wp-content\/uploads\/2023\/06\/HUT_CAMINO-DE-CERVANTES.jpg",600,400,false],"xxxxl":["https:\/\/riberasalud.com\/rsc\/wp-content\/uploads\/2023\/06\/HUT_CAMINO-DE-CERVANTES.jpg",600,400,false],"xxxxxl":["https:\/\/riberasalud.com\/rsc\/wp-content\/uploads\/2023\/06\/HUT_CAMINO-DE-CERVANTES.jpg",600,400,false],"1536x1536":["https:\/\/riberasalud.com\/rsc\/wp-content\/uploads\/2023\/06\/HUT_CAMINO-DE-CERVANTES.jpg",600,400,false],"2048x2048":["https:\/\/riberasalud.com\/rsc\/wp-content\/uploads\/2023\/06\/HUT_CAMINO-DE-CERVANTES.jpg",600,400,false]},"pbg_author_info":{"display_name":"Mar Sanchez","author_link":"https:\/\/riberasalud.com\/rsc\/author\/msotoriberasalud-es\/","author_img":"<img alt='Mar Sanchez' src='https:\/\/secure.gravatar.com\/avatar\/5fc005413aafe0a1f7d81747fac73740246ee36e4fad7f56eb325711b6c9f209?s=128&#038;d=mm&#038;r=g' srcset='https:\/\/secure.gravatar.com\/avatar\/5fc005413aafe0a1f7d81747fac73740246ee36e4fad7f56eb325711b6c9f209?s=256&#038;d=mm&#038;r=g 2x' class='avatar avatar-128 photo' height='128' width='128' loading='lazy' decoding='async'\/>"},"pbg_comment_info":" No Comments","pbg_excerpt":"El punto de partida ser\u00e1 la entrada principal del Hospital Universitario de Torrej\u00f3n y la meta estar\u00e1 ubicada en la Plaza Mayor de Torrej\u00f3n de Ardoz El acto de clausura incluir\u00e1 actividades l\u00fadicas como un concierto musical, sorteos, premios y una paella; adem\u00e1s, de acciones de promoci\u00f3n de la salud y chequeos m\u00e9dicos El Camino&hellip;","uagb_featured_image_src":{"full":["https:\/\/riberasalud.com\/rsc\/wp-content\/uploads\/2023\/06\/HUT_CAMINO-DE-CERVANTES.jpg",600,400,false],"thumbnail":["https:\/\/riberasalud.com\/rsc\/wp-content\/uploads\/2023\/06\/HUT_CAMINO-DE-CERVANTES-150x150.jpg",150,150,true],"medium":["https:\/\/riberasalud.com\/rsc\/wp-content\/uploads\/2023\/06\/HUT_CAMINO-DE-CERVANTES-300x200.jpg",300,200,true],"medium_large":["https:\/\/riberasalud.com\/rsc\/wp-content\/uploads\/2023\/06\/HUT_CAMINO-DE-CERVANTES.jpg",600,400,false],"large":["https:\/\/riberasalud.com\/rsc\/wp-content\/uploads\/2023\/06\/HUT_CAMINO-DE-CERVANTES.jpg",600,400,false],"xl":["https:\/\/riberasalud.com\/rsc\/wp-content\/uploads\/2023\/06\/HUT_CAMINO-DE-CERVANTES.jpg",600,400,false],"xxl":["https:\/\/riberasalud.com\/rsc\/wp-content\/uploads\/2023\/06\/HUT_CAMINO-DE-CERVANTES.jpg",600,400,false],"xxxl":["https:\/\/riberasalud.com\/rsc\/wp-content\/uploads\/2023\/06\/HUT_CAMINO-DE-CERVANTES.jpg",600,400,false],"xxxxl":["https:\/\/riberasalud.com\/rsc\/wp-content\/uploads\/2023\/06\/HUT_CAMINO-DE-CERVANTES.jpg",600,400,false],"xxxxxl":["https:\/\/riberasalud.com\/rsc\/wp-content\/uploads\/2023\/06\/HUT_CAMINO-DE-CERVANTES.jpg",600,400,false],"1536x1536":["https:\/\/riberasalud.com\/rsc\/wp-content\/uploads\/2023\/06\/HUT_CAMINO-DE-CERVANTES.jpg",600,400,false],"2048x2048":["https:\/\/riberasalud.com\/rsc\/wp-content\/uploads\/2023\/06\/HUT_CAMINO-DE-CERVANTES.jpg",600,400,false]},"uagb_author_info":{"display_name":"Mar Sanchez","author_link":"https:\/\/riberasalud.com\/rsc\/author\/msotoriberasalud-es\/"},"uagb_comment_info":0,"uagb_excerpt":"El punto de partida ser\u00e1 la entrada principal del Hospital Universitario de Torrej\u00f3n y la meta estar\u00e1 ubicada en la Plaza Mayor de Torrej\u00f3n de Ardoz El acto de clausura incluir\u00e1 actividades l\u00fadicas como un concierto musical, sorteos, premios y una paella; adem\u00e1s, de acciones de promoci\u00f3n de la salud y chequeos m\u00e9dicos El Camino&hellip;","coauthors":[],"tax_additional":{"categories":{"linked":["<a href=\"https:\/\/riberasalud.com\/rsc\/category\/consejos-de-pacientes\/\" class=\"advgb-post-tax-term\">Consejos de pacientes<\/a>","<a href=\"https:\/\/riberasalud.com\/rsc\/category\/educacion-para-la-salud\/\" class=\"advgb-post-tax-term\">Educaci\u00f3n para la salud<\/a>","<a href=\"https:\/\/riberasalud.com\/rsc\/category\/promocion-de-la-salud\/\" class=\"advgb-post-tax-term\">Promoci\u00f3n de la salud<\/a>"],"unlinked":["<span class=\"advgb-post-tax-term\">Consejos de pacientes<\/span>","<span class=\"advgb-post-tax-term\">Educaci\u00f3n para la salud<\/span>","<span class=\"advgb-post-tax-term\">Promoci\u00f3n de la salud<\/span>"]},"tags":{"linked":["<a href=\"https:\/\/riberasalud.com\/rsc\/category\/promocion-de-la-salud\/\" class=\"advgb-post-tax-term\">asociaciones<\/a>","<a href=\"https:\/\/riberasalud.com\/rsc\/category\/promocion-de-la-salud\/\" class=\"advgb-post-tax-term\">camino de cervantes<\/a>","<a href=\"https:\/\/riberasalud.com\/rsc\/category\/promocion-de-la-salud\/\" class=\"advgb-post-tax-term\">consejo de pacientes<\/a>","<a href=\"https:\/\/riberasalud.com\/rsc\/category\/promocion-de-la-salud\/\" class=\"advgb-post-tax-term\">pacientes<\/a>","<a href=\"https:\/\/riberasalud.com\/rsc\/category\/promocion-de-la-salud\/\" class=\"advgb-post-tax-term\">Ribera camina<\/a>"],"unlinked":["<span class=\"advgb-post-tax-term\">asociaciones<\/span>","<span class=\"advgb-post-tax-term\">camino de cervantes<\/span>","<span class=\"advgb-post-tax-term\">consejo de pacientes<\/span>","<span class=\"advgb-post-tax-term\">pacientes<\/span>","<span class=\"advgb-post-tax-term\">Ribera camina<\/span>"]}},"comment_count":"0","relative_dates":{"created":"Publicado 3 a\u00f1os hace","modified":"Actualizado 3 a\u00f1os hace"},"absolute_dates":{"created":"Publicado el 9 de junio de 2023","modified":"Actualizado el 9 de junio de 2023"},"absolute_dates_time":{"created":"Publicado el 9 de junio de 2023 10:08","modified":"Actualizado el 9 de junio de 2023 10:43"},"featured_img_caption":"","series_order":"","_links":{"self":[{"href":"https:\/\/riberasalud.com\/rsc\/wp-json\/wp\/v2\/posts\/1724","targetHints":{"allow":["GET"]}}],"collection":[{"href":"https:\/\/riberasalud.com\/rsc\/wp-json\/wp\/v2\/posts"}],"about":[{"href":"https:\/\/riberasalud.com\/rsc\/wp-json\/wp\/v2\/types\/post"}],"author":[{"embeddable":true,"href":"https:\/\/riberasalud.com\/rsc\/wp-json\/wp\/v2\/users\/2"}],"replies":[{"embeddable":true,"href":"https:\/\/riberasalud.com\/rsc\/wp-json\/wp\/v2\/comments?post=1724"}],"version-history":[{"count":12,"href":"https:\/\/riberasalud.com\/rsc\/wp-json\/wp\/v2\/posts\/1724\/revisions"}],"predecessor-version":[{"id":1739,"href":"https:\/\/riberasalud.com\/rsc\/wp-json\/wp\/v2\/posts\/1724\/revisions\/1739"}],"wp:featuredmedia":[{"embeddable":true,"href":"https:\/\/riberasalud.com\/rsc\/wp-json\/wp\/v2\/media\/1726"}],"wp:attachment":[{"href":"https:\/\/riberasalud.com\/rsc\/wp-json\/wp\/v2\/media?parent=1724"}],"wp:term":[{"taxonomy":"category","embeddable":true,"href":"https:\/\/riberasalud.com\/rsc\/wp-json\/wp\/v2\/categories?post=1724"},{"taxonomy":"post_tag","embeddable":true,"href":"https:\/\/riberasalud.com\/rsc\/wp-json\/wp\/v2\/tags?post=1724"}],"curies":[{"name":"wp","href":"https:\/\/api.w.org\/{rel}","templated":true}]}}