{"id":1698,"date":"2023-05-29T11:26:33","date_gmt":"2023-05-29T11:26:33","guid":{"rendered":"https:\/\/riberasalud.com\/rsc\/?p=1698"},"modified":"2023-05-29T11:26:40","modified_gmt":"2023-05-29T11:26:40","slug":"el-hospital-de-denia-celebra-su-primera-jornada-sobre-enfermedades-minoritarias","status":"publish","type":"post","link":"https:\/\/riberasalud.com\/rsc\/2023\/05\/29\/el-hospital-de-denia-celebra-su-primera-jornada-sobre-enfermedades-minoritarias\/","title":{"rendered":"El Hospital de D\u00e9nia celebra su Primera Jornada sobre Enfermedades Minoritarias"},"content":{"rendered":"\n<p>El&nbsp;<a href=\"https:\/\/protect2.fireeye.com\/v1\/url?k=31323334-501d5122-3135aa27-454445555731-786d258c2c57f447&amp;q=1&amp;e=a12a6911-0f90-4405-8ba4-c2964d574a42&amp;u=http%3A%2F%2Fwww.marinasalud.es%2F\">Hospital de D\u00e9nia<\/a>, del&nbsp;<a href=\"https:\/\/protect2.fireeye.com\/v1\/url?k=31323334-501d5122-3135aa27-454445555731-5b6d8e61f2f27ebb&amp;q=1&amp;e=a12a6911-0f90-4405-8ba4-c2964d574a42&amp;u=http%3A%2F%2Faixabank.es%2F\">Grupo sanitario Ribera<\/a>, celebra ma\u00f1ana su Primera Jornada sobre Enfermedades Minoritarias en la que se abordar\u00e1 el diagn\u00f3stico y tratamiento de patolog\u00edas poco comunes, minoritarias o raras.<\/p>\n\n\n\n<p>El simposio comenzar\u00e1 con la presentaci\u00f3n de la Dra. Patricia Mart\u00edn Rico, Jefa de Medicina Interna y Directora del \u00c1rea Cl\u00ednica M\u00e9dica del Departamento de Salud de D\u00e9nia \u2013DSD-. A continuaci\u00f3n el Dr. Edgar Alania, Adjunto al Servicio de Cardiolog\u00eda del DSD, hablar\u00e1 de la Enfermedad de Fabry, una patolog\u00eda hereditaria que afecta a 1 de cada 40.000 hombres y a 1 de cada 20.000 mujeres, que no pueden producir una enzima que les ayuda a descomponer o eliminar globotriaosilceramina, una sustancia grasa que hay en las c\u00e9lulas, por lo que \u00f3rganos como los ri\u00f1ones, el coraz\u00f3n o el cerebro pueden resultar da\u00f1ados.<\/p>\n\n\n\n<p>Otra de las enfermedades raras que tratar\u00e1n nuestros profesionales es la de Gaucher, un trastorno metab\u00f3lico tambi\u00e9n hereditario y poco frecuente en la que una enzima es de nuevo la protagonista. La deficiencia de la misma provoca la acumulaci\u00f3n de grasas \u2013l\u00edpidos- normalmente en la m\u00e9dula \u00f3sea, el bazo y el h\u00edgado. La Dra. Susana Olivera, Adjunta del Servicio de Medicina Interna, ser\u00e1 la encargada de exponer la teor\u00eda y la pr\u00e1ctica de dicha patolog\u00eda.<\/p>\n\n\n\n<p>Por su parte, el Jefe del Servicio de Neurolog\u00eda del DSD, Dr. Alexandre Garc\u00eda Escriv\u00e0, abordar\u00e1 la Amiloidosis,&nbsp;una enfermedad tambi\u00e9n minoritaria que se desencadena cuando la prote\u00edna llamada amiloide se acumula en los \u00f3rganos, impidiendo el correcto funcionamiento de los mismos.<\/p>\n\n\n\n<p>Finalmente el Dr. \u00c1ngel Mateu, tambi\u00e9n del Servicio de Neurolog\u00eda, hablar\u00e1 sobre la Enfermedad de Pompe que, de debutar, lo hace en adultos de m\u00e1s de 60 a\u00f1os con patolog\u00eda previa y que se caracteriza por una debilidad muscular provocada por la acumulaci\u00f3n de gluc\u00f3geno en los tejidos musculares estriados, card\u00edacos y lisos.&nbsp;<\/p>\n\n\n\n<p>Las ponencias finalizar\u00e1n con la alocuci\u00f3n de la Dra. Cristina Cuesta, del Servicio de Farmacia, que expondr\u00e1 cu\u00e1l es el papel de la Farmacia Hospitalaria en el tratamiento de estas patolog\u00edas. El cierre y las conclusiones del encuentro correr\u00e1n a cargo del Dr. Jaime Poquet, Jefe del Servicio de Farmacia del DSD.<\/p>\n","protected":false},"excerpt":{"rendered":"<p>El&nbsp;Hospital de D\u00e9nia, del&nbsp;Grupo sanitario Ribera, celebra ma\u00f1ana su Primera Jornada sobre Enfermedades Minoritarias en la que se abordar\u00e1 el diagn\u00f3stico y tratamiento de patolog\u00edas poco comunes, minoritarias o raras. El simposio comenzar\u00e1 con la presentaci\u00f3n de la Dra. Patricia Mart\u00edn Rico, Jefa de Medicina Interna y Directora del \u00c1rea Cl\u00ednica M\u00e9dica del Departamento de &#8230; <a title=\"El Hospital de D\u00e9nia celebra su Primera Jornada sobre Enfermedades Minoritarias\" class=\"read-more\" href=\"https:\/\/riberasalud.com\/rsc\/2023\/05\/29\/el-hospital-de-denia-celebra-su-primera-jornada-sobre-enfermedades-minoritarias\/\" aria-label=\"Leer m\u00e1s sobre El Hospital de D\u00e9nia celebra su Primera Jornada sobre Enfermedades Minoritarias\">Leer m\u00e1s<\/a><\/p>\n","protected":false},"author":2,"featured_media":1699,"comment_status":"open","ping_status":"open","sticky":false,"template":"","format":"standard","meta":{"_editorskit_title_hidden":false,"_editorskit_reading_time":1,"_editorskit_is_block_options_detached":false,"_editorskit_block_options_position":"{}","_coblocks_attr":"","_coblocks_dimensions":"","_coblocks_responsive_height":"","_coblocks_accordion_ie_support":"","_uag_custom_page_level_css":"","advgb_blocks_editor_width":"","advgb_blocks_columns_visual_guide":"","_monsterinsights_skip_tracking":false,"_monsterinsights_sitenote_active":false,"_monsterinsights_sitenote_note":"","_monsterinsights_sitenote_category":0,"footnotes":""},"categories":[203,204],"tags":[286,98,288,287],"class_list":["post-1698","post","type-post","status-publish","format-standard","has-post-thumbnail","hentry","category-educacion-para-la-salud","category-promocion-de-la-salud","tag-enfermedades-minoritarias","tag-hospital-de-denia","tag-ponencias","tag-primera-jornada"],"featured_image_urls_v2":{"full":["https:\/\/riberasalud.com\/rsc\/wp-content\/uploads\/2023\/05\/MarinaSalud_HOSPDenia_LAB_4504.jpg",800,533,false],"thumbnail":["https:\/\/riberasalud.com\/rsc\/wp-content\/uploads\/2023\/05\/MarinaSalud_HOSPDenia_LAB_4504-150x150.jpg",150,150,true],"medium":["https:\/\/riberasalud.com\/rsc\/wp-content\/uploads\/2023\/05\/MarinaSalud_HOSPDenia_LAB_4504-300x200.jpg",300,200,true],"medium_large":["https:\/\/riberasalud.com\/rsc\/wp-content\/uploads\/2023\/05\/MarinaSalud_HOSPDenia_LAB_4504-768x512.jpg",768,512,true],"large":["https:\/\/riberasalud.com\/rsc\/wp-content\/uploads\/2023\/05\/MarinaSalud_HOSPDenia_LAB_4504.jpg",800,533,false],"xl":["https:\/\/riberasalud.com\/rsc\/wp-content\/uploads\/2023\/05\/MarinaSalud_HOSPDenia_LAB_4504.jpg",800,533,false],"xxl":["https:\/\/riberasalud.com\/rsc\/wp-content\/uploads\/2023\/05\/MarinaSalud_HOSPDenia_LAB_4504.jpg",800,533,false],"xxxl":["https:\/\/riberasalud.com\/rsc\/wp-content\/uploads\/2023\/05\/MarinaSalud_HOSPDenia_LAB_4504.jpg",800,533,false],"xxxxl":["https:\/\/riberasalud.com\/rsc\/wp-content\/uploads\/2023\/05\/MarinaSalud_HOSPDenia_LAB_4504.jpg",800,533,false],"xxxxxl":["https:\/\/riberasalud.com\/rsc\/wp-content\/uploads\/2023\/05\/MarinaSalud_HOSPDenia_LAB_4504.jpg",800,533,false],"1536x1536":["https:\/\/riberasalud.com\/rsc\/wp-content\/uploads\/2023\/05\/MarinaSalud_HOSPDenia_LAB_4504.jpg",800,533,false],"2048x2048":["https:\/\/riberasalud.com\/rsc\/wp-content\/uploads\/2023\/05\/MarinaSalud_HOSPDenia_LAB_4504.jpg",800,533,false]},"post_excerpt_stackable_v2":"<p>El&nbsp;Hospital de D\u00e9nia, del&nbsp;Grupo sanitario Ribera, celebra ma\u00f1ana su Primera Jornada sobre Enfermedades Minoritarias en la que se abordar\u00e1 el diagn\u00f3stico y tratamiento de patolog\u00edas poco comunes, minoritarias o raras. El simposio comenzar\u00e1 con la presentaci\u00f3n de la Dra. Patricia Mart\u00edn Rico, Jefa de Medicina Interna y Directora del \u00c1rea Cl\u00ednica M\u00e9dica del Departamento de Salud de D\u00e9nia \u2013DSD-. A continuaci\u00f3n el Dr. Edgar Alania, Adjunto al Servicio de Cardiolog\u00eda del DSD, hablar\u00e1 de la Enfermedad de Fabry, una patolog\u00eda hereditaria que afecta a 1 de cada 40.000 hombres y a 1 de cada 20.000 mujeres, que no pueden producir&hellip;<\/p>\n","category_list_v2":"<a href=\"https:\/\/riberasalud.com\/rsc\/category\/educacion-para-la-salud\/\" rel=\"category tag\">Educaci\u00f3n para la salud<\/a>, <a href=\"https:\/\/riberasalud.com\/rsc\/category\/promocion-de-la-salud\/\" rel=\"category tag\">Promoci\u00f3n de la salud<\/a>","author_info_v2":{"name":"Mar Sanchez","url":"https:\/\/riberasalud.com\/rsc\/author\/msotoriberasalud-es\/"},"comments_num_v2":"0 comentarios","yoast_head":"<!-- This site is optimized with the Yoast SEO plugin v26.6 - https:\/\/yoast.com\/wordpress\/plugins\/seo\/ -->\n<title>El Hospital de D\u00e9nia celebra su Primera Jornada sobre Enfermedades Minoritarias - RSC Grupo sanitario Ribera<\/title>\n<meta name=\"description\" content=\"El\u00a0Hospital de D\u00e9nia celebra ma\u00f1ana su Primera Jornada sobre Enfermedades Minoritarias en la que se abordar\u00e1 el diagn\u00f3stico y tratamiento de patolog\u00edas poco comunes\" \/>\n<meta name=\"robots\" content=\"index, follow, max-snippet:-1, max-image-preview:large, max-video-preview:-1\" \/>\n<link rel=\"canonical\" href=\"https:\/\/riberasalud.com\/rsc\/2023\/05\/29\/el-hospital-de-denia-celebra-su-primera-jornada-sobre-enfermedades-minoritarias\/\" \/>\n<meta property=\"og:locale\" content=\"es_ES\" \/>\n<meta property=\"og:type\" content=\"article\" \/>\n<meta property=\"og:title\" content=\"El Hospital de D\u00e9nia celebra su Primera Jornada sobre Enfermedades Minoritarias - RSC Grupo sanitario Ribera\" \/>\n<meta property=\"og:description\" content=\"El\u00a0Hospital de D\u00e9nia celebra ma\u00f1ana su Primera Jornada sobre Enfermedades Minoritarias en la que se abordar\u00e1 el diagn\u00f3stico y tratamiento de patolog\u00edas poco comunes\" \/>\n<meta property=\"og:url\" content=\"https:\/\/riberasalud.com\/rsc\/2023\/05\/29\/el-hospital-de-denia-celebra-su-primera-jornada-sobre-enfermedades-minoritarias\/\" \/>\n<meta property=\"og:site_name\" content=\"RSC Grupo sanitario Ribera\" \/>\n<meta property=\"article:published_time\" content=\"2023-05-29T11:26:33+00:00\" \/>\n<meta property=\"article:modified_time\" content=\"2023-05-29T11:26:40+00:00\" \/>\n<meta property=\"og:image\" content=\"https:\/\/riberasalud.com\/rsc\/wp-content\/uploads\/2023\/05\/MarinaSalud_HOSPDenia_LAB_4504.jpg\" \/>\n\t<meta property=\"og:image:width\" content=\"800\" \/>\n\t<meta property=\"og:image:height\" content=\"533\" \/>\n\t<meta property=\"og:image:type\" content=\"image\/jpeg\" \/>\n<meta name=\"author\" content=\"Mar Sanchez\" \/>\n<meta name=\"twitter:card\" content=\"summary_large_image\" \/>\n<meta name=\"twitter:label1\" content=\"Escrito por\" \/>\n\t<meta name=\"twitter:data1\" content=\"Mar Sanchez\" \/>\n\t<meta name=\"twitter:label2\" content=\"Tiempo de lectura\" \/>\n\t<meta name=\"twitter:data2\" content=\"2 minutos\" \/>\n<script type=\"application\/ld+json\" class=\"yoast-schema-graph\">{\"@context\":\"https:\/\/schema.org\",\"@graph\":[{\"@type\":\"Article\",\"@id\":\"https:\/\/riberasalud.com\/rsc\/2023\/05\/29\/el-hospital-de-denia-celebra-su-primera-jornada-sobre-enfermedades-minoritarias\/#article\",\"isPartOf\":{\"@id\":\"https:\/\/riberasalud.com\/rsc\/2023\/05\/29\/el-hospital-de-denia-celebra-su-primera-jornada-sobre-enfermedades-minoritarias\/\"},\"author\":{\"name\":\"Mar Sanchez\",\"@id\":\"https:\/\/riberasalud.com\/rsc\/#\/schema\/person\/11c4e77d56d084661ced188afcae969f\"},\"headline\":\"El Hospital de D\u00e9nia celebra su Primera Jornada sobre Enfermedades Minoritarias\",\"datePublished\":\"2023-05-29T11:26:33+00:00\",\"dateModified\":\"2023-05-29T11:26:40+00:00\",\"mainEntityOfPage\":{\"@id\":\"https:\/\/riberasalud.com\/rsc\/2023\/05\/29\/el-hospital-de-denia-celebra-su-primera-jornada-sobre-enfermedades-minoritarias\/\"},\"wordCount\":411,\"commentCount\":0,\"publisher\":{\"@id\":\"https:\/\/riberasalud.com\/rsc\/#organization\"},\"image\":{\"@id\":\"https:\/\/riberasalud.com\/rsc\/2023\/05\/29\/el-hospital-de-denia-celebra-su-primera-jornada-sobre-enfermedades-minoritarias\/#primaryimage\"},\"thumbnailUrl\":\"https:\/\/riberasalud.com\/rsc\/wp-content\/uploads\/2023\/05\/MarinaSalud_HOSPDenia_LAB_4504.jpg\",\"keywords\":[\"enfermedades minoritarias\",\"Hospital de D\u00e9nia\",\"ponencias\",\"primera jornada\"],\"articleSection\":[\"Educaci\u00f3n para la salud\",\"Promoci\u00f3n de la salud\"],\"inLanguage\":\"es\",\"potentialAction\":[{\"@type\":\"CommentAction\",\"name\":\"Comment\",\"target\":[\"https:\/\/riberasalud.com\/rsc\/2023\/05\/29\/el-hospital-de-denia-celebra-su-primera-jornada-sobre-enfermedades-minoritarias\/#respond\"]}]},{\"@type\":\"WebPage\",\"@id\":\"https:\/\/riberasalud.com\/rsc\/2023\/05\/29\/el-hospital-de-denia-celebra-su-primera-jornada-sobre-enfermedades-minoritarias\/\",\"url\":\"https:\/\/riberasalud.com\/rsc\/2023\/05\/29\/el-hospital-de-denia-celebra-su-primera-jornada-sobre-enfermedades-minoritarias\/\",\"name\":\"El Hospital de D\u00e9nia celebra su Primera Jornada sobre Enfermedades Minoritarias - RSC Grupo sanitario Ribera\",\"isPartOf\":{\"@id\":\"https:\/\/riberasalud.com\/rsc\/#website\"},\"primaryImageOfPage\":{\"@id\":\"https:\/\/riberasalud.com\/rsc\/2023\/05\/29\/el-hospital-de-denia-celebra-su-primera-jornada-sobre-enfermedades-minoritarias\/#primaryimage\"},\"image\":{\"@id\":\"https:\/\/riberasalud.com\/rsc\/2023\/05\/29\/el-hospital-de-denia-celebra-su-primera-jornada-sobre-enfermedades-minoritarias\/#primaryimage\"},\"thumbnailUrl\":\"https:\/\/riberasalud.com\/rsc\/wp-content\/uploads\/2023\/05\/MarinaSalud_HOSPDenia_LAB_4504.jpg\",\"datePublished\":\"2023-05-29T11:26:33+00:00\",\"dateModified\":\"2023-05-29T11:26:40+00:00\",\"description\":\"El\u00a0Hospital de D\u00e9nia celebra ma\u00f1ana su Primera Jornada sobre Enfermedades Minoritarias en la que se abordar\u00e1 el diagn\u00f3stico y tratamiento de patolog\u00edas poco comunes\",\"breadcrumb\":{\"@id\":\"https:\/\/riberasalud.com\/rsc\/2023\/05\/29\/el-hospital-de-denia-celebra-su-primera-jornada-sobre-enfermedades-minoritarias\/#breadcrumb\"},\"inLanguage\":\"es\",\"potentialAction\":[{\"@type\":\"ReadAction\",\"target\":[\"https:\/\/riberasalud.com\/rsc\/2023\/05\/29\/el-hospital-de-denia-celebra-su-primera-jornada-sobre-enfermedades-minoritarias\/\"]}]},{\"@type\":\"ImageObject\",\"inLanguage\":\"es\",\"@id\":\"https:\/\/riberasalud.com\/rsc\/2023\/05\/29\/el-hospital-de-denia-celebra-su-primera-jornada-sobre-enfermedades-minoritarias\/#primaryimage\",\"url\":\"https:\/\/riberasalud.com\/rsc\/wp-content\/uploads\/2023\/05\/MarinaSalud_HOSPDenia_LAB_4504.jpg\",\"contentUrl\":\"https:\/\/riberasalud.com\/rsc\/wp-content\/uploads\/2023\/05\/MarinaSalud_HOSPDenia_LAB_4504.jpg\",\"width\":800,\"height\":533,\"caption\":\"marina Salud\"},{\"@type\":\"BreadcrumbList\",\"@id\":\"https:\/\/riberasalud.com\/rsc\/2023\/05\/29\/el-hospital-de-denia-celebra-su-primera-jornada-sobre-enfermedades-minoritarias\/#breadcrumb\",\"itemListElement\":[{\"@type\":\"ListItem\",\"position\":1,\"name\":\"Portada\",\"item\":\"https:\/\/riberasalud.com\/rsc\/\"},{\"@type\":\"ListItem\",\"position\":2,\"name\":\"El Hospital de D\u00e9nia celebra su Primera Jornada sobre Enfermedades Minoritarias\"}]},{\"@type\":\"WebSite\",\"@id\":\"https:\/\/riberasalud.com\/rsc\/#website\",\"url\":\"https:\/\/riberasalud.com\/rsc\/\",\"name\":\"RSC Grupo sanitario Ribera\",\"description\":\"\",\"publisher\":{\"@id\":\"https:\/\/riberasalud.com\/rsc\/#organization\"},\"potentialAction\":[{\"@type\":\"SearchAction\",\"target\":{\"@type\":\"EntryPoint\",\"urlTemplate\":\"https:\/\/riberasalud.com\/rsc\/?s={search_term_string}\"},\"query-input\":{\"@type\":\"PropertyValueSpecification\",\"valueRequired\":true,\"valueName\":\"search_term_string\"}}],\"inLanguage\":\"es\"},{\"@type\":\"Organization\",\"@id\":\"https:\/\/riberasalud.com\/rsc\/#organization\",\"name\":\"RSC Grupo sanitario Ribera\",\"url\":\"https:\/\/riberasalud.com\/rsc\/\",\"logo\":{\"@type\":\"ImageObject\",\"inLanguage\":\"es\",\"@id\":\"https:\/\/riberasalud.com\/rsc\/#\/schema\/logo\/image\/\",\"url\":\"https:\/\/riberasalud.com\/rsc\/wp-content\/uploads\/2021\/05\/cropped-Logotipo-Red.png\",\"contentUrl\":\"https:\/\/riberasalud.com\/rsc\/wp-content\/uploads\/2021\/05\/cropped-Logotipo-Red.png\",\"width\":500,\"height\":198,\"caption\":\"RSC Grupo sanitario Ribera\"},\"image\":{\"@id\":\"https:\/\/riberasalud.com\/rsc\/#\/schema\/logo\/image\/\"}},{\"@type\":\"Person\",\"@id\":\"https:\/\/riberasalud.com\/rsc\/#\/schema\/person\/11c4e77d56d084661ced188afcae969f\",\"name\":\"Mar Sanchez\",\"image\":{\"@type\":\"ImageObject\",\"inLanguage\":\"es\",\"@id\":\"https:\/\/riberasalud.com\/rsc\/#\/schema\/person\/image\/\",\"url\":\"https:\/\/secure.gravatar.com\/avatar\/5fc005413aafe0a1f7d81747fac73740246ee36e4fad7f56eb325711b6c9f209?s=96&d=mm&r=g\",\"contentUrl\":\"https:\/\/secure.gravatar.com\/avatar\/5fc005413aafe0a1f7d81747fac73740246ee36e4fad7f56eb325711b6c9f209?s=96&d=mm&r=g\",\"caption\":\"Mar Sanchez\"},\"url\":\"https:\/\/riberasalud.com\/rsc\/author\/msotoriberasalud-es\/\"}]}<\/script>\n<!-- \/ Yoast SEO plugin. -->","yoast_head_json":{"title":"El Hospital de D\u00e9nia celebra su Primera Jornada sobre Enfermedades Minoritarias - RSC Grupo sanitario Ribera","description":"El\u00a0Hospital de D\u00e9nia celebra ma\u00f1ana su Primera Jornada sobre Enfermedades Minoritarias en la que se abordar\u00e1 el diagn\u00f3stico y tratamiento de patolog\u00edas poco comunes","robots":{"index":"index","follow":"follow","max-snippet":"max-snippet:-1","max-image-preview":"max-image-preview:large","max-video-preview":"max-video-preview:-1"},"canonical":"https:\/\/riberasalud.com\/rsc\/2023\/05\/29\/el-hospital-de-denia-celebra-su-primera-jornada-sobre-enfermedades-minoritarias\/","og_locale":"es_ES","og_type":"article","og_title":"El Hospital de D\u00e9nia celebra su Primera Jornada sobre Enfermedades Minoritarias - RSC Grupo sanitario Ribera","og_description":"El\u00a0Hospital de D\u00e9nia celebra ma\u00f1ana su Primera Jornada sobre Enfermedades Minoritarias en la que se abordar\u00e1 el diagn\u00f3stico y tratamiento de patolog\u00edas poco comunes","og_url":"https:\/\/riberasalud.com\/rsc\/2023\/05\/29\/el-hospital-de-denia-celebra-su-primera-jornada-sobre-enfermedades-minoritarias\/","og_site_name":"RSC Grupo sanitario Ribera","article_published_time":"2023-05-29T11:26:33+00:00","article_modified_time":"2023-05-29T11:26:40+00:00","og_image":[{"width":800,"height":533,"url":"https:\/\/riberasalud.com\/rsc\/wp-content\/uploads\/2023\/05\/MarinaSalud_HOSPDenia_LAB_4504.jpg","type":"image\/jpeg"}],"author":"Mar Sanchez","twitter_card":"summary_large_image","twitter_misc":{"Escrito por":"Mar Sanchez","Tiempo de lectura":"2 minutos"},"schema":{"@context":"https:\/\/schema.org","@graph":[{"@type":"Article","@id":"https:\/\/riberasalud.com\/rsc\/2023\/05\/29\/el-hospital-de-denia-celebra-su-primera-jornada-sobre-enfermedades-minoritarias\/#article","isPartOf":{"@id":"https:\/\/riberasalud.com\/rsc\/2023\/05\/29\/el-hospital-de-denia-celebra-su-primera-jornada-sobre-enfermedades-minoritarias\/"},"author":{"name":"Mar Sanchez","@id":"https:\/\/riberasalud.com\/rsc\/#\/schema\/person\/11c4e77d56d084661ced188afcae969f"},"headline":"El Hospital de D\u00e9nia celebra su Primera Jornada sobre Enfermedades Minoritarias","datePublished":"2023-05-29T11:26:33+00:00","dateModified":"2023-05-29T11:26:40+00:00","mainEntityOfPage":{"@id":"https:\/\/riberasalud.com\/rsc\/2023\/05\/29\/el-hospital-de-denia-celebra-su-primera-jornada-sobre-enfermedades-minoritarias\/"},"wordCount":411,"commentCount":0,"publisher":{"@id":"https:\/\/riberasalud.com\/rsc\/#organization"},"image":{"@id":"https:\/\/riberasalud.com\/rsc\/2023\/05\/29\/el-hospital-de-denia-celebra-su-primera-jornada-sobre-enfermedades-minoritarias\/#primaryimage"},"thumbnailUrl":"https:\/\/riberasalud.com\/rsc\/wp-content\/uploads\/2023\/05\/MarinaSalud_HOSPDenia_LAB_4504.jpg","keywords":["enfermedades minoritarias","Hospital de D\u00e9nia","ponencias","primera jornada"],"articleSection":["Educaci\u00f3n para la salud","Promoci\u00f3n de la salud"],"inLanguage":"es","potentialAction":[{"@type":"CommentAction","name":"Comment","target":["https:\/\/riberasalud.com\/rsc\/2023\/05\/29\/el-hospital-de-denia-celebra-su-primera-jornada-sobre-enfermedades-minoritarias\/#respond"]}]},{"@type":"WebPage","@id":"https:\/\/riberasalud.com\/rsc\/2023\/05\/29\/el-hospital-de-denia-celebra-su-primera-jornada-sobre-enfermedades-minoritarias\/","url":"https:\/\/riberasalud.com\/rsc\/2023\/05\/29\/el-hospital-de-denia-celebra-su-primera-jornada-sobre-enfermedades-minoritarias\/","name":"El Hospital de D\u00e9nia celebra su Primera Jornada sobre Enfermedades Minoritarias - RSC Grupo sanitario Ribera","isPartOf":{"@id":"https:\/\/riberasalud.com\/rsc\/#website"},"primaryImageOfPage":{"@id":"https:\/\/riberasalud.com\/rsc\/2023\/05\/29\/el-hospital-de-denia-celebra-su-primera-jornada-sobre-enfermedades-minoritarias\/#primaryimage"},"image":{"@id":"https:\/\/riberasalud.com\/rsc\/2023\/05\/29\/el-hospital-de-denia-celebra-su-primera-jornada-sobre-enfermedades-minoritarias\/#primaryimage"},"thumbnailUrl":"https:\/\/riberasalud.com\/rsc\/wp-content\/uploads\/2023\/05\/MarinaSalud_HOSPDenia_LAB_4504.jpg","datePublished":"2023-05-29T11:26:33+00:00","dateModified":"2023-05-29T11:26:40+00:00","description":"El\u00a0Hospital de D\u00e9nia celebra ma\u00f1ana su Primera Jornada sobre Enfermedades Minoritarias en la que se abordar\u00e1 el diagn\u00f3stico y tratamiento de patolog\u00edas poco comunes","breadcrumb":{"@id":"https:\/\/riberasalud.com\/rsc\/2023\/05\/29\/el-hospital-de-denia-celebra-su-primera-jornada-sobre-enfermedades-minoritarias\/#breadcrumb"},"inLanguage":"es","potentialAction":[{"@type":"ReadAction","target":["https:\/\/riberasalud.com\/rsc\/2023\/05\/29\/el-hospital-de-denia-celebra-su-primera-jornada-sobre-enfermedades-minoritarias\/"]}]},{"@type":"ImageObject","inLanguage":"es","@id":"https:\/\/riberasalud.com\/rsc\/2023\/05\/29\/el-hospital-de-denia-celebra-su-primera-jornada-sobre-enfermedades-minoritarias\/#primaryimage","url":"https:\/\/riberasalud.com\/rsc\/wp-content\/uploads\/2023\/05\/MarinaSalud_HOSPDenia_LAB_4504.jpg","contentUrl":"https:\/\/riberasalud.com\/rsc\/wp-content\/uploads\/2023\/05\/MarinaSalud_HOSPDenia_LAB_4504.jpg","width":800,"height":533,"caption":"marina Salud"},{"@type":"BreadcrumbList","@id":"https:\/\/riberasalud.com\/rsc\/2023\/05\/29\/el-hospital-de-denia-celebra-su-primera-jornada-sobre-enfermedades-minoritarias\/#breadcrumb","itemListElement":[{"@type":"ListItem","position":1,"name":"Portada","item":"https:\/\/riberasalud.com\/rsc\/"},{"@type":"ListItem","position":2,"name":"El Hospital de D\u00e9nia celebra su Primera Jornada sobre Enfermedades Minoritarias"}]},{"@type":"WebSite","@id":"https:\/\/riberasalud.com\/rsc\/#website","url":"https:\/\/riberasalud.com\/rsc\/","name":"RSC Grupo sanitario Ribera","description":"","publisher":{"@id":"https:\/\/riberasalud.com\/rsc\/#organization"},"potentialAction":[{"@type":"SearchAction","target":{"@type":"EntryPoint","urlTemplate":"https:\/\/riberasalud.com\/rsc\/?s={search_term_string}"},"query-input":{"@type":"PropertyValueSpecification","valueRequired":true,"valueName":"search_term_string"}}],"inLanguage":"es"},{"@type":"Organization","@id":"https:\/\/riberasalud.com\/rsc\/#organization","name":"RSC Grupo sanitario Ribera","url":"https:\/\/riberasalud.com\/rsc\/","logo":{"@type":"ImageObject","inLanguage":"es","@id":"https:\/\/riberasalud.com\/rsc\/#\/schema\/logo\/image\/","url":"https:\/\/riberasalud.com\/rsc\/wp-content\/uploads\/2021\/05\/cropped-Logotipo-Red.png","contentUrl":"https:\/\/riberasalud.com\/rsc\/wp-content\/uploads\/2021\/05\/cropped-Logotipo-Red.png","width":500,"height":198,"caption":"RSC Grupo sanitario Ribera"},"image":{"@id":"https:\/\/riberasalud.com\/rsc\/#\/schema\/logo\/image\/"}},{"@type":"Person","@id":"https:\/\/riberasalud.com\/rsc\/#\/schema\/person\/11c4e77d56d084661ced188afcae969f","name":"Mar Sanchez","image":{"@type":"ImageObject","inLanguage":"es","@id":"https:\/\/riberasalud.com\/rsc\/#\/schema\/person\/image\/","url":"https:\/\/secure.gravatar.com\/avatar\/5fc005413aafe0a1f7d81747fac73740246ee36e4fad7f56eb325711b6c9f209?s=96&d=mm&r=g","contentUrl":"https:\/\/secure.gravatar.com\/avatar\/5fc005413aafe0a1f7d81747fac73740246ee36e4fad7f56eb325711b6c9f209?s=96&d=mm&r=g","caption":"Mar Sanchez"},"url":"https:\/\/riberasalud.com\/rsc\/author\/msotoriberasalud-es\/"}]}},"author_meta":{"display_name":"Mar Sanchez","author_link":"https:\/\/riberasalud.com\/rsc\/author\/msotoriberasalud-es\/"},"featured_img":"https:\/\/riberasalud.com\/rsc\/wp-content\/uploads\/2023\/05\/MarinaSalud_HOSPDenia_LAB_4504-300x200.jpg","pbg_featured_image_src":{"full":["https:\/\/riberasalud.com\/rsc\/wp-content\/uploads\/2023\/05\/MarinaSalud_HOSPDenia_LAB_4504.jpg",800,533,false],"thumbnail":["https:\/\/riberasalud.com\/rsc\/wp-content\/uploads\/2023\/05\/MarinaSalud_HOSPDenia_LAB_4504-150x150.jpg",150,150,true],"medium":["https:\/\/riberasalud.com\/rsc\/wp-content\/uploads\/2023\/05\/MarinaSalud_HOSPDenia_LAB_4504-300x200.jpg",300,200,true],"medium_large":["https:\/\/riberasalud.com\/rsc\/wp-content\/uploads\/2023\/05\/MarinaSalud_HOSPDenia_LAB_4504-768x512.jpg",768,512,true],"large":["https:\/\/riberasalud.com\/rsc\/wp-content\/uploads\/2023\/05\/MarinaSalud_HOSPDenia_LAB_4504.jpg",800,533,false],"xl":["https:\/\/riberasalud.com\/rsc\/wp-content\/uploads\/2023\/05\/MarinaSalud_HOSPDenia_LAB_4504.jpg",800,533,false],"xxl":["https:\/\/riberasalud.com\/rsc\/wp-content\/uploads\/2023\/05\/MarinaSalud_HOSPDenia_LAB_4504.jpg",800,533,false],"xxxl":["https:\/\/riberasalud.com\/rsc\/wp-content\/uploads\/2023\/05\/MarinaSalud_HOSPDenia_LAB_4504.jpg",800,533,false],"xxxxl":["https:\/\/riberasalud.com\/rsc\/wp-content\/uploads\/2023\/05\/MarinaSalud_HOSPDenia_LAB_4504.jpg",800,533,false],"xxxxxl":["https:\/\/riberasalud.com\/rsc\/wp-content\/uploads\/2023\/05\/MarinaSalud_HOSPDenia_LAB_4504.jpg",800,533,false],"1536x1536":["https:\/\/riberasalud.com\/rsc\/wp-content\/uploads\/2023\/05\/MarinaSalud_HOSPDenia_LAB_4504.jpg",800,533,false],"2048x2048":["https:\/\/riberasalud.com\/rsc\/wp-content\/uploads\/2023\/05\/MarinaSalud_HOSPDenia_LAB_4504.jpg",800,533,false]},"pbg_author_info":{"display_name":"Mar Sanchez","author_link":"https:\/\/riberasalud.com\/rsc\/author\/msotoriberasalud-es\/","author_img":"<img alt='Mar Sanchez' src='https:\/\/secure.gravatar.com\/avatar\/5fc005413aafe0a1f7d81747fac73740246ee36e4fad7f56eb325711b6c9f209?s=128&#038;d=mm&#038;r=g' srcset='https:\/\/secure.gravatar.com\/avatar\/5fc005413aafe0a1f7d81747fac73740246ee36e4fad7f56eb325711b6c9f209?s=256&#038;d=mm&#038;r=g 2x' class='avatar avatar-128 photo' height='128' width='128' loading='lazy' decoding='async'\/>"},"pbg_comment_info":"2 comment","pbg_excerpt":"El&nbsp;Hospital de D\u00e9nia, del&nbsp;Grupo sanitario Ribera, celebra ma\u00f1ana su Primera Jornada sobre Enfermedades Minoritarias en la que se abordar\u00e1 el diagn\u00f3stico y tratamiento de patolog\u00edas poco comunes, minoritarias o raras. El simposio comenzar\u00e1 con la presentaci\u00f3n de la Dra. Patricia Mart\u00edn Rico, Jefa de Medicina Interna y Directora del \u00c1rea Cl\u00ednica M\u00e9dica del Departamento de&hellip;","uagb_featured_image_src":{"full":["https:\/\/riberasalud.com\/rsc\/wp-content\/uploads\/2023\/05\/MarinaSalud_HOSPDenia_LAB_4504.jpg",800,533,false],"thumbnail":["https:\/\/riberasalud.com\/rsc\/wp-content\/uploads\/2023\/05\/MarinaSalud_HOSPDenia_LAB_4504-150x150.jpg",150,150,true],"medium":["https:\/\/riberasalud.com\/rsc\/wp-content\/uploads\/2023\/05\/MarinaSalud_HOSPDenia_LAB_4504-300x200.jpg",300,200,true],"medium_large":["https:\/\/riberasalud.com\/rsc\/wp-content\/uploads\/2023\/05\/MarinaSalud_HOSPDenia_LAB_4504-768x512.jpg",768,512,true],"large":["https:\/\/riberasalud.com\/rsc\/wp-content\/uploads\/2023\/05\/MarinaSalud_HOSPDenia_LAB_4504.jpg",800,533,false],"xl":["https:\/\/riberasalud.com\/rsc\/wp-content\/uploads\/2023\/05\/MarinaSalud_HOSPDenia_LAB_4504.jpg",800,533,false],"xxl":["https:\/\/riberasalud.com\/rsc\/wp-content\/uploads\/2023\/05\/MarinaSalud_HOSPDenia_LAB_4504.jpg",800,533,false],"xxxl":["https:\/\/riberasalud.com\/rsc\/wp-content\/uploads\/2023\/05\/MarinaSalud_HOSPDenia_LAB_4504.jpg",800,533,false],"xxxxl":["https:\/\/riberasalud.com\/rsc\/wp-content\/uploads\/2023\/05\/MarinaSalud_HOSPDenia_LAB_4504.jpg",800,533,false],"xxxxxl":["https:\/\/riberasalud.com\/rsc\/wp-content\/uploads\/2023\/05\/MarinaSalud_HOSPDenia_LAB_4504.jpg",800,533,false],"1536x1536":["https:\/\/riberasalud.com\/rsc\/wp-content\/uploads\/2023\/05\/MarinaSalud_HOSPDenia_LAB_4504.jpg",800,533,false],"2048x2048":["https:\/\/riberasalud.com\/rsc\/wp-content\/uploads\/2023\/05\/MarinaSalud_HOSPDenia_LAB_4504.jpg",800,533,false]},"uagb_author_info":{"display_name":"Mar Sanchez","author_link":"https:\/\/riberasalud.com\/rsc\/author\/msotoriberasalud-es\/"},"uagb_comment_info":2,"uagb_excerpt":"El&nbsp;Hospital de D\u00e9nia, del&nbsp;Grupo sanitario Ribera, celebra ma\u00f1ana su Primera Jornada sobre Enfermedades Minoritarias en la que se abordar\u00e1 el diagn\u00f3stico y tratamiento de patolog\u00edas poco comunes, minoritarias o raras. El simposio comenzar\u00e1 con la presentaci\u00f3n de la Dra. Patricia Mart\u00edn Rico, Jefa de Medicina Interna y Directora del \u00c1rea Cl\u00ednica M\u00e9dica del Departamento de&hellip;","coauthors":[],"tax_additional":{"categories":{"linked":["<a href=\"https:\/\/riberasalud.com\/rsc\/category\/educacion-para-la-salud\/\" class=\"advgb-post-tax-term\">Educaci\u00f3n para la salud<\/a>","<a href=\"https:\/\/riberasalud.com\/rsc\/category\/promocion-de-la-salud\/\" class=\"advgb-post-tax-term\">Promoci\u00f3n de la salud<\/a>"],"unlinked":["<span class=\"advgb-post-tax-term\">Educaci\u00f3n para la salud<\/span>","<span class=\"advgb-post-tax-term\">Promoci\u00f3n de la salud<\/span>"]},"tags":{"linked":["<a href=\"https:\/\/riberasalud.com\/rsc\/category\/promocion-de-la-salud\/\" class=\"advgb-post-tax-term\">enfermedades minoritarias<\/a>","<a href=\"https:\/\/riberasalud.com\/rsc\/category\/promocion-de-la-salud\/\" class=\"advgb-post-tax-term\">Hospital de D\u00e9nia<\/a>","<a href=\"https:\/\/riberasalud.com\/rsc\/category\/promocion-de-la-salud\/\" class=\"advgb-post-tax-term\">ponencias<\/a>","<a href=\"https:\/\/riberasalud.com\/rsc\/category\/promocion-de-la-salud\/\" class=\"advgb-post-tax-term\">primera jornada<\/a>"],"unlinked":["<span class=\"advgb-post-tax-term\">enfermedades minoritarias<\/span>","<span class=\"advgb-post-tax-term\">Hospital de D\u00e9nia<\/span>","<span class=\"advgb-post-tax-term\">ponencias<\/span>","<span class=\"advgb-post-tax-term\">primera jornada<\/span>"]}},"comment_count":"0","relative_dates":{"created":"Publicado 3 a\u00f1os hace","modified":"Actualizado 3 a\u00f1os hace"},"absolute_dates":{"created":"Publicado el 29 de mayo de 2023","modified":"Actualizado el 29 de mayo de 2023"},"absolute_dates_time":{"created":"Publicado el 29 de mayo de 2023 11:26","modified":"Actualizado el 29 de mayo de 2023 11:26"},"featured_img_caption":"","series_order":"","_links":{"self":[{"href":"https:\/\/riberasalud.com\/rsc\/wp-json\/wp\/v2\/posts\/1698","targetHints":{"allow":["GET"]}}],"collection":[{"href":"https:\/\/riberasalud.com\/rsc\/wp-json\/wp\/v2\/posts"}],"about":[{"href":"https:\/\/riberasalud.com\/rsc\/wp-json\/wp\/v2\/types\/post"}],"author":[{"embeddable":true,"href":"https:\/\/riberasalud.com\/rsc\/wp-json\/wp\/v2\/users\/2"}],"replies":[{"embeddable":true,"href":"https:\/\/riberasalud.com\/rsc\/wp-json\/wp\/v2\/comments?post=1698"}],"version-history":[{"count":1,"href":"https:\/\/riberasalud.com\/rsc\/wp-json\/wp\/v2\/posts\/1698\/revisions"}],"predecessor-version":[{"id":1700,"href":"https:\/\/riberasalud.com\/rsc\/wp-json\/wp\/v2\/posts\/1698\/revisions\/1700"}],"wp:featuredmedia":[{"embeddable":true,"href":"https:\/\/riberasalud.com\/rsc\/wp-json\/wp\/v2\/media\/1699"}],"wp:attachment":[{"href":"https:\/\/riberasalud.com\/rsc\/wp-json\/wp\/v2\/media?parent=1698"}],"wp:term":[{"taxonomy":"category","embeddable":true,"href":"https:\/\/riberasalud.com\/rsc\/wp-json\/wp\/v2\/categories?post=1698"},{"taxonomy":"post_tag","embeddable":true,"href":"https:\/\/riberasalud.com\/rsc\/wp-json\/wp\/v2\/tags?post=1698"}],"curies":[{"name":"wp","href":"https:\/\/api.w.org\/{rel}","templated":true}]}}