{"id":1639,"date":"2023-04-25T15:34:56","date_gmt":"2023-04-25T15:34:56","guid":{"rendered":"https:\/\/riberasalud.com\/rsc\/?p=1639"},"modified":"2023-04-25T15:35:07","modified_gmt":"2023-04-25T15:35:07","slug":"la-feria-de-abril-llega-al-hospital-universitario-de-torrejon-con-actividades-para-amenizar-la-estancia-de-los-pacientes","status":"publish","type":"post","link":"https:\/\/riberasalud.com\/rsc\/2023\/04\/25\/la-feria-de-abril-llega-al-hospital-universitario-de-torrejon-con-actividades-para-amenizar-la-estancia-de-los-pacientes\/","title":{"rendered":"La Feria de Abril llega al Hospital Universitario de Torrej\u00f3n con actividades para amenizar la estancia de los pacientes"},"content":{"rendered":"\n<ul class=\"wp-block-list\"><li><em>El centro ha organizado diferentes actuaciones para amenizar la estancia y tratamientos de sus pacientes en los servicios de Di\u00e1lisis, Hospital de D\u00eda y Rehabilitaci\u00f3n<\/em><\/li><li><em>Marina Bravo y Jes\u00fas Jim\u00e9nez, bailarines del Ballet Nacional de Espa\u00f1a, han inaugurado esta iniciativa bailando sevillanas para m\u00e1s de 40 pacientes<\/em><\/li><\/ul>\n\n\n\n<p>El Hospital Universitario de Torrej\u00f3n celebra esta semana la Feria de Abril en sus servicios de Hospital de D\u00eda, Di\u00e1lisis y Rehabilitaci\u00f3n. Dentro de su Plan de Humanizaci\u00f3n de la atenci\u00f3n sanitaria, el centro ha organizado en colaboraci\u00f3n con la Asociaci\u00f3n Espa\u00f1ola Contra el C\u00e1ncer diferentes actuaciones para amenizar la estancia de sus pacientes, cuidando de su salud y bienestar m\u00e1s all\u00e1 de los tratamientos m\u00e9dicos.<\/p>\n\n\n\n<p>Las actuaciones han arrancado este lunes con el espect\u00e1culo de bailarines de primer nivel, como son<strong>Marina Bravo y Antonio Jes\u00fas Jim\u00e9nez, bailarines del Ballet Nacional de Espa\u00f1a<\/strong>. Con las estancias perfectamente acondicionadas con banderines, abanicos, guirnaldas y pompones, los bailarines han interpretado unas sevillanas en los diferentes servicios ante la presencia de m\u00e1s de 40 pacientes que han podido disfrutar del virtuosismo t\u00e9cnico de la Danza Espa\u00f1ola.<\/p>\n\n\n\n<p>La iniciativa ha sido muy bien acogida, tanto por los pacientes como por los bailarines, que han podido comprobar de primera mano el efecto que provocan estas acciones de humanizaci\u00f3n en su bienestar:&nbsp;<em>\u201cEs una maravilla ver la cara de ilusi\u00f3n y de emoci\u00f3n de los pacientes. Es muy enriquecedor ver c\u00f3mo disfrutan mientras reciben sus tratamientos\u201d,&nbsp;<\/em>contaba Marina al concluir.&nbsp;<em>\u201cEs una experiencia fuerte porque hemos bailado en zonas en las que los pacientes sufren. Llegar y que, durante ese rato, se olviden de lo que est\u00e1n pasando es muy satisfactorio\u201d,&nbsp;<\/em>a\u00f1ad\u00eda Antonio.<\/p>\n\n\n\n<p>El Hospital Universitario de Torrej\u00f3n tiene planificadas m\u00e1s acciones para seguir conmemorando la Feria de Abril con los pacientes de estos servicios. Debido a las patolog\u00edas que sufren y a los tratamientos que \u00e9stas requieren, deben pasar largas estancias en el hospital, por lo que este tipo de iniciativas tienen un especial efecto an\u00edmico para ellos y para sus acompa\u00f1antes.<\/p>\n\n\n\n<figure class=\"wp-block-image size-full\"><img loading=\"lazy\" decoding=\"async\" width=\"800\" height=\"533\" src=\"https:\/\/riberasalud.com\/rsc\/wp-content\/uploads\/2023\/04\/HUT_FERIA-DE-ABRIL-3.jpg\" alt=\"feria abril\" class=\"wp-image-1640\" srcset=\"https:\/\/riberasalud.com\/rsc\/wp-content\/uploads\/2023\/04\/HUT_FERIA-DE-ABRIL-3.jpg 800w, https:\/\/riberasalud.com\/rsc\/wp-content\/uploads\/2023\/04\/HUT_FERIA-DE-ABRIL-3-300x200.jpg 300w, https:\/\/riberasalud.com\/rsc\/wp-content\/uploads\/2023\/04\/HUT_FERIA-DE-ABRIL-3-768x512.jpg 768w\" sizes=\"auto, (max-width: 800px) 100vw, 800px\" \/><\/figure>\n","protected":false},"excerpt":{"rendered":"<p>El centro ha organizado diferentes actuaciones para amenizar la estancia y tratamientos de sus pacientes en los servicios de Di\u00e1lisis, Hospital de D\u00eda y Rehabilitaci\u00f3n Marina Bravo y Jes\u00fas Jim\u00e9nez, bailarines del Ballet Nacional de Espa\u00f1a, han inaugurado esta iniciativa bailando sevillanas para m\u00e1s de 40 pacientes El Hospital Universitario de Torrej\u00f3n celebra esta semana &#8230; <a title=\"La Feria de Abril llega al Hospital Universitario de Torrej\u00f3n con actividades para amenizar la estancia de los pacientes\" class=\"read-more\" href=\"https:\/\/riberasalud.com\/rsc\/2023\/04\/25\/la-feria-de-abril-llega-al-hospital-universitario-de-torrejon-con-actividades-para-amenizar-la-estancia-de-los-pacientes\/\" aria-label=\"Leer m\u00e1s sobre La Feria de Abril llega al Hospital Universitario de Torrej\u00f3n con actividades para amenizar la estancia de los pacientes\">Leer m\u00e1s<\/a><\/p>\n","protected":false},"author":2,"featured_media":1641,"comment_status":"open","ping_status":"open","sticky":false,"template":"","format":"standard","meta":{"_editorskit_title_hidden":false,"_editorskit_reading_time":1,"_editorskit_is_block_options_detached":false,"_editorskit_block_options_position":"{}","_coblocks_attr":"","_coblocks_dimensions":"","_coblocks_responsive_height":"","_coblocks_accordion_ie_support":"","_uag_custom_page_level_css":"","advgb_blocks_editor_width":"","advgb_blocks_columns_visual_guide":"","_monsterinsights_skip_tracking":false,"_monsterinsights_sitenote_active":false,"_monsterinsights_sitenote_note":"","_monsterinsights_sitenote_category":0,"footnotes":""},"categories":[205],"tags":[257,256,258],"class_list":["post-1639","post","type-post","status-publish","format-standard","has-post-thumbnail","hentry","category-humanizacion","tag-estancia","tag-feria-de-abril","tag-sevillanas"],"featured_image_urls_v2":{"full":["https:\/\/riberasalud.com\/rsc\/wp-content\/uploads\/2023\/04\/HUT_MARINA-Y-MANUEL-2.jpg",800,533,false],"thumbnail":["https:\/\/riberasalud.com\/rsc\/wp-content\/uploads\/2023\/04\/HUT_MARINA-Y-MANUEL-2-150x150.jpg",150,150,true],"medium":["https:\/\/riberasalud.com\/rsc\/wp-content\/uploads\/2023\/04\/HUT_MARINA-Y-MANUEL-2-300x200.jpg",300,200,true],"medium_large":["https:\/\/riberasalud.com\/rsc\/wp-content\/uploads\/2023\/04\/HUT_MARINA-Y-MANUEL-2-768x512.jpg",768,512,true],"large":["https:\/\/riberasalud.com\/rsc\/wp-content\/uploads\/2023\/04\/HUT_MARINA-Y-MANUEL-2.jpg",800,533,false],"xl":["https:\/\/riberasalud.com\/rsc\/wp-content\/uploads\/2023\/04\/HUT_MARINA-Y-MANUEL-2.jpg",800,533,false],"xxl":["https:\/\/riberasalud.com\/rsc\/wp-content\/uploads\/2023\/04\/HUT_MARINA-Y-MANUEL-2.jpg",800,533,false],"xxxl":["https:\/\/riberasalud.com\/rsc\/wp-content\/uploads\/2023\/04\/HUT_MARINA-Y-MANUEL-2.jpg",800,533,false],"xxxxl":["https:\/\/riberasalud.com\/rsc\/wp-content\/uploads\/2023\/04\/HUT_MARINA-Y-MANUEL-2.jpg",800,533,false],"xxxxxl":["https:\/\/riberasalud.com\/rsc\/wp-content\/uploads\/2023\/04\/HUT_MARINA-Y-MANUEL-2.jpg",800,533,false],"1536x1536":["https:\/\/riberasalud.com\/rsc\/wp-content\/uploads\/2023\/04\/HUT_MARINA-Y-MANUEL-2.jpg",800,533,false],"2048x2048":["https:\/\/riberasalud.com\/rsc\/wp-content\/uploads\/2023\/04\/HUT_MARINA-Y-MANUEL-2.jpg",800,533,false]},"post_excerpt_stackable_v2":"<p>El centro ha organizado diferentes actuaciones para amenizar la estancia y tratamientos de sus pacientes en los servicios de Di\u00e1lisis, Hospital de D\u00eda y Rehabilitaci\u00f3nMarina Bravo y Jes\u00fas Jim\u00e9nez, bailarines del Ballet Nacional de Espa\u00f1a, han inaugurado esta iniciativa bailando sevillanas para m\u00e1s de 40 pacientes El Hospital Universitario de Torrej\u00f3n celebra esta semana la Feria de Abril en sus servicios de Hospital de D\u00eda, Di\u00e1lisis y Rehabilitaci\u00f3n. Dentro de su Plan de Humanizaci\u00f3n de la atenci\u00f3n sanitaria, el centro ha organizado en colaboraci\u00f3n con la Asociaci\u00f3n Espa\u00f1ola Contra el C\u00e1ncer diferentes actuaciones para amenizar la estancia de sus pacientes,&hellip;<\/p>\n","category_list_v2":"<a href=\"https:\/\/riberasalud.com\/rsc\/category\/humanizacion\/\" rel=\"category tag\">Humanizaci\u00f3n<\/a>","author_info_v2":{"name":"Mar Sanchez","url":"https:\/\/riberasalud.com\/rsc\/author\/msotoriberasalud-es\/"},"comments_num_v2":"0 comentarios","yoast_head":"<!-- This site is optimized with the Yoast SEO plugin v26.6 - https:\/\/yoast.com\/wordpress\/plugins\/seo\/ -->\n<title>La Feria de Abril llega al Hospital Universitario de Torrej\u00f3n con actividades para amenizar la estancia de los pacientes - RSC Grupo sanitario Ribera<\/title>\n<meta name=\"description\" content=\"El centro ha organizado actuaciones para amenizar la estancia de pacientes en los servicios de Di\u00e1lisis, Hospital de D\u00eda y Rehabilitaci\u00f3n\" \/>\n<meta name=\"robots\" content=\"index, follow, max-snippet:-1, max-image-preview:large, max-video-preview:-1\" \/>\n<link rel=\"canonical\" href=\"https:\/\/riberasalud.com\/rsc\/2023\/04\/25\/la-feria-de-abril-llega-al-hospital-universitario-de-torrejon-con-actividades-para-amenizar-la-estancia-de-los-pacientes\/\" \/>\n<meta property=\"og:locale\" content=\"es_ES\" \/>\n<meta property=\"og:type\" content=\"article\" \/>\n<meta property=\"og:title\" content=\"La Feria de Abril llega al Hospital Universitario de Torrej\u00f3n con actividades para amenizar la estancia de los pacientes - RSC Grupo sanitario Ribera\" \/>\n<meta property=\"og:description\" content=\"El centro ha organizado actuaciones para amenizar la estancia de pacientes en los servicios de Di\u00e1lisis, Hospital de D\u00eda y Rehabilitaci\u00f3n\" \/>\n<meta property=\"og:url\" content=\"https:\/\/riberasalud.com\/rsc\/2023\/04\/25\/la-feria-de-abril-llega-al-hospital-universitario-de-torrejon-con-actividades-para-amenizar-la-estancia-de-los-pacientes\/\" \/>\n<meta property=\"og:site_name\" content=\"RSC Grupo sanitario Ribera\" \/>\n<meta property=\"article:published_time\" content=\"2023-04-25T15:34:56+00:00\" \/>\n<meta property=\"article:modified_time\" content=\"2023-04-25T15:35:07+00:00\" \/>\n<meta property=\"og:image\" content=\"https:\/\/riberasalud.com\/rsc\/wp-content\/uploads\/2023\/04\/HUT_MARINA-Y-MANUEL-2.jpg\" \/>\n\t<meta property=\"og:image:width\" content=\"800\" \/>\n\t<meta property=\"og:image:height\" content=\"533\" \/>\n\t<meta property=\"og:image:type\" content=\"image\/jpeg\" \/>\n<meta name=\"author\" content=\"Mar Sanchez\" \/>\n<meta name=\"twitter:card\" content=\"summary_large_image\" \/>\n<meta name=\"twitter:label1\" content=\"Escrito por\" \/>\n\t<meta name=\"twitter:data1\" content=\"Mar Sanchez\" \/>\n\t<meta name=\"twitter:label2\" content=\"Tiempo de lectura\" \/>\n\t<meta name=\"twitter:data2\" content=\"2 minutos\" \/>\n<script type=\"application\/ld+json\" class=\"yoast-schema-graph\">{\"@context\":\"https:\/\/schema.org\",\"@graph\":[{\"@type\":\"Article\",\"@id\":\"https:\/\/riberasalud.com\/rsc\/2023\/04\/25\/la-feria-de-abril-llega-al-hospital-universitario-de-torrejon-con-actividades-para-amenizar-la-estancia-de-los-pacientes\/#article\",\"isPartOf\":{\"@id\":\"https:\/\/riberasalud.com\/rsc\/2023\/04\/25\/la-feria-de-abril-llega-al-hospital-universitario-de-torrejon-con-actividades-para-amenizar-la-estancia-de-los-pacientes\/\"},\"author\":{\"name\":\"Mar Sanchez\",\"@id\":\"https:\/\/riberasalud.com\/rsc\/#\/schema\/person\/11c4e77d56d084661ced188afcae969f\"},\"headline\":\"La Feria de Abril llega al Hospital Universitario de Torrej\u00f3n con actividades para amenizar la estancia de los pacientes\",\"datePublished\":\"2023-04-25T15:34:56+00:00\",\"dateModified\":\"2023-04-25T15:35:07+00:00\",\"mainEntityOfPage\":{\"@id\":\"https:\/\/riberasalud.com\/rsc\/2023\/04\/25\/la-feria-de-abril-llega-al-hospital-universitario-de-torrejon-con-actividades-para-amenizar-la-estancia-de-los-pacientes\/\"},\"wordCount\":394,\"commentCount\":0,\"publisher\":{\"@id\":\"https:\/\/riberasalud.com\/rsc\/#organization\"},\"image\":{\"@id\":\"https:\/\/riberasalud.com\/rsc\/2023\/04\/25\/la-feria-de-abril-llega-al-hospital-universitario-de-torrejon-con-actividades-para-amenizar-la-estancia-de-los-pacientes\/#primaryimage\"},\"thumbnailUrl\":\"https:\/\/riberasalud.com\/rsc\/wp-content\/uploads\/2023\/04\/HUT_MARINA-Y-MANUEL-2.jpg\",\"keywords\":[\"estancia\",\"feria de abril\",\"sevillanas\"],\"articleSection\":[\"Humanizaci\u00f3n\"],\"inLanguage\":\"es\",\"potentialAction\":[{\"@type\":\"CommentAction\",\"name\":\"Comment\",\"target\":[\"https:\/\/riberasalud.com\/rsc\/2023\/04\/25\/la-feria-de-abril-llega-al-hospital-universitario-de-torrejon-con-actividades-para-amenizar-la-estancia-de-los-pacientes\/#respond\"]}]},{\"@type\":\"WebPage\",\"@id\":\"https:\/\/riberasalud.com\/rsc\/2023\/04\/25\/la-feria-de-abril-llega-al-hospital-universitario-de-torrejon-con-actividades-para-amenizar-la-estancia-de-los-pacientes\/\",\"url\":\"https:\/\/riberasalud.com\/rsc\/2023\/04\/25\/la-feria-de-abril-llega-al-hospital-universitario-de-torrejon-con-actividades-para-amenizar-la-estancia-de-los-pacientes\/\",\"name\":\"La Feria de Abril llega al Hospital Universitario de Torrej\u00f3n con actividades para amenizar la estancia de los pacientes - RSC Grupo sanitario Ribera\",\"isPartOf\":{\"@id\":\"https:\/\/riberasalud.com\/rsc\/#website\"},\"primaryImageOfPage\":{\"@id\":\"https:\/\/riberasalud.com\/rsc\/2023\/04\/25\/la-feria-de-abril-llega-al-hospital-universitario-de-torrejon-con-actividades-para-amenizar-la-estancia-de-los-pacientes\/#primaryimage\"},\"image\":{\"@id\":\"https:\/\/riberasalud.com\/rsc\/2023\/04\/25\/la-feria-de-abril-llega-al-hospital-universitario-de-torrejon-con-actividades-para-amenizar-la-estancia-de-los-pacientes\/#primaryimage\"},\"thumbnailUrl\":\"https:\/\/riberasalud.com\/rsc\/wp-content\/uploads\/2023\/04\/HUT_MARINA-Y-MANUEL-2.jpg\",\"datePublished\":\"2023-04-25T15:34:56+00:00\",\"dateModified\":\"2023-04-25T15:35:07+00:00\",\"description\":\"El centro ha organizado actuaciones para amenizar la estancia de pacientes en los servicios de Di\u00e1lisis, Hospital de D\u00eda y Rehabilitaci\u00f3n\",\"breadcrumb\":{\"@id\":\"https:\/\/riberasalud.com\/rsc\/2023\/04\/25\/la-feria-de-abril-llega-al-hospital-universitario-de-torrejon-con-actividades-para-amenizar-la-estancia-de-los-pacientes\/#breadcrumb\"},\"inLanguage\":\"es\",\"potentialAction\":[{\"@type\":\"ReadAction\",\"target\":[\"https:\/\/riberasalud.com\/rsc\/2023\/04\/25\/la-feria-de-abril-llega-al-hospital-universitario-de-torrejon-con-actividades-para-amenizar-la-estancia-de-los-pacientes\/\"]}]},{\"@type\":\"ImageObject\",\"inLanguage\":\"es\",\"@id\":\"https:\/\/riberasalud.com\/rsc\/2023\/04\/25\/la-feria-de-abril-llega-al-hospital-universitario-de-torrejon-con-actividades-para-amenizar-la-estancia-de-los-pacientes\/#primaryimage\",\"url\":\"https:\/\/riberasalud.com\/rsc\/wp-content\/uploads\/2023\/04\/HUT_MARINA-Y-MANUEL-2.jpg\",\"contentUrl\":\"https:\/\/riberasalud.com\/rsc\/wp-content\/uploads\/2023\/04\/HUT_MARINA-Y-MANUEL-2.jpg\",\"width\":800,\"height\":533,\"caption\":\"sevillanas\"},{\"@type\":\"BreadcrumbList\",\"@id\":\"https:\/\/riberasalud.com\/rsc\/2023\/04\/25\/la-feria-de-abril-llega-al-hospital-universitario-de-torrejon-con-actividades-para-amenizar-la-estancia-de-los-pacientes\/#breadcrumb\",\"itemListElement\":[{\"@type\":\"ListItem\",\"position\":1,\"name\":\"Portada\",\"item\":\"https:\/\/riberasalud.com\/rsc\/\"},{\"@type\":\"ListItem\",\"position\":2,\"name\":\"La Feria de Abril llega al Hospital Universitario de Torrej\u00f3n con actividades para amenizar la estancia de los pacientes\"}]},{\"@type\":\"WebSite\",\"@id\":\"https:\/\/riberasalud.com\/rsc\/#website\",\"url\":\"https:\/\/riberasalud.com\/rsc\/\",\"name\":\"RSC Grupo sanitario Ribera\",\"description\":\"\",\"publisher\":{\"@id\":\"https:\/\/riberasalud.com\/rsc\/#organization\"},\"potentialAction\":[{\"@type\":\"SearchAction\",\"target\":{\"@type\":\"EntryPoint\",\"urlTemplate\":\"https:\/\/riberasalud.com\/rsc\/?s={search_term_string}\"},\"query-input\":{\"@type\":\"PropertyValueSpecification\",\"valueRequired\":true,\"valueName\":\"search_term_string\"}}],\"inLanguage\":\"es\"},{\"@type\":\"Organization\",\"@id\":\"https:\/\/riberasalud.com\/rsc\/#organization\",\"name\":\"RSC Grupo sanitario Ribera\",\"url\":\"https:\/\/riberasalud.com\/rsc\/\",\"logo\":{\"@type\":\"ImageObject\",\"inLanguage\":\"es\",\"@id\":\"https:\/\/riberasalud.com\/rsc\/#\/schema\/logo\/image\/\",\"url\":\"https:\/\/riberasalud.com\/rsc\/wp-content\/uploads\/2021\/05\/cropped-Logotipo-Red.png\",\"contentUrl\":\"https:\/\/riberasalud.com\/rsc\/wp-content\/uploads\/2021\/05\/cropped-Logotipo-Red.png\",\"width\":500,\"height\":198,\"caption\":\"RSC Grupo sanitario Ribera\"},\"image\":{\"@id\":\"https:\/\/riberasalud.com\/rsc\/#\/schema\/logo\/image\/\"}},{\"@type\":\"Person\",\"@id\":\"https:\/\/riberasalud.com\/rsc\/#\/schema\/person\/11c4e77d56d084661ced188afcae969f\",\"name\":\"Mar Sanchez\",\"image\":{\"@type\":\"ImageObject\",\"inLanguage\":\"es\",\"@id\":\"https:\/\/riberasalud.com\/rsc\/#\/schema\/person\/image\/\",\"url\":\"https:\/\/secure.gravatar.com\/avatar\/5fc005413aafe0a1f7d81747fac73740246ee36e4fad7f56eb325711b6c9f209?s=96&d=mm&r=g\",\"contentUrl\":\"https:\/\/secure.gravatar.com\/avatar\/5fc005413aafe0a1f7d81747fac73740246ee36e4fad7f56eb325711b6c9f209?s=96&d=mm&r=g\",\"caption\":\"Mar Sanchez\"},\"url\":\"https:\/\/riberasalud.com\/rsc\/author\/msotoriberasalud-es\/\"}]}<\/script>\n<!-- \/ Yoast SEO plugin. -->","yoast_head_json":{"title":"La Feria de Abril llega al Hospital Universitario de Torrej\u00f3n con actividades para amenizar la estancia de los pacientes - RSC Grupo sanitario Ribera","description":"El centro ha organizado actuaciones para amenizar la estancia de pacientes en los servicios de Di\u00e1lisis, Hospital de D\u00eda y Rehabilitaci\u00f3n","robots":{"index":"index","follow":"follow","max-snippet":"max-snippet:-1","max-image-preview":"max-image-preview:large","max-video-preview":"max-video-preview:-1"},"canonical":"https:\/\/riberasalud.com\/rsc\/2023\/04\/25\/la-feria-de-abril-llega-al-hospital-universitario-de-torrejon-con-actividades-para-amenizar-la-estancia-de-los-pacientes\/","og_locale":"es_ES","og_type":"article","og_title":"La Feria de Abril llega al Hospital Universitario de Torrej\u00f3n con actividades para amenizar la estancia de los pacientes - RSC Grupo sanitario Ribera","og_description":"El centro ha organizado actuaciones para amenizar la estancia de pacientes en los servicios de Di\u00e1lisis, Hospital de D\u00eda y Rehabilitaci\u00f3n","og_url":"https:\/\/riberasalud.com\/rsc\/2023\/04\/25\/la-feria-de-abril-llega-al-hospital-universitario-de-torrejon-con-actividades-para-amenizar-la-estancia-de-los-pacientes\/","og_site_name":"RSC Grupo sanitario Ribera","article_published_time":"2023-04-25T15:34:56+00:00","article_modified_time":"2023-04-25T15:35:07+00:00","og_image":[{"width":800,"height":533,"url":"https:\/\/riberasalud.com\/rsc\/wp-content\/uploads\/2023\/04\/HUT_MARINA-Y-MANUEL-2.jpg","type":"image\/jpeg"}],"author":"Mar Sanchez","twitter_card":"summary_large_image","twitter_misc":{"Escrito por":"Mar Sanchez","Tiempo de lectura":"2 minutos"},"schema":{"@context":"https:\/\/schema.org","@graph":[{"@type":"Article","@id":"https:\/\/riberasalud.com\/rsc\/2023\/04\/25\/la-feria-de-abril-llega-al-hospital-universitario-de-torrejon-con-actividades-para-amenizar-la-estancia-de-los-pacientes\/#article","isPartOf":{"@id":"https:\/\/riberasalud.com\/rsc\/2023\/04\/25\/la-feria-de-abril-llega-al-hospital-universitario-de-torrejon-con-actividades-para-amenizar-la-estancia-de-los-pacientes\/"},"author":{"name":"Mar Sanchez","@id":"https:\/\/riberasalud.com\/rsc\/#\/schema\/person\/11c4e77d56d084661ced188afcae969f"},"headline":"La Feria de Abril llega al Hospital Universitario de Torrej\u00f3n con actividades para amenizar la estancia de los pacientes","datePublished":"2023-04-25T15:34:56+00:00","dateModified":"2023-04-25T15:35:07+00:00","mainEntityOfPage":{"@id":"https:\/\/riberasalud.com\/rsc\/2023\/04\/25\/la-feria-de-abril-llega-al-hospital-universitario-de-torrejon-con-actividades-para-amenizar-la-estancia-de-los-pacientes\/"},"wordCount":394,"commentCount":0,"publisher":{"@id":"https:\/\/riberasalud.com\/rsc\/#organization"},"image":{"@id":"https:\/\/riberasalud.com\/rsc\/2023\/04\/25\/la-feria-de-abril-llega-al-hospital-universitario-de-torrejon-con-actividades-para-amenizar-la-estancia-de-los-pacientes\/#primaryimage"},"thumbnailUrl":"https:\/\/riberasalud.com\/rsc\/wp-content\/uploads\/2023\/04\/HUT_MARINA-Y-MANUEL-2.jpg","keywords":["estancia","feria de abril","sevillanas"],"articleSection":["Humanizaci\u00f3n"],"inLanguage":"es","potentialAction":[{"@type":"CommentAction","name":"Comment","target":["https:\/\/riberasalud.com\/rsc\/2023\/04\/25\/la-feria-de-abril-llega-al-hospital-universitario-de-torrejon-con-actividades-para-amenizar-la-estancia-de-los-pacientes\/#respond"]}]},{"@type":"WebPage","@id":"https:\/\/riberasalud.com\/rsc\/2023\/04\/25\/la-feria-de-abril-llega-al-hospital-universitario-de-torrejon-con-actividades-para-amenizar-la-estancia-de-los-pacientes\/","url":"https:\/\/riberasalud.com\/rsc\/2023\/04\/25\/la-feria-de-abril-llega-al-hospital-universitario-de-torrejon-con-actividades-para-amenizar-la-estancia-de-los-pacientes\/","name":"La Feria de Abril llega al Hospital Universitario de Torrej\u00f3n con actividades para amenizar la estancia de los pacientes - RSC Grupo sanitario Ribera","isPartOf":{"@id":"https:\/\/riberasalud.com\/rsc\/#website"},"primaryImageOfPage":{"@id":"https:\/\/riberasalud.com\/rsc\/2023\/04\/25\/la-feria-de-abril-llega-al-hospital-universitario-de-torrejon-con-actividades-para-amenizar-la-estancia-de-los-pacientes\/#primaryimage"},"image":{"@id":"https:\/\/riberasalud.com\/rsc\/2023\/04\/25\/la-feria-de-abril-llega-al-hospital-universitario-de-torrejon-con-actividades-para-amenizar-la-estancia-de-los-pacientes\/#primaryimage"},"thumbnailUrl":"https:\/\/riberasalud.com\/rsc\/wp-content\/uploads\/2023\/04\/HUT_MARINA-Y-MANUEL-2.jpg","datePublished":"2023-04-25T15:34:56+00:00","dateModified":"2023-04-25T15:35:07+00:00","description":"El centro ha organizado actuaciones para amenizar la estancia de pacientes en los servicios de Di\u00e1lisis, Hospital de D\u00eda y Rehabilitaci\u00f3n","breadcrumb":{"@id":"https:\/\/riberasalud.com\/rsc\/2023\/04\/25\/la-feria-de-abril-llega-al-hospital-universitario-de-torrejon-con-actividades-para-amenizar-la-estancia-de-los-pacientes\/#breadcrumb"},"inLanguage":"es","potentialAction":[{"@type":"ReadAction","target":["https:\/\/riberasalud.com\/rsc\/2023\/04\/25\/la-feria-de-abril-llega-al-hospital-universitario-de-torrejon-con-actividades-para-amenizar-la-estancia-de-los-pacientes\/"]}]},{"@type":"ImageObject","inLanguage":"es","@id":"https:\/\/riberasalud.com\/rsc\/2023\/04\/25\/la-feria-de-abril-llega-al-hospital-universitario-de-torrejon-con-actividades-para-amenizar-la-estancia-de-los-pacientes\/#primaryimage","url":"https:\/\/riberasalud.com\/rsc\/wp-content\/uploads\/2023\/04\/HUT_MARINA-Y-MANUEL-2.jpg","contentUrl":"https:\/\/riberasalud.com\/rsc\/wp-content\/uploads\/2023\/04\/HUT_MARINA-Y-MANUEL-2.jpg","width":800,"height":533,"caption":"sevillanas"},{"@type":"BreadcrumbList","@id":"https:\/\/riberasalud.com\/rsc\/2023\/04\/25\/la-feria-de-abril-llega-al-hospital-universitario-de-torrejon-con-actividades-para-amenizar-la-estancia-de-los-pacientes\/#breadcrumb","itemListElement":[{"@type":"ListItem","position":1,"name":"Portada","item":"https:\/\/riberasalud.com\/rsc\/"},{"@type":"ListItem","position":2,"name":"La Feria de Abril llega al Hospital Universitario de Torrej\u00f3n con actividades para amenizar la estancia de los pacientes"}]},{"@type":"WebSite","@id":"https:\/\/riberasalud.com\/rsc\/#website","url":"https:\/\/riberasalud.com\/rsc\/","name":"RSC Grupo sanitario Ribera","description":"","publisher":{"@id":"https:\/\/riberasalud.com\/rsc\/#organization"},"potentialAction":[{"@type":"SearchAction","target":{"@type":"EntryPoint","urlTemplate":"https:\/\/riberasalud.com\/rsc\/?s={search_term_string}"},"query-input":{"@type":"PropertyValueSpecification","valueRequired":true,"valueName":"search_term_string"}}],"inLanguage":"es"},{"@type":"Organization","@id":"https:\/\/riberasalud.com\/rsc\/#organization","name":"RSC Grupo sanitario Ribera","url":"https:\/\/riberasalud.com\/rsc\/","logo":{"@type":"ImageObject","inLanguage":"es","@id":"https:\/\/riberasalud.com\/rsc\/#\/schema\/logo\/image\/","url":"https:\/\/riberasalud.com\/rsc\/wp-content\/uploads\/2021\/05\/cropped-Logotipo-Red.png","contentUrl":"https:\/\/riberasalud.com\/rsc\/wp-content\/uploads\/2021\/05\/cropped-Logotipo-Red.png","width":500,"height":198,"caption":"RSC Grupo sanitario Ribera"},"image":{"@id":"https:\/\/riberasalud.com\/rsc\/#\/schema\/logo\/image\/"}},{"@type":"Person","@id":"https:\/\/riberasalud.com\/rsc\/#\/schema\/person\/11c4e77d56d084661ced188afcae969f","name":"Mar Sanchez","image":{"@type":"ImageObject","inLanguage":"es","@id":"https:\/\/riberasalud.com\/rsc\/#\/schema\/person\/image\/","url":"https:\/\/secure.gravatar.com\/avatar\/5fc005413aafe0a1f7d81747fac73740246ee36e4fad7f56eb325711b6c9f209?s=96&d=mm&r=g","contentUrl":"https:\/\/secure.gravatar.com\/avatar\/5fc005413aafe0a1f7d81747fac73740246ee36e4fad7f56eb325711b6c9f209?s=96&d=mm&r=g","caption":"Mar Sanchez"},"url":"https:\/\/riberasalud.com\/rsc\/author\/msotoriberasalud-es\/"}]}},"author_meta":{"display_name":"Mar Sanchez","author_link":"https:\/\/riberasalud.com\/rsc\/author\/msotoriberasalud-es\/"},"featured_img":"https:\/\/riberasalud.com\/rsc\/wp-content\/uploads\/2023\/04\/HUT_MARINA-Y-MANUEL-2-300x200.jpg","pbg_featured_image_src":{"full":["https:\/\/riberasalud.com\/rsc\/wp-content\/uploads\/2023\/04\/HUT_MARINA-Y-MANUEL-2.jpg",800,533,false],"thumbnail":["https:\/\/riberasalud.com\/rsc\/wp-content\/uploads\/2023\/04\/HUT_MARINA-Y-MANUEL-2-150x150.jpg",150,150,true],"medium":["https:\/\/riberasalud.com\/rsc\/wp-content\/uploads\/2023\/04\/HUT_MARINA-Y-MANUEL-2-300x200.jpg",300,200,true],"medium_large":["https:\/\/riberasalud.com\/rsc\/wp-content\/uploads\/2023\/04\/HUT_MARINA-Y-MANUEL-2-768x512.jpg",768,512,true],"large":["https:\/\/riberasalud.com\/rsc\/wp-content\/uploads\/2023\/04\/HUT_MARINA-Y-MANUEL-2.jpg",800,533,false],"xl":["https:\/\/riberasalud.com\/rsc\/wp-content\/uploads\/2023\/04\/HUT_MARINA-Y-MANUEL-2.jpg",800,533,false],"xxl":["https:\/\/riberasalud.com\/rsc\/wp-content\/uploads\/2023\/04\/HUT_MARINA-Y-MANUEL-2.jpg",800,533,false],"xxxl":["https:\/\/riberasalud.com\/rsc\/wp-content\/uploads\/2023\/04\/HUT_MARINA-Y-MANUEL-2.jpg",800,533,false],"xxxxl":["https:\/\/riberasalud.com\/rsc\/wp-content\/uploads\/2023\/04\/HUT_MARINA-Y-MANUEL-2.jpg",800,533,false],"xxxxxl":["https:\/\/riberasalud.com\/rsc\/wp-content\/uploads\/2023\/04\/HUT_MARINA-Y-MANUEL-2.jpg",800,533,false],"1536x1536":["https:\/\/riberasalud.com\/rsc\/wp-content\/uploads\/2023\/04\/HUT_MARINA-Y-MANUEL-2.jpg",800,533,false],"2048x2048":["https:\/\/riberasalud.com\/rsc\/wp-content\/uploads\/2023\/04\/HUT_MARINA-Y-MANUEL-2.jpg",800,533,false]},"pbg_author_info":{"display_name":"Mar Sanchez","author_link":"https:\/\/riberasalud.com\/rsc\/author\/msotoriberasalud-es\/","author_img":"<img alt='Mar Sanchez' src='https:\/\/secure.gravatar.com\/avatar\/5fc005413aafe0a1f7d81747fac73740246ee36e4fad7f56eb325711b6c9f209?s=128&#038;d=mm&#038;r=g' srcset='https:\/\/secure.gravatar.com\/avatar\/5fc005413aafe0a1f7d81747fac73740246ee36e4fad7f56eb325711b6c9f209?s=256&#038;d=mm&#038;r=g 2x' class='avatar avatar-128 photo' height='128' width='128' loading='lazy' decoding='async'\/>"},"pbg_comment_info":" No Comments","pbg_excerpt":"El centro ha organizado diferentes actuaciones para amenizar la estancia y tratamientos de sus pacientes en los servicios de Di\u00e1lisis, Hospital de D\u00eda y Rehabilitaci\u00f3n Marina Bravo y Jes\u00fas Jim\u00e9nez, bailarines del Ballet Nacional de Espa\u00f1a, han inaugurado esta iniciativa bailando sevillanas para m\u00e1s de 40 pacientes El Hospital Universitario de Torrej\u00f3n celebra esta semana&hellip;","uagb_featured_image_src":{"full":["https:\/\/riberasalud.com\/rsc\/wp-content\/uploads\/2023\/04\/HUT_MARINA-Y-MANUEL-2.jpg",800,533,false],"thumbnail":["https:\/\/riberasalud.com\/rsc\/wp-content\/uploads\/2023\/04\/HUT_MARINA-Y-MANUEL-2-150x150.jpg",150,150,true],"medium":["https:\/\/riberasalud.com\/rsc\/wp-content\/uploads\/2023\/04\/HUT_MARINA-Y-MANUEL-2-300x200.jpg",300,200,true],"medium_large":["https:\/\/riberasalud.com\/rsc\/wp-content\/uploads\/2023\/04\/HUT_MARINA-Y-MANUEL-2-768x512.jpg",768,512,true],"large":["https:\/\/riberasalud.com\/rsc\/wp-content\/uploads\/2023\/04\/HUT_MARINA-Y-MANUEL-2.jpg",800,533,false],"xl":["https:\/\/riberasalud.com\/rsc\/wp-content\/uploads\/2023\/04\/HUT_MARINA-Y-MANUEL-2.jpg",800,533,false],"xxl":["https:\/\/riberasalud.com\/rsc\/wp-content\/uploads\/2023\/04\/HUT_MARINA-Y-MANUEL-2.jpg",800,533,false],"xxxl":["https:\/\/riberasalud.com\/rsc\/wp-content\/uploads\/2023\/04\/HUT_MARINA-Y-MANUEL-2.jpg",800,533,false],"xxxxl":["https:\/\/riberasalud.com\/rsc\/wp-content\/uploads\/2023\/04\/HUT_MARINA-Y-MANUEL-2.jpg",800,533,false],"xxxxxl":["https:\/\/riberasalud.com\/rsc\/wp-content\/uploads\/2023\/04\/HUT_MARINA-Y-MANUEL-2.jpg",800,533,false],"1536x1536":["https:\/\/riberasalud.com\/rsc\/wp-content\/uploads\/2023\/04\/HUT_MARINA-Y-MANUEL-2.jpg",800,533,false],"2048x2048":["https:\/\/riberasalud.com\/rsc\/wp-content\/uploads\/2023\/04\/HUT_MARINA-Y-MANUEL-2.jpg",800,533,false]},"uagb_author_info":{"display_name":"Mar Sanchez","author_link":"https:\/\/riberasalud.com\/rsc\/author\/msotoriberasalud-es\/"},"uagb_comment_info":0,"uagb_excerpt":"El centro ha organizado diferentes actuaciones para amenizar la estancia y tratamientos de sus pacientes en los servicios de Di\u00e1lisis, Hospital de D\u00eda y Rehabilitaci\u00f3n Marina Bravo y Jes\u00fas Jim\u00e9nez, bailarines del Ballet Nacional de Espa\u00f1a, han inaugurado esta iniciativa bailando sevillanas para m\u00e1s de 40 pacientes El Hospital Universitario de Torrej\u00f3n celebra esta semana&hellip;","coauthors":[],"tax_additional":{"categories":{"linked":["<a href=\"https:\/\/riberasalud.com\/rsc\/category\/humanizacion\/\" class=\"advgb-post-tax-term\">Humanizaci\u00f3n<\/a>"],"unlinked":["<span class=\"advgb-post-tax-term\">Humanizaci\u00f3n<\/span>"]},"tags":{"linked":["<a href=\"https:\/\/riberasalud.com\/rsc\/category\/humanizacion\/\" class=\"advgb-post-tax-term\">estancia<\/a>","<a href=\"https:\/\/riberasalud.com\/rsc\/category\/humanizacion\/\" class=\"advgb-post-tax-term\">feria de abril<\/a>","<a href=\"https:\/\/riberasalud.com\/rsc\/category\/humanizacion\/\" class=\"advgb-post-tax-term\">sevillanas<\/a>"],"unlinked":["<span class=\"advgb-post-tax-term\">estancia<\/span>","<span class=\"advgb-post-tax-term\">feria de abril<\/span>","<span class=\"advgb-post-tax-term\">sevillanas<\/span>"]}},"comment_count":"0","relative_dates":{"created":"Publicado 3 a\u00f1os hace","modified":"Actualizado 3 a\u00f1os hace"},"absolute_dates":{"created":"Publicado el 25 de abril de 2023","modified":"Actualizado el 25 de abril de 2023"},"absolute_dates_time":{"created":"Publicado el 25 de abril de 2023 15:34","modified":"Actualizado el 25 de abril de 2023 15:35"},"featured_img_caption":"","series_order":"","_links":{"self":[{"href":"https:\/\/riberasalud.com\/rsc\/wp-json\/wp\/v2\/posts\/1639","targetHints":{"allow":["GET"]}}],"collection":[{"href":"https:\/\/riberasalud.com\/rsc\/wp-json\/wp\/v2\/posts"}],"about":[{"href":"https:\/\/riberasalud.com\/rsc\/wp-json\/wp\/v2\/types\/post"}],"author":[{"embeddable":true,"href":"https:\/\/riberasalud.com\/rsc\/wp-json\/wp\/v2\/users\/2"}],"replies":[{"embeddable":true,"href":"https:\/\/riberasalud.com\/rsc\/wp-json\/wp\/v2\/comments?post=1639"}],"version-history":[{"count":1,"href":"https:\/\/riberasalud.com\/rsc\/wp-json\/wp\/v2\/posts\/1639\/revisions"}],"predecessor-version":[{"id":1642,"href":"https:\/\/riberasalud.com\/rsc\/wp-json\/wp\/v2\/posts\/1639\/revisions\/1642"}],"wp:featuredmedia":[{"embeddable":true,"href":"https:\/\/riberasalud.com\/rsc\/wp-json\/wp\/v2\/media\/1641"}],"wp:attachment":[{"href":"https:\/\/riberasalud.com\/rsc\/wp-json\/wp\/v2\/media?parent=1639"}],"wp:term":[{"taxonomy":"category","embeddable":true,"href":"https:\/\/riberasalud.com\/rsc\/wp-json\/wp\/v2\/categories?post=1639"},{"taxonomy":"post_tag","embeddable":true,"href":"https:\/\/riberasalud.com\/rsc\/wp-json\/wp\/v2\/tags?post=1639"}],"curies":[{"name":"wp","href":"https:\/\/api.w.org\/{rel}","templated":true}]}}