{"id":1629,"date":"2023-04-18T11:47:10","date_gmt":"2023-04-18T11:47:10","guid":{"rendered":"https:\/\/riberasalud.com\/rsc\/?p=1629"},"modified":"2023-04-18T11:47:11","modified_gmt":"2023-04-18T11:47:11","slug":"nuevo-baztan-debuta-en-el-camino-de-cervantes-con-una-ruta-dedicada-a-los-cuidados-de-la-columna-vertebral","status":"publish","type":"post","link":"https:\/\/riberasalud.com\/rsc\/2023\/04\/18\/nuevo-baztan-debuta-en-el-camino-de-cervantes-con-una-ruta-dedicada-a-los-cuidados-de-la-columna-vertebral\/","title":{"rendered":"Nuevo Bazt\u00e1n debuta en el Camino de Cervantes con una ruta dedicada a los cuidados de la columna vertebral"},"content":{"rendered":"\n<p>El Camino de Cervantes celebr\u00f3 este domingo la decimosexta ruta de su sexta edici\u00f3n en el municipio de Nuevo Bazt\u00e1n, que se incorpora este a\u00f1o al proyecto con una compleja y bonita ruta. El Camino, enmarcado en Ribera Camina y organizado por el Hospital Universitario de Torrej\u00f3n, recibi\u00f3 este domingo a unas 640 personas que disfrutaron de la caminata con un clima excepcional que facilitaba la actividad de senderismo gracias al sol y a una agradable brisa.<\/p>\n\n\n\n<p>Cerca de las 10:00,&nbsp;<strong>Gema Pacheco, alcaldesa de Nuevo Bazt\u00e1n<\/strong>, le dio la bienvenida a todos los caminantes al municipio para participar en una ruta que dio su pistoletazo de salida en la Puerta de Palacio. All\u00ed arranc\u00f3 un recorrido de unos 7 kil\u00f3metros que concluy\u00f3 en el mismo punto. Una etapa relativamente corta y compleja, pero intensa debido a sus bajadas pedregosas y a una exigente subida el final del trayecto. A su conclusi\u00f3n, el casco hist\u00f3rico del municipio no dej\u00f3 indiferente a nadie y fue alabado por los caminantes.<\/p>\n\n\n\n<p>A las 12:15, el doctor&nbsp;<strong>Jaime Fern\u00e1ndez, especialista del servicio de Traumatolog\u00eda del Hospital Universitario de Torrej\u00f3n,&nbsp;<\/strong>imparti\u00f3 en el Sal\u00f3n la Olma la habitual charla de promoci\u00f3n de la salud para unas 50 personas. El profesional del centro torrejonero form\u00f3 a los caminantes sobre \u2018la vida de la columna\u2019, una charla en la que se abord\u00f3 la importancia de mantener una espalda sana y cuidada, as\u00ed como los factores m\u00e1s determinantes para cuidar la columna vertebral.<\/p>\n\n\n\n<p>La&nbsp;<strong>Dra. Paula Molina, Directora M\u00e9dico del Hospital<\/strong>, tambi\u00e9n acudi\u00f3 a la ruta y agradeci\u00f3 personalmente la asistencia de los caminantes y la colaboraci\u00f3n e implicaci\u00f3n del Ayuntamiento, Protecci\u00f3n Civil ayudando a los participantes y llevando a cabo todas las labores de se\u00f1alizaci\u00f3n, Polic\u00eda Local y Corporaci\u00f3n municipal.<\/p>\n\n\n\n<p>La pr\u00f3xima ruta tendr\u00e1 lugar el 7 de mayo en Pozuelo del Rey.<\/p>\n","protected":false},"excerpt":{"rendered":"<p>El Camino de Cervantes celebr\u00f3 este domingo la decimosexta ruta de su sexta edici\u00f3n en el municipio de Nuevo Bazt\u00e1n, que se incorpora este a\u00f1o al proyecto con una compleja y bonita ruta. El Camino, enmarcado en Ribera Camina y organizado por el Hospital Universitario de Torrej\u00f3n, recibi\u00f3 este domingo a unas 640 personas que &#8230; <a title=\"Nuevo Bazt\u00e1n debuta en el Camino de Cervantes con una ruta dedicada a los cuidados de la columna vertebral\" class=\"read-more\" href=\"https:\/\/riberasalud.com\/rsc\/2023\/04\/18\/nuevo-baztan-debuta-en-el-camino-de-cervantes-con-una-ruta-dedicada-a-los-cuidados-de-la-columna-vertebral\/\" aria-label=\"Leer m\u00e1s sobre Nuevo Bazt\u00e1n debuta en el Camino de Cervantes con una ruta dedicada a los cuidados de la columna vertebral\">Leer m\u00e1s<\/a><\/p>\n","protected":false},"author":2,"featured_media":1630,"comment_status":"open","ping_status":"open","sticky":false,"template":"","format":"standard","meta":{"_editorskit_title_hidden":false,"_editorskit_reading_time":0,"_editorskit_is_block_options_detached":false,"_editorskit_block_options_position":"{}","_coblocks_attr":"","_coblocks_dimensions":"","_coblocks_responsive_height":"","_coblocks_accordion_ie_support":"","_uag_custom_page_level_css":"","advgb_blocks_editor_width":"","advgb_blocks_columns_visual_guide":"","_monsterinsights_skip_tracking":false,"_monsterinsights_sitenote_active":false,"_monsterinsights_sitenote_note":"","_monsterinsights_sitenote_category":0,"footnotes":""},"categories":[203],"tags":[110,41,34,112],"class_list":["post-1629","post","type-post","status-publish","format-standard","has-post-thumbnail","hentry","category-educacion-para-la-salud","tag-camino-de-cervantes","tag-hospital-universitario-de-torrejon","tag-pacientes","tag-ribera-camina"],"featured_image_urls_v2":{"full":["https:\/\/riberasalud.com\/rsc\/wp-content\/uploads\/2023\/04\/HUT_XVI-CAMINO-DE-CERVANTES-II.jpg",800,533,false],"thumbnail":["https:\/\/riberasalud.com\/rsc\/wp-content\/uploads\/2023\/04\/HUT_XVI-CAMINO-DE-CERVANTES-II-150x150.jpg",150,150,true],"medium":["https:\/\/riberasalud.com\/rsc\/wp-content\/uploads\/2023\/04\/HUT_XVI-CAMINO-DE-CERVANTES-II-300x200.jpg",300,200,true],"medium_large":["https:\/\/riberasalud.com\/rsc\/wp-content\/uploads\/2023\/04\/HUT_XVI-CAMINO-DE-CERVANTES-II-768x512.jpg",768,512,true],"large":["https:\/\/riberasalud.com\/rsc\/wp-content\/uploads\/2023\/04\/HUT_XVI-CAMINO-DE-CERVANTES-II.jpg",800,533,false],"xl":["https:\/\/riberasalud.com\/rsc\/wp-content\/uploads\/2023\/04\/HUT_XVI-CAMINO-DE-CERVANTES-II.jpg",800,533,false],"xxl":["https:\/\/riberasalud.com\/rsc\/wp-content\/uploads\/2023\/04\/HUT_XVI-CAMINO-DE-CERVANTES-II.jpg",800,533,false],"xxxl":["https:\/\/riberasalud.com\/rsc\/wp-content\/uploads\/2023\/04\/HUT_XVI-CAMINO-DE-CERVANTES-II.jpg",800,533,false],"xxxxl":["https:\/\/riberasalud.com\/rsc\/wp-content\/uploads\/2023\/04\/HUT_XVI-CAMINO-DE-CERVANTES-II.jpg",800,533,false],"xxxxxl":["https:\/\/riberasalud.com\/rsc\/wp-content\/uploads\/2023\/04\/HUT_XVI-CAMINO-DE-CERVANTES-II.jpg",800,533,false],"1536x1536":["https:\/\/riberasalud.com\/rsc\/wp-content\/uploads\/2023\/04\/HUT_XVI-CAMINO-DE-CERVANTES-II.jpg",800,533,false],"2048x2048":["https:\/\/riberasalud.com\/rsc\/wp-content\/uploads\/2023\/04\/HUT_XVI-CAMINO-DE-CERVANTES-II.jpg",800,533,false]},"post_excerpt_stackable_v2":"<p>El Camino de Cervantes celebr\u00f3 este domingo la decimosexta ruta de su sexta edici\u00f3n en el municipio de Nuevo Bazt\u00e1n, que se incorpora este a\u00f1o al proyecto con una compleja y bonita ruta. El Camino, enmarcado en Ribera Camina y organizado por el Hospital Universitario de Torrej\u00f3n, recibi\u00f3 este domingo a unas 640 personas que disfrutaron de la caminata con un clima excepcional que facilitaba la actividad de senderismo gracias al sol y a una agradable brisa. Cerca de las 10:00,&nbsp;Gema Pacheco, alcaldesa de Nuevo Bazt\u00e1n, le dio la bienvenida a todos los caminantes al municipio para participar en una&hellip;<\/p>\n","category_list_v2":"<a href=\"https:\/\/riberasalud.com\/rsc\/category\/educacion-para-la-salud\/\" rel=\"category tag\">Educaci\u00f3n para la salud<\/a>","author_info_v2":{"name":"Mar Sanchez","url":"https:\/\/riberasalud.com\/rsc\/author\/msotoriberasalud-es\/"},"comments_num_v2":"0 comentarios","yoast_head":"<!-- This site is optimized with the Yoast SEO plugin v26.6 - https:\/\/yoast.com\/wordpress\/plugins\/seo\/ -->\n<title>Nuevo Bazt\u00e1n debuta en el Camino de Cervantes con una ruta dedicada a los cuidados de la columna vertebral - RSC Grupo sanitario Ribera<\/title>\n<meta name=\"description\" content=\"El Camino de Cervantes celebr\u00f3 la decimosexta ruta en Nuevo Bazt\u00e1n, que se incorpora este a\u00f1o al proyecto con una compleja y bonita ruta.\" \/>\n<meta name=\"robots\" content=\"index, follow, max-snippet:-1, max-image-preview:large, max-video-preview:-1\" \/>\n<link rel=\"canonical\" href=\"https:\/\/riberasalud.com\/rsc\/2023\/04\/18\/nuevo-baztan-debuta-en-el-camino-de-cervantes-con-una-ruta-dedicada-a-los-cuidados-de-la-columna-vertebral\/\" \/>\n<meta property=\"og:locale\" content=\"es_ES\" \/>\n<meta property=\"og:type\" content=\"article\" \/>\n<meta property=\"og:title\" content=\"Nuevo Bazt\u00e1n debuta en el Camino de Cervantes con una ruta dedicada a los cuidados de la columna vertebral - RSC Grupo sanitario Ribera\" \/>\n<meta property=\"og:description\" content=\"El Camino de Cervantes celebr\u00f3 la decimosexta ruta en Nuevo Bazt\u00e1n, que se incorpora este a\u00f1o al proyecto con una compleja y bonita ruta.\" \/>\n<meta property=\"og:url\" content=\"https:\/\/riberasalud.com\/rsc\/2023\/04\/18\/nuevo-baztan-debuta-en-el-camino-de-cervantes-con-una-ruta-dedicada-a-los-cuidados-de-la-columna-vertebral\/\" \/>\n<meta property=\"og:site_name\" content=\"RSC Grupo sanitario Ribera\" \/>\n<meta property=\"article:published_time\" content=\"2023-04-18T11:47:10+00:00\" \/>\n<meta property=\"article:modified_time\" content=\"2023-04-18T11:47:11+00:00\" \/>\n<meta property=\"og:image\" content=\"https:\/\/riberasalud.com\/rsc\/wp-content\/uploads\/2023\/04\/HUT_XVI-CAMINO-DE-CERVANTES-II.jpg\" \/>\n\t<meta property=\"og:image:width\" content=\"800\" \/>\n\t<meta property=\"og:image:height\" content=\"533\" \/>\n\t<meta property=\"og:image:type\" content=\"image\/jpeg\" \/>\n<meta name=\"author\" content=\"Mar Sanchez\" \/>\n<meta name=\"twitter:card\" content=\"summary_large_image\" \/>\n<meta name=\"twitter:label1\" content=\"Escrito por\" \/>\n\t<meta name=\"twitter:data1\" content=\"Mar Sanchez\" \/>\n\t<meta name=\"twitter:label2\" content=\"Tiempo de lectura\" \/>\n\t<meta name=\"twitter:data2\" content=\"2 minutos\" \/>\n<script type=\"application\/ld+json\" class=\"yoast-schema-graph\">{\"@context\":\"https:\/\/schema.org\",\"@graph\":[{\"@type\":\"Article\",\"@id\":\"https:\/\/riberasalud.com\/rsc\/2023\/04\/18\/nuevo-baztan-debuta-en-el-camino-de-cervantes-con-una-ruta-dedicada-a-los-cuidados-de-la-columna-vertebral\/#article\",\"isPartOf\":{\"@id\":\"https:\/\/riberasalud.com\/rsc\/2023\/04\/18\/nuevo-baztan-debuta-en-el-camino-de-cervantes-con-una-ruta-dedicada-a-los-cuidados-de-la-columna-vertebral\/\"},\"author\":{\"name\":\"Mar Sanchez\",\"@id\":\"https:\/\/riberasalud.com\/rsc\/#\/schema\/person\/11c4e77d56d084661ced188afcae969f\"},\"headline\":\"Nuevo Bazt\u00e1n debuta en el Camino de Cervantes con una ruta dedicada a los cuidados de la columna vertebral\",\"datePublished\":\"2023-04-18T11:47:10+00:00\",\"dateModified\":\"2023-04-18T11:47:11+00:00\",\"mainEntityOfPage\":{\"@id\":\"https:\/\/riberasalud.com\/rsc\/2023\/04\/18\/nuevo-baztan-debuta-en-el-camino-de-cervantes-con-una-ruta-dedicada-a-los-cuidados-de-la-columna-vertebral\/\"},\"wordCount\":348,\"commentCount\":0,\"publisher\":{\"@id\":\"https:\/\/riberasalud.com\/rsc\/#organization\"},\"image\":{\"@id\":\"https:\/\/riberasalud.com\/rsc\/2023\/04\/18\/nuevo-baztan-debuta-en-el-camino-de-cervantes-con-una-ruta-dedicada-a-los-cuidados-de-la-columna-vertebral\/#primaryimage\"},\"thumbnailUrl\":\"https:\/\/riberasalud.com\/rsc\/wp-content\/uploads\/2023\/04\/HUT_XVI-CAMINO-DE-CERVANTES-II.jpg\",\"keywords\":[\"camino de cervantes\",\"Hospital Universitario de Torrej\u00f3n\",\"pacientes\",\"Ribera camina\"],\"articleSection\":[\"Educaci\u00f3n para la salud\"],\"inLanguage\":\"es\",\"potentialAction\":[{\"@type\":\"CommentAction\",\"name\":\"Comment\",\"target\":[\"https:\/\/riberasalud.com\/rsc\/2023\/04\/18\/nuevo-baztan-debuta-en-el-camino-de-cervantes-con-una-ruta-dedicada-a-los-cuidados-de-la-columna-vertebral\/#respond\"]}]},{\"@type\":\"WebPage\",\"@id\":\"https:\/\/riberasalud.com\/rsc\/2023\/04\/18\/nuevo-baztan-debuta-en-el-camino-de-cervantes-con-una-ruta-dedicada-a-los-cuidados-de-la-columna-vertebral\/\",\"url\":\"https:\/\/riberasalud.com\/rsc\/2023\/04\/18\/nuevo-baztan-debuta-en-el-camino-de-cervantes-con-una-ruta-dedicada-a-los-cuidados-de-la-columna-vertebral\/\",\"name\":\"Nuevo Bazt\u00e1n debuta en el Camino de Cervantes con una ruta dedicada a los cuidados de la columna vertebral - RSC Grupo sanitario Ribera\",\"isPartOf\":{\"@id\":\"https:\/\/riberasalud.com\/rsc\/#website\"},\"primaryImageOfPage\":{\"@id\":\"https:\/\/riberasalud.com\/rsc\/2023\/04\/18\/nuevo-baztan-debuta-en-el-camino-de-cervantes-con-una-ruta-dedicada-a-los-cuidados-de-la-columna-vertebral\/#primaryimage\"},\"image\":{\"@id\":\"https:\/\/riberasalud.com\/rsc\/2023\/04\/18\/nuevo-baztan-debuta-en-el-camino-de-cervantes-con-una-ruta-dedicada-a-los-cuidados-de-la-columna-vertebral\/#primaryimage\"},\"thumbnailUrl\":\"https:\/\/riberasalud.com\/rsc\/wp-content\/uploads\/2023\/04\/HUT_XVI-CAMINO-DE-CERVANTES-II.jpg\",\"datePublished\":\"2023-04-18T11:47:10+00:00\",\"dateModified\":\"2023-04-18T11:47:11+00:00\",\"description\":\"El Camino de Cervantes celebr\u00f3 la decimosexta ruta en Nuevo Bazt\u00e1n, que se incorpora este a\u00f1o al proyecto con una compleja y bonita ruta.\",\"breadcrumb\":{\"@id\":\"https:\/\/riberasalud.com\/rsc\/2023\/04\/18\/nuevo-baztan-debuta-en-el-camino-de-cervantes-con-una-ruta-dedicada-a-los-cuidados-de-la-columna-vertebral\/#breadcrumb\"},\"inLanguage\":\"es\",\"potentialAction\":[{\"@type\":\"ReadAction\",\"target\":[\"https:\/\/riberasalud.com\/rsc\/2023\/04\/18\/nuevo-baztan-debuta-en-el-camino-de-cervantes-con-una-ruta-dedicada-a-los-cuidados-de-la-columna-vertebral\/\"]}]},{\"@type\":\"ImageObject\",\"inLanguage\":\"es\",\"@id\":\"https:\/\/riberasalud.com\/rsc\/2023\/04\/18\/nuevo-baztan-debuta-en-el-camino-de-cervantes-con-una-ruta-dedicada-a-los-cuidados-de-la-columna-vertebral\/#primaryimage\",\"url\":\"https:\/\/riberasalud.com\/rsc\/wp-content\/uploads\/2023\/04\/HUT_XVI-CAMINO-DE-CERVANTES-II.jpg\",\"contentUrl\":\"https:\/\/riberasalud.com\/rsc\/wp-content\/uploads\/2023\/04\/HUT_XVI-CAMINO-DE-CERVANTES-II.jpg\",\"width\":800,\"height\":533,\"caption\":\"camino de cervantes\"},{\"@type\":\"BreadcrumbList\",\"@id\":\"https:\/\/riberasalud.com\/rsc\/2023\/04\/18\/nuevo-baztan-debuta-en-el-camino-de-cervantes-con-una-ruta-dedicada-a-los-cuidados-de-la-columna-vertebral\/#breadcrumb\",\"itemListElement\":[{\"@type\":\"ListItem\",\"position\":1,\"name\":\"Portada\",\"item\":\"https:\/\/riberasalud.com\/rsc\/\"},{\"@type\":\"ListItem\",\"position\":2,\"name\":\"Nuevo Bazt\u00e1n debuta en el Camino de Cervantes con una ruta dedicada a los cuidados de la columna vertebral\"}]},{\"@type\":\"WebSite\",\"@id\":\"https:\/\/riberasalud.com\/rsc\/#website\",\"url\":\"https:\/\/riberasalud.com\/rsc\/\",\"name\":\"RSC Grupo sanitario Ribera\",\"description\":\"\",\"publisher\":{\"@id\":\"https:\/\/riberasalud.com\/rsc\/#organization\"},\"potentialAction\":[{\"@type\":\"SearchAction\",\"target\":{\"@type\":\"EntryPoint\",\"urlTemplate\":\"https:\/\/riberasalud.com\/rsc\/?s={search_term_string}\"},\"query-input\":{\"@type\":\"PropertyValueSpecification\",\"valueRequired\":true,\"valueName\":\"search_term_string\"}}],\"inLanguage\":\"es\"},{\"@type\":\"Organization\",\"@id\":\"https:\/\/riberasalud.com\/rsc\/#organization\",\"name\":\"RSC Grupo sanitario Ribera\",\"url\":\"https:\/\/riberasalud.com\/rsc\/\",\"logo\":{\"@type\":\"ImageObject\",\"inLanguage\":\"es\",\"@id\":\"https:\/\/riberasalud.com\/rsc\/#\/schema\/logo\/image\/\",\"url\":\"https:\/\/riberasalud.com\/rsc\/wp-content\/uploads\/2021\/05\/cropped-Logotipo-Red.png\",\"contentUrl\":\"https:\/\/riberasalud.com\/rsc\/wp-content\/uploads\/2021\/05\/cropped-Logotipo-Red.png\",\"width\":500,\"height\":198,\"caption\":\"RSC Grupo sanitario Ribera\"},\"image\":{\"@id\":\"https:\/\/riberasalud.com\/rsc\/#\/schema\/logo\/image\/\"}},{\"@type\":\"Person\",\"@id\":\"https:\/\/riberasalud.com\/rsc\/#\/schema\/person\/11c4e77d56d084661ced188afcae969f\",\"name\":\"Mar Sanchez\",\"image\":{\"@type\":\"ImageObject\",\"inLanguage\":\"es\",\"@id\":\"https:\/\/riberasalud.com\/rsc\/#\/schema\/person\/image\/\",\"url\":\"https:\/\/secure.gravatar.com\/avatar\/5fc005413aafe0a1f7d81747fac73740246ee36e4fad7f56eb325711b6c9f209?s=96&d=mm&r=g\",\"contentUrl\":\"https:\/\/secure.gravatar.com\/avatar\/5fc005413aafe0a1f7d81747fac73740246ee36e4fad7f56eb325711b6c9f209?s=96&d=mm&r=g\",\"caption\":\"Mar Sanchez\"},\"url\":\"https:\/\/riberasalud.com\/rsc\/author\/msotoriberasalud-es\/\"}]}<\/script>\n<!-- \/ Yoast SEO plugin. -->","yoast_head_json":{"title":"Nuevo Bazt\u00e1n debuta en el Camino de Cervantes con una ruta dedicada a los cuidados de la columna vertebral - RSC Grupo sanitario Ribera","description":"El Camino de Cervantes celebr\u00f3 la decimosexta ruta en Nuevo Bazt\u00e1n, que se incorpora este a\u00f1o al proyecto con una compleja y bonita ruta.","robots":{"index":"index","follow":"follow","max-snippet":"max-snippet:-1","max-image-preview":"max-image-preview:large","max-video-preview":"max-video-preview:-1"},"canonical":"https:\/\/riberasalud.com\/rsc\/2023\/04\/18\/nuevo-baztan-debuta-en-el-camino-de-cervantes-con-una-ruta-dedicada-a-los-cuidados-de-la-columna-vertebral\/","og_locale":"es_ES","og_type":"article","og_title":"Nuevo Bazt\u00e1n debuta en el Camino de Cervantes con una ruta dedicada a los cuidados de la columna vertebral - RSC Grupo sanitario Ribera","og_description":"El Camino de Cervantes celebr\u00f3 la decimosexta ruta en Nuevo Bazt\u00e1n, que se incorpora este a\u00f1o al proyecto con una compleja y bonita ruta.","og_url":"https:\/\/riberasalud.com\/rsc\/2023\/04\/18\/nuevo-baztan-debuta-en-el-camino-de-cervantes-con-una-ruta-dedicada-a-los-cuidados-de-la-columna-vertebral\/","og_site_name":"RSC Grupo sanitario Ribera","article_published_time":"2023-04-18T11:47:10+00:00","article_modified_time":"2023-04-18T11:47:11+00:00","og_image":[{"width":800,"height":533,"url":"https:\/\/riberasalud.com\/rsc\/wp-content\/uploads\/2023\/04\/HUT_XVI-CAMINO-DE-CERVANTES-II.jpg","type":"image\/jpeg"}],"author":"Mar Sanchez","twitter_card":"summary_large_image","twitter_misc":{"Escrito por":"Mar Sanchez","Tiempo de lectura":"2 minutos"},"schema":{"@context":"https:\/\/schema.org","@graph":[{"@type":"Article","@id":"https:\/\/riberasalud.com\/rsc\/2023\/04\/18\/nuevo-baztan-debuta-en-el-camino-de-cervantes-con-una-ruta-dedicada-a-los-cuidados-de-la-columna-vertebral\/#article","isPartOf":{"@id":"https:\/\/riberasalud.com\/rsc\/2023\/04\/18\/nuevo-baztan-debuta-en-el-camino-de-cervantes-con-una-ruta-dedicada-a-los-cuidados-de-la-columna-vertebral\/"},"author":{"name":"Mar Sanchez","@id":"https:\/\/riberasalud.com\/rsc\/#\/schema\/person\/11c4e77d56d084661ced188afcae969f"},"headline":"Nuevo Bazt\u00e1n debuta en el Camino de Cervantes con una ruta dedicada a los cuidados de la columna vertebral","datePublished":"2023-04-18T11:47:10+00:00","dateModified":"2023-04-18T11:47:11+00:00","mainEntityOfPage":{"@id":"https:\/\/riberasalud.com\/rsc\/2023\/04\/18\/nuevo-baztan-debuta-en-el-camino-de-cervantes-con-una-ruta-dedicada-a-los-cuidados-de-la-columna-vertebral\/"},"wordCount":348,"commentCount":0,"publisher":{"@id":"https:\/\/riberasalud.com\/rsc\/#organization"},"image":{"@id":"https:\/\/riberasalud.com\/rsc\/2023\/04\/18\/nuevo-baztan-debuta-en-el-camino-de-cervantes-con-una-ruta-dedicada-a-los-cuidados-de-la-columna-vertebral\/#primaryimage"},"thumbnailUrl":"https:\/\/riberasalud.com\/rsc\/wp-content\/uploads\/2023\/04\/HUT_XVI-CAMINO-DE-CERVANTES-II.jpg","keywords":["camino de cervantes","Hospital Universitario de Torrej\u00f3n","pacientes","Ribera camina"],"articleSection":["Educaci\u00f3n para la salud"],"inLanguage":"es","potentialAction":[{"@type":"CommentAction","name":"Comment","target":["https:\/\/riberasalud.com\/rsc\/2023\/04\/18\/nuevo-baztan-debuta-en-el-camino-de-cervantes-con-una-ruta-dedicada-a-los-cuidados-de-la-columna-vertebral\/#respond"]}]},{"@type":"WebPage","@id":"https:\/\/riberasalud.com\/rsc\/2023\/04\/18\/nuevo-baztan-debuta-en-el-camino-de-cervantes-con-una-ruta-dedicada-a-los-cuidados-de-la-columna-vertebral\/","url":"https:\/\/riberasalud.com\/rsc\/2023\/04\/18\/nuevo-baztan-debuta-en-el-camino-de-cervantes-con-una-ruta-dedicada-a-los-cuidados-de-la-columna-vertebral\/","name":"Nuevo Bazt\u00e1n debuta en el Camino de Cervantes con una ruta dedicada a los cuidados de la columna vertebral - RSC Grupo sanitario Ribera","isPartOf":{"@id":"https:\/\/riberasalud.com\/rsc\/#website"},"primaryImageOfPage":{"@id":"https:\/\/riberasalud.com\/rsc\/2023\/04\/18\/nuevo-baztan-debuta-en-el-camino-de-cervantes-con-una-ruta-dedicada-a-los-cuidados-de-la-columna-vertebral\/#primaryimage"},"image":{"@id":"https:\/\/riberasalud.com\/rsc\/2023\/04\/18\/nuevo-baztan-debuta-en-el-camino-de-cervantes-con-una-ruta-dedicada-a-los-cuidados-de-la-columna-vertebral\/#primaryimage"},"thumbnailUrl":"https:\/\/riberasalud.com\/rsc\/wp-content\/uploads\/2023\/04\/HUT_XVI-CAMINO-DE-CERVANTES-II.jpg","datePublished":"2023-04-18T11:47:10+00:00","dateModified":"2023-04-18T11:47:11+00:00","description":"El Camino de Cervantes celebr\u00f3 la decimosexta ruta en Nuevo Bazt\u00e1n, que se incorpora este a\u00f1o al proyecto con una compleja y bonita ruta.","breadcrumb":{"@id":"https:\/\/riberasalud.com\/rsc\/2023\/04\/18\/nuevo-baztan-debuta-en-el-camino-de-cervantes-con-una-ruta-dedicada-a-los-cuidados-de-la-columna-vertebral\/#breadcrumb"},"inLanguage":"es","potentialAction":[{"@type":"ReadAction","target":["https:\/\/riberasalud.com\/rsc\/2023\/04\/18\/nuevo-baztan-debuta-en-el-camino-de-cervantes-con-una-ruta-dedicada-a-los-cuidados-de-la-columna-vertebral\/"]}]},{"@type":"ImageObject","inLanguage":"es","@id":"https:\/\/riberasalud.com\/rsc\/2023\/04\/18\/nuevo-baztan-debuta-en-el-camino-de-cervantes-con-una-ruta-dedicada-a-los-cuidados-de-la-columna-vertebral\/#primaryimage","url":"https:\/\/riberasalud.com\/rsc\/wp-content\/uploads\/2023\/04\/HUT_XVI-CAMINO-DE-CERVANTES-II.jpg","contentUrl":"https:\/\/riberasalud.com\/rsc\/wp-content\/uploads\/2023\/04\/HUT_XVI-CAMINO-DE-CERVANTES-II.jpg","width":800,"height":533,"caption":"camino de cervantes"},{"@type":"BreadcrumbList","@id":"https:\/\/riberasalud.com\/rsc\/2023\/04\/18\/nuevo-baztan-debuta-en-el-camino-de-cervantes-con-una-ruta-dedicada-a-los-cuidados-de-la-columna-vertebral\/#breadcrumb","itemListElement":[{"@type":"ListItem","position":1,"name":"Portada","item":"https:\/\/riberasalud.com\/rsc\/"},{"@type":"ListItem","position":2,"name":"Nuevo Bazt\u00e1n debuta en el Camino de Cervantes con una ruta dedicada a los cuidados de la columna vertebral"}]},{"@type":"WebSite","@id":"https:\/\/riberasalud.com\/rsc\/#website","url":"https:\/\/riberasalud.com\/rsc\/","name":"RSC Grupo sanitario Ribera","description":"","publisher":{"@id":"https:\/\/riberasalud.com\/rsc\/#organization"},"potentialAction":[{"@type":"SearchAction","target":{"@type":"EntryPoint","urlTemplate":"https:\/\/riberasalud.com\/rsc\/?s={search_term_string}"},"query-input":{"@type":"PropertyValueSpecification","valueRequired":true,"valueName":"search_term_string"}}],"inLanguage":"es"},{"@type":"Organization","@id":"https:\/\/riberasalud.com\/rsc\/#organization","name":"RSC Grupo sanitario Ribera","url":"https:\/\/riberasalud.com\/rsc\/","logo":{"@type":"ImageObject","inLanguage":"es","@id":"https:\/\/riberasalud.com\/rsc\/#\/schema\/logo\/image\/","url":"https:\/\/riberasalud.com\/rsc\/wp-content\/uploads\/2021\/05\/cropped-Logotipo-Red.png","contentUrl":"https:\/\/riberasalud.com\/rsc\/wp-content\/uploads\/2021\/05\/cropped-Logotipo-Red.png","width":500,"height":198,"caption":"RSC Grupo sanitario Ribera"},"image":{"@id":"https:\/\/riberasalud.com\/rsc\/#\/schema\/logo\/image\/"}},{"@type":"Person","@id":"https:\/\/riberasalud.com\/rsc\/#\/schema\/person\/11c4e77d56d084661ced188afcae969f","name":"Mar Sanchez","image":{"@type":"ImageObject","inLanguage":"es","@id":"https:\/\/riberasalud.com\/rsc\/#\/schema\/person\/image\/","url":"https:\/\/secure.gravatar.com\/avatar\/5fc005413aafe0a1f7d81747fac73740246ee36e4fad7f56eb325711b6c9f209?s=96&d=mm&r=g","contentUrl":"https:\/\/secure.gravatar.com\/avatar\/5fc005413aafe0a1f7d81747fac73740246ee36e4fad7f56eb325711b6c9f209?s=96&d=mm&r=g","caption":"Mar Sanchez"},"url":"https:\/\/riberasalud.com\/rsc\/author\/msotoriberasalud-es\/"}]}},"author_meta":{"display_name":"Mar Sanchez","author_link":"https:\/\/riberasalud.com\/rsc\/author\/msotoriberasalud-es\/"},"featured_img":"https:\/\/riberasalud.com\/rsc\/wp-content\/uploads\/2023\/04\/HUT_XVI-CAMINO-DE-CERVANTES-II-300x200.jpg","pbg_featured_image_src":{"full":["https:\/\/riberasalud.com\/rsc\/wp-content\/uploads\/2023\/04\/HUT_XVI-CAMINO-DE-CERVANTES-II.jpg",800,533,false],"thumbnail":["https:\/\/riberasalud.com\/rsc\/wp-content\/uploads\/2023\/04\/HUT_XVI-CAMINO-DE-CERVANTES-II-150x150.jpg",150,150,true],"medium":["https:\/\/riberasalud.com\/rsc\/wp-content\/uploads\/2023\/04\/HUT_XVI-CAMINO-DE-CERVANTES-II-300x200.jpg",300,200,true],"medium_large":["https:\/\/riberasalud.com\/rsc\/wp-content\/uploads\/2023\/04\/HUT_XVI-CAMINO-DE-CERVANTES-II-768x512.jpg",768,512,true],"large":["https:\/\/riberasalud.com\/rsc\/wp-content\/uploads\/2023\/04\/HUT_XVI-CAMINO-DE-CERVANTES-II.jpg",800,533,false],"xl":["https:\/\/riberasalud.com\/rsc\/wp-content\/uploads\/2023\/04\/HUT_XVI-CAMINO-DE-CERVANTES-II.jpg",800,533,false],"xxl":["https:\/\/riberasalud.com\/rsc\/wp-content\/uploads\/2023\/04\/HUT_XVI-CAMINO-DE-CERVANTES-II.jpg",800,533,false],"xxxl":["https:\/\/riberasalud.com\/rsc\/wp-content\/uploads\/2023\/04\/HUT_XVI-CAMINO-DE-CERVANTES-II.jpg",800,533,false],"xxxxl":["https:\/\/riberasalud.com\/rsc\/wp-content\/uploads\/2023\/04\/HUT_XVI-CAMINO-DE-CERVANTES-II.jpg",800,533,false],"xxxxxl":["https:\/\/riberasalud.com\/rsc\/wp-content\/uploads\/2023\/04\/HUT_XVI-CAMINO-DE-CERVANTES-II.jpg",800,533,false],"1536x1536":["https:\/\/riberasalud.com\/rsc\/wp-content\/uploads\/2023\/04\/HUT_XVI-CAMINO-DE-CERVANTES-II.jpg",800,533,false],"2048x2048":["https:\/\/riberasalud.com\/rsc\/wp-content\/uploads\/2023\/04\/HUT_XVI-CAMINO-DE-CERVANTES-II.jpg",800,533,false]},"pbg_author_info":{"display_name":"Mar Sanchez","author_link":"https:\/\/riberasalud.com\/rsc\/author\/msotoriberasalud-es\/","author_img":"<img alt='Mar Sanchez' src='https:\/\/secure.gravatar.com\/avatar\/5fc005413aafe0a1f7d81747fac73740246ee36e4fad7f56eb325711b6c9f209?s=128&#038;d=mm&#038;r=g' srcset='https:\/\/secure.gravatar.com\/avatar\/5fc005413aafe0a1f7d81747fac73740246ee36e4fad7f56eb325711b6c9f209?s=256&#038;d=mm&#038;r=g 2x' class='avatar avatar-128 photo' height='128' width='128' loading='lazy' decoding='async'\/>"},"pbg_comment_info":" No Comments","pbg_excerpt":"El Camino de Cervantes celebr\u00f3 este domingo la decimosexta ruta de su sexta edici\u00f3n en el municipio de Nuevo Bazt\u00e1n, que se incorpora este a\u00f1o al proyecto con una compleja y bonita ruta. El Camino, enmarcado en Ribera Camina y organizado por el Hospital Universitario de Torrej\u00f3n, recibi\u00f3 este domingo a unas 640 personas que&hellip;","uagb_featured_image_src":{"full":["https:\/\/riberasalud.com\/rsc\/wp-content\/uploads\/2023\/04\/HUT_XVI-CAMINO-DE-CERVANTES-II.jpg",800,533,false],"thumbnail":["https:\/\/riberasalud.com\/rsc\/wp-content\/uploads\/2023\/04\/HUT_XVI-CAMINO-DE-CERVANTES-II-150x150.jpg",150,150,true],"medium":["https:\/\/riberasalud.com\/rsc\/wp-content\/uploads\/2023\/04\/HUT_XVI-CAMINO-DE-CERVANTES-II-300x200.jpg",300,200,true],"medium_large":["https:\/\/riberasalud.com\/rsc\/wp-content\/uploads\/2023\/04\/HUT_XVI-CAMINO-DE-CERVANTES-II-768x512.jpg",768,512,true],"large":["https:\/\/riberasalud.com\/rsc\/wp-content\/uploads\/2023\/04\/HUT_XVI-CAMINO-DE-CERVANTES-II.jpg",800,533,false],"xl":["https:\/\/riberasalud.com\/rsc\/wp-content\/uploads\/2023\/04\/HUT_XVI-CAMINO-DE-CERVANTES-II.jpg",800,533,false],"xxl":["https:\/\/riberasalud.com\/rsc\/wp-content\/uploads\/2023\/04\/HUT_XVI-CAMINO-DE-CERVANTES-II.jpg",800,533,false],"xxxl":["https:\/\/riberasalud.com\/rsc\/wp-content\/uploads\/2023\/04\/HUT_XVI-CAMINO-DE-CERVANTES-II.jpg",800,533,false],"xxxxl":["https:\/\/riberasalud.com\/rsc\/wp-content\/uploads\/2023\/04\/HUT_XVI-CAMINO-DE-CERVANTES-II.jpg",800,533,false],"xxxxxl":["https:\/\/riberasalud.com\/rsc\/wp-content\/uploads\/2023\/04\/HUT_XVI-CAMINO-DE-CERVANTES-II.jpg",800,533,false],"1536x1536":["https:\/\/riberasalud.com\/rsc\/wp-content\/uploads\/2023\/04\/HUT_XVI-CAMINO-DE-CERVANTES-II.jpg",800,533,false],"2048x2048":["https:\/\/riberasalud.com\/rsc\/wp-content\/uploads\/2023\/04\/HUT_XVI-CAMINO-DE-CERVANTES-II.jpg",800,533,false]},"uagb_author_info":{"display_name":"Mar Sanchez","author_link":"https:\/\/riberasalud.com\/rsc\/author\/msotoriberasalud-es\/"},"uagb_comment_info":0,"uagb_excerpt":"El Camino de Cervantes celebr\u00f3 este domingo la decimosexta ruta de su sexta edici\u00f3n en el municipio de Nuevo Bazt\u00e1n, que se incorpora este a\u00f1o al proyecto con una compleja y bonita ruta. El Camino, enmarcado en Ribera Camina y organizado por el Hospital Universitario de Torrej\u00f3n, recibi\u00f3 este domingo a unas 640 personas que&hellip;","coauthors":[],"tax_additional":{"categories":{"linked":["<a href=\"https:\/\/riberasalud.com\/rsc\/category\/educacion-para-la-salud\/\" class=\"advgb-post-tax-term\">Educaci\u00f3n para la salud<\/a>"],"unlinked":["<span class=\"advgb-post-tax-term\">Educaci\u00f3n para la salud<\/span>"]},"tags":{"linked":["<a href=\"https:\/\/riberasalud.com\/rsc\/category\/educacion-para-la-salud\/\" class=\"advgb-post-tax-term\">camino de cervantes<\/a>","<a href=\"https:\/\/riberasalud.com\/rsc\/category\/educacion-para-la-salud\/\" class=\"advgb-post-tax-term\">Hospital Universitario de Torrej\u00f3n<\/a>","<a href=\"https:\/\/riberasalud.com\/rsc\/category\/educacion-para-la-salud\/\" class=\"advgb-post-tax-term\">pacientes<\/a>","<a href=\"https:\/\/riberasalud.com\/rsc\/category\/educacion-para-la-salud\/\" class=\"advgb-post-tax-term\">Ribera camina<\/a>"],"unlinked":["<span class=\"advgb-post-tax-term\">camino de cervantes<\/span>","<span class=\"advgb-post-tax-term\">Hospital Universitario de Torrej\u00f3n<\/span>","<span class=\"advgb-post-tax-term\">pacientes<\/span>","<span class=\"advgb-post-tax-term\">Ribera camina<\/span>"]}},"comment_count":"0","relative_dates":{"created":"Publicado 3 a\u00f1os hace","modified":"Actualizado 3 a\u00f1os hace"},"absolute_dates":{"created":"Publicado el 18 de abril de 2023","modified":"Actualizado el 18 de abril de 2023"},"absolute_dates_time":{"created":"Publicado el 18 de abril de 2023 11:47","modified":"Actualizado el 18 de abril de 2023 11:47"},"featured_img_caption":"","series_order":"","_links":{"self":[{"href":"https:\/\/riberasalud.com\/rsc\/wp-json\/wp\/v2\/posts\/1629","targetHints":{"allow":["GET"]}}],"collection":[{"href":"https:\/\/riberasalud.com\/rsc\/wp-json\/wp\/v2\/posts"}],"about":[{"href":"https:\/\/riberasalud.com\/rsc\/wp-json\/wp\/v2\/types\/post"}],"author":[{"embeddable":true,"href":"https:\/\/riberasalud.com\/rsc\/wp-json\/wp\/v2\/users\/2"}],"replies":[{"embeddable":true,"href":"https:\/\/riberasalud.com\/rsc\/wp-json\/wp\/v2\/comments?post=1629"}],"version-history":[{"count":1,"href":"https:\/\/riberasalud.com\/rsc\/wp-json\/wp\/v2\/posts\/1629\/revisions"}],"predecessor-version":[{"id":1631,"href":"https:\/\/riberasalud.com\/rsc\/wp-json\/wp\/v2\/posts\/1629\/revisions\/1631"}],"wp:featuredmedia":[{"embeddable":true,"href":"https:\/\/riberasalud.com\/rsc\/wp-json\/wp\/v2\/media\/1630"}],"wp:attachment":[{"href":"https:\/\/riberasalud.com\/rsc\/wp-json\/wp\/v2\/media?parent=1629"}],"wp:term":[{"taxonomy":"category","embeddable":true,"href":"https:\/\/riberasalud.com\/rsc\/wp-json\/wp\/v2\/categories?post=1629"},{"taxonomy":"post_tag","embeddable":true,"href":"https:\/\/riberasalud.com\/rsc\/wp-json\/wp\/v2\/tags?post=1629"}],"curies":[{"name":"wp","href":"https:\/\/api.w.org\/{rel}","templated":true}]}}