{"id":16195,"date":"2025-12-09T08:50:40","date_gmt":"2025-12-09T08:50:40","guid":{"rendered":"https:\/\/www.riberasalud.com\/ribera-lab\/?p=16195"},"modified":"2025-12-09T08:50:40","modified_gmt":"2025-12-09T08:50:40","slug":"los-facultativos-de-riberalab-han-participado-en-el-xix-congreso-nacional-de-laboratorio-clinico-labclin-2025-2","status":"publish","type":"post","link":"https:\/\/riberasalud.com\/ribera-lab\/los-facultativos-de-riberalab-han-participado-en-el-xix-congreso-nacional-de-laboratorio-clinico-labclin-2025-2\/","title":{"rendered":"Los facultativos de Riberalab han participado en el XIX Congreso Nacional de Laboratorio Cl\u00ednico (Labclin 2025)"},"content":{"rendered":"\n<p>Adem\u00e1s de la presentaci\u00f3n de varios p\u00f3sters, en ese congreso, la directora t\u00e9cnica nacional de Riberalab, Lara Hernando, ha participado junto con la jefa del servicio de nefrolog\u00eda del Hospital Universitario del Vinalop\u00f3, Eva Cotilla, en el foro \u201cEl valor del dato en el laboratorio: innovaci\u00f3n para la identificaci\u00f3n temprana y resultados cl\u00ednicos\u201d. En el foro han participado tres equipos interdisciplinares formados entre cl\u00ednicos y profesionales del laboratorio de los Hospitales del Vinalop\u00f3, Hospital Cl\u00ednico de Valencia y Complejo Asistencial de Burgos, exponiendo sus experiencias centradas en la mejora del tratamiento al paciente. <\/p>\n\n\n\n<p>Lara y Eva presentaron el proyecto de cribado oportunista de enfermedad renal cr\u00f3nica\u00a0 (ERC) del Hospital que se implantar\u00e1 en 2026, basado en una participaci\u00f3n integrada de los equipos de atenci\u00f3n primaria, nefrolog\u00eda y laboratorio para una detecci\u00f3n temprana de la ERC, cuando las intervenciones son m\u00e1s efectivas: personalizando la atenci\u00f3n, basada en algoritmos individualizados de riesgo, ralentizando la progresi\u00f3n de la enfermedad mediante tratamientos oportunos y reduciendo complicaciones, visitas a servicios de urgencias e ingresos evitables.<\/p>\n","protected":false},"excerpt":{"rendered":"<p>Adem\u00e1s de la presentaci\u00f3n de varios p\u00f3sters, en ese congreso, la directora t\u00e9cnica nacional de Riberalab, Lara Hernando, ha participado junto con la jefa del servicio de nefrolog\u00eda del Hospital Universitario del Vinalop\u00f3, Eva Cotilla, en el foro \u201cEl valor del dato en el laboratorio: innovaci\u00f3n para la identificaci\u00f3n temprana y resultados cl\u00ednicos\u201d. En el &#8230; <\/p>\n<p class=\"read-more-container\"><a title=\"Los facultativos de Riberalab han participado en el XIX Congreso Nacional de Laboratorio Cl\u00ednico (Labclin 2025)\" class=\"read-more button\" href=\"https:\/\/riberasalud.com\/ribera-lab\/los-facultativos-de-riberalab-han-participado-en-el-xix-congreso-nacional-de-laboratorio-clinico-labclin-2025-2\/#more-16195\" aria-label=\"Leer m\u00e1s sobre Los facultativos de Riberalab han participado en el XIX Congreso Nacional de Laboratorio Cl\u00ednico (Labclin 2025)\">Leer m\u00e1s<\/a><\/p>\n","protected":false},"author":2,"featured_media":16196,"comment_status":"open","ping_status":"open","sticky":false,"template":"","format":"standard","meta":{"footnotes":""},"categories":[48],"tags":[47,24],"class_list":["post-16195","post","type-post","status-publish","format-standard","has-post-thumbnail","hentry","category-congreso","tag-congreso","tag-laboratorio"],"yoast_head":"<!-- This site is optimized with the Yoast SEO plugin v26.6 - https:\/\/yoast.com\/wordpress\/plugins\/seo\/ -->\n<title>Los facultativos de Riberalab han participado en el XIX Congreso Nacional de Laboratorio Cl\u00ednico (Labclin 2025) - Ribera Lab<\/title>\n<meta name=\"description\" content=\"En el foro han participado tres equipos interdisciplinares formados entre cl\u00ednicos y profesionales del laboratorio de los Hospitales del Vinalop\u00f3, Hospital Cl\u00ednico de Valencia y Complejo Asistencial de Burgos\" \/>\n<meta name=\"robots\" content=\"index, follow, max-snippet:-1, max-image-preview:large, max-video-preview:-1\" \/>\n<link rel=\"canonical\" href=\"https:\/\/riberasalud.com\/ribera-lab\/los-facultativos-de-riberalab-han-participado-en-el-xix-congreso-nacional-de-laboratorio-clinico-labclin-2025-2\/\" \/>\n<meta property=\"og:locale\" content=\"es_ES\" \/>\n<meta property=\"og:type\" content=\"article\" \/>\n<meta property=\"og:title\" content=\"Los facultativos de Riberalab han participado en el XIX Congreso Nacional de Laboratorio Cl\u00ednico (Labclin 2025) - Ribera Lab\" \/>\n<meta property=\"og:description\" content=\"En el foro han participado tres equipos interdisciplinares formados entre cl\u00ednicos y profesionales del laboratorio de los Hospitales del Vinalop\u00f3, Hospital Cl\u00ednico de Valencia y Complejo Asistencial de Burgos\" \/>\n<meta property=\"og:url\" content=\"https:\/\/riberasalud.com\/ribera-lab\/los-facultativos-de-riberalab-han-participado-en-el-xix-congreso-nacional-de-laboratorio-clinico-labclin-2025-2\/\" \/>\n<meta property=\"og:site_name\" content=\"Ribera Lab\" \/>\n<meta property=\"article:published_time\" content=\"2025-12-09T08:50:40+00:00\" \/>\n<meta property=\"og:image\" content=\"https:\/\/riberasalud.com\/ribera-lab\/wp-content\/uploads\/2025\/12\/Foro-Labclin-1.jpg\" \/>\n\t<meta property=\"og:image:width\" content=\"800\" \/>\n\t<meta property=\"og:image:height\" content=\"533\" \/>\n\t<meta property=\"og:image:type\" content=\"image\/jpeg\" \/>\n<meta name=\"author\" content=\"marsanchez\" \/>\n<meta name=\"twitter:card\" content=\"summary_large_image\" \/>\n<meta name=\"twitter:label1\" content=\"Escrito por\" \/>\n\t<meta name=\"twitter:data1\" content=\"marsanchez\" \/>\n\t<meta name=\"twitter:label2\" content=\"Tiempo de lectura\" \/>\n\t<meta name=\"twitter:data2\" content=\"1 minuto\" \/>\n<script type=\"application\/ld+json\" class=\"yoast-schema-graph\">{\"@context\":\"https:\/\/schema.org\",\"@graph\":[{\"@type\":\"Article\",\"@id\":\"https:\/\/riberasalud.com\/ribera-lab\/los-facultativos-de-riberalab-han-participado-en-el-xix-congreso-nacional-de-laboratorio-clinico-labclin-2025-2\/#article\",\"isPartOf\":{\"@id\":\"https:\/\/riberasalud.com\/ribera-lab\/los-facultativos-de-riberalab-han-participado-en-el-xix-congreso-nacional-de-laboratorio-clinico-labclin-2025-2\/\"},\"author\":{\"name\":\"marsanchez\",\"@id\":\"https:\/\/riberasalud.com\/ribera-lab\/#\/schema\/person\/2ec20d8627f802c9402f828b3eb51693\"},\"headline\":\"Los facultativos de Riberalab han participado en el XIX Congreso Nacional de Laboratorio Cl\u00ednico (Labclin 2025)\",\"datePublished\":\"2025-12-09T08:50:40+00:00\",\"mainEntityOfPage\":{\"@id\":\"https:\/\/riberasalud.com\/ribera-lab\/los-facultativos-de-riberalab-han-participado-en-el-xix-congreso-nacional-de-laboratorio-clinico-labclin-2025-2\/\"},\"wordCount\":203,\"commentCount\":0,\"publisher\":{\"@id\":\"https:\/\/riberasalud.com\/ribera-lab\/#organization\"},\"image\":{\"@id\":\"https:\/\/riberasalud.com\/ribera-lab\/los-facultativos-de-riberalab-han-participado-en-el-xix-congreso-nacional-de-laboratorio-clinico-labclin-2025-2\/#primaryimage\"},\"thumbnailUrl\":\"https:\/\/riberasalud.com\/ribera-lab\/wp-content\/uploads\/2025\/12\/Foro-Labclin-1.jpg\",\"keywords\":[\"congreso\",\"laboratorio\"],\"articleSection\":[\"Congreso\"],\"inLanguage\":\"es\",\"potentialAction\":[{\"@type\":\"CommentAction\",\"name\":\"Comment\",\"target\":[\"https:\/\/riberasalud.com\/ribera-lab\/los-facultativos-de-riberalab-han-participado-en-el-xix-congreso-nacional-de-laboratorio-clinico-labclin-2025-2\/#respond\"]}]},{\"@type\":\"WebPage\",\"@id\":\"https:\/\/riberasalud.com\/ribera-lab\/los-facultativos-de-riberalab-han-participado-en-el-xix-congreso-nacional-de-laboratorio-clinico-labclin-2025-2\/\",\"url\":\"https:\/\/riberasalud.com\/ribera-lab\/los-facultativos-de-riberalab-han-participado-en-el-xix-congreso-nacional-de-laboratorio-clinico-labclin-2025-2\/\",\"name\":\"Los facultativos de Riberalab han participado en el XIX Congreso Nacional de Laboratorio Cl\u00ednico (Labclin 2025) - Ribera Lab\",\"isPartOf\":{\"@id\":\"https:\/\/riberasalud.com\/ribera-lab\/#website\"},\"primaryImageOfPage\":{\"@id\":\"https:\/\/riberasalud.com\/ribera-lab\/los-facultativos-de-riberalab-han-participado-en-el-xix-congreso-nacional-de-laboratorio-clinico-labclin-2025-2\/#primaryimage\"},\"image\":{\"@id\":\"https:\/\/riberasalud.com\/ribera-lab\/los-facultativos-de-riberalab-han-participado-en-el-xix-congreso-nacional-de-laboratorio-clinico-labclin-2025-2\/#primaryimage\"},\"thumbnailUrl\":\"https:\/\/riberasalud.com\/ribera-lab\/wp-content\/uploads\/2025\/12\/Foro-Labclin-1.jpg\",\"datePublished\":\"2025-12-09T08:50:40+00:00\",\"description\":\"En el foro han participado tres equipos interdisciplinares formados entre cl\u00ednicos y profesionales del laboratorio de los Hospitales del Vinalop\u00f3, Hospital Cl\u00ednico de Valencia y Complejo Asistencial de Burgos\",\"breadcrumb\":{\"@id\":\"https:\/\/riberasalud.com\/ribera-lab\/los-facultativos-de-riberalab-han-participado-en-el-xix-congreso-nacional-de-laboratorio-clinico-labclin-2025-2\/#breadcrumb\"},\"inLanguage\":\"es\",\"potentialAction\":[{\"@type\":\"ReadAction\",\"target\":[\"https:\/\/riberasalud.com\/ribera-lab\/los-facultativos-de-riberalab-han-participado-en-el-xix-congreso-nacional-de-laboratorio-clinico-labclin-2025-2\/\"]}]},{\"@type\":\"ImageObject\",\"inLanguage\":\"es\",\"@id\":\"https:\/\/riberasalud.com\/ribera-lab\/los-facultativos-de-riberalab-han-participado-en-el-xix-congreso-nacional-de-laboratorio-clinico-labclin-2025-2\/#primaryimage\",\"url\":\"https:\/\/riberasalud.com\/ribera-lab\/wp-content\/uploads\/2025\/12\/Foro-Labclin-1.jpg\",\"contentUrl\":\"https:\/\/riberasalud.com\/ribera-lab\/wp-content\/uploads\/2025\/12\/Foro-Labclin-1.jpg\",\"width\":800,\"height\":533,\"caption\":\"Foro Labclin\"},{\"@type\":\"BreadcrumbList\",\"@id\":\"https:\/\/riberasalud.com\/ribera-lab\/los-facultativos-de-riberalab-han-participado-en-el-xix-congreso-nacional-de-laboratorio-clinico-labclin-2025-2\/#breadcrumb\",\"itemListElement\":[{\"@type\":\"ListItem\",\"position\":1,\"name\":\"Portada\",\"item\":\"https:\/\/riberasalud.com\/ribera-lab\/\"},{\"@type\":\"ListItem\",\"position\":2,\"name\":\"Los facultativos de Riberalab han participado en el XIX Congreso Nacional de Laboratorio Cl\u00ednico (Labclin 2025)\"}]},{\"@type\":\"WebSite\",\"@id\":\"https:\/\/riberasalud.com\/ribera-lab\/#website\",\"url\":\"https:\/\/riberasalud.com\/ribera-lab\/\",\"name\":\"Ribera Lab\",\"description\":\"\",\"publisher\":{\"@id\":\"https:\/\/riberasalud.com\/ribera-lab\/#organization\"},\"potentialAction\":[{\"@type\":\"SearchAction\",\"target\":{\"@type\":\"EntryPoint\",\"urlTemplate\":\"https:\/\/riberasalud.com\/ribera-lab\/?s={search_term_string}\"},\"query-input\":{\"@type\":\"PropertyValueSpecification\",\"valueRequired\":true,\"valueName\":\"search_term_string\"}}],\"inLanguage\":\"es\"},{\"@type\":\"Organization\",\"@id\":\"https:\/\/riberasalud.com\/ribera-lab\/#organization\",\"name\":\"Ribera Lab\",\"url\":\"https:\/\/riberasalud.com\/ribera-lab\/\",\"logo\":{\"@type\":\"ImageObject\",\"inLanguage\":\"es\",\"@id\":\"https:\/\/riberasalud.com\/ribera-lab\/#\/schema\/logo\/image\/\",\"url\":\"https:\/\/riberasalud.com\/ribera-lab\/wp-content\/uploads\/2024\/10\/cropped-cropped-Logo-Red-Lab-1.png\",\"contentUrl\":\"https:\/\/riberasalud.com\/ribera-lab\/wp-content\/uploads\/2024\/10\/cropped-cropped-Logo-Red-Lab-1.png\",\"width\":1611,\"height\":474,\"caption\":\"Ribera Lab\"},\"image\":{\"@id\":\"https:\/\/riberasalud.com\/ribera-lab\/#\/schema\/logo\/image\/\"}},{\"@type\":\"Person\",\"@id\":\"https:\/\/riberasalud.com\/ribera-lab\/#\/schema\/person\/2ec20d8627f802c9402f828b3eb51693\",\"name\":\"marsanchez\",\"image\":{\"@type\":\"ImageObject\",\"inLanguage\":\"es\",\"@id\":\"https:\/\/riberasalud.com\/ribera-lab\/#\/schema\/person\/image\/\",\"url\":\"https:\/\/secure.gravatar.com\/avatar\/0e2ddfa6ca50f038a905865f19439697542e5743a0628f67c9fac9c893b311be?s=96&d=mm&r=g\",\"contentUrl\":\"https:\/\/secure.gravatar.com\/avatar\/0e2ddfa6ca50f038a905865f19439697542e5743a0628f67c9fac9c893b311be?s=96&d=mm&r=g\",\"caption\":\"marsanchez\"},\"url\":\"https:\/\/riberasalud.com\/ribera-lab\/author\/marsanchez\/\"}]}<\/script>\n<!-- \/ Yoast SEO plugin. -->","yoast_head_json":{"title":"Los facultativos de Riberalab han participado en el XIX Congreso Nacional de Laboratorio Cl\u00ednico (Labclin 2025) - Ribera Lab","description":"En el foro han participado tres equipos interdisciplinares formados entre cl\u00ednicos y profesionales del laboratorio de los Hospitales del Vinalop\u00f3, Hospital Cl\u00ednico de Valencia y Complejo Asistencial de Burgos","robots":{"index":"index","follow":"follow","max-snippet":"max-snippet:-1","max-image-preview":"max-image-preview:large","max-video-preview":"max-video-preview:-1"},"canonical":"https:\/\/riberasalud.com\/ribera-lab\/los-facultativos-de-riberalab-han-participado-en-el-xix-congreso-nacional-de-laboratorio-clinico-labclin-2025-2\/","og_locale":"es_ES","og_type":"article","og_title":"Los facultativos de Riberalab han participado en el XIX Congreso Nacional de Laboratorio Cl\u00ednico (Labclin 2025) - Ribera Lab","og_description":"En el foro han participado tres equipos interdisciplinares formados entre cl\u00ednicos y profesionales del laboratorio de los Hospitales del Vinalop\u00f3, Hospital Cl\u00ednico de Valencia y Complejo Asistencial de Burgos","og_url":"https:\/\/riberasalud.com\/ribera-lab\/los-facultativos-de-riberalab-han-participado-en-el-xix-congreso-nacional-de-laboratorio-clinico-labclin-2025-2\/","og_site_name":"Ribera Lab","article_published_time":"2025-12-09T08:50:40+00:00","og_image":[{"width":800,"height":533,"url":"https:\/\/riberasalud.com\/ribera-lab\/wp-content\/uploads\/2025\/12\/Foro-Labclin-1.jpg","type":"image\/jpeg"}],"author":"marsanchez","twitter_card":"summary_large_image","twitter_misc":{"Escrito por":"marsanchez","Tiempo de lectura":"1 minuto"},"schema":{"@context":"https:\/\/schema.org","@graph":[{"@type":"Article","@id":"https:\/\/riberasalud.com\/ribera-lab\/los-facultativos-de-riberalab-han-participado-en-el-xix-congreso-nacional-de-laboratorio-clinico-labclin-2025-2\/#article","isPartOf":{"@id":"https:\/\/riberasalud.com\/ribera-lab\/los-facultativos-de-riberalab-han-participado-en-el-xix-congreso-nacional-de-laboratorio-clinico-labclin-2025-2\/"},"author":{"name":"marsanchez","@id":"https:\/\/riberasalud.com\/ribera-lab\/#\/schema\/person\/2ec20d8627f802c9402f828b3eb51693"},"headline":"Los facultativos de Riberalab han participado en el XIX Congreso Nacional de Laboratorio Cl\u00ednico (Labclin 2025)","datePublished":"2025-12-09T08:50:40+00:00","mainEntityOfPage":{"@id":"https:\/\/riberasalud.com\/ribera-lab\/los-facultativos-de-riberalab-han-participado-en-el-xix-congreso-nacional-de-laboratorio-clinico-labclin-2025-2\/"},"wordCount":203,"commentCount":0,"publisher":{"@id":"https:\/\/riberasalud.com\/ribera-lab\/#organization"},"image":{"@id":"https:\/\/riberasalud.com\/ribera-lab\/los-facultativos-de-riberalab-han-participado-en-el-xix-congreso-nacional-de-laboratorio-clinico-labclin-2025-2\/#primaryimage"},"thumbnailUrl":"https:\/\/riberasalud.com\/ribera-lab\/wp-content\/uploads\/2025\/12\/Foro-Labclin-1.jpg","keywords":["congreso","laboratorio"],"articleSection":["Congreso"],"inLanguage":"es","potentialAction":[{"@type":"CommentAction","name":"Comment","target":["https:\/\/riberasalud.com\/ribera-lab\/los-facultativos-de-riberalab-han-participado-en-el-xix-congreso-nacional-de-laboratorio-clinico-labclin-2025-2\/#respond"]}]},{"@type":"WebPage","@id":"https:\/\/riberasalud.com\/ribera-lab\/los-facultativos-de-riberalab-han-participado-en-el-xix-congreso-nacional-de-laboratorio-clinico-labclin-2025-2\/","url":"https:\/\/riberasalud.com\/ribera-lab\/los-facultativos-de-riberalab-han-participado-en-el-xix-congreso-nacional-de-laboratorio-clinico-labclin-2025-2\/","name":"Los facultativos de Riberalab han participado en el XIX Congreso Nacional de Laboratorio Cl\u00ednico (Labclin 2025) - Ribera Lab","isPartOf":{"@id":"https:\/\/riberasalud.com\/ribera-lab\/#website"},"primaryImageOfPage":{"@id":"https:\/\/riberasalud.com\/ribera-lab\/los-facultativos-de-riberalab-han-participado-en-el-xix-congreso-nacional-de-laboratorio-clinico-labclin-2025-2\/#primaryimage"},"image":{"@id":"https:\/\/riberasalud.com\/ribera-lab\/los-facultativos-de-riberalab-han-participado-en-el-xix-congreso-nacional-de-laboratorio-clinico-labclin-2025-2\/#primaryimage"},"thumbnailUrl":"https:\/\/riberasalud.com\/ribera-lab\/wp-content\/uploads\/2025\/12\/Foro-Labclin-1.jpg","datePublished":"2025-12-09T08:50:40+00:00","description":"En el foro han participado tres equipos interdisciplinares formados entre cl\u00ednicos y profesionales del laboratorio de los Hospitales del Vinalop\u00f3, Hospital Cl\u00ednico de Valencia y Complejo Asistencial de Burgos","breadcrumb":{"@id":"https:\/\/riberasalud.com\/ribera-lab\/los-facultativos-de-riberalab-han-participado-en-el-xix-congreso-nacional-de-laboratorio-clinico-labclin-2025-2\/#breadcrumb"},"inLanguage":"es","potentialAction":[{"@type":"ReadAction","target":["https:\/\/riberasalud.com\/ribera-lab\/los-facultativos-de-riberalab-han-participado-en-el-xix-congreso-nacional-de-laboratorio-clinico-labclin-2025-2\/"]}]},{"@type":"ImageObject","inLanguage":"es","@id":"https:\/\/riberasalud.com\/ribera-lab\/los-facultativos-de-riberalab-han-participado-en-el-xix-congreso-nacional-de-laboratorio-clinico-labclin-2025-2\/#primaryimage","url":"https:\/\/riberasalud.com\/ribera-lab\/wp-content\/uploads\/2025\/12\/Foro-Labclin-1.jpg","contentUrl":"https:\/\/riberasalud.com\/ribera-lab\/wp-content\/uploads\/2025\/12\/Foro-Labclin-1.jpg","width":800,"height":533,"caption":"Foro Labclin"},{"@type":"BreadcrumbList","@id":"https:\/\/riberasalud.com\/ribera-lab\/los-facultativos-de-riberalab-han-participado-en-el-xix-congreso-nacional-de-laboratorio-clinico-labclin-2025-2\/#breadcrumb","itemListElement":[{"@type":"ListItem","position":1,"name":"Portada","item":"https:\/\/riberasalud.com\/ribera-lab\/"},{"@type":"ListItem","position":2,"name":"Los facultativos de Riberalab han participado en el XIX Congreso Nacional de Laboratorio Cl\u00ednico (Labclin 2025)"}]},{"@type":"WebSite","@id":"https:\/\/riberasalud.com\/ribera-lab\/#website","url":"https:\/\/riberasalud.com\/ribera-lab\/","name":"Ribera Lab","description":"","publisher":{"@id":"https:\/\/riberasalud.com\/ribera-lab\/#organization"},"potentialAction":[{"@type":"SearchAction","target":{"@type":"EntryPoint","urlTemplate":"https:\/\/riberasalud.com\/ribera-lab\/?s={search_term_string}"},"query-input":{"@type":"PropertyValueSpecification","valueRequired":true,"valueName":"search_term_string"}}],"inLanguage":"es"},{"@type":"Organization","@id":"https:\/\/riberasalud.com\/ribera-lab\/#organization","name":"Ribera Lab","url":"https:\/\/riberasalud.com\/ribera-lab\/","logo":{"@type":"ImageObject","inLanguage":"es","@id":"https:\/\/riberasalud.com\/ribera-lab\/#\/schema\/logo\/image\/","url":"https:\/\/riberasalud.com\/ribera-lab\/wp-content\/uploads\/2024\/10\/cropped-cropped-Logo-Red-Lab-1.png","contentUrl":"https:\/\/riberasalud.com\/ribera-lab\/wp-content\/uploads\/2024\/10\/cropped-cropped-Logo-Red-Lab-1.png","width":1611,"height":474,"caption":"Ribera Lab"},"image":{"@id":"https:\/\/riberasalud.com\/ribera-lab\/#\/schema\/logo\/image\/"}},{"@type":"Person","@id":"https:\/\/riberasalud.com\/ribera-lab\/#\/schema\/person\/2ec20d8627f802c9402f828b3eb51693","name":"marsanchez","image":{"@type":"ImageObject","inLanguage":"es","@id":"https:\/\/riberasalud.com\/ribera-lab\/#\/schema\/person\/image\/","url":"https:\/\/secure.gravatar.com\/avatar\/0e2ddfa6ca50f038a905865f19439697542e5743a0628f67c9fac9c893b311be?s=96&d=mm&r=g","contentUrl":"https:\/\/secure.gravatar.com\/avatar\/0e2ddfa6ca50f038a905865f19439697542e5743a0628f67c9fac9c893b311be?s=96&d=mm&r=g","caption":"marsanchez"},"url":"https:\/\/riberasalud.com\/ribera-lab\/author\/marsanchez\/"}]}},"_links":{"self":[{"href":"https:\/\/riberasalud.com\/ribera-lab\/wp-json\/wp\/v2\/posts\/16195","targetHints":{"allow":["GET"]}}],"collection":[{"href":"https:\/\/riberasalud.com\/ribera-lab\/wp-json\/wp\/v2\/posts"}],"about":[{"href":"https:\/\/riberasalud.com\/ribera-lab\/wp-json\/wp\/v2\/types\/post"}],"author":[{"embeddable":true,"href":"https:\/\/riberasalud.com\/ribera-lab\/wp-json\/wp\/v2\/users\/2"}],"replies":[{"embeddable":true,"href":"https:\/\/riberasalud.com\/ribera-lab\/wp-json\/wp\/v2\/comments?post=16195"}],"version-history":[{"count":0,"href":"https:\/\/riberasalud.com\/ribera-lab\/wp-json\/wp\/v2\/posts\/16195\/revisions"}],"wp:featuredmedia":[{"embeddable":true,"href":"https:\/\/riberasalud.com\/ribera-lab\/wp-json\/wp\/v2\/media\/16196"}],"wp:attachment":[{"href":"https:\/\/riberasalud.com\/ribera-lab\/wp-json\/wp\/v2\/media?parent=16195"}],"wp:term":[{"taxonomy":"category","embeddable":true,"href":"https:\/\/riberasalud.com\/ribera-lab\/wp-json\/wp\/v2\/categories?post=16195"},{"taxonomy":"post_tag","embeddable":true,"href":"https:\/\/riberasalud.com\/ribera-lab\/wp-json\/wp\/v2\/tags?post=16195"}],"curies":[{"name":"wp","href":"https:\/\/api.w.org\/{rel}","templated":true}]}}