{"id":16186,"date":"2025-10-20T10:04:34","date_gmt":"2025-10-20T10:04:34","guid":{"rendered":"https:\/\/www.riberasalud.com\/ribera-lab\/?p=16186"},"modified":"2025-10-20T10:04:34","modified_gmt":"2025-10-20T10:04:34","slug":"ribera-lab-participa-en-el-29o-congreso-nacional-de-enfermedades-hematologicas-en-avila","status":"publish","type":"post","link":"https:\/\/riberasalud.com\/ribera-lab\/ribera-lab-participa-en-el-29o-congreso-nacional-de-enfermedades-hematologicas-en-avila\/","title":{"rendered":"Ribera Lab participa en el 29\u00ba Congreso Nacional de Enfermedades Hematol\u00f3gicas en \u00c1vila"},"content":{"rendered":"\n<ul class=\"wp-block-list\">\n<li>Mayte Alarc\u00f3n Zahonero, directora de gesti\u00f3n de Ribera Lab, y Raquel D\u00edaz Comino, responsable de Calidad, presentaron la ponencia \u201cExperiencia del paciente hematol\u00f3gico NPS, una herramienta necesaria para la mejora continua\u201d\u00a0\u00a0\u00a0\u00a0\u00a0\u00a0<\/li>\n\n\n\n<li>El objetivo es poner en valor la experiencia del paciente como un pilar esencial para la mejora continua de la calidad asistencial<\/li>\n<\/ul>\n\n\n\n<p><a href=\"https:\/\/riberasalud.com\/ribera-lab\/\">Ribera Lab<\/a>, la divisi\u00f3n de laboratorio del grupo sanitario Ribera, ha participado\u00a0en el 29\u00ba Congreso Nacional de Enfermedades Hematol\u00f3gicas, que se ha celebrado del 16 al 19 de octubre en \u00c1vila y que ha reunido a profesionales de toda Espa\u00f1a para compartir experiencias, avances y buenas pr\u00e1cticas en el \u00e1mbito hematol\u00f3gico.\u00a0<\/p>\n\n\n\n<p>En este encuentro, Mayte Alarc\u00f3n Zahonero, directora de gesti\u00f3n de Ribera Lab, y Raquel D\u00edaz Comino, responsable de Calidad de la divisi\u00f3n de laboratorio del grupo Ribera, presentaron la ponencia \u201cExperiencia del paciente hematol\u00f3gico NPS, una herramienta necesaria para la mejora continua\u201d, en la que se expusieron los resultados obtenidos a trav\u00e9s de las encuestas de satisfacci\u00f3n realizadas, que recogen la valoraci\u00f3n de los pacientes en las salas de extracciones de Ribera Lab. El objetivo es poner en valor la experiencia del paciente como un pilar esencial para la mejora continua de la calidad asistencial.\u00a0<\/p>\n\n\n\n<p>La participaci\u00f3n en este congreso refleja el compromiso de Ribera Lab con la excelencia, la innovaci\u00f3n y la mejora constante, situando la voz del paciente en el centro de la actividad y reforzando el papel activo de los profesionales en foros cient\u00edficos de referencia a nivel nacional.\u00a0<\/p>\n\n\n\n<h2 class=\"wp-block-heading\"><strong>Sobre Ribera Lab<\/strong>\u00a0<\/h2>\n\n\n\n<p>Ribera Lab es la divisi\u00f3n de laboratorio del grupo Ribera. Cuenta con m\u00e1s de 160 profesionales y est\u00e1 integrado en seis de los hospitales del grupo sanitario:\u00a0<a href=\"https:\/\/riberasalud.com\/polusa\/\">Ribera Polusa<\/a>,\u00a0<a href=\"https:\/\/riberasalud.com\/juan-cardona\/\">Ribera Juan Cardona<\/a>,\u00a0<a href=\"https:\/\/riberasalud.com\/hospital-de-molina\/\">Ribera Hospital de Molina<\/a>,\u00a0<a href=\"https:\/\/cmvcaridad.com\/\">Ribera Virgen de la Caridad<\/a>\u00a0y\u00a0hospital de Cascais\u00a0(Portugal) y los hospitales universitarios de\u00a0<a href=\"https:\/\/www.vinaloposalud.com\/\">Vinalop\u00f3<\/a>\u00a0y\u00a0<a href=\"https:\/\/www.hospitaldetorrejon.es\/\">Torrej\u00f3n<\/a>, adem\u00e1s de las respectivas \u00e1reas de salud. En julio de este a\u00f1o integr\u00f3 la gesti\u00f3n del laboratorio, la unidad de Anatom\u00eda Patol\u00f3gica y el servicio de Radiolog\u00eda convencional de la\u00a0Fundaci\u00f3n Hospitalarias Madrid.\u00a0Ribera Lab cuenta con un laboratorio central de referencia, ubicado en Torrellano (Elche), que cubre todas las \u00e1reas cl\u00ednicas y adem\u00e1s, est\u00e1 especializado en citogen\u00e9tica constitucional, prenatal y oncohematol\u00f3gica, y biopatolog\u00eda molecular para enfermedades hereditarias, infecciones y oncohematol\u00f3gicas. Tambi\u00e9n da cobertura a otras cl\u00ednicas y hospitales del grupo, as\u00ed como de centros sanitarios externos.\u00a0<\/p>\n\n\n\n<figure class=\"wp-block-embed is-type-video is-provider-youtube wp-block-embed-youtube wp-embed-aspect-16-9 wp-has-aspect-ratio\"><div class=\"wp-block-embed__wrapper\">\n<iframe loading=\"lazy\" title=\"As\u00ed es Ribera Lab, la divisi\u00f3n de laboratorio del grupo sanitario RIbera\" width=\"1200\" height=\"675\" src=\"https:\/\/www.youtube.com\/embed\/vImx-eJ8OEQ?feature=oembed\" frameborder=\"0\" allow=\"accelerometer; autoplay; clipboard-write; encrypted-media; gyroscope; picture-in-picture; web-share\" referrerpolicy=\"strict-origin-when-cross-origin\" allowfullscreen><\/iframe>\n<\/div><\/figure>\n","protected":false},"excerpt":{"rendered":"<p>Ribera Lab, la divisi\u00f3n de laboratorio del grupo sanitario Ribera, ha participado\u00a0en el 29\u00ba Congreso Nacional de Enfermedades Hematol\u00f3gicas, que se ha celebrado del 16 al 19 de octubre en \u00c1vila y que ha reunido a profesionales de toda Espa\u00f1a para compartir experiencias, avances y buenas pr\u00e1cticas en el \u00e1mbito hematol\u00f3gico.\u00a0 En este encuentro, Mayte &#8230; <\/p>\n<p class=\"read-more-container\"><a title=\"Ribera Lab participa en el 29\u00ba Congreso Nacional de Enfermedades Hematol\u00f3gicas en \u00c1vila\" class=\"read-more button\" href=\"https:\/\/riberasalud.com\/ribera-lab\/ribera-lab-participa-en-el-29o-congreso-nacional-de-enfermedades-hematologicas-en-avila\/#more-16186\" aria-label=\"Leer m\u00e1s sobre Ribera Lab participa en el 29\u00ba Congreso Nacional de Enfermedades Hematol\u00f3gicas en \u00c1vila\">Leer m\u00e1s<\/a><\/p>\n","protected":false},"author":2,"featured_media":16187,"comment_status":"open","ping_status":"open","sticky":false,"template":"","format":"standard","meta":{"footnotes":""},"categories":[48],"tags":[88,89,90],"class_list":["post-16186","post","type-post","status-publish","format-standard","has-post-thumbnail","hentry","category-congreso","tag-congreso-nacional","tag-enfermedades","tag-enfermedades-hematologicas"],"yoast_head":"<!-- This site is optimized with the Yoast SEO plugin v26.6 - https:\/\/yoast.com\/wordpress\/plugins\/seo\/ -->\n<title>Ribera Lab participa en el 29\u00ba Congreso Nacional de Enfermedades Hematol\u00f3gicas en \u00c1vila - Ribera Lab<\/title>\n<meta name=\"description\" content=\"El objetivo es poner en valor la experiencia del paciente como un pilar esencial para la mejora continua de la calidad asistencial\" \/>\n<meta name=\"robots\" content=\"index, follow, max-snippet:-1, max-image-preview:large, max-video-preview:-1\" \/>\n<link rel=\"canonical\" href=\"https:\/\/riberasalud.com\/ribera-lab\/ribera-lab-participa-en-el-29o-congreso-nacional-de-enfermedades-hematologicas-en-avila\/\" \/>\n<meta property=\"og:locale\" content=\"es_ES\" \/>\n<meta property=\"og:type\" content=\"article\" \/>\n<meta property=\"og:title\" content=\"Ribera Lab participa en el 29\u00ba Congreso Nacional de Enfermedades Hematol\u00f3gicas en \u00c1vila - Ribera Lab\" \/>\n<meta property=\"og:description\" content=\"El objetivo es poner en valor la experiencia del paciente como un pilar esencial para la mejora continua de la calidad asistencial\" \/>\n<meta property=\"og:url\" content=\"https:\/\/riberasalud.com\/ribera-lab\/ribera-lab-participa-en-el-29o-congreso-nacional-de-enfermedades-hematologicas-en-avila\/\" \/>\n<meta property=\"og:site_name\" content=\"Ribera Lab\" \/>\n<meta property=\"article:published_time\" content=\"2025-10-20T10:04:34+00:00\" \/>\n<meta property=\"og:image\" content=\"https:\/\/riberasalud.com\/ribera-lab\/wp-content\/uploads\/2025\/10\/251017-Ribera-Lab-congreso-Enfermedades-Hematologicas-Mayte-Alarcon-directora-de-gestion1.jpg\" \/>\n\t<meta property=\"og:image:width\" content=\"800\" \/>\n\t<meta property=\"og:image:height\" content=\"533\" \/>\n\t<meta property=\"og:image:type\" content=\"image\/jpeg\" \/>\n<meta name=\"author\" content=\"marsanchez\" \/>\n<meta name=\"twitter:card\" content=\"summary_large_image\" \/>\n<meta name=\"twitter:label1\" content=\"Escrito por\" \/>\n\t<meta name=\"twitter:data1\" content=\"marsanchez\" \/>\n\t<meta name=\"twitter:label2\" content=\"Tiempo de lectura\" \/>\n\t<meta name=\"twitter:data2\" content=\"2 minutos\" \/>\n<script type=\"application\/ld+json\" class=\"yoast-schema-graph\">{\"@context\":\"https:\/\/schema.org\",\"@graph\":[{\"@type\":\"Article\",\"@id\":\"https:\/\/riberasalud.com\/ribera-lab\/ribera-lab-participa-en-el-29o-congreso-nacional-de-enfermedades-hematologicas-en-avila\/#article\",\"isPartOf\":{\"@id\":\"https:\/\/riberasalud.com\/ribera-lab\/ribera-lab-participa-en-el-29o-congreso-nacional-de-enfermedades-hematologicas-en-avila\/\"},\"author\":{\"name\":\"marsanchez\",\"@id\":\"https:\/\/riberasalud.com\/ribera-lab\/#\/schema\/person\/2ec20d8627f802c9402f828b3eb51693\"},\"headline\":\"Ribera Lab participa en el 29\u00ba Congreso Nacional de Enfermedades Hematol\u00f3gicas en \u00c1vila\",\"datePublished\":\"2025-10-20T10:04:34+00:00\",\"mainEntityOfPage\":{\"@id\":\"https:\/\/riberasalud.com\/ribera-lab\/ribera-lab-participa-en-el-29o-congreso-nacional-de-enfermedades-hematologicas-en-avila\/\"},\"wordCount\":449,\"commentCount\":0,\"publisher\":{\"@id\":\"https:\/\/riberasalud.com\/ribera-lab\/#organization\"},\"image\":{\"@id\":\"https:\/\/riberasalud.com\/ribera-lab\/ribera-lab-participa-en-el-29o-congreso-nacional-de-enfermedades-hematologicas-en-avila\/#primaryimage\"},\"thumbnailUrl\":\"https:\/\/riberasalud.com\/ribera-lab\/wp-content\/uploads\/2025\/10\/251017-Ribera-Lab-congreso-Enfermedades-Hematologicas-Mayte-Alarcon-directora-de-gestion1.jpg\",\"keywords\":[\"congreso nacional\",\"enfermedades\",\"Enfermedades Hematol\u00f3gicas\"],\"articleSection\":[\"Congreso\"],\"inLanguage\":\"es\",\"potentialAction\":[{\"@type\":\"CommentAction\",\"name\":\"Comment\",\"target\":[\"https:\/\/riberasalud.com\/ribera-lab\/ribera-lab-participa-en-el-29o-congreso-nacional-de-enfermedades-hematologicas-en-avila\/#respond\"]}]},{\"@type\":\"WebPage\",\"@id\":\"https:\/\/riberasalud.com\/ribera-lab\/ribera-lab-participa-en-el-29o-congreso-nacional-de-enfermedades-hematologicas-en-avila\/\",\"url\":\"https:\/\/riberasalud.com\/ribera-lab\/ribera-lab-participa-en-el-29o-congreso-nacional-de-enfermedades-hematologicas-en-avila\/\",\"name\":\"Ribera Lab participa en el 29\u00ba Congreso Nacional de Enfermedades Hematol\u00f3gicas en \u00c1vila - Ribera Lab\",\"isPartOf\":{\"@id\":\"https:\/\/riberasalud.com\/ribera-lab\/#website\"},\"primaryImageOfPage\":{\"@id\":\"https:\/\/riberasalud.com\/ribera-lab\/ribera-lab-participa-en-el-29o-congreso-nacional-de-enfermedades-hematologicas-en-avila\/#primaryimage\"},\"image\":{\"@id\":\"https:\/\/riberasalud.com\/ribera-lab\/ribera-lab-participa-en-el-29o-congreso-nacional-de-enfermedades-hematologicas-en-avila\/#primaryimage\"},\"thumbnailUrl\":\"https:\/\/riberasalud.com\/ribera-lab\/wp-content\/uploads\/2025\/10\/251017-Ribera-Lab-congreso-Enfermedades-Hematologicas-Mayte-Alarcon-directora-de-gestion1.jpg\",\"datePublished\":\"2025-10-20T10:04:34+00:00\",\"description\":\"El objetivo es poner en valor la experiencia del paciente como un pilar esencial para la mejora continua de la calidad asistencial\",\"breadcrumb\":{\"@id\":\"https:\/\/riberasalud.com\/ribera-lab\/ribera-lab-participa-en-el-29o-congreso-nacional-de-enfermedades-hematologicas-en-avila\/#breadcrumb\"},\"inLanguage\":\"es\",\"potentialAction\":[{\"@type\":\"ReadAction\",\"target\":[\"https:\/\/riberasalud.com\/ribera-lab\/ribera-lab-participa-en-el-29o-congreso-nacional-de-enfermedades-hematologicas-en-avila\/\"]}]},{\"@type\":\"ImageObject\",\"inLanguage\":\"es\",\"@id\":\"https:\/\/riberasalud.com\/ribera-lab\/ribera-lab-participa-en-el-29o-congreso-nacional-de-enfermedades-hematologicas-en-avila\/#primaryimage\",\"url\":\"https:\/\/riberasalud.com\/ribera-lab\/wp-content\/uploads\/2025\/10\/251017-Ribera-Lab-congreso-Enfermedades-Hematologicas-Mayte-Alarcon-directora-de-gestion1.jpg\",\"contentUrl\":\"https:\/\/riberasalud.com\/ribera-lab\/wp-content\/uploads\/2025\/10\/251017-Ribera-Lab-congreso-Enfermedades-Hematologicas-Mayte-Alarcon-directora-de-gestion1.jpg\",\"width\":800,\"height\":533,\"caption\":\"congreso enfermedades\"},{\"@type\":\"BreadcrumbList\",\"@id\":\"https:\/\/riberasalud.com\/ribera-lab\/ribera-lab-participa-en-el-29o-congreso-nacional-de-enfermedades-hematologicas-en-avila\/#breadcrumb\",\"itemListElement\":[{\"@type\":\"ListItem\",\"position\":1,\"name\":\"Portada\",\"item\":\"https:\/\/riberasalud.com\/ribera-lab\/\"},{\"@type\":\"ListItem\",\"position\":2,\"name\":\"Ribera Lab participa en el 29\u00ba Congreso Nacional de Enfermedades Hematol\u00f3gicas en \u00c1vila\"}]},{\"@type\":\"WebSite\",\"@id\":\"https:\/\/riberasalud.com\/ribera-lab\/#website\",\"url\":\"https:\/\/riberasalud.com\/ribera-lab\/\",\"name\":\"Ribera Lab\",\"description\":\"\",\"publisher\":{\"@id\":\"https:\/\/riberasalud.com\/ribera-lab\/#organization\"},\"potentialAction\":[{\"@type\":\"SearchAction\",\"target\":{\"@type\":\"EntryPoint\",\"urlTemplate\":\"https:\/\/riberasalud.com\/ribera-lab\/?s={search_term_string}\"},\"query-input\":{\"@type\":\"PropertyValueSpecification\",\"valueRequired\":true,\"valueName\":\"search_term_string\"}}],\"inLanguage\":\"es\"},{\"@type\":\"Organization\",\"@id\":\"https:\/\/riberasalud.com\/ribera-lab\/#organization\",\"name\":\"Ribera Lab\",\"url\":\"https:\/\/riberasalud.com\/ribera-lab\/\",\"logo\":{\"@type\":\"ImageObject\",\"inLanguage\":\"es\",\"@id\":\"https:\/\/riberasalud.com\/ribera-lab\/#\/schema\/logo\/image\/\",\"url\":\"https:\/\/riberasalud.com\/ribera-lab\/wp-content\/uploads\/2024\/10\/cropped-cropped-Logo-Red-Lab-1.png\",\"contentUrl\":\"https:\/\/riberasalud.com\/ribera-lab\/wp-content\/uploads\/2024\/10\/cropped-cropped-Logo-Red-Lab-1.png\",\"width\":1611,\"height\":474,\"caption\":\"Ribera Lab\"},\"image\":{\"@id\":\"https:\/\/riberasalud.com\/ribera-lab\/#\/schema\/logo\/image\/\"}},{\"@type\":\"Person\",\"@id\":\"https:\/\/riberasalud.com\/ribera-lab\/#\/schema\/person\/2ec20d8627f802c9402f828b3eb51693\",\"name\":\"marsanchez\",\"image\":{\"@type\":\"ImageObject\",\"inLanguage\":\"es\",\"@id\":\"https:\/\/riberasalud.com\/ribera-lab\/#\/schema\/person\/image\/\",\"url\":\"https:\/\/secure.gravatar.com\/avatar\/0e2ddfa6ca50f038a905865f19439697542e5743a0628f67c9fac9c893b311be?s=96&d=mm&r=g\",\"contentUrl\":\"https:\/\/secure.gravatar.com\/avatar\/0e2ddfa6ca50f038a905865f19439697542e5743a0628f67c9fac9c893b311be?s=96&d=mm&r=g\",\"caption\":\"marsanchez\"},\"url\":\"https:\/\/riberasalud.com\/ribera-lab\/author\/marsanchez\/\"}]}<\/script>\n<!-- \/ Yoast SEO plugin. -->","yoast_head_json":{"title":"Ribera Lab participa en el 29\u00ba Congreso Nacional de Enfermedades Hematol\u00f3gicas en \u00c1vila - Ribera Lab","description":"El objetivo es poner en valor la experiencia del paciente como un pilar esencial para la mejora continua de la calidad asistencial","robots":{"index":"index","follow":"follow","max-snippet":"max-snippet:-1","max-image-preview":"max-image-preview:large","max-video-preview":"max-video-preview:-1"},"canonical":"https:\/\/riberasalud.com\/ribera-lab\/ribera-lab-participa-en-el-29o-congreso-nacional-de-enfermedades-hematologicas-en-avila\/","og_locale":"es_ES","og_type":"article","og_title":"Ribera Lab participa en el 29\u00ba Congreso Nacional de Enfermedades Hematol\u00f3gicas en \u00c1vila - Ribera Lab","og_description":"El objetivo es poner en valor la experiencia del paciente como un pilar esencial para la mejora continua de la calidad asistencial","og_url":"https:\/\/riberasalud.com\/ribera-lab\/ribera-lab-participa-en-el-29o-congreso-nacional-de-enfermedades-hematologicas-en-avila\/","og_site_name":"Ribera Lab","article_published_time":"2025-10-20T10:04:34+00:00","og_image":[{"width":800,"height":533,"url":"https:\/\/riberasalud.com\/ribera-lab\/wp-content\/uploads\/2025\/10\/251017-Ribera-Lab-congreso-Enfermedades-Hematologicas-Mayte-Alarcon-directora-de-gestion1.jpg","type":"image\/jpeg"}],"author":"marsanchez","twitter_card":"summary_large_image","twitter_misc":{"Escrito por":"marsanchez","Tiempo de lectura":"2 minutos"},"schema":{"@context":"https:\/\/schema.org","@graph":[{"@type":"Article","@id":"https:\/\/riberasalud.com\/ribera-lab\/ribera-lab-participa-en-el-29o-congreso-nacional-de-enfermedades-hematologicas-en-avila\/#article","isPartOf":{"@id":"https:\/\/riberasalud.com\/ribera-lab\/ribera-lab-participa-en-el-29o-congreso-nacional-de-enfermedades-hematologicas-en-avila\/"},"author":{"name":"marsanchez","@id":"https:\/\/riberasalud.com\/ribera-lab\/#\/schema\/person\/2ec20d8627f802c9402f828b3eb51693"},"headline":"Ribera Lab participa en el 29\u00ba Congreso Nacional de Enfermedades Hematol\u00f3gicas en \u00c1vila","datePublished":"2025-10-20T10:04:34+00:00","mainEntityOfPage":{"@id":"https:\/\/riberasalud.com\/ribera-lab\/ribera-lab-participa-en-el-29o-congreso-nacional-de-enfermedades-hematologicas-en-avila\/"},"wordCount":449,"commentCount":0,"publisher":{"@id":"https:\/\/riberasalud.com\/ribera-lab\/#organization"},"image":{"@id":"https:\/\/riberasalud.com\/ribera-lab\/ribera-lab-participa-en-el-29o-congreso-nacional-de-enfermedades-hematologicas-en-avila\/#primaryimage"},"thumbnailUrl":"https:\/\/riberasalud.com\/ribera-lab\/wp-content\/uploads\/2025\/10\/251017-Ribera-Lab-congreso-Enfermedades-Hematologicas-Mayte-Alarcon-directora-de-gestion1.jpg","keywords":["congreso nacional","enfermedades","Enfermedades Hematol\u00f3gicas"],"articleSection":["Congreso"],"inLanguage":"es","potentialAction":[{"@type":"CommentAction","name":"Comment","target":["https:\/\/riberasalud.com\/ribera-lab\/ribera-lab-participa-en-el-29o-congreso-nacional-de-enfermedades-hematologicas-en-avila\/#respond"]}]},{"@type":"WebPage","@id":"https:\/\/riberasalud.com\/ribera-lab\/ribera-lab-participa-en-el-29o-congreso-nacional-de-enfermedades-hematologicas-en-avila\/","url":"https:\/\/riberasalud.com\/ribera-lab\/ribera-lab-participa-en-el-29o-congreso-nacional-de-enfermedades-hematologicas-en-avila\/","name":"Ribera Lab participa en el 29\u00ba Congreso Nacional de Enfermedades Hematol\u00f3gicas en \u00c1vila - Ribera Lab","isPartOf":{"@id":"https:\/\/riberasalud.com\/ribera-lab\/#website"},"primaryImageOfPage":{"@id":"https:\/\/riberasalud.com\/ribera-lab\/ribera-lab-participa-en-el-29o-congreso-nacional-de-enfermedades-hematologicas-en-avila\/#primaryimage"},"image":{"@id":"https:\/\/riberasalud.com\/ribera-lab\/ribera-lab-participa-en-el-29o-congreso-nacional-de-enfermedades-hematologicas-en-avila\/#primaryimage"},"thumbnailUrl":"https:\/\/riberasalud.com\/ribera-lab\/wp-content\/uploads\/2025\/10\/251017-Ribera-Lab-congreso-Enfermedades-Hematologicas-Mayte-Alarcon-directora-de-gestion1.jpg","datePublished":"2025-10-20T10:04:34+00:00","description":"El objetivo es poner en valor la experiencia del paciente como un pilar esencial para la mejora continua de la calidad asistencial","breadcrumb":{"@id":"https:\/\/riberasalud.com\/ribera-lab\/ribera-lab-participa-en-el-29o-congreso-nacional-de-enfermedades-hematologicas-en-avila\/#breadcrumb"},"inLanguage":"es","potentialAction":[{"@type":"ReadAction","target":["https:\/\/riberasalud.com\/ribera-lab\/ribera-lab-participa-en-el-29o-congreso-nacional-de-enfermedades-hematologicas-en-avila\/"]}]},{"@type":"ImageObject","inLanguage":"es","@id":"https:\/\/riberasalud.com\/ribera-lab\/ribera-lab-participa-en-el-29o-congreso-nacional-de-enfermedades-hematologicas-en-avila\/#primaryimage","url":"https:\/\/riberasalud.com\/ribera-lab\/wp-content\/uploads\/2025\/10\/251017-Ribera-Lab-congreso-Enfermedades-Hematologicas-Mayte-Alarcon-directora-de-gestion1.jpg","contentUrl":"https:\/\/riberasalud.com\/ribera-lab\/wp-content\/uploads\/2025\/10\/251017-Ribera-Lab-congreso-Enfermedades-Hematologicas-Mayte-Alarcon-directora-de-gestion1.jpg","width":800,"height":533,"caption":"congreso enfermedades"},{"@type":"BreadcrumbList","@id":"https:\/\/riberasalud.com\/ribera-lab\/ribera-lab-participa-en-el-29o-congreso-nacional-de-enfermedades-hematologicas-en-avila\/#breadcrumb","itemListElement":[{"@type":"ListItem","position":1,"name":"Portada","item":"https:\/\/riberasalud.com\/ribera-lab\/"},{"@type":"ListItem","position":2,"name":"Ribera Lab participa en el 29\u00ba Congreso Nacional de Enfermedades Hematol\u00f3gicas en \u00c1vila"}]},{"@type":"WebSite","@id":"https:\/\/riberasalud.com\/ribera-lab\/#website","url":"https:\/\/riberasalud.com\/ribera-lab\/","name":"Ribera Lab","description":"","publisher":{"@id":"https:\/\/riberasalud.com\/ribera-lab\/#organization"},"potentialAction":[{"@type":"SearchAction","target":{"@type":"EntryPoint","urlTemplate":"https:\/\/riberasalud.com\/ribera-lab\/?s={search_term_string}"},"query-input":{"@type":"PropertyValueSpecification","valueRequired":true,"valueName":"search_term_string"}}],"inLanguage":"es"},{"@type":"Organization","@id":"https:\/\/riberasalud.com\/ribera-lab\/#organization","name":"Ribera Lab","url":"https:\/\/riberasalud.com\/ribera-lab\/","logo":{"@type":"ImageObject","inLanguage":"es","@id":"https:\/\/riberasalud.com\/ribera-lab\/#\/schema\/logo\/image\/","url":"https:\/\/riberasalud.com\/ribera-lab\/wp-content\/uploads\/2024\/10\/cropped-cropped-Logo-Red-Lab-1.png","contentUrl":"https:\/\/riberasalud.com\/ribera-lab\/wp-content\/uploads\/2024\/10\/cropped-cropped-Logo-Red-Lab-1.png","width":1611,"height":474,"caption":"Ribera Lab"},"image":{"@id":"https:\/\/riberasalud.com\/ribera-lab\/#\/schema\/logo\/image\/"}},{"@type":"Person","@id":"https:\/\/riberasalud.com\/ribera-lab\/#\/schema\/person\/2ec20d8627f802c9402f828b3eb51693","name":"marsanchez","image":{"@type":"ImageObject","inLanguage":"es","@id":"https:\/\/riberasalud.com\/ribera-lab\/#\/schema\/person\/image\/","url":"https:\/\/secure.gravatar.com\/avatar\/0e2ddfa6ca50f038a905865f19439697542e5743a0628f67c9fac9c893b311be?s=96&d=mm&r=g","contentUrl":"https:\/\/secure.gravatar.com\/avatar\/0e2ddfa6ca50f038a905865f19439697542e5743a0628f67c9fac9c893b311be?s=96&d=mm&r=g","caption":"marsanchez"},"url":"https:\/\/riberasalud.com\/ribera-lab\/author\/marsanchez\/"}]}},"_links":{"self":[{"href":"https:\/\/riberasalud.com\/ribera-lab\/wp-json\/wp\/v2\/posts\/16186","targetHints":{"allow":["GET"]}}],"collection":[{"href":"https:\/\/riberasalud.com\/ribera-lab\/wp-json\/wp\/v2\/posts"}],"about":[{"href":"https:\/\/riberasalud.com\/ribera-lab\/wp-json\/wp\/v2\/types\/post"}],"author":[{"embeddable":true,"href":"https:\/\/riberasalud.com\/ribera-lab\/wp-json\/wp\/v2\/users\/2"}],"replies":[{"embeddable":true,"href":"https:\/\/riberasalud.com\/ribera-lab\/wp-json\/wp\/v2\/comments?post=16186"}],"version-history":[{"count":0,"href":"https:\/\/riberasalud.com\/ribera-lab\/wp-json\/wp\/v2\/posts\/16186\/revisions"}],"wp:featuredmedia":[{"embeddable":true,"href":"https:\/\/riberasalud.com\/ribera-lab\/wp-json\/wp\/v2\/media\/16187"}],"wp:attachment":[{"href":"https:\/\/riberasalud.com\/ribera-lab\/wp-json\/wp\/v2\/media?parent=16186"}],"wp:term":[{"taxonomy":"category","embeddable":true,"href":"https:\/\/riberasalud.com\/ribera-lab\/wp-json\/wp\/v2\/categories?post=16186"},{"taxonomy":"post_tag","embeddable":true,"href":"https:\/\/riberasalud.com\/ribera-lab\/wp-json\/wp\/v2\/tags?post=16186"}],"curies":[{"name":"wp","href":"https:\/\/api.w.org\/{rel}","templated":true}]}}