{"id":16073,"date":"2025-02-05T15:50:49","date_gmt":"2025-02-05T15:50:49","guid":{"rendered":"https:\/\/www.riberasalud.com\/ribera-lab\/?p=16073"},"modified":"2025-02-05T15:50:49","modified_gmt":"2025-02-05T15:50:49","slug":"ribera-lab-asume-la-gestion-directa-del-laboratorio-del-hospital-ribera-virgen-de-la-caridad-y-sus-18-policlinicas","status":"publish","type":"post","link":"https:\/\/riberasalud.com\/ribera-lab\/ribera-lab-asume-la-gestion-directa-del-laboratorio-del-hospital-ribera-virgen-de-la-caridad-y-sus-18-policlinicas\/","title":{"rendered":"Ribera Lab asume la gesti\u00f3n directa del laboratorio del hospital Ribera Virgen de la Caridad y sus 18 policl\u00ednicas"},"content":{"rendered":"\n<ul class=\"wp-block-list\">\n<li>Los pacientes tendr\u00e1n acceso directo a todo tipo de pruebas y anal\u00edticas, y los \u00faltimos avances en citogen\u00e9tica constitucional, prenatal y onco-hematol\u00f3gica, as\u00ed como biopatolog\u00eda molecular de enfermedades hereditarias, infecciosas y onco-hematol\u00f3gicas<\/li>\n<\/ul>\n\n\n\n<p><a href=\"https:\/\/riberasalud.com\/ribera-lab\/\">Ribera Lab<\/a>, la divisi\u00f3n de laboratorio del\u00a0<a href=\"https:\/\/www.riberasalud.com\/\">grupo sanitario Ribera<\/a>,\u00a0asumi\u00f3 el pasado d\u00eda 1 de enero todas las anal\u00edticas que se realizan a pacientes del hospital\u00a0<a href=\"https:\/\/cmvcaridad.com\/\">Ribera Virgen de la Caridad<\/a>\u00a0(Cartagena), as\u00ed como de sus 18 policl\u00ednicas, ubicadas en diferentes localidades de la Regi\u00f3n de Murcia. La integraci\u00f3n de Ribera Lab en el hospital Ribera Virgen de la Caridad permitir\u00e1 ofrecer a los pacientes de este centro sanitario los \u00faltimos avances en citogen\u00e9tica constitucional, prenatal y onco-hematol\u00f3gica, as\u00ed como biopatolog\u00eda molecular de enfermedades hereditarias, infecciosas y onco-hematol\u00f3gicas.\u00a0\u00a0<\/p>\n\n\n\n<p>Adem\u00e1s, refuerza la actividad de este centro y acerca a los ciudadanos de Cartagena todas las \u00e1reas y especialidades de su laboratorio cl\u00ednico central y de referencia para cualquier prueba y tipo de anal\u00edtica: de Alergolog\u00eda, Cardiolog\u00eda, Digestivo, Endocrinolog\u00eda, Ginecolog\u00eda, Hematolog\u00eda, Nefrolog\u00eda, Neurolog\u00eda, Pediatr\u00eda, Oftalmolog\u00eda, Oncolog\u00eda y Toxicolog\u00eda.\u00a0<\/p>\n\n\n\n<p>Por su trayectoria y m\u00e1s de 25 a\u00f1os de experiencia, el laboratorio central de Ribera Lab, ubicado en Torrellano (Alicante), cuenta con la \u00faltima tecnolog\u00eda para dar respuesta y prestar la m\u00e1xima calidad a toda la actividad que recibe como centro referente de los hospitales del grupo sanitario Ribera en la Comunidad Valenciana y ahora, tambi\u00e9n, en la Regi\u00f3n de Murcia.\u00a0<\/p>\n\n\n\n<p>Ribera Lab avanza as\u00ed en su plan de expansi\u00f3n y consolidaci\u00f3n en todas las regiones donde el grupo sanitario tiene centros sanitarios.\u00a0Desde su nacimiento, se ha integrado los laboratorios de los hospitales\u00a0<a href=\"https:\/\/riberasalud.com\/polusa\/\">Ribera Polusa<\/a>\u00a0(Lugo),\u00a0<a href=\"https:\/\/riberasalud.com\/juan-cardona\/\">Ribera Juan Cardona<\/a>\u00a0(Ferrol),\u00a0<a href=\"https:\/\/riberasalud.com\/hospital-de-molina\/\">Ribera Hospital de Molina<\/a>(Molina de Segura, Murcia), los hospitales universitarios del\u00a0<a href=\"https:\/\/www.vinaloposalud.com\/\">Vinalop\u00f3<\/a>\u00a0y\u00a0<a href=\"https:\/\/www.hospitaldetorrejon.es\/\">Torrej\u00f3n<\/a>\u00a0y ahora, el hospital\u00a0<a href=\"https:\/\/cmvcaridad.com\/\">Ribera Virgen de la Caridad<\/a>.\u00a0<\/p>\n\n\n\n<p>Ribera Lab renueva y ampl\u00eda peri\u00f3dicamente su tecnolog\u00eda para dar un servicio r\u00e1pido y eficiente a todos los hospitales del grupo y a centros sanitarios y cl\u00ednicas externas. En la actualidad la plantilla de Ribera Lab est\u00e1 formada por 133 profesionales, todos ellos altamente cualificados, especializados en diferentes \u00e1reas cl\u00ednicas y multidisciplinares.<\/p>\n\n\n\n<h2 class=\"wp-block-heading\"><strong>Nueva certificaci\u00f3n de calidad<\/strong><\/h2>\n\n\n\n<p>Por otro lado, la divisi\u00f3n de laboratorios del grupo Ribera ha implantado recientemente la norma ISO 15189, que no s\u00f3lo eleva la precisi\u00f3n y la fiabilidad de los resultados, sino que tambi\u00e9n optimiza la gesti\u00f3n de recursos, mejora la seguridad del paciente y fortalece la credibilidad del laboratorio en el sector sanitario. Esta certificaci\u00f3n es un reconocimiento al compromiso continuo con la excelencia y la mejora de los servicios ofrecidos.<\/p>\n\n\n\n<figure class=\"wp-block-embed is-type-video is-provider-youtube wp-block-embed-youtube wp-embed-aspect-16-9 wp-has-aspect-ratio\"><div class=\"wp-block-embed__wrapper\">\n<iframe loading=\"lazy\" title=\"As\u00ed es Ribera Lab, la divisi\u00f3n de laboratorio del grupo sanitario RIbera\" width=\"1200\" height=\"675\" src=\"https:\/\/www.youtube.com\/embed\/vImx-eJ8OEQ?feature=oembed\" frameborder=\"0\" allow=\"accelerometer; autoplay; clipboard-write; encrypted-media; gyroscope; picture-in-picture; web-share\" referrerpolicy=\"strict-origin-when-cross-origin\" allowfullscreen><\/iframe>\n<\/div><\/figure>\n","protected":false},"excerpt":{"rendered":"<p>Ribera Lab, la divisi\u00f3n de laboratorio del\u00a0grupo sanitario Ribera,\u00a0asumi\u00f3 el pasado d\u00eda 1 de enero todas las anal\u00edticas que se realizan a pacientes del hospital\u00a0Ribera Virgen de la Caridad\u00a0(Cartagena), as\u00ed como de sus 18 policl\u00ednicas, ubicadas en diferentes localidades de la Regi\u00f3n de Murcia. La integraci\u00f3n de Ribera Lab en el hospital Ribera Virgen de &#8230; <\/p>\n<p class=\"read-more-container\"><a title=\"Ribera Lab asume la gesti\u00f3n directa del laboratorio del hospital Ribera Virgen de la Caridad y sus 18 policl\u00ednicas\" class=\"read-more button\" href=\"https:\/\/riberasalud.com\/ribera-lab\/ribera-lab-asume-la-gestion-directa-del-laboratorio-del-hospital-ribera-virgen-de-la-caridad-y-sus-18-policlinicas\/#more-16073\" aria-label=\"Leer m\u00e1s sobre Ribera Lab asume la gesti\u00f3n directa del laboratorio del hospital Ribera Virgen de la Caridad y sus 18 policl\u00ednicas\">Leer m\u00e1s<\/a><\/p>\n","protected":false},"author":2,"featured_media":16074,"comment_status":"open","ping_status":"open","sticky":false,"template":"","format":"standard","meta":{"footnotes":""},"categories":[8],"tags":[],"class_list":["post-16073","post","type-post","status-publish","format-standard","has-post-thumbnail","hentry","category-ribera-lab"],"yoast_head":"<!-- This site is optimized with the Yoast SEO plugin v26.6 - https:\/\/yoast.com\/wordpress\/plugins\/seo\/ -->\n<title>Ribera Lab asume la gesti\u00f3n directa del laboratorio del hospital Ribera Virgen de la Caridad y sus 18 policl\u00ednicas - Ribera Lab<\/title>\n<meta name=\"description\" content=\"Los pacientes tendr\u00e1n acceso directo a todo tipo de pruebas y anal\u00edticas, y los \u00faltimos avances en citogen\u00e9tica constitucional,\" \/>\n<meta name=\"robots\" content=\"index, follow, max-snippet:-1, max-image-preview:large, max-video-preview:-1\" \/>\n<link rel=\"canonical\" href=\"https:\/\/riberasalud.com\/ribera-lab\/ribera-lab-asume-la-gestion-directa-del-laboratorio-del-hospital-ribera-virgen-de-la-caridad-y-sus-18-policlinicas\/\" \/>\n<meta property=\"og:locale\" content=\"es_ES\" \/>\n<meta property=\"og:type\" content=\"article\" \/>\n<meta property=\"og:title\" content=\"Ribera Lab asume la gesti\u00f3n directa del laboratorio del hospital Ribera Virgen de la Caridad y sus 18 policl\u00ednicas - Ribera Lab\" \/>\n<meta property=\"og:description\" content=\"Los pacientes tendr\u00e1n acceso directo a todo tipo de pruebas y anal\u00edticas, y los \u00faltimos avances en citogen\u00e9tica constitucional,\" \/>\n<meta property=\"og:url\" content=\"https:\/\/riberasalud.com\/ribera-lab\/ribera-lab-asume-la-gestion-directa-del-laboratorio-del-hospital-ribera-virgen-de-la-caridad-y-sus-18-policlinicas\/\" \/>\n<meta property=\"og:site_name\" content=\"Ribera Lab\" \/>\n<meta property=\"article:published_time\" content=\"2025-02-05T15:50:49+00:00\" \/>\n<meta property=\"og:image\" content=\"https:\/\/riberasalud.com\/ribera-lab\/wp-content\/uploads\/2025\/02\/Profesional-Ribera-Lab-trabaja-con-muestras.jpg\" \/>\n\t<meta property=\"og:image:width\" content=\"800\" \/>\n\t<meta property=\"og:image:height\" content=\"533\" \/>\n\t<meta property=\"og:image:type\" content=\"image\/jpeg\" \/>\n<meta name=\"author\" content=\"marsanchez\" \/>\n<meta name=\"twitter:card\" content=\"summary_large_image\" \/>\n<meta name=\"twitter:label1\" content=\"Escrito por\" \/>\n\t<meta name=\"twitter:data1\" content=\"marsanchez\" \/>\n\t<meta name=\"twitter:label2\" content=\"Tiempo de lectura\" \/>\n\t<meta name=\"twitter:data2\" content=\"2 minutos\" \/>\n<script type=\"application\/ld+json\" class=\"yoast-schema-graph\">{\"@context\":\"https:\/\/schema.org\",\"@graph\":[{\"@type\":\"Article\",\"@id\":\"https:\/\/riberasalud.com\/ribera-lab\/ribera-lab-asume-la-gestion-directa-del-laboratorio-del-hospital-ribera-virgen-de-la-caridad-y-sus-18-policlinicas\/#article\",\"isPartOf\":{\"@id\":\"https:\/\/riberasalud.com\/ribera-lab\/ribera-lab-asume-la-gestion-directa-del-laboratorio-del-hospital-ribera-virgen-de-la-caridad-y-sus-18-policlinicas\/\"},\"author\":{\"name\":\"marsanchez\",\"@id\":\"https:\/\/riberasalud.com\/ribera-lab\/#\/schema\/person\/2ec20d8627f802c9402f828b3eb51693\"},\"headline\":\"Ribera Lab asume la gesti\u00f3n directa del laboratorio del hospital Ribera Virgen de la Caridad y sus 18 policl\u00ednicas\",\"datePublished\":\"2025-02-05T15:50:49+00:00\",\"mainEntityOfPage\":{\"@id\":\"https:\/\/riberasalud.com\/ribera-lab\/ribera-lab-asume-la-gestion-directa-del-laboratorio-del-hospital-ribera-virgen-de-la-caridad-y-sus-18-policlinicas\/\"},\"wordCount\":495,\"commentCount\":0,\"publisher\":{\"@id\":\"https:\/\/riberasalud.com\/ribera-lab\/#organization\"},\"image\":{\"@id\":\"https:\/\/riberasalud.com\/ribera-lab\/ribera-lab-asume-la-gestion-directa-del-laboratorio-del-hospital-ribera-virgen-de-la-caridad-y-sus-18-policlinicas\/#primaryimage\"},\"thumbnailUrl\":\"https:\/\/riberasalud.com\/ribera-lab\/wp-content\/uploads\/2025\/02\/Profesional-Ribera-Lab-trabaja-con-muestras.jpg\",\"articleSection\":[\"Ribera Lab\"],\"inLanguage\":\"es\",\"potentialAction\":[{\"@type\":\"CommentAction\",\"name\":\"Comment\",\"target\":[\"https:\/\/riberasalud.com\/ribera-lab\/ribera-lab-asume-la-gestion-directa-del-laboratorio-del-hospital-ribera-virgen-de-la-caridad-y-sus-18-policlinicas\/#respond\"]}]},{\"@type\":\"WebPage\",\"@id\":\"https:\/\/riberasalud.com\/ribera-lab\/ribera-lab-asume-la-gestion-directa-del-laboratorio-del-hospital-ribera-virgen-de-la-caridad-y-sus-18-policlinicas\/\",\"url\":\"https:\/\/riberasalud.com\/ribera-lab\/ribera-lab-asume-la-gestion-directa-del-laboratorio-del-hospital-ribera-virgen-de-la-caridad-y-sus-18-policlinicas\/\",\"name\":\"Ribera Lab asume la gesti\u00f3n directa del laboratorio del hospital Ribera Virgen de la Caridad y sus 18 policl\u00ednicas - Ribera Lab\",\"isPartOf\":{\"@id\":\"https:\/\/riberasalud.com\/ribera-lab\/#website\"},\"primaryImageOfPage\":{\"@id\":\"https:\/\/riberasalud.com\/ribera-lab\/ribera-lab-asume-la-gestion-directa-del-laboratorio-del-hospital-ribera-virgen-de-la-caridad-y-sus-18-policlinicas\/#primaryimage\"},\"image\":{\"@id\":\"https:\/\/riberasalud.com\/ribera-lab\/ribera-lab-asume-la-gestion-directa-del-laboratorio-del-hospital-ribera-virgen-de-la-caridad-y-sus-18-policlinicas\/#primaryimage\"},\"thumbnailUrl\":\"https:\/\/riberasalud.com\/ribera-lab\/wp-content\/uploads\/2025\/02\/Profesional-Ribera-Lab-trabaja-con-muestras.jpg\",\"datePublished\":\"2025-02-05T15:50:49+00:00\",\"description\":\"Los pacientes tendr\u00e1n acceso directo a todo tipo de pruebas y anal\u00edticas, y los \u00faltimos avances en citogen\u00e9tica constitucional,\",\"breadcrumb\":{\"@id\":\"https:\/\/riberasalud.com\/ribera-lab\/ribera-lab-asume-la-gestion-directa-del-laboratorio-del-hospital-ribera-virgen-de-la-caridad-y-sus-18-policlinicas\/#breadcrumb\"},\"inLanguage\":\"es\",\"potentialAction\":[{\"@type\":\"ReadAction\",\"target\":[\"https:\/\/riberasalud.com\/ribera-lab\/ribera-lab-asume-la-gestion-directa-del-laboratorio-del-hospital-ribera-virgen-de-la-caridad-y-sus-18-policlinicas\/\"]}]},{\"@type\":\"ImageObject\",\"inLanguage\":\"es\",\"@id\":\"https:\/\/riberasalud.com\/ribera-lab\/ribera-lab-asume-la-gestion-directa-del-laboratorio-del-hospital-ribera-virgen-de-la-caridad-y-sus-18-policlinicas\/#primaryimage\",\"url\":\"https:\/\/riberasalud.com\/ribera-lab\/wp-content\/uploads\/2025\/02\/Profesional-Ribera-Lab-trabaja-con-muestras.jpg\",\"contentUrl\":\"https:\/\/riberasalud.com\/ribera-lab\/wp-content\/uploads\/2025\/02\/Profesional-Ribera-Lab-trabaja-con-muestras.jpg\",\"width\":800,\"height\":533,\"caption\":\"ribera lab\"},{\"@type\":\"BreadcrumbList\",\"@id\":\"https:\/\/riberasalud.com\/ribera-lab\/ribera-lab-asume-la-gestion-directa-del-laboratorio-del-hospital-ribera-virgen-de-la-caridad-y-sus-18-policlinicas\/#breadcrumb\",\"itemListElement\":[{\"@type\":\"ListItem\",\"position\":1,\"name\":\"Portada\",\"item\":\"https:\/\/riberasalud.com\/ribera-lab\/\"},{\"@type\":\"ListItem\",\"position\":2,\"name\":\"Ribera Lab asume la gesti\u00f3n directa del laboratorio del hospital Ribera Virgen de la Caridad y sus 18 policl\u00ednicas\"}]},{\"@type\":\"WebSite\",\"@id\":\"https:\/\/riberasalud.com\/ribera-lab\/#website\",\"url\":\"https:\/\/riberasalud.com\/ribera-lab\/\",\"name\":\"Ribera Lab\",\"description\":\"\",\"publisher\":{\"@id\":\"https:\/\/riberasalud.com\/ribera-lab\/#organization\"},\"potentialAction\":[{\"@type\":\"SearchAction\",\"target\":{\"@type\":\"EntryPoint\",\"urlTemplate\":\"https:\/\/riberasalud.com\/ribera-lab\/?s={search_term_string}\"},\"query-input\":{\"@type\":\"PropertyValueSpecification\",\"valueRequired\":true,\"valueName\":\"search_term_string\"}}],\"inLanguage\":\"es\"},{\"@type\":\"Organization\",\"@id\":\"https:\/\/riberasalud.com\/ribera-lab\/#organization\",\"name\":\"Ribera Lab\",\"url\":\"https:\/\/riberasalud.com\/ribera-lab\/\",\"logo\":{\"@type\":\"ImageObject\",\"inLanguage\":\"es\",\"@id\":\"https:\/\/riberasalud.com\/ribera-lab\/#\/schema\/logo\/image\/\",\"url\":\"https:\/\/riberasalud.com\/ribera-lab\/wp-content\/uploads\/2024\/10\/cropped-cropped-Logo-Red-Lab-1.png\",\"contentUrl\":\"https:\/\/riberasalud.com\/ribera-lab\/wp-content\/uploads\/2024\/10\/cropped-cropped-Logo-Red-Lab-1.png\",\"width\":1611,\"height\":474,\"caption\":\"Ribera Lab\"},\"image\":{\"@id\":\"https:\/\/riberasalud.com\/ribera-lab\/#\/schema\/logo\/image\/\"}},{\"@type\":\"Person\",\"@id\":\"https:\/\/riberasalud.com\/ribera-lab\/#\/schema\/person\/2ec20d8627f802c9402f828b3eb51693\",\"name\":\"marsanchez\",\"image\":{\"@type\":\"ImageObject\",\"inLanguage\":\"es\",\"@id\":\"https:\/\/riberasalud.com\/ribera-lab\/#\/schema\/person\/image\/\",\"url\":\"https:\/\/secure.gravatar.com\/avatar\/0e2ddfa6ca50f038a905865f19439697542e5743a0628f67c9fac9c893b311be?s=96&d=mm&r=g\",\"contentUrl\":\"https:\/\/secure.gravatar.com\/avatar\/0e2ddfa6ca50f038a905865f19439697542e5743a0628f67c9fac9c893b311be?s=96&d=mm&r=g\",\"caption\":\"marsanchez\"},\"url\":\"https:\/\/riberasalud.com\/ribera-lab\/author\/marsanchez\/\"}]}<\/script>\n<!-- \/ Yoast SEO plugin. -->","yoast_head_json":{"title":"Ribera Lab asume la gesti\u00f3n directa del laboratorio del hospital Ribera Virgen de la Caridad y sus 18 policl\u00ednicas - Ribera Lab","description":"Los pacientes tendr\u00e1n acceso directo a todo tipo de pruebas y anal\u00edticas, y los \u00faltimos avances en citogen\u00e9tica constitucional,","robots":{"index":"index","follow":"follow","max-snippet":"max-snippet:-1","max-image-preview":"max-image-preview:large","max-video-preview":"max-video-preview:-1"},"canonical":"https:\/\/riberasalud.com\/ribera-lab\/ribera-lab-asume-la-gestion-directa-del-laboratorio-del-hospital-ribera-virgen-de-la-caridad-y-sus-18-policlinicas\/","og_locale":"es_ES","og_type":"article","og_title":"Ribera Lab asume la gesti\u00f3n directa del laboratorio del hospital Ribera Virgen de la Caridad y sus 18 policl\u00ednicas - Ribera Lab","og_description":"Los pacientes tendr\u00e1n acceso directo a todo tipo de pruebas y anal\u00edticas, y los \u00faltimos avances en citogen\u00e9tica constitucional,","og_url":"https:\/\/riberasalud.com\/ribera-lab\/ribera-lab-asume-la-gestion-directa-del-laboratorio-del-hospital-ribera-virgen-de-la-caridad-y-sus-18-policlinicas\/","og_site_name":"Ribera Lab","article_published_time":"2025-02-05T15:50:49+00:00","og_image":[{"width":800,"height":533,"url":"https:\/\/riberasalud.com\/ribera-lab\/wp-content\/uploads\/2025\/02\/Profesional-Ribera-Lab-trabaja-con-muestras.jpg","type":"image\/jpeg"}],"author":"marsanchez","twitter_card":"summary_large_image","twitter_misc":{"Escrito por":"marsanchez","Tiempo de lectura":"2 minutos"},"schema":{"@context":"https:\/\/schema.org","@graph":[{"@type":"Article","@id":"https:\/\/riberasalud.com\/ribera-lab\/ribera-lab-asume-la-gestion-directa-del-laboratorio-del-hospital-ribera-virgen-de-la-caridad-y-sus-18-policlinicas\/#article","isPartOf":{"@id":"https:\/\/riberasalud.com\/ribera-lab\/ribera-lab-asume-la-gestion-directa-del-laboratorio-del-hospital-ribera-virgen-de-la-caridad-y-sus-18-policlinicas\/"},"author":{"name":"marsanchez","@id":"https:\/\/riberasalud.com\/ribera-lab\/#\/schema\/person\/2ec20d8627f802c9402f828b3eb51693"},"headline":"Ribera Lab asume la gesti\u00f3n directa del laboratorio del hospital Ribera Virgen de la Caridad y sus 18 policl\u00ednicas","datePublished":"2025-02-05T15:50:49+00:00","mainEntityOfPage":{"@id":"https:\/\/riberasalud.com\/ribera-lab\/ribera-lab-asume-la-gestion-directa-del-laboratorio-del-hospital-ribera-virgen-de-la-caridad-y-sus-18-policlinicas\/"},"wordCount":495,"commentCount":0,"publisher":{"@id":"https:\/\/riberasalud.com\/ribera-lab\/#organization"},"image":{"@id":"https:\/\/riberasalud.com\/ribera-lab\/ribera-lab-asume-la-gestion-directa-del-laboratorio-del-hospital-ribera-virgen-de-la-caridad-y-sus-18-policlinicas\/#primaryimage"},"thumbnailUrl":"https:\/\/riberasalud.com\/ribera-lab\/wp-content\/uploads\/2025\/02\/Profesional-Ribera-Lab-trabaja-con-muestras.jpg","articleSection":["Ribera Lab"],"inLanguage":"es","potentialAction":[{"@type":"CommentAction","name":"Comment","target":["https:\/\/riberasalud.com\/ribera-lab\/ribera-lab-asume-la-gestion-directa-del-laboratorio-del-hospital-ribera-virgen-de-la-caridad-y-sus-18-policlinicas\/#respond"]}]},{"@type":"WebPage","@id":"https:\/\/riberasalud.com\/ribera-lab\/ribera-lab-asume-la-gestion-directa-del-laboratorio-del-hospital-ribera-virgen-de-la-caridad-y-sus-18-policlinicas\/","url":"https:\/\/riberasalud.com\/ribera-lab\/ribera-lab-asume-la-gestion-directa-del-laboratorio-del-hospital-ribera-virgen-de-la-caridad-y-sus-18-policlinicas\/","name":"Ribera Lab asume la gesti\u00f3n directa del laboratorio del hospital Ribera Virgen de la Caridad y sus 18 policl\u00ednicas - Ribera Lab","isPartOf":{"@id":"https:\/\/riberasalud.com\/ribera-lab\/#website"},"primaryImageOfPage":{"@id":"https:\/\/riberasalud.com\/ribera-lab\/ribera-lab-asume-la-gestion-directa-del-laboratorio-del-hospital-ribera-virgen-de-la-caridad-y-sus-18-policlinicas\/#primaryimage"},"image":{"@id":"https:\/\/riberasalud.com\/ribera-lab\/ribera-lab-asume-la-gestion-directa-del-laboratorio-del-hospital-ribera-virgen-de-la-caridad-y-sus-18-policlinicas\/#primaryimage"},"thumbnailUrl":"https:\/\/riberasalud.com\/ribera-lab\/wp-content\/uploads\/2025\/02\/Profesional-Ribera-Lab-trabaja-con-muestras.jpg","datePublished":"2025-02-05T15:50:49+00:00","description":"Los pacientes tendr\u00e1n acceso directo a todo tipo de pruebas y anal\u00edticas, y los \u00faltimos avances en citogen\u00e9tica constitucional,","breadcrumb":{"@id":"https:\/\/riberasalud.com\/ribera-lab\/ribera-lab-asume-la-gestion-directa-del-laboratorio-del-hospital-ribera-virgen-de-la-caridad-y-sus-18-policlinicas\/#breadcrumb"},"inLanguage":"es","potentialAction":[{"@type":"ReadAction","target":["https:\/\/riberasalud.com\/ribera-lab\/ribera-lab-asume-la-gestion-directa-del-laboratorio-del-hospital-ribera-virgen-de-la-caridad-y-sus-18-policlinicas\/"]}]},{"@type":"ImageObject","inLanguage":"es","@id":"https:\/\/riberasalud.com\/ribera-lab\/ribera-lab-asume-la-gestion-directa-del-laboratorio-del-hospital-ribera-virgen-de-la-caridad-y-sus-18-policlinicas\/#primaryimage","url":"https:\/\/riberasalud.com\/ribera-lab\/wp-content\/uploads\/2025\/02\/Profesional-Ribera-Lab-trabaja-con-muestras.jpg","contentUrl":"https:\/\/riberasalud.com\/ribera-lab\/wp-content\/uploads\/2025\/02\/Profesional-Ribera-Lab-trabaja-con-muestras.jpg","width":800,"height":533,"caption":"ribera lab"},{"@type":"BreadcrumbList","@id":"https:\/\/riberasalud.com\/ribera-lab\/ribera-lab-asume-la-gestion-directa-del-laboratorio-del-hospital-ribera-virgen-de-la-caridad-y-sus-18-policlinicas\/#breadcrumb","itemListElement":[{"@type":"ListItem","position":1,"name":"Portada","item":"https:\/\/riberasalud.com\/ribera-lab\/"},{"@type":"ListItem","position":2,"name":"Ribera Lab asume la gesti\u00f3n directa del laboratorio del hospital Ribera Virgen de la Caridad y sus 18 policl\u00ednicas"}]},{"@type":"WebSite","@id":"https:\/\/riberasalud.com\/ribera-lab\/#website","url":"https:\/\/riberasalud.com\/ribera-lab\/","name":"Ribera Lab","description":"","publisher":{"@id":"https:\/\/riberasalud.com\/ribera-lab\/#organization"},"potentialAction":[{"@type":"SearchAction","target":{"@type":"EntryPoint","urlTemplate":"https:\/\/riberasalud.com\/ribera-lab\/?s={search_term_string}"},"query-input":{"@type":"PropertyValueSpecification","valueRequired":true,"valueName":"search_term_string"}}],"inLanguage":"es"},{"@type":"Organization","@id":"https:\/\/riberasalud.com\/ribera-lab\/#organization","name":"Ribera Lab","url":"https:\/\/riberasalud.com\/ribera-lab\/","logo":{"@type":"ImageObject","inLanguage":"es","@id":"https:\/\/riberasalud.com\/ribera-lab\/#\/schema\/logo\/image\/","url":"https:\/\/riberasalud.com\/ribera-lab\/wp-content\/uploads\/2024\/10\/cropped-cropped-Logo-Red-Lab-1.png","contentUrl":"https:\/\/riberasalud.com\/ribera-lab\/wp-content\/uploads\/2024\/10\/cropped-cropped-Logo-Red-Lab-1.png","width":1611,"height":474,"caption":"Ribera Lab"},"image":{"@id":"https:\/\/riberasalud.com\/ribera-lab\/#\/schema\/logo\/image\/"}},{"@type":"Person","@id":"https:\/\/riberasalud.com\/ribera-lab\/#\/schema\/person\/2ec20d8627f802c9402f828b3eb51693","name":"marsanchez","image":{"@type":"ImageObject","inLanguage":"es","@id":"https:\/\/riberasalud.com\/ribera-lab\/#\/schema\/person\/image\/","url":"https:\/\/secure.gravatar.com\/avatar\/0e2ddfa6ca50f038a905865f19439697542e5743a0628f67c9fac9c893b311be?s=96&d=mm&r=g","contentUrl":"https:\/\/secure.gravatar.com\/avatar\/0e2ddfa6ca50f038a905865f19439697542e5743a0628f67c9fac9c893b311be?s=96&d=mm&r=g","caption":"marsanchez"},"url":"https:\/\/riberasalud.com\/ribera-lab\/author\/marsanchez\/"}]}},"_links":{"self":[{"href":"https:\/\/riberasalud.com\/ribera-lab\/wp-json\/wp\/v2\/posts\/16073","targetHints":{"allow":["GET"]}}],"collection":[{"href":"https:\/\/riberasalud.com\/ribera-lab\/wp-json\/wp\/v2\/posts"}],"about":[{"href":"https:\/\/riberasalud.com\/ribera-lab\/wp-json\/wp\/v2\/types\/post"}],"author":[{"embeddable":true,"href":"https:\/\/riberasalud.com\/ribera-lab\/wp-json\/wp\/v2\/users\/2"}],"replies":[{"embeddable":true,"href":"https:\/\/riberasalud.com\/ribera-lab\/wp-json\/wp\/v2\/comments?post=16073"}],"version-history":[{"count":0,"href":"https:\/\/riberasalud.com\/ribera-lab\/wp-json\/wp\/v2\/posts\/16073\/revisions"}],"wp:featuredmedia":[{"embeddable":true,"href":"https:\/\/riberasalud.com\/ribera-lab\/wp-json\/wp\/v2\/media\/16074"}],"wp:attachment":[{"href":"https:\/\/riberasalud.com\/ribera-lab\/wp-json\/wp\/v2\/media?parent=16073"}],"wp:term":[{"taxonomy":"category","embeddable":true,"href":"https:\/\/riberasalud.com\/ribera-lab\/wp-json\/wp\/v2\/categories?post=16073"},{"taxonomy":"post_tag","embeddable":true,"href":"https:\/\/riberasalud.com\/ribera-lab\/wp-json\/wp\/v2\/tags?post=16073"}],"curies":[{"name":"wp","href":"https:\/\/api.w.org\/{rel}","templated":true}]}}