{"id":16061,"date":"2025-01-15T10:34:20","date_gmt":"2025-01-15T10:34:20","guid":{"rendered":"https:\/\/www.riberasalud.com\/ribera-lab\/?p=16061"},"modified":"2025-01-15T10:34:20","modified_gmt":"2025-01-15T10:34:20","slug":"ribera-lab-certifica-su-huella-de-carbono-y-demuestra-su-compromiso-firme-con-el-medio-ambiente","status":"publish","type":"post","link":"https:\/\/riberasalud.com\/ribera-lab\/ribera-lab-certifica-su-huella-de-carbono-y-demuestra-su-compromiso-firme-con-el-medio-ambiente\/","title":{"rendered":"Ribera Lab certifica su huella de carbono y demuestra su compromiso firme con el medio ambiente"},"content":{"rendered":"\n<ul class=\"wp-block-list\">\n<li>Esta exigente certificaci\u00f3n internacional verifica la totalidad de gases de efecto invernadero emitidos, y permite implementar estrategias de reducci\u00f3n de emisiones<\/li>\n\n\n\n<li>En los \u00faltimos a\u00f1os, el laboratorio de referencia del grupo sanitario Ribera ha instalado paneles solares, ha implantado\u00a0una gesti\u00f3n eficiente de la climatizaci\u00f3n y utiliza iluminaci\u00f3n LED, entre otras medidas.<\/li>\n<\/ul>\n\n\n\n<p><a href=\"https:\/\/riberasalud.com\/ribera-lab\/\">Ribera Lab<\/a>\u00a0ha conseguido recientemente la certificaci\u00f3n GHG Protocol de C\u00e1lculo de Gases de Efecto Invernadero, una de las normas internacionales que valida el c\u00e1lculo de la huella de carbono, demostrando as\u00ed su compromiso con el medio ambiente y la reducci\u00f3n en las emisiones.\u00a0<\/p>\n\n\n\n<p>La huella de carbono es una m\u00e9trica crucial en la lucha contra el cambio clim\u00e1tico, ya que permite a las organizaciones cuantificar la cantidad de gases de efecto invernadero que generan a trav\u00e9s de sus actividades. \u201cMedir y entender esta huella es fundamental para dise\u00f1ar estrategias eficaces de reducci\u00f3n de emisiones, promoviendo as\u00ed pr\u00e1cticas m\u00e1s sostenibles y responsables con el medio ambiente\u201d, asegura desde el departamento de Calidad del grupo sanitario\u00a0<a href=\"https:\/\/www.riberasalud.com\/\">Ribera<\/a>, en el que se integra la divisi\u00f3n de laboratorios, Ribera Lab. Adem\u00e1s, explican, \u201cobtener certificaciones como la de GHG Protocol proporciona credibilidad y transparencia, demostrando un compromiso real con la sostenibilidad\u201d.\u00a0<\/p>\n\n\n\n<p>Respecto a los factores que se certifican en este protocolo, entre otros, destacan que el laboratorio de referencia de Ribera Lab, ubicado en Torrellano (Elche), cumple de forma rigurosa con el c\u00e1lculo desglosado de las emisiones totales que genera; que realiza peri\u00f3dicamente auditor\u00edas internas y externas para el control de estas emisiones, adem\u00e1s de que cada a\u00f1o se marcan objetivos de reducci\u00f3n de la huella de carbono.\u00a0<\/p>\n\n\n\n<p>Desde su creaci\u00f3n, en Ribera Lab se han implantado diferentes medidas para mejorar su impacto en el medio ambiente, entre las que destacan la instalaci\u00f3n de placas fotovoltaicas, una gesti\u00f3n eficiente de la climatizaci\u00f3n y la utilizaci\u00f3n de iluminaci\u00f3n LED, entre otras.<\/p>\n","protected":false},"excerpt":{"rendered":"<p>Ribera Lab\u00a0ha conseguido recientemente la certificaci\u00f3n GHG Protocol de C\u00e1lculo de Gases de Efecto Invernadero, una de las normas internacionales que valida el c\u00e1lculo de la huella de carbono, demostrando as\u00ed su compromiso con el medio ambiente y la reducci\u00f3n en las emisiones.\u00a0 La huella de carbono es una m\u00e9trica crucial en la lucha contra &#8230; <\/p>\n<p class=\"read-more-container\"><a title=\"Ribera Lab certifica su huella de carbono y demuestra su compromiso firme con el medio ambiente\" class=\"read-more button\" href=\"https:\/\/riberasalud.com\/ribera-lab\/ribera-lab-certifica-su-huella-de-carbono-y-demuestra-su-compromiso-firme-con-el-medio-ambiente\/#more-16061\" aria-label=\"Leer m\u00e1s sobre Ribera Lab certifica su huella de carbono y demuestra su compromiso firme con el medio ambiente\">Leer m\u00e1s<\/a><\/p>\n","protected":false},"author":2,"featured_media":16062,"comment_status":"open","ping_status":"open","sticky":false,"template":"","format":"standard","meta":{"footnotes":""},"categories":[71],"tags":[68,53,69,70],"class_list":["post-16061","post","type-post","status-publish","format-standard","has-post-thumbnail","hentry","category-medio-ambiente","tag-calidad","tag-compromiso","tag-huella-de-carbono","tag-medio-ambiente"],"yoast_head":"<!-- This site is optimized with the Yoast SEO plugin v26.6 - https:\/\/yoast.com\/wordpress\/plugins\/seo\/ -->\n<title>Ribera Lab certifica su huella de carbono y demuestra su compromiso firme con el medio ambiente - Ribera Lab<\/title>\n<meta name=\"description\" content=\"Esta exigente certificaci\u00f3n internacional verifica la totalidad de gases de efecto invernadero emitidos, y permite implementar estrategias de reducci\u00f3n de emisiones\" \/>\n<meta name=\"robots\" content=\"index, follow, max-snippet:-1, max-image-preview:large, max-video-preview:-1\" \/>\n<link rel=\"canonical\" href=\"https:\/\/riberasalud.com\/ribera-lab\/ribera-lab-certifica-su-huella-de-carbono-y-demuestra-su-compromiso-firme-con-el-medio-ambiente\/\" \/>\n<meta property=\"og:locale\" content=\"es_ES\" \/>\n<meta property=\"og:type\" content=\"article\" \/>\n<meta property=\"og:title\" content=\"Ribera Lab certifica su huella de carbono y demuestra su compromiso firme con el medio ambiente - Ribera Lab\" \/>\n<meta property=\"og:description\" content=\"Esta exigente certificaci\u00f3n internacional verifica la totalidad de gases de efecto invernadero emitidos, y permite implementar estrategias de reducci\u00f3n de emisiones\" \/>\n<meta property=\"og:url\" content=\"https:\/\/riberasalud.com\/ribera-lab\/ribera-lab-certifica-su-huella-de-carbono-y-demuestra-su-compromiso-firme-con-el-medio-ambiente\/\" \/>\n<meta property=\"og:site_name\" content=\"Ribera Lab\" \/>\n<meta property=\"article:published_time\" content=\"2025-01-15T10:34:20+00:00\" \/>\n<meta property=\"og:image\" content=\"https:\/\/riberasalud.com\/ribera-lab\/wp-content\/uploads\/2025\/01\/Profesionales-del-grupo-Ribera-en-su-laboratorio-central-en-Elche.jpg\" \/>\n\t<meta property=\"og:image:width\" content=\"800\" \/>\n\t<meta property=\"og:image:height\" content=\"533\" \/>\n\t<meta property=\"og:image:type\" content=\"image\/jpeg\" \/>\n<meta name=\"author\" content=\"marsanchez\" \/>\n<meta name=\"twitter:card\" content=\"summary_large_image\" \/>\n<meta name=\"twitter:label1\" content=\"Escrito por\" \/>\n\t<meta name=\"twitter:data1\" content=\"marsanchez\" \/>\n\t<meta name=\"twitter:label2\" content=\"Tiempo de lectura\" \/>\n\t<meta name=\"twitter:data2\" content=\"2 minutos\" \/>\n<script type=\"application\/ld+json\" class=\"yoast-schema-graph\">{\"@context\":\"https:\/\/schema.org\",\"@graph\":[{\"@type\":\"Article\",\"@id\":\"https:\/\/riberasalud.com\/ribera-lab\/ribera-lab-certifica-su-huella-de-carbono-y-demuestra-su-compromiso-firme-con-el-medio-ambiente\/#article\",\"isPartOf\":{\"@id\":\"https:\/\/riberasalud.com\/ribera-lab\/ribera-lab-certifica-su-huella-de-carbono-y-demuestra-su-compromiso-firme-con-el-medio-ambiente\/\"},\"author\":{\"name\":\"marsanchez\",\"@id\":\"https:\/\/riberasalud.com\/ribera-lab\/#\/schema\/person\/2ec20d8627f802c9402f828b3eb51693\"},\"headline\":\"Ribera Lab certifica su huella de carbono y demuestra su compromiso firme con el medio ambiente\",\"datePublished\":\"2025-01-15T10:34:20+00:00\",\"mainEntityOfPage\":{\"@id\":\"https:\/\/riberasalud.com\/ribera-lab\/ribera-lab-certifica-su-huella-de-carbono-y-demuestra-su-compromiso-firme-con-el-medio-ambiente\/\"},\"wordCount\":355,\"commentCount\":0,\"publisher\":{\"@id\":\"https:\/\/riberasalud.com\/ribera-lab\/#organization\"},\"image\":{\"@id\":\"https:\/\/riberasalud.com\/ribera-lab\/ribera-lab-certifica-su-huella-de-carbono-y-demuestra-su-compromiso-firme-con-el-medio-ambiente\/#primaryimage\"},\"thumbnailUrl\":\"https:\/\/riberasalud.com\/ribera-lab\/wp-content\/uploads\/2025\/01\/Profesionales-del-grupo-Ribera-en-su-laboratorio-central-en-Elche.jpg\",\"keywords\":[\"calidad\",\"compromiso\",\"huella de carbono\",\"medio ambiente\"],\"articleSection\":[\"Medio Ambiente\"],\"inLanguage\":\"es\",\"potentialAction\":[{\"@type\":\"CommentAction\",\"name\":\"Comment\",\"target\":[\"https:\/\/riberasalud.com\/ribera-lab\/ribera-lab-certifica-su-huella-de-carbono-y-demuestra-su-compromiso-firme-con-el-medio-ambiente\/#respond\"]}]},{\"@type\":\"WebPage\",\"@id\":\"https:\/\/riberasalud.com\/ribera-lab\/ribera-lab-certifica-su-huella-de-carbono-y-demuestra-su-compromiso-firme-con-el-medio-ambiente\/\",\"url\":\"https:\/\/riberasalud.com\/ribera-lab\/ribera-lab-certifica-su-huella-de-carbono-y-demuestra-su-compromiso-firme-con-el-medio-ambiente\/\",\"name\":\"Ribera Lab certifica su huella de carbono y demuestra su compromiso firme con el medio ambiente - Ribera Lab\",\"isPartOf\":{\"@id\":\"https:\/\/riberasalud.com\/ribera-lab\/#website\"},\"primaryImageOfPage\":{\"@id\":\"https:\/\/riberasalud.com\/ribera-lab\/ribera-lab-certifica-su-huella-de-carbono-y-demuestra-su-compromiso-firme-con-el-medio-ambiente\/#primaryimage\"},\"image\":{\"@id\":\"https:\/\/riberasalud.com\/ribera-lab\/ribera-lab-certifica-su-huella-de-carbono-y-demuestra-su-compromiso-firme-con-el-medio-ambiente\/#primaryimage\"},\"thumbnailUrl\":\"https:\/\/riberasalud.com\/ribera-lab\/wp-content\/uploads\/2025\/01\/Profesionales-del-grupo-Ribera-en-su-laboratorio-central-en-Elche.jpg\",\"datePublished\":\"2025-01-15T10:34:20+00:00\",\"description\":\"Esta exigente certificaci\u00f3n internacional verifica la totalidad de gases de efecto invernadero emitidos, y permite implementar estrategias de reducci\u00f3n de emisiones\",\"breadcrumb\":{\"@id\":\"https:\/\/riberasalud.com\/ribera-lab\/ribera-lab-certifica-su-huella-de-carbono-y-demuestra-su-compromiso-firme-con-el-medio-ambiente\/#breadcrumb\"},\"inLanguage\":\"es\",\"potentialAction\":[{\"@type\":\"ReadAction\",\"target\":[\"https:\/\/riberasalud.com\/ribera-lab\/ribera-lab-certifica-su-huella-de-carbono-y-demuestra-su-compromiso-firme-con-el-medio-ambiente\/\"]}]},{\"@type\":\"ImageObject\",\"inLanguage\":\"es\",\"@id\":\"https:\/\/riberasalud.com\/ribera-lab\/ribera-lab-certifica-su-huella-de-carbono-y-demuestra-su-compromiso-firme-con-el-medio-ambiente\/#primaryimage\",\"url\":\"https:\/\/riberasalud.com\/ribera-lab\/wp-content\/uploads\/2025\/01\/Profesionales-del-grupo-Ribera-en-su-laboratorio-central-en-Elche.jpg\",\"contentUrl\":\"https:\/\/riberasalud.com\/ribera-lab\/wp-content\/uploads\/2025\/01\/Profesionales-del-grupo-Ribera-en-su-laboratorio-central-en-Elche.jpg\",\"width\":800,\"height\":533,\"caption\":\"laboratorio\"},{\"@type\":\"BreadcrumbList\",\"@id\":\"https:\/\/riberasalud.com\/ribera-lab\/ribera-lab-certifica-su-huella-de-carbono-y-demuestra-su-compromiso-firme-con-el-medio-ambiente\/#breadcrumb\",\"itemListElement\":[{\"@type\":\"ListItem\",\"position\":1,\"name\":\"Portada\",\"item\":\"https:\/\/riberasalud.com\/ribera-lab\/\"},{\"@type\":\"ListItem\",\"position\":2,\"name\":\"Ribera Lab certifica su huella de carbono y demuestra su compromiso firme con el medio ambiente\"}]},{\"@type\":\"WebSite\",\"@id\":\"https:\/\/riberasalud.com\/ribera-lab\/#website\",\"url\":\"https:\/\/riberasalud.com\/ribera-lab\/\",\"name\":\"Ribera Lab\",\"description\":\"\",\"publisher\":{\"@id\":\"https:\/\/riberasalud.com\/ribera-lab\/#organization\"},\"potentialAction\":[{\"@type\":\"SearchAction\",\"target\":{\"@type\":\"EntryPoint\",\"urlTemplate\":\"https:\/\/riberasalud.com\/ribera-lab\/?s={search_term_string}\"},\"query-input\":{\"@type\":\"PropertyValueSpecification\",\"valueRequired\":true,\"valueName\":\"search_term_string\"}}],\"inLanguage\":\"es\"},{\"@type\":\"Organization\",\"@id\":\"https:\/\/riberasalud.com\/ribera-lab\/#organization\",\"name\":\"Ribera Lab\",\"url\":\"https:\/\/riberasalud.com\/ribera-lab\/\",\"logo\":{\"@type\":\"ImageObject\",\"inLanguage\":\"es\",\"@id\":\"https:\/\/riberasalud.com\/ribera-lab\/#\/schema\/logo\/image\/\",\"url\":\"https:\/\/riberasalud.com\/ribera-lab\/wp-content\/uploads\/2024\/10\/cropped-cropped-Logo-Red-Lab-1.png\",\"contentUrl\":\"https:\/\/riberasalud.com\/ribera-lab\/wp-content\/uploads\/2024\/10\/cropped-cropped-Logo-Red-Lab-1.png\",\"width\":1611,\"height\":474,\"caption\":\"Ribera Lab\"},\"image\":{\"@id\":\"https:\/\/riberasalud.com\/ribera-lab\/#\/schema\/logo\/image\/\"}},{\"@type\":\"Person\",\"@id\":\"https:\/\/riberasalud.com\/ribera-lab\/#\/schema\/person\/2ec20d8627f802c9402f828b3eb51693\",\"name\":\"marsanchez\",\"image\":{\"@type\":\"ImageObject\",\"inLanguage\":\"es\",\"@id\":\"https:\/\/riberasalud.com\/ribera-lab\/#\/schema\/person\/image\/\",\"url\":\"https:\/\/secure.gravatar.com\/avatar\/0e2ddfa6ca50f038a905865f19439697542e5743a0628f67c9fac9c893b311be?s=96&d=mm&r=g\",\"contentUrl\":\"https:\/\/secure.gravatar.com\/avatar\/0e2ddfa6ca50f038a905865f19439697542e5743a0628f67c9fac9c893b311be?s=96&d=mm&r=g\",\"caption\":\"marsanchez\"},\"url\":\"https:\/\/riberasalud.com\/ribera-lab\/author\/marsanchez\/\"}]}<\/script>\n<!-- \/ Yoast SEO plugin. -->","yoast_head_json":{"title":"Ribera Lab certifica su huella de carbono y demuestra su compromiso firme con el medio ambiente - Ribera Lab","description":"Esta exigente certificaci\u00f3n internacional verifica la totalidad de gases de efecto invernadero emitidos, y permite implementar estrategias de reducci\u00f3n de emisiones","robots":{"index":"index","follow":"follow","max-snippet":"max-snippet:-1","max-image-preview":"max-image-preview:large","max-video-preview":"max-video-preview:-1"},"canonical":"https:\/\/riberasalud.com\/ribera-lab\/ribera-lab-certifica-su-huella-de-carbono-y-demuestra-su-compromiso-firme-con-el-medio-ambiente\/","og_locale":"es_ES","og_type":"article","og_title":"Ribera Lab certifica su huella de carbono y demuestra su compromiso firme con el medio ambiente - Ribera Lab","og_description":"Esta exigente certificaci\u00f3n internacional verifica la totalidad de gases de efecto invernadero emitidos, y permite implementar estrategias de reducci\u00f3n de emisiones","og_url":"https:\/\/riberasalud.com\/ribera-lab\/ribera-lab-certifica-su-huella-de-carbono-y-demuestra-su-compromiso-firme-con-el-medio-ambiente\/","og_site_name":"Ribera Lab","article_published_time":"2025-01-15T10:34:20+00:00","og_image":[{"width":800,"height":533,"url":"https:\/\/riberasalud.com\/ribera-lab\/wp-content\/uploads\/2025\/01\/Profesionales-del-grupo-Ribera-en-su-laboratorio-central-en-Elche.jpg","type":"image\/jpeg"}],"author":"marsanchez","twitter_card":"summary_large_image","twitter_misc":{"Escrito por":"marsanchez","Tiempo de lectura":"2 minutos"},"schema":{"@context":"https:\/\/schema.org","@graph":[{"@type":"Article","@id":"https:\/\/riberasalud.com\/ribera-lab\/ribera-lab-certifica-su-huella-de-carbono-y-demuestra-su-compromiso-firme-con-el-medio-ambiente\/#article","isPartOf":{"@id":"https:\/\/riberasalud.com\/ribera-lab\/ribera-lab-certifica-su-huella-de-carbono-y-demuestra-su-compromiso-firme-con-el-medio-ambiente\/"},"author":{"name":"marsanchez","@id":"https:\/\/riberasalud.com\/ribera-lab\/#\/schema\/person\/2ec20d8627f802c9402f828b3eb51693"},"headline":"Ribera Lab certifica su huella de carbono y demuestra su compromiso firme con el medio ambiente","datePublished":"2025-01-15T10:34:20+00:00","mainEntityOfPage":{"@id":"https:\/\/riberasalud.com\/ribera-lab\/ribera-lab-certifica-su-huella-de-carbono-y-demuestra-su-compromiso-firme-con-el-medio-ambiente\/"},"wordCount":355,"commentCount":0,"publisher":{"@id":"https:\/\/riberasalud.com\/ribera-lab\/#organization"},"image":{"@id":"https:\/\/riberasalud.com\/ribera-lab\/ribera-lab-certifica-su-huella-de-carbono-y-demuestra-su-compromiso-firme-con-el-medio-ambiente\/#primaryimage"},"thumbnailUrl":"https:\/\/riberasalud.com\/ribera-lab\/wp-content\/uploads\/2025\/01\/Profesionales-del-grupo-Ribera-en-su-laboratorio-central-en-Elche.jpg","keywords":["calidad","compromiso","huella de carbono","medio ambiente"],"articleSection":["Medio Ambiente"],"inLanguage":"es","potentialAction":[{"@type":"CommentAction","name":"Comment","target":["https:\/\/riberasalud.com\/ribera-lab\/ribera-lab-certifica-su-huella-de-carbono-y-demuestra-su-compromiso-firme-con-el-medio-ambiente\/#respond"]}]},{"@type":"WebPage","@id":"https:\/\/riberasalud.com\/ribera-lab\/ribera-lab-certifica-su-huella-de-carbono-y-demuestra-su-compromiso-firme-con-el-medio-ambiente\/","url":"https:\/\/riberasalud.com\/ribera-lab\/ribera-lab-certifica-su-huella-de-carbono-y-demuestra-su-compromiso-firme-con-el-medio-ambiente\/","name":"Ribera Lab certifica su huella de carbono y demuestra su compromiso firme con el medio ambiente - Ribera Lab","isPartOf":{"@id":"https:\/\/riberasalud.com\/ribera-lab\/#website"},"primaryImageOfPage":{"@id":"https:\/\/riberasalud.com\/ribera-lab\/ribera-lab-certifica-su-huella-de-carbono-y-demuestra-su-compromiso-firme-con-el-medio-ambiente\/#primaryimage"},"image":{"@id":"https:\/\/riberasalud.com\/ribera-lab\/ribera-lab-certifica-su-huella-de-carbono-y-demuestra-su-compromiso-firme-con-el-medio-ambiente\/#primaryimage"},"thumbnailUrl":"https:\/\/riberasalud.com\/ribera-lab\/wp-content\/uploads\/2025\/01\/Profesionales-del-grupo-Ribera-en-su-laboratorio-central-en-Elche.jpg","datePublished":"2025-01-15T10:34:20+00:00","description":"Esta exigente certificaci\u00f3n internacional verifica la totalidad de gases de efecto invernadero emitidos, y permite implementar estrategias de reducci\u00f3n de emisiones","breadcrumb":{"@id":"https:\/\/riberasalud.com\/ribera-lab\/ribera-lab-certifica-su-huella-de-carbono-y-demuestra-su-compromiso-firme-con-el-medio-ambiente\/#breadcrumb"},"inLanguage":"es","potentialAction":[{"@type":"ReadAction","target":["https:\/\/riberasalud.com\/ribera-lab\/ribera-lab-certifica-su-huella-de-carbono-y-demuestra-su-compromiso-firme-con-el-medio-ambiente\/"]}]},{"@type":"ImageObject","inLanguage":"es","@id":"https:\/\/riberasalud.com\/ribera-lab\/ribera-lab-certifica-su-huella-de-carbono-y-demuestra-su-compromiso-firme-con-el-medio-ambiente\/#primaryimage","url":"https:\/\/riberasalud.com\/ribera-lab\/wp-content\/uploads\/2025\/01\/Profesionales-del-grupo-Ribera-en-su-laboratorio-central-en-Elche.jpg","contentUrl":"https:\/\/riberasalud.com\/ribera-lab\/wp-content\/uploads\/2025\/01\/Profesionales-del-grupo-Ribera-en-su-laboratorio-central-en-Elche.jpg","width":800,"height":533,"caption":"laboratorio"},{"@type":"BreadcrumbList","@id":"https:\/\/riberasalud.com\/ribera-lab\/ribera-lab-certifica-su-huella-de-carbono-y-demuestra-su-compromiso-firme-con-el-medio-ambiente\/#breadcrumb","itemListElement":[{"@type":"ListItem","position":1,"name":"Portada","item":"https:\/\/riberasalud.com\/ribera-lab\/"},{"@type":"ListItem","position":2,"name":"Ribera Lab certifica su huella de carbono y demuestra su compromiso firme con el medio ambiente"}]},{"@type":"WebSite","@id":"https:\/\/riberasalud.com\/ribera-lab\/#website","url":"https:\/\/riberasalud.com\/ribera-lab\/","name":"Ribera Lab","description":"","publisher":{"@id":"https:\/\/riberasalud.com\/ribera-lab\/#organization"},"potentialAction":[{"@type":"SearchAction","target":{"@type":"EntryPoint","urlTemplate":"https:\/\/riberasalud.com\/ribera-lab\/?s={search_term_string}"},"query-input":{"@type":"PropertyValueSpecification","valueRequired":true,"valueName":"search_term_string"}}],"inLanguage":"es"},{"@type":"Organization","@id":"https:\/\/riberasalud.com\/ribera-lab\/#organization","name":"Ribera Lab","url":"https:\/\/riberasalud.com\/ribera-lab\/","logo":{"@type":"ImageObject","inLanguage":"es","@id":"https:\/\/riberasalud.com\/ribera-lab\/#\/schema\/logo\/image\/","url":"https:\/\/riberasalud.com\/ribera-lab\/wp-content\/uploads\/2024\/10\/cropped-cropped-Logo-Red-Lab-1.png","contentUrl":"https:\/\/riberasalud.com\/ribera-lab\/wp-content\/uploads\/2024\/10\/cropped-cropped-Logo-Red-Lab-1.png","width":1611,"height":474,"caption":"Ribera Lab"},"image":{"@id":"https:\/\/riberasalud.com\/ribera-lab\/#\/schema\/logo\/image\/"}},{"@type":"Person","@id":"https:\/\/riberasalud.com\/ribera-lab\/#\/schema\/person\/2ec20d8627f802c9402f828b3eb51693","name":"marsanchez","image":{"@type":"ImageObject","inLanguage":"es","@id":"https:\/\/riberasalud.com\/ribera-lab\/#\/schema\/person\/image\/","url":"https:\/\/secure.gravatar.com\/avatar\/0e2ddfa6ca50f038a905865f19439697542e5743a0628f67c9fac9c893b311be?s=96&d=mm&r=g","contentUrl":"https:\/\/secure.gravatar.com\/avatar\/0e2ddfa6ca50f038a905865f19439697542e5743a0628f67c9fac9c893b311be?s=96&d=mm&r=g","caption":"marsanchez"},"url":"https:\/\/riberasalud.com\/ribera-lab\/author\/marsanchez\/"}]}},"_links":{"self":[{"href":"https:\/\/riberasalud.com\/ribera-lab\/wp-json\/wp\/v2\/posts\/16061","targetHints":{"allow":["GET"]}}],"collection":[{"href":"https:\/\/riberasalud.com\/ribera-lab\/wp-json\/wp\/v2\/posts"}],"about":[{"href":"https:\/\/riberasalud.com\/ribera-lab\/wp-json\/wp\/v2\/types\/post"}],"author":[{"embeddable":true,"href":"https:\/\/riberasalud.com\/ribera-lab\/wp-json\/wp\/v2\/users\/2"}],"replies":[{"embeddable":true,"href":"https:\/\/riberasalud.com\/ribera-lab\/wp-json\/wp\/v2\/comments?post=16061"}],"version-history":[{"count":0,"href":"https:\/\/riberasalud.com\/ribera-lab\/wp-json\/wp\/v2\/posts\/16061\/revisions"}],"wp:featuredmedia":[{"embeddable":true,"href":"https:\/\/riberasalud.com\/ribera-lab\/wp-json\/wp\/v2\/media\/16062"}],"wp:attachment":[{"href":"https:\/\/riberasalud.com\/ribera-lab\/wp-json\/wp\/v2\/media?parent=16061"}],"wp:term":[{"taxonomy":"category","embeddable":true,"href":"https:\/\/riberasalud.com\/ribera-lab\/wp-json\/wp\/v2\/categories?post=16061"},{"taxonomy":"post_tag","embeddable":true,"href":"https:\/\/riberasalud.com\/ribera-lab\/wp-json\/wp\/v2\/tags?post=16061"}],"curies":[{"name":"wp","href":"https:\/\/api.w.org\/{rel}","templated":true}]}}