{"id":16054,"date":"2024-12-12T10:32:56","date_gmt":"2024-12-12T10:32:56","guid":{"rendered":"https:\/\/www.riberasalud.com\/ribera-lab\/?p=16054"},"modified":"2024-12-12T10:32:56","modified_gmt":"2024-12-12T10:32:56","slug":"ribera-lab-presenta-ocho-comunicaciones-en-el-xviii-congreso-nacional-labclin-bilbao-2024","status":"publish","type":"post","link":"https:\/\/riberasalud.com\/ribera-lab\/ribera-lab-presenta-ocho-comunicaciones-en-el-xviii-congreso-nacional-labclin-bilbao-2024\/","title":{"rendered":"Ribera Lab presenta ocho comunicaciones en el XVIII Congreso Nacional Labclin Bilbao 2024"},"content":{"rendered":"\n<ul class=\"wp-block-list\">\n<li>Los estudios se han enfocado a la detecci\u00f3n y gesti\u00f3n de incidencias sobre las muestras recibidas en el laboratorio<\/li>\n\n\n\n<li>El objetivo es integrar la informaci\u00f3n de los sistemas de laboratorio con la historia cl\u00ednica hospitalaria en los pr\u00f3ximos a\u00f1os, y as\u00ed desarrollar algoritmos m\u00e1s potentes de gesti\u00f3n de pruebas anal\u00edticas, c\u00e1lculos autom\u00e1ticos de scores cl\u00ednicos y sugerencias para el diagn\u00f3stico<\/li>\n<\/ul>\n\n\n\n<p><a href=\"https:\/\/riberasalud.com\/ribera-lab\/\">Ribera Lab<\/a>, la divisi\u00f3n de laboratorio del grupo sanitario <a href=\"https:\/\/www.riberasalud.com\/\">Ribera<\/a>, ha presentado ocho comunicaciones en el XVIII Congreso Nacional de Laboratorio Cl\u00ednico (Labclin), centradas en la detecci\u00f3n y gesti\u00f3n de incidencias que afectan a las muestras recibidas en el laboratorio y su adecuada notificaci\u00f3n para una r\u00e1pida resoluci\u00f3n y atenci\u00f3n de calidad a los pacientes. \u00a0 <\/p>\n\n\n\n<p>Un equipo de profesionales de Ribera Lab ha asistido al XVIII Congreso Nacional de Laboratorio Cl\u00ednico recientemente en Bilbao, una cita que este a\u00f1o ha puesto el foco en la seguridad y la sostenibilidad de los laboratorios cl\u00ednicos, la gesti\u00f3n de datos, la optimizaci\u00f3n de procesos y la implementaci\u00f3n de algoritmos diagn\u00f3sticos y el papel cada vez m\u00e1s importante de la inteligencia artificial en todos estos \u00e1mbitos. \u00a0 <\/p>\n\n\n\n<p>La directora t\u00e9cnica de Ribera Lab, Lara Hernando, ha explicado que \u201ctambi\u00e9n se han presentado en este congreso trabajos centrados en la adecuada gesti\u00f3n de la demanda de pruebas solicitadas por los m\u00e9dicos del grupo, priorizando los ensayos m\u00e1s eficientes y la ampliaci\u00f3n o anulaci\u00f3n de pruebas, en funci\u00f3n de la adecuaci\u00f3n al paciente y a su patolog\u00eda, con el objetivo de integrar la informaci\u00f3n de los sistemas de laboratorio con la historia cl\u00ednica hospitalaria en los pr\u00f3ximos a\u00f1os, y as\u00ed desarrollar algoritmos m\u00e1s potentes de gesti\u00f3n de pruebas anal\u00edticas, c\u00e1lculos autom\u00e1ticos de <em>scores<\/em> cl\u00ednicos y sugerencias para el diagn\u00f3stico\u201d. <\/p>\n\n\n\n<p>Las comunicaciones presentadas por el equipo de Ribera Lab que asisti\u00f3 al congreso son: Avances en el diagn\u00f3stico de s\u00edfilis: Implementaci\u00f3n del algoritmo inverso y an\u00e1lisis de su impacto econ\u00f3mico en el laboratorio; Estudio de comparaci\u00f3n de dos m\u00e9todos para la determinaci\u00f3n de la gonadotropina cori\u00f3nica humana; Estudio del alelo HLA B27\u00a0 por citometr\u00eda de flujo: identificaci\u00f3n de un umbral de alta sensibilidad para la realizaci\u00f3n de PCR confirmatoria; Evaluaci\u00f3n de un sistema de notificaci\u00f3n de incidencias preanal\u00edticas; Influencia de la temperatura estacional en la determinaci\u00f3n de creatinina; Punto de corte para la evaluaci\u00f3n de la resistencia a la prote\u00edna C activada por PCR; A prop\u00f3sito de un caso: Mieloma m\u00faltiple IgG Kappa secretor de CA 125; y Prevalencia de la deficiencia y la insuficiencia de vitamina D en mujeres embarazadas.<\/p>\n","protected":false},"excerpt":{"rendered":"<p>Ribera Lab, la divisi\u00f3n de laboratorio del grupo sanitario Ribera, ha presentado ocho comunicaciones en el XVIII Congreso Nacional de Laboratorio Cl\u00ednico (Labclin), centradas en la detecci\u00f3n y gesti\u00f3n de incidencias que afectan a las muestras recibidas en el laboratorio y su adecuada notificaci\u00f3n para una r\u00e1pida resoluci\u00f3n y atenci\u00f3n de calidad a los pacientes. &#8230; <\/p>\n<p class=\"read-more-container\"><a title=\"Ribera Lab presenta ocho comunicaciones en el XVIII Congreso Nacional Labclin Bilbao 2024\" class=\"read-more button\" href=\"https:\/\/riberasalud.com\/ribera-lab\/ribera-lab-presenta-ocho-comunicaciones-en-el-xviii-congreso-nacional-labclin-bilbao-2024\/#more-16054\" aria-label=\"Leer m\u00e1s sobre Ribera Lab presenta ocho comunicaciones en el XVIII Congreso Nacional Labclin Bilbao 2024\">Leer m\u00e1s<\/a><\/p>\n","protected":false},"author":2,"featured_media":16055,"comment_status":"open","ping_status":"open","sticky":false,"template":"","format":"standard","meta":{"footnotes":""},"categories":[48,6,43],"tags":[63,47,64,65,66,24,67],"class_list":["post-16054","post","type-post","status-publish","format-standard","has-post-thumbnail","hentry","category-congreso","category-gestion","category-tecnologia","tag-comunicaciones","tag-congreso","tag-congreso-nacional-labclin-bilbao-2024","tag-gestion","tag-incidencias","tag-laboratorio","tag-muestras"],"yoast_head":"<!-- This site is optimized with the Yoast SEO plugin v26.6 - https:\/\/yoast.com\/wordpress\/plugins\/seo\/ -->\n<title>Ribera Lab presenta ocho comunicaciones en el XVIII Congreso Nacional Labclin Bilbao 2024 - Ribera Lab<\/title>\n<meta name=\"description\" content=\"Ribera Lab ha presentado ocho comunicaciones en el XVIII Congreso Nacional de Laboratorio Cl\u00ednico (Labclin).\" \/>\n<meta name=\"robots\" content=\"index, follow, max-snippet:-1, max-image-preview:large, max-video-preview:-1\" \/>\n<link rel=\"canonical\" href=\"https:\/\/riberasalud.com\/ribera-lab\/ribera-lab-presenta-ocho-comunicaciones-en-el-xviii-congreso-nacional-labclin-bilbao-2024\/\" \/>\n<meta property=\"og:locale\" content=\"es_ES\" \/>\n<meta property=\"og:type\" content=\"article\" \/>\n<meta property=\"og:title\" content=\"Ribera Lab presenta ocho comunicaciones en el XVIII Congreso Nacional Labclin Bilbao 2024 - Ribera Lab\" \/>\n<meta property=\"og:description\" content=\"Ribera Lab ha presentado ocho comunicaciones en el XVIII Congreso Nacional de Laboratorio Cl\u00ednico (Labclin).\" \/>\n<meta property=\"og:url\" content=\"https:\/\/riberasalud.com\/ribera-lab\/ribera-lab-presenta-ocho-comunicaciones-en-el-xviii-congreso-nacional-labclin-bilbao-2024\/\" \/>\n<meta property=\"og:site_name\" content=\"Ribera Lab\" \/>\n<meta property=\"article:published_time\" content=\"2024-12-12T10:32:56+00:00\" \/>\n<meta property=\"og:image\" content=\"https:\/\/riberasalud.com\/ribera-lab\/wp-content\/uploads\/2024\/12\/20241122_110619-1.jpg\" \/>\n\t<meta property=\"og:image:width\" content=\"800\" \/>\n\t<meta property=\"og:image:height\" content=\"533\" \/>\n\t<meta property=\"og:image:type\" content=\"image\/jpeg\" \/>\n<meta name=\"author\" content=\"marsanchez\" \/>\n<meta name=\"twitter:card\" content=\"summary_large_image\" \/>\n<meta name=\"twitter:label1\" content=\"Escrito por\" \/>\n\t<meta name=\"twitter:data1\" content=\"marsanchez\" \/>\n\t<meta name=\"twitter:label2\" content=\"Tiempo de lectura\" \/>\n\t<meta name=\"twitter:data2\" content=\"2 minutos\" \/>\n<script type=\"application\/ld+json\" class=\"yoast-schema-graph\">{\"@context\":\"https:\/\/schema.org\",\"@graph\":[{\"@type\":\"Article\",\"@id\":\"https:\/\/riberasalud.com\/ribera-lab\/ribera-lab-presenta-ocho-comunicaciones-en-el-xviii-congreso-nacional-labclin-bilbao-2024\/#article\",\"isPartOf\":{\"@id\":\"https:\/\/riberasalud.com\/ribera-lab\/ribera-lab-presenta-ocho-comunicaciones-en-el-xviii-congreso-nacional-labclin-bilbao-2024\/\"},\"author\":{\"name\":\"marsanchez\",\"@id\":\"https:\/\/riberasalud.com\/ribera-lab\/#\/schema\/person\/2ec20d8627f802c9402f828b3eb51693\"},\"headline\":\"Ribera Lab presenta ocho comunicaciones en el XVIII Congreso Nacional Labclin Bilbao 2024\",\"datePublished\":\"2024-12-12T10:32:56+00:00\",\"mainEntityOfPage\":{\"@id\":\"https:\/\/riberasalud.com\/ribera-lab\/ribera-lab-presenta-ocho-comunicaciones-en-el-xviii-congreso-nacional-labclin-bilbao-2024\/\"},\"wordCount\":494,\"commentCount\":0,\"publisher\":{\"@id\":\"https:\/\/riberasalud.com\/ribera-lab\/#organization\"},\"image\":{\"@id\":\"https:\/\/riberasalud.com\/ribera-lab\/ribera-lab-presenta-ocho-comunicaciones-en-el-xviii-congreso-nacional-labclin-bilbao-2024\/#primaryimage\"},\"thumbnailUrl\":\"https:\/\/riberasalud.com\/ribera-lab\/wp-content\/uploads\/2024\/12\/20241122_110619-1.jpg\",\"keywords\":[\"comunicaciones\",\"congreso\",\"Congreso Nacional Labclin Bilbao 2024\",\"gesti\u00f3n\",\"incidencias\",\"laboratorio\",\"muestras\"],\"articleSection\":[\"Congreso\",\"Gesti\u00f3n\",\"Tecnolog\u00eda\"],\"inLanguage\":\"es\",\"potentialAction\":[{\"@type\":\"CommentAction\",\"name\":\"Comment\",\"target\":[\"https:\/\/riberasalud.com\/ribera-lab\/ribera-lab-presenta-ocho-comunicaciones-en-el-xviii-congreso-nacional-labclin-bilbao-2024\/#respond\"]}]},{\"@type\":\"WebPage\",\"@id\":\"https:\/\/riberasalud.com\/ribera-lab\/ribera-lab-presenta-ocho-comunicaciones-en-el-xviii-congreso-nacional-labclin-bilbao-2024\/\",\"url\":\"https:\/\/riberasalud.com\/ribera-lab\/ribera-lab-presenta-ocho-comunicaciones-en-el-xviii-congreso-nacional-labclin-bilbao-2024\/\",\"name\":\"Ribera Lab presenta ocho comunicaciones en el XVIII Congreso Nacional Labclin Bilbao 2024 - Ribera Lab\",\"isPartOf\":{\"@id\":\"https:\/\/riberasalud.com\/ribera-lab\/#website\"},\"primaryImageOfPage\":{\"@id\":\"https:\/\/riberasalud.com\/ribera-lab\/ribera-lab-presenta-ocho-comunicaciones-en-el-xviii-congreso-nacional-labclin-bilbao-2024\/#primaryimage\"},\"image\":{\"@id\":\"https:\/\/riberasalud.com\/ribera-lab\/ribera-lab-presenta-ocho-comunicaciones-en-el-xviii-congreso-nacional-labclin-bilbao-2024\/#primaryimage\"},\"thumbnailUrl\":\"https:\/\/riberasalud.com\/ribera-lab\/wp-content\/uploads\/2024\/12\/20241122_110619-1.jpg\",\"datePublished\":\"2024-12-12T10:32:56+00:00\",\"description\":\"Ribera Lab ha presentado ocho comunicaciones en el XVIII Congreso Nacional de Laboratorio Cl\u00ednico (Labclin).\",\"breadcrumb\":{\"@id\":\"https:\/\/riberasalud.com\/ribera-lab\/ribera-lab-presenta-ocho-comunicaciones-en-el-xviii-congreso-nacional-labclin-bilbao-2024\/#breadcrumb\"},\"inLanguage\":\"es\",\"potentialAction\":[{\"@type\":\"ReadAction\",\"target\":[\"https:\/\/riberasalud.com\/ribera-lab\/ribera-lab-presenta-ocho-comunicaciones-en-el-xviii-congreso-nacional-labclin-bilbao-2024\/\"]}]},{\"@type\":\"ImageObject\",\"inLanguage\":\"es\",\"@id\":\"https:\/\/riberasalud.com\/ribera-lab\/ribera-lab-presenta-ocho-comunicaciones-en-el-xviii-congreso-nacional-labclin-bilbao-2024\/#primaryimage\",\"url\":\"https:\/\/riberasalud.com\/ribera-lab\/wp-content\/uploads\/2024\/12\/20241122_110619-1.jpg\",\"contentUrl\":\"https:\/\/riberasalud.com\/ribera-lab\/wp-content\/uploads\/2024\/12\/20241122_110619-1.jpg\",\"width\":800,\"height\":533,\"caption\":\"XVIII Congreso Nacional Labclin Bilbao 2024\"},{\"@type\":\"BreadcrumbList\",\"@id\":\"https:\/\/riberasalud.com\/ribera-lab\/ribera-lab-presenta-ocho-comunicaciones-en-el-xviii-congreso-nacional-labclin-bilbao-2024\/#breadcrumb\",\"itemListElement\":[{\"@type\":\"ListItem\",\"position\":1,\"name\":\"Portada\",\"item\":\"https:\/\/riberasalud.com\/ribera-lab\/\"},{\"@type\":\"ListItem\",\"position\":2,\"name\":\"Ribera Lab presenta ocho comunicaciones en el XVIII Congreso Nacional Labclin Bilbao 2024\"}]},{\"@type\":\"WebSite\",\"@id\":\"https:\/\/riberasalud.com\/ribera-lab\/#website\",\"url\":\"https:\/\/riberasalud.com\/ribera-lab\/\",\"name\":\"Ribera Lab\",\"description\":\"\",\"publisher\":{\"@id\":\"https:\/\/riberasalud.com\/ribera-lab\/#organization\"},\"potentialAction\":[{\"@type\":\"SearchAction\",\"target\":{\"@type\":\"EntryPoint\",\"urlTemplate\":\"https:\/\/riberasalud.com\/ribera-lab\/?s={search_term_string}\"},\"query-input\":{\"@type\":\"PropertyValueSpecification\",\"valueRequired\":true,\"valueName\":\"search_term_string\"}}],\"inLanguage\":\"es\"},{\"@type\":\"Organization\",\"@id\":\"https:\/\/riberasalud.com\/ribera-lab\/#organization\",\"name\":\"Ribera Lab\",\"url\":\"https:\/\/riberasalud.com\/ribera-lab\/\",\"logo\":{\"@type\":\"ImageObject\",\"inLanguage\":\"es\",\"@id\":\"https:\/\/riberasalud.com\/ribera-lab\/#\/schema\/logo\/image\/\",\"url\":\"https:\/\/riberasalud.com\/ribera-lab\/wp-content\/uploads\/2024\/10\/cropped-cropped-Logo-Red-Lab-1.png\",\"contentUrl\":\"https:\/\/riberasalud.com\/ribera-lab\/wp-content\/uploads\/2024\/10\/cropped-cropped-Logo-Red-Lab-1.png\",\"width\":1611,\"height\":474,\"caption\":\"Ribera Lab\"},\"image\":{\"@id\":\"https:\/\/riberasalud.com\/ribera-lab\/#\/schema\/logo\/image\/\"}},{\"@type\":\"Person\",\"@id\":\"https:\/\/riberasalud.com\/ribera-lab\/#\/schema\/person\/2ec20d8627f802c9402f828b3eb51693\",\"name\":\"marsanchez\",\"image\":{\"@type\":\"ImageObject\",\"inLanguage\":\"es\",\"@id\":\"https:\/\/riberasalud.com\/ribera-lab\/#\/schema\/person\/image\/\",\"url\":\"https:\/\/secure.gravatar.com\/avatar\/0e2ddfa6ca50f038a905865f19439697542e5743a0628f67c9fac9c893b311be?s=96&d=mm&r=g\",\"contentUrl\":\"https:\/\/secure.gravatar.com\/avatar\/0e2ddfa6ca50f038a905865f19439697542e5743a0628f67c9fac9c893b311be?s=96&d=mm&r=g\",\"caption\":\"marsanchez\"},\"url\":\"https:\/\/riberasalud.com\/ribera-lab\/author\/marsanchez\/\"}]}<\/script>\n<!-- \/ Yoast SEO plugin. -->","yoast_head_json":{"title":"Ribera Lab presenta ocho comunicaciones en el XVIII Congreso Nacional Labclin Bilbao 2024 - Ribera Lab","description":"Ribera Lab ha presentado ocho comunicaciones en el XVIII Congreso Nacional de Laboratorio Cl\u00ednico (Labclin).","robots":{"index":"index","follow":"follow","max-snippet":"max-snippet:-1","max-image-preview":"max-image-preview:large","max-video-preview":"max-video-preview:-1"},"canonical":"https:\/\/riberasalud.com\/ribera-lab\/ribera-lab-presenta-ocho-comunicaciones-en-el-xviii-congreso-nacional-labclin-bilbao-2024\/","og_locale":"es_ES","og_type":"article","og_title":"Ribera Lab presenta ocho comunicaciones en el XVIII Congreso Nacional Labclin Bilbao 2024 - Ribera Lab","og_description":"Ribera Lab ha presentado ocho comunicaciones en el XVIII Congreso Nacional de Laboratorio Cl\u00ednico (Labclin).","og_url":"https:\/\/riberasalud.com\/ribera-lab\/ribera-lab-presenta-ocho-comunicaciones-en-el-xviii-congreso-nacional-labclin-bilbao-2024\/","og_site_name":"Ribera Lab","article_published_time":"2024-12-12T10:32:56+00:00","og_image":[{"width":800,"height":533,"url":"https:\/\/riberasalud.com\/ribera-lab\/wp-content\/uploads\/2024\/12\/20241122_110619-1.jpg","type":"image\/jpeg"}],"author":"marsanchez","twitter_card":"summary_large_image","twitter_misc":{"Escrito por":"marsanchez","Tiempo de lectura":"2 minutos"},"schema":{"@context":"https:\/\/schema.org","@graph":[{"@type":"Article","@id":"https:\/\/riberasalud.com\/ribera-lab\/ribera-lab-presenta-ocho-comunicaciones-en-el-xviii-congreso-nacional-labclin-bilbao-2024\/#article","isPartOf":{"@id":"https:\/\/riberasalud.com\/ribera-lab\/ribera-lab-presenta-ocho-comunicaciones-en-el-xviii-congreso-nacional-labclin-bilbao-2024\/"},"author":{"name":"marsanchez","@id":"https:\/\/riberasalud.com\/ribera-lab\/#\/schema\/person\/2ec20d8627f802c9402f828b3eb51693"},"headline":"Ribera Lab presenta ocho comunicaciones en el XVIII Congreso Nacional Labclin Bilbao 2024","datePublished":"2024-12-12T10:32:56+00:00","mainEntityOfPage":{"@id":"https:\/\/riberasalud.com\/ribera-lab\/ribera-lab-presenta-ocho-comunicaciones-en-el-xviii-congreso-nacional-labclin-bilbao-2024\/"},"wordCount":494,"commentCount":0,"publisher":{"@id":"https:\/\/riberasalud.com\/ribera-lab\/#organization"},"image":{"@id":"https:\/\/riberasalud.com\/ribera-lab\/ribera-lab-presenta-ocho-comunicaciones-en-el-xviii-congreso-nacional-labclin-bilbao-2024\/#primaryimage"},"thumbnailUrl":"https:\/\/riberasalud.com\/ribera-lab\/wp-content\/uploads\/2024\/12\/20241122_110619-1.jpg","keywords":["comunicaciones","congreso","Congreso Nacional Labclin Bilbao 2024","gesti\u00f3n","incidencias","laboratorio","muestras"],"articleSection":["Congreso","Gesti\u00f3n","Tecnolog\u00eda"],"inLanguage":"es","potentialAction":[{"@type":"CommentAction","name":"Comment","target":["https:\/\/riberasalud.com\/ribera-lab\/ribera-lab-presenta-ocho-comunicaciones-en-el-xviii-congreso-nacional-labclin-bilbao-2024\/#respond"]}]},{"@type":"WebPage","@id":"https:\/\/riberasalud.com\/ribera-lab\/ribera-lab-presenta-ocho-comunicaciones-en-el-xviii-congreso-nacional-labclin-bilbao-2024\/","url":"https:\/\/riberasalud.com\/ribera-lab\/ribera-lab-presenta-ocho-comunicaciones-en-el-xviii-congreso-nacional-labclin-bilbao-2024\/","name":"Ribera Lab presenta ocho comunicaciones en el XVIII Congreso Nacional Labclin Bilbao 2024 - Ribera Lab","isPartOf":{"@id":"https:\/\/riberasalud.com\/ribera-lab\/#website"},"primaryImageOfPage":{"@id":"https:\/\/riberasalud.com\/ribera-lab\/ribera-lab-presenta-ocho-comunicaciones-en-el-xviii-congreso-nacional-labclin-bilbao-2024\/#primaryimage"},"image":{"@id":"https:\/\/riberasalud.com\/ribera-lab\/ribera-lab-presenta-ocho-comunicaciones-en-el-xviii-congreso-nacional-labclin-bilbao-2024\/#primaryimage"},"thumbnailUrl":"https:\/\/riberasalud.com\/ribera-lab\/wp-content\/uploads\/2024\/12\/20241122_110619-1.jpg","datePublished":"2024-12-12T10:32:56+00:00","description":"Ribera Lab ha presentado ocho comunicaciones en el XVIII Congreso Nacional de Laboratorio Cl\u00ednico (Labclin).","breadcrumb":{"@id":"https:\/\/riberasalud.com\/ribera-lab\/ribera-lab-presenta-ocho-comunicaciones-en-el-xviii-congreso-nacional-labclin-bilbao-2024\/#breadcrumb"},"inLanguage":"es","potentialAction":[{"@type":"ReadAction","target":["https:\/\/riberasalud.com\/ribera-lab\/ribera-lab-presenta-ocho-comunicaciones-en-el-xviii-congreso-nacional-labclin-bilbao-2024\/"]}]},{"@type":"ImageObject","inLanguage":"es","@id":"https:\/\/riberasalud.com\/ribera-lab\/ribera-lab-presenta-ocho-comunicaciones-en-el-xviii-congreso-nacional-labclin-bilbao-2024\/#primaryimage","url":"https:\/\/riberasalud.com\/ribera-lab\/wp-content\/uploads\/2024\/12\/20241122_110619-1.jpg","contentUrl":"https:\/\/riberasalud.com\/ribera-lab\/wp-content\/uploads\/2024\/12\/20241122_110619-1.jpg","width":800,"height":533,"caption":"XVIII Congreso Nacional Labclin Bilbao 2024"},{"@type":"BreadcrumbList","@id":"https:\/\/riberasalud.com\/ribera-lab\/ribera-lab-presenta-ocho-comunicaciones-en-el-xviii-congreso-nacional-labclin-bilbao-2024\/#breadcrumb","itemListElement":[{"@type":"ListItem","position":1,"name":"Portada","item":"https:\/\/riberasalud.com\/ribera-lab\/"},{"@type":"ListItem","position":2,"name":"Ribera Lab presenta ocho comunicaciones en el XVIII Congreso Nacional Labclin Bilbao 2024"}]},{"@type":"WebSite","@id":"https:\/\/riberasalud.com\/ribera-lab\/#website","url":"https:\/\/riberasalud.com\/ribera-lab\/","name":"Ribera Lab","description":"","publisher":{"@id":"https:\/\/riberasalud.com\/ribera-lab\/#organization"},"potentialAction":[{"@type":"SearchAction","target":{"@type":"EntryPoint","urlTemplate":"https:\/\/riberasalud.com\/ribera-lab\/?s={search_term_string}"},"query-input":{"@type":"PropertyValueSpecification","valueRequired":true,"valueName":"search_term_string"}}],"inLanguage":"es"},{"@type":"Organization","@id":"https:\/\/riberasalud.com\/ribera-lab\/#organization","name":"Ribera Lab","url":"https:\/\/riberasalud.com\/ribera-lab\/","logo":{"@type":"ImageObject","inLanguage":"es","@id":"https:\/\/riberasalud.com\/ribera-lab\/#\/schema\/logo\/image\/","url":"https:\/\/riberasalud.com\/ribera-lab\/wp-content\/uploads\/2024\/10\/cropped-cropped-Logo-Red-Lab-1.png","contentUrl":"https:\/\/riberasalud.com\/ribera-lab\/wp-content\/uploads\/2024\/10\/cropped-cropped-Logo-Red-Lab-1.png","width":1611,"height":474,"caption":"Ribera Lab"},"image":{"@id":"https:\/\/riberasalud.com\/ribera-lab\/#\/schema\/logo\/image\/"}},{"@type":"Person","@id":"https:\/\/riberasalud.com\/ribera-lab\/#\/schema\/person\/2ec20d8627f802c9402f828b3eb51693","name":"marsanchez","image":{"@type":"ImageObject","inLanguage":"es","@id":"https:\/\/riberasalud.com\/ribera-lab\/#\/schema\/person\/image\/","url":"https:\/\/secure.gravatar.com\/avatar\/0e2ddfa6ca50f038a905865f19439697542e5743a0628f67c9fac9c893b311be?s=96&d=mm&r=g","contentUrl":"https:\/\/secure.gravatar.com\/avatar\/0e2ddfa6ca50f038a905865f19439697542e5743a0628f67c9fac9c893b311be?s=96&d=mm&r=g","caption":"marsanchez"},"url":"https:\/\/riberasalud.com\/ribera-lab\/author\/marsanchez\/"}]}},"_links":{"self":[{"href":"https:\/\/riberasalud.com\/ribera-lab\/wp-json\/wp\/v2\/posts\/16054","targetHints":{"allow":["GET"]}}],"collection":[{"href":"https:\/\/riberasalud.com\/ribera-lab\/wp-json\/wp\/v2\/posts"}],"about":[{"href":"https:\/\/riberasalud.com\/ribera-lab\/wp-json\/wp\/v2\/types\/post"}],"author":[{"embeddable":true,"href":"https:\/\/riberasalud.com\/ribera-lab\/wp-json\/wp\/v2\/users\/2"}],"replies":[{"embeddable":true,"href":"https:\/\/riberasalud.com\/ribera-lab\/wp-json\/wp\/v2\/comments?post=16054"}],"version-history":[{"count":0,"href":"https:\/\/riberasalud.com\/ribera-lab\/wp-json\/wp\/v2\/posts\/16054\/revisions"}],"wp:featuredmedia":[{"embeddable":true,"href":"https:\/\/riberasalud.com\/ribera-lab\/wp-json\/wp\/v2\/media\/16055"}],"wp:attachment":[{"href":"https:\/\/riberasalud.com\/ribera-lab\/wp-json\/wp\/v2\/media?parent=16054"}],"wp:term":[{"taxonomy":"category","embeddable":true,"href":"https:\/\/riberasalud.com\/ribera-lab\/wp-json\/wp\/v2\/categories?post=16054"},{"taxonomy":"post_tag","embeddable":true,"href":"https:\/\/riberasalud.com\/ribera-lab\/wp-json\/wp\/v2\/tags?post=16054"}],"curies":[{"name":"wp","href":"https:\/\/api.w.org\/{rel}","templated":true}]}}