{"id":16022,"date":"2024-10-21T09:01:13","date_gmt":"2024-10-21T09:01:13","guid":{"rendered":"https:\/\/www.riberasalud.com\/ribera-lab\/?p=16022"},"modified":"2024-10-21T09:01:13","modified_gmt":"2024-10-21T09:01:13","slug":"ribera-lab-participa-en-el-28o-congreso-nacional-de-enfermeria-hematologica-con-una-ponencia-sobre-etica-2","status":"publish","type":"post","link":"https:\/\/riberasalud.com\/ribera-lab\/ribera-lab-participa-en-el-28o-congreso-nacional-de-enfermeria-hematologica-con-una-ponencia-sobre-etica-2\/","title":{"rendered":"Ribera Lab participa en el 28\u00ba Congreso Nacional de Enfermer\u00eda Hematol\u00f3gica con una ponencia sobre \u00e9tica"},"content":{"rendered":"\n<ul class=\"wp-block-list\">\n<li>La directora de Gesti\u00f3n de la divisi\u00f3n de laboratorios del grupo sanitario Ribera destaca la importancia de replantearse aspectos que van m\u00e1s all\u00e1 de la Ciencia, dados los avances vertiginosos en el diagn\u00f3stico cl\u00ednico<\/li>\n\n\n\n<li>Los profesionales dedicados al cuidado y tratamiento del paciente hematol\u00f3gico comparten en este foro las novedades de su especialidad<\/li>\n<\/ul>\n\n\n\n<p>La directora de Gesti\u00f3n de <a href=\"https:\/\/riberasalud.com\/ribera-lab\/\">Ribera Lab<\/a>, Mayte Alarc\u00f3n, y la responsable de Calidad de la divisi\u00f3n de laboratorios del grupo sanitario <a href=\"https:\/\/www.riberasalud.com\/\">Ribera<\/a>, Raquel D\u00edaz, han participado en el <a href=\"https:\/\/aneh.es\/archives\/28_congreso\/programa.pdf\">28\u00ba Congreso Nacional de Enfermer\u00eda Hematol\u00f3gica<\/a>, celebrado la semana pasada en Palencia, con una ponencia centrada en la \u00c9tica. \u201cEn un momento en el que el avance cient\u00edfico en el diagn\u00f3stico cl\u00ednico es vertiginoso, tenemos que replantearnos muchas veces aspectos que van m\u00e1s all\u00e1 de la Ciencia\u201d, asegura Mayte Alarc\u00f3n, que adem\u00e1s forma parte del comit\u00e9 organizador del Congreso.<\/p>\n\n\n\n<p>Ribera Lab, la divisi\u00f3n de laboratorios del grupo sanitario Ribera, participa en este encuentro anual, que tiene como objetivo dar visibilidad a los profesionales dedicados al cuidado y tratamiento del paciente hematol\u00f3gico, y es el foro donde se comparten los avances y las nuevas t\u00e9cnicas que los diferentes laboratorios y centros especializados aplican en esta especialidad.<\/p>\n\n\n\n<figure class=\"wp-block-image size-full\"><img loading=\"lazy\" decoding=\"async\" width=\"800\" height=\"533\" src=\"https:\/\/riberasalud.com\/ribera-lab\/wp-content\/uploads\/2024\/10\/WhatsApp-Image-2024-10-21-at-10.29.15-1.jpg\" alt=\"\" class=\"wp-image-16024\" srcset=\"https:\/\/riberasalud.com\/ribera-lab\/wp-content\/uploads\/2024\/10\/WhatsApp-Image-2024-10-21-at-10.29.15-1.jpg 800w, https:\/\/riberasalud.com\/ribera-lab\/wp-content\/uploads\/2024\/10\/WhatsApp-Image-2024-10-21-at-10.29.15-1-300x200.jpg 300w, https:\/\/riberasalud.com\/ribera-lab\/wp-content\/uploads\/2024\/10\/WhatsApp-Image-2024-10-21-at-10.29.15-1-768x512.jpg 768w\" sizes=\"auto, (max-width: 800px) 100vw, 800px\" \/><\/figure>\n\n\n\n<p>Mayte Alarcon y Raquel D\u00edaz han acudido al encuentro de este a\u00f1o, para \u201cponer en valor la importancia del laboratorio en el diagnostico hematol\u00f3gico y ayudar a conseguir a los profesionales cl\u00ednicos un resultado \u00f3ptimo en los cuidados y tratamientos a los pacientes\u201d, explica Alarc\u00f3n, poniendo el foco en esta ocasi\u00f3n en el debate \u00e9tico que en ocasiones se genera con nuevas t\u00e9cnicas y avances.<\/p>\n","protected":false},"excerpt":{"rendered":"<p>La directora de Gesti\u00f3n de Ribera Lab, Mayte Alarc\u00f3n, y la responsable de Calidad de la divisi\u00f3n de laboratorios del grupo sanitario Ribera, Raquel D\u00edaz, han participado en el 28\u00ba Congreso Nacional de Enfermer\u00eda Hematol\u00f3gica, celebrado la semana pasada en Palencia, con una ponencia centrada en la \u00c9tica. \u201cEn un momento en el que el &#8230; <\/p>\n<p class=\"read-more-container\"><a title=\"Ribera Lab participa en el 28\u00ba Congreso Nacional de Enfermer\u00eda Hematol\u00f3gica con una ponencia sobre \u00e9tica\" class=\"read-more button\" href=\"https:\/\/riberasalud.com\/ribera-lab\/ribera-lab-participa-en-el-28o-congreso-nacional-de-enfermeria-hematologica-con-una-ponencia-sobre-etica-2\/#more-16022\" aria-label=\"Leer m\u00e1s sobre Ribera Lab participa en el 28\u00ba Congreso Nacional de Enfermer\u00eda Hematol\u00f3gica con una ponencia sobre \u00e9tica\">Leer m\u00e1s<\/a><\/p>\n","protected":false},"author":2,"featured_media":16026,"comment_status":"open","ping_status":"open","sticky":false,"template":"","format":"standard","meta":{"footnotes":""},"categories":[48,8],"tags":[49,57,58,31,9],"class_list":["post-16022","post","type-post","status-publish","format-standard","has-post-thumbnail","hentry","category-congreso","category-ribera-lab","tag-congreso-nacional-de-enfermeria-hematologica","tag-grupo-sanitario-ribera","tag-hematologia","tag-profesionales","tag-ribera-lab"],"yoast_head":"<!-- This site is optimized with the Yoast SEO plugin v26.6 - https:\/\/yoast.com\/wordpress\/plugins\/seo\/ -->\n<title>Ribera Lab participa en el 28\u00ba Congreso Nacional de Enfermer\u00eda Hematol\u00f3gica con una ponencia sobre \u00e9tica - Ribera Lab<\/title>\n<meta name=\"description\" content=\"La directora de Gesti\u00f3n de Ribera Lab, Mayte Alarc\u00f3n, y la responsable de Calidad de la divisi\u00f3n de laboratorios del grupo sanitario Ribera, Raquel D\u00edaz, han participado en el 28\u00ba Congreso Nacional de Enfermer\u00eda Hematol\u00f3gica.\" \/>\n<meta name=\"robots\" content=\"index, follow, max-snippet:-1, max-image-preview:large, max-video-preview:-1\" \/>\n<link rel=\"canonical\" href=\"https:\/\/riberasalud.com\/ribera-lab\/ribera-lab-participa-en-el-28o-congreso-nacional-de-enfermeria-hematologica-con-una-ponencia-sobre-etica-2\/\" \/>\n<meta property=\"og:locale\" content=\"es_ES\" \/>\n<meta property=\"og:type\" content=\"article\" \/>\n<meta property=\"og:title\" content=\"Ribera Lab participa en el 28\u00ba Congreso Nacional de Enfermer\u00eda Hematol\u00f3gica con una ponencia sobre \u00e9tica - Ribera Lab\" \/>\n<meta property=\"og:description\" content=\"La directora de Gesti\u00f3n de Ribera Lab, Mayte Alarc\u00f3n, y la responsable de Calidad de la divisi\u00f3n de laboratorios del grupo sanitario Ribera, Raquel D\u00edaz, han participado en el 28\u00ba Congreso Nacional de Enfermer\u00eda Hematol\u00f3gica.\" \/>\n<meta property=\"og:url\" content=\"https:\/\/riberasalud.com\/ribera-lab\/ribera-lab-participa-en-el-28o-congreso-nacional-de-enfermeria-hematologica-con-una-ponencia-sobre-etica-2\/\" \/>\n<meta property=\"og:site_name\" content=\"Ribera Lab\" \/>\n<meta property=\"article:published_time\" content=\"2024-10-21T09:01:13+00:00\" \/>\n<meta property=\"og:image\" content=\"https:\/\/riberasalud.com\/ribera-lab\/wp-content\/uploads\/2024\/10\/Mayte-Alarcon-y-Raquel-Diaz_-en-el-Congreso-de-Enfermeria-Hematologica-1.jpg\" \/>\n\t<meta property=\"og:image:width\" content=\"800\" \/>\n\t<meta property=\"og:image:height\" content=\"533\" \/>\n\t<meta property=\"og:image:type\" content=\"image\/jpeg\" \/>\n<meta name=\"author\" content=\"marsanchez\" \/>\n<meta name=\"twitter:card\" content=\"summary_large_image\" \/>\n<meta name=\"twitter:image\" content=\"https:\/\/riberasalud.com\/ribera-lab\/wp-content\/uploads\/2024\/10\/Mayte-Alarcon-y-Raquel-Diaz_-en-el-Congreso-de-Enfermeria-Hematologica-1.jpg\" \/>\n<meta name=\"twitter:label1\" content=\"Escrito por\" \/>\n\t<meta name=\"twitter:data1\" content=\"marsanchez\" \/>\n\t<meta name=\"twitter:label2\" content=\"Tiempo de lectura\" \/>\n\t<meta name=\"twitter:data2\" content=\"1 minuto\" \/>\n<script type=\"application\/ld+json\" class=\"yoast-schema-graph\">{\"@context\":\"https:\/\/schema.org\",\"@graph\":[{\"@type\":\"Article\",\"@id\":\"https:\/\/riberasalud.com\/ribera-lab\/ribera-lab-participa-en-el-28o-congreso-nacional-de-enfermeria-hematologica-con-una-ponencia-sobre-etica-2\/#article\",\"isPartOf\":{\"@id\":\"https:\/\/riberasalud.com\/ribera-lab\/ribera-lab-participa-en-el-28o-congreso-nacional-de-enfermeria-hematologica-con-una-ponencia-sobre-etica-2\/\"},\"author\":{\"name\":\"marsanchez\",\"@id\":\"https:\/\/riberasalud.com\/ribera-lab\/#\/schema\/person\/2ec20d8627f802c9402f828b3eb51693\"},\"headline\":\"Ribera Lab participa en el 28\u00ba Congreso Nacional de Enfermer\u00eda Hematol\u00f3gica con una ponencia sobre \u00e9tica\",\"datePublished\":\"2024-10-21T09:01:13+00:00\",\"mainEntityOfPage\":{\"@id\":\"https:\/\/riberasalud.com\/ribera-lab\/ribera-lab-participa-en-el-28o-congreso-nacional-de-enfermeria-hematologica-con-una-ponencia-sobre-etica-2\/\"},\"wordCount\":306,\"commentCount\":0,\"publisher\":{\"@id\":\"https:\/\/riberasalud.com\/ribera-lab\/#organization\"},\"image\":{\"@id\":\"https:\/\/riberasalud.com\/ribera-lab\/ribera-lab-participa-en-el-28o-congreso-nacional-de-enfermeria-hematologica-con-una-ponencia-sobre-etica-2\/#primaryimage\"},\"thumbnailUrl\":\"https:\/\/riberasalud.com\/ribera-lab\/wp-content\/uploads\/2024\/10\/Mayte-Alarcon-y-Raquel-Diaz_-en-el-Congreso-de-Enfermeria-Hematologica-1.jpg\",\"keywords\":[\"Congreso Nacional de Enfermer\u00eda Hematol\u00f3gica\",\"Grupo Sanitario Ribera\",\"hematolog\u00eda\",\"profesionales\",\"Ribera Lab\"],\"articleSection\":[\"Congreso\",\"Ribera Lab\"],\"inLanguage\":\"es\",\"potentialAction\":[{\"@type\":\"CommentAction\",\"name\":\"Comment\",\"target\":[\"https:\/\/riberasalud.com\/ribera-lab\/ribera-lab-participa-en-el-28o-congreso-nacional-de-enfermeria-hematologica-con-una-ponencia-sobre-etica-2\/#respond\"]}]},{\"@type\":\"WebPage\",\"@id\":\"https:\/\/riberasalud.com\/ribera-lab\/ribera-lab-participa-en-el-28o-congreso-nacional-de-enfermeria-hematologica-con-una-ponencia-sobre-etica-2\/\",\"url\":\"https:\/\/riberasalud.com\/ribera-lab\/ribera-lab-participa-en-el-28o-congreso-nacional-de-enfermeria-hematologica-con-una-ponencia-sobre-etica-2\/\",\"name\":\"Ribera Lab participa en el 28\u00ba Congreso Nacional de Enfermer\u00eda Hematol\u00f3gica con una ponencia sobre \u00e9tica - Ribera Lab\",\"isPartOf\":{\"@id\":\"https:\/\/riberasalud.com\/ribera-lab\/#website\"},\"primaryImageOfPage\":{\"@id\":\"https:\/\/riberasalud.com\/ribera-lab\/ribera-lab-participa-en-el-28o-congreso-nacional-de-enfermeria-hematologica-con-una-ponencia-sobre-etica-2\/#primaryimage\"},\"image\":{\"@id\":\"https:\/\/riberasalud.com\/ribera-lab\/ribera-lab-participa-en-el-28o-congreso-nacional-de-enfermeria-hematologica-con-una-ponencia-sobre-etica-2\/#primaryimage\"},\"thumbnailUrl\":\"https:\/\/riberasalud.com\/ribera-lab\/wp-content\/uploads\/2024\/10\/Mayte-Alarcon-y-Raquel-Diaz_-en-el-Congreso-de-Enfermeria-Hematologica-1.jpg\",\"datePublished\":\"2024-10-21T09:01:13+00:00\",\"description\":\"La directora de Gesti\u00f3n de Ribera Lab, Mayte Alarc\u00f3n, y la responsable de Calidad de la divisi\u00f3n de laboratorios del grupo sanitario Ribera, Raquel D\u00edaz, han participado en el 28\u00ba Congreso Nacional de Enfermer\u00eda Hematol\u00f3gica.\",\"breadcrumb\":{\"@id\":\"https:\/\/riberasalud.com\/ribera-lab\/ribera-lab-participa-en-el-28o-congreso-nacional-de-enfermeria-hematologica-con-una-ponencia-sobre-etica-2\/#breadcrumb\"},\"inLanguage\":\"es\",\"potentialAction\":[{\"@type\":\"ReadAction\",\"target\":[\"https:\/\/riberasalud.com\/ribera-lab\/ribera-lab-participa-en-el-28o-congreso-nacional-de-enfermeria-hematologica-con-una-ponencia-sobre-etica-2\/\"]}]},{\"@type\":\"ImageObject\",\"inLanguage\":\"es\",\"@id\":\"https:\/\/riberasalud.com\/ribera-lab\/ribera-lab-participa-en-el-28o-congreso-nacional-de-enfermeria-hematologica-con-una-ponencia-sobre-etica-2\/#primaryimage\",\"url\":\"https:\/\/riberasalud.com\/ribera-lab\/wp-content\/uploads\/2024\/10\/Mayte-Alarcon-y-Raquel-Diaz_-en-el-Congreso-de-Enfermeria-Hematologica-1.jpg\",\"contentUrl\":\"https:\/\/riberasalud.com\/ribera-lab\/wp-content\/uploads\/2024\/10\/Mayte-Alarcon-y-Raquel-Diaz_-en-el-Congreso-de-Enfermeria-Hematologica-1.jpg\",\"width\":800,\"height\":533,\"caption\":\"Congreso de enfermer\u00eda hematol\u00f3gica\"},{\"@type\":\"BreadcrumbList\",\"@id\":\"https:\/\/riberasalud.com\/ribera-lab\/ribera-lab-participa-en-el-28o-congreso-nacional-de-enfermeria-hematologica-con-una-ponencia-sobre-etica-2\/#breadcrumb\",\"itemListElement\":[{\"@type\":\"ListItem\",\"position\":1,\"name\":\"Portada\",\"item\":\"https:\/\/riberasalud.com\/ribera-lab\/\"},{\"@type\":\"ListItem\",\"position\":2,\"name\":\"Ribera Lab participa en el 28\u00ba Congreso Nacional de Enfermer\u00eda Hematol\u00f3gica con una ponencia sobre \u00e9tica\"}]},{\"@type\":\"WebSite\",\"@id\":\"https:\/\/riberasalud.com\/ribera-lab\/#website\",\"url\":\"https:\/\/riberasalud.com\/ribera-lab\/\",\"name\":\"Ribera Lab\",\"description\":\"\",\"publisher\":{\"@id\":\"https:\/\/riberasalud.com\/ribera-lab\/#organization\"},\"potentialAction\":[{\"@type\":\"SearchAction\",\"target\":{\"@type\":\"EntryPoint\",\"urlTemplate\":\"https:\/\/riberasalud.com\/ribera-lab\/?s={search_term_string}\"},\"query-input\":{\"@type\":\"PropertyValueSpecification\",\"valueRequired\":true,\"valueName\":\"search_term_string\"}}],\"inLanguage\":\"es\"},{\"@type\":\"Organization\",\"@id\":\"https:\/\/riberasalud.com\/ribera-lab\/#organization\",\"name\":\"Ribera Lab\",\"url\":\"https:\/\/riberasalud.com\/ribera-lab\/\",\"logo\":{\"@type\":\"ImageObject\",\"inLanguage\":\"es\",\"@id\":\"https:\/\/riberasalud.com\/ribera-lab\/#\/schema\/logo\/image\/\",\"url\":\"https:\/\/riberasalud.com\/ribera-lab\/wp-content\/uploads\/2024\/10\/cropped-cropped-Logo-Red-Lab-1.png\",\"contentUrl\":\"https:\/\/riberasalud.com\/ribera-lab\/wp-content\/uploads\/2024\/10\/cropped-cropped-Logo-Red-Lab-1.png\",\"width\":1611,\"height\":474,\"caption\":\"Ribera Lab\"},\"image\":{\"@id\":\"https:\/\/riberasalud.com\/ribera-lab\/#\/schema\/logo\/image\/\"}},{\"@type\":\"Person\",\"@id\":\"https:\/\/riberasalud.com\/ribera-lab\/#\/schema\/person\/2ec20d8627f802c9402f828b3eb51693\",\"name\":\"marsanchez\",\"image\":{\"@type\":\"ImageObject\",\"inLanguage\":\"es\",\"@id\":\"https:\/\/riberasalud.com\/ribera-lab\/#\/schema\/person\/image\/\",\"url\":\"https:\/\/secure.gravatar.com\/avatar\/0e2ddfa6ca50f038a905865f19439697542e5743a0628f67c9fac9c893b311be?s=96&d=mm&r=g\",\"contentUrl\":\"https:\/\/secure.gravatar.com\/avatar\/0e2ddfa6ca50f038a905865f19439697542e5743a0628f67c9fac9c893b311be?s=96&d=mm&r=g\",\"caption\":\"marsanchez\"},\"url\":\"https:\/\/riberasalud.com\/ribera-lab\/author\/marsanchez\/\"}]}<\/script>\n<!-- \/ Yoast SEO plugin. -->","yoast_head_json":{"title":"Ribera Lab participa en el 28\u00ba Congreso Nacional de Enfermer\u00eda Hematol\u00f3gica con una ponencia sobre \u00e9tica - Ribera Lab","description":"La directora de Gesti\u00f3n de Ribera Lab, Mayte Alarc\u00f3n, y la responsable de Calidad de la divisi\u00f3n de laboratorios del grupo sanitario Ribera, Raquel D\u00edaz, han participado en el 28\u00ba Congreso Nacional de Enfermer\u00eda Hematol\u00f3gica.","robots":{"index":"index","follow":"follow","max-snippet":"max-snippet:-1","max-image-preview":"max-image-preview:large","max-video-preview":"max-video-preview:-1"},"canonical":"https:\/\/riberasalud.com\/ribera-lab\/ribera-lab-participa-en-el-28o-congreso-nacional-de-enfermeria-hematologica-con-una-ponencia-sobre-etica-2\/","og_locale":"es_ES","og_type":"article","og_title":"Ribera Lab participa en el 28\u00ba Congreso Nacional de Enfermer\u00eda Hematol\u00f3gica con una ponencia sobre \u00e9tica - Ribera Lab","og_description":"La directora de Gesti\u00f3n de Ribera Lab, Mayte Alarc\u00f3n, y la responsable de Calidad de la divisi\u00f3n de laboratorios del grupo sanitario Ribera, Raquel D\u00edaz, han participado en el 28\u00ba Congreso Nacional de Enfermer\u00eda Hematol\u00f3gica.","og_url":"https:\/\/riberasalud.com\/ribera-lab\/ribera-lab-participa-en-el-28o-congreso-nacional-de-enfermeria-hematologica-con-una-ponencia-sobre-etica-2\/","og_site_name":"Ribera Lab","article_published_time":"2024-10-21T09:01:13+00:00","og_image":[{"width":800,"height":533,"url":"https:\/\/riberasalud.com\/ribera-lab\/wp-content\/uploads\/2024\/10\/Mayte-Alarcon-y-Raquel-Diaz_-en-el-Congreso-de-Enfermeria-Hematologica-1.jpg","type":"image\/jpeg"}],"author":"marsanchez","twitter_card":"summary_large_image","twitter_image":"https:\/\/riberasalud.com\/ribera-lab\/wp-content\/uploads\/2024\/10\/Mayte-Alarcon-y-Raquel-Diaz_-en-el-Congreso-de-Enfermeria-Hematologica-1.jpg","twitter_misc":{"Escrito por":"marsanchez","Tiempo de lectura":"1 minuto"},"schema":{"@context":"https:\/\/schema.org","@graph":[{"@type":"Article","@id":"https:\/\/riberasalud.com\/ribera-lab\/ribera-lab-participa-en-el-28o-congreso-nacional-de-enfermeria-hematologica-con-una-ponencia-sobre-etica-2\/#article","isPartOf":{"@id":"https:\/\/riberasalud.com\/ribera-lab\/ribera-lab-participa-en-el-28o-congreso-nacional-de-enfermeria-hematologica-con-una-ponencia-sobre-etica-2\/"},"author":{"name":"marsanchez","@id":"https:\/\/riberasalud.com\/ribera-lab\/#\/schema\/person\/2ec20d8627f802c9402f828b3eb51693"},"headline":"Ribera Lab participa en el 28\u00ba Congreso Nacional de Enfermer\u00eda Hematol\u00f3gica con una ponencia sobre \u00e9tica","datePublished":"2024-10-21T09:01:13+00:00","mainEntityOfPage":{"@id":"https:\/\/riberasalud.com\/ribera-lab\/ribera-lab-participa-en-el-28o-congreso-nacional-de-enfermeria-hematologica-con-una-ponencia-sobre-etica-2\/"},"wordCount":306,"commentCount":0,"publisher":{"@id":"https:\/\/riberasalud.com\/ribera-lab\/#organization"},"image":{"@id":"https:\/\/riberasalud.com\/ribera-lab\/ribera-lab-participa-en-el-28o-congreso-nacional-de-enfermeria-hematologica-con-una-ponencia-sobre-etica-2\/#primaryimage"},"thumbnailUrl":"https:\/\/riberasalud.com\/ribera-lab\/wp-content\/uploads\/2024\/10\/Mayte-Alarcon-y-Raquel-Diaz_-en-el-Congreso-de-Enfermeria-Hematologica-1.jpg","keywords":["Congreso Nacional de Enfermer\u00eda Hematol\u00f3gica","Grupo Sanitario Ribera","hematolog\u00eda","profesionales","Ribera Lab"],"articleSection":["Congreso","Ribera Lab"],"inLanguage":"es","potentialAction":[{"@type":"CommentAction","name":"Comment","target":["https:\/\/riberasalud.com\/ribera-lab\/ribera-lab-participa-en-el-28o-congreso-nacional-de-enfermeria-hematologica-con-una-ponencia-sobre-etica-2\/#respond"]}]},{"@type":"WebPage","@id":"https:\/\/riberasalud.com\/ribera-lab\/ribera-lab-participa-en-el-28o-congreso-nacional-de-enfermeria-hematologica-con-una-ponencia-sobre-etica-2\/","url":"https:\/\/riberasalud.com\/ribera-lab\/ribera-lab-participa-en-el-28o-congreso-nacional-de-enfermeria-hematologica-con-una-ponencia-sobre-etica-2\/","name":"Ribera Lab participa en el 28\u00ba Congreso Nacional de Enfermer\u00eda Hematol\u00f3gica con una ponencia sobre \u00e9tica - Ribera Lab","isPartOf":{"@id":"https:\/\/riberasalud.com\/ribera-lab\/#website"},"primaryImageOfPage":{"@id":"https:\/\/riberasalud.com\/ribera-lab\/ribera-lab-participa-en-el-28o-congreso-nacional-de-enfermeria-hematologica-con-una-ponencia-sobre-etica-2\/#primaryimage"},"image":{"@id":"https:\/\/riberasalud.com\/ribera-lab\/ribera-lab-participa-en-el-28o-congreso-nacional-de-enfermeria-hematologica-con-una-ponencia-sobre-etica-2\/#primaryimage"},"thumbnailUrl":"https:\/\/riberasalud.com\/ribera-lab\/wp-content\/uploads\/2024\/10\/Mayte-Alarcon-y-Raquel-Diaz_-en-el-Congreso-de-Enfermeria-Hematologica-1.jpg","datePublished":"2024-10-21T09:01:13+00:00","description":"La directora de Gesti\u00f3n de Ribera Lab, Mayte Alarc\u00f3n, y la responsable de Calidad de la divisi\u00f3n de laboratorios del grupo sanitario Ribera, Raquel D\u00edaz, han participado en el 28\u00ba Congreso Nacional de Enfermer\u00eda Hematol\u00f3gica.","breadcrumb":{"@id":"https:\/\/riberasalud.com\/ribera-lab\/ribera-lab-participa-en-el-28o-congreso-nacional-de-enfermeria-hematologica-con-una-ponencia-sobre-etica-2\/#breadcrumb"},"inLanguage":"es","potentialAction":[{"@type":"ReadAction","target":["https:\/\/riberasalud.com\/ribera-lab\/ribera-lab-participa-en-el-28o-congreso-nacional-de-enfermeria-hematologica-con-una-ponencia-sobre-etica-2\/"]}]},{"@type":"ImageObject","inLanguage":"es","@id":"https:\/\/riberasalud.com\/ribera-lab\/ribera-lab-participa-en-el-28o-congreso-nacional-de-enfermeria-hematologica-con-una-ponencia-sobre-etica-2\/#primaryimage","url":"https:\/\/riberasalud.com\/ribera-lab\/wp-content\/uploads\/2024\/10\/Mayte-Alarcon-y-Raquel-Diaz_-en-el-Congreso-de-Enfermeria-Hematologica-1.jpg","contentUrl":"https:\/\/riberasalud.com\/ribera-lab\/wp-content\/uploads\/2024\/10\/Mayte-Alarcon-y-Raquel-Diaz_-en-el-Congreso-de-Enfermeria-Hematologica-1.jpg","width":800,"height":533,"caption":"Congreso de enfermer\u00eda hematol\u00f3gica"},{"@type":"BreadcrumbList","@id":"https:\/\/riberasalud.com\/ribera-lab\/ribera-lab-participa-en-el-28o-congreso-nacional-de-enfermeria-hematologica-con-una-ponencia-sobre-etica-2\/#breadcrumb","itemListElement":[{"@type":"ListItem","position":1,"name":"Portada","item":"https:\/\/riberasalud.com\/ribera-lab\/"},{"@type":"ListItem","position":2,"name":"Ribera Lab participa en el 28\u00ba Congreso Nacional de Enfermer\u00eda Hematol\u00f3gica con una ponencia sobre \u00e9tica"}]},{"@type":"WebSite","@id":"https:\/\/riberasalud.com\/ribera-lab\/#website","url":"https:\/\/riberasalud.com\/ribera-lab\/","name":"Ribera Lab","description":"","publisher":{"@id":"https:\/\/riberasalud.com\/ribera-lab\/#organization"},"potentialAction":[{"@type":"SearchAction","target":{"@type":"EntryPoint","urlTemplate":"https:\/\/riberasalud.com\/ribera-lab\/?s={search_term_string}"},"query-input":{"@type":"PropertyValueSpecification","valueRequired":true,"valueName":"search_term_string"}}],"inLanguage":"es"},{"@type":"Organization","@id":"https:\/\/riberasalud.com\/ribera-lab\/#organization","name":"Ribera Lab","url":"https:\/\/riberasalud.com\/ribera-lab\/","logo":{"@type":"ImageObject","inLanguage":"es","@id":"https:\/\/riberasalud.com\/ribera-lab\/#\/schema\/logo\/image\/","url":"https:\/\/riberasalud.com\/ribera-lab\/wp-content\/uploads\/2024\/10\/cropped-cropped-Logo-Red-Lab-1.png","contentUrl":"https:\/\/riberasalud.com\/ribera-lab\/wp-content\/uploads\/2024\/10\/cropped-cropped-Logo-Red-Lab-1.png","width":1611,"height":474,"caption":"Ribera Lab"},"image":{"@id":"https:\/\/riberasalud.com\/ribera-lab\/#\/schema\/logo\/image\/"}},{"@type":"Person","@id":"https:\/\/riberasalud.com\/ribera-lab\/#\/schema\/person\/2ec20d8627f802c9402f828b3eb51693","name":"marsanchez","image":{"@type":"ImageObject","inLanguage":"es","@id":"https:\/\/riberasalud.com\/ribera-lab\/#\/schema\/person\/image\/","url":"https:\/\/secure.gravatar.com\/avatar\/0e2ddfa6ca50f038a905865f19439697542e5743a0628f67c9fac9c893b311be?s=96&d=mm&r=g","contentUrl":"https:\/\/secure.gravatar.com\/avatar\/0e2ddfa6ca50f038a905865f19439697542e5743a0628f67c9fac9c893b311be?s=96&d=mm&r=g","caption":"marsanchez"},"url":"https:\/\/riberasalud.com\/ribera-lab\/author\/marsanchez\/"}]}},"_links":{"self":[{"href":"https:\/\/riberasalud.com\/ribera-lab\/wp-json\/wp\/v2\/posts\/16022","targetHints":{"allow":["GET"]}}],"collection":[{"href":"https:\/\/riberasalud.com\/ribera-lab\/wp-json\/wp\/v2\/posts"}],"about":[{"href":"https:\/\/riberasalud.com\/ribera-lab\/wp-json\/wp\/v2\/types\/post"}],"author":[{"embeddable":true,"href":"https:\/\/riberasalud.com\/ribera-lab\/wp-json\/wp\/v2\/users\/2"}],"replies":[{"embeddable":true,"href":"https:\/\/riberasalud.com\/ribera-lab\/wp-json\/wp\/v2\/comments?post=16022"}],"version-history":[{"count":0,"href":"https:\/\/riberasalud.com\/ribera-lab\/wp-json\/wp\/v2\/posts\/16022\/revisions"}],"wp:featuredmedia":[{"embeddable":true,"href":"https:\/\/riberasalud.com\/ribera-lab\/wp-json\/wp\/v2\/media\/16026"}],"wp:attachment":[{"href":"https:\/\/riberasalud.com\/ribera-lab\/wp-json\/wp\/v2\/media?parent=16022"}],"wp:term":[{"taxonomy":"category","embeddable":true,"href":"https:\/\/riberasalud.com\/ribera-lab\/wp-json\/wp\/v2\/categories?post=16022"},{"taxonomy":"post_tag","embeddable":true,"href":"https:\/\/riberasalud.com\/ribera-lab\/wp-json\/wp\/v2\/tags?post=16022"}],"curies":[{"name":"wp","href":"https:\/\/api.w.org\/{rel}","templated":true}]}}