{"id":15824,"date":"2023-10-31T12:34:41","date_gmt":"2023-10-31T12:34:41","guid":{"rendered":"https:\/\/www.riberasalud.com\/ribera-lab\/?p=15824"},"modified":"2023-10-31T12:34:41","modified_gmt":"2023-10-31T12:34:41","slug":"ribera-lab-y-el-hospital-universitario-del-vinalopo-protagonistas-en-el-27-congreso-nacional-de-enfermeria-hematologica","status":"publish","type":"post","link":"https:\/\/riberasalud.com\/ribera-lab\/ribera-lab-y-el-hospital-universitario-del-vinalopo-protagonistas-en-el-27-congreso-nacional-de-enfermeria-hematologica\/","title":{"rendered":"Ribera Lab y el Hospital Universitario del Vinalop\u00f3, protagonistas en el 27 Congreso Nacional de Enfermer\u00eda Hematol\u00f3gica"},"content":{"rendered":"\n<ul class=\"wp-block-list\">\n<li>&nbsp;La cita tendr\u00e1 lugar del 2 al 4 de noviembre en el Palacio de Congresos y reunir\u00e1 a especialistas de reconocido prestigio<\/li>\n\n\n\n<li>Mar\u00eda Amparo Santamar\u00eda Ortiz, jefa de Hematolog\u00eda del Hospital Universitario del Vinalop\u00f3, y Maria Teresa Alarc\u00f3n, directora de Gesti\u00f3n de Ribera Lab, inauguran y clausuran respectivamente esta cita cient\u00edfica&nbsp;<\/li>\n<\/ul>\n\n\n\n<p>El Palacio de Congresos de la ciudad de Elche congregar\u00e1 esta semana a expertos de reconocido prestigio en el 27 Congreso Nacional de Enfermer\u00eda Hematol\u00f3gica. Una cita en la que&nbsp;<a href=\"https:\/\/riberasalud.com\/ribera-lab\/\">Ribera Lab<\/a>, y el&nbsp;<a href=\"https:\/\/www.vinaloposalud.com\/\">Hospital Universitario del Vinalop\u00f3<\/a>, ambos del grupo sanitario&nbsp;<a href=\"https:\/\/www.riberasalud.com\/\">Ribera<\/a>, tienen un papel muy destacado, tanto en la organizaci\u00f3n como a nivel cient\u00edfico, con diferentes ponencias.&nbsp;<\/p>\n\n\n\n<p>Esta iniciativa permitir\u00e1 dar visibilidad a la gran profesionalidad y liderazgo de la enfermer\u00eda hematol\u00f3gica, as\u00ed como crear\u00e1 un foro ideal para compartir experiencias, ponerse al d\u00eda en las \u00faltimas actividades, novedades y estudios con el objetivo de generar nuevos conocimientos.&nbsp;<\/p>\n\n\n\n<p>La ponencia de inauguraci\u00f3n estar\u00e1 a cargo de la doctora Maria Amparo Santamar\u00eda Ortiz, jefa de Servicio de Hematolog\u00eda de Vinalop\u00f3, que pondr\u00e1 en valor el papel de la enfermer\u00eda hematol\u00f3gica en la nueva \u00e1rea de la transformaci\u00f3n digital. Tras ella, profesionales del Hospital Universitario del Vinalop\u00f3, acompa\u00f1ados por Raquel D\u00edaz Comino, responsable de Calidad de Ribera Lab, protagonizan la primera ponencia que versar\u00e1 sobre la integraci\u00f3n del cuadro de mandos en el banco de sangre.&nbsp;<\/p>\n\n\n\n<p>Carlos Rom\u00e1n, de Ribera Lab, participar\u00e1 con la ponencia \u201cT\u00e9cnicas citogen\u00e9ticas aplicadas a enfermedades hematol\u00f3gicas: cariotipo y FISH\u201d y, Tatiana Molina, de Ribera Lab, lo har\u00e1 por su parte presentando la ponencia \u201cBiolog\u00eda molecular en el diagn\u00f3stico hematol\u00f3gico\u201d.&nbsp;<\/p>\n\n\n\n<p>Mar\u00eda Teresa Alarc\u00f3n Zahonero, directora de Gesti\u00f3n de Ribera Lab, clausurar\u00e1 esta cita cient\u00edfica presentando la divisi\u00f3n de laboratorio de Ribera en este foro nacional y pondr\u00e1 en valor la importancia del laboratorio.<\/p>\n","protected":false},"excerpt":{"rendered":"<p>El Palacio de Congresos de la ciudad de Elche congregar\u00e1 esta semana a expertos de reconocido prestigio en el 27 Congreso Nacional de Enfermer\u00eda Hematol\u00f3gica. Una cita en la que&nbsp;Ribera Lab, y el&nbsp;Hospital Universitario del Vinalop\u00f3, ambos del grupo sanitario&nbsp;Ribera, tienen un papel muy destacado, tanto en la organizaci\u00f3n como a nivel cient\u00edfico, con diferentes &#8230; <\/p>\n<p class=\"read-more-container\"><a title=\"Ribera Lab y el Hospital Universitario del Vinalop\u00f3, protagonistas en el 27 Congreso Nacional de Enfermer\u00eda Hematol\u00f3gica\" class=\"read-more button\" href=\"https:\/\/riberasalud.com\/ribera-lab\/ribera-lab-y-el-hospital-universitario-del-vinalopo-protagonistas-en-el-27-congreso-nacional-de-enfermeria-hematologica\/#more-15824\" aria-label=\"Leer m\u00e1s sobre Ribera Lab y el Hospital Universitario del Vinalop\u00f3, protagonistas en el 27 Congreso Nacional de Enfermer\u00eda Hematol\u00f3gica\">Leer m\u00e1s<\/a><\/p>\n","protected":false},"author":2,"featured_media":15825,"comment_status":"open","ping_status":"open","sticky":false,"template":"","format":"standard","meta":{"footnotes":""},"categories":[48],"tags":[47,49,50,51],"class_list":["post-15824","post","type-post","status-publish","format-standard","has-post-thumbnail","hentry","category-congreso","tag-congreso","tag-congreso-nacional-de-enfermeria-hematologica","tag-especialistas","tag-hospital-universitario-del-vinalopo"],"yoast_head":"<!-- This site is optimized with the Yoast SEO plugin v26.6 - https:\/\/yoast.com\/wordpress\/plugins\/seo\/ -->\n<title>Ribera Lab y el Hospital Universitario del Vinalop\u00f3, protagonistas en el 27 Congreso Nacional de Enfermer\u00eda Hematol\u00f3gica - Ribera Lab<\/title>\n<meta name=\"description\" content=\"\u00a0La cita tendr\u00e1 lugar del 2 al 4 de noviembre en el Palacio de Congresos y reunir\u00e1 a especialistas de reconocido prestigio\" \/>\n<meta name=\"robots\" content=\"index, follow, max-snippet:-1, max-image-preview:large, max-video-preview:-1\" \/>\n<link rel=\"canonical\" href=\"https:\/\/riberasalud.com\/ribera-lab\/ribera-lab-y-el-hospital-universitario-del-vinalopo-protagonistas-en-el-27-congreso-nacional-de-enfermeria-hematologica\/\" \/>\n<meta property=\"og:locale\" content=\"es_ES\" \/>\n<meta property=\"og:type\" content=\"article\" \/>\n<meta property=\"og:title\" content=\"Ribera Lab y el Hospital Universitario del Vinalop\u00f3, protagonistas en el 27 Congreso Nacional de Enfermer\u00eda Hematol\u00f3gica - Ribera Lab\" \/>\n<meta property=\"og:description\" content=\"\u00a0La cita tendr\u00e1 lugar del 2 al 4 de noviembre en el Palacio de Congresos y reunir\u00e1 a especialistas de reconocido prestigio\" \/>\n<meta property=\"og:url\" content=\"https:\/\/riberasalud.com\/ribera-lab\/ribera-lab-y-el-hospital-universitario-del-vinalopo-protagonistas-en-el-27-congreso-nacional-de-enfermeria-hematologica\/\" \/>\n<meta property=\"og:site_name\" content=\"Ribera Lab\" \/>\n<meta property=\"article:published_time\" content=\"2023-10-31T12:34:41+00:00\" \/>\n<meta property=\"og:image\" content=\"https:\/\/riberasalud.com\/ribera-lab\/wp-content\/uploads\/2023\/11\/MAYTE-ALARCON.jpg\" \/>\n\t<meta property=\"og:image:width\" content=\"800\" \/>\n\t<meta property=\"og:image:height\" content=\"533\" \/>\n\t<meta property=\"og:image:type\" content=\"image\/jpeg\" \/>\n<meta name=\"author\" content=\"marsanchez\" \/>\n<meta name=\"twitter:card\" content=\"summary_large_image\" \/>\n<meta name=\"twitter:label1\" content=\"Escrito por\" \/>\n\t<meta name=\"twitter:data1\" content=\"marsanchez\" \/>\n\t<meta name=\"twitter:label2\" content=\"Tiempo de lectura\" \/>\n\t<meta name=\"twitter:data2\" content=\"2 minutos\" \/>\n<script type=\"application\/ld+json\" class=\"yoast-schema-graph\">{\"@context\":\"https:\/\/schema.org\",\"@graph\":[{\"@type\":\"Article\",\"@id\":\"https:\/\/riberasalud.com\/ribera-lab\/ribera-lab-y-el-hospital-universitario-del-vinalopo-protagonistas-en-el-27-congreso-nacional-de-enfermeria-hematologica\/#article\",\"isPartOf\":{\"@id\":\"https:\/\/riberasalud.com\/ribera-lab\/ribera-lab-y-el-hospital-universitario-del-vinalopo-protagonistas-en-el-27-congreso-nacional-de-enfermeria-hematologica\/\"},\"author\":{\"name\":\"marsanchez\",\"@id\":\"https:\/\/riberasalud.com\/ribera-lab\/#\/schema\/person\/2ec20d8627f802c9402f828b3eb51693\"},\"headline\":\"Ribera Lab y el Hospital Universitario del Vinalop\u00f3, protagonistas en el 27 Congreso Nacional de Enfermer\u00eda Hematol\u00f3gica\",\"datePublished\":\"2023-10-31T12:34:41+00:00\",\"mainEntityOfPage\":{\"@id\":\"https:\/\/riberasalud.com\/ribera-lab\/ribera-lab-y-el-hospital-universitario-del-vinalopo-protagonistas-en-el-27-congreso-nacional-de-enfermeria-hematologica\/\"},\"wordCount\":356,\"commentCount\":0,\"publisher\":{\"@id\":\"https:\/\/riberasalud.com\/ribera-lab\/#organization\"},\"image\":{\"@id\":\"https:\/\/riberasalud.com\/ribera-lab\/ribera-lab-y-el-hospital-universitario-del-vinalopo-protagonistas-en-el-27-congreso-nacional-de-enfermeria-hematologica\/#primaryimage\"},\"thumbnailUrl\":\"https:\/\/riberasalud.com\/ribera-lab\/wp-content\/uploads\/2023\/11\/MAYTE-ALARCON.jpg\",\"keywords\":[\"congreso\",\"Congreso Nacional de Enfermer\u00eda Hematol\u00f3gica\",\"especialistas\",\"Hospital Universitario del Vinalop\u00f3\"],\"articleSection\":[\"Congreso\"],\"inLanguage\":\"es\",\"potentialAction\":[{\"@type\":\"CommentAction\",\"name\":\"Comment\",\"target\":[\"https:\/\/riberasalud.com\/ribera-lab\/ribera-lab-y-el-hospital-universitario-del-vinalopo-protagonistas-en-el-27-congreso-nacional-de-enfermeria-hematologica\/#respond\"]}]},{\"@type\":\"WebPage\",\"@id\":\"https:\/\/riberasalud.com\/ribera-lab\/ribera-lab-y-el-hospital-universitario-del-vinalopo-protagonistas-en-el-27-congreso-nacional-de-enfermeria-hematologica\/\",\"url\":\"https:\/\/riberasalud.com\/ribera-lab\/ribera-lab-y-el-hospital-universitario-del-vinalopo-protagonistas-en-el-27-congreso-nacional-de-enfermeria-hematologica\/\",\"name\":\"Ribera Lab y el Hospital Universitario del Vinalop\u00f3, protagonistas en el 27 Congreso Nacional de Enfermer\u00eda Hematol\u00f3gica - Ribera Lab\",\"isPartOf\":{\"@id\":\"https:\/\/riberasalud.com\/ribera-lab\/#website\"},\"primaryImageOfPage\":{\"@id\":\"https:\/\/riberasalud.com\/ribera-lab\/ribera-lab-y-el-hospital-universitario-del-vinalopo-protagonistas-en-el-27-congreso-nacional-de-enfermeria-hematologica\/#primaryimage\"},\"image\":{\"@id\":\"https:\/\/riberasalud.com\/ribera-lab\/ribera-lab-y-el-hospital-universitario-del-vinalopo-protagonistas-en-el-27-congreso-nacional-de-enfermeria-hematologica\/#primaryimage\"},\"thumbnailUrl\":\"https:\/\/riberasalud.com\/ribera-lab\/wp-content\/uploads\/2023\/11\/MAYTE-ALARCON.jpg\",\"datePublished\":\"2023-10-31T12:34:41+00:00\",\"description\":\"\u00a0La cita tendr\u00e1 lugar del 2 al 4 de noviembre en el Palacio de Congresos y reunir\u00e1 a especialistas de reconocido prestigio\",\"breadcrumb\":{\"@id\":\"https:\/\/riberasalud.com\/ribera-lab\/ribera-lab-y-el-hospital-universitario-del-vinalopo-protagonistas-en-el-27-congreso-nacional-de-enfermeria-hematologica\/#breadcrumb\"},\"inLanguage\":\"es\",\"potentialAction\":[{\"@type\":\"ReadAction\",\"target\":[\"https:\/\/riberasalud.com\/ribera-lab\/ribera-lab-y-el-hospital-universitario-del-vinalopo-protagonistas-en-el-27-congreso-nacional-de-enfermeria-hematologica\/\"]}]},{\"@type\":\"ImageObject\",\"inLanguage\":\"es\",\"@id\":\"https:\/\/riberasalud.com\/ribera-lab\/ribera-lab-y-el-hospital-universitario-del-vinalopo-protagonistas-en-el-27-congreso-nacional-de-enfermeria-hematologica\/#primaryimage\",\"url\":\"https:\/\/riberasalud.com\/ribera-lab\/wp-content\/uploads\/2023\/11\/MAYTE-ALARCON.jpg\",\"contentUrl\":\"https:\/\/riberasalud.com\/ribera-lab\/wp-content\/uploads\/2023\/11\/MAYTE-ALARCON.jpg\",\"width\":800,\"height\":533,\"caption\":\"Mayte Alarc\u00f3n\"},{\"@type\":\"BreadcrumbList\",\"@id\":\"https:\/\/riberasalud.com\/ribera-lab\/ribera-lab-y-el-hospital-universitario-del-vinalopo-protagonistas-en-el-27-congreso-nacional-de-enfermeria-hematologica\/#breadcrumb\",\"itemListElement\":[{\"@type\":\"ListItem\",\"position\":1,\"name\":\"Portada\",\"item\":\"https:\/\/riberasalud.com\/ribera-lab\/\"},{\"@type\":\"ListItem\",\"position\":2,\"name\":\"Ribera Lab y el Hospital Universitario del Vinalop\u00f3, protagonistas en el 27 Congreso Nacional de Enfermer\u00eda Hematol\u00f3gica\"}]},{\"@type\":\"WebSite\",\"@id\":\"https:\/\/riberasalud.com\/ribera-lab\/#website\",\"url\":\"https:\/\/riberasalud.com\/ribera-lab\/\",\"name\":\"Ribera Lab\",\"description\":\"\",\"publisher\":{\"@id\":\"https:\/\/riberasalud.com\/ribera-lab\/#organization\"},\"potentialAction\":[{\"@type\":\"SearchAction\",\"target\":{\"@type\":\"EntryPoint\",\"urlTemplate\":\"https:\/\/riberasalud.com\/ribera-lab\/?s={search_term_string}\"},\"query-input\":{\"@type\":\"PropertyValueSpecification\",\"valueRequired\":true,\"valueName\":\"search_term_string\"}}],\"inLanguage\":\"es\"},{\"@type\":\"Organization\",\"@id\":\"https:\/\/riberasalud.com\/ribera-lab\/#organization\",\"name\":\"Ribera Lab\",\"url\":\"https:\/\/riberasalud.com\/ribera-lab\/\",\"logo\":{\"@type\":\"ImageObject\",\"inLanguage\":\"es\",\"@id\":\"https:\/\/riberasalud.com\/ribera-lab\/#\/schema\/logo\/image\/\",\"url\":\"https:\/\/riberasalud.com\/ribera-lab\/wp-content\/uploads\/2024\/10\/cropped-cropped-Logo-Red-Lab-1.png\",\"contentUrl\":\"https:\/\/riberasalud.com\/ribera-lab\/wp-content\/uploads\/2024\/10\/cropped-cropped-Logo-Red-Lab-1.png\",\"width\":1611,\"height\":474,\"caption\":\"Ribera Lab\"},\"image\":{\"@id\":\"https:\/\/riberasalud.com\/ribera-lab\/#\/schema\/logo\/image\/\"}},{\"@type\":\"Person\",\"@id\":\"https:\/\/riberasalud.com\/ribera-lab\/#\/schema\/person\/2ec20d8627f802c9402f828b3eb51693\",\"name\":\"marsanchez\",\"image\":{\"@type\":\"ImageObject\",\"inLanguage\":\"es\",\"@id\":\"https:\/\/riberasalud.com\/ribera-lab\/#\/schema\/person\/image\/\",\"url\":\"https:\/\/secure.gravatar.com\/avatar\/0e2ddfa6ca50f038a905865f19439697542e5743a0628f67c9fac9c893b311be?s=96&d=mm&r=g\",\"contentUrl\":\"https:\/\/secure.gravatar.com\/avatar\/0e2ddfa6ca50f038a905865f19439697542e5743a0628f67c9fac9c893b311be?s=96&d=mm&r=g\",\"caption\":\"marsanchez\"},\"url\":\"https:\/\/riberasalud.com\/ribera-lab\/author\/marsanchez\/\"}]}<\/script>\n<!-- \/ Yoast SEO plugin. -->","yoast_head_json":{"title":"Ribera Lab y el Hospital Universitario del Vinalop\u00f3, protagonistas en el 27 Congreso Nacional de Enfermer\u00eda Hematol\u00f3gica - Ribera Lab","description":"\u00a0La cita tendr\u00e1 lugar del 2 al 4 de noviembre en el Palacio de Congresos y reunir\u00e1 a especialistas de reconocido prestigio","robots":{"index":"index","follow":"follow","max-snippet":"max-snippet:-1","max-image-preview":"max-image-preview:large","max-video-preview":"max-video-preview:-1"},"canonical":"https:\/\/riberasalud.com\/ribera-lab\/ribera-lab-y-el-hospital-universitario-del-vinalopo-protagonistas-en-el-27-congreso-nacional-de-enfermeria-hematologica\/","og_locale":"es_ES","og_type":"article","og_title":"Ribera Lab y el Hospital Universitario del Vinalop\u00f3, protagonistas en el 27 Congreso Nacional de Enfermer\u00eda Hematol\u00f3gica - Ribera Lab","og_description":"\u00a0La cita tendr\u00e1 lugar del 2 al 4 de noviembre en el Palacio de Congresos y reunir\u00e1 a especialistas de reconocido prestigio","og_url":"https:\/\/riberasalud.com\/ribera-lab\/ribera-lab-y-el-hospital-universitario-del-vinalopo-protagonistas-en-el-27-congreso-nacional-de-enfermeria-hematologica\/","og_site_name":"Ribera Lab","article_published_time":"2023-10-31T12:34:41+00:00","og_image":[{"width":800,"height":533,"url":"https:\/\/riberasalud.com\/ribera-lab\/wp-content\/uploads\/2023\/11\/MAYTE-ALARCON.jpg","type":"image\/jpeg"}],"author":"marsanchez","twitter_card":"summary_large_image","twitter_misc":{"Escrito por":"marsanchez","Tiempo de lectura":"2 minutos"},"schema":{"@context":"https:\/\/schema.org","@graph":[{"@type":"Article","@id":"https:\/\/riberasalud.com\/ribera-lab\/ribera-lab-y-el-hospital-universitario-del-vinalopo-protagonistas-en-el-27-congreso-nacional-de-enfermeria-hematologica\/#article","isPartOf":{"@id":"https:\/\/riberasalud.com\/ribera-lab\/ribera-lab-y-el-hospital-universitario-del-vinalopo-protagonistas-en-el-27-congreso-nacional-de-enfermeria-hematologica\/"},"author":{"name":"marsanchez","@id":"https:\/\/riberasalud.com\/ribera-lab\/#\/schema\/person\/2ec20d8627f802c9402f828b3eb51693"},"headline":"Ribera Lab y el Hospital Universitario del Vinalop\u00f3, protagonistas en el 27 Congreso Nacional de Enfermer\u00eda Hematol\u00f3gica","datePublished":"2023-10-31T12:34:41+00:00","mainEntityOfPage":{"@id":"https:\/\/riberasalud.com\/ribera-lab\/ribera-lab-y-el-hospital-universitario-del-vinalopo-protagonistas-en-el-27-congreso-nacional-de-enfermeria-hematologica\/"},"wordCount":356,"commentCount":0,"publisher":{"@id":"https:\/\/riberasalud.com\/ribera-lab\/#organization"},"image":{"@id":"https:\/\/riberasalud.com\/ribera-lab\/ribera-lab-y-el-hospital-universitario-del-vinalopo-protagonistas-en-el-27-congreso-nacional-de-enfermeria-hematologica\/#primaryimage"},"thumbnailUrl":"https:\/\/riberasalud.com\/ribera-lab\/wp-content\/uploads\/2023\/11\/MAYTE-ALARCON.jpg","keywords":["congreso","Congreso Nacional de Enfermer\u00eda Hematol\u00f3gica","especialistas","Hospital Universitario del Vinalop\u00f3"],"articleSection":["Congreso"],"inLanguage":"es","potentialAction":[{"@type":"CommentAction","name":"Comment","target":["https:\/\/riberasalud.com\/ribera-lab\/ribera-lab-y-el-hospital-universitario-del-vinalopo-protagonistas-en-el-27-congreso-nacional-de-enfermeria-hematologica\/#respond"]}]},{"@type":"WebPage","@id":"https:\/\/riberasalud.com\/ribera-lab\/ribera-lab-y-el-hospital-universitario-del-vinalopo-protagonistas-en-el-27-congreso-nacional-de-enfermeria-hematologica\/","url":"https:\/\/riberasalud.com\/ribera-lab\/ribera-lab-y-el-hospital-universitario-del-vinalopo-protagonistas-en-el-27-congreso-nacional-de-enfermeria-hematologica\/","name":"Ribera Lab y el Hospital Universitario del Vinalop\u00f3, protagonistas en el 27 Congreso Nacional de Enfermer\u00eda Hematol\u00f3gica - Ribera Lab","isPartOf":{"@id":"https:\/\/riberasalud.com\/ribera-lab\/#website"},"primaryImageOfPage":{"@id":"https:\/\/riberasalud.com\/ribera-lab\/ribera-lab-y-el-hospital-universitario-del-vinalopo-protagonistas-en-el-27-congreso-nacional-de-enfermeria-hematologica\/#primaryimage"},"image":{"@id":"https:\/\/riberasalud.com\/ribera-lab\/ribera-lab-y-el-hospital-universitario-del-vinalopo-protagonistas-en-el-27-congreso-nacional-de-enfermeria-hematologica\/#primaryimage"},"thumbnailUrl":"https:\/\/riberasalud.com\/ribera-lab\/wp-content\/uploads\/2023\/11\/MAYTE-ALARCON.jpg","datePublished":"2023-10-31T12:34:41+00:00","description":"\u00a0La cita tendr\u00e1 lugar del 2 al 4 de noviembre en el Palacio de Congresos y reunir\u00e1 a especialistas de reconocido prestigio","breadcrumb":{"@id":"https:\/\/riberasalud.com\/ribera-lab\/ribera-lab-y-el-hospital-universitario-del-vinalopo-protagonistas-en-el-27-congreso-nacional-de-enfermeria-hematologica\/#breadcrumb"},"inLanguage":"es","potentialAction":[{"@type":"ReadAction","target":["https:\/\/riberasalud.com\/ribera-lab\/ribera-lab-y-el-hospital-universitario-del-vinalopo-protagonistas-en-el-27-congreso-nacional-de-enfermeria-hematologica\/"]}]},{"@type":"ImageObject","inLanguage":"es","@id":"https:\/\/riberasalud.com\/ribera-lab\/ribera-lab-y-el-hospital-universitario-del-vinalopo-protagonistas-en-el-27-congreso-nacional-de-enfermeria-hematologica\/#primaryimage","url":"https:\/\/riberasalud.com\/ribera-lab\/wp-content\/uploads\/2023\/11\/MAYTE-ALARCON.jpg","contentUrl":"https:\/\/riberasalud.com\/ribera-lab\/wp-content\/uploads\/2023\/11\/MAYTE-ALARCON.jpg","width":800,"height":533,"caption":"Mayte Alarc\u00f3n"},{"@type":"BreadcrumbList","@id":"https:\/\/riberasalud.com\/ribera-lab\/ribera-lab-y-el-hospital-universitario-del-vinalopo-protagonistas-en-el-27-congreso-nacional-de-enfermeria-hematologica\/#breadcrumb","itemListElement":[{"@type":"ListItem","position":1,"name":"Portada","item":"https:\/\/riberasalud.com\/ribera-lab\/"},{"@type":"ListItem","position":2,"name":"Ribera Lab y el Hospital Universitario del Vinalop\u00f3, protagonistas en el 27 Congreso Nacional de Enfermer\u00eda Hematol\u00f3gica"}]},{"@type":"WebSite","@id":"https:\/\/riberasalud.com\/ribera-lab\/#website","url":"https:\/\/riberasalud.com\/ribera-lab\/","name":"Ribera Lab","description":"","publisher":{"@id":"https:\/\/riberasalud.com\/ribera-lab\/#organization"},"potentialAction":[{"@type":"SearchAction","target":{"@type":"EntryPoint","urlTemplate":"https:\/\/riberasalud.com\/ribera-lab\/?s={search_term_string}"},"query-input":{"@type":"PropertyValueSpecification","valueRequired":true,"valueName":"search_term_string"}}],"inLanguage":"es"},{"@type":"Organization","@id":"https:\/\/riberasalud.com\/ribera-lab\/#organization","name":"Ribera Lab","url":"https:\/\/riberasalud.com\/ribera-lab\/","logo":{"@type":"ImageObject","inLanguage":"es","@id":"https:\/\/riberasalud.com\/ribera-lab\/#\/schema\/logo\/image\/","url":"https:\/\/riberasalud.com\/ribera-lab\/wp-content\/uploads\/2024\/10\/cropped-cropped-Logo-Red-Lab-1.png","contentUrl":"https:\/\/riberasalud.com\/ribera-lab\/wp-content\/uploads\/2024\/10\/cropped-cropped-Logo-Red-Lab-1.png","width":1611,"height":474,"caption":"Ribera Lab"},"image":{"@id":"https:\/\/riberasalud.com\/ribera-lab\/#\/schema\/logo\/image\/"}},{"@type":"Person","@id":"https:\/\/riberasalud.com\/ribera-lab\/#\/schema\/person\/2ec20d8627f802c9402f828b3eb51693","name":"marsanchez","image":{"@type":"ImageObject","inLanguage":"es","@id":"https:\/\/riberasalud.com\/ribera-lab\/#\/schema\/person\/image\/","url":"https:\/\/secure.gravatar.com\/avatar\/0e2ddfa6ca50f038a905865f19439697542e5743a0628f67c9fac9c893b311be?s=96&d=mm&r=g","contentUrl":"https:\/\/secure.gravatar.com\/avatar\/0e2ddfa6ca50f038a905865f19439697542e5743a0628f67c9fac9c893b311be?s=96&d=mm&r=g","caption":"marsanchez"},"url":"https:\/\/riberasalud.com\/ribera-lab\/author\/marsanchez\/"}]}},"_links":{"self":[{"href":"https:\/\/riberasalud.com\/ribera-lab\/wp-json\/wp\/v2\/posts\/15824","targetHints":{"allow":["GET"]}}],"collection":[{"href":"https:\/\/riberasalud.com\/ribera-lab\/wp-json\/wp\/v2\/posts"}],"about":[{"href":"https:\/\/riberasalud.com\/ribera-lab\/wp-json\/wp\/v2\/types\/post"}],"author":[{"embeddable":true,"href":"https:\/\/riberasalud.com\/ribera-lab\/wp-json\/wp\/v2\/users\/2"}],"replies":[{"embeddable":true,"href":"https:\/\/riberasalud.com\/ribera-lab\/wp-json\/wp\/v2\/comments?post=15824"}],"version-history":[{"count":0,"href":"https:\/\/riberasalud.com\/ribera-lab\/wp-json\/wp\/v2\/posts\/15824\/revisions"}],"wp:featuredmedia":[{"embeddable":true,"href":"https:\/\/riberasalud.com\/ribera-lab\/wp-json\/wp\/v2\/media\/15825"}],"wp:attachment":[{"href":"https:\/\/riberasalud.com\/ribera-lab\/wp-json\/wp\/v2\/media?parent=15824"}],"wp:term":[{"taxonomy":"category","embeddable":true,"href":"https:\/\/riberasalud.com\/ribera-lab\/wp-json\/wp\/v2\/categories?post=15824"},{"taxonomy":"post_tag","embeddable":true,"href":"https:\/\/riberasalud.com\/ribera-lab\/wp-json\/wp\/v2\/tags?post=15824"}],"curies":[{"name":"wp","href":"https:\/\/api.w.org\/{rel}","templated":true}]}}