{"id":15790,"date":"2023-10-03T08:52:06","date_gmt":"2023-10-03T08:52:06","guid":{"rendered":"https:\/\/www.riberasalud.com\/ribera-lab\/?p=15790"},"modified":"2023-10-03T08:52:06","modified_gmt":"2023-10-03T08:52:06","slug":"ribera-lab-asume-el-diagnostico-biologico-integral-de-los-pacientes-del-area-de-salud-de-torrejon","status":"publish","type":"post","link":"https:\/\/riberasalud.com\/ribera-lab\/ribera-lab-asume-el-diagnostico-biologico-integral-de-los-pacientes-del-area-de-salud-de-torrejon\/","title":{"rendered":"Ribera Lab asume el diagn\u00f3stico biol\u00f3gico integral de los pacientes del \u00e1rea de salud de Torrej\u00f3n"},"content":{"rendered":"\n<ul class=\"wp-block-list\"><li>Se analizan alrededor de 1.000 muestras diarias entre Atenci\u00f3n Primaria y el propio hospital, donde se refuerza el n\u00famero de profesionales y se ampl\u00eda la automatizaci\u00f3n, al igual que en el laboratorio central del grupo<\/li><li>Ya son cinco los hospitales del grupo Ribera integrados en Ribera Lab: Ribera Polusa, Ribera Juan Cardona, Ribera Hospital de Molina y los hospitales universitarios de Vinalop\u00f3 y Torrej\u00f3n, adem\u00e1s de sus \u00e1reas de salud<\/li><\/ul>\n\n\n\n<p><strong>Valencia, 03 de octubre de 2023<\/strong> \u2013 <a href=\"https:\/\/riberasalud.com\/ribera-lab\/\">Ribera Lab<\/a>, la divisi\u00f3n de laboratorio del <a href=\"https:\/\/www.riberasalud.com\/\">grupo sanitario Ribera<\/a>, ha asumido el diagn\u00f3stico biol\u00f3gico integral de todos los pacientes del <a href=\"https:\/\/www.hospitaldetorrejon.es\/\">Hospital Universitario de Torrej\u00f3n<\/a> y su \u00e1rea de salud, es decir, el an\u00e1lisis de todas aquellas muestras que se toman a pacientes del hospital y de los centros de Atenci\u00f3n Primaria del \u00e1rea. El an\u00e1lisis y gesti\u00f3n de todas las anal\u00edticas de sangre, orina y l\u00edquidos biol\u00f3gicos de Torrej\u00f3n ha supuesto un refuerzo de profesionales en el propio centro sanitario y en el laboratorio central de Ribera, as\u00ed como en los procesos de automatizaci\u00f3n.\u00a0<\/p>\n\n\n\n<p>Solo el laboratorio del Hospital de Torrej\u00f3n analiza alrededor de 1.000 muestras diarias, procedentes de sus propios pacientes y de los centros de Atenci\u00f3n Primaria. Por su parte, el laboratorio central de Ribera Lab cuenta con tecnolog\u00eda que le permite realizar m\u00e1s de 3.000 determinaciones al d\u00eda, con tecnolog\u00eda capaz de analizar 800 tubos a la hora, con capacidad de aumentarla seg\u00fan las necesidades.&nbsp;<\/p>\n\n\n\n<p>Ribera Lab cuenta con m\u00e1s de 120 profesionales y ya est\u00e1 integrado en cinco de los hospitales del grupo sanitario: <a href=\"https:\/\/riberasalud.com\/polusa\/\">Ribera Polusa<\/a>, <a href=\"https:\/\/riberasalud.com\/juan-cardona\/\">Ribera Juan Cardona<\/a>, <a href=\"https:\/\/riberasalud.com\/hospital-de-molina\/\">Ribera Hospital de Molina<\/a> y los hospitales universitarios de <a href=\"https:\/\/www.vinaloposalud.com\/\">Vinalop\u00f3<\/a> y Torrej\u00f3n, adem\u00e1s de sus \u00e1reas de salud. Cuenta con un laboratorio de citogen\u00e9tica constitucional, prenatal y oncohematol\u00f3gica, un laboratorio de biopatolog\u00eda molecular para enfermedades hereditarias, infecciones y oncohematol\u00f3gicas, adem\u00e1s del laboratorio cl\u00ednico central. Adem\u00e1s, la divisi\u00f3n de laboratorio del grupo da cobertura a otras cl\u00ednicas y hospitales del grupo, as\u00ed como de centros sanitarios externos. \u201cResponder de manera eficaz y \u00e1gil a las necesidades de los pacientes es siempre nuestra prioridad\u201d, asegura la directora de gesti\u00f3n de Ribera Lab, Mayte Alarc\u00f3n.&nbsp;<\/p>\n","protected":false},"excerpt":{"rendered":"<p>Se analizan alrededor de 1.000 muestras diarias entre Atenci\u00f3n Primaria y el propio hospital, donde se refuerza el n\u00famero de profesionales y se ampl\u00eda la automatizaci\u00f3n, al igual que en el laboratorio central del grupo Ya son cinco los hospitales del grupo Ribera integrados en Ribera Lab: Ribera Polusa, Ribera Juan Cardona, Ribera Hospital de &#8230; <\/p>\n<p class=\"read-more-container\"><a title=\"Ribera Lab asume el diagn\u00f3stico biol\u00f3gico integral de los pacientes del \u00e1rea de salud de Torrej\u00f3n\" class=\"read-more button\" href=\"https:\/\/riberasalud.com\/ribera-lab\/ribera-lab-asume-el-diagnostico-biologico-integral-de-los-pacientes-del-area-de-salud-de-torrejon\/#more-15790\" aria-label=\"Leer m\u00e1s sobre Ribera Lab asume el diagn\u00f3stico biol\u00f3gico integral de los pacientes del \u00e1rea de salud de Torrej\u00f3n\">Leer m\u00e1s<\/a><\/p>\n","protected":false},"author":2,"featured_media":15791,"comment_status":"open","ping_status":"open","sticky":false,"template":"","format":"standard","meta":{"footnotes":""},"categories":[6,8],"tags":[],"class_list":["post-15790","post","type-post","status-publish","format-standard","has-post-thumbnail","hentry","category-gestion","category-ribera-lab"],"yoast_head":"<!-- This site is optimized with the Yoast SEO plugin v26.6 - https:\/\/yoast.com\/wordpress\/plugins\/seo\/ -->\n<title>Ribera Lab asume el diagn\u00f3stico biol\u00f3gico integral de los pacientes del \u00e1rea de salud de Torrej\u00f3n - Ribera Lab<\/title>\n<meta name=\"robots\" content=\"index, follow, max-snippet:-1, max-image-preview:large, max-video-preview:-1\" \/>\n<link rel=\"canonical\" href=\"https:\/\/riberasalud.com\/ribera-lab\/ribera-lab-asume-el-diagnostico-biologico-integral-de-los-pacientes-del-area-de-salud-de-torrejon\/\" \/>\n<meta property=\"og:locale\" content=\"es_ES\" \/>\n<meta property=\"og:type\" content=\"article\" \/>\n<meta property=\"og:title\" content=\"Ribera Lab asume el diagn\u00f3stico biol\u00f3gico integral de los pacientes del \u00e1rea de salud de Torrej\u00f3n - Ribera Lab\" \/>\n<meta property=\"og:description\" content=\"Se analizan alrededor de 1.000 muestras diarias entre Atenci\u00f3n Primaria y el propio hospital, donde se refuerza el n\u00famero de profesionales y se ampl\u00eda la automatizaci\u00f3n, al igual que en el laboratorio central del grupo Ya son cinco los hospitales del grupo Ribera integrados en Ribera Lab: Ribera Polusa, Ribera Juan Cardona, Ribera Hospital de ... Leer m\u00e1s\" \/>\n<meta property=\"og:url\" content=\"https:\/\/riberasalud.com\/ribera-lab\/ribera-lab-asume-el-diagnostico-biologico-integral-de-los-pacientes-del-area-de-salud-de-torrejon\/\" \/>\n<meta property=\"og:site_name\" content=\"Ribera Lab\" \/>\n<meta property=\"article:published_time\" content=\"2023-10-03T08:52:06+00:00\" \/>\n<meta property=\"og:image\" content=\"https:\/\/riberasalud.com\/ribera-lab\/wp-content\/uploads\/2023\/10\/HUT_Laboratorio-Torrejon-2-scaled-1.jpg\" \/>\n\t<meta property=\"og:image:width\" content=\"2560\" \/>\n\t<meta property=\"og:image:height\" content=\"1707\" \/>\n\t<meta property=\"og:image:type\" content=\"image\/jpeg\" \/>\n<meta name=\"author\" content=\"marsanchez\" \/>\n<meta name=\"twitter:card\" content=\"summary_large_image\" \/>\n<meta name=\"twitter:label1\" content=\"Escrito por\" \/>\n\t<meta name=\"twitter:data1\" content=\"marsanchez\" \/>\n\t<meta name=\"twitter:label2\" content=\"Tiempo de lectura\" \/>\n\t<meta name=\"twitter:data2\" content=\"2 minutos\" \/>\n<script type=\"application\/ld+json\" class=\"yoast-schema-graph\">{\"@context\":\"https:\/\/schema.org\",\"@graph\":[{\"@type\":\"Article\",\"@id\":\"https:\/\/riberasalud.com\/ribera-lab\/ribera-lab-asume-el-diagnostico-biologico-integral-de-los-pacientes-del-area-de-salud-de-torrejon\/#article\",\"isPartOf\":{\"@id\":\"https:\/\/riberasalud.com\/ribera-lab\/ribera-lab-asume-el-diagnostico-biologico-integral-de-los-pacientes-del-area-de-salud-de-torrejon\/\"},\"author\":{\"name\":\"marsanchez\",\"@id\":\"https:\/\/riberasalud.com\/ribera-lab\/#\/schema\/person\/2ec20d8627f802c9402f828b3eb51693\"},\"headline\":\"Ribera Lab asume el diagn\u00f3stico biol\u00f3gico integral de los pacientes del \u00e1rea de salud de Torrej\u00f3n\",\"datePublished\":\"2023-10-03T08:52:06+00:00\",\"mainEntityOfPage\":{\"@id\":\"https:\/\/riberasalud.com\/ribera-lab\/ribera-lab-asume-el-diagnostico-biologico-integral-de-los-pacientes-del-area-de-salud-de-torrejon\/\"},\"wordCount\":406,\"commentCount\":0,\"publisher\":{\"@id\":\"https:\/\/riberasalud.com\/ribera-lab\/#organization\"},\"image\":{\"@id\":\"https:\/\/riberasalud.com\/ribera-lab\/ribera-lab-asume-el-diagnostico-biologico-integral-de-los-pacientes-del-area-de-salud-de-torrejon\/#primaryimage\"},\"thumbnailUrl\":\"https:\/\/riberasalud.com\/ribera-lab\/wp-content\/uploads\/2023\/10\/HUT_Laboratorio-Torrejon-2-scaled-1.jpg\",\"articleSection\":[\"Gesti\u00f3n\",\"Ribera Lab\"],\"inLanguage\":\"es\",\"potentialAction\":[{\"@type\":\"CommentAction\",\"name\":\"Comment\",\"target\":[\"https:\/\/riberasalud.com\/ribera-lab\/ribera-lab-asume-el-diagnostico-biologico-integral-de-los-pacientes-del-area-de-salud-de-torrejon\/#respond\"]}]},{\"@type\":\"WebPage\",\"@id\":\"https:\/\/riberasalud.com\/ribera-lab\/ribera-lab-asume-el-diagnostico-biologico-integral-de-los-pacientes-del-area-de-salud-de-torrejon\/\",\"url\":\"https:\/\/riberasalud.com\/ribera-lab\/ribera-lab-asume-el-diagnostico-biologico-integral-de-los-pacientes-del-area-de-salud-de-torrejon\/\",\"name\":\"Ribera Lab asume el diagn\u00f3stico biol\u00f3gico integral de los pacientes del \u00e1rea de salud de Torrej\u00f3n - Ribera Lab\",\"isPartOf\":{\"@id\":\"https:\/\/riberasalud.com\/ribera-lab\/#website\"},\"primaryImageOfPage\":{\"@id\":\"https:\/\/riberasalud.com\/ribera-lab\/ribera-lab-asume-el-diagnostico-biologico-integral-de-los-pacientes-del-area-de-salud-de-torrejon\/#primaryimage\"},\"image\":{\"@id\":\"https:\/\/riberasalud.com\/ribera-lab\/ribera-lab-asume-el-diagnostico-biologico-integral-de-los-pacientes-del-area-de-salud-de-torrejon\/#primaryimage\"},\"thumbnailUrl\":\"https:\/\/riberasalud.com\/ribera-lab\/wp-content\/uploads\/2023\/10\/HUT_Laboratorio-Torrejon-2-scaled-1.jpg\",\"datePublished\":\"2023-10-03T08:52:06+00:00\",\"breadcrumb\":{\"@id\":\"https:\/\/riberasalud.com\/ribera-lab\/ribera-lab-asume-el-diagnostico-biologico-integral-de-los-pacientes-del-area-de-salud-de-torrejon\/#breadcrumb\"},\"inLanguage\":\"es\",\"potentialAction\":[{\"@type\":\"ReadAction\",\"target\":[\"https:\/\/riberasalud.com\/ribera-lab\/ribera-lab-asume-el-diagnostico-biologico-integral-de-los-pacientes-del-area-de-salud-de-torrejon\/\"]}]},{\"@type\":\"ImageObject\",\"inLanguage\":\"es\",\"@id\":\"https:\/\/riberasalud.com\/ribera-lab\/ribera-lab-asume-el-diagnostico-biologico-integral-de-los-pacientes-del-area-de-salud-de-torrejon\/#primaryimage\",\"url\":\"https:\/\/riberasalud.com\/ribera-lab\/wp-content\/uploads\/2023\/10\/HUT_Laboratorio-Torrejon-2-scaled-1.jpg\",\"contentUrl\":\"https:\/\/riberasalud.com\/ribera-lab\/wp-content\/uploads\/2023\/10\/HUT_Laboratorio-Torrejon-2-scaled-1.jpg\",\"width\":2560,\"height\":1707},{\"@type\":\"BreadcrumbList\",\"@id\":\"https:\/\/riberasalud.com\/ribera-lab\/ribera-lab-asume-el-diagnostico-biologico-integral-de-los-pacientes-del-area-de-salud-de-torrejon\/#breadcrumb\",\"itemListElement\":[{\"@type\":\"ListItem\",\"position\":1,\"name\":\"Portada\",\"item\":\"https:\/\/riberasalud.com\/ribera-lab\/\"},{\"@type\":\"ListItem\",\"position\":2,\"name\":\"Ribera Lab asume el diagn\u00f3stico biol\u00f3gico integral de los pacientes del \u00e1rea de salud de Torrej\u00f3n\"}]},{\"@type\":\"WebSite\",\"@id\":\"https:\/\/riberasalud.com\/ribera-lab\/#website\",\"url\":\"https:\/\/riberasalud.com\/ribera-lab\/\",\"name\":\"Ribera Lab\",\"description\":\"\",\"publisher\":{\"@id\":\"https:\/\/riberasalud.com\/ribera-lab\/#organization\"},\"potentialAction\":[{\"@type\":\"SearchAction\",\"target\":{\"@type\":\"EntryPoint\",\"urlTemplate\":\"https:\/\/riberasalud.com\/ribera-lab\/?s={search_term_string}\"},\"query-input\":{\"@type\":\"PropertyValueSpecification\",\"valueRequired\":true,\"valueName\":\"search_term_string\"}}],\"inLanguage\":\"es\"},{\"@type\":\"Organization\",\"@id\":\"https:\/\/riberasalud.com\/ribera-lab\/#organization\",\"name\":\"Ribera Lab\",\"url\":\"https:\/\/riberasalud.com\/ribera-lab\/\",\"logo\":{\"@type\":\"ImageObject\",\"inLanguage\":\"es\",\"@id\":\"https:\/\/riberasalud.com\/ribera-lab\/#\/schema\/logo\/image\/\",\"url\":\"https:\/\/riberasalud.com\/ribera-lab\/wp-content\/uploads\/2024\/10\/cropped-cropped-Logo-Red-Lab-1.png\",\"contentUrl\":\"https:\/\/riberasalud.com\/ribera-lab\/wp-content\/uploads\/2024\/10\/cropped-cropped-Logo-Red-Lab-1.png\",\"width\":1611,\"height\":474,\"caption\":\"Ribera Lab\"},\"image\":{\"@id\":\"https:\/\/riberasalud.com\/ribera-lab\/#\/schema\/logo\/image\/\"}},{\"@type\":\"Person\",\"@id\":\"https:\/\/riberasalud.com\/ribera-lab\/#\/schema\/person\/2ec20d8627f802c9402f828b3eb51693\",\"name\":\"marsanchez\",\"image\":{\"@type\":\"ImageObject\",\"inLanguage\":\"es\",\"@id\":\"https:\/\/riberasalud.com\/ribera-lab\/#\/schema\/person\/image\/\",\"url\":\"https:\/\/secure.gravatar.com\/avatar\/0e2ddfa6ca50f038a905865f19439697542e5743a0628f67c9fac9c893b311be?s=96&d=mm&r=g\",\"contentUrl\":\"https:\/\/secure.gravatar.com\/avatar\/0e2ddfa6ca50f038a905865f19439697542e5743a0628f67c9fac9c893b311be?s=96&d=mm&r=g\",\"caption\":\"marsanchez\"},\"url\":\"https:\/\/riberasalud.com\/ribera-lab\/author\/marsanchez\/\"}]}<\/script>\n<!-- \/ Yoast SEO plugin. -->","yoast_head_json":{"title":"Ribera Lab asume el diagn\u00f3stico biol\u00f3gico integral de los pacientes del \u00e1rea de salud de Torrej\u00f3n - Ribera Lab","robots":{"index":"index","follow":"follow","max-snippet":"max-snippet:-1","max-image-preview":"max-image-preview:large","max-video-preview":"max-video-preview:-1"},"canonical":"https:\/\/riberasalud.com\/ribera-lab\/ribera-lab-asume-el-diagnostico-biologico-integral-de-los-pacientes-del-area-de-salud-de-torrejon\/","og_locale":"es_ES","og_type":"article","og_title":"Ribera Lab asume el diagn\u00f3stico biol\u00f3gico integral de los pacientes del \u00e1rea de salud de Torrej\u00f3n - Ribera Lab","og_description":"Se analizan alrededor de 1.000 muestras diarias entre Atenci\u00f3n Primaria y el propio hospital, donde se refuerza el n\u00famero de profesionales y se ampl\u00eda la automatizaci\u00f3n, al igual que en el laboratorio central del grupo Ya son cinco los hospitales del grupo Ribera integrados en Ribera Lab: Ribera Polusa, Ribera Juan Cardona, Ribera Hospital de ... Leer m\u00e1s","og_url":"https:\/\/riberasalud.com\/ribera-lab\/ribera-lab-asume-el-diagnostico-biologico-integral-de-los-pacientes-del-area-de-salud-de-torrejon\/","og_site_name":"Ribera Lab","article_published_time":"2023-10-03T08:52:06+00:00","og_image":[{"width":2560,"height":1707,"url":"https:\/\/riberasalud.com\/ribera-lab\/wp-content\/uploads\/2023\/10\/HUT_Laboratorio-Torrejon-2-scaled-1.jpg","type":"image\/jpeg"}],"author":"marsanchez","twitter_card":"summary_large_image","twitter_misc":{"Escrito por":"marsanchez","Tiempo de lectura":"2 minutos"},"schema":{"@context":"https:\/\/schema.org","@graph":[{"@type":"Article","@id":"https:\/\/riberasalud.com\/ribera-lab\/ribera-lab-asume-el-diagnostico-biologico-integral-de-los-pacientes-del-area-de-salud-de-torrejon\/#article","isPartOf":{"@id":"https:\/\/riberasalud.com\/ribera-lab\/ribera-lab-asume-el-diagnostico-biologico-integral-de-los-pacientes-del-area-de-salud-de-torrejon\/"},"author":{"name":"marsanchez","@id":"https:\/\/riberasalud.com\/ribera-lab\/#\/schema\/person\/2ec20d8627f802c9402f828b3eb51693"},"headline":"Ribera Lab asume el diagn\u00f3stico biol\u00f3gico integral de los pacientes del \u00e1rea de salud de Torrej\u00f3n","datePublished":"2023-10-03T08:52:06+00:00","mainEntityOfPage":{"@id":"https:\/\/riberasalud.com\/ribera-lab\/ribera-lab-asume-el-diagnostico-biologico-integral-de-los-pacientes-del-area-de-salud-de-torrejon\/"},"wordCount":406,"commentCount":0,"publisher":{"@id":"https:\/\/riberasalud.com\/ribera-lab\/#organization"},"image":{"@id":"https:\/\/riberasalud.com\/ribera-lab\/ribera-lab-asume-el-diagnostico-biologico-integral-de-los-pacientes-del-area-de-salud-de-torrejon\/#primaryimage"},"thumbnailUrl":"https:\/\/riberasalud.com\/ribera-lab\/wp-content\/uploads\/2023\/10\/HUT_Laboratorio-Torrejon-2-scaled-1.jpg","articleSection":["Gesti\u00f3n","Ribera Lab"],"inLanguage":"es","potentialAction":[{"@type":"CommentAction","name":"Comment","target":["https:\/\/riberasalud.com\/ribera-lab\/ribera-lab-asume-el-diagnostico-biologico-integral-de-los-pacientes-del-area-de-salud-de-torrejon\/#respond"]}]},{"@type":"WebPage","@id":"https:\/\/riberasalud.com\/ribera-lab\/ribera-lab-asume-el-diagnostico-biologico-integral-de-los-pacientes-del-area-de-salud-de-torrejon\/","url":"https:\/\/riberasalud.com\/ribera-lab\/ribera-lab-asume-el-diagnostico-biologico-integral-de-los-pacientes-del-area-de-salud-de-torrejon\/","name":"Ribera Lab asume el diagn\u00f3stico biol\u00f3gico integral de los pacientes del \u00e1rea de salud de Torrej\u00f3n - Ribera Lab","isPartOf":{"@id":"https:\/\/riberasalud.com\/ribera-lab\/#website"},"primaryImageOfPage":{"@id":"https:\/\/riberasalud.com\/ribera-lab\/ribera-lab-asume-el-diagnostico-biologico-integral-de-los-pacientes-del-area-de-salud-de-torrejon\/#primaryimage"},"image":{"@id":"https:\/\/riberasalud.com\/ribera-lab\/ribera-lab-asume-el-diagnostico-biologico-integral-de-los-pacientes-del-area-de-salud-de-torrejon\/#primaryimage"},"thumbnailUrl":"https:\/\/riberasalud.com\/ribera-lab\/wp-content\/uploads\/2023\/10\/HUT_Laboratorio-Torrejon-2-scaled-1.jpg","datePublished":"2023-10-03T08:52:06+00:00","breadcrumb":{"@id":"https:\/\/riberasalud.com\/ribera-lab\/ribera-lab-asume-el-diagnostico-biologico-integral-de-los-pacientes-del-area-de-salud-de-torrejon\/#breadcrumb"},"inLanguage":"es","potentialAction":[{"@type":"ReadAction","target":["https:\/\/riberasalud.com\/ribera-lab\/ribera-lab-asume-el-diagnostico-biologico-integral-de-los-pacientes-del-area-de-salud-de-torrejon\/"]}]},{"@type":"ImageObject","inLanguage":"es","@id":"https:\/\/riberasalud.com\/ribera-lab\/ribera-lab-asume-el-diagnostico-biologico-integral-de-los-pacientes-del-area-de-salud-de-torrejon\/#primaryimage","url":"https:\/\/riberasalud.com\/ribera-lab\/wp-content\/uploads\/2023\/10\/HUT_Laboratorio-Torrejon-2-scaled-1.jpg","contentUrl":"https:\/\/riberasalud.com\/ribera-lab\/wp-content\/uploads\/2023\/10\/HUT_Laboratorio-Torrejon-2-scaled-1.jpg","width":2560,"height":1707},{"@type":"BreadcrumbList","@id":"https:\/\/riberasalud.com\/ribera-lab\/ribera-lab-asume-el-diagnostico-biologico-integral-de-los-pacientes-del-area-de-salud-de-torrejon\/#breadcrumb","itemListElement":[{"@type":"ListItem","position":1,"name":"Portada","item":"https:\/\/riberasalud.com\/ribera-lab\/"},{"@type":"ListItem","position":2,"name":"Ribera Lab asume el diagn\u00f3stico biol\u00f3gico integral de los pacientes del \u00e1rea de salud de Torrej\u00f3n"}]},{"@type":"WebSite","@id":"https:\/\/riberasalud.com\/ribera-lab\/#website","url":"https:\/\/riberasalud.com\/ribera-lab\/","name":"Ribera Lab","description":"","publisher":{"@id":"https:\/\/riberasalud.com\/ribera-lab\/#organization"},"potentialAction":[{"@type":"SearchAction","target":{"@type":"EntryPoint","urlTemplate":"https:\/\/riberasalud.com\/ribera-lab\/?s={search_term_string}"},"query-input":{"@type":"PropertyValueSpecification","valueRequired":true,"valueName":"search_term_string"}}],"inLanguage":"es"},{"@type":"Organization","@id":"https:\/\/riberasalud.com\/ribera-lab\/#organization","name":"Ribera Lab","url":"https:\/\/riberasalud.com\/ribera-lab\/","logo":{"@type":"ImageObject","inLanguage":"es","@id":"https:\/\/riberasalud.com\/ribera-lab\/#\/schema\/logo\/image\/","url":"https:\/\/riberasalud.com\/ribera-lab\/wp-content\/uploads\/2024\/10\/cropped-cropped-Logo-Red-Lab-1.png","contentUrl":"https:\/\/riberasalud.com\/ribera-lab\/wp-content\/uploads\/2024\/10\/cropped-cropped-Logo-Red-Lab-1.png","width":1611,"height":474,"caption":"Ribera Lab"},"image":{"@id":"https:\/\/riberasalud.com\/ribera-lab\/#\/schema\/logo\/image\/"}},{"@type":"Person","@id":"https:\/\/riberasalud.com\/ribera-lab\/#\/schema\/person\/2ec20d8627f802c9402f828b3eb51693","name":"marsanchez","image":{"@type":"ImageObject","inLanguage":"es","@id":"https:\/\/riberasalud.com\/ribera-lab\/#\/schema\/person\/image\/","url":"https:\/\/secure.gravatar.com\/avatar\/0e2ddfa6ca50f038a905865f19439697542e5743a0628f67c9fac9c893b311be?s=96&d=mm&r=g","contentUrl":"https:\/\/secure.gravatar.com\/avatar\/0e2ddfa6ca50f038a905865f19439697542e5743a0628f67c9fac9c893b311be?s=96&d=mm&r=g","caption":"marsanchez"},"url":"https:\/\/riberasalud.com\/ribera-lab\/author\/marsanchez\/"}]}},"_links":{"self":[{"href":"https:\/\/riberasalud.com\/ribera-lab\/wp-json\/wp\/v2\/posts\/15790","targetHints":{"allow":["GET"]}}],"collection":[{"href":"https:\/\/riberasalud.com\/ribera-lab\/wp-json\/wp\/v2\/posts"}],"about":[{"href":"https:\/\/riberasalud.com\/ribera-lab\/wp-json\/wp\/v2\/types\/post"}],"author":[{"embeddable":true,"href":"https:\/\/riberasalud.com\/ribera-lab\/wp-json\/wp\/v2\/users\/2"}],"replies":[{"embeddable":true,"href":"https:\/\/riberasalud.com\/ribera-lab\/wp-json\/wp\/v2\/comments?post=15790"}],"version-history":[{"count":0,"href":"https:\/\/riberasalud.com\/ribera-lab\/wp-json\/wp\/v2\/posts\/15790\/revisions"}],"wp:featuredmedia":[{"embeddable":true,"href":"https:\/\/riberasalud.com\/ribera-lab\/wp-json\/wp\/v2\/media\/15791"}],"wp:attachment":[{"href":"https:\/\/riberasalud.com\/ribera-lab\/wp-json\/wp\/v2\/media?parent=15790"}],"wp:term":[{"taxonomy":"category","embeddable":true,"href":"https:\/\/riberasalud.com\/ribera-lab\/wp-json\/wp\/v2\/categories?post=15790"},{"taxonomy":"post_tag","embeddable":true,"href":"https:\/\/riberasalud.com\/ribera-lab\/wp-json\/wp\/v2\/tags?post=15790"}],"curies":[{"name":"wp","href":"https:\/\/api.w.org\/{rel}","templated":true}]}}