{"id":14702,"date":"2022-01-21T13:25:26","date_gmt":"2022-01-21T11:25:26","guid":{"rendered":"https:\/\/www.riberasalud.com\/?p=14702"},"modified":"2022-01-21T13:25:26","modified_gmt":"2022-01-21T11:25:26","slug":"ribera-almendralejo-pone-en-marcha-en-un-ano-cinco-consultas-externas-y-un-servicio-de-pruebas-covid","status":"publish","type":"post","link":"https:\/\/riberasalud.com\/ribera-lab\/ribera-almendralejo-pone-en-marcha-en-un-ano-cinco-consultas-externas-y-un-servicio-de-pruebas-covid\/","title":{"rendered":"Ribera Almendralejo pone en marcha en un a\u00f1o cinco consultas externas y un servicio de pruebas Covid"},"content":{"rendered":"\n<ul class=\"wp-block-list\"><li>El hospital, que cumple su primer aniversario gestionado por el grupo sanitario Ribera, prev\u00e9 para este 2022 habilitar un laboratorio propio, integrado con Ribera Lab, e incorporar un nuevo servicio de Fisioterapia<\/li><li>En apenas seis meses, las nuevas consultas han atendido 530 visitas de Cardiolog\u00eda, Cirug\u00eda General, Oftalmolog\u00eda, Cirug\u00eda capilar y Medicina general y se han realizado casi un centenar de pruebas Covid<\/li><\/ul>\n\n\n\n<p>El&nbsp;<a href=\"https:\/\/riberasalud.com\/almendralejo\/\">Hospital Ribera&nbsp;Almendralejo<\/a>&nbsp;ha puesto en marcha cinco consultas externas y un&nbsp;<a href=\"https:\/\/www.riberasalud.com\/pruebas-covid\/cialab\/\">servicio de pruebas Covid<\/a>&nbsp;durante el primer a\u00f1o de gesti\u00f3n del&nbsp;<a href=\"https:\/\/www.riberasalud.com\/\">grupo sanitario Ribera<\/a>, servicios todos ellos clave para mejorar la atenci\u00f3n sanitaria y cuidar de la salud y el bienestar de los ciudadanos de Almendralejo y su \u00e1rea de influencia. Los especialistas han atendido a 530 pacientes en apenas seis meses en estas nuevas consultas de Cardiolog\u00eda, Cirug\u00eda General, Oftalmolog\u00eda, Cirug\u00eda capilar y Medicina general y se ha realizado casi un centenar de pruebas Covid, para ayudar a contener la expansi\u00f3n del virus en la poblaci\u00f3n.<\/p>\n\n\n\n<p>Adem\u00e1s, el hospital ha recibido y atendido a un total de 180 pacientes, que han sido ingresados en Ribera Almendralejo, derivados por el Servicio Extreme\u00f1o de Salud (<a href=\"https:\/\/saludextremadura.ses.es\/web\/\">SES<\/a>).<\/p>\n\n\n\n<p>La relaci\u00f3n de Ribera Almendralejo con entidades y colectivos del municipio es cada vez m\u00e1s estrecha. De hecho, en este primer a\u00f1o de gesti\u00f3n por parte del grupo Ribera, los profesionales del hospital han colaborado en diferentes iniciativas relacionadas con la educaci\u00f3n para la salud y la prevenci\u00f3n, realizando charlas en colegios de la localidad y participando en la Semana de la Salud que organiza el&nbsp;<a href=\"https:\/\/www.almendralejo.es\/\">Ayuntamiento<\/a>, con un stand para la realizaci\u00f3n de chequeos con control de la tensi\u00f3n y la glucemia a los ciudadanos.<\/p>\n\n\n\n<p>En 2022 est\u00e1 previsto que este centro sanitario habilite un laboratorio propio integrado con&nbsp;<a href=\"https:\/\/riberasalud.com\/ribera-lab\/\">Ribera Lab<\/a>, la divisi\u00f3n de laboratorio del grupo sanitario Ribera, que permitir\u00e1 la realizaci\u00f3n de todo tipo de pruebas diagn\u00f3sticas, no solo a los pacientes ingresados o que acuden a consulta, sino tambi\u00e9n a cualquier ciudadano que necesite una anal\u00edtica.<\/p>\n\n\n\n<p>Tambi\u00e9n est\u00e1 prevista la pr\u00f3xima puesta en marcha del nuevo servicio de Fisioterapia, con equipamiento que ya ha sido adquirido, y que facilitar\u00e1 en breve tratamientos de rehabilitaci\u00f3n y recuperaci\u00f3n funcional tanto a los pacientes del hospital como a los ciudadanos que requieran de alguna de las terapias de este nuevo servicio.<\/p>\n\n\n\n<p>A medio plazo, el hospital Ribera Almendralejo presentar\u00e1 un proyecto de reforma y ampliaci\u00f3n para completar la cartera de servicios del centro, con quir\u00f3fanos y un \u00e1rea de hospitalizaci\u00f3n de corta estancia, adem\u00e1s de las camas con las que ya cuenta para pacientes media y larga estancia.<\/p>\n\n\n\n<p><\/p>\n","protected":false},"excerpt":{"rendered":"<p>El hospital, que cumple su primer aniversario gestionado por el grupo sanitario Ribera, prev\u00e9 para este 2022 habilitar un laboratorio propio, integrado con Ribera Lab, e incorporar un nuevo servicio de Fisioterapia En apenas seis meses, las nuevas consultas han atendido 530 visitas de Cardiolog\u00eda, Cirug\u00eda General, Oftalmolog\u00eda, Cirug\u00eda capilar y Medicina general y se &#8230; <\/p>\n<p class=\"read-more-container\"><a title=\"Ribera Almendralejo pone en marcha en un a\u00f1o cinco consultas externas y un servicio de pruebas Covid\" class=\"read-more button\" href=\"https:\/\/riberasalud.com\/ribera-lab\/ribera-almendralejo-pone-en-marcha-en-un-ano-cinco-consultas-externas-y-un-servicio-de-pruebas-covid\/#more-14702\" aria-label=\"Leer m\u00e1s sobre Ribera Almendralejo pone en marcha en un a\u00f1o cinco consultas externas y un servicio de pruebas Covid\">Leer m\u00e1s<\/a><\/p>\n","protected":false},"author":2,"featured_media":14703,"comment_status":"open","ping_status":"open","sticky":false,"template":"","format":"standard","meta":{"footnotes":""},"categories":[34,8],"tags":[33,35,31,30,9],"class_list":["post-14702","post","type-post","status-publish","format-standard","has-post-thumbnail","hentry","category-atencion-primaria","category-ribera-lab","tag-almendralejo","tag-consultas-externas","tag-profesionales","tag-pruebas-covid","tag-ribera-lab"],"yoast_head":"<!-- This site is optimized with the Yoast SEO plugin v26.6 - https:\/\/yoast.com\/wordpress\/plugins\/seo\/ -->\n<title>Ribera Almendralejo pone en marcha en un a\u00f1o cinco consultas externas y un servicio de pruebas Covid - Ribera Lab<\/title>\n<meta name=\"description\" content=\"El hospital, que cumple su primer aniversario gestionado por el grupo sanitario Ribera, prev\u00e9 para este 2022 habilitar un laboratorio propio.\" \/>\n<meta name=\"robots\" content=\"index, follow, max-snippet:-1, max-image-preview:large, max-video-preview:-1\" \/>\n<link rel=\"canonical\" href=\"https:\/\/riberasalud.com\/ribera-lab\/ribera-almendralejo-pone-en-marcha-en-un-ano-cinco-consultas-externas-y-un-servicio-de-pruebas-covid\/\" \/>\n<meta property=\"og:locale\" content=\"es_ES\" \/>\n<meta property=\"og:type\" content=\"article\" \/>\n<meta property=\"og:title\" content=\"Ribera Almendralejo pone en marcha en un a\u00f1o cinco consultas externas y un servicio de pruebas Covid - Ribera Lab\" \/>\n<meta property=\"og:description\" content=\"El hospital, que cumple su primer aniversario gestionado por el grupo sanitario Ribera, prev\u00e9 para este 2022 habilitar un laboratorio propio.\" \/>\n<meta property=\"og:url\" content=\"https:\/\/riberasalud.com\/ribera-lab\/ribera-almendralejo-pone-en-marcha-en-un-ano-cinco-consultas-externas-y-un-servicio-de-pruebas-covid\/\" \/>\n<meta property=\"og:site_name\" content=\"Ribera Lab\" \/>\n<meta property=\"article:published_time\" content=\"2022-01-21T11:25:26+00:00\" \/>\n<meta property=\"og:image\" content=\"https:\/\/riberasalud.com\/ribera-lab\/wp-content\/uploads\/2022\/01\/Profesionales-en-Ribera-Almendralejo.jpg\" \/>\n\t<meta property=\"og:image:width\" content=\"800\" \/>\n\t<meta property=\"og:image:height\" content=\"598\" \/>\n\t<meta property=\"og:image:type\" content=\"image\/jpeg\" \/>\n<meta name=\"author\" content=\"marsanchez\" \/>\n<meta name=\"twitter:card\" content=\"summary_large_image\" \/>\n<meta name=\"twitter:label1\" content=\"Escrito por\" \/>\n\t<meta name=\"twitter:data1\" content=\"marsanchez\" \/>\n\t<meta name=\"twitter:label2\" content=\"Tiempo de lectura\" \/>\n\t<meta name=\"twitter:data2\" content=\"2 minutos\" \/>\n<script type=\"application\/ld+json\" class=\"yoast-schema-graph\">{\"@context\":\"https:\/\/schema.org\",\"@graph\":[{\"@type\":\"Article\",\"@id\":\"https:\/\/riberasalud.com\/ribera-lab\/ribera-almendralejo-pone-en-marcha-en-un-ano-cinco-consultas-externas-y-un-servicio-de-pruebas-covid\/#article\",\"isPartOf\":{\"@id\":\"https:\/\/riberasalud.com\/ribera-lab\/ribera-almendralejo-pone-en-marcha-en-un-ano-cinco-consultas-externas-y-un-servicio-de-pruebas-covid\/\"},\"author\":{\"name\":\"marsanchez\",\"@id\":\"https:\/\/riberasalud.com\/ribera-lab\/#\/schema\/person\/2ec20d8627f802c9402f828b3eb51693\"},\"headline\":\"Ribera Almendralejo pone en marcha en un a\u00f1o cinco consultas externas y un servicio de pruebas Covid\",\"datePublished\":\"2022-01-21T11:25:26+00:00\",\"mainEntityOfPage\":{\"@id\":\"https:\/\/riberasalud.com\/ribera-lab\/ribera-almendralejo-pone-en-marcha-en-un-ano-cinco-consultas-externas-y-un-servicio-de-pruebas-covid\/\"},\"wordCount\":487,\"commentCount\":0,\"publisher\":{\"@id\":\"https:\/\/riberasalud.com\/ribera-lab\/#organization\"},\"image\":{\"@id\":\"https:\/\/riberasalud.com\/ribera-lab\/ribera-almendralejo-pone-en-marcha-en-un-ano-cinco-consultas-externas-y-un-servicio-de-pruebas-covid\/#primaryimage\"},\"thumbnailUrl\":\"https:\/\/riberasalud.com\/ribera-lab\/wp-content\/uploads\/2022\/01\/Profesionales-en-Ribera-Almendralejo.jpg\",\"keywords\":[\"almendralejo\",\"consultas externas\",\"profesionales\",\"pruebas Covid\",\"Ribera Lab\"],\"articleSection\":[\"Atenci\u00f3n Primaria\",\"Ribera Lab\"],\"inLanguage\":\"es\",\"potentialAction\":[{\"@type\":\"CommentAction\",\"name\":\"Comment\",\"target\":[\"https:\/\/riberasalud.com\/ribera-lab\/ribera-almendralejo-pone-en-marcha-en-un-ano-cinco-consultas-externas-y-un-servicio-de-pruebas-covid\/#respond\"]}]},{\"@type\":\"WebPage\",\"@id\":\"https:\/\/riberasalud.com\/ribera-lab\/ribera-almendralejo-pone-en-marcha-en-un-ano-cinco-consultas-externas-y-un-servicio-de-pruebas-covid\/\",\"url\":\"https:\/\/riberasalud.com\/ribera-lab\/ribera-almendralejo-pone-en-marcha-en-un-ano-cinco-consultas-externas-y-un-servicio-de-pruebas-covid\/\",\"name\":\"Ribera Almendralejo pone en marcha en un a\u00f1o cinco consultas externas y un servicio de pruebas Covid - Ribera Lab\",\"isPartOf\":{\"@id\":\"https:\/\/riberasalud.com\/ribera-lab\/#website\"},\"primaryImageOfPage\":{\"@id\":\"https:\/\/riberasalud.com\/ribera-lab\/ribera-almendralejo-pone-en-marcha-en-un-ano-cinco-consultas-externas-y-un-servicio-de-pruebas-covid\/#primaryimage\"},\"image\":{\"@id\":\"https:\/\/riberasalud.com\/ribera-lab\/ribera-almendralejo-pone-en-marcha-en-un-ano-cinco-consultas-externas-y-un-servicio-de-pruebas-covid\/#primaryimage\"},\"thumbnailUrl\":\"https:\/\/riberasalud.com\/ribera-lab\/wp-content\/uploads\/2022\/01\/Profesionales-en-Ribera-Almendralejo.jpg\",\"datePublished\":\"2022-01-21T11:25:26+00:00\",\"description\":\"El hospital, que cumple su primer aniversario gestionado por el grupo sanitario Ribera, prev\u00e9 para este 2022 habilitar un laboratorio propio.\",\"breadcrumb\":{\"@id\":\"https:\/\/riberasalud.com\/ribera-lab\/ribera-almendralejo-pone-en-marcha-en-un-ano-cinco-consultas-externas-y-un-servicio-de-pruebas-covid\/#breadcrumb\"},\"inLanguage\":\"es\",\"potentialAction\":[{\"@type\":\"ReadAction\",\"target\":[\"https:\/\/riberasalud.com\/ribera-lab\/ribera-almendralejo-pone-en-marcha-en-un-ano-cinco-consultas-externas-y-un-servicio-de-pruebas-covid\/\"]}]},{\"@type\":\"ImageObject\",\"inLanguage\":\"es\",\"@id\":\"https:\/\/riberasalud.com\/ribera-lab\/ribera-almendralejo-pone-en-marcha-en-un-ano-cinco-consultas-externas-y-un-servicio-de-pruebas-covid\/#primaryimage\",\"url\":\"https:\/\/riberasalud.com\/ribera-lab\/wp-content\/uploads\/2022\/01\/Profesionales-en-Ribera-Almendralejo.jpg\",\"contentUrl\":\"https:\/\/riberasalud.com\/ribera-lab\/wp-content\/uploads\/2022\/01\/Profesionales-en-Ribera-Almendralejo.jpg\",\"width\":800,\"height\":598,\"caption\":\"almendralejo\"},{\"@type\":\"BreadcrumbList\",\"@id\":\"https:\/\/riberasalud.com\/ribera-lab\/ribera-almendralejo-pone-en-marcha-en-un-ano-cinco-consultas-externas-y-un-servicio-de-pruebas-covid\/#breadcrumb\",\"itemListElement\":[{\"@type\":\"ListItem\",\"position\":1,\"name\":\"Portada\",\"item\":\"https:\/\/riberasalud.com\/ribera-lab\/\"},{\"@type\":\"ListItem\",\"position\":2,\"name\":\"Ribera Almendralejo pone en marcha en un a\u00f1o cinco consultas externas y un servicio de pruebas Covid\"}]},{\"@type\":\"WebSite\",\"@id\":\"https:\/\/riberasalud.com\/ribera-lab\/#website\",\"url\":\"https:\/\/riberasalud.com\/ribera-lab\/\",\"name\":\"Ribera Lab\",\"description\":\"\",\"publisher\":{\"@id\":\"https:\/\/riberasalud.com\/ribera-lab\/#organization\"},\"potentialAction\":[{\"@type\":\"SearchAction\",\"target\":{\"@type\":\"EntryPoint\",\"urlTemplate\":\"https:\/\/riberasalud.com\/ribera-lab\/?s={search_term_string}\"},\"query-input\":{\"@type\":\"PropertyValueSpecification\",\"valueRequired\":true,\"valueName\":\"search_term_string\"}}],\"inLanguage\":\"es\"},{\"@type\":\"Organization\",\"@id\":\"https:\/\/riberasalud.com\/ribera-lab\/#organization\",\"name\":\"Ribera Lab\",\"url\":\"https:\/\/riberasalud.com\/ribera-lab\/\",\"logo\":{\"@type\":\"ImageObject\",\"inLanguage\":\"es\",\"@id\":\"https:\/\/riberasalud.com\/ribera-lab\/#\/schema\/logo\/image\/\",\"url\":\"https:\/\/riberasalud.com\/ribera-lab\/wp-content\/uploads\/2024\/10\/cropped-cropped-Logo-Red-Lab-1.png\",\"contentUrl\":\"https:\/\/riberasalud.com\/ribera-lab\/wp-content\/uploads\/2024\/10\/cropped-cropped-Logo-Red-Lab-1.png\",\"width\":1611,\"height\":474,\"caption\":\"Ribera Lab\"},\"image\":{\"@id\":\"https:\/\/riberasalud.com\/ribera-lab\/#\/schema\/logo\/image\/\"}},{\"@type\":\"Person\",\"@id\":\"https:\/\/riberasalud.com\/ribera-lab\/#\/schema\/person\/2ec20d8627f802c9402f828b3eb51693\",\"name\":\"marsanchez\",\"image\":{\"@type\":\"ImageObject\",\"inLanguage\":\"es\",\"@id\":\"https:\/\/riberasalud.com\/ribera-lab\/#\/schema\/person\/image\/\",\"url\":\"https:\/\/secure.gravatar.com\/avatar\/0e2ddfa6ca50f038a905865f19439697542e5743a0628f67c9fac9c893b311be?s=96&d=mm&r=g\",\"contentUrl\":\"https:\/\/secure.gravatar.com\/avatar\/0e2ddfa6ca50f038a905865f19439697542e5743a0628f67c9fac9c893b311be?s=96&d=mm&r=g\",\"caption\":\"marsanchez\"},\"url\":\"https:\/\/riberasalud.com\/ribera-lab\/author\/marsanchez\/\"}]}<\/script>\n<!-- \/ Yoast SEO plugin. -->","yoast_head_json":{"title":"Ribera Almendralejo pone en marcha en un a\u00f1o cinco consultas externas y un servicio de pruebas Covid - Ribera Lab","description":"El hospital, que cumple su primer aniversario gestionado por el grupo sanitario Ribera, prev\u00e9 para este 2022 habilitar un laboratorio propio.","robots":{"index":"index","follow":"follow","max-snippet":"max-snippet:-1","max-image-preview":"max-image-preview:large","max-video-preview":"max-video-preview:-1"},"canonical":"https:\/\/riberasalud.com\/ribera-lab\/ribera-almendralejo-pone-en-marcha-en-un-ano-cinco-consultas-externas-y-un-servicio-de-pruebas-covid\/","og_locale":"es_ES","og_type":"article","og_title":"Ribera Almendralejo pone en marcha en un a\u00f1o cinco consultas externas y un servicio de pruebas Covid - Ribera Lab","og_description":"El hospital, que cumple su primer aniversario gestionado por el grupo sanitario Ribera, prev\u00e9 para este 2022 habilitar un laboratorio propio.","og_url":"https:\/\/riberasalud.com\/ribera-lab\/ribera-almendralejo-pone-en-marcha-en-un-ano-cinco-consultas-externas-y-un-servicio-de-pruebas-covid\/","og_site_name":"Ribera Lab","article_published_time":"2022-01-21T11:25:26+00:00","og_image":[{"width":800,"height":598,"url":"https:\/\/riberasalud.com\/ribera-lab\/wp-content\/uploads\/2022\/01\/Profesionales-en-Ribera-Almendralejo.jpg","type":"image\/jpeg"}],"author":"marsanchez","twitter_card":"summary_large_image","twitter_misc":{"Escrito por":"marsanchez","Tiempo de lectura":"2 minutos"},"schema":{"@context":"https:\/\/schema.org","@graph":[{"@type":"Article","@id":"https:\/\/riberasalud.com\/ribera-lab\/ribera-almendralejo-pone-en-marcha-en-un-ano-cinco-consultas-externas-y-un-servicio-de-pruebas-covid\/#article","isPartOf":{"@id":"https:\/\/riberasalud.com\/ribera-lab\/ribera-almendralejo-pone-en-marcha-en-un-ano-cinco-consultas-externas-y-un-servicio-de-pruebas-covid\/"},"author":{"name":"marsanchez","@id":"https:\/\/riberasalud.com\/ribera-lab\/#\/schema\/person\/2ec20d8627f802c9402f828b3eb51693"},"headline":"Ribera Almendralejo pone en marcha en un a\u00f1o cinco consultas externas y un servicio de pruebas Covid","datePublished":"2022-01-21T11:25:26+00:00","mainEntityOfPage":{"@id":"https:\/\/riberasalud.com\/ribera-lab\/ribera-almendralejo-pone-en-marcha-en-un-ano-cinco-consultas-externas-y-un-servicio-de-pruebas-covid\/"},"wordCount":487,"commentCount":0,"publisher":{"@id":"https:\/\/riberasalud.com\/ribera-lab\/#organization"},"image":{"@id":"https:\/\/riberasalud.com\/ribera-lab\/ribera-almendralejo-pone-en-marcha-en-un-ano-cinco-consultas-externas-y-un-servicio-de-pruebas-covid\/#primaryimage"},"thumbnailUrl":"https:\/\/riberasalud.com\/ribera-lab\/wp-content\/uploads\/2022\/01\/Profesionales-en-Ribera-Almendralejo.jpg","keywords":["almendralejo","consultas externas","profesionales","pruebas Covid","Ribera Lab"],"articleSection":["Atenci\u00f3n Primaria","Ribera Lab"],"inLanguage":"es","potentialAction":[{"@type":"CommentAction","name":"Comment","target":["https:\/\/riberasalud.com\/ribera-lab\/ribera-almendralejo-pone-en-marcha-en-un-ano-cinco-consultas-externas-y-un-servicio-de-pruebas-covid\/#respond"]}]},{"@type":"WebPage","@id":"https:\/\/riberasalud.com\/ribera-lab\/ribera-almendralejo-pone-en-marcha-en-un-ano-cinco-consultas-externas-y-un-servicio-de-pruebas-covid\/","url":"https:\/\/riberasalud.com\/ribera-lab\/ribera-almendralejo-pone-en-marcha-en-un-ano-cinco-consultas-externas-y-un-servicio-de-pruebas-covid\/","name":"Ribera Almendralejo pone en marcha en un a\u00f1o cinco consultas externas y un servicio de pruebas Covid - Ribera Lab","isPartOf":{"@id":"https:\/\/riberasalud.com\/ribera-lab\/#website"},"primaryImageOfPage":{"@id":"https:\/\/riberasalud.com\/ribera-lab\/ribera-almendralejo-pone-en-marcha-en-un-ano-cinco-consultas-externas-y-un-servicio-de-pruebas-covid\/#primaryimage"},"image":{"@id":"https:\/\/riberasalud.com\/ribera-lab\/ribera-almendralejo-pone-en-marcha-en-un-ano-cinco-consultas-externas-y-un-servicio-de-pruebas-covid\/#primaryimage"},"thumbnailUrl":"https:\/\/riberasalud.com\/ribera-lab\/wp-content\/uploads\/2022\/01\/Profesionales-en-Ribera-Almendralejo.jpg","datePublished":"2022-01-21T11:25:26+00:00","description":"El hospital, que cumple su primer aniversario gestionado por el grupo sanitario Ribera, prev\u00e9 para este 2022 habilitar un laboratorio propio.","breadcrumb":{"@id":"https:\/\/riberasalud.com\/ribera-lab\/ribera-almendralejo-pone-en-marcha-en-un-ano-cinco-consultas-externas-y-un-servicio-de-pruebas-covid\/#breadcrumb"},"inLanguage":"es","potentialAction":[{"@type":"ReadAction","target":["https:\/\/riberasalud.com\/ribera-lab\/ribera-almendralejo-pone-en-marcha-en-un-ano-cinco-consultas-externas-y-un-servicio-de-pruebas-covid\/"]}]},{"@type":"ImageObject","inLanguage":"es","@id":"https:\/\/riberasalud.com\/ribera-lab\/ribera-almendralejo-pone-en-marcha-en-un-ano-cinco-consultas-externas-y-un-servicio-de-pruebas-covid\/#primaryimage","url":"https:\/\/riberasalud.com\/ribera-lab\/wp-content\/uploads\/2022\/01\/Profesionales-en-Ribera-Almendralejo.jpg","contentUrl":"https:\/\/riberasalud.com\/ribera-lab\/wp-content\/uploads\/2022\/01\/Profesionales-en-Ribera-Almendralejo.jpg","width":800,"height":598,"caption":"almendralejo"},{"@type":"BreadcrumbList","@id":"https:\/\/riberasalud.com\/ribera-lab\/ribera-almendralejo-pone-en-marcha-en-un-ano-cinco-consultas-externas-y-un-servicio-de-pruebas-covid\/#breadcrumb","itemListElement":[{"@type":"ListItem","position":1,"name":"Portada","item":"https:\/\/riberasalud.com\/ribera-lab\/"},{"@type":"ListItem","position":2,"name":"Ribera Almendralejo pone en marcha en un a\u00f1o cinco consultas externas y un servicio de pruebas Covid"}]},{"@type":"WebSite","@id":"https:\/\/riberasalud.com\/ribera-lab\/#website","url":"https:\/\/riberasalud.com\/ribera-lab\/","name":"Ribera Lab","description":"","publisher":{"@id":"https:\/\/riberasalud.com\/ribera-lab\/#organization"},"potentialAction":[{"@type":"SearchAction","target":{"@type":"EntryPoint","urlTemplate":"https:\/\/riberasalud.com\/ribera-lab\/?s={search_term_string}"},"query-input":{"@type":"PropertyValueSpecification","valueRequired":true,"valueName":"search_term_string"}}],"inLanguage":"es"},{"@type":"Organization","@id":"https:\/\/riberasalud.com\/ribera-lab\/#organization","name":"Ribera Lab","url":"https:\/\/riberasalud.com\/ribera-lab\/","logo":{"@type":"ImageObject","inLanguage":"es","@id":"https:\/\/riberasalud.com\/ribera-lab\/#\/schema\/logo\/image\/","url":"https:\/\/riberasalud.com\/ribera-lab\/wp-content\/uploads\/2024\/10\/cropped-cropped-Logo-Red-Lab-1.png","contentUrl":"https:\/\/riberasalud.com\/ribera-lab\/wp-content\/uploads\/2024\/10\/cropped-cropped-Logo-Red-Lab-1.png","width":1611,"height":474,"caption":"Ribera Lab"},"image":{"@id":"https:\/\/riberasalud.com\/ribera-lab\/#\/schema\/logo\/image\/"}},{"@type":"Person","@id":"https:\/\/riberasalud.com\/ribera-lab\/#\/schema\/person\/2ec20d8627f802c9402f828b3eb51693","name":"marsanchez","image":{"@type":"ImageObject","inLanguage":"es","@id":"https:\/\/riberasalud.com\/ribera-lab\/#\/schema\/person\/image\/","url":"https:\/\/secure.gravatar.com\/avatar\/0e2ddfa6ca50f038a905865f19439697542e5743a0628f67c9fac9c893b311be?s=96&d=mm&r=g","contentUrl":"https:\/\/secure.gravatar.com\/avatar\/0e2ddfa6ca50f038a905865f19439697542e5743a0628f67c9fac9c893b311be?s=96&d=mm&r=g","caption":"marsanchez"},"url":"https:\/\/riberasalud.com\/ribera-lab\/author\/marsanchez\/"}]}},"_links":{"self":[{"href":"https:\/\/riberasalud.com\/ribera-lab\/wp-json\/wp\/v2\/posts\/14702","targetHints":{"allow":["GET"]}}],"collection":[{"href":"https:\/\/riberasalud.com\/ribera-lab\/wp-json\/wp\/v2\/posts"}],"about":[{"href":"https:\/\/riberasalud.com\/ribera-lab\/wp-json\/wp\/v2\/types\/post"}],"author":[{"embeddable":true,"href":"https:\/\/riberasalud.com\/ribera-lab\/wp-json\/wp\/v2\/users\/2"}],"replies":[{"embeddable":true,"href":"https:\/\/riberasalud.com\/ribera-lab\/wp-json\/wp\/v2\/comments?post=14702"}],"version-history":[{"count":0,"href":"https:\/\/riberasalud.com\/ribera-lab\/wp-json\/wp\/v2\/posts\/14702\/revisions"}],"wp:featuredmedia":[{"embeddable":true,"href":"https:\/\/riberasalud.com\/ribera-lab\/wp-json\/wp\/v2\/media\/14703"}],"wp:attachment":[{"href":"https:\/\/riberasalud.com\/ribera-lab\/wp-json\/wp\/v2\/media?parent=14702"}],"wp:term":[{"taxonomy":"category","embeddable":true,"href":"https:\/\/riberasalud.com\/ribera-lab\/wp-json\/wp\/v2\/categories?post=14702"},{"taxonomy":"post_tag","embeddable":true,"href":"https:\/\/riberasalud.com\/ribera-lab\/wp-json\/wp\/v2\/tags?post=14702"}],"curies":[{"name":"wp","href":"https:\/\/api.w.org\/{rel}","templated":true}]}}