{"id":13917,"date":"2021-10-27T10:14:17","date_gmt":"2021-10-27T08:14:17","guid":{"rendered":"https:\/\/www.riberasalud.com\/?p=13917"},"modified":"2021-10-27T10:14:17","modified_gmt":"2021-10-27T08:14:17","slug":"ribera-lab-continua-su-plan-de-expansion-y-se-implanta-en-el-hospital-ribera-juan-cardona-de-ferrol","status":"publish","type":"post","link":"https:\/\/riberasalud.com\/ribera-lab\/ribera-lab-continua-su-plan-de-expansion-y-se-implanta-en-el-hospital-ribera-juan-cardona-de-ferrol\/","title":{"rendered":"Ribera Lab contin\u00faa su plan de expansi\u00f3n y se implanta en el Hospital Ribera Juan Cardona de Ferrol"},"content":{"rendered":"\n<ul class=\"wp-block-list\"><li>\u00a0La divisi\u00f3n de laboratorio del grupo sanitario Ribera cuenta con casi 60 profesionales en su centro de referencia de Torrellano (Elche), y en los laboratorios integrados de los hospitales Ribera Polusa, Ribera Santa Justa y ahora en Ferrol<\/li><li>Solo en lo que va de a\u00f1o, Ribera Lab ha realizado m\u00e1s de 300.000 determinaciones y m\u00e1s de 75.000 PCRs<\/li><\/ul>\n\n\n\n<p>&nbsp;<a href=\"https:\/\/riberasalud.com\/ribera-lab\/\">Ribera Lab<\/a>, la divisi\u00f3n de laboratorio del&nbsp;<a href=\"https:\/\/www.riberasalud.com\/\">grupo sanitario Ribera<\/a>, contin\u00faa con su plan de expansi\u00f3n y hoy comienza su actividad en Ferrol, con la integraci\u00f3n del laboratorio de uno de los hospitales gallegos del grupo, el&nbsp;<a href=\"https:\/\/www.hospitaljuancardona.es\/\">Ribera Juan Cardona<\/a>. Con m\u00e1s de 22.000 metros cuadrados, el hospital Ribera Juan Cardona es el \u00fanico centro hospitalario privado de Ferrol, cuenta con 300 profesionales y trabaja con las principales aseguradoras del sector. Con la entrada de Ribera Lab, refuerza y ampl\u00eda su actividad de laboratorio, con nuevas \u00e1reas cl\u00ednicas de diagn\u00f3stico.<\/p>\n\n\n\n<p>Ribera Lab tiene su centro de referencia en el parque empresarial de Torrellano (Elche), donde cuenta con la \u00faltima tecnolog\u00eda y m\u00e1s de 2.000 metros cuadrados dedicados al diagn\u00f3stico integral, con doce \u00e1reas cl\u00ednicas y laboratorio de gen\u00e9tica, biopatolog\u00eda molecular y laboratorio cl\u00ednico central. Adem\u00e1s, desde su nacimiento, ha integrado en la divisi\u00f3n los laboratorios de los hospitales&nbsp;<a href=\"https:\/\/riberasalud.com\/polusa\/\">Ribera Polusa<\/a>&nbsp;(Lugo) y&nbsp;<a href=\"https:\/\/riberasalud.com\/santa-justa\/\">Ribera Santa Justa<\/a>&nbsp;(Extremadura). En los pr\u00f3ximos meses Ribera Lab ampliar\u00e1 su cobertura a otros hospitales del grupo, as\u00ed como a cl\u00ednicas externas que buscan un centro de referencia, con la experiencia, la tecnolog\u00eda y el volumen de actividad del centro de Torrellano.<\/p>\n\n\n\n<p>La divisi\u00f3n de laboratorio del grupo Ribera cuenta, en total, con casi 60 profesionales en sus diferentes centros y en lo que va de a\u00f1o, ha realizado&nbsp;alrededor de 300.000 determinaciones (pruebas diagn\u00f3sticas) de microbiolog\u00eda, citogen\u00e9tica, biolog\u00eda molecular y bioqu\u00edmica. Adem\u00e1s, desde enero hasta octubre se han realizado 75.000&nbsp;<a href=\"https:\/\/www.riberasalud.com\/pruebas-covid\/cialab\/\">PCRs<\/a>.<\/p>\n","protected":false},"excerpt":{"rendered":"<p>\u00a0La divisi\u00f3n de laboratorio del grupo sanitario Ribera cuenta con casi 60 profesionales en su centro de referencia de Torrellano (Elche), y en los laboratorios integrados de los hospitales Ribera Polusa, Ribera Santa Justa y ahora en Ferrol Solo en lo que va de a\u00f1o, Ribera Lab ha realizado m\u00e1s de 300.000 determinaciones y m\u00e1s &#8230; <\/p>\n<p class=\"read-more-container\"><a title=\"Ribera Lab contin\u00faa su plan de expansi\u00f3n y se implanta en el Hospital Ribera Juan Cardona de Ferrol\" class=\"read-more button\" href=\"https:\/\/riberasalud.com\/ribera-lab\/ribera-lab-continua-su-plan-de-expansion-y-se-implanta-en-el-hospital-ribera-juan-cardona-de-ferrol\/#more-13917\" aria-label=\"Leer m\u00e1s sobre Ribera Lab contin\u00faa su plan de expansi\u00f3n y se implanta en el Hospital Ribera Juan Cardona de Ferrol\">Leer m\u00e1s<\/a><\/p>\n","protected":false},"author":2,"featured_media":13918,"comment_status":"open","ping_status":"open","sticky":false,"template":"","format":"standard","meta":{"footnotes":""},"categories":[25,8],"tags":[24,29,31,30,9],"class_list":["post-13917","post","type-post","status-publish","format-standard","has-post-thumbnail","hentry","category-plan-estrategico","category-ribera-lab","tag-laboratorio","tag-pcr","tag-profesionales","tag-pruebas-covid","tag-ribera-lab"],"yoast_head":"<!-- This site is optimized with the Yoast SEO plugin v26.6 - https:\/\/yoast.com\/wordpress\/plugins\/seo\/ -->\n<title>Ribera Lab contin\u00faa su plan de expansi\u00f3n y se implanta en el Hospital Ribera Juan Cardona de Ferrol - Ribera Lab<\/title>\n<meta name=\"description\" content=\"La divisi\u00f3n de laboratorio del grupo sanitario Ribera, Ribera Lab ha realizado m\u00e1s de 300.000 determinaciones y m\u00e1s de 75.000 PCRs\" \/>\n<meta name=\"robots\" content=\"index, follow, max-snippet:-1, max-image-preview:large, max-video-preview:-1\" \/>\n<link rel=\"canonical\" href=\"https:\/\/riberasalud.com\/ribera-lab\/ribera-lab-continua-su-plan-de-expansion-y-se-implanta-en-el-hospital-ribera-juan-cardona-de-ferrol\/\" \/>\n<meta property=\"og:locale\" content=\"es_ES\" \/>\n<meta property=\"og:type\" content=\"article\" \/>\n<meta property=\"og:title\" content=\"Ribera Lab contin\u00faa su plan de expansi\u00f3n y se implanta en el Hospital Ribera Juan Cardona de Ferrol - Ribera Lab\" \/>\n<meta property=\"og:description\" content=\"La divisi\u00f3n de laboratorio del grupo sanitario Ribera, Ribera Lab ha realizado m\u00e1s de 300.000 determinaciones y m\u00e1s de 75.000 PCRs\" \/>\n<meta property=\"og:url\" content=\"https:\/\/riberasalud.com\/ribera-lab\/ribera-lab-continua-su-plan-de-expansion-y-se-implanta-en-el-hospital-ribera-juan-cardona-de-ferrol\/\" \/>\n<meta property=\"og:site_name\" content=\"Ribera Lab\" \/>\n<meta property=\"article:published_time\" content=\"2021-10-27T08:14:17+00:00\" \/>\n<meta property=\"og:image\" content=\"https:\/\/riberasalud.com\/ribera-lab\/wp-content\/uploads\/2021\/10\/muestras-1.jpg\" \/>\n\t<meta property=\"og:image:width\" content=\"800\" \/>\n\t<meta property=\"og:image:height\" content=\"533\" \/>\n\t<meta property=\"og:image:type\" content=\"image\/jpeg\" \/>\n<meta name=\"author\" content=\"marsanchez\" \/>\n<meta name=\"twitter:card\" content=\"summary_large_image\" \/>\n<meta name=\"twitter:label1\" content=\"Escrito por\" \/>\n\t<meta name=\"twitter:data1\" content=\"marsanchez\" \/>\n\t<meta name=\"twitter:label2\" content=\"Tiempo de lectura\" \/>\n\t<meta name=\"twitter:data2\" content=\"2 minutos\" \/>\n<script type=\"application\/ld+json\" class=\"yoast-schema-graph\">{\"@context\":\"https:\/\/schema.org\",\"@graph\":[{\"@type\":\"Article\",\"@id\":\"https:\/\/riberasalud.com\/ribera-lab\/ribera-lab-continua-su-plan-de-expansion-y-se-implanta-en-el-hospital-ribera-juan-cardona-de-ferrol\/#article\",\"isPartOf\":{\"@id\":\"https:\/\/riberasalud.com\/ribera-lab\/ribera-lab-continua-su-plan-de-expansion-y-se-implanta-en-el-hospital-ribera-juan-cardona-de-ferrol\/\"},\"author\":{\"name\":\"marsanchez\",\"@id\":\"https:\/\/riberasalud.com\/ribera-lab\/#\/schema\/person\/2ec20d8627f802c9402f828b3eb51693\"},\"headline\":\"Ribera Lab contin\u00faa su plan de expansi\u00f3n y se implanta en el Hospital Ribera Juan Cardona de Ferrol\",\"datePublished\":\"2021-10-27T08:14:17+00:00\",\"mainEntityOfPage\":{\"@id\":\"https:\/\/riberasalud.com\/ribera-lab\/ribera-lab-continua-su-plan-de-expansion-y-se-implanta-en-el-hospital-ribera-juan-cardona-de-ferrol\/\"},\"wordCount\":355,\"commentCount\":0,\"publisher\":{\"@id\":\"https:\/\/riberasalud.com\/ribera-lab\/#organization\"},\"image\":{\"@id\":\"https:\/\/riberasalud.com\/ribera-lab\/ribera-lab-continua-su-plan-de-expansion-y-se-implanta-en-el-hospital-ribera-juan-cardona-de-ferrol\/#primaryimage\"},\"thumbnailUrl\":\"https:\/\/riberasalud.com\/ribera-lab\/wp-content\/uploads\/2021\/10\/muestras-1.jpg\",\"keywords\":[\"laboratorio\",\"pcr\",\"profesionales\",\"pruebas Covid\",\"Ribera Lab\"],\"articleSection\":[\"Plan Estrat\u00e9gico\",\"Ribera Lab\"],\"inLanguage\":\"es\",\"potentialAction\":[{\"@type\":\"CommentAction\",\"name\":\"Comment\",\"target\":[\"https:\/\/riberasalud.com\/ribera-lab\/ribera-lab-continua-su-plan-de-expansion-y-se-implanta-en-el-hospital-ribera-juan-cardona-de-ferrol\/#respond\"]}]},{\"@type\":\"WebPage\",\"@id\":\"https:\/\/riberasalud.com\/ribera-lab\/ribera-lab-continua-su-plan-de-expansion-y-se-implanta-en-el-hospital-ribera-juan-cardona-de-ferrol\/\",\"url\":\"https:\/\/riberasalud.com\/ribera-lab\/ribera-lab-continua-su-plan-de-expansion-y-se-implanta-en-el-hospital-ribera-juan-cardona-de-ferrol\/\",\"name\":\"Ribera Lab contin\u00faa su plan de expansi\u00f3n y se implanta en el Hospital Ribera Juan Cardona de Ferrol - Ribera Lab\",\"isPartOf\":{\"@id\":\"https:\/\/riberasalud.com\/ribera-lab\/#website\"},\"primaryImageOfPage\":{\"@id\":\"https:\/\/riberasalud.com\/ribera-lab\/ribera-lab-continua-su-plan-de-expansion-y-se-implanta-en-el-hospital-ribera-juan-cardona-de-ferrol\/#primaryimage\"},\"image\":{\"@id\":\"https:\/\/riberasalud.com\/ribera-lab\/ribera-lab-continua-su-plan-de-expansion-y-se-implanta-en-el-hospital-ribera-juan-cardona-de-ferrol\/#primaryimage\"},\"thumbnailUrl\":\"https:\/\/riberasalud.com\/ribera-lab\/wp-content\/uploads\/2021\/10\/muestras-1.jpg\",\"datePublished\":\"2021-10-27T08:14:17+00:00\",\"description\":\"La divisi\u00f3n de laboratorio del grupo sanitario Ribera, Ribera Lab ha realizado m\u00e1s de 300.000 determinaciones y m\u00e1s de 75.000 PCRs\",\"breadcrumb\":{\"@id\":\"https:\/\/riberasalud.com\/ribera-lab\/ribera-lab-continua-su-plan-de-expansion-y-se-implanta-en-el-hospital-ribera-juan-cardona-de-ferrol\/#breadcrumb\"},\"inLanguage\":\"es\",\"potentialAction\":[{\"@type\":\"ReadAction\",\"target\":[\"https:\/\/riberasalud.com\/ribera-lab\/ribera-lab-continua-su-plan-de-expansion-y-se-implanta-en-el-hospital-ribera-juan-cardona-de-ferrol\/\"]}]},{\"@type\":\"ImageObject\",\"inLanguage\":\"es\",\"@id\":\"https:\/\/riberasalud.com\/ribera-lab\/ribera-lab-continua-su-plan-de-expansion-y-se-implanta-en-el-hospital-ribera-juan-cardona-de-ferrol\/#primaryimage\",\"url\":\"https:\/\/riberasalud.com\/ribera-lab\/wp-content\/uploads\/2021\/10\/muestras-1.jpg\",\"contentUrl\":\"https:\/\/riberasalud.com\/ribera-lab\/wp-content\/uploads\/2021\/10\/muestras-1.jpg\",\"width\":800,\"height\":533,\"caption\":\"pruebas covid\"},{\"@type\":\"BreadcrumbList\",\"@id\":\"https:\/\/riberasalud.com\/ribera-lab\/ribera-lab-continua-su-plan-de-expansion-y-se-implanta-en-el-hospital-ribera-juan-cardona-de-ferrol\/#breadcrumb\",\"itemListElement\":[{\"@type\":\"ListItem\",\"position\":1,\"name\":\"Portada\",\"item\":\"https:\/\/riberasalud.com\/ribera-lab\/\"},{\"@type\":\"ListItem\",\"position\":2,\"name\":\"Ribera Lab contin\u00faa su plan de expansi\u00f3n y se implanta en el Hospital Ribera Juan Cardona de Ferrol\"}]},{\"@type\":\"WebSite\",\"@id\":\"https:\/\/riberasalud.com\/ribera-lab\/#website\",\"url\":\"https:\/\/riberasalud.com\/ribera-lab\/\",\"name\":\"Ribera Lab\",\"description\":\"\",\"publisher\":{\"@id\":\"https:\/\/riberasalud.com\/ribera-lab\/#organization\"},\"potentialAction\":[{\"@type\":\"SearchAction\",\"target\":{\"@type\":\"EntryPoint\",\"urlTemplate\":\"https:\/\/riberasalud.com\/ribera-lab\/?s={search_term_string}\"},\"query-input\":{\"@type\":\"PropertyValueSpecification\",\"valueRequired\":true,\"valueName\":\"search_term_string\"}}],\"inLanguage\":\"es\"},{\"@type\":\"Organization\",\"@id\":\"https:\/\/riberasalud.com\/ribera-lab\/#organization\",\"name\":\"Ribera Lab\",\"url\":\"https:\/\/riberasalud.com\/ribera-lab\/\",\"logo\":{\"@type\":\"ImageObject\",\"inLanguage\":\"es\",\"@id\":\"https:\/\/riberasalud.com\/ribera-lab\/#\/schema\/logo\/image\/\",\"url\":\"https:\/\/riberasalud.com\/ribera-lab\/wp-content\/uploads\/2024\/10\/cropped-cropped-Logo-Red-Lab-1.png\",\"contentUrl\":\"https:\/\/riberasalud.com\/ribera-lab\/wp-content\/uploads\/2024\/10\/cropped-cropped-Logo-Red-Lab-1.png\",\"width\":1611,\"height\":474,\"caption\":\"Ribera Lab\"},\"image\":{\"@id\":\"https:\/\/riberasalud.com\/ribera-lab\/#\/schema\/logo\/image\/\"}},{\"@type\":\"Person\",\"@id\":\"https:\/\/riberasalud.com\/ribera-lab\/#\/schema\/person\/2ec20d8627f802c9402f828b3eb51693\",\"name\":\"marsanchez\",\"image\":{\"@type\":\"ImageObject\",\"inLanguage\":\"es\",\"@id\":\"https:\/\/riberasalud.com\/ribera-lab\/#\/schema\/person\/image\/\",\"url\":\"https:\/\/secure.gravatar.com\/avatar\/0e2ddfa6ca50f038a905865f19439697542e5743a0628f67c9fac9c893b311be?s=96&d=mm&r=g\",\"contentUrl\":\"https:\/\/secure.gravatar.com\/avatar\/0e2ddfa6ca50f038a905865f19439697542e5743a0628f67c9fac9c893b311be?s=96&d=mm&r=g\",\"caption\":\"marsanchez\"},\"url\":\"https:\/\/riberasalud.com\/ribera-lab\/author\/marsanchez\/\"}]}<\/script>\n<!-- \/ Yoast SEO plugin. -->","yoast_head_json":{"title":"Ribera Lab contin\u00faa su plan de expansi\u00f3n y se implanta en el Hospital Ribera Juan Cardona de Ferrol - Ribera Lab","description":"La divisi\u00f3n de laboratorio del grupo sanitario Ribera, Ribera Lab ha realizado m\u00e1s de 300.000 determinaciones y m\u00e1s de 75.000 PCRs","robots":{"index":"index","follow":"follow","max-snippet":"max-snippet:-1","max-image-preview":"max-image-preview:large","max-video-preview":"max-video-preview:-1"},"canonical":"https:\/\/riberasalud.com\/ribera-lab\/ribera-lab-continua-su-plan-de-expansion-y-se-implanta-en-el-hospital-ribera-juan-cardona-de-ferrol\/","og_locale":"es_ES","og_type":"article","og_title":"Ribera Lab contin\u00faa su plan de expansi\u00f3n y se implanta en el Hospital Ribera Juan Cardona de Ferrol - Ribera Lab","og_description":"La divisi\u00f3n de laboratorio del grupo sanitario Ribera, Ribera Lab ha realizado m\u00e1s de 300.000 determinaciones y m\u00e1s de 75.000 PCRs","og_url":"https:\/\/riberasalud.com\/ribera-lab\/ribera-lab-continua-su-plan-de-expansion-y-se-implanta-en-el-hospital-ribera-juan-cardona-de-ferrol\/","og_site_name":"Ribera Lab","article_published_time":"2021-10-27T08:14:17+00:00","og_image":[{"width":800,"height":533,"url":"https:\/\/riberasalud.com\/ribera-lab\/wp-content\/uploads\/2021\/10\/muestras-1.jpg","type":"image\/jpeg"}],"author":"marsanchez","twitter_card":"summary_large_image","twitter_misc":{"Escrito por":"marsanchez","Tiempo de lectura":"2 minutos"},"schema":{"@context":"https:\/\/schema.org","@graph":[{"@type":"Article","@id":"https:\/\/riberasalud.com\/ribera-lab\/ribera-lab-continua-su-plan-de-expansion-y-se-implanta-en-el-hospital-ribera-juan-cardona-de-ferrol\/#article","isPartOf":{"@id":"https:\/\/riberasalud.com\/ribera-lab\/ribera-lab-continua-su-plan-de-expansion-y-se-implanta-en-el-hospital-ribera-juan-cardona-de-ferrol\/"},"author":{"name":"marsanchez","@id":"https:\/\/riberasalud.com\/ribera-lab\/#\/schema\/person\/2ec20d8627f802c9402f828b3eb51693"},"headline":"Ribera Lab contin\u00faa su plan de expansi\u00f3n y se implanta en el Hospital Ribera Juan Cardona de Ferrol","datePublished":"2021-10-27T08:14:17+00:00","mainEntityOfPage":{"@id":"https:\/\/riberasalud.com\/ribera-lab\/ribera-lab-continua-su-plan-de-expansion-y-se-implanta-en-el-hospital-ribera-juan-cardona-de-ferrol\/"},"wordCount":355,"commentCount":0,"publisher":{"@id":"https:\/\/riberasalud.com\/ribera-lab\/#organization"},"image":{"@id":"https:\/\/riberasalud.com\/ribera-lab\/ribera-lab-continua-su-plan-de-expansion-y-se-implanta-en-el-hospital-ribera-juan-cardona-de-ferrol\/#primaryimage"},"thumbnailUrl":"https:\/\/riberasalud.com\/ribera-lab\/wp-content\/uploads\/2021\/10\/muestras-1.jpg","keywords":["laboratorio","pcr","profesionales","pruebas Covid","Ribera Lab"],"articleSection":["Plan Estrat\u00e9gico","Ribera Lab"],"inLanguage":"es","potentialAction":[{"@type":"CommentAction","name":"Comment","target":["https:\/\/riberasalud.com\/ribera-lab\/ribera-lab-continua-su-plan-de-expansion-y-se-implanta-en-el-hospital-ribera-juan-cardona-de-ferrol\/#respond"]}]},{"@type":"WebPage","@id":"https:\/\/riberasalud.com\/ribera-lab\/ribera-lab-continua-su-plan-de-expansion-y-se-implanta-en-el-hospital-ribera-juan-cardona-de-ferrol\/","url":"https:\/\/riberasalud.com\/ribera-lab\/ribera-lab-continua-su-plan-de-expansion-y-se-implanta-en-el-hospital-ribera-juan-cardona-de-ferrol\/","name":"Ribera Lab contin\u00faa su plan de expansi\u00f3n y se implanta en el Hospital Ribera Juan Cardona de Ferrol - Ribera Lab","isPartOf":{"@id":"https:\/\/riberasalud.com\/ribera-lab\/#website"},"primaryImageOfPage":{"@id":"https:\/\/riberasalud.com\/ribera-lab\/ribera-lab-continua-su-plan-de-expansion-y-se-implanta-en-el-hospital-ribera-juan-cardona-de-ferrol\/#primaryimage"},"image":{"@id":"https:\/\/riberasalud.com\/ribera-lab\/ribera-lab-continua-su-plan-de-expansion-y-se-implanta-en-el-hospital-ribera-juan-cardona-de-ferrol\/#primaryimage"},"thumbnailUrl":"https:\/\/riberasalud.com\/ribera-lab\/wp-content\/uploads\/2021\/10\/muestras-1.jpg","datePublished":"2021-10-27T08:14:17+00:00","description":"La divisi\u00f3n de laboratorio del grupo sanitario Ribera, Ribera Lab ha realizado m\u00e1s de 300.000 determinaciones y m\u00e1s de 75.000 PCRs","breadcrumb":{"@id":"https:\/\/riberasalud.com\/ribera-lab\/ribera-lab-continua-su-plan-de-expansion-y-se-implanta-en-el-hospital-ribera-juan-cardona-de-ferrol\/#breadcrumb"},"inLanguage":"es","potentialAction":[{"@type":"ReadAction","target":["https:\/\/riberasalud.com\/ribera-lab\/ribera-lab-continua-su-plan-de-expansion-y-se-implanta-en-el-hospital-ribera-juan-cardona-de-ferrol\/"]}]},{"@type":"ImageObject","inLanguage":"es","@id":"https:\/\/riberasalud.com\/ribera-lab\/ribera-lab-continua-su-plan-de-expansion-y-se-implanta-en-el-hospital-ribera-juan-cardona-de-ferrol\/#primaryimage","url":"https:\/\/riberasalud.com\/ribera-lab\/wp-content\/uploads\/2021\/10\/muestras-1.jpg","contentUrl":"https:\/\/riberasalud.com\/ribera-lab\/wp-content\/uploads\/2021\/10\/muestras-1.jpg","width":800,"height":533,"caption":"pruebas covid"},{"@type":"BreadcrumbList","@id":"https:\/\/riberasalud.com\/ribera-lab\/ribera-lab-continua-su-plan-de-expansion-y-se-implanta-en-el-hospital-ribera-juan-cardona-de-ferrol\/#breadcrumb","itemListElement":[{"@type":"ListItem","position":1,"name":"Portada","item":"https:\/\/riberasalud.com\/ribera-lab\/"},{"@type":"ListItem","position":2,"name":"Ribera Lab contin\u00faa su plan de expansi\u00f3n y se implanta en el Hospital Ribera Juan Cardona de Ferrol"}]},{"@type":"WebSite","@id":"https:\/\/riberasalud.com\/ribera-lab\/#website","url":"https:\/\/riberasalud.com\/ribera-lab\/","name":"Ribera Lab","description":"","publisher":{"@id":"https:\/\/riberasalud.com\/ribera-lab\/#organization"},"potentialAction":[{"@type":"SearchAction","target":{"@type":"EntryPoint","urlTemplate":"https:\/\/riberasalud.com\/ribera-lab\/?s={search_term_string}"},"query-input":{"@type":"PropertyValueSpecification","valueRequired":true,"valueName":"search_term_string"}}],"inLanguage":"es"},{"@type":"Organization","@id":"https:\/\/riberasalud.com\/ribera-lab\/#organization","name":"Ribera Lab","url":"https:\/\/riberasalud.com\/ribera-lab\/","logo":{"@type":"ImageObject","inLanguage":"es","@id":"https:\/\/riberasalud.com\/ribera-lab\/#\/schema\/logo\/image\/","url":"https:\/\/riberasalud.com\/ribera-lab\/wp-content\/uploads\/2024\/10\/cropped-cropped-Logo-Red-Lab-1.png","contentUrl":"https:\/\/riberasalud.com\/ribera-lab\/wp-content\/uploads\/2024\/10\/cropped-cropped-Logo-Red-Lab-1.png","width":1611,"height":474,"caption":"Ribera Lab"},"image":{"@id":"https:\/\/riberasalud.com\/ribera-lab\/#\/schema\/logo\/image\/"}},{"@type":"Person","@id":"https:\/\/riberasalud.com\/ribera-lab\/#\/schema\/person\/2ec20d8627f802c9402f828b3eb51693","name":"marsanchez","image":{"@type":"ImageObject","inLanguage":"es","@id":"https:\/\/riberasalud.com\/ribera-lab\/#\/schema\/person\/image\/","url":"https:\/\/secure.gravatar.com\/avatar\/0e2ddfa6ca50f038a905865f19439697542e5743a0628f67c9fac9c893b311be?s=96&d=mm&r=g","contentUrl":"https:\/\/secure.gravatar.com\/avatar\/0e2ddfa6ca50f038a905865f19439697542e5743a0628f67c9fac9c893b311be?s=96&d=mm&r=g","caption":"marsanchez"},"url":"https:\/\/riberasalud.com\/ribera-lab\/author\/marsanchez\/"}]}},"_links":{"self":[{"href":"https:\/\/riberasalud.com\/ribera-lab\/wp-json\/wp\/v2\/posts\/13917","targetHints":{"allow":["GET"]}}],"collection":[{"href":"https:\/\/riberasalud.com\/ribera-lab\/wp-json\/wp\/v2\/posts"}],"about":[{"href":"https:\/\/riberasalud.com\/ribera-lab\/wp-json\/wp\/v2\/types\/post"}],"author":[{"embeddable":true,"href":"https:\/\/riberasalud.com\/ribera-lab\/wp-json\/wp\/v2\/users\/2"}],"replies":[{"embeddable":true,"href":"https:\/\/riberasalud.com\/ribera-lab\/wp-json\/wp\/v2\/comments?post=13917"}],"version-history":[{"count":0,"href":"https:\/\/riberasalud.com\/ribera-lab\/wp-json\/wp\/v2\/posts\/13917\/revisions"}],"wp:featuredmedia":[{"embeddable":true,"href":"https:\/\/riberasalud.com\/ribera-lab\/wp-json\/wp\/v2\/media\/13918"}],"wp:attachment":[{"href":"https:\/\/riberasalud.com\/ribera-lab\/wp-json\/wp\/v2\/media?parent=13917"}],"wp:term":[{"taxonomy":"category","embeddable":true,"href":"https:\/\/riberasalud.com\/ribera-lab\/wp-json\/wp\/v2\/categories?post=13917"},{"taxonomy":"post_tag","embeddable":true,"href":"https:\/\/riberasalud.com\/ribera-lab\/wp-json\/wp\/v2\/tags?post=13917"}],"curies":[{"name":"wp","href":"https:\/\/api.w.org\/{rel}","templated":true}]}}