{"id":13307,"date":"2021-08-05T11:37:02","date_gmt":"2021-08-05T09:37:02","guid":{"rendered":"https:\/\/www.riberasalud.com\/?p=13307"},"modified":"2021-08-05T11:37:02","modified_gmt":"2021-08-05T09:37:02","slug":"ribera-lab-pone-en-marcha-la-pcr-expres-con-resultado-en-menos-de-una-hora","status":"publish","type":"post","link":"https:\/\/riberasalud.com\/ribera-lab\/ribera-lab-pone-en-marcha-la-pcr-expres-con-resultado-en-menos-de-una-hora\/","title":{"rendered":"Ribera Lab pone en marcha la PCR expr\u00e9s, con resultado en menos de una hora, en sus centros de Elche, el Ferrol y Lugo"},"content":{"rendered":"\n<ul class=\"wp-block-list\"><li>Los CovidAuto de la divisi\u00f3n de laboratorio del grupo sanitario Ribera, ubicados en el Parque Empresarial de Torrellano, a diez minutos del aeropuerto de Alicante-Elche, en el parking del estadio de Balaidos (Vigo) y en el hospital Ribera Polusa atienden decenas de pacientes cada d\u00eda para hacerse una prueba Covid sin bajar del coche<\/li><li>Se mantiene el refuerzo del servicio para detectar el coronavirus, en el contexto de la campa\u00f1a #UnVeranoSeguro, y facilitar test de ant\u00edgenos y PCRs antes y despu\u00e9s de las vacaciones, campamentos y reuniones familiares<\/li><\/ul>\n\n\n\n<p><a href=\"https:\/\/riberasalud.com\/ribera-lab\/\">Ribera Lab<\/a>, la divisi\u00f3n de laboratorio del\u00a0<a href=\"https:\/\/www.riberasalud.com\/\">grupo sanitario Ribera<\/a>, ha puesto en marcha la PCR expr\u00e9s en sus puntos de extracci\u00f3n del Parque Empresarial de Torrellano (Elche), el Ferrol y Lugo, con el objetivo de facilitar el resultado a los pacientes en menos de una hora. La prioridad de esta\u00a0<a href=\"https:\/\/www.riberasalud.com\/pruebas-covid\/\">prueba Covid<\/a>\u00a0es agilizar la comunicaci\u00f3n de un resultado positivo o negativo, para que los ciudadanos puedan adoptar las medidas de aislamiento oportunas y ayudar as\u00ed a frenar esta nueva ola de contagios.<\/p>\n\n\n\n<p>Ribera Lab puso en marcha el pasado 1 de julio la campa\u00f1a #UnVeranoSeguro, que ha supuesto el refuerzo de los puntos de extracci\u00f3n de la divisi\u00f3n de laboratorio y la puesta en marcha de nuevos servicios, como el CovidAuto de Torrellano, a 10 minutos del aeropuerto Alicante-Elche (En las reci\u00e9n inauguradas instalaciones de Ribera Lab), y el del Hospital Ribera Polusa, que suman a la primera instalaci\u00f3n de este tipo que se puso en marcha en el Parking del Estadio de Balaidos, en Vigo. Este servicio permite a los pacientes acudir a los puntos de extracci\u00f3n y realizarse una prueba Covid sin bajar del coche, de forma r\u00e1pida y con las mismas garant\u00edas y seguridad que si la extracci\u00f3n se realiza dentro del laboratorio. Sobre todo en los casos de Torrellano y Vigo, la proximidad con sus respectivos aeropuertos permite facilitar este tipo de pruebas a las personas que van a viajar o acaban de volver de un viaje, m\u00e1s a\u00fan cuando las normas y condiciones para los viajes cambian con mucha frecuencia.<\/p>\n\n\n\n<p>Adem\u00e1s, los siete puntos de extracci\u00f3n de Ribera Lab, ubicados adem\u00e1s de Torrellano, Balaidos y Ribera Polusa, en Ribera Povisa (Vigo), Cl\u00ednicas Santo Domingo (Lugo), Ribera Santa Justa (Villanueva de la Serena) y Ribera Almendralejo mantienen en agosto el refuerzo del servicio de todas las pruebas Covid, para la realizaci\u00f3n de test de ant\u00edgenos y PCRs antes y despu\u00e9s de las vacaciones y estancias con no convivientes, campamentos y reuniones familiares. \u201cEntre todos, con responsabilidad y el control que permiten este tipo de pruebas, debemos ser capaces de mantener el virus a raya y que mejore y disminuya la alta incidencia acumulada registrada en las \u00faltimas semanas\u201d, se\u00f1alan desde Ribera Lab, que recuerdan la importancia de mantener las normas de seguridad y distancia social.<\/p>\n","protected":false},"excerpt":{"rendered":"<p>Los CovidAuto de la divisi\u00f3n de laboratorio del grupo sanitario Ribera, ubicados en el Parque Empresarial de Torrellano, a diez minutos del aeropuerto de Alicante-Elche, en el parking del estadio de Balaidos (Vigo) y en el hospital Ribera Polusa atienden decenas de pacientes cada d\u00eda para hacerse una prueba Covid sin bajar del coche Se &#8230; <\/p>\n<p class=\"read-more-container\"><a title=\"Ribera Lab pone en marcha la PCR expr\u00e9s, con resultado en menos de una hora, en sus centros de Elche, el Ferrol y Lugo\" class=\"read-more button\" href=\"https:\/\/riberasalud.com\/ribera-lab\/ribera-lab-pone-en-marcha-la-pcr-expres-con-resultado-en-menos-de-una-hora\/#more-13307\" aria-label=\"Leer m\u00e1s sobre Ribera Lab pone en marcha la PCR expr\u00e9s, con resultado en menos de una hora, en sus centros de Elche, el Ferrol y Lugo\">Leer m\u00e1s<\/a><\/p>\n","protected":false},"author":2,"featured_media":13308,"comment_status":"open","ping_status":"open","sticky":false,"template":"","format":"standard","meta":{"footnotes":""},"categories":[28,8],"tags":[19,29,30,9],"class_list":["post-13307","post","type-post","status-publish","format-standard","has-post-thumbnail","hentry","category-innovacion","category-ribera-lab","tag-coronavirus","tag-pcr","tag-pruebas-covid","tag-ribera-lab"],"yoast_head":"<!-- This site is optimized with the Yoast SEO plugin v26.6 - https:\/\/yoast.com\/wordpress\/plugins\/seo\/ -->\n<title>Ribera Lab pone en marcha la PCR expr\u00e9s, con resultado en menos de una hora, en sus centros de Elche, el Ferrol y Lugo - Ribera Lab<\/title>\n<meta name=\"description\" content=\"En el contexto de la campa\u00f1a #UnVeranoSeguro, test de ant\u00edgenos y PCRs antes y despu\u00e9s de las vacaciones, campamentos y reuniones familiares\" \/>\n<meta name=\"robots\" content=\"index, follow, max-snippet:-1, max-image-preview:large, max-video-preview:-1\" \/>\n<link rel=\"canonical\" href=\"https:\/\/riberasalud.com\/ribera-lab\/ribera-lab-pone-en-marcha-la-pcr-expres-con-resultado-en-menos-de-una-hora\/\" \/>\n<meta property=\"og:locale\" content=\"es_ES\" \/>\n<meta property=\"og:type\" content=\"article\" \/>\n<meta property=\"og:title\" content=\"Ribera Lab pone en marcha la PCR expr\u00e9s, con resultado en menos de una hora, en sus centros de Elche, el Ferrol y Lugo - Ribera Lab\" \/>\n<meta property=\"og:description\" content=\"En el contexto de la campa\u00f1a #UnVeranoSeguro, test de ant\u00edgenos y PCRs antes y despu\u00e9s de las vacaciones, campamentos y reuniones familiares\" \/>\n<meta property=\"og:url\" content=\"https:\/\/riberasalud.com\/ribera-lab\/ribera-lab-pone-en-marcha-la-pcr-expres-con-resultado-en-menos-de-una-hora\/\" \/>\n<meta property=\"og:site_name\" content=\"Ribera Lab\" \/>\n<meta property=\"article:published_time\" content=\"2021-08-05T09:37:02+00:00\" \/>\n<meta property=\"og:image\" content=\"https:\/\/riberasalud.com\/ribera-lab\/wp-content\/uploads\/2021\/08\/WhatsApp-Image-2021-08-05-at-11.32.16.jpeg\" \/>\n\t<meta property=\"og:image:width\" content=\"512\" \/>\n\t<meta property=\"og:image:height\" content=\"304\" \/>\n\t<meta property=\"og:image:type\" content=\"image\/jpeg\" \/>\n<meta name=\"author\" content=\"marsanchez\" \/>\n<meta name=\"twitter:card\" content=\"summary_large_image\" \/>\n<meta name=\"twitter:label1\" content=\"Escrito por\" \/>\n\t<meta name=\"twitter:data1\" content=\"marsanchez\" \/>\n\t<meta name=\"twitter:label2\" content=\"Tiempo de lectura\" \/>\n\t<meta name=\"twitter:data2\" content=\"2 minutos\" \/>\n<script type=\"application\/ld+json\" class=\"yoast-schema-graph\">{\"@context\":\"https:\/\/schema.org\",\"@graph\":[{\"@type\":\"Article\",\"@id\":\"https:\/\/riberasalud.com\/ribera-lab\/ribera-lab-pone-en-marcha-la-pcr-expres-con-resultado-en-menos-de-una-hora\/#article\",\"isPartOf\":{\"@id\":\"https:\/\/riberasalud.com\/ribera-lab\/ribera-lab-pone-en-marcha-la-pcr-expres-con-resultado-en-menos-de-una-hora\/\"},\"author\":{\"name\":\"marsanchez\",\"@id\":\"https:\/\/riberasalud.com\/ribera-lab\/#\/schema\/person\/2ec20d8627f802c9402f828b3eb51693\"},\"headline\":\"Ribera Lab pone en marcha la PCR expr\u00e9s, con resultado en menos de una hora, en sus centros de Elche, el Ferrol y Lugo\",\"datePublished\":\"2021-08-05T09:37:02+00:00\",\"mainEntityOfPage\":{\"@id\":\"https:\/\/riberasalud.com\/ribera-lab\/ribera-lab-pone-en-marcha-la-pcr-expres-con-resultado-en-menos-de-una-hora\/\"},\"wordCount\":520,\"commentCount\":0,\"publisher\":{\"@id\":\"https:\/\/riberasalud.com\/ribera-lab\/#organization\"},\"image\":{\"@id\":\"https:\/\/riberasalud.com\/ribera-lab\/ribera-lab-pone-en-marcha-la-pcr-expres-con-resultado-en-menos-de-una-hora\/#primaryimage\"},\"thumbnailUrl\":\"https:\/\/riberasalud.com\/ribera-lab\/wp-content\/uploads\/2021\/08\/WhatsApp-Image-2021-08-05-at-11.32.16.jpeg\",\"keywords\":[\"Coronavirus\",\"pcr\",\"pruebas Covid\",\"Ribera Lab\"],\"articleSection\":[\"Innovaci\u00f3n\",\"Ribera Lab\"],\"inLanguage\":\"es\",\"potentialAction\":[{\"@type\":\"CommentAction\",\"name\":\"Comment\",\"target\":[\"https:\/\/riberasalud.com\/ribera-lab\/ribera-lab-pone-en-marcha-la-pcr-expres-con-resultado-en-menos-de-una-hora\/#respond\"]}]},{\"@type\":\"WebPage\",\"@id\":\"https:\/\/riberasalud.com\/ribera-lab\/ribera-lab-pone-en-marcha-la-pcr-expres-con-resultado-en-menos-de-una-hora\/\",\"url\":\"https:\/\/riberasalud.com\/ribera-lab\/ribera-lab-pone-en-marcha-la-pcr-expres-con-resultado-en-menos-de-una-hora\/\",\"name\":\"Ribera Lab pone en marcha la PCR expr\u00e9s, con resultado en menos de una hora, en sus centros de Elche, el Ferrol y Lugo - Ribera Lab\",\"isPartOf\":{\"@id\":\"https:\/\/riberasalud.com\/ribera-lab\/#website\"},\"primaryImageOfPage\":{\"@id\":\"https:\/\/riberasalud.com\/ribera-lab\/ribera-lab-pone-en-marcha-la-pcr-expres-con-resultado-en-menos-de-una-hora\/#primaryimage\"},\"image\":{\"@id\":\"https:\/\/riberasalud.com\/ribera-lab\/ribera-lab-pone-en-marcha-la-pcr-expres-con-resultado-en-menos-de-una-hora\/#primaryimage\"},\"thumbnailUrl\":\"https:\/\/riberasalud.com\/ribera-lab\/wp-content\/uploads\/2021\/08\/WhatsApp-Image-2021-08-05-at-11.32.16.jpeg\",\"datePublished\":\"2021-08-05T09:37:02+00:00\",\"description\":\"En el contexto de la campa\u00f1a #UnVeranoSeguro, test de ant\u00edgenos y PCRs antes y despu\u00e9s de las vacaciones, campamentos y reuniones familiares\",\"breadcrumb\":{\"@id\":\"https:\/\/riberasalud.com\/ribera-lab\/ribera-lab-pone-en-marcha-la-pcr-expres-con-resultado-en-menos-de-una-hora\/#breadcrumb\"},\"inLanguage\":\"es\",\"potentialAction\":[{\"@type\":\"ReadAction\",\"target\":[\"https:\/\/riberasalud.com\/ribera-lab\/ribera-lab-pone-en-marcha-la-pcr-expres-con-resultado-en-menos-de-una-hora\/\"]}]},{\"@type\":\"ImageObject\",\"inLanguage\":\"es\",\"@id\":\"https:\/\/riberasalud.com\/ribera-lab\/ribera-lab-pone-en-marcha-la-pcr-expres-con-resultado-en-menos-de-una-hora\/#primaryimage\",\"url\":\"https:\/\/riberasalud.com\/ribera-lab\/wp-content\/uploads\/2021\/08\/WhatsApp-Image-2021-08-05-at-11.32.16.jpeg\",\"contentUrl\":\"https:\/\/riberasalud.com\/ribera-lab\/wp-content\/uploads\/2021\/08\/WhatsApp-Image-2021-08-05-at-11.32.16.jpeg\",\"width\":512,\"height\":304,\"caption\":\"covid auto\"},{\"@type\":\"BreadcrumbList\",\"@id\":\"https:\/\/riberasalud.com\/ribera-lab\/ribera-lab-pone-en-marcha-la-pcr-expres-con-resultado-en-menos-de-una-hora\/#breadcrumb\",\"itemListElement\":[{\"@type\":\"ListItem\",\"position\":1,\"name\":\"Portada\",\"item\":\"https:\/\/riberasalud.com\/ribera-lab\/\"},{\"@type\":\"ListItem\",\"position\":2,\"name\":\"Ribera Lab pone en marcha la PCR expr\u00e9s, con resultado en menos de una hora, en sus centros de Elche, el Ferrol y Lugo\"}]},{\"@type\":\"WebSite\",\"@id\":\"https:\/\/riberasalud.com\/ribera-lab\/#website\",\"url\":\"https:\/\/riberasalud.com\/ribera-lab\/\",\"name\":\"Ribera Lab\",\"description\":\"\",\"publisher\":{\"@id\":\"https:\/\/riberasalud.com\/ribera-lab\/#organization\"},\"potentialAction\":[{\"@type\":\"SearchAction\",\"target\":{\"@type\":\"EntryPoint\",\"urlTemplate\":\"https:\/\/riberasalud.com\/ribera-lab\/?s={search_term_string}\"},\"query-input\":{\"@type\":\"PropertyValueSpecification\",\"valueRequired\":true,\"valueName\":\"search_term_string\"}}],\"inLanguage\":\"es\"},{\"@type\":\"Organization\",\"@id\":\"https:\/\/riberasalud.com\/ribera-lab\/#organization\",\"name\":\"Ribera Lab\",\"url\":\"https:\/\/riberasalud.com\/ribera-lab\/\",\"logo\":{\"@type\":\"ImageObject\",\"inLanguage\":\"es\",\"@id\":\"https:\/\/riberasalud.com\/ribera-lab\/#\/schema\/logo\/image\/\",\"url\":\"https:\/\/riberasalud.com\/ribera-lab\/wp-content\/uploads\/2024\/10\/cropped-cropped-Logo-Red-Lab-1.png\",\"contentUrl\":\"https:\/\/riberasalud.com\/ribera-lab\/wp-content\/uploads\/2024\/10\/cropped-cropped-Logo-Red-Lab-1.png\",\"width\":1611,\"height\":474,\"caption\":\"Ribera Lab\"},\"image\":{\"@id\":\"https:\/\/riberasalud.com\/ribera-lab\/#\/schema\/logo\/image\/\"}},{\"@type\":\"Person\",\"@id\":\"https:\/\/riberasalud.com\/ribera-lab\/#\/schema\/person\/2ec20d8627f802c9402f828b3eb51693\",\"name\":\"marsanchez\",\"image\":{\"@type\":\"ImageObject\",\"inLanguage\":\"es\",\"@id\":\"https:\/\/riberasalud.com\/ribera-lab\/#\/schema\/person\/image\/\",\"url\":\"https:\/\/secure.gravatar.com\/avatar\/0e2ddfa6ca50f038a905865f19439697542e5743a0628f67c9fac9c893b311be?s=96&d=mm&r=g\",\"contentUrl\":\"https:\/\/secure.gravatar.com\/avatar\/0e2ddfa6ca50f038a905865f19439697542e5743a0628f67c9fac9c893b311be?s=96&d=mm&r=g\",\"caption\":\"marsanchez\"},\"url\":\"https:\/\/riberasalud.com\/ribera-lab\/author\/marsanchez\/\"}]}<\/script>\n<!-- \/ Yoast SEO plugin. -->","yoast_head_json":{"title":"Ribera Lab pone en marcha la PCR expr\u00e9s, con resultado en menos de una hora, en sus centros de Elche, el Ferrol y Lugo - Ribera Lab","description":"En el contexto de la campa\u00f1a #UnVeranoSeguro, test de ant\u00edgenos y PCRs antes y despu\u00e9s de las vacaciones, campamentos y reuniones familiares","robots":{"index":"index","follow":"follow","max-snippet":"max-snippet:-1","max-image-preview":"max-image-preview:large","max-video-preview":"max-video-preview:-1"},"canonical":"https:\/\/riberasalud.com\/ribera-lab\/ribera-lab-pone-en-marcha-la-pcr-expres-con-resultado-en-menos-de-una-hora\/","og_locale":"es_ES","og_type":"article","og_title":"Ribera Lab pone en marcha la PCR expr\u00e9s, con resultado en menos de una hora, en sus centros de Elche, el Ferrol y Lugo - Ribera Lab","og_description":"En el contexto de la campa\u00f1a #UnVeranoSeguro, test de ant\u00edgenos y PCRs antes y despu\u00e9s de las vacaciones, campamentos y reuniones familiares","og_url":"https:\/\/riberasalud.com\/ribera-lab\/ribera-lab-pone-en-marcha-la-pcr-expres-con-resultado-en-menos-de-una-hora\/","og_site_name":"Ribera Lab","article_published_time":"2021-08-05T09:37:02+00:00","og_image":[{"width":512,"height":304,"url":"https:\/\/riberasalud.com\/ribera-lab\/wp-content\/uploads\/2021\/08\/WhatsApp-Image-2021-08-05-at-11.32.16.jpeg","type":"image\/jpeg"}],"author":"marsanchez","twitter_card":"summary_large_image","twitter_misc":{"Escrito por":"marsanchez","Tiempo de lectura":"2 minutos"},"schema":{"@context":"https:\/\/schema.org","@graph":[{"@type":"Article","@id":"https:\/\/riberasalud.com\/ribera-lab\/ribera-lab-pone-en-marcha-la-pcr-expres-con-resultado-en-menos-de-una-hora\/#article","isPartOf":{"@id":"https:\/\/riberasalud.com\/ribera-lab\/ribera-lab-pone-en-marcha-la-pcr-expres-con-resultado-en-menos-de-una-hora\/"},"author":{"name":"marsanchez","@id":"https:\/\/riberasalud.com\/ribera-lab\/#\/schema\/person\/2ec20d8627f802c9402f828b3eb51693"},"headline":"Ribera Lab pone en marcha la PCR expr\u00e9s, con resultado en menos de una hora, en sus centros de Elche, el Ferrol y Lugo","datePublished":"2021-08-05T09:37:02+00:00","mainEntityOfPage":{"@id":"https:\/\/riberasalud.com\/ribera-lab\/ribera-lab-pone-en-marcha-la-pcr-expres-con-resultado-en-menos-de-una-hora\/"},"wordCount":520,"commentCount":0,"publisher":{"@id":"https:\/\/riberasalud.com\/ribera-lab\/#organization"},"image":{"@id":"https:\/\/riberasalud.com\/ribera-lab\/ribera-lab-pone-en-marcha-la-pcr-expres-con-resultado-en-menos-de-una-hora\/#primaryimage"},"thumbnailUrl":"https:\/\/riberasalud.com\/ribera-lab\/wp-content\/uploads\/2021\/08\/WhatsApp-Image-2021-08-05-at-11.32.16.jpeg","keywords":["Coronavirus","pcr","pruebas Covid","Ribera Lab"],"articleSection":["Innovaci\u00f3n","Ribera Lab"],"inLanguage":"es","potentialAction":[{"@type":"CommentAction","name":"Comment","target":["https:\/\/riberasalud.com\/ribera-lab\/ribera-lab-pone-en-marcha-la-pcr-expres-con-resultado-en-menos-de-una-hora\/#respond"]}]},{"@type":"WebPage","@id":"https:\/\/riberasalud.com\/ribera-lab\/ribera-lab-pone-en-marcha-la-pcr-expres-con-resultado-en-menos-de-una-hora\/","url":"https:\/\/riberasalud.com\/ribera-lab\/ribera-lab-pone-en-marcha-la-pcr-expres-con-resultado-en-menos-de-una-hora\/","name":"Ribera Lab pone en marcha la PCR expr\u00e9s, con resultado en menos de una hora, en sus centros de Elche, el Ferrol y Lugo - Ribera Lab","isPartOf":{"@id":"https:\/\/riberasalud.com\/ribera-lab\/#website"},"primaryImageOfPage":{"@id":"https:\/\/riberasalud.com\/ribera-lab\/ribera-lab-pone-en-marcha-la-pcr-expres-con-resultado-en-menos-de-una-hora\/#primaryimage"},"image":{"@id":"https:\/\/riberasalud.com\/ribera-lab\/ribera-lab-pone-en-marcha-la-pcr-expres-con-resultado-en-menos-de-una-hora\/#primaryimage"},"thumbnailUrl":"https:\/\/riberasalud.com\/ribera-lab\/wp-content\/uploads\/2021\/08\/WhatsApp-Image-2021-08-05-at-11.32.16.jpeg","datePublished":"2021-08-05T09:37:02+00:00","description":"En el contexto de la campa\u00f1a #UnVeranoSeguro, test de ant\u00edgenos y PCRs antes y despu\u00e9s de las vacaciones, campamentos y reuniones familiares","breadcrumb":{"@id":"https:\/\/riberasalud.com\/ribera-lab\/ribera-lab-pone-en-marcha-la-pcr-expres-con-resultado-en-menos-de-una-hora\/#breadcrumb"},"inLanguage":"es","potentialAction":[{"@type":"ReadAction","target":["https:\/\/riberasalud.com\/ribera-lab\/ribera-lab-pone-en-marcha-la-pcr-expres-con-resultado-en-menos-de-una-hora\/"]}]},{"@type":"ImageObject","inLanguage":"es","@id":"https:\/\/riberasalud.com\/ribera-lab\/ribera-lab-pone-en-marcha-la-pcr-expres-con-resultado-en-menos-de-una-hora\/#primaryimage","url":"https:\/\/riberasalud.com\/ribera-lab\/wp-content\/uploads\/2021\/08\/WhatsApp-Image-2021-08-05-at-11.32.16.jpeg","contentUrl":"https:\/\/riberasalud.com\/ribera-lab\/wp-content\/uploads\/2021\/08\/WhatsApp-Image-2021-08-05-at-11.32.16.jpeg","width":512,"height":304,"caption":"covid auto"},{"@type":"BreadcrumbList","@id":"https:\/\/riberasalud.com\/ribera-lab\/ribera-lab-pone-en-marcha-la-pcr-expres-con-resultado-en-menos-de-una-hora\/#breadcrumb","itemListElement":[{"@type":"ListItem","position":1,"name":"Portada","item":"https:\/\/riberasalud.com\/ribera-lab\/"},{"@type":"ListItem","position":2,"name":"Ribera Lab pone en marcha la PCR expr\u00e9s, con resultado en menos de una hora, en sus centros de Elche, el Ferrol y Lugo"}]},{"@type":"WebSite","@id":"https:\/\/riberasalud.com\/ribera-lab\/#website","url":"https:\/\/riberasalud.com\/ribera-lab\/","name":"Ribera Lab","description":"","publisher":{"@id":"https:\/\/riberasalud.com\/ribera-lab\/#organization"},"potentialAction":[{"@type":"SearchAction","target":{"@type":"EntryPoint","urlTemplate":"https:\/\/riberasalud.com\/ribera-lab\/?s={search_term_string}"},"query-input":{"@type":"PropertyValueSpecification","valueRequired":true,"valueName":"search_term_string"}}],"inLanguage":"es"},{"@type":"Organization","@id":"https:\/\/riberasalud.com\/ribera-lab\/#organization","name":"Ribera Lab","url":"https:\/\/riberasalud.com\/ribera-lab\/","logo":{"@type":"ImageObject","inLanguage":"es","@id":"https:\/\/riberasalud.com\/ribera-lab\/#\/schema\/logo\/image\/","url":"https:\/\/riberasalud.com\/ribera-lab\/wp-content\/uploads\/2024\/10\/cropped-cropped-Logo-Red-Lab-1.png","contentUrl":"https:\/\/riberasalud.com\/ribera-lab\/wp-content\/uploads\/2024\/10\/cropped-cropped-Logo-Red-Lab-1.png","width":1611,"height":474,"caption":"Ribera Lab"},"image":{"@id":"https:\/\/riberasalud.com\/ribera-lab\/#\/schema\/logo\/image\/"}},{"@type":"Person","@id":"https:\/\/riberasalud.com\/ribera-lab\/#\/schema\/person\/2ec20d8627f802c9402f828b3eb51693","name":"marsanchez","image":{"@type":"ImageObject","inLanguage":"es","@id":"https:\/\/riberasalud.com\/ribera-lab\/#\/schema\/person\/image\/","url":"https:\/\/secure.gravatar.com\/avatar\/0e2ddfa6ca50f038a905865f19439697542e5743a0628f67c9fac9c893b311be?s=96&d=mm&r=g","contentUrl":"https:\/\/secure.gravatar.com\/avatar\/0e2ddfa6ca50f038a905865f19439697542e5743a0628f67c9fac9c893b311be?s=96&d=mm&r=g","caption":"marsanchez"},"url":"https:\/\/riberasalud.com\/ribera-lab\/author\/marsanchez\/"}]}},"_links":{"self":[{"href":"https:\/\/riberasalud.com\/ribera-lab\/wp-json\/wp\/v2\/posts\/13307","targetHints":{"allow":["GET"]}}],"collection":[{"href":"https:\/\/riberasalud.com\/ribera-lab\/wp-json\/wp\/v2\/posts"}],"about":[{"href":"https:\/\/riberasalud.com\/ribera-lab\/wp-json\/wp\/v2\/types\/post"}],"author":[{"embeddable":true,"href":"https:\/\/riberasalud.com\/ribera-lab\/wp-json\/wp\/v2\/users\/2"}],"replies":[{"embeddable":true,"href":"https:\/\/riberasalud.com\/ribera-lab\/wp-json\/wp\/v2\/comments?post=13307"}],"version-history":[{"count":0,"href":"https:\/\/riberasalud.com\/ribera-lab\/wp-json\/wp\/v2\/posts\/13307\/revisions"}],"wp:featuredmedia":[{"embeddable":true,"href":"https:\/\/riberasalud.com\/ribera-lab\/wp-json\/wp\/v2\/media\/13308"}],"wp:attachment":[{"href":"https:\/\/riberasalud.com\/ribera-lab\/wp-json\/wp\/v2\/media?parent=13307"}],"wp:term":[{"taxonomy":"category","embeddable":true,"href":"https:\/\/riberasalud.com\/ribera-lab\/wp-json\/wp\/v2\/categories?post=13307"},{"taxonomy":"post_tag","embeddable":true,"href":"https:\/\/riberasalud.com\/ribera-lab\/wp-json\/wp\/v2\/tags?post=13307"}],"curies":[{"name":"wp","href":"https:\/\/api.w.org\/{rel}","templated":true}]}}