{"id":13207,"date":"2021-07-08T10:17:37","date_gmt":"2021-07-08T08:17:37","guid":{"rendered":"https:\/\/www.riberasalud.com\/?p=13207"},"modified":"2021-07-08T10:17:37","modified_gmt":"2021-07-08T08:17:37","slug":"el-centro-inmunologico-de-ribera-lab-se-traslada-a-una-sede-de-2-700-m2","status":"publish","type":"post","link":"https:\/\/riberasalud.com\/ribera-lab\/el-centro-inmunologico-de-ribera-lab-se-traslada-a-una-sede-de-2-700-m2\/","title":{"rendered":"El Centro Inmunol\u00f3gico de Ribera Lab se traslada a una sede de 2.700 m2 para ampliar sus \u00e1reas de diagn\u00f3stico"},"content":{"rendered":"\n<ul class=\"wp-block-list\"><li>Las nuevas instalaciones, ubicadas en el parque tecnol\u00f3gico de Torrellano (Elche), cuenta con tres plantas y equipamiento de alta tecnolog\u00eda en todas las \u00e1reas del diagn\u00f3stico de laboratorio: Gen\u00e9tica Molecular, Citogen\u00e9tica, Bioqu\u00edmica, Microbiolog\u00eda, Inmunolog\u00eda, Hematolog\u00eda y Anatom\u00eda Patol\u00f3gica<\/li><li>El Centro Inmunol\u00f3gico realiz\u00f3 m\u00e1s de 350.000 determinaciones en 2020, pero desde su integraci\u00f3n en el grupo Ribera en diciembre ha aumentado la actividad, al convertirse en el laboratorio de referencia de varios de sus hospitales<\/li><\/ul>\n\n\n\n<p>El Centro Inmunol\u00f3gico de Alicante, laboratorio de referencia de&nbsp;<a href=\"https:\/\/riberasalud.com\/ribera-lab\/\">Ribera Lab<\/a>, se traslada a una nueva sede en el parque empresarial de Torrellano (Elche), lo que le permite multiplicar los metros cuadrados disponibles para ampliar progresivamente servicios, tecnolog\u00eda y nuevas \u00e1reas de diagn\u00f3stico biol\u00f3gico. Este laboratorio, con m\u00e1s de 25 a\u00f1os de trayectoria como laboratorio de referencia de pruebas especiales, pasa a unas nuevas instalaciones de&nbsp; 2.700 metros cuadrados, lo que le permitir\u00e1 triplicar su actividad, adem\u00e1s de incorporar nuevas especialidades diagn\u00f3sticas.<\/p>\n\n\n\n<p>Ribera Lab, la divisi\u00f3n de laboratorio del&nbsp;<a href=\"https:\/\/www.riberasalud.com\/\">grupo sanitario Ribera<\/a>, adquiri\u00f3 el Centro Inmunol\u00f3gico de Alicante el pasado mes de diciembre y desde ese momento, comenz\u00f3 a crecer progresivamente, en parte como consecuencia de la asunci\u00f3n de las determinaciones&nbsp; de los hospitales del grupo. Este cambio ha requerido, en apenas seis meses, la implantaci\u00f3n de nuevo equipamiento, que se trasladar\u00e1 y adaptar\u00e1 a las instalaciones de Torrellano, y la automatizaci\u00f3n de diferentes \u00e1reas, mejorando la capacidad de respuesta. Actualmente, cuenta con una plantilla de m\u00e1s de 40 profesionales entre t\u00e9cnicos de laboratorio y especialistas en gen\u00e9tica, hematolog\u00eda, microbiolog\u00eda y an\u00e1lisis cl\u00ednicos entre otros, tras ampliar la plantilla en una primera fase por el aumento de actividad.<\/p>\n\n\n\n<p>En su nueva sede, el Centro Inmunol\u00f3gico contar\u00e1 con nuevo equipamiento de alta tecnolog\u00eda para el diagn\u00f3stico gen\u00e9tico, donde est\u00e1 prevista una ampliaci\u00f3n y una hiperespecializaci\u00f3n, para profundizar en el \u00e1mbito de la medicina de precisi\u00f3n.<\/p>\n\n\n\n<p>Su laboratorio de biopatolog\u00eda molecular est\u00e1 especializado en patolog\u00eda hereditarias, oncol\u00f3gicas e infecciones, su unidad de citogen\u00e9tica es referente en el \u00e1rea de onco-hematolog\u00eda, mientras que en su laboratorio cl\u00ednico central se realizan bioqu\u00edmicas, citometr\u00edas de flujo, inmunolog\u00eda, hematolog\u00eda, toxicolog\u00eda, anatom\u00eda patol\u00f3gica y microbiolog\u00eda.<\/p>\n\n\n\n<p>El Centro Inmunol\u00f3gico de la Comunidad Valenciana inici\u00f3 su actividad en 1996 como laboratorio de an\u00e1lisis cl\u00ednicos. En 1999 se traslad\u00f3 a la sede de San Juan-Alicante, donde progresivamente ampli\u00f3 su cartera de servicios. All\u00ed ha permanecido hasta la actualidad, en la que despu\u00e9s de su integraci\u00f3n en el grupo sanitario Ribera, el volumen de determinaciones, junto con la proyecci\u00f3n, crecimiento y diversificaci\u00f3n del proyecto ha llevado a apostar por una sede mucho m\u00e1s grande, capaz de albergar todos los retos y propuestas de futuro.<\/p>\n","protected":false},"excerpt":{"rendered":"<p>Las nuevas instalaciones, ubicadas en el parque tecnol\u00f3gico de Torrellano (Elche), cuenta con tres plantas y equipamiento de alta tecnolog\u00eda en todas las \u00e1reas del diagn\u00f3stico de laboratorio: Gen\u00e9tica Molecular, Citogen\u00e9tica, Bioqu\u00edmica, Microbiolog\u00eda, Inmunolog\u00eda, Hematolog\u00eda y Anatom\u00eda Patol\u00f3gica El Centro Inmunol\u00f3gico realiz\u00f3 m\u00e1s de 350.000 determinaciones en 2020, pero desde su integraci\u00f3n en el grupo &#8230; <\/p>\n<p class=\"read-more-container\"><a title=\"El Centro Inmunol\u00f3gico de Ribera Lab se traslada a una sede de 2.700 m2 para ampliar sus \u00e1reas de diagn\u00f3stico\" class=\"read-more button\" href=\"https:\/\/riberasalud.com\/ribera-lab\/el-centro-inmunologico-de-ribera-lab-se-traslada-a-una-sede-de-2-700-m2\/#more-13207\" aria-label=\"Leer m\u00e1s sobre El Centro Inmunol\u00f3gico de Ribera Lab se traslada a una sede de 2.700 m2 para ampliar sus \u00e1reas de diagn\u00f3stico\">Leer m\u00e1s<\/a><\/p>\n","protected":false},"author":2,"featured_media":13208,"comment_status":"open","ping_status":"open","sticky":false,"template":"","format":"standard","meta":{"footnotes":""},"categories":[25,8],"tags":[23,24,9,26],"class_list":["post-13207","post","type-post","status-publish","format-standard","has-post-thumbnail","hentry","category-plan-estrategico","category-ribera-lab","tag-instalaciones","tag-laboratorio","tag-ribera-lab","tag-tecnologia"],"yoast_head":"<!-- This site is optimized with the Yoast SEO plugin v26.6 - https:\/\/yoast.com\/wordpress\/plugins\/seo\/ -->\n<title>El Centro Inmunol\u00f3gico de Ribera Lab se traslada a una sede de 2.700 m2 para ampliar sus \u00e1reas de diagn\u00f3stico - Ribera Lab<\/title>\n<meta name=\"description\" content=\"Las nuevas instalaciones, ubicadas en el parque tecnol\u00f3gico de Torrellano (Elche), cuenta con tres plantas y equipamiento de alta tecnolog\u00eda\" \/>\n<meta name=\"robots\" content=\"index, follow, max-snippet:-1, max-image-preview:large, max-video-preview:-1\" \/>\n<link rel=\"canonical\" href=\"https:\/\/riberasalud.com\/ribera-lab\/el-centro-inmunologico-de-ribera-lab-se-traslada-a-una-sede-de-2-700-m2\/\" \/>\n<meta property=\"og:locale\" content=\"es_ES\" \/>\n<meta property=\"og:type\" content=\"article\" \/>\n<meta property=\"og:title\" content=\"El Centro Inmunol\u00f3gico de Ribera Lab se traslada a una sede de 2.700 m2 para ampliar sus \u00e1reas de diagn\u00f3stico - Ribera Lab\" \/>\n<meta property=\"og:description\" content=\"Las nuevas instalaciones, ubicadas en el parque tecnol\u00f3gico de Torrellano (Elche), cuenta con tres plantas y equipamiento de alta tecnolog\u00eda\" \/>\n<meta property=\"og:url\" content=\"https:\/\/riberasalud.com\/ribera-lab\/el-centro-inmunologico-de-ribera-lab-se-traslada-a-una-sede-de-2-700-m2\/\" \/>\n<meta property=\"og:site_name\" content=\"Ribera Lab\" \/>\n<meta property=\"article:published_time\" content=\"2021-07-08T08:17:37+00:00\" \/>\n<meta property=\"og:image\" content=\"https:\/\/riberasalud.com\/ribera-lab\/wp-content\/uploads\/2021\/07\/Ribera-Lab-3.jpg\" \/>\n\t<meta property=\"og:image:width\" content=\"800\" \/>\n\t<meta property=\"og:image:height\" content=\"533\" \/>\n\t<meta property=\"og:image:type\" content=\"image\/jpeg\" \/>\n<meta name=\"author\" content=\"marsanchez\" \/>\n<meta name=\"twitter:card\" content=\"summary_large_image\" \/>\n<meta name=\"twitter:label1\" content=\"Escrito por\" \/>\n\t<meta name=\"twitter:data1\" content=\"marsanchez\" \/>\n\t<meta name=\"twitter:label2\" content=\"Tiempo de lectura\" \/>\n\t<meta name=\"twitter:data2\" content=\"2 minutos\" \/>\n<script type=\"application\/ld+json\" class=\"yoast-schema-graph\">{\"@context\":\"https:\/\/schema.org\",\"@graph\":[{\"@type\":\"Article\",\"@id\":\"https:\/\/riberasalud.com\/ribera-lab\/el-centro-inmunologico-de-ribera-lab-se-traslada-a-una-sede-de-2-700-m2\/#article\",\"isPartOf\":{\"@id\":\"https:\/\/riberasalud.com\/ribera-lab\/el-centro-inmunologico-de-ribera-lab-se-traslada-a-una-sede-de-2-700-m2\/\"},\"author\":{\"name\":\"marsanchez\",\"@id\":\"https:\/\/riberasalud.com\/ribera-lab\/#\/schema\/person\/2ec20d8627f802c9402f828b3eb51693\"},\"headline\":\"El Centro Inmunol\u00f3gico de Ribera Lab se traslada a una sede de 2.700 m2 para ampliar sus \u00e1reas de diagn\u00f3stico\",\"datePublished\":\"2021-07-08T08:17:37+00:00\",\"mainEntityOfPage\":{\"@id\":\"https:\/\/riberasalud.com\/ribera-lab\/el-centro-inmunologico-de-ribera-lab-se-traslada-a-una-sede-de-2-700-m2\/\"},\"wordCount\":518,\"commentCount\":0,\"publisher\":{\"@id\":\"https:\/\/riberasalud.com\/ribera-lab\/#organization\"},\"image\":{\"@id\":\"https:\/\/riberasalud.com\/ribera-lab\/el-centro-inmunologico-de-ribera-lab-se-traslada-a-una-sede-de-2-700-m2\/#primaryimage\"},\"thumbnailUrl\":\"https:\/\/riberasalud.com\/ribera-lab\/wp-content\/uploads\/2021\/07\/Ribera-Lab-3.jpg\",\"keywords\":[\"instalaciones\",\"laboratorio\",\"Ribera Lab\",\"tecnolog\u00eda\"],\"articleSection\":[\"Plan Estrat\u00e9gico\",\"Ribera Lab\"],\"inLanguage\":\"es\",\"potentialAction\":[{\"@type\":\"CommentAction\",\"name\":\"Comment\",\"target\":[\"https:\/\/riberasalud.com\/ribera-lab\/el-centro-inmunologico-de-ribera-lab-se-traslada-a-una-sede-de-2-700-m2\/#respond\"]}]},{\"@type\":\"WebPage\",\"@id\":\"https:\/\/riberasalud.com\/ribera-lab\/el-centro-inmunologico-de-ribera-lab-se-traslada-a-una-sede-de-2-700-m2\/\",\"url\":\"https:\/\/riberasalud.com\/ribera-lab\/el-centro-inmunologico-de-ribera-lab-se-traslada-a-una-sede-de-2-700-m2\/\",\"name\":\"El Centro Inmunol\u00f3gico de Ribera Lab se traslada a una sede de 2.700 m2 para ampliar sus \u00e1reas de diagn\u00f3stico - Ribera Lab\",\"isPartOf\":{\"@id\":\"https:\/\/riberasalud.com\/ribera-lab\/#website\"},\"primaryImageOfPage\":{\"@id\":\"https:\/\/riberasalud.com\/ribera-lab\/el-centro-inmunologico-de-ribera-lab-se-traslada-a-una-sede-de-2-700-m2\/#primaryimage\"},\"image\":{\"@id\":\"https:\/\/riberasalud.com\/ribera-lab\/el-centro-inmunologico-de-ribera-lab-se-traslada-a-una-sede-de-2-700-m2\/#primaryimage\"},\"thumbnailUrl\":\"https:\/\/riberasalud.com\/ribera-lab\/wp-content\/uploads\/2021\/07\/Ribera-Lab-3.jpg\",\"datePublished\":\"2021-07-08T08:17:37+00:00\",\"description\":\"Las nuevas instalaciones, ubicadas en el parque tecnol\u00f3gico de Torrellano (Elche), cuenta con tres plantas y equipamiento de alta tecnolog\u00eda\",\"breadcrumb\":{\"@id\":\"https:\/\/riberasalud.com\/ribera-lab\/el-centro-inmunologico-de-ribera-lab-se-traslada-a-una-sede-de-2-700-m2\/#breadcrumb\"},\"inLanguage\":\"es\",\"potentialAction\":[{\"@type\":\"ReadAction\",\"target\":[\"https:\/\/riberasalud.com\/ribera-lab\/el-centro-inmunologico-de-ribera-lab-se-traslada-a-una-sede-de-2-700-m2\/\"]}]},{\"@type\":\"ImageObject\",\"inLanguage\":\"es\",\"@id\":\"https:\/\/riberasalud.com\/ribera-lab\/el-centro-inmunologico-de-ribera-lab-se-traslada-a-una-sede-de-2-700-m2\/#primaryimage\",\"url\":\"https:\/\/riberasalud.com\/ribera-lab\/wp-content\/uploads\/2021\/07\/Ribera-Lab-3.jpg\",\"contentUrl\":\"https:\/\/riberasalud.com\/ribera-lab\/wp-content\/uploads\/2021\/07\/Ribera-Lab-3.jpg\",\"width\":800,\"height\":533,\"caption\":\"ribera lab\"},{\"@type\":\"BreadcrumbList\",\"@id\":\"https:\/\/riberasalud.com\/ribera-lab\/el-centro-inmunologico-de-ribera-lab-se-traslada-a-una-sede-de-2-700-m2\/#breadcrumb\",\"itemListElement\":[{\"@type\":\"ListItem\",\"position\":1,\"name\":\"Portada\",\"item\":\"https:\/\/riberasalud.com\/ribera-lab\/\"},{\"@type\":\"ListItem\",\"position\":2,\"name\":\"El Centro Inmunol\u00f3gico de Ribera Lab se traslada a una sede de 2.700 m2 para ampliar sus \u00e1reas de diagn\u00f3stico\"}]},{\"@type\":\"WebSite\",\"@id\":\"https:\/\/riberasalud.com\/ribera-lab\/#website\",\"url\":\"https:\/\/riberasalud.com\/ribera-lab\/\",\"name\":\"Ribera Lab\",\"description\":\"\",\"publisher\":{\"@id\":\"https:\/\/riberasalud.com\/ribera-lab\/#organization\"},\"potentialAction\":[{\"@type\":\"SearchAction\",\"target\":{\"@type\":\"EntryPoint\",\"urlTemplate\":\"https:\/\/riberasalud.com\/ribera-lab\/?s={search_term_string}\"},\"query-input\":{\"@type\":\"PropertyValueSpecification\",\"valueRequired\":true,\"valueName\":\"search_term_string\"}}],\"inLanguage\":\"es\"},{\"@type\":\"Organization\",\"@id\":\"https:\/\/riberasalud.com\/ribera-lab\/#organization\",\"name\":\"Ribera Lab\",\"url\":\"https:\/\/riberasalud.com\/ribera-lab\/\",\"logo\":{\"@type\":\"ImageObject\",\"inLanguage\":\"es\",\"@id\":\"https:\/\/riberasalud.com\/ribera-lab\/#\/schema\/logo\/image\/\",\"url\":\"https:\/\/riberasalud.com\/ribera-lab\/wp-content\/uploads\/2024\/10\/cropped-cropped-Logo-Red-Lab-1.png\",\"contentUrl\":\"https:\/\/riberasalud.com\/ribera-lab\/wp-content\/uploads\/2024\/10\/cropped-cropped-Logo-Red-Lab-1.png\",\"width\":1611,\"height\":474,\"caption\":\"Ribera Lab\"},\"image\":{\"@id\":\"https:\/\/riberasalud.com\/ribera-lab\/#\/schema\/logo\/image\/\"}},{\"@type\":\"Person\",\"@id\":\"https:\/\/riberasalud.com\/ribera-lab\/#\/schema\/person\/2ec20d8627f802c9402f828b3eb51693\",\"name\":\"marsanchez\",\"image\":{\"@type\":\"ImageObject\",\"inLanguage\":\"es\",\"@id\":\"https:\/\/riberasalud.com\/ribera-lab\/#\/schema\/person\/image\/\",\"url\":\"https:\/\/secure.gravatar.com\/avatar\/0e2ddfa6ca50f038a905865f19439697542e5743a0628f67c9fac9c893b311be?s=96&d=mm&r=g\",\"contentUrl\":\"https:\/\/secure.gravatar.com\/avatar\/0e2ddfa6ca50f038a905865f19439697542e5743a0628f67c9fac9c893b311be?s=96&d=mm&r=g\",\"caption\":\"marsanchez\"},\"url\":\"https:\/\/riberasalud.com\/ribera-lab\/author\/marsanchez\/\"}]}<\/script>\n<!-- \/ Yoast SEO plugin. -->","yoast_head_json":{"title":"El Centro Inmunol\u00f3gico de Ribera Lab se traslada a una sede de 2.700 m2 para ampliar sus \u00e1reas de diagn\u00f3stico - Ribera Lab","description":"Las nuevas instalaciones, ubicadas en el parque tecnol\u00f3gico de Torrellano (Elche), cuenta con tres plantas y equipamiento de alta tecnolog\u00eda","robots":{"index":"index","follow":"follow","max-snippet":"max-snippet:-1","max-image-preview":"max-image-preview:large","max-video-preview":"max-video-preview:-1"},"canonical":"https:\/\/riberasalud.com\/ribera-lab\/el-centro-inmunologico-de-ribera-lab-se-traslada-a-una-sede-de-2-700-m2\/","og_locale":"es_ES","og_type":"article","og_title":"El Centro Inmunol\u00f3gico de Ribera Lab se traslada a una sede de 2.700 m2 para ampliar sus \u00e1reas de diagn\u00f3stico - Ribera Lab","og_description":"Las nuevas instalaciones, ubicadas en el parque tecnol\u00f3gico de Torrellano (Elche), cuenta con tres plantas y equipamiento de alta tecnolog\u00eda","og_url":"https:\/\/riberasalud.com\/ribera-lab\/el-centro-inmunologico-de-ribera-lab-se-traslada-a-una-sede-de-2-700-m2\/","og_site_name":"Ribera Lab","article_published_time":"2021-07-08T08:17:37+00:00","og_image":[{"width":800,"height":533,"url":"https:\/\/riberasalud.com\/ribera-lab\/wp-content\/uploads\/2021\/07\/Ribera-Lab-3.jpg","type":"image\/jpeg"}],"author":"marsanchez","twitter_card":"summary_large_image","twitter_misc":{"Escrito por":"marsanchez","Tiempo de lectura":"2 minutos"},"schema":{"@context":"https:\/\/schema.org","@graph":[{"@type":"Article","@id":"https:\/\/riberasalud.com\/ribera-lab\/el-centro-inmunologico-de-ribera-lab-se-traslada-a-una-sede-de-2-700-m2\/#article","isPartOf":{"@id":"https:\/\/riberasalud.com\/ribera-lab\/el-centro-inmunologico-de-ribera-lab-se-traslada-a-una-sede-de-2-700-m2\/"},"author":{"name":"marsanchez","@id":"https:\/\/riberasalud.com\/ribera-lab\/#\/schema\/person\/2ec20d8627f802c9402f828b3eb51693"},"headline":"El Centro Inmunol\u00f3gico de Ribera Lab se traslada a una sede de 2.700 m2 para ampliar sus \u00e1reas de diagn\u00f3stico","datePublished":"2021-07-08T08:17:37+00:00","mainEntityOfPage":{"@id":"https:\/\/riberasalud.com\/ribera-lab\/el-centro-inmunologico-de-ribera-lab-se-traslada-a-una-sede-de-2-700-m2\/"},"wordCount":518,"commentCount":0,"publisher":{"@id":"https:\/\/riberasalud.com\/ribera-lab\/#organization"},"image":{"@id":"https:\/\/riberasalud.com\/ribera-lab\/el-centro-inmunologico-de-ribera-lab-se-traslada-a-una-sede-de-2-700-m2\/#primaryimage"},"thumbnailUrl":"https:\/\/riberasalud.com\/ribera-lab\/wp-content\/uploads\/2021\/07\/Ribera-Lab-3.jpg","keywords":["instalaciones","laboratorio","Ribera Lab","tecnolog\u00eda"],"articleSection":["Plan Estrat\u00e9gico","Ribera Lab"],"inLanguage":"es","potentialAction":[{"@type":"CommentAction","name":"Comment","target":["https:\/\/riberasalud.com\/ribera-lab\/el-centro-inmunologico-de-ribera-lab-se-traslada-a-una-sede-de-2-700-m2\/#respond"]}]},{"@type":"WebPage","@id":"https:\/\/riberasalud.com\/ribera-lab\/el-centro-inmunologico-de-ribera-lab-se-traslada-a-una-sede-de-2-700-m2\/","url":"https:\/\/riberasalud.com\/ribera-lab\/el-centro-inmunologico-de-ribera-lab-se-traslada-a-una-sede-de-2-700-m2\/","name":"El Centro Inmunol\u00f3gico de Ribera Lab se traslada a una sede de 2.700 m2 para ampliar sus \u00e1reas de diagn\u00f3stico - Ribera Lab","isPartOf":{"@id":"https:\/\/riberasalud.com\/ribera-lab\/#website"},"primaryImageOfPage":{"@id":"https:\/\/riberasalud.com\/ribera-lab\/el-centro-inmunologico-de-ribera-lab-se-traslada-a-una-sede-de-2-700-m2\/#primaryimage"},"image":{"@id":"https:\/\/riberasalud.com\/ribera-lab\/el-centro-inmunologico-de-ribera-lab-se-traslada-a-una-sede-de-2-700-m2\/#primaryimage"},"thumbnailUrl":"https:\/\/riberasalud.com\/ribera-lab\/wp-content\/uploads\/2021\/07\/Ribera-Lab-3.jpg","datePublished":"2021-07-08T08:17:37+00:00","description":"Las nuevas instalaciones, ubicadas en el parque tecnol\u00f3gico de Torrellano (Elche), cuenta con tres plantas y equipamiento de alta tecnolog\u00eda","breadcrumb":{"@id":"https:\/\/riberasalud.com\/ribera-lab\/el-centro-inmunologico-de-ribera-lab-se-traslada-a-una-sede-de-2-700-m2\/#breadcrumb"},"inLanguage":"es","potentialAction":[{"@type":"ReadAction","target":["https:\/\/riberasalud.com\/ribera-lab\/el-centro-inmunologico-de-ribera-lab-se-traslada-a-una-sede-de-2-700-m2\/"]}]},{"@type":"ImageObject","inLanguage":"es","@id":"https:\/\/riberasalud.com\/ribera-lab\/el-centro-inmunologico-de-ribera-lab-se-traslada-a-una-sede-de-2-700-m2\/#primaryimage","url":"https:\/\/riberasalud.com\/ribera-lab\/wp-content\/uploads\/2021\/07\/Ribera-Lab-3.jpg","contentUrl":"https:\/\/riberasalud.com\/ribera-lab\/wp-content\/uploads\/2021\/07\/Ribera-Lab-3.jpg","width":800,"height":533,"caption":"ribera lab"},{"@type":"BreadcrumbList","@id":"https:\/\/riberasalud.com\/ribera-lab\/el-centro-inmunologico-de-ribera-lab-se-traslada-a-una-sede-de-2-700-m2\/#breadcrumb","itemListElement":[{"@type":"ListItem","position":1,"name":"Portada","item":"https:\/\/riberasalud.com\/ribera-lab\/"},{"@type":"ListItem","position":2,"name":"El Centro Inmunol\u00f3gico de Ribera Lab se traslada a una sede de 2.700 m2 para ampliar sus \u00e1reas de diagn\u00f3stico"}]},{"@type":"WebSite","@id":"https:\/\/riberasalud.com\/ribera-lab\/#website","url":"https:\/\/riberasalud.com\/ribera-lab\/","name":"Ribera Lab","description":"","publisher":{"@id":"https:\/\/riberasalud.com\/ribera-lab\/#organization"},"potentialAction":[{"@type":"SearchAction","target":{"@type":"EntryPoint","urlTemplate":"https:\/\/riberasalud.com\/ribera-lab\/?s={search_term_string}"},"query-input":{"@type":"PropertyValueSpecification","valueRequired":true,"valueName":"search_term_string"}}],"inLanguage":"es"},{"@type":"Organization","@id":"https:\/\/riberasalud.com\/ribera-lab\/#organization","name":"Ribera Lab","url":"https:\/\/riberasalud.com\/ribera-lab\/","logo":{"@type":"ImageObject","inLanguage":"es","@id":"https:\/\/riberasalud.com\/ribera-lab\/#\/schema\/logo\/image\/","url":"https:\/\/riberasalud.com\/ribera-lab\/wp-content\/uploads\/2024\/10\/cropped-cropped-Logo-Red-Lab-1.png","contentUrl":"https:\/\/riberasalud.com\/ribera-lab\/wp-content\/uploads\/2024\/10\/cropped-cropped-Logo-Red-Lab-1.png","width":1611,"height":474,"caption":"Ribera Lab"},"image":{"@id":"https:\/\/riberasalud.com\/ribera-lab\/#\/schema\/logo\/image\/"}},{"@type":"Person","@id":"https:\/\/riberasalud.com\/ribera-lab\/#\/schema\/person\/2ec20d8627f802c9402f828b3eb51693","name":"marsanchez","image":{"@type":"ImageObject","inLanguage":"es","@id":"https:\/\/riberasalud.com\/ribera-lab\/#\/schema\/person\/image\/","url":"https:\/\/secure.gravatar.com\/avatar\/0e2ddfa6ca50f038a905865f19439697542e5743a0628f67c9fac9c893b311be?s=96&d=mm&r=g","contentUrl":"https:\/\/secure.gravatar.com\/avatar\/0e2ddfa6ca50f038a905865f19439697542e5743a0628f67c9fac9c893b311be?s=96&d=mm&r=g","caption":"marsanchez"},"url":"https:\/\/riberasalud.com\/ribera-lab\/author\/marsanchez\/"}]}},"_links":{"self":[{"href":"https:\/\/riberasalud.com\/ribera-lab\/wp-json\/wp\/v2\/posts\/13207","targetHints":{"allow":["GET"]}}],"collection":[{"href":"https:\/\/riberasalud.com\/ribera-lab\/wp-json\/wp\/v2\/posts"}],"about":[{"href":"https:\/\/riberasalud.com\/ribera-lab\/wp-json\/wp\/v2\/types\/post"}],"author":[{"embeddable":true,"href":"https:\/\/riberasalud.com\/ribera-lab\/wp-json\/wp\/v2\/users\/2"}],"replies":[{"embeddable":true,"href":"https:\/\/riberasalud.com\/ribera-lab\/wp-json\/wp\/v2\/comments?post=13207"}],"version-history":[{"count":0,"href":"https:\/\/riberasalud.com\/ribera-lab\/wp-json\/wp\/v2\/posts\/13207\/revisions"}],"wp:featuredmedia":[{"embeddable":true,"href":"https:\/\/riberasalud.com\/ribera-lab\/wp-json\/wp\/v2\/media\/13208"}],"wp:attachment":[{"href":"https:\/\/riberasalud.com\/ribera-lab\/wp-json\/wp\/v2\/media?parent=13207"}],"wp:term":[{"taxonomy":"category","embeddable":true,"href":"https:\/\/riberasalud.com\/ribera-lab\/wp-json\/wp\/v2\/categories?post=13207"},{"taxonomy":"post_tag","embeddable":true,"href":"https:\/\/riberasalud.com\/ribera-lab\/wp-json\/wp\/v2\/tags?post=13207"}],"curies":[{"name":"wp","href":"https:\/\/api.w.org\/{rel}","templated":true}]}}