{"id":6971,"date":"2023-10-31T10:59:59","date_gmt":"2023-10-31T10:59:59","guid":{"rendered":"https:\/\/riberasalud.com\/ribera-estetica\/?p=6971"},"modified":"2025-02-12T12:27:19","modified_gmt":"2025-02-12T12:27:19","slug":"como-dormir-despues-de-un-injerto-capilar","status":"publish","type":"post","link":"https:\/\/riberasalud.com\/ribera-estetica\/blog\/como-dormir-despues-de-un-injerto-capilar\/","title":{"rendered":"C\u00f3mo dormir despu\u00e9s de un injerto capilar"},"content":{"rendered":"\n<p>La preocupaci\u00f3n por la salud y el aspecto del cuero cabelludo ha aumentado considerablemente en los \u00faltimos a\u00f1os. En parte, posiblemente, por la garant\u00eda que hoy s\u00ed dan varias t\u00e9cnicas de implante capilar, entre quienes buscan recuperar el pelo perdido, debido a las diferentes causas que provocan alopecia. El diagn\u00f3stico, el tratamiento y la autoestima son elementos clave en el proceso de recuperaci\u00f3n del pelo que se ha perdido y la informaci\u00f3n es muy importante en todo este itinerario, para no adelantar acontecimientos ni caer en el pesimismo, pero tambi\u00e9n para que los pacientes conozcan, de la mano de profesionales como los de Ribera Est\u00e9tica, c\u00f3mo cuidar un injerto capilar, los primeros meses despu\u00e9s de la intervenci\u00f3n y, especialmente, durante la noche, para asegurar una recuperaci\u00f3n exitosa.<\/p>\n\n\n\n<h2 class=\"wp-block-heading\"><strong>La posici\u00f3n ideal para dormir<\/strong><\/h2>\n\n\n\n<p>Uno de los primeros dilemas a los que se enfrentan los pacientes despu\u00e9s de un injerto capilar es la elecci\u00f3n de la posici\u00f3n para dormir. En este sentido, la respuesta es sencilla para los profesionales especialistas en este tipo de intervenciones: no hay una posici\u00f3n espec\u00edfica que se deba evitar o promover. El paciente puede dormir de la manera que le resulte m\u00e1s c\u00f3moda, ya que no hay evidencia de que una posici\u00f3n en particular afecte negativamente el injerto capilar.<\/p>\n\n\n\n<h2 class=\"wp-block-heading\"><strong>Protecci\u00f3n del cuero cabelludo<\/strong><\/h2>\n\n\n\n<p>En cuanto a si debes colocar algo en la cabeza para protegerla, generalmente no es necesario. La mayor\u00eda de los cirujanos de trasplante capilar proporcionar\u00e1n un ap\u00f3sito o una venda que debe mantenerse en su lugar durante los primeros d\u00edas para proteger la zona injertada. Pasados unos d\u00edas, podr\u00e1s retirarlo siguiendo las indicaciones de tu m\u00e9dico. Despu\u00e9s de esto, tu cuero cabelludo estar\u00e1 en condiciones \u00f3ptimas para dormir sin necesidad de protecciones adicionales.<\/p>\n\n\n\n<h2 class=\"wp-block-heading\"><strong>Almohadas especiales. \u00bfAlmohada cervical para injerto capilar?<\/strong><\/h2>\n\n\n\n<p>En cuanto a las almohadas, no es esencial utilizar almohadas especiales dise\u00f1adas para problemas cervicales. Puedes optar por la almohada que m\u00e1s te resulte c\u00f3moda, en principio la de siempre incluso. Eso s\u00ed. Es recomendable elegir una que no ejerza presi\u00f3n excesiva en la cabeza. Evita almohadas demasiado duras que puedan causar molestias.<\/p>\n\n\n\n<h2 class=\"wp-block-heading\"><strong>Cu\u00e1ndo puedo dormir normal tras un injerto capilar<\/strong><\/h2>\n\n\n\n<p>La pregunta sobre cu\u00e1ndo se puede dormir despu\u00e9s de un injerto capilar es muy frecuente, sobre todo porque las primeras horas y d\u00edas despu\u00e9s de la intervenci\u00f3n el paciente est\u00e1 m\u00e1s sensibilizado con el proceso llevado a cabo y teme hacer algo que perjudique al resultado.&nbsp;<\/p>\n\n\n\n<p>La buena noticia es que puedes ir a dormir tan pronto como lo desees despu\u00e9s de la cirug\u00eda, siempre y cuando sigas las indicaciones de tu cirujano. Algunos pacientes prefieren esperar unas horas para asegurarse de que se sienten lo suficientemente c\u00f3modos y despiertos para descansar de manera efectiva.<\/p>\n\n\n\n<h2 class=\"wp-block-heading\"><strong>Qu\u00e9 no se puede hacer despu\u00e9s de un injerto capilar<\/strong><\/h2>\n\n\n\n<p>Despu\u00e9s de un injerto capilar, es importante evitar actividades que puedan poner en riesgo los nuevos fol\u00edculos capilares. Esto incluye el ejercicio vigoroso, la exposici\u00f3n al sol, el consumo de alcohol y tabaco, y tocar o rascar la zona injertada. Siguiendo estas pautas, podr\u00e1s contribuir a una recuperaci\u00f3n exitosa y al buen resultado del proceso.<\/p>\n\n\n\n<h2 class=\"wp-block-heading\"><strong>Cu\u00e1ndo me puedo poner gorra o gorro<\/strong><\/h2>\n\n\n\n<p>En cuanto al uso de gorra o gorro, la mayor\u00eda de los cirujanos permiten su uso despu\u00e9s de aproximadamente diez d\u00edas desde el injerto. En ese momento, tu cuero cabelludo estar\u00e1 lo suficientemente recuperado para protegerlo con un gorro. Aseg\u00farate de que la gorra no sea ajustada ni cause fricci\u00f3n en la zona injertada.<\/p>\n\n\n\n<h2 class=\"wp-block-heading\"><strong>Duraci\u00f3n de un injerto capilar y resultados<\/strong><\/h2>\n\n\n\n<p>Un injerto capilar es un procedimiento a largo plazo que requiere paciencia. La duraci\u00f3n var\u00eda seg\u00fan el paciente y la t\u00e9cnica utilizada, pero los resultados suelen comenzar a ser visibles despu\u00e9s de bastantes meses, a medida que el pelo injertado comienza a crecer. Para ello, suele ser necesario que el pelo de los primeros injertos se caiga y nazca pelo nuevo, con el tiempo correspondiente que este proceso requiere.&nbsp;<\/p>\n\n\n\n<p>Es importante recordar que los efectos secundarios suelen ser m\u00ednimos y temporales, como enrojecimiento o inflamaci\u00f3n, y desaparecen con el tiempo.<\/p>\n\n\n\n<p style=\"font-size:10px\">AVISO: La finalidad de este blog es proporcionar informaci\u00f3n de salud que, en ning\u00fan caso sustituye la consulta con un m\u00e9dico. El grupo sanitario Ribera no se hace responsable de los contenidos, opiniones e im\u00e1genes que aparezcan relacionados con los blogs, pero si es informado de que existe cualquier contenido inapropiado o il\u00edcito, proceder\u00e1 a su eliminaci\u00f3n de forma inmediata.<\/p>\n\n\n\n<p style=\"font-size:10px\">Los textos, art\u00edculos y contenidos de este blog est\u00e1n sujetos y protegidos por derechos de propiedad intelectual e industrial, disponiendo el grupo sanitario Ribera de los permisos necesarios para la utilizaci\u00f3n de las im\u00e1genes, fotograf\u00edas, textos, dise\u00f1os, animaciones y dem\u00e1s contenido o elementos que en \u00e9l aparezcan. El acceso y utilizaci\u00f3n de este blog no confiere al visitante ning\u00fan tipo de licencia o derecho de uso o explotaci\u00f3n alguno, por lo que el uso, reproducci\u00f3n, distribuci\u00f3n, comunicaci\u00f3n p\u00fablica, transformaci\u00f3n o cualquier otra actividad similar o an\u00e1loga, queda totalmente prohibida, salvo que medie expresa autorizaci\u00f3n por escrito del grupo sanitario Ribera.<\/p>\n\n\n\n<p style=\"font-size:10px\">El grupo sanitario Ribera se reserva la facultad de retirar o suspender temporal o definitivamente, en cualquier momento y sin necesidad de aviso previo, el acceso al blog y\/o a los contenidos del mismo a aquellos visitantes, internautas o usuarios de internet que incumplan lo establecido en el presente Aviso, todo ello sin perjuicio del ejercicio de las acciones contra los mismos que procedan conforme a la Ley y al Derecho.<\/p>\n","protected":false},"excerpt":{"rendered":"<p>La preocupaci\u00f3n por la salud y el aspecto del cuero cabelludo ha aumentado considerablemente en los \u00faltimos a\u00f1os. En parte, posiblemente, por la garant\u00eda que hoy s\u00ed dan varias t\u00e9cnicas de implante capilar, entre quienes buscan recuperar el pelo perdido, debido a las diferentes causas que provocan alopecia. El diagn\u00f3stico, el tratamiento y la autoestima &#8230; <a title=\"C\u00f3mo dormir despu\u00e9s de un injerto capilar\" class=\"read-more\" href=\"https:\/\/riberasalud.com\/ribera-estetica\/blog\/como-dormir-despues-de-un-injerto-capilar\/\" aria-label=\"Leer m\u00e1s sobre C\u00f3mo dormir despu\u00e9s de un injerto capilar\">Leer m\u00e1s<\/a><\/p>\n","protected":false},"author":4,"featured_media":6972,"comment_status":"closed","ping_status":"open","sticky":false,"template":"","format":"standard","meta":{"_mi_skip_tracking":false,"_glsr_average":0,"_glsr_ranking":0,"_glsr_reviews":0,"footnotes":""},"categories":[72],"tags":[84,89,21,88],"class_list":["post-6971","post","type-post","status-publish","format-standard","has-post-thumbnail","hentry","category-medicina-capilar","tag-capilar","tag-dormir","tag-estetica","tag-injerto"],"yoast_head":"<!-- This site is optimized with the Yoast SEO plugin v27.4 - https:\/\/yoast.com\/product\/yoast-seo-wordpress\/ -->\n<title>C\u00f3mo dormir despu\u00e9s de un injerto capilar - Ribera Est\u00e9tica<\/title>\n<meta name=\"description\" content=\"Varias t\u00e9cnicas de implante capilar, entre quienes buscan recuperar el pelo perdido, debido a las diferentes causas que provocan alopecia.\" \/>\n<meta name=\"robots\" content=\"index, follow, max-snippet:-1, max-image-preview:large, max-video-preview:-1\" \/>\n<link rel=\"canonical\" href=\"https:\/\/riberasalud.com\/ribera-estetica\/blog\/como-dormir-despues-de-un-injerto-capilar\/\" \/>\n<meta property=\"og:locale\" content=\"es_ES\" \/>\n<meta property=\"og:type\" content=\"article\" \/>\n<meta property=\"og:title\" content=\"C\u00f3mo dormir despu\u00e9s de un injerto capilar - Ribera Est\u00e9tica\" \/>\n<meta property=\"og:description\" content=\"Varias t\u00e9cnicas de implante capilar, entre quienes buscan recuperar el pelo perdido, debido a las diferentes causas que provocan alopecia.\" \/>\n<meta property=\"og:url\" content=\"https:\/\/riberasalud.com\/ribera-estetica\/blog\/como-dormir-despues-de-un-injerto-capilar\/\" \/>\n<meta property=\"og:site_name\" content=\"Ribera Est\u00e9tica\" \/>\n<meta property=\"article:published_time\" content=\"2023-10-31T10:59:59+00:00\" \/>\n<meta property=\"article:modified_time\" content=\"2025-02-12T12:27:19+00:00\" \/>\n<meta property=\"og:image\" content=\"https:\/\/riberasalud.com\/ribera-estetica\/wp-content\/uploads\/2023\/10\/hombre-maduro-problemas-calvicie-2.jpg\" \/>\n\t<meta property=\"og:image:width\" content=\"800\" \/>\n\t<meta property=\"og:image:height\" content=\"533\" \/>\n\t<meta property=\"og:image:type\" content=\"image\/jpeg\" \/>\n<meta name=\"author\" content=\"marsanchez\" \/>\n<meta name=\"twitter:card\" content=\"summary_large_image\" \/>\n<meta name=\"twitter:label1\" content=\"Escrito por\" \/>\n\t<meta name=\"twitter:data1\" content=\"marsanchez\" \/>\n\t<meta name=\"twitter:label2\" content=\"Tiempo de lectura\" \/>\n\t<meta name=\"twitter:data2\" content=\"5 minutos\" \/>\n<script type=\"application\/ld+json\" class=\"yoast-schema-graph\">{\"@context\":\"https:\\\/\\\/schema.org\",\"@graph\":[{\"@type\":\"Article\",\"@id\":\"https:\\\/\\\/riberasalud.com\\\/ribera-estetica\\\/blog\\\/como-dormir-despues-de-un-injerto-capilar\\\/#article\",\"isPartOf\":{\"@id\":\"https:\\\/\\\/riberasalud.com\\\/ribera-estetica\\\/blog\\\/como-dormir-despues-de-un-injerto-capilar\\\/\"},\"author\":{\"name\":\"marsanchez\",\"@id\":\"https:\\\/\\\/riberasalud.com\\\/ribera-estetica\\\/#\\\/schema\\\/person\\\/6f88862aeb55ac877a0278343eb3b471\"},\"headline\":\"C\u00f3mo dormir despu\u00e9s de un injerto capilar\",\"datePublished\":\"2023-10-31T10:59:59+00:00\",\"dateModified\":\"2025-02-12T12:27:19+00:00\",\"mainEntityOfPage\":{\"@id\":\"https:\\\/\\\/riberasalud.com\\\/ribera-estetica\\\/blog\\\/como-dormir-despues-de-un-injerto-capilar\\\/\"},\"wordCount\":1006,\"publisher\":{\"@id\":\"https:\\\/\\\/riberasalud.com\\\/ribera-estetica\\\/#organization\"},\"image\":{\"@id\":\"https:\\\/\\\/riberasalud.com\\\/ribera-estetica\\\/blog\\\/como-dormir-despues-de-un-injerto-capilar\\\/#primaryimage\"},\"thumbnailUrl\":\"https:\\\/\\\/riberasalud.com\\\/ribera-estetica\\\/wp-content\\\/uploads\\\/2023\\\/10\\\/hombre-maduro-problemas-calvicie-2.jpg\",\"keywords\":[\"capilar\",\"dormir\",\"est\u00e9tica\",\"injerto\"],\"articleSection\":[\"Medicina Capilar\"],\"inLanguage\":\"es\"},{\"@type\":\"WebPage\",\"@id\":\"https:\\\/\\\/riberasalud.com\\\/ribera-estetica\\\/blog\\\/como-dormir-despues-de-un-injerto-capilar\\\/\",\"url\":\"https:\\\/\\\/riberasalud.com\\\/ribera-estetica\\\/blog\\\/como-dormir-despues-de-un-injerto-capilar\\\/\",\"name\":\"C\u00f3mo dormir despu\u00e9s de un injerto capilar - Ribera Est\u00e9tica\",\"isPartOf\":{\"@id\":\"https:\\\/\\\/riberasalud.com\\\/ribera-estetica\\\/#website\"},\"primaryImageOfPage\":{\"@id\":\"https:\\\/\\\/riberasalud.com\\\/ribera-estetica\\\/blog\\\/como-dormir-despues-de-un-injerto-capilar\\\/#primaryimage\"},\"image\":{\"@id\":\"https:\\\/\\\/riberasalud.com\\\/ribera-estetica\\\/blog\\\/como-dormir-despues-de-un-injerto-capilar\\\/#primaryimage\"},\"thumbnailUrl\":\"https:\\\/\\\/riberasalud.com\\\/ribera-estetica\\\/wp-content\\\/uploads\\\/2023\\\/10\\\/hombre-maduro-problemas-calvicie-2.jpg\",\"datePublished\":\"2023-10-31T10:59:59+00:00\",\"dateModified\":\"2025-02-12T12:27:19+00:00\",\"description\":\"Varias t\u00e9cnicas de implante capilar, entre quienes buscan recuperar el pelo perdido, debido a las diferentes causas que provocan alopecia.\",\"breadcrumb\":{\"@id\":\"https:\\\/\\\/riberasalud.com\\\/ribera-estetica\\\/blog\\\/como-dormir-despues-de-un-injerto-capilar\\\/#breadcrumb\"},\"inLanguage\":\"es\",\"potentialAction\":[{\"@type\":\"ReadAction\",\"target\":[\"https:\\\/\\\/riberasalud.com\\\/ribera-estetica\\\/blog\\\/como-dormir-despues-de-un-injerto-capilar\\\/\"]}]},{\"@type\":\"ImageObject\",\"inLanguage\":\"es\",\"@id\":\"https:\\\/\\\/riberasalud.com\\\/ribera-estetica\\\/blog\\\/como-dormir-despues-de-un-injerto-capilar\\\/#primaryimage\",\"url\":\"https:\\\/\\\/riberasalud.com\\\/ribera-estetica\\\/wp-content\\\/uploads\\\/2023\\\/10\\\/hombre-maduro-problemas-calvicie-2.jpg\",\"contentUrl\":\"https:\\\/\\\/riberasalud.com\\\/ribera-estetica\\\/wp-content\\\/uploads\\\/2023\\\/10\\\/hombre-maduro-problemas-calvicie-2.jpg\",\"width\":800,\"height\":533,\"caption\":\"hombre maduro problemas calvicie (2)\"},{\"@type\":\"BreadcrumbList\",\"@id\":\"https:\\\/\\\/riberasalud.com\\\/ribera-estetica\\\/blog\\\/como-dormir-despues-de-un-injerto-capilar\\\/#breadcrumb\",\"itemListElement\":[{\"@type\":\"ListItem\",\"position\":1,\"name\":\"Inicio\",\"item\":\"https:\\\/\\\/riberasalud.com\\\/ribera-estetica\\\/\"},{\"@type\":\"ListItem\",\"position\":2,\"name\":\"C\u00f3mo dormir despu\u00e9s de un injerto capilar\"}]},{\"@type\":\"WebSite\",\"@id\":\"https:\\\/\\\/riberasalud.com\\\/ribera-estetica\\\/#website\",\"url\":\"https:\\\/\\\/riberasalud.com\\\/ribera-estetica\\\/\",\"name\":\"Ribera Est\u00e9tica\",\"description\":\"\",\"publisher\":{\"@id\":\"https:\\\/\\\/riberasalud.com\\\/ribera-estetica\\\/#organization\"},\"potentialAction\":[{\"@type\":\"SearchAction\",\"target\":{\"@type\":\"EntryPoint\",\"urlTemplate\":\"https:\\\/\\\/riberasalud.com\\\/ribera-estetica\\\/?s={search_term_string}\"},\"query-input\":{\"@type\":\"PropertyValueSpecification\",\"valueRequired\":true,\"valueName\":\"search_term_string\"}}],\"inLanguage\":\"es\"},{\"@type\":\"Organization\",\"@id\":\"https:\\\/\\\/riberasalud.com\\\/ribera-estetica\\\/#organization\",\"name\":\"Ribera Est\u00e9tica\",\"url\":\"https:\\\/\\\/riberasalud.com\\\/ribera-estetica\\\/\",\"logo\":{\"@type\":\"ImageObject\",\"inLanguage\":\"es\",\"@id\":\"https:\\\/\\\/riberasalud.com\\\/ribera-estetica\\\/#\\\/schema\\\/logo\\\/image\\\/\",\"url\":\"https:\\\/\\\/riberasalud.com\\\/ribera-estetica\\\/wp-content\\\/uploads\\\/2022\\\/07\\\/cropped-cropped-cropped-Logo-Red-Estetica.png\",\"contentUrl\":\"https:\\\/\\\/riberasalud.com\\\/ribera-estetica\\\/wp-content\\\/uploads\\\/2022\\\/07\\\/cropped-cropped-cropped-Logo-Red-Estetica.png\",\"width\":8872,\"height\":1976,\"caption\":\"Ribera Est\u00e9tica\"},\"image\":{\"@id\":\"https:\\\/\\\/riberasalud.com\\\/ribera-estetica\\\/#\\\/schema\\\/logo\\\/image\\\/\"}},{\"@type\":\"Person\",\"@id\":\"https:\\\/\\\/riberasalud.com\\\/ribera-estetica\\\/#\\\/schema\\\/person\\\/6f88862aeb55ac877a0278343eb3b471\",\"name\":\"marsanchez\",\"image\":{\"@type\":\"ImageObject\",\"inLanguage\":\"es\",\"@id\":\"https:\\\/\\\/secure.gravatar.com\\\/avatar\\\/0e2ddfa6ca50f038a905865f19439697542e5743a0628f67c9fac9c893b311be?s=96&d=mm&r=g\",\"url\":\"https:\\\/\\\/secure.gravatar.com\\\/avatar\\\/0e2ddfa6ca50f038a905865f19439697542e5743a0628f67c9fac9c893b311be?s=96&d=mm&r=g\",\"contentUrl\":\"https:\\\/\\\/secure.gravatar.com\\\/avatar\\\/0e2ddfa6ca50f038a905865f19439697542e5743a0628f67c9fac9c893b311be?s=96&d=mm&r=g\",\"caption\":\"marsanchez\"},\"url\":\"https:\\\/\\\/riberasalud.com\\\/ribera-estetica\\\/blog\\\/author\\\/marsanchez\\\/\"}]}<\/script>\n<!-- \/ Yoast SEO plugin. -->","yoast_head_json":{"title":"C\u00f3mo dormir despu\u00e9s de un injerto capilar - Ribera Est\u00e9tica","description":"Varias t\u00e9cnicas de implante capilar, entre quienes buscan recuperar el pelo perdido, debido a las diferentes causas que provocan alopecia.","robots":{"index":"index","follow":"follow","max-snippet":"max-snippet:-1","max-image-preview":"max-image-preview:large","max-video-preview":"max-video-preview:-1"},"canonical":"https:\/\/riberasalud.com\/ribera-estetica\/blog\/como-dormir-despues-de-un-injerto-capilar\/","og_locale":"es_ES","og_type":"article","og_title":"C\u00f3mo dormir despu\u00e9s de un injerto capilar - Ribera Est\u00e9tica","og_description":"Varias t\u00e9cnicas de implante capilar, entre quienes buscan recuperar el pelo perdido, debido a las diferentes causas que provocan alopecia.","og_url":"https:\/\/riberasalud.com\/ribera-estetica\/blog\/como-dormir-despues-de-un-injerto-capilar\/","og_site_name":"Ribera Est\u00e9tica","article_published_time":"2023-10-31T10:59:59+00:00","article_modified_time":"2025-02-12T12:27:19+00:00","og_image":[{"width":800,"height":533,"url":"https:\/\/riberasalud.com\/ribera-estetica\/wp-content\/uploads\/2023\/10\/hombre-maduro-problemas-calvicie-2.jpg","type":"image\/jpeg"}],"author":"marsanchez","twitter_card":"summary_large_image","twitter_misc":{"Escrito por":"marsanchez","Tiempo de lectura":"5 minutos"},"schema":{"@context":"https:\/\/schema.org","@graph":[{"@type":"Article","@id":"https:\/\/riberasalud.com\/ribera-estetica\/blog\/como-dormir-despues-de-un-injerto-capilar\/#article","isPartOf":{"@id":"https:\/\/riberasalud.com\/ribera-estetica\/blog\/como-dormir-despues-de-un-injerto-capilar\/"},"author":{"name":"marsanchez","@id":"https:\/\/riberasalud.com\/ribera-estetica\/#\/schema\/person\/6f88862aeb55ac877a0278343eb3b471"},"headline":"C\u00f3mo dormir despu\u00e9s de un injerto capilar","datePublished":"2023-10-31T10:59:59+00:00","dateModified":"2025-02-12T12:27:19+00:00","mainEntityOfPage":{"@id":"https:\/\/riberasalud.com\/ribera-estetica\/blog\/como-dormir-despues-de-un-injerto-capilar\/"},"wordCount":1006,"publisher":{"@id":"https:\/\/riberasalud.com\/ribera-estetica\/#organization"},"image":{"@id":"https:\/\/riberasalud.com\/ribera-estetica\/blog\/como-dormir-despues-de-un-injerto-capilar\/#primaryimage"},"thumbnailUrl":"https:\/\/riberasalud.com\/ribera-estetica\/wp-content\/uploads\/2023\/10\/hombre-maduro-problemas-calvicie-2.jpg","keywords":["capilar","dormir","est\u00e9tica","injerto"],"articleSection":["Medicina Capilar"],"inLanguage":"es"},{"@type":"WebPage","@id":"https:\/\/riberasalud.com\/ribera-estetica\/blog\/como-dormir-despues-de-un-injerto-capilar\/","url":"https:\/\/riberasalud.com\/ribera-estetica\/blog\/como-dormir-despues-de-un-injerto-capilar\/","name":"C\u00f3mo dormir despu\u00e9s de un injerto capilar - Ribera Est\u00e9tica","isPartOf":{"@id":"https:\/\/riberasalud.com\/ribera-estetica\/#website"},"primaryImageOfPage":{"@id":"https:\/\/riberasalud.com\/ribera-estetica\/blog\/como-dormir-despues-de-un-injerto-capilar\/#primaryimage"},"image":{"@id":"https:\/\/riberasalud.com\/ribera-estetica\/blog\/como-dormir-despues-de-un-injerto-capilar\/#primaryimage"},"thumbnailUrl":"https:\/\/riberasalud.com\/ribera-estetica\/wp-content\/uploads\/2023\/10\/hombre-maduro-problemas-calvicie-2.jpg","datePublished":"2023-10-31T10:59:59+00:00","dateModified":"2025-02-12T12:27:19+00:00","description":"Varias t\u00e9cnicas de implante capilar, entre quienes buscan recuperar el pelo perdido, debido a las diferentes causas que provocan alopecia.","breadcrumb":{"@id":"https:\/\/riberasalud.com\/ribera-estetica\/blog\/como-dormir-despues-de-un-injerto-capilar\/#breadcrumb"},"inLanguage":"es","potentialAction":[{"@type":"ReadAction","target":["https:\/\/riberasalud.com\/ribera-estetica\/blog\/como-dormir-despues-de-un-injerto-capilar\/"]}]},{"@type":"ImageObject","inLanguage":"es","@id":"https:\/\/riberasalud.com\/ribera-estetica\/blog\/como-dormir-despues-de-un-injerto-capilar\/#primaryimage","url":"https:\/\/riberasalud.com\/ribera-estetica\/wp-content\/uploads\/2023\/10\/hombre-maduro-problemas-calvicie-2.jpg","contentUrl":"https:\/\/riberasalud.com\/ribera-estetica\/wp-content\/uploads\/2023\/10\/hombre-maduro-problemas-calvicie-2.jpg","width":800,"height":533,"caption":"hombre maduro problemas calvicie (2)"},{"@type":"BreadcrumbList","@id":"https:\/\/riberasalud.com\/ribera-estetica\/blog\/como-dormir-despues-de-un-injerto-capilar\/#breadcrumb","itemListElement":[{"@type":"ListItem","position":1,"name":"Inicio","item":"https:\/\/riberasalud.com\/ribera-estetica\/"},{"@type":"ListItem","position":2,"name":"C\u00f3mo dormir despu\u00e9s de un injerto capilar"}]},{"@type":"WebSite","@id":"https:\/\/riberasalud.com\/ribera-estetica\/#website","url":"https:\/\/riberasalud.com\/ribera-estetica\/","name":"Ribera Est\u00e9tica","description":"","publisher":{"@id":"https:\/\/riberasalud.com\/ribera-estetica\/#organization"},"potentialAction":[{"@type":"SearchAction","target":{"@type":"EntryPoint","urlTemplate":"https:\/\/riberasalud.com\/ribera-estetica\/?s={search_term_string}"},"query-input":{"@type":"PropertyValueSpecification","valueRequired":true,"valueName":"search_term_string"}}],"inLanguage":"es"},{"@type":"Organization","@id":"https:\/\/riberasalud.com\/ribera-estetica\/#organization","name":"Ribera Est\u00e9tica","url":"https:\/\/riberasalud.com\/ribera-estetica\/","logo":{"@type":"ImageObject","inLanguage":"es","@id":"https:\/\/riberasalud.com\/ribera-estetica\/#\/schema\/logo\/image\/","url":"https:\/\/riberasalud.com\/ribera-estetica\/wp-content\/uploads\/2022\/07\/cropped-cropped-cropped-Logo-Red-Estetica.png","contentUrl":"https:\/\/riberasalud.com\/ribera-estetica\/wp-content\/uploads\/2022\/07\/cropped-cropped-cropped-Logo-Red-Estetica.png","width":8872,"height":1976,"caption":"Ribera Est\u00e9tica"},"image":{"@id":"https:\/\/riberasalud.com\/ribera-estetica\/#\/schema\/logo\/image\/"}},{"@type":"Person","@id":"https:\/\/riberasalud.com\/ribera-estetica\/#\/schema\/person\/6f88862aeb55ac877a0278343eb3b471","name":"marsanchez","image":{"@type":"ImageObject","inLanguage":"es","@id":"https:\/\/secure.gravatar.com\/avatar\/0e2ddfa6ca50f038a905865f19439697542e5743a0628f67c9fac9c893b311be?s=96&d=mm&r=g","url":"https:\/\/secure.gravatar.com\/avatar\/0e2ddfa6ca50f038a905865f19439697542e5743a0628f67c9fac9c893b311be?s=96&d=mm&r=g","contentUrl":"https:\/\/secure.gravatar.com\/avatar\/0e2ddfa6ca50f038a905865f19439697542e5743a0628f67c9fac9c893b311be?s=96&d=mm&r=g","caption":"marsanchez"},"url":"https:\/\/riberasalud.com\/ribera-estetica\/blog\/author\/marsanchez\/"}]}},"_links":{"self":[{"href":"https:\/\/riberasalud.com\/ribera-estetica\/wp-json\/wp\/v2\/posts\/6971","targetHints":{"allow":["GET"]}}],"collection":[{"href":"https:\/\/riberasalud.com\/ribera-estetica\/wp-json\/wp\/v2\/posts"}],"about":[{"href":"https:\/\/riberasalud.com\/ribera-estetica\/wp-json\/wp\/v2\/types\/post"}],"author":[{"embeddable":true,"href":"https:\/\/riberasalud.com\/ribera-estetica\/wp-json\/wp\/v2\/users\/4"}],"replies":[{"embeddable":true,"href":"https:\/\/riberasalud.com\/ribera-estetica\/wp-json\/wp\/v2\/comments?post=6971"}],"version-history":[{"count":1,"href":"https:\/\/riberasalud.com\/ribera-estetica\/wp-json\/wp\/v2\/posts\/6971\/revisions"}],"predecessor-version":[{"id":6973,"href":"https:\/\/riberasalud.com\/ribera-estetica\/wp-json\/wp\/v2\/posts\/6971\/revisions\/6973"}],"wp:featuredmedia":[{"embeddable":true,"href":"https:\/\/riberasalud.com\/ribera-estetica\/wp-json\/wp\/v2\/media\/6972"}],"wp:attachment":[{"href":"https:\/\/riberasalud.com\/ribera-estetica\/wp-json\/wp\/v2\/media?parent=6971"}],"wp:term":[{"taxonomy":"category","embeddable":true,"href":"https:\/\/riberasalud.com\/ribera-estetica\/wp-json\/wp\/v2\/categories?post=6971"},{"taxonomy":"post_tag","embeddable":true,"href":"https:\/\/riberasalud.com\/ribera-estetica\/wp-json\/wp\/v2\/tags?post=6971"}],"curies":[{"name":"wp","href":"https:\/\/api.w.org\/{rel}","templated":true}]}}