{"id":5369,"date":"2023-03-07T14:46:23","date_gmt":"2023-03-07T14:46:23","guid":{"rendered":"https:\/\/riberasalud.com\/ribera-estetica\/?p=5369"},"modified":"2025-10-29T13:22:33","modified_gmt":"2025-10-29T13:22:33","slug":"me-puedo-poner-crema-despues-de-los-neuromoduladores-o-eliminador-de-arrugas","status":"publish","type":"post","link":"https:\/\/riberasalud.com\/ribera-estetica\/blog\/me-puedo-poner-crema-despues-de-los-neuromoduladores-o-eliminador-de-arrugas\/","title":{"rendered":"\u00bfMe puedo poner crema despu\u00e9s de los neuromoduladores o eliminador de arrugas?"},"content":{"rendered":"\n<p>En la entrada a nuestro blog vamos a hablar hoy de los cuidados que necesita la piel despu\u00e9s de un tratamiento para eliminar las arrugas de expresi\u00f3n, las din\u00e1micas o las del tercio superior del rostro con <a href=\"https:\/\/riberasalud.com\/ribera-estetica\/btx-eliminador-arrugas\/\">neuromoduladores<\/a>.<\/p>\n\n\n\n<p>La <a href=\"https:\/\/www.seme.org\/\">Sociedad Espa\u00f1ola de Medicina Est\u00e9tica<\/a> asegura que un 42% de las personas que se hacen un tratamiento para eliminar arrugas elige el BTX, denominado actualmente como neuromoduladores en medicina est\u00e9tica. Este tratamiento permite suavizar las arrugas de expresi\u00f3n del tercio superior del rostro (frente, entrecejo y patas de gallo) y relaja los m\u00fasculos de la cara. La doctora Marga Arnaiz, profesional del grupo sanitario Ribera y especialista en Medicina Est\u00e9tica, explica que, \u201ccon la dosis adecuada, el retoque es sutil y el resultado es un rostro m\u00e1s relajado, de forma que nadie nota el retoque, pero s\u00ed reparan en ese efecto buena cara\u201d.<\/p>\n\n\n\n<h2 class=\"wp-block-heading\"><strong>Cuidados despu\u00e9s de los neuromoduladores<\/strong><\/h2>\n\n\n\n<p>Los profesionales en Medicina Est\u00e9tica recomiendan no tocar ni masajear la zona donde se ha aplicado el tratamiento en las 24 horas siguientes a la aplicaci\u00f3n del inyectable. Sin embargo, s\u00ed que se puede mantener la rutina diaria facial a partir de ese momento, con crema hidratante, s\u00e9rum y contorno de ojos.&nbsp;<\/p>\n\n\n\n<p>Otro de los consejos m\u00e1s habituales para lograr un buen resultado de este tratamiento es gesticular de manera exagerada en las horas siguientes, para lograr una buena distribuci\u00f3n del producto.<\/p>\n\n\n\n<figure class=\"wp-block-embed is-type-video is-provider-youtube wp-block-embed-youtube wp-embed-aspect-16-9 wp-has-aspect-ratio\"><div class=\"wp-block-embed__wrapper\">\n<iframe title=\"CU\u00c1NDO Y QU\u00c9 ARRUGAS SE TRATAN CON BTX | Lo que tienes que saber de la toxina butol\u00ednica\" width=\"1200\" height=\"675\" src=\"https:\/\/www.youtube.com\/embed\/yIslWkSausc?feature=oembed\" frameborder=\"0\" allow=\"accelerometer; autoplay; clipboard-write; encrypted-media; gyroscope; picture-in-picture; web-share\" referrerpolicy=\"strict-origin-when-cross-origin\" allowfullscreen><\/iframe>\n<\/div><\/figure>\n\n\n\n<h2 class=\"wp-block-heading\"><strong>La protecci\u00f3n solar es obligatoria despu\u00e9s de cualquier tratamiento est\u00e9tico<\/strong><\/h2>\n\n\n\n<p>Tambi\u00e9n se recomienda evitar la exposici\u00f3n al sol y utilizar un protector solar potente o, en su defecto, el cosm\u00e9tico al que estamos habituados, pero con protecci\u00f3n, como es habitual cuando hablamos del cuidado de la piel. Y en el caso de un tratamiento antiarrugas, evitar el ejercicio f\u00edsico hasta pasadas 24 horas.<\/p>\n\n\n\n<p>Los profesionales aseguran que es un \u201ctratamiento seguro, con un riesgo m\u00ednimo\u201d, ya solo en algunos casos aislados, con pieles muy sensibles, puede aparecer un peque\u00f1o hematoma en la zona sobre la que se act\u00faa que desaparece a los pocos d\u00edas.&nbsp;<\/p>\n\n\n\n<h2 class=\"wp-block-heading\"><strong>Resultado y duraci\u00f3n de los neuromoduladores faciales<\/strong><\/h2>\n\n\n\n<p>El efecto del eliminador de arrugas no es inmediato, pero comienza a notarse al cabo de tres o cuatro d\u00edas, consiguiendo el efecto m\u00e1ximo al cabo de diez o quince d\u00edas desde su aplicaci\u00f3n y con resultados que se prolongan durante una media de cuatro o cinco meses, en funci\u00f3n del paciente.<\/p>\n\n\n\n<p style=\"font-size:10px\"><em>AVISO: La finalidad de este blog es proporcionar informaci\u00f3n de salud que, en ning\u00fan caso sustituye la consulta con un m\u00e9dico. El grupo sanitario Ribera no se hace responsable de los contenidos, opiniones e im\u00e1genes que aparezcan relacionados con los blogs, pero si es informado de que existe cualquier contenido inapropiado o il\u00edcito, proceder\u00e1 a su eliminaci\u00f3n de forma inmediata.<\/em><\/p>\n\n\n\n<p style=\"font-size:10px\">Los textos, art\u00edculos y contenidos de este blog est\u00e1n sujetos y protegidos por derechos de propiedad intelectual e industrial, disponiendo el grupo sanitario Ribera de los permisos necesarios para la utilizaci\u00f3n de las im\u00e1genes, fotograf\u00edas, textos, dise\u00f1os, animaciones y dem\u00e1s contenido o elementos que en \u00e9l aparezcan. El acceso y utilizaci\u00f3n de este blog no confiere al visitante ning\u00fan tipo de licencia o derecho de uso o explotaci\u00f3n alguno, por lo que el uso, reproducci\u00f3n, distribuci\u00f3n, comunicaci\u00f3n p\u00fablica, transformaci\u00f3n o cualquier otra actividad similar o an\u00e1loga, queda totalmente prohibida, salvo que medie expresa autorizaci\u00f3n por escrito del grupo sanitario Ribera.<\/p>\n\n\n\n<p style=\"font-size:10px\">El grupo sanitario Ribera se reserva la facultad de retirar o suspender temporal o definitivamente, en cualquier momento y sin necesidad de aviso previo, el acceso al blog y\/o a los contenidos del mismo a aquellos visitantes, internautas o usuarios de internet que incumplan lo establecido en el presente Aviso, todo ello sin perjuicio del ejercicio de las acciones contra los mismos que procedan conforme a la Ley y al Derecho.<\/p>\n","protected":false},"excerpt":{"rendered":"<p>En la entrada a nuestro blog vamos a hablar hoy de los cuidados que necesita la piel despu\u00e9s de un tratamiento para eliminar las arrugas de expresi\u00f3n, las din\u00e1micas o las del tercio superior del rostro con neuromoduladores. La Sociedad Espa\u00f1ola de Medicina Est\u00e9tica asegura que un 42% de las personas que se hacen un &#8230; <a title=\"\u00bfMe puedo poner crema despu\u00e9s de los neuromoduladores o eliminador de arrugas?\" class=\"read-more\" href=\"https:\/\/riberasalud.com\/ribera-estetica\/blog\/me-puedo-poner-crema-despues-de-los-neuromoduladores-o-eliminador-de-arrugas\/\" aria-label=\"Leer m\u00e1s sobre \u00bfMe puedo poner crema despu\u00e9s de los neuromoduladores o eliminador de arrugas?\">Leer m\u00e1s<\/a><\/p>\n","protected":false},"author":4,"featured_media":5370,"comment_status":"closed","ping_status":"open","sticky":false,"template":"","format":"standard","meta":{"_mi_skip_tracking":false,"_glsr_average":0,"_glsr_ranking":0,"_glsr_reviews":0,"footnotes":""},"categories":[1],"tags":[5,67,21,62],"class_list":["post-5369","post","type-post","status-publish","format-standard","has-post-thumbnail","hentry","category-sin-categoria","tag-arrugas","tag-btx","tag-estetica","tag-facial"],"yoast_head":"<!-- This site is optimized with the Yoast SEO plugin v27.4 - https:\/\/yoast.com\/product\/yoast-seo-wordpress\/ -->\n<title>\u00bfMe puedo poner crema despu\u00e9s de los neuromoduladores o eliminador de arrugas? - Ribera Est\u00e9tica<\/title>\n<meta name=\"description\" content=\"En la entrada a nuestro blog vamos a hablar hoy de los cuidados que necesita la piel despu\u00e9s de un tratamiento para eliminar las arrugas de expresi\u00f3n.\" \/>\n<meta name=\"robots\" content=\"index, follow, max-snippet:-1, max-image-preview:large, max-video-preview:-1\" \/>\n<link rel=\"canonical\" href=\"https:\/\/riberasalud.com\/ribera-estetica\/blog\/me-puedo-poner-crema-despues-de-los-neuromoduladores-o-eliminador-de-arrugas\/\" \/>\n<meta property=\"og:locale\" content=\"es_ES\" \/>\n<meta property=\"og:type\" content=\"article\" \/>\n<meta property=\"og:title\" content=\"\u00bfMe puedo poner crema despu\u00e9s de los neuromoduladores o eliminador de arrugas? - Ribera Est\u00e9tica\" \/>\n<meta property=\"og:description\" content=\"En la entrada a nuestro blog vamos a hablar hoy de los cuidados que necesita la piel despu\u00e9s de un tratamiento para eliminar las arrugas de expresi\u00f3n.\" \/>\n<meta property=\"og:url\" content=\"https:\/\/riberasalud.com\/ribera-estetica\/blog\/me-puedo-poner-crema-despues-de-los-neuromoduladores-o-eliminador-de-arrugas\/\" \/>\n<meta property=\"og:site_name\" content=\"Ribera Est\u00e9tica\" \/>\n<meta property=\"article:published_time\" content=\"2023-03-07T14:46:23+00:00\" \/>\n<meta property=\"article:modified_time\" content=\"2025-10-29T13:22:33+00:00\" \/>\n<meta property=\"og:image\" content=\"https:\/\/riberasalud.com\/ribera-estetica\/wp-content\/uploads\/2023\/03\/esteticista-o-medico-que-prepara-paciente-inyeccion-botox.jpg\" \/>\n\t<meta property=\"og:image:width\" content=\"800\" \/>\n\t<meta property=\"og:image:height\" content=\"533\" \/>\n\t<meta property=\"og:image:type\" content=\"image\/jpeg\" \/>\n<meta name=\"author\" content=\"marsanchez\" \/>\n<meta name=\"twitter:card\" content=\"summary_large_image\" \/>\n<meta name=\"twitter:label1\" content=\"Escrito por\" \/>\n\t<meta name=\"twitter:data1\" content=\"marsanchez\" \/>\n\t<meta name=\"twitter:label2\" content=\"Tiempo de lectura\" \/>\n\t<meta name=\"twitter:data2\" content=\"4 minutos\" \/>\n<script type=\"application\/ld+json\" class=\"yoast-schema-graph\">{\"@context\":\"https:\\\/\\\/schema.org\",\"@graph\":[{\"@type\":\"Article\",\"@id\":\"https:\\\/\\\/riberasalud.com\\\/ribera-estetica\\\/blog\\\/me-puedo-poner-crema-despues-de-los-neuromoduladores-o-eliminador-de-arrugas\\\/#article\",\"isPartOf\":{\"@id\":\"https:\\\/\\\/riberasalud.com\\\/ribera-estetica\\\/blog\\\/me-puedo-poner-crema-despues-de-los-neuromoduladores-o-eliminador-de-arrugas\\\/\"},\"author\":{\"name\":\"marsanchez\",\"@id\":\"https:\\\/\\\/riberasalud.com\\\/ribera-estetica\\\/#\\\/schema\\\/person\\\/6f88862aeb55ac877a0278343eb3b471\"},\"headline\":\"\u00bfMe puedo poner crema despu\u00e9s de los neuromoduladores o eliminador de arrugas?\",\"datePublished\":\"2023-03-07T14:46:23+00:00\",\"dateModified\":\"2025-10-29T13:22:33+00:00\",\"mainEntityOfPage\":{\"@id\":\"https:\\\/\\\/riberasalud.com\\\/ribera-estetica\\\/blog\\\/me-puedo-poner-crema-despues-de-los-neuromoduladores-o-eliminador-de-arrugas\\\/\"},\"wordCount\":697,\"publisher\":{\"@id\":\"https:\\\/\\\/riberasalud.com\\\/ribera-estetica\\\/#organization\"},\"image\":{\"@id\":\"https:\\\/\\\/riberasalud.com\\\/ribera-estetica\\\/blog\\\/me-puedo-poner-crema-despues-de-los-neuromoduladores-o-eliminador-de-arrugas\\\/#primaryimage\"},\"thumbnailUrl\":\"https:\\\/\\\/riberasalud.com\\\/ribera-estetica\\\/wp-content\\\/uploads\\\/2023\\\/03\\\/esteticista-o-medico-que-prepara-paciente-inyeccion-botox.jpg\",\"keywords\":[\"arrugas\",\"btx\",\"est\u00e9tica\",\"facial\"],\"inLanguage\":\"es\"},{\"@type\":\"WebPage\",\"@id\":\"https:\\\/\\\/riberasalud.com\\\/ribera-estetica\\\/blog\\\/me-puedo-poner-crema-despues-de-los-neuromoduladores-o-eliminador-de-arrugas\\\/\",\"url\":\"https:\\\/\\\/riberasalud.com\\\/ribera-estetica\\\/blog\\\/me-puedo-poner-crema-despues-de-los-neuromoduladores-o-eliminador-de-arrugas\\\/\",\"name\":\"\u00bfMe puedo poner crema despu\u00e9s de los neuromoduladores o eliminador de arrugas? - Ribera Est\u00e9tica\",\"isPartOf\":{\"@id\":\"https:\\\/\\\/riberasalud.com\\\/ribera-estetica\\\/#website\"},\"primaryImageOfPage\":{\"@id\":\"https:\\\/\\\/riberasalud.com\\\/ribera-estetica\\\/blog\\\/me-puedo-poner-crema-despues-de-los-neuromoduladores-o-eliminador-de-arrugas\\\/#primaryimage\"},\"image\":{\"@id\":\"https:\\\/\\\/riberasalud.com\\\/ribera-estetica\\\/blog\\\/me-puedo-poner-crema-despues-de-los-neuromoduladores-o-eliminador-de-arrugas\\\/#primaryimage\"},\"thumbnailUrl\":\"https:\\\/\\\/riberasalud.com\\\/ribera-estetica\\\/wp-content\\\/uploads\\\/2023\\\/03\\\/esteticista-o-medico-que-prepara-paciente-inyeccion-botox.jpg\",\"datePublished\":\"2023-03-07T14:46:23+00:00\",\"dateModified\":\"2025-10-29T13:22:33+00:00\",\"description\":\"En la entrada a nuestro blog vamos a hablar hoy de los cuidados que necesita la piel despu\u00e9s de un tratamiento para eliminar las arrugas de expresi\u00f3n.\",\"breadcrumb\":{\"@id\":\"https:\\\/\\\/riberasalud.com\\\/ribera-estetica\\\/blog\\\/me-puedo-poner-crema-despues-de-los-neuromoduladores-o-eliminador-de-arrugas\\\/#breadcrumb\"},\"inLanguage\":\"es\",\"potentialAction\":[{\"@type\":\"ReadAction\",\"target\":[\"https:\\\/\\\/riberasalud.com\\\/ribera-estetica\\\/blog\\\/me-puedo-poner-crema-despues-de-los-neuromoduladores-o-eliminador-de-arrugas\\\/\"]}]},{\"@type\":\"ImageObject\",\"inLanguage\":\"es\",\"@id\":\"https:\\\/\\\/riberasalud.com\\\/ribera-estetica\\\/blog\\\/me-puedo-poner-crema-despues-de-los-neuromoduladores-o-eliminador-de-arrugas\\\/#primaryimage\",\"url\":\"https:\\\/\\\/riberasalud.com\\\/ribera-estetica\\\/wp-content\\\/uploads\\\/2023\\\/03\\\/esteticista-o-medico-que-prepara-paciente-inyeccion-botox.jpg\",\"contentUrl\":\"https:\\\/\\\/riberasalud.com\\\/ribera-estetica\\\/wp-content\\\/uploads\\\/2023\\\/03\\\/esteticista-o-medico-que-prepara-paciente-inyeccion-botox.jpg\",\"width\":800,\"height\":533,\"caption\":\"M\u00e9dico que prepara al paciente para la inyecci\u00f3n de neuromoduladores\"},{\"@type\":\"BreadcrumbList\",\"@id\":\"https:\\\/\\\/riberasalud.com\\\/ribera-estetica\\\/blog\\\/me-puedo-poner-crema-despues-de-los-neuromoduladores-o-eliminador-de-arrugas\\\/#breadcrumb\",\"itemListElement\":[{\"@type\":\"ListItem\",\"position\":1,\"name\":\"Inicio\",\"item\":\"https:\\\/\\\/riberasalud.com\\\/ribera-estetica\\\/\"},{\"@type\":\"ListItem\",\"position\":2,\"name\":\"\u00bfMe puedo poner crema despu\u00e9s de los neuromoduladores o eliminador de arrugas?\"}]},{\"@type\":\"WebSite\",\"@id\":\"https:\\\/\\\/riberasalud.com\\\/ribera-estetica\\\/#website\",\"url\":\"https:\\\/\\\/riberasalud.com\\\/ribera-estetica\\\/\",\"name\":\"Ribera Est\u00e9tica\",\"description\":\"\",\"publisher\":{\"@id\":\"https:\\\/\\\/riberasalud.com\\\/ribera-estetica\\\/#organization\"},\"potentialAction\":[{\"@type\":\"SearchAction\",\"target\":{\"@type\":\"EntryPoint\",\"urlTemplate\":\"https:\\\/\\\/riberasalud.com\\\/ribera-estetica\\\/?s={search_term_string}\"},\"query-input\":{\"@type\":\"PropertyValueSpecification\",\"valueRequired\":true,\"valueName\":\"search_term_string\"}}],\"inLanguage\":\"es\"},{\"@type\":\"Organization\",\"@id\":\"https:\\\/\\\/riberasalud.com\\\/ribera-estetica\\\/#organization\",\"name\":\"Ribera Est\u00e9tica\",\"url\":\"https:\\\/\\\/riberasalud.com\\\/ribera-estetica\\\/\",\"logo\":{\"@type\":\"ImageObject\",\"inLanguage\":\"es\",\"@id\":\"https:\\\/\\\/riberasalud.com\\\/ribera-estetica\\\/#\\\/schema\\\/logo\\\/image\\\/\",\"url\":\"https:\\\/\\\/riberasalud.com\\\/ribera-estetica\\\/wp-content\\\/uploads\\\/2022\\\/07\\\/cropped-cropped-cropped-Logo-Red-Estetica.png\",\"contentUrl\":\"https:\\\/\\\/riberasalud.com\\\/ribera-estetica\\\/wp-content\\\/uploads\\\/2022\\\/07\\\/cropped-cropped-cropped-Logo-Red-Estetica.png\",\"width\":8872,\"height\":1976,\"caption\":\"Ribera Est\u00e9tica\"},\"image\":{\"@id\":\"https:\\\/\\\/riberasalud.com\\\/ribera-estetica\\\/#\\\/schema\\\/logo\\\/image\\\/\"}},{\"@type\":\"Person\",\"@id\":\"https:\\\/\\\/riberasalud.com\\\/ribera-estetica\\\/#\\\/schema\\\/person\\\/6f88862aeb55ac877a0278343eb3b471\",\"name\":\"marsanchez\",\"image\":{\"@type\":\"ImageObject\",\"inLanguage\":\"es\",\"@id\":\"https:\\\/\\\/secure.gravatar.com\\\/avatar\\\/0e2ddfa6ca50f038a905865f19439697542e5743a0628f67c9fac9c893b311be?s=96&d=mm&r=g\",\"url\":\"https:\\\/\\\/secure.gravatar.com\\\/avatar\\\/0e2ddfa6ca50f038a905865f19439697542e5743a0628f67c9fac9c893b311be?s=96&d=mm&r=g\",\"contentUrl\":\"https:\\\/\\\/secure.gravatar.com\\\/avatar\\\/0e2ddfa6ca50f038a905865f19439697542e5743a0628f67c9fac9c893b311be?s=96&d=mm&r=g\",\"caption\":\"marsanchez\"},\"url\":\"https:\\\/\\\/riberasalud.com\\\/ribera-estetica\\\/blog\\\/author\\\/marsanchez\\\/\"}]}<\/script>\n<!-- \/ Yoast SEO plugin. -->","yoast_head_json":{"title":"\u00bfMe puedo poner crema despu\u00e9s de los neuromoduladores o eliminador de arrugas? - Ribera Est\u00e9tica","description":"En la entrada a nuestro blog vamos a hablar hoy de los cuidados que necesita la piel despu\u00e9s de un tratamiento para eliminar las arrugas de expresi\u00f3n.","robots":{"index":"index","follow":"follow","max-snippet":"max-snippet:-1","max-image-preview":"max-image-preview:large","max-video-preview":"max-video-preview:-1"},"canonical":"https:\/\/riberasalud.com\/ribera-estetica\/blog\/me-puedo-poner-crema-despues-de-los-neuromoduladores-o-eliminador-de-arrugas\/","og_locale":"es_ES","og_type":"article","og_title":"\u00bfMe puedo poner crema despu\u00e9s de los neuromoduladores o eliminador de arrugas? - Ribera Est\u00e9tica","og_description":"En la entrada a nuestro blog vamos a hablar hoy de los cuidados que necesita la piel despu\u00e9s de un tratamiento para eliminar las arrugas de expresi\u00f3n.","og_url":"https:\/\/riberasalud.com\/ribera-estetica\/blog\/me-puedo-poner-crema-despues-de-los-neuromoduladores-o-eliminador-de-arrugas\/","og_site_name":"Ribera Est\u00e9tica","article_published_time":"2023-03-07T14:46:23+00:00","article_modified_time":"2025-10-29T13:22:33+00:00","og_image":[{"width":800,"height":533,"url":"https:\/\/riberasalud.com\/ribera-estetica\/wp-content\/uploads\/2023\/03\/esteticista-o-medico-que-prepara-paciente-inyeccion-botox.jpg","type":"image\/jpeg"}],"author":"marsanchez","twitter_card":"summary_large_image","twitter_misc":{"Escrito por":"marsanchez","Tiempo de lectura":"4 minutos"},"schema":{"@context":"https:\/\/schema.org","@graph":[{"@type":"Article","@id":"https:\/\/riberasalud.com\/ribera-estetica\/blog\/me-puedo-poner-crema-despues-de-los-neuromoduladores-o-eliminador-de-arrugas\/#article","isPartOf":{"@id":"https:\/\/riberasalud.com\/ribera-estetica\/blog\/me-puedo-poner-crema-despues-de-los-neuromoduladores-o-eliminador-de-arrugas\/"},"author":{"name":"marsanchez","@id":"https:\/\/riberasalud.com\/ribera-estetica\/#\/schema\/person\/6f88862aeb55ac877a0278343eb3b471"},"headline":"\u00bfMe puedo poner crema despu\u00e9s de los neuromoduladores o eliminador de arrugas?","datePublished":"2023-03-07T14:46:23+00:00","dateModified":"2025-10-29T13:22:33+00:00","mainEntityOfPage":{"@id":"https:\/\/riberasalud.com\/ribera-estetica\/blog\/me-puedo-poner-crema-despues-de-los-neuromoduladores-o-eliminador-de-arrugas\/"},"wordCount":697,"publisher":{"@id":"https:\/\/riberasalud.com\/ribera-estetica\/#organization"},"image":{"@id":"https:\/\/riberasalud.com\/ribera-estetica\/blog\/me-puedo-poner-crema-despues-de-los-neuromoduladores-o-eliminador-de-arrugas\/#primaryimage"},"thumbnailUrl":"https:\/\/riberasalud.com\/ribera-estetica\/wp-content\/uploads\/2023\/03\/esteticista-o-medico-que-prepara-paciente-inyeccion-botox.jpg","keywords":["arrugas","btx","est\u00e9tica","facial"],"inLanguage":"es"},{"@type":"WebPage","@id":"https:\/\/riberasalud.com\/ribera-estetica\/blog\/me-puedo-poner-crema-despues-de-los-neuromoduladores-o-eliminador-de-arrugas\/","url":"https:\/\/riberasalud.com\/ribera-estetica\/blog\/me-puedo-poner-crema-despues-de-los-neuromoduladores-o-eliminador-de-arrugas\/","name":"\u00bfMe puedo poner crema despu\u00e9s de los neuromoduladores o eliminador de arrugas? - Ribera Est\u00e9tica","isPartOf":{"@id":"https:\/\/riberasalud.com\/ribera-estetica\/#website"},"primaryImageOfPage":{"@id":"https:\/\/riberasalud.com\/ribera-estetica\/blog\/me-puedo-poner-crema-despues-de-los-neuromoduladores-o-eliminador-de-arrugas\/#primaryimage"},"image":{"@id":"https:\/\/riberasalud.com\/ribera-estetica\/blog\/me-puedo-poner-crema-despues-de-los-neuromoduladores-o-eliminador-de-arrugas\/#primaryimage"},"thumbnailUrl":"https:\/\/riberasalud.com\/ribera-estetica\/wp-content\/uploads\/2023\/03\/esteticista-o-medico-que-prepara-paciente-inyeccion-botox.jpg","datePublished":"2023-03-07T14:46:23+00:00","dateModified":"2025-10-29T13:22:33+00:00","description":"En la entrada a nuestro blog vamos a hablar hoy de los cuidados que necesita la piel despu\u00e9s de un tratamiento para eliminar las arrugas de expresi\u00f3n.","breadcrumb":{"@id":"https:\/\/riberasalud.com\/ribera-estetica\/blog\/me-puedo-poner-crema-despues-de-los-neuromoduladores-o-eliminador-de-arrugas\/#breadcrumb"},"inLanguage":"es","potentialAction":[{"@type":"ReadAction","target":["https:\/\/riberasalud.com\/ribera-estetica\/blog\/me-puedo-poner-crema-despues-de-los-neuromoduladores-o-eliminador-de-arrugas\/"]}]},{"@type":"ImageObject","inLanguage":"es","@id":"https:\/\/riberasalud.com\/ribera-estetica\/blog\/me-puedo-poner-crema-despues-de-los-neuromoduladores-o-eliminador-de-arrugas\/#primaryimage","url":"https:\/\/riberasalud.com\/ribera-estetica\/wp-content\/uploads\/2023\/03\/esteticista-o-medico-que-prepara-paciente-inyeccion-botox.jpg","contentUrl":"https:\/\/riberasalud.com\/ribera-estetica\/wp-content\/uploads\/2023\/03\/esteticista-o-medico-que-prepara-paciente-inyeccion-botox.jpg","width":800,"height":533,"caption":"M\u00e9dico que prepara al paciente para la inyecci\u00f3n de neuromoduladores"},{"@type":"BreadcrumbList","@id":"https:\/\/riberasalud.com\/ribera-estetica\/blog\/me-puedo-poner-crema-despues-de-los-neuromoduladores-o-eliminador-de-arrugas\/#breadcrumb","itemListElement":[{"@type":"ListItem","position":1,"name":"Inicio","item":"https:\/\/riberasalud.com\/ribera-estetica\/"},{"@type":"ListItem","position":2,"name":"\u00bfMe puedo poner crema despu\u00e9s de los neuromoduladores o eliminador de arrugas?"}]},{"@type":"WebSite","@id":"https:\/\/riberasalud.com\/ribera-estetica\/#website","url":"https:\/\/riberasalud.com\/ribera-estetica\/","name":"Ribera Est\u00e9tica","description":"","publisher":{"@id":"https:\/\/riberasalud.com\/ribera-estetica\/#organization"},"potentialAction":[{"@type":"SearchAction","target":{"@type":"EntryPoint","urlTemplate":"https:\/\/riberasalud.com\/ribera-estetica\/?s={search_term_string}"},"query-input":{"@type":"PropertyValueSpecification","valueRequired":true,"valueName":"search_term_string"}}],"inLanguage":"es"},{"@type":"Organization","@id":"https:\/\/riberasalud.com\/ribera-estetica\/#organization","name":"Ribera Est\u00e9tica","url":"https:\/\/riberasalud.com\/ribera-estetica\/","logo":{"@type":"ImageObject","inLanguage":"es","@id":"https:\/\/riberasalud.com\/ribera-estetica\/#\/schema\/logo\/image\/","url":"https:\/\/riberasalud.com\/ribera-estetica\/wp-content\/uploads\/2022\/07\/cropped-cropped-cropped-Logo-Red-Estetica.png","contentUrl":"https:\/\/riberasalud.com\/ribera-estetica\/wp-content\/uploads\/2022\/07\/cropped-cropped-cropped-Logo-Red-Estetica.png","width":8872,"height":1976,"caption":"Ribera Est\u00e9tica"},"image":{"@id":"https:\/\/riberasalud.com\/ribera-estetica\/#\/schema\/logo\/image\/"}},{"@type":"Person","@id":"https:\/\/riberasalud.com\/ribera-estetica\/#\/schema\/person\/6f88862aeb55ac877a0278343eb3b471","name":"marsanchez","image":{"@type":"ImageObject","inLanguage":"es","@id":"https:\/\/secure.gravatar.com\/avatar\/0e2ddfa6ca50f038a905865f19439697542e5743a0628f67c9fac9c893b311be?s=96&d=mm&r=g","url":"https:\/\/secure.gravatar.com\/avatar\/0e2ddfa6ca50f038a905865f19439697542e5743a0628f67c9fac9c893b311be?s=96&d=mm&r=g","contentUrl":"https:\/\/secure.gravatar.com\/avatar\/0e2ddfa6ca50f038a905865f19439697542e5743a0628f67c9fac9c893b311be?s=96&d=mm&r=g","caption":"marsanchez"},"url":"https:\/\/riberasalud.com\/ribera-estetica\/blog\/author\/marsanchez\/"}]}},"_links":{"self":[{"href":"https:\/\/riberasalud.com\/ribera-estetica\/wp-json\/wp\/v2\/posts\/5369","targetHints":{"allow":["GET"]}}],"collection":[{"href":"https:\/\/riberasalud.com\/ribera-estetica\/wp-json\/wp\/v2\/posts"}],"about":[{"href":"https:\/\/riberasalud.com\/ribera-estetica\/wp-json\/wp\/v2\/types\/post"}],"author":[{"embeddable":true,"href":"https:\/\/riberasalud.com\/ribera-estetica\/wp-json\/wp\/v2\/users\/4"}],"replies":[{"embeddable":true,"href":"https:\/\/riberasalud.com\/ribera-estetica\/wp-json\/wp\/v2\/comments?post=5369"}],"version-history":[{"count":2,"href":"https:\/\/riberasalud.com\/ribera-estetica\/wp-json\/wp\/v2\/posts\/5369\/revisions"}],"predecessor-version":[{"id":11805,"href":"https:\/\/riberasalud.com\/ribera-estetica\/wp-json\/wp\/v2\/posts\/5369\/revisions\/11805"}],"wp:featuredmedia":[{"embeddable":true,"href":"https:\/\/riberasalud.com\/ribera-estetica\/wp-json\/wp\/v2\/media\/5370"}],"wp:attachment":[{"href":"https:\/\/riberasalud.com\/ribera-estetica\/wp-json\/wp\/v2\/media?parent=5369"}],"wp:term":[{"taxonomy":"category","embeddable":true,"href":"https:\/\/riberasalud.com\/ribera-estetica\/wp-json\/wp\/v2\/categories?post=5369"},{"taxonomy":"post_tag","embeddable":true,"href":"https:\/\/riberasalud.com\/ribera-estetica\/wp-json\/wp\/v2\/tags?post=5369"}],"curies":[{"name":"wp","href":"https:\/\/api.w.org\/{rel}","templated":true}]}}