{"id":5243,"date":"2023-05-30T11:49:44","date_gmt":"2023-05-30T11:49:44","guid":{"rendered":"https:\/\/riberasalud.com\/ribera-dent\/?p=5243"},"modified":"2023-05-30T11:49:44","modified_gmt":"2023-05-30T11:49:44","slug":"invisalign-y-extraccion-de-muelas-del-juicio-como-afecta-a-tu-salud-dental-a-largo-plazo","status":"publish","type":"post","link":"https:\/\/riberasalud.com\/ribera-dent\/blog\/invisalign-y-extraccion-de-muelas-del-juicio-como-afecta-a-tu-salud-dental-a-largo-plazo\/","title":{"rendered":"Invisalign y extracci\u00f3n de muelas del juicio: \u00bfc\u00f3mo afecta a tu salud dental a largo plazo?"},"content":{"rendered":"\n<p>Las muelas del juicio, tambi\u00e9n conocidas como terceros molares, son los \u00faltimos dientes en aparecer en la boca, generalmente entre los 17 y 25 a\u00f1os. Sin embargo, su presencia no siempre es beneficiosa para la salud dental y, quiz\u00e1s por eso, cada vez hay m\u00e1s ciudadanos a los que nunca llegan a salir las muelas del juicio o, incluso, se comprueba con una radiograf\u00eda que no llegan siquiera a desarrollarlas. Y es por esos casos en los que pueden causar problemas como api\u00f1amiento dental, dolor, infecciones, caries y desplazamiento de los dientes adyacentes que, antes de acometer un tratamiento de Ortodoncia como Invisalign, muchos especialistas plantean la conveniencia de quitar esas muelas del juicio.<\/p>\n\n\n\n<h2 class=\"wp-block-heading\"><strong>\u00bfHay que quitar las muelas del juicio antes de utilizar Invisalign?<\/strong><\/h2>\n\n\n\n<p>Cuando una persona necesita Ortodoncia, es habitual valorar si es recomendable extraer las muelas del juicio antes de comenzar el tratamiento, por ejemplo, con Invisalign, una opci\u00f3n muy popular de ortodoncia invisible en los \u00faltimos a\u00f1os, frente a la aparatolog\u00eda fija. La respuesta a esta pregunta var\u00eda seg\u00fan cada caso, y depende de la evaluaci\u00f3n del ortodoncista y del dentista. En algunas personas, si las muelas del juicio est\u00e1n sanas, bien alineadas y no est\u00e1n causando problemas, por ejemplo con las caries, es posible llevar a cabo el tratamiento sin necesidad de extraerlas. Sin embargo, en aquellos casos en los que las muelas del juicio est\u00e1n impactadas, mal posicionadas o causan problemas en la salud bucal del paciente, se recomendar\u00e1 su extracci\u00f3n antes de iniciar el tratamiento en la boca.<\/p>\n\n\n\n<h2 class=\"wp-block-heading\"><strong>\u00bfCu\u00e1ndo se debe realizar la extracci\u00f3n de las muelas del juicio en relaci\u00f3n con ortodoncia invisible?<\/strong><\/h2>\n\n\n\n<p>La extracci\u00f3n de las muelas del juicio es un procedimiento com\u00fan en Odontolog\u00eda. Se realiza mediante una cirug\u00eda oral, con una incisi\u00f3n en la enc\u00eda y, en algunos casos, es necesaria la remoci\u00f3n de parte del hueso que rodea la muela para facilitar su extracci\u00f3n. El procedimiento puede llevarse a cabo con anestesia local, un sedante o incluso anestesia general, seg\u00fan el caso y las preferencias del paciente.<\/p>\n\n\n\n<p>En cualquier caso, despu\u00e9s de una cirug\u00eda de este tipo, es importante dejar pasar un tiempo adecuado de curaci\u00f3n y recuperaci\u00f3n de la zona donde estaban las muelas del juicio antes de comenzar con el tratamiento de ortodoncia invisible. Este periodo puede variar seg\u00fan la persona y la complejidad de la extracci\u00f3n, pero generalmente se recomienda esperar al menos dos semanas antes de iniciar el tratamiento de ortodoncia.<\/p>\n\n\n\n<h2 class=\"wp-block-heading\"><strong>Cuidados despu\u00e9s de la extracci\u00f3n de las muelas del juicio para ortodoncia invisible<\/strong><\/h2>\n\n\n\n<p>Despu\u00e9s de la extracci\u00f3n de las muelas del juicio, es importante seguir ciertos cuidados para promover una adecuada cicatrizaci\u00f3n y evitar complicaciones como las infecciones. Los especialistas recomiendan, por ejemplo, seguir una dieta blanda y evitar alimentos duros, calientes o picantes, as\u00ed como mantener una buena higiene bucal, con enjuagues suaves con agua tibia y sal despu\u00e9s de las comidas.<\/p>\n\n\n\n<h2 class=\"wp-block-heading\"><strong>Impacto de la extracci\u00f3n de las muelas del juicio en la alineaci\u00f3n dental con Invisalign<\/strong><\/h2>\n\n\n\n<p>En general, la ortodoncia invisible no deber\u00eda afectar negativamente al paciente tras una cirug\u00eda de extracci\u00f3n de las muelas del juicio. Sin embargo, es importante comunicar al ortodoncista cualquier cirug\u00eda reciente o procedimiento dental realizado, para que los especialistas puedan ajustar el plan de tratamiento de manera adecuada y recomendar al paciente cualquier precauci\u00f3n necesaria.<\/p>\n\n\n\n<p>Es importante recordar que la ortodoncia invisible, en s\u00ed misma no deber\u00eda causar dolor, ya que los alineadores son suaves y se adaptan gradualmente a la posici\u00f3n de los dientes, con o sin cirug\u00eda. Los especialistas de Ribera Dent recuerdan que es posible sentir una ligera presi\u00f3n o incomodidad al principio, a veces incluso hay que acostumbrarse a vocalizar de nuevo y que la lengua se habit\u00fae los alineadores. Pero esta sensaci\u00f3n suele ser temporal y desaparece a medida que los dientes se ajustan. Para facilitar esta adaptaci\u00f3n, recomiendan evitar alimentos pegajosos, duros o dif\u00edciles de masticar que puedan ejercer presi\u00f3n adicional en los dientes o causar da\u00f1os en los alineadores y, por supuesto, programar visitas regulares de seguimiento con el ortodoncista para monitorizar el progreso y realizar los ajustes necesarios.<\/p>\n\n\n\n<p style=\"font-size:10px\">AVISO: La finalidad de este blog es proporcionar informaci\u00f3n de salud que, en ning\u00fan caso sustituye la consulta con un m\u00e9dico. El grupo sanitario Ribera no se hace responsable de los contenidos, opiniones e im\u00e1genes que aparezcan relacionados con los blogs, pero si es informado de que existe cualquier contenido inapropiado o il\u00edcito, proceder\u00e1 a su eliminaci\u00f3n de forma inmediata.<\/p>\n\n\n\n<p style=\"font-size:10px\">Los textos, art\u00edculos y contenidos de este blog est\u00e1n sujetos y protegidos por derechos de propiedad intelectual e industrial, disponiendo el grupo sanitario Ribera de los permisos necesarios para la utilizaci\u00f3n de las im\u00e1genes, fotograf\u00edas, textos, dise\u00f1os, animaciones y dem\u00e1s contenido o elementos que en \u00e9l aparezcan. El acceso y utilizaci\u00f3n de este blog no confiere al visitante ning\u00fan tipo de licencia o derecho de uso o explotaci\u00f3n alguno, por lo que el uso, reproducci\u00f3n, distribuci\u00f3n, comunicaci\u00f3n p\u00fablica, transformaci\u00f3n o cualquier otra actividad similar o an\u00e1loga, queda totalmente prohibida, salvo que medie expresa autorizaci\u00f3n por escrito del grupo sanitario Ribera.<\/p>\n\n\n\n<p style=\"font-size:10px\">El grupo sanitario Ribera se reserva la facultad de retirar o suspender temporal o definitivamente, en cualquier momento y sin necesidad de aviso previo, el acceso al blog y\/o a los contenidos del mismo a aquellos visitantes, internautas o usuarios de internet que incumplan lo establecido en el presente Aviso, todo ello sin perjuicio del ejercicio de las acciones contra los mismos que procedan conforme a la Ley y al Derecho<\/p>\n","protected":false},"excerpt":{"rendered":"<p>Las muelas del juicio, tambi\u00e9n conocidas como terceros molares, son los \u00faltimos dientes en aparecer en la boca, generalmente entre los 17 y 25 a\u00f1os. Sin embargo, su presencia no siempre es beneficiosa para la salud dental y, quiz\u00e1s por eso, cada vez hay m\u00e1s ciudadanos a los que nunca llegan a salir las muelas &#8230; <a title=\"Invisalign y extracci\u00f3n de muelas del juicio: \u00bfc\u00f3mo afecta a tu salud dental a largo plazo?\" class=\"read-more\" href=\"https:\/\/riberasalud.com\/ribera-dent\/blog\/invisalign-y-extraccion-de-muelas-del-juicio-como-afecta-a-tu-salud-dental-a-largo-plazo\/\" aria-label=\"Leer m\u00e1s sobre Invisalign y extracci\u00f3n de muelas del juicio: \u00bfc\u00f3mo afecta a tu salud dental a largo plazo?\">Leer m\u00e1s<\/a><\/p>\n","protected":false},"author":3,"featured_media":5244,"comment_status":"open","ping_status":"open","sticky":false,"template":"","format":"standard","meta":{"_uag_custom_page_level_css":"","_mi_skip_tracking":false,"_glsr_average":0,"_glsr_ranking":0,"_glsr_reviews":0,"footnotes":""},"categories":[106],"tags":[16,120,121,45],"class_list":["post-5243","post","type-post","status-publish","format-standard","has-post-thumbnail","hentry","category-ortodoncia-dental","tag-dientes","tag-invasalign","tag-muelas-del-juicio","tag-ortodoncia-invisible"],"yoast_head":"<!-- This site is optimized with the Yoast SEO plugin v27.4 - https:\/\/yoast.com\/product\/yoast-seo-wordpress\/ -->\n<title>Invisalign y extracci\u00f3n de muelas del juicio: \u00bfc\u00f3mo afecta a tu salud dental a largo plazo? - Ribera Dent<\/title>\n<meta name=\"description\" content=\"Las muelas del juicio, tambi\u00e9n conocidas como terceros molares, son los \u00faltimos dientes en aparecer en la boca, generalmente entre los 17 y 25 a\u00f1os.\" \/>\n<meta name=\"robots\" content=\"index, follow, max-snippet:-1, max-image-preview:large, max-video-preview:-1\" \/>\n<link rel=\"canonical\" href=\"https:\/\/riberasalud.com\/ribera-dent\/blog\/invisalign-y-extraccion-de-muelas-del-juicio-como-afecta-a-tu-salud-dental-a-largo-plazo\/\" \/>\n<meta property=\"og:locale\" content=\"es_ES\" \/>\n<meta property=\"og:type\" content=\"article\" \/>\n<meta property=\"og:title\" content=\"Invisalign y extracci\u00f3n de muelas del juicio: \u00bfc\u00f3mo afecta a tu salud dental a largo plazo? - Ribera Dent\" \/>\n<meta property=\"og:description\" content=\"Las muelas del juicio, tambi\u00e9n conocidas como terceros molares, son los \u00faltimos dientes en aparecer en la boca, generalmente entre los 17 y 25 a\u00f1os.\" \/>\n<meta property=\"og:url\" content=\"https:\/\/riberasalud.com\/ribera-dent\/blog\/invisalign-y-extraccion-de-muelas-del-juicio-como-afecta-a-tu-salud-dental-a-largo-plazo\/\" \/>\n<meta property=\"og:site_name\" content=\"Ribera Dent\" \/>\n<meta property=\"article:published_time\" content=\"2023-05-30T11:49:44+00:00\" \/>\n<meta property=\"og:image\" content=\"https:\/\/riberasalud.com\/ribera-dent\/wp-content\/uploads\/2023\/05\/fotografia-macro-hermosa-sonrisa-femenina-dientes-blancos-sanos.jpg\" \/>\n\t<meta property=\"og:image:width\" content=\"800\" \/>\n\t<meta property=\"og:image:height\" content=\"533\" \/>\n\t<meta property=\"og:image:type\" content=\"image\/jpeg\" \/>\n<meta name=\"author\" content=\"marsanchez\" \/>\n<meta name=\"twitter:card\" content=\"summary_large_image\" \/>\n<meta name=\"twitter:label1\" content=\"Escrito por\" \/>\n\t<meta name=\"twitter:data1\" content=\"marsanchez\" \/>\n\t<meta name=\"twitter:label2\" content=\"Tiempo de lectura\" \/>\n\t<meta name=\"twitter:data2\" content=\"5 minutos\" \/>\n<script type=\"application\/ld+json\" class=\"yoast-schema-graph\">{\"@context\":\"https:\\\/\\\/schema.org\",\"@graph\":[{\"@type\":\"Article\",\"@id\":\"https:\\\/\\\/riberasalud.com\\\/ribera-dent\\\/blog\\\/invisalign-y-extraccion-de-muelas-del-juicio-como-afecta-a-tu-salud-dental-a-largo-plazo\\\/#article\",\"isPartOf\":{\"@id\":\"https:\\\/\\\/riberasalud.com\\\/ribera-dent\\\/blog\\\/invisalign-y-extraccion-de-muelas-del-juicio-como-afecta-a-tu-salud-dental-a-largo-plazo\\\/\"},\"author\":{\"name\":\"marsanchez\",\"@id\":\"https:\\\/\\\/riberasalud.com\\\/ribera-dent\\\/#\\\/schema\\\/person\\\/9df2b75aa2499d07d5c24ff3774d710e\"},\"headline\":\"Invisalign y extracci\u00f3n de muelas del juicio: \u00bfc\u00f3mo afecta a tu salud dental a largo plazo?\",\"datePublished\":\"2023-05-30T11:49:44+00:00\",\"mainEntityOfPage\":{\"@id\":\"https:\\\/\\\/riberasalud.com\\\/ribera-dent\\\/blog\\\/invisalign-y-extraccion-de-muelas-del-juicio-como-afecta-a-tu-salud-dental-a-largo-plazo\\\/\"},\"wordCount\":1009,\"commentCount\":0,\"publisher\":{\"@id\":\"https:\\\/\\\/riberasalud.com\\\/ribera-dent\\\/#organization\"},\"image\":{\"@id\":\"https:\\\/\\\/riberasalud.com\\\/ribera-dent\\\/blog\\\/invisalign-y-extraccion-de-muelas-del-juicio-como-afecta-a-tu-salud-dental-a-largo-plazo\\\/#primaryimage\"},\"thumbnailUrl\":\"https:\\\/\\\/riberasalud.com\\\/ribera-dent\\\/wp-content\\\/uploads\\\/2023\\\/05\\\/fotografia-macro-hermosa-sonrisa-femenina-dientes-blancos-sanos.jpg\",\"keywords\":[\"dientes\",\"invasalign\",\"muelas del juicio\",\"ortodoncia invisible\"],\"articleSection\":[\"Ortodoncia dental\"],\"inLanguage\":\"es\",\"potentialAction\":[{\"@type\":\"CommentAction\",\"name\":\"Comment\",\"target\":[\"https:\\\/\\\/riberasalud.com\\\/ribera-dent\\\/blog\\\/invisalign-y-extraccion-de-muelas-del-juicio-como-afecta-a-tu-salud-dental-a-largo-plazo\\\/#respond\"]}]},{\"@type\":\"WebPage\",\"@id\":\"https:\\\/\\\/riberasalud.com\\\/ribera-dent\\\/blog\\\/invisalign-y-extraccion-de-muelas-del-juicio-como-afecta-a-tu-salud-dental-a-largo-plazo\\\/\",\"url\":\"https:\\\/\\\/riberasalud.com\\\/ribera-dent\\\/blog\\\/invisalign-y-extraccion-de-muelas-del-juicio-como-afecta-a-tu-salud-dental-a-largo-plazo\\\/\",\"name\":\"Invisalign y extracci\u00f3n de muelas del juicio: \u00bfc\u00f3mo afecta a tu salud dental a largo plazo? - Ribera Dent\",\"isPartOf\":{\"@id\":\"https:\\\/\\\/riberasalud.com\\\/ribera-dent\\\/#website\"},\"primaryImageOfPage\":{\"@id\":\"https:\\\/\\\/riberasalud.com\\\/ribera-dent\\\/blog\\\/invisalign-y-extraccion-de-muelas-del-juicio-como-afecta-a-tu-salud-dental-a-largo-plazo\\\/#primaryimage\"},\"image\":{\"@id\":\"https:\\\/\\\/riberasalud.com\\\/ribera-dent\\\/blog\\\/invisalign-y-extraccion-de-muelas-del-juicio-como-afecta-a-tu-salud-dental-a-largo-plazo\\\/#primaryimage\"},\"thumbnailUrl\":\"https:\\\/\\\/riberasalud.com\\\/ribera-dent\\\/wp-content\\\/uploads\\\/2023\\\/05\\\/fotografia-macro-hermosa-sonrisa-femenina-dientes-blancos-sanos.jpg\",\"datePublished\":\"2023-05-30T11:49:44+00:00\",\"description\":\"Las muelas del juicio, tambi\u00e9n conocidas como terceros molares, son los \u00faltimos dientes en aparecer en la boca, generalmente entre los 17 y 25 a\u00f1os.\",\"breadcrumb\":{\"@id\":\"https:\\\/\\\/riberasalud.com\\\/ribera-dent\\\/blog\\\/invisalign-y-extraccion-de-muelas-del-juicio-como-afecta-a-tu-salud-dental-a-largo-plazo\\\/#breadcrumb\"},\"inLanguage\":\"es\",\"potentialAction\":[{\"@type\":\"ReadAction\",\"target\":[\"https:\\\/\\\/riberasalud.com\\\/ribera-dent\\\/blog\\\/invisalign-y-extraccion-de-muelas-del-juicio-como-afecta-a-tu-salud-dental-a-largo-plazo\\\/\"]}]},{\"@type\":\"ImageObject\",\"inLanguage\":\"es\",\"@id\":\"https:\\\/\\\/riberasalud.com\\\/ribera-dent\\\/blog\\\/invisalign-y-extraccion-de-muelas-del-juicio-como-afecta-a-tu-salud-dental-a-largo-plazo\\\/#primaryimage\",\"url\":\"https:\\\/\\\/riberasalud.com\\\/ribera-dent\\\/wp-content\\\/uploads\\\/2023\\\/05\\\/fotografia-macro-hermosa-sonrisa-femenina-dientes-blancos-sanos.jpg\",\"contentUrl\":\"https:\\\/\\\/riberasalud.com\\\/ribera-dent\\\/wp-content\\\/uploads\\\/2023\\\/05\\\/fotografia-macro-hermosa-sonrisa-femenina-dientes-blancos-sanos.jpg\",\"width\":800,\"height\":533,\"caption\":\"fotografia macro hermosa sonrisa femenina dientes blancos sanos\"},{\"@type\":\"BreadcrumbList\",\"@id\":\"https:\\\/\\\/riberasalud.com\\\/ribera-dent\\\/blog\\\/invisalign-y-extraccion-de-muelas-del-juicio-como-afecta-a-tu-salud-dental-a-largo-plazo\\\/#breadcrumb\",\"itemListElement\":[{\"@type\":\"ListItem\",\"position\":1,\"name\":\"Portada\",\"item\":\"https:\\\/\\\/riberasalud.com\\\/ribera-dent\\\/\"},{\"@type\":\"ListItem\",\"position\":2,\"name\":\"Invisalign y extracci\u00f3n de muelas del juicio: \u00bfc\u00f3mo afecta a tu salud dental a largo plazo?\"}]},{\"@type\":\"WebSite\",\"@id\":\"https:\\\/\\\/riberasalud.com\\\/ribera-dent\\\/#website\",\"url\":\"https:\\\/\\\/riberasalud.com\\\/ribera-dent\\\/\",\"name\":\"Ribera Dent\",\"description\":\"\",\"publisher\":{\"@id\":\"https:\\\/\\\/riberasalud.com\\\/ribera-dent\\\/#organization\"},\"potentialAction\":[{\"@type\":\"SearchAction\",\"target\":{\"@type\":\"EntryPoint\",\"urlTemplate\":\"https:\\\/\\\/riberasalud.com\\\/ribera-dent\\\/?s={search_term_string}\"},\"query-input\":{\"@type\":\"PropertyValueSpecification\",\"valueRequired\":true,\"valueName\":\"search_term_string\"}}],\"inLanguage\":\"es\"},{\"@type\":\"Organization\",\"@id\":\"https:\\\/\\\/riberasalud.com\\\/ribera-dent\\\/#organization\",\"name\":\"Ribera Dent\",\"url\":\"https:\\\/\\\/riberasalud.com\\\/ribera-dent\\\/\",\"logo\":{\"@type\":\"ImageObject\",\"inLanguage\":\"es\",\"@id\":\"https:\\\/\\\/riberasalud.com\\\/ribera-dent\\\/#\\\/schema\\\/logo\\\/image\\\/\",\"url\":\"https:\\\/\\\/riberasalud.com\\\/ribera-dent\\\/wp-content\\\/uploads\\\/2022\\\/07\\\/cropped-Logo-Red-Dent-01.png\",\"contentUrl\":\"https:\\\/\\\/riberasalud.com\\\/ribera-dent\\\/wp-content\\\/uploads\\\/2022\\\/07\\\/cropped-Logo-Red-Dent-01.png\",\"width\":251,\"height\":67,\"caption\":\"Ribera Dent\"},\"image\":{\"@id\":\"https:\\\/\\\/riberasalud.com\\\/ribera-dent\\\/#\\\/schema\\\/logo\\\/image\\\/\"}},{\"@type\":\"Person\",\"@id\":\"https:\\\/\\\/riberasalud.com\\\/ribera-dent\\\/#\\\/schema\\\/person\\\/9df2b75aa2499d07d5c24ff3774d710e\",\"name\":\"marsanchez\",\"image\":{\"@type\":\"ImageObject\",\"inLanguage\":\"es\",\"@id\":\"https:\\\/\\\/secure.gravatar.com\\\/avatar\\\/0e2ddfa6ca50f038a905865f19439697542e5743a0628f67c9fac9c893b311be?s=96&d=mm&r=g\",\"url\":\"https:\\\/\\\/secure.gravatar.com\\\/avatar\\\/0e2ddfa6ca50f038a905865f19439697542e5743a0628f67c9fac9c893b311be?s=96&d=mm&r=g\",\"contentUrl\":\"https:\\\/\\\/secure.gravatar.com\\\/avatar\\\/0e2ddfa6ca50f038a905865f19439697542e5743a0628f67c9fac9c893b311be?s=96&d=mm&r=g\",\"caption\":\"marsanchez\"},\"url\":\"https:\\\/\\\/riberasalud.com\\\/ribera-dent\\\/blog\\\/author\\\/marsanchez\\\/\"}]}<\/script>\n<!-- \/ Yoast SEO plugin. -->","yoast_head_json":{"title":"Invisalign y extracci\u00f3n de muelas del juicio: \u00bfc\u00f3mo afecta a tu salud dental a largo plazo? - Ribera Dent","description":"Las muelas del juicio, tambi\u00e9n conocidas como terceros molares, son los \u00faltimos dientes en aparecer en la boca, generalmente entre los 17 y 25 a\u00f1os.","robots":{"index":"index","follow":"follow","max-snippet":"max-snippet:-1","max-image-preview":"max-image-preview:large","max-video-preview":"max-video-preview:-1"},"canonical":"https:\/\/riberasalud.com\/ribera-dent\/blog\/invisalign-y-extraccion-de-muelas-del-juicio-como-afecta-a-tu-salud-dental-a-largo-plazo\/","og_locale":"es_ES","og_type":"article","og_title":"Invisalign y extracci\u00f3n de muelas del juicio: \u00bfc\u00f3mo afecta a tu salud dental a largo plazo? - Ribera Dent","og_description":"Las muelas del juicio, tambi\u00e9n conocidas como terceros molares, son los \u00faltimos dientes en aparecer en la boca, generalmente entre los 17 y 25 a\u00f1os.","og_url":"https:\/\/riberasalud.com\/ribera-dent\/blog\/invisalign-y-extraccion-de-muelas-del-juicio-como-afecta-a-tu-salud-dental-a-largo-plazo\/","og_site_name":"Ribera Dent","article_published_time":"2023-05-30T11:49:44+00:00","og_image":[{"width":800,"height":533,"url":"https:\/\/riberasalud.com\/ribera-dent\/wp-content\/uploads\/2023\/05\/fotografia-macro-hermosa-sonrisa-femenina-dientes-blancos-sanos.jpg","type":"image\/jpeg"}],"author":"marsanchez","twitter_card":"summary_large_image","twitter_misc":{"Escrito por":"marsanchez","Tiempo de lectura":"5 minutos"},"schema":{"@context":"https:\/\/schema.org","@graph":[{"@type":"Article","@id":"https:\/\/riberasalud.com\/ribera-dent\/blog\/invisalign-y-extraccion-de-muelas-del-juicio-como-afecta-a-tu-salud-dental-a-largo-plazo\/#article","isPartOf":{"@id":"https:\/\/riberasalud.com\/ribera-dent\/blog\/invisalign-y-extraccion-de-muelas-del-juicio-como-afecta-a-tu-salud-dental-a-largo-plazo\/"},"author":{"name":"marsanchez","@id":"https:\/\/riberasalud.com\/ribera-dent\/#\/schema\/person\/9df2b75aa2499d07d5c24ff3774d710e"},"headline":"Invisalign y extracci\u00f3n de muelas del juicio: \u00bfc\u00f3mo afecta a tu salud dental a largo plazo?","datePublished":"2023-05-30T11:49:44+00:00","mainEntityOfPage":{"@id":"https:\/\/riberasalud.com\/ribera-dent\/blog\/invisalign-y-extraccion-de-muelas-del-juicio-como-afecta-a-tu-salud-dental-a-largo-plazo\/"},"wordCount":1009,"commentCount":0,"publisher":{"@id":"https:\/\/riberasalud.com\/ribera-dent\/#organization"},"image":{"@id":"https:\/\/riberasalud.com\/ribera-dent\/blog\/invisalign-y-extraccion-de-muelas-del-juicio-como-afecta-a-tu-salud-dental-a-largo-plazo\/#primaryimage"},"thumbnailUrl":"https:\/\/riberasalud.com\/ribera-dent\/wp-content\/uploads\/2023\/05\/fotografia-macro-hermosa-sonrisa-femenina-dientes-blancos-sanos.jpg","keywords":["dientes","invasalign","muelas del juicio","ortodoncia invisible"],"articleSection":["Ortodoncia dental"],"inLanguage":"es","potentialAction":[{"@type":"CommentAction","name":"Comment","target":["https:\/\/riberasalud.com\/ribera-dent\/blog\/invisalign-y-extraccion-de-muelas-del-juicio-como-afecta-a-tu-salud-dental-a-largo-plazo\/#respond"]}]},{"@type":"WebPage","@id":"https:\/\/riberasalud.com\/ribera-dent\/blog\/invisalign-y-extraccion-de-muelas-del-juicio-como-afecta-a-tu-salud-dental-a-largo-plazo\/","url":"https:\/\/riberasalud.com\/ribera-dent\/blog\/invisalign-y-extraccion-de-muelas-del-juicio-como-afecta-a-tu-salud-dental-a-largo-plazo\/","name":"Invisalign y extracci\u00f3n de muelas del juicio: \u00bfc\u00f3mo afecta a tu salud dental a largo plazo? - Ribera Dent","isPartOf":{"@id":"https:\/\/riberasalud.com\/ribera-dent\/#website"},"primaryImageOfPage":{"@id":"https:\/\/riberasalud.com\/ribera-dent\/blog\/invisalign-y-extraccion-de-muelas-del-juicio-como-afecta-a-tu-salud-dental-a-largo-plazo\/#primaryimage"},"image":{"@id":"https:\/\/riberasalud.com\/ribera-dent\/blog\/invisalign-y-extraccion-de-muelas-del-juicio-como-afecta-a-tu-salud-dental-a-largo-plazo\/#primaryimage"},"thumbnailUrl":"https:\/\/riberasalud.com\/ribera-dent\/wp-content\/uploads\/2023\/05\/fotografia-macro-hermosa-sonrisa-femenina-dientes-blancos-sanos.jpg","datePublished":"2023-05-30T11:49:44+00:00","description":"Las muelas del juicio, tambi\u00e9n conocidas como terceros molares, son los \u00faltimos dientes en aparecer en la boca, generalmente entre los 17 y 25 a\u00f1os.","breadcrumb":{"@id":"https:\/\/riberasalud.com\/ribera-dent\/blog\/invisalign-y-extraccion-de-muelas-del-juicio-como-afecta-a-tu-salud-dental-a-largo-plazo\/#breadcrumb"},"inLanguage":"es","potentialAction":[{"@type":"ReadAction","target":["https:\/\/riberasalud.com\/ribera-dent\/blog\/invisalign-y-extraccion-de-muelas-del-juicio-como-afecta-a-tu-salud-dental-a-largo-plazo\/"]}]},{"@type":"ImageObject","inLanguage":"es","@id":"https:\/\/riberasalud.com\/ribera-dent\/blog\/invisalign-y-extraccion-de-muelas-del-juicio-como-afecta-a-tu-salud-dental-a-largo-plazo\/#primaryimage","url":"https:\/\/riberasalud.com\/ribera-dent\/wp-content\/uploads\/2023\/05\/fotografia-macro-hermosa-sonrisa-femenina-dientes-blancos-sanos.jpg","contentUrl":"https:\/\/riberasalud.com\/ribera-dent\/wp-content\/uploads\/2023\/05\/fotografia-macro-hermosa-sonrisa-femenina-dientes-blancos-sanos.jpg","width":800,"height":533,"caption":"fotografia macro hermosa sonrisa femenina dientes blancos sanos"},{"@type":"BreadcrumbList","@id":"https:\/\/riberasalud.com\/ribera-dent\/blog\/invisalign-y-extraccion-de-muelas-del-juicio-como-afecta-a-tu-salud-dental-a-largo-plazo\/#breadcrumb","itemListElement":[{"@type":"ListItem","position":1,"name":"Portada","item":"https:\/\/riberasalud.com\/ribera-dent\/"},{"@type":"ListItem","position":2,"name":"Invisalign y extracci\u00f3n de muelas del juicio: \u00bfc\u00f3mo afecta a tu salud dental a largo plazo?"}]},{"@type":"WebSite","@id":"https:\/\/riberasalud.com\/ribera-dent\/#website","url":"https:\/\/riberasalud.com\/ribera-dent\/","name":"Ribera Dent","description":"","publisher":{"@id":"https:\/\/riberasalud.com\/ribera-dent\/#organization"},"potentialAction":[{"@type":"SearchAction","target":{"@type":"EntryPoint","urlTemplate":"https:\/\/riberasalud.com\/ribera-dent\/?s={search_term_string}"},"query-input":{"@type":"PropertyValueSpecification","valueRequired":true,"valueName":"search_term_string"}}],"inLanguage":"es"},{"@type":"Organization","@id":"https:\/\/riberasalud.com\/ribera-dent\/#organization","name":"Ribera Dent","url":"https:\/\/riberasalud.com\/ribera-dent\/","logo":{"@type":"ImageObject","inLanguage":"es","@id":"https:\/\/riberasalud.com\/ribera-dent\/#\/schema\/logo\/image\/","url":"https:\/\/riberasalud.com\/ribera-dent\/wp-content\/uploads\/2022\/07\/cropped-Logo-Red-Dent-01.png","contentUrl":"https:\/\/riberasalud.com\/ribera-dent\/wp-content\/uploads\/2022\/07\/cropped-Logo-Red-Dent-01.png","width":251,"height":67,"caption":"Ribera Dent"},"image":{"@id":"https:\/\/riberasalud.com\/ribera-dent\/#\/schema\/logo\/image\/"}},{"@type":"Person","@id":"https:\/\/riberasalud.com\/ribera-dent\/#\/schema\/person\/9df2b75aa2499d07d5c24ff3774d710e","name":"marsanchez","image":{"@type":"ImageObject","inLanguage":"es","@id":"https:\/\/secure.gravatar.com\/avatar\/0e2ddfa6ca50f038a905865f19439697542e5743a0628f67c9fac9c893b311be?s=96&d=mm&r=g","url":"https:\/\/secure.gravatar.com\/avatar\/0e2ddfa6ca50f038a905865f19439697542e5743a0628f67c9fac9c893b311be?s=96&d=mm&r=g","contentUrl":"https:\/\/secure.gravatar.com\/avatar\/0e2ddfa6ca50f038a905865f19439697542e5743a0628f67c9fac9c893b311be?s=96&d=mm&r=g","caption":"marsanchez"},"url":"https:\/\/riberasalud.com\/ribera-dent\/blog\/author\/marsanchez\/"}]}},"uagb_featured_image_src":{"full":["https:\/\/riberasalud.com\/ribera-dent\/wp-content\/uploads\/2023\/05\/fotografia-macro-hermosa-sonrisa-femenina-dientes-blancos-sanos.jpg",800,533,false],"thumbnail":["https:\/\/riberasalud.com\/ribera-dent\/wp-content\/uploads\/2023\/05\/fotografia-macro-hermosa-sonrisa-femenina-dientes-blancos-sanos-150x150.jpg",150,150,true],"medium":["https:\/\/riberasalud.com\/ribera-dent\/wp-content\/uploads\/2023\/05\/fotografia-macro-hermosa-sonrisa-femenina-dientes-blancos-sanos-300x200.jpg",300,200,true],"medium_large":["https:\/\/riberasalud.com\/ribera-dent\/wp-content\/uploads\/2023\/05\/fotografia-macro-hermosa-sonrisa-femenina-dientes-blancos-sanos-768x512.jpg",768,512,true],"large":["https:\/\/riberasalud.com\/ribera-dent\/wp-content\/uploads\/2023\/05\/fotografia-macro-hermosa-sonrisa-femenina-dientes-blancos-sanos.jpg",800,533,false],"1536x1536":["https:\/\/riberasalud.com\/ribera-dent\/wp-content\/uploads\/2023\/05\/fotografia-macro-hermosa-sonrisa-femenina-dientes-blancos-sanos.jpg",800,533,false],"2048x2048":["https:\/\/riberasalud.com\/ribera-dent\/wp-content\/uploads\/2023\/05\/fotografia-macro-hermosa-sonrisa-femenina-dientes-blancos-sanos.jpg",800,533,false],"mailchimp":["https:\/\/riberasalud.com\/ribera-dent\/wp-content\/uploads\/2023\/05\/fotografia-macro-hermosa-sonrisa-femenina-dientes-blancos-sanos.jpg",560,373,false]},"uagb_author_info":{"display_name":"marsanchez","author_link":"https:\/\/riberasalud.com\/ribera-dent\/blog\/author\/marsanchez\/"},"uagb_comment_info":1,"uagb_excerpt":"Las muelas del juicio, tambi\u00e9n conocidas como terceros molares, son los \u00faltimos dientes en aparecer en la boca, generalmente entre los 17 y 25 a\u00f1os. Sin embargo, su presencia no siempre es beneficiosa para la salud dental y, quiz\u00e1s por eso, cada vez hay m\u00e1s ciudadanos a los que nunca llegan a salir las muelas&hellip;","_links":{"self":[{"href":"https:\/\/riberasalud.com\/ribera-dent\/wp-json\/wp\/v2\/posts\/5243","targetHints":{"allow":["GET"]}}],"collection":[{"href":"https:\/\/riberasalud.com\/ribera-dent\/wp-json\/wp\/v2\/posts"}],"about":[{"href":"https:\/\/riberasalud.com\/ribera-dent\/wp-json\/wp\/v2\/types\/post"}],"author":[{"embeddable":true,"href":"https:\/\/riberasalud.com\/ribera-dent\/wp-json\/wp\/v2\/users\/3"}],"replies":[{"embeddable":true,"href":"https:\/\/riberasalud.com\/ribera-dent\/wp-json\/wp\/v2\/comments?post=5243"}],"version-history":[{"count":1,"href":"https:\/\/riberasalud.com\/ribera-dent\/wp-json\/wp\/v2\/posts\/5243\/revisions"}],"predecessor-version":[{"id":5245,"href":"https:\/\/riberasalud.com\/ribera-dent\/wp-json\/wp\/v2\/posts\/5243\/revisions\/5245"}],"wp:featuredmedia":[{"embeddable":true,"href":"https:\/\/riberasalud.com\/ribera-dent\/wp-json\/wp\/v2\/media\/5244"}],"wp:attachment":[{"href":"https:\/\/riberasalud.com\/ribera-dent\/wp-json\/wp\/v2\/media?parent=5243"}],"wp:term":[{"taxonomy":"category","embeddable":true,"href":"https:\/\/riberasalud.com\/ribera-dent\/wp-json\/wp\/v2\/categories?post=5243"},{"taxonomy":"post_tag","embeddable":true,"href":"https:\/\/riberasalud.com\/ribera-dent\/wp-json\/wp\/v2\/tags?post=5243"}],"curies":[{"name":"wp","href":"https:\/\/api.w.org\/{rel}","templated":true}]}}