{"id":8441,"date":"2023-01-17T10:54:39","date_gmt":"2023-01-17T10:54:39","guid":{"rendered":"https:\/\/riberasalud.com\/povisa\/?post_type=povisaenmedios&amp;p=8441"},"modified":"2023-01-17T10:54:39","modified_gmt":"2023-01-17T10:54:39","slug":"despedida-doctor-pesqueira-por-su-jubilacion","status":"publish","type":"post","link":"https:\/\/riberasalud.com\/povisa\/despedida-doctor-pesqueira-por-su-jubilacion\/","title":{"rendered":"Entra\u00f1able despedida al doctor Daniel Pesqueira por su jubilaci\u00f3n","gt_translate_keys":[{"key":"rendered","format":"text"}]},"content":{"rendered":"\n<p>Faro de Vigo publica a toda p\u00e1gina un merecido reconocimiento a la trayectoria del doctor Daniel Pesqueira con motivo de su jubilaci\u00f3n. A trav\u00e9s de una serie de testimonios de pacientes y compa\u00f1eros y bajo el t\u00edtulo \u00abPor favor,  doutor Pesqueira, non se vaia; \u00e9 deus para n\u00f3s\u00bb se dibuja la figura de un gran m\u00e9dico y gran persona.<\/p>\n\n\n\n<p>El art\u00edculo completo se puede consultar <a href=\"https:\/\/www.farodevigo.es\/o-morrazo\/2023\/01\/17\/favor-doutor-pesqueira-non-vaia-81269364.html\" target=\"_blank\" rel=\"noreferrer noopener\">AQU\u00cd<\/a>.<\/p>\n\n\n\n<figure class=\"wp-block-image size-large\"><img loading=\"lazy\" decoding=\"async\" width=\"612\" height=\"773\" src=\"https:\/\/riberasalud.com\/povisa\/wp-content\/uploads\/2023\/01\/pesqueira-1.jpg\" alt=\"\" class=\"wp-image-8442\" srcset=\"https:\/\/riberasalud.com\/povisa\/wp-content\/uploads\/2023\/01\/pesqueira-1.jpg 612w, https:\/\/riberasalud.com\/povisa\/wp-content\/uploads\/2023\/01\/pesqueira-1-238x300.jpg 238w\" sizes=\"auto, (max-width: 612px) 100vw, 612px\" \/><\/figure>\n","protected":false,"gt_translate_keys":[{"key":"rendered","format":"html"}]},"excerpt":{"rendered":"<p>Faro de Vigo publica a toda p\u00e1gina un merecido reconocimiento a la trayectoria del doctor Daniel Pesqueira con motivo de su jubilaci\u00f3n. A trav\u00e9s de una serie de testimonios de pacientes y compa\u00f1eros y bajo el t\u00edtulo \u00abPor favor, doutor Pesqueira, non se vaia; \u00e9 deus para n\u00f3s\u00bb se dibuja la figura de un gran &#8230; <a title=\"Entra\u00f1able despedida al doctor Daniel Pesqueira por su jubilaci\u00f3n\" class=\"read-more\" href=\"https:\/\/riberasalud.com\/povisa\/despedida-doctor-pesqueira-por-su-jubilacion\/\" aria-label=\"Leer m\u00e1s sobre Entra\u00f1able despedida al doctor Daniel Pesqueira por su jubilaci\u00f3n\">Leer m\u00e1s<\/a><\/p>\n","protected":false,"gt_translate_keys":[{"key":"rendered","format":"html"}]},"author":2,"featured_media":0,"comment_status":"closed","ping_status":"closed","sticky":false,"template":"","format":"standard","meta":{"_coblocks_attr":"","_coblocks_dimensions":"","_coblocks_responsive_height":"","_coblocks_accordion_ie_support":"","_monsterinsights_skip_tracking":false,"_monsterinsights_sitenote_active":false,"_monsterinsights_sitenote_note":"","_monsterinsights_sitenote_category":0,"footnotes":""},"categories":[1],"tags":[],"class_list":["post-8441","post","type-post","status-publish","format-standard","hentry","category-sin-categoria"],"yoast_head":"<!-- This site is optimized with the Yoast SEO plugin v27.4 - https:\/\/yoast.com\/product\/yoast-seo-wordpress\/ -->\n<title>\u25b7 Entra\u00f1able despedida al doctor Daniel Pesqueira por su jubilaci\u00f3n | Hospital Ribera Povisa<\/title>\n<meta name=\"description\" content=\"lll\u1405 Faro de Vigo publica a toda p\u00e1gina un merecido reconocimiento a la trayectoria del doctor Daniel Pesqueira con motivo de su jubilaci\u00f3n. A trav\u00e9s de una \u2705Faro de Vigo publica a toda p\u00e1gina un homenaje a la trayectoria del doctor Daniel Pesqueira con motivo de su jubilaci\u00f3n. A trav\u00e9s de una serie de relatos de pacientes y compa\u00f1eros y bajo el t\u00edtulo &quot;Por favor, doutor Pesqueira, non se vaia; \u00e9 deus para n\u00f3s&quot; se dibuja la figura de un gran m\u00e9dico y mejor persona.\" \/>\n<meta name=\"robots\" content=\"index, follow, max-snippet:-1, max-image-preview:large, max-video-preview:-1\" \/>\n<link rel=\"canonical\" href=\"https:\/\/riberasalud.com\/povisa\/despedida-doctor-pesqueira-por-su-jubilacion\/\" \/>\n<meta property=\"og:locale\" content=\"es_ES\" \/>\n<meta property=\"og:type\" content=\"article\" \/>\n<meta property=\"og:title\" content=\"\u25b7 Entra\u00f1able despedida al doctor Daniel Pesqueira por su jubilaci\u00f3n | Hospital Ribera Povisa\" \/>\n<meta property=\"og:description\" content=\"lll\u1405 Faro de Vigo publica a toda p\u00e1gina un merecido reconocimiento a la trayectoria del doctor Daniel Pesqueira con motivo de su jubilaci\u00f3n. A trav\u00e9s de una \u2705Faro de Vigo publica a toda p\u00e1gina un homenaje a la trayectoria del doctor Daniel Pesqueira con motivo de su jubilaci\u00f3n. A trav\u00e9s de una serie de relatos de pacientes y compa\u00f1eros y bajo el t\u00edtulo &quot;Por favor, doutor Pesqueira, non se vaia; \u00e9 deus para n\u00f3s&quot; se dibuja la figura de un gran m\u00e9dico y mejor persona.\" \/>\n<meta property=\"og:url\" content=\"https:\/\/riberasalud.com\/povisa\/despedida-doctor-pesqueira-por-su-jubilacion\/\" \/>\n<meta property=\"og:site_name\" content=\"Hospital Ribera Povisa\" \/>\n<meta property=\"article:published_time\" content=\"2023-01-17T10:54:39+00:00\" \/>\n<meta property=\"og:image\" content=\"https:\/\/riberasalud.com\/povisa\/wp-content\/uploads\/2023\/01\/pesqueira-1.jpg\" \/>\n<meta name=\"author\" content=\"comunicacion\" \/>\n<meta name=\"twitter:card\" content=\"summary_large_image\" \/>\n<meta name=\"twitter:label1\" content=\"Escrito por\" \/>\n\t<meta name=\"twitter:data1\" content=\"comunicacion\" \/>\n\t<meta name=\"twitter:label2\" content=\"Tiempo de lectura\" \/>\n\t<meta name=\"twitter:data2\" content=\"1 minuto\" \/>\n<script type=\"application\/ld+json\" class=\"yoast-schema-graph\">{\"@context\":\"https:\\\/\\\/schema.org\",\"@graph\":[{\"@type\":\"Article\",\"@id\":\"https:\\\/\\\/riberasalud.com\\\/povisa\\\/despedida-doctor-pesqueira-por-su-jubilacion\\\/#article\",\"isPartOf\":{\"@id\":\"https:\\\/\\\/riberasalud.com\\\/povisa\\\/despedida-doctor-pesqueira-por-su-jubilacion\\\/\"},\"author\":{\"name\":\"comunicacion\",\"@id\":\"https:\\\/\\\/riberasalud.com\\\/povisa\\\/#\\\/schema\\\/person\\\/a86021b8be1af47eab6013c92aef8cb2\"},\"headline\":\"Entra\u00f1able despedida al doctor Daniel Pesqueira por su jubilaci\u00f3n\",\"datePublished\":\"2023-01-17T10:54:39+00:00\",\"mainEntityOfPage\":{\"@id\":\"https:\\\/\\\/riberasalud.com\\\/povisa\\\/despedida-doctor-pesqueira-por-su-jubilacion\\\/\"},\"wordCount\":84,\"publisher\":{\"@id\":\"https:\\\/\\\/riberasalud.com\\\/povisa\\\/#organization\"},\"image\":{\"@id\":\"https:\\\/\\\/riberasalud.com\\\/povisa\\\/despedida-doctor-pesqueira-por-su-jubilacion\\\/#primaryimage\"},\"thumbnailUrl\":\"https:\\\/\\\/riberasalud.com\\\/povisa\\\/wp-content\\\/uploads\\\/2023\\\/01\\\/pesqueira-1.jpg\",\"inLanguage\":\"es\"},{\"@type\":\"WebPage\",\"@id\":\"https:\\\/\\\/riberasalud.com\\\/povisa\\\/despedida-doctor-pesqueira-por-su-jubilacion\\\/\",\"url\":\"https:\\\/\\\/riberasalud.com\\\/povisa\\\/despedida-doctor-pesqueira-por-su-jubilacion\\\/\",\"name\":\"\u25b7 Entra\u00f1able despedida al doctor Daniel Pesqueira por su jubilaci\u00f3n | Hospital Ribera Povisa\",\"isPartOf\":{\"@id\":\"https:\\\/\\\/riberasalud.com\\\/povisa\\\/#website\"},\"primaryImageOfPage\":{\"@id\":\"https:\\\/\\\/riberasalud.com\\\/povisa\\\/despedida-doctor-pesqueira-por-su-jubilacion\\\/#primaryimage\"},\"image\":{\"@id\":\"https:\\\/\\\/riberasalud.com\\\/povisa\\\/despedida-doctor-pesqueira-por-su-jubilacion\\\/#primaryimage\"},\"thumbnailUrl\":\"https:\\\/\\\/riberasalud.com\\\/povisa\\\/wp-content\\\/uploads\\\/2023\\\/01\\\/pesqueira-1.jpg\",\"datePublished\":\"2023-01-17T10:54:39+00:00\",\"description\":\"lll\u1405 Faro de Vigo publica a toda p\u00e1gina un merecido reconocimiento a la trayectoria del doctor Daniel Pesqueira con motivo de su jubilaci\u00f3n. A trav\u00e9s de una \u2705Faro de Vigo publica a toda p\u00e1gina un homenaje a la trayectoria del doctor Daniel Pesqueira con motivo de su jubilaci\u00f3n. A trav\u00e9s de una serie de relatos de pacientes y compa\u00f1eros y bajo el t\u00edtulo \\\"Por favor, doutor Pesqueira, non se vaia; \u00e9 deus para n\u00f3s\\\" se dibuja la figura de un gran m\u00e9dico y mejor persona.\",\"inLanguage\":\"es\",\"potentialAction\":[{\"@type\":\"ReadAction\",\"target\":[\"https:\\\/\\\/riberasalud.com\\\/povisa\\\/despedida-doctor-pesqueira-por-su-jubilacion\\\/\"]}]},{\"@type\":\"ImageObject\",\"inLanguage\":\"es\",\"@id\":\"https:\\\/\\\/riberasalud.com\\\/povisa\\\/despedida-doctor-pesqueira-por-su-jubilacion\\\/#primaryimage\",\"url\":\"https:\\\/\\\/riberasalud.com\\\/povisa\\\/wp-content\\\/uploads\\\/2023\\\/01\\\/pesqueira-1.jpg\",\"contentUrl\":\"https:\\\/\\\/riberasalud.com\\\/povisa\\\/wp-content\\\/uploads\\\/2023\\\/01\\\/pesqueira-1.jpg\"},{\"@type\":\"WebSite\",\"@id\":\"https:\\\/\\\/riberasalud.com\\\/povisa\\\/#website\",\"url\":\"https:\\\/\\\/riberasalud.com\\\/povisa\\\/\",\"name\":\"Hospital Ribera Povisa\",\"description\":\"\",\"publisher\":{\"@id\":\"https:\\\/\\\/riberasalud.com\\\/povisa\\\/#organization\"},\"potentialAction\":[{\"@type\":\"SearchAction\",\"target\":{\"@type\":\"EntryPoint\",\"urlTemplate\":\"https:\\\/\\\/riberasalud.com\\\/povisa\\\/?s={search_term_string}\"},\"query-input\":{\"@type\":\"PropertyValueSpecification\",\"valueRequired\":true,\"valueName\":\"search_term_string\"}}],\"inLanguage\":\"es\"},{\"@type\":\"Organization\",\"@id\":\"https:\\\/\\\/riberasalud.com\\\/povisa\\\/#organization\",\"name\":\"Hospital Ribera Povisa\",\"url\":\"https:\\\/\\\/riberasalud.com\\\/povisa\\\/\",\"logo\":{\"@type\":\"ImageObject\",\"inLanguage\":\"es\",\"@id\":\"https:\\\/\\\/riberasalud.com\\\/povisa\\\/#\\\/schema\\\/logo\\\/image\\\/\",\"url\":\"https:\\\/\\\/riberasalud.com\\\/povisa\\\/wp-content\\\/uploads\\\/2024\\\/01\\\/cropped-Logo-Red-Povisa.png\",\"contentUrl\":\"https:\\\/\\\/riberasalud.com\\\/povisa\\\/wp-content\\\/uploads\\\/2024\\\/01\\\/cropped-Logo-Red-Povisa.png\",\"width\":1929,\"height\":489,\"caption\":\"Hospital Ribera Povisa\"},\"image\":{\"@id\":\"https:\\\/\\\/riberasalud.com\\\/povisa\\\/#\\\/schema\\\/logo\\\/image\\\/\"}},{\"@type\":\"Person\",\"@id\":\"https:\\\/\\\/riberasalud.com\\\/povisa\\\/#\\\/schema\\\/person\\\/a86021b8be1af47eab6013c92aef8cb2\",\"name\":\"comunicacion\",\"image\":{\"@type\":\"ImageObject\",\"inLanguage\":\"es\",\"@id\":\"https:\\\/\\\/secure.gravatar.com\\\/avatar\\\/60cbbba75f9dfb772d5274ba6ef24949409430d363a66afa01a67aac15877cc8?s=96&d=mm&r=g\",\"url\":\"https:\\\/\\\/secure.gravatar.com\\\/avatar\\\/60cbbba75f9dfb772d5274ba6ef24949409430d363a66afa01a67aac15877cc8?s=96&d=mm&r=g\",\"contentUrl\":\"https:\\\/\\\/secure.gravatar.com\\\/avatar\\\/60cbbba75f9dfb772d5274ba6ef24949409430d363a66afa01a67aac15877cc8?s=96&d=mm&r=g\",\"caption\":\"comunicacion\"},\"url\":\"https:\\\/\\\/riberasalud.com\\\/povisa\\\/author\\\/comunicacion\\\/\"}]}<\/script>\n<!-- \/ Yoast SEO plugin. -->","yoast_head_json":{"title":"\u25b7 Entra\u00f1able despedida al doctor Daniel Pesqueira por su jubilaci\u00f3n | Hospital Ribera Povisa","description":"lll\u1405 Faro de Vigo publica a toda p\u00e1gina un merecido reconocimiento a la trayectoria del doctor Daniel Pesqueira con motivo de su jubilaci\u00f3n. A trav\u00e9s de una \u2705Faro de Vigo publica a toda p\u00e1gina un homenaje a la trayectoria del doctor Daniel Pesqueira con motivo de su jubilaci\u00f3n. A trav\u00e9s de una serie de relatos de pacientes y compa\u00f1eros y bajo el t\u00edtulo \"Por favor, doutor Pesqueira, non se vaia; \u00e9 deus para n\u00f3s\" se dibuja la figura de un gran m\u00e9dico y mejor persona.","robots":{"index":"index","follow":"follow","max-snippet":"max-snippet:-1","max-image-preview":"max-image-preview:large","max-video-preview":"max-video-preview:-1"},"canonical":"https:\/\/riberasalud.com\/povisa\/despedida-doctor-pesqueira-por-su-jubilacion\/","og_locale":"es_ES","og_type":"article","og_title":"\u25b7 Entra\u00f1able despedida al doctor Daniel Pesqueira por su jubilaci\u00f3n | Hospital Ribera Povisa","og_description":"lll\u1405 Faro de Vigo publica a toda p\u00e1gina un merecido reconocimiento a la trayectoria del doctor Daniel Pesqueira con motivo de su jubilaci\u00f3n. A trav\u00e9s de una \u2705Faro de Vigo publica a toda p\u00e1gina un homenaje a la trayectoria del doctor Daniel Pesqueira con motivo de su jubilaci\u00f3n. A trav\u00e9s de una serie de relatos de pacientes y compa\u00f1eros y bajo el t\u00edtulo \"Por favor, doutor Pesqueira, non se vaia; \u00e9 deus para n\u00f3s\" se dibuja la figura de un gran m\u00e9dico y mejor persona.","og_url":"https:\/\/riberasalud.com\/povisa\/despedida-doctor-pesqueira-por-su-jubilacion\/","og_site_name":"Hospital Ribera Povisa","article_published_time":"2023-01-17T10:54:39+00:00","og_image":[{"url":"https:\/\/riberasalud.com\/povisa\/wp-content\/uploads\/2023\/01\/pesqueira-1.jpg","type":"","width":"","height":""}],"author":"comunicacion","twitter_card":"summary_large_image","twitter_misc":{"Escrito por":"comunicacion","Tiempo de lectura":"1 minuto"},"schema":{"@context":"https:\/\/schema.org","@graph":[{"@type":"Article","@id":"https:\/\/riberasalud.com\/povisa\/despedida-doctor-pesqueira-por-su-jubilacion\/#article","isPartOf":{"@id":"https:\/\/riberasalud.com\/povisa\/despedida-doctor-pesqueira-por-su-jubilacion\/"},"author":{"name":"comunicacion","@id":"https:\/\/riberasalud.com\/povisa\/#\/schema\/person\/a86021b8be1af47eab6013c92aef8cb2"},"headline":"Entra\u00f1able despedida al doctor Daniel Pesqueira por su jubilaci\u00f3n","datePublished":"2023-01-17T10:54:39+00:00","mainEntityOfPage":{"@id":"https:\/\/riberasalud.com\/povisa\/despedida-doctor-pesqueira-por-su-jubilacion\/"},"wordCount":84,"publisher":{"@id":"https:\/\/riberasalud.com\/povisa\/#organization"},"image":{"@id":"https:\/\/riberasalud.com\/povisa\/despedida-doctor-pesqueira-por-su-jubilacion\/#primaryimage"},"thumbnailUrl":"https:\/\/riberasalud.com\/povisa\/wp-content\/uploads\/2023\/01\/pesqueira-1.jpg","inLanguage":"es"},{"@type":"WebPage","@id":"https:\/\/riberasalud.com\/povisa\/despedida-doctor-pesqueira-por-su-jubilacion\/","url":"https:\/\/riberasalud.com\/povisa\/despedida-doctor-pesqueira-por-su-jubilacion\/","name":"\u25b7 Entra\u00f1able despedida al doctor Daniel Pesqueira por su jubilaci\u00f3n | Hospital Ribera Povisa","isPartOf":{"@id":"https:\/\/riberasalud.com\/povisa\/#website"},"primaryImageOfPage":{"@id":"https:\/\/riberasalud.com\/povisa\/despedida-doctor-pesqueira-por-su-jubilacion\/#primaryimage"},"image":{"@id":"https:\/\/riberasalud.com\/povisa\/despedida-doctor-pesqueira-por-su-jubilacion\/#primaryimage"},"thumbnailUrl":"https:\/\/riberasalud.com\/povisa\/wp-content\/uploads\/2023\/01\/pesqueira-1.jpg","datePublished":"2023-01-17T10:54:39+00:00","description":"lll\u1405 Faro de Vigo publica a toda p\u00e1gina un merecido reconocimiento a la trayectoria del doctor Daniel Pesqueira con motivo de su jubilaci\u00f3n. A trav\u00e9s de una \u2705Faro de Vigo publica a toda p\u00e1gina un homenaje a la trayectoria del doctor Daniel Pesqueira con motivo de su jubilaci\u00f3n. A trav\u00e9s de una serie de relatos de pacientes y compa\u00f1eros y bajo el t\u00edtulo \"Por favor, doutor Pesqueira, non se vaia; \u00e9 deus para n\u00f3s\" se dibuja la figura de un gran m\u00e9dico y mejor persona.","inLanguage":"es","potentialAction":[{"@type":"ReadAction","target":["https:\/\/riberasalud.com\/povisa\/despedida-doctor-pesqueira-por-su-jubilacion\/"]}]},{"@type":"ImageObject","inLanguage":"es","@id":"https:\/\/riberasalud.com\/povisa\/despedida-doctor-pesqueira-por-su-jubilacion\/#primaryimage","url":"https:\/\/riberasalud.com\/povisa\/wp-content\/uploads\/2023\/01\/pesqueira-1.jpg","contentUrl":"https:\/\/riberasalud.com\/povisa\/wp-content\/uploads\/2023\/01\/pesqueira-1.jpg"},{"@type":"WebSite","@id":"https:\/\/riberasalud.com\/povisa\/#website","url":"https:\/\/riberasalud.com\/povisa\/","name":"Hospital Ribera Povisa","description":"","publisher":{"@id":"https:\/\/riberasalud.com\/povisa\/#organization"},"potentialAction":[{"@type":"SearchAction","target":{"@type":"EntryPoint","urlTemplate":"https:\/\/riberasalud.com\/povisa\/?s={search_term_string}"},"query-input":{"@type":"PropertyValueSpecification","valueRequired":true,"valueName":"search_term_string"}}],"inLanguage":"es"},{"@type":"Organization","@id":"https:\/\/riberasalud.com\/povisa\/#organization","name":"Hospital Ribera Povisa","url":"https:\/\/riberasalud.com\/povisa\/","logo":{"@type":"ImageObject","inLanguage":"es","@id":"https:\/\/riberasalud.com\/povisa\/#\/schema\/logo\/image\/","url":"https:\/\/riberasalud.com\/povisa\/wp-content\/uploads\/2024\/01\/cropped-Logo-Red-Povisa.png","contentUrl":"https:\/\/riberasalud.com\/povisa\/wp-content\/uploads\/2024\/01\/cropped-Logo-Red-Povisa.png","width":1929,"height":489,"caption":"Hospital Ribera Povisa"},"image":{"@id":"https:\/\/riberasalud.com\/povisa\/#\/schema\/logo\/image\/"}},{"@type":"Person","@id":"https:\/\/riberasalud.com\/povisa\/#\/schema\/person\/a86021b8be1af47eab6013c92aef8cb2","name":"comunicacion","image":{"@type":"ImageObject","inLanguage":"es","@id":"https:\/\/secure.gravatar.com\/avatar\/60cbbba75f9dfb772d5274ba6ef24949409430d363a66afa01a67aac15877cc8?s=96&d=mm&r=g","url":"https:\/\/secure.gravatar.com\/avatar\/60cbbba75f9dfb772d5274ba6ef24949409430d363a66afa01a67aac15877cc8?s=96&d=mm&r=g","contentUrl":"https:\/\/secure.gravatar.com\/avatar\/60cbbba75f9dfb772d5274ba6ef24949409430d363a66afa01a67aac15877cc8?s=96&d=mm&r=g","caption":"comunicacion"},"url":"https:\/\/riberasalud.com\/povisa\/author\/comunicacion\/"}]}},"gt_translate_keys":[{"key":"link","format":"url"}],"_links":{"self":[{"href":"https:\/\/riberasalud.com\/povisa\/wp-json\/wp\/v2\/posts\/8441","targetHints":{"allow":["GET"]}}],"collection":[{"href":"https:\/\/riberasalud.com\/povisa\/wp-json\/wp\/v2\/posts"}],"about":[{"href":"https:\/\/riberasalud.com\/povisa\/wp-json\/wp\/v2\/types\/post"}],"author":[{"embeddable":true,"href":"https:\/\/riberasalud.com\/povisa\/wp-json\/wp\/v2\/users\/2"}],"replies":[{"embeddable":true,"href":"https:\/\/riberasalud.com\/povisa\/wp-json\/wp\/v2\/comments?post=8441"}],"version-history":[{"count":0,"href":"https:\/\/riberasalud.com\/povisa\/wp-json\/wp\/v2\/posts\/8441\/revisions"}],"wp:attachment":[{"href":"https:\/\/riberasalud.com\/povisa\/wp-json\/wp\/v2\/media?parent=8441"}],"wp:term":[{"taxonomy":"category","embeddable":true,"href":"https:\/\/riberasalud.com\/povisa\/wp-json\/wp\/v2\/categories?post=8441"},{"taxonomy":"post_tag","embeddable":true,"href":"https:\/\/riberasalud.com\/povisa\/wp-json\/wp\/v2\/tags?post=8441"}],"curies":[{"name":"wp","href":"https:\/\/api.w.org\/{rel}","templated":true}]}}