{"id":8368,"date":"2022-12-20T08:20:29","date_gmt":"2022-12-20T08:20:29","guid":{"rendered":"https:\/\/riberasalud.com\/povisa\/?post_type=povisaenmedios&amp;p=8368"},"modified":"2022-12-20T08:20:29","modified_gmt":"2022-12-20T08:20:29","slug":"pediatras-virus","status":"publish","type":"post","link":"https:\/\/riberasalud.com\/povisa\/pediatras-virus\/","title":{"rendered":"Pediatras de Ribera prev\u00e9n un invierno con hasta un 60% m\u00e1s de virus respiratorios","gt_translate_keys":[{"key":"rendered","format":"text"}]},"content":{"rendered":"\n<p>Pediatras del grupo sanitario Ribera, propietario de Povisa, aseguran que, seg\u00fan el n\u00famero de casos atendidos en lo que va de oto\u00f1o, prev\u00e9n un invierno con hasta un 60% m\u00e1s de incidencia en virus respiratorios en ni\u00f1os.<\/p>\n\n\n\n<figure class=\"wp-block-image size-large\"><img loading=\"lazy\" decoding=\"async\" width=\"300\" height=\"1024\" src=\"https:\/\/riberasalud.com\/povisa\/wp-content\/uploads\/2022\/12\/Captura-de-pantalla-2022-12-20-a-las-9.19.19-1-300x1024.png\" alt=\"\" class=\"wp-image-8369\" srcset=\"https:\/\/riberasalud.com\/povisa\/wp-content\/uploads\/2022\/12\/Captura-de-pantalla-2022-12-20-a-las-9.19.19-1-300x1024.png 300w, https:\/\/riberasalud.com\/povisa\/wp-content\/uploads\/2022\/12\/Captura-de-pantalla-2022-12-20-a-las-9.19.19-1-88x300.png 88w, https:\/\/riberasalud.com\/povisa\/wp-content\/uploads\/2022\/12\/Captura-de-pantalla-2022-12-20-a-las-9.19.19-1.png 424w\" sizes=\"auto, (max-width: 300px) 100vw, 300px\" \/><\/figure>\n\n\n\n<p><\/p>\n","protected":false,"gt_translate_keys":[{"key":"rendered","format":"html"}]},"excerpt":{"rendered":"<p>Pediatras del grupo sanitario Ribera, propietario de Povisa, aseguran que, seg\u00fan el n\u00famero de casos atendidos en lo que va de oto\u00f1o, prev\u00e9n un invierno con hasta un 60% m\u00e1s de incidencia en virus respiratorios en ni\u00f1os.<\/p>\n","protected":false,"gt_translate_keys":[{"key":"rendered","format":"html"}]},"author":2,"featured_media":0,"comment_status":"closed","ping_status":"closed","sticky":false,"template":"","format":"standard","meta":{"_coblocks_attr":"","_coblocks_dimensions":"","_coblocks_responsive_height":"","_coblocks_accordion_ie_support":"","_monsterinsights_skip_tracking":false,"_monsterinsights_sitenote_active":false,"_monsterinsights_sitenote_note":"","_monsterinsights_sitenote_category":0,"footnotes":""},"categories":[1],"tags":[],"class_list":["post-8368","post","type-post","status-publish","format-standard","hentry","category-sin-categoria"],"yoast_head":"<!-- This site is optimized with the Yoast SEO plugin v27.4 - https:\/\/yoast.com\/product\/yoast-seo-wordpress\/ -->\n<title>\u25b7 Pediatras de Ribera prev\u00e9n un invierno con hasta un 60% m\u00e1s de virus respiratorios | Hospital Ribera Povisa<\/title>\n<meta name=\"description\" content=\"lll\u1405 Pediatras del grupo sanitario Ribera, propietario de Povisa, aseguran que, seg\u00fan el n\u00famero de casos atendidos en lo que va de oto\u00f1o, prev\u00e9n un invierno \u2705 Pediatras de Ribera prev\u00e9n un invierno con hasta un 60% m\u00e1s de virus respiratorios\" \/>\n<meta name=\"robots\" content=\"index, follow, max-snippet:-1, max-image-preview:large, max-video-preview:-1\" \/>\n<link rel=\"canonical\" href=\"https:\/\/riberasalud.com\/povisa\/pediatras-virus\/\" \/>\n<meta property=\"og:locale\" content=\"es_ES\" \/>\n<meta property=\"og:type\" content=\"article\" \/>\n<meta property=\"og:title\" content=\"\u25b7 Pediatras de Ribera prev\u00e9n un invierno con hasta un 60% m\u00e1s de virus respiratorios | Hospital Ribera Povisa\" \/>\n<meta property=\"og:description\" content=\"lll\u1405 Pediatras del grupo sanitario Ribera, propietario de Povisa, aseguran que, seg\u00fan el n\u00famero de casos atendidos en lo que va de oto\u00f1o, prev\u00e9n un invierno \u2705 Pediatras de Ribera prev\u00e9n un invierno con hasta un 60% m\u00e1s de virus respiratorios\" \/>\n<meta property=\"og:url\" content=\"https:\/\/riberasalud.com\/povisa\/pediatras-virus\/\" \/>\n<meta property=\"og:site_name\" content=\"Hospital Ribera Povisa\" \/>\n<meta property=\"article:published_time\" content=\"2022-12-20T08:20:29+00:00\" \/>\n<meta property=\"og:image\" content=\"https:\/\/riberasalud.com\/povisa\/wp-content\/uploads\/2022\/12\/Captura-de-pantalla-2022-12-20-a-las-9.19.19-1-300x1024.png\" \/>\n<meta name=\"author\" content=\"comunicacion\" \/>\n<meta name=\"twitter:card\" content=\"summary_large_image\" \/>\n<meta name=\"twitter:label1\" content=\"Escrito por\" \/>\n\t<meta name=\"twitter:data1\" content=\"comunicacion\" \/>\n\t<meta name=\"twitter:label2\" content=\"Tiempo de lectura\" \/>\n\t<meta name=\"twitter:data2\" content=\"1 minuto\" \/>\n<script type=\"application\/ld+json\" class=\"yoast-schema-graph\">{\"@context\":\"https:\\\/\\\/schema.org\",\"@graph\":[{\"@type\":\"Article\",\"@id\":\"https:\\\/\\\/riberasalud.com\\\/povisa\\\/pediatras-virus\\\/#article\",\"isPartOf\":{\"@id\":\"https:\\\/\\\/riberasalud.com\\\/povisa\\\/pediatras-virus\\\/\"},\"author\":{\"name\":\"comunicacion\",\"@id\":\"https:\\\/\\\/riberasalud.com\\\/povisa\\\/#\\\/schema\\\/person\\\/a86021b8be1af47eab6013c92aef8cb2\"},\"headline\":\"Pediatras de Ribera prev\u00e9n un invierno con hasta un 60% m\u00e1s de virus respiratorios\",\"datePublished\":\"2022-12-20T08:20:29+00:00\",\"mainEntityOfPage\":{\"@id\":\"https:\\\/\\\/riberasalud.com\\\/povisa\\\/pediatras-virus\\\/\"},\"wordCount\":57,\"publisher\":{\"@id\":\"https:\\\/\\\/riberasalud.com\\\/povisa\\\/#organization\"},\"image\":{\"@id\":\"https:\\\/\\\/riberasalud.com\\\/povisa\\\/pediatras-virus\\\/#primaryimage\"},\"thumbnailUrl\":\"https:\\\/\\\/riberasalud.com\\\/povisa\\\/wp-content\\\/uploads\\\/2022\\\/12\\\/Captura-de-pantalla-2022-12-20-a-las-9.19.19-1-300x1024.png\",\"inLanguage\":\"es\"},{\"@type\":\"WebPage\",\"@id\":\"https:\\\/\\\/riberasalud.com\\\/povisa\\\/pediatras-virus\\\/\",\"url\":\"https:\\\/\\\/riberasalud.com\\\/povisa\\\/pediatras-virus\\\/\",\"name\":\"\u25b7 Pediatras de Ribera prev\u00e9n un invierno con hasta un 60% m\u00e1s de virus respiratorios | Hospital Ribera Povisa\",\"isPartOf\":{\"@id\":\"https:\\\/\\\/riberasalud.com\\\/povisa\\\/#website\"},\"primaryImageOfPage\":{\"@id\":\"https:\\\/\\\/riberasalud.com\\\/povisa\\\/pediatras-virus\\\/#primaryimage\"},\"image\":{\"@id\":\"https:\\\/\\\/riberasalud.com\\\/povisa\\\/pediatras-virus\\\/#primaryimage\"},\"thumbnailUrl\":\"https:\\\/\\\/riberasalud.com\\\/povisa\\\/wp-content\\\/uploads\\\/2022\\\/12\\\/Captura-de-pantalla-2022-12-20-a-las-9.19.19-1-300x1024.png\",\"datePublished\":\"2022-12-20T08:20:29+00:00\",\"description\":\"lll\u1405 Pediatras del grupo sanitario Ribera, propietario de Povisa, aseguran que, seg\u00fan el n\u00famero de casos atendidos en lo que va de oto\u00f1o, prev\u00e9n un invierno \u2705 Pediatras de Ribera prev\u00e9n un invierno con hasta un 60% m\u00e1s de virus respiratorios\",\"inLanguage\":\"es\",\"potentialAction\":[{\"@type\":\"ReadAction\",\"target\":[\"https:\\\/\\\/riberasalud.com\\\/povisa\\\/pediatras-virus\\\/\"]}]},{\"@type\":\"ImageObject\",\"inLanguage\":\"es\",\"@id\":\"https:\\\/\\\/riberasalud.com\\\/povisa\\\/pediatras-virus\\\/#primaryimage\",\"url\":\"https:\\\/\\\/riberasalud.com\\\/povisa\\\/wp-content\\\/uploads\\\/2022\\\/12\\\/Captura-de-pantalla-2022-12-20-a-las-9.19.19-1-300x1024.png\",\"contentUrl\":\"https:\\\/\\\/riberasalud.com\\\/povisa\\\/wp-content\\\/uploads\\\/2022\\\/12\\\/Captura-de-pantalla-2022-12-20-a-las-9.19.19-1-300x1024.png\"},{\"@type\":\"WebSite\",\"@id\":\"https:\\\/\\\/riberasalud.com\\\/povisa\\\/#website\",\"url\":\"https:\\\/\\\/riberasalud.com\\\/povisa\\\/\",\"name\":\"Hospital Ribera Povisa\",\"description\":\"\",\"publisher\":{\"@id\":\"https:\\\/\\\/riberasalud.com\\\/povisa\\\/#organization\"},\"potentialAction\":[{\"@type\":\"SearchAction\",\"target\":{\"@type\":\"EntryPoint\",\"urlTemplate\":\"https:\\\/\\\/riberasalud.com\\\/povisa\\\/?s={search_term_string}\"},\"query-input\":{\"@type\":\"PropertyValueSpecification\",\"valueRequired\":true,\"valueName\":\"search_term_string\"}}],\"inLanguage\":\"es\"},{\"@type\":\"Organization\",\"@id\":\"https:\\\/\\\/riberasalud.com\\\/povisa\\\/#organization\",\"name\":\"Hospital Ribera Povisa\",\"url\":\"https:\\\/\\\/riberasalud.com\\\/povisa\\\/\",\"logo\":{\"@type\":\"ImageObject\",\"inLanguage\":\"es\",\"@id\":\"https:\\\/\\\/riberasalud.com\\\/povisa\\\/#\\\/schema\\\/logo\\\/image\\\/\",\"url\":\"https:\\\/\\\/riberasalud.com\\\/povisa\\\/wp-content\\\/uploads\\\/2024\\\/01\\\/cropped-Logo-Red-Povisa.png\",\"contentUrl\":\"https:\\\/\\\/riberasalud.com\\\/povisa\\\/wp-content\\\/uploads\\\/2024\\\/01\\\/cropped-Logo-Red-Povisa.png\",\"width\":1929,\"height\":489,\"caption\":\"Hospital Ribera Povisa\"},\"image\":{\"@id\":\"https:\\\/\\\/riberasalud.com\\\/povisa\\\/#\\\/schema\\\/logo\\\/image\\\/\"}},{\"@type\":\"Person\",\"@id\":\"https:\\\/\\\/riberasalud.com\\\/povisa\\\/#\\\/schema\\\/person\\\/a86021b8be1af47eab6013c92aef8cb2\",\"name\":\"comunicacion\",\"image\":{\"@type\":\"ImageObject\",\"inLanguage\":\"es\",\"@id\":\"https:\\\/\\\/secure.gravatar.com\\\/avatar\\\/60cbbba75f9dfb772d5274ba6ef24949409430d363a66afa01a67aac15877cc8?s=96&d=mm&r=g\",\"url\":\"https:\\\/\\\/secure.gravatar.com\\\/avatar\\\/60cbbba75f9dfb772d5274ba6ef24949409430d363a66afa01a67aac15877cc8?s=96&d=mm&r=g\",\"contentUrl\":\"https:\\\/\\\/secure.gravatar.com\\\/avatar\\\/60cbbba75f9dfb772d5274ba6ef24949409430d363a66afa01a67aac15877cc8?s=96&d=mm&r=g\",\"caption\":\"comunicacion\"},\"url\":\"https:\\\/\\\/riberasalud.com\\\/povisa\\\/author\\\/comunicacion\\\/\"}]}<\/script>\n<!-- \/ Yoast SEO plugin. -->","yoast_head_json":{"title":"\u25b7 Pediatras de Ribera prev\u00e9n un invierno con hasta un 60% m\u00e1s de virus respiratorios | Hospital Ribera Povisa","description":"lll\u1405 Pediatras del grupo sanitario Ribera, propietario de Povisa, aseguran que, seg\u00fan el n\u00famero de casos atendidos en lo que va de oto\u00f1o, prev\u00e9n un invierno \u2705 Pediatras de Ribera prev\u00e9n un invierno con hasta un 60% m\u00e1s de virus respiratorios","robots":{"index":"index","follow":"follow","max-snippet":"max-snippet:-1","max-image-preview":"max-image-preview:large","max-video-preview":"max-video-preview:-1"},"canonical":"https:\/\/riberasalud.com\/povisa\/pediatras-virus\/","og_locale":"es_ES","og_type":"article","og_title":"\u25b7 Pediatras de Ribera prev\u00e9n un invierno con hasta un 60% m\u00e1s de virus respiratorios | Hospital Ribera Povisa","og_description":"lll\u1405 Pediatras del grupo sanitario Ribera, propietario de Povisa, aseguran que, seg\u00fan el n\u00famero de casos atendidos en lo que va de oto\u00f1o, prev\u00e9n un invierno \u2705 Pediatras de Ribera prev\u00e9n un invierno con hasta un 60% m\u00e1s de virus respiratorios","og_url":"https:\/\/riberasalud.com\/povisa\/pediatras-virus\/","og_site_name":"Hospital Ribera Povisa","article_published_time":"2022-12-20T08:20:29+00:00","og_image":[{"url":"https:\/\/riberasalud.com\/povisa\/wp-content\/uploads\/2022\/12\/Captura-de-pantalla-2022-12-20-a-las-9.19.19-1-300x1024.png","type":"","width":"","height":""}],"author":"comunicacion","twitter_card":"summary_large_image","twitter_misc":{"Escrito por":"comunicacion","Tiempo de lectura":"1 minuto"},"schema":{"@context":"https:\/\/schema.org","@graph":[{"@type":"Article","@id":"https:\/\/riberasalud.com\/povisa\/pediatras-virus\/#article","isPartOf":{"@id":"https:\/\/riberasalud.com\/povisa\/pediatras-virus\/"},"author":{"name":"comunicacion","@id":"https:\/\/riberasalud.com\/povisa\/#\/schema\/person\/a86021b8be1af47eab6013c92aef8cb2"},"headline":"Pediatras de Ribera prev\u00e9n un invierno con hasta un 60% m\u00e1s de virus respiratorios","datePublished":"2022-12-20T08:20:29+00:00","mainEntityOfPage":{"@id":"https:\/\/riberasalud.com\/povisa\/pediatras-virus\/"},"wordCount":57,"publisher":{"@id":"https:\/\/riberasalud.com\/povisa\/#organization"},"image":{"@id":"https:\/\/riberasalud.com\/povisa\/pediatras-virus\/#primaryimage"},"thumbnailUrl":"https:\/\/riberasalud.com\/povisa\/wp-content\/uploads\/2022\/12\/Captura-de-pantalla-2022-12-20-a-las-9.19.19-1-300x1024.png","inLanguage":"es"},{"@type":"WebPage","@id":"https:\/\/riberasalud.com\/povisa\/pediatras-virus\/","url":"https:\/\/riberasalud.com\/povisa\/pediatras-virus\/","name":"\u25b7 Pediatras de Ribera prev\u00e9n un invierno con hasta un 60% m\u00e1s de virus respiratorios | Hospital Ribera Povisa","isPartOf":{"@id":"https:\/\/riberasalud.com\/povisa\/#website"},"primaryImageOfPage":{"@id":"https:\/\/riberasalud.com\/povisa\/pediatras-virus\/#primaryimage"},"image":{"@id":"https:\/\/riberasalud.com\/povisa\/pediatras-virus\/#primaryimage"},"thumbnailUrl":"https:\/\/riberasalud.com\/povisa\/wp-content\/uploads\/2022\/12\/Captura-de-pantalla-2022-12-20-a-las-9.19.19-1-300x1024.png","datePublished":"2022-12-20T08:20:29+00:00","description":"lll\u1405 Pediatras del grupo sanitario Ribera, propietario de Povisa, aseguran que, seg\u00fan el n\u00famero de casos atendidos en lo que va de oto\u00f1o, prev\u00e9n un invierno \u2705 Pediatras de Ribera prev\u00e9n un invierno con hasta un 60% m\u00e1s de virus respiratorios","inLanguage":"es","potentialAction":[{"@type":"ReadAction","target":["https:\/\/riberasalud.com\/povisa\/pediatras-virus\/"]}]},{"@type":"ImageObject","inLanguage":"es","@id":"https:\/\/riberasalud.com\/povisa\/pediatras-virus\/#primaryimage","url":"https:\/\/riberasalud.com\/povisa\/wp-content\/uploads\/2022\/12\/Captura-de-pantalla-2022-12-20-a-las-9.19.19-1-300x1024.png","contentUrl":"https:\/\/riberasalud.com\/povisa\/wp-content\/uploads\/2022\/12\/Captura-de-pantalla-2022-12-20-a-las-9.19.19-1-300x1024.png"},{"@type":"WebSite","@id":"https:\/\/riberasalud.com\/povisa\/#website","url":"https:\/\/riberasalud.com\/povisa\/","name":"Hospital Ribera Povisa","description":"","publisher":{"@id":"https:\/\/riberasalud.com\/povisa\/#organization"},"potentialAction":[{"@type":"SearchAction","target":{"@type":"EntryPoint","urlTemplate":"https:\/\/riberasalud.com\/povisa\/?s={search_term_string}"},"query-input":{"@type":"PropertyValueSpecification","valueRequired":true,"valueName":"search_term_string"}}],"inLanguage":"es"},{"@type":"Organization","@id":"https:\/\/riberasalud.com\/povisa\/#organization","name":"Hospital Ribera Povisa","url":"https:\/\/riberasalud.com\/povisa\/","logo":{"@type":"ImageObject","inLanguage":"es","@id":"https:\/\/riberasalud.com\/povisa\/#\/schema\/logo\/image\/","url":"https:\/\/riberasalud.com\/povisa\/wp-content\/uploads\/2024\/01\/cropped-Logo-Red-Povisa.png","contentUrl":"https:\/\/riberasalud.com\/povisa\/wp-content\/uploads\/2024\/01\/cropped-Logo-Red-Povisa.png","width":1929,"height":489,"caption":"Hospital Ribera Povisa"},"image":{"@id":"https:\/\/riberasalud.com\/povisa\/#\/schema\/logo\/image\/"}},{"@type":"Person","@id":"https:\/\/riberasalud.com\/povisa\/#\/schema\/person\/a86021b8be1af47eab6013c92aef8cb2","name":"comunicacion","image":{"@type":"ImageObject","inLanguage":"es","@id":"https:\/\/secure.gravatar.com\/avatar\/60cbbba75f9dfb772d5274ba6ef24949409430d363a66afa01a67aac15877cc8?s=96&d=mm&r=g","url":"https:\/\/secure.gravatar.com\/avatar\/60cbbba75f9dfb772d5274ba6ef24949409430d363a66afa01a67aac15877cc8?s=96&d=mm&r=g","contentUrl":"https:\/\/secure.gravatar.com\/avatar\/60cbbba75f9dfb772d5274ba6ef24949409430d363a66afa01a67aac15877cc8?s=96&d=mm&r=g","caption":"comunicacion"},"url":"https:\/\/riberasalud.com\/povisa\/author\/comunicacion\/"}]}},"gt_translate_keys":[{"key":"link","format":"url"}],"_links":{"self":[{"href":"https:\/\/riberasalud.com\/povisa\/wp-json\/wp\/v2\/posts\/8368","targetHints":{"allow":["GET"]}}],"collection":[{"href":"https:\/\/riberasalud.com\/povisa\/wp-json\/wp\/v2\/posts"}],"about":[{"href":"https:\/\/riberasalud.com\/povisa\/wp-json\/wp\/v2\/types\/post"}],"author":[{"embeddable":true,"href":"https:\/\/riberasalud.com\/povisa\/wp-json\/wp\/v2\/users\/2"}],"replies":[{"embeddable":true,"href":"https:\/\/riberasalud.com\/povisa\/wp-json\/wp\/v2\/comments?post=8368"}],"version-history":[{"count":0,"href":"https:\/\/riberasalud.com\/povisa\/wp-json\/wp\/v2\/posts\/8368\/revisions"}],"wp:attachment":[{"href":"https:\/\/riberasalud.com\/povisa\/wp-json\/wp\/v2\/media?parent=8368"}],"wp:term":[{"taxonomy":"category","embeddable":true,"href":"https:\/\/riberasalud.com\/povisa\/wp-json\/wp\/v2\/categories?post=8368"},{"taxonomy":"post_tag","embeddable":true,"href":"https:\/\/riberasalud.com\/povisa\/wp-json\/wp\/v2\/tags?post=8368"}],"curies":[{"name":"wp","href":"https:\/\/api.w.org\/{rel}","templated":true}]}}