{"id":7923,"date":"2022-09-01T11:36:50","date_gmt":"2022-09-01T11:36:50","guid":{"rendered":"https:\/\/riberasalud.com\/povisa\/?p=7923"},"modified":"2022-09-01T11:36:50","modified_gmt":"2022-09-01T11:36:50","slug":"especialistas-en-salud-mental-recomiendan-una-vuelta-a-la-rutina-progresiva","status":"publish","type":"post","link":"https:\/\/riberasalud.com\/povisa\/especialistas-en-salud-mental-recomiendan-una-vuelta-a-la-rutina-progresiva\/","title":{"rendered":"Especialistas en Salud Mental recomiendan una vuelta a la rutina progresiva para evitar ansiedad, insomnio o apat\u00eda","gt_translate_keys":[{"key":"rendered","format":"text"}]},"content":{"rendered":"\n<p>\u00b7&nbsp;&nbsp;&nbsp;&nbsp;&nbsp;&nbsp;&nbsp;Psiquiatras y psic\u00f3logos del grupo sanitario Ribera explican que no existe un s\u00edndrome posvacacional como tal \u201cpero los s\u00edntomas de una mala adaptaci\u00f3n al d\u00eda a d\u00eda pueden interferir en nuestro trabajo y bienestar personal\u201d<\/p>\n\n\n\n<p>\u00b7&nbsp;&nbsp;&nbsp;&nbsp;&nbsp;&nbsp;&nbsp;Facilitan diez consejos para una vuelta saludable al trabajo o los estudios, entre los que destacan hacer una lista de prioridades, organizarse en el d\u00eda a d\u00eda y tener paciencia. \u201cA veces no estamos al 100% nada m\u00e1s llegar\u201d, recuerdan.<\/p>\n\n\n\n<figure class=\"wp-block-image size-large\"><img decoding=\"async\" src=\"https:\/\/riberasalud.com\/povisa\/wp-content\/uploads\/2022\/09\/Dos-de-las-terapeutas-del-grupo-Ribera-preparadas-para-una-vi\u0301deoconsulta-1-1024x683.jpg\" alt=\"\" class=\"wp-image-7925\"\/><\/figure>\n\n\n\n<p>Valencia<strong>, 1 de septiembre<\/strong>&nbsp;de 2022&nbsp;\u2013&nbsp;Especialistas en Salud Mental del&nbsp;<a href=\"https:\/\/www.riberasalud.com\/\" target=\"_blank\" rel=\"noreferrer noopener\">grupo sanitario Ribera<\/a>&nbsp;recomiendan, en la medida de lo posible, una vuelta progresiva a la rutina del trabajo o los estudios para evitar los s\u00edntomas que en ocasiones acompa\u00f1an a quienes terminan sus vacaciones estos d\u00edas. \u201cDespu\u00e9s del verano y el descanso, muchos de nosotros hacemos acrobacias para encajar las obligaciones laborales con las agendas de los ni\u00f1os y la gesti\u00f3n familiar. Afrontar la vuelta a la rutina puede desencadenar sintomatolog\u00eda ansiosa, sentimientos de tristeza, apat\u00eda, fatiga mental y f\u00edsica e incluso somnolencia\u201d, explica Bel\u00e9n V\u00e1zquez, psic\u00f3loga del&nbsp;<a href=\"https:\/\/riberasalud.com\/polusa\/\" target=\"_blank\" rel=\"noreferrer noopener\">hospital Ribera Polusa<\/a>&nbsp;(Lugo).<\/p>\n\n\n\n<p>Cristina D\u00edaz, enfermera especialista en Salud Mental del&nbsp;<a href=\"https:\/\/www.hospitaldetorrejon.es\/\" target=\"_blank\" rel=\"noreferrer noopener\">Hospital Universitario de Torrej\u00f3n<\/a>, a\u00f1ade como s\u00edntomas t\u00edpicos de la dificultad para volver al d\u00eda a d\u00eda irritabilidad, desmotivaci\u00f3n, falta de atenci\u00f3n, memoria y concentraci\u00f3n, pensamientos negativos, baja autoestima, inseguridad y problemas de sue\u00f1o o apetito. Sobre todo, asegura, \u201cse identifican estos s\u00edntomas en personas con tendencial al control y perfeccionistas, obsesivos y personalidades f\u00f3bicas, temerosas y evitativas\u201d. Virginia P\u00e9rez, psiquiatra del Centro de Salud de El Toscar, en el&nbsp;<a href=\"https:\/\/www.vinaloposalud.com\/\" target=\"_blank\" rel=\"noreferrer noopener\">Departamento de Salud de Vinalop\u00f3-Elche<\/a>&nbsp;que gestiona el grupo Ribera, a\u00f1ade que \u201clas personas con baja capacidad de adaptaci\u00f3n al cambio y mala adaptaci\u00f3n al puesto de trabajo son tambi\u00e9n perfiles que sufren con m\u00e1s frecuencia el estr\u00e9s de la vuelta a la rutina\u201d. David Mart\u00ednez, psic\u00f3logo cl\u00ednico de la Unidad de Salud mental del Hospital de Torrej\u00f3n, explica, por su parte, que el regreso tras los d\u00edas o semanas de asueto en la playa, el campo o la monta\u00f1a y la ansiedad por recuperar el tiempo ausente o ponernos al d\u00eda pueden provocar tambi\u00e9n \u201cdificultad para desconectar cuando no estamos trabajando y una disminuci\u00f3n o p\u00e9rdida de la capacidad para disfrutar en el tiempo libre\u201d.<\/p>\n\n\n\n<p>Estos s\u00edntomas, a\u00f1ade Bel\u00e9n V\u00e1zquez, psic\u00f3loga de Ribera Polusa, \u201cno son un s\u00edndrome o una enfermedad en s\u00ed mismos, pero pueden interferir en nuestro desempe\u00f1o laboral y en nuestro bienestar personal\u201d.<\/p>\n\n\n\n<p>Para intentar evitar esta sintomatolog\u00eda o moderarla, los especialistas en Salud Mental del grupo Ribera facilitan diez consejos para una vuelta a la rutina saludable. Pero insisten en que si los s\u00edntomas se prolongan o nos superan, es importante pedir ayuda a un especialista.<\/p>\n\n\n\n<ul class=\"wp-block-list\"><li>Evitar, en la medida de lo posible, la vuelta brusca. No es buena idea reincorporarse a las pocas de horas de bajar de un avi\u00f3n.<\/li><li>Hacer una lista de prioridades, de mayor a menor urgencia.<\/li><li>Organizar los d\u00edas y semanas con cierta flexibilidad.<\/li><li>No mezclar horarios de vacaciones y de rutina de trabajo y mantener horarios regulares de sue\u00f1o.<\/li><li>Paciencia. No desesperarse por estar al 100% nada m\u00e1s llegar. Darnos tiempo para equilibrar las demandas del trabajo diario y organizar la vuelta.<\/li><li>Asumir que, aunque cueste, nos adaptaremos como cada a\u00f1o. Pedir ayuda si hace falta.<\/li><li>Incorporar o retomar actividades deportivas y\/o de ocio que ayudan en la sensaci\u00f3n de orden y horarios.<\/li><li>Poner en valor los momentos agradables y divertidos en el trabajo, como el reencuentro con compa\u00f1eros o los proyectos laborales ilusionantes.<\/li><li>Evitar la queja continua. No aporta nada positivo y puede enturbiar el ambiente de trabajo.<\/li><li>Aceptar y entender c\u00f3mo nos sentimos y aprender a tratarnos con amabilidad y cari\u00f1o.<\/li><\/ul>\n\n\n\n<p>Adem\u00e1s, en este breve&nbsp;<a href=\"https:\/\/youtu.be\/EdjqLeymL-E\" target=\"_blank\" rel=\"noreferrer noopener\">v\u00eddeo<\/a>, Bel\u00e9n V\u00e1zquez, psic\u00f3loga del grupo, da algunas claves para ayudar a gestionar el estr\u00e9s en el trabajo.<\/p>\n","protected":false,"gt_translate_keys":[{"key":"rendered","format":"html"}]},"excerpt":{"rendered":"<p>\u00b7&nbsp;&nbsp;&nbsp;&nbsp;&nbsp;&nbsp;&nbsp;Psiquiatras y psic\u00f3logos del grupo sanitario Ribera explican que no existe un s\u00edndrome posvacacional como tal \u201cpero los s\u00edntomas de una mala adaptaci\u00f3n al d\u00eda a d\u00eda pueden interferir en nuestro trabajo y bienestar personal\u201d \u00b7&nbsp;&nbsp;&nbsp;&nbsp;&nbsp;&nbsp;&nbsp;Facilitan diez consejos para una vuelta saludable al trabajo o los estudios, entre los que destacan hacer una lista de &#8230; <a title=\"Especialistas en Salud Mental recomiendan una vuelta a la rutina progresiva para evitar ansiedad, insomnio o apat\u00eda\" class=\"read-more\" href=\"https:\/\/riberasalud.com\/povisa\/especialistas-en-salud-mental-recomiendan-una-vuelta-a-la-rutina-progresiva\/\" aria-label=\"Leer m\u00e1s sobre Especialistas en Salud Mental recomiendan una vuelta a la rutina progresiva para evitar ansiedad, insomnio o apat\u00eda\">Leer m\u00e1s<\/a><\/p>\n","protected":false,"gt_translate_keys":[{"key":"rendered","format":"html"}]},"author":2,"featured_media":7926,"comment_status":"closed","ping_status":"closed","sticky":false,"template":"","format":"standard","meta":{"_coblocks_attr":"","_coblocks_dimensions":"","_coblocks_responsive_height":"","_coblocks_accordion_ie_support":"","_monsterinsights_skip_tracking":false,"_monsterinsights_sitenote_active":false,"_monsterinsights_sitenote_note":"","_monsterinsights_sitenote_category":0,"footnotes":""},"categories":[1],"tags":[],"class_list":["post-7923","post","type-post","status-publish","format-standard","has-post-thumbnail","hentry","category-sin-categoria"],"yoast_head":"<!-- This site is optimized with the Yoast SEO plugin v27.4 - https:\/\/yoast.com\/product\/yoast-seo-wordpress\/ -->\n<title>\u25b7 Especialistas en Salud Mental recomiendan una vuelta a la rutina progresiva para evitar ansiedad, insomnio o apat\u00eda | Hospital Ribera Povisa<\/title>\n<meta name=\"description\" content=\"lll\u1405 \u00b7&nbsp;&nbsp;&nbsp;&nbsp;&nbsp;&nbsp;&nbsp;Psiquiatras y psic\u00f3logos del grupo sanitario Ribera explican que no existe un s\u00edndrome posvacacional como tal \u2705Especialistas en Salud Mental del grupo sanitario Ribera recomiendan, en la medida de lo posible, una vuelta progresiva a la rutina del trabajo o los estudios para evitar los s\u00edntomas que en ocasiones acompa\u00f1an a quienes terminan sus vacaciones estos d\u00edas. \u201cDespu\u00e9s del verano y el descanso, muchos de nosotros hacemos acrobacias para encajar las obligaciones laborales con las agendas de los ni\u00f1os y la gesti\u00f3n familiar. Afrontar la vuelta a la rutina puede desencadenar sintomatolog\u00eda ansiosa, sentimientos de tristeza, apat\u00eda, fatiga mental y f\u00edsica e incluso somnolencia\u201d, explica Bel\u00e9n V\u00e1zquez, psic\u00f3loga del hospital Ribera Polusa (Lugo).\" \/>\n<meta name=\"robots\" content=\"index, follow, max-snippet:-1, max-image-preview:large, max-video-preview:-1\" \/>\n<link rel=\"canonical\" href=\"https:\/\/riberasalud.com\/povisa\/especialistas-en-salud-mental-recomiendan-una-vuelta-a-la-rutina-progresiva\/\" \/>\n<meta property=\"og:locale\" content=\"es_ES\" \/>\n<meta property=\"og:type\" content=\"article\" \/>\n<meta property=\"og:title\" content=\"\u25b7 Especialistas en Salud Mental recomiendan una vuelta a la rutina progresiva para evitar ansiedad, insomnio o apat\u00eda | Hospital Ribera Povisa\" \/>\n<meta property=\"og:description\" content=\"lll\u1405 \u00b7&nbsp;&nbsp;&nbsp;&nbsp;&nbsp;&nbsp;&nbsp;Psiquiatras y psic\u00f3logos del grupo sanitario Ribera explican que no existe un s\u00edndrome posvacacional como tal \u2705Especialistas en Salud Mental del grupo sanitario Ribera recomiendan, en la medida de lo posible, una vuelta progresiva a la rutina del trabajo o los estudios para evitar los s\u00edntomas que en ocasiones acompa\u00f1an a quienes terminan sus vacaciones estos d\u00edas. \u201cDespu\u00e9s del verano y el descanso, muchos de nosotros hacemos acrobacias para encajar las obligaciones laborales con las agendas de los ni\u00f1os y la gesti\u00f3n familiar. Afrontar la vuelta a la rutina puede desencadenar sintomatolog\u00eda ansiosa, sentimientos de tristeza, apat\u00eda, fatiga mental y f\u00edsica e incluso somnolencia\u201d, explica Bel\u00e9n V\u00e1zquez, psic\u00f3loga del hospital Ribera Polusa (Lugo).\" \/>\n<meta property=\"og:url\" content=\"https:\/\/riberasalud.com\/povisa\/especialistas-en-salud-mental-recomiendan-una-vuelta-a-la-rutina-progresiva\/\" \/>\n<meta property=\"og:site_name\" content=\"Hospital Ribera Povisa\" \/>\n<meta property=\"article:published_time\" content=\"2022-09-01T11:36:50+00:00\" \/>\n<meta property=\"og:image\" content=\"https:\/\/riberasalud.com\/povisa\/wp-content\/uploads\/2022\/09\/Dos-de-las-terapeutas-del-grupo-Ribera-preparadas-para-una-videoconsulta-scaled-2.jpg\" \/>\n\t<meta property=\"og:image:width\" content=\"2560\" \/>\n\t<meta property=\"og:image:height\" content=\"1707\" \/>\n\t<meta property=\"og:image:type\" content=\"image\/jpeg\" \/>\n<meta name=\"author\" content=\"comunicacion\" \/>\n<meta name=\"twitter:card\" content=\"summary_large_image\" \/>\n<meta name=\"twitter:label1\" content=\"Escrito por\" \/>\n\t<meta name=\"twitter:data1\" content=\"comunicacion\" \/>\n\t<meta name=\"twitter:label2\" content=\"Tiempo de lectura\" \/>\n\t<meta name=\"twitter:data2\" content=\"3 minutos\" \/>\n<script type=\"application\/ld+json\" class=\"yoast-schema-graph\">{\"@context\":\"https:\\\/\\\/schema.org\",\"@graph\":[{\"@type\":\"Article\",\"@id\":\"https:\\\/\\\/riberasalud.com\\\/povisa\\\/especialistas-en-salud-mental-recomiendan-una-vuelta-a-la-rutina-progresiva\\\/#article\",\"isPartOf\":{\"@id\":\"https:\\\/\\\/riberasalud.com\\\/povisa\\\/especialistas-en-salud-mental-recomiendan-una-vuelta-a-la-rutina-progresiva\\\/\"},\"author\":{\"name\":\"comunicacion\",\"@id\":\"https:\\\/\\\/riberasalud.com\\\/povisa\\\/#\\\/schema\\\/person\\\/a86021b8be1af47eab6013c92aef8cb2\"},\"headline\":\"Especialistas en Salud Mental recomiendan una vuelta a la rutina progresiva para evitar ansiedad, insomnio o apat\u00eda\",\"datePublished\":\"2022-09-01T11:36:50+00:00\",\"mainEntityOfPage\":{\"@id\":\"https:\\\/\\\/riberasalud.com\\\/povisa\\\/especialistas-en-salud-mental-recomiendan-una-vuelta-a-la-rutina-progresiva\\\/\"},\"wordCount\":748,\"publisher\":{\"@id\":\"https:\\\/\\\/riberasalud.com\\\/povisa\\\/#organization\"},\"image\":{\"@id\":\"https:\\\/\\\/riberasalud.com\\\/povisa\\\/especialistas-en-salud-mental-recomiendan-una-vuelta-a-la-rutina-progresiva\\\/#primaryimage\"},\"thumbnailUrl\":\"https:\\\/\\\/riberasalud.com\\\/povisa\\\/wp-content\\\/uploads\\\/2022\\\/09\\\/Dos-de-las-terapeutas-del-grupo-Ribera-preparadas-para-una-videoconsulta-scaled-2.jpg\",\"inLanguage\":\"es\"},{\"@type\":\"WebPage\",\"@id\":\"https:\\\/\\\/riberasalud.com\\\/povisa\\\/especialistas-en-salud-mental-recomiendan-una-vuelta-a-la-rutina-progresiva\\\/\",\"url\":\"https:\\\/\\\/riberasalud.com\\\/povisa\\\/especialistas-en-salud-mental-recomiendan-una-vuelta-a-la-rutina-progresiva\\\/\",\"name\":\"\u25b7 Especialistas en Salud Mental recomiendan una vuelta a la rutina progresiva para evitar ansiedad, insomnio o apat\u00eda | Hospital Ribera Povisa\",\"isPartOf\":{\"@id\":\"https:\\\/\\\/riberasalud.com\\\/povisa\\\/#website\"},\"primaryImageOfPage\":{\"@id\":\"https:\\\/\\\/riberasalud.com\\\/povisa\\\/especialistas-en-salud-mental-recomiendan-una-vuelta-a-la-rutina-progresiva\\\/#primaryimage\"},\"image\":{\"@id\":\"https:\\\/\\\/riberasalud.com\\\/povisa\\\/especialistas-en-salud-mental-recomiendan-una-vuelta-a-la-rutina-progresiva\\\/#primaryimage\"},\"thumbnailUrl\":\"https:\\\/\\\/riberasalud.com\\\/povisa\\\/wp-content\\\/uploads\\\/2022\\\/09\\\/Dos-de-las-terapeutas-del-grupo-Ribera-preparadas-para-una-videoconsulta-scaled-2.jpg\",\"datePublished\":\"2022-09-01T11:36:50+00:00\",\"description\":\"lll\u1405 \u00b7&nbsp;&nbsp;&nbsp;&nbsp;&nbsp;&nbsp;&nbsp;Psiquiatras y psic\u00f3logos del grupo sanitario Ribera explican que no existe un s\u00edndrome posvacacional como tal \u2705Especialistas en Salud Mental del grupo sanitario Ribera recomiendan, en la medida de lo posible, una vuelta progresiva a la rutina del trabajo o los estudios para evitar los s\u00edntomas que en ocasiones acompa\u00f1an a quienes terminan sus vacaciones estos d\u00edas. \u201cDespu\u00e9s del verano y el descanso, muchos de nosotros hacemos acrobacias para encajar las obligaciones laborales con las agendas de los ni\u00f1os y la gesti\u00f3n familiar. Afrontar la vuelta a la rutina puede desencadenar sintomatolog\u00eda ansiosa, sentimientos de tristeza, apat\u00eda, fatiga mental y f\u00edsica e incluso somnolencia\u201d, explica Bel\u00e9n V\u00e1zquez, psic\u00f3loga del hospital Ribera Polusa (Lugo).\",\"inLanguage\":\"es\",\"potentialAction\":[{\"@type\":\"ReadAction\",\"target\":[\"https:\\\/\\\/riberasalud.com\\\/povisa\\\/especialistas-en-salud-mental-recomiendan-una-vuelta-a-la-rutina-progresiva\\\/\"]}]},{\"@type\":\"ImageObject\",\"inLanguage\":\"es\",\"@id\":\"https:\\\/\\\/riberasalud.com\\\/povisa\\\/especialistas-en-salud-mental-recomiendan-una-vuelta-a-la-rutina-progresiva\\\/#primaryimage\",\"url\":\"https:\\\/\\\/riberasalud.com\\\/povisa\\\/wp-content\\\/uploads\\\/2022\\\/09\\\/Dos-de-las-terapeutas-del-grupo-Ribera-preparadas-para-una-videoconsulta-scaled-2.jpg\",\"contentUrl\":\"https:\\\/\\\/riberasalud.com\\\/povisa\\\/wp-content\\\/uploads\\\/2022\\\/09\\\/Dos-de-las-terapeutas-del-grupo-Ribera-preparadas-para-una-videoconsulta-scaled-2.jpg\",\"width\":2560,\"height\":1707},{\"@type\":\"WebSite\",\"@id\":\"https:\\\/\\\/riberasalud.com\\\/povisa\\\/#website\",\"url\":\"https:\\\/\\\/riberasalud.com\\\/povisa\\\/\",\"name\":\"Hospital Ribera Povisa\",\"description\":\"\",\"publisher\":{\"@id\":\"https:\\\/\\\/riberasalud.com\\\/povisa\\\/#organization\"},\"potentialAction\":[{\"@type\":\"SearchAction\",\"target\":{\"@type\":\"EntryPoint\",\"urlTemplate\":\"https:\\\/\\\/riberasalud.com\\\/povisa\\\/?s={search_term_string}\"},\"query-input\":{\"@type\":\"PropertyValueSpecification\",\"valueRequired\":true,\"valueName\":\"search_term_string\"}}],\"inLanguage\":\"es\"},{\"@type\":\"Organization\",\"@id\":\"https:\\\/\\\/riberasalud.com\\\/povisa\\\/#organization\",\"name\":\"Hospital Ribera Povisa\",\"url\":\"https:\\\/\\\/riberasalud.com\\\/povisa\\\/\",\"logo\":{\"@type\":\"ImageObject\",\"inLanguage\":\"es\",\"@id\":\"https:\\\/\\\/riberasalud.com\\\/povisa\\\/#\\\/schema\\\/logo\\\/image\\\/\",\"url\":\"https:\\\/\\\/riberasalud.com\\\/povisa\\\/wp-content\\\/uploads\\\/2024\\\/01\\\/cropped-Logo-Red-Povisa.png\",\"contentUrl\":\"https:\\\/\\\/riberasalud.com\\\/povisa\\\/wp-content\\\/uploads\\\/2024\\\/01\\\/cropped-Logo-Red-Povisa.png\",\"width\":1929,\"height\":489,\"caption\":\"Hospital Ribera Povisa\"},\"image\":{\"@id\":\"https:\\\/\\\/riberasalud.com\\\/povisa\\\/#\\\/schema\\\/logo\\\/image\\\/\"}},{\"@type\":\"Person\",\"@id\":\"https:\\\/\\\/riberasalud.com\\\/povisa\\\/#\\\/schema\\\/person\\\/a86021b8be1af47eab6013c92aef8cb2\",\"name\":\"comunicacion\",\"image\":{\"@type\":\"ImageObject\",\"inLanguage\":\"es\",\"@id\":\"https:\\\/\\\/secure.gravatar.com\\\/avatar\\\/60cbbba75f9dfb772d5274ba6ef24949409430d363a66afa01a67aac15877cc8?s=96&d=mm&r=g\",\"url\":\"https:\\\/\\\/secure.gravatar.com\\\/avatar\\\/60cbbba75f9dfb772d5274ba6ef24949409430d363a66afa01a67aac15877cc8?s=96&d=mm&r=g\",\"contentUrl\":\"https:\\\/\\\/secure.gravatar.com\\\/avatar\\\/60cbbba75f9dfb772d5274ba6ef24949409430d363a66afa01a67aac15877cc8?s=96&d=mm&r=g\",\"caption\":\"comunicacion\"},\"url\":\"https:\\\/\\\/riberasalud.com\\\/povisa\\\/author\\\/comunicacion\\\/\"}]}<\/script>\n<!-- \/ Yoast SEO plugin. -->","yoast_head_json":{"title":"\u25b7 Especialistas en Salud Mental recomiendan una vuelta a la rutina progresiva para evitar ansiedad, insomnio o apat\u00eda | Hospital Ribera Povisa","description":"lll\u1405 \u00b7&nbsp;&nbsp;&nbsp;&nbsp;&nbsp;&nbsp;&nbsp;Psiquiatras y psic\u00f3logos del grupo sanitario Ribera explican que no existe un s\u00edndrome posvacacional como tal \u2705Especialistas en Salud Mental del grupo sanitario Ribera recomiendan, en la medida de lo posible, una vuelta progresiva a la rutina del trabajo o los estudios para evitar los s\u00edntomas que en ocasiones acompa\u00f1an a quienes terminan sus vacaciones estos d\u00edas. \u201cDespu\u00e9s del verano y el descanso, muchos de nosotros hacemos acrobacias para encajar las obligaciones laborales con las agendas de los ni\u00f1os y la gesti\u00f3n familiar. Afrontar la vuelta a la rutina puede desencadenar sintomatolog\u00eda ansiosa, sentimientos de tristeza, apat\u00eda, fatiga mental y f\u00edsica e incluso somnolencia\u201d, explica Bel\u00e9n V\u00e1zquez, psic\u00f3loga del hospital Ribera Polusa (Lugo).","robots":{"index":"index","follow":"follow","max-snippet":"max-snippet:-1","max-image-preview":"max-image-preview:large","max-video-preview":"max-video-preview:-1"},"canonical":"https:\/\/riberasalud.com\/povisa\/especialistas-en-salud-mental-recomiendan-una-vuelta-a-la-rutina-progresiva\/","og_locale":"es_ES","og_type":"article","og_title":"\u25b7 Especialistas en Salud Mental recomiendan una vuelta a la rutina progresiva para evitar ansiedad, insomnio o apat\u00eda | Hospital Ribera Povisa","og_description":"lll\u1405 \u00b7&nbsp;&nbsp;&nbsp;&nbsp;&nbsp;&nbsp;&nbsp;Psiquiatras y psic\u00f3logos del grupo sanitario Ribera explican que no existe un s\u00edndrome posvacacional como tal \u2705Especialistas en Salud Mental del grupo sanitario Ribera recomiendan, en la medida de lo posible, una vuelta progresiva a la rutina del trabajo o los estudios para evitar los s\u00edntomas que en ocasiones acompa\u00f1an a quienes terminan sus vacaciones estos d\u00edas. \u201cDespu\u00e9s del verano y el descanso, muchos de nosotros hacemos acrobacias para encajar las obligaciones laborales con las agendas de los ni\u00f1os y la gesti\u00f3n familiar. Afrontar la vuelta a la rutina puede desencadenar sintomatolog\u00eda ansiosa, sentimientos de tristeza, apat\u00eda, fatiga mental y f\u00edsica e incluso somnolencia\u201d, explica Bel\u00e9n V\u00e1zquez, psic\u00f3loga del hospital Ribera Polusa (Lugo).","og_url":"https:\/\/riberasalud.com\/povisa\/especialistas-en-salud-mental-recomiendan-una-vuelta-a-la-rutina-progresiva\/","og_site_name":"Hospital Ribera Povisa","article_published_time":"2022-09-01T11:36:50+00:00","og_image":[{"width":2560,"height":1707,"url":"https:\/\/riberasalud.com\/povisa\/wp-content\/uploads\/2022\/09\/Dos-de-las-terapeutas-del-grupo-Ribera-preparadas-para-una-videoconsulta-scaled-2.jpg","type":"image\/jpeg"}],"author":"comunicacion","twitter_card":"summary_large_image","twitter_misc":{"Escrito por":"comunicacion","Tiempo de lectura":"3 minutos"},"schema":{"@context":"https:\/\/schema.org","@graph":[{"@type":"Article","@id":"https:\/\/riberasalud.com\/povisa\/especialistas-en-salud-mental-recomiendan-una-vuelta-a-la-rutina-progresiva\/#article","isPartOf":{"@id":"https:\/\/riberasalud.com\/povisa\/especialistas-en-salud-mental-recomiendan-una-vuelta-a-la-rutina-progresiva\/"},"author":{"name":"comunicacion","@id":"https:\/\/riberasalud.com\/povisa\/#\/schema\/person\/a86021b8be1af47eab6013c92aef8cb2"},"headline":"Especialistas en Salud Mental recomiendan una vuelta a la rutina progresiva para evitar ansiedad, insomnio o apat\u00eda","datePublished":"2022-09-01T11:36:50+00:00","mainEntityOfPage":{"@id":"https:\/\/riberasalud.com\/povisa\/especialistas-en-salud-mental-recomiendan-una-vuelta-a-la-rutina-progresiva\/"},"wordCount":748,"publisher":{"@id":"https:\/\/riberasalud.com\/povisa\/#organization"},"image":{"@id":"https:\/\/riberasalud.com\/povisa\/especialistas-en-salud-mental-recomiendan-una-vuelta-a-la-rutina-progresiva\/#primaryimage"},"thumbnailUrl":"https:\/\/riberasalud.com\/povisa\/wp-content\/uploads\/2022\/09\/Dos-de-las-terapeutas-del-grupo-Ribera-preparadas-para-una-videoconsulta-scaled-2.jpg","inLanguage":"es"},{"@type":"WebPage","@id":"https:\/\/riberasalud.com\/povisa\/especialistas-en-salud-mental-recomiendan-una-vuelta-a-la-rutina-progresiva\/","url":"https:\/\/riberasalud.com\/povisa\/especialistas-en-salud-mental-recomiendan-una-vuelta-a-la-rutina-progresiva\/","name":"\u25b7 Especialistas en Salud Mental recomiendan una vuelta a la rutina progresiva para evitar ansiedad, insomnio o apat\u00eda | Hospital Ribera Povisa","isPartOf":{"@id":"https:\/\/riberasalud.com\/povisa\/#website"},"primaryImageOfPage":{"@id":"https:\/\/riberasalud.com\/povisa\/especialistas-en-salud-mental-recomiendan-una-vuelta-a-la-rutina-progresiva\/#primaryimage"},"image":{"@id":"https:\/\/riberasalud.com\/povisa\/especialistas-en-salud-mental-recomiendan-una-vuelta-a-la-rutina-progresiva\/#primaryimage"},"thumbnailUrl":"https:\/\/riberasalud.com\/povisa\/wp-content\/uploads\/2022\/09\/Dos-de-las-terapeutas-del-grupo-Ribera-preparadas-para-una-videoconsulta-scaled-2.jpg","datePublished":"2022-09-01T11:36:50+00:00","description":"lll\u1405 \u00b7&nbsp;&nbsp;&nbsp;&nbsp;&nbsp;&nbsp;&nbsp;Psiquiatras y psic\u00f3logos del grupo sanitario Ribera explican que no existe un s\u00edndrome posvacacional como tal \u2705Especialistas en Salud Mental del grupo sanitario Ribera recomiendan, en la medida de lo posible, una vuelta progresiva a la rutina del trabajo o los estudios para evitar los s\u00edntomas que en ocasiones acompa\u00f1an a quienes terminan sus vacaciones estos d\u00edas. \u201cDespu\u00e9s del verano y el descanso, muchos de nosotros hacemos acrobacias para encajar las obligaciones laborales con las agendas de los ni\u00f1os y la gesti\u00f3n familiar. Afrontar la vuelta a la rutina puede desencadenar sintomatolog\u00eda ansiosa, sentimientos de tristeza, apat\u00eda, fatiga mental y f\u00edsica e incluso somnolencia\u201d, explica Bel\u00e9n V\u00e1zquez, psic\u00f3loga del hospital Ribera Polusa (Lugo).","inLanguage":"es","potentialAction":[{"@type":"ReadAction","target":["https:\/\/riberasalud.com\/povisa\/especialistas-en-salud-mental-recomiendan-una-vuelta-a-la-rutina-progresiva\/"]}]},{"@type":"ImageObject","inLanguage":"es","@id":"https:\/\/riberasalud.com\/povisa\/especialistas-en-salud-mental-recomiendan-una-vuelta-a-la-rutina-progresiva\/#primaryimage","url":"https:\/\/riberasalud.com\/povisa\/wp-content\/uploads\/2022\/09\/Dos-de-las-terapeutas-del-grupo-Ribera-preparadas-para-una-videoconsulta-scaled-2.jpg","contentUrl":"https:\/\/riberasalud.com\/povisa\/wp-content\/uploads\/2022\/09\/Dos-de-las-terapeutas-del-grupo-Ribera-preparadas-para-una-videoconsulta-scaled-2.jpg","width":2560,"height":1707},{"@type":"WebSite","@id":"https:\/\/riberasalud.com\/povisa\/#website","url":"https:\/\/riberasalud.com\/povisa\/","name":"Hospital Ribera Povisa","description":"","publisher":{"@id":"https:\/\/riberasalud.com\/povisa\/#organization"},"potentialAction":[{"@type":"SearchAction","target":{"@type":"EntryPoint","urlTemplate":"https:\/\/riberasalud.com\/povisa\/?s={search_term_string}"},"query-input":{"@type":"PropertyValueSpecification","valueRequired":true,"valueName":"search_term_string"}}],"inLanguage":"es"},{"@type":"Organization","@id":"https:\/\/riberasalud.com\/povisa\/#organization","name":"Hospital Ribera Povisa","url":"https:\/\/riberasalud.com\/povisa\/","logo":{"@type":"ImageObject","inLanguage":"es","@id":"https:\/\/riberasalud.com\/povisa\/#\/schema\/logo\/image\/","url":"https:\/\/riberasalud.com\/povisa\/wp-content\/uploads\/2024\/01\/cropped-Logo-Red-Povisa.png","contentUrl":"https:\/\/riberasalud.com\/povisa\/wp-content\/uploads\/2024\/01\/cropped-Logo-Red-Povisa.png","width":1929,"height":489,"caption":"Hospital Ribera Povisa"},"image":{"@id":"https:\/\/riberasalud.com\/povisa\/#\/schema\/logo\/image\/"}},{"@type":"Person","@id":"https:\/\/riberasalud.com\/povisa\/#\/schema\/person\/a86021b8be1af47eab6013c92aef8cb2","name":"comunicacion","image":{"@type":"ImageObject","inLanguage":"es","@id":"https:\/\/secure.gravatar.com\/avatar\/60cbbba75f9dfb772d5274ba6ef24949409430d363a66afa01a67aac15877cc8?s=96&d=mm&r=g","url":"https:\/\/secure.gravatar.com\/avatar\/60cbbba75f9dfb772d5274ba6ef24949409430d363a66afa01a67aac15877cc8?s=96&d=mm&r=g","contentUrl":"https:\/\/secure.gravatar.com\/avatar\/60cbbba75f9dfb772d5274ba6ef24949409430d363a66afa01a67aac15877cc8?s=96&d=mm&r=g","caption":"comunicacion"},"url":"https:\/\/riberasalud.com\/povisa\/author\/comunicacion\/"}]}},"gt_translate_keys":[{"key":"link","format":"url"}],"_links":{"self":[{"href":"https:\/\/riberasalud.com\/povisa\/wp-json\/wp\/v2\/posts\/7923","targetHints":{"allow":["GET"]}}],"collection":[{"href":"https:\/\/riberasalud.com\/povisa\/wp-json\/wp\/v2\/posts"}],"about":[{"href":"https:\/\/riberasalud.com\/povisa\/wp-json\/wp\/v2\/types\/post"}],"author":[{"embeddable":true,"href":"https:\/\/riberasalud.com\/povisa\/wp-json\/wp\/v2\/users\/2"}],"replies":[{"embeddable":true,"href":"https:\/\/riberasalud.com\/povisa\/wp-json\/wp\/v2\/comments?post=7923"}],"version-history":[{"count":0,"href":"https:\/\/riberasalud.com\/povisa\/wp-json\/wp\/v2\/posts\/7923\/revisions"}],"wp:featuredmedia":[{"embeddable":true,"href":"https:\/\/riberasalud.com\/povisa\/wp-json\/wp\/v2\/media\/7926"}],"wp:attachment":[{"href":"https:\/\/riberasalud.com\/povisa\/wp-json\/wp\/v2\/media?parent=7923"}],"wp:term":[{"taxonomy":"category","embeddable":true,"href":"https:\/\/riberasalud.com\/povisa\/wp-json\/wp\/v2\/categories?post=7923"},{"taxonomy":"post_tag","embeddable":true,"href":"https:\/\/riberasalud.com\/povisa\/wp-json\/wp\/v2\/tags?post=7923"}],"curies":[{"name":"wp","href":"https:\/\/api.w.org\/{rel}","templated":true}]}}