{"id":6528,"date":"2021-12-26T10:04:00","date_gmt":"2021-12-26T10:04:00","guid":{"rendered":"https:\/\/riberasalud.com\/povisa\/?post_type=povisaenmedios&amp;p=6528"},"modified":"2021-12-26T10:04:00","modified_gmt":"2021-12-26T10:04:00","slug":"sexta-ola-la-voz-covid","status":"publish","type":"post","link":"https:\/\/riberasalud.com\/povisa\/sexta-ola-la-voz-covid\/","title":{"rendered":"La Voz de Galicia: Por qu\u00e9 la sexta ola del covid afecta m\u00e1s a Vigo que al resto de Galicia","gt_translate_keys":[{"key":"rendered","format":"text"}]},"content":{"rendered":"\n<p>Siete expertos han explicado en <a href=\"https:\/\/www.lavozdegalicia.es\/noticia\/vigo\/2021\/12\/26\/sexta-ola-afecta-vigo\/0003_202112V26C1991.htm\">La Voz de Galicia<\/a> las claves de este repunte del coronavirus, marcado por la variante \u00f3micron. Uno de ellos es el jefe de Medicina Interna de Ribera Povisa, Javier de la Fuente. \u00ab<strong>Los vacunados tienen cuadros leves y m\u00e1s recortados<\/strong>, est\u00e1n menos tiempo ingresados en el hospital\u00bb, dice Javier de la Fuente. Suelen recibir el alta entre cuatro y seis d\u00edas despu\u00e9s del ingreso\u00bb, ha explicado. <\/p>\n\n\n\n<figure class=\"wp-block-image size-large\"><img decoding=\"async\" src=\"https:\/\/riberasalud.com\/povisa\/wp-content\/uploads\/2021\/12\/Captura-de-pantalla-2021-12-28-a-las-11.06.39-779x1024.png\" alt=\"\" class=\"wp-image-6529\"\/><\/figure>\n\n\n\n<p><\/p>\n","protected":false,"gt_translate_keys":[{"key":"rendered","format":"html"}]},"excerpt":{"rendered":"<p>Siete expertos han explicado en La Voz de Galicia las claves de este repunte del coronavirus, marcado por la variante \u00f3micron. Uno de ellos es el jefe de Medicina Interna de Ribera Povisa, Javier de la Fuente. \u00abLos vacunados tienen cuadros leves y m\u00e1s recortados, est\u00e1n menos tiempo ingresados en el hospital\u00bb, dice Javier de &#8230; <a title=\"La Voz de Galicia: Por qu\u00e9 la sexta ola del covid afecta m\u00e1s a Vigo que al resto de Galicia\" class=\"read-more\" href=\"https:\/\/riberasalud.com\/povisa\/sexta-ola-la-voz-covid\/\" aria-label=\"Leer m\u00e1s sobre La Voz de Galicia: Por qu\u00e9 la sexta ola del covid afecta m\u00e1s a Vigo que al resto de Galicia\">Leer m\u00e1s<\/a><\/p>\n","protected":false,"gt_translate_keys":[{"key":"rendered","format":"html"}]},"author":2,"featured_media":0,"comment_status":"closed","ping_status":"closed","sticky":false,"template":"","format":"standard","meta":{"_coblocks_attr":"","_coblocks_dimensions":"","_coblocks_responsive_height":"","_coblocks_accordion_ie_support":"","_monsterinsights_skip_tracking":false,"_monsterinsights_sitenote_active":false,"_monsterinsights_sitenote_note":"","_monsterinsights_sitenote_category":0,"footnotes":""},"categories":[1],"tags":[],"class_list":["post-6528","post","type-post","status-publish","format-standard","hentry","category-sin-categoria"],"yoast_head":"<!-- This site is optimized with the Yoast SEO plugin v27.4 - https:\/\/yoast.com\/product\/yoast-seo-wordpress\/ -->\n<title>\u25b7 La Voz de Galicia: Por qu\u00e9 la sexta ola del covid afecta m\u00e1s a Vigo que al resto de Galicia | Hospital Ribera Povisa<\/title>\n<meta name=\"description\" content=\"lll\u1405 Siete expertos han explicado en La Voz de Galicia las claves de este repunte del coronavirus, marcado por la variante \u00f3micron. Uno de ellos es el jefe de \u2705 La Voz de Galicia: Por qu\u00e9 la sexta ola del covid afecta m\u00e1s a Vigo que al resto de Galicia\" \/>\n<meta name=\"robots\" content=\"index, follow, max-snippet:-1, max-image-preview:large, max-video-preview:-1\" \/>\n<link rel=\"canonical\" href=\"https:\/\/riberasalud.com\/povisa\/sexta-ola-la-voz-covid\/\" \/>\n<meta property=\"og:locale\" content=\"es_ES\" \/>\n<meta property=\"og:type\" content=\"article\" \/>\n<meta property=\"og:title\" content=\"\u25b7 La Voz de Galicia: Por qu\u00e9 la sexta ola del covid afecta m\u00e1s a Vigo que al resto de Galicia | Hospital Ribera Povisa\" \/>\n<meta property=\"og:description\" content=\"lll\u1405 Siete expertos han explicado en La Voz de Galicia las claves de este repunte del coronavirus, marcado por la variante \u00f3micron. Uno de ellos es el jefe de \u2705 La Voz de Galicia: Por qu\u00e9 la sexta ola del covid afecta m\u00e1s a Vigo que al resto de Galicia\" \/>\n<meta property=\"og:url\" content=\"https:\/\/riberasalud.com\/povisa\/sexta-ola-la-voz-covid\/\" \/>\n<meta property=\"og:site_name\" content=\"Hospital Ribera Povisa\" \/>\n<meta property=\"article:published_time\" content=\"2021-12-26T10:04:00+00:00\" \/>\n<meta property=\"og:image\" content=\"https:\/\/riberasalud.com\/povisa\/wp-content\/uploads\/2021\/12\/Captura-de-pantalla-2021-12-28-a-las-11.06.39-779x1024.png\" \/>\n<meta name=\"author\" content=\"comunicacion\" \/>\n<meta name=\"twitter:card\" content=\"summary_large_image\" \/>\n<meta name=\"twitter:label1\" content=\"Escrito por\" \/>\n\t<meta name=\"twitter:data1\" content=\"comunicacion\" \/>\n\t<meta name=\"twitter:label2\" content=\"Tiempo de lectura\" \/>\n\t<meta name=\"twitter:data2\" content=\"1 minuto\" \/>\n<script type=\"application\/ld+json\" class=\"yoast-schema-graph\">{\"@context\":\"https:\\\/\\\/schema.org\",\"@graph\":[{\"@type\":\"Article\",\"@id\":\"https:\\\/\\\/riberasalud.com\\\/povisa\\\/sexta-ola-la-voz-covid\\\/#article\",\"isPartOf\":{\"@id\":\"https:\\\/\\\/riberasalud.com\\\/povisa\\\/sexta-ola-la-voz-covid\\\/\"},\"author\":{\"name\":\"comunicacion\",\"@id\":\"https:\\\/\\\/riberasalud.com\\\/povisa\\\/#\\\/schema\\\/person\\\/a86021b8be1af47eab6013c92aef8cb2\"},\"headline\":\"La Voz de Galicia: Por qu\u00e9 la sexta ola del covid afecta m\u00e1s a Vigo que al resto de Galicia\",\"datePublished\":\"2021-12-26T10:04:00+00:00\",\"mainEntityOfPage\":{\"@id\":\"https:\\\/\\\/riberasalud.com\\\/povisa\\\/sexta-ola-la-voz-covid\\\/\"},\"wordCount\":96,\"publisher\":{\"@id\":\"https:\\\/\\\/riberasalud.com\\\/povisa\\\/#organization\"},\"image\":{\"@id\":\"https:\\\/\\\/riberasalud.com\\\/povisa\\\/sexta-ola-la-voz-covid\\\/#primaryimage\"},\"thumbnailUrl\":\"https:\\\/\\\/riberasalud.com\\\/povisa\\\/wp-content\\\/uploads\\\/2021\\\/12\\\/Captura-de-pantalla-2021-12-28-a-las-11.06.39-779x1024.png\",\"inLanguage\":\"es\"},{\"@type\":\"WebPage\",\"@id\":\"https:\\\/\\\/riberasalud.com\\\/povisa\\\/sexta-ola-la-voz-covid\\\/\",\"url\":\"https:\\\/\\\/riberasalud.com\\\/povisa\\\/sexta-ola-la-voz-covid\\\/\",\"name\":\"\u25b7 La Voz de Galicia: Por qu\u00e9 la sexta ola del covid afecta m\u00e1s a Vigo que al resto de Galicia | Hospital Ribera Povisa\",\"isPartOf\":{\"@id\":\"https:\\\/\\\/riberasalud.com\\\/povisa\\\/#website\"},\"primaryImageOfPage\":{\"@id\":\"https:\\\/\\\/riberasalud.com\\\/povisa\\\/sexta-ola-la-voz-covid\\\/#primaryimage\"},\"image\":{\"@id\":\"https:\\\/\\\/riberasalud.com\\\/povisa\\\/sexta-ola-la-voz-covid\\\/#primaryimage\"},\"thumbnailUrl\":\"https:\\\/\\\/riberasalud.com\\\/povisa\\\/wp-content\\\/uploads\\\/2021\\\/12\\\/Captura-de-pantalla-2021-12-28-a-las-11.06.39-779x1024.png\",\"datePublished\":\"2021-12-26T10:04:00+00:00\",\"description\":\"lll\u1405 Siete expertos han explicado en La Voz de Galicia las claves de este repunte del coronavirus, marcado por la variante \u00f3micron. Uno de ellos es el jefe de \u2705 La Voz de Galicia: Por qu\u00e9 la sexta ola del covid afecta m\u00e1s a Vigo que al resto de Galicia\",\"inLanguage\":\"es\",\"potentialAction\":[{\"@type\":\"ReadAction\",\"target\":[\"https:\\\/\\\/riberasalud.com\\\/povisa\\\/sexta-ola-la-voz-covid\\\/\"]}]},{\"@type\":\"ImageObject\",\"inLanguage\":\"es\",\"@id\":\"https:\\\/\\\/riberasalud.com\\\/povisa\\\/sexta-ola-la-voz-covid\\\/#primaryimage\",\"url\":\"https:\\\/\\\/riberasalud.com\\\/povisa\\\/wp-content\\\/uploads\\\/2021\\\/12\\\/Captura-de-pantalla-2021-12-28-a-las-11.06.39-779x1024.png\",\"contentUrl\":\"https:\\\/\\\/riberasalud.com\\\/povisa\\\/wp-content\\\/uploads\\\/2021\\\/12\\\/Captura-de-pantalla-2021-12-28-a-las-11.06.39-779x1024.png\"},{\"@type\":\"WebSite\",\"@id\":\"https:\\\/\\\/riberasalud.com\\\/povisa\\\/#website\",\"url\":\"https:\\\/\\\/riberasalud.com\\\/povisa\\\/\",\"name\":\"Hospital Ribera Povisa\",\"description\":\"\",\"publisher\":{\"@id\":\"https:\\\/\\\/riberasalud.com\\\/povisa\\\/#organization\"},\"potentialAction\":[{\"@type\":\"SearchAction\",\"target\":{\"@type\":\"EntryPoint\",\"urlTemplate\":\"https:\\\/\\\/riberasalud.com\\\/povisa\\\/?s={search_term_string}\"},\"query-input\":{\"@type\":\"PropertyValueSpecification\",\"valueRequired\":true,\"valueName\":\"search_term_string\"}}],\"inLanguage\":\"es\"},{\"@type\":\"Organization\",\"@id\":\"https:\\\/\\\/riberasalud.com\\\/povisa\\\/#organization\",\"name\":\"Hospital Ribera Povisa\",\"url\":\"https:\\\/\\\/riberasalud.com\\\/povisa\\\/\",\"logo\":{\"@type\":\"ImageObject\",\"inLanguage\":\"es\",\"@id\":\"https:\\\/\\\/riberasalud.com\\\/povisa\\\/#\\\/schema\\\/logo\\\/image\\\/\",\"url\":\"https:\\\/\\\/riberasalud.com\\\/povisa\\\/wp-content\\\/uploads\\\/2024\\\/01\\\/cropped-Logo-Red-Povisa.png\",\"contentUrl\":\"https:\\\/\\\/riberasalud.com\\\/povisa\\\/wp-content\\\/uploads\\\/2024\\\/01\\\/cropped-Logo-Red-Povisa.png\",\"width\":1929,\"height\":489,\"caption\":\"Hospital Ribera Povisa\"},\"image\":{\"@id\":\"https:\\\/\\\/riberasalud.com\\\/povisa\\\/#\\\/schema\\\/logo\\\/image\\\/\"}},{\"@type\":\"Person\",\"@id\":\"https:\\\/\\\/riberasalud.com\\\/povisa\\\/#\\\/schema\\\/person\\\/a86021b8be1af47eab6013c92aef8cb2\",\"name\":\"comunicacion\",\"image\":{\"@type\":\"ImageObject\",\"inLanguage\":\"es\",\"@id\":\"https:\\\/\\\/secure.gravatar.com\\\/avatar\\\/60cbbba75f9dfb772d5274ba6ef24949409430d363a66afa01a67aac15877cc8?s=96&d=mm&r=g\",\"url\":\"https:\\\/\\\/secure.gravatar.com\\\/avatar\\\/60cbbba75f9dfb772d5274ba6ef24949409430d363a66afa01a67aac15877cc8?s=96&d=mm&r=g\",\"contentUrl\":\"https:\\\/\\\/secure.gravatar.com\\\/avatar\\\/60cbbba75f9dfb772d5274ba6ef24949409430d363a66afa01a67aac15877cc8?s=96&d=mm&r=g\",\"caption\":\"comunicacion\"},\"url\":\"https:\\\/\\\/riberasalud.com\\\/povisa\\\/author\\\/comunicacion\\\/\"}]}<\/script>\n<!-- \/ Yoast SEO plugin. -->","yoast_head_json":{"title":"\u25b7 La Voz de Galicia: Por qu\u00e9 la sexta ola del covid afecta m\u00e1s a Vigo que al resto de Galicia | Hospital Ribera Povisa","description":"lll\u1405 Siete expertos han explicado en La Voz de Galicia las claves de este repunte del coronavirus, marcado por la variante \u00f3micron. Uno de ellos es el jefe de \u2705 La Voz de Galicia: Por qu\u00e9 la sexta ola del covid afecta m\u00e1s a Vigo que al resto de Galicia","robots":{"index":"index","follow":"follow","max-snippet":"max-snippet:-1","max-image-preview":"max-image-preview:large","max-video-preview":"max-video-preview:-1"},"canonical":"https:\/\/riberasalud.com\/povisa\/sexta-ola-la-voz-covid\/","og_locale":"es_ES","og_type":"article","og_title":"\u25b7 La Voz de Galicia: Por qu\u00e9 la sexta ola del covid afecta m\u00e1s a Vigo que al resto de Galicia | Hospital Ribera Povisa","og_description":"lll\u1405 Siete expertos han explicado en La Voz de Galicia las claves de este repunte del coronavirus, marcado por la variante \u00f3micron. Uno de ellos es el jefe de \u2705 La Voz de Galicia: Por qu\u00e9 la sexta ola del covid afecta m\u00e1s a Vigo que al resto de Galicia","og_url":"https:\/\/riberasalud.com\/povisa\/sexta-ola-la-voz-covid\/","og_site_name":"Hospital Ribera Povisa","article_published_time":"2021-12-26T10:04:00+00:00","og_image":[{"url":"https:\/\/riberasalud.com\/povisa\/wp-content\/uploads\/2021\/12\/Captura-de-pantalla-2021-12-28-a-las-11.06.39-779x1024.png","type":"","width":"","height":""}],"author":"comunicacion","twitter_card":"summary_large_image","twitter_misc":{"Escrito por":"comunicacion","Tiempo de lectura":"1 minuto"},"schema":{"@context":"https:\/\/schema.org","@graph":[{"@type":"Article","@id":"https:\/\/riberasalud.com\/povisa\/sexta-ola-la-voz-covid\/#article","isPartOf":{"@id":"https:\/\/riberasalud.com\/povisa\/sexta-ola-la-voz-covid\/"},"author":{"name":"comunicacion","@id":"https:\/\/riberasalud.com\/povisa\/#\/schema\/person\/a86021b8be1af47eab6013c92aef8cb2"},"headline":"La Voz de Galicia: Por qu\u00e9 la sexta ola del covid afecta m\u00e1s a Vigo que al resto de Galicia","datePublished":"2021-12-26T10:04:00+00:00","mainEntityOfPage":{"@id":"https:\/\/riberasalud.com\/povisa\/sexta-ola-la-voz-covid\/"},"wordCount":96,"publisher":{"@id":"https:\/\/riberasalud.com\/povisa\/#organization"},"image":{"@id":"https:\/\/riberasalud.com\/povisa\/sexta-ola-la-voz-covid\/#primaryimage"},"thumbnailUrl":"https:\/\/riberasalud.com\/povisa\/wp-content\/uploads\/2021\/12\/Captura-de-pantalla-2021-12-28-a-las-11.06.39-779x1024.png","inLanguage":"es"},{"@type":"WebPage","@id":"https:\/\/riberasalud.com\/povisa\/sexta-ola-la-voz-covid\/","url":"https:\/\/riberasalud.com\/povisa\/sexta-ola-la-voz-covid\/","name":"\u25b7 La Voz de Galicia: Por qu\u00e9 la sexta ola del covid afecta m\u00e1s a Vigo que al resto de Galicia | Hospital Ribera Povisa","isPartOf":{"@id":"https:\/\/riberasalud.com\/povisa\/#website"},"primaryImageOfPage":{"@id":"https:\/\/riberasalud.com\/povisa\/sexta-ola-la-voz-covid\/#primaryimage"},"image":{"@id":"https:\/\/riberasalud.com\/povisa\/sexta-ola-la-voz-covid\/#primaryimage"},"thumbnailUrl":"https:\/\/riberasalud.com\/povisa\/wp-content\/uploads\/2021\/12\/Captura-de-pantalla-2021-12-28-a-las-11.06.39-779x1024.png","datePublished":"2021-12-26T10:04:00+00:00","description":"lll\u1405 Siete expertos han explicado en La Voz de Galicia las claves de este repunte del coronavirus, marcado por la variante \u00f3micron. Uno de ellos es el jefe de \u2705 La Voz de Galicia: Por qu\u00e9 la sexta ola del covid afecta m\u00e1s a Vigo que al resto de Galicia","inLanguage":"es","potentialAction":[{"@type":"ReadAction","target":["https:\/\/riberasalud.com\/povisa\/sexta-ola-la-voz-covid\/"]}]},{"@type":"ImageObject","inLanguage":"es","@id":"https:\/\/riberasalud.com\/povisa\/sexta-ola-la-voz-covid\/#primaryimage","url":"https:\/\/riberasalud.com\/povisa\/wp-content\/uploads\/2021\/12\/Captura-de-pantalla-2021-12-28-a-las-11.06.39-779x1024.png","contentUrl":"https:\/\/riberasalud.com\/povisa\/wp-content\/uploads\/2021\/12\/Captura-de-pantalla-2021-12-28-a-las-11.06.39-779x1024.png"},{"@type":"WebSite","@id":"https:\/\/riberasalud.com\/povisa\/#website","url":"https:\/\/riberasalud.com\/povisa\/","name":"Hospital Ribera Povisa","description":"","publisher":{"@id":"https:\/\/riberasalud.com\/povisa\/#organization"},"potentialAction":[{"@type":"SearchAction","target":{"@type":"EntryPoint","urlTemplate":"https:\/\/riberasalud.com\/povisa\/?s={search_term_string}"},"query-input":{"@type":"PropertyValueSpecification","valueRequired":true,"valueName":"search_term_string"}}],"inLanguage":"es"},{"@type":"Organization","@id":"https:\/\/riberasalud.com\/povisa\/#organization","name":"Hospital Ribera Povisa","url":"https:\/\/riberasalud.com\/povisa\/","logo":{"@type":"ImageObject","inLanguage":"es","@id":"https:\/\/riberasalud.com\/povisa\/#\/schema\/logo\/image\/","url":"https:\/\/riberasalud.com\/povisa\/wp-content\/uploads\/2024\/01\/cropped-Logo-Red-Povisa.png","contentUrl":"https:\/\/riberasalud.com\/povisa\/wp-content\/uploads\/2024\/01\/cropped-Logo-Red-Povisa.png","width":1929,"height":489,"caption":"Hospital Ribera Povisa"},"image":{"@id":"https:\/\/riberasalud.com\/povisa\/#\/schema\/logo\/image\/"}},{"@type":"Person","@id":"https:\/\/riberasalud.com\/povisa\/#\/schema\/person\/a86021b8be1af47eab6013c92aef8cb2","name":"comunicacion","image":{"@type":"ImageObject","inLanguage":"es","@id":"https:\/\/secure.gravatar.com\/avatar\/60cbbba75f9dfb772d5274ba6ef24949409430d363a66afa01a67aac15877cc8?s=96&d=mm&r=g","url":"https:\/\/secure.gravatar.com\/avatar\/60cbbba75f9dfb772d5274ba6ef24949409430d363a66afa01a67aac15877cc8?s=96&d=mm&r=g","contentUrl":"https:\/\/secure.gravatar.com\/avatar\/60cbbba75f9dfb772d5274ba6ef24949409430d363a66afa01a67aac15877cc8?s=96&d=mm&r=g","caption":"comunicacion"},"url":"https:\/\/riberasalud.com\/povisa\/author\/comunicacion\/"}]}},"gt_translate_keys":[{"key":"link","format":"url"}],"_links":{"self":[{"href":"https:\/\/riberasalud.com\/povisa\/wp-json\/wp\/v2\/posts\/6528","targetHints":{"allow":["GET"]}}],"collection":[{"href":"https:\/\/riberasalud.com\/povisa\/wp-json\/wp\/v2\/posts"}],"about":[{"href":"https:\/\/riberasalud.com\/povisa\/wp-json\/wp\/v2\/types\/post"}],"author":[{"embeddable":true,"href":"https:\/\/riberasalud.com\/povisa\/wp-json\/wp\/v2\/users\/2"}],"replies":[{"embeddable":true,"href":"https:\/\/riberasalud.com\/povisa\/wp-json\/wp\/v2\/comments?post=6528"}],"version-history":[{"count":0,"href":"https:\/\/riberasalud.com\/povisa\/wp-json\/wp\/v2\/posts\/6528\/revisions"}],"wp:attachment":[{"href":"https:\/\/riberasalud.com\/povisa\/wp-json\/wp\/v2\/media?parent=6528"}],"wp:term":[{"taxonomy":"category","embeddable":true,"href":"https:\/\/riberasalud.com\/povisa\/wp-json\/wp\/v2\/categories?post=6528"},{"taxonomy":"post_tag","embeddable":true,"href":"https:\/\/riberasalud.com\/povisa\/wp-json\/wp\/v2\/tags?post=6528"}],"curies":[{"name":"wp","href":"https:\/\/api.w.org\/{rel}","templated":true}]}}