{"id":4795,"date":"2021-06-29T10:36:19","date_gmt":"2021-06-29T10:36:19","guid":{"rendered":"https:\/\/riberasalud.com\/povisa\/?p=4795"},"modified":"2021-06-29T10:36:19","modified_gmt":"2021-06-29T10:36:19","slug":"covid-miedo-estres-ira-desgaste-emocional-pacientes-cronicos","status":"publish","type":"post","link":"https:\/\/riberasalud.com\/povisa\/covid-miedo-estres-ira-desgaste-emocional-pacientes-cronicos\/","title":{"rendered":"El Covid provoca m\u00e1s miedo, estr\u00e9s, ira, desgaste y labilidad emocional en pacientes cr\u00f3nicos, seg\u00fan especialistas de Ribera","gt_translate_keys":[{"key":"rendered","format":"text"}]},"content":{"rendered":"\n<figure class=\"wp-block-image size-large\"><img decoding=\"async\" src=\"https:\/\/riberasalud.com\/povisa\/wp-content\/uploads\/2021\/06\/Distancia-social-y-mascarilla-Hospitales-Ribera-1-1024x683.jpg\" alt=\"\" class=\"wp-image-4797\"\/><\/figure>\n\n\n\n<ul class=\"wp-block-list\"><li>Profesionales de los servicios de Salud Mental y responsables asistenciales de los hospitales del grupo sanitario Ribera alertan sobre las consecuencias de la reducci\u00f3n de la vida social y las visitas en pacientes con enfermedades largas<\/li><li>El progreso de la vacunaci\u00f3n mejora sus expectativas con la recuperaci\u00f3n de parte de la actividad social y les proporciona energ\u00eda para continuar con sus tratamientos<\/li><\/ul>\n\n\n\n<p>Profesionales de los servicios de Salud Mental y responsables asistenciales de los hospitales del <a href=\"https:\/\/www.riberasalud.com\/\">grupo Ribera<\/a> alertan sobre una mayor presencia de emociones negativas y alteraciones en el \u00e1nimo de los pacientes cr\u00f3nicos, como consecuencia de la pandemia. El Covid provoca m\u00e1s miedo, estr\u00e9s, ira, desgaste y labilidad emocional (cambios r\u00e1pidos en el estado de \u00e1nimo) en estos pacientes que en el resto de la poblaci\u00f3n, seg\u00fan explica el jefe del Servicio de Salud Mental del <a href=\"https:\/\/www.vinaloposalud.com\/\">Hospital Universitario del Vinalop\u00f3<\/a>, el doctor Jes\u00fas Mesones. \u201cDurante estos meses, el desgaste emocional est\u00e1 siendo muy importante, sobre todo por la disminuci\u00f3n de las relaciones sociales y la falta de visitas m\u00e9dicas, que ha hecho empeorar la calidad de vida de muchos pacientes\u201d, asegura.<\/p>\n\n\n\n<p>Para Jos\u00e9 Miguel Barahonda, psic\u00f3logo cl\u00ednico de la Unidad de Salud Mental del <a href=\"https:\/\/www.hospitaldetorrejon.es\/\">Hospital Universitario de Torrej\u00f3n<\/a>, gestionado por el grupo Ribera, \u201cla situaci\u00f3n de crisis que vivimos, nos ha llevado a todos a enfocar y a veces sobredimensionar&nbsp; el malestar preexistente en nuestra vida, sin poder recurrir a las soluciones previas que hasta esta fecha nos manten\u00edan distra\u00eddos o en equilibrio, porque tenemos menos contacto con los dem\u00e1s y participamos en menos actividades culturales o de ocio fuera de casa\u201d. Asegura, adem\u00e1s, que \u201cla p\u00e9rdida de familiares, que pueden ser adem\u00e1s los cuidadores principales, la ruptura de relaciones o los problemas econ\u00f3micos son factores que han podido agravar patolog\u00edas previas, y tambi\u00e9n han podido surgir s\u00edntomas que no hab\u00eda aparecido hasta la fecha como el abuso de alcohol, trastornos alimentarios, sintomatolog\u00eda obsesiva o ansiosa\u201d. \u201cNadie est\u00e1 inmunizado para el dolor y las situaciones complicadas\u201d, a\u00f1ade.<\/p>\n\n\n\n<p>El jefe de Psiquiatr\u00eda del <a href=\"https:\/\/riberasalud.com\/povisa\/\">Hospital Ribera Povisa<\/a>, el doctor Leonello Forti, asegura por su parte que \u201cla reacci\u00f3n a la pandemia entre estos pacientes depende de la personalidad previa y tambi\u00e9n del tipo de enfermedad que sufren\u201d. Sin embargo, apunta que \u201clas personalidades m\u00e1s afectadas por la pandemia son las histri\u00f3nicas e hipocondr\u00edacas\u201d, mientras que las menos afectadas resultan ser las esquizoides y evitativas. En general, a\u00f1ade, \u201chay dos grupos de pacientes cr\u00f3nicos: los preocupados por s\u00ed mismos, que est\u00e1n hipervigilantes para no ser contagiados; y los que son m\u00e1s compasivos, se vuelcan en los otros y se preocupan ante todo por no contagiar, sobre todo a personas mayores\u201d.<\/p>\n\n\n\n<p>Para la responsable asistencial del <a href=\"https:\/\/riberasalud.com\/almendralejo\/\">Hospital Ribera Almendralejo<\/a>, Mari Carmen Mac\u00edas, donde se atiende a un volumen importante de pacientes cr\u00f3nicos, \u201cse percibe una mayor labilidad emocional como consecuencia de esta pandemia, con tendencia a estados de \u00e1nimo depresivos, agravado por las restricciones en el r\u00e9gimen de visitas durante todos estos meses, impuestas por Salud P\u00fablica\u201d. Afortunadamente, el ritmo de vacunaci\u00f3n est\u00e1 aliviando muchas de esas restricciones y, paralelamente, beneficiando al estado de \u00e1nimo de los pacientes cr\u00f3nicos. \u201cLa preocupaci\u00f3n principal entre ellos ha sido el contagio, tanto propio como de seres queridos\u201d, a\u00f1ade el doctor Mesones.<\/p>\n\n\n\n<p><strong>Y el futuro \u00bfc\u00f3mo se plantea para los pacientes cr\u00f3nicos?<\/strong><\/p>\n\n\n\n<p>\u201cEl progreso de la vacunaci\u00f3n ha hecho que se vea presente y el futuro de estos pacientes y de la sociedad en general con mejores expectativas ya que permite la vuelta de los contactos sociales con menos restricciones\u201d, asegura el responsable de Salud Mental del Hospital del Vinalop\u00f3. El doctor Forti a\u00f1ade que \u201cla mayor\u00eda de estos pacientes afronta el proceso de vacunaci\u00f3n con seguridad y esperanza y muy pocos con desconfianza\u201d.<\/p>\n\n\n\n<p>Para ayudar a los pacientes cr\u00f3nicos a regular sus emociones y miedos el doctor Mesones aconseja evitar la sobreinformaci\u00f3n, porque puede aumentar innecesariamente la preocupaci\u00f3n y el estr\u00e9s y generar angustia, ansiedad y miedo; mantener rutinas saludables, con horarios y actividad f\u00edsica y mental; seguir en contacto con otras personas, aunque no sea de forma presencial, sobre todo si son mayores o dependientes; realizar actividades para distraerse, porque disminuir\u00e1 la tensi\u00f3n emocional y aumentar\u00e1 la sensaci\u00f3n de bienestar; y fomentar el autocuidado de la salud, usando t\u00e9cnicas de relajaci\u00f3n, cuidando las emociones y buscando siempre la parte positiva de cada situaci\u00f3n. Jos\u00e9 Miguel Barahonda, psic\u00f3logo cl\u00ednico del Hospital de Torrej\u00f3n, a\u00f1ade a estos consejos la importancia de \u201cdedicar un tiempo a la escucha interna para tomar conciencia del propio malestar y poder expresarlo, facilitando tiempo y contacto con los m\u00e1s cercanos para hacerlo\u201d e incluso, a\u00f1ade, escribiendo o dibujando sobre esos sentimientos. Tambi\u00e9n aconseja \u201ccentrarnos en el presente ante la incertidumbre y miedo a un futuro indefinido\u201d e \u201ciniciar nuevos aprendizajes\u201d.<\/p>\n","protected":false,"gt_translate_keys":[{"key":"rendered","format":"html"}]},"excerpt":{"rendered":"<p>Profesionales de los servicios de Salud Mental y responsables asistenciales de los hospitales del grupo sanitario Ribera alertan sobre las consecuencias de la reducci\u00f3n de la vida social y las visitas en pacientes con enfermedades largas El progreso de la vacunaci\u00f3n mejora sus expectativas con la recuperaci\u00f3n de parte de la actividad social y les &#8230; <a title=\"El Covid provoca m\u00e1s miedo, estr\u00e9s, ira, desgaste y labilidad emocional en pacientes cr\u00f3nicos, seg\u00fan especialistas de Ribera\" class=\"read-more\" href=\"https:\/\/riberasalud.com\/povisa\/covid-miedo-estres-ira-desgaste-emocional-pacientes-cronicos\/\" aria-label=\"Leer m\u00e1s sobre El Covid provoca m\u00e1s miedo, estr\u00e9s, ira, desgaste y labilidad emocional en pacientes cr\u00f3nicos, seg\u00fan especialistas de Ribera\">Leer m\u00e1s<\/a><\/p>\n","protected":false,"gt_translate_keys":[{"key":"rendered","format":"html"}]},"author":2,"featured_media":4797,"comment_status":"open","ping_status":"open","sticky":false,"template":"","format":"standard","meta":{"_coblocks_attr":"","_coblocks_dimensions":"","_coblocks_responsive_height":"","_coblocks_accordion_ie_support":"","_monsterinsights_skip_tracking":false,"_monsterinsights_sitenote_active":false,"_monsterinsights_sitenote_note":"","_monsterinsights_sitenote_category":0,"footnotes":""},"categories":[1],"tags":[],"class_list":["post-4795","post","type-post","status-publish","format-standard","has-post-thumbnail","hentry","category-sin-categoria"],"yoast_head":"<!-- This site is optimized with the Yoast SEO plugin v27.4 - https:\/\/yoast.com\/product\/yoast-seo-wordpress\/ -->\n<title>\u25b7 El Covid provoca m\u00e1s miedo, estr\u00e9s, ira, desgaste y labilidad emocional en pacientes cr\u00f3nicos, seg\u00fan especialistas de Ribera | Hospital Ribera Povisa<\/title>\n<meta name=\"description\" content=\"El Covid provoca m\u00e1s miedo, estr\u00e9s, ira, desgaste y labilidad emocional en pacientes cr\u00f3nicos, seg\u00fan especialistas de Ribera\" \/>\n<meta name=\"robots\" content=\"index, follow, max-snippet:-1, max-image-preview:large, max-video-preview:-1\" \/>\n<link rel=\"canonical\" href=\"https:\/\/riberasalud.com\/povisa\/covid-miedo-estres-ira-desgaste-emocional-pacientes-cronicos\/\" \/>\n<meta property=\"og:locale\" content=\"es_ES\" \/>\n<meta property=\"og:type\" content=\"article\" \/>\n<meta property=\"og:title\" content=\"\u25b7 El Covid provoca m\u00e1s miedo, estr\u00e9s, ira, desgaste y labilidad emocional en pacientes cr\u00f3nicos, seg\u00fan especialistas de Ribera | Hospital Ribera Povisa\" \/>\n<meta property=\"og:description\" content=\"El Covid provoca m\u00e1s miedo, estr\u00e9s, ira, desgaste y labilidad emocional en pacientes cr\u00f3nicos, seg\u00fan especialistas de Ribera\" \/>\n<meta property=\"og:url\" content=\"https:\/\/riberasalud.com\/povisa\/covid-miedo-estres-ira-desgaste-emocional-pacientes-cronicos\/\" \/>\n<meta property=\"og:site_name\" content=\"Hospital Ribera Povisa\" \/>\n<meta property=\"article:published_time\" content=\"2021-06-29T10:36:19+00:00\" \/>\n<meta property=\"og:image\" content=\"https:\/\/riberasalud.com\/povisa\/wp-content\/uploads\/2021\/06\/Distancia-social-y-mascarilla-Hospitales-Ribera-1-1.jpg\" \/>\n\t<meta property=\"og:image:width\" content=\"1203\" \/>\n\t<meta property=\"og:image:height\" content=\"802\" \/>\n\t<meta property=\"og:image:type\" content=\"image\/jpeg\" \/>\n<meta name=\"author\" content=\"comunicacion\" \/>\n<meta name=\"twitter:card\" content=\"summary_large_image\" \/>\n<meta name=\"twitter:label1\" content=\"Escrito por\" \/>\n\t<meta name=\"twitter:data1\" content=\"comunicacion\" \/>\n\t<meta name=\"twitter:label2\" content=\"Tiempo de lectura\" \/>\n\t<meta name=\"twitter:data2\" content=\"4 minutos\" \/>\n<script type=\"application\/ld+json\" class=\"yoast-schema-graph\">{\"@context\":\"https:\\\/\\\/schema.org\",\"@graph\":[{\"@type\":\"Article\",\"@id\":\"https:\\\/\\\/riberasalud.com\\\/povisa\\\/covid-miedo-estres-ira-desgaste-emocional-pacientes-cronicos\\\/#article\",\"isPartOf\":{\"@id\":\"https:\\\/\\\/riberasalud.com\\\/povisa\\\/covid-miedo-estres-ira-desgaste-emocional-pacientes-cronicos\\\/\"},\"author\":{\"name\":\"comunicacion\",\"@id\":\"https:\\\/\\\/riberasalud.com\\\/povisa\\\/#\\\/schema\\\/person\\\/a86021b8be1af47eab6013c92aef8cb2\"},\"headline\":\"El Covid provoca m\u00e1s miedo, estr\u00e9s, ira, desgaste y labilidad emocional en pacientes cr\u00f3nicos, seg\u00fan especialistas de Ribera\",\"datePublished\":\"2021-06-29T10:36:19+00:00\",\"mainEntityOfPage\":{\"@id\":\"https:\\\/\\\/riberasalud.com\\\/povisa\\\/covid-miedo-estres-ira-desgaste-emocional-pacientes-cronicos\\\/\"},\"wordCount\":883,\"commentCount\":0,\"publisher\":{\"@id\":\"https:\\\/\\\/riberasalud.com\\\/povisa\\\/#organization\"},\"image\":{\"@id\":\"https:\\\/\\\/riberasalud.com\\\/povisa\\\/covid-miedo-estres-ira-desgaste-emocional-pacientes-cronicos\\\/#primaryimage\"},\"thumbnailUrl\":\"https:\\\/\\\/riberasalud.com\\\/povisa\\\/wp-content\\\/uploads\\\/2021\\\/06\\\/Distancia-social-y-mascarilla-Hospitales-Ribera-1-1.jpg\",\"inLanguage\":\"es\",\"potentialAction\":[{\"@type\":\"CommentAction\",\"name\":\"Comment\",\"target\":[\"https:\\\/\\\/riberasalud.com\\\/povisa\\\/covid-miedo-estres-ira-desgaste-emocional-pacientes-cronicos\\\/#respond\"]}]},{\"@type\":\"WebPage\",\"@id\":\"https:\\\/\\\/riberasalud.com\\\/povisa\\\/covid-miedo-estres-ira-desgaste-emocional-pacientes-cronicos\\\/\",\"url\":\"https:\\\/\\\/riberasalud.com\\\/povisa\\\/covid-miedo-estres-ira-desgaste-emocional-pacientes-cronicos\\\/\",\"name\":\"\u25b7 El Covid provoca m\u00e1s miedo, estr\u00e9s, ira, desgaste y labilidad emocional en pacientes cr\u00f3nicos, seg\u00fan especialistas de Ribera | Hospital Ribera Povisa\",\"isPartOf\":{\"@id\":\"https:\\\/\\\/riberasalud.com\\\/povisa\\\/#website\"},\"primaryImageOfPage\":{\"@id\":\"https:\\\/\\\/riberasalud.com\\\/povisa\\\/covid-miedo-estres-ira-desgaste-emocional-pacientes-cronicos\\\/#primaryimage\"},\"image\":{\"@id\":\"https:\\\/\\\/riberasalud.com\\\/povisa\\\/covid-miedo-estres-ira-desgaste-emocional-pacientes-cronicos\\\/#primaryimage\"},\"thumbnailUrl\":\"https:\\\/\\\/riberasalud.com\\\/povisa\\\/wp-content\\\/uploads\\\/2021\\\/06\\\/Distancia-social-y-mascarilla-Hospitales-Ribera-1-1.jpg\",\"datePublished\":\"2021-06-29T10:36:19+00:00\",\"description\":\"El Covid provoca m\u00e1s miedo, estr\u00e9s, ira, desgaste y labilidad emocional en pacientes cr\u00f3nicos, seg\u00fan especialistas de Ribera\",\"inLanguage\":\"es\",\"potentialAction\":[{\"@type\":\"ReadAction\",\"target\":[\"https:\\\/\\\/riberasalud.com\\\/povisa\\\/covid-miedo-estres-ira-desgaste-emocional-pacientes-cronicos\\\/\"]}]},{\"@type\":\"ImageObject\",\"inLanguage\":\"es\",\"@id\":\"https:\\\/\\\/riberasalud.com\\\/povisa\\\/covid-miedo-estres-ira-desgaste-emocional-pacientes-cronicos\\\/#primaryimage\",\"url\":\"https:\\\/\\\/riberasalud.com\\\/povisa\\\/wp-content\\\/uploads\\\/2021\\\/06\\\/Distancia-social-y-mascarilla-Hospitales-Ribera-1-1.jpg\",\"contentUrl\":\"https:\\\/\\\/riberasalud.com\\\/povisa\\\/wp-content\\\/uploads\\\/2021\\\/06\\\/Distancia-social-y-mascarilla-Hospitales-Ribera-1-1.jpg\",\"width\":1203,\"height\":802},{\"@type\":\"WebSite\",\"@id\":\"https:\\\/\\\/riberasalud.com\\\/povisa\\\/#website\",\"url\":\"https:\\\/\\\/riberasalud.com\\\/povisa\\\/\",\"name\":\"Hospital Ribera Povisa\",\"description\":\"\",\"publisher\":{\"@id\":\"https:\\\/\\\/riberasalud.com\\\/povisa\\\/#organization\"},\"potentialAction\":[{\"@type\":\"SearchAction\",\"target\":{\"@type\":\"EntryPoint\",\"urlTemplate\":\"https:\\\/\\\/riberasalud.com\\\/povisa\\\/?s={search_term_string}\"},\"query-input\":{\"@type\":\"PropertyValueSpecification\",\"valueRequired\":true,\"valueName\":\"search_term_string\"}}],\"inLanguage\":\"es\"},{\"@type\":\"Organization\",\"@id\":\"https:\\\/\\\/riberasalud.com\\\/povisa\\\/#organization\",\"name\":\"Hospital Ribera Povisa\",\"url\":\"https:\\\/\\\/riberasalud.com\\\/povisa\\\/\",\"logo\":{\"@type\":\"ImageObject\",\"inLanguage\":\"es\",\"@id\":\"https:\\\/\\\/riberasalud.com\\\/povisa\\\/#\\\/schema\\\/logo\\\/image\\\/\",\"url\":\"https:\\\/\\\/riberasalud.com\\\/povisa\\\/wp-content\\\/uploads\\\/2024\\\/01\\\/cropped-Logo-Red-Povisa.png\",\"contentUrl\":\"https:\\\/\\\/riberasalud.com\\\/povisa\\\/wp-content\\\/uploads\\\/2024\\\/01\\\/cropped-Logo-Red-Povisa.png\",\"width\":1929,\"height\":489,\"caption\":\"Hospital Ribera Povisa\"},\"image\":{\"@id\":\"https:\\\/\\\/riberasalud.com\\\/povisa\\\/#\\\/schema\\\/logo\\\/image\\\/\"}},{\"@type\":\"Person\",\"@id\":\"https:\\\/\\\/riberasalud.com\\\/povisa\\\/#\\\/schema\\\/person\\\/a86021b8be1af47eab6013c92aef8cb2\",\"name\":\"comunicacion\",\"image\":{\"@type\":\"ImageObject\",\"inLanguage\":\"es\",\"@id\":\"https:\\\/\\\/secure.gravatar.com\\\/avatar\\\/60cbbba75f9dfb772d5274ba6ef24949409430d363a66afa01a67aac15877cc8?s=96&d=mm&r=g\",\"url\":\"https:\\\/\\\/secure.gravatar.com\\\/avatar\\\/60cbbba75f9dfb772d5274ba6ef24949409430d363a66afa01a67aac15877cc8?s=96&d=mm&r=g\",\"contentUrl\":\"https:\\\/\\\/secure.gravatar.com\\\/avatar\\\/60cbbba75f9dfb772d5274ba6ef24949409430d363a66afa01a67aac15877cc8?s=96&d=mm&r=g\",\"caption\":\"comunicacion\"},\"url\":\"https:\\\/\\\/riberasalud.com\\\/povisa\\\/author\\\/comunicacion\\\/\"}]}<\/script>\n<!-- \/ Yoast SEO plugin. -->","yoast_head_json":{"title":"\u25b7 El Covid provoca m\u00e1s miedo, estr\u00e9s, ira, desgaste y labilidad emocional en pacientes cr\u00f3nicos, seg\u00fan especialistas de Ribera | Hospital Ribera Povisa","description":"El Covid provoca m\u00e1s miedo, estr\u00e9s, ira, desgaste y labilidad emocional en pacientes cr\u00f3nicos, seg\u00fan especialistas de Ribera","robots":{"index":"index","follow":"follow","max-snippet":"max-snippet:-1","max-image-preview":"max-image-preview:large","max-video-preview":"max-video-preview:-1"},"canonical":"https:\/\/riberasalud.com\/povisa\/covid-miedo-estres-ira-desgaste-emocional-pacientes-cronicos\/","og_locale":"es_ES","og_type":"article","og_title":"\u25b7 El Covid provoca m\u00e1s miedo, estr\u00e9s, ira, desgaste y labilidad emocional en pacientes cr\u00f3nicos, seg\u00fan especialistas de Ribera | Hospital Ribera Povisa","og_description":"El Covid provoca m\u00e1s miedo, estr\u00e9s, ira, desgaste y labilidad emocional en pacientes cr\u00f3nicos, seg\u00fan especialistas de Ribera","og_url":"https:\/\/riberasalud.com\/povisa\/covid-miedo-estres-ira-desgaste-emocional-pacientes-cronicos\/","og_site_name":"Hospital Ribera Povisa","article_published_time":"2021-06-29T10:36:19+00:00","og_image":[{"width":1203,"height":802,"url":"https:\/\/riberasalud.com\/povisa\/wp-content\/uploads\/2021\/06\/Distancia-social-y-mascarilla-Hospitales-Ribera-1-1.jpg","type":"image\/jpeg"}],"author":"comunicacion","twitter_card":"summary_large_image","twitter_misc":{"Escrito por":"comunicacion","Tiempo de lectura":"4 minutos"},"schema":{"@context":"https:\/\/schema.org","@graph":[{"@type":"Article","@id":"https:\/\/riberasalud.com\/povisa\/covid-miedo-estres-ira-desgaste-emocional-pacientes-cronicos\/#article","isPartOf":{"@id":"https:\/\/riberasalud.com\/povisa\/covid-miedo-estres-ira-desgaste-emocional-pacientes-cronicos\/"},"author":{"name":"comunicacion","@id":"https:\/\/riberasalud.com\/povisa\/#\/schema\/person\/a86021b8be1af47eab6013c92aef8cb2"},"headline":"El Covid provoca m\u00e1s miedo, estr\u00e9s, ira, desgaste y labilidad emocional en pacientes cr\u00f3nicos, seg\u00fan especialistas de Ribera","datePublished":"2021-06-29T10:36:19+00:00","mainEntityOfPage":{"@id":"https:\/\/riberasalud.com\/povisa\/covid-miedo-estres-ira-desgaste-emocional-pacientes-cronicos\/"},"wordCount":883,"commentCount":0,"publisher":{"@id":"https:\/\/riberasalud.com\/povisa\/#organization"},"image":{"@id":"https:\/\/riberasalud.com\/povisa\/covid-miedo-estres-ira-desgaste-emocional-pacientes-cronicos\/#primaryimage"},"thumbnailUrl":"https:\/\/riberasalud.com\/povisa\/wp-content\/uploads\/2021\/06\/Distancia-social-y-mascarilla-Hospitales-Ribera-1-1.jpg","inLanguage":"es","potentialAction":[{"@type":"CommentAction","name":"Comment","target":["https:\/\/riberasalud.com\/povisa\/covid-miedo-estres-ira-desgaste-emocional-pacientes-cronicos\/#respond"]}]},{"@type":"WebPage","@id":"https:\/\/riberasalud.com\/povisa\/covid-miedo-estres-ira-desgaste-emocional-pacientes-cronicos\/","url":"https:\/\/riberasalud.com\/povisa\/covid-miedo-estres-ira-desgaste-emocional-pacientes-cronicos\/","name":"\u25b7 El Covid provoca m\u00e1s miedo, estr\u00e9s, ira, desgaste y labilidad emocional en pacientes cr\u00f3nicos, seg\u00fan especialistas de Ribera | Hospital Ribera Povisa","isPartOf":{"@id":"https:\/\/riberasalud.com\/povisa\/#website"},"primaryImageOfPage":{"@id":"https:\/\/riberasalud.com\/povisa\/covid-miedo-estres-ira-desgaste-emocional-pacientes-cronicos\/#primaryimage"},"image":{"@id":"https:\/\/riberasalud.com\/povisa\/covid-miedo-estres-ira-desgaste-emocional-pacientes-cronicos\/#primaryimage"},"thumbnailUrl":"https:\/\/riberasalud.com\/povisa\/wp-content\/uploads\/2021\/06\/Distancia-social-y-mascarilla-Hospitales-Ribera-1-1.jpg","datePublished":"2021-06-29T10:36:19+00:00","description":"El Covid provoca m\u00e1s miedo, estr\u00e9s, ira, desgaste y labilidad emocional en pacientes cr\u00f3nicos, seg\u00fan especialistas de Ribera","inLanguage":"es","potentialAction":[{"@type":"ReadAction","target":["https:\/\/riberasalud.com\/povisa\/covid-miedo-estres-ira-desgaste-emocional-pacientes-cronicos\/"]}]},{"@type":"ImageObject","inLanguage":"es","@id":"https:\/\/riberasalud.com\/povisa\/covid-miedo-estres-ira-desgaste-emocional-pacientes-cronicos\/#primaryimage","url":"https:\/\/riberasalud.com\/povisa\/wp-content\/uploads\/2021\/06\/Distancia-social-y-mascarilla-Hospitales-Ribera-1-1.jpg","contentUrl":"https:\/\/riberasalud.com\/povisa\/wp-content\/uploads\/2021\/06\/Distancia-social-y-mascarilla-Hospitales-Ribera-1-1.jpg","width":1203,"height":802},{"@type":"WebSite","@id":"https:\/\/riberasalud.com\/povisa\/#website","url":"https:\/\/riberasalud.com\/povisa\/","name":"Hospital Ribera Povisa","description":"","publisher":{"@id":"https:\/\/riberasalud.com\/povisa\/#organization"},"potentialAction":[{"@type":"SearchAction","target":{"@type":"EntryPoint","urlTemplate":"https:\/\/riberasalud.com\/povisa\/?s={search_term_string}"},"query-input":{"@type":"PropertyValueSpecification","valueRequired":true,"valueName":"search_term_string"}}],"inLanguage":"es"},{"@type":"Organization","@id":"https:\/\/riberasalud.com\/povisa\/#organization","name":"Hospital Ribera Povisa","url":"https:\/\/riberasalud.com\/povisa\/","logo":{"@type":"ImageObject","inLanguage":"es","@id":"https:\/\/riberasalud.com\/povisa\/#\/schema\/logo\/image\/","url":"https:\/\/riberasalud.com\/povisa\/wp-content\/uploads\/2024\/01\/cropped-Logo-Red-Povisa.png","contentUrl":"https:\/\/riberasalud.com\/povisa\/wp-content\/uploads\/2024\/01\/cropped-Logo-Red-Povisa.png","width":1929,"height":489,"caption":"Hospital Ribera Povisa"},"image":{"@id":"https:\/\/riberasalud.com\/povisa\/#\/schema\/logo\/image\/"}},{"@type":"Person","@id":"https:\/\/riberasalud.com\/povisa\/#\/schema\/person\/a86021b8be1af47eab6013c92aef8cb2","name":"comunicacion","image":{"@type":"ImageObject","inLanguage":"es","@id":"https:\/\/secure.gravatar.com\/avatar\/60cbbba75f9dfb772d5274ba6ef24949409430d363a66afa01a67aac15877cc8?s=96&d=mm&r=g","url":"https:\/\/secure.gravatar.com\/avatar\/60cbbba75f9dfb772d5274ba6ef24949409430d363a66afa01a67aac15877cc8?s=96&d=mm&r=g","contentUrl":"https:\/\/secure.gravatar.com\/avatar\/60cbbba75f9dfb772d5274ba6ef24949409430d363a66afa01a67aac15877cc8?s=96&d=mm&r=g","caption":"comunicacion"},"url":"https:\/\/riberasalud.com\/povisa\/author\/comunicacion\/"}]}},"gt_translate_keys":[{"key":"link","format":"url"}],"_links":{"self":[{"href":"https:\/\/riberasalud.com\/povisa\/wp-json\/wp\/v2\/posts\/4795","targetHints":{"allow":["GET"]}}],"collection":[{"href":"https:\/\/riberasalud.com\/povisa\/wp-json\/wp\/v2\/posts"}],"about":[{"href":"https:\/\/riberasalud.com\/povisa\/wp-json\/wp\/v2\/types\/post"}],"author":[{"embeddable":true,"href":"https:\/\/riberasalud.com\/povisa\/wp-json\/wp\/v2\/users\/2"}],"replies":[{"embeddable":true,"href":"https:\/\/riberasalud.com\/povisa\/wp-json\/wp\/v2\/comments?post=4795"}],"version-history":[{"count":0,"href":"https:\/\/riberasalud.com\/povisa\/wp-json\/wp\/v2\/posts\/4795\/revisions"}],"wp:featuredmedia":[{"embeddable":true,"href":"https:\/\/riberasalud.com\/povisa\/wp-json\/wp\/v2\/media\/4797"}],"wp:attachment":[{"href":"https:\/\/riberasalud.com\/povisa\/wp-json\/wp\/v2\/media?parent=4795"}],"wp:term":[{"taxonomy":"category","embeddable":true,"href":"https:\/\/riberasalud.com\/povisa\/wp-json\/wp\/v2\/categories?post=4795"},{"taxonomy":"post_tag","embeddable":true,"href":"https:\/\/riberasalud.com\/povisa\/wp-json\/wp\/v2\/tags?post=4795"}],"curies":[{"name":"wp","href":"https:\/\/api.w.org\/{rel}","templated":true}]}}