{"id":2021,"date":"2018-05-29T12:34:11","date_gmt":"2018-05-29T12:34:11","guid":{"rendered":"https:\/\/riberasalud.com\/povisa\/catorce-nuevos-residentes-comienzan-en-povisa-su-formacion-mir\/"},"modified":"2018-05-29T12:34:11","modified_gmt":"2018-05-29T12:34:11","slug":"catorce-nuevos-residentes-comienzan-en-povisa-su-formacion-mir","status":"publish","type":"post","link":"https:\/\/riberasalud.com\/povisa\/catorce-nuevos-residentes-comienzan-en-povisa-su-formacion-mir\/","title":{"rendered":"Catorce nuevos residentes comienzan en Povisa su formaci\u00f3n MIR","gt_translate_keys":[{"key":"rendered","format":"text"}]},"content":{"rendered":"<p><strong><span style=\"text-decoration: underline;\"><img decoding=\"async\" src=\"images\/2018\/MAYO\/MIR 2018.jpg\" border=\"0\" alt=\"\" \/><\/span><\/strong><\/p>\n<p><strong style=\"font-size: 12.16px;\"><span style=\"text-decoration: underline;\">Seis de ellos se incorporan a trav\u00e9s de un acuerdo con la Unidad Docente de Familia<\/span><\/strong><\/p>\n<p><strong><span style=\"text-decoration: underline;\">Es el \u00fanico hospital privado de Galicia que cuenta con formaci\u00f3n MIR<\/span><\/strong><\/p>\n<p><strong>Martes, 29 de mayo de 2018.-<\/strong> Anestesiolog\u00eda, Cirug\u00eda General, Traumatolog\u00eda, Medicina Interna y Radiodiagn\u00f3stico son las especialidades a las que se incorporan hoy los ocho nuevos residentes que realizar\u00e1n su etapa MIR en Povisa. A ellos se suman seis residentes a trav\u00e9s del acuerdo con la Unidad Docente de Familia.<span style=\"font-size: 12.16px;\">\u00a0<\/span><\/p>\n<p>El acto de bienvenida, presidido por el consejero delegado de Povisa, Jos\u00e9 Bernardo Silveira, junto a Javier de la Fuente, presidente de la Comisi\u00f3n de Docencia, y Luis Gerem\u00edas, director asistencial, ha servido tambi\u00e9n para despedir a los cinco residentes que finalizan hoy su periodo formativo en el hospital. Durante este acto, Laura Gonz\u00e1lez V\u00e1zquez, del servicio de Medicina Interna, ha impartido la conferencia magistral \u2018Pioneras de la medicina\u2019.<\/p>\n<p>Dentro del plan de apuesta por la excelencia en la calidad asistencial ofrecida al paciente, la formaci\u00f3n es estrat\u00e9gica para Povisa, siendo en la actualidad el \u00fanico hospital privado de Galicia, y de los pocos de Espa\u00f1a, que cuenta con formaci\u00f3n MIR, a la que se suma la formaci\u00f3n en Enfermer\u00eda y especialidades de FP en el Centro de Estudios Povisa.<span style=\"font-size: 12.16px;\">\u00a0<\/span><\/p>\n<p><strong>Pie de foto.- <\/strong>Acto de bienvenida y despedida de alumnos MIR celebrado hoy en Povisa.<\/p>\n","protected":false,"gt_translate_keys":[{"key":"rendered","format":"html"}]},"excerpt":{"rendered":"<p>Seis de ellos se incorporan a trav\u00e9s de un acuerdo con la Unidad Docente de Familia Es el \u00fanico hospital privado de Galicia que cuenta con formaci\u00f3n MIR Martes, 29 de mayo de 2018.- Anestesiolog\u00eda, Cirug\u00eda General, Traumatolog\u00eda, Medicina Interna y Radiodiagn\u00f3stico son las especialidades a las que se incorporan hoy los ocho nuevos residentes &#8230; <a title=\"Catorce nuevos residentes comienzan en Povisa su formaci\u00f3n MIR\" class=\"read-more\" href=\"https:\/\/riberasalud.com\/povisa\/catorce-nuevos-residentes-comienzan-en-povisa-su-formacion-mir\/\" aria-label=\"Leer m\u00e1s sobre Catorce nuevos residentes comienzan en Povisa su formaci\u00f3n MIR\">Leer m\u00e1s<\/a><\/p>\n","protected":false,"gt_translate_keys":[{"key":"rendered","format":"html"}]},"author":2,"featured_media":0,"comment_status":"closed","ping_status":"open","sticky":false,"template":"","format":"standard","meta":{"_coblocks_attr":"","_coblocks_dimensions":"","_coblocks_responsive_height":"","_coblocks_accordion_ie_support":"","_monsterinsights_skip_tracking":false,"_monsterinsights_sitenote_active":false,"_monsterinsights_sitenote_note":"","_monsterinsights_sitenote_category":0,"footnotes":""},"categories":[1],"tags":[],"class_list":["post-2021","post","type-post","status-publish","format-standard","hentry","category-sin-categoria"],"yoast_head":"<!-- This site is optimized with the Yoast SEO plugin v27.4 - https:\/\/yoast.com\/product\/yoast-seo-wordpress\/ -->\n<title>\u25b7 Catorce nuevos residentes comienzan en Povisa su formaci\u00f3n MIR | Hospital Ribera Povisa<\/title>\n<meta name=\"description\" content=\"lll\u1405 Seis de ellos se incorporan a trav\u00e9s de un acuerdo con la Unidad Docente de Familia Es el \u00fanico hospital privado de Galicia que cuenta con formaci\u00f3n MIR \u2705\" \/>\n<meta name=\"robots\" content=\"index, follow, max-snippet:-1, max-image-preview:large, max-video-preview:-1\" \/>\n<link rel=\"canonical\" href=\"https:\/\/riberasalud.com\/povisa\/catorce-nuevos-residentes-comienzan-en-povisa-su-formacion-mir\/\" \/>\n<meta property=\"og:locale\" content=\"es_ES\" \/>\n<meta property=\"og:type\" content=\"article\" \/>\n<meta property=\"og:title\" content=\"\u25b7 Catorce nuevos residentes comienzan en Povisa su formaci\u00f3n MIR | Hospital Ribera Povisa\" \/>\n<meta property=\"og:description\" content=\"lll\u1405 Seis de ellos se incorporan a trav\u00e9s de un acuerdo con la Unidad Docente de Familia Es el \u00fanico hospital privado de Galicia que cuenta con formaci\u00f3n MIR \u2705\" \/>\n<meta property=\"og:url\" content=\"https:\/\/riberasalud.com\/povisa\/catorce-nuevos-residentes-comienzan-en-povisa-su-formacion-mir\/\" \/>\n<meta property=\"og:site_name\" content=\"Hospital Ribera Povisa\" \/>\n<meta property=\"article:published_time\" content=\"2018-05-29T12:34:11+00:00\" \/>\n<meta name=\"author\" content=\"comunicacion\" \/>\n<meta name=\"twitter:card\" content=\"summary_large_image\" \/>\n<meta name=\"twitter:label1\" content=\"Escrito por\" \/>\n\t<meta name=\"twitter:data1\" content=\"comunicacion\" \/>\n\t<meta name=\"twitter:label2\" content=\"Tiempo de lectura\" \/>\n\t<meta name=\"twitter:data2\" content=\"1 minuto\" \/>\n<script type=\"application\/ld+json\" class=\"yoast-schema-graph\">{\"@context\":\"https:\\\/\\\/schema.org\",\"@graph\":[{\"@type\":\"Article\",\"@id\":\"https:\\\/\\\/riberasalud.com\\\/povisa\\\/catorce-nuevos-residentes-comienzan-en-povisa-su-formacion-mir\\\/#article\",\"isPartOf\":{\"@id\":\"https:\\\/\\\/riberasalud.com\\\/povisa\\\/catorce-nuevos-residentes-comienzan-en-povisa-su-formacion-mir\\\/\"},\"author\":{\"name\":\"comunicacion\",\"@id\":\"https:\\\/\\\/riberasalud.com\\\/povisa\\\/#\\\/schema\\\/person\\\/a86021b8be1af47eab6013c92aef8cb2\"},\"headline\":\"Catorce nuevos residentes comienzan en Povisa su formaci\u00f3n MIR\",\"datePublished\":\"2018-05-29T12:34:11+00:00\",\"mainEntityOfPage\":{\"@id\":\"https:\\\/\\\/riberasalud.com\\\/povisa\\\/catorce-nuevos-residentes-comienzan-en-povisa-su-formacion-mir\\\/\"},\"wordCount\":252,\"publisher\":{\"@id\":\"https:\\\/\\\/riberasalud.com\\\/povisa\\\/#organization\"},\"inLanguage\":\"es\"},{\"@type\":\"WebPage\",\"@id\":\"https:\\\/\\\/riberasalud.com\\\/povisa\\\/catorce-nuevos-residentes-comienzan-en-povisa-su-formacion-mir\\\/\",\"url\":\"https:\\\/\\\/riberasalud.com\\\/povisa\\\/catorce-nuevos-residentes-comienzan-en-povisa-su-formacion-mir\\\/\",\"name\":\"\u25b7 Catorce nuevos residentes comienzan en Povisa su formaci\u00f3n MIR | Hospital Ribera Povisa\",\"isPartOf\":{\"@id\":\"https:\\\/\\\/riberasalud.com\\\/povisa\\\/#website\"},\"datePublished\":\"2018-05-29T12:34:11+00:00\",\"description\":\"lll\u1405 Seis de ellos se incorporan a trav\u00e9s de un acuerdo con la Unidad Docente de Familia Es el \u00fanico hospital privado de Galicia que cuenta con formaci\u00f3n MIR \u2705\",\"inLanguage\":\"es\",\"potentialAction\":[{\"@type\":\"ReadAction\",\"target\":[\"https:\\\/\\\/riberasalud.com\\\/povisa\\\/catorce-nuevos-residentes-comienzan-en-povisa-su-formacion-mir\\\/\"]}]},{\"@type\":\"WebSite\",\"@id\":\"https:\\\/\\\/riberasalud.com\\\/povisa\\\/#website\",\"url\":\"https:\\\/\\\/riberasalud.com\\\/povisa\\\/\",\"name\":\"Hospital Ribera Povisa\",\"description\":\"\",\"publisher\":{\"@id\":\"https:\\\/\\\/riberasalud.com\\\/povisa\\\/#organization\"},\"potentialAction\":[{\"@type\":\"SearchAction\",\"target\":{\"@type\":\"EntryPoint\",\"urlTemplate\":\"https:\\\/\\\/riberasalud.com\\\/povisa\\\/?s={search_term_string}\"},\"query-input\":{\"@type\":\"PropertyValueSpecification\",\"valueRequired\":true,\"valueName\":\"search_term_string\"}}],\"inLanguage\":\"es\"},{\"@type\":\"Organization\",\"@id\":\"https:\\\/\\\/riberasalud.com\\\/povisa\\\/#organization\",\"name\":\"Hospital Ribera Povisa\",\"url\":\"https:\\\/\\\/riberasalud.com\\\/povisa\\\/\",\"logo\":{\"@type\":\"ImageObject\",\"inLanguage\":\"es\",\"@id\":\"https:\\\/\\\/riberasalud.com\\\/povisa\\\/#\\\/schema\\\/logo\\\/image\\\/\",\"url\":\"https:\\\/\\\/riberasalud.com\\\/povisa\\\/wp-content\\\/uploads\\\/2024\\\/01\\\/cropped-Logo-Red-Povisa.png\",\"contentUrl\":\"https:\\\/\\\/riberasalud.com\\\/povisa\\\/wp-content\\\/uploads\\\/2024\\\/01\\\/cropped-Logo-Red-Povisa.png\",\"width\":1929,\"height\":489,\"caption\":\"Hospital Ribera Povisa\"},\"image\":{\"@id\":\"https:\\\/\\\/riberasalud.com\\\/povisa\\\/#\\\/schema\\\/logo\\\/image\\\/\"}},{\"@type\":\"Person\",\"@id\":\"https:\\\/\\\/riberasalud.com\\\/povisa\\\/#\\\/schema\\\/person\\\/a86021b8be1af47eab6013c92aef8cb2\",\"name\":\"comunicacion\",\"image\":{\"@type\":\"ImageObject\",\"inLanguage\":\"es\",\"@id\":\"https:\\\/\\\/secure.gravatar.com\\\/avatar\\\/60cbbba75f9dfb772d5274ba6ef24949409430d363a66afa01a67aac15877cc8?s=96&d=mm&r=g\",\"url\":\"https:\\\/\\\/secure.gravatar.com\\\/avatar\\\/60cbbba75f9dfb772d5274ba6ef24949409430d363a66afa01a67aac15877cc8?s=96&d=mm&r=g\",\"contentUrl\":\"https:\\\/\\\/secure.gravatar.com\\\/avatar\\\/60cbbba75f9dfb772d5274ba6ef24949409430d363a66afa01a67aac15877cc8?s=96&d=mm&r=g\",\"caption\":\"comunicacion\"},\"url\":\"https:\\\/\\\/riberasalud.com\\\/povisa\\\/author\\\/comunicacion\\\/\"}]}<\/script>\n<!-- \/ Yoast SEO plugin. -->","yoast_head_json":{"title":"\u25b7 Catorce nuevos residentes comienzan en Povisa su formaci\u00f3n MIR | Hospital Ribera Povisa","description":"lll\u1405 Seis de ellos se incorporan a trav\u00e9s de un acuerdo con la Unidad Docente de Familia Es el \u00fanico hospital privado de Galicia que cuenta con formaci\u00f3n MIR \u2705","robots":{"index":"index","follow":"follow","max-snippet":"max-snippet:-1","max-image-preview":"max-image-preview:large","max-video-preview":"max-video-preview:-1"},"canonical":"https:\/\/riberasalud.com\/povisa\/catorce-nuevos-residentes-comienzan-en-povisa-su-formacion-mir\/","og_locale":"es_ES","og_type":"article","og_title":"\u25b7 Catorce nuevos residentes comienzan en Povisa su formaci\u00f3n MIR | Hospital Ribera Povisa","og_description":"lll\u1405 Seis de ellos se incorporan a trav\u00e9s de un acuerdo con la Unidad Docente de Familia Es el \u00fanico hospital privado de Galicia que cuenta con formaci\u00f3n MIR \u2705","og_url":"https:\/\/riberasalud.com\/povisa\/catorce-nuevos-residentes-comienzan-en-povisa-su-formacion-mir\/","og_site_name":"Hospital Ribera Povisa","article_published_time":"2018-05-29T12:34:11+00:00","author":"comunicacion","twitter_card":"summary_large_image","twitter_misc":{"Escrito por":"comunicacion","Tiempo de lectura":"1 minuto"},"schema":{"@context":"https:\/\/schema.org","@graph":[{"@type":"Article","@id":"https:\/\/riberasalud.com\/povisa\/catorce-nuevos-residentes-comienzan-en-povisa-su-formacion-mir\/#article","isPartOf":{"@id":"https:\/\/riberasalud.com\/povisa\/catorce-nuevos-residentes-comienzan-en-povisa-su-formacion-mir\/"},"author":{"name":"comunicacion","@id":"https:\/\/riberasalud.com\/povisa\/#\/schema\/person\/a86021b8be1af47eab6013c92aef8cb2"},"headline":"Catorce nuevos residentes comienzan en Povisa su formaci\u00f3n MIR","datePublished":"2018-05-29T12:34:11+00:00","mainEntityOfPage":{"@id":"https:\/\/riberasalud.com\/povisa\/catorce-nuevos-residentes-comienzan-en-povisa-su-formacion-mir\/"},"wordCount":252,"publisher":{"@id":"https:\/\/riberasalud.com\/povisa\/#organization"},"inLanguage":"es"},{"@type":"WebPage","@id":"https:\/\/riberasalud.com\/povisa\/catorce-nuevos-residentes-comienzan-en-povisa-su-formacion-mir\/","url":"https:\/\/riberasalud.com\/povisa\/catorce-nuevos-residentes-comienzan-en-povisa-su-formacion-mir\/","name":"\u25b7 Catorce nuevos residentes comienzan en Povisa su formaci\u00f3n MIR | Hospital Ribera Povisa","isPartOf":{"@id":"https:\/\/riberasalud.com\/povisa\/#website"},"datePublished":"2018-05-29T12:34:11+00:00","description":"lll\u1405 Seis de ellos se incorporan a trav\u00e9s de un acuerdo con la Unidad Docente de Familia Es el \u00fanico hospital privado de Galicia que cuenta con formaci\u00f3n MIR \u2705","inLanguage":"es","potentialAction":[{"@type":"ReadAction","target":["https:\/\/riberasalud.com\/povisa\/catorce-nuevos-residentes-comienzan-en-povisa-su-formacion-mir\/"]}]},{"@type":"WebSite","@id":"https:\/\/riberasalud.com\/povisa\/#website","url":"https:\/\/riberasalud.com\/povisa\/","name":"Hospital Ribera Povisa","description":"","publisher":{"@id":"https:\/\/riberasalud.com\/povisa\/#organization"},"potentialAction":[{"@type":"SearchAction","target":{"@type":"EntryPoint","urlTemplate":"https:\/\/riberasalud.com\/povisa\/?s={search_term_string}"},"query-input":{"@type":"PropertyValueSpecification","valueRequired":true,"valueName":"search_term_string"}}],"inLanguage":"es"},{"@type":"Organization","@id":"https:\/\/riberasalud.com\/povisa\/#organization","name":"Hospital Ribera Povisa","url":"https:\/\/riberasalud.com\/povisa\/","logo":{"@type":"ImageObject","inLanguage":"es","@id":"https:\/\/riberasalud.com\/povisa\/#\/schema\/logo\/image\/","url":"https:\/\/riberasalud.com\/povisa\/wp-content\/uploads\/2024\/01\/cropped-Logo-Red-Povisa.png","contentUrl":"https:\/\/riberasalud.com\/povisa\/wp-content\/uploads\/2024\/01\/cropped-Logo-Red-Povisa.png","width":1929,"height":489,"caption":"Hospital Ribera Povisa"},"image":{"@id":"https:\/\/riberasalud.com\/povisa\/#\/schema\/logo\/image\/"}},{"@type":"Person","@id":"https:\/\/riberasalud.com\/povisa\/#\/schema\/person\/a86021b8be1af47eab6013c92aef8cb2","name":"comunicacion","image":{"@type":"ImageObject","inLanguage":"es","@id":"https:\/\/secure.gravatar.com\/avatar\/60cbbba75f9dfb772d5274ba6ef24949409430d363a66afa01a67aac15877cc8?s=96&d=mm&r=g","url":"https:\/\/secure.gravatar.com\/avatar\/60cbbba75f9dfb772d5274ba6ef24949409430d363a66afa01a67aac15877cc8?s=96&d=mm&r=g","contentUrl":"https:\/\/secure.gravatar.com\/avatar\/60cbbba75f9dfb772d5274ba6ef24949409430d363a66afa01a67aac15877cc8?s=96&d=mm&r=g","caption":"comunicacion"},"url":"https:\/\/riberasalud.com\/povisa\/author\/comunicacion\/"}]}},"gt_translate_keys":[{"key":"link","format":"url"}],"_links":{"self":[{"href":"https:\/\/riberasalud.com\/povisa\/wp-json\/wp\/v2\/posts\/2021","targetHints":{"allow":["GET"]}}],"collection":[{"href":"https:\/\/riberasalud.com\/povisa\/wp-json\/wp\/v2\/posts"}],"about":[{"href":"https:\/\/riberasalud.com\/povisa\/wp-json\/wp\/v2\/types\/post"}],"author":[{"embeddable":true,"href":"https:\/\/riberasalud.com\/povisa\/wp-json\/wp\/v2\/users\/2"}],"replies":[{"embeddable":true,"href":"https:\/\/riberasalud.com\/povisa\/wp-json\/wp\/v2\/comments?post=2021"}],"version-history":[{"count":0,"href":"https:\/\/riberasalud.com\/povisa\/wp-json\/wp\/v2\/posts\/2021\/revisions"}],"wp:attachment":[{"href":"https:\/\/riberasalud.com\/povisa\/wp-json\/wp\/v2\/media?parent=2021"}],"wp:term":[{"taxonomy":"category","embeddable":true,"href":"https:\/\/riberasalud.com\/povisa\/wp-json\/wp\/v2\/categories?post=2021"},{"taxonomy":"post_tag","embeddable":true,"href":"https:\/\/riberasalud.com\/povisa\/wp-json\/wp\/v2\/tags?post=2021"}],"curies":[{"name":"wp","href":"https:\/\/api.w.org\/{rel}","templated":true}]}}