{"id":1940,"date":"2016-06-15T09:18:52","date_gmt":"2016-06-15T09:18:52","guid":{"rendered":"https:\/\/riberasalud.com\/povisa\/convocatoria-acto-de-graduacion-de-la-vi-promocion-de-grado-de-la-escuela-de-enfermeria-de-povisa\/"},"modified":"2016-06-15T09:18:52","modified_gmt":"2016-06-15T09:18:52","slug":"convocatoria-acto-de-graduacion-de-la-vi-promocion-de-grado-de-la-escuela-de-enfermeria-de-povisa","status":"publish","type":"post","link":"https:\/\/riberasalud.com\/povisa\/convocatoria-acto-de-graduacion-de-la-vi-promocion-de-grado-de-la-escuela-de-enfermeria-de-povisa\/","title":{"rendered":"Convocatoria: Acto de graduaci\u00f3n de la VI Promoci\u00f3n de Grado de la Escuela de Enfermer\u00eda de Povisa","gt_translate_keys":[{"key":"rendered","format":"text"}]},"content":{"rendered":"<p style=\"text-align: justify;\"><strong><span style=\"text-decoration: underline;\">Contar\u00e1 con la presencia del conselleiro de Sanidade y el alcalde de Vigo<\/span><\/strong><\/p>\n<p style=\"text-align: justify;\"><strong><span style=\"text-decoration: underline;\">Ma\u00f1ana, jueves 16 de junio, a las 17 h. en el Centro Social Afundaci\u00f3n<\/span><\/strong><\/p>\n<p style=\"text-align: justify;\"><strong>Mi\u00e9rcoles, 15 de junio de 2016.-\u00a0<\/strong>La Escuela Universitaria de Enfermer\u00eda de Povisa entregar\u00e1 ma\u00f1ana sus diplomas a los 60 nuevos graduados de la VI Promoci\u00f3n de Grado.<\/p>\n<p style=\"text-align: justify;\">El acto tendr\u00e1 lugar\u00a0<span>a las 17 h. en el Centro Social Afundaci\u00f3n<\/span>\u00a0(c\/Policarpo Sanz, 24-26) y contar\u00e1 con la presencia del presidente del patronato de la Escuela Universitaria de Enfermer\u00eda del hospital, Jos\u00e9 Silveira; el conselleiro de Sanidade, Jes\u00fas V\u00e1zquez Almu\u00ed\u00f1a; el alcalde de Vigo, Abel Caballero; el presidente del Consello Social de la Universidad de Vigo, Ernesto Pedrosa; y Fuencisla Sanju\u00e1n, directora delegada de la Universidad de Vigo en la Escuela Universitaria de Povisa.<\/p>\n<p style=\"text-align: justify;\">La conferencia magistral, titulada \u201cCirug\u00eda Pl\u00e1stica y Reconstructora: balance riesgo-beneficio\u201d, correr\u00e1 a cargo de Arturo de la C\u00e1mara, jefe del Servicio de Cirug\u00eda Pl\u00e1stica y Reconstructora de Povisa.<\/p>\n","protected":false,"gt_translate_keys":[{"key":"rendered","format":"html"}]},"excerpt":{"rendered":"<p>Contar\u00e1 con la presencia del conselleiro de Sanidade y el alcalde de Vigo Ma\u00f1ana, jueves 16 de junio, a las 17 h. en el Centro Social Afundaci\u00f3n Mi\u00e9rcoles, 15 de junio de 2016.-\u00a0La Escuela Universitaria de Enfermer\u00eda de Povisa entregar\u00e1 ma\u00f1ana sus diplomas a los 60 nuevos graduados de la VI Promoci\u00f3n de Grado. El &#8230; <a title=\"Convocatoria: Acto de graduaci\u00f3n de la VI Promoci\u00f3n de Grado de la Escuela de Enfermer\u00eda de Povisa\" class=\"read-more\" href=\"https:\/\/riberasalud.com\/povisa\/convocatoria-acto-de-graduacion-de-la-vi-promocion-de-grado-de-la-escuela-de-enfermeria-de-povisa\/\" aria-label=\"Leer m\u00e1s sobre Convocatoria: Acto de graduaci\u00f3n de la VI Promoci\u00f3n de Grado de la Escuela de Enfermer\u00eda de Povisa\">Leer m\u00e1s<\/a><\/p>\n","protected":false,"gt_translate_keys":[{"key":"rendered","format":"html"}]},"author":2,"featured_media":0,"comment_status":"closed","ping_status":"open","sticky":false,"template":"","format":"standard","meta":{"_coblocks_attr":"","_coblocks_dimensions":"","_coblocks_responsive_height":"","_coblocks_accordion_ie_support":"","_monsterinsights_skip_tracking":false,"_monsterinsights_sitenote_active":false,"_monsterinsights_sitenote_note":"","_monsterinsights_sitenote_category":0,"footnotes":""},"categories":[1],"tags":[],"class_list":["post-1940","post","type-post","status-publish","format-standard","hentry","category-sin-categoria"],"yoast_head":"<!-- This site is optimized with the Yoast SEO plugin v27.4 - https:\/\/yoast.com\/product\/yoast-seo-wordpress\/ -->\n<title>\u25b7 Convocatoria: Acto de graduaci\u00f3n de la VI Promoci\u00f3n de Grado de la Escuela de Enfermer\u00eda de Povisa | Hospital Ribera Povisa<\/title>\n<meta name=\"description\" content=\"lll\u1405 Contar\u00e1 con la presencia del conselleiro de Sanidade y el alcalde de Vigo Ma\u00f1ana, jueves 16 de junio, a las 17 h. en el Centro Social Afundaci\u00f3n \u2705\" \/>\n<meta name=\"robots\" content=\"index, follow, max-snippet:-1, max-image-preview:large, max-video-preview:-1\" \/>\n<link rel=\"canonical\" href=\"https:\/\/riberasalud.com\/povisa\/convocatoria-acto-de-graduacion-de-la-vi-promocion-de-grado-de-la-escuela-de-enfermeria-de-povisa\/\" \/>\n<meta property=\"og:locale\" content=\"es_ES\" \/>\n<meta property=\"og:type\" content=\"article\" \/>\n<meta property=\"og:title\" content=\"\u25b7 Convocatoria: Acto de graduaci\u00f3n de la VI Promoci\u00f3n de Grado de la Escuela de Enfermer\u00eda de Povisa | Hospital Ribera Povisa\" \/>\n<meta property=\"og:description\" content=\"lll\u1405 Contar\u00e1 con la presencia del conselleiro de Sanidade y el alcalde de Vigo Ma\u00f1ana, jueves 16 de junio, a las 17 h. en el Centro Social Afundaci\u00f3n \u2705\" \/>\n<meta property=\"og:url\" content=\"https:\/\/riberasalud.com\/povisa\/convocatoria-acto-de-graduacion-de-la-vi-promocion-de-grado-de-la-escuela-de-enfermeria-de-povisa\/\" \/>\n<meta property=\"og:site_name\" content=\"Hospital Ribera Povisa\" \/>\n<meta property=\"article:published_time\" content=\"2016-06-15T09:18:52+00:00\" \/>\n<meta name=\"author\" content=\"comunicacion\" \/>\n<meta name=\"twitter:card\" content=\"summary_large_image\" \/>\n<meta name=\"twitter:label1\" content=\"Escrito por\" \/>\n\t<meta name=\"twitter:data1\" content=\"comunicacion\" \/>\n\t<meta name=\"twitter:label2\" content=\"Tiempo de lectura\" \/>\n\t<meta name=\"twitter:data2\" content=\"1 minuto\" \/>\n<script type=\"application\/ld+json\" class=\"yoast-schema-graph\">{\"@context\":\"https:\\\/\\\/schema.org\",\"@graph\":[{\"@type\":\"Article\",\"@id\":\"https:\\\/\\\/riberasalud.com\\\/povisa\\\/convocatoria-acto-de-graduacion-de-la-vi-promocion-de-grado-de-la-escuela-de-enfermeria-de-povisa\\\/#article\",\"isPartOf\":{\"@id\":\"https:\\\/\\\/riberasalud.com\\\/povisa\\\/convocatoria-acto-de-graduacion-de-la-vi-promocion-de-grado-de-la-escuela-de-enfermeria-de-povisa\\\/\"},\"author\":{\"name\":\"comunicacion\",\"@id\":\"https:\\\/\\\/riberasalud.com\\\/povisa\\\/#\\\/schema\\\/person\\\/a86021b8be1af47eab6013c92aef8cb2\"},\"headline\":\"Convocatoria: Acto de graduaci\u00f3n de la VI Promoci\u00f3n de Grado de la Escuela de Enfermer\u00eda de Povisa\",\"datePublished\":\"2016-06-15T09:18:52+00:00\",\"mainEntityOfPage\":{\"@id\":\"https:\\\/\\\/riberasalud.com\\\/povisa\\\/convocatoria-acto-de-graduacion-de-la-vi-promocion-de-grado-de-la-escuela-de-enfermeria-de-povisa\\\/\"},\"wordCount\":192,\"publisher\":{\"@id\":\"https:\\\/\\\/riberasalud.com\\\/povisa\\\/#organization\"},\"inLanguage\":\"es\"},{\"@type\":\"WebPage\",\"@id\":\"https:\\\/\\\/riberasalud.com\\\/povisa\\\/convocatoria-acto-de-graduacion-de-la-vi-promocion-de-grado-de-la-escuela-de-enfermeria-de-povisa\\\/\",\"url\":\"https:\\\/\\\/riberasalud.com\\\/povisa\\\/convocatoria-acto-de-graduacion-de-la-vi-promocion-de-grado-de-la-escuela-de-enfermeria-de-povisa\\\/\",\"name\":\"\u25b7 Convocatoria: Acto de graduaci\u00f3n de la VI Promoci\u00f3n de Grado de la Escuela de Enfermer\u00eda de Povisa | Hospital Ribera Povisa\",\"isPartOf\":{\"@id\":\"https:\\\/\\\/riberasalud.com\\\/povisa\\\/#website\"},\"datePublished\":\"2016-06-15T09:18:52+00:00\",\"description\":\"lll\u1405 Contar\u00e1 con la presencia del conselleiro de Sanidade y el alcalde de Vigo Ma\u00f1ana, jueves 16 de junio, a las 17 h. en el Centro Social Afundaci\u00f3n \u2705\",\"inLanguage\":\"es\",\"potentialAction\":[{\"@type\":\"ReadAction\",\"target\":[\"https:\\\/\\\/riberasalud.com\\\/povisa\\\/convocatoria-acto-de-graduacion-de-la-vi-promocion-de-grado-de-la-escuela-de-enfermeria-de-povisa\\\/\"]}]},{\"@type\":\"WebSite\",\"@id\":\"https:\\\/\\\/riberasalud.com\\\/povisa\\\/#website\",\"url\":\"https:\\\/\\\/riberasalud.com\\\/povisa\\\/\",\"name\":\"Hospital Ribera Povisa\",\"description\":\"\",\"publisher\":{\"@id\":\"https:\\\/\\\/riberasalud.com\\\/povisa\\\/#organization\"},\"potentialAction\":[{\"@type\":\"SearchAction\",\"target\":{\"@type\":\"EntryPoint\",\"urlTemplate\":\"https:\\\/\\\/riberasalud.com\\\/povisa\\\/?s={search_term_string}\"},\"query-input\":{\"@type\":\"PropertyValueSpecification\",\"valueRequired\":true,\"valueName\":\"search_term_string\"}}],\"inLanguage\":\"es\"},{\"@type\":\"Organization\",\"@id\":\"https:\\\/\\\/riberasalud.com\\\/povisa\\\/#organization\",\"name\":\"Hospital Ribera Povisa\",\"url\":\"https:\\\/\\\/riberasalud.com\\\/povisa\\\/\",\"logo\":{\"@type\":\"ImageObject\",\"inLanguage\":\"es\",\"@id\":\"https:\\\/\\\/riberasalud.com\\\/povisa\\\/#\\\/schema\\\/logo\\\/image\\\/\",\"url\":\"https:\\\/\\\/riberasalud.com\\\/povisa\\\/wp-content\\\/uploads\\\/2024\\\/01\\\/cropped-Logo-Red-Povisa.png\",\"contentUrl\":\"https:\\\/\\\/riberasalud.com\\\/povisa\\\/wp-content\\\/uploads\\\/2024\\\/01\\\/cropped-Logo-Red-Povisa.png\",\"width\":1929,\"height\":489,\"caption\":\"Hospital Ribera Povisa\"},\"image\":{\"@id\":\"https:\\\/\\\/riberasalud.com\\\/povisa\\\/#\\\/schema\\\/logo\\\/image\\\/\"}},{\"@type\":\"Person\",\"@id\":\"https:\\\/\\\/riberasalud.com\\\/povisa\\\/#\\\/schema\\\/person\\\/a86021b8be1af47eab6013c92aef8cb2\",\"name\":\"comunicacion\",\"image\":{\"@type\":\"ImageObject\",\"inLanguage\":\"es\",\"@id\":\"https:\\\/\\\/secure.gravatar.com\\\/avatar\\\/60cbbba75f9dfb772d5274ba6ef24949409430d363a66afa01a67aac15877cc8?s=96&d=mm&r=g\",\"url\":\"https:\\\/\\\/secure.gravatar.com\\\/avatar\\\/60cbbba75f9dfb772d5274ba6ef24949409430d363a66afa01a67aac15877cc8?s=96&d=mm&r=g\",\"contentUrl\":\"https:\\\/\\\/secure.gravatar.com\\\/avatar\\\/60cbbba75f9dfb772d5274ba6ef24949409430d363a66afa01a67aac15877cc8?s=96&d=mm&r=g\",\"caption\":\"comunicacion\"},\"url\":\"https:\\\/\\\/riberasalud.com\\\/povisa\\\/author\\\/comunicacion\\\/\"}]}<\/script>\n<!-- \/ Yoast SEO plugin. -->","yoast_head_json":{"title":"\u25b7 Convocatoria: Acto de graduaci\u00f3n de la VI Promoci\u00f3n de Grado de la Escuela de Enfermer\u00eda de Povisa | Hospital Ribera Povisa","description":"lll\u1405 Contar\u00e1 con la presencia del conselleiro de Sanidade y el alcalde de Vigo Ma\u00f1ana, jueves 16 de junio, a las 17 h. en el Centro Social Afundaci\u00f3n \u2705","robots":{"index":"index","follow":"follow","max-snippet":"max-snippet:-1","max-image-preview":"max-image-preview:large","max-video-preview":"max-video-preview:-1"},"canonical":"https:\/\/riberasalud.com\/povisa\/convocatoria-acto-de-graduacion-de-la-vi-promocion-de-grado-de-la-escuela-de-enfermeria-de-povisa\/","og_locale":"es_ES","og_type":"article","og_title":"\u25b7 Convocatoria: Acto de graduaci\u00f3n de la VI Promoci\u00f3n de Grado de la Escuela de Enfermer\u00eda de Povisa | Hospital Ribera Povisa","og_description":"lll\u1405 Contar\u00e1 con la presencia del conselleiro de Sanidade y el alcalde de Vigo Ma\u00f1ana, jueves 16 de junio, a las 17 h. en el Centro Social Afundaci\u00f3n \u2705","og_url":"https:\/\/riberasalud.com\/povisa\/convocatoria-acto-de-graduacion-de-la-vi-promocion-de-grado-de-la-escuela-de-enfermeria-de-povisa\/","og_site_name":"Hospital Ribera Povisa","article_published_time":"2016-06-15T09:18:52+00:00","author":"comunicacion","twitter_card":"summary_large_image","twitter_misc":{"Escrito por":"comunicacion","Tiempo de lectura":"1 minuto"},"schema":{"@context":"https:\/\/schema.org","@graph":[{"@type":"Article","@id":"https:\/\/riberasalud.com\/povisa\/convocatoria-acto-de-graduacion-de-la-vi-promocion-de-grado-de-la-escuela-de-enfermeria-de-povisa\/#article","isPartOf":{"@id":"https:\/\/riberasalud.com\/povisa\/convocatoria-acto-de-graduacion-de-la-vi-promocion-de-grado-de-la-escuela-de-enfermeria-de-povisa\/"},"author":{"name":"comunicacion","@id":"https:\/\/riberasalud.com\/povisa\/#\/schema\/person\/a86021b8be1af47eab6013c92aef8cb2"},"headline":"Convocatoria: Acto de graduaci\u00f3n de la VI Promoci\u00f3n de Grado de la Escuela de Enfermer\u00eda de Povisa","datePublished":"2016-06-15T09:18:52+00:00","mainEntityOfPage":{"@id":"https:\/\/riberasalud.com\/povisa\/convocatoria-acto-de-graduacion-de-la-vi-promocion-de-grado-de-la-escuela-de-enfermeria-de-povisa\/"},"wordCount":192,"publisher":{"@id":"https:\/\/riberasalud.com\/povisa\/#organization"},"inLanguage":"es"},{"@type":"WebPage","@id":"https:\/\/riberasalud.com\/povisa\/convocatoria-acto-de-graduacion-de-la-vi-promocion-de-grado-de-la-escuela-de-enfermeria-de-povisa\/","url":"https:\/\/riberasalud.com\/povisa\/convocatoria-acto-de-graduacion-de-la-vi-promocion-de-grado-de-la-escuela-de-enfermeria-de-povisa\/","name":"\u25b7 Convocatoria: Acto de graduaci\u00f3n de la VI Promoci\u00f3n de Grado de la Escuela de Enfermer\u00eda de Povisa | Hospital Ribera Povisa","isPartOf":{"@id":"https:\/\/riberasalud.com\/povisa\/#website"},"datePublished":"2016-06-15T09:18:52+00:00","description":"lll\u1405 Contar\u00e1 con la presencia del conselleiro de Sanidade y el alcalde de Vigo Ma\u00f1ana, jueves 16 de junio, a las 17 h. en el Centro Social Afundaci\u00f3n \u2705","inLanguage":"es","potentialAction":[{"@type":"ReadAction","target":["https:\/\/riberasalud.com\/povisa\/convocatoria-acto-de-graduacion-de-la-vi-promocion-de-grado-de-la-escuela-de-enfermeria-de-povisa\/"]}]},{"@type":"WebSite","@id":"https:\/\/riberasalud.com\/povisa\/#website","url":"https:\/\/riberasalud.com\/povisa\/","name":"Hospital Ribera Povisa","description":"","publisher":{"@id":"https:\/\/riberasalud.com\/povisa\/#organization"},"potentialAction":[{"@type":"SearchAction","target":{"@type":"EntryPoint","urlTemplate":"https:\/\/riberasalud.com\/povisa\/?s={search_term_string}"},"query-input":{"@type":"PropertyValueSpecification","valueRequired":true,"valueName":"search_term_string"}}],"inLanguage":"es"},{"@type":"Organization","@id":"https:\/\/riberasalud.com\/povisa\/#organization","name":"Hospital Ribera Povisa","url":"https:\/\/riberasalud.com\/povisa\/","logo":{"@type":"ImageObject","inLanguage":"es","@id":"https:\/\/riberasalud.com\/povisa\/#\/schema\/logo\/image\/","url":"https:\/\/riberasalud.com\/povisa\/wp-content\/uploads\/2024\/01\/cropped-Logo-Red-Povisa.png","contentUrl":"https:\/\/riberasalud.com\/povisa\/wp-content\/uploads\/2024\/01\/cropped-Logo-Red-Povisa.png","width":1929,"height":489,"caption":"Hospital Ribera Povisa"},"image":{"@id":"https:\/\/riberasalud.com\/povisa\/#\/schema\/logo\/image\/"}},{"@type":"Person","@id":"https:\/\/riberasalud.com\/povisa\/#\/schema\/person\/a86021b8be1af47eab6013c92aef8cb2","name":"comunicacion","image":{"@type":"ImageObject","inLanguage":"es","@id":"https:\/\/secure.gravatar.com\/avatar\/60cbbba75f9dfb772d5274ba6ef24949409430d363a66afa01a67aac15877cc8?s=96&d=mm&r=g","url":"https:\/\/secure.gravatar.com\/avatar\/60cbbba75f9dfb772d5274ba6ef24949409430d363a66afa01a67aac15877cc8?s=96&d=mm&r=g","contentUrl":"https:\/\/secure.gravatar.com\/avatar\/60cbbba75f9dfb772d5274ba6ef24949409430d363a66afa01a67aac15877cc8?s=96&d=mm&r=g","caption":"comunicacion"},"url":"https:\/\/riberasalud.com\/povisa\/author\/comunicacion\/"}]}},"gt_translate_keys":[{"key":"link","format":"url"}],"_links":{"self":[{"href":"https:\/\/riberasalud.com\/povisa\/wp-json\/wp\/v2\/posts\/1940","targetHints":{"allow":["GET"]}}],"collection":[{"href":"https:\/\/riberasalud.com\/povisa\/wp-json\/wp\/v2\/posts"}],"about":[{"href":"https:\/\/riberasalud.com\/povisa\/wp-json\/wp\/v2\/types\/post"}],"author":[{"embeddable":true,"href":"https:\/\/riberasalud.com\/povisa\/wp-json\/wp\/v2\/users\/2"}],"replies":[{"embeddable":true,"href":"https:\/\/riberasalud.com\/povisa\/wp-json\/wp\/v2\/comments?post=1940"}],"version-history":[{"count":0,"href":"https:\/\/riberasalud.com\/povisa\/wp-json\/wp\/v2\/posts\/1940\/revisions"}],"wp:attachment":[{"href":"https:\/\/riberasalud.com\/povisa\/wp-json\/wp\/v2\/media?parent=1940"}],"wp:term":[{"taxonomy":"category","embeddable":true,"href":"https:\/\/riberasalud.com\/povisa\/wp-json\/wp\/v2\/categories?post=1940"},{"taxonomy":"post_tag","embeddable":true,"href":"https:\/\/riberasalud.com\/povisa\/wp-json\/wp\/v2\/tags?post=1940"}],"curies":[{"name":"wp","href":"https:\/\/api.w.org\/{rel}","templated":true}]}}