{"id":1912,"date":"2015-05-19T14:40:48","date_gmt":"2015-05-19T14:40:48","guid":{"rendered":"https:\/\/riberasalud.com\/povisa\/povisa-celebra-el-acto-de-despedida-de-los-mir-y-recibe-a-los-nuevos-residentes\/"},"modified":"2015-05-19T14:40:48","modified_gmt":"2015-05-19T14:40:48","slug":"povisa-celebra-el-acto-de-despedida-de-los-mir-y-recibe-a-los-nuevos-residentes","status":"publish","type":"post","link":"https:\/\/riberasalud.com\/povisa\/povisa-celebra-el-acto-de-despedida-de-los-mir-y-recibe-a-los-nuevos-residentes\/","title":{"rendered":"Povisa celebra el acto de despedida de los MIR y recibe a los nuevos residentes","gt_translate_keys":[{"key":"rendered","format":"text"}]},"content":{"rendered":"<p class=\"p1\"><span class=\"s1\">Povisa ha celebrado hoy el acto de despedida de los 7 m\u00e9dicos residentes del hospital (2 de Traumatolog\u00eda, 2 de Medicina Interna, 1 de Cirug\u00eda General, 1 de Radiolog\u00eda y 1 de Anestesiolog\u00eda). En el mismo acto se ha dado la bienvenida a los 10 nuevos MIR, uno por cada una de las especialidades mencionadas y cinco en Medicina de Familia. El acto ha sido clausurado con una conferencia del Dr. Luis Fari\u00f1a, jefe del servicio de Urolog\u00eda. El consejero delegado, Jos\u00e9 Bernardo Silveira, ha sido el encargado de entregar los diplomas acreditativos de la residencia.<\/span><\/p>\n<p class=\"p1\"><img decoding=\"async\" src=\"images\/mir povisa 2.JPG\" border=\"0\" alt=\"\" \/><\/p>\n<p class=\"p1\"><img decoding=\"async\" src=\"images\/mir povisa.JPG\" border=\"0\" alt=\"\" \/><\/p>\n<p class=\"p1\"><img decoding=\"async\" src=\"images\/la foto 5.JPG\" border=\"0\" alt=\"\" \/><\/p>\n<p class=\"p1\"><img decoding=\"async\" src=\"images\/la foto 8.JPG\" border=\"0\" alt=\"\" \/><\/p>\n<p class=\"p1\">\u00a0<\/p>\n","protected":false,"gt_translate_keys":[{"key":"rendered","format":"html"}]},"excerpt":{"rendered":"<p>Povisa ha celebrado hoy el acto de despedida de los 7 m\u00e9dicos residentes del hospital (2 de Traumatolog\u00eda, 2 de Medicina Interna, 1 de Cirug\u00eda General, 1 de Radiolog\u00eda y 1 de Anestesiolog\u00eda). En el mismo acto se ha dado la bienvenida a los 10 nuevos MIR, uno por cada una de las especialidades mencionadas &#8230; <a title=\"Povisa celebra el acto de despedida de los MIR y recibe a los nuevos residentes\" class=\"read-more\" href=\"https:\/\/riberasalud.com\/povisa\/povisa-celebra-el-acto-de-despedida-de-los-mir-y-recibe-a-los-nuevos-residentes\/\" aria-label=\"Leer m\u00e1s sobre Povisa celebra el acto de despedida de los MIR y recibe a los nuevos residentes\">Leer m\u00e1s<\/a><\/p>\n","protected":false,"gt_translate_keys":[{"key":"rendered","format":"html"}]},"author":2,"featured_media":0,"comment_status":"closed","ping_status":"open","sticky":false,"template":"","format":"standard","meta":{"_coblocks_attr":"","_coblocks_dimensions":"","_coblocks_responsive_height":"","_coblocks_accordion_ie_support":"","_monsterinsights_skip_tracking":false,"_monsterinsights_sitenote_active":false,"_monsterinsights_sitenote_note":"","_monsterinsights_sitenote_category":0,"footnotes":""},"categories":[1],"tags":[],"class_list":["post-1912","post","type-post","status-publish","format-standard","hentry","category-sin-categoria"],"yoast_head":"<!-- This site is optimized with the Yoast SEO plugin v27.4 - https:\/\/yoast.com\/product\/yoast-seo-wordpress\/ -->\n<title>\u25b7 Povisa celebra el acto de despedida de los MIR y recibe a los nuevos residentes | Hospital Ribera Povisa<\/title>\n<meta name=\"description\" content=\"lll\u1405 Povisa ha celebrado hoy el acto de despedida de los 7 m\u00e9dicos residentes del hospital (2 de Traumatolog\u00eda, 2 de Medicina Interna, 1 de Cirug\u00eda General, 1 \u2705\" \/>\n<meta name=\"robots\" content=\"index, follow, max-snippet:-1, max-image-preview:large, max-video-preview:-1\" \/>\n<link rel=\"canonical\" href=\"https:\/\/riberasalud.com\/povisa\/povisa-celebra-el-acto-de-despedida-de-los-mir-y-recibe-a-los-nuevos-residentes\/\" \/>\n<meta property=\"og:locale\" content=\"es_ES\" \/>\n<meta property=\"og:type\" content=\"article\" \/>\n<meta property=\"og:title\" content=\"\u25b7 Povisa celebra el acto de despedida de los MIR y recibe a los nuevos residentes | Hospital Ribera Povisa\" \/>\n<meta property=\"og:description\" content=\"lll\u1405 Povisa ha celebrado hoy el acto de despedida de los 7 m\u00e9dicos residentes del hospital (2 de Traumatolog\u00eda, 2 de Medicina Interna, 1 de Cirug\u00eda General, 1 \u2705\" \/>\n<meta property=\"og:url\" content=\"https:\/\/riberasalud.com\/povisa\/povisa-celebra-el-acto-de-despedida-de-los-mir-y-recibe-a-los-nuevos-residentes\/\" \/>\n<meta property=\"og:site_name\" content=\"Hospital Ribera Povisa\" \/>\n<meta property=\"article:published_time\" content=\"2015-05-19T14:40:48+00:00\" \/>\n<meta name=\"author\" content=\"comunicacion\" \/>\n<meta name=\"twitter:card\" content=\"summary_large_image\" \/>\n<meta name=\"twitter:label1\" content=\"Escrito por\" \/>\n\t<meta name=\"twitter:data1\" content=\"comunicacion\" \/>\n<script type=\"application\/ld+json\" class=\"yoast-schema-graph\">{\"@context\":\"https:\\\/\\\/schema.org\",\"@graph\":[{\"@type\":\"Article\",\"@id\":\"https:\\\/\\\/riberasalud.com\\\/povisa\\\/povisa-celebra-el-acto-de-despedida-de-los-mir-y-recibe-a-los-nuevos-residentes\\\/#article\",\"isPartOf\":{\"@id\":\"https:\\\/\\\/riberasalud.com\\\/povisa\\\/povisa-celebra-el-acto-de-despedida-de-los-mir-y-recibe-a-los-nuevos-residentes\\\/\"},\"author\":{\"name\":\"comunicacion\",\"@id\":\"https:\\\/\\\/riberasalud.com\\\/povisa\\\/#\\\/schema\\\/person\\\/a86021b8be1af47eab6013c92aef8cb2\"},\"headline\":\"Povisa celebra el acto de despedida de los MIR y recibe a los nuevos residentes\",\"datePublished\":\"2015-05-19T14:40:48+00:00\",\"mainEntityOfPage\":{\"@id\":\"https:\\\/\\\/riberasalud.com\\\/povisa\\\/povisa-celebra-el-acto-de-despedida-de-los-mir-y-recibe-a-los-nuevos-residentes\\\/\"},\"wordCount\":111,\"publisher\":{\"@id\":\"https:\\\/\\\/riberasalud.com\\\/povisa\\\/#organization\"},\"inLanguage\":\"es\"},{\"@type\":\"WebPage\",\"@id\":\"https:\\\/\\\/riberasalud.com\\\/povisa\\\/povisa-celebra-el-acto-de-despedida-de-los-mir-y-recibe-a-los-nuevos-residentes\\\/\",\"url\":\"https:\\\/\\\/riberasalud.com\\\/povisa\\\/povisa-celebra-el-acto-de-despedida-de-los-mir-y-recibe-a-los-nuevos-residentes\\\/\",\"name\":\"\u25b7 Povisa celebra el acto de despedida de los MIR y recibe a los nuevos residentes | Hospital Ribera Povisa\",\"isPartOf\":{\"@id\":\"https:\\\/\\\/riberasalud.com\\\/povisa\\\/#website\"},\"datePublished\":\"2015-05-19T14:40:48+00:00\",\"description\":\"lll\u1405 Povisa ha celebrado hoy el acto de despedida de los 7 m\u00e9dicos residentes del hospital (2 de Traumatolog\u00eda, 2 de Medicina Interna, 1 de Cirug\u00eda General, 1 \u2705\",\"inLanguage\":\"es\",\"potentialAction\":[{\"@type\":\"ReadAction\",\"target\":[\"https:\\\/\\\/riberasalud.com\\\/povisa\\\/povisa-celebra-el-acto-de-despedida-de-los-mir-y-recibe-a-los-nuevos-residentes\\\/\"]}]},{\"@type\":\"WebSite\",\"@id\":\"https:\\\/\\\/riberasalud.com\\\/povisa\\\/#website\",\"url\":\"https:\\\/\\\/riberasalud.com\\\/povisa\\\/\",\"name\":\"Hospital Ribera Povisa\",\"description\":\"\",\"publisher\":{\"@id\":\"https:\\\/\\\/riberasalud.com\\\/povisa\\\/#organization\"},\"potentialAction\":[{\"@type\":\"SearchAction\",\"target\":{\"@type\":\"EntryPoint\",\"urlTemplate\":\"https:\\\/\\\/riberasalud.com\\\/povisa\\\/?s={search_term_string}\"},\"query-input\":{\"@type\":\"PropertyValueSpecification\",\"valueRequired\":true,\"valueName\":\"search_term_string\"}}],\"inLanguage\":\"es\"},{\"@type\":\"Organization\",\"@id\":\"https:\\\/\\\/riberasalud.com\\\/povisa\\\/#organization\",\"name\":\"Hospital Ribera Povisa\",\"url\":\"https:\\\/\\\/riberasalud.com\\\/povisa\\\/\",\"logo\":{\"@type\":\"ImageObject\",\"inLanguage\":\"es\",\"@id\":\"https:\\\/\\\/riberasalud.com\\\/povisa\\\/#\\\/schema\\\/logo\\\/image\\\/\",\"url\":\"https:\\\/\\\/riberasalud.com\\\/povisa\\\/wp-content\\\/uploads\\\/2024\\\/01\\\/cropped-Logo-Red-Povisa.png\",\"contentUrl\":\"https:\\\/\\\/riberasalud.com\\\/povisa\\\/wp-content\\\/uploads\\\/2024\\\/01\\\/cropped-Logo-Red-Povisa.png\",\"width\":1929,\"height\":489,\"caption\":\"Hospital Ribera Povisa\"},\"image\":{\"@id\":\"https:\\\/\\\/riberasalud.com\\\/povisa\\\/#\\\/schema\\\/logo\\\/image\\\/\"}},{\"@type\":\"Person\",\"@id\":\"https:\\\/\\\/riberasalud.com\\\/povisa\\\/#\\\/schema\\\/person\\\/a86021b8be1af47eab6013c92aef8cb2\",\"name\":\"comunicacion\",\"image\":{\"@type\":\"ImageObject\",\"inLanguage\":\"es\",\"@id\":\"https:\\\/\\\/secure.gravatar.com\\\/avatar\\\/60cbbba75f9dfb772d5274ba6ef24949409430d363a66afa01a67aac15877cc8?s=96&d=mm&r=g\",\"url\":\"https:\\\/\\\/secure.gravatar.com\\\/avatar\\\/60cbbba75f9dfb772d5274ba6ef24949409430d363a66afa01a67aac15877cc8?s=96&d=mm&r=g\",\"contentUrl\":\"https:\\\/\\\/secure.gravatar.com\\\/avatar\\\/60cbbba75f9dfb772d5274ba6ef24949409430d363a66afa01a67aac15877cc8?s=96&d=mm&r=g\",\"caption\":\"comunicacion\"},\"url\":\"https:\\\/\\\/riberasalud.com\\\/povisa\\\/author\\\/comunicacion\\\/\"}]}<\/script>\n<!-- \/ Yoast SEO plugin. -->","yoast_head_json":{"title":"\u25b7 Povisa celebra el acto de despedida de los MIR y recibe a los nuevos residentes | Hospital Ribera Povisa","description":"lll\u1405 Povisa ha celebrado hoy el acto de despedida de los 7 m\u00e9dicos residentes del hospital (2 de Traumatolog\u00eda, 2 de Medicina Interna, 1 de Cirug\u00eda General, 1 \u2705","robots":{"index":"index","follow":"follow","max-snippet":"max-snippet:-1","max-image-preview":"max-image-preview:large","max-video-preview":"max-video-preview:-1"},"canonical":"https:\/\/riberasalud.com\/povisa\/povisa-celebra-el-acto-de-despedida-de-los-mir-y-recibe-a-los-nuevos-residentes\/","og_locale":"es_ES","og_type":"article","og_title":"\u25b7 Povisa celebra el acto de despedida de los MIR y recibe a los nuevos residentes | Hospital Ribera Povisa","og_description":"lll\u1405 Povisa ha celebrado hoy el acto de despedida de los 7 m\u00e9dicos residentes del hospital (2 de Traumatolog\u00eda, 2 de Medicina Interna, 1 de Cirug\u00eda General, 1 \u2705","og_url":"https:\/\/riberasalud.com\/povisa\/povisa-celebra-el-acto-de-despedida-de-los-mir-y-recibe-a-los-nuevos-residentes\/","og_site_name":"Hospital Ribera Povisa","article_published_time":"2015-05-19T14:40:48+00:00","author":"comunicacion","twitter_card":"summary_large_image","twitter_misc":{"Escrito por":"comunicacion"},"schema":{"@context":"https:\/\/schema.org","@graph":[{"@type":"Article","@id":"https:\/\/riberasalud.com\/povisa\/povisa-celebra-el-acto-de-despedida-de-los-mir-y-recibe-a-los-nuevos-residentes\/#article","isPartOf":{"@id":"https:\/\/riberasalud.com\/povisa\/povisa-celebra-el-acto-de-despedida-de-los-mir-y-recibe-a-los-nuevos-residentes\/"},"author":{"name":"comunicacion","@id":"https:\/\/riberasalud.com\/povisa\/#\/schema\/person\/a86021b8be1af47eab6013c92aef8cb2"},"headline":"Povisa celebra el acto de despedida de los MIR y recibe a los nuevos residentes","datePublished":"2015-05-19T14:40:48+00:00","mainEntityOfPage":{"@id":"https:\/\/riberasalud.com\/povisa\/povisa-celebra-el-acto-de-despedida-de-los-mir-y-recibe-a-los-nuevos-residentes\/"},"wordCount":111,"publisher":{"@id":"https:\/\/riberasalud.com\/povisa\/#organization"},"inLanguage":"es"},{"@type":"WebPage","@id":"https:\/\/riberasalud.com\/povisa\/povisa-celebra-el-acto-de-despedida-de-los-mir-y-recibe-a-los-nuevos-residentes\/","url":"https:\/\/riberasalud.com\/povisa\/povisa-celebra-el-acto-de-despedida-de-los-mir-y-recibe-a-los-nuevos-residentes\/","name":"\u25b7 Povisa celebra el acto de despedida de los MIR y recibe a los nuevos residentes | Hospital Ribera Povisa","isPartOf":{"@id":"https:\/\/riberasalud.com\/povisa\/#website"},"datePublished":"2015-05-19T14:40:48+00:00","description":"lll\u1405 Povisa ha celebrado hoy el acto de despedida de los 7 m\u00e9dicos residentes del hospital (2 de Traumatolog\u00eda, 2 de Medicina Interna, 1 de Cirug\u00eda General, 1 \u2705","inLanguage":"es","potentialAction":[{"@type":"ReadAction","target":["https:\/\/riberasalud.com\/povisa\/povisa-celebra-el-acto-de-despedida-de-los-mir-y-recibe-a-los-nuevos-residentes\/"]}]},{"@type":"WebSite","@id":"https:\/\/riberasalud.com\/povisa\/#website","url":"https:\/\/riberasalud.com\/povisa\/","name":"Hospital Ribera Povisa","description":"","publisher":{"@id":"https:\/\/riberasalud.com\/povisa\/#organization"},"potentialAction":[{"@type":"SearchAction","target":{"@type":"EntryPoint","urlTemplate":"https:\/\/riberasalud.com\/povisa\/?s={search_term_string}"},"query-input":{"@type":"PropertyValueSpecification","valueRequired":true,"valueName":"search_term_string"}}],"inLanguage":"es"},{"@type":"Organization","@id":"https:\/\/riberasalud.com\/povisa\/#organization","name":"Hospital Ribera Povisa","url":"https:\/\/riberasalud.com\/povisa\/","logo":{"@type":"ImageObject","inLanguage":"es","@id":"https:\/\/riberasalud.com\/povisa\/#\/schema\/logo\/image\/","url":"https:\/\/riberasalud.com\/povisa\/wp-content\/uploads\/2024\/01\/cropped-Logo-Red-Povisa.png","contentUrl":"https:\/\/riberasalud.com\/povisa\/wp-content\/uploads\/2024\/01\/cropped-Logo-Red-Povisa.png","width":1929,"height":489,"caption":"Hospital Ribera Povisa"},"image":{"@id":"https:\/\/riberasalud.com\/povisa\/#\/schema\/logo\/image\/"}},{"@type":"Person","@id":"https:\/\/riberasalud.com\/povisa\/#\/schema\/person\/a86021b8be1af47eab6013c92aef8cb2","name":"comunicacion","image":{"@type":"ImageObject","inLanguage":"es","@id":"https:\/\/secure.gravatar.com\/avatar\/60cbbba75f9dfb772d5274ba6ef24949409430d363a66afa01a67aac15877cc8?s=96&d=mm&r=g","url":"https:\/\/secure.gravatar.com\/avatar\/60cbbba75f9dfb772d5274ba6ef24949409430d363a66afa01a67aac15877cc8?s=96&d=mm&r=g","contentUrl":"https:\/\/secure.gravatar.com\/avatar\/60cbbba75f9dfb772d5274ba6ef24949409430d363a66afa01a67aac15877cc8?s=96&d=mm&r=g","caption":"comunicacion"},"url":"https:\/\/riberasalud.com\/povisa\/author\/comunicacion\/"}]}},"gt_translate_keys":[{"key":"link","format":"url"}],"_links":{"self":[{"href":"https:\/\/riberasalud.com\/povisa\/wp-json\/wp\/v2\/posts\/1912","targetHints":{"allow":["GET"]}}],"collection":[{"href":"https:\/\/riberasalud.com\/povisa\/wp-json\/wp\/v2\/posts"}],"about":[{"href":"https:\/\/riberasalud.com\/povisa\/wp-json\/wp\/v2\/types\/post"}],"author":[{"embeddable":true,"href":"https:\/\/riberasalud.com\/povisa\/wp-json\/wp\/v2\/users\/2"}],"replies":[{"embeddable":true,"href":"https:\/\/riberasalud.com\/povisa\/wp-json\/wp\/v2\/comments?post=1912"}],"version-history":[{"count":0,"href":"https:\/\/riberasalud.com\/povisa\/wp-json\/wp\/v2\/posts\/1912\/revisions"}],"wp:attachment":[{"href":"https:\/\/riberasalud.com\/povisa\/wp-json\/wp\/v2\/media?parent=1912"}],"wp:term":[{"taxonomy":"category","embeddable":true,"href":"https:\/\/riberasalud.com\/povisa\/wp-json\/wp\/v2\/categories?post=1912"},{"taxonomy":"post_tag","embeddable":true,"href":"https:\/\/riberasalud.com\/povisa\/wp-json\/wp\/v2\/tags?post=1912"}],"curies":[{"name":"wp","href":"https:\/\/api.w.org\/{rel}","templated":true}]}}