{"id":1910,"date":"2019-09-20T10:30:39","date_gmt":"2019-09-20T10:30:39","guid":{"rendered":"https:\/\/riberasalud.com\/povisa\/povisa-y-afaga-presentan-acompana-un-innovador-proyecto-de-atencion-integral-al-alzheimer\/"},"modified":"2019-09-20T10:30:39","modified_gmt":"2019-09-20T10:30:39","slug":"povisa-y-afaga-presentan-acompana-un-innovador-proyecto-de-atencion-integral-al-alzheimer","status":"publish","type":"post","link":"https:\/\/riberasalud.com\/povisa\/povisa-y-afaga-presentan-acompana-un-innovador-proyecto-de-atencion-integral-al-alzheimer\/","title":{"rendered":"Povisa y Afaga presentan Acompa\u00f1a, un innovador proyecto de atenci\u00f3n integral al Alzheimer","gt_translate_keys":[{"key":"rendered","format":"text"}]},"content":{"rendered":"<p><strong><span style=\"text-decoration: underline;\"><img decoding=\"async\" src=\"images\/2019\/SEPTIEMBRE\/acompana_povisa_afaga.jpg\" border=\"0\" alt=\"\" \/><\/span><\/strong><\/p>\n<p><strong><span style=\"text-decoration: underline;\">El programa aborda la prevenci\u00f3n, la educaci\u00f3n y los cuidados con la monitorizaci\u00f3n a tiempo real de los pacientes, el apoyo personalizado de dos enfermeras gestoras y la creaci\u00f3n de una Escuela de Cuidadores<\/span><\/strong><\/p>\n<p><strong>Vigo, 20 de septiembre de 2019. \u2013<\/strong>\u00a0Povisa y la Asociaci\u00f3n de Familiares de Enfermos de Alzheimer y otras Demencias de Galicia (Afaga) han presentado esta ma\u00f1ana un nuevo proyecto de colaboraci\u00f3n bajo el t\u00edtulo Acompa\u00f1a, una iniciativa piloto de atenci\u00f3n al alzh\u00e9imer cuyo objetivo ser\u00e1 abordar esta compleja enfermedad de una forma integral, con especial atenci\u00f3n a la prevenci\u00f3n, la educaci\u00f3n y los cuidados de los pacientes.<\/p>\n<p>La presentaci\u00f3n del proyecto ha tenido lugar hoy en el sal\u00f3n de actos de Povisa con la participaci\u00f3n de Mar\u00eda Antonia Mu\u00f1oz, directora de Enfermer\u00eda y Calidad de Povisa; el jefe de Neurolog\u00eda, Jos\u00e9 Ram\u00f3n Lorenzo, y las enfermeras, Marta Ubiaga y Elena Allegue. Por parte de Afaga, han asistido Juan Carlos Rodr\u00edguez, presidente de la asociaci\u00f3n y Maxi Rodr\u00edguez e Iv\u00e1n Rar\u00eds, psic\u00f3loga y abogado, respectivamente.<\/p>\n<p>El programa, que entra en funcionamiento este mes de septiembre, atender\u00e1 en una primera fase a los pacientes reci\u00e9n diagnosticados y tambi\u00e9n a sus familias, dot\u00e1ndoles de un itinerario asistencial con el que desde el primer momento recibir\u00e1n orientaci\u00f3n y apoyo para resolver y canalizar los problemas antes de llegar a los servicios de urgencias.<\/p>\n<p><em>Acompa\u00f1a<\/em> incorpora a dos enfermeras de Povisa que gestionar\u00e1n de forma personalizada cada caso y llevar\u00e1n a cabo un proceso de valoraci\u00f3n, planificaci\u00f3n y coordinaci\u00f3n de actividades en torno al paciente y su familia a trav\u00e9s de una monitorizaci\u00f3n a tiempo real que permitir\u00e1 hacer frente a los problemas cr\u00f3nicos de salud y mejorar la calidad de vida de todos los implicados.\u00a0Tras el diagn\u00f3stico, el m\u00e9dico neur\u00f3logo transferir\u00e1 al paciente a su enfermera gestora que, a trav\u00e9s de una plataforma de comunicaci\u00f3n, interactuar\u00e1 a tiempo real con el especialista y con el cuidador, convirti\u00e9ndose en el referente de \u00e9ste para resolver dudas, conciliar citas m\u00e9dicas, acompa\u00f1ar y asesorar.<\/p>\n<p>Tambi\u00e9n se pondr\u00e1 en marcha una Escuela de Cuidadores, una iniciativa con la que se\u00a0 materializa una de las principales demandas de Afaga como es educar y preparar a los familiares que se har\u00e1n cargo de los enfermos. En este sentido, la asociaci\u00f3n hace hincapi\u00e9 en la sobrecarga f\u00edsica y emocional que soportan los cuidadores y la sensaci\u00f3n de abandono y desamparo que sienten una vez que se les comunica el diagn\u00f3stico en la consulta m\u00e9dica. La formaci\u00f3n comenzar\u00e1 dos meses despu\u00e9s del diagn\u00f3stico y ser\u00e1 impartida por profesionales de Afaga y Povisa.<\/p>\n<p>A lo largo de estas sesiones formativas los cuidadores no solo adquirir\u00e1n conocimientos, habilidades y competencias para afrontar los retos diarios de la convivencia con una persona con alzh\u00e9imer, sino que contar\u00e1n con un espacio para compartir experiencias y un profesional de referencia para solventar los problemas.<\/p>\n<p>La enfermedad de Alzheimer, cuyo D\u00eda Mundial se conmemora ma\u00f1ana, 21 de septiembre, es una de las principales causas de dependencia en las personas mayores, transformando la vida de sus familias y especialmente de quienes ejercen el papel de cuidadores.<\/p>\n<p><strong>Pie de foto:<\/strong> La directora de Enfermer\u00eda y Calidad de Povisa, Mar\u00eda Antonia Mu\u00f1oz; el jefe de Neurolog\u00eda, Jos\u00e9 Ram\u00f3n Lorenzo; y las enfermeras, Marta Ubiaga y Elena Allegue. Por parte de Afaga, su presidente, Juan Carlos Rodr\u00edguez, y Maxi Rodr\u00edguez e Iv\u00e1n Rar\u00eds, psic\u00f3loga y abogado de la entidad, respectivamente.<\/p>\n","protected":false,"gt_translate_keys":[{"key":"rendered","format":"html"}]},"excerpt":{"rendered":"<p>El programa aborda la prevenci\u00f3n, la educaci\u00f3n y los cuidados con la monitorizaci\u00f3n a tiempo real de los pacientes, el apoyo personalizado de dos enfermeras gestoras y la creaci\u00f3n de una Escuela de Cuidadores Vigo, 20 de septiembre de 2019. \u2013\u00a0Povisa y la Asociaci\u00f3n de Familiares de Enfermos de Alzheimer y otras Demencias de Galicia &#8230; <a title=\"Povisa y Afaga presentan Acompa\u00f1a, un innovador proyecto de atenci\u00f3n integral al Alzheimer\" class=\"read-more\" href=\"https:\/\/riberasalud.com\/povisa\/povisa-y-afaga-presentan-acompana-un-innovador-proyecto-de-atencion-integral-al-alzheimer\/\" aria-label=\"Leer m\u00e1s sobre Povisa y Afaga presentan Acompa\u00f1a, un innovador proyecto de atenci\u00f3n integral al Alzheimer\">Leer m\u00e1s<\/a><\/p>\n","protected":false,"gt_translate_keys":[{"key":"rendered","format":"html"}]},"author":2,"featured_media":0,"comment_status":"closed","ping_status":"open","sticky":false,"template":"","format":"standard","meta":{"_coblocks_attr":"","_coblocks_dimensions":"","_coblocks_responsive_height":"","_coblocks_accordion_ie_support":"","_monsterinsights_skip_tracking":false,"_monsterinsights_sitenote_active":false,"_monsterinsights_sitenote_note":"","_monsterinsights_sitenote_category":0,"footnotes":""},"categories":[1],"tags":[],"class_list":["post-1910","post","type-post","status-publish","format-standard","hentry","category-sin-categoria"],"yoast_head":"<!-- This site is optimized with the Yoast SEO plugin v27.4 - https:\/\/yoast.com\/product\/yoast-seo-wordpress\/ -->\n<title>\u25b7 Povisa y Afaga presentan Acompa\u00f1a, un innovador proyecto de atenci\u00f3n integral al Alzheimer | Hospital Ribera Povisa<\/title>\n<meta name=\"description\" content=\"lll\u1405 El programa aborda la prevenci\u00f3n, la educaci\u00f3n y los cuidados con la monitorizaci\u00f3n a tiempo real de los pacientes, el apoyo personalizado de dos \u2705\" \/>\n<meta name=\"robots\" content=\"index, follow, max-snippet:-1, max-image-preview:large, max-video-preview:-1\" \/>\n<link rel=\"canonical\" href=\"https:\/\/riberasalud.com\/povisa\/povisa-y-afaga-presentan-acompana-un-innovador-proyecto-de-atencion-integral-al-alzheimer\/\" \/>\n<meta property=\"og:locale\" content=\"es_ES\" \/>\n<meta property=\"og:type\" content=\"article\" \/>\n<meta property=\"og:title\" content=\"\u25b7 Povisa y Afaga presentan Acompa\u00f1a, un innovador proyecto de atenci\u00f3n integral al Alzheimer | Hospital Ribera Povisa\" \/>\n<meta property=\"og:description\" content=\"lll\u1405 El programa aborda la prevenci\u00f3n, la educaci\u00f3n y los cuidados con la monitorizaci\u00f3n a tiempo real de los pacientes, el apoyo personalizado de dos \u2705\" \/>\n<meta property=\"og:url\" content=\"https:\/\/riberasalud.com\/povisa\/povisa-y-afaga-presentan-acompana-un-innovador-proyecto-de-atencion-integral-al-alzheimer\/\" \/>\n<meta property=\"og:site_name\" content=\"Hospital Ribera Povisa\" \/>\n<meta property=\"article:published_time\" content=\"2019-09-20T10:30:39+00:00\" \/>\n<meta name=\"author\" content=\"comunicacion\" \/>\n<meta name=\"twitter:card\" content=\"summary_large_image\" \/>\n<meta name=\"twitter:label1\" content=\"Escrito por\" \/>\n\t<meta name=\"twitter:data1\" content=\"comunicacion\" \/>\n\t<meta name=\"twitter:label2\" content=\"Tiempo de lectura\" \/>\n\t<meta name=\"twitter:data2\" content=\"3 minutos\" \/>\n<script type=\"application\/ld+json\" class=\"yoast-schema-graph\">{\"@context\":\"https:\\\/\\\/schema.org\",\"@graph\":[{\"@type\":\"Article\",\"@id\":\"https:\\\/\\\/riberasalud.com\\\/povisa\\\/povisa-y-afaga-presentan-acompana-un-innovador-proyecto-de-atencion-integral-al-alzheimer\\\/#article\",\"isPartOf\":{\"@id\":\"https:\\\/\\\/riberasalud.com\\\/povisa\\\/povisa-y-afaga-presentan-acompana-un-innovador-proyecto-de-atencion-integral-al-alzheimer\\\/\"},\"author\":{\"name\":\"comunicacion\",\"@id\":\"https:\\\/\\\/riberasalud.com\\\/povisa\\\/#\\\/schema\\\/person\\\/a86021b8be1af47eab6013c92aef8cb2\"},\"headline\":\"Povisa y Afaga presentan Acompa\u00f1a, un innovador proyecto de atenci\u00f3n integral al Alzheimer\",\"datePublished\":\"2019-09-20T10:30:39+00:00\",\"mainEntityOfPage\":{\"@id\":\"https:\\\/\\\/riberasalud.com\\\/povisa\\\/povisa-y-afaga-presentan-acompana-un-innovador-proyecto-de-atencion-integral-al-alzheimer\\\/\"},\"wordCount\":650,\"publisher\":{\"@id\":\"https:\\\/\\\/riberasalud.com\\\/povisa\\\/#organization\"},\"inLanguage\":\"es\"},{\"@type\":\"WebPage\",\"@id\":\"https:\\\/\\\/riberasalud.com\\\/povisa\\\/povisa-y-afaga-presentan-acompana-un-innovador-proyecto-de-atencion-integral-al-alzheimer\\\/\",\"url\":\"https:\\\/\\\/riberasalud.com\\\/povisa\\\/povisa-y-afaga-presentan-acompana-un-innovador-proyecto-de-atencion-integral-al-alzheimer\\\/\",\"name\":\"\u25b7 Povisa y Afaga presentan Acompa\u00f1a, un innovador proyecto de atenci\u00f3n integral al Alzheimer | Hospital Ribera Povisa\",\"isPartOf\":{\"@id\":\"https:\\\/\\\/riberasalud.com\\\/povisa\\\/#website\"},\"datePublished\":\"2019-09-20T10:30:39+00:00\",\"description\":\"lll\u1405 El programa aborda la prevenci\u00f3n, la educaci\u00f3n y los cuidados con la monitorizaci\u00f3n a tiempo real de los pacientes, el apoyo personalizado de dos \u2705\",\"inLanguage\":\"es\",\"potentialAction\":[{\"@type\":\"ReadAction\",\"target\":[\"https:\\\/\\\/riberasalud.com\\\/povisa\\\/povisa-y-afaga-presentan-acompana-un-innovador-proyecto-de-atencion-integral-al-alzheimer\\\/\"]}]},{\"@type\":\"WebSite\",\"@id\":\"https:\\\/\\\/riberasalud.com\\\/povisa\\\/#website\",\"url\":\"https:\\\/\\\/riberasalud.com\\\/povisa\\\/\",\"name\":\"Hospital Ribera Povisa\",\"description\":\"\",\"publisher\":{\"@id\":\"https:\\\/\\\/riberasalud.com\\\/povisa\\\/#organization\"},\"potentialAction\":[{\"@type\":\"SearchAction\",\"target\":{\"@type\":\"EntryPoint\",\"urlTemplate\":\"https:\\\/\\\/riberasalud.com\\\/povisa\\\/?s={search_term_string}\"},\"query-input\":{\"@type\":\"PropertyValueSpecification\",\"valueRequired\":true,\"valueName\":\"search_term_string\"}}],\"inLanguage\":\"es\"},{\"@type\":\"Organization\",\"@id\":\"https:\\\/\\\/riberasalud.com\\\/povisa\\\/#organization\",\"name\":\"Hospital Ribera Povisa\",\"url\":\"https:\\\/\\\/riberasalud.com\\\/povisa\\\/\",\"logo\":{\"@type\":\"ImageObject\",\"inLanguage\":\"es\",\"@id\":\"https:\\\/\\\/riberasalud.com\\\/povisa\\\/#\\\/schema\\\/logo\\\/image\\\/\",\"url\":\"https:\\\/\\\/riberasalud.com\\\/povisa\\\/wp-content\\\/uploads\\\/2024\\\/01\\\/cropped-Logo-Red-Povisa.png\",\"contentUrl\":\"https:\\\/\\\/riberasalud.com\\\/povisa\\\/wp-content\\\/uploads\\\/2024\\\/01\\\/cropped-Logo-Red-Povisa.png\",\"width\":1929,\"height\":489,\"caption\":\"Hospital Ribera Povisa\"},\"image\":{\"@id\":\"https:\\\/\\\/riberasalud.com\\\/povisa\\\/#\\\/schema\\\/logo\\\/image\\\/\"}},{\"@type\":\"Person\",\"@id\":\"https:\\\/\\\/riberasalud.com\\\/povisa\\\/#\\\/schema\\\/person\\\/a86021b8be1af47eab6013c92aef8cb2\",\"name\":\"comunicacion\",\"image\":{\"@type\":\"ImageObject\",\"inLanguage\":\"es\",\"@id\":\"https:\\\/\\\/secure.gravatar.com\\\/avatar\\\/60cbbba75f9dfb772d5274ba6ef24949409430d363a66afa01a67aac15877cc8?s=96&d=mm&r=g\",\"url\":\"https:\\\/\\\/secure.gravatar.com\\\/avatar\\\/60cbbba75f9dfb772d5274ba6ef24949409430d363a66afa01a67aac15877cc8?s=96&d=mm&r=g\",\"contentUrl\":\"https:\\\/\\\/secure.gravatar.com\\\/avatar\\\/60cbbba75f9dfb772d5274ba6ef24949409430d363a66afa01a67aac15877cc8?s=96&d=mm&r=g\",\"caption\":\"comunicacion\"},\"url\":\"https:\\\/\\\/riberasalud.com\\\/povisa\\\/author\\\/comunicacion\\\/\"}]}<\/script>\n<!-- \/ Yoast SEO plugin. -->","yoast_head_json":{"title":"\u25b7 Povisa y Afaga presentan Acompa\u00f1a, un innovador proyecto de atenci\u00f3n integral al Alzheimer | Hospital Ribera Povisa","description":"lll\u1405 El programa aborda la prevenci\u00f3n, la educaci\u00f3n y los cuidados con la monitorizaci\u00f3n a tiempo real de los pacientes, el apoyo personalizado de dos \u2705","robots":{"index":"index","follow":"follow","max-snippet":"max-snippet:-1","max-image-preview":"max-image-preview:large","max-video-preview":"max-video-preview:-1"},"canonical":"https:\/\/riberasalud.com\/povisa\/povisa-y-afaga-presentan-acompana-un-innovador-proyecto-de-atencion-integral-al-alzheimer\/","og_locale":"es_ES","og_type":"article","og_title":"\u25b7 Povisa y Afaga presentan Acompa\u00f1a, un innovador proyecto de atenci\u00f3n integral al Alzheimer | Hospital Ribera Povisa","og_description":"lll\u1405 El programa aborda la prevenci\u00f3n, la educaci\u00f3n y los cuidados con la monitorizaci\u00f3n a tiempo real de los pacientes, el apoyo personalizado de dos \u2705","og_url":"https:\/\/riberasalud.com\/povisa\/povisa-y-afaga-presentan-acompana-un-innovador-proyecto-de-atencion-integral-al-alzheimer\/","og_site_name":"Hospital Ribera Povisa","article_published_time":"2019-09-20T10:30:39+00:00","author":"comunicacion","twitter_card":"summary_large_image","twitter_misc":{"Escrito por":"comunicacion","Tiempo de lectura":"3 minutos"},"schema":{"@context":"https:\/\/schema.org","@graph":[{"@type":"Article","@id":"https:\/\/riberasalud.com\/povisa\/povisa-y-afaga-presentan-acompana-un-innovador-proyecto-de-atencion-integral-al-alzheimer\/#article","isPartOf":{"@id":"https:\/\/riberasalud.com\/povisa\/povisa-y-afaga-presentan-acompana-un-innovador-proyecto-de-atencion-integral-al-alzheimer\/"},"author":{"name":"comunicacion","@id":"https:\/\/riberasalud.com\/povisa\/#\/schema\/person\/a86021b8be1af47eab6013c92aef8cb2"},"headline":"Povisa y Afaga presentan Acompa\u00f1a, un innovador proyecto de atenci\u00f3n integral al Alzheimer","datePublished":"2019-09-20T10:30:39+00:00","mainEntityOfPage":{"@id":"https:\/\/riberasalud.com\/povisa\/povisa-y-afaga-presentan-acompana-un-innovador-proyecto-de-atencion-integral-al-alzheimer\/"},"wordCount":650,"publisher":{"@id":"https:\/\/riberasalud.com\/povisa\/#organization"},"inLanguage":"es"},{"@type":"WebPage","@id":"https:\/\/riberasalud.com\/povisa\/povisa-y-afaga-presentan-acompana-un-innovador-proyecto-de-atencion-integral-al-alzheimer\/","url":"https:\/\/riberasalud.com\/povisa\/povisa-y-afaga-presentan-acompana-un-innovador-proyecto-de-atencion-integral-al-alzheimer\/","name":"\u25b7 Povisa y Afaga presentan Acompa\u00f1a, un innovador proyecto de atenci\u00f3n integral al Alzheimer | Hospital Ribera Povisa","isPartOf":{"@id":"https:\/\/riberasalud.com\/povisa\/#website"},"datePublished":"2019-09-20T10:30:39+00:00","description":"lll\u1405 El programa aborda la prevenci\u00f3n, la educaci\u00f3n y los cuidados con la monitorizaci\u00f3n a tiempo real de los pacientes, el apoyo personalizado de dos \u2705","inLanguage":"es","potentialAction":[{"@type":"ReadAction","target":["https:\/\/riberasalud.com\/povisa\/povisa-y-afaga-presentan-acompana-un-innovador-proyecto-de-atencion-integral-al-alzheimer\/"]}]},{"@type":"WebSite","@id":"https:\/\/riberasalud.com\/povisa\/#website","url":"https:\/\/riberasalud.com\/povisa\/","name":"Hospital Ribera Povisa","description":"","publisher":{"@id":"https:\/\/riberasalud.com\/povisa\/#organization"},"potentialAction":[{"@type":"SearchAction","target":{"@type":"EntryPoint","urlTemplate":"https:\/\/riberasalud.com\/povisa\/?s={search_term_string}"},"query-input":{"@type":"PropertyValueSpecification","valueRequired":true,"valueName":"search_term_string"}}],"inLanguage":"es"},{"@type":"Organization","@id":"https:\/\/riberasalud.com\/povisa\/#organization","name":"Hospital Ribera Povisa","url":"https:\/\/riberasalud.com\/povisa\/","logo":{"@type":"ImageObject","inLanguage":"es","@id":"https:\/\/riberasalud.com\/povisa\/#\/schema\/logo\/image\/","url":"https:\/\/riberasalud.com\/povisa\/wp-content\/uploads\/2024\/01\/cropped-Logo-Red-Povisa.png","contentUrl":"https:\/\/riberasalud.com\/povisa\/wp-content\/uploads\/2024\/01\/cropped-Logo-Red-Povisa.png","width":1929,"height":489,"caption":"Hospital Ribera Povisa"},"image":{"@id":"https:\/\/riberasalud.com\/povisa\/#\/schema\/logo\/image\/"}},{"@type":"Person","@id":"https:\/\/riberasalud.com\/povisa\/#\/schema\/person\/a86021b8be1af47eab6013c92aef8cb2","name":"comunicacion","image":{"@type":"ImageObject","inLanguage":"es","@id":"https:\/\/secure.gravatar.com\/avatar\/60cbbba75f9dfb772d5274ba6ef24949409430d363a66afa01a67aac15877cc8?s=96&d=mm&r=g","url":"https:\/\/secure.gravatar.com\/avatar\/60cbbba75f9dfb772d5274ba6ef24949409430d363a66afa01a67aac15877cc8?s=96&d=mm&r=g","contentUrl":"https:\/\/secure.gravatar.com\/avatar\/60cbbba75f9dfb772d5274ba6ef24949409430d363a66afa01a67aac15877cc8?s=96&d=mm&r=g","caption":"comunicacion"},"url":"https:\/\/riberasalud.com\/povisa\/author\/comunicacion\/"}]}},"gt_translate_keys":[{"key":"link","format":"url"}],"_links":{"self":[{"href":"https:\/\/riberasalud.com\/povisa\/wp-json\/wp\/v2\/posts\/1910","targetHints":{"allow":["GET"]}}],"collection":[{"href":"https:\/\/riberasalud.com\/povisa\/wp-json\/wp\/v2\/posts"}],"about":[{"href":"https:\/\/riberasalud.com\/povisa\/wp-json\/wp\/v2\/types\/post"}],"author":[{"embeddable":true,"href":"https:\/\/riberasalud.com\/povisa\/wp-json\/wp\/v2\/users\/2"}],"replies":[{"embeddable":true,"href":"https:\/\/riberasalud.com\/povisa\/wp-json\/wp\/v2\/comments?post=1910"}],"version-history":[{"count":0,"href":"https:\/\/riberasalud.com\/povisa\/wp-json\/wp\/v2\/posts\/1910\/revisions"}],"wp:attachment":[{"href":"https:\/\/riberasalud.com\/povisa\/wp-json\/wp\/v2\/media?parent=1910"}],"wp:term":[{"taxonomy":"category","embeddable":true,"href":"https:\/\/riberasalud.com\/povisa\/wp-json\/wp\/v2\/categories?post=1910"},{"taxonomy":"post_tag","embeddable":true,"href":"https:\/\/riberasalud.com\/povisa\/wp-json\/wp\/v2\/tags?post=1910"}],"curies":[{"name":"wp","href":"https:\/\/api.w.org\/{rel}","templated":true}]}}