{"id":17064,"date":"2026-04-28T14:15:53","date_gmt":"2026-04-28T14:15:53","guid":{"rendered":"https:\/\/riberasalud.com\/povisa\/?p=17064"},"modified":"2026-04-28T14:15:54","modified_gmt":"2026-04-28T14:15:54","slug":"un-caso-excepcional-gracias-a-la-vacunacion-povisa-cura-de-tetanos-a-un-hombre-de-80-anos","status":"publish","type":"post","link":"https:\/\/riberasalud.com\/povisa\/un-caso-excepcional-gracias-a-la-vacunacion-povisa-cura-de-tetanos-a-un-hombre-de-80-anos\/","title":{"rendered":"Un caso \u00abexcepcional\u00bb gracias a la vacunaci\u00f3n: Povisa cura de t\u00e9tanos a un hombre de 80 a\u00f1os","gt_translate_keys":[{"key":"rendered","format":"text"}]},"content":{"rendered":"\n<p><strong>Noticia publicada por El Faro de Vigo<\/strong><\/p>\n\n\n\n<ul class=\"wp-block-list\">\n<li>Estas infecciones agudas se han desplomado con la inmunizaci\u00f3n y solo se notificaron cuatro pacientes en toda Espa\u00f1a en 2023<\/li>\n\n\n\n<li>Es una urgencia m\u00e9dica potencialmente mortal que requiere un diagn\u00f3stico precoz y recursos especializados<\/li>\n<\/ul>\n\n\n\n<p>El t\u00e9tanos no est\u00e1 erradicado ni se podr\u00e1 erradicar, porque las esporas de la bacteria Clostridium que lo causan est\u00e1n por todas partes \u2014sobre todo en el suelo, las cenizas, los intestinos y las heces\u2014. Sin embargo,\u00a0<strong>la vacunaci\u00f3n ha reducido dr\u00e1sticamente en Espa\u00f1a los casos de esta enfermedad infecciosa grave del sistema nervioso.<\/strong>\u00a0Se pas\u00f3 de los 90 casos registrados en 1983 a los cuatro de 2023 \u2014\u00faltimo a\u00f1o con cifras oficiales del Ministerio de Sanidad\u2014. De hecho, en los \u00faltimos cuatro a\u00f1os con datos, solo se notificaron dos casos en toda Galicia, pese a ser de las comunidades con mayor incidencia. As\u00ed que,\u00a0<strong>\u00abla mayor parte de m\u00e9dicos nunca ha visto ni va a ver uno\u00bb,\u00a0<\/strong>sostiene el neur\u00f3logo Santiago Trillo. Pero es fundamental diagnosticarlo y tratarlo a tiempo porque \u00absigue siendo una urgencia m\u00e9dica que requiere una alta sospecha diagn\u00f3stica y con una mortalidad relevante incluso en pa\u00edses desarrollados\u00bb, seg\u00fan advierte la internista Mar\u00eda Alonso.<\/p>\n\n\n\n<p>En el hospital en el que trabajan, en Ribera Povisa,\u00a0<strong>resolvieron exitosamente uno a finales de octubre del a\u00f1o pasado<\/strong>. Era un hombre de 80 a\u00f1os que acudi\u00f3 a urgencias por alteraci\u00f3n del estado mental, enlentecimiento de atenci\u00f3n y de lenguaje, dolor y fiebre. Lo ingresaron para tratar lo que sospecharon que era una infecci\u00f3n urinaria.<br><br>Pero en planta, a la ma\u00f1ana siguiente, comprueban que ha empeorado, con&nbsp;<strong>rigidez generalizada y espasmos musculares ante peque\u00f1os est\u00edmulos<\/strong>. \u00abNo estaba en las manifestaciones m\u00e1s francas de la enfermedad\u00bb, explica la doctora Alonso. Pens\u00f3 en una tetania, un s\u00edndrome neuromuscular provocado por bajos niveles de calcio: pero las anal\u00edticas dieron bien. \u00ab\u00bfNo ser\u00e1 un t\u00e9tanos?\u00bb, se sorprendi\u00f3.<\/p>\n\n\n\n<h2 class=\"wp-block-heading\">Diagn\u00f3stico<\/h2>\n\n\n\n<p>Lo consult\u00f3 con otra colega de su servicio y con el doctor Trillo, con experiencia en valoraci\u00f3n de enfermedades neurol\u00f3gicas agudas. \u00abNo hab\u00eda visto nada parecido. En sus manifestaciones es muy espectacular, por la rigidez progresiva de los m\u00fasculos\u00bb, explica y se\u00f1ala que&nbsp;<strong>\u00abpuede resultar muy angustioso para el paciente porque se va poniendo r\u00edgido el cuerpo,<\/strong>&nbsp;los brazos, las piernas, se produce una extensi\u00f3n del cuello marcada y una contracci\u00f3n de la mand\u00edbula que le dificulta hablar,&nbsp;<strong>pero en todo momento tiene conciencia<\/strong>&nbsp;de lo que est\u00e1 pasando\u00bb. Incluso, lleg\u00f3 a hacer un opist\u00f3tono, un arqueamiento extremo de la espalda hacia atr\u00e1s, apoyando solo en cabeza y talones.&nbsp;<\/p>\n\n\n\n<p>Realizaron TAC cerebral y punci\u00f3n lumbar urgentes sin ver alteraciones. La familia les cont\u00f3 que hab\u00edan acudido al pod\u00f3logo el d\u00eda anterior por<strong>&nbsp;una herida que se hab\u00eda hecho en el pie en la finca&nbsp;<\/strong>que labra.<\/p>\n\n\n\n<p>\u00abSi la sospecha cl\u00ednica es muy alta, tienes que empezar el tratamiento y enviarlo a UCI, aunque el paciente est\u00e9 estable, porque\u00a0<strong>es una emergencia m\u00e9dica vital,<\/strong>\u00a0<strong>puede progresar muy r\u00e1pido<\/strong>, con mucha rigidez y fracaso respiratorio\u00bb, explica la doctora Alonso. De hecho, al poco de trasladarlo, tuvieron que intubarlo. Neutralizaron el efecto de la toxina con gammaglobulina antiet\u00e1tina, evitaron que se creara m\u00e1s atacando a la bacteria con antibi\u00f3ticos y limpiaron la herida<\/p>\n\n\n\n<h2 class=\"wp-block-heading\">Resultado<\/h2>\n\n\n\n<p><strong>\u00abComo lo sospechamos bastante r\u00e1pido, se inici\u00f3 el tratamiento muy r\u00e1pido y se recuper\u00f3 completamente en pocos d\u00edas\u00bb,<\/strong>&nbsp;subrayan los profesionales. Destacan que, a\u00fan con una atenci\u00f3n adecuada, la mortalidad se sit\u00faa entre el 10 y el 50% de los casos. En las \u00faltimas cuatro d\u00e9cadas con datos \u2014de 1983 a 2022\u2014 mat\u00f3 a 439 personas en Espa\u00f1a, aunque solo 14 en la \u00faltima.<\/p>\n","protected":false,"gt_translate_keys":[{"key":"rendered","format":"html"}]},"excerpt":{"rendered":"<p>Noticia publicada por El Faro de Vigo El t\u00e9tanos no est\u00e1 erradicado ni se podr\u00e1 erradicar, porque las esporas de la bacteria Clostridium que lo causan est\u00e1n por todas partes \u2014sobre todo en el suelo, las cenizas, los intestinos y las heces\u2014. Sin embargo,\u00a0la vacunaci\u00f3n ha reducido dr\u00e1sticamente en Espa\u00f1a los casos de esta enfermedad &#8230; <a title=\"Un caso \u00abexcepcional\u00bb gracias a la vacunaci\u00f3n: Povisa cura de t\u00e9tanos a un hombre de 80 a\u00f1os\" class=\"read-more\" href=\"https:\/\/riberasalud.com\/povisa\/un-caso-excepcional-gracias-a-la-vacunacion-povisa-cura-de-tetanos-a-un-hombre-de-80-anos\/\" aria-label=\"Leer m\u00e1s sobre Un caso \u00abexcepcional\u00bb gracias a la vacunaci\u00f3n: Povisa cura de t\u00e9tanos a un hombre de 80 a\u00f1os\">Leer m\u00e1s<\/a><\/p>\n","protected":false,"gt_translate_keys":[{"key":"rendered","format":"html"}]},"author":3,"featured_media":17065,"comment_status":"closed","ping_status":"open","sticky":false,"template":"","format":"standard","meta":{"_coblocks_attr":"","_coblocks_dimensions":"","_coblocks_responsive_height":"","_coblocks_accordion_ie_support":"","_monsterinsights_skip_tracking":false,"_monsterinsights_sitenote_active":false,"_monsterinsights_sitenote_note":"","_monsterinsights_sitenote_category":0,"footnotes":""},"categories":[765,457],"tags":[766,431,562,767],"class_list":["post-17064","post","type-post","status-publish","format-standard","has-post-thumbnail","hentry","category-medicina-interna","category-povisa-en-medios","tag-infeccion","tag-medicina-interna","tag-tetanos","tag-vacunacion"],"yoast_head":"<!-- This site is optimized with the Yoast SEO plugin v27.4 - https:\/\/yoast.com\/product\/yoast-seo-wordpress\/ -->\n<title>\u25b7 Un caso \u00abexcepcional\u00bb gracias a la vacunaci\u00f3n: Povisa cura de t\u00e9tanos a un hombre de 80 a\u00f1os | Hospital Ribera Povisa<\/title>\n<meta name=\"description\" content=\"lll\u1405 Noticia publicada por El Faro de Vigo Estas infecciones agudas se han desplomado con la inmunizaci\u00f3n y solo se notificaron cuatro pacientes en toda Espa\u00f1a \u2705\" \/>\n<meta name=\"robots\" content=\"index, follow, max-snippet:-1, max-image-preview:large, max-video-preview:-1\" \/>\n<link rel=\"canonical\" href=\"https:\/\/riberasalud.com\/povisa\/un-caso-excepcional-gracias-a-la-vacunacion-povisa-cura-de-tetanos-a-un-hombre-de-80-anos\/\" \/>\n<meta property=\"og:locale\" content=\"es_ES\" \/>\n<meta property=\"og:type\" content=\"article\" \/>\n<meta property=\"og:title\" content=\"\u25b7 Un caso \u00abexcepcional\u00bb gracias a la vacunaci\u00f3n: Povisa cura de t\u00e9tanos a un hombre de 80 a\u00f1os | Hospital Ribera Povisa\" \/>\n<meta property=\"og:description\" content=\"lll\u1405 Noticia publicada por El Faro de Vigo Estas infecciones agudas se han desplomado con la inmunizaci\u00f3n y solo se notificaron cuatro pacientes en toda Espa\u00f1a \u2705\" \/>\n<meta property=\"og:url\" content=\"https:\/\/riberasalud.com\/povisa\/un-caso-excepcional-gracias-a-la-vacunacion-povisa-cura-de-tetanos-a-un-hombre-de-80-anos\/\" \/>\n<meta property=\"og:site_name\" content=\"Hospital Ribera Povisa\" \/>\n<meta property=\"article:published_time\" content=\"2026-04-28T14:15:53+00:00\" \/>\n<meta property=\"article:modified_time\" content=\"2026-04-28T14:15:54+00:00\" \/>\n<meta property=\"og:image\" content=\"https:\/\/riberasalud.com\/povisa\/wp-content\/uploads\/2026\/04\/Medicina-interna.webp\" \/>\n\t<meta property=\"og:image:width\" content=\"1200\" \/>\n\t<meta property=\"og:image:height\" content=\"675\" \/>\n\t<meta property=\"og:image:type\" content=\"image\/webp\" \/>\n<meta name=\"author\" content=\"marsanchez\" \/>\n<meta name=\"twitter:card\" content=\"summary_large_image\" \/>\n<meta name=\"twitter:label1\" content=\"Escrito por\" \/>\n\t<meta name=\"twitter:data1\" content=\"marsanchez\" \/>\n\t<meta name=\"twitter:label2\" content=\"Tiempo de lectura\" \/>\n\t<meta name=\"twitter:data2\" content=\"3 minutos\" \/>\n<script type=\"application\/ld+json\" class=\"yoast-schema-graph\">{\"@context\":\"https:\\\/\\\/schema.org\",\"@graph\":[{\"@type\":\"Article\",\"@id\":\"https:\\\/\\\/riberasalud.com\\\/povisa\\\/un-caso-excepcional-gracias-a-la-vacunacion-povisa-cura-de-tetanos-a-un-hombre-de-80-anos\\\/#article\",\"isPartOf\":{\"@id\":\"https:\\\/\\\/riberasalud.com\\\/povisa\\\/un-caso-excepcional-gracias-a-la-vacunacion-povisa-cura-de-tetanos-a-un-hombre-de-80-anos\\\/\"},\"author\":{\"name\":\"marsanchez\",\"@id\":\"https:\\\/\\\/riberasalud.com\\\/povisa\\\/#\\\/schema\\\/person\\\/1f71b6a4d964f039610e8cec6d127703\"},\"headline\":\"Un caso \u00abexcepcional\u00bb gracias a la vacunaci\u00f3n: Povisa cura de t\u00e9tanos a un hombre de 80 a\u00f1os\",\"datePublished\":\"2026-04-28T14:15:53+00:00\",\"dateModified\":\"2026-04-28T14:15:54+00:00\",\"mainEntityOfPage\":{\"@id\":\"https:\\\/\\\/riberasalud.com\\\/povisa\\\/un-caso-excepcional-gracias-a-la-vacunacion-povisa-cura-de-tetanos-a-un-hombre-de-80-anos\\\/\"},\"wordCount\":677,\"publisher\":{\"@id\":\"https:\\\/\\\/riberasalud.com\\\/povisa\\\/#organization\"},\"image\":{\"@id\":\"https:\\\/\\\/riberasalud.com\\\/povisa\\\/un-caso-excepcional-gracias-a-la-vacunacion-povisa-cura-de-tetanos-a-un-hombre-de-80-anos\\\/#primaryimage\"},\"thumbnailUrl\":\"https:\\\/\\\/riberasalud.com\\\/povisa\\\/wp-content\\\/uploads\\\/2026\\\/04\\\/Medicina-interna.webp\",\"keywords\":[\"infecci\u00f3n\",\"medicina interna\",\"t\u00e9tanos\",\"vacunaci\u00f3n\"],\"articleSection\":[\"Medicina interna\",\"Povisa en medios\"],\"inLanguage\":\"es\"},{\"@type\":\"WebPage\",\"@id\":\"https:\\\/\\\/riberasalud.com\\\/povisa\\\/un-caso-excepcional-gracias-a-la-vacunacion-povisa-cura-de-tetanos-a-un-hombre-de-80-anos\\\/\",\"url\":\"https:\\\/\\\/riberasalud.com\\\/povisa\\\/un-caso-excepcional-gracias-a-la-vacunacion-povisa-cura-de-tetanos-a-un-hombre-de-80-anos\\\/\",\"name\":\"\u25b7 Un caso \u00abexcepcional\u00bb gracias a la vacunaci\u00f3n: Povisa cura de t\u00e9tanos a un hombre de 80 a\u00f1os | Hospital Ribera Povisa\",\"isPartOf\":{\"@id\":\"https:\\\/\\\/riberasalud.com\\\/povisa\\\/#website\"},\"primaryImageOfPage\":{\"@id\":\"https:\\\/\\\/riberasalud.com\\\/povisa\\\/un-caso-excepcional-gracias-a-la-vacunacion-povisa-cura-de-tetanos-a-un-hombre-de-80-anos\\\/#primaryimage\"},\"image\":{\"@id\":\"https:\\\/\\\/riberasalud.com\\\/povisa\\\/un-caso-excepcional-gracias-a-la-vacunacion-povisa-cura-de-tetanos-a-un-hombre-de-80-anos\\\/#primaryimage\"},\"thumbnailUrl\":\"https:\\\/\\\/riberasalud.com\\\/povisa\\\/wp-content\\\/uploads\\\/2026\\\/04\\\/Medicina-interna.webp\",\"datePublished\":\"2026-04-28T14:15:53+00:00\",\"dateModified\":\"2026-04-28T14:15:54+00:00\",\"description\":\"lll\u1405 Noticia publicada por El Faro de Vigo Estas infecciones agudas se han desplomado con la inmunizaci\u00f3n y solo se notificaron cuatro pacientes en toda Espa\u00f1a \u2705\",\"inLanguage\":\"es\",\"potentialAction\":[{\"@type\":\"ReadAction\",\"target\":[\"https:\\\/\\\/riberasalud.com\\\/povisa\\\/un-caso-excepcional-gracias-a-la-vacunacion-povisa-cura-de-tetanos-a-un-hombre-de-80-anos\\\/\"]}]},{\"@type\":\"ImageObject\",\"inLanguage\":\"es\",\"@id\":\"https:\\\/\\\/riberasalud.com\\\/povisa\\\/un-caso-excepcional-gracias-a-la-vacunacion-povisa-cura-de-tetanos-a-un-hombre-de-80-anos\\\/#primaryimage\",\"url\":\"https:\\\/\\\/riberasalud.com\\\/povisa\\\/wp-content\\\/uploads\\\/2026\\\/04\\\/Medicina-interna.webp\",\"contentUrl\":\"https:\\\/\\\/riberasalud.com\\\/povisa\\\/wp-content\\\/uploads\\\/2026\\\/04\\\/Medicina-interna.webp\",\"width\":1200,\"height\":675,\"caption\":\"la anestesista de UCI Sonsoles Leal, la internista Mar\u00eda Alonso, el neur\u00f3logo Santiago Trill\"},{\"@type\":\"WebSite\",\"@id\":\"https:\\\/\\\/riberasalud.com\\\/povisa\\\/#website\",\"url\":\"https:\\\/\\\/riberasalud.com\\\/povisa\\\/\",\"name\":\"Hospital Ribera Povisa\",\"description\":\"\",\"publisher\":{\"@id\":\"https:\\\/\\\/riberasalud.com\\\/povisa\\\/#organization\"},\"potentialAction\":[{\"@type\":\"SearchAction\",\"target\":{\"@type\":\"EntryPoint\",\"urlTemplate\":\"https:\\\/\\\/riberasalud.com\\\/povisa\\\/?s={search_term_string}\"},\"query-input\":{\"@type\":\"PropertyValueSpecification\",\"valueRequired\":true,\"valueName\":\"search_term_string\"}}],\"inLanguage\":\"es\"},{\"@type\":\"Organization\",\"@id\":\"https:\\\/\\\/riberasalud.com\\\/povisa\\\/#organization\",\"name\":\"Hospital Ribera Povisa\",\"url\":\"https:\\\/\\\/riberasalud.com\\\/povisa\\\/\",\"logo\":{\"@type\":\"ImageObject\",\"inLanguage\":\"es\",\"@id\":\"https:\\\/\\\/riberasalud.com\\\/povisa\\\/#\\\/schema\\\/logo\\\/image\\\/\",\"url\":\"https:\\\/\\\/riberasalud.com\\\/povisa\\\/wp-content\\\/uploads\\\/2024\\\/01\\\/cropped-Logo-Red-Povisa.png\",\"contentUrl\":\"https:\\\/\\\/riberasalud.com\\\/povisa\\\/wp-content\\\/uploads\\\/2024\\\/01\\\/cropped-Logo-Red-Povisa.png\",\"width\":1929,\"height\":489,\"caption\":\"Hospital Ribera Povisa\"},\"image\":{\"@id\":\"https:\\\/\\\/riberasalud.com\\\/povisa\\\/#\\\/schema\\\/logo\\\/image\\\/\"}},{\"@type\":\"Person\",\"@id\":\"https:\\\/\\\/riberasalud.com\\\/povisa\\\/#\\\/schema\\\/person\\\/1f71b6a4d964f039610e8cec6d127703\",\"name\":\"marsanchez\",\"image\":{\"@type\":\"ImageObject\",\"inLanguage\":\"es\",\"@id\":\"https:\\\/\\\/secure.gravatar.com\\\/avatar\\\/0e2ddfa6ca50f038a905865f19439697542e5743a0628f67c9fac9c893b311be?s=96&d=mm&r=g\",\"url\":\"https:\\\/\\\/secure.gravatar.com\\\/avatar\\\/0e2ddfa6ca50f038a905865f19439697542e5743a0628f67c9fac9c893b311be?s=96&d=mm&r=g\",\"contentUrl\":\"https:\\\/\\\/secure.gravatar.com\\\/avatar\\\/0e2ddfa6ca50f038a905865f19439697542e5743a0628f67c9fac9c893b311be?s=96&d=mm&r=g\",\"caption\":\"marsanchez\"},\"url\":\"https:\\\/\\\/riberasalud.com\\\/povisa\\\/author\\\/marsanchez\\\/\"}]}<\/script>\n<!-- \/ Yoast SEO plugin. -->","yoast_head_json":{"title":"\u25b7 Un caso \u00abexcepcional\u00bb gracias a la vacunaci\u00f3n: Povisa cura de t\u00e9tanos a un hombre de 80 a\u00f1os | Hospital Ribera Povisa","description":"lll\u1405 Noticia publicada por El Faro de Vigo Estas infecciones agudas se han desplomado con la inmunizaci\u00f3n y solo se notificaron cuatro pacientes en toda Espa\u00f1a \u2705","robots":{"index":"index","follow":"follow","max-snippet":"max-snippet:-1","max-image-preview":"max-image-preview:large","max-video-preview":"max-video-preview:-1"},"canonical":"https:\/\/riberasalud.com\/povisa\/un-caso-excepcional-gracias-a-la-vacunacion-povisa-cura-de-tetanos-a-un-hombre-de-80-anos\/","og_locale":"es_ES","og_type":"article","og_title":"\u25b7 Un caso \u00abexcepcional\u00bb gracias a la vacunaci\u00f3n: Povisa cura de t\u00e9tanos a un hombre de 80 a\u00f1os | Hospital Ribera Povisa","og_description":"lll\u1405 Noticia publicada por El Faro de Vigo Estas infecciones agudas se han desplomado con la inmunizaci\u00f3n y solo se notificaron cuatro pacientes en toda Espa\u00f1a \u2705","og_url":"https:\/\/riberasalud.com\/povisa\/un-caso-excepcional-gracias-a-la-vacunacion-povisa-cura-de-tetanos-a-un-hombre-de-80-anos\/","og_site_name":"Hospital Ribera Povisa","article_published_time":"2026-04-28T14:15:53+00:00","article_modified_time":"2026-04-28T14:15:54+00:00","og_image":[{"width":1200,"height":675,"url":"https:\/\/riberasalud.com\/povisa\/wp-content\/uploads\/2026\/04\/Medicina-interna.webp","type":"image\/webp"}],"author":"marsanchez","twitter_card":"summary_large_image","twitter_misc":{"Escrito por":"marsanchez","Tiempo de lectura":"3 minutos"},"schema":{"@context":"https:\/\/schema.org","@graph":[{"@type":"Article","@id":"https:\/\/riberasalud.com\/povisa\/un-caso-excepcional-gracias-a-la-vacunacion-povisa-cura-de-tetanos-a-un-hombre-de-80-anos\/#article","isPartOf":{"@id":"https:\/\/riberasalud.com\/povisa\/un-caso-excepcional-gracias-a-la-vacunacion-povisa-cura-de-tetanos-a-un-hombre-de-80-anos\/"},"author":{"name":"marsanchez","@id":"https:\/\/riberasalud.com\/povisa\/#\/schema\/person\/1f71b6a4d964f039610e8cec6d127703"},"headline":"Un caso \u00abexcepcional\u00bb gracias a la vacunaci\u00f3n: Povisa cura de t\u00e9tanos a un hombre de 80 a\u00f1os","datePublished":"2026-04-28T14:15:53+00:00","dateModified":"2026-04-28T14:15:54+00:00","mainEntityOfPage":{"@id":"https:\/\/riberasalud.com\/povisa\/un-caso-excepcional-gracias-a-la-vacunacion-povisa-cura-de-tetanos-a-un-hombre-de-80-anos\/"},"wordCount":677,"publisher":{"@id":"https:\/\/riberasalud.com\/povisa\/#organization"},"image":{"@id":"https:\/\/riberasalud.com\/povisa\/un-caso-excepcional-gracias-a-la-vacunacion-povisa-cura-de-tetanos-a-un-hombre-de-80-anos\/#primaryimage"},"thumbnailUrl":"https:\/\/riberasalud.com\/povisa\/wp-content\/uploads\/2026\/04\/Medicina-interna.webp","keywords":["infecci\u00f3n","medicina interna","t\u00e9tanos","vacunaci\u00f3n"],"articleSection":["Medicina interna","Povisa en medios"],"inLanguage":"es"},{"@type":"WebPage","@id":"https:\/\/riberasalud.com\/povisa\/un-caso-excepcional-gracias-a-la-vacunacion-povisa-cura-de-tetanos-a-un-hombre-de-80-anos\/","url":"https:\/\/riberasalud.com\/povisa\/un-caso-excepcional-gracias-a-la-vacunacion-povisa-cura-de-tetanos-a-un-hombre-de-80-anos\/","name":"\u25b7 Un caso \u00abexcepcional\u00bb gracias a la vacunaci\u00f3n: Povisa cura de t\u00e9tanos a un hombre de 80 a\u00f1os | Hospital Ribera Povisa","isPartOf":{"@id":"https:\/\/riberasalud.com\/povisa\/#website"},"primaryImageOfPage":{"@id":"https:\/\/riberasalud.com\/povisa\/un-caso-excepcional-gracias-a-la-vacunacion-povisa-cura-de-tetanos-a-un-hombre-de-80-anos\/#primaryimage"},"image":{"@id":"https:\/\/riberasalud.com\/povisa\/un-caso-excepcional-gracias-a-la-vacunacion-povisa-cura-de-tetanos-a-un-hombre-de-80-anos\/#primaryimage"},"thumbnailUrl":"https:\/\/riberasalud.com\/povisa\/wp-content\/uploads\/2026\/04\/Medicina-interna.webp","datePublished":"2026-04-28T14:15:53+00:00","dateModified":"2026-04-28T14:15:54+00:00","description":"lll\u1405 Noticia publicada por El Faro de Vigo Estas infecciones agudas se han desplomado con la inmunizaci\u00f3n y solo se notificaron cuatro pacientes en toda Espa\u00f1a \u2705","inLanguage":"es","potentialAction":[{"@type":"ReadAction","target":["https:\/\/riberasalud.com\/povisa\/un-caso-excepcional-gracias-a-la-vacunacion-povisa-cura-de-tetanos-a-un-hombre-de-80-anos\/"]}]},{"@type":"ImageObject","inLanguage":"es","@id":"https:\/\/riberasalud.com\/povisa\/un-caso-excepcional-gracias-a-la-vacunacion-povisa-cura-de-tetanos-a-un-hombre-de-80-anos\/#primaryimage","url":"https:\/\/riberasalud.com\/povisa\/wp-content\/uploads\/2026\/04\/Medicina-interna.webp","contentUrl":"https:\/\/riberasalud.com\/povisa\/wp-content\/uploads\/2026\/04\/Medicina-interna.webp","width":1200,"height":675,"caption":"la anestesista de UCI Sonsoles Leal, la internista Mar\u00eda Alonso, el neur\u00f3logo Santiago Trill"},{"@type":"WebSite","@id":"https:\/\/riberasalud.com\/povisa\/#website","url":"https:\/\/riberasalud.com\/povisa\/","name":"Hospital Ribera Povisa","description":"","publisher":{"@id":"https:\/\/riberasalud.com\/povisa\/#organization"},"potentialAction":[{"@type":"SearchAction","target":{"@type":"EntryPoint","urlTemplate":"https:\/\/riberasalud.com\/povisa\/?s={search_term_string}"},"query-input":{"@type":"PropertyValueSpecification","valueRequired":true,"valueName":"search_term_string"}}],"inLanguage":"es"},{"@type":"Organization","@id":"https:\/\/riberasalud.com\/povisa\/#organization","name":"Hospital Ribera Povisa","url":"https:\/\/riberasalud.com\/povisa\/","logo":{"@type":"ImageObject","inLanguage":"es","@id":"https:\/\/riberasalud.com\/povisa\/#\/schema\/logo\/image\/","url":"https:\/\/riberasalud.com\/povisa\/wp-content\/uploads\/2024\/01\/cropped-Logo-Red-Povisa.png","contentUrl":"https:\/\/riberasalud.com\/povisa\/wp-content\/uploads\/2024\/01\/cropped-Logo-Red-Povisa.png","width":1929,"height":489,"caption":"Hospital Ribera Povisa"},"image":{"@id":"https:\/\/riberasalud.com\/povisa\/#\/schema\/logo\/image\/"}},{"@type":"Person","@id":"https:\/\/riberasalud.com\/povisa\/#\/schema\/person\/1f71b6a4d964f039610e8cec6d127703","name":"marsanchez","image":{"@type":"ImageObject","inLanguage":"es","@id":"https:\/\/secure.gravatar.com\/avatar\/0e2ddfa6ca50f038a905865f19439697542e5743a0628f67c9fac9c893b311be?s=96&d=mm&r=g","url":"https:\/\/secure.gravatar.com\/avatar\/0e2ddfa6ca50f038a905865f19439697542e5743a0628f67c9fac9c893b311be?s=96&d=mm&r=g","contentUrl":"https:\/\/secure.gravatar.com\/avatar\/0e2ddfa6ca50f038a905865f19439697542e5743a0628f67c9fac9c893b311be?s=96&d=mm&r=g","caption":"marsanchez"},"url":"https:\/\/riberasalud.com\/povisa\/author\/marsanchez\/"}]}},"gt_translate_keys":[{"key":"link","format":"url"}],"_links":{"self":[{"href":"https:\/\/riberasalud.com\/povisa\/wp-json\/wp\/v2\/posts\/17064","targetHints":{"allow":["GET"]}}],"collection":[{"href":"https:\/\/riberasalud.com\/povisa\/wp-json\/wp\/v2\/posts"}],"about":[{"href":"https:\/\/riberasalud.com\/povisa\/wp-json\/wp\/v2\/types\/post"}],"author":[{"embeddable":true,"href":"https:\/\/riberasalud.com\/povisa\/wp-json\/wp\/v2\/users\/3"}],"replies":[{"embeddable":true,"href":"https:\/\/riberasalud.com\/povisa\/wp-json\/wp\/v2\/comments?post=17064"}],"version-history":[{"count":1,"href":"https:\/\/riberasalud.com\/povisa\/wp-json\/wp\/v2\/posts\/17064\/revisions"}],"predecessor-version":[{"id":17066,"href":"https:\/\/riberasalud.com\/povisa\/wp-json\/wp\/v2\/posts\/17064\/revisions\/17066"}],"wp:featuredmedia":[{"embeddable":true,"href":"https:\/\/riberasalud.com\/povisa\/wp-json\/wp\/v2\/media\/17065"}],"wp:attachment":[{"href":"https:\/\/riberasalud.com\/povisa\/wp-json\/wp\/v2\/media?parent=17064"}],"wp:term":[{"taxonomy":"category","embeddable":true,"href":"https:\/\/riberasalud.com\/povisa\/wp-json\/wp\/v2\/categories?post=17064"},{"taxonomy":"post_tag","embeddable":true,"href":"https:\/\/riberasalud.com\/povisa\/wp-json\/wp\/v2\/tags?post=17064"}],"curies":[{"name":"wp","href":"https:\/\/api.w.org\/{rel}","templated":true}]}}