{"id":17057,"date":"2026-04-27T14:35:14","date_gmt":"2026-04-27T14:35:14","guid":{"rendered":"https:\/\/riberasalud.com\/povisa\/?p=17057"},"modified":"2026-04-27T14:35:15","modified_gmt":"2026-04-27T14:35:15","slug":"crecemos-en-profesionales-y-mejoramos-la-accesibilidad","status":"publish","type":"post","link":"https:\/\/riberasalud.com\/povisa\/crecemos-en-profesionales-y-mejoramos-la-accesibilidad\/","title":{"rendered":"\u00abCrecemos en profesionales y mejoramos la accesibilidad\u00bb","gt_translate_keys":[{"key":"rendered","format":"text"}]},"content":{"rendered":"\n<p>Noticia publicada por La Voz de Galicia<\/p>\n\n\n\n<p>\u00abLa reducci\u00f3n de tiempos para las citas se ha logrado por el aumento de profesionales, la mejora tecnol\u00f3gica y los cambios en la organizaci\u00f3n de agendas\u00bb,&nbsp;explica la doctora In\u00e9s P\u00e9rez Flores, jefa del servicio de oftalmolog\u00eda del hospital Ribera Povisa.<\/p>\n\n\n\n<p>El hospital\u00a0<strong>Ribera Povisa\u00a0<\/strong>ha logrado reducir de forma significativa los tiempos de acceso en el servicio de Oftalmolog\u00eda, a lo largo del \u00faltimo a\u00f1o. En concreto, y respecto a los pacientes derivados de atenci\u00f3n primaria, se ha reducido en un 50% el tiempo de demora para acudir a la consulta con el especialista.<\/p>\n\n\n\n<p>La doctora In\u00e9s P\u00e9rez Flores, jefa del\u00a0<strong>servicio de Oftalmolog\u00eda del hospital Ribera Povisa<\/strong>\u00a0desde principios de 2025, explica c\u00f3mo se han conseguido estas mejoras y comenta otros logros de su equipo.<\/p>\n\n\n\n<h2 class=\"wp-block-heading\"><strong>Doctora P\u00e9rez, desde que asumi\u00f3 la responsabilidad del servicio, \u00bfqu\u00e9 cambios ha puesto en marcha para conseguir estas mejoras?<\/strong><\/h2>\n\n\n\n<p>Algunos de los factores para conseguir estas reducciones de tiempos para las citas han sido el aumento del personal del servicio, la mejora en la dotaci\u00f3n tecnol\u00f3gica y los cambios en la organizaci\u00f3n de agendas y partes quir\u00fargicos.<\/p>\n\n\n\n<p>Hemos realizado ajustes para lograr una mejor organizaci\u00f3n de la actividad, reestructurando las agendas de consultas de modo que los pacientes obtienen su cita con el especialista de manera \u00e1gil.<\/p>\n\n\n\n<p>Por otro lado, se han perfeccionado los circuitos asistenciales con optimizaci\u00f3n de los tiempos quir\u00fargicos. Todo eso ha sido fundamental para agilizar el funcionamiento del servicio, asegurando la calidad y seguridad de la atenci\u00f3n que prestamos.<\/p>\n\n\n\n<p>Ha sido un esfuerzo conjunto, no solo del equipo de Oftalmolog\u00eda, sino logrado gracias al extraordinario apoyo de la direcci\u00f3n asistencial del hospital, con la doctora Emma Iglesias al frente, y de la directora gerente, la doctora \u00c1ngela Guerra, quien desde su llegada apost\u00f3 por un cambio y crecimiento del que ahora vemos los frutos.<\/p>\n\n\n\n<blockquote class=\"wp-block-quote is-layout-flow wp-block-quote-is-layout-flow\">\n<p><strong>\u00ablos optometristas grad\u00faan sin excepci\u00f3n a todos los pacientes que acuden a consulta\u00bb<\/strong><\/p>\n<\/blockquote>\n\n\n\n<h2 class=\"wp-block-heading\"><strong>\u00bfCu\u00e1nto personal forma el servicio de oftalmolog\u00eda de Ribera Povisa?<\/strong><\/h2>\n\n\n\n<p>El equipo cuenta con 9 oftalm\u00f3logos y 5 optometristas, adem\u00e1s de personal auxiliar y de enfermer\u00eda. Somos un servicio subespecializado, es decir, contamos con profesionales especializados: dos en retina, tres en glaucoma, dos en superficie ocular, una especialista en oculoplastia y una en estrabismo.<\/p>\n\n\n\n<p>Me gustar\u00eda destacar que los optometristas grad\u00faan sin excepci\u00f3n a todos los pacientes que acuden a consulta. Adem\u00e1s, realizan la mayor\u00eda de las pruebas complementarias y de imagen necesarias para una exploraci\u00f3n oftalmol\u00f3gica completa.<\/p>\n\n\n\n<h2 class=\"wp-block-heading\"><strong>\u00bfPodr\u00eda explicarnos la importancia de la subespecializaci\u00f3n de su servicio?<\/strong><\/h2>\n\n\n\n<p>Por ejemplo, nuestra unidad de motilidad ocular atiende pacientes con estrabismos complejos que son remitidos desde otros centros de Galicia y acuden tambi\u00e9n pacientes de toda Espa\u00f1a.<\/p>\n\n\n\n<p>En muchos casos, el estrabismo es una enfermedad cr\u00f3nica y entre un 20 y un 30% de los pacientes van a necesitar m\u00e1s de una cirug\u00eda a lo largo de la vida. Tambi\u00e9n hay pacientes con estrabismo adquirido y visi\u00f3n doble que tienen una severa dificultad para las tareas cotidianas, pero podemos ofrecer un tratamiento que mejora su calidad de vida.<\/p>\n\n\n\n<p>Por otro lado, nuestra Unidad de Terapia Intrav\u00edtrea ha recibido la acreditaci\u00f3n de la Sociedad Espa\u00f1ola de Retina. Es un reconocimiento a la calidad asistencial y al esfuerzo organizativo realizado para consolidar un modelo de atenci\u00f3n especializado a las patolog\u00edas m\u00e9dicas que afectan gravemente a la visi\u00f3n por da\u00f1o de la m\u00e1cula. Somos el segundo hospital p\u00fablico, despu\u00e9s de Ferrol, y el primero privado de Galicia en conseguirla.<\/p>\n\n\n\n<h2 class=\"wp-block-heading\"><strong>\u00bfCu\u00e1les son los pr\u00f3ximos proyectos?<\/strong><\/h2>\n\n\n\n<p>Queremos incrementar la atenci\u00f3n subespecializada con la incorporaci\u00f3n de nuevos oftalm\u00f3logos y optometristas. Trabajamos para seguir mejorando los circuitos que agilicen la atenci\u00f3n de los pacientes. Nuestro objetivo es seguir trabajando para mantener estos resultados y seguir avanzando en accesibilidad y calidad asistencial para nuestros pacientes.<\/p>\n\n\n\n<h2 class=\"wp-block-heading\"><strong>\u00bfCu\u00e1les son las consultas m\u00e1s habituales que reciben?<\/strong><\/h2>\n\n\n\n<p>El mayor n\u00famero de pacientes que atendemos tiene patolog\u00edas asociadas a la edad, como las cataratas y las degeneraciones retinianas; algunas que est\u00e1n en aumento, como los estrabismos adquiridos en adultos; otras patolog\u00edas cr\u00f3nicas como el glaucoma, y enfermedades con posible afectaci\u00f3n ocular como la diabetes, el hipertiroidismo, y enfermedades reumatol\u00f3gicas.<\/p>\n\n\n\n<p>El aumento de la esperanza de vida, las nuevas t\u00e9cnicas de exploraci\u00f3n y tratamiento contribuyen incrementar la demanda asistencial.<\/p>\n\n\n\n<p><strong>\u00abUn adulto sin antecedentes deber\u00eda empezar a hacer revisiones entorno a los 40 a\u00f1os, ya que ah\u00ed suelen debutar enfermedades como la presbicia o el glaucoma\u00bb<\/strong><\/p>\n\n\n\n<h2 class=\"wp-block-heading\"><strong>Con los m\u00e1s peque\u00f1os, solemos ser estrictos&nbsp;con las revisiones oftalmol\u00f3gicas, pero los adultos nos descuidamos. \u00bfCada cu\u00e1nto es recomendable hacer una revisi\u00f3n y qu\u00e9 s\u00edntoma no debemos dejar pasar?<\/strong><\/h2>\n\n\n\n<p>Consideramos que un adulto deber\u00eda empezar a hacer revisiones entorno a los 40 a\u00f1os, ya que ah\u00ed suelen debutar enfermedades como, por ejemplo, la presbicia, el glaucoma\u2026<\/p>\n\n\n\n<p>Sin embargo, los adultos con defectos refractivos o enfermedades oftalmol\u00f3gicas en la infancia o antecedentes familiares espec\u00edficos deber\u00edan de empezar antes sus controles. La periodicidad de las revisiones ser\u00e1 establecida en funci\u00f3n de las caracter\u00edsticas de cada paciente por el propio especialista.<\/p>\n\n\n\n<p>Y hay que prestar atenci\u00f3n siempre a cualquier s\u00edntoma relativo a disminuci\u00f3n de visi\u00f3n, visi\u00f3n distorsionada o doble, alteraci\u00f3n del campo de visi\u00f3n, dolor ocular, traumatismo ocular\u2026 En esos casos deber\u00edan acudir al oftalm\u00f3logo lo antes posible.<\/p>\n\n\n\n<p><a href=\"https:\/\/api.whatsapp.com\/send?text=https:\/\/www.lavozdegalicia.es\/noticia\/contenidos-patrocinados\/2026\/04\/23\/oftalmologia-hospital-crecemos-profesionales-mejoramos-accesibilidad\/00031776958873236479498.htm?utm_source=whatsapp%26utm_medium=referral%26utm_campaign=share%26utm_content=00031776958873236479498\"><\/a><a href=\"mailto:?subject=Esta%20noticia%20de%20La%20Voz%20te%20puede%20interesar&amp;body=%C2%ABCrecemos%20en%20profesionales%20y%20mejoramos%20la%20accesibilidad%C2%BB%20https:\/\/www.lavozdegalicia.es\/noticia\/contenidos-patrocinados\/2026\/04\/23\/oftalmologia-hospital-crecemos-profesionales-mejoramos-accesibilidad\/00031776958873236479498.htm?utm_source=email%26utm_medium=referral%26utm_campaign=share%26utm_content=00031776958873236479498\"><\/a><a href=\"https:\/\/www.facebook.com\/sharer\/sharer.php?u=https:\/\/www.lavozdegalicia.es\/noticia\/contenidos-patrocinados\/2026\/04\/23\/oftalmologia-hospital-crecemos-profesionales-mejoramos-accesibilidad\/00031776958873236479498.htm?utm_source=facebook.com%26utm_medium=referral%26utm_campaign=share%26utm_content=00031776958873236479498\"><\/a><\/p>\n","protected":false,"gt_translate_keys":[{"key":"rendered","format":"html"}]},"excerpt":{"rendered":"<p>Noticia publicada por La Voz de Galicia \u00abLa reducci\u00f3n de tiempos para las citas se ha logrado por el aumento de profesionales, la mejora tecnol\u00f3gica y los cambios en la organizaci\u00f3n de agendas\u00bb,&nbsp;explica la doctora In\u00e9s P\u00e9rez Flores, jefa del servicio de oftalmolog\u00eda del hospital Ribera Povisa. El hospital\u00a0Ribera Povisa\u00a0ha logrado reducir de forma significativa &#8230; <a title=\"\u00abCrecemos en profesionales y mejoramos la accesibilidad\u00bb\" class=\"read-more\" href=\"https:\/\/riberasalud.com\/povisa\/crecemos-en-profesionales-y-mejoramos-la-accesibilidad\/\" aria-label=\"Leer m\u00e1s sobre \u00abCrecemos en profesionales y mejoramos la accesibilidad\u00bb\">Leer m\u00e1s<\/a><\/p>\n","protected":false,"gt_translate_keys":[{"key":"rendered","format":"html"}]},"author":3,"featured_media":17058,"comment_status":"closed","ping_status":"open","sticky":false,"template":"","format":"standard","meta":{"_coblocks_attr":"","_coblocks_dimensions":"","_coblocks_responsive_height":"","_coblocks_accordion_ie_support":"","_monsterinsights_skip_tracking":false,"_monsterinsights_sitenote_active":false,"_monsterinsights_sitenote_note":"","_monsterinsights_sitenote_category":0,"footnotes":""},"categories":[57,457],"tags":[],"class_list":["post-17057","post","type-post","status-publish","format-standard","has-post-thumbnail","hentry","category-oftalmologia","category-povisa-en-medios"],"yoast_head":"<!-- This site is optimized with the Yoast SEO plugin v27.4 - https:\/\/yoast.com\/product\/yoast-seo-wordpress\/ -->\n<title>\u25b7 \u00abCrecemos en profesionales y mejoramos la accesibilidad\u00bb | Hospital Ribera Povisa<\/title>\n<meta name=\"description\" content=\"lll\u1405 La reducci\u00f3n de tiempos para las citas se ha logrado por el aumento de profesionales, la mejora tecnol\u00f3gica y los cambios en la organizaci\u00f3n de agendas \u2705\" \/>\n<meta name=\"robots\" content=\"index, follow, max-snippet:-1, max-image-preview:large, max-video-preview:-1\" \/>\n<link rel=\"canonical\" href=\"https:\/\/riberasalud.com\/povisa\/crecemos-en-profesionales-y-mejoramos-la-accesibilidad\/\" \/>\n<meta property=\"og:locale\" content=\"es_ES\" \/>\n<meta property=\"og:type\" content=\"article\" \/>\n<meta property=\"og:title\" content=\"\u25b7 \u00abCrecemos en profesionales y mejoramos la accesibilidad\u00bb | Hospital Ribera Povisa\" \/>\n<meta property=\"og:description\" content=\"lll\u1405 La reducci\u00f3n de tiempos para las citas se ha logrado por el aumento de profesionales, la mejora tecnol\u00f3gica y los cambios en la organizaci\u00f3n de agendas \u2705\" \/>\n<meta property=\"og:url\" content=\"https:\/\/riberasalud.com\/povisa\/crecemos-en-profesionales-y-mejoramos-la-accesibilidad\/\" \/>\n<meta property=\"og:site_name\" content=\"Hospital Ribera Povisa\" \/>\n<meta property=\"article:published_time\" content=\"2026-04-27T14:35:14+00:00\" \/>\n<meta property=\"article:modified_time\" content=\"2026-04-27T14:35:15+00:00\" \/>\n<meta property=\"og:image\" content=\"https:\/\/riberasalud.com\/povisa\/wp-content\/uploads\/2026\/04\/1.webp\" \/>\n\t<meta property=\"og:image:width\" content=\"1280\" \/>\n\t<meta property=\"og:image:height\" content=\"720\" \/>\n\t<meta property=\"og:image:type\" content=\"image\/webp\" \/>\n<meta name=\"author\" content=\"marsanchez\" \/>\n<meta name=\"twitter:card\" content=\"summary_large_image\" \/>\n<meta name=\"twitter:label1\" content=\"Escrito por\" \/>\n\t<meta name=\"twitter:data1\" content=\"marsanchez\" \/>\n\t<meta name=\"twitter:label2\" content=\"Tiempo de lectura\" \/>\n\t<meta name=\"twitter:data2\" content=\"5 minutos\" \/>\n<script type=\"application\/ld+json\" class=\"yoast-schema-graph\">{\"@context\":\"https:\\\/\\\/schema.org\",\"@graph\":[{\"@type\":\"Article\",\"@id\":\"https:\\\/\\\/riberasalud.com\\\/povisa\\\/crecemos-en-profesionales-y-mejoramos-la-accesibilidad\\\/#article\",\"isPartOf\":{\"@id\":\"https:\\\/\\\/riberasalud.com\\\/povisa\\\/crecemos-en-profesionales-y-mejoramos-la-accesibilidad\\\/\"},\"author\":{\"name\":\"marsanchez\",\"@id\":\"https:\\\/\\\/riberasalud.com\\\/povisa\\\/#\\\/schema\\\/person\\\/1f71b6a4d964f039610e8cec6d127703\"},\"headline\":\"\u00abCrecemos en profesionales y mejoramos la accesibilidad\u00bb\",\"datePublished\":\"2026-04-27T14:35:14+00:00\",\"dateModified\":\"2026-04-27T14:35:15+00:00\",\"mainEntityOfPage\":{\"@id\":\"https:\\\/\\\/riberasalud.com\\\/povisa\\\/crecemos-en-profesionales-y-mejoramos-la-accesibilidad\\\/\"},\"wordCount\":970,\"publisher\":{\"@id\":\"https:\\\/\\\/riberasalud.com\\\/povisa\\\/#organization\"},\"image\":{\"@id\":\"https:\\\/\\\/riberasalud.com\\\/povisa\\\/crecemos-en-profesionales-y-mejoramos-la-accesibilidad\\\/#primaryimage\"},\"thumbnailUrl\":\"https:\\\/\\\/riberasalud.com\\\/povisa\\\/wp-content\\\/uploads\\\/2026\\\/04\\\/1.webp\",\"articleSection\":[\"oftalmolog\u00eda\",\"Povisa en medios\"],\"inLanguage\":\"es\"},{\"@type\":\"WebPage\",\"@id\":\"https:\\\/\\\/riberasalud.com\\\/povisa\\\/crecemos-en-profesionales-y-mejoramos-la-accesibilidad\\\/\",\"url\":\"https:\\\/\\\/riberasalud.com\\\/povisa\\\/crecemos-en-profesionales-y-mejoramos-la-accesibilidad\\\/\",\"name\":\"\u25b7 \u00abCrecemos en profesionales y mejoramos la accesibilidad\u00bb | Hospital Ribera Povisa\",\"isPartOf\":{\"@id\":\"https:\\\/\\\/riberasalud.com\\\/povisa\\\/#website\"},\"primaryImageOfPage\":{\"@id\":\"https:\\\/\\\/riberasalud.com\\\/povisa\\\/crecemos-en-profesionales-y-mejoramos-la-accesibilidad\\\/#primaryimage\"},\"image\":{\"@id\":\"https:\\\/\\\/riberasalud.com\\\/povisa\\\/crecemos-en-profesionales-y-mejoramos-la-accesibilidad\\\/#primaryimage\"},\"thumbnailUrl\":\"https:\\\/\\\/riberasalud.com\\\/povisa\\\/wp-content\\\/uploads\\\/2026\\\/04\\\/1.webp\",\"datePublished\":\"2026-04-27T14:35:14+00:00\",\"dateModified\":\"2026-04-27T14:35:15+00:00\",\"description\":\"lll\u1405 La reducci\u00f3n de tiempos para las citas se ha logrado por el aumento de profesionales, la mejora tecnol\u00f3gica y los cambios en la organizaci\u00f3n de agendas \u2705\",\"inLanguage\":\"es\",\"potentialAction\":[{\"@type\":\"ReadAction\",\"target\":[\"https:\\\/\\\/riberasalud.com\\\/povisa\\\/crecemos-en-profesionales-y-mejoramos-la-accesibilidad\\\/\"]}]},{\"@type\":\"ImageObject\",\"inLanguage\":\"es\",\"@id\":\"https:\\\/\\\/riberasalud.com\\\/povisa\\\/crecemos-en-profesionales-y-mejoramos-la-accesibilidad\\\/#primaryimage\",\"url\":\"https:\\\/\\\/riberasalud.com\\\/povisa\\\/wp-content\\\/uploads\\\/2026\\\/04\\\/1.webp\",\"contentUrl\":\"https:\\\/\\\/riberasalud.com\\\/povisa\\\/wp-content\\\/uploads\\\/2026\\\/04\\\/1.webp\",\"width\":1280,\"height\":720,\"caption\":\"oftalmolog\u00eda Hospital Ribera Povisa\"},{\"@type\":\"WebSite\",\"@id\":\"https:\\\/\\\/riberasalud.com\\\/povisa\\\/#website\",\"url\":\"https:\\\/\\\/riberasalud.com\\\/povisa\\\/\",\"name\":\"Hospital Ribera Povisa\",\"description\":\"\",\"publisher\":{\"@id\":\"https:\\\/\\\/riberasalud.com\\\/povisa\\\/#organization\"},\"potentialAction\":[{\"@type\":\"SearchAction\",\"target\":{\"@type\":\"EntryPoint\",\"urlTemplate\":\"https:\\\/\\\/riberasalud.com\\\/povisa\\\/?s={search_term_string}\"},\"query-input\":{\"@type\":\"PropertyValueSpecification\",\"valueRequired\":true,\"valueName\":\"search_term_string\"}}],\"inLanguage\":\"es\"},{\"@type\":\"Organization\",\"@id\":\"https:\\\/\\\/riberasalud.com\\\/povisa\\\/#organization\",\"name\":\"Hospital Ribera Povisa\",\"url\":\"https:\\\/\\\/riberasalud.com\\\/povisa\\\/\",\"logo\":{\"@type\":\"ImageObject\",\"inLanguage\":\"es\",\"@id\":\"https:\\\/\\\/riberasalud.com\\\/povisa\\\/#\\\/schema\\\/logo\\\/image\\\/\",\"url\":\"https:\\\/\\\/riberasalud.com\\\/povisa\\\/wp-content\\\/uploads\\\/2024\\\/01\\\/cropped-Logo-Red-Povisa.png\",\"contentUrl\":\"https:\\\/\\\/riberasalud.com\\\/povisa\\\/wp-content\\\/uploads\\\/2024\\\/01\\\/cropped-Logo-Red-Povisa.png\",\"width\":1929,\"height\":489,\"caption\":\"Hospital Ribera Povisa\"},\"image\":{\"@id\":\"https:\\\/\\\/riberasalud.com\\\/povisa\\\/#\\\/schema\\\/logo\\\/image\\\/\"}},{\"@type\":\"Person\",\"@id\":\"https:\\\/\\\/riberasalud.com\\\/povisa\\\/#\\\/schema\\\/person\\\/1f71b6a4d964f039610e8cec6d127703\",\"name\":\"marsanchez\",\"image\":{\"@type\":\"ImageObject\",\"inLanguage\":\"es\",\"@id\":\"https:\\\/\\\/secure.gravatar.com\\\/avatar\\\/0e2ddfa6ca50f038a905865f19439697542e5743a0628f67c9fac9c893b311be?s=96&d=mm&r=g\",\"url\":\"https:\\\/\\\/secure.gravatar.com\\\/avatar\\\/0e2ddfa6ca50f038a905865f19439697542e5743a0628f67c9fac9c893b311be?s=96&d=mm&r=g\",\"contentUrl\":\"https:\\\/\\\/secure.gravatar.com\\\/avatar\\\/0e2ddfa6ca50f038a905865f19439697542e5743a0628f67c9fac9c893b311be?s=96&d=mm&r=g\",\"caption\":\"marsanchez\"},\"url\":\"https:\\\/\\\/riberasalud.com\\\/povisa\\\/author\\\/marsanchez\\\/\"}]}<\/script>\n<!-- \/ Yoast SEO plugin. -->","yoast_head_json":{"title":"\u25b7 \u00abCrecemos en profesionales y mejoramos la accesibilidad\u00bb | Hospital Ribera Povisa","description":"lll\u1405 La reducci\u00f3n de tiempos para las citas se ha logrado por el aumento de profesionales, la mejora tecnol\u00f3gica y los cambios en la organizaci\u00f3n de agendas \u2705","robots":{"index":"index","follow":"follow","max-snippet":"max-snippet:-1","max-image-preview":"max-image-preview:large","max-video-preview":"max-video-preview:-1"},"canonical":"https:\/\/riberasalud.com\/povisa\/crecemos-en-profesionales-y-mejoramos-la-accesibilidad\/","og_locale":"es_ES","og_type":"article","og_title":"\u25b7 \u00abCrecemos en profesionales y mejoramos la accesibilidad\u00bb | Hospital Ribera Povisa","og_description":"lll\u1405 La reducci\u00f3n de tiempos para las citas se ha logrado por el aumento de profesionales, la mejora tecnol\u00f3gica y los cambios en la organizaci\u00f3n de agendas \u2705","og_url":"https:\/\/riberasalud.com\/povisa\/crecemos-en-profesionales-y-mejoramos-la-accesibilidad\/","og_site_name":"Hospital Ribera Povisa","article_published_time":"2026-04-27T14:35:14+00:00","article_modified_time":"2026-04-27T14:35:15+00:00","og_image":[{"width":1280,"height":720,"url":"https:\/\/riberasalud.com\/povisa\/wp-content\/uploads\/2026\/04\/1.webp","type":"image\/webp"}],"author":"marsanchez","twitter_card":"summary_large_image","twitter_misc":{"Escrito por":"marsanchez","Tiempo de lectura":"5 minutos"},"schema":{"@context":"https:\/\/schema.org","@graph":[{"@type":"Article","@id":"https:\/\/riberasalud.com\/povisa\/crecemos-en-profesionales-y-mejoramos-la-accesibilidad\/#article","isPartOf":{"@id":"https:\/\/riberasalud.com\/povisa\/crecemos-en-profesionales-y-mejoramos-la-accesibilidad\/"},"author":{"name":"marsanchez","@id":"https:\/\/riberasalud.com\/povisa\/#\/schema\/person\/1f71b6a4d964f039610e8cec6d127703"},"headline":"\u00abCrecemos en profesionales y mejoramos la accesibilidad\u00bb","datePublished":"2026-04-27T14:35:14+00:00","dateModified":"2026-04-27T14:35:15+00:00","mainEntityOfPage":{"@id":"https:\/\/riberasalud.com\/povisa\/crecemos-en-profesionales-y-mejoramos-la-accesibilidad\/"},"wordCount":970,"publisher":{"@id":"https:\/\/riberasalud.com\/povisa\/#organization"},"image":{"@id":"https:\/\/riberasalud.com\/povisa\/crecemos-en-profesionales-y-mejoramos-la-accesibilidad\/#primaryimage"},"thumbnailUrl":"https:\/\/riberasalud.com\/povisa\/wp-content\/uploads\/2026\/04\/1.webp","articleSection":["oftalmolog\u00eda","Povisa en medios"],"inLanguage":"es"},{"@type":"WebPage","@id":"https:\/\/riberasalud.com\/povisa\/crecemos-en-profesionales-y-mejoramos-la-accesibilidad\/","url":"https:\/\/riberasalud.com\/povisa\/crecemos-en-profesionales-y-mejoramos-la-accesibilidad\/","name":"\u25b7 \u00abCrecemos en profesionales y mejoramos la accesibilidad\u00bb | Hospital Ribera Povisa","isPartOf":{"@id":"https:\/\/riberasalud.com\/povisa\/#website"},"primaryImageOfPage":{"@id":"https:\/\/riberasalud.com\/povisa\/crecemos-en-profesionales-y-mejoramos-la-accesibilidad\/#primaryimage"},"image":{"@id":"https:\/\/riberasalud.com\/povisa\/crecemos-en-profesionales-y-mejoramos-la-accesibilidad\/#primaryimage"},"thumbnailUrl":"https:\/\/riberasalud.com\/povisa\/wp-content\/uploads\/2026\/04\/1.webp","datePublished":"2026-04-27T14:35:14+00:00","dateModified":"2026-04-27T14:35:15+00:00","description":"lll\u1405 La reducci\u00f3n de tiempos para las citas se ha logrado por el aumento de profesionales, la mejora tecnol\u00f3gica y los cambios en la organizaci\u00f3n de agendas \u2705","inLanguage":"es","potentialAction":[{"@type":"ReadAction","target":["https:\/\/riberasalud.com\/povisa\/crecemos-en-profesionales-y-mejoramos-la-accesibilidad\/"]}]},{"@type":"ImageObject","inLanguage":"es","@id":"https:\/\/riberasalud.com\/povisa\/crecemos-en-profesionales-y-mejoramos-la-accesibilidad\/#primaryimage","url":"https:\/\/riberasalud.com\/povisa\/wp-content\/uploads\/2026\/04\/1.webp","contentUrl":"https:\/\/riberasalud.com\/povisa\/wp-content\/uploads\/2026\/04\/1.webp","width":1280,"height":720,"caption":"oftalmolog\u00eda Hospital Ribera Povisa"},{"@type":"WebSite","@id":"https:\/\/riberasalud.com\/povisa\/#website","url":"https:\/\/riberasalud.com\/povisa\/","name":"Hospital Ribera Povisa","description":"","publisher":{"@id":"https:\/\/riberasalud.com\/povisa\/#organization"},"potentialAction":[{"@type":"SearchAction","target":{"@type":"EntryPoint","urlTemplate":"https:\/\/riberasalud.com\/povisa\/?s={search_term_string}"},"query-input":{"@type":"PropertyValueSpecification","valueRequired":true,"valueName":"search_term_string"}}],"inLanguage":"es"},{"@type":"Organization","@id":"https:\/\/riberasalud.com\/povisa\/#organization","name":"Hospital Ribera Povisa","url":"https:\/\/riberasalud.com\/povisa\/","logo":{"@type":"ImageObject","inLanguage":"es","@id":"https:\/\/riberasalud.com\/povisa\/#\/schema\/logo\/image\/","url":"https:\/\/riberasalud.com\/povisa\/wp-content\/uploads\/2024\/01\/cropped-Logo-Red-Povisa.png","contentUrl":"https:\/\/riberasalud.com\/povisa\/wp-content\/uploads\/2024\/01\/cropped-Logo-Red-Povisa.png","width":1929,"height":489,"caption":"Hospital Ribera Povisa"},"image":{"@id":"https:\/\/riberasalud.com\/povisa\/#\/schema\/logo\/image\/"}},{"@type":"Person","@id":"https:\/\/riberasalud.com\/povisa\/#\/schema\/person\/1f71b6a4d964f039610e8cec6d127703","name":"marsanchez","image":{"@type":"ImageObject","inLanguage":"es","@id":"https:\/\/secure.gravatar.com\/avatar\/0e2ddfa6ca50f038a905865f19439697542e5743a0628f67c9fac9c893b311be?s=96&d=mm&r=g","url":"https:\/\/secure.gravatar.com\/avatar\/0e2ddfa6ca50f038a905865f19439697542e5743a0628f67c9fac9c893b311be?s=96&d=mm&r=g","contentUrl":"https:\/\/secure.gravatar.com\/avatar\/0e2ddfa6ca50f038a905865f19439697542e5743a0628f67c9fac9c893b311be?s=96&d=mm&r=g","caption":"marsanchez"},"url":"https:\/\/riberasalud.com\/povisa\/author\/marsanchez\/"}]}},"gt_translate_keys":[{"key":"link","format":"url"}],"_links":{"self":[{"href":"https:\/\/riberasalud.com\/povisa\/wp-json\/wp\/v2\/posts\/17057","targetHints":{"allow":["GET"]}}],"collection":[{"href":"https:\/\/riberasalud.com\/povisa\/wp-json\/wp\/v2\/posts"}],"about":[{"href":"https:\/\/riberasalud.com\/povisa\/wp-json\/wp\/v2\/types\/post"}],"author":[{"embeddable":true,"href":"https:\/\/riberasalud.com\/povisa\/wp-json\/wp\/v2\/users\/3"}],"replies":[{"embeddable":true,"href":"https:\/\/riberasalud.com\/povisa\/wp-json\/wp\/v2\/comments?post=17057"}],"version-history":[{"count":1,"href":"https:\/\/riberasalud.com\/povisa\/wp-json\/wp\/v2\/posts\/17057\/revisions"}],"predecessor-version":[{"id":17059,"href":"https:\/\/riberasalud.com\/povisa\/wp-json\/wp\/v2\/posts\/17057\/revisions\/17059"}],"wp:featuredmedia":[{"embeddable":true,"href":"https:\/\/riberasalud.com\/povisa\/wp-json\/wp\/v2\/media\/17058"}],"wp:attachment":[{"href":"https:\/\/riberasalud.com\/povisa\/wp-json\/wp\/v2\/media?parent=17057"}],"wp:term":[{"taxonomy":"category","embeddable":true,"href":"https:\/\/riberasalud.com\/povisa\/wp-json\/wp\/v2\/categories?post=17057"},{"taxonomy":"post_tag","embeddable":true,"href":"https:\/\/riberasalud.com\/povisa\/wp-json\/wp\/v2\/tags?post=17057"}],"curies":[{"name":"wp","href":"https:\/\/api.w.org\/{rel}","templated":true}]}}