{"id":3867,"date":"2024-10-26T10:23:00","date_gmt":"2024-10-26T10:23:00","guid":{"rendered":"https:\/\/riberasalud.com\/polusa\/?p=3867"},"modified":"2024-10-30T10:32:10","modified_gmt":"2024-10-30T10:32:10","slug":"una-rehabilitacion-integral-garantiza-la-mejor-recuperacion-del-dano-cerebral","status":"publish","type":"post","link":"https:\/\/riberasalud.com\/polusa\/una-rehabilitacion-integral-garantiza-la-mejor-recuperacion-del-dano-cerebral\/","title":{"rendered":"Una rehabilitaci\u00f3n integral garantiza la mejor recuperaci\u00f3n del da\u00f1o cerebral"},"content":{"rendered":"\n<p>Casi medio mill\u00f3n de personas conviven en Espa\u00f1a con las secuelas del da\u00f1o cerebral adquirido. En realidad, son muchas m\u00e1s, porque esta realidad no solo involucra a los pacientes afectados, sino a todo su entorno, como explican desde la Unidad de Da\u00f1o Cerebral de Ribera Polusa.<\/p>\n\n\n\n<h2 class=\"wp-block-heading\"><strong>Hay distintas causas que provocan el da\u00f1o cerebral adquirido, \u00bfcu\u00e1les son las m\u00e1s prevalentes?<\/strong><\/h2>\n\n\n\n<p>La principal causa de<a target=\"_blank\" href=\"https:\/\/riberasalud.com\/polusa\/\" rel=\"noreferrer noopener\">\u00a0da\u00f1o cerebral adquirido<\/a>\u00a0(DCA) es el accidente cerebrovascular (ACV), seguido de los traumatismos craneoencef\u00e1licos. Tambi\u00e9n existen otras causas menos frecuentes, como los tumores, anoxias o infecciones. La incidencia var\u00eda a lo largo del ciclo vital de la persona; y si a partir de los 65 a\u00f1os es m\u00e1s frecuente que el origen de la lesi\u00f3n sea un ACV, en pacientes j\u00f3venes cobran mayor relevancia los traumatismos craneoencef\u00e1licos.<\/p>\n\n\n\n<h2 class=\"wp-block-heading\"><strong>Las consecuencias del DCA pueden afectar a aspectos como caminar o extender un brazo, pero adem\u00e1s de esas implicaciones f\u00edsicas hay otras secuelas menos evidentes, pero muy importantes.<\/strong><\/h2>\n\n\n\n<p>Las consecuencias del da\u00f1o cerebral son m\u00faltiples y afectan a todas las esferas vitales del paciente. Adem\u00e1s de las secuelas f\u00edsicas, es frecuente que se produzcan alteraciones en el lenguaje, disfagia, problemas para memorizar informaci\u00f3n nueva, dificultades atencionales, desorientaci\u00f3n, dificultades para realizar razonamientos complejos o para elaborar planes. Por otra parte, puede haber alteraciones en el comportamiento. Todas ellas provocan un cambio brusco en la funcionalidad e independencia del paciente y, por tanto, en los roles vitales que desempe\u00f1a. Por eso es frecuente que haya alteraciones emocionales asociadas.<\/p>\n\n\n\n<blockquote class=\"wp-block-quote is-layout-flow wp-block-quote-is-layout-flow\"><p><strong><em>El tratamiento de rehabilitaci\u00f3n debe implicar a neurolog\u00eda, medicina interna, medicina f\u00edsica y de la rehabilitaci\u00f3n, enfermer\u00eda, fisioterapia, logopedia, neuropsicolog\u00eda y terapia ocupacional<\/em><\/strong><\/p><\/blockquote>\n\n\n\n<h2 class=\"wp-block-heading\"><strong>Hay que seguir trabajando la concienciaci\u00f3n colectiva sobre las barreras a las que se enfrentan estas personas.<\/strong><\/h2>\n\n\n\n<p>Sensibilizar a la poblaci\u00f3n y facilitar informaci\u00f3n sobre el da\u00f1o cerebral adquirido y sus secuelas aumentar\u00e1 la toma de conciencia acerca de las dificultades diarias a las que se enfrentan. Adem\u00e1s, esto permitir\u00e1 su inclusi\u00f3n en todos los \u00e1mbitos, eliminando prejuicios, y una adaptaci\u00f3n de los entornos, haci\u00e9ndolos m\u00e1s accesibles f\u00edsica y cognitivamente. Debemos hacer un ejercicio de escucha activa con las personas con da\u00f1o cerebral adquirido. Atender y entender sus necesidades y escuchar sus experiencias nos ayudar\u00e1n a eliminar esas barreras.<\/p>\n\n\n\n<h2 class=\"wp-block-heading\"><strong>Para reducir el impacto de las secuelas es crucial hacer una buena rehabilitaci\u00f3n, \u00bfcu\u00e1ndo debe iniciarse?<\/strong><\/h2>\n\n\n\n<p>En cuanto el paciente se encuentre estable a nivel cl\u00ednico, el proceso de rehabilitaci\u00f3n se iniciar\u00e1 lo antes posible. Adem\u00e1s, es conveniente que el tratamiento sea integral, intensivo, multidisciplinar (neurolog\u00eda, medicina interna, medicina f\u00edsica y de la rehabilitaci\u00f3n, enfermer\u00eda, fisioterapia, logopedia, neuropsicolog\u00eda y terapia ocupacional) y que se adapte a las dificultades del paciente, pero tambi\u00e9n a sus fortalezas y preferencias.<\/p>\n\n\n\n<h2 class=\"wp-block-heading\"><strong>De forma gen\u00e9rica, \u00bfcu\u00e1les son las distintas etapas de un proceso de rehabilitaci\u00f3n?<\/strong><\/h2>\n\n\n\n<p>El primer paso es realizar una valoraci\u00f3n lo m\u00e1s completa posible del paciente. Esta valoraci\u00f3n debe incluir aspectos f\u00edsicos, cognitivos, emocionales y comportamentales. Se trata de determinar su nivel de funcionalidad. En ese momento tambi\u00e9n se debe valorar el contexto social y familiar, con el fin de concretar sus necesidades. Tras la valoraci\u00f3n se establecer\u00e1n los objetivos de trabajo para iniciar la intervenci\u00f3n. Durante todo el proceso ser\u00e1 necesario ir reevaluando los objetivos y su cumplimiento, y establecer objetivos nuevos. Cuando se hayan logrado o se aprecie un estancamiento definitivo en la recuperaci\u00f3n, ser\u00e1 el momento de finalizar la intervenci\u00f3n.<\/p>\n\n\n\n<h2 class=\"wp-block-heading\"><strong>El trabajo psicol\u00f3gico con el paciente, para que acepte su nueva realidad, es una parte importante de ese proceso.<\/strong><\/h2>\n\n\n\n<p>Durante el proceso de rehabilitaci\u00f3n se deben atender todas las necesidades del paciente, incluidas las emocionales. Tras sufrir un da\u00f1o cerebral se inicia un proceso de adaptaci\u00f3n, tanto en el paciente como en su entorno. Es importante facilitar la expresi\u00f3n emocional y trabajar en el afrontamiento de la situaci\u00f3n. Es frecuente que se den reacciones de duelo, estados de shock o de negaci\u00f3n. Tener en cuenta y atender todos estos aspectos repercute positivamente en el estado de \u00e1nimo del paciente y en su recuperaci\u00f3n.\u00a0<\/p>\n\n\n\n<h2 class=\"wp-block-heading\"><strong>Tambi\u00e9n es vital ofrecer formaci\u00f3n al entorno del paciente para saber c\u00f3mo actuar en la nueva situaci\u00f3n.<\/strong><\/h2>\n\n\n\n<p>El entorno, formado por la familia, los amigos y cuidadores, es de vital importancia en todo el proceso. Todos sirven de ayuda durante el tratamiento, acompa\u00f1ando y motivando al paciente. Ya sea durante la rehabilitaci\u00f3n o al final de esta, es frecuente que surjan dudas en la familia o cuidadores o que sea necesario facilitar pautas de cuidado y manejo del paciente. Por ello, el entorno debe recibir informaci\u00f3n y formaci\u00f3n a lo largo de toda la intervenci\u00f3n.<\/p>\n","protected":false},"excerpt":{"rendered":"<p>Casi medio mill\u00f3n de personas conviven en Espa\u00f1a con las secuelas del da\u00f1o cerebral adquirido. En realidad, son muchas m\u00e1s, porque esta realidad no solo involucra a los pacientes afectados, sino a todo su entorno, como explican desde la Unidad de Da\u00f1o Cerebral de Ribera Polusa. Hay distintas causas que provocan el da\u00f1o cerebral adquirido, &#8230; <a title=\"Una rehabilitaci\u00f3n integral garantiza la mejor recuperaci\u00f3n del da\u00f1o cerebral\" class=\"read-more\" href=\"https:\/\/riberasalud.com\/polusa\/una-rehabilitacion-integral-garantiza-la-mejor-recuperacion-del-dano-cerebral\/\" aria-label=\"Leer m\u00e1s sobre Una rehabilitaci\u00f3n integral garantiza la mejor recuperaci\u00f3n del da\u00f1o cerebral\">Leer m\u00e1s<\/a><\/p>\n","protected":false},"author":2,"featured_media":3868,"comment_status":"closed","ping_status":"open","sticky":false,"template":"","format":"standard","meta":{"_coblocks_attr":"","_coblocks_dimensions":"","_coblocks_responsive_height":"","_coblocks_accordion_ie_support":"","_uag_custom_page_level_css":"","footnotes":""},"categories":[101,272,206],"tags":[277,50,276,189,278],"class_list":["post-3867","post","type-post","status-publish","format-standard","has-post-thumbnail","hentry","category-dano-cerebral","category-neurologia","category-polusa-en-medios","tag-accidente-cerebrovascular","tag-dano-cerebral","tag-recuperacion","tag-rehabilitacion","tag-secuelas"],"featured_image_urls_v2":{"full":["https:\/\/riberasalud.com\/polusa\/wp-content\/uploads\/2024\/10\/2024102515205486818-1.jpg",800,533,false],"thumbnail":["https:\/\/riberasalud.com\/polusa\/wp-content\/uploads\/2024\/10\/2024102515205486818-1-150x150.jpg",150,150,true],"medium":["https:\/\/riberasalud.com\/polusa\/wp-content\/uploads\/2024\/10\/2024102515205486818-1-300x200.jpg",300,200,true],"medium_large":["https:\/\/riberasalud.com\/polusa\/wp-content\/uploads\/2024\/10\/2024102515205486818-1-768x512.jpg",768,512,true],"large":["https:\/\/riberasalud.com\/polusa\/wp-content\/uploads\/2024\/10\/2024102515205486818-1.jpg",800,533,false],"xl":["https:\/\/riberasalud.com\/polusa\/wp-content\/uploads\/2024\/10\/2024102515205486818-1.jpg",800,533,false],"xxl":["https:\/\/riberasalud.com\/polusa\/wp-content\/uploads\/2024\/10\/2024102515205486818-1.jpg",800,533,false],"xxxl":["https:\/\/riberasalud.com\/polusa\/wp-content\/uploads\/2024\/10\/2024102515205486818-1.jpg",800,533,false],"xxxxl":["https:\/\/riberasalud.com\/polusa\/wp-content\/uploads\/2024\/10\/2024102515205486818-1.jpg",800,533,false],"xxxxxl":["https:\/\/riberasalud.com\/polusa\/wp-content\/uploads\/2024\/10\/2024102515205486818-1.jpg",800,533,false],"1536x1536":["https:\/\/riberasalud.com\/polusa\/wp-content\/uploads\/2024\/10\/2024102515205486818-1.jpg",800,533,false],"2048x2048":["https:\/\/riberasalud.com\/polusa\/wp-content\/uploads\/2024\/10\/2024102515205486818-1.jpg",800,533,false]},"post_excerpt_stackable_v2":"<p>Casi medio mill\u00f3n de personas conviven en Espa\u00f1a con las secuelas del da\u00f1o cerebral adquirido. En realidad, son muchas m\u00e1s, porque esta realidad no solo involucra a los pacientes afectados, sino a todo su entorno, como explican desde la Unidad de Da\u00f1o Cerebral de Ribera Polusa. Hay distintas causas que provocan el da\u00f1o cerebral adquirido, \u00bfcu\u00e1les son las m\u00e1s prevalentes? La principal causa de\u00a0da\u00f1o cerebral adquirido\u00a0(DCA) es el accidente cerebrovascular (ACV), seguido de los traumatismos craneoencef\u00e1licos. Tambi\u00e9n existen otras causas menos frecuentes, como los tumores, anoxias o infecciones. La incidencia var\u00eda a lo largo del ciclo vital de la persona;&hellip;<\/p>\n","category_list_v2":"<a href=\"https:\/\/riberasalud.com\/polusa\/category\/dano-cerebral\/\" rel=\"category tag\">Da\u00f1o Cerebral<\/a>, <a href=\"https:\/\/riberasalud.com\/polusa\/category\/neurologia\/\" rel=\"category tag\">Neurolog\u00eda<\/a>, <a href=\"https:\/\/riberasalud.com\/polusa\/category\/polusa-en-medios\/\" rel=\"category tag\">Polusa en medios<\/a>","author_info_v2":{"name":"marsanchez","url":"https:\/\/riberasalud.com\/polusa\/author\/marsanchez\/"},"comments_num_v2":"0 comentarios","yoast_head":"<!-- This site is optimized with the Yoast SEO plugin v26.6 - https:\/\/yoast.com\/wordpress\/plugins\/seo\/ -->\n<title>\u25b7 Una rehabilitaci\u00f3n integral garantiza la mejor recuperaci\u00f3n del da\u00f1o cerebral | Hospital Ribera Polusa<\/title>\n<meta name=\"description\" content=\"lll\u1405 Casi medio mill\u00f3n de personas conviven en Espa\u00f1a con las secuelas del da\u00f1o cerebral adquirido. En realidad, son muchas m\u00e1s. \u2705\" \/>\n<meta name=\"robots\" content=\"index, follow, max-snippet:-1, max-image-preview:large, max-video-preview:-1\" \/>\n<link rel=\"canonical\" href=\"https:\/\/riberasalud.com\/polusa\/una-rehabilitacion-integral-garantiza-la-mejor-recuperacion-del-dano-cerebral\/\" \/>\n<meta property=\"og:locale\" content=\"es_ES\" \/>\n<meta property=\"og:type\" content=\"article\" \/>\n<meta property=\"og:title\" content=\"\u25b7 Una rehabilitaci\u00f3n integral garantiza la mejor recuperaci\u00f3n del da\u00f1o cerebral | Hospital Ribera Polusa\" \/>\n<meta property=\"og:description\" content=\"lll\u1405 Casi medio mill\u00f3n de personas conviven en Espa\u00f1a con las secuelas del da\u00f1o cerebral adquirido. En realidad, son muchas m\u00e1s. \u2705\" \/>\n<meta property=\"og:url\" content=\"https:\/\/riberasalud.com\/polusa\/una-rehabilitacion-integral-garantiza-la-mejor-recuperacion-del-dano-cerebral\/\" \/>\n<meta property=\"og:site_name\" content=\"Hospital Ribera Polusa\" \/>\n<meta property=\"article:published_time\" content=\"2024-10-26T10:23:00+00:00\" \/>\n<meta property=\"article:modified_time\" content=\"2024-10-30T10:32:10+00:00\" \/>\n<meta property=\"og:image\" content=\"https:\/\/riberasalud.com\/polusa\/wp-content\/uploads\/2024\/10\/2024102515205486818-1.jpg\" \/>\n\t<meta property=\"og:image:width\" content=\"800\" \/>\n\t<meta property=\"og:image:height\" content=\"533\" \/>\n\t<meta property=\"og:image:type\" content=\"image\/jpeg\" \/>\n<meta name=\"author\" content=\"marsanchez\" \/>\n<meta name=\"twitter:card\" content=\"summary_large_image\" \/>\n<meta name=\"twitter:label1\" content=\"Escrito por\" \/>\n\t<meta name=\"twitter:data1\" content=\"marsanchez\" \/>\n\t<meta name=\"twitter:label2\" content=\"Tiempo de lectura\" \/>\n\t<meta name=\"twitter:data2\" content=\"4 minutos\" \/>\n<script type=\"application\/ld+json\" class=\"yoast-schema-graph\">{\"@context\":\"https:\/\/schema.org\",\"@graph\":[{\"@type\":\"Article\",\"@id\":\"https:\/\/riberasalud.com\/polusa\/una-rehabilitacion-integral-garantiza-la-mejor-recuperacion-del-dano-cerebral\/#article\",\"isPartOf\":{\"@id\":\"https:\/\/riberasalud.com\/polusa\/una-rehabilitacion-integral-garantiza-la-mejor-recuperacion-del-dano-cerebral\/\"},\"author\":{\"name\":\"marsanchez\",\"@id\":\"https:\/\/riberasalud.com\/polusa\/#\/schema\/person\/a38f9b613e19bf74612664e9f501139b\"},\"headline\":\"Una rehabilitaci\u00f3n integral garantiza la mejor recuperaci\u00f3n del da\u00f1o cerebral\",\"datePublished\":\"2024-10-26T10:23:00+00:00\",\"dateModified\":\"2024-10-30T10:32:10+00:00\",\"mainEntityOfPage\":{\"@id\":\"https:\/\/riberasalud.com\/polusa\/una-rehabilitacion-integral-garantiza-la-mejor-recuperacion-del-dano-cerebral\/\"},\"wordCount\":854,\"publisher\":{\"@id\":\"https:\/\/riberasalud.com\/polusa\/#organization\"},\"image\":{\"@id\":\"https:\/\/riberasalud.com\/polusa\/una-rehabilitacion-integral-garantiza-la-mejor-recuperacion-del-dano-cerebral\/#primaryimage\"},\"thumbnailUrl\":\"https:\/\/riberasalud.com\/polusa\/wp-content\/uploads\/2024\/10\/2024102515205486818-1.jpg\",\"keywords\":[\"accidente cerebrovascular\",\"da\u00f1o cerebral\",\"recuperaci\u00f3n\",\"rehabilitaci\u00f3n\",\"secuelas\"],\"articleSection\":[\"Da\u00f1o Cerebral\",\"Neurolog\u00eda\",\"Polusa en medios\"],\"inLanguage\":\"es\"},{\"@type\":\"WebPage\",\"@id\":\"https:\/\/riberasalud.com\/polusa\/una-rehabilitacion-integral-garantiza-la-mejor-recuperacion-del-dano-cerebral\/\",\"url\":\"https:\/\/riberasalud.com\/polusa\/una-rehabilitacion-integral-garantiza-la-mejor-recuperacion-del-dano-cerebral\/\",\"name\":\"\u25b7 Una rehabilitaci\u00f3n integral garantiza la mejor recuperaci\u00f3n del da\u00f1o cerebral | Hospital Ribera Polusa\",\"isPartOf\":{\"@id\":\"https:\/\/riberasalud.com\/polusa\/#website\"},\"primaryImageOfPage\":{\"@id\":\"https:\/\/riberasalud.com\/polusa\/una-rehabilitacion-integral-garantiza-la-mejor-recuperacion-del-dano-cerebral\/#primaryimage\"},\"image\":{\"@id\":\"https:\/\/riberasalud.com\/polusa\/una-rehabilitacion-integral-garantiza-la-mejor-recuperacion-del-dano-cerebral\/#primaryimage\"},\"thumbnailUrl\":\"https:\/\/riberasalud.com\/polusa\/wp-content\/uploads\/2024\/10\/2024102515205486818-1.jpg\",\"datePublished\":\"2024-10-26T10:23:00+00:00\",\"dateModified\":\"2024-10-30T10:32:10+00:00\",\"description\":\"lll\u1405 Casi medio mill\u00f3n de personas conviven en Espa\u00f1a con las secuelas del da\u00f1o cerebral adquirido. En realidad, son muchas m\u00e1s. \u2705\",\"breadcrumb\":{\"@id\":\"https:\/\/riberasalud.com\/polusa\/una-rehabilitacion-integral-garantiza-la-mejor-recuperacion-del-dano-cerebral\/#breadcrumb\"},\"inLanguage\":\"es\",\"potentialAction\":[{\"@type\":\"ReadAction\",\"target\":[\"https:\/\/riberasalud.com\/polusa\/una-rehabilitacion-integral-garantiza-la-mejor-recuperacion-del-dano-cerebral\/\"]}]},{\"@type\":\"ImageObject\",\"inLanguage\":\"es\",\"@id\":\"https:\/\/riberasalud.com\/polusa\/una-rehabilitacion-integral-garantiza-la-mejor-recuperacion-del-dano-cerebral\/#primaryimage\",\"url\":\"https:\/\/riberasalud.com\/polusa\/wp-content\/uploads\/2024\/10\/2024102515205486818-1.jpg\",\"contentUrl\":\"https:\/\/riberasalud.com\/polusa\/wp-content\/uploads\/2024\/10\/2024102515205486818-1.jpg\",\"width\":800,\"height\":533,\"caption\":\"Da\u00f1o cerebral\"},{\"@type\":\"BreadcrumbList\",\"@id\":\"https:\/\/riberasalud.com\/polusa\/una-rehabilitacion-integral-garantiza-la-mejor-recuperacion-del-dano-cerebral\/#breadcrumb\",\"itemListElement\":[{\"@type\":\"ListItem\",\"position\":1,\"name\":\"Portada\",\"item\":\"https:\/\/riberasalud.com\/polusa\/\"},{\"@type\":\"ListItem\",\"position\":2,\"name\":\"Una rehabilitaci\u00f3n integral garantiza la mejor recuperaci\u00f3n del da\u00f1o cerebral\"}]},{\"@type\":\"WebSite\",\"@id\":\"https:\/\/riberasalud.com\/polusa\/#website\",\"url\":\"https:\/\/riberasalud.com\/polusa\/\",\"name\":\"Hospital Ribera Polusa\",\"description\":\"\",\"publisher\":{\"@id\":\"https:\/\/riberasalud.com\/polusa\/#organization\"},\"potentialAction\":[{\"@type\":\"SearchAction\",\"target\":{\"@type\":\"EntryPoint\",\"urlTemplate\":\"https:\/\/riberasalud.com\/polusa\/?s={search_term_string}\"},\"query-input\":{\"@type\":\"PropertyValueSpecification\",\"valueRequired\":true,\"valueName\":\"search_term_string\"}}],\"inLanguage\":\"es\"},{\"@type\":\"Organization\",\"@id\":\"https:\/\/riberasalud.com\/polusa\/#organization\",\"name\":\"Hospital Ribera Polusa\",\"url\":\"https:\/\/riberasalud.com\/polusa\/\",\"logo\":{\"@type\":\"ImageObject\",\"inLanguage\":\"es\",\"@id\":\"https:\/\/riberasalud.com\/polusa\/#\/schema\/logo\/image\/\",\"url\":\"https:\/\/riberasalud.com\/polusa\/wp-content\/uploads\/2025\/12\/cropped-cropped-Logo-Red-Polusa-300x76-1.png\",\"contentUrl\":\"https:\/\/riberasalud.com\/polusa\/wp-content\/uploads\/2025\/12\/cropped-cropped-Logo-Red-Polusa-300x76-1.png\",\"width\":300,\"height\":76,\"caption\":\"Hospital Ribera Polusa\"},\"image\":{\"@id\":\"https:\/\/riberasalud.com\/polusa\/#\/schema\/logo\/image\/\"}},{\"@type\":\"Person\",\"@id\":\"https:\/\/riberasalud.com\/polusa\/#\/schema\/person\/a38f9b613e19bf74612664e9f501139b\",\"name\":\"marsanchez\",\"image\":{\"@type\":\"ImageObject\",\"inLanguage\":\"es\",\"@id\":\"https:\/\/riberasalud.com\/polusa\/#\/schema\/person\/image\/\",\"url\":\"https:\/\/secure.gravatar.com\/avatar\/9db1181c394bec9505d449c90a21b5363cc35ad9a76f60f11a304b23bb0e8dd4?s=96&d=mm&r=g\",\"contentUrl\":\"https:\/\/secure.gravatar.com\/avatar\/9db1181c394bec9505d449c90a21b5363cc35ad9a76f60f11a304b23bb0e8dd4?s=96&d=mm&r=g\",\"caption\":\"marsanchez\"},\"url\":\"https:\/\/riberasalud.com\/polusa\/author\/marsanchez\/\"}]}<\/script>\n<!-- \/ Yoast SEO plugin. -->","yoast_head_json":{"title":"\u25b7 Una rehabilitaci\u00f3n integral garantiza la mejor recuperaci\u00f3n del da\u00f1o cerebral | Hospital Ribera Polusa","description":"lll\u1405 Casi medio mill\u00f3n de personas conviven en Espa\u00f1a con las secuelas del da\u00f1o cerebral adquirido. En realidad, son muchas m\u00e1s. \u2705","robots":{"index":"index","follow":"follow","max-snippet":"max-snippet:-1","max-image-preview":"max-image-preview:large","max-video-preview":"max-video-preview:-1"},"canonical":"https:\/\/riberasalud.com\/polusa\/una-rehabilitacion-integral-garantiza-la-mejor-recuperacion-del-dano-cerebral\/","og_locale":"es_ES","og_type":"article","og_title":"\u25b7 Una rehabilitaci\u00f3n integral garantiza la mejor recuperaci\u00f3n del da\u00f1o cerebral | Hospital Ribera Polusa","og_description":"lll\u1405 Casi medio mill\u00f3n de personas conviven en Espa\u00f1a con las secuelas del da\u00f1o cerebral adquirido. En realidad, son muchas m\u00e1s. \u2705","og_url":"https:\/\/riberasalud.com\/polusa\/una-rehabilitacion-integral-garantiza-la-mejor-recuperacion-del-dano-cerebral\/","og_site_name":"Hospital Ribera Polusa","article_published_time":"2024-10-26T10:23:00+00:00","article_modified_time":"2024-10-30T10:32:10+00:00","og_image":[{"width":800,"height":533,"url":"https:\/\/riberasalud.com\/polusa\/wp-content\/uploads\/2024\/10\/2024102515205486818-1.jpg","type":"image\/jpeg"}],"author":"marsanchez","twitter_card":"summary_large_image","twitter_misc":{"Escrito por":"marsanchez","Tiempo de lectura":"4 minutos"},"schema":{"@context":"https:\/\/schema.org","@graph":[{"@type":"Article","@id":"https:\/\/riberasalud.com\/polusa\/una-rehabilitacion-integral-garantiza-la-mejor-recuperacion-del-dano-cerebral\/#article","isPartOf":{"@id":"https:\/\/riberasalud.com\/polusa\/una-rehabilitacion-integral-garantiza-la-mejor-recuperacion-del-dano-cerebral\/"},"author":{"name":"marsanchez","@id":"https:\/\/riberasalud.com\/polusa\/#\/schema\/person\/a38f9b613e19bf74612664e9f501139b"},"headline":"Una rehabilitaci\u00f3n integral garantiza la mejor recuperaci\u00f3n del da\u00f1o cerebral","datePublished":"2024-10-26T10:23:00+00:00","dateModified":"2024-10-30T10:32:10+00:00","mainEntityOfPage":{"@id":"https:\/\/riberasalud.com\/polusa\/una-rehabilitacion-integral-garantiza-la-mejor-recuperacion-del-dano-cerebral\/"},"wordCount":854,"publisher":{"@id":"https:\/\/riberasalud.com\/polusa\/#organization"},"image":{"@id":"https:\/\/riberasalud.com\/polusa\/una-rehabilitacion-integral-garantiza-la-mejor-recuperacion-del-dano-cerebral\/#primaryimage"},"thumbnailUrl":"https:\/\/riberasalud.com\/polusa\/wp-content\/uploads\/2024\/10\/2024102515205486818-1.jpg","keywords":["accidente cerebrovascular","da\u00f1o cerebral","recuperaci\u00f3n","rehabilitaci\u00f3n","secuelas"],"articleSection":["Da\u00f1o Cerebral","Neurolog\u00eda","Polusa en medios"],"inLanguage":"es"},{"@type":"WebPage","@id":"https:\/\/riberasalud.com\/polusa\/una-rehabilitacion-integral-garantiza-la-mejor-recuperacion-del-dano-cerebral\/","url":"https:\/\/riberasalud.com\/polusa\/una-rehabilitacion-integral-garantiza-la-mejor-recuperacion-del-dano-cerebral\/","name":"\u25b7 Una rehabilitaci\u00f3n integral garantiza la mejor recuperaci\u00f3n del da\u00f1o cerebral | Hospital Ribera Polusa","isPartOf":{"@id":"https:\/\/riberasalud.com\/polusa\/#website"},"primaryImageOfPage":{"@id":"https:\/\/riberasalud.com\/polusa\/una-rehabilitacion-integral-garantiza-la-mejor-recuperacion-del-dano-cerebral\/#primaryimage"},"image":{"@id":"https:\/\/riberasalud.com\/polusa\/una-rehabilitacion-integral-garantiza-la-mejor-recuperacion-del-dano-cerebral\/#primaryimage"},"thumbnailUrl":"https:\/\/riberasalud.com\/polusa\/wp-content\/uploads\/2024\/10\/2024102515205486818-1.jpg","datePublished":"2024-10-26T10:23:00+00:00","dateModified":"2024-10-30T10:32:10+00:00","description":"lll\u1405 Casi medio mill\u00f3n de personas conviven en Espa\u00f1a con las secuelas del da\u00f1o cerebral adquirido. En realidad, son muchas m\u00e1s. \u2705","breadcrumb":{"@id":"https:\/\/riberasalud.com\/polusa\/una-rehabilitacion-integral-garantiza-la-mejor-recuperacion-del-dano-cerebral\/#breadcrumb"},"inLanguage":"es","potentialAction":[{"@type":"ReadAction","target":["https:\/\/riberasalud.com\/polusa\/una-rehabilitacion-integral-garantiza-la-mejor-recuperacion-del-dano-cerebral\/"]}]},{"@type":"ImageObject","inLanguage":"es","@id":"https:\/\/riberasalud.com\/polusa\/una-rehabilitacion-integral-garantiza-la-mejor-recuperacion-del-dano-cerebral\/#primaryimage","url":"https:\/\/riberasalud.com\/polusa\/wp-content\/uploads\/2024\/10\/2024102515205486818-1.jpg","contentUrl":"https:\/\/riberasalud.com\/polusa\/wp-content\/uploads\/2024\/10\/2024102515205486818-1.jpg","width":800,"height":533,"caption":"Da\u00f1o cerebral"},{"@type":"BreadcrumbList","@id":"https:\/\/riberasalud.com\/polusa\/una-rehabilitacion-integral-garantiza-la-mejor-recuperacion-del-dano-cerebral\/#breadcrumb","itemListElement":[{"@type":"ListItem","position":1,"name":"Portada","item":"https:\/\/riberasalud.com\/polusa\/"},{"@type":"ListItem","position":2,"name":"Una rehabilitaci\u00f3n integral garantiza la mejor recuperaci\u00f3n del da\u00f1o cerebral"}]},{"@type":"WebSite","@id":"https:\/\/riberasalud.com\/polusa\/#website","url":"https:\/\/riberasalud.com\/polusa\/","name":"Hospital Ribera Polusa","description":"","publisher":{"@id":"https:\/\/riberasalud.com\/polusa\/#organization"},"potentialAction":[{"@type":"SearchAction","target":{"@type":"EntryPoint","urlTemplate":"https:\/\/riberasalud.com\/polusa\/?s={search_term_string}"},"query-input":{"@type":"PropertyValueSpecification","valueRequired":true,"valueName":"search_term_string"}}],"inLanguage":"es"},{"@type":"Organization","@id":"https:\/\/riberasalud.com\/polusa\/#organization","name":"Hospital Ribera Polusa","url":"https:\/\/riberasalud.com\/polusa\/","logo":{"@type":"ImageObject","inLanguage":"es","@id":"https:\/\/riberasalud.com\/polusa\/#\/schema\/logo\/image\/","url":"https:\/\/riberasalud.com\/polusa\/wp-content\/uploads\/2025\/12\/cropped-cropped-Logo-Red-Polusa-300x76-1.png","contentUrl":"https:\/\/riberasalud.com\/polusa\/wp-content\/uploads\/2025\/12\/cropped-cropped-Logo-Red-Polusa-300x76-1.png","width":300,"height":76,"caption":"Hospital Ribera Polusa"},"image":{"@id":"https:\/\/riberasalud.com\/polusa\/#\/schema\/logo\/image\/"}},{"@type":"Person","@id":"https:\/\/riberasalud.com\/polusa\/#\/schema\/person\/a38f9b613e19bf74612664e9f501139b","name":"marsanchez","image":{"@type":"ImageObject","inLanguage":"es","@id":"https:\/\/riberasalud.com\/polusa\/#\/schema\/person\/image\/","url":"https:\/\/secure.gravatar.com\/avatar\/9db1181c394bec9505d449c90a21b5363cc35ad9a76f60f11a304b23bb0e8dd4?s=96&d=mm&r=g","contentUrl":"https:\/\/secure.gravatar.com\/avatar\/9db1181c394bec9505d449c90a21b5363cc35ad9a76f60f11a304b23bb0e8dd4?s=96&d=mm&r=g","caption":"marsanchez"},"url":"https:\/\/riberasalud.com\/polusa\/author\/marsanchez\/"}]}},"pbg_featured_image_src":{"full":["https:\/\/riberasalud.com\/polusa\/wp-content\/uploads\/2024\/10\/2024102515205486818-1.jpg",800,533,false],"thumbnail":["https:\/\/riberasalud.com\/polusa\/wp-content\/uploads\/2024\/10\/2024102515205486818-1-150x150.jpg",150,150,true],"medium":["https:\/\/riberasalud.com\/polusa\/wp-content\/uploads\/2024\/10\/2024102515205486818-1-300x200.jpg",300,200,true],"medium_large":["https:\/\/riberasalud.com\/polusa\/wp-content\/uploads\/2024\/10\/2024102515205486818-1-768x512.jpg",768,512,true],"large":["https:\/\/riberasalud.com\/polusa\/wp-content\/uploads\/2024\/10\/2024102515205486818-1.jpg",800,533,false],"xl":["https:\/\/riberasalud.com\/polusa\/wp-content\/uploads\/2024\/10\/2024102515205486818-1.jpg",800,533,false],"xxl":["https:\/\/riberasalud.com\/polusa\/wp-content\/uploads\/2024\/10\/2024102515205486818-1.jpg",800,533,false],"xxxl":["https:\/\/riberasalud.com\/polusa\/wp-content\/uploads\/2024\/10\/2024102515205486818-1.jpg",800,533,false],"xxxxl":["https:\/\/riberasalud.com\/polusa\/wp-content\/uploads\/2024\/10\/2024102515205486818-1.jpg",800,533,false],"xxxxxl":["https:\/\/riberasalud.com\/polusa\/wp-content\/uploads\/2024\/10\/2024102515205486818-1.jpg",800,533,false],"1536x1536":["https:\/\/riberasalud.com\/polusa\/wp-content\/uploads\/2024\/10\/2024102515205486818-1.jpg",800,533,false],"2048x2048":["https:\/\/riberasalud.com\/polusa\/wp-content\/uploads\/2024\/10\/2024102515205486818-1.jpg",800,533,false]},"pbg_author_info":{"display_name":"marsanchez","author_link":"https:\/\/riberasalud.com\/polusa\/author\/marsanchez\/","author_img":"<img alt='marsanchez' src='https:\/\/secure.gravatar.com\/avatar\/9db1181c394bec9505d449c90a21b5363cc35ad9a76f60f11a304b23bb0e8dd4?s=128&#038;d=mm&#038;r=g' srcset='https:\/\/secure.gravatar.com\/avatar\/9db1181c394bec9505d449c90a21b5363cc35ad9a76f60f11a304b23bb0e8dd4?s=256&#038;d=mm&#038;r=g 2x' class='avatar avatar-128 photo' height='128' width='128' loading='lazy' decoding='async'\/>"},"pbg_comment_info":" No Comments","pbg_excerpt":"Casi medio mill\u00f3n de personas conviven en Espa\u00f1a con las secuelas del da\u00f1o cerebral adquirido. En realidad, son muchas m\u00e1s, porque esta realidad no solo involucra a los pacientes afectados, sino a todo su entorno, como explican desde la Unidad de Da\u00f1o Cerebral de Ribera Polusa. Hay distintas causas que provocan el da\u00f1o cerebral adquirido,&hellip;","uagb_featured_image_src":{"full":["https:\/\/riberasalud.com\/polusa\/wp-content\/uploads\/2024\/10\/2024102515205486818-1.jpg",800,533,false],"thumbnail":["https:\/\/riberasalud.com\/polusa\/wp-content\/uploads\/2024\/10\/2024102515205486818-1-150x150.jpg",150,150,true],"medium":["https:\/\/riberasalud.com\/polusa\/wp-content\/uploads\/2024\/10\/2024102515205486818-1-300x200.jpg",300,200,true],"medium_large":["https:\/\/riberasalud.com\/polusa\/wp-content\/uploads\/2024\/10\/2024102515205486818-1-768x512.jpg",768,512,true],"large":["https:\/\/riberasalud.com\/polusa\/wp-content\/uploads\/2024\/10\/2024102515205486818-1.jpg",800,533,false],"xl":["https:\/\/riberasalud.com\/polusa\/wp-content\/uploads\/2024\/10\/2024102515205486818-1.jpg",800,533,false],"xxl":["https:\/\/riberasalud.com\/polusa\/wp-content\/uploads\/2024\/10\/2024102515205486818-1.jpg",800,533,false],"xxxl":["https:\/\/riberasalud.com\/polusa\/wp-content\/uploads\/2024\/10\/2024102515205486818-1.jpg",800,533,false],"xxxxl":["https:\/\/riberasalud.com\/polusa\/wp-content\/uploads\/2024\/10\/2024102515205486818-1.jpg",800,533,false],"xxxxxl":["https:\/\/riberasalud.com\/polusa\/wp-content\/uploads\/2024\/10\/2024102515205486818-1.jpg",800,533,false],"1536x1536":["https:\/\/riberasalud.com\/polusa\/wp-content\/uploads\/2024\/10\/2024102515205486818-1.jpg",800,533,false],"2048x2048":["https:\/\/riberasalud.com\/polusa\/wp-content\/uploads\/2024\/10\/2024102515205486818-1.jpg",800,533,false]},"uagb_author_info":{"display_name":"marsanchez","author_link":"https:\/\/riberasalud.com\/polusa\/author\/marsanchez\/"},"uagb_comment_info":0,"uagb_excerpt":"Casi medio mill\u00f3n de personas conviven en Espa\u00f1a con las secuelas del da\u00f1o cerebral adquirido. En realidad, son muchas m\u00e1s, porque esta realidad no solo involucra a los pacientes afectados, sino a todo su entorno, como explican desde la Unidad de Da\u00f1o Cerebral de Ribera Polusa. Hay distintas causas que provocan el da\u00f1o cerebral adquirido,&hellip;","_links":{"self":[{"href":"https:\/\/riberasalud.com\/polusa\/wp-json\/wp\/v2\/posts\/3867","targetHints":{"allow":["GET"]}}],"collection":[{"href":"https:\/\/riberasalud.com\/polusa\/wp-json\/wp\/v2\/posts"}],"about":[{"href":"https:\/\/riberasalud.com\/polusa\/wp-json\/wp\/v2\/types\/post"}],"author":[{"embeddable":true,"href":"https:\/\/riberasalud.com\/polusa\/wp-json\/wp\/v2\/users\/2"}],"replies":[{"embeddable":true,"href":"https:\/\/riberasalud.com\/polusa\/wp-json\/wp\/v2\/comments?post=3867"}],"version-history":[{"count":1,"href":"https:\/\/riberasalud.com\/polusa\/wp-json\/wp\/v2\/posts\/3867\/revisions"}],"predecessor-version":[{"id":3869,"href":"https:\/\/riberasalud.com\/polusa\/wp-json\/wp\/v2\/posts\/3867\/revisions\/3869"}],"wp:featuredmedia":[{"embeddable":true,"href":"https:\/\/riberasalud.com\/polusa\/wp-json\/wp\/v2\/media\/3868"}],"wp:attachment":[{"href":"https:\/\/riberasalud.com\/polusa\/wp-json\/wp\/v2\/media?parent=3867"}],"wp:term":[{"taxonomy":"category","embeddable":true,"href":"https:\/\/riberasalud.com\/polusa\/wp-json\/wp\/v2\/categories?post=3867"},{"taxonomy":"post_tag","embeddable":true,"href":"https:\/\/riberasalud.com\/polusa\/wp-json\/wp\/v2\/tags?post=3867"}],"curies":[{"name":"wp","href":"https:\/\/api.w.org\/{rel}","templated":true}]}}